{"id":265394,"date":"2023-01-10T16:23:20","date_gmt":"2023-01-10T12:23:20","guid":{"rendered":"https:\/\/www.meydan.tv\/?p=265394"},"modified":"2023-01-10T17:49:32","modified_gmt":"2023-01-10T13:49:32","slug":"qezaya-dusmus-surucu-belim-qirilib-sirket-rehberliyi-emeliyyata-komek-elemir","status":"publish","type":"post","link":"https:\/\/www.meydan.tv\/az\/article\/qezaya-dusmus-surucu-belim-qirilib-sirket-rehberliyi-emeliyyata-komek-elemir\/","title":{"rendered":"Q\u0259zaya d\u00fc\u015fm\u00fc\u015f s\u00fcr\u00fcc\u00fc: \u201cBelim q\u0131r\u0131l\u0131b, \u015firk\u0259t r\u0259hb\u0259rliyi \u0259m\u0259liyyata k\u00f6m\u0259k el\u0259mir\u201d"},"content":{"rendered":"\n<p><\/p>\n\n\n\n<p><em>\u015eirk\u0259t r\u0259hb\u0259rliyi hadis\u0259y\u0259 g\u00f6r\u0259 s\u00fcr\u00fcc\u00fcn\u00fcn m\u0259suliyy\u0259t da\u015f\u0131d\u0131\u011f\u0131n\u0131 deyir<\/em><\/p>\n\n\n\n<p>\u201cT\u00fcrkiy\u0259d\u0259n Az\u0259rbaycana &#8211; \u015firk\u0259tin r\u0259hb\u0259ri Sad\u0131q m\u00fc\u0259llim\u0259 z\u0259ng vurdum, dedim, q\u0259zaya d\u00fc\u015fm\u00fc\u015f\u00fck, belim q\u0131r\u0131l\u0131b, x\u0259st\u0259xanadayam, m\u0259n\u0259 k\u00f6m\u0259k edin, evim\u0259 qay\u0131d\u0131m. Dedi, ma\u015f\u0131n\u0131ma z\u0259r\u0259r vurmusuz, h\u0259l\u0259 k\u00f6m\u0259k d\u0259 ist\u0259yirsiz, gedin, \u00f6z\u00fcn\u00fcz \u00f6z ba\u015f\u0131n\u0131za \u00e7ar\u0259 q\u0131l\u0131n\u201d.<\/p>\n\n\n\n<p>\u015e\u0259mkir sakini Az\u0259r M\u0259mm\u0259dov Meydan TV-y\u0259 \u00f6t\u0259n ay ba\u015f\u0131na g\u0259l\u0259nl\u0259rd\u0259n dan\u0131\u015f\u0131b.<\/p>\n\n\n\n<p>Az\u0259r M\u0259mm\u0259dov deyir, 8 aya yax\u0131nd\u0131r ki, Xa\u00e7mazda yerl\u0259\u015f\u0259n \u201cU\u011furlu yol\u201d beyn\u0259lxalq y\u00fckda\u015f\u0131ma \u015firk\u0259tind\u0259 TIR s\u00fcr\u00fcc\u00fcs\u00fc i\u015fl\u0259yirmi\u015f. \u015eirk\u0259tin x\u0259ttiyl\u0259 xaricd\u0259ki \u00fcnvanlara TIR-la y\u00fck da\u015f\u0131y\u0131rm\u0131\u015f. Dekabr\u0131n 5-d\u0259 T\u00fcrkiy\u0259 \u0259razisind\u0259 q\u0259zaya d\u00fc\u015f\u00fcb:<\/p>\n\n\n\n<p>\u201c\u015eirk\u0259tin sahibi Sad\u0131q m\u00fc\u0259llim m\u0259n\u0259 z\u0259ng vurdu, dedi ki, \u00f6z ma\u015f\u0131n\u0131n\u0131 bir yerd\u0259 saxla, get, Ardahandak\u0131 s\u00fcr\u00fcc\u00fcm\u00fcz yolu tan\u0131m\u0131r, otur onun yan\u0131nda, b\u0259l\u0259d\u00e7ilik el\u0259. M\u0259n d\u0259 getdim, h\u0259min s\u00fcr\u00fcc\u00fc el\u0259 bizim rayondand\u0131r, birlikd\u0259 i\u015fl\u0259yirik. G\u00f6r\u00fc\u015f\u00fcb yola d\u00fcz\u0259ldik, 15 d\u0259qiq\u0259 yol getmi\u015fdik ki, o boyda TIR-\u0131n \u0259yl\u0259ci tutmad\u0131. S\u00fcr\u00fcc\u00fc yolda\u015f\u0131m n\u0259 q\u0259d\u0259r \u00e7al\u0131\u015fd\u0131sa, ma\u015f\u0131n\u0131 saxlamaq m\u00fcmk\u00fcn olmad\u0131, TIR s\u00fcr\u0259tl\u0259 \u00fcz\u00fca\u015fa\u011f\u0131 gedib, a\u015fd\u0131, qar\u015f\u0131 t\u0259r\u0259fi yer\u0259 girdi\u201d.<\/p>\n\n\n\n<p>S\u00fcr\u00fcc\u00fcn\u00fcn s\u00f6zl\u0259rin\u0259 g\u00f6r\u0259, onu da, s\u00fcr\u00fcc\u00fc yolda\u015f\u0131n\u0131 da x\u0259st\u0259xanaya g\u00f6t\u00fcr\u00fcbl\u0259r. O, \u015firk\u0259tin sahibiyl\u0259 d\u0259f\u0259l\u0259rl\u0259 \u0259laq\u0259 saxlay\u0131b, k\u00f6m\u0259k ist\u0259yib. \u015eirk\u0259t sahibi is\u0259 TIR z\u0259r\u0259r \u00e7\u0259kdiyi \u00fc\u00e7\u00fcn ona v\u0259 s\u00fcr\u00fcc\u00fc yolda\u015f\u0131na q\u0259z\u0259bl\u0259nib:<br>\u201cDedim, q\u0259zaya d\u00fc\u015fm\u00fc\u015f\u00fck, belim q\u0131r\u0131l\u0131b, x\u0259st\u0259xanadayam, m\u0259n\u0259 k\u00f6m\u0259k edin, evim\u0259 qay\u0131d\u0131m. Dedi, ma\u015f\u0131n\u0131ma z\u0259r\u0259r vurmusuz, h\u0259l\u0259 k\u00f6m\u0259k d\u0259 ist\u0259yirsiz, gedin, \u00f6z\u00fcn\u00fcz \u00f6z ba\u015f\u0131n\u0131za \u00e7ar\u0259 q\u0131l\u0131n\u201d.<\/p>\n\n\n\n<p>Az\u0259r M\u0259mm\u0259dovun s\u00f6zl\u0259rin\u0259 g\u00f6r\u0259, 4 g\u00fcn x\u0259st\u0259xanada qald\u0131qlar\u0131na g\u00f6r\u0259 m\u00fcalic\u0259nin davam\u0131na pullar\u0131 olmad\u0131\u011f\u0131 \u00fc\u00e7\u00fcn ikisini d\u0259 x\u0259st\u0259xanadan \u00e7\u0131xar\u0131blar:<\/p>\n\n\n\n<p>\u201cBelimizd\u0259 a\u011f\u0131r x\u0259sar\u0259tl\u0259r, cibimizd\u0259 bir q\u0259piyimiz yox, qalm\u0131\u015fd\u0131q ortal\u0131qda. Ora z\u0259ng, bura z\u0259ng&#8230; Ondan borc ist\u0259, bundan borc ist\u0259&#8230; Allah yax\u015f\u0131 insanlar\u0131n can\u0131n\u0131 sa\u011f el\u0259sin, maddi k\u00f6m\u0259klik ed\u0259n oldu, bizi bir taksiy\u0259 uzatd\u0131lar, s\u00fcr\u00fcc\u00fc yolda\u015f\u0131m\u0131 qabaq oturaca\u011fa, m\u0259ni arxa oturaca\u011fa&#8230; G\u0259tirdil\u0259r T\u00fcrkiy\u0259yl\u0259 Nax\u00e7\u0131van s\u0259rh\u0259din\u0259. Sa\u011f olsun T\u00fcrkiy\u0259nin d\u0259, Nax\u00e7\u0131van\u0131n da g\u00f6mr\u00fck\u00e7\u00fcl\u0259ri. Onlar bu t\u0259r\u0259f\u0259 t\u0259hvil verdil\u0259r, bu t\u0259r\u0259fd\u0259ki g\u00f6mr\u00fck\u00e7\u00fcl\u0259r d\u0259 k\u00f6m\u0259k etdil\u0259r, bizi ba\u015fqa ma\u015f\u0131nla aeroporta g\u00f6nd\u0259rdil\u0259r. Aeroportda da onun-bunun k\u00f6m\u0259kliyi il\u0259 t\u0259yyar\u0259y\u0259 mindik, g\u0259ldik Bak\u0131ya, burdan qar\u015f\u0131lay\u0131b apard\u0131lar \u015e\u0259mkir\u0259&#8230; Ancaq \u015firk\u0259tin r\u0259hb\u0259rinin bunlar\u0131n he\u00e7 birind\u0259n x\u0259b\u0259ri olmad\u0131, he\u00e7 z\u0259ngl\u0259rimiz\u0259 d\u0259 cavab verm\u0259di\u201d.<\/p>\n\n\n<div class=\"wp-block-image\">\n<figure class=\"aligncenter size-large\"><img decoding=\"async\" width=\"1200\" height=\"675\" data-src=\"https:\/\/www.meydan.tv\/wp-content\/uploads\/photo-2023-01-10-15-56-01-1200x675.jpg\" alt=\"\" class=\"wp-image-265406 lazyload\" src=\"data:image\/svg+xml;base64,PHN2ZyB3aWR0aD0iMSIgaGVpZ2h0PSIxIiB4bWxucz0iaHR0cDovL3d3dy53My5vcmcvMjAwMC9zdmciPjwvc3ZnPg==\" style=\"--smush-placeholder-width: 1200px; --smush-placeholder-aspect-ratio: 1200\/675;\" \/><figcaption class=\"wp-element-caption\">Az\u0259r M\u0259mm\u0259dov. <\/figcaption><\/figure>\n<\/div>\n\n\n<p>Az\u0259r M\u0259mm\u0259dov iddia edir ki, \u201cU\u011furlu yol\u201d beyn\u0259lxalq y\u00fckda\u015f\u0131ma \u015firk\u0259tinin TIR-lar\u0131 yaln\u0131z s\u0259n\u0259d \u00fcz\u0259rind\u0259 texniki bax\u0131\u015fdan \u201cke\u00e7ir\u201d, reall\u0131qda is\u0259 ma\u015f\u0131nlara bax\u0131\u015f ke\u00e7irilmir:<\/p>\n\n\n\n<p>\u201cBeyn\u0259lxalq da\u015f\u0131ma h\u0259yata ke\u00e7ir\u0259n, \u00f6lk\u0259l\u0259r aras\u0131nda tonlarla y\u00fck apar\u0131b-g\u0259tir\u0259n TIR-lar texniki bax\u0131\u015fdan \u015firk\u0259t r\u0259hb\u0259rinin bir z\u0259ngiyl\u0259 ke\u00e7ir. Reall\u0131qda ma\u015f\u0131nlara he\u00e7 bir texniki bax\u0131\u015f ke\u00e7irilmir. Bununla ba\u011fl\u0131 s\u00fcr\u00fcc\u00fcl\u0259r d\u0259f\u0259l\u0259rl\u0259 Sad\u0131q m\u00fc\u0259llim\u0259 narahatl\u0131qlar\u0131n\u0131 bildirs\u0259l\u0259r d\u0259, h\u0259r d\u0259f\u0259 deyirdi ki, ma\u015f\u0131n m\u0259nimdir, \u00f6z\u00fcm bil\u0259r\u0259m. Xo\u015funuz g\u0259lmir, a\u00e7arlar\u0131 verin, \u00e7\u0131x\u0131n, gedin. Biz d\u0259 h\u0259r\u0259miz bir \u00e7\u0259t\u0259n ail\u0259 sahibiyik, \u00e7\u00f6r\u0259k pulumuzu itirm\u0259m\u0259k \u00fc\u00e7\u00fcn m\u0259cbur olub el\u0259 o s\u0131n\u0131q-salxaq ma\u015f\u0131nlarla xaric\u0259 y\u00fck da\u015f\u0131y\u0131rd\u0131q.&nbsp; Q\u0259zaya d\u00fc\u015f\u0259nd\u0259 d\u0259 \u015firk\u0259t r\u0259hb\u0259rliyi biz\u0259 sahib \u00e7\u0131xm\u0131r. \u018fksin\u0259, bizi g\u00fcnahland\u0131r\u0131r\u201d.<\/p>\n\n\n\n<p>Az\u0259r M\u0259mm\u0259dov deyir, haz\u0131rda belind\u0259 c\u0259rrahiy\u0259 \u0259m\u0259liyyat\u0131 apar\u0131lmal\u0131d\u0131r:<br>\u201cYataq rejimind\u0259y\u0259m, tualet\u0259 d\u0259 qollar\u0131ma girib, s\u00fcr\u00fcy\u0259-s\u00fcr\u00fcy\u0259 apar\u0131rlar. Belim\u0259 implant qoyulmal\u0131d\u0131r. H\u0259kim deyir, tezlikl\u0259 \u0259m\u0259liyyat olunmasam, belim\u0259 a\u011f\u0131rl\u0131q \u00e7\u00f6kd\u00fckc\u0259, sonra he\u00e7 \u0259m\u0259liyyat\u0131n da faydas\u0131 olmayacaq. \u018fm\u0259liyyat\u0131m s\u0131\u011fortayla olacaq, ancaq implant\u0131 \u00f6z\u00fcm almal\u0131yam. Onun da qiym\u0259ti 2500 manatd\u0131r. \u015eirk\u0259tin sahibin\u0259 deyir\u0259m, yax\u0131n durmur. Deyir, m\u0259ni \u015fantaj edirs\u0259n, pul qopartmaq ist\u0259yirs\u0259n. Deyir\u0259m, ay ki\u015fi, s\u0259nin i\u015f\u00e7in olmu\u015fam, s\u0259nin verdiyin tap\u015f\u0131r\u0131\u011f\u0131 yerin\u0259 yetirm\u0259y\u0259 ged\u0259nd\u0259 q\u0259zaya d\u00fc\u015fm\u00fc\u015f\u0259m, kimin \u00fcz\u00fcnd\u0259n q\u0259zaya d\u00fc\u015fm\u00fc\u015f\u0259m? Yen\u0259 d\u0259 s\u0259nin \u00fcz\u00fcnd\u0259n&#8230; Ma\u015f\u0131nlar\u0131 telefon z\u0259ngiyl\u0259 yox, qaydas\u0131nda texniki bax\u0131\u015fdan ke\u00e7irs\u0259ydin, \u201ctormoz\u201d da tutard\u0131, iki adam \u015fik\u0259st qalmazd\u0131. S\u0259ni niy\u0259 \u015fantaj edim ki. Deyir\u0259m, m\u0259nim implant\u0131m\u0131n pulunu \u00f6d\u0259, gedib ba\u015f\u0131m \u00e7ar\u0259sin\u0259 bax\u0131m. M\u0259n n\u0259 vaxtad\u0259k yataqda qalacam?..\u201d<\/p>\n\n\n<div class=\"wp-block-image\">\n<figure class=\"aligncenter size-large\"><img decoding=\"async\" width=\"1096\" height=\"821\" data-src=\"https:\/\/www.meydan.tv\/wp-content\/uploads\/photo-2023-01-10-15-56-02-2-1096x821.jpg\" alt=\"\" class=\"wp-image-265409 lazyload\" src=\"data:image\/svg+xml;base64,PHN2ZyB3aWR0aD0iMSIgaGVpZ2h0PSIxIiB4bWxucz0iaHR0cDovL3d3dy53My5vcmcvMjAwMC9zdmciPjwvc3ZnPg==\" style=\"--smush-placeholder-width: 1096px; --smush-placeholder-aspect-ratio: 1096\/821;\" \/><\/figure>\n<\/div>\n\n\n<p>Az\u0259r M\u0259mm\u0131dov deyir, \u015firk\u0259tl\u0259 m\u00fcqavil\u0259si olub, \u015firk\u0259t ona maa\u015f kart\u0131 a\u00e7\u0131b v\u0259 h\u0259r ay qanuni \u015f\u0259kild\u0259 karta maa\u015f k\u00f6\u00e7\u00fcr\u00fcb. Ancaq b\u00fct\u00fcn s\u0259n\u0259dl\u0259ri \u00f6z\u00fcn\u00fcn idar\u0259 etdiyi ma\u015f\u0131nda \u2013 h\u0259l\u0259 d\u0259 T\u00fcrkiy\u0259 \u0259razisind\u0259 olan TIR-da qal\u0131b.&nbsp;&nbsp;<\/p>\n\n\n\n<p>Az\u0259r M\u0259mm\u0259dov onu da deyir ki, i\u015f\u0259 g\u00f6t\u00fcr\u00fcl\u0259rk\u0259n \u201cQala s\u0131\u011forta\u201d s\u0131\u011forta \u015firk\u0259ti t\u0259r\u0259find\u0259n s\u0131\u011frotalan\u0131b. Ancaq \u015firk\u0259td\u0259n ona bildirilib ki, m\u00fcqavil\u0259 \u015firk\u0259tl\u0259r aras\u0131nda oldu\u011funa g\u00f6r\u0259 g\u0259r\u0259k \u015firk\u0259t \u00f6z\u00fc i\u015f\u00e7iy\u0259 s\u0131\u011forta \u00f6d\u0259nm\u0259siyl\u0259 ba\u011fl\u0131 m\u00fcraci\u0259t etsin.&nbsp;&nbsp;<\/p>\n\n\n\n<p>Meydan TV beyn\u0259lxalq y\u00fckda\u015f\u0131ma \u015firk\u0259tiyl\u0259 d\u0259 \u0259laq\u0259 saxlay\u0131b. S\u00fcr\u00fcc\u00fcn\u00fcn \u015fikay\u0259t\u00e7i oldu\u011fu Sad\u0131q A\u011fayev bildirib ki, \u015firk\u0259tin t\u0259sis\u00e7isidir. O deyib ki, \u015firk\u0259t\u0259 i\u015f\u0259 g\u00f6t\u00fcr\u00fcl\u0259n h\u0259r bir s\u00fcr\u00fcc\u00fcyl\u0259 m\u00fcqavil\u0259 var. T\u00f6r\u0259dilmi\u015f t\u0259hl\u00fck\u0259y\u0259, hadis\u0259y\u0259 s\u00fcr\u00fcc\u00fc cavabdehlik da\u015f\u0131y\u0131r:<br>\u201c\u0130\u015f\u0259 d\u00fcz\u0259l\u0259n s\u00fcr\u00fcc\u00fcd\u0259n iltizam al\u0131n\u0131r, ma\u015f\u0131n nasaz v\u0259ziyy\u0259td\u0259 yola \u00e7\u0131xarsa, birba\u015fa \u00f6z\u00fc cavabdehdir. Siz\u0259 m\u00fcraci\u0259t ed\u0259n h\u0259min Az\u0259r adl\u0131 s\u00fcr\u00fcc\u00fc ma\u015f\u0131n\u0131 idar\u0259 ed\u0259n s\u00fcr\u00fcc\u00fcn\u00fcn yan\u0131nda olub, ma\u015f\u0131n\u0131 idar\u0259 ed\u0259n s\u00fcr\u00fcc\u00fc d\u0259 yol h\u0259r\u0259k\u0259ti qaydalar\u0131n\u0131 pozub, q\u0259za t\u00f6r\u0259dib, \u015firk\u0259t\u0259 d\u0259 k\u00fclli miqdarda z\u0259r\u0259r vurub. Onlar biz\u0259 m\u00fcraci\u0259t etdil\u0259r, dedik ki, qayda var, qanun var, gedin, m\u00fcraci\u0259t edin d\u00f6vl\u0259tin aidiyy\u0259ti qurumlar\u0131na, \u0259g\u0259r biz aid n\u0259s\u0259 olsa, biz canla-ba\u015fla yerin\u0259 yetirm\u0259y\u0259 haz\u0131r\u0131q. T\u00fcrkiy\u0259 polisind\u0259 ekspertizan\u0131n r\u0259yi d\u0259 var ki, q\u0259zaya s\u0259b\u0259b s\u00fcr\u00fcc\u00fcn\u00fcn s\u00fcr\u0259t h\u0259ddini a\u015fmas\u0131 olub\u201d.<\/p>\n\n\n\n<p>Sad\u0131q A\u011fayev deyir ki, \u015firk\u0259tin s\u0259r\u0259ncam\u0131nda y\u00fczl\u0259rl\u0259 TIR var, ham\u0131s\u0131 da yola \u00e7\u0131xmam\u0131\u015fdan \u0259vv\u0259l texniki bax\u0131\u015fdan ke\u00e7ir. Onun s\u00f6zl\u0259rin\u0259 g\u00f6r\u0259, s\u00fcr\u00fcc\u00fcl\u0259r i\u015f\u0259 g\u00f6t\u00fcr\u00fcl\u0259nd\u0259 s\u0131\u011fortalan\u0131r:<br>\u201cS\u0131\u011forta m\u0259s\u0259l\u0259sind\u0259 bizim m\u00fcraci\u0259t etm\u0259yimiz\u0259 ehtiyac yoxdur. Getsin, \u00f6z\u00fc m\u00fcraci\u0259t etsin\u201d.<\/p>\n","protected":false},"excerpt":{"rendered":"<p>\u015eirk\u0259t r\u0259hb\u0259rliyi hadis\u0259y\u0259 g\u00f6r\u0259 s\u00fcr\u00fcc\u00fcn\u00fcn m\u0259suliyy\u0259t da\u015f\u0131d\u0131\u011f\u0131n\u0131 deyir \u201cT\u00fcrkiy\u0259d\u0259n Az\u0259rbaycana &#8230; <\/p>\n<p class=\"read-more-container\"><a title=\"Q\u0259zaya d\u00fc\u015fm\u00fc\u015f s\u00fcr\u00fcc\u00fc: \u201cBelim q\u0131r\u0131l\u0131b, \u015firk\u0259t r\u0259hb\u0259rliyi \u0259m\u0259liyyata k\u00f6m\u0259k el\u0259mir\u201d\" class=\"read-more button\" href=\"https:\/\/www.meydan.tv\/az\/article\/qezaya-dusmus-surucu-belim-qirilib-sirket-rehberliyi-emeliyyata-komek-elemir\/#more-265394\" aria-label=\"Read more about Q\u0259zaya d\u00fc\u015fm\u00fc\u015f s\u00fcr\u00fcc\u00fc: \u201cBelim q\u0131r\u0131l\u0131b, \u015firk\u0259t r\u0259hb\u0259rliyi \u0259m\u0259liyyata k\u00f6m\u0259k el\u0259mir\u201d\">Davam\u0131<\/a><\/p>\n","protected":false},"author":8,"featured_media":265403,"comment_status":"closed","ping_status":"closed","sticky":false,"template":"","format":"standard","meta":{"_acf_changed":false,"_sitemap_exclude":false,"_sitemap_priority":"","_sitemap_frequency":"","footnotes":""},"categories":[60,56],"tags":[],"class_list":["post-265394","post","type-post","status-publish","format-standard","has-post-thumbnail","hentry","category-bolge","category-xeberler","infinite-scroll-item","generate-columns","tablet-grid-50","mobile-grid-100","grid-parent","grid-33","no-featured-image-padding"],"acf":[],"yoast_head":"<!-- This site is optimized with the Yoast SEO plugin v27.5 - https:\/\/yoast.com\/product\/yoast-seo-wordpress\/ -->\n<title>Q\u0259zaya d\u00fc\u015fm\u00fc\u015f s\u00fcr\u00fcc\u00fc: \u201cBelim q\u0131r\u0131l\u0131b, \u015firk\u0259t r\u0259hb\u0259rliyi \u0259m\u0259liyyata k\u00f6m\u0259k el\u0259mir\u201d - MEYDAN.TV<\/title>\n<meta name=\"robots\" content=\"index, follow, max-snippet:-1, max-image-preview:large, max-video-preview:-1\" \/>\n<link rel=\"canonical\" href=\"https:\/\/www.meydan.tv\/az\/article\/qezaya-dusmus-surucu-belim-qirilib-sirket-rehberliyi-emeliyyata-komek-elemir\/\" \/>\n<meta property=\"og:locale\" content=\"az_AZ\" \/>\n<meta property=\"og:type\" content=\"article\" \/>\n<meta property=\"og:title\" content=\"Q\u0259zaya d\u00fc\u015fm\u00fc\u015f s\u00fcr\u00fcc\u00fc: \u201cBelim q\u0131r\u0131l\u0131b, \u015firk\u0259t r\u0259hb\u0259rliyi \u0259m\u0259liyyata k\u00f6m\u0259k el\u0259mir\u201d - MEYDAN.TV\" \/>\n<meta property=\"og:description\" content=\"\u015eirk\u0259t r\u0259hb\u0259rliyi hadis\u0259y\u0259 g\u00f6r\u0259 s\u00fcr\u00fcc\u00fcn\u00fcn m\u0259suliyy\u0259t da\u015f\u0131d\u0131\u011f\u0131n\u0131 deyir \u201cT\u00fcrkiy\u0259d\u0259n Az\u0259rbaycana ... Davam\u0131\" \/>\n<meta property=\"og:url\" content=\"https:\/\/www.meydan.tv\/az\/article\/qezaya-dusmus-surucu-belim-qirilib-sirket-rehberliyi-emeliyyata-komek-elemir\/\" \/>\n<meta property=\"og:site_name\" content=\"MEYDAN.TV\" \/>\n<meta property=\"article:published_time\" content=\"2023-01-10T12:23:20+00:00\" \/>\n<meta property=\"article:modified_time\" content=\"2023-01-10T13:49:32+00:00\" \/>\n<meta property=\"og:image\" content=\"https:\/\/www.meydan.tv\/wp-content\/uploads\/photo-2023-01-10-15-56-02.jpg\" \/>\n\t<meta property=\"og:image:width\" content=\"1200\" \/>\n\t<meta property=\"og:image:height\" content=\"899\" \/>\n\t<meta property=\"og:image:type\" content=\"image\/jpeg\" \/>\n<meta name=\"author\" content=\"elli\" \/>\n<meta name=\"twitter:card\" content=\"summary_large_image\" \/>\n<meta name=\"twitter:creator\" content=\"@elli\" \/>\n<script type=\"application\/ld+json\" class=\"yoast-schema-graph\">{\"@context\":\"https:\\\/\\\/schema.org\",\"@graph\":[{\"@type\":\"Article\",\"@id\":\"https:\\\/\\\/www.meydan.tv\\\/az\\\/article\\\/qezaya-dusmus-surucu-belim-qirilib-sirket-rehberliyi-emeliyyata-komek-elemir\\\/#article\",\"isPartOf\":{\"@id\":\"https:\\\/\\\/www.meydan.tv\\\/az\\\/article\\\/qezaya-dusmus-surucu-belim-qirilib-sirket-rehberliyi-emeliyyata-komek-elemir\\\/\"},\"author\":{\"name\":\"elli\",\"@id\":\"https:\\\/\\\/www.meydan.tv\\\/az\\\/#\\\/schema\\\/person\\\/9cdbecf90d17180ce1dfbd95b08dcf47\"},\"headline\":\"Q\u0259zaya d\u00fc\u015fm\u00fc\u015f s\u00fcr\u00fcc\u00fc: \u201cBelim q\u0131r\u0131l\u0131b, \u015firk\u0259t r\u0259hb\u0259rliyi \u0259m\u0259liyyata k\u00f6m\u0259k el\u0259mir\u201d\",\"datePublished\":\"2023-01-10T12:23:20+00:00\",\"dateModified\":\"2023-01-10T13:49:32+00:00\",\"mainEntityOfPage\":{\"@id\":\"https:\\\/\\\/www.meydan.tv\\\/az\\\/article\\\/qezaya-dusmus-surucu-belim-qirilib-sirket-rehberliyi-emeliyyata-komek-elemir\\\/\"},\"wordCount\":1427,\"publisher\":{\"@id\":\"https:\\\/\\\/www.meydan.tv\\\/az\\\/#organization\"},\"image\":{\"@id\":\"https:\\\/\\\/www.meydan.tv\\\/az\\\/article\\\/qezaya-dusmus-surucu-belim-qirilib-sirket-rehberliyi-emeliyyata-komek-elemir\\\/#primaryimage\"},\"thumbnailUrl\":\"https:\\\/\\\/www.meydan.tv\\\/wp-content\\\/uploads\\\/photo-2023-01-10-15-56-02.jpg\",\"articleSection\":[\"B\u00f6lg\u0259\",\"X\u0259b\u0259rl\u0259r\"],\"inLanguage\":\"az\"},{\"@type\":\"WebPage\",\"@id\":\"https:\\\/\\\/www.meydan.tv\\\/az\\\/article\\\/qezaya-dusmus-surucu-belim-qirilib-sirket-rehberliyi-emeliyyata-komek-elemir\\\/\",\"url\":\"https:\\\/\\\/www.meydan.tv\\\/az\\\/article\\\/qezaya-dusmus-surucu-belim-qirilib-sirket-rehberliyi-emeliyyata-komek-elemir\\\/\",\"name\":\"Q\u0259zaya d\u00fc\u015fm\u00fc\u015f s\u00fcr\u00fcc\u00fc: \u201cBelim q\u0131r\u0131l\u0131b, \u015firk\u0259t r\u0259hb\u0259rliyi \u0259m\u0259liyyata k\u00f6m\u0259k el\u0259mir\u201d - MEYDAN.TV\",\"isPartOf\":{\"@id\":\"https:\\\/\\\/www.meydan.tv\\\/az\\\/#website\"},\"primaryImageOfPage\":{\"@id\":\"https:\\\/\\\/www.meydan.tv\\\/az\\\/article\\\/qezaya-dusmus-surucu-belim-qirilib-sirket-rehberliyi-emeliyyata-komek-elemir\\\/#primaryimage\"},\"image\":{\"@id\":\"https:\\\/\\\/www.meydan.tv\\\/az\\\/article\\\/qezaya-dusmus-surucu-belim-qirilib-sirket-rehberliyi-emeliyyata-komek-elemir\\\/#primaryimage\"},\"thumbnailUrl\":\"https:\\\/\\\/www.meydan.tv\\\/wp-content\\\/uploads\\\/photo-2023-01-10-15-56-02.jpg\",\"datePublished\":\"2023-01-10T12:23:20+00:00\",\"dateModified\":\"2023-01-10T13:49:32+00:00\",\"breadcrumb\":{\"@id\":\"https:\\\/\\\/www.meydan.tv\\\/az\\\/article\\\/qezaya-dusmus-surucu-belim-qirilib-sirket-rehberliyi-emeliyyata-komek-elemir\\\/#breadcrumb\"},\"inLanguage\":\"az\",\"potentialAction\":[{\"@type\":\"ReadAction\",\"target\":[\"https:\\\/\\\/www.meydan.tv\\\/az\\\/article\\\/qezaya-dusmus-surucu-belim-qirilib-sirket-rehberliyi-emeliyyata-komek-elemir\\\/\"]}]},{\"@type\":\"ImageObject\",\"inLanguage\":\"az\",\"@id\":\"https:\\\/\\\/www.meydan.tv\\\/az\\\/article\\\/qezaya-dusmus-surucu-belim-qirilib-sirket-rehberliyi-emeliyyata-komek-elemir\\\/#primaryimage\",\"url\":\"https:\\\/\\\/www.meydan.tv\\\/wp-content\\\/uploads\\\/photo-2023-01-10-15-56-02.jpg\",\"contentUrl\":\"https:\\\/\\\/www.meydan.tv\\\/wp-content\\\/uploads\\\/photo-2023-01-10-15-56-02.jpg\",\"width\":1200,\"height\":899,\"caption\":\"Q\u0259zaya d\u00fc\u015f\u0259n TIR. Fotolar: Meydan TV\"},{\"@type\":\"BreadcrumbList\",\"@id\":\"https:\\\/\\\/www.meydan.tv\\\/az\\\/article\\\/qezaya-dusmus-surucu-belim-qirilib-sirket-rehberliyi-emeliyyata-komek-elemir\\\/#breadcrumb\",\"itemListElement\":[{\"@type\":\"ListItem\",\"position\":1,\"name\":\"Ana s\u0259hif\u0259\",\"item\":\"https:\\\/\\\/www.meydan.tv\\\/az\\\/\"},{\"@type\":\"ListItem\",\"position\":2,\"name\":\"B\u00f6lg\u0259\",\"item\":\"https:\\\/\\\/www.meydan.tv\\\/az\\\/section\\\/bolge\\\/\"},{\"@type\":\"ListItem\",\"position\":3,\"name\":\"Q\u0259zaya d\u00fc\u015fm\u00fc\u015f s\u00fcr\u00fcc\u00fc: \u201cBelim q\u0131r\u0131l\u0131b, \u015firk\u0259t r\u0259hb\u0259rliyi \u0259m\u0259liyyata k\u00f6m\u0259k el\u0259mir\u201d\"}]},{\"@type\":\"WebSite\",\"@id\":\"https:\\\/\\\/www.meydan.tv\\\/az\\\/#website\",\"url\":\"https:\\\/\\\/www.meydan.tv\\\/az\\\/\",\"name\":\"MEYDAN.TV\",\"description\":\"Meydan TV Az\u0259rbaycan\u0131n media m\u0259kan\u0131ndak\u0131 alternativ s\u0259sidir\",\"publisher\":{\"@id\":\"https:\\\/\\\/www.meydan.tv\\\/az\\\/#organization\"},\"potentialAction\":[{\"@type\":\"SearchAction\",\"target\":{\"@type\":\"EntryPoint\",\"urlTemplate\":\"https:\\\/\\\/www.meydan.tv\\\/az\\\/?s={search_term_string}\"},\"query-input\":{\"@type\":\"PropertyValueSpecification\",\"valueRequired\":true,\"valueName\":\"search_term_string\"}}],\"inLanguage\":\"az\"},{\"@type\":\"Organization\",\"@id\":\"https:\\\/\\\/www.meydan.tv\\\/az\\\/#organization\",\"name\":\"Meydan TV\",\"url\":\"https:\\\/\\\/www.meydan.tv\\\/az\\\/\",\"logo\":{\"@type\":\"ImageObject\",\"inLanguage\":\"az\",\"@id\":\"https:\\\/\\\/www.meydan.tv\\\/az\\\/#\\\/schema\\\/logo\\\/image\\\/\",\"url\":\"https:\\\/\\\/www.meydan.tv\\\/wp-content\\\/uploads\\\/2021\\\/07\\\/meydan-logo.svg\",\"contentUrl\":\"https:\\\/\\\/www.meydan.tv\\\/wp-content\\\/uploads\\\/2021\\\/07\\\/meydan-logo.svg\",\"width\":195,\"height\":46,\"caption\":\"Meydan TV\"},\"image\":{\"@id\":\"https:\\\/\\\/www.meydan.tv\\\/az\\\/#\\\/schema\\\/logo\\\/image\\\/\"}},{\"@type\":\"Person\",\"@id\":\"https:\\\/\\\/www.meydan.tv\\\/az\\\/#\\\/schema\\\/person\\\/9cdbecf90d17180ce1dfbd95b08dcf47\",\"name\":\"elli\",\"sameAs\":[\"https:\\\/\\\/x.com\\\/elli\"]}]}<\/script>\n<!-- \/ Yoast SEO plugin. -->","yoast_head_json":{"title":"Q\u0259zaya d\u00fc\u015fm\u00fc\u015f s\u00fcr\u00fcc\u00fc: \u201cBelim q\u0131r\u0131l\u0131b, \u015firk\u0259t r\u0259hb\u0259rliyi \u0259m\u0259liyyata k\u00f6m\u0259k el\u0259mir\u201d - MEYDAN.TV","robots":{"index":"index","follow":"follow","max-snippet":"max-snippet:-1","max-image-preview":"max-image-preview:large","max-video-preview":"max-video-preview:-1"},"canonical":"https:\/\/www.meydan.tv\/az\/article\/qezaya-dusmus-surucu-belim-qirilib-sirket-rehberliyi-emeliyyata-komek-elemir\/","og_locale":"az_AZ","og_type":"article","og_title":"Q\u0259zaya d\u00fc\u015fm\u00fc\u015f s\u00fcr\u00fcc\u00fc: \u201cBelim q\u0131r\u0131l\u0131b, \u015firk\u0259t r\u0259hb\u0259rliyi \u0259m\u0259liyyata k\u00f6m\u0259k el\u0259mir\u201d - MEYDAN.TV","og_description":"\u015eirk\u0259t r\u0259hb\u0259rliyi hadis\u0259y\u0259 g\u00f6r\u0259 s\u00fcr\u00fcc\u00fcn\u00fcn m\u0259suliyy\u0259t da\u015f\u0131d\u0131\u011f\u0131n\u0131 deyir \u201cT\u00fcrkiy\u0259d\u0259n Az\u0259rbaycana ... Davam\u0131","og_url":"https:\/\/www.meydan.tv\/az\/article\/qezaya-dusmus-surucu-belim-qirilib-sirket-rehberliyi-emeliyyata-komek-elemir\/","og_site_name":"MEYDAN.TV","article_published_time":"2023-01-10T12:23:20+00:00","article_modified_time":"2023-01-10T13:49:32+00:00","og_image":[{"width":1200,"height":899,"url":"https:\/\/www.meydan.tv\/wp-content\/uploads\/photo-2023-01-10-15-56-02.jpg","type":"image\/jpeg"}],"author":"elli","twitter_card":"summary_large_image","twitter_creator":"@elli","schema":{"@context":"https:\/\/schema.org","@graph":[{"@type":"Article","@id":"https:\/\/www.meydan.tv\/az\/article\/qezaya-dusmus-surucu-belim-qirilib-sirket-rehberliyi-emeliyyata-komek-elemir\/#article","isPartOf":{"@id":"https:\/\/www.meydan.tv\/az\/article\/qezaya-dusmus-surucu-belim-qirilib-sirket-rehberliyi-emeliyyata-komek-elemir\/"},"author":{"name":"elli","@id":"https:\/\/www.meydan.tv\/az\/#\/schema\/person\/9cdbecf90d17180ce1dfbd95b08dcf47"},"headline":"Q\u0259zaya d\u00fc\u015fm\u00fc\u015f s\u00fcr\u00fcc\u00fc: \u201cBelim q\u0131r\u0131l\u0131b, \u015firk\u0259t r\u0259hb\u0259rliyi \u0259m\u0259liyyata k\u00f6m\u0259k el\u0259mir\u201d","datePublished":"2023-01-10T12:23:20+00:00","dateModified":"2023-01-10T13:49:32+00:00","mainEntityOfPage":{"@id":"https:\/\/www.meydan.tv\/az\/article\/qezaya-dusmus-surucu-belim-qirilib-sirket-rehberliyi-emeliyyata-komek-elemir\/"},"wordCount":1427,"publisher":{"@id":"https:\/\/www.meydan.tv\/az\/#organization"},"image":{"@id":"https:\/\/www.meydan.tv\/az\/article\/qezaya-dusmus-surucu-belim-qirilib-sirket-rehberliyi-emeliyyata-komek-elemir\/#primaryimage"},"thumbnailUrl":"https:\/\/www.meydan.tv\/wp-content\/uploads\/photo-2023-01-10-15-56-02.jpg","articleSection":["B\u00f6lg\u0259","X\u0259b\u0259rl\u0259r"],"inLanguage":"az"},{"@type":"WebPage","@id":"https:\/\/www.meydan.tv\/az\/article\/qezaya-dusmus-surucu-belim-qirilib-sirket-rehberliyi-emeliyyata-komek-elemir\/","url":"https:\/\/www.meydan.tv\/az\/article\/qezaya-dusmus-surucu-belim-qirilib-sirket-rehberliyi-emeliyyata-komek-elemir\/","name":"Q\u0259zaya d\u00fc\u015fm\u00fc\u015f s\u00fcr\u00fcc\u00fc: \u201cBelim q\u0131r\u0131l\u0131b, \u015firk\u0259t r\u0259hb\u0259rliyi \u0259m\u0259liyyata k\u00f6m\u0259k el\u0259mir\u201d - MEYDAN.TV","isPartOf":{"@id":"https:\/\/www.meydan.tv\/az\/#website"},"primaryImageOfPage":{"@id":"https:\/\/www.meydan.tv\/az\/article\/qezaya-dusmus-surucu-belim-qirilib-sirket-rehberliyi-emeliyyata-komek-elemir\/#primaryimage"},"image":{"@id":"https:\/\/www.meydan.tv\/az\/article\/qezaya-dusmus-surucu-belim-qirilib-sirket-rehberliyi-emeliyyata-komek-elemir\/#primaryimage"},"thumbnailUrl":"https:\/\/www.meydan.tv\/wp-content\/uploads\/photo-2023-01-10-15-56-02.jpg","datePublished":"2023-01-10T12:23:20+00:00","dateModified":"2023-01-10T13:49:32+00:00","breadcrumb":{"@id":"https:\/\/www.meydan.tv\/az\/article\/qezaya-dusmus-surucu-belim-qirilib-sirket-rehberliyi-emeliyyata-komek-elemir\/#breadcrumb"},"inLanguage":"az","potentialAction":[{"@type":"ReadAction","target":["https:\/\/www.meydan.tv\/az\/article\/qezaya-dusmus-surucu-belim-qirilib-sirket-rehberliyi-emeliyyata-komek-elemir\/"]}]},{"@type":"ImageObject","inLanguage":"az","@id":"https:\/\/www.meydan.tv\/az\/article\/qezaya-dusmus-surucu-belim-qirilib-sirket-rehberliyi-emeliyyata-komek-elemir\/#primaryimage","url":"https:\/\/www.meydan.tv\/wp-content\/uploads\/photo-2023-01-10-15-56-02.jpg","contentUrl":"https:\/\/www.meydan.tv\/wp-content\/uploads\/photo-2023-01-10-15-56-02.jpg","width":1200,"height":899,"caption":"Q\u0259zaya d\u00fc\u015f\u0259n TIR. Fotolar: Meydan TV"},{"@type":"BreadcrumbList","@id":"https:\/\/www.meydan.tv\/az\/article\/qezaya-dusmus-surucu-belim-qirilib-sirket-rehberliyi-emeliyyata-komek-elemir\/#breadcrumb","itemListElement":[{"@type":"ListItem","position":1,"name":"Ana s\u0259hif\u0259","item":"https:\/\/www.meydan.tv\/az\/"},{"@type":"ListItem","position":2,"name":"B\u00f6lg\u0259","item":"https:\/\/www.meydan.tv\/az\/section\/bolge\/"},{"@type":"ListItem","position":3,"name":"Q\u0259zaya d\u00fc\u015fm\u00fc\u015f s\u00fcr\u00fcc\u00fc: \u201cBelim q\u0131r\u0131l\u0131b, \u015firk\u0259t r\u0259hb\u0259rliyi \u0259m\u0259liyyata k\u00f6m\u0259k el\u0259mir\u201d"}]},{"@type":"WebSite","@id":"https:\/\/www.meydan.tv\/az\/#website","url":"https:\/\/www.meydan.tv\/az\/","name":"MEYDAN.TV","description":"Meydan TV Az\u0259rbaycan\u0131n media m\u0259kan\u0131ndak\u0131 alternativ s\u0259sidir","publisher":{"@id":"https:\/\/www.meydan.tv\/az\/#organization"},"potentialAction":[{"@type":"SearchAction","target":{"@type":"EntryPoint","urlTemplate":"https:\/\/www.meydan.tv\/az\/?s={search_term_string}"},"query-input":{"@type":"PropertyValueSpecification","valueRequired":true,"valueName":"search_term_string"}}],"inLanguage":"az"},{"@type":"Organization","@id":"https:\/\/www.meydan.tv\/az\/#organization","name":"Meydan TV","url":"https:\/\/www.meydan.tv\/az\/","logo":{"@type":"ImageObject","inLanguage":"az","@id":"https:\/\/www.meydan.tv\/az\/#\/schema\/logo\/image\/","url":"https:\/\/www.meydan.tv\/wp-content\/uploads\/2021\/07\/meydan-logo.svg","contentUrl":"https:\/\/www.meydan.tv\/wp-content\/uploads\/2021\/07\/meydan-logo.svg","width":195,"height":46,"caption":"Meydan TV"},"image":{"@id":"https:\/\/www.meydan.tv\/az\/#\/schema\/logo\/image\/"}},{"@type":"Person","@id":"https:\/\/www.meydan.tv\/az\/#\/schema\/person\/9cdbecf90d17180ce1dfbd95b08dcf47","name":"elli","sameAs":["https:\/\/x.com\/elli"]}]}},"_links":{"self":[{"href":"https:\/\/www.meydan.tv\/az\/wp-json\/wp\/v2\/posts\/265394","targetHints":{"allow":["GET"]}}],"collection":[{"href":"https:\/\/www.meydan.tv\/az\/wp-json\/wp\/v2\/posts"}],"about":[{"href":"https:\/\/www.meydan.tv\/az\/wp-json\/wp\/v2\/types\/post"}],"author":[{"embeddable":true,"href":"https:\/\/www.meydan.tv\/az\/wp-json\/wp\/v2\/users\/8"}],"replies":[{"embeddable":true,"href":"https:\/\/www.meydan.tv\/az\/wp-json\/wp\/v2\/comments?post=265394"}],"version-history":[{"count":3,"href":"https:\/\/www.meydan.tv\/az\/wp-json\/wp\/v2\/posts\/265394\/revisions"}],"predecessor-version":[{"id":265414,"href":"https:\/\/www.meydan.tv\/az\/wp-json\/wp\/v2\/posts\/265394\/revisions\/265414"}],"wp:featuredmedia":[{"embeddable":true,"href":"https:\/\/www.meydan.tv\/az\/wp-json\/wp\/v2\/media\/265403"}],"wp:attachment":[{"href":"https:\/\/www.meydan.tv\/az\/wp-json\/wp\/v2\/media?parent=265394"}],"wp:term":[{"taxonomy":"category","embeddable":true,"href":"https:\/\/www.meydan.tv\/az\/wp-json\/wp\/v2\/categories?post=265394"},{"taxonomy":"post_tag","embeddable":true,"href":"https:\/\/www.meydan.tv\/az\/wp-json\/wp\/v2\/tags?post=265394"}],"curies":[{"name":"wp","href":"https:\/\/api.w.org\/{rel}","templated":true}]}}