{"id":265378,"date":"2023-01-10T14:56:45","date_gmt":"2023-01-10T10:56:45","guid":{"rendered":"https:\/\/www.meydan.tv\/?p=265378"},"modified":"2023-01-10T15:07:14","modified_gmt":"2023-01-10T11:07:14","slug":"teatrda-yoxlamalarin-aqibeti-nazirlik-susur-direktor-da-danismaq-istemir","status":"publish","type":"post","link":"https:\/\/www.meydan.tv\/az\/article\/teatrda-yoxlamalarin-aqibeti-nazirlik-susur-direktor-da-danismaq-istemir\/","title":{"rendered":"<strong>Teatrda yoxlamalar\u0131n aqib\u0259ti: nazirlik susur, direktor da dan\u0131\u015fmaq ist\u0259mir<\/strong>"},"content":{"rendered":"\n<p><\/p>\n\n\n\n<p><em>Yoxlamalar\u0131n yekun n\u0259tic\u0259si ictimaiyy\u0259t\u0259 a\u00e7\u0131qlanm\u0131r<\/em><\/p>\n\n\n\n<p>2022-ci ilin sonlar\u0131na do\u011fru sabiq m\u0259d\u0259niyy\u0259t naziri Anar K\u0259rimovun \u0259mri il\u0259 Abdulla \u015eaiq ad\u0131na Az\u0259rbaycan D\u00f6vl\u0259t Kukla Teatr\u0131nda yoxlamalara ba\u015flan\u0131ld\u0131.<\/p>\n\n\n\n<p>Nazirliyin m\u0259lumat\u0131nda deyilirdi ki, teatrda ba\u015f ver\u0259n n\u00f6qsanlarla \u0259laq\u0259dar m\u00fcraci\u0259tl\u0259r \u0259sas\u0131nda xidm\u0259ti ara\u015fd\u0131rman\u0131n apar\u0131lmas\u0131 \u00fc\u00e7\u00fcn komissiya yarad\u0131l\u0131b v\u0259 n\u0259tic\u0259si haqq\u0131nda ictimaiyy\u0259t\u0259 m\u0259lumat <a href=\"https:\/\/report.az\/medeniyyet-siyaseti\/medeniyyet-nazirliyi-kukla-teatrinda-yoxlamalar-aparir\/\" target=\"_blank\" rel=\"noreferrer noopener\">veril\u0259c\u0259k<\/a>.<\/p>\n\n\n\n<p>Bunun ard\u0131nca teatr\u0131n n\u0259zdind\u0259 f\u0259aliyy\u0259t g\u00f6st\u0259r\u0259n \u201cOyuq\u201d teatr-studiyas\u0131n\u0131n r\u0259hb\u0259ri, rejissor Saida Haqverdiyeva nazirliyin yoxlamalara ba\u015flan\u0131lmas\u0131n\u0131 2022-ci il noyabr\u0131n 14-d\u0259 \u201cQaynarinfo\u201dya verdiyi m\u00fcsahib\u0259si il\u0259 <a href=\"https:\/\/qaynarinfo.az\/az\/nazirlik-emekdasi-dedi-ki-teatrda-kasibin-ne-isi-ora-varlilar-ucundur-rejissor-1\" target=\"_blank\" rel=\"noreferrer noopener\">\u0259laq\u0259l\u0259ndirdi<\/a>.<\/p>\n\n\n\n<p>Rejissor h\u0259min m\u00fcsahib\u0259sind\u0259 demi\u015fdi ki, Elnur \u018fliyev m\u0259d\u0259niyy\u0259t nazirinin birinci m\u00fcavini v\u0259zif\u0259sind\u0259yk\u0259n teatr\u0131n direktoru R\u0259\u015fad \u018fhm\u0259dzad\u0259y\u0259 biletl\u0259rin qiym\u0259tinin art\u0131r\u0131lmas\u0131n\u0131 t\u0259klif edib.<\/p>\n\n\n\n<p>R\u0259\u015fad \u018fhm\u0259dzad\u0259nin t\u0259klif\u0259 etiraz etm\u0259si Elnur \u018fliyevin xo\u015funa g\u0259lm\u0259yib. H\u0259min g\u00f6r\u00fc\u015fd\u0259n sonra da teatr\u0131n illik plan proqnozu 50 faiz art\u0131r\u0131l\u0131b.<\/p>\n\n\n\n<p>Saida Haqverdiyevan\u0131n iddialar\u0131na cavab olaraq M\u0259d\u0259niyy\u0259t Nazirliyinin Media v\u0259 kommunikasiya \u015f\u00f6b\u0259sinin m\u00fcdiri v\u0259zif\u0259sini icra ed\u0259n Nurid\u0259 Allahyarova 2022-ci il noyabr\u0131n 22-d\u0259 APA-ya a\u00e7\u0131qlamas\u0131nda bildirdi ki, Kukla Teatr\u0131nda yoxlamalar rejissorun m\u00fcsahib\u0259sin\u0259 g\u00f6r\u0259 yox, nazirliy\u0259 teatrla \u0259laq\u0259dar daxil olan \u015fikay\u0259tl\u0259r\u0259 \u0259sas\u0259n apar\u0131l\u0131r.<\/p>\n\n\n\n<p>Nurid\u0259 Allahyarova a\u00e7\u0131qlamas\u0131nda onu da demi\u015fdi ki, daxil olan \u015fikay\u0259tl\u0259r\u0259 g\u00f6r\u0259 teatr r\u0259hb\u0259rliyin\u0259 h\u0259m \u015fifahi, h\u0259m d\u0259 yaz\u0131l\u0131 x\u0259b\u0259rdarl\u0131qlar edilib. Bundan sonra is\u0259 yoxlamalara <a href=\"\/\/apa.az\/az\/incesenet\/nazirlik-kukla-teatrinda-yoxlamanin-rejissorun-aciqlamasina-gore-aparilmasi-meselesine-munasibet-bildirib-733855\" target=\"_blank\" rel=\"noreferrer noopener\">ba\u015flan\u0131l\u0131b<\/a>.<\/p>\n\n\n\n<p>Yoxlamalara 2022-ci ilin noyabr\u0131n 18-d\u0259 ba\u015flan\u0131ld\u0131\u011f\u0131 deyils\u0259 d\u0259, teatr r\u0259hb\u0259rliyi bundan d\u00f6rd g\u00fcn sonra x\u0259b\u0259r tutdu\u011funu a\u00e7\u0131qlay\u0131b.<\/p>\n\n\n\n<p>Saida Haqverdiyeva Meydan TV-y\u0259 a\u00e7\u0131qlamas\u0131nda yoxlamalar\u0131n ke\u00e7irilm\u0259sini noyabr\u0131n 22-d\u0259 bildikl\u0259rini deyib.<\/p>\n\n\n\n<p>&#8220;Kukla Teatr\u0131n\u0131n direktoru R\u0259\u015fad \u018fhm\u0259dzad\u0259 he\u00e7 bir halda M\u0259d\u0259niyy\u0259t Nazirliyin\u0259 d\u0259v\u0259t olunmay\u0131b. Ona n\u0259 \u015fifahi, n\u0259 d\u0259 yaz\u0131l\u0131 x\u0259b\u0259rdarl\u0131q edilib&#8221;, &#8211; Haqverdiyeva <a href=\"https:\/\/d9mc3ts4czbpr.cloudfront.net\/az\/article\/kukla-teatrinin-direktoru-nazirliye-cagrilaraq-xeberdarliq-edilmeyib\/\" target=\"_blank\" rel=\"noreferrer noopener\">bildirib<\/a>.<\/p>\n\n\n\n<p>Kukla Teatr\u0131nda yoxlamalar\u0131n m\u0259hz Saida Haqverdiyevan\u0131n Elnur \u018fliyevl\u0259 ba\u011fl\u0131 s\u00f6yl\u0259diyi fikirl\u0259r\u0259 g\u00f6r\u0259 ba\u015flan\u0131lmas\u0131 iddias\u0131n\u0131n n\u0259 d\u0259r\u0259c\u0259d\u0259 \u0259sasl\u0131 olmas\u0131 fikri m\u00fcbahis\u0259lidir.<\/p>\n\n\n\n<p>Teatrda yoxlamalara ba\u015flamazdan 18 g\u00fcn \u00f6nc\u0259, y\u0259ni noyabr\u0131n 1-d\u0259 D\u00f6vl\u0259t T\u0259hl\u00fck\u0259sizliyi Xidm\u0259ti (DTX) M\u0259d\u0259niyy\u0259t Nazirliyind\u0259 ke\u00e7irdiyi \u0259m\u0259liyyat zaman\u0131 Elnur \u018fliyev <a href=\"https:\/\/d9mc3ts4czbpr.cloudfront.net\/az\/article\/elnur-eliyevin-baresinde-basqa-yere-getmeme-iltizam-tedbiri-secilib\/\" target=\"_blank\" rel=\"noreferrer noopener\">saxlan\u0131lm\u0131\u015fd\u0131<\/a>.<\/p>\n\n\n\n<p>Noyabr\u0131n 3-d\u0259 t\u0259qsirl\u0259ndiril\u0259n \u015f\u0259xs qismind\u0259 m\u0259suliyy\u0259t\u0259 c\u0259lb olunmu\u015fdu.<\/p>\n\n\n\n<p>Ona qar\u015f\u0131 Cinay\u0259t M\u0259c\u0259ll\u0259sinin 179.4 (x\u00fcsusil\u0259 k\u00fclli miqdarda m\u0259nims\u0259m\u0259), 308-ci (v\u0259zif\u0259 s\u0259lahiyy\u0259tl\u0259rind\u0259n sui istifad\u0259) madd\u0259l\u0259ril\u0259 ittiham ir\u0259li s\u00fcr\u00fcl\u00fcb. Lakin istintaq d\u00f6vr\u00fc \u00fc\u00e7\u00fcn onun bar\u0259sind\u0259 h\u0259bs yox, alternativ n\u00f6vd\u0259 q\u0259timkan t\u0259dbiri se\u00e7ilib. Onun bar\u0259sind\u0259 ba\u015fqa yer\u0259 getm\u0259m\u0259y\u0259 dair iltizam q\u0259timkan t\u0259dbiri se\u00e7ilib.<\/p>\n\n\n\n<p>El\u0259 h\u0259min g\u00fcn, noyabr\u0131n 3-d\u0259 Prezident \u0130lham \u018fliyev Elnur \u018fliyevi tutdu\u011fu v\u0259zif\u0259d\u0259n <a href=\"https:\/\/d9mc3ts4czbpr.cloudfront.net\/az\/article\/elnur-eliyev-vezifesinden-azad-edildi\/\" target=\"_blank\" rel=\"noreferrer noopener\">k\u0259narla\u015fd\u0131r\u0131b<\/a>.<\/p>\n\n\n\n<p>Kukla Teatr\u0131nda yoxlamalar is\u0259 2022-ci ilin noyabr\u0131n 18-d\u0259 ba\u015flan\u0131l\u0131b.<\/p>\n\n\n\n<p>2022-ci il dekabr\u0131n 22-d\u0259 is\u0259 \u0130lham \u018fliyev M\u0259d\u0259niyy\u0259t Nazirliyi il\u0259 \u0259laq\u0259dar n\u00f6vb\u0259ti g\u00f6st\u0259ri\u015f verib. Onun s\u0259r\u0259ncam\u0131 il\u0259 m\u0259d\u0259niyy\u0259t naziri Anar K\u0259rimovun s\u0259lahiyy\u0259tl\u0259ri \u0259lind\u0259n <a href=\"https:\/\/d9mc3ts4czbpr.cloudfront.net\/az\/article\/ilham-eliyev-kerimovu-vezifesinden-cixartdi-kerimlini-getirdi\/\" target=\"_blank\" rel=\"noreferrer noopener\">al\u0131n\u0131b.<\/a><\/p>\n\n\n\n<p>Nazirlikd\u0259ki struktur d\u0259yi\u015fikliyind\u0259n sonra Kukla Teatr\u0131ndak\u0131 yoxlamalar\u0131n n\u0259tic\u0259l\u0259ri ba\u011fl\u0131 ictimaiyy\u0259t\u0259 h\u0259r hans\u0131 m\u0259lumat verilm\u0259yib.<\/p>\n\n\n\n<p>2023-c\u00fc il yanvar\u0131n 3-d\u0259 M\u0259d\u0259niyy\u0259t Nazirliyinin Media v\u0259 kommunikasiya \u015f\u00f6b\u0259sinin m\u00fcdiri v\u0259zif\u0259sini icra ed\u0259n Nurid\u0259 Allahyarova \u201cFacebook\u201dda bu haqda status yaz\u0131b.<br>Bildirib ki, Kukla Teatr\u0131ndak\u0131 yoxlamalar <a href=\"\/\/www.facebook.com\/nurida.allahyarova\/posts\/10222707570014808\" target=\"_blank\" rel=\"noreferrer noopener\">dayand\u0131r\u0131l\u0131b<\/a>.<\/p>\n\n\n\n<p>\u201cYenid\u0259n h\u0259r hans\u0131 bir yoxlaman\u0131n apar\u0131lmas\u0131 n\u0259z\u0259rd\u0259 tutulmay\u0131b\u201d, &#8211; nazirlik r\u0259smisi qeyd edib.<\/p>\n\n\n\n<p>H\u0259tta M\u0259d\u0259niyy\u0259t Nazirliyinin Yeni il bayram\u0131 il\u0259 \u0259laq\u0259dar Z\u0259ngilan\u0131n A\u011fal\u0131 k\u0259ndind\u0259 t\u0259\u015fkil etdiyi t\u0259dbird\u0259 Kukla Teatr\u0131n\u0131n da kollektivi i\u015ftirak <a href=\"https:\/\/culture.gov.az\/az\/umumi-xeberler\/15000\" target=\"_blank\" rel=\"noreferrer noopener\">edib.<\/a><\/p>\n\n\n\n<p>Sabiq nazir Anar K\u0259rimovun ba\u015flatd\u0131\u011f\u0131 yoxlamalar\u0131n n\u0259tic\u0259si \u2013 yar\u0131m\u00e7\u0131q dayand\u0131r\u0131lmas\u0131, yaxud da yekun n\u0259tic\u0259si il\u0259 \u0259laq\u0259dar  ictimaiyy\u0259t\u0259 m\u0259lumat verilmir.<\/p>\n\n\n\n<p>Yoxlamalar ba\u015flayanda m\u0259tbuata a\u00e7\u0131q olan teatr s\u0259hb\u0259rliyi d\u0259 n\u0259d\u0259ns\u0259 susur.<\/p>\n\n\n\n<p>Meydan TV \u0259m\u0259kda\u015f\u0131 Kukla Teatr\u0131n\u0131n direktoru R\u0259\u015fad \u018fhm\u0259dzad\u0259d\u0259n m\u00fcnasib\u0259t \u00f6yr\u0259nm\u0259y\u0259 \u00e7al\u0131\u015f\u0131b, lakin teatr\u0131n direktoru m\u0259s\u0259l\u0259y\u0259 q\u0259z\u0259bl\u0259 reaksiya verib.<\/p>\n\n\n\n<p>O deyib ki, nazirlik bununla ba\u011fl\u0131 art\u0131q a\u00e7\u0131qlama verib v\u0259 o, bu haqda dan\u0131\u015fmaq ist\u0259mir.<\/p>\n\n\n\n<p>Kukla Teatr\u0131n\u0131n m\u0259tbuat xidm\u0259tin\u0259 v\u0259 teatr\u0131n n\u0259zdind\u0259 f\u0259aliyy\u0259t g\u00f6st\u0259r\u0259n \u201cOyuq\u201d teatr-studiyas\u0131n\u0131n r\u0259hb\u0259ri, rejissor Saida Haqverdiyevaya is\u0259 z\u0259ng \u00e7atmay\u0131b.<\/p>\n\n\n\n<p>M\u0259d\u0259niyy\u0259t Nazirliyind\u0259n Meydan TV-y\u0259 bildirilib ki, yax\u0131n g\u00fcnl\u0259rd\u0259 yoxlamalar\u0131n n\u0259tic\u0259si il\u0259 \u0259laq\u0259dar m\u0259lumat veril\u0259c\u0259k.<\/p>\n","protected":false},"excerpt":{"rendered":"<p>Yoxlamalar\u0131n yekun n\u0259tic\u0259si ictimaiyy\u0259t\u0259 a\u00e7\u0131qlanm\u0131r 2022-ci ilin sonlar\u0131na do\u011fru sabiq &#8230; <\/p>\n<p class=\"read-more-container\"><a title=\"Teatrda yoxlamalar\u0131n aqib\u0259ti: nazirlik susur, direktor da dan\u0131\u015fmaq ist\u0259mir\" class=\"read-more button\" href=\"https:\/\/www.meydan.tv\/az\/article\/teatrda-yoxlamalarin-aqibeti-nazirlik-susur-direktor-da-danismaq-istemir\/#more-265378\" aria-label=\"Read more about Teatrda yoxlamalar\u0131n aqib\u0259ti: nazirlik susur, direktor da dan\u0131\u015fmaq ist\u0259mir\">Davam\u0131<\/a><\/p>\n","protected":false},"author":8,"featured_media":261432,"comment_status":"closed","ping_status":"closed","sticky":false,"template":"","format":"standard","meta":{"_acf_changed":false,"_sitemap_exclude":false,"_sitemap_priority":"","_sitemap_frequency":"","footnotes":""},"categories":[52,56],"tags":[],"class_list":["post-265378","post","type-post","status-publish","format-standard","has-post-thumbnail","hentry","category-medeniyyet","category-xeberler","infinite-scroll-item","generate-columns","tablet-grid-50","mobile-grid-100","grid-parent","grid-33","no-featured-image-padding"],"acf":[],"yoast_head":"<!-- This site is optimized with the Yoast SEO plugin v27.4 - https:\/\/yoast.com\/product\/yoast-seo-wordpress\/ -->\n<title>Teatrda yoxlamalar\u0131n aqib\u0259ti: nazirlik susur, direktor da dan\u0131\u015fmaq ist\u0259mir - MEYDAN.TV<\/title>\n<meta name=\"robots\" content=\"index, follow, max-snippet:-1, max-image-preview:large, max-video-preview:-1\" \/>\n<link rel=\"canonical\" href=\"https:\/\/www.meydan.tv\/az\/article\/teatrda-yoxlamalarin-aqibeti-nazirlik-susur-direktor-da-danismaq-istemir\/\" \/>\n<meta property=\"og:locale\" content=\"az_AZ\" \/>\n<meta property=\"og:type\" content=\"article\" \/>\n<meta property=\"og:title\" content=\"Teatrda yoxlamalar\u0131n aqib\u0259ti: nazirlik susur, direktor da dan\u0131\u015fmaq ist\u0259mir - MEYDAN.TV\" \/>\n<meta property=\"og:description\" content=\"Yoxlamalar\u0131n yekun n\u0259tic\u0259si ictimaiyy\u0259t\u0259 a\u00e7\u0131qlanm\u0131r 2022-ci ilin sonlar\u0131na do\u011fru sabiq ... Davam\u0131\" \/>\n<meta property=\"og:url\" content=\"https:\/\/www.meydan.tv\/az\/article\/teatrda-yoxlamalarin-aqibeti-nazirlik-susur-direktor-da-danismaq-istemir\/\" \/>\n<meta property=\"og:site_name\" content=\"MEYDAN.TV\" \/>\n<meta property=\"article:published_time\" content=\"2023-01-10T10:56:45+00:00\" \/>\n<meta property=\"article:modified_time\" content=\"2023-01-10T11:07:14+00:00\" \/>\n<meta property=\"og:image\" content=\"https:\/\/www.meydan.tv\/wp-content\/uploads\/dsc4183.jpg\" \/>\n\t<meta property=\"og:image:width\" content=\"1500\" \/>\n\t<meta property=\"og:image:height\" content=\"1001\" \/>\n\t<meta property=\"og:image:type\" content=\"image\/jpeg\" \/>\n<meta name=\"author\" content=\"elli\" \/>\n<meta name=\"twitter:card\" content=\"summary_large_image\" \/>\n<meta name=\"twitter:creator\" content=\"@elli\" \/>\n<script type=\"application\/ld+json\" class=\"yoast-schema-graph\">{\"@context\":\"https:\\\/\\\/schema.org\",\"@graph\":[{\"@type\":\"Article\",\"@id\":\"https:\\\/\\\/www.meydan.tv\\\/az\\\/article\\\/teatrda-yoxlamalarin-aqibeti-nazirlik-susur-direktor-da-danismaq-istemir\\\/#article\",\"isPartOf\":{\"@id\":\"https:\\\/\\\/www.meydan.tv\\\/az\\\/article\\\/teatrda-yoxlamalarin-aqibeti-nazirlik-susur-direktor-da-danismaq-istemir\\\/\"},\"author\":{\"name\":\"elli\",\"@id\":\"https:\\\/\\\/www.meydan.tv\\\/az\\\/#\\\/schema\\\/person\\\/9cdbecf90d17180ce1dfbd95b08dcf47\"},\"headline\":\"Teatrda yoxlamalar\u0131n aqib\u0259ti: nazirlik susur, direktor da dan\u0131\u015fmaq ist\u0259mir\",\"datePublished\":\"2023-01-10T10:56:45+00:00\",\"dateModified\":\"2023-01-10T11:07:14+00:00\",\"mainEntityOfPage\":{\"@id\":\"https:\\\/\\\/www.meydan.tv\\\/az\\\/article\\\/teatrda-yoxlamalarin-aqibeti-nazirlik-susur-direktor-da-danismaq-istemir\\\/\"},\"wordCount\":955,\"publisher\":{\"@id\":\"https:\\\/\\\/www.meydan.tv\\\/az\\\/#organization\"},\"image\":{\"@id\":\"https:\\\/\\\/www.meydan.tv\\\/az\\\/article\\\/teatrda-yoxlamalarin-aqibeti-nazirlik-susur-direktor-da-danismaq-istemir\\\/#primaryimage\"},\"thumbnailUrl\":\"https:\\\/\\\/www.meydan.tv\\\/wp-content\\\/uploads\\\/dsc4183.jpg\",\"articleSection\":[\"M\u0259d\u0259niyy\u0259t\",\"X\u0259b\u0259rl\u0259r\"],\"inLanguage\":\"az\"},{\"@type\":\"WebPage\",\"@id\":\"https:\\\/\\\/www.meydan.tv\\\/az\\\/article\\\/teatrda-yoxlamalarin-aqibeti-nazirlik-susur-direktor-da-danismaq-istemir\\\/\",\"url\":\"https:\\\/\\\/www.meydan.tv\\\/az\\\/article\\\/teatrda-yoxlamalarin-aqibeti-nazirlik-susur-direktor-da-danismaq-istemir\\\/\",\"name\":\"Teatrda yoxlamalar\u0131n aqib\u0259ti: nazirlik susur, direktor da dan\u0131\u015fmaq ist\u0259mir - MEYDAN.TV\",\"isPartOf\":{\"@id\":\"https:\\\/\\\/www.meydan.tv\\\/az\\\/#website\"},\"primaryImageOfPage\":{\"@id\":\"https:\\\/\\\/www.meydan.tv\\\/az\\\/article\\\/teatrda-yoxlamalarin-aqibeti-nazirlik-susur-direktor-da-danismaq-istemir\\\/#primaryimage\"},\"image\":{\"@id\":\"https:\\\/\\\/www.meydan.tv\\\/az\\\/article\\\/teatrda-yoxlamalarin-aqibeti-nazirlik-susur-direktor-da-danismaq-istemir\\\/#primaryimage\"},\"thumbnailUrl\":\"https:\\\/\\\/www.meydan.tv\\\/wp-content\\\/uploads\\\/dsc4183.jpg\",\"datePublished\":\"2023-01-10T10:56:45+00:00\",\"dateModified\":\"2023-01-10T11:07:14+00:00\",\"breadcrumb\":{\"@id\":\"https:\\\/\\\/www.meydan.tv\\\/az\\\/article\\\/teatrda-yoxlamalarin-aqibeti-nazirlik-susur-direktor-da-danismaq-istemir\\\/#breadcrumb\"},\"inLanguage\":\"az\",\"potentialAction\":[{\"@type\":\"ReadAction\",\"target\":[\"https:\\\/\\\/www.meydan.tv\\\/az\\\/article\\\/teatrda-yoxlamalarin-aqibeti-nazirlik-susur-direktor-da-danismaq-istemir\\\/\"]}]},{\"@type\":\"ImageObject\",\"inLanguage\":\"az\",\"@id\":\"https:\\\/\\\/www.meydan.tv\\\/az\\\/article\\\/teatrda-yoxlamalarin-aqibeti-nazirlik-susur-direktor-da-danismaq-istemir\\\/#primaryimage\",\"url\":\"https:\\\/\\\/www.meydan.tv\\\/wp-content\\\/uploads\\\/dsc4183.jpg\",\"contentUrl\":\"https:\\\/\\\/www.meydan.tv\\\/wp-content\\\/uploads\\\/dsc4183.jpg\",\"width\":1500,\"height\":1001,\"caption\":\"Kukla Teatr\u0131. M\u0259nb\u0259: \\\"kuklateatri.az\\\"\"},{\"@type\":\"BreadcrumbList\",\"@id\":\"https:\\\/\\\/www.meydan.tv\\\/az\\\/article\\\/teatrda-yoxlamalarin-aqibeti-nazirlik-susur-direktor-da-danismaq-istemir\\\/#breadcrumb\",\"itemListElement\":[{\"@type\":\"ListItem\",\"position\":1,\"name\":\"Ana s\u0259hif\u0259\",\"item\":\"https:\\\/\\\/www.meydan.tv\\\/az\\\/\"},{\"@type\":\"ListItem\",\"position\":2,\"name\":\"M\u0259d\u0259niyy\u0259t\",\"item\":\"https:\\\/\\\/www.meydan.tv\\\/az\\\/section\\\/medeniyyet\\\/\"},{\"@type\":\"ListItem\",\"position\":3,\"name\":\"Teatrda yoxlamalar\u0131n aqib\u0259ti: nazirlik susur, direktor da dan\u0131\u015fmaq ist\u0259mir\"}]},{\"@type\":\"WebSite\",\"@id\":\"https:\\\/\\\/www.meydan.tv\\\/az\\\/#website\",\"url\":\"https:\\\/\\\/www.meydan.tv\\\/az\\\/\",\"name\":\"MEYDAN.TV\",\"description\":\"Meydan TV Az\u0259rbaycan\u0131n media m\u0259kan\u0131ndak\u0131 alternativ s\u0259sidir\",\"publisher\":{\"@id\":\"https:\\\/\\\/www.meydan.tv\\\/az\\\/#organization\"},\"potentialAction\":[{\"@type\":\"SearchAction\",\"target\":{\"@type\":\"EntryPoint\",\"urlTemplate\":\"https:\\\/\\\/www.meydan.tv\\\/az\\\/?s={search_term_string}\"},\"query-input\":{\"@type\":\"PropertyValueSpecification\",\"valueRequired\":true,\"valueName\":\"search_term_string\"}}],\"inLanguage\":\"az\"},{\"@type\":\"Organization\",\"@id\":\"https:\\\/\\\/www.meydan.tv\\\/az\\\/#organization\",\"name\":\"Meydan TV\",\"url\":\"https:\\\/\\\/www.meydan.tv\\\/az\\\/\",\"logo\":{\"@type\":\"ImageObject\",\"inLanguage\":\"az\",\"@id\":\"https:\\\/\\\/www.meydan.tv\\\/az\\\/#\\\/schema\\\/logo\\\/image\\\/\",\"url\":\"https:\\\/\\\/www.meydan.tv\\\/wp-content\\\/uploads\\\/2021\\\/07\\\/meydan-logo.svg\",\"contentUrl\":\"https:\\\/\\\/www.meydan.tv\\\/wp-content\\\/uploads\\\/2021\\\/07\\\/meydan-logo.svg\",\"width\":195,\"height\":46,\"caption\":\"Meydan TV\"},\"image\":{\"@id\":\"https:\\\/\\\/www.meydan.tv\\\/az\\\/#\\\/schema\\\/logo\\\/image\\\/\"}},{\"@type\":\"Person\",\"@id\":\"https:\\\/\\\/www.meydan.tv\\\/az\\\/#\\\/schema\\\/person\\\/9cdbecf90d17180ce1dfbd95b08dcf47\",\"name\":\"elli\",\"sameAs\":[\"https:\\\/\\\/x.com\\\/elli\"]}]}<\/script>\n<!-- \/ Yoast SEO plugin. -->","yoast_head_json":{"title":"Teatrda yoxlamalar\u0131n aqib\u0259ti: nazirlik susur, direktor da dan\u0131\u015fmaq ist\u0259mir - MEYDAN.TV","robots":{"index":"index","follow":"follow","max-snippet":"max-snippet:-1","max-image-preview":"max-image-preview:large","max-video-preview":"max-video-preview:-1"},"canonical":"https:\/\/www.meydan.tv\/az\/article\/teatrda-yoxlamalarin-aqibeti-nazirlik-susur-direktor-da-danismaq-istemir\/","og_locale":"az_AZ","og_type":"article","og_title":"Teatrda yoxlamalar\u0131n aqib\u0259ti: nazirlik susur, direktor da dan\u0131\u015fmaq ist\u0259mir - MEYDAN.TV","og_description":"Yoxlamalar\u0131n yekun n\u0259tic\u0259si ictimaiyy\u0259t\u0259 a\u00e7\u0131qlanm\u0131r 2022-ci ilin sonlar\u0131na do\u011fru sabiq ... Davam\u0131","og_url":"https:\/\/www.meydan.tv\/az\/article\/teatrda-yoxlamalarin-aqibeti-nazirlik-susur-direktor-da-danismaq-istemir\/","og_site_name":"MEYDAN.TV","article_published_time":"2023-01-10T10:56:45+00:00","article_modified_time":"2023-01-10T11:07:14+00:00","og_image":[{"width":1500,"height":1001,"url":"https:\/\/www.meydan.tv\/wp-content\/uploads\/dsc4183.jpg","type":"image\/jpeg"}],"author":"elli","twitter_card":"summary_large_image","twitter_creator":"@elli","schema":{"@context":"https:\/\/schema.org","@graph":[{"@type":"Article","@id":"https:\/\/www.meydan.tv\/az\/article\/teatrda-yoxlamalarin-aqibeti-nazirlik-susur-direktor-da-danismaq-istemir\/#article","isPartOf":{"@id":"https:\/\/www.meydan.tv\/az\/article\/teatrda-yoxlamalarin-aqibeti-nazirlik-susur-direktor-da-danismaq-istemir\/"},"author":{"name":"elli","@id":"https:\/\/www.meydan.tv\/az\/#\/schema\/person\/9cdbecf90d17180ce1dfbd95b08dcf47"},"headline":"Teatrda yoxlamalar\u0131n aqib\u0259ti: nazirlik susur, direktor da dan\u0131\u015fmaq ist\u0259mir","datePublished":"2023-01-10T10:56:45+00:00","dateModified":"2023-01-10T11:07:14+00:00","mainEntityOfPage":{"@id":"https:\/\/www.meydan.tv\/az\/article\/teatrda-yoxlamalarin-aqibeti-nazirlik-susur-direktor-da-danismaq-istemir\/"},"wordCount":955,"publisher":{"@id":"https:\/\/www.meydan.tv\/az\/#organization"},"image":{"@id":"https:\/\/www.meydan.tv\/az\/article\/teatrda-yoxlamalarin-aqibeti-nazirlik-susur-direktor-da-danismaq-istemir\/#primaryimage"},"thumbnailUrl":"https:\/\/www.meydan.tv\/wp-content\/uploads\/dsc4183.jpg","articleSection":["M\u0259d\u0259niyy\u0259t","X\u0259b\u0259rl\u0259r"],"inLanguage":"az"},{"@type":"WebPage","@id":"https:\/\/www.meydan.tv\/az\/article\/teatrda-yoxlamalarin-aqibeti-nazirlik-susur-direktor-da-danismaq-istemir\/","url":"https:\/\/www.meydan.tv\/az\/article\/teatrda-yoxlamalarin-aqibeti-nazirlik-susur-direktor-da-danismaq-istemir\/","name":"Teatrda yoxlamalar\u0131n aqib\u0259ti: nazirlik susur, direktor da dan\u0131\u015fmaq ist\u0259mir - MEYDAN.TV","isPartOf":{"@id":"https:\/\/www.meydan.tv\/az\/#website"},"primaryImageOfPage":{"@id":"https:\/\/www.meydan.tv\/az\/article\/teatrda-yoxlamalarin-aqibeti-nazirlik-susur-direktor-da-danismaq-istemir\/#primaryimage"},"image":{"@id":"https:\/\/www.meydan.tv\/az\/article\/teatrda-yoxlamalarin-aqibeti-nazirlik-susur-direktor-da-danismaq-istemir\/#primaryimage"},"thumbnailUrl":"https:\/\/www.meydan.tv\/wp-content\/uploads\/dsc4183.jpg","datePublished":"2023-01-10T10:56:45+00:00","dateModified":"2023-01-10T11:07:14+00:00","breadcrumb":{"@id":"https:\/\/www.meydan.tv\/az\/article\/teatrda-yoxlamalarin-aqibeti-nazirlik-susur-direktor-da-danismaq-istemir\/#breadcrumb"},"inLanguage":"az","potentialAction":[{"@type":"ReadAction","target":["https:\/\/www.meydan.tv\/az\/article\/teatrda-yoxlamalarin-aqibeti-nazirlik-susur-direktor-da-danismaq-istemir\/"]}]},{"@type":"ImageObject","inLanguage":"az","@id":"https:\/\/www.meydan.tv\/az\/article\/teatrda-yoxlamalarin-aqibeti-nazirlik-susur-direktor-da-danismaq-istemir\/#primaryimage","url":"https:\/\/www.meydan.tv\/wp-content\/uploads\/dsc4183.jpg","contentUrl":"https:\/\/www.meydan.tv\/wp-content\/uploads\/dsc4183.jpg","width":1500,"height":1001,"caption":"Kukla Teatr\u0131. M\u0259nb\u0259: \"kuklateatri.az\""},{"@type":"BreadcrumbList","@id":"https:\/\/www.meydan.tv\/az\/article\/teatrda-yoxlamalarin-aqibeti-nazirlik-susur-direktor-da-danismaq-istemir\/#breadcrumb","itemListElement":[{"@type":"ListItem","position":1,"name":"Ana s\u0259hif\u0259","item":"https:\/\/www.meydan.tv\/az\/"},{"@type":"ListItem","position":2,"name":"M\u0259d\u0259niyy\u0259t","item":"https:\/\/www.meydan.tv\/az\/section\/medeniyyet\/"},{"@type":"ListItem","position":3,"name":"Teatrda yoxlamalar\u0131n aqib\u0259ti: nazirlik susur, direktor da dan\u0131\u015fmaq ist\u0259mir"}]},{"@type":"WebSite","@id":"https:\/\/www.meydan.tv\/az\/#website","url":"https:\/\/www.meydan.tv\/az\/","name":"MEYDAN.TV","description":"Meydan TV Az\u0259rbaycan\u0131n media m\u0259kan\u0131ndak\u0131 alternativ s\u0259sidir","publisher":{"@id":"https:\/\/www.meydan.tv\/az\/#organization"},"potentialAction":[{"@type":"SearchAction","target":{"@type":"EntryPoint","urlTemplate":"https:\/\/www.meydan.tv\/az\/?s={search_term_string}"},"query-input":{"@type":"PropertyValueSpecification","valueRequired":true,"valueName":"search_term_string"}}],"inLanguage":"az"},{"@type":"Organization","@id":"https:\/\/www.meydan.tv\/az\/#organization","name":"Meydan TV","url":"https:\/\/www.meydan.tv\/az\/","logo":{"@type":"ImageObject","inLanguage":"az","@id":"https:\/\/www.meydan.tv\/az\/#\/schema\/logo\/image\/","url":"https:\/\/www.meydan.tv\/wp-content\/uploads\/2021\/07\/meydan-logo.svg","contentUrl":"https:\/\/www.meydan.tv\/wp-content\/uploads\/2021\/07\/meydan-logo.svg","width":195,"height":46,"caption":"Meydan TV"},"image":{"@id":"https:\/\/www.meydan.tv\/az\/#\/schema\/logo\/image\/"}},{"@type":"Person","@id":"https:\/\/www.meydan.tv\/az\/#\/schema\/person\/9cdbecf90d17180ce1dfbd95b08dcf47","name":"elli","sameAs":["https:\/\/x.com\/elli"]}]}},"_links":{"self":[{"href":"https:\/\/www.meydan.tv\/az\/wp-json\/wp\/v2\/posts\/265378","targetHints":{"allow":["GET"]}}],"collection":[{"href":"https:\/\/www.meydan.tv\/az\/wp-json\/wp\/v2\/posts"}],"about":[{"href":"https:\/\/www.meydan.tv\/az\/wp-json\/wp\/v2\/types\/post"}],"author":[{"embeddable":true,"href":"https:\/\/www.meydan.tv\/az\/wp-json\/wp\/v2\/users\/8"}],"replies":[{"embeddable":true,"href":"https:\/\/www.meydan.tv\/az\/wp-json\/wp\/v2\/comments?post=265378"}],"version-history":[{"count":2,"href":"https:\/\/www.meydan.tv\/az\/wp-json\/wp\/v2\/posts\/265378\/revisions"}],"predecessor-version":[{"id":265381,"href":"https:\/\/www.meydan.tv\/az\/wp-json\/wp\/v2\/posts\/265378\/revisions\/265381"}],"wp:featuredmedia":[{"embeddable":true,"href":"https:\/\/www.meydan.tv\/az\/wp-json\/wp\/v2\/media\/261432"}],"wp:attachment":[{"href":"https:\/\/www.meydan.tv\/az\/wp-json\/wp\/v2\/media?parent=265378"}],"wp:term":[{"taxonomy":"category","embeddable":true,"href":"https:\/\/www.meydan.tv\/az\/wp-json\/wp\/v2\/categories?post=265378"},{"taxonomy":"post_tag","embeddable":true,"href":"https:\/\/www.meydan.tv\/az\/wp-json\/wp\/v2\/tags?post=265378"}],"curies":[{"name":"wp","href":"https:\/\/api.w.org\/{rel}","templated":true}]}}