{"id":265347,"date":"2023-01-10T12:07:50","date_gmt":"2023-01-10T08:07:50","guid":{"rendered":"https:\/\/www.meydan.tv\/?p=265347"},"modified":"2023-01-10T12:13:09","modified_gmt":"2023-01-10T08:13:09","slug":"abs-tofiq-yaqublu-ve-bextiyar-haciyevi-derhal-azad-etmeye-cagirib","status":"publish","type":"post","link":"https:\/\/www.meydan.tv\/az\/article\/abs-tofiq-yaqublu-ve-bextiyar-haciyevi-derhal-azad-etmeye-cagirib\/","title":{"rendered":"<strong>AB\u015e Tofiq Yaqublu v\u0259 B\u0259xtiyar Hac\u0131yevi\u00a0 d\u0259rhal azad etm\u0259y\u0259 \u00e7a\u011f\u0131r\u0131b<\/strong>"},"content":{"rendered":"\n<p><\/p>\n\n\n\n<p><em>Ned Prays Va\u015finqtonun h\u0259r iki \u015f\u0259xsin h\u0259bsind\u0259n narahat oldu\u011funu deyib<\/em><\/p>\n\n\n\n<p>AB\u015e Az\u0259rbaycan hakimiyy\u0259tini B\u0259xtiyar Hac\u0131yevin v\u0259 Tofiq Yaqublunun d\u0259rhal azad etm\u0259y\u0259 \u00e7a\u011f\u0131r\u0131b.<\/p>\n\n\n\n<p>Bu bar\u0259d\u0259 yanvar\u0131n 9-da&nbsp; D\u00f6vl\u0259t Departamentinin r\u0259smisi&nbsp; Ned Prays g\u00fcnd\u0259lik brifinqd\u0259 &#8220;Turan&#8221;\u0131n sual\u0131na cavabland\u0131rark\u0259n <a href=\"https:\/\/www.turan.az\/ext\/news\/2023\/1\/free\/politics_news\/az\/218.htm\" target=\"_blank\" rel=\"noreferrer noopener\">deyib<\/a>.<\/p>\n\n\n\n<p>Ned Prays Va\u015finqtonun B\u0259xtiyar Hac\u0131yevin v\u0259 Tofiq Yaqublunun h\u0259bsind\u0259n v\u0259 saxlan\u0131lmas\u0131ndan d\u0259rin narahatl\u0131q hissi ke\u00e7irdiyini s\u00f6yl\u0259yib.<\/p>\n\n\n\n<p>Onun s\u00f6zl\u0259rin\u0259 g\u00f6r\u0259, AB\u015e \u0259vv\u0259lki kimi insan h\u00fcquqlar\u0131 v\u0259 \u0259sas azadl\u0131qlar\u0131na h\u00f6rm\u0259tin t\u0259\u015fviqin\u0259 sadiqdir.<\/p>\n\n\n\n<p>&#8220;Biz bir daha h\u00f6kum\u0259ti \u00f6z v\u0259t\u0259nda\u015flar\u0131n\u0131n h\u00fcquqlar\u0131na, o c\u00fcml\u0259d\u0259n, bax\u0131\u015flar\u0131n\u0131 dinc \u015f\u0259kild\u0259 ifad\u0259 etm\u0259k h\u00fcququna h\u00f6rm\u0259t etm\u0259y\u0259 \u00e7a\u011f\u0131r\u0131r\u0131q&#8221;,- dey\u0259 Prays bildirib.<\/p>\n\n\n<div class=\"wp-block-image\">\n<figure class=\"aligncenter size-full\"><img decoding=\"async\" width=\"1200\" height=\"585\" data-src=\"https:\/\/www.meydan.tv\/wp-content\/uploads\/ned-prays-e1665658656655.jpg\" alt=\"\" class=\"wp-image-253944 lazyload\" src=\"data:image\/svg+xml;base64,PHN2ZyB3aWR0aD0iMSIgaGVpZ2h0PSIxIiB4bWxucz0iaHR0cDovL3d3dy53My5vcmcvMjAwMC9zdmciPjwvc3ZnPg==\" style=\"--smush-placeholder-width: 1200px; --smush-placeholder-aspect-ratio: 1200\/585;\" \/><figcaption class=\"wp-element-caption\">Ned Prays. Foto: Amerikan\u0131n s\u0259si<\/figcaption><\/figure>\n<\/div>\n\n\n<p>Dekabr\u0131n 9-dan h\u0259bsd\u0259 olan B\u0259xtiyar Hac\u0131yev Cinay\u0259t M\u0259c\u0259ll\u0259sinin 221.1 (xuliqanl\u0131q) v\u0259 289.1 (m\u0259hk\u0259m\u0259y\u0259 h\u00f6rm\u0259tsizlik) madd\u0259l\u0259ril\u0259 ittiham olunur.<\/p>\n\n\n\n<p>O, d\u00fcn\u0259n yenid\u0259n acl\u0131q aksiyas\u0131na ba\u015flay\u0131b.<\/p>\n\n\n\n<p>B\u0259xtiyar Hac\u0131yev\u0259 qar\u015f\u0131 cinay\u0259t i\u015find\u0259 s\u00f6hb\u0259t ictimai f\u0259alla jurnalist \u00dclviyy\u0259 Alovlu aras\u0131nda qalmaqaldan gedir. B\u0259xtiyar Hac\u0131yev uzun m\u00fcdd\u0259tdir ki, polis\u0259 \u015fikay\u0259t ed\u0259r\u0259k, \u00dclviyy\u0259 Alovlunun cinay\u0259t m\u0259suliyy\u0259tin\u0259 c\u0259lb olunmas\u0131n\u0131 t\u0259l\u0259b edirdi.<\/p>\n\n\n\n<p>Bir m\u00fcdd\u0259t \u00f6nc\u0259 sosial \u015f\u0259b\u0259k\u0259l\u0259rd\u0259 Yasamal rayon M\u0259hk\u0259m\u0259sind\u0259 B\u0259xtiyar Hac\u0131yevl\u0259 \u00dclviyy\u0259 Alovlu aras\u0131nda m\u0259hk\u0259m\u0259 prosesi zaman\u0131 ba\u015f ver\u0259nl\u0259rin videog\u00f6r\u00fcnt\u00fcs\u00fc yay\u0131lm\u0131\u015fd\u0131.<br>H\u0259min g\u00f6r\u00fcnt\u00fcl\u0259rd\u0259 B\u0259xtiyar Hac\u0131yev \u0259lind\u0259ki s\u0259n\u0259dl\u0259ri masan\u0131n \u00fcst\u00fcn\u0259 at\u0131r.<\/p>\n\n\n\n<p>\u0130ddia olunur ki, ictimai f\u0259al m\u0259hz buna g\u00f6r\u0259 xuliqanl\u0131q v\u0259 m\u0259hk\u0259m\u0259y\u0259 h\u00f6rm\u0259tsizlikd\u0259 ittiham edilir. Lakin B\u0259xtiyar Hac\u0131yev Daxili \u0130\u015fl\u0259r naziri Vilay\u0259t Eyvazovun sifari\u015fil\u0259 h\u0259bs olundu\u011funu iddia edir. O, zaman-zaman sosial media hesablar\u0131nda Vilay\u0259t Eyvazov v\u0259 nazirliyin f\u0259aliyy\u0259tini t\u0259nqid edirdi.<\/p>\n\n\n\n<figure class=\"wp-block-image size-full\"><img decoding=\"async\" width=\"1200\" height=\"800\" data-src=\"https:\/\/www.meydan.tv\/wp-content\/uploads\/untitled-design-3-58.jpg\" alt=\"\" class=\"wp-image-265349 lazyload\" src=\"data:image\/svg+xml;base64,PHN2ZyB3aWR0aD0iMSIgaGVpZ2h0PSIxIiB4bWxucz0iaHR0cDovL3d3dy53My5vcmcvMjAwMC9zdmciPjwvc3ZnPg==\" style=\"--smush-placeholder-width: 1200px; --smush-placeholder-aspect-ratio: 1200\/800;\" \/><figcaption class=\"wp-element-caption\">B\u0259xtiyar Hac\u0131yev v\u0259 Tofiq Yaqublu. Foto: Meydan TV<\/figcaption><\/figure>\n\n\n\n<p>O, 2022-ci ilin aprelind\u0259 nam\u0259lum \u015f\u0259xsl\u0259r t\u0259r\u0259find\u0259n paytaxt\u0131n m\u0259rk\u0259zind\u0259 o\u011furlanaraq, zorak\u0131l\u0131\u011fa m\u0259ruz qald\u0131\u011f\u0131n\u0131 deyirdi.<\/p>\n\n\n\n<p>Faktla ba\u011fl\u0131 cinay\u0259t i\u015fi ba\u015flansa da, bu g\u00fcn\u0259 q\u0259d\u0259r cinay\u0259ti t\u00f6r\u0259d\u0259n \u015f\u0259xsl\u0259r tap\u0131lmay\u0131b.<\/p>\n\n\n\n<p>Milli \u015euran\u0131n v\u0259 M\u00fcsavat Partiyas\u0131n\u0131n \u00fczv\u00fc Tofiq Yaqublu is\u0259 h\u0259bsd\u0259 yanvar\u0131n 5-d\u0259n ba\u015flad\u0131\u011f\u0131 acl\u0131\u011f\u0131 davam etdirir.<\/p>\n\n\n\n<p>Tofiq Yaqublu insan haqlar\u0131n\u0131n pozulmas\u0131, o c\u00fcml\u0259d\u0259n ictimai f\u0259al B\u0259xtiyar Hac\u0131yevin h\u0259bsin\u0259 etiraz olaraq, 23 dekabrda F\u0259vvar\u0259l\u0259r meydan\u0131nda ke\u00e7iril\u0259n etiraz aksiyas\u0131nda saxlan\u0131l\u0131b.<\/p>\n\n\n\n<p>O, h\u0259min g\u00fcn S\u0259bail Rayon M\u0259hk\u0259m\u0259sinin q\u0259rar\u0131yla \u0130nzibati X\u0259talar M\u0259c\u0259ll\u0259sinin 510-cu (x\u0131rda xuliqanl\u0131q) v\u0259 535.1-ci (polisin qanuni t\u0259l\u0259bin\u0259 tabe olmama) madd\u0259l\u0259ril\u0259 t\u0259qsirli bilinib v\u0259 ona 30 sutka inzibati h\u0259bs c\u0259zas\u0131 k\u0259silib.<\/p>\n","protected":false},"excerpt":{"rendered":"<p>Ned Prays Va\u015finqtonun h\u0259r iki \u015f\u0259xsin h\u0259bsind\u0259n narahat oldu\u011funu deyib &#8230; <\/p>\n<p class=\"read-more-container\"><a title=\"AB\u015e Tofiq Yaqublu v\u0259 B\u0259xtiyar Hac\u0131yevi\u00a0 d\u0259rhal azad etm\u0259y\u0259 \u00e7a\u011f\u0131r\u0131b\" class=\"read-more button\" href=\"https:\/\/www.meydan.tv\/az\/article\/abs-tofiq-yaqublu-ve-bextiyar-haciyevi-derhal-azad-etmeye-cagirib\/#more-265347\" aria-label=\"Read more about AB\u015e Tofiq Yaqublu v\u0259 B\u0259xtiyar Hac\u0131yevi\u00a0 d\u0259rhal azad etm\u0259y\u0259 \u00e7a\u011f\u0131r\u0131b\">Davam\u0131<\/a><\/p>\n","protected":false},"author":8,"featured_media":231009,"comment_status":"closed","ping_status":"closed","sticky":false,"template":"","format":"standard","meta":{"_acf_changed":false,"_sitemap_exclude":false,"_sitemap_priority":"","_sitemap_frequency":"","footnotes":""},"categories":[59,79,56],"tags":[],"class_list":["post-265347","post","type-post","status-publish","format-standard","has-post-thumbnail","hentry","category-siyaset","category-featured","category-xeberler","infinite-scroll-item","generate-columns","tablet-grid-50","mobile-grid-100","grid-parent","grid-33","no-featured-image-padding"],"acf":[],"yoast_head":"<!-- This site is optimized with the Yoast SEO plugin v27.4 - https:\/\/yoast.com\/product\/yoast-seo-wordpress\/ -->\n<title>AB\u015e Tofiq Yaqublu v\u0259 B\u0259xtiyar Hac\u0131yevi\u00a0 d\u0259rhal azad etm\u0259y\u0259 \u00e7a\u011f\u0131r\u0131b - MEYDAN.TV<\/title>\n<meta name=\"robots\" content=\"index, follow, max-snippet:-1, max-image-preview:large, max-video-preview:-1\" \/>\n<link rel=\"canonical\" href=\"https:\/\/www.meydan.tv\/az\/article\/abs-tofiq-yaqublu-ve-bextiyar-haciyevi-derhal-azad-etmeye-cagirib\/\" \/>\n<meta property=\"og:locale\" content=\"az_AZ\" \/>\n<meta property=\"og:type\" content=\"article\" \/>\n<meta property=\"og:title\" content=\"AB\u015e Tofiq Yaqublu v\u0259 B\u0259xtiyar Hac\u0131yevi\u00a0 d\u0259rhal azad etm\u0259y\u0259 \u00e7a\u011f\u0131r\u0131b - MEYDAN.TV\" \/>\n<meta property=\"og:description\" content=\"Ned Prays Va\u015finqtonun h\u0259r iki \u015f\u0259xsin h\u0259bsind\u0259n narahat oldu\u011funu deyib ... Davam\u0131\" \/>\n<meta property=\"og:url\" content=\"https:\/\/www.meydan.tv\/az\/article\/abs-tofiq-yaqublu-ve-bextiyar-haciyevi-derhal-azad-etmeye-cagirib\/\" \/>\n<meta property=\"og:site_name\" content=\"MEYDAN.TV\" \/>\n<meta property=\"article:published_time\" content=\"2023-01-10T08:07:50+00:00\" \/>\n<meta property=\"article:modified_time\" content=\"2023-01-10T08:13:09+00:00\" \/>\n<meta property=\"og:image\" content=\"https:\/\/www.meydan.tv\/wp-content\/uploads\/shutterstock_191832515-e1641453991979.jpg\" \/>\n\t<meta property=\"og:image:width\" content=\"1200\" \/>\n\t<meta property=\"og:image:height\" content=\"648\" \/>\n\t<meta property=\"og:image:type\" content=\"image\/jpeg\" \/>\n<meta name=\"author\" content=\"elli\" \/>\n<meta name=\"twitter:card\" content=\"summary_large_image\" \/>\n<meta name=\"twitter:creator\" content=\"@elli\" \/>\n<script type=\"application\/ld+json\" class=\"yoast-schema-graph\">{\"@context\":\"https:\\\/\\\/schema.org\",\"@graph\":[{\"@type\":\"Article\",\"@id\":\"https:\\\/\\\/www.meydan.tv\\\/az\\\/article\\\/abs-tofiq-yaqublu-ve-bextiyar-haciyevi-derhal-azad-etmeye-cagirib\\\/#article\",\"isPartOf\":{\"@id\":\"https:\\\/\\\/www.meydan.tv\\\/az\\\/article\\\/abs-tofiq-yaqublu-ve-bextiyar-haciyevi-derhal-azad-etmeye-cagirib\\\/\"},\"author\":{\"name\":\"elli\",\"@id\":\"https:\\\/\\\/www.meydan.tv\\\/az\\\/#\\\/schema\\\/person\\\/9cdbecf90d17180ce1dfbd95b08dcf47\"},\"headline\":\"AB\u015e Tofiq Yaqublu v\u0259 B\u0259xtiyar Hac\u0131yevi\u00a0 d\u0259rhal azad etm\u0259y\u0259 \u00e7a\u011f\u0131r\u0131b\",\"datePublished\":\"2023-01-10T08:07:50+00:00\",\"dateModified\":\"2023-01-10T08:13:09+00:00\",\"mainEntityOfPage\":{\"@id\":\"https:\\\/\\\/www.meydan.tv\\\/az\\\/article\\\/abs-tofiq-yaqublu-ve-bextiyar-haciyevi-derhal-azad-etmeye-cagirib\\\/\"},\"wordCount\":580,\"publisher\":{\"@id\":\"https:\\\/\\\/www.meydan.tv\\\/az\\\/#organization\"},\"image\":{\"@id\":\"https:\\\/\\\/www.meydan.tv\\\/az\\\/article\\\/abs-tofiq-yaqublu-ve-bextiyar-haciyevi-derhal-azad-etmeye-cagirib\\\/#primaryimage\"},\"thumbnailUrl\":\"https:\\\/\\\/www.meydan.tv\\\/wp-content\\\/uploads\\\/shutterstock_191832515-e1641453991979.jpg\",\"articleSection\":[\"Siyas\u0259t\",\"T\u00f6vsiy\u0259\",\"X\u0259b\u0259rl\u0259r\"],\"inLanguage\":\"az\"},{\"@type\":\"WebPage\",\"@id\":\"https:\\\/\\\/www.meydan.tv\\\/az\\\/article\\\/abs-tofiq-yaqublu-ve-bextiyar-haciyevi-derhal-azad-etmeye-cagirib\\\/\",\"url\":\"https:\\\/\\\/www.meydan.tv\\\/az\\\/article\\\/abs-tofiq-yaqublu-ve-bextiyar-haciyevi-derhal-azad-etmeye-cagirib\\\/\",\"name\":\"AB\u015e Tofiq Yaqublu v\u0259 B\u0259xtiyar Hac\u0131yevi\u00a0 d\u0259rhal azad etm\u0259y\u0259 \u00e7a\u011f\u0131r\u0131b - MEYDAN.TV\",\"isPartOf\":{\"@id\":\"https:\\\/\\\/www.meydan.tv\\\/az\\\/#website\"},\"primaryImageOfPage\":{\"@id\":\"https:\\\/\\\/www.meydan.tv\\\/az\\\/article\\\/abs-tofiq-yaqublu-ve-bextiyar-haciyevi-derhal-azad-etmeye-cagirib\\\/#primaryimage\"},\"image\":{\"@id\":\"https:\\\/\\\/www.meydan.tv\\\/az\\\/article\\\/abs-tofiq-yaqublu-ve-bextiyar-haciyevi-derhal-azad-etmeye-cagirib\\\/#primaryimage\"},\"thumbnailUrl\":\"https:\\\/\\\/www.meydan.tv\\\/wp-content\\\/uploads\\\/shutterstock_191832515-e1641453991979.jpg\",\"datePublished\":\"2023-01-10T08:07:50+00:00\",\"dateModified\":\"2023-01-10T08:13:09+00:00\",\"breadcrumb\":{\"@id\":\"https:\\\/\\\/www.meydan.tv\\\/az\\\/article\\\/abs-tofiq-yaqublu-ve-bextiyar-haciyevi-derhal-azad-etmeye-cagirib\\\/#breadcrumb\"},\"inLanguage\":\"az\",\"potentialAction\":[{\"@type\":\"ReadAction\",\"target\":[\"https:\\\/\\\/www.meydan.tv\\\/az\\\/article\\\/abs-tofiq-yaqublu-ve-bextiyar-haciyevi-derhal-azad-etmeye-cagirib\\\/\"]}]},{\"@type\":\"ImageObject\",\"inLanguage\":\"az\",\"@id\":\"https:\\\/\\\/www.meydan.tv\\\/az\\\/article\\\/abs-tofiq-yaqublu-ve-bextiyar-haciyevi-derhal-azad-etmeye-cagirib\\\/#primaryimage\",\"url\":\"https:\\\/\\\/www.meydan.tv\\\/wp-content\\\/uploads\\\/shutterstock_191832515-e1641453991979.jpg\",\"contentUrl\":\"https:\\\/\\\/www.meydan.tv\\\/wp-content\\\/uploads\\\/shutterstock_191832515-e1641453991979.jpg\",\"width\":1200,\"height\":648,\"caption\":\"AB\u015e D\u00f6vl\u0259t Departamenti. Foto: oceanfishing\\\/Shutterstock\"},{\"@type\":\"BreadcrumbList\",\"@id\":\"https:\\\/\\\/www.meydan.tv\\\/az\\\/article\\\/abs-tofiq-yaqublu-ve-bextiyar-haciyevi-derhal-azad-etmeye-cagirib\\\/#breadcrumb\",\"itemListElement\":[{\"@type\":\"ListItem\",\"position\":1,\"name\":\"Ana s\u0259hif\u0259\",\"item\":\"https:\\\/\\\/www.meydan.tv\\\/az\\\/\"},{\"@type\":\"ListItem\",\"position\":2,\"name\":\"Siyas\u0259t\",\"item\":\"https:\\\/\\\/www.meydan.tv\\\/az\\\/section\\\/siyaset\\\/\"},{\"@type\":\"ListItem\",\"position\":3,\"name\":\"AB\u015e Tofiq Yaqublu v\u0259 B\u0259xtiyar Hac\u0131yevi\u00a0 d\u0259rhal azad etm\u0259y\u0259 \u00e7a\u011f\u0131r\u0131b\"}]},{\"@type\":\"WebSite\",\"@id\":\"https:\\\/\\\/www.meydan.tv\\\/az\\\/#website\",\"url\":\"https:\\\/\\\/www.meydan.tv\\\/az\\\/\",\"name\":\"MEYDAN.TV\",\"description\":\"Meydan TV Az\u0259rbaycan\u0131n media m\u0259kan\u0131ndak\u0131 alternativ s\u0259sidir\",\"publisher\":{\"@id\":\"https:\\\/\\\/www.meydan.tv\\\/az\\\/#organization\"},\"potentialAction\":[{\"@type\":\"SearchAction\",\"target\":{\"@type\":\"EntryPoint\",\"urlTemplate\":\"https:\\\/\\\/www.meydan.tv\\\/az\\\/?s={search_term_string}\"},\"query-input\":{\"@type\":\"PropertyValueSpecification\",\"valueRequired\":true,\"valueName\":\"search_term_string\"}}],\"inLanguage\":\"az\"},{\"@type\":\"Organization\",\"@id\":\"https:\\\/\\\/www.meydan.tv\\\/az\\\/#organization\",\"name\":\"Meydan TV\",\"url\":\"https:\\\/\\\/www.meydan.tv\\\/az\\\/\",\"logo\":{\"@type\":\"ImageObject\",\"inLanguage\":\"az\",\"@id\":\"https:\\\/\\\/www.meydan.tv\\\/az\\\/#\\\/schema\\\/logo\\\/image\\\/\",\"url\":\"https:\\\/\\\/www.meydan.tv\\\/wp-content\\\/uploads\\\/2021\\\/07\\\/meydan-logo.svg\",\"contentUrl\":\"https:\\\/\\\/www.meydan.tv\\\/wp-content\\\/uploads\\\/2021\\\/07\\\/meydan-logo.svg\",\"width\":195,\"height\":46,\"caption\":\"Meydan TV\"},\"image\":{\"@id\":\"https:\\\/\\\/www.meydan.tv\\\/az\\\/#\\\/schema\\\/logo\\\/image\\\/\"}},{\"@type\":\"Person\",\"@id\":\"https:\\\/\\\/www.meydan.tv\\\/az\\\/#\\\/schema\\\/person\\\/9cdbecf90d17180ce1dfbd95b08dcf47\",\"name\":\"elli\",\"sameAs\":[\"https:\\\/\\\/x.com\\\/elli\"]}]}<\/script>\n<!-- \/ Yoast SEO plugin. -->","yoast_head_json":{"title":"AB\u015e Tofiq Yaqublu v\u0259 B\u0259xtiyar Hac\u0131yevi\u00a0 d\u0259rhal azad etm\u0259y\u0259 \u00e7a\u011f\u0131r\u0131b - MEYDAN.TV","robots":{"index":"index","follow":"follow","max-snippet":"max-snippet:-1","max-image-preview":"max-image-preview:large","max-video-preview":"max-video-preview:-1"},"canonical":"https:\/\/www.meydan.tv\/az\/article\/abs-tofiq-yaqublu-ve-bextiyar-haciyevi-derhal-azad-etmeye-cagirib\/","og_locale":"az_AZ","og_type":"article","og_title":"AB\u015e Tofiq Yaqublu v\u0259 B\u0259xtiyar Hac\u0131yevi\u00a0 d\u0259rhal azad etm\u0259y\u0259 \u00e7a\u011f\u0131r\u0131b - MEYDAN.TV","og_description":"Ned Prays Va\u015finqtonun h\u0259r iki \u015f\u0259xsin h\u0259bsind\u0259n narahat oldu\u011funu deyib ... Davam\u0131","og_url":"https:\/\/www.meydan.tv\/az\/article\/abs-tofiq-yaqublu-ve-bextiyar-haciyevi-derhal-azad-etmeye-cagirib\/","og_site_name":"MEYDAN.TV","article_published_time":"2023-01-10T08:07:50+00:00","article_modified_time":"2023-01-10T08:13:09+00:00","og_image":[{"width":1200,"height":648,"url":"https:\/\/www.meydan.tv\/wp-content\/uploads\/shutterstock_191832515-e1641453991979.jpg","type":"image\/jpeg"}],"author":"elli","twitter_card":"summary_large_image","twitter_creator":"@elli","schema":{"@context":"https:\/\/schema.org","@graph":[{"@type":"Article","@id":"https:\/\/www.meydan.tv\/az\/article\/abs-tofiq-yaqublu-ve-bextiyar-haciyevi-derhal-azad-etmeye-cagirib\/#article","isPartOf":{"@id":"https:\/\/www.meydan.tv\/az\/article\/abs-tofiq-yaqublu-ve-bextiyar-haciyevi-derhal-azad-etmeye-cagirib\/"},"author":{"name":"elli","@id":"https:\/\/www.meydan.tv\/az\/#\/schema\/person\/9cdbecf90d17180ce1dfbd95b08dcf47"},"headline":"AB\u015e Tofiq Yaqublu v\u0259 B\u0259xtiyar Hac\u0131yevi\u00a0 d\u0259rhal azad etm\u0259y\u0259 \u00e7a\u011f\u0131r\u0131b","datePublished":"2023-01-10T08:07:50+00:00","dateModified":"2023-01-10T08:13:09+00:00","mainEntityOfPage":{"@id":"https:\/\/www.meydan.tv\/az\/article\/abs-tofiq-yaqublu-ve-bextiyar-haciyevi-derhal-azad-etmeye-cagirib\/"},"wordCount":580,"publisher":{"@id":"https:\/\/www.meydan.tv\/az\/#organization"},"image":{"@id":"https:\/\/www.meydan.tv\/az\/article\/abs-tofiq-yaqublu-ve-bextiyar-haciyevi-derhal-azad-etmeye-cagirib\/#primaryimage"},"thumbnailUrl":"https:\/\/www.meydan.tv\/wp-content\/uploads\/shutterstock_191832515-e1641453991979.jpg","articleSection":["Siyas\u0259t","T\u00f6vsiy\u0259","X\u0259b\u0259rl\u0259r"],"inLanguage":"az"},{"@type":"WebPage","@id":"https:\/\/www.meydan.tv\/az\/article\/abs-tofiq-yaqublu-ve-bextiyar-haciyevi-derhal-azad-etmeye-cagirib\/","url":"https:\/\/www.meydan.tv\/az\/article\/abs-tofiq-yaqublu-ve-bextiyar-haciyevi-derhal-azad-etmeye-cagirib\/","name":"AB\u015e Tofiq Yaqublu v\u0259 B\u0259xtiyar Hac\u0131yevi\u00a0 d\u0259rhal azad etm\u0259y\u0259 \u00e7a\u011f\u0131r\u0131b - MEYDAN.TV","isPartOf":{"@id":"https:\/\/www.meydan.tv\/az\/#website"},"primaryImageOfPage":{"@id":"https:\/\/www.meydan.tv\/az\/article\/abs-tofiq-yaqublu-ve-bextiyar-haciyevi-derhal-azad-etmeye-cagirib\/#primaryimage"},"image":{"@id":"https:\/\/www.meydan.tv\/az\/article\/abs-tofiq-yaqublu-ve-bextiyar-haciyevi-derhal-azad-etmeye-cagirib\/#primaryimage"},"thumbnailUrl":"https:\/\/www.meydan.tv\/wp-content\/uploads\/shutterstock_191832515-e1641453991979.jpg","datePublished":"2023-01-10T08:07:50+00:00","dateModified":"2023-01-10T08:13:09+00:00","breadcrumb":{"@id":"https:\/\/www.meydan.tv\/az\/article\/abs-tofiq-yaqublu-ve-bextiyar-haciyevi-derhal-azad-etmeye-cagirib\/#breadcrumb"},"inLanguage":"az","potentialAction":[{"@type":"ReadAction","target":["https:\/\/www.meydan.tv\/az\/article\/abs-tofiq-yaqublu-ve-bextiyar-haciyevi-derhal-azad-etmeye-cagirib\/"]}]},{"@type":"ImageObject","inLanguage":"az","@id":"https:\/\/www.meydan.tv\/az\/article\/abs-tofiq-yaqublu-ve-bextiyar-haciyevi-derhal-azad-etmeye-cagirib\/#primaryimage","url":"https:\/\/www.meydan.tv\/wp-content\/uploads\/shutterstock_191832515-e1641453991979.jpg","contentUrl":"https:\/\/www.meydan.tv\/wp-content\/uploads\/shutterstock_191832515-e1641453991979.jpg","width":1200,"height":648,"caption":"AB\u015e D\u00f6vl\u0259t Departamenti. Foto: oceanfishing\/Shutterstock"},{"@type":"BreadcrumbList","@id":"https:\/\/www.meydan.tv\/az\/article\/abs-tofiq-yaqublu-ve-bextiyar-haciyevi-derhal-azad-etmeye-cagirib\/#breadcrumb","itemListElement":[{"@type":"ListItem","position":1,"name":"Ana s\u0259hif\u0259","item":"https:\/\/www.meydan.tv\/az\/"},{"@type":"ListItem","position":2,"name":"Siyas\u0259t","item":"https:\/\/www.meydan.tv\/az\/section\/siyaset\/"},{"@type":"ListItem","position":3,"name":"AB\u015e Tofiq Yaqublu v\u0259 B\u0259xtiyar Hac\u0131yevi\u00a0 d\u0259rhal azad etm\u0259y\u0259 \u00e7a\u011f\u0131r\u0131b"}]},{"@type":"WebSite","@id":"https:\/\/www.meydan.tv\/az\/#website","url":"https:\/\/www.meydan.tv\/az\/","name":"MEYDAN.TV","description":"Meydan TV Az\u0259rbaycan\u0131n media m\u0259kan\u0131ndak\u0131 alternativ s\u0259sidir","publisher":{"@id":"https:\/\/www.meydan.tv\/az\/#organization"},"potentialAction":[{"@type":"SearchAction","target":{"@type":"EntryPoint","urlTemplate":"https:\/\/www.meydan.tv\/az\/?s={search_term_string}"},"query-input":{"@type":"PropertyValueSpecification","valueRequired":true,"valueName":"search_term_string"}}],"inLanguage":"az"},{"@type":"Organization","@id":"https:\/\/www.meydan.tv\/az\/#organization","name":"Meydan TV","url":"https:\/\/www.meydan.tv\/az\/","logo":{"@type":"ImageObject","inLanguage":"az","@id":"https:\/\/www.meydan.tv\/az\/#\/schema\/logo\/image\/","url":"https:\/\/www.meydan.tv\/wp-content\/uploads\/2021\/07\/meydan-logo.svg","contentUrl":"https:\/\/www.meydan.tv\/wp-content\/uploads\/2021\/07\/meydan-logo.svg","width":195,"height":46,"caption":"Meydan TV"},"image":{"@id":"https:\/\/www.meydan.tv\/az\/#\/schema\/logo\/image\/"}},{"@type":"Person","@id":"https:\/\/www.meydan.tv\/az\/#\/schema\/person\/9cdbecf90d17180ce1dfbd95b08dcf47","name":"elli","sameAs":["https:\/\/x.com\/elli"]}]}},"_links":{"self":[{"href":"https:\/\/www.meydan.tv\/az\/wp-json\/wp\/v2\/posts\/265347","targetHints":{"allow":["GET"]}}],"collection":[{"href":"https:\/\/www.meydan.tv\/az\/wp-json\/wp\/v2\/posts"}],"about":[{"href":"https:\/\/www.meydan.tv\/az\/wp-json\/wp\/v2\/types\/post"}],"author":[{"embeddable":true,"href":"https:\/\/www.meydan.tv\/az\/wp-json\/wp\/v2\/users\/8"}],"replies":[{"embeddable":true,"href":"https:\/\/www.meydan.tv\/az\/wp-json\/wp\/v2\/comments?post=265347"}],"version-history":[{"count":2,"href":"https:\/\/www.meydan.tv\/az\/wp-json\/wp\/v2\/posts\/265347\/revisions"}],"predecessor-version":[{"id":265352,"href":"https:\/\/www.meydan.tv\/az\/wp-json\/wp\/v2\/posts\/265347\/revisions\/265352"}],"wp:featuredmedia":[{"embeddable":true,"href":"https:\/\/www.meydan.tv\/az\/wp-json\/wp\/v2\/media\/231009"}],"wp:attachment":[{"href":"https:\/\/www.meydan.tv\/az\/wp-json\/wp\/v2\/media?parent=265347"}],"wp:term":[{"taxonomy":"category","embeddable":true,"href":"https:\/\/www.meydan.tv\/az\/wp-json\/wp\/v2\/categories?post=265347"},{"taxonomy":"post_tag","embeddable":true,"href":"https:\/\/www.meydan.tv\/az\/wp-json\/wp\/v2\/tags?post=265347"}],"curies":[{"name":"wp","href":"https:\/\/api.w.org\/{rel}","templated":true}]}}