{"id":265281,"date":"2023-01-09T15:03:30","date_gmt":"2023-01-09T11:03:30","guid":{"rendered":"https:\/\/www.meydan.tv\/?p=265281"},"modified":"2023-01-09T15:03:32","modified_gmt":"2023-01-09T11:03:32","slug":"resmi-bakida-qarda-yixilan-16-nefer-xesaret-alib-onlardan-biri-xestexanaya-yerlesdirilib","status":"publish","type":"post","link":"https:\/\/www.meydan.tv\/az\/article\/resmi-bakida-qarda-yixilan-16-nefer-xesaret-alib-onlardan-biri-xestexanaya-yerlesdirilib\/","title":{"rendered":"R\u0259smi: Bak\u0131da qarda y\u0131x\u0131lan 16 n\u0259f\u0259r x\u0259sar\u0259t al\u0131b, onlardan biri x\u0259st\u0259xanaya yerl\u0259\u015fdirilib"},"content":{"rendered":"\n<p><\/p>\n\n\n\n<p><em>X\u0259sar\u0259t alanlar\u0131n \u0259ks\u0259riyy\u0259ti qad\u0131nlard\u0131r<\/em><\/p>\n\n\n\n<p>Bak\u0131da qarl\u0131 hava \u015f\u0259raiti il\u0259 \u0259laq\u0259dar olaraq dekabr\u0131n 8-d\u0259 ax\u015fam saatlar\u0131ndan etibar\u0259n S\u0259hiyy\u0259 Nazirliyi Elmi-T\u0259dqiqat Travmatologiya v\u0259 Ortopediya \u0130nstitutuna 12 n\u0259f\u0259r (11 qad\u0131n, 1 ki\u015fi) m\u00fcxt\u0259lif d\u0259r\u0259c\u0259li b\u0259d\u0259n x\u0259sar\u0259tl\u0259ri il\u0259 m\u00fcraci\u0259t edib.<\/p>\n\n\n\n<p>S\u0259hiyy\u0259 Nazirliyi il\u0259 T\u018fB\u0130B-in birg\u0259 m\u0259lumat\u0131na g\u00f6r\u0259, z\u0259r\u0259r\u00e7\u0259k\u0259nl\u0259r tibbi yard\u0131m g\u00f6st\u0259rildikd\u0259n sonra ambulator m\u00fcalic\u0259 \u00fc\u00e7\u00fcn ev\u0259 burax\u0131l\u0131blar.<\/p>\n\n\n\n<p>\u201cH\u0259m\u00e7inin qarl\u0131 hava \u015f\u0259raiti il\u0259 \u0259laq\u0259dar y\u0131x\u0131lma s\u0259b\u0259bil\u0259 Bak\u0131 \u015e\u0259h\u0259ri T\u0259cili v\u0259 T\u0259xir\u0259sal\u0131nmaz Tibbi Yard\u0131m Stansiyas\u0131na 16 m\u00fcraci\u0259t daxil olub. Onlardan 13-\u00fc qad\u0131n, 3-\u00fc ki\u015fidir.&nbsp; M\u00fcraci\u0259tl\u0259r \u0259sas\u0259n oynaq, \u00e7anaq, bil\u0259k, topuq, \u0259l nahiy\u0259l\u0259rinin taravmalar\u0131 il\u0259 ba\u011fl\u0131 olub.&nbsp; X\u0259sar\u0259t alanlardan biri u\u015faq, dig\u0259rl\u0259ri is\u0259 42-61 ya\u015f aral\u0131\u011f\u0131nda \u015f\u0259xsl\u0259r olub. X\u0259sar\u0259t alanlar\u0131n h\u0259r biri aidiyy\u0259ti \u00fczr\u0259 tibb m\u00fc\u0259ssis\u0259l\u0259rin\u0259 hospitalizasiya olunub\u201d, &#8211; m\u0259lumatda vur\u011fulan\u0131b.<\/p>\n","protected":false},"excerpt":{"rendered":"<p>X\u0259sar\u0259t alanlar\u0131n \u0259ks\u0259riyy\u0259ti qad\u0131nlard\u0131r Bak\u0131da qarl\u0131 hava \u015f\u0259raiti il\u0259 \u0259laq\u0259dar &#8230; <\/p>\n<p class=\"read-more-container\"><a title=\"R\u0259smi: Bak\u0131da qarda y\u0131x\u0131lan 16 n\u0259f\u0259r x\u0259sar\u0259t al\u0131b, onlardan biri x\u0259st\u0259xanaya yerl\u0259\u015fdirilib\" class=\"read-more button\" href=\"https:\/\/www.meydan.tv\/az\/article\/resmi-bakida-qarda-yixilan-16-nefer-xesaret-alib-onlardan-biri-xestexanaya-yerlesdirilib\/#more-265281\" aria-label=\"Read more about R\u0259smi: Bak\u0131da qarda y\u0131x\u0131lan 16 n\u0259f\u0259r x\u0259sar\u0259t al\u0131b, onlardan biri x\u0259st\u0259xanaya yerl\u0259\u015fdirilib\">Davam\u0131<\/a><\/p>\n","protected":false},"author":8,"featured_media":265282,"comment_status":"closed","ping_status":"closed","sticky":false,"template":"","format":"standard","meta":{"_acf_changed":false,"_sitemap_exclude":false,"_sitemap_priority":"","_sitemap_frequency":"","footnotes":""},"categories":[56],"tags":[],"class_list":["post-265281","post","type-post","status-publish","format-standard","has-post-thumbnail","hentry","category-xeberler","infinite-scroll-item","generate-columns","tablet-grid-50","mobile-grid-100","grid-parent","grid-33","no-featured-image-padding"],"acf":[],"yoast_head":"<!-- This site is optimized with the Yoast SEO plugin v27.4 - https:\/\/yoast.com\/product\/yoast-seo-wordpress\/ -->\n<title>R\u0259smi: Bak\u0131da qarda y\u0131x\u0131lan 16 n\u0259f\u0259r x\u0259sar\u0259t al\u0131b, onlardan biri x\u0259st\u0259xanaya yerl\u0259\u015fdirilib - MEYDAN.TV<\/title>\n<meta name=\"robots\" content=\"index, follow, max-snippet:-1, max-image-preview:large, max-video-preview:-1\" \/>\n<link rel=\"canonical\" href=\"https:\/\/www.meydan.tv\/az\/article\/resmi-bakida-qarda-yixilan-16-nefer-xesaret-alib-onlardan-biri-xestexanaya-yerlesdirilib\/\" \/>\n<meta property=\"og:locale\" content=\"az_AZ\" \/>\n<meta property=\"og:type\" content=\"article\" \/>\n<meta property=\"og:title\" content=\"R\u0259smi: Bak\u0131da qarda y\u0131x\u0131lan 16 n\u0259f\u0259r x\u0259sar\u0259t al\u0131b, onlardan biri x\u0259st\u0259xanaya yerl\u0259\u015fdirilib - MEYDAN.TV\" \/>\n<meta property=\"og:description\" content=\"X\u0259sar\u0259t alanlar\u0131n \u0259ks\u0259riyy\u0259ti qad\u0131nlard\u0131r Bak\u0131da qarl\u0131 hava \u015f\u0259raiti il\u0259 \u0259laq\u0259dar ... Davam\u0131\" \/>\n<meta property=\"og:url\" content=\"https:\/\/www.meydan.tv\/az\/article\/resmi-bakida-qarda-yixilan-16-nefer-xesaret-alib-onlardan-biri-xestexanaya-yerlesdirilib\/\" \/>\n<meta property=\"og:site_name\" content=\"MEYDAN.TV\" \/>\n<meta property=\"article:published_time\" content=\"2023-01-09T11:03:30+00:00\" \/>\n<meta property=\"article:modified_time\" content=\"2023-01-09T11:03:32+00:00\" \/>\n<meta property=\"og:image\" content=\"https:\/\/www.meydan.tv\/wp-content\/uploads\/shutterstock_1903231150.jpg\" \/>\n\t<meta property=\"og:image:width\" content=\"1200\" \/>\n\t<meta property=\"og:image:height\" content=\"799\" \/>\n\t<meta property=\"og:image:type\" content=\"image\/jpeg\" \/>\n<meta name=\"author\" content=\"elli\" \/>\n<meta name=\"twitter:card\" content=\"summary_large_image\" \/>\n<meta name=\"twitter:creator\" content=\"@elli\" \/>\n<script type=\"application\/ld+json\" class=\"yoast-schema-graph\">{\"@context\":\"https:\\\/\\\/schema.org\",\"@graph\":[{\"@type\":\"Article\",\"@id\":\"https:\\\/\\\/www.meydan.tv\\\/az\\\/article\\\/resmi-bakida-qarda-yixilan-16-nefer-xesaret-alib-onlardan-biri-xestexanaya-yerlesdirilib\\\/#article\",\"isPartOf\":{\"@id\":\"https:\\\/\\\/www.meydan.tv\\\/az\\\/article\\\/resmi-bakida-qarda-yixilan-16-nefer-xesaret-alib-onlardan-biri-xestexanaya-yerlesdirilib\\\/\"},\"author\":{\"name\":\"elli\",\"@id\":\"https:\\\/\\\/www.meydan.tv\\\/az\\\/#\\\/schema\\\/person\\\/9cdbecf90d17180ce1dfbd95b08dcf47\"},\"headline\":\"R\u0259smi: Bak\u0131da qarda y\u0131x\u0131lan 16 n\u0259f\u0259r x\u0259sar\u0259t al\u0131b, onlardan biri x\u0259st\u0259xanaya yerl\u0259\u015fdirilib\",\"datePublished\":\"2023-01-09T11:03:30+00:00\",\"dateModified\":\"2023-01-09T11:03:32+00:00\",\"mainEntityOfPage\":{\"@id\":\"https:\\\/\\\/www.meydan.tv\\\/az\\\/article\\\/resmi-bakida-qarda-yixilan-16-nefer-xesaret-alib-onlardan-biri-xestexanaya-yerlesdirilib\\\/\"},\"wordCount\":228,\"publisher\":{\"@id\":\"https:\\\/\\\/www.meydan.tv\\\/az\\\/#organization\"},\"image\":{\"@id\":\"https:\\\/\\\/www.meydan.tv\\\/az\\\/article\\\/resmi-bakida-qarda-yixilan-16-nefer-xesaret-alib-onlardan-biri-xestexanaya-yerlesdirilib\\\/#primaryimage\"},\"thumbnailUrl\":\"https:\\\/\\\/www.meydan.tv\\\/wp-content\\\/uploads\\\/shutterstock_1903231150.jpg\",\"articleSection\":[\"X\u0259b\u0259rl\u0259r\"],\"inLanguage\":\"az\"},{\"@type\":\"WebPage\",\"@id\":\"https:\\\/\\\/www.meydan.tv\\\/az\\\/article\\\/resmi-bakida-qarda-yixilan-16-nefer-xesaret-alib-onlardan-biri-xestexanaya-yerlesdirilib\\\/\",\"url\":\"https:\\\/\\\/www.meydan.tv\\\/az\\\/article\\\/resmi-bakida-qarda-yixilan-16-nefer-xesaret-alib-onlardan-biri-xestexanaya-yerlesdirilib\\\/\",\"name\":\"R\u0259smi: Bak\u0131da qarda y\u0131x\u0131lan 16 n\u0259f\u0259r x\u0259sar\u0259t al\u0131b, onlardan biri x\u0259st\u0259xanaya yerl\u0259\u015fdirilib - MEYDAN.TV\",\"isPartOf\":{\"@id\":\"https:\\\/\\\/www.meydan.tv\\\/az\\\/#website\"},\"primaryImageOfPage\":{\"@id\":\"https:\\\/\\\/www.meydan.tv\\\/az\\\/article\\\/resmi-bakida-qarda-yixilan-16-nefer-xesaret-alib-onlardan-biri-xestexanaya-yerlesdirilib\\\/#primaryimage\"},\"image\":{\"@id\":\"https:\\\/\\\/www.meydan.tv\\\/az\\\/article\\\/resmi-bakida-qarda-yixilan-16-nefer-xesaret-alib-onlardan-biri-xestexanaya-yerlesdirilib\\\/#primaryimage\"},\"thumbnailUrl\":\"https:\\\/\\\/www.meydan.tv\\\/wp-content\\\/uploads\\\/shutterstock_1903231150.jpg\",\"datePublished\":\"2023-01-09T11:03:30+00:00\",\"dateModified\":\"2023-01-09T11:03:32+00:00\",\"breadcrumb\":{\"@id\":\"https:\\\/\\\/www.meydan.tv\\\/az\\\/article\\\/resmi-bakida-qarda-yixilan-16-nefer-xesaret-alib-onlardan-biri-xestexanaya-yerlesdirilib\\\/#breadcrumb\"},\"inLanguage\":\"az\",\"potentialAction\":[{\"@type\":\"ReadAction\",\"target\":[\"https:\\\/\\\/www.meydan.tv\\\/az\\\/article\\\/resmi-bakida-qarda-yixilan-16-nefer-xesaret-alib-onlardan-biri-xestexanaya-yerlesdirilib\\\/\"]}]},{\"@type\":\"ImageObject\",\"inLanguage\":\"az\",\"@id\":\"https:\\\/\\\/www.meydan.tv\\\/az\\\/article\\\/resmi-bakida-qarda-yixilan-16-nefer-xesaret-alib-onlardan-biri-xestexanaya-yerlesdirilib\\\/#primaryimage\",\"url\":\"https:\\\/\\\/www.meydan.tv\\\/wp-content\\\/uploads\\\/shutterstock_1903231150.jpg\",\"contentUrl\":\"https:\\\/\\\/www.meydan.tv\\\/wp-content\\\/uploads\\\/shutterstock_1903231150.jpg\",\"width\":1200,\"height\":799,\"caption\":\"Qarda y\u0131x\u0131lan. M\u0259nb\u0259: Vaillery\\\/shutterstock\"},{\"@type\":\"BreadcrumbList\",\"@id\":\"https:\\\/\\\/www.meydan.tv\\\/az\\\/article\\\/resmi-bakida-qarda-yixilan-16-nefer-xesaret-alib-onlardan-biri-xestexanaya-yerlesdirilib\\\/#breadcrumb\",\"itemListElement\":[{\"@type\":\"ListItem\",\"position\":1,\"name\":\"Ana s\u0259hif\u0259\",\"item\":\"https:\\\/\\\/www.meydan.tv\\\/az\\\/\"},{\"@type\":\"ListItem\",\"position\":2,\"name\":\"X\u0259b\u0259rl\u0259r\",\"item\":\"https:\\\/\\\/www.meydan.tv\\\/az\\\/section\\\/xeberler\\\/\"},{\"@type\":\"ListItem\",\"position\":3,\"name\":\"R\u0259smi: Bak\u0131da qarda y\u0131x\u0131lan 16 n\u0259f\u0259r x\u0259sar\u0259t al\u0131b, onlardan biri x\u0259st\u0259xanaya yerl\u0259\u015fdirilib\"}]},{\"@type\":\"WebSite\",\"@id\":\"https:\\\/\\\/www.meydan.tv\\\/az\\\/#website\",\"url\":\"https:\\\/\\\/www.meydan.tv\\\/az\\\/\",\"name\":\"MEYDAN.TV\",\"description\":\"Meydan TV Az\u0259rbaycan\u0131n media m\u0259kan\u0131ndak\u0131 alternativ s\u0259sidir\",\"publisher\":{\"@id\":\"https:\\\/\\\/www.meydan.tv\\\/az\\\/#organization\"},\"potentialAction\":[{\"@type\":\"SearchAction\",\"target\":{\"@type\":\"EntryPoint\",\"urlTemplate\":\"https:\\\/\\\/www.meydan.tv\\\/az\\\/?s={search_term_string}\"},\"query-input\":{\"@type\":\"PropertyValueSpecification\",\"valueRequired\":true,\"valueName\":\"search_term_string\"}}],\"inLanguage\":\"az\"},{\"@type\":\"Organization\",\"@id\":\"https:\\\/\\\/www.meydan.tv\\\/az\\\/#organization\",\"name\":\"Meydan TV\",\"url\":\"https:\\\/\\\/www.meydan.tv\\\/az\\\/\",\"logo\":{\"@type\":\"ImageObject\",\"inLanguage\":\"az\",\"@id\":\"https:\\\/\\\/www.meydan.tv\\\/az\\\/#\\\/schema\\\/logo\\\/image\\\/\",\"url\":\"https:\\\/\\\/www.meydan.tv\\\/wp-content\\\/uploads\\\/2021\\\/07\\\/meydan-logo.svg\",\"contentUrl\":\"https:\\\/\\\/www.meydan.tv\\\/wp-content\\\/uploads\\\/2021\\\/07\\\/meydan-logo.svg\",\"width\":195,\"height\":46,\"caption\":\"Meydan TV\"},\"image\":{\"@id\":\"https:\\\/\\\/www.meydan.tv\\\/az\\\/#\\\/schema\\\/logo\\\/image\\\/\"}},{\"@type\":\"Person\",\"@id\":\"https:\\\/\\\/www.meydan.tv\\\/az\\\/#\\\/schema\\\/person\\\/9cdbecf90d17180ce1dfbd95b08dcf47\",\"name\":\"elli\",\"sameAs\":[\"https:\\\/\\\/x.com\\\/elli\"]}]}<\/script>\n<!-- \/ Yoast SEO plugin. -->","yoast_head_json":{"title":"R\u0259smi: Bak\u0131da qarda y\u0131x\u0131lan 16 n\u0259f\u0259r x\u0259sar\u0259t al\u0131b, onlardan biri x\u0259st\u0259xanaya yerl\u0259\u015fdirilib - MEYDAN.TV","robots":{"index":"index","follow":"follow","max-snippet":"max-snippet:-1","max-image-preview":"max-image-preview:large","max-video-preview":"max-video-preview:-1"},"canonical":"https:\/\/www.meydan.tv\/az\/article\/resmi-bakida-qarda-yixilan-16-nefer-xesaret-alib-onlardan-biri-xestexanaya-yerlesdirilib\/","og_locale":"az_AZ","og_type":"article","og_title":"R\u0259smi: Bak\u0131da qarda y\u0131x\u0131lan 16 n\u0259f\u0259r x\u0259sar\u0259t al\u0131b, onlardan biri x\u0259st\u0259xanaya yerl\u0259\u015fdirilib - MEYDAN.TV","og_description":"X\u0259sar\u0259t alanlar\u0131n \u0259ks\u0259riyy\u0259ti qad\u0131nlard\u0131r Bak\u0131da qarl\u0131 hava \u015f\u0259raiti il\u0259 \u0259laq\u0259dar ... Davam\u0131","og_url":"https:\/\/www.meydan.tv\/az\/article\/resmi-bakida-qarda-yixilan-16-nefer-xesaret-alib-onlardan-biri-xestexanaya-yerlesdirilib\/","og_site_name":"MEYDAN.TV","article_published_time":"2023-01-09T11:03:30+00:00","article_modified_time":"2023-01-09T11:03:32+00:00","og_image":[{"width":1200,"height":799,"url":"https:\/\/www.meydan.tv\/wp-content\/uploads\/shutterstock_1903231150.jpg","type":"image\/jpeg"}],"author":"elli","twitter_card":"summary_large_image","twitter_creator":"@elli","schema":{"@context":"https:\/\/schema.org","@graph":[{"@type":"Article","@id":"https:\/\/www.meydan.tv\/az\/article\/resmi-bakida-qarda-yixilan-16-nefer-xesaret-alib-onlardan-biri-xestexanaya-yerlesdirilib\/#article","isPartOf":{"@id":"https:\/\/www.meydan.tv\/az\/article\/resmi-bakida-qarda-yixilan-16-nefer-xesaret-alib-onlardan-biri-xestexanaya-yerlesdirilib\/"},"author":{"name":"elli","@id":"https:\/\/www.meydan.tv\/az\/#\/schema\/person\/9cdbecf90d17180ce1dfbd95b08dcf47"},"headline":"R\u0259smi: Bak\u0131da qarda y\u0131x\u0131lan 16 n\u0259f\u0259r x\u0259sar\u0259t al\u0131b, onlardan biri x\u0259st\u0259xanaya yerl\u0259\u015fdirilib","datePublished":"2023-01-09T11:03:30+00:00","dateModified":"2023-01-09T11:03:32+00:00","mainEntityOfPage":{"@id":"https:\/\/www.meydan.tv\/az\/article\/resmi-bakida-qarda-yixilan-16-nefer-xesaret-alib-onlardan-biri-xestexanaya-yerlesdirilib\/"},"wordCount":228,"publisher":{"@id":"https:\/\/www.meydan.tv\/az\/#organization"},"image":{"@id":"https:\/\/www.meydan.tv\/az\/article\/resmi-bakida-qarda-yixilan-16-nefer-xesaret-alib-onlardan-biri-xestexanaya-yerlesdirilib\/#primaryimage"},"thumbnailUrl":"https:\/\/www.meydan.tv\/wp-content\/uploads\/shutterstock_1903231150.jpg","articleSection":["X\u0259b\u0259rl\u0259r"],"inLanguage":"az"},{"@type":"WebPage","@id":"https:\/\/www.meydan.tv\/az\/article\/resmi-bakida-qarda-yixilan-16-nefer-xesaret-alib-onlardan-biri-xestexanaya-yerlesdirilib\/","url":"https:\/\/www.meydan.tv\/az\/article\/resmi-bakida-qarda-yixilan-16-nefer-xesaret-alib-onlardan-biri-xestexanaya-yerlesdirilib\/","name":"R\u0259smi: Bak\u0131da qarda y\u0131x\u0131lan 16 n\u0259f\u0259r x\u0259sar\u0259t al\u0131b, onlardan biri x\u0259st\u0259xanaya yerl\u0259\u015fdirilib - MEYDAN.TV","isPartOf":{"@id":"https:\/\/www.meydan.tv\/az\/#website"},"primaryImageOfPage":{"@id":"https:\/\/www.meydan.tv\/az\/article\/resmi-bakida-qarda-yixilan-16-nefer-xesaret-alib-onlardan-biri-xestexanaya-yerlesdirilib\/#primaryimage"},"image":{"@id":"https:\/\/www.meydan.tv\/az\/article\/resmi-bakida-qarda-yixilan-16-nefer-xesaret-alib-onlardan-biri-xestexanaya-yerlesdirilib\/#primaryimage"},"thumbnailUrl":"https:\/\/www.meydan.tv\/wp-content\/uploads\/shutterstock_1903231150.jpg","datePublished":"2023-01-09T11:03:30+00:00","dateModified":"2023-01-09T11:03:32+00:00","breadcrumb":{"@id":"https:\/\/www.meydan.tv\/az\/article\/resmi-bakida-qarda-yixilan-16-nefer-xesaret-alib-onlardan-biri-xestexanaya-yerlesdirilib\/#breadcrumb"},"inLanguage":"az","potentialAction":[{"@type":"ReadAction","target":["https:\/\/www.meydan.tv\/az\/article\/resmi-bakida-qarda-yixilan-16-nefer-xesaret-alib-onlardan-biri-xestexanaya-yerlesdirilib\/"]}]},{"@type":"ImageObject","inLanguage":"az","@id":"https:\/\/www.meydan.tv\/az\/article\/resmi-bakida-qarda-yixilan-16-nefer-xesaret-alib-onlardan-biri-xestexanaya-yerlesdirilib\/#primaryimage","url":"https:\/\/www.meydan.tv\/wp-content\/uploads\/shutterstock_1903231150.jpg","contentUrl":"https:\/\/www.meydan.tv\/wp-content\/uploads\/shutterstock_1903231150.jpg","width":1200,"height":799,"caption":"Qarda y\u0131x\u0131lan. M\u0259nb\u0259: Vaillery\/shutterstock"},{"@type":"BreadcrumbList","@id":"https:\/\/www.meydan.tv\/az\/article\/resmi-bakida-qarda-yixilan-16-nefer-xesaret-alib-onlardan-biri-xestexanaya-yerlesdirilib\/#breadcrumb","itemListElement":[{"@type":"ListItem","position":1,"name":"Ana s\u0259hif\u0259","item":"https:\/\/www.meydan.tv\/az\/"},{"@type":"ListItem","position":2,"name":"X\u0259b\u0259rl\u0259r","item":"https:\/\/www.meydan.tv\/az\/section\/xeberler\/"},{"@type":"ListItem","position":3,"name":"R\u0259smi: Bak\u0131da qarda y\u0131x\u0131lan 16 n\u0259f\u0259r x\u0259sar\u0259t al\u0131b, onlardan biri x\u0259st\u0259xanaya yerl\u0259\u015fdirilib"}]},{"@type":"WebSite","@id":"https:\/\/www.meydan.tv\/az\/#website","url":"https:\/\/www.meydan.tv\/az\/","name":"MEYDAN.TV","description":"Meydan TV Az\u0259rbaycan\u0131n media m\u0259kan\u0131ndak\u0131 alternativ s\u0259sidir","publisher":{"@id":"https:\/\/www.meydan.tv\/az\/#organization"},"potentialAction":[{"@type":"SearchAction","target":{"@type":"EntryPoint","urlTemplate":"https:\/\/www.meydan.tv\/az\/?s={search_term_string}"},"query-input":{"@type":"PropertyValueSpecification","valueRequired":true,"valueName":"search_term_string"}}],"inLanguage":"az"},{"@type":"Organization","@id":"https:\/\/www.meydan.tv\/az\/#organization","name":"Meydan TV","url":"https:\/\/www.meydan.tv\/az\/","logo":{"@type":"ImageObject","inLanguage":"az","@id":"https:\/\/www.meydan.tv\/az\/#\/schema\/logo\/image\/","url":"https:\/\/www.meydan.tv\/wp-content\/uploads\/2021\/07\/meydan-logo.svg","contentUrl":"https:\/\/www.meydan.tv\/wp-content\/uploads\/2021\/07\/meydan-logo.svg","width":195,"height":46,"caption":"Meydan TV"},"image":{"@id":"https:\/\/www.meydan.tv\/az\/#\/schema\/logo\/image\/"}},{"@type":"Person","@id":"https:\/\/www.meydan.tv\/az\/#\/schema\/person\/9cdbecf90d17180ce1dfbd95b08dcf47","name":"elli","sameAs":["https:\/\/x.com\/elli"]}]}},"_links":{"self":[{"href":"https:\/\/www.meydan.tv\/az\/wp-json\/wp\/v2\/posts\/265281","targetHints":{"allow":["GET"]}}],"collection":[{"href":"https:\/\/www.meydan.tv\/az\/wp-json\/wp\/v2\/posts"}],"about":[{"href":"https:\/\/www.meydan.tv\/az\/wp-json\/wp\/v2\/types\/post"}],"author":[{"embeddable":true,"href":"https:\/\/www.meydan.tv\/az\/wp-json\/wp\/v2\/users\/8"}],"replies":[{"embeddable":true,"href":"https:\/\/www.meydan.tv\/az\/wp-json\/wp\/v2\/comments?post=265281"}],"version-history":[{"count":1,"href":"https:\/\/www.meydan.tv\/az\/wp-json\/wp\/v2\/posts\/265281\/revisions"}],"predecessor-version":[{"id":265285,"href":"https:\/\/www.meydan.tv\/az\/wp-json\/wp\/v2\/posts\/265281\/revisions\/265285"}],"wp:featuredmedia":[{"embeddable":true,"href":"https:\/\/www.meydan.tv\/az\/wp-json\/wp\/v2\/media\/265282"}],"wp:attachment":[{"href":"https:\/\/www.meydan.tv\/az\/wp-json\/wp\/v2\/media?parent=265281"}],"wp:term":[{"taxonomy":"category","embeddable":true,"href":"https:\/\/www.meydan.tv\/az\/wp-json\/wp\/v2\/categories?post=265281"},{"taxonomy":"post_tag","embeddable":true,"href":"https:\/\/www.meydan.tv\/az\/wp-json\/wp\/v2\/tags?post=265281"}],"curies":[{"name":"wp","href":"https:\/\/api.w.org\/{rel}","templated":true}]}}