{"id":265271,"date":"2023-01-09T14:13:01","date_gmt":"2023-01-09T10:13:01","guid":{"rendered":"https:\/\/www.meydan.tv\/?p=265271"},"modified":"2023-01-09T14:22:54","modified_gmt":"2023-01-09T10:22:54","slug":"mektebin-ayaqyolu-problemini-ictimailesdiren-muellim-tohmet-alib","status":"publish","type":"post","link":"https:\/\/www.meydan.tv\/az\/article\/mektebin-ayaqyolu-problemini-ictimailesdiren-muellim-tohmet-alib\/","title":{"rendered":"M\u0259kt\u0259bin ayaqyolu problemini ictimail\u0259\u015fdir\u0259n m\u00fc\u0259llim t\u00f6hm\u0259t al\u0131b"},"content":{"rendered":"\n<p><\/p>\n\n\n\n<p><em>Leyla N\u0259c\u0259fquliyeva direktora: \u201cN\u0259 oldusa, siz direktor olduqdan sonra ba\u015f verdi\u201d<\/em><\/p>\n\n\n\n<p>\u0130mi\u015fli rayonu Aranl\u0131 k\u0259nd tam orta m\u0259kt\u0259bind\u0259 ayaqyolunun olmamas\u0131na etiraz ed\u0259n ibtidai sinif m\u00fc\u0259llimi Leyla N\u0259c\u0259fquliyevaya t\u00f6hm\u0259t verilib. Bu bar\u0259d\u0259 Mil-Mu\u011fan Regional T\u0259hsil \u0130dar\u0259si m\u0259lumat yay\u0131b. Bildirilir ki, h\u0259min m\u0259kt\u0259bin ibtidai sinif m\u00fc\u0259llimi Leyla N\u0259c\u0259fquliyevaya 7-8 dekabr 2022-ci il tarixl\u0259rind\u0259 m\u0259kt\u0259b r\u0259hb\u0259rliyin\u0259 he\u00e7 bir m\u0259lumat verm\u0259d\u0259n \u00fczrs\u00fcz s\u0259b\u0259bd\u0259n i\u015f yerin\u0259 g\u0259lm\u0259diyin\u0259, \u0259m\u0259k m\u00fcqavil\u0259si \u00fczr\u0259 m\u00fc\u0259yy\u0259n edilmi\u015f v\u0259zif\u0259 funksiyalar\u0131n\u0131 v\u0259 m\u00fc\u0259ssis\u0259daxili intizam qaydalar\u0131n\u0131 pozdu\u011funa g\u00f6r\u0259 \u018fm\u0259k M\u0259c\u0259ll\u0259sinin 186-c\u0131 madd\u0259sinin 2-ci hiss\u0259sinin &#8220;a&#8221; b\u0259ndin\u0259 uy\u011fun olaraq t\u00f6hm\u0259t verilib.<\/p>\n\n\n\n<p>T\u0259hsil idar\u0259si onu da vur\u011fulay\u0131b ki, s\u00f6z\u00fcged\u0259n m\u0259kt\u0259bd\u0259 3 sanitar qov\u015fa\u011f\u0131 var. M\u0259kt\u0259b q\u0259zal\u0131 v\u0259ziyy\u0259td\u0259 oldu\u011fundan 2023-c\u00fc ild\u0259 yeni m\u0259kt\u0259b binas\u0131n\u0131n layih\u0259l\u0259ndirilm\u0259 i\u015fl\u0259rin\u0259 ba\u015flan\u0131lacaq.<\/p>\n\n\n\n<p>\u201cBununla yana\u015f\u0131, m\u0259kt\u0259b \u0259n q\u0131sa m\u00fcdd\u0259td\u0259 m\u00fcmk\u00fcn olan variantla (mobil sanitar qov\u015fa\u011f\u0131 v\u0259 ya dig\u0259r) t\u0259min edil\u0259c\u0259k v\u0259 m\u0259s\u0259l\u0259 m\u00fcsb\u0259t h\u0259llini tapacaq. Qeyd ed\u0259k ki, 2022-ci il \u0259rzind\u0259 Mil-Mu\u011fan Regional T\u0259hsil \u0130dar\u0259sinin tabeliyind\u0259 olan 11 \u00fcmumi t\u0259hsil m\u00fc\u0259ssis\u0259sinin sanitar qov\u015fa\u011f\u0131 yenil\u0259nib v\u0259 ya \u0259sasl\u0131 t\u0259mir edilib. H\u0259m\u00e7inin 13 m\u0259kt\u0259bd\u0259 mobil sanitar qov\u015fa\u011f\u0131 qura\u015fd\u0131r\u0131l\u0131b.&nbsp; Eyni zamanda \u0130mi\u015fli rayonu \u00fczr\u0259 5 m\u0259kt\u0259bin sanitar qov\u015fa\u011f\u0131 yenil\u0259nib v\u0259 ya \u0259sasl\u0131 t\u0259mir edilib, 2 m\u0259kt\u0259bd\u0259 mobil sanitar qov\u015fa\u011f\u0131 qura\u015fd\u0131r\u0131l\u0131b\u201d.<\/p>\n\n\n\n<p>Sosial \u015f\u0259b\u0259k\u0259l\u0259rd\u0259 Leyla N\u0259c\u0259fquliyevan\u0131n sinif ota\u011f\u0131ndan \u00e7\u0259kdiyi videog\u00f6r\u00fcnt\u00fc yay\u0131mlan\u0131b. M\u00fc\u0259llim orada m\u0259kt\u0259bd\u0259 tualetin olmamas\u0131ndan gileyl\u0259nib, azya\u015fl\u0131lardan birinin islanm\u0131\u015f paltar\u0131n\u0131 soban\u0131n k\u0259nar\u0131nda dayan\u0131b qurutma\u011fa \u00e7al\u0131\u015fd\u0131\u011f\u0131n\u0131 g\u00f6st\u0259rib. H\u0259m\u00e7inin qeyd edib ki, ayaqyolu problemi h\u0259ll olunmay\u0131nca u\u015faqlar\u0131n v\u0259 \u00f6z\u00fcn\u00fcn d\u0259rs\u0259 g\u0259lm\u0259sini ist\u0259mir.<\/p>\n\n\n\n<p>M\u00fc\u0259llimin videosundan sonra t\u0259hsild\u0259ki probleml\u0259r, T\u0259hsil Nazirliyinin f\u0259aliyy\u0259tsizliyi t\u0259nqid olunub. \u018fks\u0259riyy\u0259t hesab edir ki, m\u00fc\u0259llimin t\u00f6hm\u0259t almas\u0131na s\u0259b\u0259b m\u0259kt\u0259b\u0259 g\u0259lm\u0259m\u0259si yox, probleml\u0259ri ictimail\u0259\u015fdirm\u0259sidir. Bundan sonra Leyla N\u0259c\u0259fquliyeva n\u00f6vb\u0259ti video yayaraq, \u00e7al\u0131\u015fd\u0131\u011f\u0131 m\u0259kt\u0259bin direktorunu t\u0259nqid edib:<\/p>\n\n\n\n<p>\u201c\u018fslind\u0259 \u0259vv\u0259lki video 2-3 ay \u0259vv\u0259l \u00e7\u0259kilib. Onu kim yay\u0131b bilmir\u0259m, Allah k\u00f6m\u0259yi olsun. H\u0259r \u015fey xeyrimiz\u0259dir. Bu g\u00fcn m\u0259kt\u0259bin probleml\u0259rini m\u0259n gizl\u0259tmir\u0259ms\u0259 m\u0259n\u0259 ay\u0131b olsun, yox, siz gizl\u0259dirsizs\u0259, siz\u0259 ay\u0131b olmas\u0131n, el\u0259mi? Bir qaraba\u011fl\u0131 kimi bu m\u0259kt\u0259b\u0259 el\u0259-bel\u0259 g\u0259lm\u0259diyim \u00fc\u00e7\u00fcn bunu etm\u0259li idim. M\u0259kt\u0259bin direktoru deyir:&nbsp; \u201cLeyla m\u00fc\u0259llim, m\u0259\u015fhurla\u015fmaq ist\u0259yir\u201d. O direktora dem\u0259k ist\u0259yir\u0259m ki, m\u0259n m\u00fc\u011f\u0259nni deyil\u0259m m\u0259\u015fhurla\u015fmaq ist\u0259yim. N\u0259 oldusa, siz direktor olduqdan sonra ba\u015f verdi. Siz orada \u201cbanda\u201d yaratd\u0131z, t\u0259hsilin d\u0259 s\u0259viyy\u0259si a\u015fa\u011f\u0131 d\u00fc\u015fm\u0259y\u0259 ba\u015flad\u0131. Boynunuza al\u0131n, o m\u0259kt\u0259bd\u0259 yegan\u0259 m\u00fc\u0259llim\u0259 m\u0259n\u0259m ki, ilk ild\u0259n \u015fagirdl\u0259rin n\u0259tic\u0259l\u0259ri y\u00fcks\u0259kdir. Bunu he\u00e7 yerd\u0259 dem\u0259diz, ictimail\u0259\u015fdirm\u0259diz, amma haz\u0131rda probleml\u0259ri ictimail\u0259\u015fdirdiyim \u00fc\u00e7\u00fcn haqq\u0131mda o ifad\u0259ni i\u015fl\u0259dirsiz\u201d.<\/p>\n\n\n\n<p>Leyla N\u0259c\u0259fquliyeva deyib ki, m\u0259kt\u0259bl\u0259rd\u0259 fak\u00fcltativ m\u0259\u015f\u011f\u0259l\u0259l\u0259r \u00fc\u00e7\u00fcn n\u0259z\u0259rd\u0259 tutulan pullar da \u00f6d\u0259nmir. \u018fv\u0259zind\u0259 direktorun qohum-\u0259qrabas\u0131n\u0131n ad\u0131 i\u015f\u00e7i kimi m\u0259kt\u0259b\u0259 yaz\u0131l\u0131r.<\/p>\n\n\n\n<p>\u201cM\u0259n \u015fagirdl\u0259r\u0259 g\u00f6r\u0259 h\u0259r \u015fey ed\u0259c\u0259m. Bu m\u0259kt\u0259bi alt-\u00fcst etdirib yenisini tikdirm\u0259k ham\u0131m\u0131z\u0131n borcu idi, t\u0259k m\u0259nim yox\u201d, &#8211; dey\u0259 m\u00fc\u0259llim sonda vur\u011fulay\u0131b.<\/p>\n\n\n\n<p>Milli M\u0259clisin Elm v\u0259 t\u0259hsil komit\u0259sinin \u00fczv\u00fc Aqiy\u0259 Nax\u00e7\u0131vanl\u0131 \u201cPravda.az\u201d-a a\u00e7\u0131qlamas\u0131nda <a href=\"https:\/\/pravda.az\/news\/102079\" target=\"_blank\" rel=\"noreferrer noopener\">deyib<\/a> ki, problem \u0259vv\u0259lc\u0259 m\u0259kt\u0259bin daxilind\u0259 m\u00fczakir\u0259 olunmal\u0131 idi:<\/p>\n\n\n\n<p>\u201cKi\u00e7ik u\u015faqd\u0131r, evd\u0259n g\u0259lir, ehtiyac\u0131 var, harasa getm\u0259lidir&#8230; \u015eagirdl\u0259rin yax\u015f\u0131 oxumalar\u0131 \u00fc\u00e7\u00fcn m\u0259kt\u0259bd\u0259 \u015f\u0259rit yarad\u0131lmal\u0131, h\u0259r \u015fey olmal\u0131d\u0131r. Amma m\u00fc\u0259llimin ayaq yolu olmad\u0131\u011f\u0131 \u00fc\u00e7\u00fcn u\u015faqlar\u0131n m\u0259kt\u0259b\u0259 g\u0259lm\u0259m\u0259l\u0259ri bar\u0259d\u0259 \u00e7a\u011f\u0131r\u0131\u015f etm\u0259si d\u00fczg\u00fcn deyil. Bel\u0259 \u00e7\u0131x\u0131r ki, bu g\u00fcn\u0259 q\u0259d\u0259r \u015fagirdl\u0259r m\u0259kt\u0259b\u0259 g\u0259lm\u0259yibl\u0259r? Ax\u0131 g\u0259libl\u0259r. Y\u0259qin ki, m\u0259kt\u0259bd\u0259 direktorla birlikd\u0259 m\u00fc\u0259lliml\u0259rin iclas\u0131 olur. Yaln\u0131z bir m\u00fc\u0259llim yox, ba\u015fqa m\u00fc\u0259lliml\u0259r d\u0259 m\u0259s\u0259l\u0259ni direktorun i\u015ftirak etdiyi iclasda qald\u0131rmal\u0131, m\u00fczakir\u0259 etm\u0259li idil\u0259r. Bel\u0259 bir m\u00fczakir\u0259nin olub-olmad\u0131\u011f\u0131n\u0131 v\u0259 m\u0259kt\u0259b r\u0259hb\u0259rliyi t\u0259r\u0259find\u0259n nec\u0259 reaksiya verildiyini bilmir\u0259m. \u0130clasda hans\u0131sa d\u0259rsi m\u00fczakir\u0259 edirl\u0259rs\u0259, bu da m\u0259kt\u0259b probleminin bir hiss\u0259sidir. Vacib m\u0259s\u0259l\u0259dir. Bunu h\u0259ll etm\u0259k o q\u0259d\u0259r d\u0259 b\u00f6y\u00fck problem deyil ki. Bunun \u00fc\u00e7\u00fcn ayr\u0131ca v\u0259sait ayr\u0131lamamal\u0131d\u0131r. \u0130ki-\u00fc\u00e7 n\u0259f\u0259r valideyn d\u0259 m\u00fcraci\u0259t etmi\u015f olsayd\u0131, y\u0259qin, problemi h\u0259ll etm\u0259k m\u00fcmk\u00fcn olard\u0131\u201d. \u201cM\u00fcraci\u0259t edildiyi t\u0259qdird\u0259 h\u0259llini tapmay\u0131bsa, bu, direktorun, \u00fcmumiyy\u0259tl\u0259, kollektivin b\u00f6y\u00fck s\u0259hvidir. Pedaqoji kollektiv bir m\u0259s\u0259l\u0259ni h\u0259ll ed\u0259 bilmirs\u0259, bunu ictimail\u0259\u015fdirir, respublika s\u0259viyy\u0259sin\u0259 qald\u0131r\u0131rlarsa, bu, n\u0259 pedaqoji kollektivdir? Bu, nec\u0259 direktordur? Onun m\u00fcavinl\u0259ri, m\u00fc\u0259llim kollektivi var. Bel\u0259 bir m\u0259s\u0259l\u0259ni bu s\u0259viyy\u0259y\u0259 qald\u0131rmaq \u00f6z\u00fc ay\u0131bd\u0131r. \u00d6z daxill\u0259rind\u0259 bu vaxta kimi h\u0259ll edilm\u0259y\u0259n problem\u0259 g\u00f6r\u0259 m\u00fc\u0259llimin g\u00fcnahland\u0131r\u0131lmas\u0131, ona t\u00f6hm\u0259t verilm\u0259si, i\u015fd\u0259n \u00e7\u0131xar\u0131lmas\u0131 m\u0259g\u0259r problemi h\u0259ll ed\u0259c\u0259k? Sabah \u00e7\u0131x\u0131lmaz v\u0259ziyy\u0259td\u0259 qalan u\u015fa\u011f\u0131n hal\u0131 pis ola bil\u0259r. B\u0259lk\u0259, el\u0259 bir problemi var\u2026 B\u0259s bu u\u015faq n\u0259 etm\u0259lidir? M\u0259kt\u0259b\u0259 nec\u0259 g\u0259lsin? Direktor problemin k\u00f6k\u00fcnd\u0259n h\u0259ll olunmas\u0131na \u00e7al\u0131\u015fmal\u0131d\u0131r. M\u00fc\u0259llim\u0259 t\u00f6hm\u0259t verm\u0259kl\u0259 bu m\u0259s\u0259l\u0259ni h\u0259ll etmi\u015f olmur. Bu, v\u0259ziyy\u0259td\u0259n \u00e7\u0131x\u0131\u015f yolu deyil. Sabah ba\u015fqa bir m\u00fc\u0259llim d\u0259 problemi qald\u0131rsa, ona da t\u00f6hm\u0259t ver\u0259c\u0259k? B\u00fct\u00fcn m\u0259kt\u0259b kollektivin\u0259 t\u00f6hm\u0259t veril\u0259c\u0259k? Kollektiv oturub d\u00fc\u015f\u00fcnm\u0259lidir. \u0130cra hakimiyy\u0259ti, ba\u015fqa qurumlar var ki, m\u0259s\u0259l\u0259ni qald\u0131rmaq olar. El\u0259 bir b\u00f6y\u00fck problem deyil ki, bunlar bel\u0259 s\u0259viyy\u0259y\u0259 qald\u0131r\u0131blar\u201d\u201d.<\/p>\n\n\n\n<p><\/p>\n","protected":false},"excerpt":{"rendered":"<p>Leyla N\u0259c\u0259fquliyeva direktora: \u201cN\u0259 oldusa, siz direktor olduqdan sonra ba\u015f &#8230; <\/p>\n<p class=\"read-more-container\"><a title=\"M\u0259kt\u0259bin ayaqyolu problemini ictimail\u0259\u015fdir\u0259n m\u00fc\u0259llim t\u00f6hm\u0259t al\u0131b\" class=\"read-more button\" href=\"https:\/\/www.meydan.tv\/az\/article\/mektebin-ayaqyolu-problemini-ictimailesdiren-muellim-tohmet-alib\/#more-265271\" aria-label=\"Read more about M\u0259kt\u0259bin ayaqyolu problemini ictimail\u0259\u015fdir\u0259n m\u00fc\u0259llim t\u00f6hm\u0259t al\u0131b\">Davam\u0131<\/a><\/p>\n","protected":false},"author":8,"featured_media":265268,"comment_status":"closed","ping_status":"closed","sticky":false,"template":"","format":"standard","meta":{"_acf_changed":false,"_sitemap_exclude":false,"_sitemap_priority":"","_sitemap_frequency":"","footnotes":""},"categories":[60,79,56],"tags":[],"class_list":["post-265271","post","type-post","status-publish","format-standard","has-post-thumbnail","hentry","category-bolge","category-featured","category-xeberler","infinite-scroll-item","generate-columns","tablet-grid-50","mobile-grid-100","grid-parent","grid-33","no-featured-image-padding"],"acf":[],"yoast_head":"<!-- This site is optimized with the Yoast SEO plugin v27.5 - https:\/\/yoast.com\/product\/yoast-seo-wordpress\/ -->\n<title>M\u0259kt\u0259bin ayaqyolu problemini ictimail\u0259\u015fdir\u0259n m\u00fc\u0259llim t\u00f6hm\u0259t al\u0131b - MEYDAN.TV<\/title>\n<meta name=\"robots\" content=\"index, follow, max-snippet:-1, max-image-preview:large, max-video-preview:-1\" \/>\n<link rel=\"canonical\" href=\"https:\/\/www.meydan.tv\/az\/article\/mektebin-ayaqyolu-problemini-ictimailesdiren-muellim-tohmet-alib\/\" \/>\n<meta property=\"og:locale\" content=\"az_AZ\" \/>\n<meta property=\"og:type\" content=\"article\" \/>\n<meta property=\"og:title\" content=\"M\u0259kt\u0259bin ayaqyolu problemini ictimail\u0259\u015fdir\u0259n m\u00fc\u0259llim t\u00f6hm\u0259t al\u0131b - MEYDAN.TV\" \/>\n<meta property=\"og:description\" content=\"Leyla N\u0259c\u0259fquliyeva direktora: \u201cN\u0259 oldusa, siz direktor olduqdan sonra ba\u015f ... Davam\u0131\" \/>\n<meta property=\"og:url\" content=\"https:\/\/www.meydan.tv\/az\/article\/mektebin-ayaqyolu-problemini-ictimailesdiren-muellim-tohmet-alib\/\" \/>\n<meta property=\"og:site_name\" content=\"MEYDAN.TV\" \/>\n<meta property=\"article:published_time\" content=\"2023-01-09T10:13:01+00:00\" \/>\n<meta property=\"article:modified_time\" content=\"2023-01-09T10:22:54+00:00\" \/>\n<meta property=\"og:image\" content=\"https:\/\/www.meydan.tv\/wp-content\/uploads\/untitled-design-2-73-e1673259160940.jpg\" \/>\n\t<meta property=\"og:image:width\" content=\"1200\" \/>\n\t<meta property=\"og:image:height\" content=\"651\" \/>\n\t<meta property=\"og:image:type\" content=\"image\/jpeg\" \/>\n<meta name=\"author\" content=\"elli\" \/>\n<meta name=\"twitter:card\" content=\"summary_large_image\" \/>\n<meta name=\"twitter:creator\" content=\"@elli\" \/>\n<script type=\"application\/ld+json\" class=\"yoast-schema-graph\">{\"@context\":\"https:\\\/\\\/schema.org\",\"@graph\":[{\"@type\":\"Article\",\"@id\":\"https:\\\/\\\/www.meydan.tv\\\/az\\\/article\\\/mektebin-ayaqyolu-problemini-ictimailesdiren-muellim-tohmet-alib\\\/#article\",\"isPartOf\":{\"@id\":\"https:\\\/\\\/www.meydan.tv\\\/az\\\/article\\\/mektebin-ayaqyolu-problemini-ictimailesdiren-muellim-tohmet-alib\\\/\"},\"author\":{\"name\":\"elli\",\"@id\":\"https:\\\/\\\/www.meydan.tv\\\/az\\\/#\\\/schema\\\/person\\\/9cdbecf90d17180ce1dfbd95b08dcf47\"},\"headline\":\"M\u0259kt\u0259bin ayaqyolu problemini ictimail\u0259\u015fdir\u0259n m\u00fc\u0259llim t\u00f6hm\u0259t al\u0131b\",\"datePublished\":\"2023-01-09T10:13:01+00:00\",\"dateModified\":\"2023-01-09T10:22:54+00:00\",\"mainEntityOfPage\":{\"@id\":\"https:\\\/\\\/www.meydan.tv\\\/az\\\/article\\\/mektebin-ayaqyolu-problemini-ictimailesdiren-muellim-tohmet-alib\\\/\"},\"wordCount\":1244,\"publisher\":{\"@id\":\"https:\\\/\\\/www.meydan.tv\\\/az\\\/#organization\"},\"image\":{\"@id\":\"https:\\\/\\\/www.meydan.tv\\\/az\\\/article\\\/mektebin-ayaqyolu-problemini-ictimailesdiren-muellim-tohmet-alib\\\/#primaryimage\"},\"thumbnailUrl\":\"https:\\\/\\\/www.meydan.tv\\\/wp-content\\\/uploads\\\/untitled-design-2-73-e1673259160940.jpg\",\"articleSection\":[\"B\u00f6lg\u0259\",\"T\u00f6vsiy\u0259\",\"X\u0259b\u0259rl\u0259r\"],\"inLanguage\":\"az\"},{\"@type\":\"WebPage\",\"@id\":\"https:\\\/\\\/www.meydan.tv\\\/az\\\/article\\\/mektebin-ayaqyolu-problemini-ictimailesdiren-muellim-tohmet-alib\\\/\",\"url\":\"https:\\\/\\\/www.meydan.tv\\\/az\\\/article\\\/mektebin-ayaqyolu-problemini-ictimailesdiren-muellim-tohmet-alib\\\/\",\"name\":\"M\u0259kt\u0259bin ayaqyolu problemini ictimail\u0259\u015fdir\u0259n m\u00fc\u0259llim t\u00f6hm\u0259t al\u0131b - MEYDAN.TV\",\"isPartOf\":{\"@id\":\"https:\\\/\\\/www.meydan.tv\\\/az\\\/#website\"},\"primaryImageOfPage\":{\"@id\":\"https:\\\/\\\/www.meydan.tv\\\/az\\\/article\\\/mektebin-ayaqyolu-problemini-ictimailesdiren-muellim-tohmet-alib\\\/#primaryimage\"},\"image\":{\"@id\":\"https:\\\/\\\/www.meydan.tv\\\/az\\\/article\\\/mektebin-ayaqyolu-problemini-ictimailesdiren-muellim-tohmet-alib\\\/#primaryimage\"},\"thumbnailUrl\":\"https:\\\/\\\/www.meydan.tv\\\/wp-content\\\/uploads\\\/untitled-design-2-73-e1673259160940.jpg\",\"datePublished\":\"2023-01-09T10:13:01+00:00\",\"dateModified\":\"2023-01-09T10:22:54+00:00\",\"breadcrumb\":{\"@id\":\"https:\\\/\\\/www.meydan.tv\\\/az\\\/article\\\/mektebin-ayaqyolu-problemini-ictimailesdiren-muellim-tohmet-alib\\\/#breadcrumb\"},\"inLanguage\":\"az\",\"potentialAction\":[{\"@type\":\"ReadAction\",\"target\":[\"https:\\\/\\\/www.meydan.tv\\\/az\\\/article\\\/mektebin-ayaqyolu-problemini-ictimailesdiren-muellim-tohmet-alib\\\/\"]}]},{\"@type\":\"ImageObject\",\"inLanguage\":\"az\",\"@id\":\"https:\\\/\\\/www.meydan.tv\\\/az\\\/article\\\/mektebin-ayaqyolu-problemini-ictimailesdiren-muellim-tohmet-alib\\\/#primaryimage\",\"url\":\"https:\\\/\\\/www.meydan.tv\\\/wp-content\\\/uploads\\\/untitled-design-2-73-e1673259160940.jpg\",\"contentUrl\":\"https:\\\/\\\/www.meydan.tv\\\/wp-content\\\/uploads\\\/untitled-design-2-73-e1673259160940.jpg\",\"width\":1200,\"height\":651,\"caption\":\"Leyla N\u0259c\u0259fquliyeva. Foto: screenshot\"},{\"@type\":\"BreadcrumbList\",\"@id\":\"https:\\\/\\\/www.meydan.tv\\\/az\\\/article\\\/mektebin-ayaqyolu-problemini-ictimailesdiren-muellim-tohmet-alib\\\/#breadcrumb\",\"itemListElement\":[{\"@type\":\"ListItem\",\"position\":1,\"name\":\"Ana s\u0259hif\u0259\",\"item\":\"https:\\\/\\\/www.meydan.tv\\\/az\\\/\"},{\"@type\":\"ListItem\",\"position\":2,\"name\":\"B\u00f6lg\u0259\",\"item\":\"https:\\\/\\\/www.meydan.tv\\\/az\\\/section\\\/bolge\\\/\"},{\"@type\":\"ListItem\",\"position\":3,\"name\":\"M\u0259kt\u0259bin ayaqyolu problemini ictimail\u0259\u015fdir\u0259n m\u00fc\u0259llim t\u00f6hm\u0259t al\u0131b\"}]},{\"@type\":\"WebSite\",\"@id\":\"https:\\\/\\\/www.meydan.tv\\\/az\\\/#website\",\"url\":\"https:\\\/\\\/www.meydan.tv\\\/az\\\/\",\"name\":\"MEYDAN.TV\",\"description\":\"Meydan TV Az\u0259rbaycan\u0131n media m\u0259kan\u0131ndak\u0131 alternativ s\u0259sidir\",\"publisher\":{\"@id\":\"https:\\\/\\\/www.meydan.tv\\\/az\\\/#organization\"},\"potentialAction\":[{\"@type\":\"SearchAction\",\"target\":{\"@type\":\"EntryPoint\",\"urlTemplate\":\"https:\\\/\\\/www.meydan.tv\\\/az\\\/?s={search_term_string}\"},\"query-input\":{\"@type\":\"PropertyValueSpecification\",\"valueRequired\":true,\"valueName\":\"search_term_string\"}}],\"inLanguage\":\"az\"},{\"@type\":\"Organization\",\"@id\":\"https:\\\/\\\/www.meydan.tv\\\/az\\\/#organization\",\"name\":\"Meydan TV\",\"url\":\"https:\\\/\\\/www.meydan.tv\\\/az\\\/\",\"logo\":{\"@type\":\"ImageObject\",\"inLanguage\":\"az\",\"@id\":\"https:\\\/\\\/www.meydan.tv\\\/az\\\/#\\\/schema\\\/logo\\\/image\\\/\",\"url\":\"https:\\\/\\\/www.meydan.tv\\\/wp-content\\\/uploads\\\/2021\\\/07\\\/meydan-logo.svg\",\"contentUrl\":\"https:\\\/\\\/www.meydan.tv\\\/wp-content\\\/uploads\\\/2021\\\/07\\\/meydan-logo.svg\",\"width\":195,\"height\":46,\"caption\":\"Meydan TV\"},\"image\":{\"@id\":\"https:\\\/\\\/www.meydan.tv\\\/az\\\/#\\\/schema\\\/logo\\\/image\\\/\"}},{\"@type\":\"Person\",\"@id\":\"https:\\\/\\\/www.meydan.tv\\\/az\\\/#\\\/schema\\\/person\\\/9cdbecf90d17180ce1dfbd95b08dcf47\",\"name\":\"elli\",\"sameAs\":[\"https:\\\/\\\/x.com\\\/elli\"]}]}<\/script>\n<!-- \/ Yoast SEO plugin. -->","yoast_head_json":{"title":"M\u0259kt\u0259bin ayaqyolu problemini ictimail\u0259\u015fdir\u0259n m\u00fc\u0259llim t\u00f6hm\u0259t al\u0131b - MEYDAN.TV","robots":{"index":"index","follow":"follow","max-snippet":"max-snippet:-1","max-image-preview":"max-image-preview:large","max-video-preview":"max-video-preview:-1"},"canonical":"https:\/\/www.meydan.tv\/az\/article\/mektebin-ayaqyolu-problemini-ictimailesdiren-muellim-tohmet-alib\/","og_locale":"az_AZ","og_type":"article","og_title":"M\u0259kt\u0259bin ayaqyolu problemini ictimail\u0259\u015fdir\u0259n m\u00fc\u0259llim t\u00f6hm\u0259t al\u0131b - MEYDAN.TV","og_description":"Leyla N\u0259c\u0259fquliyeva direktora: \u201cN\u0259 oldusa, siz direktor olduqdan sonra ba\u015f ... Davam\u0131","og_url":"https:\/\/www.meydan.tv\/az\/article\/mektebin-ayaqyolu-problemini-ictimailesdiren-muellim-tohmet-alib\/","og_site_name":"MEYDAN.TV","article_published_time":"2023-01-09T10:13:01+00:00","article_modified_time":"2023-01-09T10:22:54+00:00","og_image":[{"width":1200,"height":651,"url":"https:\/\/www.meydan.tv\/wp-content\/uploads\/untitled-design-2-73-e1673259160940.jpg","type":"image\/jpeg"}],"author":"elli","twitter_card":"summary_large_image","twitter_creator":"@elli","schema":{"@context":"https:\/\/schema.org","@graph":[{"@type":"Article","@id":"https:\/\/www.meydan.tv\/az\/article\/mektebin-ayaqyolu-problemini-ictimailesdiren-muellim-tohmet-alib\/#article","isPartOf":{"@id":"https:\/\/www.meydan.tv\/az\/article\/mektebin-ayaqyolu-problemini-ictimailesdiren-muellim-tohmet-alib\/"},"author":{"name":"elli","@id":"https:\/\/www.meydan.tv\/az\/#\/schema\/person\/9cdbecf90d17180ce1dfbd95b08dcf47"},"headline":"M\u0259kt\u0259bin ayaqyolu problemini ictimail\u0259\u015fdir\u0259n m\u00fc\u0259llim t\u00f6hm\u0259t al\u0131b","datePublished":"2023-01-09T10:13:01+00:00","dateModified":"2023-01-09T10:22:54+00:00","mainEntityOfPage":{"@id":"https:\/\/www.meydan.tv\/az\/article\/mektebin-ayaqyolu-problemini-ictimailesdiren-muellim-tohmet-alib\/"},"wordCount":1244,"publisher":{"@id":"https:\/\/www.meydan.tv\/az\/#organization"},"image":{"@id":"https:\/\/www.meydan.tv\/az\/article\/mektebin-ayaqyolu-problemini-ictimailesdiren-muellim-tohmet-alib\/#primaryimage"},"thumbnailUrl":"https:\/\/www.meydan.tv\/wp-content\/uploads\/untitled-design-2-73-e1673259160940.jpg","articleSection":["B\u00f6lg\u0259","T\u00f6vsiy\u0259","X\u0259b\u0259rl\u0259r"],"inLanguage":"az"},{"@type":"WebPage","@id":"https:\/\/www.meydan.tv\/az\/article\/mektebin-ayaqyolu-problemini-ictimailesdiren-muellim-tohmet-alib\/","url":"https:\/\/www.meydan.tv\/az\/article\/mektebin-ayaqyolu-problemini-ictimailesdiren-muellim-tohmet-alib\/","name":"M\u0259kt\u0259bin ayaqyolu problemini ictimail\u0259\u015fdir\u0259n m\u00fc\u0259llim t\u00f6hm\u0259t al\u0131b - MEYDAN.TV","isPartOf":{"@id":"https:\/\/www.meydan.tv\/az\/#website"},"primaryImageOfPage":{"@id":"https:\/\/www.meydan.tv\/az\/article\/mektebin-ayaqyolu-problemini-ictimailesdiren-muellim-tohmet-alib\/#primaryimage"},"image":{"@id":"https:\/\/www.meydan.tv\/az\/article\/mektebin-ayaqyolu-problemini-ictimailesdiren-muellim-tohmet-alib\/#primaryimage"},"thumbnailUrl":"https:\/\/www.meydan.tv\/wp-content\/uploads\/untitled-design-2-73-e1673259160940.jpg","datePublished":"2023-01-09T10:13:01+00:00","dateModified":"2023-01-09T10:22:54+00:00","breadcrumb":{"@id":"https:\/\/www.meydan.tv\/az\/article\/mektebin-ayaqyolu-problemini-ictimailesdiren-muellim-tohmet-alib\/#breadcrumb"},"inLanguage":"az","potentialAction":[{"@type":"ReadAction","target":["https:\/\/www.meydan.tv\/az\/article\/mektebin-ayaqyolu-problemini-ictimailesdiren-muellim-tohmet-alib\/"]}]},{"@type":"ImageObject","inLanguage":"az","@id":"https:\/\/www.meydan.tv\/az\/article\/mektebin-ayaqyolu-problemini-ictimailesdiren-muellim-tohmet-alib\/#primaryimage","url":"https:\/\/www.meydan.tv\/wp-content\/uploads\/untitled-design-2-73-e1673259160940.jpg","contentUrl":"https:\/\/www.meydan.tv\/wp-content\/uploads\/untitled-design-2-73-e1673259160940.jpg","width":1200,"height":651,"caption":"Leyla N\u0259c\u0259fquliyeva. Foto: screenshot"},{"@type":"BreadcrumbList","@id":"https:\/\/www.meydan.tv\/az\/article\/mektebin-ayaqyolu-problemini-ictimailesdiren-muellim-tohmet-alib\/#breadcrumb","itemListElement":[{"@type":"ListItem","position":1,"name":"Ana s\u0259hif\u0259","item":"https:\/\/www.meydan.tv\/az\/"},{"@type":"ListItem","position":2,"name":"B\u00f6lg\u0259","item":"https:\/\/www.meydan.tv\/az\/section\/bolge\/"},{"@type":"ListItem","position":3,"name":"M\u0259kt\u0259bin ayaqyolu problemini ictimail\u0259\u015fdir\u0259n m\u00fc\u0259llim t\u00f6hm\u0259t al\u0131b"}]},{"@type":"WebSite","@id":"https:\/\/www.meydan.tv\/az\/#website","url":"https:\/\/www.meydan.tv\/az\/","name":"MEYDAN.TV","description":"Meydan TV Az\u0259rbaycan\u0131n media m\u0259kan\u0131ndak\u0131 alternativ s\u0259sidir","publisher":{"@id":"https:\/\/www.meydan.tv\/az\/#organization"},"potentialAction":[{"@type":"SearchAction","target":{"@type":"EntryPoint","urlTemplate":"https:\/\/www.meydan.tv\/az\/?s={search_term_string}"},"query-input":{"@type":"PropertyValueSpecification","valueRequired":true,"valueName":"search_term_string"}}],"inLanguage":"az"},{"@type":"Organization","@id":"https:\/\/www.meydan.tv\/az\/#organization","name":"Meydan TV","url":"https:\/\/www.meydan.tv\/az\/","logo":{"@type":"ImageObject","inLanguage":"az","@id":"https:\/\/www.meydan.tv\/az\/#\/schema\/logo\/image\/","url":"https:\/\/www.meydan.tv\/wp-content\/uploads\/2021\/07\/meydan-logo.svg","contentUrl":"https:\/\/www.meydan.tv\/wp-content\/uploads\/2021\/07\/meydan-logo.svg","width":195,"height":46,"caption":"Meydan TV"},"image":{"@id":"https:\/\/www.meydan.tv\/az\/#\/schema\/logo\/image\/"}},{"@type":"Person","@id":"https:\/\/www.meydan.tv\/az\/#\/schema\/person\/9cdbecf90d17180ce1dfbd95b08dcf47","name":"elli","sameAs":["https:\/\/x.com\/elli"]}]}},"_links":{"self":[{"href":"https:\/\/www.meydan.tv\/az\/wp-json\/wp\/v2\/posts\/265271","targetHints":{"allow":["GET"]}}],"collection":[{"href":"https:\/\/www.meydan.tv\/az\/wp-json\/wp\/v2\/posts"}],"about":[{"href":"https:\/\/www.meydan.tv\/az\/wp-json\/wp\/v2\/types\/post"}],"author":[{"embeddable":true,"href":"https:\/\/www.meydan.tv\/az\/wp-json\/wp\/v2\/users\/8"}],"replies":[{"embeddable":true,"href":"https:\/\/www.meydan.tv\/az\/wp-json\/wp\/v2\/comments?post=265271"}],"version-history":[{"count":2,"href":"https:\/\/www.meydan.tv\/az\/wp-json\/wp\/v2\/posts\/265271\/revisions"}],"predecessor-version":[{"id":265274,"href":"https:\/\/www.meydan.tv\/az\/wp-json\/wp\/v2\/posts\/265271\/revisions\/265274"}],"wp:featuredmedia":[{"embeddable":true,"href":"https:\/\/www.meydan.tv\/az\/wp-json\/wp\/v2\/media\/265268"}],"wp:attachment":[{"href":"https:\/\/www.meydan.tv\/az\/wp-json\/wp\/v2\/media?parent=265271"}],"wp:term":[{"taxonomy":"category","embeddable":true,"href":"https:\/\/www.meydan.tv\/az\/wp-json\/wp\/v2\/categories?post=265271"},{"taxonomy":"post_tag","embeddable":true,"href":"https:\/\/www.meydan.tv\/az\/wp-json\/wp\/v2\/tags?post=265271"}],"curies":[{"name":"wp","href":"https:\/\/api.w.org\/{rel}","templated":true}]}}