{"id":265190,"date":"2023-01-06T15:28:07","date_gmt":"2023-01-06T11:28:07","guid":{"rendered":"https:\/\/www.meydan.tv\/?p=265190"},"modified":"2023-01-06T15:28:11","modified_gmt":"2023-01-06T11:28:11","slug":"nermin-isinin-3-ili-qan-qrupundaki-ferqden-tutmus-ekspertizadaki-ziddiyyetlere-qeder","status":"publish","type":"post","link":"https:\/\/www.meydan.tv\/az\/article\/nermin-isinin-3-ili-qan-qrupundaki-ferqden-tutmus-ekspertizadaki-ziddiyyetlere-qeder\/","title":{"rendered":"\u201cN\u0259rmin i\u015fi\u201dnin 3 ili: qan qrupundak\u0131 f\u0259rqd\u0259n tutmu\u015f, ekspertizadak\u0131 ziddiyy\u0259tl\u0259r\u0259 q\u0259d\u0259r&#8230;"},"content":{"rendered":"\n<p><\/p>\n\n\n\n<p><em>\u0130lkin S\u00fcleymanovun atas\u0131 d\u00f6vl\u0259t orqanlar\u0131na cinay\u0259t i\u015find\u0259ki ziddiyy\u0259tl\u0259rd\u0259n yaz\u0131b<\/em><\/p>\n\n\n\n<p>Tovuz rayonunun Dondar Qu\u015f\u00e7u k\u0259ndind\u0259 11 ya\u015fl\u0131 N\u0259rmin Quliyevan\u0131n o\u011furlanmas\u0131 v\u0259 47 g\u00fcn sonra k\u0259ndd\u0259 yand\u0131r\u0131lm\u0131\u015f meyitin tap\u0131lmas\u0131yla ba\u011fl\u0131 cinay\u0259tin bu g\u00fcn 3 ili tamam olur. 2020-ci il yanvar\u0131n 6-da ax\u015fam saat 8 rad\u0259l\u0259rind\u0259 Dondar Qu\u015f\u00e7u k\u0259ndind\u0259 yanm\u0131\u015f meyit tap\u0131lm\u0131\u015f v\u0259 bu hadis\u0259 \u00f6lk\u0259d\u0259 s\u0259s-k\u00fcy\u0259 s\u0259b\u0259b olmu\u015fdu. O vaxtdan ictimaiyy\u0259t bu hadis\u0259 il\u0259 ba\u011fl\u0131 prosesin gedi\u015fini izl\u0259yir. Prosesin gedi\u015find\u0259 \u00fcz\u0259 \u00e7\u0131xan ziddiyy\u0259tl\u0259r \u00f6t\u0259n \u00fc\u00e7 il \u0259rzind\u0259 bu cinay\u0259tl\u0259 ba\u011fl\u0131 qaranl\u0131qlar\u0131 daha da art\u0131rd\u0131. H\u0259tta N\u0259rmin Quliyevan\u0131n qan qrupu il\u0259 tap\u0131lan meyitin qan qrupu aras\u0131ndak\u0131 f\u0259rql\u0259r onun h\u0259min azya\u015fl\u0131 olub-olmamas\u0131 bar\u0259d\u0259 suallar\u0131 bel\u0259 meydana \u00e7\u0131xard\u0131.<\/p>\n\n\n\n<p>Azya\u015fl\u0131n\u0131 o\u011furlay\u0131b \u00f6ld\u00fcrm\u0259kd\u0259 t\u0259qsirl\u0259ndiril\u0259n \u0130lkin S\u00fcleymanovun atas\u0131 \u0130brahim S\u00fcleymanov prezident, birinci vitse-prezident d\u0259 daxil, m\u00fcxt\u0259lif d\u00f6vl\u0259t orqanlar\u0131n\u0131n r\u0259hb\u0259rl\u0259rin\u0259 m\u0259ktub g\u00f6nd\u0259rib. O, o\u011flunun he\u00e7 bir cinay\u0259t t\u00f6r\u0259tm\u0259diyi halda, \u00fc\u00e7 ildir ki, h\u0259bsd\u0259 saxland\u0131\u011f\u0131n\u0131 yaz\u0131r. <\/p>\n\n\n\n<p>\u0130brahim S\u00fcleymanovun s\u00f6zl\u0259rin\u0259 g\u00f6r\u0259, ilyar\u0131mdan \u00e7oxdur davam ed\u0259n m\u0259hk\u0259m\u0259 prosesind\u0259 \u00e7oxsayl\u0131 saxtakarl\u0131qlar\u0131n \u00fcst\u00fc a\u00e7\u0131ld\u0131. O vur\u011fulay\u0131b ki, cinay\u0259t i\u015finin materiallar\u0131nda \u0130lkin S\u00fcleymanovun yanvar\u0131n 10-da tutuldu\u011fu g\u00f6st\u0259rils\u0259 d\u0259, m\u0259hk\u0259m\u0259 prosesi bunun yalan oldu\u011funu, o\u011flunun \u0259slind\u0259, yanvar\u0131n 6-dan Tovuz rayon Polis \u015e\u00f6b\u0259sind\u0259 saxland\u0131\u011f\u0131n\u0131 ortaya qoydu. Bunu, h\u0259tta N\u0259rmin Quliyevan\u0131n \u00f6z valideynl\u0259ri v\u0259 ba\u015fqa qohumlar\u0131 da t\u0259sdiql\u0259dil\u0259r:<\/p>\n\n\n\n<p>\u201cPolis \u015f\u00f6b\u0259sind\u0259 o\u011flum 4 g\u00fcn qanunsuz saxlan\u0131l\u0131b, ona d\u00f6z\u00fclm\u0259z i\u015fg\u0259nc\u0259l\u0259r verilib, n\u0259tic\u0259d\u0259 bu cinay\u0259t \u0130lkinin boynuna zorla qoyulub. Bu cinay\u0259t i\u015finin saxta olmas\u0131, \u0259sl cinay\u0259tkarlar\u0131 qorumaq \u00fc\u00e7\u00fcn o\u011flumun \u015f\u0259rl\u0259nib h\u0259bs olunmas\u0131na dair kifay\u0259t q\u0259d\u0259r faktlar var. Bu g\u00fcn\u0259 kimi ke\u00e7\u0259n 3 il \u0259rzind\u0259 bu faktlar\u0131n b\u0259zil\u0259rini n\u0259z\u0259riniz\u0259 \u00e7atd\u0131rmaq \u00fcc\u00fcn bir \u00e7ox m\u0259ktublar yazm\u0131\u015fam. Yazd\u0131\u011f\u0131m faktlar cinay\u0259t i\u015find\u0259 a\u00e7\u0131q-a\u015fkar g\u00f6r\u00fcn\u0259n saxtakarl\u0131qlar\u0131n m\u00fc\u0259yy\u0259n bir hiss\u0259sidir. \u00c7ox t\u0259\u0259ss\u00fcf ki, bu m\u0259ktublar\u0131m siz\u0259 \u00e7atd\u0131r\u0131lm\u0131r\u201d.<\/p>\n\n\n\n<p>\u0130brahim S\u00fcleymanov ekspertiza zaman\u0131 saxtakarl\u0131qlara yol verilm\u0259sind\u0259n b\u0259hs edir. O bildirir ki, meyitin \u00fcst\u00fcnd\u0259n \u00e7\u0131xmayan paltarlar ekspertizaya t\u0259qdim olunub. M\u0259s\u0259l\u0259n, cins \u015falvar. Meyitin \u00fcst\u00fcnd\u0259n \u00e7\u0131xan paltarlar\u0131n siyah\u0131s\u0131 var. H\u0259min protokolda cins \u015falvar yoxdur. Lakin ekspert cins \u015falvardan \u0130lkin S\u00fcleymanova m\u0259xsus paltar\u0131n lifinin tap\u0131lmas\u0131 haqda r\u0259y verib. H\u0259min cins \u015falvar\u0131n ekspert\u0259 nec\u0259 gedib \u00e7\u0131xd\u0131\u011f\u0131 m\u0259lum deyil. Yaxud da meyitin ba\u015f nahiy\u0259sind\u0259n qan axmamas\u0131 \u00fc\u00e7\u00fcn ba\u011fland\u0131\u011f\u0131 iddia olunan q\u0131rm\u0131z\u0131 \u0259ski par\u00e7as\u0131. <\/p>\n\n\n\n<p>Hadis\u0259 yerind\u0259n tap\u0131lan paltar v\u0259 \u0259\u015fyalara dair protokolda bu \u0259ski par\u00e7as\u0131 haqda he\u00e7 n\u0259 yoxdur. Lakin ekspertiza bu haqda da r\u0259y verib.<\/p>\n\n\n<div class=\"wp-block-image\">\n<figure class=\"alignright size-full is-resized\"><img decoding=\"async\" data-src=\"https:\/\/www.meydan.tv\/wp-content\/uploads\/untitled-design-15-3.jpg\" alt=\"\" class=\"wp-image-243385 lazyload\" width=\"505\" height=\"336\" src=\"data:image\/svg+xml;base64,PHN2ZyB3aWR0aD0iMSIgaGVpZ2h0PSIxIiB4bWxucz0iaHR0cDovL3d3dy53My5vcmcvMjAwMC9zdmciPjwvc3ZnPg==\" style=\"--smush-placeholder-width: 505px; --smush-placeholder-aspect-ratio: 505\/336;\" \/><figcaption class=\"wp-element-caption\">\u0130brahim S\u00fcleymanov. Foto: Meydan TV<\/figcaption><\/figure>\n<\/div>\n\n\n<p>\u201cMeyit tap\u0131lan zaman onun \u00fcz\u0259rind\u0259n a\u015fkarlanmayan bu \u201cg\u00f6y cins \u015falvar\u201d kimin \u0259li il\u0259 v\u0259 nec\u0259 ekspert\u0259 g\u00f6nd\u0259ril\u0259n paltarlar\u0131n aras\u0131na qat\u0131laraq, meyitin \u00fcz\u0259rind\u0259n \u00e7\u0131xm\u0131\u015f paltar kimi t\u0259qdim olunubsa, el\u0259 o \u015f\u0259xs d\u0259 birba\u015fa cinay\u0259tl\u0259 \u0259laq\u0259li olan \u015f\u0259xsdir. Bu \u015f\u0259xs h\u0259r kimdirs\u0259, istintaqa m\u00fcdaxil\u0259 etm\u0259k imkan\u0131na sahib oland\u0131r. Bunu inkar etm\u0259k m\u00fcmk\u00fcn deyil. Onu da qeyd edim ki, N\u0259rminl\u0259 v\u0259 tap\u0131lm\u0131\u015f meyitl\u0259 he\u00e7 bir \u0259laq\u0259si olmayan bu g\u00f6y cins \u015falvar\u0131n \u00fcz\u0259rind\u0259n guya \u0130lkinin g\u00f6d\u0259k\u00e7\u0259sinin lifi a\u015fkar edilib. Bu hal is\u0259 lifli materiallar\u0131n t\u0259dqiqat\u0131 zaman\u0131 ba\u015f vermi\u015f saxtakarl\u0131\u011f\u0131n t\u0259kzibolunmaz s\u00fcbutudur. Bu, istintaq\u0131n birba\u015fa saxtakarl\u0131\u011f\u0131n\u0131 s\u00fcbut edir. Nec\u0259 olur ki, b\u0259d\u0259n k\u00f6m\u00fcrl\u0259\u015fm\u0259 h\u0259ddind\u0259 yan\u0131r, amma paltar yanm\u0131r?\u201d, &#8211; \u0130brahim S\u00fcleymanov m\u0259ktubunda yaz\u0131b.<\/p>\n\n\n\n<p>Onun s\u00f6zl\u0259rin\u0259 g\u00f6r\u0259, ekspertl\u0259r o\u011flu tutulandan sonra bazardan al\u0131b polis \u015f\u00f6b\u0259sin\u0259 apar\u0131b verdikl\u0259ri isti alt paltar\u0131ndan da N\u0259rmin\u0259 m\u0259xsus paltar\u0131n lifini a\u015fkarlay\u0131blar. Halbuki, sat\u0131c\u0131 \u00f6z\u00fc d\u0259 g\u0259lib m\u0259hk\u0259m\u0259d\u0259 ifad\u0259 verib, h\u0259min paltar\u0131 hadis\u0259d\u0259n sonra satd\u0131\u011f\u0131n\u0131 t\u0259sdiql\u0259yib:<\/p>\n\n\n\n<p>\u201c\u0130lkin tutulandan sonra sat\u0131lm\u0131\u015f paltarda N\u0259rminin paltar\u0131n\u0131n lifi nec\u0259 ola bil\u0259rdi?! M\u0259ktubda qeyd etdikl\u0259rimiz bu cinay\u0259t i\u015find\u0259ki saxtakarl\u0131qlar\u0131n yaln\u0131z bir hiss\u0259sidir. Bu cinay\u0259t i\u015fi dem\u0259k olar, ba\u015fdan-aya\u011fa saxtakarl\u0131qlarla m\u00fc\u015fahid\u0259 olunur. Bu saxtakarl\u0131qlar add\u0131mba\u015f\u0131 ayd\u0131n \u015f\u0259kild\u0259 sezilir. Bu, haqs\u0131zl\u0131\u011f\u0131n \u0259r\u015f\u0259 \u00e7\u0259kilm\u0259si an\u0131d\u0131&#8230;\u201d.<\/p>\n\n\n\n<p>1973-c\u00fc il t\u0259v\u0259ll\u00fcdl\u00fc \u0130lkin S\u00fcleymanov Cinay\u0259t M\u0259c\u0259ll\u0259sinin 120.2.4 (x\u00fcsusi amans\u0131zl\u0131qla q\u0259sd\u0259n adam \u00f6ld\u00fcrm\u0259), 120.2.9 (t\u0259qsirkar \u015f\u0259xs \u00fc\u00e7\u00fcn a\u015fkar sur\u0259td\u0259 k\u00f6m\u0259ksiz v\u0259ziyy\u0259td\u0259 olan adam\u0131 q\u0259sd\u0259n \u00f6ld\u00fcrm\u0259), 133.2.1 (o\u011furlanm\u0131\u015f \u015f\u0259xs\u0259 \u0259zab verm\u0259), 133.2.4 (yetkinlik ya\u015f\u0131na \u00e7atmayan, k\u00f6m\u0259ksiz v\u0259ziyy\u0259td\u0259 olan \u015f\u0259xs\u0259 \u0259zab verm\u0259), 144-c\u00fc (adam o\u011furlu\u011fu) madd\u0259l\u0259ril\u0259 ittiham olunur.<\/p>\n\n\n\n<p>\u0130ttihama \u0259sas\u0259n, o, sinif yolda\u015f\u0131 \u015e\u0259rif Quliyevin ail\u0259si, u\u015faqlar\u0131 oldu\u011funa g\u00f6r\u0259 onu q\u0131sqan\u0131b, buna g\u00f6r\u0259 d\u0259 onun q\u0131z\u0131 N\u0259rmini o\u011furlayaraq, 47 g\u00fcn sonra q\u0259tl\u0259 yetirib.<\/p>\n\n\n\n<p>\u0130lkin S\u00fcleymanov is\u0259 azya\u015fl\u0131n\u0131n \u00f6l\u00fcm\u00fcn\u0259 aidiyy\u0259ti olmad\u0131\u011f\u0131n\u0131 deyir. \u0130lkin ifad\u0259sind\u0259ki etirafa g\u0259linc\u0259, o bildirib ki, 2020-ci il yanvar\u0131n 6-dan 10-na q\u0259d\u0259r Tovuz rayon Polis \u015e\u00f6b\u0259sind\u0259 i\u015fg\u0259nc\u0259y\u0259 m\u0259ruz qal\u0131b. D\u00f6rd g\u00fcn sonra i\u015fg\u0259nc\u0259l\u0259r\u0259 d\u00f6zm\u0259y\u0259r\u0259k, etiraf ifad\u0259sin\u0259 imza atma\u011fa m\u0259cbur olub.<\/p>\n\n\n\n<p>Ba\u015f Prokurorluq is\u0259 i\u015fg\u0259nc\u0259 iddialar\u0131n\u0131 t\u0259kzib edib.<\/p>\n","protected":false},"excerpt":{"rendered":"<p>\u0130lkin S\u00fcleymanovun atas\u0131 d\u00f6vl\u0259t orqanlar\u0131na cinay\u0259t i\u015find\u0259ki ziddiyy\u0259tl\u0259rd\u0259n yaz\u0131b Tovuz &#8230; <\/p>\n<p class=\"read-more-container\"><a title=\"\u201cN\u0259rmin i\u015fi\u201dnin 3 ili: qan qrupundak\u0131 f\u0259rqd\u0259n tutmu\u015f, ekspertizadak\u0131 ziddiyy\u0259tl\u0259r\u0259 q\u0259d\u0259r&#8230;\" class=\"read-more button\" href=\"https:\/\/www.meydan.tv\/az\/article\/nermin-isinin-3-ili-qan-qrupundaki-ferqden-tutmus-ekspertizadaki-ziddiyyetlere-qeder\/#more-265190\" aria-label=\"Read more about \u201cN\u0259rmin i\u015fi\u201dnin 3 ili: qan qrupundak\u0131 f\u0259rqd\u0259n tutmu\u015f, ekspertizadak\u0131 ziddiyy\u0259tl\u0259r\u0259 q\u0259d\u0259r&#8230;\">Davam\u0131<\/a><\/p>\n","protected":false},"author":8,"featured_media":241424,"comment_status":"closed","ping_status":"closed","sticky":false,"template":"","format":"standard","meta":{"_acf_changed":false,"_sitemap_exclude":false,"_sitemap_priority":"","_sitemap_frequency":"","footnotes":""},"categories":[60,88,56],"tags":[],"class_list":["post-265190","post","type-post","status-publish","format-standard","has-post-thumbnail","hentry","category-bolge","category-redaktor-secimi","category-xeberler","infinite-scroll-item","generate-columns","tablet-grid-50","mobile-grid-100","grid-parent","grid-33","no-featured-image-padding"],"acf":[],"yoast_head":"<!-- This site is optimized with the Yoast SEO plugin v27.5 - https:\/\/yoast.com\/product\/yoast-seo-wordpress\/ -->\n<title>\u201cN\u0259rmin i\u015fi\u201dnin 3 ili: qan qrupundak\u0131 f\u0259rqd\u0259n tutmu\u015f, ekspertizadak\u0131 ziddiyy\u0259tl\u0259r\u0259 q\u0259d\u0259r... - MEYDAN.TV<\/title>\n<meta name=\"robots\" content=\"index, follow, max-snippet:-1, max-image-preview:large, max-video-preview:-1\" \/>\n<link rel=\"canonical\" href=\"https:\/\/www.meydan.tv\/az\/article\/nermin-isinin-3-ili-qan-qrupundaki-ferqden-tutmus-ekspertizadaki-ziddiyyetlere-qeder\/\" \/>\n<meta property=\"og:locale\" content=\"az_AZ\" \/>\n<meta property=\"og:type\" content=\"article\" \/>\n<meta property=\"og:title\" content=\"\u201cN\u0259rmin i\u015fi\u201dnin 3 ili: qan qrupundak\u0131 f\u0259rqd\u0259n tutmu\u015f, ekspertizadak\u0131 ziddiyy\u0259tl\u0259r\u0259 q\u0259d\u0259r... - MEYDAN.TV\" \/>\n<meta property=\"og:description\" content=\"\u0130lkin S\u00fcleymanovun atas\u0131 d\u00f6vl\u0259t orqanlar\u0131na cinay\u0259t i\u015find\u0259ki ziddiyy\u0259tl\u0259rd\u0259n yaz\u0131b Tovuz ... Davam\u0131\" \/>\n<meta property=\"og:url\" content=\"https:\/\/www.meydan.tv\/az\/article\/nermin-isinin-3-ili-qan-qrupundaki-ferqden-tutmus-ekspertizadaki-ziddiyyetlere-qeder\/\" \/>\n<meta property=\"og:site_name\" content=\"MEYDAN.TV\" \/>\n<meta property=\"article:published_time\" content=\"2023-01-06T11:28:07+00:00\" \/>\n<meta property=\"article:modified_time\" content=\"2023-01-06T11:28:11+00:00\" \/>\n<meta property=\"og:image\" content=\"https:\/\/www.meydan.tv\/wp-content\/uploads\/photo-2022-04-11-16-04-01-e1649746574597.jpg\" \/>\n\t<meta property=\"og:image:width\" content=\"1200\" \/>\n\t<meta property=\"og:image:height\" content=\"711\" \/>\n\t<meta property=\"og:image:type\" content=\"image\/jpeg\" \/>\n<meta name=\"author\" content=\"elli\" \/>\n<meta name=\"twitter:card\" content=\"summary_large_image\" \/>\n<meta name=\"twitter:creator\" content=\"@elli\" \/>\n<script type=\"application\/ld+json\" class=\"yoast-schema-graph\">{\"@context\":\"https:\\\/\\\/schema.org\",\"@graph\":[{\"@type\":\"Article\",\"@id\":\"https:\\\/\\\/www.meydan.tv\\\/az\\\/article\\\/nermin-isinin-3-ili-qan-qrupundaki-ferqden-tutmus-ekspertizadaki-ziddiyyetlere-qeder\\\/#article\",\"isPartOf\":{\"@id\":\"https:\\\/\\\/www.meydan.tv\\\/az\\\/article\\\/nermin-isinin-3-ili-qan-qrupundaki-ferqden-tutmus-ekspertizadaki-ziddiyyetlere-qeder\\\/\"},\"author\":{\"name\":\"elli\",\"@id\":\"https:\\\/\\\/www.meydan.tv\\\/az\\\/#\\\/schema\\\/person\\\/9cdbecf90d17180ce1dfbd95b08dcf47\"},\"headline\":\"\u201cN\u0259rmin i\u015fi\u201dnin 3 ili: qan qrupundak\u0131 f\u0259rqd\u0259n tutmu\u015f, ekspertizadak\u0131 ziddiyy\u0259tl\u0259r\u0259 q\u0259d\u0259r&#8230;\",\"datePublished\":\"2023-01-06T11:28:07+00:00\",\"dateModified\":\"2023-01-06T11:28:11+00:00\",\"mainEntityOfPage\":{\"@id\":\"https:\\\/\\\/www.meydan.tv\\\/az\\\/article\\\/nermin-isinin-3-ili-qan-qrupundaki-ferqden-tutmus-ekspertizadaki-ziddiyyetlere-qeder\\\/\"},\"wordCount\":1077,\"publisher\":{\"@id\":\"https:\\\/\\\/www.meydan.tv\\\/az\\\/#organization\"},\"image\":{\"@id\":\"https:\\\/\\\/www.meydan.tv\\\/az\\\/article\\\/nermin-isinin-3-ili-qan-qrupundaki-ferqden-tutmus-ekspertizadaki-ziddiyyetlere-qeder\\\/#primaryimage\"},\"thumbnailUrl\":\"https:\\\/\\\/www.meydan.tv\\\/wp-content\\\/uploads\\\/photo-2022-04-11-16-04-01-e1685950918665.jpg\",\"articleSection\":[\"B\u00f6lg\u0259\",\"Redaktor se\u00e7imi\",\"X\u0259b\u0259rl\u0259r\"],\"inLanguage\":\"az\"},{\"@type\":\"WebPage\",\"@id\":\"https:\\\/\\\/www.meydan.tv\\\/az\\\/article\\\/nermin-isinin-3-ili-qan-qrupundaki-ferqden-tutmus-ekspertizadaki-ziddiyyetlere-qeder\\\/\",\"url\":\"https:\\\/\\\/www.meydan.tv\\\/az\\\/article\\\/nermin-isinin-3-ili-qan-qrupundaki-ferqden-tutmus-ekspertizadaki-ziddiyyetlere-qeder\\\/\",\"name\":\"\u201cN\u0259rmin i\u015fi\u201dnin 3 ili: qan qrupundak\u0131 f\u0259rqd\u0259n tutmu\u015f, ekspertizadak\u0131 ziddiyy\u0259tl\u0259r\u0259 q\u0259d\u0259r... - MEYDAN.TV\",\"isPartOf\":{\"@id\":\"https:\\\/\\\/www.meydan.tv\\\/az\\\/#website\"},\"primaryImageOfPage\":{\"@id\":\"https:\\\/\\\/www.meydan.tv\\\/az\\\/article\\\/nermin-isinin-3-ili-qan-qrupundaki-ferqden-tutmus-ekspertizadaki-ziddiyyetlere-qeder\\\/#primaryimage\"},\"image\":{\"@id\":\"https:\\\/\\\/www.meydan.tv\\\/az\\\/article\\\/nermin-isinin-3-ili-qan-qrupundaki-ferqden-tutmus-ekspertizadaki-ziddiyyetlere-qeder\\\/#primaryimage\"},\"thumbnailUrl\":\"https:\\\/\\\/www.meydan.tv\\\/wp-content\\\/uploads\\\/photo-2022-04-11-16-04-01-e1685950918665.jpg\",\"datePublished\":\"2023-01-06T11:28:07+00:00\",\"dateModified\":\"2023-01-06T11:28:11+00:00\",\"breadcrumb\":{\"@id\":\"https:\\\/\\\/www.meydan.tv\\\/az\\\/article\\\/nermin-isinin-3-ili-qan-qrupundaki-ferqden-tutmus-ekspertizadaki-ziddiyyetlere-qeder\\\/#breadcrumb\"},\"inLanguage\":\"az\",\"potentialAction\":[{\"@type\":\"ReadAction\",\"target\":[\"https:\\\/\\\/www.meydan.tv\\\/az\\\/article\\\/nermin-isinin-3-ili-qan-qrupundaki-ferqden-tutmus-ekspertizadaki-ziddiyyetlere-qeder\\\/\"]}]},{\"@type\":\"ImageObject\",\"inLanguage\":\"az\",\"@id\":\"https:\\\/\\\/www.meydan.tv\\\/az\\\/article\\\/nermin-isinin-3-ili-qan-qrupundaki-ferqden-tutmus-ekspertizadaki-ziddiyyetlere-qeder\\\/#primaryimage\",\"url\":\"https:\\\/\\\/www.meydan.tv\\\/wp-content\\\/uploads\\\/photo-2022-04-11-16-04-01-e1685950918665.jpg\",\"contentUrl\":\"https:\\\/\\\/www.meydan.tv\\\/wp-content\\\/uploads\\\/photo-2022-04-11-16-04-01-e1685950918665.jpg\",\"width\":1200,\"height\":450,\"caption\":\"\u0130lkin S\u00fcleymanov. Foto: Meydan TV\"},{\"@type\":\"BreadcrumbList\",\"@id\":\"https:\\\/\\\/www.meydan.tv\\\/az\\\/article\\\/nermin-isinin-3-ili-qan-qrupundaki-ferqden-tutmus-ekspertizadaki-ziddiyyetlere-qeder\\\/#breadcrumb\",\"itemListElement\":[{\"@type\":\"ListItem\",\"position\":1,\"name\":\"Ana s\u0259hif\u0259\",\"item\":\"https:\\\/\\\/www.meydan.tv\\\/az\\\/\"},{\"@type\":\"ListItem\",\"position\":2,\"name\":\"B\u00f6lg\u0259\",\"item\":\"https:\\\/\\\/www.meydan.tv\\\/az\\\/section\\\/bolge\\\/\"},{\"@type\":\"ListItem\",\"position\":3,\"name\":\"\u201cN\u0259rmin i\u015fi\u201dnin 3 ili: qan qrupundak\u0131 f\u0259rqd\u0259n tutmu\u015f, ekspertizadak\u0131 ziddiyy\u0259tl\u0259r\u0259 q\u0259d\u0259r&#8230;\"}]},{\"@type\":\"WebSite\",\"@id\":\"https:\\\/\\\/www.meydan.tv\\\/az\\\/#website\",\"url\":\"https:\\\/\\\/www.meydan.tv\\\/az\\\/\",\"name\":\"MEYDAN.TV\",\"description\":\"Meydan TV Az\u0259rbaycan\u0131n media m\u0259kan\u0131ndak\u0131 alternativ s\u0259sidir\",\"publisher\":{\"@id\":\"https:\\\/\\\/www.meydan.tv\\\/az\\\/#organization\"},\"potentialAction\":[{\"@type\":\"SearchAction\",\"target\":{\"@type\":\"EntryPoint\",\"urlTemplate\":\"https:\\\/\\\/www.meydan.tv\\\/az\\\/?s={search_term_string}\"},\"query-input\":{\"@type\":\"PropertyValueSpecification\",\"valueRequired\":true,\"valueName\":\"search_term_string\"}}],\"inLanguage\":\"az\"},{\"@type\":\"Organization\",\"@id\":\"https:\\\/\\\/www.meydan.tv\\\/az\\\/#organization\",\"name\":\"Meydan TV\",\"url\":\"https:\\\/\\\/www.meydan.tv\\\/az\\\/\",\"logo\":{\"@type\":\"ImageObject\",\"inLanguage\":\"az\",\"@id\":\"https:\\\/\\\/www.meydan.tv\\\/az\\\/#\\\/schema\\\/logo\\\/image\\\/\",\"url\":\"https:\\\/\\\/www.meydan.tv\\\/wp-content\\\/uploads\\\/2021\\\/07\\\/meydan-logo.svg\",\"contentUrl\":\"https:\\\/\\\/www.meydan.tv\\\/wp-content\\\/uploads\\\/2021\\\/07\\\/meydan-logo.svg\",\"width\":195,\"height\":46,\"caption\":\"Meydan TV\"},\"image\":{\"@id\":\"https:\\\/\\\/www.meydan.tv\\\/az\\\/#\\\/schema\\\/logo\\\/image\\\/\"}},{\"@type\":\"Person\",\"@id\":\"https:\\\/\\\/www.meydan.tv\\\/az\\\/#\\\/schema\\\/person\\\/9cdbecf90d17180ce1dfbd95b08dcf47\",\"name\":\"elli\",\"sameAs\":[\"https:\\\/\\\/x.com\\\/elli\"]}]}<\/script>\n<!-- \/ Yoast SEO plugin. -->","yoast_head_json":{"title":"\u201cN\u0259rmin i\u015fi\u201dnin 3 ili: qan qrupundak\u0131 f\u0259rqd\u0259n tutmu\u015f, ekspertizadak\u0131 ziddiyy\u0259tl\u0259r\u0259 q\u0259d\u0259r... - MEYDAN.TV","robots":{"index":"index","follow":"follow","max-snippet":"max-snippet:-1","max-image-preview":"max-image-preview:large","max-video-preview":"max-video-preview:-1"},"canonical":"https:\/\/www.meydan.tv\/az\/article\/nermin-isinin-3-ili-qan-qrupundaki-ferqden-tutmus-ekspertizadaki-ziddiyyetlere-qeder\/","og_locale":"az_AZ","og_type":"article","og_title":"\u201cN\u0259rmin i\u015fi\u201dnin 3 ili: qan qrupundak\u0131 f\u0259rqd\u0259n tutmu\u015f, ekspertizadak\u0131 ziddiyy\u0259tl\u0259r\u0259 q\u0259d\u0259r... - MEYDAN.TV","og_description":"\u0130lkin S\u00fcleymanovun atas\u0131 d\u00f6vl\u0259t orqanlar\u0131na cinay\u0259t i\u015find\u0259ki ziddiyy\u0259tl\u0259rd\u0259n yaz\u0131b Tovuz ... Davam\u0131","og_url":"https:\/\/www.meydan.tv\/az\/article\/nermin-isinin-3-ili-qan-qrupundaki-ferqden-tutmus-ekspertizadaki-ziddiyyetlere-qeder\/","og_site_name":"MEYDAN.TV","article_published_time":"2023-01-06T11:28:07+00:00","article_modified_time":"2023-01-06T11:28:11+00:00","og_image":[{"width":1200,"height":711,"url":"https:\/\/www.meydan.tv\/wp-content\/uploads\/photo-2022-04-11-16-04-01-e1649746574597.jpg","type":"image\/jpeg"}],"author":"elli","twitter_card":"summary_large_image","twitter_creator":"@elli","schema":{"@context":"https:\/\/schema.org","@graph":[{"@type":"Article","@id":"https:\/\/www.meydan.tv\/az\/article\/nermin-isinin-3-ili-qan-qrupundaki-ferqden-tutmus-ekspertizadaki-ziddiyyetlere-qeder\/#article","isPartOf":{"@id":"https:\/\/www.meydan.tv\/az\/article\/nermin-isinin-3-ili-qan-qrupundaki-ferqden-tutmus-ekspertizadaki-ziddiyyetlere-qeder\/"},"author":{"name":"elli","@id":"https:\/\/www.meydan.tv\/az\/#\/schema\/person\/9cdbecf90d17180ce1dfbd95b08dcf47"},"headline":"\u201cN\u0259rmin i\u015fi\u201dnin 3 ili: qan qrupundak\u0131 f\u0259rqd\u0259n tutmu\u015f, ekspertizadak\u0131 ziddiyy\u0259tl\u0259r\u0259 q\u0259d\u0259r&#8230;","datePublished":"2023-01-06T11:28:07+00:00","dateModified":"2023-01-06T11:28:11+00:00","mainEntityOfPage":{"@id":"https:\/\/www.meydan.tv\/az\/article\/nermin-isinin-3-ili-qan-qrupundaki-ferqden-tutmus-ekspertizadaki-ziddiyyetlere-qeder\/"},"wordCount":1077,"publisher":{"@id":"https:\/\/www.meydan.tv\/az\/#organization"},"image":{"@id":"https:\/\/www.meydan.tv\/az\/article\/nermin-isinin-3-ili-qan-qrupundaki-ferqden-tutmus-ekspertizadaki-ziddiyyetlere-qeder\/#primaryimage"},"thumbnailUrl":"https:\/\/www.meydan.tv\/wp-content\/uploads\/photo-2022-04-11-16-04-01-e1685950918665.jpg","articleSection":["B\u00f6lg\u0259","Redaktor se\u00e7imi","X\u0259b\u0259rl\u0259r"],"inLanguage":"az"},{"@type":"WebPage","@id":"https:\/\/www.meydan.tv\/az\/article\/nermin-isinin-3-ili-qan-qrupundaki-ferqden-tutmus-ekspertizadaki-ziddiyyetlere-qeder\/","url":"https:\/\/www.meydan.tv\/az\/article\/nermin-isinin-3-ili-qan-qrupundaki-ferqden-tutmus-ekspertizadaki-ziddiyyetlere-qeder\/","name":"\u201cN\u0259rmin i\u015fi\u201dnin 3 ili: qan qrupundak\u0131 f\u0259rqd\u0259n tutmu\u015f, ekspertizadak\u0131 ziddiyy\u0259tl\u0259r\u0259 q\u0259d\u0259r... - MEYDAN.TV","isPartOf":{"@id":"https:\/\/www.meydan.tv\/az\/#website"},"primaryImageOfPage":{"@id":"https:\/\/www.meydan.tv\/az\/article\/nermin-isinin-3-ili-qan-qrupundaki-ferqden-tutmus-ekspertizadaki-ziddiyyetlere-qeder\/#primaryimage"},"image":{"@id":"https:\/\/www.meydan.tv\/az\/article\/nermin-isinin-3-ili-qan-qrupundaki-ferqden-tutmus-ekspertizadaki-ziddiyyetlere-qeder\/#primaryimage"},"thumbnailUrl":"https:\/\/www.meydan.tv\/wp-content\/uploads\/photo-2022-04-11-16-04-01-e1685950918665.jpg","datePublished":"2023-01-06T11:28:07+00:00","dateModified":"2023-01-06T11:28:11+00:00","breadcrumb":{"@id":"https:\/\/www.meydan.tv\/az\/article\/nermin-isinin-3-ili-qan-qrupundaki-ferqden-tutmus-ekspertizadaki-ziddiyyetlere-qeder\/#breadcrumb"},"inLanguage":"az","potentialAction":[{"@type":"ReadAction","target":["https:\/\/www.meydan.tv\/az\/article\/nermin-isinin-3-ili-qan-qrupundaki-ferqden-tutmus-ekspertizadaki-ziddiyyetlere-qeder\/"]}]},{"@type":"ImageObject","inLanguage":"az","@id":"https:\/\/www.meydan.tv\/az\/article\/nermin-isinin-3-ili-qan-qrupundaki-ferqden-tutmus-ekspertizadaki-ziddiyyetlere-qeder\/#primaryimage","url":"https:\/\/www.meydan.tv\/wp-content\/uploads\/photo-2022-04-11-16-04-01-e1685950918665.jpg","contentUrl":"https:\/\/www.meydan.tv\/wp-content\/uploads\/photo-2022-04-11-16-04-01-e1685950918665.jpg","width":1200,"height":450,"caption":"\u0130lkin S\u00fcleymanov. Foto: Meydan TV"},{"@type":"BreadcrumbList","@id":"https:\/\/www.meydan.tv\/az\/article\/nermin-isinin-3-ili-qan-qrupundaki-ferqden-tutmus-ekspertizadaki-ziddiyyetlere-qeder\/#breadcrumb","itemListElement":[{"@type":"ListItem","position":1,"name":"Ana s\u0259hif\u0259","item":"https:\/\/www.meydan.tv\/az\/"},{"@type":"ListItem","position":2,"name":"B\u00f6lg\u0259","item":"https:\/\/www.meydan.tv\/az\/section\/bolge\/"},{"@type":"ListItem","position":3,"name":"\u201cN\u0259rmin i\u015fi\u201dnin 3 ili: qan qrupundak\u0131 f\u0259rqd\u0259n tutmu\u015f, ekspertizadak\u0131 ziddiyy\u0259tl\u0259r\u0259 q\u0259d\u0259r&#8230;"}]},{"@type":"WebSite","@id":"https:\/\/www.meydan.tv\/az\/#website","url":"https:\/\/www.meydan.tv\/az\/","name":"MEYDAN.TV","description":"Meydan TV Az\u0259rbaycan\u0131n media m\u0259kan\u0131ndak\u0131 alternativ s\u0259sidir","publisher":{"@id":"https:\/\/www.meydan.tv\/az\/#organization"},"potentialAction":[{"@type":"SearchAction","target":{"@type":"EntryPoint","urlTemplate":"https:\/\/www.meydan.tv\/az\/?s={search_term_string}"},"query-input":{"@type":"PropertyValueSpecification","valueRequired":true,"valueName":"search_term_string"}}],"inLanguage":"az"},{"@type":"Organization","@id":"https:\/\/www.meydan.tv\/az\/#organization","name":"Meydan TV","url":"https:\/\/www.meydan.tv\/az\/","logo":{"@type":"ImageObject","inLanguage":"az","@id":"https:\/\/www.meydan.tv\/az\/#\/schema\/logo\/image\/","url":"https:\/\/www.meydan.tv\/wp-content\/uploads\/2021\/07\/meydan-logo.svg","contentUrl":"https:\/\/www.meydan.tv\/wp-content\/uploads\/2021\/07\/meydan-logo.svg","width":195,"height":46,"caption":"Meydan TV"},"image":{"@id":"https:\/\/www.meydan.tv\/az\/#\/schema\/logo\/image\/"}},{"@type":"Person","@id":"https:\/\/www.meydan.tv\/az\/#\/schema\/person\/9cdbecf90d17180ce1dfbd95b08dcf47","name":"elli","sameAs":["https:\/\/x.com\/elli"]}]}},"_links":{"self":[{"href":"https:\/\/www.meydan.tv\/az\/wp-json\/wp\/v2\/posts\/265190","targetHints":{"allow":["GET"]}}],"collection":[{"href":"https:\/\/www.meydan.tv\/az\/wp-json\/wp\/v2\/posts"}],"about":[{"href":"https:\/\/www.meydan.tv\/az\/wp-json\/wp\/v2\/types\/post"}],"author":[{"embeddable":true,"href":"https:\/\/www.meydan.tv\/az\/wp-json\/wp\/v2\/users\/8"}],"replies":[{"embeddable":true,"href":"https:\/\/www.meydan.tv\/az\/wp-json\/wp\/v2\/comments?post=265190"}],"version-history":[{"count":1,"href":"https:\/\/www.meydan.tv\/az\/wp-json\/wp\/v2\/posts\/265190\/revisions"}],"predecessor-version":[{"id":265191,"href":"https:\/\/www.meydan.tv\/az\/wp-json\/wp\/v2\/posts\/265190\/revisions\/265191"}],"wp:featuredmedia":[{"embeddable":true,"href":"https:\/\/www.meydan.tv\/az\/wp-json\/wp\/v2\/media\/241424"}],"wp:attachment":[{"href":"https:\/\/www.meydan.tv\/az\/wp-json\/wp\/v2\/media?parent=265190"}],"wp:term":[{"taxonomy":"category","embeddable":true,"href":"https:\/\/www.meydan.tv\/az\/wp-json\/wp\/v2\/categories?post=265190"},{"taxonomy":"post_tag","embeddable":true,"href":"https:\/\/www.meydan.tv\/az\/wp-json\/wp\/v2\/tags?post=265190"}],"curies":[{"name":"wp","href":"https:\/\/api.w.org\/{rel}","templated":true}]}}