{"id":265136,"date":"2023-01-05T18:26:04","date_gmt":"2023-01-05T14:26:04","guid":{"rendered":"https:\/\/www.meydan.tv\/?p=265136"},"modified":"2023-01-05T18:26:07","modified_gmt":"2023-01-05T14:26:07","slug":"medianin-inkisafi-agentliyi-ile-qeydiyyata-gore-mehkeme-cekismesi-baslayir","status":"publish","type":"post","link":"https:\/\/www.meydan.tv\/az\/article\/medianin-inkisafi-agentliyi-ile-qeydiyyata-gore-mehkeme-cekismesi-baslayir\/","title":{"rendered":"Median\u0131n \u0130nki\u015faf\u0131 Agentliyi il\u0259 qeydiyyata g\u00f6r\u0259 m\u0259hk\u0259m\u0259 \u00e7\u0259ki\u015fm\u0259si ba\u015flay\u0131r"},"content":{"rendered":"\n<p><\/p>\n\n\n\n<p><em>Bu, media reyestri il\u0259 ba\u011fl\u0131 ilk m\u0259hk\u0259m\u0259dir<\/em><\/p>\n\n\n\n<p>\u201c<a target=\"_blank\" href=\"http:\/\/22saat.org\/\" rel=\"noreferrer noopener\">22saat.org<\/a>\u201d sayt\u0131 Median\u0131n \u0130nki\u015faf\u0131 Agentliyini m\u0259hk\u0259m\u0259y\u0259 verib. Buna s\u0259b\u0259b is\u0259 sayt\u0131n media reyestrin\u0259 daxil olmaqla ba\u011fl\u0131 m\u00fcraci\u0259tin\u0259 qurumdan \u201cyox\u201d cavab\u0131 verilm\u0259sidir.<\/p>\n\n\n\n<p>Median\u0131n \u0130nki\u015faf\u0131 Agentliyi \u201c<a target=\"_blank\" href=\"http:\/\/24saat.org\/\" rel=\"noreferrer noopener\">24saat.org<\/a>\u201d MMC-ni media reyestrin\u0259 daxil etm\u0259kd\u0259n imtina edib. \u0130mtina m\u0259ktubunda buna \u0259sas olaraq, g\u00f6st\u0259rib ki, sayt\u0131n f\u0259aliyy\u0259ti davaml\u0131 deyil. Agentlik h\u0259r saytdan onlayn media resursuna h\u0259r g\u00fcn az\u0131 20 \u00f6z\u0259l x\u0259b\u0259r yerl\u0259\u015fdirm\u0259yi t\u0259l\u0259b edir. \u0130ddia olunur ki, \u201c<a target=\"_blank\" href=\"http:\/\/24saat.org\/\" rel=\"noreferrer noopener\">24saat.org<\/a>\u201d sayt\u0131 bu t\u0259l\u0259b\u0259 cavab vermir.<\/p>\n\n\n\n<p>Median\u0131n \u0130nki\u015faf\u0131 Agentliyinin r\u0259dd cavab\u0131ndan sonra onlayn media resursunun r\u0259hb\u0259ri bu qurumu m\u0259hk\u0259m\u0259y\u0259 verm\u0259k q\u0259rar\u0131na g\u0259lib. Agentliy\u0259 qar\u015f\u0131 qald\u0131r\u0131lm\u0131\u015f iddiaya Bak\u0131 \u0130nzibati M\u0259hk\u0259m\u0259sind\u0259 bax\u0131lacaq.<\/p>\n\n\n\n<p>Meydan TV-nin \u0259ld\u0259 etdiyi m\u0259lumata g\u00f6r\u0259, bu m\u0259s\u0259l\u0259ni ara\u015fd\u0131rmaq hakim Aysev Almazovaya h\u0259val\u0259 olunub. M\u0259hk\u0259m\u0259nin haz\u0131rl\u0131q iclas\u0131 yanvar\u0131n 9-da saat 12.30-da ke\u00e7iril\u0259c\u0259k. Bu, media reyestri il\u0259 ba\u011fl\u0131 Az\u0259rbaycanda ilk m\u0259hk\u0259m\u0259 iclas\u0131 olacaq.<\/p>\n\n\n\n<p>Sayt m\u0259hk\u0259m\u0259 qar\u015f\u0131s\u0131nda h\u0259min q\u0259rar\u0131n qanunsuzlu\u011fu &#8211; qanunvericiliyin ayd\u0131n, Konstitusiyaya v\u0259 beyn\u0259lxalq m\u00fcqavil\u0259l\u0259r\u0259 uy\u011funsuz olmas\u0131, imtina q\u0259rar\u0131n\u0131n \u0259sasland\u0131r\u0131lmamas\u0131 m\u0259s\u0259l\u0259l\u0259rini qald\u0131r\u0131b, agentliyin \u00fcz\u0259rin\u0259 sayt\u0131n reyestr\u0259 daxil edilm\u0259si v\u0259zif\u0259sinin qoyulmas\u0131n\u0131, ifad\u0259 azadl\u0131\u011f\u0131 h\u00fcququnun pozuntusunun tan\u0131nmas\u0131n\u0131 xahi\u015f edib.<\/p>\n\n\n<div class=\"wp-block-image\">\n<figure class=\"aligncenter size-full\"><img decoding=\"async\" width=\"1200\" height=\"675\" data-src=\"https:\/\/www.meydan.tv\/wp-content\/uploads\/312215888_5569776356393192_3558032749285961189_n.png\" alt=\"\" class=\"wp-image-259027 lazyload\" src=\"data:image\/svg+xml;base64,PHN2ZyB3aWR0aD0iMSIgaGVpZ2h0PSIxIiB4bWxucz0iaHR0cDovL3d3dy53My5vcmcvMjAwMC9zdmciPjwvc3ZnPg==\" style=\"--smush-placeholder-width: 1200px; --smush-placeholder-aspect-ratio: 1200\/675;\" \/><figcaption class=\"wp-element-caption\">Xalid A\u011faliyev. Foto: Meydan TV<\/figcaption><\/figure>\n<\/div>\n\n\n<p>Media h\u00fcququ \u00fczr\u0259 ekspert Xalid A\u011f\u0259liyev deyir ki, reyestr\u0259 daxil edilm\u0259si \u00fc\u00e7\u00fcn m\u00fcraci\u0259t ed\u0259n, lakin imtina cavab\u0131 alan, m\u0259hk\u0259m\u0259l\u0259r\u0259 \u00fcz tutan ba\u015fqa media orqanlar\u0131, jurnalistl\u0259r d\u0259 var:<\/p>\n\n\n\n<p>&nbsp;\u201cBu durumda do\u011fru add\u0131m o olard\u0131 ki, Media Agentliyi reyestr\u0259 qo\u015fulmaq niyy\u0259tini ifad\u0259 ed\u0259nl\u0259rin ham\u0131s\u0131n\u0131 Konstitusiyan\u0131n t\u0259l\u0259bl\u0259rin\u0259 h\u00f6rm\u0259tl\u0259 avtomatik olaraq, reyestr\u0259 daxil etsin. Ard\u0131nca, onlar\u0131n q\u00fcvv\u0259d\u0259 olan qanuna nec\u0259 \u0259m\u0259l etm\u0259l\u0259rin\u0259 n\u0259zar\u0259t etsin, qanunu t\u0259tbiq etsin. Amma \u0259n do\u011fru yol \u0259lb\u0259tt\u0259 ki, media haqq\u0131nda m\u00fcrt\u0259ce qanunvericiliyin d\u0259yi\u015fdirilm\u0259sidir. Redaksiya siyas\u0259tin\u0259 \u00e7\u0259r\u00e7iv\u0259 c\u0131zan, jurnalist\u0259 ne\u00e7\u0259, nec\u0259 x\u0259b\u0259r yazmaq, yaymaq \u00f6hd\u0259liyi qoyan, jurnalist i\u015fi il\u0259 m\u0259\u015f\u011ful olanlar aras\u0131nda ayr\u0131-se\u00e7kilik yaradan qanun, Avropa \u015euras\u0131 Nazirl\u0259r Komit\u0259sinin \u00f6t\u0259n ay q\u0259bul etdiyi q\u0259tnam\u0259d\u0259 yaz\u0131ld\u0131\u011f\u0131 kimi \u201cd\u0259yi\u015fdirilm\u0259li v\u0259 tam \u015f\u0259kild\u0259 Avropa \u015euras\u0131 standartlar\u0131na uy\u011funla\u015fd\u0131r\u0131lmas\u0131 \u00fc\u00e7\u00fcn t\u0259dbirl\u0259r g\u00f6r\u00fclm\u0259lidir\u201d.<\/p>\n","protected":false},"excerpt":{"rendered":"<p>Bu, media reyestri il\u0259 ba\u011fl\u0131 ilk m\u0259hk\u0259m\u0259dir \u201c22saat.org\u201d sayt\u0131 Median\u0131n &#8230; <\/p>\n<p class=\"read-more-container\"><a title=\"Median\u0131n \u0130nki\u015faf\u0131 Agentliyi il\u0259 qeydiyyata g\u00f6r\u0259 m\u0259hk\u0259m\u0259 \u00e7\u0259ki\u015fm\u0259si ba\u015flay\u0131r\" class=\"read-more button\" href=\"https:\/\/www.meydan.tv\/az\/article\/medianin-inkisafi-agentliyi-ile-qeydiyyata-gore-mehkeme-cekismesi-baslayir\/#more-265136\" aria-label=\"Read more about Median\u0131n \u0130nki\u015faf\u0131 Agentliyi il\u0259 qeydiyyata g\u00f6r\u0259 m\u0259hk\u0259m\u0259 \u00e7\u0259ki\u015fm\u0259si ba\u015flay\u0131r\">Davam\u0131<\/a><\/p>\n","protected":false},"author":8,"featured_media":258831,"comment_status":"closed","ping_status":"closed","sticky":false,"template":"","format":"standard","meta":{"_acf_changed":false,"_sitemap_exclude":false,"_sitemap_priority":"","_sitemap_frequency":"","footnotes":""},"categories":[59,56],"tags":[],"class_list":["post-265136","post","type-post","status-publish","format-standard","has-post-thumbnail","hentry","category-siyaset","category-xeberler","infinite-scroll-item","generate-columns","tablet-grid-50","mobile-grid-100","grid-parent","grid-33","no-featured-image-padding"],"acf":[],"yoast_head":"<!-- This site is optimized with the Yoast SEO plugin v27.4 - https:\/\/yoast.com\/product\/yoast-seo-wordpress\/ -->\n<title>Median\u0131n \u0130nki\u015faf\u0131 Agentliyi il\u0259 qeydiyyata g\u00f6r\u0259 m\u0259hk\u0259m\u0259 \u00e7\u0259ki\u015fm\u0259si ba\u015flay\u0131r - MEYDAN.TV<\/title>\n<meta name=\"robots\" content=\"index, follow, max-snippet:-1, max-image-preview:large, max-video-preview:-1\" \/>\n<link rel=\"canonical\" href=\"https:\/\/www.meydan.tv\/az\/article\/medianin-inkisafi-agentliyi-ile-qeydiyyata-gore-mehkeme-cekismesi-baslayir\/\" \/>\n<meta property=\"og:locale\" content=\"az_AZ\" \/>\n<meta property=\"og:type\" content=\"article\" \/>\n<meta property=\"og:title\" content=\"Median\u0131n \u0130nki\u015faf\u0131 Agentliyi il\u0259 qeydiyyata g\u00f6r\u0259 m\u0259hk\u0259m\u0259 \u00e7\u0259ki\u015fm\u0259si ba\u015flay\u0131r - MEYDAN.TV\" \/>\n<meta property=\"og:description\" content=\"Bu, media reyestri il\u0259 ba\u011fl\u0131 ilk m\u0259hk\u0259m\u0259dir \u201c22saat.org\u201d sayt\u0131 Median\u0131n ... Davam\u0131\" \/>\n<meta property=\"og:url\" content=\"https:\/\/www.meydan.tv\/az\/article\/medianin-inkisafi-agentliyi-ile-qeydiyyata-gore-mehkeme-cekismesi-baslayir\/\" \/>\n<meta property=\"og:site_name\" content=\"MEYDAN.TV\" \/>\n<meta property=\"article:published_time\" content=\"2023-01-05T14:26:04+00:00\" \/>\n<meta property=\"article:modified_time\" content=\"2023-01-05T14:26:07+00:00\" \/>\n<meta property=\"og:image\" content=\"https:\/\/www.meydan.tv\/wp-content\/uploads\/untitled-design-8-17.jpg\" \/>\n\t<meta property=\"og:image:width\" content=\"1200\" \/>\n\t<meta property=\"og:image:height\" content=\"800\" \/>\n\t<meta property=\"og:image:type\" content=\"image\/jpeg\" \/>\n<meta name=\"author\" content=\"elli\" \/>\n<meta name=\"twitter:card\" content=\"summary_large_image\" \/>\n<meta name=\"twitter:creator\" content=\"@elli\" \/>\n<script type=\"application\/ld+json\" class=\"yoast-schema-graph\">{\"@context\":\"https:\\\/\\\/schema.org\",\"@graph\":[{\"@type\":\"Article\",\"@id\":\"https:\\\/\\\/www.meydan.tv\\\/az\\\/article\\\/medianin-inkisafi-agentliyi-ile-qeydiyyata-gore-mehkeme-cekismesi-baslayir\\\/#article\",\"isPartOf\":{\"@id\":\"https:\\\/\\\/www.meydan.tv\\\/az\\\/article\\\/medianin-inkisafi-agentliyi-ile-qeydiyyata-gore-mehkeme-cekismesi-baslayir\\\/\"},\"author\":{\"name\":\"elli\",\"@id\":\"https:\\\/\\\/www.meydan.tv\\\/az\\\/#\\\/schema\\\/person\\\/9cdbecf90d17180ce1dfbd95b08dcf47\"},\"headline\":\"Median\u0131n \u0130nki\u015faf\u0131 Agentliyi il\u0259 qeydiyyata g\u00f6r\u0259 m\u0259hk\u0259m\u0259 \u00e7\u0259ki\u015fm\u0259si ba\u015flay\u0131r\",\"datePublished\":\"2023-01-05T14:26:04+00:00\",\"dateModified\":\"2023-01-05T14:26:07+00:00\",\"mainEntityOfPage\":{\"@id\":\"https:\\\/\\\/www.meydan.tv\\\/az\\\/article\\\/medianin-inkisafi-agentliyi-ile-qeydiyyata-gore-mehkeme-cekismesi-baslayir\\\/\"},\"wordCount\":496,\"publisher\":{\"@id\":\"https:\\\/\\\/www.meydan.tv\\\/az\\\/#organization\"},\"image\":{\"@id\":\"https:\\\/\\\/www.meydan.tv\\\/az\\\/article\\\/medianin-inkisafi-agentliyi-ile-qeydiyyata-gore-mehkeme-cekismesi-baslayir\\\/#primaryimage\"},\"thumbnailUrl\":\"https:\\\/\\\/www.meydan.tv\\\/wp-content\\\/uploads\\\/untitled-design-8-17.jpg\",\"articleSection\":[\"Siyas\u0259t\",\"X\u0259b\u0259rl\u0259r\"],\"inLanguage\":\"az\"},{\"@type\":\"WebPage\",\"@id\":\"https:\\\/\\\/www.meydan.tv\\\/az\\\/article\\\/medianin-inkisafi-agentliyi-ile-qeydiyyata-gore-mehkeme-cekismesi-baslayir\\\/\",\"url\":\"https:\\\/\\\/www.meydan.tv\\\/az\\\/article\\\/medianin-inkisafi-agentliyi-ile-qeydiyyata-gore-mehkeme-cekismesi-baslayir\\\/\",\"name\":\"Median\u0131n \u0130nki\u015faf\u0131 Agentliyi il\u0259 qeydiyyata g\u00f6r\u0259 m\u0259hk\u0259m\u0259 \u00e7\u0259ki\u015fm\u0259si ba\u015flay\u0131r - MEYDAN.TV\",\"isPartOf\":{\"@id\":\"https:\\\/\\\/www.meydan.tv\\\/az\\\/#website\"},\"primaryImageOfPage\":{\"@id\":\"https:\\\/\\\/www.meydan.tv\\\/az\\\/article\\\/medianin-inkisafi-agentliyi-ile-qeydiyyata-gore-mehkeme-cekismesi-baslayir\\\/#primaryimage\"},\"image\":{\"@id\":\"https:\\\/\\\/www.meydan.tv\\\/az\\\/article\\\/medianin-inkisafi-agentliyi-ile-qeydiyyata-gore-mehkeme-cekismesi-baslayir\\\/#primaryimage\"},\"thumbnailUrl\":\"https:\\\/\\\/www.meydan.tv\\\/wp-content\\\/uploads\\\/untitled-design-8-17.jpg\",\"datePublished\":\"2023-01-05T14:26:04+00:00\",\"dateModified\":\"2023-01-05T14:26:07+00:00\",\"breadcrumb\":{\"@id\":\"https:\\\/\\\/www.meydan.tv\\\/az\\\/article\\\/medianin-inkisafi-agentliyi-ile-qeydiyyata-gore-mehkeme-cekismesi-baslayir\\\/#breadcrumb\"},\"inLanguage\":\"az\",\"potentialAction\":[{\"@type\":\"ReadAction\",\"target\":[\"https:\\\/\\\/www.meydan.tv\\\/az\\\/article\\\/medianin-inkisafi-agentliyi-ile-qeydiyyata-gore-mehkeme-cekismesi-baslayir\\\/\"]}]},{\"@type\":\"ImageObject\",\"inLanguage\":\"az\",\"@id\":\"https:\\\/\\\/www.meydan.tv\\\/az\\\/article\\\/medianin-inkisafi-agentliyi-ile-qeydiyyata-gore-mehkeme-cekismesi-baslayir\\\/#primaryimage\",\"url\":\"https:\\\/\\\/www.meydan.tv\\\/wp-content\\\/uploads\\\/untitled-design-8-17.jpg\",\"contentUrl\":\"https:\\\/\\\/www.meydan.tv\\\/wp-content\\\/uploads\\\/untitled-design-8-17.jpg\",\"width\":1200,\"height\":800,\"caption\":\"Median\u0131n \u0130nki\u015faf\u0131 Agentliyi\"},{\"@type\":\"BreadcrumbList\",\"@id\":\"https:\\\/\\\/www.meydan.tv\\\/az\\\/article\\\/medianin-inkisafi-agentliyi-ile-qeydiyyata-gore-mehkeme-cekismesi-baslayir\\\/#breadcrumb\",\"itemListElement\":[{\"@type\":\"ListItem\",\"position\":1,\"name\":\"Ana s\u0259hif\u0259\",\"item\":\"https:\\\/\\\/www.meydan.tv\\\/az\\\/\"},{\"@type\":\"ListItem\",\"position\":2,\"name\":\"Siyas\u0259t\",\"item\":\"https:\\\/\\\/www.meydan.tv\\\/az\\\/section\\\/siyaset\\\/\"},{\"@type\":\"ListItem\",\"position\":3,\"name\":\"Median\u0131n \u0130nki\u015faf\u0131 Agentliyi il\u0259 qeydiyyata g\u00f6r\u0259 m\u0259hk\u0259m\u0259 \u00e7\u0259ki\u015fm\u0259si ba\u015flay\u0131r\"}]},{\"@type\":\"WebSite\",\"@id\":\"https:\\\/\\\/www.meydan.tv\\\/az\\\/#website\",\"url\":\"https:\\\/\\\/www.meydan.tv\\\/az\\\/\",\"name\":\"MEYDAN.TV\",\"description\":\"Meydan TV Az\u0259rbaycan\u0131n media m\u0259kan\u0131ndak\u0131 alternativ s\u0259sidir\",\"publisher\":{\"@id\":\"https:\\\/\\\/www.meydan.tv\\\/az\\\/#organization\"},\"potentialAction\":[{\"@type\":\"SearchAction\",\"target\":{\"@type\":\"EntryPoint\",\"urlTemplate\":\"https:\\\/\\\/www.meydan.tv\\\/az\\\/?s={search_term_string}\"},\"query-input\":{\"@type\":\"PropertyValueSpecification\",\"valueRequired\":true,\"valueName\":\"search_term_string\"}}],\"inLanguage\":\"az\"},{\"@type\":\"Organization\",\"@id\":\"https:\\\/\\\/www.meydan.tv\\\/az\\\/#organization\",\"name\":\"Meydan TV\",\"url\":\"https:\\\/\\\/www.meydan.tv\\\/az\\\/\",\"logo\":{\"@type\":\"ImageObject\",\"inLanguage\":\"az\",\"@id\":\"https:\\\/\\\/www.meydan.tv\\\/az\\\/#\\\/schema\\\/logo\\\/image\\\/\",\"url\":\"https:\\\/\\\/www.meydan.tv\\\/wp-content\\\/uploads\\\/2021\\\/07\\\/meydan-logo.svg\",\"contentUrl\":\"https:\\\/\\\/www.meydan.tv\\\/wp-content\\\/uploads\\\/2021\\\/07\\\/meydan-logo.svg\",\"width\":195,\"height\":46,\"caption\":\"Meydan TV\"},\"image\":{\"@id\":\"https:\\\/\\\/www.meydan.tv\\\/az\\\/#\\\/schema\\\/logo\\\/image\\\/\"}},{\"@type\":\"Person\",\"@id\":\"https:\\\/\\\/www.meydan.tv\\\/az\\\/#\\\/schema\\\/person\\\/9cdbecf90d17180ce1dfbd95b08dcf47\",\"name\":\"elli\",\"sameAs\":[\"https:\\\/\\\/x.com\\\/elli\"]}]}<\/script>\n<!-- \/ Yoast SEO plugin. -->","yoast_head_json":{"title":"Median\u0131n \u0130nki\u015faf\u0131 Agentliyi il\u0259 qeydiyyata g\u00f6r\u0259 m\u0259hk\u0259m\u0259 \u00e7\u0259ki\u015fm\u0259si ba\u015flay\u0131r - MEYDAN.TV","robots":{"index":"index","follow":"follow","max-snippet":"max-snippet:-1","max-image-preview":"max-image-preview:large","max-video-preview":"max-video-preview:-1"},"canonical":"https:\/\/www.meydan.tv\/az\/article\/medianin-inkisafi-agentliyi-ile-qeydiyyata-gore-mehkeme-cekismesi-baslayir\/","og_locale":"az_AZ","og_type":"article","og_title":"Median\u0131n \u0130nki\u015faf\u0131 Agentliyi il\u0259 qeydiyyata g\u00f6r\u0259 m\u0259hk\u0259m\u0259 \u00e7\u0259ki\u015fm\u0259si ba\u015flay\u0131r - MEYDAN.TV","og_description":"Bu, media reyestri il\u0259 ba\u011fl\u0131 ilk m\u0259hk\u0259m\u0259dir \u201c22saat.org\u201d sayt\u0131 Median\u0131n ... Davam\u0131","og_url":"https:\/\/www.meydan.tv\/az\/article\/medianin-inkisafi-agentliyi-ile-qeydiyyata-gore-mehkeme-cekismesi-baslayir\/","og_site_name":"MEYDAN.TV","article_published_time":"2023-01-05T14:26:04+00:00","article_modified_time":"2023-01-05T14:26:07+00:00","og_image":[{"width":1200,"height":800,"url":"https:\/\/www.meydan.tv\/wp-content\/uploads\/untitled-design-8-17.jpg","type":"image\/jpeg"}],"author":"elli","twitter_card":"summary_large_image","twitter_creator":"@elli","schema":{"@context":"https:\/\/schema.org","@graph":[{"@type":"Article","@id":"https:\/\/www.meydan.tv\/az\/article\/medianin-inkisafi-agentliyi-ile-qeydiyyata-gore-mehkeme-cekismesi-baslayir\/#article","isPartOf":{"@id":"https:\/\/www.meydan.tv\/az\/article\/medianin-inkisafi-agentliyi-ile-qeydiyyata-gore-mehkeme-cekismesi-baslayir\/"},"author":{"name":"elli","@id":"https:\/\/www.meydan.tv\/az\/#\/schema\/person\/9cdbecf90d17180ce1dfbd95b08dcf47"},"headline":"Median\u0131n \u0130nki\u015faf\u0131 Agentliyi il\u0259 qeydiyyata g\u00f6r\u0259 m\u0259hk\u0259m\u0259 \u00e7\u0259ki\u015fm\u0259si ba\u015flay\u0131r","datePublished":"2023-01-05T14:26:04+00:00","dateModified":"2023-01-05T14:26:07+00:00","mainEntityOfPage":{"@id":"https:\/\/www.meydan.tv\/az\/article\/medianin-inkisafi-agentliyi-ile-qeydiyyata-gore-mehkeme-cekismesi-baslayir\/"},"wordCount":496,"publisher":{"@id":"https:\/\/www.meydan.tv\/az\/#organization"},"image":{"@id":"https:\/\/www.meydan.tv\/az\/article\/medianin-inkisafi-agentliyi-ile-qeydiyyata-gore-mehkeme-cekismesi-baslayir\/#primaryimage"},"thumbnailUrl":"https:\/\/www.meydan.tv\/wp-content\/uploads\/untitled-design-8-17.jpg","articleSection":["Siyas\u0259t","X\u0259b\u0259rl\u0259r"],"inLanguage":"az"},{"@type":"WebPage","@id":"https:\/\/www.meydan.tv\/az\/article\/medianin-inkisafi-agentliyi-ile-qeydiyyata-gore-mehkeme-cekismesi-baslayir\/","url":"https:\/\/www.meydan.tv\/az\/article\/medianin-inkisafi-agentliyi-ile-qeydiyyata-gore-mehkeme-cekismesi-baslayir\/","name":"Median\u0131n \u0130nki\u015faf\u0131 Agentliyi il\u0259 qeydiyyata g\u00f6r\u0259 m\u0259hk\u0259m\u0259 \u00e7\u0259ki\u015fm\u0259si ba\u015flay\u0131r - MEYDAN.TV","isPartOf":{"@id":"https:\/\/www.meydan.tv\/az\/#website"},"primaryImageOfPage":{"@id":"https:\/\/www.meydan.tv\/az\/article\/medianin-inkisafi-agentliyi-ile-qeydiyyata-gore-mehkeme-cekismesi-baslayir\/#primaryimage"},"image":{"@id":"https:\/\/www.meydan.tv\/az\/article\/medianin-inkisafi-agentliyi-ile-qeydiyyata-gore-mehkeme-cekismesi-baslayir\/#primaryimage"},"thumbnailUrl":"https:\/\/www.meydan.tv\/wp-content\/uploads\/untitled-design-8-17.jpg","datePublished":"2023-01-05T14:26:04+00:00","dateModified":"2023-01-05T14:26:07+00:00","breadcrumb":{"@id":"https:\/\/www.meydan.tv\/az\/article\/medianin-inkisafi-agentliyi-ile-qeydiyyata-gore-mehkeme-cekismesi-baslayir\/#breadcrumb"},"inLanguage":"az","potentialAction":[{"@type":"ReadAction","target":["https:\/\/www.meydan.tv\/az\/article\/medianin-inkisafi-agentliyi-ile-qeydiyyata-gore-mehkeme-cekismesi-baslayir\/"]}]},{"@type":"ImageObject","inLanguage":"az","@id":"https:\/\/www.meydan.tv\/az\/article\/medianin-inkisafi-agentliyi-ile-qeydiyyata-gore-mehkeme-cekismesi-baslayir\/#primaryimage","url":"https:\/\/www.meydan.tv\/wp-content\/uploads\/untitled-design-8-17.jpg","contentUrl":"https:\/\/www.meydan.tv\/wp-content\/uploads\/untitled-design-8-17.jpg","width":1200,"height":800,"caption":"Median\u0131n \u0130nki\u015faf\u0131 Agentliyi"},{"@type":"BreadcrumbList","@id":"https:\/\/www.meydan.tv\/az\/article\/medianin-inkisafi-agentliyi-ile-qeydiyyata-gore-mehkeme-cekismesi-baslayir\/#breadcrumb","itemListElement":[{"@type":"ListItem","position":1,"name":"Ana s\u0259hif\u0259","item":"https:\/\/www.meydan.tv\/az\/"},{"@type":"ListItem","position":2,"name":"Siyas\u0259t","item":"https:\/\/www.meydan.tv\/az\/section\/siyaset\/"},{"@type":"ListItem","position":3,"name":"Median\u0131n \u0130nki\u015faf\u0131 Agentliyi il\u0259 qeydiyyata g\u00f6r\u0259 m\u0259hk\u0259m\u0259 \u00e7\u0259ki\u015fm\u0259si ba\u015flay\u0131r"}]},{"@type":"WebSite","@id":"https:\/\/www.meydan.tv\/az\/#website","url":"https:\/\/www.meydan.tv\/az\/","name":"MEYDAN.TV","description":"Meydan TV Az\u0259rbaycan\u0131n media m\u0259kan\u0131ndak\u0131 alternativ s\u0259sidir","publisher":{"@id":"https:\/\/www.meydan.tv\/az\/#organization"},"potentialAction":[{"@type":"SearchAction","target":{"@type":"EntryPoint","urlTemplate":"https:\/\/www.meydan.tv\/az\/?s={search_term_string}"},"query-input":{"@type":"PropertyValueSpecification","valueRequired":true,"valueName":"search_term_string"}}],"inLanguage":"az"},{"@type":"Organization","@id":"https:\/\/www.meydan.tv\/az\/#organization","name":"Meydan TV","url":"https:\/\/www.meydan.tv\/az\/","logo":{"@type":"ImageObject","inLanguage":"az","@id":"https:\/\/www.meydan.tv\/az\/#\/schema\/logo\/image\/","url":"https:\/\/www.meydan.tv\/wp-content\/uploads\/2021\/07\/meydan-logo.svg","contentUrl":"https:\/\/www.meydan.tv\/wp-content\/uploads\/2021\/07\/meydan-logo.svg","width":195,"height":46,"caption":"Meydan TV"},"image":{"@id":"https:\/\/www.meydan.tv\/az\/#\/schema\/logo\/image\/"}},{"@type":"Person","@id":"https:\/\/www.meydan.tv\/az\/#\/schema\/person\/9cdbecf90d17180ce1dfbd95b08dcf47","name":"elli","sameAs":["https:\/\/x.com\/elli"]}]}},"_links":{"self":[{"href":"https:\/\/www.meydan.tv\/az\/wp-json\/wp\/v2\/posts\/265136","targetHints":{"allow":["GET"]}}],"collection":[{"href":"https:\/\/www.meydan.tv\/az\/wp-json\/wp\/v2\/posts"}],"about":[{"href":"https:\/\/www.meydan.tv\/az\/wp-json\/wp\/v2\/types\/post"}],"author":[{"embeddable":true,"href":"https:\/\/www.meydan.tv\/az\/wp-json\/wp\/v2\/users\/8"}],"replies":[{"embeddable":true,"href":"https:\/\/www.meydan.tv\/az\/wp-json\/wp\/v2\/comments?post=265136"}],"version-history":[{"count":1,"href":"https:\/\/www.meydan.tv\/az\/wp-json\/wp\/v2\/posts\/265136\/revisions"}],"predecessor-version":[{"id":265137,"href":"https:\/\/www.meydan.tv\/az\/wp-json\/wp\/v2\/posts\/265136\/revisions\/265137"}],"wp:featuredmedia":[{"embeddable":true,"href":"https:\/\/www.meydan.tv\/az\/wp-json\/wp\/v2\/media\/258831"}],"wp:attachment":[{"href":"https:\/\/www.meydan.tv\/az\/wp-json\/wp\/v2\/media?parent=265136"}],"wp:term":[{"taxonomy":"category","embeddable":true,"href":"https:\/\/www.meydan.tv\/az\/wp-json\/wp\/v2\/categories?post=265136"},{"taxonomy":"post_tag","embeddable":true,"href":"https:\/\/www.meydan.tv\/az\/wp-json\/wp\/v2\/tags?post=265136"}],"curies":[{"name":"wp","href":"https:\/\/api.w.org\/{rel}","templated":true}]}}