{"id":265128,"date":"2023-01-05T16:44:45","date_gmt":"2023-01-05T12:44:45","guid":{"rendered":"https:\/\/www.meydan.tv\/?p=265128"},"modified":"2023-01-05T16:44:47","modified_gmt":"2023-01-05T12:44:47","slug":"minimum-emekhaqqi-ve-pensiya-artib","status":"publish","type":"post","link":"https:\/\/www.meydan.tv\/az\/article\/minimum-emekhaqqi-ve-pensiya-artib\/","title":{"rendered":"Minimum \u0259m\u0259khaqq\u0131 v\u0259 pensiya art\u0131b"},"content":{"rendered":"\n<p><\/p>\n\n\n\n<p><em>\u201c345 manat, g\u00f6r\u0259s\u0259n, kimin a\u011fl\u0131n\u0131n m\u0259hsuludur\u201d<\/em><\/p>\n\n\n\n<p>Az\u0259rbaycan Prezidenti \u0130lham \u018fliyev yanvar\u0131n 5-d\u0259 2023-c\u00fc ild\u0259 minimum ayl\u0131q \u0259m\u0259khaqq\u0131n\u0131n m\u0259bl\u0259\u011finin 345 manat olmas\u0131 il\u0259 ba\u011fl\u0131 <a href=\"https:\/\/president.az\/az\/articles\/view\/58529\" target=\"_blank\" rel=\"noreferrer noopener\">q\u0259rar<\/a> verib.<\/p>\n\n\n\n<p>Art\u0131m 15 faizdir, daha \u00f6nc\u0259ki m\u0259bl\u0259\u011f 300 manat olub.<\/p>\n\n\n\n<p>Bu art\u0131m is\u0259 700 min n\u0259f\u0259ri \u0259hat\u0259 ed\u0259c\u0259k.<\/p>\n\n\n\n<p>Bu il \u00fc\u00e7\u00fcn m\u00fc\u0259yy\u0259n olunan ya\u015fay\u0131\u015f minimumunu is\u0259 246 manatd\u0131r.<\/p>\n\n\n\n<p>Minimum pensiya is\u0259 280 manata \u00e7atd\u0131r\u0131lacaq, m\u00fcavin\u0259t v\u0259 t\u0259qa\u00fcdl\u0259r art\u0131r\u0131lacaq. Bununla ba\u011fl\u0131 Nazirl\u0259r Kabineti t\u0259klifl\u0259rini on g\u00fcn m\u00fcdd\u0259tind\u0259 haz\u0131rlayaraq d\u00f6vl\u0259t ba\u015f\u00e7\u0131s\u0131na t\u0259qdim ed\u0259c\u0259k.<\/p>\n\n\n\n<p>Bu, 16,7 faiz art\u0131m dem\u0259kdir. Daha \u00f6nc\u0259ki m\u0259bl\u0259\u011f 240 manat olub. Art\u0131m 100 min\u0259d\u0259k pensiya\u00e7\u0131n\u0131 \u0259hat\u0259 ed\u0259c\u0259k.<\/p>\n\n\n\n<p><strong>Minimum pensiyan\u0131n v\u0259 \u0259m\u0259khaqq\u0131n\u0131n artmas\u0131 h\u0259r k\u0259s \u00fc\u00e7\u00fcn sevindirici x\u0259b\u0259rdirmi?<\/strong><\/p>\n\n\n\n<p>\u0130qtisad\u00e7\u0131 F\u0259rid Mehral\u0131zad\u0259 deyir ki, Az\u0259rbaycanda pensiya sisteminin q\u0259rib\u0259liyin\u0259 g\u00f6r\u0259, bu x\u0259b\u0259r he\u00e7 d\u0259 h\u0259r k\u0259s \u00fc\u00e7\u00fcn sevindirici deyil. X\u00fcsusil\u0259 \u0259m\u0259k m\u00fcqavil\u0259si il\u0259 \u00e7al\u0131\u015fanlar \u00fc\u00e7\u00fcn. \u00c7\u00fcnki minimum pensiyan\u0131n artmas\u0131 minimum pensiya kapital\u0131n\u0131n da artmas\u0131 dem\u0259kdir:<\/p>\n\n\n<div class=\"wp-block-image\">\n<figure class=\"aligncenter size-large\"><img decoding=\"async\" data-src=\"https:\/\/www.meydan.tv\/wp-content\/uploads\/118784119_3295526013835916_6092828104091613031_n-e1640001508110-1059x821.jpg\" alt=\"\" class=\"wp-image-229778 lazyload\" src=\"data:image\/svg+xml;base64,PHN2ZyB3aWR0aD0iMSIgaGVpZ2h0PSIxIiB4bWxucz0iaHR0cDovL3d3dy53My5vcmcvMjAwMC9zdmciPjwvc3ZnPg==\" style=\"--smush-placeholder-width: 1059px; --smush-placeholder-aspect-ratio: 1059\/821;\" \/><figcaption class=\"wp-element-caption\">F\u0259rid Mehral\u0131zad\u0259nin \u015f\u0259xsi arxivind\u0259n<\/figcaption><\/figure>\n<\/div>\n\n\n<p>\u201cBel\u0259 ki, Az\u0259rbaycanda 65 ya\u015fa \u00e7atmaq h\u0259l\u0259 pensiya alma\u011fa imkan yaratm\u0131r. Bundan \u0259lav\u0259, ya 25 il i\u015f staj\u0131, ya da minimum pensiya kapital\u0131 t\u0259l\u0259b edilir. M\u00fcvafiq qanuna g\u00f6r\u0259, minimum pensiya kapital\u0131 minimum pensiyan\u0131n 144 qat\u0131na (12 il) b\u0259rab\u0259rdir. Y\u0259ni \u0259g\u0259r bug\u00fcnk\u00fc s\u0259r\u0259ncama q\u0259d\u0259r sizd\u0259n i\u015fl\u0259diyiniz d\u00f6vr \u0259rzind\u0259 \u0259n az\u0131 34.560 manat pensiya kapital\u0131 toplamaq t\u0259l\u0259b olunurdusa, art\u0131q bu r\u0259q\u0259m 40.320 manata y\u00fcks\u0259lmi\u015f olacaq. Bu s\u0259b\u0259bd\u0259n indi i\u015fl\u0259y\u0259nl\u0259rin he\u00e7 biri pensiyaya \u00e7\u0131xd\u0131qda n\u0259 q\u0259d\u0259r kapital toplamal\u0131 oldu\u011fundan \u0259min deyil\u201d.<\/p>\n\n\n\n<p><strong>\u201cAz\u0259rbaycanda pensiya sistemi c\u0259lbedici deyil\u201d<\/strong><\/p>\n\n\n\n<p>\u0130qtisad\u00e7\u0131 bildirib ki, m\u0259hz bu c\u00fcr q\u0259rib\u0259 yana\u015fmalara g\u00f6r\u0259 Az\u0259rbaycanda pensiya sistemi c\u0259lbedici deyil v\u0259 insanlar bo\u015f yer\u0259 vergiy\u0259 pul itirm\u0259m\u0259k \u00fc\u00e7\u00fcn qeyri-r\u0259smi i\u015fl\u0259m\u0259kd\u0259 maraql\u0131 olurlar. Ona g\u00f6r\u0259 d\u0259 sosial siyas\u0259tin effektivliyini art\u0131rmaq \u00fc\u00e7\u00fcn Az\u0259rbaycandak\u0131 pensiya sistemind\u0259 ciddi d\u0259yi\u015fiklikl\u0259r etm\u0259y\u0259 ehtiyac var:<\/p>\n\n\n\n<p>\u201cMinimum \u0259m\u0259khaqq\u0131n\u0131n artmas\u0131 is\u0259 h\u0259m d\u0259 V\u00d6EN-l\u0259 i\u015fl\u0259y\u0259nl\u0259rin x\u0259rcini art\u0131racaq. Bir \u00e7ox sah\u0259d\u0259 \u00e7al\u0131\u015fanlar\u0131n DSMF \u00f6d\u0259ni\u015fl\u0259ri 75 yox, 86.25 manat olacaq. Eyni zamanda, icbari tibbi s\u0131\u011forta \u00f6d\u0259ni\u015fi d\u0259, 12 manatdan 13.80-\u0259 y\u00fcks\u0259l\u0259c\u0259k\u201d.<\/p>\n\n\n\n<p>\u201c<strong>G\u00f6r\u00fcn\u00fcr, uzun m\u00fczakir\u0259l\u0259rd\u0259n sonra gec d\u0259 olsa, q\u0259rar veribl\u0259r\u201d<\/strong><\/p>\n\n\n\n<p>\u0130qtisad\u00e7\u0131 Qubad \u0130bado\u011flu is\u0259 deyir ki, art\u0131m, ad\u0259t\u0259n, t\u0259qvim ili d\u0259yi\u015fm\u0259mi\u015f edilir, lakin bu il g\u00f6r\u00fcn\u00fcr, uzun m\u00fczakir\u0259l\u0259rd\u0259n sonra gec d\u0259 olsa, q\u0259rar veribl\u0259r:<\/p>\n\n\n<div class=\"wp-block-image\">\n<figure class=\"aligncenter size-large\"><img decoding=\"async\" width=\"1200\" height=\"800\" data-src=\"https:\/\/www.meydan.tv\/wp-content\/uploads\/image_from_ios_176-1200x800.jpg\" alt=\"Qubad \u0130bado\u011flu\" class=\"wp-image-210007 lazyload\" src=\"data:image\/svg+xml;base64,PHN2ZyB3aWR0aD0iMSIgaGVpZ2h0PSIxIiB4bWxucz0iaHR0cDovL3d3dy53My5vcmcvMjAwMC9zdmciPjwvc3ZnPg==\" style=\"--smush-placeholder-width: 1200px; --smush-placeholder-aspect-ratio: 1200\/800;\" \/><figcaption class=\"wp-element-caption\">M\u0259nb\u0259: Meydan TV<\/figcaption><\/figure>\n<\/div>\n\n\n<p>\u201cAmma bir daha b\u0259yan edir\u0259m ki, Az\u0259rbaycan\u0131n \u00fczv oldu\u011fu Avropa Sosial Xartiyas\u0131 qar\u015f\u0131s\u0131nda g\u00f6t\u00fcrd\u00fcy\u00fc \u00f6hd\u0259liy\u0259 g\u00f6r\u0259, \u00f6lk\u0259d\u0259 minimum \u0259m\u0259khaqq\u0131 orta ayl\u0131q \u0259m\u0259khaqq\u0131n\u0131n 60 faizind\u0259n y\u00fcks\u0259k olmal\u0131d\u0131r. Bu is\u0259 o dem\u0259kdir ki, minimum \u0259m\u0259khaqq\u0131 \u0259n az\u0131 500 manat t\u0259\u015fkil etm\u0259lidir. He\u00e7 olmazsa, 350 ed\u0259rdil\u0259r, g\u00f6r\u0259s\u0259n, 345 manat kimin a\u011fl\u0131n\u0131n m\u0259hsuludur? \u0130\u015fl\u0259y\u0259nl\u0259rd\u0259n 5 manat\u0131 da k\u0259sm\u0259yi q\u0259nim\u0259t bilibl\u0259r\u201d.<\/p>\n\n\n\n<p><strong>\u201cMaa\u015flar\u0131 tarif d\u0259r\u0259c\u0259l\u0259ri il\u0259 \u00f6d\u0259n\u0259nl\u0259r\u0259 t\u0259sir g\u00f6st\u0259r\u0259c\u0259k\u201d<\/strong><\/p>\n\n\n\n<p>\u0130qtisad\u00e7\u0131 bildirib ki, minimum \u0259m\u0259khaqq\u0131n\u0131n art\u0131m\u0131 maa\u015flar\u0131 tarif d\u0259r\u0259c\u0259l\u0259ri il\u0259 \u00f6d\u0259n\u0259nl\u0259r\u0259 t\u0259sir g\u00f6st\u0259r\u0259c\u0259k.<\/p>\n\n\n\n<p>Bundan \u0259lav\u0259, minimum \u0259m\u0259khaqq\u0131 saata g\u00f6r\u0259 m\u00fc\u0259yy\u0259nl\u0259\u015fdirilm\u0259lidir:<\/p>\n\n\n\n<p>\u201cBundan sonra bu g\u00f6st\u0259rici 1 saata 1 manat 76 q\u0259pik ed\u0259c\u0259k, vergil\u0259rd\u0259n sonra t\u0259xmin\u0259n 1 dollar\u201d.<\/p>\n","protected":false},"excerpt":{"rendered":"<p>\u201c345 manat, g\u00f6r\u0259s\u0259n, kimin a\u011fl\u0131n\u0131n m\u0259hsuludur\u201d Az\u0259rbaycan Prezidenti \u0130lham \u018fliyev &#8230; <\/p>\n<p class=\"read-more-container\"><a title=\"Minimum \u0259m\u0259khaqq\u0131 v\u0259 pensiya art\u0131b\" class=\"read-more button\" href=\"https:\/\/www.meydan.tv\/az\/article\/minimum-emekhaqqi-ve-pensiya-artib\/#more-265128\" aria-label=\"Read more about Minimum \u0259m\u0259khaqq\u0131 v\u0259 pensiya art\u0131b\">Davam\u0131<\/a><\/p>\n","protected":false},"author":8,"featured_media":225868,"comment_status":"closed","ping_status":"closed","sticky":false,"template":"","format":"standard","meta":{"_acf_changed":false,"_sitemap_exclude":false,"_sitemap_priority":"","_sitemap_frequency":"","footnotes":""},"categories":[62,56],"tags":[],"class_list":["post-265128","post","type-post","status-publish","format-standard","has-post-thumbnail","hentry","category-sosial","category-xeberler","infinite-scroll-item","generate-columns","tablet-grid-50","mobile-grid-100","grid-parent","grid-33","no-featured-image-padding"],"acf":[],"yoast_head":"<!-- This site is optimized with the Yoast SEO plugin v27.4 - https:\/\/yoast.com\/product\/yoast-seo-wordpress\/ -->\n<title>Minimum \u0259m\u0259khaqq\u0131 v\u0259 pensiya art\u0131b - MEYDAN.TV<\/title>\n<meta name=\"robots\" content=\"index, follow, max-snippet:-1, max-image-preview:large, max-video-preview:-1\" \/>\n<link rel=\"canonical\" href=\"https:\/\/www.meydan.tv\/az\/article\/minimum-emekhaqqi-ve-pensiya-artib\/\" \/>\n<meta property=\"og:locale\" content=\"az_AZ\" \/>\n<meta property=\"og:type\" content=\"article\" \/>\n<meta property=\"og:title\" content=\"Minimum \u0259m\u0259khaqq\u0131 v\u0259 pensiya art\u0131b - MEYDAN.TV\" \/>\n<meta property=\"og:description\" content=\"\u201c345 manat, g\u00f6r\u0259s\u0259n, kimin a\u011fl\u0131n\u0131n m\u0259hsuludur\u201d Az\u0259rbaycan Prezidenti \u0130lham \u018fliyev ... Davam\u0131\" \/>\n<meta property=\"og:url\" content=\"https:\/\/www.meydan.tv\/az\/article\/minimum-emekhaqqi-ve-pensiya-artib\/\" \/>\n<meta property=\"og:site_name\" content=\"MEYDAN.TV\" \/>\n<meta property=\"article:published_time\" content=\"2023-01-05T12:44:45+00:00\" \/>\n<meta property=\"article:modified_time\" content=\"2023-01-05T12:44:47+00:00\" \/>\n<meta property=\"og:image\" content=\"https:\/\/www.meydan.tv\/wp-content\/uploads\/untitled-design-1-1.png\" \/>\n\t<meta property=\"og:image:width\" content=\"1200\" \/>\n\t<meta property=\"og:image:height\" content=\"800\" \/>\n\t<meta property=\"og:image:type\" content=\"image\/png\" \/>\n<meta name=\"author\" content=\"elli\" \/>\n<meta name=\"twitter:card\" content=\"summary_large_image\" \/>\n<meta name=\"twitter:creator\" content=\"@elli\" \/>\n<script type=\"application\/ld+json\" class=\"yoast-schema-graph\">{\"@context\":\"https:\\\/\\\/schema.org\",\"@graph\":[{\"@type\":\"Article\",\"@id\":\"https:\\\/\\\/www.meydan.tv\\\/az\\\/article\\\/minimum-emekhaqqi-ve-pensiya-artib\\\/#article\",\"isPartOf\":{\"@id\":\"https:\\\/\\\/www.meydan.tv\\\/az\\\/article\\\/minimum-emekhaqqi-ve-pensiya-artib\\\/\"},\"author\":{\"name\":\"elli\",\"@id\":\"https:\\\/\\\/www.meydan.tv\\\/az\\\/#\\\/schema\\\/person\\\/9cdbecf90d17180ce1dfbd95b08dcf47\"},\"headline\":\"Minimum \u0259m\u0259khaqq\u0131 v\u0259 pensiya art\u0131b\",\"datePublished\":\"2023-01-05T12:44:45+00:00\",\"dateModified\":\"2023-01-05T12:44:47+00:00\",\"mainEntityOfPage\":{\"@id\":\"https:\\\/\\\/www.meydan.tv\\\/az\\\/article\\\/minimum-emekhaqqi-ve-pensiya-artib\\\/\"},\"wordCount\":712,\"publisher\":{\"@id\":\"https:\\\/\\\/www.meydan.tv\\\/az\\\/#organization\"},\"image\":{\"@id\":\"https:\\\/\\\/www.meydan.tv\\\/az\\\/article\\\/minimum-emekhaqqi-ve-pensiya-artib\\\/#primaryimage\"},\"thumbnailUrl\":\"https:\\\/\\\/www.meydan.tv\\\/wp-content\\\/uploads\\\/untitled-design-1-1.png\",\"articleSection\":[\"Sosial\",\"X\u0259b\u0259rl\u0259r\"],\"inLanguage\":\"az\"},{\"@type\":\"WebPage\",\"@id\":\"https:\\\/\\\/www.meydan.tv\\\/az\\\/article\\\/minimum-emekhaqqi-ve-pensiya-artib\\\/\",\"url\":\"https:\\\/\\\/www.meydan.tv\\\/az\\\/article\\\/minimum-emekhaqqi-ve-pensiya-artib\\\/\",\"name\":\"Minimum \u0259m\u0259khaqq\u0131 v\u0259 pensiya art\u0131b - MEYDAN.TV\",\"isPartOf\":{\"@id\":\"https:\\\/\\\/www.meydan.tv\\\/az\\\/#website\"},\"primaryImageOfPage\":{\"@id\":\"https:\\\/\\\/www.meydan.tv\\\/az\\\/article\\\/minimum-emekhaqqi-ve-pensiya-artib\\\/#primaryimage\"},\"image\":{\"@id\":\"https:\\\/\\\/www.meydan.tv\\\/az\\\/article\\\/minimum-emekhaqqi-ve-pensiya-artib\\\/#primaryimage\"},\"thumbnailUrl\":\"https:\\\/\\\/www.meydan.tv\\\/wp-content\\\/uploads\\\/untitled-design-1-1.png\",\"datePublished\":\"2023-01-05T12:44:45+00:00\",\"dateModified\":\"2023-01-05T12:44:47+00:00\",\"breadcrumb\":{\"@id\":\"https:\\\/\\\/www.meydan.tv\\\/az\\\/article\\\/minimum-emekhaqqi-ve-pensiya-artib\\\/#breadcrumb\"},\"inLanguage\":\"az\",\"potentialAction\":[{\"@type\":\"ReadAction\",\"target\":[\"https:\\\/\\\/www.meydan.tv\\\/az\\\/article\\\/minimum-emekhaqqi-ve-pensiya-artib\\\/\"]}]},{\"@type\":\"ImageObject\",\"inLanguage\":\"az\",\"@id\":\"https:\\\/\\\/www.meydan.tv\\\/az\\\/article\\\/minimum-emekhaqqi-ve-pensiya-artib\\\/#primaryimage\",\"url\":\"https:\\\/\\\/www.meydan.tv\\\/wp-content\\\/uploads\\\/untitled-design-1-1.png\",\"contentUrl\":\"https:\\\/\\\/www.meydan.tv\\\/wp-content\\\/uploads\\\/untitled-design-1-1.png\",\"width\":1200,\"height\":800,\"caption\":\"Foto: By Matej Kastelic\\\/Shutterstock\"},{\"@type\":\"BreadcrumbList\",\"@id\":\"https:\\\/\\\/www.meydan.tv\\\/az\\\/article\\\/minimum-emekhaqqi-ve-pensiya-artib\\\/#breadcrumb\",\"itemListElement\":[{\"@type\":\"ListItem\",\"position\":1,\"name\":\"Ana s\u0259hif\u0259\",\"item\":\"https:\\\/\\\/www.meydan.tv\\\/az\\\/\"},{\"@type\":\"ListItem\",\"position\":2,\"name\":\"Sosial\",\"item\":\"https:\\\/\\\/www.meydan.tv\\\/az\\\/section\\\/sosial\\\/\"},{\"@type\":\"ListItem\",\"position\":3,\"name\":\"Minimum \u0259m\u0259khaqq\u0131 v\u0259 pensiya art\u0131b\"}]},{\"@type\":\"WebSite\",\"@id\":\"https:\\\/\\\/www.meydan.tv\\\/az\\\/#website\",\"url\":\"https:\\\/\\\/www.meydan.tv\\\/az\\\/\",\"name\":\"MEYDAN.TV\",\"description\":\"Meydan TV Az\u0259rbaycan\u0131n media m\u0259kan\u0131ndak\u0131 alternativ s\u0259sidir\",\"publisher\":{\"@id\":\"https:\\\/\\\/www.meydan.tv\\\/az\\\/#organization\"},\"potentialAction\":[{\"@type\":\"SearchAction\",\"target\":{\"@type\":\"EntryPoint\",\"urlTemplate\":\"https:\\\/\\\/www.meydan.tv\\\/az\\\/?s={search_term_string}\"},\"query-input\":{\"@type\":\"PropertyValueSpecification\",\"valueRequired\":true,\"valueName\":\"search_term_string\"}}],\"inLanguage\":\"az\"},{\"@type\":\"Organization\",\"@id\":\"https:\\\/\\\/www.meydan.tv\\\/az\\\/#organization\",\"name\":\"Meydan TV\",\"url\":\"https:\\\/\\\/www.meydan.tv\\\/az\\\/\",\"logo\":{\"@type\":\"ImageObject\",\"inLanguage\":\"az\",\"@id\":\"https:\\\/\\\/www.meydan.tv\\\/az\\\/#\\\/schema\\\/logo\\\/image\\\/\",\"url\":\"https:\\\/\\\/www.meydan.tv\\\/wp-content\\\/uploads\\\/2021\\\/07\\\/meydan-logo.svg\",\"contentUrl\":\"https:\\\/\\\/www.meydan.tv\\\/wp-content\\\/uploads\\\/2021\\\/07\\\/meydan-logo.svg\",\"width\":195,\"height\":46,\"caption\":\"Meydan TV\"},\"image\":{\"@id\":\"https:\\\/\\\/www.meydan.tv\\\/az\\\/#\\\/schema\\\/logo\\\/image\\\/\"}},{\"@type\":\"Person\",\"@id\":\"https:\\\/\\\/www.meydan.tv\\\/az\\\/#\\\/schema\\\/person\\\/9cdbecf90d17180ce1dfbd95b08dcf47\",\"name\":\"elli\",\"sameAs\":[\"https:\\\/\\\/x.com\\\/elli\"]}]}<\/script>\n<!-- \/ Yoast SEO plugin. -->","yoast_head_json":{"title":"Minimum \u0259m\u0259khaqq\u0131 v\u0259 pensiya art\u0131b - MEYDAN.TV","robots":{"index":"index","follow":"follow","max-snippet":"max-snippet:-1","max-image-preview":"max-image-preview:large","max-video-preview":"max-video-preview:-1"},"canonical":"https:\/\/www.meydan.tv\/az\/article\/minimum-emekhaqqi-ve-pensiya-artib\/","og_locale":"az_AZ","og_type":"article","og_title":"Minimum \u0259m\u0259khaqq\u0131 v\u0259 pensiya art\u0131b - MEYDAN.TV","og_description":"\u201c345 manat, g\u00f6r\u0259s\u0259n, kimin a\u011fl\u0131n\u0131n m\u0259hsuludur\u201d Az\u0259rbaycan Prezidenti \u0130lham \u018fliyev ... Davam\u0131","og_url":"https:\/\/www.meydan.tv\/az\/article\/minimum-emekhaqqi-ve-pensiya-artib\/","og_site_name":"MEYDAN.TV","article_published_time":"2023-01-05T12:44:45+00:00","article_modified_time":"2023-01-05T12:44:47+00:00","og_image":[{"width":1200,"height":800,"url":"https:\/\/www.meydan.tv\/wp-content\/uploads\/untitled-design-1-1.png","type":"image\/png"}],"author":"elli","twitter_card":"summary_large_image","twitter_creator":"@elli","schema":{"@context":"https:\/\/schema.org","@graph":[{"@type":"Article","@id":"https:\/\/www.meydan.tv\/az\/article\/minimum-emekhaqqi-ve-pensiya-artib\/#article","isPartOf":{"@id":"https:\/\/www.meydan.tv\/az\/article\/minimum-emekhaqqi-ve-pensiya-artib\/"},"author":{"name":"elli","@id":"https:\/\/www.meydan.tv\/az\/#\/schema\/person\/9cdbecf90d17180ce1dfbd95b08dcf47"},"headline":"Minimum \u0259m\u0259khaqq\u0131 v\u0259 pensiya art\u0131b","datePublished":"2023-01-05T12:44:45+00:00","dateModified":"2023-01-05T12:44:47+00:00","mainEntityOfPage":{"@id":"https:\/\/www.meydan.tv\/az\/article\/minimum-emekhaqqi-ve-pensiya-artib\/"},"wordCount":712,"publisher":{"@id":"https:\/\/www.meydan.tv\/az\/#organization"},"image":{"@id":"https:\/\/www.meydan.tv\/az\/article\/minimum-emekhaqqi-ve-pensiya-artib\/#primaryimage"},"thumbnailUrl":"https:\/\/www.meydan.tv\/wp-content\/uploads\/untitled-design-1-1.png","articleSection":["Sosial","X\u0259b\u0259rl\u0259r"],"inLanguage":"az"},{"@type":"WebPage","@id":"https:\/\/www.meydan.tv\/az\/article\/minimum-emekhaqqi-ve-pensiya-artib\/","url":"https:\/\/www.meydan.tv\/az\/article\/minimum-emekhaqqi-ve-pensiya-artib\/","name":"Minimum \u0259m\u0259khaqq\u0131 v\u0259 pensiya art\u0131b - MEYDAN.TV","isPartOf":{"@id":"https:\/\/www.meydan.tv\/az\/#website"},"primaryImageOfPage":{"@id":"https:\/\/www.meydan.tv\/az\/article\/minimum-emekhaqqi-ve-pensiya-artib\/#primaryimage"},"image":{"@id":"https:\/\/www.meydan.tv\/az\/article\/minimum-emekhaqqi-ve-pensiya-artib\/#primaryimage"},"thumbnailUrl":"https:\/\/www.meydan.tv\/wp-content\/uploads\/untitled-design-1-1.png","datePublished":"2023-01-05T12:44:45+00:00","dateModified":"2023-01-05T12:44:47+00:00","breadcrumb":{"@id":"https:\/\/www.meydan.tv\/az\/article\/minimum-emekhaqqi-ve-pensiya-artib\/#breadcrumb"},"inLanguage":"az","potentialAction":[{"@type":"ReadAction","target":["https:\/\/www.meydan.tv\/az\/article\/minimum-emekhaqqi-ve-pensiya-artib\/"]}]},{"@type":"ImageObject","inLanguage":"az","@id":"https:\/\/www.meydan.tv\/az\/article\/minimum-emekhaqqi-ve-pensiya-artib\/#primaryimage","url":"https:\/\/www.meydan.tv\/wp-content\/uploads\/untitled-design-1-1.png","contentUrl":"https:\/\/www.meydan.tv\/wp-content\/uploads\/untitled-design-1-1.png","width":1200,"height":800,"caption":"Foto: By Matej Kastelic\/Shutterstock"},{"@type":"BreadcrumbList","@id":"https:\/\/www.meydan.tv\/az\/article\/minimum-emekhaqqi-ve-pensiya-artib\/#breadcrumb","itemListElement":[{"@type":"ListItem","position":1,"name":"Ana s\u0259hif\u0259","item":"https:\/\/www.meydan.tv\/az\/"},{"@type":"ListItem","position":2,"name":"Sosial","item":"https:\/\/www.meydan.tv\/az\/section\/sosial\/"},{"@type":"ListItem","position":3,"name":"Minimum \u0259m\u0259khaqq\u0131 v\u0259 pensiya art\u0131b"}]},{"@type":"WebSite","@id":"https:\/\/www.meydan.tv\/az\/#website","url":"https:\/\/www.meydan.tv\/az\/","name":"MEYDAN.TV","description":"Meydan TV Az\u0259rbaycan\u0131n media m\u0259kan\u0131ndak\u0131 alternativ s\u0259sidir","publisher":{"@id":"https:\/\/www.meydan.tv\/az\/#organization"},"potentialAction":[{"@type":"SearchAction","target":{"@type":"EntryPoint","urlTemplate":"https:\/\/www.meydan.tv\/az\/?s={search_term_string}"},"query-input":{"@type":"PropertyValueSpecification","valueRequired":true,"valueName":"search_term_string"}}],"inLanguage":"az"},{"@type":"Organization","@id":"https:\/\/www.meydan.tv\/az\/#organization","name":"Meydan TV","url":"https:\/\/www.meydan.tv\/az\/","logo":{"@type":"ImageObject","inLanguage":"az","@id":"https:\/\/www.meydan.tv\/az\/#\/schema\/logo\/image\/","url":"https:\/\/www.meydan.tv\/wp-content\/uploads\/2021\/07\/meydan-logo.svg","contentUrl":"https:\/\/www.meydan.tv\/wp-content\/uploads\/2021\/07\/meydan-logo.svg","width":195,"height":46,"caption":"Meydan TV"},"image":{"@id":"https:\/\/www.meydan.tv\/az\/#\/schema\/logo\/image\/"}},{"@type":"Person","@id":"https:\/\/www.meydan.tv\/az\/#\/schema\/person\/9cdbecf90d17180ce1dfbd95b08dcf47","name":"elli","sameAs":["https:\/\/x.com\/elli"]}]}},"_links":{"self":[{"href":"https:\/\/www.meydan.tv\/az\/wp-json\/wp\/v2\/posts\/265128","targetHints":{"allow":["GET"]}}],"collection":[{"href":"https:\/\/www.meydan.tv\/az\/wp-json\/wp\/v2\/posts"}],"about":[{"href":"https:\/\/www.meydan.tv\/az\/wp-json\/wp\/v2\/types\/post"}],"author":[{"embeddable":true,"href":"https:\/\/www.meydan.tv\/az\/wp-json\/wp\/v2\/users\/8"}],"replies":[{"embeddable":true,"href":"https:\/\/www.meydan.tv\/az\/wp-json\/wp\/v2\/comments?post=265128"}],"version-history":[{"count":1,"href":"https:\/\/www.meydan.tv\/az\/wp-json\/wp\/v2\/posts\/265128\/revisions"}],"predecessor-version":[{"id":265129,"href":"https:\/\/www.meydan.tv\/az\/wp-json\/wp\/v2\/posts\/265128\/revisions\/265129"}],"wp:featuredmedia":[{"embeddable":true,"href":"https:\/\/www.meydan.tv\/az\/wp-json\/wp\/v2\/media\/225868"}],"wp:attachment":[{"href":"https:\/\/www.meydan.tv\/az\/wp-json\/wp\/v2\/media?parent=265128"}],"wp:term":[{"taxonomy":"category","embeddable":true,"href":"https:\/\/www.meydan.tv\/az\/wp-json\/wp\/v2\/categories?post=265128"},{"taxonomy":"post_tag","embeddable":true,"href":"https:\/\/www.meydan.tv\/az\/wp-json\/wp\/v2\/tags?post=265128"}],"curies":[{"name":"wp","href":"https:\/\/api.w.org\/{rel}","templated":true}]}}