{"id":265081,"date":"2023-01-05T13:44:46","date_gmt":"2023-01-05T09:44:46","guid":{"rendered":"https:\/\/www.meydan.tv\/?p=265081"},"modified":"2023-01-05T13:44:51","modified_gmt":"2023-01-05T09:44:51","slug":"anadolu-hospital-etrafinda-qalmaqal-mingecevir-sakinleri-pullarini-geri-isteyir","status":"publish","type":"post","link":"https:\/\/www.meydan.tv\/az\/article\/anadolu-hospital-etrafinda-qalmaqal-mingecevir-sakinleri-pullarini-geri-isteyir\/","title":{"rendered":"\u201cAnadolu hospital\u201d \u0259traf\u0131nda qalmaqal: Ming\u0259\u00e7evir sakinl\u0259ri pullar\u0131n\u0131 geri ist\u0259yir"},"content":{"rendered":"\n<p><\/p>\n\n\n\n<p><em>T\u0259r\u0259fl\u0259r g\u00fcnah\u0131 bir-birinin \u00fcz\u0259rin\u0259 at\u0131r<\/em><\/p>\n\n\n\n<p>\u201c\u015e\u0259h\u0259rd\u0259 m\u00fcxt\u0259lif \u00f6z\u0259l klinikalar f\u0259aliyy\u0259t g\u00f6st\u0259rir. Amma bu klinikan\u0131n a\u00e7\u0131l\u0131\u015f\u0131nda tan\u0131nm\u0131\u015f m\u00fc\u011f\u0259nnil\u0259r i\u015ftirak etdil\u0259r, sosial \u015f\u0259b\u0259k\u0259l\u0259rd\u0259 s\u0259hif\u0259l\u0259ri yarad\u0131ld\u0131, reklam edildi. Sonradan klinikada i\u015f\u00e7i axtar\u0131ld\u0131\u011f\u0131, i\u015f\u00e7il\u0259rd\u0259n depozit y\u0131\u011f\u0131ld\u0131\u011f\u0131 deyil\u0259nd\u0259 ham\u0131 inand\u0131. Amma n\u0259 maa\u015f verildi, n\u0259 d\u0259 depozit ad\u0131 il\u0259 y\u0131\u011f\u0131lan pullar geri qaytar\u0131ld\u0131\u201d.<\/p>\n\n\n\n<p>Bunu Meydan TV-y\u0259 Ming\u0259\u00e7evir sakini Vahid M\u0259mm\u0259dov bildirib. Onun s\u00f6zl\u0259rin\u0259 g\u00f6r\u0259, Ming\u0259\u00e7evird\u0259 t\u00fcrk \u0259silli h\u0259kim kimi t\u0259qdim edil\u0259n Alper M\u00f6vlud Ceylan t\u0259r\u0259find\u0259n \u201cAnadolu hospital\u201d a\u00e7\u0131l\u0131b. Valideynl\u0259ri d\u0259 daxil olmaqla 200-\u0259 yax\u0131n \u015f\u0259xs depozit qoyaraq guya klinikada i\u015f\u0259 g\u00f6t\u00fcr\u00fcl\u00fcb.<\/p>\n\n\n\n<p>\u201cKimi h\u0259kim k\u00f6m\u0259k\u00e7isi, tibb bac\u0131s\u0131, sanitar, m\u00fchafiz\u0259\u00e7i, xadim\u0259, kimi d\u0259 s\u00fcr\u00fcc\u00fc kimi i\u015f\u0259 g\u00f6t\u00fcr\u00fcl\u00fcb. M\u00fcxt\u0259lif r\u0259q\u0259ml\u0259r s\u0259sl\u0259ndirilir, biri 2 min, o biri 3 min 500 manat verib. Deyibl\u0259r ki, iki il \u0259rzind\u0259 geri qaytar\u0131lacaq. Amma he\u00e7 kim\u0259 maa\u015f verilmir. Ham\u0131 y\u0131\u011f\u0131l\u0131b, pulunun geri qaytar\u0131lmas\u0131n\u0131 t\u0259l\u0259b edir\u201d,- \u015fikay\u0259t\u00e7i bildirib.<\/p>\n\n\n\n<p>Vahid M\u0259mm\u0259dovun s\u00f6zl\u0259rin\u0259 g\u00f6r\u0259, i\u015fl\u0259m\u0259k, bir par\u00e7a \u00e7\u00f6r\u0259k qazanmaq \u00fc\u00e7\u00fcn kredit g\u00f6t\u00fcr\u00fcb klinika r\u0259hb\u0259rliyin\u0259 ver\u0259nl\u0259r var:<\/p>\n\n\n\n<p>\u201cM\u0259s\u0259l\u0259n, tan\u0131d\u0131\u011f\u0131m biri var, bankdan 2500 manat g\u00f6t\u00fcr\u0259r\u0259k depozit qoyub, guya xadim\u0259 kimi i\u015f\u0259 g\u00f6t\u00fcr\u00fcl\u00fcb. T\u0259nha qad\u0131nd\u0131r, \u00fc\u00e7 azya\u015fl\u0131 \u00f6vlad\u0131 var. Ayda 300 manat maa\u015f deyibl\u0259r, aylard\u0131r maa\u015f alm\u0131rlar. Klinika da i\u015f\u00e7il\u0259ri ev\u0259 g\u00f6nd\u0259rib, deyib ki, maa\u015f ver\u0259 bilmir, amma yanvar\u0131n 6-na kimi problemi h\u0259ll ed\u0259c\u0259k. \u00c7oxu polis\u0259 \u015fikay\u0259t edib. Klinika pullar\u0131n geri qaytar\u0131lmas\u0131 \u00fc\u00e7\u00fcn yanvara kimi m\u00f6hl\u0259t ist\u0259yib\u201d.<\/p>\n\n\n\n<figure class=\"wp-block-image size-large\"><img decoding=\"async\" width=\"973\" height=\"821\" data-src=\"https:\/\/www.meydan.tv\/wp-content\/uploads\/img_7587_720-973x821.jpg\" alt=\"\" class=\"wp-image-265075 lazyload\" src=\"data:image\/svg+xml;base64,PHN2ZyB3aWR0aD0iMSIgaGVpZ2h0PSIxIiB4bWxucz0iaHR0cDovL3d3dy53My5vcmcvMjAwMC9zdmciPjwvc3ZnPg==\" style=\"--smush-placeholder-width: 973px; --smush-placeholder-aspect-ratio: 973\/821;\" \/><figcaption class=\"wp-element-caption\">Foto:  K\u0259rim Nadirovun &#8220;Linkedin&#8221; hesab\u0131ndan screenshot<\/figcaption><\/figure>\n\n\n\n<p>\u015eikay\u0259t\u00e7i onu da bildirib ki, klinika bir ne\u00e7\u0259 h\u0259kim d\u0259v\u0259t edib, reklamdan sonra x\u0259st\u0259 d\u0259 q\u0259bul edibl\u0259r. Buna g\u00f6r\u0259 d\u0259 depozit ist\u0259y\u0259nd\u0259 he\u00e7 kim \u015f\u00fcbh\u0259l\u0259nm\u0259yib. H\u0259kiml\u0259r d\u0259 aldan\u0131ld\u0131qlar\u0131n\u0131 gec ba\u015fa d\u00fc\u015f\u00fcbl\u0259r:<\/p>\n\n\n\n<p>\u201cH\u0259r ay elan edirl\u0259r ki, sertifikat alm\u0131\u015f\u0131q, tort k\u0259sirl\u0259r, yall\u0131 gedirl\u0259r. Guya dem\u0259k ist\u0259yirl\u0259r ki, qa\u00e7mam\u0131\u015f\u0131q, i\u015fl\u0259yirik. Kredit g\u00f6t\u00fcr\u0259nl\u0259rin v\u0259ziyy\u0259ti daha da \u00e7\u0259tindir, maa\u015f vermirl\u0259r ki, he\u00e7 olmasa faizl\u0259ri ba\u011flas\u0131nlar. Camaat bir d\u0259f\u0259 y\u0131\u011f\u0131l\u0131b etiraz edib. \u0130ndi veril\u0259n v\u0259din dolmas\u0131n\u0131 g\u00f6zl\u0259yirl\u0259r\u201d.<\/p>\n\n\n\n<p>S\u0259hiyy\u0259 Nazirliyind\u0259n Meydan TV-y\u0259 deyibl\u0259r ki, nazirliy\u0259 klinika il\u0259 ba\u011fl\u0131 \u015fikay\u0259t daxil olmay\u0131b. Lakin klinikan\u0131n lisenziya al\u0131b-almad\u0131\u011f\u0131n\u0131 d\u0259qiql\u0259\u015fdirm\u0259k m\u00fcmk\u00fcn olmay\u0131b.<\/p>\n\n\n\n<p>Yerli mediada Alper M\u00f6vlud Ceylan\u0131n T\u00fcrkiy\u0259d\u0259 cinay\u0259td\u0259 ittiham olunmas\u0131 bar\u0259d\u0259 <a href=\"https:\/\/axar.az\/news\/toplum\/656596.html\" target=\"_blank\" rel=\"noreferrer noopener\">yaz\u0131l\u0131b<\/a>. S\u0259b\u0259b T\u00fcrkiy\u0259 Prezidenti R\u0259c\u0259b Tayyib \u018frdo\u011fan\u0131n \u0259leyhin\u0259 fikir s\u00f6yl\u0259m\u0259sidir. Eyni m\u0259zmunlu bu m\u0259qal\u0259l\u0259r klinikan\u0131n a\u00e7\u0131lmas\u0131ndan bir ne\u00e7\u0259 g\u00fcn sonraya t\u0259sad\u00fcf edir. T\u00fcrkiy\u0259 v\u0259t\u0259nda\u015f\u0131 Alper M\u00f6vlud Ceylan Meydan TV-y\u0259 deyib ki, \u0259sli olmayan bu m\u0259lumatlar onunla r\u0259qab\u0259t aparan ba\u015fqa bir klinikan\u0131n v\u0259 haz\u0131rda orada i\u015fl\u0259y\u0259n ke\u00e7mi\u015f icra\u00e7\u0131 direktorunun sifari\u015fi il\u0259 mediaya \u00f6t\u00fcr\u00fcl\u00fcr:<\/p>\n\n\n\n<p>\u201cM\u0259n 5 ildir Ming\u0259\u00e7evird\u0259 ya\u015fay\u0131ram v\u0259 oturum iznim var. Az\u0259rbaycan el\u0259 bir z\u0259if d\u00f6vl\u0259tdirmi ki, T\u00fcrkiy\u0259d\u0259 cinay\u0259t m\u0259suliyy\u0259tin\u0259 c\u0259lb olunmu\u015f adam burada i\u015f qursun? \u015e\u0259xs\u0259n m\u0259n el\u0259 d\u00fc\u015f\u00fcnm\u00fcr\u0259m. Bunlar\u0131n arxas\u0131nda klinikaya t\u0259yin etdiyim K\u0259rim Nadirov v\u0259 onun haz\u0131rda \u00e7al\u0131\u015fd\u0131\u011f\u0131, bizi \u00f6z\u00fcn\u0259 r\u0259qib g\u00f6r\u0259n m\u00fc\u0259ssis\u0259 durur\u201d.<\/p>\n\n\n\n<figure class=\"wp-block-image size-large\"><img decoding=\"async\" width=\"1035\" height=\"821\" data-src=\"https:\/\/www.meydan.tv\/wp-content\/uploads\/img_7588_720-1035x821.jpg\" alt=\"\" class=\"wp-image-265072 lazyload\" src=\"data:image\/svg+xml;base64,PHN2ZyB3aWR0aD0iMSIgaGVpZ2h0PSIxIiB4bWxucz0iaHR0cDovL3d3dy53My5vcmcvMjAwMC9zdmciPjwvc3ZnPg==\" style=\"--smush-placeholder-width: 1035px; --smush-placeholder-aspect-ratio: 1035\/821;\" \/><figcaption class=\"wp-element-caption\">Foto:  K\u0259rim Nadirovun &#8220;Linkedin&#8221; hesab\u0131ndan screenshot<\/figcaption><\/figure>\n\n\n\n<p>\u0130\u015f\u00e7il\u0259rd\u0259n pul al\u0131nmas\u0131na g\u0259linc\u0259, Alper M\u00f6vlud Ceylan deyib ki, polis haz\u0131rda \u015fikay\u0259tl\u0259ri ara\u015fd\u0131r\u0131r v\u0259 onda da xeyli sayda \u015fikay\u0259t \u0259riz\u0259l\u0259ri var:<\/p>\n\n\n\n<p>\u201cQanunla m\u0259n burada \u00f6z ad\u0131ma he\u00e7 n\u0259 yarada bilm\u0259r\u0259m. Ona g\u00f6r\u0259 d\u0259 klinikan\u0131 K\u0259rim Nadirov adl\u0131 \u015f\u0259xsin ad\u0131na s\u0259n\u0259dl\u0259\u015fdirdik v\u0259 o, icra\u00e7\u0131 direktor oldu. M\u0259nim yegan\u0259 s\u0259lahiyy\u0259tim bu \u015f\u0259xsi v\u0259zif\u0259y\u0259 qoymaq v\u0259 v\u0259zif\u0259d\u0259n \u00e7\u0131xarmaq idi. O da i\u015f\u0259 g\u00f6t\u00fcrm\u0259k ad\u0131yla, depozit kimi bir ne\u00e7\u0259 \u015f\u0259xsd\u0259n pul g\u00f6t\u00fcr\u00fcb. Bu m\u0259s\u0259l\u0259nin \u00fcst\u00fc a\u00e7\u0131landa m\u0259n h\u0259min \u015f\u0259xsi i\u015fd\u0259n azad etdim\u201d.<\/p>\n\n\n\n<p>Sahibkar hospital\u0131n lisenziya \u0259sas\u0131nda f\u0259aliyy\u0259t g\u00f6st\u0259rdiyini deyir. Lakin s\u00f6z vers\u0259 d\u0259, lisenziyan\u0131n sur\u0259tini v\u0259 \u015fikay\u0259t\u00e7il\u0259rin m\u0259ktublar\u0131n\u0131n sur\u0259tini bir ne\u00e7\u0259 g\u00fcn \u0259rzind\u0259 redaksiyaya t\u0259qdim etm\u0259yib. Ad\u0131n\u0131 \u00e7\u0259kdiyi K\u0259rim Nadirovun \u201cLinkedin\u201d sosial \u015f\u0259b\u0259k\u0259sind\u0259ki hesab\u0131nda v\u0259zif\u0259si tibbi marketoloq kimi yaz\u0131l\u0131b. O, klinikada i\u015fl\u0259diyi m\u00fcdd\u0259td\u0259 h\u0259min hesabdan \u201c\u0130\u015f\u00e7i al\u0131m\u0131 ba\u015fland\u0131\u201d dey\u0259 elan verib v\u0259 12 \u015ftat \u00fczr\u0259 i\u015f t\u0259klif edib. Meydan TV onunla da \u0259laq\u0259 saxlay\u0131b. K\u0259rim Nadirov deyil\u0259nl\u0259ri t\u0259kzib edib v\u0259 i\u015fd\u0259n ayr\u0131lmas\u0131n\u0131n s\u0259b\u0259bini maa\u015f\u0131n\u0131 ala bilm\u0259m\u0259si il\u0259 \u0259sasland\u0131r\u0131b:<\/p>\n\n\n\n<p>\u201cM\u0259n aprelin 20-d\u0259 orada i\u015f\u0259 ba\u015flay\u0131b, avqustun 13-d\u0259 i\u015fd\u0259n \u00e7\u0131xm\u0131\u015fam. Bo\u015f-bo\u015funa i\u015fl\u0259dim, maa\u015f ala bilm\u0259dim dey\u0259 \u00e7\u0131xd\u0131m. Orada yeyinti ets\u0259ydim, aktla\u015fd\u0131r\u0131b m\u0259ni \u018fm\u0259k M\u0259c\u0259ll\u0259sinin 70C b\u0259ndi (pe\u015f\u0259karl\u0131q s\u0259viyy\u0259sinin, ixtisas\u0131n\u0131n (pe\u015f\u0259sinin) kifay\u0259t d\u0259r\u0259c\u0259d\u0259 olmad\u0131\u011f\u0131na g\u00f6r\u0259 i\u015f\u00e7inin tutdu\u011fu v\u0259zif\u0259y\u0259 uy\u011fun g\u0259lm\u0259diyi bar\u0259d\u0259 s\u0259lahiyy\u0259tli orqan t\u0259r\u0259find\u0259n m\u00fcvafiq q\u0259rar q\u0259bul edildikd\u0259) il\u0259 i\u015fd\u0259n \u00e7\u0131xarard\u0131lar. Bunlar\u0131n he\u00e7 biri olmay\u0131b. M\u0259n orada i\u015fl\u0259y\u0259nd\u0259 i\u015f\u00e7il\u0259rin say\u0131 113 n\u0259f\u0259r idi, indi 300-400 n\u0259f\u0259r olub. Davaml\u0131 olaraq ham\u0131s\u0131ndan pul al\u0131n\u0131b\u201d.<\/p>\n\n\n\n<figure class=\"wp-block-image size-large\"><img decoding=\"async\" width=\"616\" height=\"821\" data-src=\"https:\/\/www.meydan.tv\/wp-content\/uploads\/photo-2022-12-27-15-51-07-616x821.jpg\" alt=\"\" class=\"wp-image-265078 lazyload\" src=\"data:image\/svg+xml;base64,PHN2ZyB3aWR0aD0iMSIgaGVpZ2h0PSIxIiB4bWxucz0iaHR0cDovL3d3dy53My5vcmcvMjAwMC9zdmciPjwvc3ZnPg==\" style=\"--smush-placeholder-width: 616px; --smush-placeholder-aspect-ratio: 616\/821;\" \/><figcaption class=\"wp-element-caption\">Foto: Meydan TV<\/figcaption><\/figure>\n\n\n\n<p>K\u0259rim Nadirov \u201ci\u015f\u00e7il\u0259rd\u0259n pul alan \u0259sas \u015f\u0259xsin videosunu siz\u0259 g\u00f6nd\u0259r\u0259c\u0259m. El\u0259 o hospital\u0131n i\u015f\u00e7il\u0259ri bunu sosial \u015f\u0259b\u0259k\u0259l\u0259rd\u0259 yay\u0131blar\u201d dedi v\u0259 g\u00f6nd\u0259rdi. H\u0259min videoda Alper M\u00f6vlud Ceylan\u0131n fotosu \u00fcz\u0259rind\u0259 yerli mediada \u0259ks olunmu\u015f fikirl\u0259r yer al\u0131b.<\/p>\n\n\n\n<p>K\u0259rim Nadirov Alper M\u00f6vlud Ceylan\u0131n imzas\u0131 v\u0259 m\u00f6h\u00fcr\u00fc olan, Z\u00fclfiyy\u0259 V\u0259liyeva adl\u0131 \u015f\u0259xsd\u0259n 1900 manat ald\u0131\u011f\u0131n\u0131 t\u0259sdiql\u0259y\u0259n s\u0259n\u0259din sur\u0259tini d\u0259 t\u0259qdim edib.&nbsp;<\/p>\n\n\n\n<p>Alper M\u00f6vlud Ceylan is\u0259 h\u0259min \u015f\u0259xsin haz\u0131rda hospitalda \u00e7al\u0131\u015fd\u0131\u011f\u0131n\u0131 bildirir:<\/p>\n\n\n\n<p>&#8220;Z\u00fclfiyy\u0259 xan\u0131m haz\u0131rda m\u0259nim yan\u0131mda \u00e7al\u0131\u015f\u0131r. G\u00f6r\u00fcrs\u00fczm\u00fc, m\u0259n ald\u0131\u011f\u0131m h\u0259r bir depozit\u0259 g\u00f6r\u0259 imzam\u0131 v\u0259 m\u00f6h\u00fcr\u00fcm\u00fc vururam v\u0259 onu geri \u00f6d\u0259yir\u0259m. \u015eikay\u0259ti olan \u015f\u0259xsl\u0259r is\u0259 n\u0259 m\u0259ni g\u00f6r\u00fcbl\u0259r, n\u0259 d\u0259 onlara bel\u0259 bir s\u0259n\u0259d vermi\u015f\u0259m\u201d.<\/p>\n\n\n\n<p>K\u0259rim Nadirov onu da deyir ki, haz\u0131rda \u201cRegional hospital\u201dda \u00e7al\u0131\u015f\u0131r v\u0259 bu klinika he\u00e7 kiminl\u0259 r\u0259qab\u0259t aparm\u0131r:<\/p>\n\n\n\n<p>\u201c\u201cRegional hospital\u201d bu zonada \u0259n g\u00fccl\u00fc klinikad\u0131r, h\u0259r bir \u015f\u0259raiti var. \u0130kinci MRT-ni d\u0259 g\u0259tirdik. Onun birinin qiym\u0259ti yar\u0131m milyon manatd\u0131r. Y\u0259ni \u201cRegional hospital\u201d o q\u0259d\u0259rmi d\u00fc\u015f\u00fcb ki, gedib \u00f6z\u00fcn\u00fc yataqxana il\u0259 m\u00fcqayis\u0259 el\u0259sin? Deyil\u0259nl\u0259rin ham\u0131s\u0131 absurddur\u201d.<\/p>\n\n\n\n<p>Yaz\u0131 d\u0259rc\u0259 haz\u0131rlanark\u0259n, Alper M\u00f6vlud Ceylan Meydan TV \u0259m\u0259kda\u015f\u0131n\u0131 \u0259z v\u0259kilin\u0259 y\u00f6nl\u0259ndirib. G\u00fclsel adl\u0131 v\u0259kil m\u00fcxbirl\u0259 s\u00f6hb\u0259tind\u0259 i\u015fin haz\u0131rda yerli polis \u015f\u00f6b\u0259sind\u0259 ara\u015fd\u0131r\u0131ld\u0131\u011f\u0131n\u0131, h\u00f6spital\u0131n lisenziya \u0259sas\u0131nda f\u0259aliyy\u0259t g\u00f6st\u0259rdiyini deyib.<\/p>\n\n\n\n<p>\u201cAlper b\u0259y depozit yat\u0131ran h\u0259r bir \u015f\u0259xs\u0259 verdiyi s\u0259n\u0259dd\u0259 imza v\u0259 m\u00f6h\u00fcr\u00fcn\u00fc at\u0131b. B\u00fct\u00fcn s\u0259n\u0259dl\u0259r d\u0259 ara\u015fd\u0131rmaya t\u0259qdim olunub. \u018fg\u0259r siz klinikan\u0131n n\u00fcfuzuna x\u0259l\u0259l g\u0259tir\u0259n, \u0259leyhin\u0259 olan h\u0259r hans\u0131 bir yaz\u0131 yazsaz, sizi m\u0259hk\u0259m\u0259y\u0259 ver\u0259c\u0259m\u201d, &#8211; v\u0259kil vur\u011fulay\u0131b.<\/p>\n\n\n\n<p>Ming\u0259\u00e7evir \u015e\u0259h\u0259r Polis \u015e\u00f6b\u0259sind\u0259n t\u0259dqiqat\u0131 yekunla\u015fmayan i\u015fl\u0259r bar\u0259d\u0259 m\u0259lumat verilm\u0259diyi bildirilib.<\/p>\n","protected":false},"excerpt":{"rendered":"<p>T\u0259r\u0259fl\u0259r g\u00fcnah\u0131 bir-birinin \u00fcz\u0259rin\u0259 at\u0131r \u201c\u015e\u0259h\u0259rd\u0259 m\u00fcxt\u0259lif \u00f6z\u0259l klinikalar f\u0259aliyy\u0259t &#8230; <\/p>\n<p class=\"read-more-container\"><a title=\"\u201cAnadolu hospital\u201d \u0259traf\u0131nda qalmaqal: Ming\u0259\u00e7evir sakinl\u0259ri pullar\u0131n\u0131 geri ist\u0259yir\" class=\"read-more button\" href=\"https:\/\/www.meydan.tv\/az\/article\/anadolu-hospital-etrafinda-qalmaqal-mingecevir-sakinleri-pullarini-geri-isteyir\/#more-265081\" aria-label=\"Read more about \u201cAnadolu hospital\u201d \u0259traf\u0131nda qalmaqal: Ming\u0259\u00e7evir sakinl\u0259ri pullar\u0131n\u0131 geri ist\u0259yir\">Davam\u0131<\/a><\/p>\n","protected":false},"author":8,"featured_media":265083,"comment_status":"closed","ping_status":"closed","sticky":false,"template":"","format":"standard","meta":{"_acf_changed":false,"_sitemap_exclude":false,"_sitemap_priority":"","_sitemap_frequency":"","footnotes":""},"categories":[60,79,56],"tags":[],"class_list":["post-265081","post","type-post","status-publish","format-standard","has-post-thumbnail","hentry","category-bolge","category-featured","category-xeberler","infinite-scroll-item","generate-columns","tablet-grid-50","mobile-grid-100","grid-parent","grid-33","no-featured-image-padding"],"acf":[],"yoast_head":"<!-- This site is optimized with the Yoast SEO plugin v27.5 - https:\/\/yoast.com\/product\/yoast-seo-wordpress\/ -->\n<title>\u201cAnadolu hospital\u201d \u0259traf\u0131nda qalmaqal: Ming\u0259\u00e7evir sakinl\u0259ri pullar\u0131n\u0131 geri ist\u0259yir - MEYDAN.TV<\/title>\n<meta name=\"robots\" content=\"index, follow, max-snippet:-1, max-image-preview:large, max-video-preview:-1\" \/>\n<link rel=\"canonical\" href=\"https:\/\/www.meydan.tv\/az\/article\/anadolu-hospital-etrafinda-qalmaqal-mingecevir-sakinleri-pullarini-geri-isteyir\/\" \/>\n<meta property=\"og:locale\" content=\"az_AZ\" \/>\n<meta property=\"og:type\" content=\"article\" \/>\n<meta property=\"og:title\" content=\"\u201cAnadolu hospital\u201d \u0259traf\u0131nda qalmaqal: Ming\u0259\u00e7evir sakinl\u0259ri pullar\u0131n\u0131 geri ist\u0259yir - MEYDAN.TV\" \/>\n<meta property=\"og:description\" content=\"T\u0259r\u0259fl\u0259r g\u00fcnah\u0131 bir-birinin \u00fcz\u0259rin\u0259 at\u0131r \u201c\u015e\u0259h\u0259rd\u0259 m\u00fcxt\u0259lif \u00f6z\u0259l klinikalar f\u0259aliyy\u0259t ... Davam\u0131\" \/>\n<meta property=\"og:url\" content=\"https:\/\/www.meydan.tv\/az\/article\/anadolu-hospital-etrafinda-qalmaqal-mingecevir-sakinleri-pullarini-geri-isteyir\/\" \/>\n<meta property=\"og:site_name\" content=\"MEYDAN.TV\" \/>\n<meta property=\"article:published_time\" content=\"2023-01-05T09:44:46+00:00\" \/>\n<meta property=\"article:modified_time\" content=\"2023-01-05T09:44:51+00:00\" \/>\n<meta property=\"og:image\" content=\"https:\/\/www.meydan.tv\/wp-content\/uploads\/untitled-design-2-72.jpg\" \/>\n\t<meta property=\"og:image:width\" content=\"1200\" \/>\n\t<meta property=\"og:image:height\" content=\"800\" \/>\n\t<meta property=\"og:image:type\" content=\"image\/jpeg\" \/>\n<meta name=\"author\" content=\"elli\" \/>\n<meta name=\"twitter:card\" content=\"summary_large_image\" \/>\n<meta name=\"twitter:creator\" content=\"@elli\" \/>\n<script type=\"application\/ld+json\" class=\"yoast-schema-graph\">{\"@context\":\"https:\\\/\\\/schema.org\",\"@graph\":[{\"@type\":\"Article\",\"@id\":\"https:\\\/\\\/www.meydan.tv\\\/az\\\/article\\\/anadolu-hospital-etrafinda-qalmaqal-mingecevir-sakinleri-pullarini-geri-isteyir\\\/#article\",\"isPartOf\":{\"@id\":\"https:\\\/\\\/www.meydan.tv\\\/az\\\/article\\\/anadolu-hospital-etrafinda-qalmaqal-mingecevir-sakinleri-pullarini-geri-isteyir\\\/\"},\"author\":{\"name\":\"elli\",\"@id\":\"https:\\\/\\\/www.meydan.tv\\\/az\\\/#\\\/schema\\\/person\\\/9cdbecf90d17180ce1dfbd95b08dcf47\"},\"headline\":\"\u201cAnadolu hospital\u201d \u0259traf\u0131nda qalmaqal: Ming\u0259\u00e7evir sakinl\u0259ri pullar\u0131n\u0131 geri ist\u0259yir\",\"datePublished\":\"2023-01-05T09:44:46+00:00\",\"dateModified\":\"2023-01-05T09:44:51+00:00\",\"mainEntityOfPage\":{\"@id\":\"https:\\\/\\\/www.meydan.tv\\\/az\\\/article\\\/anadolu-hospital-etrafinda-qalmaqal-mingecevir-sakinleri-pullarini-geri-isteyir\\\/\"},\"wordCount\":1519,\"publisher\":{\"@id\":\"https:\\\/\\\/www.meydan.tv\\\/az\\\/#organization\"},\"image\":{\"@id\":\"https:\\\/\\\/www.meydan.tv\\\/az\\\/article\\\/anadolu-hospital-etrafinda-qalmaqal-mingecevir-sakinleri-pullarini-geri-isteyir\\\/#primaryimage\"},\"thumbnailUrl\":\"https:\\\/\\\/www.meydan.tv\\\/wp-content\\\/uploads\\\/untitled-design-2-72.jpg\",\"articleSection\":[\"B\u00f6lg\u0259\",\"T\u00f6vsiy\u0259\",\"X\u0259b\u0259rl\u0259r\"],\"inLanguage\":\"az\"},{\"@type\":\"WebPage\",\"@id\":\"https:\\\/\\\/www.meydan.tv\\\/az\\\/article\\\/anadolu-hospital-etrafinda-qalmaqal-mingecevir-sakinleri-pullarini-geri-isteyir\\\/\",\"url\":\"https:\\\/\\\/www.meydan.tv\\\/az\\\/article\\\/anadolu-hospital-etrafinda-qalmaqal-mingecevir-sakinleri-pullarini-geri-isteyir\\\/\",\"name\":\"\u201cAnadolu hospital\u201d \u0259traf\u0131nda qalmaqal: Ming\u0259\u00e7evir sakinl\u0259ri pullar\u0131n\u0131 geri ist\u0259yir - MEYDAN.TV\",\"isPartOf\":{\"@id\":\"https:\\\/\\\/www.meydan.tv\\\/az\\\/#website\"},\"primaryImageOfPage\":{\"@id\":\"https:\\\/\\\/www.meydan.tv\\\/az\\\/article\\\/anadolu-hospital-etrafinda-qalmaqal-mingecevir-sakinleri-pullarini-geri-isteyir\\\/#primaryimage\"},\"image\":{\"@id\":\"https:\\\/\\\/www.meydan.tv\\\/az\\\/article\\\/anadolu-hospital-etrafinda-qalmaqal-mingecevir-sakinleri-pullarini-geri-isteyir\\\/#primaryimage\"},\"thumbnailUrl\":\"https:\\\/\\\/www.meydan.tv\\\/wp-content\\\/uploads\\\/untitled-design-2-72.jpg\",\"datePublished\":\"2023-01-05T09:44:46+00:00\",\"dateModified\":\"2023-01-05T09:44:51+00:00\",\"breadcrumb\":{\"@id\":\"https:\\\/\\\/www.meydan.tv\\\/az\\\/article\\\/anadolu-hospital-etrafinda-qalmaqal-mingecevir-sakinleri-pullarini-geri-isteyir\\\/#breadcrumb\"},\"inLanguage\":\"az\",\"potentialAction\":[{\"@type\":\"ReadAction\",\"target\":[\"https:\\\/\\\/www.meydan.tv\\\/az\\\/article\\\/anadolu-hospital-etrafinda-qalmaqal-mingecevir-sakinleri-pullarini-geri-isteyir\\\/\"]}]},{\"@type\":\"ImageObject\",\"inLanguage\":\"az\",\"@id\":\"https:\\\/\\\/www.meydan.tv\\\/az\\\/article\\\/anadolu-hospital-etrafinda-qalmaqal-mingecevir-sakinleri-pullarini-geri-isteyir\\\/#primaryimage\",\"url\":\"https:\\\/\\\/www.meydan.tv\\\/wp-content\\\/uploads\\\/untitled-design-2-72.jpg\",\"contentUrl\":\"https:\\\/\\\/www.meydan.tv\\\/wp-content\\\/uploads\\\/untitled-design-2-72.jpg\",\"width\":1200,\"height\":800,\"caption\":\"Foto: Klinikan\u0131n \u201c\u0130nstagram\u201d s\u0259hif\u0259si\"},{\"@type\":\"BreadcrumbList\",\"@id\":\"https:\\\/\\\/www.meydan.tv\\\/az\\\/article\\\/anadolu-hospital-etrafinda-qalmaqal-mingecevir-sakinleri-pullarini-geri-isteyir\\\/#breadcrumb\",\"itemListElement\":[{\"@type\":\"ListItem\",\"position\":1,\"name\":\"Ana s\u0259hif\u0259\",\"item\":\"https:\\\/\\\/www.meydan.tv\\\/az\\\/\"},{\"@type\":\"ListItem\",\"position\":2,\"name\":\"B\u00f6lg\u0259\",\"item\":\"https:\\\/\\\/www.meydan.tv\\\/az\\\/section\\\/bolge\\\/\"},{\"@type\":\"ListItem\",\"position\":3,\"name\":\"\u201cAnadolu hospital\u201d \u0259traf\u0131nda qalmaqal: Ming\u0259\u00e7evir sakinl\u0259ri pullar\u0131n\u0131 geri ist\u0259yir\"}]},{\"@type\":\"WebSite\",\"@id\":\"https:\\\/\\\/www.meydan.tv\\\/az\\\/#website\",\"url\":\"https:\\\/\\\/www.meydan.tv\\\/az\\\/\",\"name\":\"MEYDAN.TV\",\"description\":\"Meydan TV Az\u0259rbaycan\u0131n media m\u0259kan\u0131ndak\u0131 alternativ s\u0259sidir\",\"publisher\":{\"@id\":\"https:\\\/\\\/www.meydan.tv\\\/az\\\/#organization\"},\"potentialAction\":[{\"@type\":\"SearchAction\",\"target\":{\"@type\":\"EntryPoint\",\"urlTemplate\":\"https:\\\/\\\/www.meydan.tv\\\/az\\\/?s={search_term_string}\"},\"query-input\":{\"@type\":\"PropertyValueSpecification\",\"valueRequired\":true,\"valueName\":\"search_term_string\"}}],\"inLanguage\":\"az\"},{\"@type\":\"Organization\",\"@id\":\"https:\\\/\\\/www.meydan.tv\\\/az\\\/#organization\",\"name\":\"Meydan TV\",\"url\":\"https:\\\/\\\/www.meydan.tv\\\/az\\\/\",\"logo\":{\"@type\":\"ImageObject\",\"inLanguage\":\"az\",\"@id\":\"https:\\\/\\\/www.meydan.tv\\\/az\\\/#\\\/schema\\\/logo\\\/image\\\/\",\"url\":\"https:\\\/\\\/www.meydan.tv\\\/wp-content\\\/uploads\\\/2021\\\/07\\\/meydan-logo.svg\",\"contentUrl\":\"https:\\\/\\\/www.meydan.tv\\\/wp-content\\\/uploads\\\/2021\\\/07\\\/meydan-logo.svg\",\"width\":195,\"height\":46,\"caption\":\"Meydan TV\"},\"image\":{\"@id\":\"https:\\\/\\\/www.meydan.tv\\\/az\\\/#\\\/schema\\\/logo\\\/image\\\/\"}},{\"@type\":\"Person\",\"@id\":\"https:\\\/\\\/www.meydan.tv\\\/az\\\/#\\\/schema\\\/person\\\/9cdbecf90d17180ce1dfbd95b08dcf47\",\"name\":\"elli\",\"sameAs\":[\"https:\\\/\\\/x.com\\\/elli\"]}]}<\/script>\n<!-- \/ Yoast SEO plugin. -->","yoast_head_json":{"title":"\u201cAnadolu hospital\u201d \u0259traf\u0131nda qalmaqal: Ming\u0259\u00e7evir sakinl\u0259ri pullar\u0131n\u0131 geri ist\u0259yir - MEYDAN.TV","robots":{"index":"index","follow":"follow","max-snippet":"max-snippet:-1","max-image-preview":"max-image-preview:large","max-video-preview":"max-video-preview:-1"},"canonical":"https:\/\/www.meydan.tv\/az\/article\/anadolu-hospital-etrafinda-qalmaqal-mingecevir-sakinleri-pullarini-geri-isteyir\/","og_locale":"az_AZ","og_type":"article","og_title":"\u201cAnadolu hospital\u201d \u0259traf\u0131nda qalmaqal: Ming\u0259\u00e7evir sakinl\u0259ri pullar\u0131n\u0131 geri ist\u0259yir - MEYDAN.TV","og_description":"T\u0259r\u0259fl\u0259r g\u00fcnah\u0131 bir-birinin \u00fcz\u0259rin\u0259 at\u0131r \u201c\u015e\u0259h\u0259rd\u0259 m\u00fcxt\u0259lif \u00f6z\u0259l klinikalar f\u0259aliyy\u0259t ... Davam\u0131","og_url":"https:\/\/www.meydan.tv\/az\/article\/anadolu-hospital-etrafinda-qalmaqal-mingecevir-sakinleri-pullarini-geri-isteyir\/","og_site_name":"MEYDAN.TV","article_published_time":"2023-01-05T09:44:46+00:00","article_modified_time":"2023-01-05T09:44:51+00:00","og_image":[{"width":1200,"height":800,"url":"https:\/\/www.meydan.tv\/wp-content\/uploads\/untitled-design-2-72.jpg","type":"image\/jpeg"}],"author":"elli","twitter_card":"summary_large_image","twitter_creator":"@elli","schema":{"@context":"https:\/\/schema.org","@graph":[{"@type":"Article","@id":"https:\/\/www.meydan.tv\/az\/article\/anadolu-hospital-etrafinda-qalmaqal-mingecevir-sakinleri-pullarini-geri-isteyir\/#article","isPartOf":{"@id":"https:\/\/www.meydan.tv\/az\/article\/anadolu-hospital-etrafinda-qalmaqal-mingecevir-sakinleri-pullarini-geri-isteyir\/"},"author":{"name":"elli","@id":"https:\/\/www.meydan.tv\/az\/#\/schema\/person\/9cdbecf90d17180ce1dfbd95b08dcf47"},"headline":"\u201cAnadolu hospital\u201d \u0259traf\u0131nda qalmaqal: Ming\u0259\u00e7evir sakinl\u0259ri pullar\u0131n\u0131 geri ist\u0259yir","datePublished":"2023-01-05T09:44:46+00:00","dateModified":"2023-01-05T09:44:51+00:00","mainEntityOfPage":{"@id":"https:\/\/www.meydan.tv\/az\/article\/anadolu-hospital-etrafinda-qalmaqal-mingecevir-sakinleri-pullarini-geri-isteyir\/"},"wordCount":1519,"publisher":{"@id":"https:\/\/www.meydan.tv\/az\/#organization"},"image":{"@id":"https:\/\/www.meydan.tv\/az\/article\/anadolu-hospital-etrafinda-qalmaqal-mingecevir-sakinleri-pullarini-geri-isteyir\/#primaryimage"},"thumbnailUrl":"https:\/\/www.meydan.tv\/wp-content\/uploads\/untitled-design-2-72.jpg","articleSection":["B\u00f6lg\u0259","T\u00f6vsiy\u0259","X\u0259b\u0259rl\u0259r"],"inLanguage":"az"},{"@type":"WebPage","@id":"https:\/\/www.meydan.tv\/az\/article\/anadolu-hospital-etrafinda-qalmaqal-mingecevir-sakinleri-pullarini-geri-isteyir\/","url":"https:\/\/www.meydan.tv\/az\/article\/anadolu-hospital-etrafinda-qalmaqal-mingecevir-sakinleri-pullarini-geri-isteyir\/","name":"\u201cAnadolu hospital\u201d \u0259traf\u0131nda qalmaqal: Ming\u0259\u00e7evir sakinl\u0259ri pullar\u0131n\u0131 geri ist\u0259yir - MEYDAN.TV","isPartOf":{"@id":"https:\/\/www.meydan.tv\/az\/#website"},"primaryImageOfPage":{"@id":"https:\/\/www.meydan.tv\/az\/article\/anadolu-hospital-etrafinda-qalmaqal-mingecevir-sakinleri-pullarini-geri-isteyir\/#primaryimage"},"image":{"@id":"https:\/\/www.meydan.tv\/az\/article\/anadolu-hospital-etrafinda-qalmaqal-mingecevir-sakinleri-pullarini-geri-isteyir\/#primaryimage"},"thumbnailUrl":"https:\/\/www.meydan.tv\/wp-content\/uploads\/untitled-design-2-72.jpg","datePublished":"2023-01-05T09:44:46+00:00","dateModified":"2023-01-05T09:44:51+00:00","breadcrumb":{"@id":"https:\/\/www.meydan.tv\/az\/article\/anadolu-hospital-etrafinda-qalmaqal-mingecevir-sakinleri-pullarini-geri-isteyir\/#breadcrumb"},"inLanguage":"az","potentialAction":[{"@type":"ReadAction","target":["https:\/\/www.meydan.tv\/az\/article\/anadolu-hospital-etrafinda-qalmaqal-mingecevir-sakinleri-pullarini-geri-isteyir\/"]}]},{"@type":"ImageObject","inLanguage":"az","@id":"https:\/\/www.meydan.tv\/az\/article\/anadolu-hospital-etrafinda-qalmaqal-mingecevir-sakinleri-pullarini-geri-isteyir\/#primaryimage","url":"https:\/\/www.meydan.tv\/wp-content\/uploads\/untitled-design-2-72.jpg","contentUrl":"https:\/\/www.meydan.tv\/wp-content\/uploads\/untitled-design-2-72.jpg","width":1200,"height":800,"caption":"Foto: Klinikan\u0131n \u201c\u0130nstagram\u201d s\u0259hif\u0259si"},{"@type":"BreadcrumbList","@id":"https:\/\/www.meydan.tv\/az\/article\/anadolu-hospital-etrafinda-qalmaqal-mingecevir-sakinleri-pullarini-geri-isteyir\/#breadcrumb","itemListElement":[{"@type":"ListItem","position":1,"name":"Ana s\u0259hif\u0259","item":"https:\/\/www.meydan.tv\/az\/"},{"@type":"ListItem","position":2,"name":"B\u00f6lg\u0259","item":"https:\/\/www.meydan.tv\/az\/section\/bolge\/"},{"@type":"ListItem","position":3,"name":"\u201cAnadolu hospital\u201d \u0259traf\u0131nda qalmaqal: Ming\u0259\u00e7evir sakinl\u0259ri pullar\u0131n\u0131 geri ist\u0259yir"}]},{"@type":"WebSite","@id":"https:\/\/www.meydan.tv\/az\/#website","url":"https:\/\/www.meydan.tv\/az\/","name":"MEYDAN.TV","description":"Meydan TV Az\u0259rbaycan\u0131n media m\u0259kan\u0131ndak\u0131 alternativ s\u0259sidir","publisher":{"@id":"https:\/\/www.meydan.tv\/az\/#organization"},"potentialAction":[{"@type":"SearchAction","target":{"@type":"EntryPoint","urlTemplate":"https:\/\/www.meydan.tv\/az\/?s={search_term_string}"},"query-input":{"@type":"PropertyValueSpecification","valueRequired":true,"valueName":"search_term_string"}}],"inLanguage":"az"},{"@type":"Organization","@id":"https:\/\/www.meydan.tv\/az\/#organization","name":"Meydan TV","url":"https:\/\/www.meydan.tv\/az\/","logo":{"@type":"ImageObject","inLanguage":"az","@id":"https:\/\/www.meydan.tv\/az\/#\/schema\/logo\/image\/","url":"https:\/\/www.meydan.tv\/wp-content\/uploads\/2021\/07\/meydan-logo.svg","contentUrl":"https:\/\/www.meydan.tv\/wp-content\/uploads\/2021\/07\/meydan-logo.svg","width":195,"height":46,"caption":"Meydan TV"},"image":{"@id":"https:\/\/www.meydan.tv\/az\/#\/schema\/logo\/image\/"}},{"@type":"Person","@id":"https:\/\/www.meydan.tv\/az\/#\/schema\/person\/9cdbecf90d17180ce1dfbd95b08dcf47","name":"elli","sameAs":["https:\/\/x.com\/elli"]}]}},"_links":{"self":[{"href":"https:\/\/www.meydan.tv\/az\/wp-json\/wp\/v2\/posts\/265081","targetHints":{"allow":["GET"]}}],"collection":[{"href":"https:\/\/www.meydan.tv\/az\/wp-json\/wp\/v2\/posts"}],"about":[{"href":"https:\/\/www.meydan.tv\/az\/wp-json\/wp\/v2\/types\/post"}],"author":[{"embeddable":true,"href":"https:\/\/www.meydan.tv\/az\/wp-json\/wp\/v2\/users\/8"}],"replies":[{"embeddable":true,"href":"https:\/\/www.meydan.tv\/az\/wp-json\/wp\/v2\/comments?post=265081"}],"version-history":[{"count":1,"href":"https:\/\/www.meydan.tv\/az\/wp-json\/wp\/v2\/posts\/265081\/revisions"}],"predecessor-version":[{"id":265086,"href":"https:\/\/www.meydan.tv\/az\/wp-json\/wp\/v2\/posts\/265081\/revisions\/265086"}],"wp:featuredmedia":[{"embeddable":true,"href":"https:\/\/www.meydan.tv\/az\/wp-json\/wp\/v2\/media\/265083"}],"wp:attachment":[{"href":"https:\/\/www.meydan.tv\/az\/wp-json\/wp\/v2\/media?parent=265081"}],"wp:term":[{"taxonomy":"category","embeddable":true,"href":"https:\/\/www.meydan.tv\/az\/wp-json\/wp\/v2\/categories?post=265081"},{"taxonomy":"post_tag","embeddable":true,"href":"https:\/\/www.meydan.tv\/az\/wp-json\/wp\/v2\/tags?post=265081"}],"curies":[{"name":"wp","href":"https:\/\/api.w.org\/{rel}","templated":true}]}}