{"id":264969,"date":"2022-12-31T19:33:59","date_gmt":"2022-12-31T15:33:59","guid":{"rendered":"https:\/\/www.meydan.tv\/?p=264969"},"modified":"2022-12-31T19:34:01","modified_gmt":"2022-12-31T15:34:01","slug":"goygol-sakini-gunahsiz-adamin-dord-usagin-ahindan-qorxmurlar","status":"publish","type":"post","link":"https:\/\/www.meydan.tv\/az\/article\/goygol-sakini-gunahsiz-adamin-dord-usagin-ahindan-qorxmurlar\/","title":{"rendered":"G\u00f6yg\u00f6l sakini: \u201cG\u00fcnahs\u0131z adam\u0131n, d\u00f6rd u\u015fa\u011f\u0131n ah\u0131ndan qorxmurlar\u2026\u201d"},"content":{"rendered":"\n<p><\/p>\n\n\n\n<p><em>Qaratel \u018fhm\u0259dova h\u0259yat yolda\u015f\u0131n\u0131n m\u0259hk\u0259m\u0259sin\u0259 g\u0259l\u0259n \u015fahidl\u0259r\u0259 t\u0259zyiq g\u00f6st\u0259rildiyini deyir<\/em><\/p>\n\n\n\n<p>G\u00f6yg\u00f6l rayonunun \u00c7ayk\u0259nd k\u0259nd sakini Qaratel \u018fhm\u0259dova deyir ki, bir il \u00f6nc\u0259 h\u0259yat yolda\u015f\u0131na i\u015fg\u0259nc\u0259 ver\u0259nl\u0259r h\u0259l\u0259 d\u0259 \u0259l \u00e7\u0259kmirl\u0259r. Onun s\u00f6zl\u0259rin\u0259 g\u00f6r\u0259, indi d\u0259 \u015fahidl\u0259r\u0259 t\u0259zyiq g\u00f6st\u0259rirl\u0259r ki, g\u0259lib m\u0259hk\u0259m\u0259d\u0259 h\u0259qiq\u0259ti dan\u0131\u015fmas\u0131nlar.<\/p>\n\n\n\n<p><strong>\u201c\u0130f\u015fa olurlar dey\u0259, \u015fahidl\u0259r\u0259 t\u0259zyiq g\u00f6st\u0259rirl\u0259r\u201d<\/strong><\/p>\n\n\n\n<p>S\u00f6hb\u0259t 14 il fizika m\u00fc\u0259llimi i\u015fl\u0259mi\u015f, lakin 1 ildir h\u0259bsd\u0259 olan Elnur H\u00fcseynovla ba\u011fl\u0131 cinay\u0259t i\u015find\u0259n gedir. Vaxtil\u0259 A\u011fd\u0259r\u0259 rayonundan m\u0259cburi k\u00f6\u015fk\u00fcn d\u00fc\u015fm\u00fc\u015f v\u0259 G\u00f6yg\u00f6l\u00fcn \u00c7ayk\u0259nd k\u0259ndind\u0259 m\u0259skunla\u015fm\u0131\u015f Elnur H\u00fcseynov Qaratel \u018fhm\u0259dovan\u0131n h\u0259yat yolda\u015f\u0131d\u0131r. O, h\u0259yat yolda\u015f\u0131n\u0131n xalas\u0131 olan 53 ya\u015fl\u0131 S\u0259id\u0259 H\u00fcseynovan\u0131 q\u0259tl\u0259 yetirm\u0259kd\u0259 ittiham olunur. Haz\u0131rda \u015e\u0259ki A\u011f\u0131r Cinay\u0259tl\u0259r M\u0259hk\u0259m\u0259sind\u0259 m\u00fchakim\u0259 olunur.<\/p>\n\n\n\n<p>Qaratel \u018fhm\u0259dova is\u0259 deyir ki, h\u0259yat yolda\u015f\u0131n\u0131n onun xalas\u0131n\u0131n q\u0259tlin\u0259 he\u00e7 bir aidiyy\u0259ti yoxdur. Onun s\u00f6zl\u0259rin\u0259 g\u00f6r\u0259, m\u0259hk\u0259m\u0259 iclaslar\u0131 davam etdikc\u0259, onun t\u0259qsirsizliyi s\u00fcbut olunur:<\/p>\n\n\n\n<p>\u201cG\u00f6r\u00fcrl\u0259r ki, if\u015fa olurlar, ziddiyy\u0259tl\u0259r ortaya \u00e7\u0131x\u0131r, m\u0259hk\u0259m\u0259y\u0259 g\u0259l\u0259n \u015fahidl\u0259ri \u0259vv\u0259ld\u0259n prokurorlu\u011fa, polis\u0259 \u00e7a\u011f\u0131r\u0131b, t\u0259zyiq g\u00f6st\u0259rirl\u0259r. Bununla ba\u011fl\u0131 \u0259limizd\u0259 konkret s\u00fcbutlar var. Bel\u0259 biab\u0131r\u00e7\u0131l\u0131q olar?! D\u00f6rd k\u00f6rp\u0259-k\u00f6rp\u0259 u\u015faqla qalm\u0131\u015fam. G\u00fcnah\u0131 olsayd\u0131, m\u0259ni yand\u0131rmazd\u0131. Dey\u0259rdim ki, cinay\u0259t t\u00f6r\u0259dib, xalam\u0131 \u00f6ld\u00fcr\u00fcb, c\u0259zas\u0131n\u0131 \u00e7\u0259ksin. El\u0259 deyil ax\u0131&#8230;\u201d.<\/p>\n\n\n\n<p><strong>\u201cN\u0259 z\u00fclml\u0259r verib, bir Allah bilir\u201d<\/strong><\/p>\n\n\n\n<p>\u00d6l\u00fcm hadis\u0259si 2021-ci ilin aprelind\u0259 Yevlax rayonunun A\u015fa\u011f\u0131 Bucaq k\u0259ndind\u0259 ba\u015f verib. K\u0259ndd\u0259 ev\u0259 biti\u015fik c\u00fcc\u0259 sexi yan\u0131b, oradan 1968-ci il t\u0259v\u0259ll\u00fcdl\u00fc S\u0259id\u0259 H\u00fcseynovaya m\u0259xsus meyit tap\u0131l\u0131b.<\/p>\n\n\n\n<p>\u0130lkin istintaq d\u00f6vr\u00fcnd\u0259 h\u00fcquq-m\u00fchafiz\u0259 orqanlar\u0131 hadis\u0259nin texniki s\u0259b\u0259bd\u0259n ba\u015f verdiyi q\u0259na\u0259tin\u0259 g\u0259lib, Cinay\u0259t M\u0259c\u0259ll\u0259sinin 314-c\u00fc (s\u0259hl\u0259nkarl\u0131q) madd\u0259sil\u0259 cinay\u0259t i\u015fi ba\u015flan\u0131b, bu istiqam\u0259td\u0259 dindirm\u0259l\u0259r apar\u0131l\u0131b.<br>8 ay sonra \u2013 2021-ci ilin dekabr\u0131nda Ba\u015f Prokurorluq v\u0259 Daxili \u0130\u015fl\u0259r Nazirliyi S\u0259id\u0259 H\u00fcseynovan\u0131n bac\u0131s\u0131 q\u0131z\u0131n\u0131n h\u0259yat yolda\u015f\u0131 t\u0259r\u0259find\u0259n q\u0259tl\u0259 yetirilm\u0259si bar\u0259d\u0259 m\u0259lumat yay\u0131b. Qaratel \u018fhm\u0259dova buna g\u00f6r\u0259 h\u0259m d\u0259 \u00f6z anas\u0131gili g\u00fcnahland\u0131r\u0131r. <\/p>\n\n\n\n<p>Onun s\u00f6zl\u0259rin\u0259 g\u00f6r\u0259, anas\u0131gil h\u0259yat yolda\u015f\u0131ndan qisas almaq \u00fc\u00e7\u00fcn ondan \u015fikay\u0259t\u00e7i olublar. Elnur H\u00fcseynovun bundan \u00f6nc\u0259 o\u011furlu\u011fa g\u00f6r\u0259 ittiham olunmas\u0131 is\u0259 onlar\u0131n \u0259lin\u0259 \u0259lav\u0259 b\u0259han\u0259 verib: <\/p>\n\n\n\n<p>\u201cYolda\u015f\u0131ma ke\u00e7\u0259n il dekabr\u0131n 8-d\u0259n 15-n\u0259 q\u0259d\u0259r o q\u0259d\u0259r i\u015fg\u0259nc\u0259 veribl\u0259r, G\u0259nc\u0259d\u0259ki istintaq t\u0259cridxanas\u0131na aparanda g\u0259z\u0259 bilmirdi. A\u011fz\u0131n\u0131 sko\u00e7lay\u0131b, \u0259ll\u0259rini qandallay\u0131b d\u00f6y\u00fcbl\u0259r, ayaqlar\u0131ndan as\u0131blar. Yevlax polisind\u0259 r\u0259is m\u00fcavini vard\u0131, \u015eahlar C\u0259f\u0259rov, o, n\u0259 z\u00fclml\u0259r verib Elnura, bir Allah bilir. Saxta s\u00fcbutlarla i\u015fi qoyublar boynuna. \u0130ndi m\u0259hk\u0259m\u0259d\u0259 ham\u0131s\u0131 bir-bir if\u015fa olunur. Bu s\u0259b\u0259bd\u0259n \u0259l at\u0131blar \u015fahidl\u0259r\u0259 t\u0259zyiq g\u00f6st\u0259rm\u0259y\u0259. M\u0259hk\u0259m\u0259y\u0259 g\u0259l\u0259c\u0259k \u015fahidl\u0259rin siyah\u0131s\u0131n\u0131 prokurorluq t\u0259qdim edir dey\u0259, \u0259vv\u0259ld\u0259n onlarda olur. Ona g\u00f6r\u0259 \u0259vv\u0259ld\u0259n \u00e7a\u011f\u0131r\u0131b h\u0259d\u0259l\u0259yirl\u0259r. G\u00fcnahs\u0131z adam\u0131n, d\u00f6rd u\u015fa\u011f\u0131n ah\u0131ndan qorxmurlar, tez-gez onlar\u0131 tutacaq&#8230;\u201d.<\/p>\n\n\n\n<p>Qaratel \u018fhm\u0259dova deyir ki, Elnur H\u00fcseynova o zaman Yevlax Rayon Polis \u015e\u00f6b\u0259sinin r\u0259is m\u00fcavini olan \u015eahlar C\u0259f\u0259rovun r\u0259hb\u0259rliyi alt\u0131nda d\u00f6z\u00fclm\u0259z i\u015fg\u0259nc\u0259l\u0259r verilib.<\/p>\n\n\n\n<p>Yevlax Rayon Prokurorlu\u011fundan Meydan TV-y\u0259 bildirilib ki, m\u0259hk\u0259m\u0259y\u0259 \u00e7a\u011f\u0131r\u0131lan \u015fahidl\u0259rin onlara aidiyy\u0259ti yoxdur v\u0259 he\u00e7 kim\u0259 t\u0259sir g\u00f6st\u0259rm\u0259yibl\u0259r.<\/p>\n\n\n\n<p>Daxili \u0130\u015fl\u0259r Nazirliyi d\u0259 i\u015fg\u0259nc\u0259 iddialar\u0131n\u0131 t\u0259kzib edib.<\/p>\n","protected":false},"excerpt":{"rendered":"<p>Qaratel \u018fhm\u0259dova h\u0259yat yolda\u015f\u0131n\u0131n m\u0259hk\u0259m\u0259sin\u0259 g\u0259l\u0259n \u015fahidl\u0259r\u0259 t\u0259zyiq g\u00f6st\u0259rildiyini deyir &#8230; <\/p>\n<p class=\"read-more-container\"><a title=\"G\u00f6yg\u00f6l sakini: \u201cG\u00fcnahs\u0131z adam\u0131n, d\u00f6rd u\u015fa\u011f\u0131n ah\u0131ndan qorxmurlar\u2026\u201d\" class=\"read-more button\" href=\"https:\/\/www.meydan.tv\/az\/article\/goygol-sakini-gunahsiz-adamin-dord-usagin-ahindan-qorxmurlar\/#more-264969\" aria-label=\"Read more about G\u00f6yg\u00f6l sakini: \u201cG\u00fcnahs\u0131z adam\u0131n, d\u00f6rd u\u015fa\u011f\u0131n ah\u0131ndan qorxmurlar\u2026\u201d\">Davam\u0131<\/a><\/p>\n","protected":false},"author":8,"featured_media":264966,"comment_status":"closed","ping_status":"closed","sticky":false,"template":"","format":"standard","meta":{"_acf_changed":false,"_sitemap_exclude":false,"_sitemap_priority":"","_sitemap_frequency":"","footnotes":""},"categories":[60,56],"tags":[],"class_list":["post-264969","post","type-post","status-publish","format-standard","has-post-thumbnail","hentry","category-bolge","category-xeberler","infinite-scroll-item","generate-columns","tablet-grid-50","mobile-grid-100","grid-parent","grid-33","no-featured-image-padding"],"acf":[],"yoast_head":"<!-- This site is optimized with the Yoast SEO plugin v27.5 - https:\/\/yoast.com\/product\/yoast-seo-wordpress\/ -->\n<title>G\u00f6yg\u00f6l sakini: \u201cG\u00fcnahs\u0131z adam\u0131n, d\u00f6rd u\u015fa\u011f\u0131n ah\u0131ndan qorxmurlar\u2026\u201d - MEYDAN.TV<\/title>\n<meta name=\"robots\" content=\"index, follow, max-snippet:-1, max-image-preview:large, max-video-preview:-1\" \/>\n<link rel=\"canonical\" href=\"https:\/\/www.meydan.tv\/az\/article\/goygol-sakini-gunahsiz-adamin-dord-usagin-ahindan-qorxmurlar\/\" \/>\n<meta property=\"og:locale\" content=\"az_AZ\" \/>\n<meta property=\"og:type\" content=\"article\" \/>\n<meta property=\"og:title\" content=\"G\u00f6yg\u00f6l sakini: \u201cG\u00fcnahs\u0131z adam\u0131n, d\u00f6rd u\u015fa\u011f\u0131n ah\u0131ndan qorxmurlar\u2026\u201d - MEYDAN.TV\" \/>\n<meta property=\"og:description\" content=\"Qaratel \u018fhm\u0259dova h\u0259yat yolda\u015f\u0131n\u0131n m\u0259hk\u0259m\u0259sin\u0259 g\u0259l\u0259n \u015fahidl\u0259r\u0259 t\u0259zyiq g\u00f6st\u0259rildiyini deyir ... Davam\u0131\" \/>\n<meta property=\"og:url\" content=\"https:\/\/www.meydan.tv\/az\/article\/goygol-sakini-gunahsiz-adamin-dord-usagin-ahindan-qorxmurlar\/\" \/>\n<meta property=\"og:site_name\" content=\"MEYDAN.TV\" \/>\n<meta property=\"article:published_time\" content=\"2022-12-31T15:33:59+00:00\" \/>\n<meta property=\"article:modified_time\" content=\"2022-12-31T15:34:01+00:00\" \/>\n<meta property=\"og:image\" content=\"https:\/\/www.meydan.tv\/wp-content\/uploads\/photo-2022-12-31-15-23-25.jpg\" \/>\n\t<meta property=\"og:image:width\" content=\"1523\" \/>\n\t<meta property=\"og:image:height\" content=\"617\" \/>\n\t<meta property=\"og:image:type\" content=\"image\/jpeg\" \/>\n<meta name=\"author\" content=\"elli\" \/>\n<meta name=\"twitter:card\" content=\"summary_large_image\" \/>\n<meta name=\"twitter:creator\" content=\"@elli\" \/>\n<script type=\"application\/ld+json\" class=\"yoast-schema-graph\">{\"@context\":\"https:\\\/\\\/schema.org\",\"@graph\":[{\"@type\":\"Article\",\"@id\":\"https:\\\/\\\/www.meydan.tv\\\/az\\\/article\\\/goygol-sakini-gunahsiz-adamin-dord-usagin-ahindan-qorxmurlar\\\/#article\",\"isPartOf\":{\"@id\":\"https:\\\/\\\/www.meydan.tv\\\/az\\\/article\\\/goygol-sakini-gunahsiz-adamin-dord-usagin-ahindan-qorxmurlar\\\/\"},\"author\":{\"name\":\"elli\",\"@id\":\"https:\\\/\\\/www.meydan.tv\\\/az\\\/#\\\/schema\\\/person\\\/9cdbecf90d17180ce1dfbd95b08dcf47\"},\"headline\":\"G\u00f6yg\u00f6l sakini: \u201cG\u00fcnahs\u0131z adam\u0131n, d\u00f6rd u\u015fa\u011f\u0131n ah\u0131ndan qorxmurlar\u2026\u201d\",\"datePublished\":\"2022-12-31T15:33:59+00:00\",\"dateModified\":\"2022-12-31T15:34:01+00:00\",\"mainEntityOfPage\":{\"@id\":\"https:\\\/\\\/www.meydan.tv\\\/az\\\/article\\\/goygol-sakini-gunahsiz-adamin-dord-usagin-ahindan-qorxmurlar\\\/\"},\"wordCount\":782,\"publisher\":{\"@id\":\"https:\\\/\\\/www.meydan.tv\\\/az\\\/#organization\"},\"image\":{\"@id\":\"https:\\\/\\\/www.meydan.tv\\\/az\\\/article\\\/goygol-sakini-gunahsiz-adamin-dord-usagin-ahindan-qorxmurlar\\\/#primaryimage\"},\"thumbnailUrl\":\"https:\\\/\\\/www.meydan.tv\\\/wp-content\\\/uploads\\\/photo-2022-12-31-15-23-25.jpg\",\"articleSection\":[\"B\u00f6lg\u0259\",\"X\u0259b\u0259rl\u0259r\"],\"inLanguage\":\"az\"},{\"@type\":\"WebPage\",\"@id\":\"https:\\\/\\\/www.meydan.tv\\\/az\\\/article\\\/goygol-sakini-gunahsiz-adamin-dord-usagin-ahindan-qorxmurlar\\\/\",\"url\":\"https:\\\/\\\/www.meydan.tv\\\/az\\\/article\\\/goygol-sakini-gunahsiz-adamin-dord-usagin-ahindan-qorxmurlar\\\/\",\"name\":\"G\u00f6yg\u00f6l sakini: \u201cG\u00fcnahs\u0131z adam\u0131n, d\u00f6rd u\u015fa\u011f\u0131n ah\u0131ndan qorxmurlar\u2026\u201d - MEYDAN.TV\",\"isPartOf\":{\"@id\":\"https:\\\/\\\/www.meydan.tv\\\/az\\\/#website\"},\"primaryImageOfPage\":{\"@id\":\"https:\\\/\\\/www.meydan.tv\\\/az\\\/article\\\/goygol-sakini-gunahsiz-adamin-dord-usagin-ahindan-qorxmurlar\\\/#primaryimage\"},\"image\":{\"@id\":\"https:\\\/\\\/www.meydan.tv\\\/az\\\/article\\\/goygol-sakini-gunahsiz-adamin-dord-usagin-ahindan-qorxmurlar\\\/#primaryimage\"},\"thumbnailUrl\":\"https:\\\/\\\/www.meydan.tv\\\/wp-content\\\/uploads\\\/photo-2022-12-31-15-23-25.jpg\",\"datePublished\":\"2022-12-31T15:33:59+00:00\",\"dateModified\":\"2022-12-31T15:34:01+00:00\",\"breadcrumb\":{\"@id\":\"https:\\\/\\\/www.meydan.tv\\\/az\\\/article\\\/goygol-sakini-gunahsiz-adamin-dord-usagin-ahindan-qorxmurlar\\\/#breadcrumb\"},\"inLanguage\":\"az\",\"potentialAction\":[{\"@type\":\"ReadAction\",\"target\":[\"https:\\\/\\\/www.meydan.tv\\\/az\\\/article\\\/goygol-sakini-gunahsiz-adamin-dord-usagin-ahindan-qorxmurlar\\\/\"]}]},{\"@type\":\"ImageObject\",\"inLanguage\":\"az\",\"@id\":\"https:\\\/\\\/www.meydan.tv\\\/az\\\/article\\\/goygol-sakini-gunahsiz-adamin-dord-usagin-ahindan-qorxmurlar\\\/#primaryimage\",\"url\":\"https:\\\/\\\/www.meydan.tv\\\/wp-content\\\/uploads\\\/photo-2022-12-31-15-23-25.jpg\",\"contentUrl\":\"https:\\\/\\\/www.meydan.tv\\\/wp-content\\\/uploads\\\/photo-2022-12-31-15-23-25.jpg\",\"width\":1523,\"height\":617,\"caption\":\"Qaratel \u018fhm\u0259dova. Foto: Meydan TV\"},{\"@type\":\"BreadcrumbList\",\"@id\":\"https:\\\/\\\/www.meydan.tv\\\/az\\\/article\\\/goygol-sakini-gunahsiz-adamin-dord-usagin-ahindan-qorxmurlar\\\/#breadcrumb\",\"itemListElement\":[{\"@type\":\"ListItem\",\"position\":1,\"name\":\"Ana s\u0259hif\u0259\",\"item\":\"https:\\\/\\\/www.meydan.tv\\\/az\\\/\"},{\"@type\":\"ListItem\",\"position\":2,\"name\":\"B\u00f6lg\u0259\",\"item\":\"https:\\\/\\\/www.meydan.tv\\\/az\\\/section\\\/bolge\\\/\"},{\"@type\":\"ListItem\",\"position\":3,\"name\":\"G\u00f6yg\u00f6l sakini: \u201cG\u00fcnahs\u0131z adam\u0131n, d\u00f6rd u\u015fa\u011f\u0131n ah\u0131ndan qorxmurlar\u2026\u201d\"}]},{\"@type\":\"WebSite\",\"@id\":\"https:\\\/\\\/www.meydan.tv\\\/az\\\/#website\",\"url\":\"https:\\\/\\\/www.meydan.tv\\\/az\\\/\",\"name\":\"MEYDAN.TV\",\"description\":\"Meydan TV Az\u0259rbaycan\u0131n media m\u0259kan\u0131ndak\u0131 alternativ s\u0259sidir\",\"publisher\":{\"@id\":\"https:\\\/\\\/www.meydan.tv\\\/az\\\/#organization\"},\"potentialAction\":[{\"@type\":\"SearchAction\",\"target\":{\"@type\":\"EntryPoint\",\"urlTemplate\":\"https:\\\/\\\/www.meydan.tv\\\/az\\\/?s={search_term_string}\"},\"query-input\":{\"@type\":\"PropertyValueSpecification\",\"valueRequired\":true,\"valueName\":\"search_term_string\"}}],\"inLanguage\":\"az\"},{\"@type\":\"Organization\",\"@id\":\"https:\\\/\\\/www.meydan.tv\\\/az\\\/#organization\",\"name\":\"Meydan TV\",\"url\":\"https:\\\/\\\/www.meydan.tv\\\/az\\\/\",\"logo\":{\"@type\":\"ImageObject\",\"inLanguage\":\"az\",\"@id\":\"https:\\\/\\\/www.meydan.tv\\\/az\\\/#\\\/schema\\\/logo\\\/image\\\/\",\"url\":\"https:\\\/\\\/www.meydan.tv\\\/wp-content\\\/uploads\\\/2021\\\/07\\\/meydan-logo.svg\",\"contentUrl\":\"https:\\\/\\\/www.meydan.tv\\\/wp-content\\\/uploads\\\/2021\\\/07\\\/meydan-logo.svg\",\"width\":195,\"height\":46,\"caption\":\"Meydan TV\"},\"image\":{\"@id\":\"https:\\\/\\\/www.meydan.tv\\\/az\\\/#\\\/schema\\\/logo\\\/image\\\/\"}},{\"@type\":\"Person\",\"@id\":\"https:\\\/\\\/www.meydan.tv\\\/az\\\/#\\\/schema\\\/person\\\/9cdbecf90d17180ce1dfbd95b08dcf47\",\"name\":\"elli\",\"sameAs\":[\"https:\\\/\\\/x.com\\\/elli\"]}]}<\/script>\n<!-- \/ Yoast SEO plugin. -->","yoast_head_json":{"title":"G\u00f6yg\u00f6l sakini: \u201cG\u00fcnahs\u0131z adam\u0131n, d\u00f6rd u\u015fa\u011f\u0131n ah\u0131ndan qorxmurlar\u2026\u201d - MEYDAN.TV","robots":{"index":"index","follow":"follow","max-snippet":"max-snippet:-1","max-image-preview":"max-image-preview:large","max-video-preview":"max-video-preview:-1"},"canonical":"https:\/\/www.meydan.tv\/az\/article\/goygol-sakini-gunahsiz-adamin-dord-usagin-ahindan-qorxmurlar\/","og_locale":"az_AZ","og_type":"article","og_title":"G\u00f6yg\u00f6l sakini: \u201cG\u00fcnahs\u0131z adam\u0131n, d\u00f6rd u\u015fa\u011f\u0131n ah\u0131ndan qorxmurlar\u2026\u201d - MEYDAN.TV","og_description":"Qaratel \u018fhm\u0259dova h\u0259yat yolda\u015f\u0131n\u0131n m\u0259hk\u0259m\u0259sin\u0259 g\u0259l\u0259n \u015fahidl\u0259r\u0259 t\u0259zyiq g\u00f6st\u0259rildiyini deyir ... Davam\u0131","og_url":"https:\/\/www.meydan.tv\/az\/article\/goygol-sakini-gunahsiz-adamin-dord-usagin-ahindan-qorxmurlar\/","og_site_name":"MEYDAN.TV","article_published_time":"2022-12-31T15:33:59+00:00","article_modified_time":"2022-12-31T15:34:01+00:00","og_image":[{"width":1523,"height":617,"url":"https:\/\/www.meydan.tv\/wp-content\/uploads\/photo-2022-12-31-15-23-25.jpg","type":"image\/jpeg"}],"author":"elli","twitter_card":"summary_large_image","twitter_creator":"@elli","schema":{"@context":"https:\/\/schema.org","@graph":[{"@type":"Article","@id":"https:\/\/www.meydan.tv\/az\/article\/goygol-sakini-gunahsiz-adamin-dord-usagin-ahindan-qorxmurlar\/#article","isPartOf":{"@id":"https:\/\/www.meydan.tv\/az\/article\/goygol-sakini-gunahsiz-adamin-dord-usagin-ahindan-qorxmurlar\/"},"author":{"name":"elli","@id":"https:\/\/www.meydan.tv\/az\/#\/schema\/person\/9cdbecf90d17180ce1dfbd95b08dcf47"},"headline":"G\u00f6yg\u00f6l sakini: \u201cG\u00fcnahs\u0131z adam\u0131n, d\u00f6rd u\u015fa\u011f\u0131n ah\u0131ndan qorxmurlar\u2026\u201d","datePublished":"2022-12-31T15:33:59+00:00","dateModified":"2022-12-31T15:34:01+00:00","mainEntityOfPage":{"@id":"https:\/\/www.meydan.tv\/az\/article\/goygol-sakini-gunahsiz-adamin-dord-usagin-ahindan-qorxmurlar\/"},"wordCount":782,"publisher":{"@id":"https:\/\/www.meydan.tv\/az\/#organization"},"image":{"@id":"https:\/\/www.meydan.tv\/az\/article\/goygol-sakini-gunahsiz-adamin-dord-usagin-ahindan-qorxmurlar\/#primaryimage"},"thumbnailUrl":"https:\/\/www.meydan.tv\/wp-content\/uploads\/photo-2022-12-31-15-23-25.jpg","articleSection":["B\u00f6lg\u0259","X\u0259b\u0259rl\u0259r"],"inLanguage":"az"},{"@type":"WebPage","@id":"https:\/\/www.meydan.tv\/az\/article\/goygol-sakini-gunahsiz-adamin-dord-usagin-ahindan-qorxmurlar\/","url":"https:\/\/www.meydan.tv\/az\/article\/goygol-sakini-gunahsiz-adamin-dord-usagin-ahindan-qorxmurlar\/","name":"G\u00f6yg\u00f6l sakini: \u201cG\u00fcnahs\u0131z adam\u0131n, d\u00f6rd u\u015fa\u011f\u0131n ah\u0131ndan qorxmurlar\u2026\u201d - MEYDAN.TV","isPartOf":{"@id":"https:\/\/www.meydan.tv\/az\/#website"},"primaryImageOfPage":{"@id":"https:\/\/www.meydan.tv\/az\/article\/goygol-sakini-gunahsiz-adamin-dord-usagin-ahindan-qorxmurlar\/#primaryimage"},"image":{"@id":"https:\/\/www.meydan.tv\/az\/article\/goygol-sakini-gunahsiz-adamin-dord-usagin-ahindan-qorxmurlar\/#primaryimage"},"thumbnailUrl":"https:\/\/www.meydan.tv\/wp-content\/uploads\/photo-2022-12-31-15-23-25.jpg","datePublished":"2022-12-31T15:33:59+00:00","dateModified":"2022-12-31T15:34:01+00:00","breadcrumb":{"@id":"https:\/\/www.meydan.tv\/az\/article\/goygol-sakini-gunahsiz-adamin-dord-usagin-ahindan-qorxmurlar\/#breadcrumb"},"inLanguage":"az","potentialAction":[{"@type":"ReadAction","target":["https:\/\/www.meydan.tv\/az\/article\/goygol-sakini-gunahsiz-adamin-dord-usagin-ahindan-qorxmurlar\/"]}]},{"@type":"ImageObject","inLanguage":"az","@id":"https:\/\/www.meydan.tv\/az\/article\/goygol-sakini-gunahsiz-adamin-dord-usagin-ahindan-qorxmurlar\/#primaryimage","url":"https:\/\/www.meydan.tv\/wp-content\/uploads\/photo-2022-12-31-15-23-25.jpg","contentUrl":"https:\/\/www.meydan.tv\/wp-content\/uploads\/photo-2022-12-31-15-23-25.jpg","width":1523,"height":617,"caption":"Qaratel \u018fhm\u0259dova. Foto: Meydan TV"},{"@type":"BreadcrumbList","@id":"https:\/\/www.meydan.tv\/az\/article\/goygol-sakini-gunahsiz-adamin-dord-usagin-ahindan-qorxmurlar\/#breadcrumb","itemListElement":[{"@type":"ListItem","position":1,"name":"Ana s\u0259hif\u0259","item":"https:\/\/www.meydan.tv\/az\/"},{"@type":"ListItem","position":2,"name":"B\u00f6lg\u0259","item":"https:\/\/www.meydan.tv\/az\/section\/bolge\/"},{"@type":"ListItem","position":3,"name":"G\u00f6yg\u00f6l sakini: \u201cG\u00fcnahs\u0131z adam\u0131n, d\u00f6rd u\u015fa\u011f\u0131n ah\u0131ndan qorxmurlar\u2026\u201d"}]},{"@type":"WebSite","@id":"https:\/\/www.meydan.tv\/az\/#website","url":"https:\/\/www.meydan.tv\/az\/","name":"MEYDAN.TV","description":"Meydan TV Az\u0259rbaycan\u0131n media m\u0259kan\u0131ndak\u0131 alternativ s\u0259sidir","publisher":{"@id":"https:\/\/www.meydan.tv\/az\/#organization"},"potentialAction":[{"@type":"SearchAction","target":{"@type":"EntryPoint","urlTemplate":"https:\/\/www.meydan.tv\/az\/?s={search_term_string}"},"query-input":{"@type":"PropertyValueSpecification","valueRequired":true,"valueName":"search_term_string"}}],"inLanguage":"az"},{"@type":"Organization","@id":"https:\/\/www.meydan.tv\/az\/#organization","name":"Meydan TV","url":"https:\/\/www.meydan.tv\/az\/","logo":{"@type":"ImageObject","inLanguage":"az","@id":"https:\/\/www.meydan.tv\/az\/#\/schema\/logo\/image\/","url":"https:\/\/www.meydan.tv\/wp-content\/uploads\/2021\/07\/meydan-logo.svg","contentUrl":"https:\/\/www.meydan.tv\/wp-content\/uploads\/2021\/07\/meydan-logo.svg","width":195,"height":46,"caption":"Meydan TV"},"image":{"@id":"https:\/\/www.meydan.tv\/az\/#\/schema\/logo\/image\/"}},{"@type":"Person","@id":"https:\/\/www.meydan.tv\/az\/#\/schema\/person\/9cdbecf90d17180ce1dfbd95b08dcf47","name":"elli","sameAs":["https:\/\/x.com\/elli"]}]}},"_links":{"self":[{"href":"https:\/\/www.meydan.tv\/az\/wp-json\/wp\/v2\/posts\/264969","targetHints":{"allow":["GET"]}}],"collection":[{"href":"https:\/\/www.meydan.tv\/az\/wp-json\/wp\/v2\/posts"}],"about":[{"href":"https:\/\/www.meydan.tv\/az\/wp-json\/wp\/v2\/types\/post"}],"author":[{"embeddable":true,"href":"https:\/\/www.meydan.tv\/az\/wp-json\/wp\/v2\/users\/8"}],"replies":[{"embeddable":true,"href":"https:\/\/www.meydan.tv\/az\/wp-json\/wp\/v2\/comments?post=264969"}],"version-history":[{"count":1,"href":"https:\/\/www.meydan.tv\/az\/wp-json\/wp\/v2\/posts\/264969\/revisions"}],"predecessor-version":[{"id":264970,"href":"https:\/\/www.meydan.tv\/az\/wp-json\/wp\/v2\/posts\/264969\/revisions\/264970"}],"wp:featuredmedia":[{"embeddable":true,"href":"https:\/\/www.meydan.tv\/az\/wp-json\/wp\/v2\/media\/264966"}],"wp:attachment":[{"href":"https:\/\/www.meydan.tv\/az\/wp-json\/wp\/v2\/media?parent=264969"}],"wp:term":[{"taxonomy":"category","embeddable":true,"href":"https:\/\/www.meydan.tv\/az\/wp-json\/wp\/v2\/categories?post=264969"},{"taxonomy":"post_tag","embeddable":true,"href":"https:\/\/www.meydan.tv\/az\/wp-json\/wp\/v2\/tags?post=264969"}],"curies":[{"name":"wp","href":"https:\/\/api.w.org\/{rel}","templated":true}]}}