{"id":264959,"date":"2022-12-30T22:41:22","date_gmt":"2022-12-30T18:41:22","guid":{"rendered":"https:\/\/www.meydan.tv\/?p=264959"},"modified":"2022-12-30T22:55:49","modified_gmt":"2022-12-30T18:55:49","slug":"yeriyende-zibil-ayaga-dolasir-itler-de-bir-terefden-dusur-adamin-ustune","status":"publish","type":"post","link":"https:\/\/www.meydan.tv\/az\/article\/yeriyende-zibil-ayaga-dolasir-itler-de-bir-terefden-dusur-adamin-ustune\/","title":{"rendered":"\u201cYeriy\u0259nd\u0259 zibil aya\u011fa dola\u015f\u0131r, itl\u0259r d\u0259 bir t\u0259r\u0259fd\u0259n d\u00fc\u015f\u00fcr adam\u0131n \u00fcst\u00fcn\u0259&#8230;\u201d"},"content":{"rendered":"\n<p><\/p>\n\n\n\n<p><em>Bir ay \u0259vv\u0259l abadla\u015fd\u0131r\u0131lmas\u0131na 2.7 milyon v\u0259sait ayr\u0131lan G\u0259nc\u0259nin sakinl\u0259ri naraz\u0131d\u0131r&#8230;<\/em><\/p>\n\n\n\n<p>G\u0259nc\u0259 sakinl\u0259ri b\u00fcdc\u0259d\u0259n \u015f\u0259h\u0259rin abadla\u015fd\u0131r\u0131lmas\u0131 \u00fc\u00e7\u00fcn ayr\u0131lan v\u0259saitin t\u0259yinat\u0131 \u00fczr\u0259 x\u0259rcl\u0259nm\u0259diyini iddia edir. Onlar x\u00fcsus\u0259n \u015f\u0259h\u0259rin m\u00fc\u0259yy\u0259n hiss\u0259l\u0259rind\u0259 zibill\u0259rin da\u015f\u0131nmamas\u0131, k\u00fc\u00e7\u0259l\u0259rin i\u015f\u0131qland\u0131r\u0131lmamas\u0131ndan, yollar\u0131n b\u0259rbad v\u0259ziyy\u0259td\u0259 olmas\u0131ndan naraz\u0131l\u0131q edirl\u0259r. Deyirl\u0259r ki, bu bar\u0259d\u0259 b\u0259l\u0259diyy\u0259d\u0259n tutmu\u015f, G\u0259nc\u0259 \u015e\u0259h\u0259r \u0130cra Hakimiyy\u0259tin\u0259 q\u0259d\u0259r m\u00fcxt\u0259lif qurumlara \u015fikay\u0259t edibl\u0259r. Lakin probleml\u0259r h\u0259llini tapm\u0131r.<\/p>\n\n\n\n<p><strong>\u201cBa\u015fdan-aya\u011fa antisanitariyad\u0131r\u201d<\/strong><\/p>\n\n\n\n<p>Solmaz M\u0259mm\u0259dova deyir ki, G\u0259nc\u0259 \u015f\u0259h\u0259ri Az\u0259rbaycan k\u00fc\u00e7\u0259sind\u0259 yollar\u0131n k\u0259nar\u0131na t\u00f6k\u00fclm\u00fc\u015f zibill\u0259r \u0259trafa \u00fcfun\u0259t yay\u0131r:<\/p>\n\n\n\n<p>\u201cH\u0259r yer\u0259 m\u00fcraci\u0259t olunub ki, buralara zibil qab\u0131lar\u0131 qoyun, adamlar zibill\u0259ri ats\u0131n. Ba\u015fdan-aya\u011fa antisanitariyad\u0131r. \u0130\u015f\u0131qland\u0131rma da yoxdur dey\u0259, ax\u015famlar g\u00f6z-g\u00f6z\u00fc g\u00f6rm\u00fcr, yeriy\u0259nd\u0259 zibil aya\u011fa dola\u015f\u0131r. K\u00fc\u00e7\u0259nin sa\u011f\u0131 da, solu da zibillikdir\u201d.<\/p>\n\n\n\n<p>G\u0259nc\u0259 sakininin s\u00f6zl\u0259rin\u0259 g\u00f6r\u0259, i\u015f\u0131qland\u0131rma olmad\u0131\u011f\u0131na g\u00f6r\u0259 h\u0259min \u0259razid\u0259 o\u011furluq hallar\u0131n\u0131n say\u0131 da art\u0131b. Deyir ki, el\u0259 ev var, son vaxtlar, 4 d\u0259f\u0259 o\u011furluq olub:<\/p>\n\n\n\n<p>\u201cD\u00fczd\u00fcr, polis \u00fcst\u00fcn\u00fc a\u00e7\u0131r, o\u011frunu tap\u0131r, amma niy\u0259 ba\u015f verm\u0259lidir ax\u0131?! Qaranl\u0131qdan istifad\u0259 edib, evl\u0259r\u0259 girirl\u0259r. Qaranl\u0131qda o \u0259razid\u0259 qorxudan piyada g\u0259zm\u0259k d\u0259 olmur. Zibillikd\u0259 e\u015f\u0259l\u0259n\u0259n itl\u0259r d\u0259 bir t\u0259r\u0259fd\u0259n d\u00fc\u015f\u00fcr adam\u0131n \u00fcst\u00fcn\u0259&#8230;\u201d<\/p>\n\n\n\n<p><strong>\u201cBu q\u0259d\u0259r pul hara gedir?\u201d<\/strong><\/p>\n\n\n\n<p>\u015eahin \u018fliyev d\u0259 onun dedikl\u0259rini t\u0259sdiql\u0259yir. Deyir ki, bu \u0259razinin asfalt \u00f6rt\u00fcy\u00fc d\u0259 pis v\u0259ziyy\u0259td\u0259dir.<\/p>\n\n\n\n<p>\u201cYa\u011f\u0131\u015f ya\u011fanda b\u0259rbad g\u00fcnd\u0259 olur. Pal\u00e7\u0131qdan ke\u00e7m\u0259k olmur. Bildiyimiz\u0259 g\u00f6r\u0259, G\u0259nc\u0259nin abadla\u015fd\u0131r\u0131lmas\u0131na, i\u015f\u0131qland\u0131r\u0131lmas\u0131na g\u00f6r\u0259 bu q\u0259d\u0259r pul ayr\u0131l\u0131r, b\u0259s hara gedir? Niy\u0259 bu probleml\u0259r qal\u0131r? Biz\u0259 &#8211; adi v\u0259t\u0259nda\u015flara h\u00f6rm\u0259t el\u0259mirl\u0259r, he\u00e7 olmasa, \u015f\u0259hid\u0259, onun ruhuna h\u00f6rm\u0259t el\u0259sinl\u0259r. 44 g\u00fcnl\u00fck m\u00fcharib\u0259d\u0259 \u015f\u0259hid olan Nicat Qas\u0131mov da bu k\u00fc\u00e7\u0259d\u0259 ya\u015fay\u0131rd\u0131&#8230;\u201d, &#8211; \u015eahin \u018fliyev bildirib.<\/p>\n\n\n\n<p>\u201c<strong>Sakinl\u0259r \u00f6zl\u0259ri at\u0131r\u201d<\/strong><\/p>\n\n\n\n<p>G\u0259nc\u0259 \u015e\u0259h\u0259r \u0130cra Hakimiyy\u0259tind\u0259n Meydan TV-y\u0259 bildirilib ki, m\u0259i\u015f\u0259t tullant\u0131lar\u0131 \u0259raziy\u0259 sakinl\u0259rin \u00f6zl\u0259ri t\u0259r\u0259find\u0259n at\u0131l\u0131r. G\u0259nc\u0259 \u015e\u0259h\u0259r M\u0259nzil-Kommunal T\u0259s\u0259rr\u00fcfat\u0131 \u0130stehsalat Birliyinin T\u0259mizlik \u015f\u00f6b\u0259sinin i\u015f\u00e7il\u0259ri \u0259razid\u0259 t\u0259mizlik i\u015fl\u0259ri apar\u0131b.<\/p>\n\n\n\n<p>\u0130cra hakimiyy\u0259ti \u0259razid\u0259 zibil qutular\u0131n\u0131n olmamas\u0131 haqda iddialar\u0131 t\u0259kzib edib: \u201cM\u0259i\u015f\u0259t tullant\u0131lar\u0131n\u0131n y\u0131\u011f\u0131lmas\u0131 \u00fc\u00e7\u00fcn iki \u0259d\u0259d zibil qutusu qoyulub\u201d.<\/p>\n\n\n\n<p>G\u0259nc\u0259 \u015f\u0259h\u0259rind\u0259 Az\u0259rbaycan k\u00fc\u00e7\u0259sinin i\u015f\u0131qland\u0131r\u0131lmas\u0131 m\u0259s\u0259l\u0259sin\u0259 g\u0259linc\u0259, icra hakimiyy\u0259tind\u0259n bildirilib ki, bu k\u00fc\u00e7\u0259d\u0259 b\u00fct\u00f6vl\u00fckd\u0259 m\u00fcasir k\u00fc\u00e7\u0259 i\u015f\u0131qland\u0131rmas\u0131 sistemi qura\u015fd\u0131r\u0131l\u0131b:<\/p>\n\n\n\n<p>\u201cH\u0259min k\u00fc\u00e7\u0259y\u0259 biti\u015fik \u0259razil\u0259rin i\u015f\u0131qland\u0131r\u0131lmas\u0131 is\u0259 m\u0259rh\u0259l\u0259li \u015f\u0259kild\u0259 h\u0259yata ke\u00e7iril\u0259c\u0259k\u201d.<\/p>\n\n\n\n<p><strong>2.7 milyon hans\u0131 \u015firk\u0259t\u0259 verilib?<\/strong><\/p>\n\n\n\n<p>Bir ay \u0259vv\u0259l G\u0259nc\u0259d\u0259 abadl\u0131q i\u015fl\u0259rin\u0259 2.7 milyon manatdan art\u0131q v\u0259sait ayr\u0131l\u0131b. Noyabr\u0131n sonunda a\u00e7\u0131qlanan tender n\u0259tic\u0259l\u0259rin\u0259 g\u00f6r\u0259, abadl\u0131q i\u015fl\u0259ri \u201cG\u0259nc\u0259 K\u00f6rp\u00fc Tikinti-2\u201d ASC-y\u0259 h\u0259val\u0259 olunub. \u015eirk\u0259tl\u0259 G\u0259nc\u0259 \u015e\u0259h\u0259r \u0130cra Hakimiyy\u0259ti aras\u0131nda 2 milyon 725 min 267 manatl\u0131q m\u00fcqavil\u0259 imzalan\u0131b.<\/p>\n","protected":false},"excerpt":{"rendered":"<p>Bir ay \u0259vv\u0259l abadla\u015fd\u0131r\u0131lmas\u0131na 2.7 milyon v\u0259sait ayr\u0131lan G\u0259nc\u0259nin sakinl\u0259ri &#8230; <\/p>\n<p class=\"read-more-container\"><a title=\"\u201cYeriy\u0259nd\u0259 zibil aya\u011fa dola\u015f\u0131r, itl\u0259r d\u0259 bir t\u0259r\u0259fd\u0259n d\u00fc\u015f\u00fcr adam\u0131n \u00fcst\u00fcn\u0259&#8230;\u201d\" class=\"read-more button\" href=\"https:\/\/www.meydan.tv\/az\/article\/yeriyende-zibil-ayaga-dolasir-itler-de-bir-terefden-dusur-adamin-ustune\/#more-264959\" aria-label=\"Read more about \u201cYeriy\u0259nd\u0259 zibil aya\u011fa dola\u015f\u0131r, itl\u0259r d\u0259 bir t\u0259r\u0259fd\u0259n d\u00fc\u015f\u00fcr adam\u0131n \u00fcst\u00fcn\u0259&#8230;\u201d\">Davam\u0131<\/a><\/p>\n","protected":false},"author":8,"featured_media":264961,"comment_status":"closed","ping_status":"closed","sticky":false,"template":"","format":"standard","meta":{"_acf_changed":false,"_sitemap_exclude":false,"_sitemap_priority":"","_sitemap_frequency":"","footnotes":""},"categories":[60,56],"tags":[],"class_list":["post-264959","post","type-post","status-publish","format-standard","has-post-thumbnail","hentry","category-bolge","category-xeberler","infinite-scroll-item","generate-columns","tablet-grid-50","mobile-grid-100","grid-parent","grid-33","no-featured-image-padding"],"acf":[],"yoast_head":"<!-- This site is optimized with the Yoast SEO plugin v27.5 - https:\/\/yoast.com\/product\/yoast-seo-wordpress\/ -->\n<title>\u201cYeriy\u0259nd\u0259 zibil aya\u011fa dola\u015f\u0131r, itl\u0259r d\u0259 bir t\u0259r\u0259fd\u0259n d\u00fc\u015f\u00fcr adam\u0131n \u00fcst\u00fcn\u0259...\u201d - MEYDAN.TV<\/title>\n<meta name=\"robots\" content=\"index, follow, max-snippet:-1, max-image-preview:large, max-video-preview:-1\" \/>\n<link rel=\"canonical\" href=\"https:\/\/www.meydan.tv\/az\/article\/yeriyende-zibil-ayaga-dolasir-itler-de-bir-terefden-dusur-adamin-ustune\/\" \/>\n<meta property=\"og:locale\" content=\"az_AZ\" \/>\n<meta property=\"og:type\" content=\"article\" \/>\n<meta property=\"og:title\" content=\"\u201cYeriy\u0259nd\u0259 zibil aya\u011fa dola\u015f\u0131r, itl\u0259r d\u0259 bir t\u0259r\u0259fd\u0259n d\u00fc\u015f\u00fcr adam\u0131n \u00fcst\u00fcn\u0259...\u201d - MEYDAN.TV\" \/>\n<meta property=\"og:description\" content=\"Bir ay \u0259vv\u0259l abadla\u015fd\u0131r\u0131lmas\u0131na 2.7 milyon v\u0259sait ayr\u0131lan G\u0259nc\u0259nin sakinl\u0259ri ... Davam\u0131\" \/>\n<meta property=\"og:url\" content=\"https:\/\/www.meydan.tv\/az\/article\/yeriyende-zibil-ayaga-dolasir-itler-de-bir-terefden-dusur-adamin-ustune\/\" \/>\n<meta property=\"og:site_name\" content=\"MEYDAN.TV\" \/>\n<meta property=\"article:published_time\" content=\"2022-12-30T18:41:22+00:00\" \/>\n<meta property=\"article:modified_time\" content=\"2022-12-30T18:55:49+00:00\" \/>\n<meta property=\"og:image\" content=\"https:\/\/www.meydan.tv\/wp-content\/uploads\/rubbish_250808.jpg\" \/>\n\t<meta property=\"og:image:width\" content=\"1200\" \/>\n\t<meta property=\"og:image:height\" content=\"900\" \/>\n\t<meta property=\"og:image:type\" content=\"image\/jpeg\" \/>\n<meta name=\"author\" content=\"elli\" \/>\n<meta name=\"twitter:card\" content=\"summary_large_image\" \/>\n<meta name=\"twitter:creator\" content=\"@elli\" \/>\n<script type=\"application\/ld+json\" class=\"yoast-schema-graph\">{\"@context\":\"https:\\\/\\\/schema.org\",\"@graph\":[{\"@type\":\"Article\",\"@id\":\"https:\\\/\\\/www.meydan.tv\\\/az\\\/article\\\/yeriyende-zibil-ayaga-dolasir-itler-de-bir-terefden-dusur-adamin-ustune\\\/#article\",\"isPartOf\":{\"@id\":\"https:\\\/\\\/www.meydan.tv\\\/az\\\/article\\\/yeriyende-zibil-ayaga-dolasir-itler-de-bir-terefden-dusur-adamin-ustune\\\/\"},\"author\":{\"name\":\"elli\",\"@id\":\"https:\\\/\\\/www.meydan.tv\\\/az\\\/#\\\/schema\\\/person\\\/9cdbecf90d17180ce1dfbd95b08dcf47\"},\"headline\":\"\u201cYeriy\u0259nd\u0259 zibil aya\u011fa dola\u015f\u0131r, itl\u0259r d\u0259 bir t\u0259r\u0259fd\u0259n d\u00fc\u015f\u00fcr adam\u0131n \u00fcst\u00fcn\u0259&#8230;\u201d\",\"datePublished\":\"2022-12-30T18:41:22+00:00\",\"dateModified\":\"2022-12-30T18:55:49+00:00\",\"mainEntityOfPage\":{\"@id\":\"https:\\\/\\\/www.meydan.tv\\\/az\\\/article\\\/yeriyende-zibil-ayaga-dolasir-itler-de-bir-terefden-dusur-adamin-ustune\\\/\"},\"wordCount\":680,\"publisher\":{\"@id\":\"https:\\\/\\\/www.meydan.tv\\\/az\\\/#organization\"},\"image\":{\"@id\":\"https:\\\/\\\/www.meydan.tv\\\/az\\\/article\\\/yeriyende-zibil-ayaga-dolasir-itler-de-bir-terefden-dusur-adamin-ustune\\\/#primaryimage\"},\"thumbnailUrl\":\"https:\\\/\\\/www.meydan.tv\\\/wp-content\\\/uploads\\\/rubbish_250808.jpg\",\"articleSection\":[\"B\u00f6lg\u0259\",\"X\u0259b\u0259rl\u0259r\"],\"inLanguage\":\"az\"},{\"@type\":\"WebPage\",\"@id\":\"https:\\\/\\\/www.meydan.tv\\\/az\\\/article\\\/yeriyende-zibil-ayaga-dolasir-itler-de-bir-terefden-dusur-adamin-ustune\\\/\",\"url\":\"https:\\\/\\\/www.meydan.tv\\\/az\\\/article\\\/yeriyende-zibil-ayaga-dolasir-itler-de-bir-terefden-dusur-adamin-ustune\\\/\",\"name\":\"\u201cYeriy\u0259nd\u0259 zibil aya\u011fa dola\u015f\u0131r, itl\u0259r d\u0259 bir t\u0259r\u0259fd\u0259n d\u00fc\u015f\u00fcr adam\u0131n \u00fcst\u00fcn\u0259...\u201d - MEYDAN.TV\",\"isPartOf\":{\"@id\":\"https:\\\/\\\/www.meydan.tv\\\/az\\\/#website\"},\"primaryImageOfPage\":{\"@id\":\"https:\\\/\\\/www.meydan.tv\\\/az\\\/article\\\/yeriyende-zibil-ayaga-dolasir-itler-de-bir-terefden-dusur-adamin-ustune\\\/#primaryimage\"},\"image\":{\"@id\":\"https:\\\/\\\/www.meydan.tv\\\/az\\\/article\\\/yeriyende-zibil-ayaga-dolasir-itler-de-bir-terefden-dusur-adamin-ustune\\\/#primaryimage\"},\"thumbnailUrl\":\"https:\\\/\\\/www.meydan.tv\\\/wp-content\\\/uploads\\\/rubbish_250808.jpg\",\"datePublished\":\"2022-12-30T18:41:22+00:00\",\"dateModified\":\"2022-12-30T18:55:49+00:00\",\"breadcrumb\":{\"@id\":\"https:\\\/\\\/www.meydan.tv\\\/az\\\/article\\\/yeriyende-zibil-ayaga-dolasir-itler-de-bir-terefden-dusur-adamin-ustune\\\/#breadcrumb\"},\"inLanguage\":\"az\",\"potentialAction\":[{\"@type\":\"ReadAction\",\"target\":[\"https:\\\/\\\/www.meydan.tv\\\/az\\\/article\\\/yeriyende-zibil-ayaga-dolasir-itler-de-bir-terefden-dusur-adamin-ustune\\\/\"]}]},{\"@type\":\"ImageObject\",\"inLanguage\":\"az\",\"@id\":\"https:\\\/\\\/www.meydan.tv\\\/az\\\/article\\\/yeriyende-zibil-ayaga-dolasir-itler-de-bir-terefden-dusur-adamin-ustune\\\/#primaryimage\",\"url\":\"https:\\\/\\\/www.meydan.tv\\\/wp-content\\\/uploads\\\/rubbish_250808.jpg\",\"contentUrl\":\"https:\\\/\\\/www.meydan.tv\\\/wp-content\\\/uploads\\\/rubbish_250808.jpg\",\"width\":1200,\"height\":900,\"caption\":\"Foto: trend\"},{\"@type\":\"BreadcrumbList\",\"@id\":\"https:\\\/\\\/www.meydan.tv\\\/az\\\/article\\\/yeriyende-zibil-ayaga-dolasir-itler-de-bir-terefden-dusur-adamin-ustune\\\/#breadcrumb\",\"itemListElement\":[{\"@type\":\"ListItem\",\"position\":1,\"name\":\"Ana s\u0259hif\u0259\",\"item\":\"https:\\\/\\\/www.meydan.tv\\\/az\\\/\"},{\"@type\":\"ListItem\",\"position\":2,\"name\":\"B\u00f6lg\u0259\",\"item\":\"https:\\\/\\\/www.meydan.tv\\\/az\\\/section\\\/bolge\\\/\"},{\"@type\":\"ListItem\",\"position\":3,\"name\":\"\u201cYeriy\u0259nd\u0259 zibil aya\u011fa dola\u015f\u0131r, itl\u0259r d\u0259 bir t\u0259r\u0259fd\u0259n d\u00fc\u015f\u00fcr adam\u0131n \u00fcst\u00fcn\u0259&#8230;\u201d\"}]},{\"@type\":\"WebSite\",\"@id\":\"https:\\\/\\\/www.meydan.tv\\\/az\\\/#website\",\"url\":\"https:\\\/\\\/www.meydan.tv\\\/az\\\/\",\"name\":\"MEYDAN.TV\",\"description\":\"Meydan TV Az\u0259rbaycan\u0131n media m\u0259kan\u0131ndak\u0131 alternativ s\u0259sidir\",\"publisher\":{\"@id\":\"https:\\\/\\\/www.meydan.tv\\\/az\\\/#organization\"},\"potentialAction\":[{\"@type\":\"SearchAction\",\"target\":{\"@type\":\"EntryPoint\",\"urlTemplate\":\"https:\\\/\\\/www.meydan.tv\\\/az\\\/?s={search_term_string}\"},\"query-input\":{\"@type\":\"PropertyValueSpecification\",\"valueRequired\":true,\"valueName\":\"search_term_string\"}}],\"inLanguage\":\"az\"},{\"@type\":\"Organization\",\"@id\":\"https:\\\/\\\/www.meydan.tv\\\/az\\\/#organization\",\"name\":\"Meydan TV\",\"url\":\"https:\\\/\\\/www.meydan.tv\\\/az\\\/\",\"logo\":{\"@type\":\"ImageObject\",\"inLanguage\":\"az\",\"@id\":\"https:\\\/\\\/www.meydan.tv\\\/az\\\/#\\\/schema\\\/logo\\\/image\\\/\",\"url\":\"https:\\\/\\\/www.meydan.tv\\\/wp-content\\\/uploads\\\/2021\\\/07\\\/meydan-logo.svg\",\"contentUrl\":\"https:\\\/\\\/www.meydan.tv\\\/wp-content\\\/uploads\\\/2021\\\/07\\\/meydan-logo.svg\",\"width\":195,\"height\":46,\"caption\":\"Meydan TV\"},\"image\":{\"@id\":\"https:\\\/\\\/www.meydan.tv\\\/az\\\/#\\\/schema\\\/logo\\\/image\\\/\"}},{\"@type\":\"Person\",\"@id\":\"https:\\\/\\\/www.meydan.tv\\\/az\\\/#\\\/schema\\\/person\\\/9cdbecf90d17180ce1dfbd95b08dcf47\",\"name\":\"elli\",\"sameAs\":[\"https:\\\/\\\/x.com\\\/elli\"]}]}<\/script>\n<!-- \/ Yoast SEO plugin. -->","yoast_head_json":{"title":"\u201cYeriy\u0259nd\u0259 zibil aya\u011fa dola\u015f\u0131r, itl\u0259r d\u0259 bir t\u0259r\u0259fd\u0259n d\u00fc\u015f\u00fcr adam\u0131n \u00fcst\u00fcn\u0259...\u201d - MEYDAN.TV","robots":{"index":"index","follow":"follow","max-snippet":"max-snippet:-1","max-image-preview":"max-image-preview:large","max-video-preview":"max-video-preview:-1"},"canonical":"https:\/\/www.meydan.tv\/az\/article\/yeriyende-zibil-ayaga-dolasir-itler-de-bir-terefden-dusur-adamin-ustune\/","og_locale":"az_AZ","og_type":"article","og_title":"\u201cYeriy\u0259nd\u0259 zibil aya\u011fa dola\u015f\u0131r, itl\u0259r d\u0259 bir t\u0259r\u0259fd\u0259n d\u00fc\u015f\u00fcr adam\u0131n \u00fcst\u00fcn\u0259...\u201d - MEYDAN.TV","og_description":"Bir ay \u0259vv\u0259l abadla\u015fd\u0131r\u0131lmas\u0131na 2.7 milyon v\u0259sait ayr\u0131lan G\u0259nc\u0259nin sakinl\u0259ri ... Davam\u0131","og_url":"https:\/\/www.meydan.tv\/az\/article\/yeriyende-zibil-ayaga-dolasir-itler-de-bir-terefden-dusur-adamin-ustune\/","og_site_name":"MEYDAN.TV","article_published_time":"2022-12-30T18:41:22+00:00","article_modified_time":"2022-12-30T18:55:49+00:00","og_image":[{"width":1200,"height":900,"url":"https:\/\/www.meydan.tv\/wp-content\/uploads\/rubbish_250808.jpg","type":"image\/jpeg"}],"author":"elli","twitter_card":"summary_large_image","twitter_creator":"@elli","schema":{"@context":"https:\/\/schema.org","@graph":[{"@type":"Article","@id":"https:\/\/www.meydan.tv\/az\/article\/yeriyende-zibil-ayaga-dolasir-itler-de-bir-terefden-dusur-adamin-ustune\/#article","isPartOf":{"@id":"https:\/\/www.meydan.tv\/az\/article\/yeriyende-zibil-ayaga-dolasir-itler-de-bir-terefden-dusur-adamin-ustune\/"},"author":{"name":"elli","@id":"https:\/\/www.meydan.tv\/az\/#\/schema\/person\/9cdbecf90d17180ce1dfbd95b08dcf47"},"headline":"\u201cYeriy\u0259nd\u0259 zibil aya\u011fa dola\u015f\u0131r, itl\u0259r d\u0259 bir t\u0259r\u0259fd\u0259n d\u00fc\u015f\u00fcr adam\u0131n \u00fcst\u00fcn\u0259&#8230;\u201d","datePublished":"2022-12-30T18:41:22+00:00","dateModified":"2022-12-30T18:55:49+00:00","mainEntityOfPage":{"@id":"https:\/\/www.meydan.tv\/az\/article\/yeriyende-zibil-ayaga-dolasir-itler-de-bir-terefden-dusur-adamin-ustune\/"},"wordCount":680,"publisher":{"@id":"https:\/\/www.meydan.tv\/az\/#organization"},"image":{"@id":"https:\/\/www.meydan.tv\/az\/article\/yeriyende-zibil-ayaga-dolasir-itler-de-bir-terefden-dusur-adamin-ustune\/#primaryimage"},"thumbnailUrl":"https:\/\/www.meydan.tv\/wp-content\/uploads\/rubbish_250808.jpg","articleSection":["B\u00f6lg\u0259","X\u0259b\u0259rl\u0259r"],"inLanguage":"az"},{"@type":"WebPage","@id":"https:\/\/www.meydan.tv\/az\/article\/yeriyende-zibil-ayaga-dolasir-itler-de-bir-terefden-dusur-adamin-ustune\/","url":"https:\/\/www.meydan.tv\/az\/article\/yeriyende-zibil-ayaga-dolasir-itler-de-bir-terefden-dusur-adamin-ustune\/","name":"\u201cYeriy\u0259nd\u0259 zibil aya\u011fa dola\u015f\u0131r, itl\u0259r d\u0259 bir t\u0259r\u0259fd\u0259n d\u00fc\u015f\u00fcr adam\u0131n \u00fcst\u00fcn\u0259...\u201d - MEYDAN.TV","isPartOf":{"@id":"https:\/\/www.meydan.tv\/az\/#website"},"primaryImageOfPage":{"@id":"https:\/\/www.meydan.tv\/az\/article\/yeriyende-zibil-ayaga-dolasir-itler-de-bir-terefden-dusur-adamin-ustune\/#primaryimage"},"image":{"@id":"https:\/\/www.meydan.tv\/az\/article\/yeriyende-zibil-ayaga-dolasir-itler-de-bir-terefden-dusur-adamin-ustune\/#primaryimage"},"thumbnailUrl":"https:\/\/www.meydan.tv\/wp-content\/uploads\/rubbish_250808.jpg","datePublished":"2022-12-30T18:41:22+00:00","dateModified":"2022-12-30T18:55:49+00:00","breadcrumb":{"@id":"https:\/\/www.meydan.tv\/az\/article\/yeriyende-zibil-ayaga-dolasir-itler-de-bir-terefden-dusur-adamin-ustune\/#breadcrumb"},"inLanguage":"az","potentialAction":[{"@type":"ReadAction","target":["https:\/\/www.meydan.tv\/az\/article\/yeriyende-zibil-ayaga-dolasir-itler-de-bir-terefden-dusur-adamin-ustune\/"]}]},{"@type":"ImageObject","inLanguage":"az","@id":"https:\/\/www.meydan.tv\/az\/article\/yeriyende-zibil-ayaga-dolasir-itler-de-bir-terefden-dusur-adamin-ustune\/#primaryimage","url":"https:\/\/www.meydan.tv\/wp-content\/uploads\/rubbish_250808.jpg","contentUrl":"https:\/\/www.meydan.tv\/wp-content\/uploads\/rubbish_250808.jpg","width":1200,"height":900,"caption":"Foto: trend"},{"@type":"BreadcrumbList","@id":"https:\/\/www.meydan.tv\/az\/article\/yeriyende-zibil-ayaga-dolasir-itler-de-bir-terefden-dusur-adamin-ustune\/#breadcrumb","itemListElement":[{"@type":"ListItem","position":1,"name":"Ana s\u0259hif\u0259","item":"https:\/\/www.meydan.tv\/az\/"},{"@type":"ListItem","position":2,"name":"B\u00f6lg\u0259","item":"https:\/\/www.meydan.tv\/az\/section\/bolge\/"},{"@type":"ListItem","position":3,"name":"\u201cYeriy\u0259nd\u0259 zibil aya\u011fa dola\u015f\u0131r, itl\u0259r d\u0259 bir t\u0259r\u0259fd\u0259n d\u00fc\u015f\u00fcr adam\u0131n \u00fcst\u00fcn\u0259&#8230;\u201d"}]},{"@type":"WebSite","@id":"https:\/\/www.meydan.tv\/az\/#website","url":"https:\/\/www.meydan.tv\/az\/","name":"MEYDAN.TV","description":"Meydan TV Az\u0259rbaycan\u0131n media m\u0259kan\u0131ndak\u0131 alternativ s\u0259sidir","publisher":{"@id":"https:\/\/www.meydan.tv\/az\/#organization"},"potentialAction":[{"@type":"SearchAction","target":{"@type":"EntryPoint","urlTemplate":"https:\/\/www.meydan.tv\/az\/?s={search_term_string}"},"query-input":{"@type":"PropertyValueSpecification","valueRequired":true,"valueName":"search_term_string"}}],"inLanguage":"az"},{"@type":"Organization","@id":"https:\/\/www.meydan.tv\/az\/#organization","name":"Meydan TV","url":"https:\/\/www.meydan.tv\/az\/","logo":{"@type":"ImageObject","inLanguage":"az","@id":"https:\/\/www.meydan.tv\/az\/#\/schema\/logo\/image\/","url":"https:\/\/www.meydan.tv\/wp-content\/uploads\/2021\/07\/meydan-logo.svg","contentUrl":"https:\/\/www.meydan.tv\/wp-content\/uploads\/2021\/07\/meydan-logo.svg","width":195,"height":46,"caption":"Meydan TV"},"image":{"@id":"https:\/\/www.meydan.tv\/az\/#\/schema\/logo\/image\/"}},{"@type":"Person","@id":"https:\/\/www.meydan.tv\/az\/#\/schema\/person\/9cdbecf90d17180ce1dfbd95b08dcf47","name":"elli","sameAs":["https:\/\/x.com\/elli"]}]}},"_links":{"self":[{"href":"https:\/\/www.meydan.tv\/az\/wp-json\/wp\/v2\/posts\/264959","targetHints":{"allow":["GET"]}}],"collection":[{"href":"https:\/\/www.meydan.tv\/az\/wp-json\/wp\/v2\/posts"}],"about":[{"href":"https:\/\/www.meydan.tv\/az\/wp-json\/wp\/v2\/types\/post"}],"author":[{"embeddable":true,"href":"https:\/\/www.meydan.tv\/az\/wp-json\/wp\/v2\/users\/8"}],"replies":[{"embeddable":true,"href":"https:\/\/www.meydan.tv\/az\/wp-json\/wp\/v2\/comments?post=264959"}],"version-history":[{"count":1,"href":"https:\/\/www.meydan.tv\/az\/wp-json\/wp\/v2\/posts\/264959\/revisions"}],"predecessor-version":[{"id":264960,"href":"https:\/\/www.meydan.tv\/az\/wp-json\/wp\/v2\/posts\/264959\/revisions\/264960"}],"wp:featuredmedia":[{"embeddable":true,"href":"https:\/\/www.meydan.tv\/az\/wp-json\/wp\/v2\/media\/264961"}],"wp:attachment":[{"href":"https:\/\/www.meydan.tv\/az\/wp-json\/wp\/v2\/media?parent=264959"}],"wp:term":[{"taxonomy":"category","embeddable":true,"href":"https:\/\/www.meydan.tv\/az\/wp-json\/wp\/v2\/categories?post=264959"},{"taxonomy":"post_tag","embeddable":true,"href":"https:\/\/www.meydan.tv\/az\/wp-json\/wp\/v2\/tags?post=264959"}],"curies":[{"name":"wp","href":"https:\/\/api.w.org\/{rel}","templated":true}]}}