{"id":264926,"date":"2022-12-30T14:05:30","date_gmt":"2022-12-30T10:05:30","guid":{"rendered":"https:\/\/www.meydan.tv\/?p=264926"},"modified":"2022-12-30T14:05:32","modified_gmt":"2022-12-30T10:05:32","slug":"rasim-ekberova-qarsi-sui-qesdde-ittiham-olunan-sexse-hokm-oxundu","status":"publish","type":"post","link":"https:\/\/www.meydan.tv\/az\/article\/rasim-ekberova-qarsi-sui-qesdde-ittiham-olunan-sexse-hokm-oxundu\/","title":{"rendered":"Rasim \u018fkb\u0259rova qar\u015f\u0131 sui-q\u0259sdd\u0259 ittiham olunan \u015f\u0259xs\u0259 h\u00f6km oxundu"},"content":{"rendered":"\n<p><\/p>\n\n\n\n<p><em>T\u0259qsirl\u0259ndiril\u0259n \u015f\u0259xs ke\u00e7mi\u015f Milli Q\u0259hr\u0259man\u0131 \u00f6ld\u00fcrm\u0259k fikrind\u0259 olmad\u0131\u011f\u0131n\u0131 deyib<\/em><\/p>\n\n\n\n<p>Az\u0259rbaycan\u0131n ke\u00e7mi\u015f Milli Q\u0259hr\u0259man\u0131, batalyon komandiri Rasim \u018fkb\u0259rova qar\u015f\u0131 sui-q\u0259sdd\u0259 ittiham olunan Xaliq M\u0259mm\u0259dova h\u00f6km oxunub. O, G\u0259nc\u0259 A\u011f\u0131r Cinay\u0259tl\u0259r M\u0259hk\u0259m\u0259sind\u0259 hakim Elmin R\u00fcst\u0259movun s\u0259drliyil\u0259 \u00e7\u0131xar\u0131lan h\u00f6km\u0259 \u0259sas\u0259n, 14 il azadl\u0131qdan m\u0259hrum edilib.<\/p>\n\n\n\n<p>Cinay\u0259t i\u015finin materiallar\u0131nda bildirilir ki, Xaliq M\u0259mm\u0259dov h\u0259bsd\u0259 olan tan\u0131\u015f\u0131n\u0131n azadl\u0131\u011fa burax\u0131lmas\u0131na k\u00f6m\u0259k m\u0259qs\u0259dil\u0259 \u00e7ayxanada Rasim \u018fkb\u0259rova yax\u0131nla\u015f\u0131b. Bu zaman telefonla dan\u0131\u015fan Rasim \u018fkb\u0259rov ondan bir q\u0259d\u0259r k\u0259narda dayanmas\u0131n\u0131 ist\u0259yib. Onun dan\u0131\u015f\u0131q t\u0259rzini \u00f6z\u00fcn\u0259 t\u0259hqir kimi qiym\u0259tl\u0259ndir\u0259n 29 ya\u015fl\u0131 Xaliq M\u0259mm\u0259dov ona \u00fcst\u00fcnd\u0259ki b\u0131\u00e7aqla 8 z\u0259rb\u0259 endirib. Bu zaman Rasim \u018fkb\u0259rov stolun \u00fcst\u00fcnd\u0259ki \u00e7ayniki ona t\u0259r\u0259f at\u0131b, b\u0131\u00e7a\u011f\u0131 \u0259lind\u0259n al\u0131b. N\u0259tic\u0259d\u0259 Xaliq M\u0259mm\u0259dov hadis\u0259 yerind\u0259n qa\u00e7\u0131b.<\/p>\n\n\n\n<p>Amma Xaliq M\u0259mm\u0259dov m\u0259hk\u0259m\u0259y\u0259 ifad\u0259sind\u0259 hadis\u0259nin s\u0259b\u0259bini ba\u015fqa c\u00fcr izah edib. Deyib ki, atas\u0131 F\u00fczuli M\u0259mm\u0259dov vaxtil\u0259 Birinci Qaraba\u011f M\u00fcharib\u0259sind\u0259 Rasim \u018fkb\u0259rovun batalyonunda d\u00f6y\u00fc\u015f\u00fcb. O, Goranboyda Rasim \u018fkb\u0259rova yax\u0131nla\u015f\u0131b tan\u0131\u015fl\u0131q verib:<\/p>\n\n\n\n<p>\u201cF\u00fczuli M\u0259mm\u0259dovun o\u011flu oldu\u011fumu, psixi x\u0259st\u0259likl\u0259 \u0259laq\u0259dar m\u00fcalic\u0259 olunmaq \u00fc\u00e7\u00fcn maddi k\u00f6m\u0259kliy\u0259 ehtiyac\u0131m oldu\u011funu dedim. K\u00f6m\u0259klik etm\u0259sini xahi\u015f el\u0259dim. Dedi ki, \u201cax\u015famt\u0259r\u0259fi g\u0259l\u0259rs\u0259n\u201d. H\u0259min g\u00fcn ax\u015fam \u00e7ayxanada a\u00e7\u0131q havada t\u0259k oturub \u00e7ay i\u00e7irdi. Yax\u0131nla\u015f\u0131b salam verib oturdum. H\u0259min vaxt telefonla dan\u0131\u015f\u0131rd\u0131. M\u0259n\u0259 dedi ki, \u201cget burdan\u201d. Dedim ki, \u201ckomandir, bir s\u00f6z demi\u015fdim siz\u0259\u201d. Q\u0131\u015fq\u0131rd\u0131 ki, r\u0259dd ol\u201d. H\u0259tta daha nalayiq s\u00f6z i\u015fl\u0259tdi. Ona g\u00f6r\u0259 vurdum&#8230;\u201d.<\/p>\n\n\n\n<p>\u018fm\u0259lind\u0259n pe\u015fman oldu\u011funu dey\u0259n Xaliq M\u0259mm\u0259dov onu \u00f6ld\u00fcrm\u0259k niyy\u0259ti olmad\u0131\u011f\u0131n\u0131 da vur\u011fulay\u0131b.<br>Rasim \u018fkb\u0259rov is\u0259 ifad\u0259sind\u0259 deyib ki, Xaliq M\u0259mm\u0259dov hadis\u0259d\u0259n bir ne\u00e7\u0259 g\u00fcn \u0259vv\u0259l ona yax\u0131nla\u015f\u0131b, h\u0259bsd\u0259 olan bir tan\u0131\u015f\u0131n\u0131n burax\u0131lmas\u0131na k\u00f6m\u0259k etm\u0259sini ist\u0259yib. Onun s\u00f6zl\u0259rin\u0259 g\u00f6r\u0259, h\u0259min vaxt s\u00fcr\u00fcc\u00fcs\u00fc d\u0259 bu hadis\u0259nin \u015fahidi olub:<\/p>\n\n\n\n<p>\u201cH\u0259tta dedi ki, h\u0259min tan\u0131\u015f\u0131n\u0131n d\u00f6rd u\u015fa\u011f\u0131 var, ail\u0259nin v\u0259ziyy\u0259ti yax\u015f\u0131 deyil. O adam bar\u0259d\u0259 \u0259trafl\u0131 m\u0259lumat verm\u0259di dey\u0259, m\u0259n d\u0259 bilm\u0259dim ki, kimdir, n\u0259 m\u0259s\u0259l\u0259dir\u201d.<\/p>\n\n\n\n<p>Hadis\u0259 g\u00fcn\u00fc \u2013 8 sentyabr 2021-ci ild\u0259 ba\u015f ver\u0259nl\u0259r\u0259 g\u0259linc\u0259, Rasim \u018fkb\u0259rov bildirib ki, o, \u00e7ayxanada olan zaman Xaliq M\u0259mm\u0259dov yenid\u0259n g\u0259lib, onunla i\u015fi oldu\u011funu deyib. H\u0259min vaxt telefonla dan\u0131\u015fd\u0131\u011f\u0131na g\u00f6r\u0259 ona \u015f\u0259xsi s\u00f6hb\u0259ti oldu\u011funu deyib:<\/p>\n\n\n\n<p>\u201cDedim ki, \u201caralan, s\u00f6hb\u0259tim var\u201d. Durub getdi, bir d\u0259 g\u00f6rd\u00fcm kims\u0259 arxadan boynumdan tutub, m\u0259ni b\u0131\u00e7aqla vurur. \u018ftrafdak\u0131lar g\u0259ldi&#8230;\u201d.<\/p>\n\n\n\n<p>Daha sonra Rasim \u018fkb\u0259rov x\u0259st\u0259xanaya \u00e7atd\u0131r\u0131l\u0131b.<\/p>\n\n\n\n<p>O hesab edir ki, rayonda n\u00fcfuz sahibi oldu\u011funa g\u00f6r\u0259 Xaliq M\u0259mm\u0259dov onu \u00f6ld\u00fcrm\u0259y\u0259 c\u0259hd edib.<br>Xaliq M\u0259mm\u0259dov Cinay\u0259t M\u0259c\u0259ll\u0259sinin 29,120.2.2 (xuliqanl\u0131q niyy\u0259til\u0259 q\u0259sd\u0259n adam \u00f6ld\u00fcrm\u0259y\u0259 c\u0259hd) madd\u0259sil\u0259 ittiham olunur.<\/p>\n\n\n\n<p>Rasim \u018fkb\u0259rov 23 iyun 1992-ci ild\u0259 \u201cAz\u0259rbaycan\u0131n Milli Q\u0259hr\u0259man\u0131\u201d f\u0259xri ad\u0131na, 1 yanvar 1994-c\u00fc ild\u0259 is\u0259 \u201cAz\u0259rbaycan Bayra\u011f\u0131\u201d ordenin\u0259 layiq g\u00f6r\u00fcl\u00fcb. Bir ne\u00e7\u0259 il sonra d\u00f6vl\u0259t \u00e7evrili\u015fin\u0259 c\u0259hd ittiham\u0131yla h\u0259bs olunan Rasim \u018fkb\u0259rova 15 il c\u0259za k\u0259silib. H\u0259m\u00e7inin m\u0259rhum prezident Heyd\u0259r \u018fliyev 2001-ci ild\u0259 onun \u201cAz\u0259rbaycan\u0131n Milli Q\u0259hr\u0259man\u0131\u201d f\u0259xri ad\u0131ndan v\u0259 &#8220;Az\u0259rbaycan Bayra\u011f\u0131\u201d ordenind\u0259n m\u0259hrum olunmas\u0131 bar\u0259d\u0259 f\u0259rman imzalay\u0131b.<\/p>\n\n\n\n<p>Rasim \u018fkb\u0259rov 2008-ci ild\u0259 \u0259fv s\u0259r\u0259ncam\u0131yla h\u0259bsd\u0259n burax\u0131l\u0131b. Azadl\u0131\u011fa \u00e7\u0131xandan sonra onun do\u011fuldu\u011fu Goranboy rayonunda biznesl\u0259 m\u0259\u015f\u011ful oldu\u011fu bildirilirdi.<\/p>\n\n\n\n<p>Rasim \u018fkb\u0259rovun atas\u0131 A\u011fa \u018fkb\u0259rov 1994-2000-ci ill\u0259rd\u0259 Goranboy Rayon \u0130cra Hakimiyy\u0259tinin ba\u015f\u00e7\u0131s\u0131 olub. Qay\u0131natas\u0131 S\u0259fiyar Musayev is\u0259 Milli M\u0259clisin ke\u00e7mi\u015f deputat\u0131, Bak\u0131 D\u00f6vl\u0259t Universitetinin m\u0259\u015fhur H\u00fcquq fak\u00fclt\u0259sinin dekan\u0131 olub. O, h\u0259m d\u0259 m\u0259\u015fhur &#8220;91-l\u0259r&#8221;d\u0259n biri olub.<\/p>\n","protected":false},"excerpt":{"rendered":"<p>T\u0259qsirl\u0259ndiril\u0259n \u015f\u0259xs ke\u00e7mi\u015f Milli Q\u0259hr\u0259man\u0131 \u00f6ld\u00fcrm\u0259k fikrind\u0259 olmad\u0131\u011f\u0131n\u0131 deyib Az\u0259rbaycan\u0131n &#8230; <\/p>\n<p class=\"read-more-container\"><a title=\"Rasim \u018fkb\u0259rova qar\u015f\u0131 sui-q\u0259sdd\u0259 ittiham olunan \u015f\u0259xs\u0259 h\u00f6km oxundu\" class=\"read-more button\" href=\"https:\/\/www.meydan.tv\/az\/article\/rasim-ekberova-qarsi-sui-qesdde-ittiham-olunan-sexse-hokm-oxundu\/#more-264926\" aria-label=\"Read more about Rasim \u018fkb\u0259rova qar\u015f\u0131 sui-q\u0259sdd\u0259 ittiham olunan \u015f\u0259xs\u0259 h\u00f6km oxundu\">Davam\u0131<\/a><\/p>\n","protected":false},"author":8,"featured_media":229453,"comment_status":"closed","ping_status":"closed","sticky":false,"template":"","format":"standard","meta":{"_acf_changed":false,"_sitemap_exclude":false,"_sitemap_priority":"","_sitemap_frequency":"","footnotes":""},"categories":[60,56],"tags":[],"class_list":["post-264926","post","type-post","status-publish","format-standard","has-post-thumbnail","hentry","category-bolge","category-xeberler","infinite-scroll-item","generate-columns","tablet-grid-50","mobile-grid-100","grid-parent","grid-33","no-featured-image-padding"],"acf":[],"yoast_head":"<!-- This site is optimized with the Yoast SEO plugin v27.5 - https:\/\/yoast.com\/product\/yoast-seo-wordpress\/ -->\n<title>Rasim \u018fkb\u0259rova qar\u015f\u0131 sui-q\u0259sdd\u0259 ittiham olunan \u015f\u0259xs\u0259 h\u00f6km oxundu - MEYDAN.TV<\/title>\n<meta name=\"robots\" content=\"index, follow, max-snippet:-1, max-image-preview:large, max-video-preview:-1\" \/>\n<link rel=\"canonical\" href=\"https:\/\/www.meydan.tv\/az\/article\/rasim-ekberova-qarsi-sui-qesdde-ittiham-olunan-sexse-hokm-oxundu\/\" \/>\n<meta property=\"og:locale\" content=\"az_AZ\" \/>\n<meta property=\"og:type\" content=\"article\" \/>\n<meta property=\"og:title\" content=\"Rasim \u018fkb\u0259rova qar\u015f\u0131 sui-q\u0259sdd\u0259 ittiham olunan \u015f\u0259xs\u0259 h\u00f6km oxundu - MEYDAN.TV\" \/>\n<meta property=\"og:description\" content=\"T\u0259qsirl\u0259ndiril\u0259n \u015f\u0259xs ke\u00e7mi\u015f Milli Q\u0259hr\u0259man\u0131 \u00f6ld\u00fcrm\u0259k fikrind\u0259 olmad\u0131\u011f\u0131n\u0131 deyib Az\u0259rbaycan\u0131n ... Davam\u0131\" \/>\n<meta property=\"og:url\" content=\"https:\/\/www.meydan.tv\/az\/article\/rasim-ekberova-qarsi-sui-qesdde-ittiham-olunan-sexse-hokm-oxundu\/\" \/>\n<meta property=\"og:site_name\" content=\"MEYDAN.TV\" \/>\n<meta property=\"article:published_time\" content=\"2022-12-30T10:05:30+00:00\" \/>\n<meta property=\"article:modified_time\" content=\"2022-12-30T10:05:32+00:00\" \/>\n<meta property=\"og:image\" content=\"https:\/\/www.meydan.tv\/wp-content\/uploads\/rasim-meme-e1639649913743.jpg\" \/>\n\t<meta property=\"og:image:width\" content=\"1200\" \/>\n\t<meta property=\"og:image:height\" content=\"699\" \/>\n\t<meta property=\"og:image:type\" content=\"image\/jpeg\" \/>\n<meta name=\"author\" content=\"elli\" \/>\n<meta name=\"twitter:card\" content=\"summary_large_image\" \/>\n<meta name=\"twitter:creator\" content=\"@elli\" \/>\n<script type=\"application\/ld+json\" class=\"yoast-schema-graph\">{\"@context\":\"https:\\\/\\\/schema.org\",\"@graph\":[{\"@type\":\"Article\",\"@id\":\"https:\\\/\\\/www.meydan.tv\\\/az\\\/article\\\/rasim-ekberova-qarsi-sui-qesdde-ittiham-olunan-sexse-hokm-oxundu\\\/#article\",\"isPartOf\":{\"@id\":\"https:\\\/\\\/www.meydan.tv\\\/az\\\/article\\\/rasim-ekberova-qarsi-sui-qesdde-ittiham-olunan-sexse-hokm-oxundu\\\/\"},\"author\":{\"name\":\"elli\",\"@id\":\"https:\\\/\\\/www.meydan.tv\\\/az\\\/#\\\/schema\\\/person\\\/9cdbecf90d17180ce1dfbd95b08dcf47\"},\"headline\":\"Rasim \u018fkb\u0259rova qar\u015f\u0131 sui-q\u0259sdd\u0259 ittiham olunan \u015f\u0259xs\u0259 h\u00f6km oxundu\",\"datePublished\":\"2022-12-30T10:05:30+00:00\",\"dateModified\":\"2022-12-30T10:05:32+00:00\",\"mainEntityOfPage\":{\"@id\":\"https:\\\/\\\/www.meydan.tv\\\/az\\\/article\\\/rasim-ekberova-qarsi-sui-qesdde-ittiham-olunan-sexse-hokm-oxundu\\\/\"},\"wordCount\":821,\"publisher\":{\"@id\":\"https:\\\/\\\/www.meydan.tv\\\/az\\\/#organization\"},\"image\":{\"@id\":\"https:\\\/\\\/www.meydan.tv\\\/az\\\/article\\\/rasim-ekberova-qarsi-sui-qesdde-ittiham-olunan-sexse-hokm-oxundu\\\/#primaryimage\"},\"thumbnailUrl\":\"https:\\\/\\\/www.meydan.tv\\\/wp-content\\\/uploads\\\/rasim-meme-e1639649913743.jpg\",\"articleSection\":[\"B\u00f6lg\u0259\",\"X\u0259b\u0259rl\u0259r\"],\"inLanguage\":\"az\"},{\"@type\":\"WebPage\",\"@id\":\"https:\\\/\\\/www.meydan.tv\\\/az\\\/article\\\/rasim-ekberova-qarsi-sui-qesdde-ittiham-olunan-sexse-hokm-oxundu\\\/\",\"url\":\"https:\\\/\\\/www.meydan.tv\\\/az\\\/article\\\/rasim-ekberova-qarsi-sui-qesdde-ittiham-olunan-sexse-hokm-oxundu\\\/\",\"name\":\"Rasim \u018fkb\u0259rova qar\u015f\u0131 sui-q\u0259sdd\u0259 ittiham olunan \u015f\u0259xs\u0259 h\u00f6km oxundu - MEYDAN.TV\",\"isPartOf\":{\"@id\":\"https:\\\/\\\/www.meydan.tv\\\/az\\\/#website\"},\"primaryImageOfPage\":{\"@id\":\"https:\\\/\\\/www.meydan.tv\\\/az\\\/article\\\/rasim-ekberova-qarsi-sui-qesdde-ittiham-olunan-sexse-hokm-oxundu\\\/#primaryimage\"},\"image\":{\"@id\":\"https:\\\/\\\/www.meydan.tv\\\/az\\\/article\\\/rasim-ekberova-qarsi-sui-qesdde-ittiham-olunan-sexse-hokm-oxundu\\\/#primaryimage\"},\"thumbnailUrl\":\"https:\\\/\\\/www.meydan.tv\\\/wp-content\\\/uploads\\\/rasim-meme-e1639649913743.jpg\",\"datePublished\":\"2022-12-30T10:05:30+00:00\",\"dateModified\":\"2022-12-30T10:05:32+00:00\",\"breadcrumb\":{\"@id\":\"https:\\\/\\\/www.meydan.tv\\\/az\\\/article\\\/rasim-ekberova-qarsi-sui-qesdde-ittiham-olunan-sexse-hokm-oxundu\\\/#breadcrumb\"},\"inLanguage\":\"az\",\"potentialAction\":[{\"@type\":\"ReadAction\",\"target\":[\"https:\\\/\\\/www.meydan.tv\\\/az\\\/article\\\/rasim-ekberova-qarsi-sui-qesdde-ittiham-olunan-sexse-hokm-oxundu\\\/\"]}]},{\"@type\":\"ImageObject\",\"inLanguage\":\"az\",\"@id\":\"https:\\\/\\\/www.meydan.tv\\\/az\\\/article\\\/rasim-ekberova-qarsi-sui-qesdde-ittiham-olunan-sexse-hokm-oxundu\\\/#primaryimage\",\"url\":\"https:\\\/\\\/www.meydan.tv\\\/wp-content\\\/uploads\\\/rasim-meme-e1639649913743.jpg\",\"contentUrl\":\"https:\\\/\\\/www.meydan.tv\\\/wp-content\\\/uploads\\\/rasim-meme-e1639649913743.jpg\",\"width\":1200,\"height\":699,\"caption\":\"Rasim \u018fkb\u0259rov, Foto: Axar.az\"},{\"@type\":\"BreadcrumbList\",\"@id\":\"https:\\\/\\\/www.meydan.tv\\\/az\\\/article\\\/rasim-ekberova-qarsi-sui-qesdde-ittiham-olunan-sexse-hokm-oxundu\\\/#breadcrumb\",\"itemListElement\":[{\"@type\":\"ListItem\",\"position\":1,\"name\":\"Ana s\u0259hif\u0259\",\"item\":\"https:\\\/\\\/www.meydan.tv\\\/az\\\/\"},{\"@type\":\"ListItem\",\"position\":2,\"name\":\"B\u00f6lg\u0259\",\"item\":\"https:\\\/\\\/www.meydan.tv\\\/az\\\/section\\\/bolge\\\/\"},{\"@type\":\"ListItem\",\"position\":3,\"name\":\"Rasim \u018fkb\u0259rova qar\u015f\u0131 sui-q\u0259sdd\u0259 ittiham olunan \u015f\u0259xs\u0259 h\u00f6km oxundu\"}]},{\"@type\":\"WebSite\",\"@id\":\"https:\\\/\\\/www.meydan.tv\\\/az\\\/#website\",\"url\":\"https:\\\/\\\/www.meydan.tv\\\/az\\\/\",\"name\":\"MEYDAN.TV\",\"description\":\"Meydan TV Az\u0259rbaycan\u0131n media m\u0259kan\u0131ndak\u0131 alternativ s\u0259sidir\",\"publisher\":{\"@id\":\"https:\\\/\\\/www.meydan.tv\\\/az\\\/#organization\"},\"potentialAction\":[{\"@type\":\"SearchAction\",\"target\":{\"@type\":\"EntryPoint\",\"urlTemplate\":\"https:\\\/\\\/www.meydan.tv\\\/az\\\/?s={search_term_string}\"},\"query-input\":{\"@type\":\"PropertyValueSpecification\",\"valueRequired\":true,\"valueName\":\"search_term_string\"}}],\"inLanguage\":\"az\"},{\"@type\":\"Organization\",\"@id\":\"https:\\\/\\\/www.meydan.tv\\\/az\\\/#organization\",\"name\":\"Meydan TV\",\"url\":\"https:\\\/\\\/www.meydan.tv\\\/az\\\/\",\"logo\":{\"@type\":\"ImageObject\",\"inLanguage\":\"az\",\"@id\":\"https:\\\/\\\/www.meydan.tv\\\/az\\\/#\\\/schema\\\/logo\\\/image\\\/\",\"url\":\"https:\\\/\\\/www.meydan.tv\\\/wp-content\\\/uploads\\\/2021\\\/07\\\/meydan-logo.svg\",\"contentUrl\":\"https:\\\/\\\/www.meydan.tv\\\/wp-content\\\/uploads\\\/2021\\\/07\\\/meydan-logo.svg\",\"width\":195,\"height\":46,\"caption\":\"Meydan TV\"},\"image\":{\"@id\":\"https:\\\/\\\/www.meydan.tv\\\/az\\\/#\\\/schema\\\/logo\\\/image\\\/\"}},{\"@type\":\"Person\",\"@id\":\"https:\\\/\\\/www.meydan.tv\\\/az\\\/#\\\/schema\\\/person\\\/9cdbecf90d17180ce1dfbd95b08dcf47\",\"name\":\"elli\",\"sameAs\":[\"https:\\\/\\\/x.com\\\/elli\"]}]}<\/script>\n<!-- \/ Yoast SEO plugin. -->","yoast_head_json":{"title":"Rasim \u018fkb\u0259rova qar\u015f\u0131 sui-q\u0259sdd\u0259 ittiham olunan \u015f\u0259xs\u0259 h\u00f6km oxundu - MEYDAN.TV","robots":{"index":"index","follow":"follow","max-snippet":"max-snippet:-1","max-image-preview":"max-image-preview:large","max-video-preview":"max-video-preview:-1"},"canonical":"https:\/\/www.meydan.tv\/az\/article\/rasim-ekberova-qarsi-sui-qesdde-ittiham-olunan-sexse-hokm-oxundu\/","og_locale":"az_AZ","og_type":"article","og_title":"Rasim \u018fkb\u0259rova qar\u015f\u0131 sui-q\u0259sdd\u0259 ittiham olunan \u015f\u0259xs\u0259 h\u00f6km oxundu - MEYDAN.TV","og_description":"T\u0259qsirl\u0259ndiril\u0259n \u015f\u0259xs ke\u00e7mi\u015f Milli Q\u0259hr\u0259man\u0131 \u00f6ld\u00fcrm\u0259k fikrind\u0259 olmad\u0131\u011f\u0131n\u0131 deyib Az\u0259rbaycan\u0131n ... Davam\u0131","og_url":"https:\/\/www.meydan.tv\/az\/article\/rasim-ekberova-qarsi-sui-qesdde-ittiham-olunan-sexse-hokm-oxundu\/","og_site_name":"MEYDAN.TV","article_published_time":"2022-12-30T10:05:30+00:00","article_modified_time":"2022-12-30T10:05:32+00:00","og_image":[{"width":1200,"height":699,"url":"https:\/\/www.meydan.tv\/wp-content\/uploads\/rasim-meme-e1639649913743.jpg","type":"image\/jpeg"}],"author":"elli","twitter_card":"summary_large_image","twitter_creator":"@elli","schema":{"@context":"https:\/\/schema.org","@graph":[{"@type":"Article","@id":"https:\/\/www.meydan.tv\/az\/article\/rasim-ekberova-qarsi-sui-qesdde-ittiham-olunan-sexse-hokm-oxundu\/#article","isPartOf":{"@id":"https:\/\/www.meydan.tv\/az\/article\/rasim-ekberova-qarsi-sui-qesdde-ittiham-olunan-sexse-hokm-oxundu\/"},"author":{"name":"elli","@id":"https:\/\/www.meydan.tv\/az\/#\/schema\/person\/9cdbecf90d17180ce1dfbd95b08dcf47"},"headline":"Rasim \u018fkb\u0259rova qar\u015f\u0131 sui-q\u0259sdd\u0259 ittiham olunan \u015f\u0259xs\u0259 h\u00f6km oxundu","datePublished":"2022-12-30T10:05:30+00:00","dateModified":"2022-12-30T10:05:32+00:00","mainEntityOfPage":{"@id":"https:\/\/www.meydan.tv\/az\/article\/rasim-ekberova-qarsi-sui-qesdde-ittiham-olunan-sexse-hokm-oxundu\/"},"wordCount":821,"publisher":{"@id":"https:\/\/www.meydan.tv\/az\/#organization"},"image":{"@id":"https:\/\/www.meydan.tv\/az\/article\/rasim-ekberova-qarsi-sui-qesdde-ittiham-olunan-sexse-hokm-oxundu\/#primaryimage"},"thumbnailUrl":"https:\/\/www.meydan.tv\/wp-content\/uploads\/rasim-meme-e1639649913743.jpg","articleSection":["B\u00f6lg\u0259","X\u0259b\u0259rl\u0259r"],"inLanguage":"az"},{"@type":"WebPage","@id":"https:\/\/www.meydan.tv\/az\/article\/rasim-ekberova-qarsi-sui-qesdde-ittiham-olunan-sexse-hokm-oxundu\/","url":"https:\/\/www.meydan.tv\/az\/article\/rasim-ekberova-qarsi-sui-qesdde-ittiham-olunan-sexse-hokm-oxundu\/","name":"Rasim \u018fkb\u0259rova qar\u015f\u0131 sui-q\u0259sdd\u0259 ittiham olunan \u015f\u0259xs\u0259 h\u00f6km oxundu - MEYDAN.TV","isPartOf":{"@id":"https:\/\/www.meydan.tv\/az\/#website"},"primaryImageOfPage":{"@id":"https:\/\/www.meydan.tv\/az\/article\/rasim-ekberova-qarsi-sui-qesdde-ittiham-olunan-sexse-hokm-oxundu\/#primaryimage"},"image":{"@id":"https:\/\/www.meydan.tv\/az\/article\/rasim-ekberova-qarsi-sui-qesdde-ittiham-olunan-sexse-hokm-oxundu\/#primaryimage"},"thumbnailUrl":"https:\/\/www.meydan.tv\/wp-content\/uploads\/rasim-meme-e1639649913743.jpg","datePublished":"2022-12-30T10:05:30+00:00","dateModified":"2022-12-30T10:05:32+00:00","breadcrumb":{"@id":"https:\/\/www.meydan.tv\/az\/article\/rasim-ekberova-qarsi-sui-qesdde-ittiham-olunan-sexse-hokm-oxundu\/#breadcrumb"},"inLanguage":"az","potentialAction":[{"@type":"ReadAction","target":["https:\/\/www.meydan.tv\/az\/article\/rasim-ekberova-qarsi-sui-qesdde-ittiham-olunan-sexse-hokm-oxundu\/"]}]},{"@type":"ImageObject","inLanguage":"az","@id":"https:\/\/www.meydan.tv\/az\/article\/rasim-ekberova-qarsi-sui-qesdde-ittiham-olunan-sexse-hokm-oxundu\/#primaryimage","url":"https:\/\/www.meydan.tv\/wp-content\/uploads\/rasim-meme-e1639649913743.jpg","contentUrl":"https:\/\/www.meydan.tv\/wp-content\/uploads\/rasim-meme-e1639649913743.jpg","width":1200,"height":699,"caption":"Rasim \u018fkb\u0259rov, Foto: Axar.az"},{"@type":"BreadcrumbList","@id":"https:\/\/www.meydan.tv\/az\/article\/rasim-ekberova-qarsi-sui-qesdde-ittiham-olunan-sexse-hokm-oxundu\/#breadcrumb","itemListElement":[{"@type":"ListItem","position":1,"name":"Ana s\u0259hif\u0259","item":"https:\/\/www.meydan.tv\/az\/"},{"@type":"ListItem","position":2,"name":"B\u00f6lg\u0259","item":"https:\/\/www.meydan.tv\/az\/section\/bolge\/"},{"@type":"ListItem","position":3,"name":"Rasim \u018fkb\u0259rova qar\u015f\u0131 sui-q\u0259sdd\u0259 ittiham olunan \u015f\u0259xs\u0259 h\u00f6km oxundu"}]},{"@type":"WebSite","@id":"https:\/\/www.meydan.tv\/az\/#website","url":"https:\/\/www.meydan.tv\/az\/","name":"MEYDAN.TV","description":"Meydan TV Az\u0259rbaycan\u0131n media m\u0259kan\u0131ndak\u0131 alternativ s\u0259sidir","publisher":{"@id":"https:\/\/www.meydan.tv\/az\/#organization"},"potentialAction":[{"@type":"SearchAction","target":{"@type":"EntryPoint","urlTemplate":"https:\/\/www.meydan.tv\/az\/?s={search_term_string}"},"query-input":{"@type":"PropertyValueSpecification","valueRequired":true,"valueName":"search_term_string"}}],"inLanguage":"az"},{"@type":"Organization","@id":"https:\/\/www.meydan.tv\/az\/#organization","name":"Meydan TV","url":"https:\/\/www.meydan.tv\/az\/","logo":{"@type":"ImageObject","inLanguage":"az","@id":"https:\/\/www.meydan.tv\/az\/#\/schema\/logo\/image\/","url":"https:\/\/www.meydan.tv\/wp-content\/uploads\/2021\/07\/meydan-logo.svg","contentUrl":"https:\/\/www.meydan.tv\/wp-content\/uploads\/2021\/07\/meydan-logo.svg","width":195,"height":46,"caption":"Meydan TV"},"image":{"@id":"https:\/\/www.meydan.tv\/az\/#\/schema\/logo\/image\/"}},{"@type":"Person","@id":"https:\/\/www.meydan.tv\/az\/#\/schema\/person\/9cdbecf90d17180ce1dfbd95b08dcf47","name":"elli","sameAs":["https:\/\/x.com\/elli"]}]}},"_links":{"self":[{"href":"https:\/\/www.meydan.tv\/az\/wp-json\/wp\/v2\/posts\/264926","targetHints":{"allow":["GET"]}}],"collection":[{"href":"https:\/\/www.meydan.tv\/az\/wp-json\/wp\/v2\/posts"}],"about":[{"href":"https:\/\/www.meydan.tv\/az\/wp-json\/wp\/v2\/types\/post"}],"author":[{"embeddable":true,"href":"https:\/\/www.meydan.tv\/az\/wp-json\/wp\/v2\/users\/8"}],"replies":[{"embeddable":true,"href":"https:\/\/www.meydan.tv\/az\/wp-json\/wp\/v2\/comments?post=264926"}],"version-history":[{"count":1,"href":"https:\/\/www.meydan.tv\/az\/wp-json\/wp\/v2\/posts\/264926\/revisions"}],"predecessor-version":[{"id":264927,"href":"https:\/\/www.meydan.tv\/az\/wp-json\/wp\/v2\/posts\/264926\/revisions\/264927"}],"wp:featuredmedia":[{"embeddable":true,"href":"https:\/\/www.meydan.tv\/az\/wp-json\/wp\/v2\/media\/229453"}],"wp:attachment":[{"href":"https:\/\/www.meydan.tv\/az\/wp-json\/wp\/v2\/media?parent=264926"}],"wp:term":[{"taxonomy":"category","embeddable":true,"href":"https:\/\/www.meydan.tv\/az\/wp-json\/wp\/v2\/categories?post=264926"},{"taxonomy":"post_tag","embeddable":true,"href":"https:\/\/www.meydan.tv\/az\/wp-json\/wp\/v2\/tags?post=264926"}],"curies":[{"name":"wp","href":"https:\/\/api.w.org\/{rel}","templated":true}]}}