{"id":264874,"date":"2022-12-29T17:39:35","date_gmt":"2022-12-29T13:39:35","guid":{"rendered":"https:\/\/www.meydan.tv\/?p=264874"},"modified":"2022-12-29T19:14:50","modified_gmt":"2022-12-29T15:14:50","slug":"nadir-qafarzade-ermeniler-azerbaycan-mahnilarini-daha-yaxsi-oxuyurlar","status":"publish","type":"post","link":"https:\/\/www.meydan.tv\/az\/article\/nadir-qafarzade-ermeniler-azerbaycan-mahnilarini-daha-yaxsi-oxuyurlar\/","title":{"rendered":"<strong>Nadir Qafarzad\u0259: &#8220;Erm\u0259nil\u0259r Az\u0259rbaycan mahn\u0131lar\u0131n\u0131 daha yax\u015f\u0131 oxuyurlar&#8221;<\/strong>"},"content":{"rendered":"\n<p><\/p>\n\n\n\n<p><em>M\u00fc\u011f\u0259nni deyir ki, bu gedi\u015fl\u0259 pe\u015f\u0259kar estrada musiqisi tarix\u0259 qovu\u015facaq<\/em><\/p>\n\n\n\n<p>Az\u0259rbaycan musiqisinin 20 faizi qal\u0131b. Bu is\u0259 g\u0259l\u0259c\u0259kd\u0259 Az\u0259rbaycan musiqisinin yox olaca\u011f\u0131na i\u015far\u0259dir&#8221;.<\/p>\n\n\n\n<p>&#8220;Haz\u0131rda professional Az\u0259rbaycan musiqisin\u0259 \u00e7ox az rast g\u0259linir. Halbuki musiqid\u0259 olan ladlar\u0131n say\u0131 he\u00e7 bir xarici \u00f6lk\u0259nin musiqisind\u0259 yoxdur. Az\u0259rbaycan musiqisinin 20 faizi qal\u0131b. Bu is\u0259 g\u0259l\u0259c\u0259kd\u0259 Az\u0259rbaycan musiqisinin yox olaca\u011f\u0131na i\u015far\u0259dir&#8221;.<\/p>\n\n\n\n<p>Bunu Meydan TV-y\u0259 m\u00fc\u011f\u0259nni Nadir Qafarzad\u0259 deyib.<\/p>\n\n\n\n<p>\u0130fa\u00e7\u0131 son ill\u0259r kommersiya mahn\u0131lar\u0131n\u0131n b\u0259st\u0259kar musiqil\u0259rini \u00fcst\u0259l\u0259diyi q\u0259na\u0259tind\u0259dir. Bu is\u0259 onu ciddi narahat edir:<\/p>\n\n\n\n<p>\u201cD\u00fczd\u00fcr, kommersiya mahn\u0131lar\u0131n\u0131 m\u0259n d\u0259 oxumu\u015fam. Bunu qazanc \u0259ld\u0259 etm\u0259k, ya\u015famaq, h\u0259m\u00e7inin Az\u0259rbaycan b\u0259st\u0259karlar\u0131n\u0131n \u0259s\u0259rl\u0259rini ya\u015fatmaq \u00fc\u00e7\u00fcn edir\u0259m. Kommerisya mahn\u0131lar\u0131ndan qazand\u0131\u011f\u0131m pulu s\u0259n\u0259t\u0259 h\u0259sr edir\u0259m. Bizim \u00f6z folklorumuz, a\u015f\u0131q mahn\u0131lar\u0131m\u0131z, mu\u011famlar\u0131m\u0131z var. \u00d6z musiqimizi ya\u015fatmal\u0131y\u0131q\u201d.<\/p>\n\n\n\n<p>Nadiq Qafarzad\u0259 deyir ki, sovet hakimiyy\u0259ti d\u00f6vr\u00fcnd\u0259 Az\u0259rbaycanda pe\u015f\u0259karlar \u2013 b\u0259st\u0259karlar, \u015fairl\u0259r, heyk\u0259ltara\u015flar, r\u0259ssamlar, ifa\u00e7\u0131lar yeti\u015fdi. Lakin indi istedadlara \u00e7ox nadir hallarda rast g\u0259linir:<\/p>\n\n\n\n<p>\u201cH\u0259min qurulu\u015f biz\u0259 yetmi\u015f il \u0259rzind\u0259 x\u0259zin\u0259 qoyub getdi. Bunu danmaq olmaz. Bu g\u00fcn is\u0259 art\u0131q biz m\u00fcst\u0259qilik. T\u0259\u0259ss\u00fcf ki, bu otuz il \u0259rzind\u0259 h\u0259l\u0259 ki, \u0259sl istedad \u00e7ox az yeti\u015fir. G\u0259nc ifa\u00e7\u0131lar art\u0131q Az\u0259rbaycan musiqisi oxumaq ist\u0259mirl\u0259r. H\u0259r\u0259sinin \u0259lind\u0259 bir gitara ya t\u00fcrk mahn\u0131lar\u0131, ya da t\u00fcrksaya\u011f\u0131 mahn\u0131lar oxuyurlar\u201d.<\/p>\n\n\n\n<p>\u0130fa\u00e7\u0131n\u0131n \u0259sas narahatl\u0131\u011f\u0131 da Az\u0259rbaycan estrada musiqisin\u0259 g\u00f6r\u0259dir. Deyir ki, bu gedi\u015fl\u0259 pe\u015f\u0259kar estrada musiqisi tarix\u0259 qovu\u015facaq: <\/p>\n\n\n\n<p>\u201cAz\u0259rbaycan estrada musiqisi, mahn\u0131lar\u0131 \u00e7ox az yaz\u0131l\u0131r. Yaz\u0131landa da ora m\u00fctl\u0259q \u0130ran, Hindistan, \u0259r\u0259b, t\u00fcrk ladlar\u0131 g\u0259lir. Bununla da qar\u0131\u015f\u0131q, k\u00f6k\u00fc bilinm\u0259y\u0259n bir musiqi yaran\u0131r\u201d.<\/p>\n\n\n\n<p>Nadir Qafarzad\u0259 deyir ki, toylarda kommersiya mahn\u0131lar\u0131 il\u0259 yana\u015f\u0131, h\u0259m d\u0259 b\u0259st\u0259kar v\u0259 estrada mahn\u0131lar\u0131 da oxuyur.<\/p>\n\n\n\n<p>Onun s\u00f6zl\u0259rin\u0259 g\u00f6r\u0259, g\u0259nc ifad\u0259\u00e7il\u0259rin \u00e7oxu, m\u0259s\u0259l\u0259n, \u201cNaz\u0259nd\u0259 sevgilim\u201d mahn\u0131s\u0131n bilmir:<\/p>\n\n\n\n<p>\u201cToylara ged\u0259nd\u0259 kommersiya mahn\u0131lar\u0131 il\u0259 yana\u015f\u0131, h\u0259m d\u0259 Emin Sabito\u011flunun, Tofiq Quliyevin, Ramiz Miri\u015flinin \u0259s\u0259rl\u0259rini oxuyuram ki, insanlar \u0259sl musiqini unutmas\u0131nlar. Bu yax\u0131nlarda bir m\u0259clisd\u0259 qonaq idim. \u0130fa\u00e7\u0131lar g\u0259nc musiqi\u00e7il\u0259r idi. Onlara yax\u0131nla\u015f\u0131b, dedim ki, m\u0259nim \u00fc\u00e7\u00fcn \u201cNaz\u0259nd\u0259 sevgilim\u201di \u00e7al\u0131n. Onlar mahn\u0131n\u0131 bilm\u0259dirl\u0259r, bu, faci\u0259dir&#8221;.<\/p>\n\n\n\n<p>&#8220;Elza \u0130brahimovan\u0131n, Tofiq Quliyevin, Ramiz Miri\u015flinin, Emin Sabito\u011flunun b\u0259st\u0259l\u0259diyi mahn\u0131lar\u0131 oxuyursan, onlara yad g\u0259lir. Pul qazanmaq \u00fc\u00e7\u00fcn kommersiya mahn\u0131lar\u0131 da laz\u0131md\u0131r. Lakin ilk n\u00f6vb\u0259d\u0259 Az\u0259rbaycan musiqisini, b\u0259st\u0259kar mahn\u0131lar\u0131n\u0131 bilm\u0259k vacibdir&#8221;, &#8211; dey\u0259 o bildirib.<\/p>\n\n\n\n<p>\u201cSonra da deyirik ki, erm\u0259ni bizim mahn\u0131n\u0131 oxudu. Onlar daha d\u00fczg\u00fcn oxuyurlar. Erm\u0259ni Az\u0259rbaycan mahn\u0131s\u0131n\u0131 d\u00fczg\u00fcn oxuyur, d\u00fczg\u00fcn oranjiman edir, qula\u011fayat\u0131ml\u0131 edir. Amma bax\u0131rsan ki, az\u0259rbaycanl\u0131 \u00f6z musiqini b\u0259rbad g\u00fcn\u0259 qoyub. Sonra da deyirl\u0259r ki, o\u011furlad\u0131lar. Yem\u0259y\u0259nin pay\u0131n\u0131 yey\u0259rl\u0259r\u201d, &#8211; Nadiq Qafarzad\u0259 deyib.<\/p>\n","protected":false},"excerpt":{"rendered":"<p>M\u00fc\u011f\u0259nni deyir ki, bu gedi\u015fl\u0259 pe\u015f\u0259kar estrada musiqisi tarix\u0259 qovu\u015facaq &#8230; <\/p>\n<p class=\"read-more-container\"><a title=\"Nadir Qafarzad\u0259: &#8220;Erm\u0259nil\u0259r Az\u0259rbaycan mahn\u0131lar\u0131n\u0131 daha yax\u015f\u0131 oxuyurlar&#8221;\" class=\"read-more button\" href=\"https:\/\/www.meydan.tv\/az\/article\/nadir-qafarzade-ermeniler-azerbaycan-mahnilarini-daha-yaxsi-oxuyurlar\/#more-264874\" aria-label=\"Read more about Nadir Qafarzad\u0259: &#8220;Erm\u0259nil\u0259r Az\u0259rbaycan mahn\u0131lar\u0131n\u0131 daha yax\u015f\u0131 oxuyurlar&#8221;\">Davam\u0131<\/a><\/p>\n","protected":false},"author":8,"featured_media":235306,"comment_status":"closed","ping_status":"closed","sticky":false,"template":"","format":"standard","meta":{"_acf_changed":false,"_sitemap_exclude":false,"_sitemap_priority":"","_sitemap_frequency":"","footnotes":""},"categories":[52,56],"tags":[],"class_list":["post-264874","post","type-post","status-publish","format-standard","has-post-thumbnail","hentry","category-medeniyyet","category-xeberler","infinite-scroll-item","generate-columns","tablet-grid-50","mobile-grid-100","grid-parent","grid-33","no-featured-image-padding"],"acf":[],"yoast_head":"<!-- This site is optimized with the Yoast SEO plugin v27.4 - https:\/\/yoast.com\/product\/yoast-seo-wordpress\/ -->\n<title>Nadir Qafarzad\u0259: &quot;Erm\u0259nil\u0259r Az\u0259rbaycan mahn\u0131lar\u0131n\u0131 daha yax\u015f\u0131 oxuyurlar&quot; - MEYDAN.TV<\/title>\n<meta name=\"robots\" content=\"index, follow, max-snippet:-1, max-image-preview:large, max-video-preview:-1\" \/>\n<link rel=\"canonical\" href=\"https:\/\/www.meydan.tv\/az\/article\/nadir-qafarzade-ermeniler-azerbaycan-mahnilarini-daha-yaxsi-oxuyurlar\/\" \/>\n<meta property=\"og:locale\" content=\"az_AZ\" \/>\n<meta property=\"og:type\" content=\"article\" \/>\n<meta property=\"og:title\" content=\"Nadir Qafarzad\u0259: &quot;Erm\u0259nil\u0259r Az\u0259rbaycan mahn\u0131lar\u0131n\u0131 daha yax\u015f\u0131 oxuyurlar&quot; - MEYDAN.TV\" \/>\n<meta property=\"og:description\" content=\"M\u00fc\u011f\u0259nni deyir ki, bu gedi\u015fl\u0259 pe\u015f\u0259kar estrada musiqisi tarix\u0259 qovu\u015facaq ... Davam\u0131\" \/>\n<meta property=\"og:url\" content=\"https:\/\/www.meydan.tv\/az\/article\/nadir-qafarzade-ermeniler-azerbaycan-mahnilarini-daha-yaxsi-oxuyurlar\/\" \/>\n<meta property=\"og:site_name\" content=\"MEYDAN.TV\" \/>\n<meta property=\"article:published_time\" content=\"2022-12-29T13:39:35+00:00\" \/>\n<meta property=\"article:modified_time\" content=\"2022-12-29T15:14:50+00:00\" \/>\n<meta property=\"og:image\" content=\"https:\/\/www.meydan.tv\/wp-content\/uploads\/1637569764_nadirqafarzade_official-197226298_1654807221371610_565802187242345021_n-1-e1645536370926.jpg\" \/>\n\t<meta property=\"og:image:width\" content=\"1080\" \/>\n\t<meta property=\"og:image:height\" content=\"594\" \/>\n\t<meta property=\"og:image:type\" content=\"image\/jpeg\" \/>\n<meta name=\"author\" content=\"elli\" \/>\n<meta name=\"twitter:card\" content=\"summary_large_image\" \/>\n<meta name=\"twitter:creator\" content=\"@elli\" \/>\n<script type=\"application\/ld+json\" class=\"yoast-schema-graph\">{\"@context\":\"https:\\\/\\\/schema.org\",\"@graph\":[{\"@type\":\"Article\",\"@id\":\"https:\\\/\\\/www.meydan.tv\\\/az\\\/article\\\/nadir-qafarzade-ermeniler-azerbaycan-mahnilarini-daha-yaxsi-oxuyurlar\\\/#article\",\"isPartOf\":{\"@id\":\"https:\\\/\\\/www.meydan.tv\\\/az\\\/article\\\/nadir-qafarzade-ermeniler-azerbaycan-mahnilarini-daha-yaxsi-oxuyurlar\\\/\"},\"author\":{\"name\":\"elli\",\"@id\":\"https:\\\/\\\/www.meydan.tv\\\/az\\\/#\\\/schema\\\/person\\\/9cdbecf90d17180ce1dfbd95b08dcf47\"},\"headline\":\"Nadir Qafarzad\u0259: &#8220;Erm\u0259nil\u0259r Az\u0259rbaycan mahn\u0131lar\u0131n\u0131 daha yax\u015f\u0131 oxuyurlar&#8221;\",\"datePublished\":\"2022-12-29T13:39:35+00:00\",\"dateModified\":\"2022-12-29T15:14:50+00:00\",\"mainEntityOfPage\":{\"@id\":\"https:\\\/\\\/www.meydan.tv\\\/az\\\/article\\\/nadir-qafarzade-ermeniler-azerbaycan-mahnilarini-daha-yaxsi-oxuyurlar\\\/\"},\"wordCount\":609,\"publisher\":{\"@id\":\"https:\\\/\\\/www.meydan.tv\\\/az\\\/#organization\"},\"image\":{\"@id\":\"https:\\\/\\\/www.meydan.tv\\\/az\\\/article\\\/nadir-qafarzade-ermeniler-azerbaycan-mahnilarini-daha-yaxsi-oxuyurlar\\\/#primaryimage\"},\"thumbnailUrl\":\"https:\\\/\\\/www.meydan.tv\\\/wp-content\\\/uploads\\\/1637569764_nadirqafarzade_official-197226298_1654807221371610_565802187242345021_n-1-e1645536370926.jpg\",\"articleSection\":[\"M\u0259d\u0259niyy\u0259t\",\"X\u0259b\u0259rl\u0259r\"],\"inLanguage\":\"az\"},{\"@type\":\"WebPage\",\"@id\":\"https:\\\/\\\/www.meydan.tv\\\/az\\\/article\\\/nadir-qafarzade-ermeniler-azerbaycan-mahnilarini-daha-yaxsi-oxuyurlar\\\/\",\"url\":\"https:\\\/\\\/www.meydan.tv\\\/az\\\/article\\\/nadir-qafarzade-ermeniler-azerbaycan-mahnilarini-daha-yaxsi-oxuyurlar\\\/\",\"name\":\"Nadir Qafarzad\u0259: \\\"Erm\u0259nil\u0259r Az\u0259rbaycan mahn\u0131lar\u0131n\u0131 daha yax\u015f\u0131 oxuyurlar\\\" - MEYDAN.TV\",\"isPartOf\":{\"@id\":\"https:\\\/\\\/www.meydan.tv\\\/az\\\/#website\"},\"primaryImageOfPage\":{\"@id\":\"https:\\\/\\\/www.meydan.tv\\\/az\\\/article\\\/nadir-qafarzade-ermeniler-azerbaycan-mahnilarini-daha-yaxsi-oxuyurlar\\\/#primaryimage\"},\"image\":{\"@id\":\"https:\\\/\\\/www.meydan.tv\\\/az\\\/article\\\/nadir-qafarzade-ermeniler-azerbaycan-mahnilarini-daha-yaxsi-oxuyurlar\\\/#primaryimage\"},\"thumbnailUrl\":\"https:\\\/\\\/www.meydan.tv\\\/wp-content\\\/uploads\\\/1637569764_nadirqafarzade_official-197226298_1654807221371610_565802187242345021_n-1-e1645536370926.jpg\",\"datePublished\":\"2022-12-29T13:39:35+00:00\",\"dateModified\":\"2022-12-29T15:14:50+00:00\",\"breadcrumb\":{\"@id\":\"https:\\\/\\\/www.meydan.tv\\\/az\\\/article\\\/nadir-qafarzade-ermeniler-azerbaycan-mahnilarini-daha-yaxsi-oxuyurlar\\\/#breadcrumb\"},\"inLanguage\":\"az\",\"potentialAction\":[{\"@type\":\"ReadAction\",\"target\":[\"https:\\\/\\\/www.meydan.tv\\\/az\\\/article\\\/nadir-qafarzade-ermeniler-azerbaycan-mahnilarini-daha-yaxsi-oxuyurlar\\\/\"]}]},{\"@type\":\"ImageObject\",\"inLanguage\":\"az\",\"@id\":\"https:\\\/\\\/www.meydan.tv\\\/az\\\/article\\\/nadir-qafarzade-ermeniler-azerbaycan-mahnilarini-daha-yaxsi-oxuyurlar\\\/#primaryimage\",\"url\":\"https:\\\/\\\/www.meydan.tv\\\/wp-content\\\/uploads\\\/1637569764_nadirqafarzade_official-197226298_1654807221371610_565802187242345021_n-1-e1645536370926.jpg\",\"contentUrl\":\"https:\\\/\\\/www.meydan.tv\\\/wp-content\\\/uploads\\\/1637569764_nadirqafarzade_official-197226298_1654807221371610_565802187242345021_n-1-e1645536370926.jpg\",\"width\":1080,\"height\":594,\"caption\":\"Nadir Qafarzad\u0259. M\u0259nb\u0259: https:\\\/\\\/baku.ws\\\/\"},{\"@type\":\"BreadcrumbList\",\"@id\":\"https:\\\/\\\/www.meydan.tv\\\/az\\\/article\\\/nadir-qafarzade-ermeniler-azerbaycan-mahnilarini-daha-yaxsi-oxuyurlar\\\/#breadcrumb\",\"itemListElement\":[{\"@type\":\"ListItem\",\"position\":1,\"name\":\"Ana s\u0259hif\u0259\",\"item\":\"https:\\\/\\\/www.meydan.tv\\\/az\\\/\"},{\"@type\":\"ListItem\",\"position\":2,\"name\":\"M\u0259d\u0259niyy\u0259t\",\"item\":\"https:\\\/\\\/www.meydan.tv\\\/az\\\/section\\\/medeniyyet\\\/\"},{\"@type\":\"ListItem\",\"position\":3,\"name\":\"Nadir Qafarzad\u0259: &#8220;Erm\u0259nil\u0259r Az\u0259rbaycan mahn\u0131lar\u0131n\u0131 daha yax\u015f\u0131 oxuyurlar&#8221;\"}]},{\"@type\":\"WebSite\",\"@id\":\"https:\\\/\\\/www.meydan.tv\\\/az\\\/#website\",\"url\":\"https:\\\/\\\/www.meydan.tv\\\/az\\\/\",\"name\":\"MEYDAN.TV\",\"description\":\"Meydan TV Az\u0259rbaycan\u0131n media m\u0259kan\u0131ndak\u0131 alternativ s\u0259sidir\",\"publisher\":{\"@id\":\"https:\\\/\\\/www.meydan.tv\\\/az\\\/#organization\"},\"potentialAction\":[{\"@type\":\"SearchAction\",\"target\":{\"@type\":\"EntryPoint\",\"urlTemplate\":\"https:\\\/\\\/www.meydan.tv\\\/az\\\/?s={search_term_string}\"},\"query-input\":{\"@type\":\"PropertyValueSpecification\",\"valueRequired\":true,\"valueName\":\"search_term_string\"}}],\"inLanguage\":\"az\"},{\"@type\":\"Organization\",\"@id\":\"https:\\\/\\\/www.meydan.tv\\\/az\\\/#organization\",\"name\":\"Meydan TV\",\"url\":\"https:\\\/\\\/www.meydan.tv\\\/az\\\/\",\"logo\":{\"@type\":\"ImageObject\",\"inLanguage\":\"az\",\"@id\":\"https:\\\/\\\/www.meydan.tv\\\/az\\\/#\\\/schema\\\/logo\\\/image\\\/\",\"url\":\"https:\\\/\\\/www.meydan.tv\\\/wp-content\\\/uploads\\\/2021\\\/07\\\/meydan-logo.svg\",\"contentUrl\":\"https:\\\/\\\/www.meydan.tv\\\/wp-content\\\/uploads\\\/2021\\\/07\\\/meydan-logo.svg\",\"width\":195,\"height\":46,\"caption\":\"Meydan TV\"},\"image\":{\"@id\":\"https:\\\/\\\/www.meydan.tv\\\/az\\\/#\\\/schema\\\/logo\\\/image\\\/\"}},{\"@type\":\"Person\",\"@id\":\"https:\\\/\\\/www.meydan.tv\\\/az\\\/#\\\/schema\\\/person\\\/9cdbecf90d17180ce1dfbd95b08dcf47\",\"name\":\"elli\",\"sameAs\":[\"https:\\\/\\\/x.com\\\/elli\"]}]}<\/script>\n<!-- \/ Yoast SEO plugin. -->","yoast_head_json":{"title":"Nadir Qafarzad\u0259: \"Erm\u0259nil\u0259r Az\u0259rbaycan mahn\u0131lar\u0131n\u0131 daha yax\u015f\u0131 oxuyurlar\" - MEYDAN.TV","robots":{"index":"index","follow":"follow","max-snippet":"max-snippet:-1","max-image-preview":"max-image-preview:large","max-video-preview":"max-video-preview:-1"},"canonical":"https:\/\/www.meydan.tv\/az\/article\/nadir-qafarzade-ermeniler-azerbaycan-mahnilarini-daha-yaxsi-oxuyurlar\/","og_locale":"az_AZ","og_type":"article","og_title":"Nadir Qafarzad\u0259: \"Erm\u0259nil\u0259r Az\u0259rbaycan mahn\u0131lar\u0131n\u0131 daha yax\u015f\u0131 oxuyurlar\" - MEYDAN.TV","og_description":"M\u00fc\u011f\u0259nni deyir ki, bu gedi\u015fl\u0259 pe\u015f\u0259kar estrada musiqisi tarix\u0259 qovu\u015facaq ... Davam\u0131","og_url":"https:\/\/www.meydan.tv\/az\/article\/nadir-qafarzade-ermeniler-azerbaycan-mahnilarini-daha-yaxsi-oxuyurlar\/","og_site_name":"MEYDAN.TV","article_published_time":"2022-12-29T13:39:35+00:00","article_modified_time":"2022-12-29T15:14:50+00:00","og_image":[{"width":1080,"height":594,"url":"https:\/\/www.meydan.tv\/wp-content\/uploads\/1637569764_nadirqafarzade_official-197226298_1654807221371610_565802187242345021_n-1-e1645536370926.jpg","type":"image\/jpeg"}],"author":"elli","twitter_card":"summary_large_image","twitter_creator":"@elli","schema":{"@context":"https:\/\/schema.org","@graph":[{"@type":"Article","@id":"https:\/\/www.meydan.tv\/az\/article\/nadir-qafarzade-ermeniler-azerbaycan-mahnilarini-daha-yaxsi-oxuyurlar\/#article","isPartOf":{"@id":"https:\/\/www.meydan.tv\/az\/article\/nadir-qafarzade-ermeniler-azerbaycan-mahnilarini-daha-yaxsi-oxuyurlar\/"},"author":{"name":"elli","@id":"https:\/\/www.meydan.tv\/az\/#\/schema\/person\/9cdbecf90d17180ce1dfbd95b08dcf47"},"headline":"Nadir Qafarzad\u0259: &#8220;Erm\u0259nil\u0259r Az\u0259rbaycan mahn\u0131lar\u0131n\u0131 daha yax\u015f\u0131 oxuyurlar&#8221;","datePublished":"2022-12-29T13:39:35+00:00","dateModified":"2022-12-29T15:14:50+00:00","mainEntityOfPage":{"@id":"https:\/\/www.meydan.tv\/az\/article\/nadir-qafarzade-ermeniler-azerbaycan-mahnilarini-daha-yaxsi-oxuyurlar\/"},"wordCount":609,"publisher":{"@id":"https:\/\/www.meydan.tv\/az\/#organization"},"image":{"@id":"https:\/\/www.meydan.tv\/az\/article\/nadir-qafarzade-ermeniler-azerbaycan-mahnilarini-daha-yaxsi-oxuyurlar\/#primaryimage"},"thumbnailUrl":"https:\/\/www.meydan.tv\/wp-content\/uploads\/1637569764_nadirqafarzade_official-197226298_1654807221371610_565802187242345021_n-1-e1645536370926.jpg","articleSection":["M\u0259d\u0259niyy\u0259t","X\u0259b\u0259rl\u0259r"],"inLanguage":"az"},{"@type":"WebPage","@id":"https:\/\/www.meydan.tv\/az\/article\/nadir-qafarzade-ermeniler-azerbaycan-mahnilarini-daha-yaxsi-oxuyurlar\/","url":"https:\/\/www.meydan.tv\/az\/article\/nadir-qafarzade-ermeniler-azerbaycan-mahnilarini-daha-yaxsi-oxuyurlar\/","name":"Nadir Qafarzad\u0259: \"Erm\u0259nil\u0259r Az\u0259rbaycan mahn\u0131lar\u0131n\u0131 daha yax\u015f\u0131 oxuyurlar\" - MEYDAN.TV","isPartOf":{"@id":"https:\/\/www.meydan.tv\/az\/#website"},"primaryImageOfPage":{"@id":"https:\/\/www.meydan.tv\/az\/article\/nadir-qafarzade-ermeniler-azerbaycan-mahnilarini-daha-yaxsi-oxuyurlar\/#primaryimage"},"image":{"@id":"https:\/\/www.meydan.tv\/az\/article\/nadir-qafarzade-ermeniler-azerbaycan-mahnilarini-daha-yaxsi-oxuyurlar\/#primaryimage"},"thumbnailUrl":"https:\/\/www.meydan.tv\/wp-content\/uploads\/1637569764_nadirqafarzade_official-197226298_1654807221371610_565802187242345021_n-1-e1645536370926.jpg","datePublished":"2022-12-29T13:39:35+00:00","dateModified":"2022-12-29T15:14:50+00:00","breadcrumb":{"@id":"https:\/\/www.meydan.tv\/az\/article\/nadir-qafarzade-ermeniler-azerbaycan-mahnilarini-daha-yaxsi-oxuyurlar\/#breadcrumb"},"inLanguage":"az","potentialAction":[{"@type":"ReadAction","target":["https:\/\/www.meydan.tv\/az\/article\/nadir-qafarzade-ermeniler-azerbaycan-mahnilarini-daha-yaxsi-oxuyurlar\/"]}]},{"@type":"ImageObject","inLanguage":"az","@id":"https:\/\/www.meydan.tv\/az\/article\/nadir-qafarzade-ermeniler-azerbaycan-mahnilarini-daha-yaxsi-oxuyurlar\/#primaryimage","url":"https:\/\/www.meydan.tv\/wp-content\/uploads\/1637569764_nadirqafarzade_official-197226298_1654807221371610_565802187242345021_n-1-e1645536370926.jpg","contentUrl":"https:\/\/www.meydan.tv\/wp-content\/uploads\/1637569764_nadirqafarzade_official-197226298_1654807221371610_565802187242345021_n-1-e1645536370926.jpg","width":1080,"height":594,"caption":"Nadir Qafarzad\u0259. M\u0259nb\u0259: https:\/\/baku.ws\/"},{"@type":"BreadcrumbList","@id":"https:\/\/www.meydan.tv\/az\/article\/nadir-qafarzade-ermeniler-azerbaycan-mahnilarini-daha-yaxsi-oxuyurlar\/#breadcrumb","itemListElement":[{"@type":"ListItem","position":1,"name":"Ana s\u0259hif\u0259","item":"https:\/\/www.meydan.tv\/az\/"},{"@type":"ListItem","position":2,"name":"M\u0259d\u0259niyy\u0259t","item":"https:\/\/www.meydan.tv\/az\/section\/medeniyyet\/"},{"@type":"ListItem","position":3,"name":"Nadir Qafarzad\u0259: &#8220;Erm\u0259nil\u0259r Az\u0259rbaycan mahn\u0131lar\u0131n\u0131 daha yax\u015f\u0131 oxuyurlar&#8221;"}]},{"@type":"WebSite","@id":"https:\/\/www.meydan.tv\/az\/#website","url":"https:\/\/www.meydan.tv\/az\/","name":"MEYDAN.TV","description":"Meydan TV Az\u0259rbaycan\u0131n media m\u0259kan\u0131ndak\u0131 alternativ s\u0259sidir","publisher":{"@id":"https:\/\/www.meydan.tv\/az\/#organization"},"potentialAction":[{"@type":"SearchAction","target":{"@type":"EntryPoint","urlTemplate":"https:\/\/www.meydan.tv\/az\/?s={search_term_string}"},"query-input":{"@type":"PropertyValueSpecification","valueRequired":true,"valueName":"search_term_string"}}],"inLanguage":"az"},{"@type":"Organization","@id":"https:\/\/www.meydan.tv\/az\/#organization","name":"Meydan TV","url":"https:\/\/www.meydan.tv\/az\/","logo":{"@type":"ImageObject","inLanguage":"az","@id":"https:\/\/www.meydan.tv\/az\/#\/schema\/logo\/image\/","url":"https:\/\/www.meydan.tv\/wp-content\/uploads\/2021\/07\/meydan-logo.svg","contentUrl":"https:\/\/www.meydan.tv\/wp-content\/uploads\/2021\/07\/meydan-logo.svg","width":195,"height":46,"caption":"Meydan TV"},"image":{"@id":"https:\/\/www.meydan.tv\/az\/#\/schema\/logo\/image\/"}},{"@type":"Person","@id":"https:\/\/www.meydan.tv\/az\/#\/schema\/person\/9cdbecf90d17180ce1dfbd95b08dcf47","name":"elli","sameAs":["https:\/\/x.com\/elli"]}]}},"_links":{"self":[{"href":"https:\/\/www.meydan.tv\/az\/wp-json\/wp\/v2\/posts\/264874","targetHints":{"allow":["GET"]}}],"collection":[{"href":"https:\/\/www.meydan.tv\/az\/wp-json\/wp\/v2\/posts"}],"about":[{"href":"https:\/\/www.meydan.tv\/az\/wp-json\/wp\/v2\/types\/post"}],"author":[{"embeddable":true,"href":"https:\/\/www.meydan.tv\/az\/wp-json\/wp\/v2\/users\/8"}],"replies":[{"embeddable":true,"href":"https:\/\/www.meydan.tv\/az\/wp-json\/wp\/v2\/comments?post=264874"}],"version-history":[{"count":2,"href":"https:\/\/www.meydan.tv\/az\/wp-json\/wp\/v2\/posts\/264874\/revisions"}],"predecessor-version":[{"id":264879,"href":"https:\/\/www.meydan.tv\/az\/wp-json\/wp\/v2\/posts\/264874\/revisions\/264879"}],"wp:featuredmedia":[{"embeddable":true,"href":"https:\/\/www.meydan.tv\/az\/wp-json\/wp\/v2\/media\/235306"}],"wp:attachment":[{"href":"https:\/\/www.meydan.tv\/az\/wp-json\/wp\/v2\/media?parent=264874"}],"wp:term":[{"taxonomy":"category","embeddable":true,"href":"https:\/\/www.meydan.tv\/az\/wp-json\/wp\/v2\/categories?post=264874"},{"taxonomy":"post_tag","embeddable":true,"href":"https:\/\/www.meydan.tv\/az\/wp-json\/wp\/v2\/tags?post=264874"}],"curies":[{"name":"wp","href":"https:\/\/api.w.org\/{rel}","templated":true}]}}