{"id":264843,"date":"2022-12-29T16:44:07","date_gmt":"2022-12-29T12:44:07","guid":{"rendered":"https:\/\/www.meydan.tv\/?p=264843"},"modified":"2022-12-29T16:44:11","modified_gmt":"2022-12-29T12:44:11","slug":"psixiatriya-xestexanasinda-bacilarimi-ele-doyubler","status":"publish","type":"post","link":"https:\/\/www.meydan.tv\/az\/article\/psixiatriya-xestexanasinda-bacilarimi-ele-doyubler\/","title":{"rendered":"\u201cPsixiatriya x\u0259st\u0259xanas\u0131nda bac\u0131lar\u0131m\u0131 el\u0259 d\u00f6y\u00fcbl\u0259r\u2026\u201d"},"content":{"rendered":"\n<p><\/p>\n\n\n\n<p><em>Tovuz sakininin \u015fikay\u0259ti ara\u015fd\u0131r\u0131l\u0131r<\/em><\/p>\n\n\n\n<p>Tovuz rayonunun \u018flim\u0259rdanl\u0131 k\u0259nd sakini M\u0259nz\u0259r\u0259 Salmanova \u0259kiz bac\u0131lar\u0131n\u0131n saxland\u0131qlar\u0131 x\u0259st\u0259xanada d\u00f6y\u00fcld\u00fcy\u00fcn\u00fc iddia edir. S\u00f6hb\u0259t Qazax Rayonlararas\u0131 Psixiatriya X\u0259st\u0259xanas\u0131ndan gedir.<\/p>\n\n\n\n<p><strong>\u201cH\u0259r ikisinin b\u0259d\u0259nind\u0259, \u00fcz\u00fcnd\u0259 d\u00f6y\u00fclm\u0259 izl\u0259ri vard\u0131\u201d<\/strong><\/p>\n\n\n\n<p>M\u0259nz\u0259r\u0259 Salmanova Meydan TV-y\u0259 dan\u0131\u015f\u0131r ki, 1964-c\u00fc il t\u0259v\u0259ll\u00fcdl\u00fc \u0259kiz bac\u0131lar\u0131 M\u0259tan\u0259t v\u0259 Kifay\u0259t Salmanovalar anadang\u0259lm\u0259 x\u0259st\u0259dir. Buna baxmayaraq, 2022-ci il\u0259 q\u0259d\u0259r onlar\u0131 x\u0259st\u0259xanaya yerl\u0259\u015fdirm\u0259yibl\u0259r. \u00c7\u00fcnki \u0259vv\u0259ll\u0259r onlara analar\u0131 qulluq edib. Ana v\u0259fat ed\u0259nd\u0259n sonra is\u0259 bac\u0131lar\u0131 Fir\u0259ngiz h\u0259r ikisinin qay\u011f\u0131s\u0131na qal\u0131b. Lakin bu ilin fevral\u0131nda onu da itiribl\u0259r. Avqust ay\u0131nda ba\u015fqa bir bac\u0131s\u0131 M\u0259tan\u0259t v\u0259 Kifay\u0259t Salmanovalar\u0131 Qazaxda yerl\u0259\u015f\u0259n psixiatriya x\u0259st\u0259xanas\u0131na yerl\u0259\u015fdirib.<br>M\u0259nz\u0259r\u0259 Salmanova deyir ki, bac\u0131lar\u0131n\u0131n x\u0259st\u0259xanaya yerl\u0259\u015fdirildiyini bil\u0259nd\u0259n sonra onlar\u0131 oradan \u00e7\u0131xarmaq q\u0259rar\u0131na g\u0259lib v\u0259 Qazaxa yollan\u0131b. Lakin x\u0259st\u0259xanan\u0131n ba\u015f h\u0259kimi Venera Salifova bac\u0131lar\u0131n\u0131 \u00e7\u0131xarma\u011fa imkan verm\u0259yib:<\/p>\n\n\n\n<p>\u201cDedi ki, \u201chara ist\u0259yirs\u0259ns\u0259, \u015fikay\u0259t el\u0259, qoymuram\u201d. N\u0259 q\u0259d\u0259r yerl\u0259r\u0259 \u015fikay\u0259t el\u0259dim &#8211; icra hakimiyy\u0259tind\u0259n tutmu\u015f, Ombudsmana, prokurorlu\u011fa q\u0259d\u0259r. Ax\u0131rda dekabr\u0131n 6-da Bak\u0131dak\u0131 prokurorlu\u011fun k\u00f6m\u0259yil\u0259 (Ba\u015f Prokurorlu\u011fu n\u0259z\u0259rd\u0259 tutur-red.) bac\u0131lar\u0131m\u0131 oradan \u00e7\u0131xarma\u011fa nail oldum. Bac\u0131lar\u0131m n\u0259 v\u0259ziyy\u0259td\u0259 idi?! H\u0259r ikisinin b\u0259d\u0259nind\u0259 \u00fcz\u00fcnd\u0259 d\u00f6y\u00fclm\u0259, x\u0259sar\u0259t izl\u0259ri vard\u0131&#8221;.<\/p>\n\n\n\n<p><strong>D\u00f6vl\u0259t orqanlar\u0131 n\u0259 deyir?<\/strong><\/p>\n\n\n\n<p>M\u0259nz\u0259r\u0259 Salmanova h\u0259m ba\u015f h\u0259kimd\u0259n, h\u0259m d\u0259 x\u0259st\u0259xanan\u0131n i\u015f\u00e7il\u0259rind\u0259n Qazax rayon Polis \u015e\u00f6b\u0259sin\u0259 \u015fikay\u0259t edib. M\u0259tan\u0259t v\u0259 Kifay\u0259t Salmanova bac\u0131lar\u0131 ekspertizadan ke\u00e7irilib. H\u0259l\u0259lik ekspertizan\u0131n r\u0259yi M\u0259nz\u0259r\u0259 Salmanovaya m\u0259lum deyil. \u0130\u015fin ara\u015fd\u0131r\u0131lmas\u0131 is\u0259 prokurorlu\u011fa h\u0259val\u0259 olunub.<\/p>\n\n\n\n<p>Prokurorluqdan Meydan TV-y\u0259 bildirilib ki, bu m\u0259s\u0259l\u0259 il\u0259 ba\u011fl\u0131 ara\u015fd\u0131rmalar davam edir.<\/p>\n\n\n<div class=\"wp-block-image\">\n<figure class=\"alignright size-large is-resized\"><img decoding=\"async\" data-src=\"https:\/\/www.meydan.tv\/wp-content\/uploads\/photo-2022-12-29-16-19-56-614x821.jpg\" alt=\"\" class=\"wp-image-264844 lazyload\" width=\"338\" height=\"452\" src=\"data:image\/svg+xml;base64,PHN2ZyB3aWR0aD0iMSIgaGVpZ2h0PSIxIiB4bWxucz0iaHR0cDovL3d3dy53My5vcmcvMjAwMC9zdmciPjwvc3ZnPg==\" style=\"--smush-placeholder-width: 338px; --smush-placeholder-aspect-ratio: 338\/452;\" \/><\/figure>\n<\/div>\n\n\n<p>S\u0259hiyy\u0259 Nazirliyinin m\u0259tbuat xidm\u0259tind\u0259n is\u0259 Meydan TV-nin bu haqda sor\u011fusuna cavab olaraq bildirilib ki, h\u00fcquq-m\u00fchafiz\u0259 orqanlar\u0131n\u0131n ara\u015fd\u0131rma apard\u0131\u011f\u0131 m\u0259s\u0259l\u0259 il\u0259 \u0259laq\u0259dar h\u0259r hans\u0131 a\u00e7\u0131qlama verilm\u0259si prosesin gedi\u015fin\u0259 t\u0259sir kimi qiym\u0259tl\u0259ndiril\u0259 bil\u0259r.<\/p>\n\n\n\n<p><strong>\u201cYalan dan\u0131\u015f\u0131rlar\u201d<\/strong><\/p>\n\n\n\n<p>Qazax Rayonlararas\u0131 Psixiatriya X\u0259st\u0259xanas\u0131ndan is\u0259 Meydan TV-y\u0259 bildirilib ki, Salmanova bac\u0131lar\u0131n\u0131n x\u0259st\u0259xana \u0259m\u0259kda\u015flar\u0131 t\u0259r\u0259find\u0259n zorak\u0131l\u0131\u011fa m\u0259ruz qalmas\u0131 haqda M\u0259nz\u0259r\u0259 Salmanovan\u0131n iddialar\u0131 h\u0259qiq\u0259t\u0259uy\u011fun deyil: &#8220;Bel\u0259 hallar x\u0259st\u0259l\u0259r aras\u0131nda olur, \u0259ksin\u0259, i\u015f\u00e7il\u0259r qar\u015f\u0131s\u0131n\u0131 alma\u011fa \u00e7al\u0131\u015f\u0131r. \u0130ki bac\u0131 bir-birin\u0259 n\u0259s\u0259 edibs\u0259, buna g\u00f6r\u0259 i\u015f\u00e7ini g\u00fcnahland\u0131rmaq d\u00fczg\u00fcn deyil&#8230;\u201d.<br><\/p>\n\n\n\n<p>M\u0259nz\u0259r\u0259 Salmanova is\u0259 deyir ki, onda x\u0259sar\u0259t izl\u0259rinin fotolar\u0131 var, sad\u0259c\u0259, onlar\u0131 mediada yay\u0131mlamaq etik olmad\u0131\u011f\u0131na g\u00f6r\u0259 yaymaq ist\u0259mir. Onlar h\u00fcquq-m\u00fchafiz\u0259 orqanlar\u0131nda da var, bac\u0131lar\u0131n\u0131n b\u0259d\u0259ninin o hiss\u0259l\u0259rind\u0259 olan x\u0259sar\u0259tl\u0259r d\u0259 ekspertl\u0259r t\u0259r\u0259find\u0259n qeyd\u0259 al\u0131n\u0131b: <\/p>\n\n\n\n<p>\u201cEl\u0259 x\u0259sar\u0259tl\u0259rdir ki, m\u0259nim bir bac\u0131m\u0131n o birin\u0259 yetirm\u0259si m\u00fcmk\u00fcn deyil. Yalan dan\u0131\u015f\u0131rlar ki, guya iki bac\u0131 dala\u015f\u0131blar, onda x\u0259sar\u0259t al\u0131blar. El\u0259 x\u0259sar\u0259tl\u0259r var, sanki yan\u0131q yeridir\u2026\u201d.<\/p>\n","protected":false},"excerpt":{"rendered":"<p>Tovuz sakininin \u015fikay\u0259ti ara\u015fd\u0131r\u0131l\u0131r Tovuz rayonunun \u018flim\u0259rdanl\u0131 k\u0259nd sakini M\u0259nz\u0259r\u0259 &#8230; <\/p>\n<p class=\"read-more-container\"><a title=\"\u201cPsixiatriya x\u0259st\u0259xanas\u0131nda bac\u0131lar\u0131m\u0131 el\u0259 d\u00f6y\u00fcbl\u0259r\u2026\u201d\" class=\"read-more button\" href=\"https:\/\/www.meydan.tv\/az\/article\/psixiatriya-xestexanasinda-bacilarimi-ele-doyubler\/#more-264843\" aria-label=\"Read more about \u201cPsixiatriya x\u0259st\u0259xanas\u0131nda bac\u0131lar\u0131m\u0131 el\u0259 d\u00f6y\u00fcbl\u0259r\u2026\u201d\">Davam\u0131<\/a><\/p>\n","protected":false},"author":8,"featured_media":264847,"comment_status":"closed","ping_status":"closed","sticky":false,"template":"","format":"standard","meta":{"_acf_changed":false,"_sitemap_exclude":false,"_sitemap_priority":"","_sitemap_frequency":"","footnotes":""},"categories":[60,79,56],"tags":[],"class_list":["post-264843","post","type-post","status-publish","format-standard","has-post-thumbnail","hentry","category-bolge","category-featured","category-xeberler","infinite-scroll-item","generate-columns","tablet-grid-50","mobile-grid-100","grid-parent","grid-33","no-featured-image-padding"],"acf":[],"yoast_head":"<!-- This site is optimized with the Yoast SEO plugin v27.5 - https:\/\/yoast.com\/product\/yoast-seo-wordpress\/ -->\n<title>\u201cPsixiatriya x\u0259st\u0259xanas\u0131nda bac\u0131lar\u0131m\u0131 el\u0259 d\u00f6y\u00fcbl\u0259r\u2026\u201d - MEYDAN.TV<\/title>\n<meta name=\"robots\" content=\"index, follow, max-snippet:-1, max-image-preview:large, max-video-preview:-1\" \/>\n<link rel=\"canonical\" href=\"https:\/\/www.meydan.tv\/az\/article\/psixiatriya-xestexanasinda-bacilarimi-ele-doyubler\/\" \/>\n<meta property=\"og:locale\" content=\"az_AZ\" \/>\n<meta property=\"og:type\" content=\"article\" \/>\n<meta property=\"og:title\" content=\"\u201cPsixiatriya x\u0259st\u0259xanas\u0131nda bac\u0131lar\u0131m\u0131 el\u0259 d\u00f6y\u00fcbl\u0259r\u2026\u201d - MEYDAN.TV\" \/>\n<meta property=\"og:description\" content=\"Tovuz sakininin \u015fikay\u0259ti ara\u015fd\u0131r\u0131l\u0131r Tovuz rayonunun \u018flim\u0259rdanl\u0131 k\u0259nd sakini M\u0259nz\u0259r\u0259 ... Davam\u0131\" \/>\n<meta property=\"og:url\" content=\"https:\/\/www.meydan.tv\/az\/article\/psixiatriya-xestexanasinda-bacilarimi-ele-doyubler\/\" \/>\n<meta property=\"og:site_name\" content=\"MEYDAN.TV\" \/>\n<meta property=\"article:published_time\" content=\"2022-12-29T12:44:07+00:00\" \/>\n<meta property=\"article:modified_time\" content=\"2022-12-29T12:44:11+00:00\" \/>\n<meta property=\"og:image\" content=\"https:\/\/www.meydan.tv\/wp-content\/uploads\/photo-2022-12-29-16-19-50-e1672317809720.jpg\" \/>\n\t<meta property=\"og:image:width\" content=\"1383\" \/>\n\t<meta property=\"og:image:height\" content=\"528\" \/>\n\t<meta property=\"og:image:type\" content=\"image\/jpeg\" \/>\n<meta name=\"author\" content=\"elli\" \/>\n<meta name=\"twitter:card\" content=\"summary_large_image\" \/>\n<meta name=\"twitter:creator\" content=\"@elli\" \/>\n<script type=\"application\/ld+json\" class=\"yoast-schema-graph\">{\"@context\":\"https:\\\/\\\/schema.org\",\"@graph\":[{\"@type\":\"Article\",\"@id\":\"https:\\\/\\\/www.meydan.tv\\\/az\\\/article\\\/psixiatriya-xestexanasinda-bacilarimi-ele-doyubler\\\/#article\",\"isPartOf\":{\"@id\":\"https:\\\/\\\/www.meydan.tv\\\/az\\\/article\\\/psixiatriya-xestexanasinda-bacilarimi-ele-doyubler\\\/\"},\"author\":{\"name\":\"elli\",\"@id\":\"https:\\\/\\\/www.meydan.tv\\\/az\\\/#\\\/schema\\\/person\\\/9cdbecf90d17180ce1dfbd95b08dcf47\"},\"headline\":\"\u201cPsixiatriya x\u0259st\u0259xanas\u0131nda bac\u0131lar\u0131m\u0131 el\u0259 d\u00f6y\u00fcbl\u0259r\u2026\u201d\",\"datePublished\":\"2022-12-29T12:44:07+00:00\",\"dateModified\":\"2022-12-29T12:44:11+00:00\",\"mainEntityOfPage\":{\"@id\":\"https:\\\/\\\/www.meydan.tv\\\/az\\\/article\\\/psixiatriya-xestexanasinda-bacilarimi-ele-doyubler\\\/\"},\"wordCount\":653,\"publisher\":{\"@id\":\"https:\\\/\\\/www.meydan.tv\\\/az\\\/#organization\"},\"image\":{\"@id\":\"https:\\\/\\\/www.meydan.tv\\\/az\\\/article\\\/psixiatriya-xestexanasinda-bacilarimi-ele-doyubler\\\/#primaryimage\"},\"thumbnailUrl\":\"https:\\\/\\\/www.meydan.tv\\\/wp-content\\\/uploads\\\/photo-2022-12-29-16-19-50-e1672317809720.jpg\",\"articleSection\":[\"B\u00f6lg\u0259\",\"T\u00f6vsiy\u0259\",\"X\u0259b\u0259rl\u0259r\"],\"inLanguage\":\"az\"},{\"@type\":\"WebPage\",\"@id\":\"https:\\\/\\\/www.meydan.tv\\\/az\\\/article\\\/psixiatriya-xestexanasinda-bacilarimi-ele-doyubler\\\/\",\"url\":\"https:\\\/\\\/www.meydan.tv\\\/az\\\/article\\\/psixiatriya-xestexanasinda-bacilarimi-ele-doyubler\\\/\",\"name\":\"\u201cPsixiatriya x\u0259st\u0259xanas\u0131nda bac\u0131lar\u0131m\u0131 el\u0259 d\u00f6y\u00fcbl\u0259r\u2026\u201d - MEYDAN.TV\",\"isPartOf\":{\"@id\":\"https:\\\/\\\/www.meydan.tv\\\/az\\\/#website\"},\"primaryImageOfPage\":{\"@id\":\"https:\\\/\\\/www.meydan.tv\\\/az\\\/article\\\/psixiatriya-xestexanasinda-bacilarimi-ele-doyubler\\\/#primaryimage\"},\"image\":{\"@id\":\"https:\\\/\\\/www.meydan.tv\\\/az\\\/article\\\/psixiatriya-xestexanasinda-bacilarimi-ele-doyubler\\\/#primaryimage\"},\"thumbnailUrl\":\"https:\\\/\\\/www.meydan.tv\\\/wp-content\\\/uploads\\\/photo-2022-12-29-16-19-50-e1672317809720.jpg\",\"datePublished\":\"2022-12-29T12:44:07+00:00\",\"dateModified\":\"2022-12-29T12:44:11+00:00\",\"breadcrumb\":{\"@id\":\"https:\\\/\\\/www.meydan.tv\\\/az\\\/article\\\/psixiatriya-xestexanasinda-bacilarimi-ele-doyubler\\\/#breadcrumb\"},\"inLanguage\":\"az\",\"potentialAction\":[{\"@type\":\"ReadAction\",\"target\":[\"https:\\\/\\\/www.meydan.tv\\\/az\\\/article\\\/psixiatriya-xestexanasinda-bacilarimi-ele-doyubler\\\/\"]}]},{\"@type\":\"ImageObject\",\"inLanguage\":\"az\",\"@id\":\"https:\\\/\\\/www.meydan.tv\\\/az\\\/article\\\/psixiatriya-xestexanasinda-bacilarimi-ele-doyubler\\\/#primaryimage\",\"url\":\"https:\\\/\\\/www.meydan.tv\\\/wp-content\\\/uploads\\\/photo-2022-12-29-16-19-50-e1672317809720.jpg\",\"contentUrl\":\"https:\\\/\\\/www.meydan.tv\\\/wp-content\\\/uploads\\\/photo-2022-12-29-16-19-50-e1672317809720.jpg\",\"width\":1383,\"height\":528,\"caption\":\"M\u0259tan\u0259t v\u0259 Kifay\u0259t Salmanovalar. Fotolar: Meydan TV\"},{\"@type\":\"BreadcrumbList\",\"@id\":\"https:\\\/\\\/www.meydan.tv\\\/az\\\/article\\\/psixiatriya-xestexanasinda-bacilarimi-ele-doyubler\\\/#breadcrumb\",\"itemListElement\":[{\"@type\":\"ListItem\",\"position\":1,\"name\":\"Ana s\u0259hif\u0259\",\"item\":\"https:\\\/\\\/www.meydan.tv\\\/az\\\/\"},{\"@type\":\"ListItem\",\"position\":2,\"name\":\"B\u00f6lg\u0259\",\"item\":\"https:\\\/\\\/www.meydan.tv\\\/az\\\/section\\\/bolge\\\/\"},{\"@type\":\"ListItem\",\"position\":3,\"name\":\"\u201cPsixiatriya x\u0259st\u0259xanas\u0131nda bac\u0131lar\u0131m\u0131 el\u0259 d\u00f6y\u00fcbl\u0259r\u2026\u201d\"}]},{\"@type\":\"WebSite\",\"@id\":\"https:\\\/\\\/www.meydan.tv\\\/az\\\/#website\",\"url\":\"https:\\\/\\\/www.meydan.tv\\\/az\\\/\",\"name\":\"MEYDAN.TV\",\"description\":\"Meydan TV Az\u0259rbaycan\u0131n media m\u0259kan\u0131ndak\u0131 alternativ s\u0259sidir\",\"publisher\":{\"@id\":\"https:\\\/\\\/www.meydan.tv\\\/az\\\/#organization\"},\"potentialAction\":[{\"@type\":\"SearchAction\",\"target\":{\"@type\":\"EntryPoint\",\"urlTemplate\":\"https:\\\/\\\/www.meydan.tv\\\/az\\\/?s={search_term_string}\"},\"query-input\":{\"@type\":\"PropertyValueSpecification\",\"valueRequired\":true,\"valueName\":\"search_term_string\"}}],\"inLanguage\":\"az\"},{\"@type\":\"Organization\",\"@id\":\"https:\\\/\\\/www.meydan.tv\\\/az\\\/#organization\",\"name\":\"Meydan TV\",\"url\":\"https:\\\/\\\/www.meydan.tv\\\/az\\\/\",\"logo\":{\"@type\":\"ImageObject\",\"inLanguage\":\"az\",\"@id\":\"https:\\\/\\\/www.meydan.tv\\\/az\\\/#\\\/schema\\\/logo\\\/image\\\/\",\"url\":\"https:\\\/\\\/www.meydan.tv\\\/wp-content\\\/uploads\\\/2021\\\/07\\\/meydan-logo.svg\",\"contentUrl\":\"https:\\\/\\\/www.meydan.tv\\\/wp-content\\\/uploads\\\/2021\\\/07\\\/meydan-logo.svg\",\"width\":195,\"height\":46,\"caption\":\"Meydan TV\"},\"image\":{\"@id\":\"https:\\\/\\\/www.meydan.tv\\\/az\\\/#\\\/schema\\\/logo\\\/image\\\/\"}},{\"@type\":\"Person\",\"@id\":\"https:\\\/\\\/www.meydan.tv\\\/az\\\/#\\\/schema\\\/person\\\/9cdbecf90d17180ce1dfbd95b08dcf47\",\"name\":\"elli\",\"sameAs\":[\"https:\\\/\\\/x.com\\\/elli\"]}]}<\/script>\n<!-- \/ Yoast SEO plugin. -->","yoast_head_json":{"title":"\u201cPsixiatriya x\u0259st\u0259xanas\u0131nda bac\u0131lar\u0131m\u0131 el\u0259 d\u00f6y\u00fcbl\u0259r\u2026\u201d - MEYDAN.TV","robots":{"index":"index","follow":"follow","max-snippet":"max-snippet:-1","max-image-preview":"max-image-preview:large","max-video-preview":"max-video-preview:-1"},"canonical":"https:\/\/www.meydan.tv\/az\/article\/psixiatriya-xestexanasinda-bacilarimi-ele-doyubler\/","og_locale":"az_AZ","og_type":"article","og_title":"\u201cPsixiatriya x\u0259st\u0259xanas\u0131nda bac\u0131lar\u0131m\u0131 el\u0259 d\u00f6y\u00fcbl\u0259r\u2026\u201d - MEYDAN.TV","og_description":"Tovuz sakininin \u015fikay\u0259ti ara\u015fd\u0131r\u0131l\u0131r Tovuz rayonunun \u018flim\u0259rdanl\u0131 k\u0259nd sakini M\u0259nz\u0259r\u0259 ... Davam\u0131","og_url":"https:\/\/www.meydan.tv\/az\/article\/psixiatriya-xestexanasinda-bacilarimi-ele-doyubler\/","og_site_name":"MEYDAN.TV","article_published_time":"2022-12-29T12:44:07+00:00","article_modified_time":"2022-12-29T12:44:11+00:00","og_image":[{"width":1383,"height":528,"url":"https:\/\/www.meydan.tv\/wp-content\/uploads\/photo-2022-12-29-16-19-50-e1672317809720.jpg","type":"image\/jpeg"}],"author":"elli","twitter_card":"summary_large_image","twitter_creator":"@elli","schema":{"@context":"https:\/\/schema.org","@graph":[{"@type":"Article","@id":"https:\/\/www.meydan.tv\/az\/article\/psixiatriya-xestexanasinda-bacilarimi-ele-doyubler\/#article","isPartOf":{"@id":"https:\/\/www.meydan.tv\/az\/article\/psixiatriya-xestexanasinda-bacilarimi-ele-doyubler\/"},"author":{"name":"elli","@id":"https:\/\/www.meydan.tv\/az\/#\/schema\/person\/9cdbecf90d17180ce1dfbd95b08dcf47"},"headline":"\u201cPsixiatriya x\u0259st\u0259xanas\u0131nda bac\u0131lar\u0131m\u0131 el\u0259 d\u00f6y\u00fcbl\u0259r\u2026\u201d","datePublished":"2022-12-29T12:44:07+00:00","dateModified":"2022-12-29T12:44:11+00:00","mainEntityOfPage":{"@id":"https:\/\/www.meydan.tv\/az\/article\/psixiatriya-xestexanasinda-bacilarimi-ele-doyubler\/"},"wordCount":653,"publisher":{"@id":"https:\/\/www.meydan.tv\/az\/#organization"},"image":{"@id":"https:\/\/www.meydan.tv\/az\/article\/psixiatriya-xestexanasinda-bacilarimi-ele-doyubler\/#primaryimage"},"thumbnailUrl":"https:\/\/www.meydan.tv\/wp-content\/uploads\/photo-2022-12-29-16-19-50-e1672317809720.jpg","articleSection":["B\u00f6lg\u0259","T\u00f6vsiy\u0259","X\u0259b\u0259rl\u0259r"],"inLanguage":"az"},{"@type":"WebPage","@id":"https:\/\/www.meydan.tv\/az\/article\/psixiatriya-xestexanasinda-bacilarimi-ele-doyubler\/","url":"https:\/\/www.meydan.tv\/az\/article\/psixiatriya-xestexanasinda-bacilarimi-ele-doyubler\/","name":"\u201cPsixiatriya x\u0259st\u0259xanas\u0131nda bac\u0131lar\u0131m\u0131 el\u0259 d\u00f6y\u00fcbl\u0259r\u2026\u201d - MEYDAN.TV","isPartOf":{"@id":"https:\/\/www.meydan.tv\/az\/#website"},"primaryImageOfPage":{"@id":"https:\/\/www.meydan.tv\/az\/article\/psixiatriya-xestexanasinda-bacilarimi-ele-doyubler\/#primaryimage"},"image":{"@id":"https:\/\/www.meydan.tv\/az\/article\/psixiatriya-xestexanasinda-bacilarimi-ele-doyubler\/#primaryimage"},"thumbnailUrl":"https:\/\/www.meydan.tv\/wp-content\/uploads\/photo-2022-12-29-16-19-50-e1672317809720.jpg","datePublished":"2022-12-29T12:44:07+00:00","dateModified":"2022-12-29T12:44:11+00:00","breadcrumb":{"@id":"https:\/\/www.meydan.tv\/az\/article\/psixiatriya-xestexanasinda-bacilarimi-ele-doyubler\/#breadcrumb"},"inLanguage":"az","potentialAction":[{"@type":"ReadAction","target":["https:\/\/www.meydan.tv\/az\/article\/psixiatriya-xestexanasinda-bacilarimi-ele-doyubler\/"]}]},{"@type":"ImageObject","inLanguage":"az","@id":"https:\/\/www.meydan.tv\/az\/article\/psixiatriya-xestexanasinda-bacilarimi-ele-doyubler\/#primaryimage","url":"https:\/\/www.meydan.tv\/wp-content\/uploads\/photo-2022-12-29-16-19-50-e1672317809720.jpg","contentUrl":"https:\/\/www.meydan.tv\/wp-content\/uploads\/photo-2022-12-29-16-19-50-e1672317809720.jpg","width":1383,"height":528,"caption":"M\u0259tan\u0259t v\u0259 Kifay\u0259t Salmanovalar. Fotolar: Meydan TV"},{"@type":"BreadcrumbList","@id":"https:\/\/www.meydan.tv\/az\/article\/psixiatriya-xestexanasinda-bacilarimi-ele-doyubler\/#breadcrumb","itemListElement":[{"@type":"ListItem","position":1,"name":"Ana s\u0259hif\u0259","item":"https:\/\/www.meydan.tv\/az\/"},{"@type":"ListItem","position":2,"name":"B\u00f6lg\u0259","item":"https:\/\/www.meydan.tv\/az\/section\/bolge\/"},{"@type":"ListItem","position":3,"name":"\u201cPsixiatriya x\u0259st\u0259xanas\u0131nda bac\u0131lar\u0131m\u0131 el\u0259 d\u00f6y\u00fcbl\u0259r\u2026\u201d"}]},{"@type":"WebSite","@id":"https:\/\/www.meydan.tv\/az\/#website","url":"https:\/\/www.meydan.tv\/az\/","name":"MEYDAN.TV","description":"Meydan TV Az\u0259rbaycan\u0131n media m\u0259kan\u0131ndak\u0131 alternativ s\u0259sidir","publisher":{"@id":"https:\/\/www.meydan.tv\/az\/#organization"},"potentialAction":[{"@type":"SearchAction","target":{"@type":"EntryPoint","urlTemplate":"https:\/\/www.meydan.tv\/az\/?s={search_term_string}"},"query-input":{"@type":"PropertyValueSpecification","valueRequired":true,"valueName":"search_term_string"}}],"inLanguage":"az"},{"@type":"Organization","@id":"https:\/\/www.meydan.tv\/az\/#organization","name":"Meydan TV","url":"https:\/\/www.meydan.tv\/az\/","logo":{"@type":"ImageObject","inLanguage":"az","@id":"https:\/\/www.meydan.tv\/az\/#\/schema\/logo\/image\/","url":"https:\/\/www.meydan.tv\/wp-content\/uploads\/2021\/07\/meydan-logo.svg","contentUrl":"https:\/\/www.meydan.tv\/wp-content\/uploads\/2021\/07\/meydan-logo.svg","width":195,"height":46,"caption":"Meydan TV"},"image":{"@id":"https:\/\/www.meydan.tv\/az\/#\/schema\/logo\/image\/"}},{"@type":"Person","@id":"https:\/\/www.meydan.tv\/az\/#\/schema\/person\/9cdbecf90d17180ce1dfbd95b08dcf47","name":"elli","sameAs":["https:\/\/x.com\/elli"]}]}},"_links":{"self":[{"href":"https:\/\/www.meydan.tv\/az\/wp-json\/wp\/v2\/posts\/264843","targetHints":{"allow":["GET"]}}],"collection":[{"href":"https:\/\/www.meydan.tv\/az\/wp-json\/wp\/v2\/posts"}],"about":[{"href":"https:\/\/www.meydan.tv\/az\/wp-json\/wp\/v2\/types\/post"}],"author":[{"embeddable":true,"href":"https:\/\/www.meydan.tv\/az\/wp-json\/wp\/v2\/users\/8"}],"replies":[{"embeddable":true,"href":"https:\/\/www.meydan.tv\/az\/wp-json\/wp\/v2\/comments?post=264843"}],"version-history":[{"count":1,"href":"https:\/\/www.meydan.tv\/az\/wp-json\/wp\/v2\/posts\/264843\/revisions"}],"predecessor-version":[{"id":264850,"href":"https:\/\/www.meydan.tv\/az\/wp-json\/wp\/v2\/posts\/264843\/revisions\/264850"}],"wp:featuredmedia":[{"embeddable":true,"href":"https:\/\/www.meydan.tv\/az\/wp-json\/wp\/v2\/media\/264847"}],"wp:attachment":[{"href":"https:\/\/www.meydan.tv\/az\/wp-json\/wp\/v2\/media?parent=264843"}],"wp:term":[{"taxonomy":"category","embeddable":true,"href":"https:\/\/www.meydan.tv\/az\/wp-json\/wp\/v2\/categories?post=264843"},{"taxonomy":"post_tag","embeddable":true,"href":"https:\/\/www.meydan.tv\/az\/wp-json\/wp\/v2\/tags?post=264843"}],"curies":[{"name":"wp","href":"https:\/\/api.w.org\/{rel}","templated":true}]}}