{"id":264841,"date":"2022-12-29T16:24:51","date_gmt":"2022-12-29T12:24:51","guid":{"rendered":"https:\/\/www.meydan.tv\/?p=264841"},"modified":"2022-12-29T16:24:53","modified_gmt":"2022-12-29T12:24:53","slug":"goycay-sakini-hekimden-sikayet-etmisem-deye-bizi-surundurur","status":"publish","type":"post","link":"https:\/\/www.meydan.tv\/az\/article\/goycay-sakini-hekimden-sikayet-etmisem-deye-bizi-surundurur\/","title":{"rendered":"G\u00f6y\u00e7ay sakini: \u201cH\u0259kimd\u0259n \u015fikay\u0259t etmi\u015f\u0259m dey\u0259 bizi s\u00fcr\u00fcnd\u00fcr\u00fcr\u201d"},"content":{"rendered":"\n<p><\/p>\n\n\n\n<p><em>X\u0259st\u0259 yax\u0131n\u0131 il\u0259 h\u0259kim aras\u0131nda b\u00fclleten \u00e7\u0259ki\u015fm\u0259si gedir<\/em><\/p>\n\n\n\n<p>\u201cB\u00fclleten a\u00e7\u0131lmas\u0131 \u00fc\u00e7\u00fcn doktor V\u00fcqar B\u0259kirova m\u00fcraci\u0259t etdik. \u018fvv\u0259lc\u0259 bizi get-g\u0259l\u0259 sald\u0131. Deyirdi ki, x\u0259st\u0259 Bak\u0131dak\u0131 5 sayl\u0131 \u015f\u0259h\u0259r Klinik X\u0259st\u0259xanas\u0131ndan s\u0259n\u0259d g\u0259tirm\u0259lidir. Bizi Bak\u0131ya g\u00f6nd\u0259rdi, s\u0259n\u0259di al\u0131b g\u0259tirdik, bu, azm\u0131\u015f kimi, h\u0259yat yolda\u015f\u0131m\u0131 can a\u011fr\u0131s\u0131 \u00e7\u0259k\u0259-\u00e7\u0259k\u0259 bu g\u00fcn d\u0259 qap\u0131s\u0131nda saxlay\u0131b\u201d.<\/p>\n\n\n\n<p>G\u00f6y\u00e7ay rayonunun Qarabaqqal k\u0259nd sakini Hac\u0131baba \u00c7\u0259rk\u0259zov Meydan TV-y\u0259 dan\u0131\u015f\u0131r ki, bu il oktyabr\u0131n 23-d\u0259 ax\u015fam saatlar\u0131nda ya\u015fad\u0131\u011f\u0131 m\u0259nzild\u0259 d\u0259m qaz\u0131n\u0131n partlamas\u0131 n\u0259tic\u0259sind\u0259 h\u0259yat yolda\u015f\u0131 Tehran\u0259 Musayeva yan\u0131q x\u0259sar\u0259tl\u0259ri al\u0131b. \u0130lkin tibbi yard\u0131m g\u00f6st\u0259rilm\u0259si \u00fc\u00e7\u00fcn qad\u0131n G\u00f6y\u00e7ay Rayon M\u0259rk\u0259zi X\u0259st\u0259xanas\u0131n\u0131n Acil \u015e\u00f6b\u0259sin\u0259 g\u00f6t\u00fcr\u00fcl\u00fcb. Ancaq z\u0259r\u0259r\u00e7\u0259kmi\u015f\u0259 tibbi-t\u0259limatlara uy\u011fun yard\u0131m g\u00f6st\u0259rilm\u0259yib:<\/p>\n\n\n\n<p>\u201cYan\u011f\u0131n d\u0259r\u0259c\u0259sini t\u0259yin etm\u0259k \u00fc\u00e7\u00fcn \u201crentgen\u201dv\u0259 dig\u0259r m\u00fcayin\u0259l\u0259r t\u0259l\u0259b ets\u0259k d\u0259, qulaqard\u0131na vuruldu. Analizl\u0259r g\u00f6t\u00fcr\u00fclm\u0259di, h\u0259min sah\u0259 \u00fczr\u0259 ixtisasla\u015fm\u0131\u015f h\u0259kim d\u0259v\u0259t edilm\u0259di, konsilyum ke\u00e7irilm\u0259di. N\u00f6vb\u0259t\u00e7i h\u0259kim Mahmud Mustafayev y\u00fcng\u00fcl ilkin tibbi yard\u0131m g\u00f6st\u0259r\u0259nd\u0259n sonra ev\u0259 buraxd\u0131. N\u0259tic\u0259d\u0259 gec\u0259yar\u0131s\u0131 h\u0259yat yolda\u015f\u0131m\u0131n v\u0259ziyy\u0259ti a\u011f\u0131rla\u015fd\u0131\u201d.<\/p>\n\n\n\n<p>Hac\u0131bala \u00c7\u0259rk\u0259zov deyir, rayon x\u0259st\u0259xanas\u0131ndak\u0131 h\u0259kiml\u0259rin x\u0259st\u0259y\u0259 laqeyd yana\u015fmas\u0131ndan sonra onu ikinci d\u0259f\u0259 h\u0259min x\u0259st\u0259xanaya qaytarmay\u0131b v\u0259 Bak\u0131ya &#8211; 5 sayl\u0131 \u015f\u0259h\u0259r Klinik X\u0259st\u0259xanas\u0131na g\u00f6t\u00fcr\u00fcb. X\u0259st\u0259y\u0259 4-c\u00fc d\u0259r\u0259c\u0259li yan\u0131q diaqnozu qoyulub, vaxt\u0131nda laz\u0131mi tibbi yard\u0131m almad\u0131\u011f\u0131na g\u00f6r\u0259 v\u0259ziyy\u0259tinin a\u011f\u0131rla\u015fd\u0131\u011f\u0131 m\u00fc\u0259yy\u0259n edilib v\u0259 m\u00fcalic\u0259l\u0259ri apar\u0131l\u0131b. Rayona d\u00f6nd\u00fckd\u0259n sonra rayon x\u0259st\u0259xanas\u0131yla x\u0259st\u0259 aras\u0131nda ne\u00e7\u0259 dey\u0259rl\u0259r b\u00fclleten \u00e7\u0259ki\u015fm\u0259si ba\u015flay\u0131b. Hac\u0131bala \u00c7\u0259rk\u0259zov s\u00f6z\u00fcn\u0259 davam edir:<\/p>\n\n\n\n<p>\u201cBak\u0131dan qay\u0131d\u0131b x\u0259st\u0259xanada b\u00fclleten a\u00e7d\u0131rmaq ist\u0259y\u0259nd\u0259 doktor V\u00fcqar B\u0259kirov dedi ki, Bak\u0131ya gedib, m\u00fcalic\u0259yl\u0259 ba\u011fl\u0131 s\u0259n\u0259dl\u0259ri g\u0259tirm\u0259lisiz. Dedim, h\u0259yat yolda\u015f\u0131m\u0131 bu v\u0259ziyy\u0259td\u0259 Bak\u0131ya qaytara bilm\u0259r\u0259m. Bizi get-g\u0259l\u0259 sald\u0131, dedi ki, ba\u015f h\u0259kim deyir, m\u00fctl\u0259q Bak\u0131dan s\u0259n\u0259d g\u0259lm\u0259lidir, ba\u015fqa c\u00fcr m\u00fcmk\u00fcn deyil. Dekabr\u0131n 23-d\u0259 can a\u011fr\u0131s\u0131 \u00e7\u0259k\u0259n yolda\u015f\u0131m\u0131 da g\u00f6t\u00fcr\u00fcb Bak\u0131ya g\u0259ldim, x\u0259st\u0259xanadan s\u0259n\u0259dl\u0259ri al\u0131b, G\u00f6y\u00e7aya qay\u0131td\u0131m, g\u0259tirib V\u00fcqar h\u0259kim\u0259 verdim. Dedi, gedin, dekabr\u0131n 21-d\u0259 g\u0259lin\u201d.<\/p>\n\n\n\n<p>\u015eikay\u0259t\u00e7i deyir, dekabr\u0131n 21-d\u0259 h\u0259kimin q\u0259buluna ged\u0259nd\u0259 m\u0259lum olub ki, h\u0259kim x\u0259st\u0259nin sa\u011flam olmas\u0131yla ba\u011fl\u0131 h\u0259l\u0259 dekabr\u0131n 14-d\u0259 r\u0259y yaz\u0131b v\u0259 b\u00fclleten v\u0259r\u0259q\u0259sini d\u0259 h\u0259min tarixd\u0259 ba\u011flay\u0131b. Hac\u0131bala \u00c7\u0259rk\u0259zov T\u018fB\u0130B-\u0259 \u015fikay\u0259t ed\u0259nd\u0259n sonra ona bildirilib ki, bu, h\u0259kimin s\u0259hl\u0259nkarl\u0131\u011f\u0131 \u00fcz\u00fcnd\u0259n olub v\u0259 x\u0259st\u0259 h\u0259l\u0259 sa\u011falmad\u0131\u011f\u0131 \u00fc\u00e7\u00fcn b\u00fclletenin m\u00fcdd\u0259ti dekabr\u0131n 29-d\u0259k uzad\u0131l\u0131b: <\/p>\n\n\n\n<p>\u201cBu g\u00fcn b\u00fclletenin m\u00fcdd\u0259tini yen\u0259 uzatmaq \u00fc\u00e7\u00fcn h\u0259yat yolda\u015f\u0131m o\u011flumla birlikd\u0259 h\u0259min h\u0259kimin q\u0259buluna gedib, q\u0259bul el\u0259mir. \u00c7\u00fcnki m\u0259n onun partla\u015f\u0131ydan t\u0259sad\u00fcf\u0259n sa\u011f qalm\u0131\u015f, 4-c\u00fc d\u0259r\u0259c\u0259li yan\u0131qdan \u0259ziyy\u0259t \u00e7\u0259k\u0259n x\u0259st\u0259ni s\u00fcr\u00fcnd\u00fcrm\u0259sind\u0259n T\u018fB\u0130B-\u0259 \u015fikay\u0259t etmi\u015f\u0259m. \u0130ndi o da x\u0259st\u0259d\u0259n \u0259v\u0259zini bu \u015f\u0259kild\u0259 \u00e7\u0131x\u0131r\u201d.<\/p>\n\n\n\n<p>G\u00f6y\u00e7ay Rayon M\u0259rk\u0259zi X\u0259st\u0259xanas\u0131ndan Meydan TV-y\u0259 bidirilib ki, v\u0259t\u0259nda\u015f\u0131n dedikl\u0259ri h\u0259qiq\u0259t\u0259uy\u011fun deyil: <\/p>\n\n\n\n<p>\u201cB\u00fclleten ixtisasl\u0131 x\u0259st\u0259xanadan s\u0259n\u0259d g\u0259tirdikd\u0259n sonra art\u0131r\u0131l\u0131b, 7 g\u00fcn rejim pozuntusu olub, s\u0259b\u0259b v\u0259t\u0259nda\u015f\u0131n g\u0259tirdiyi s\u0259n\u0259di m\u00fcalic\u0259\u00a0 h\u0259kimin\u0259 t\u0259qdim etm\u0259m\u0259si idi. He\u00e7 bir s\u00fcr\u00fcnd\u00fcrm\u0259\u00e7ilikd\u0259n s\u00f6hb\u0259t ged\u0259 bilm\u0259z\u201d.<\/p>\n","protected":false},"excerpt":{"rendered":"<p>X\u0259st\u0259 yax\u0131n\u0131 il\u0259 h\u0259kim aras\u0131nda b\u00fclleten \u00e7\u0259ki\u015fm\u0259si gedir \u201cB\u00fclleten a\u00e7\u0131lmas\u0131 &#8230; <\/p>\n<p class=\"read-more-container\"><a title=\"G\u00f6y\u00e7ay sakini: \u201cH\u0259kimd\u0259n \u015fikay\u0259t etmi\u015f\u0259m dey\u0259 bizi s\u00fcr\u00fcnd\u00fcr\u00fcr\u201d\" class=\"read-more button\" href=\"https:\/\/www.meydan.tv\/az\/article\/goycay-sakini-hekimden-sikayet-etmisem-deye-bizi-surundurur\/#more-264841\" aria-label=\"Read more about G\u00f6y\u00e7ay sakini: \u201cH\u0259kimd\u0259n \u015fikay\u0259t etmi\u015f\u0259m dey\u0259 bizi s\u00fcr\u00fcnd\u00fcr\u00fcr\u201d\">Davam\u0131<\/a><\/p>\n","protected":false},"author":8,"featured_media":242760,"comment_status":"closed","ping_status":"closed","sticky":false,"template":"","format":"standard","meta":{"_acf_changed":false,"_sitemap_exclude":false,"_sitemap_priority":"","_sitemap_frequency":"","footnotes":""},"categories":[60,56],"tags":[],"class_list":["post-264841","post","type-post","status-publish","format-standard","has-post-thumbnail","hentry","category-bolge","category-xeberler","infinite-scroll-item","generate-columns","tablet-grid-50","mobile-grid-100","grid-parent","grid-33","no-featured-image-padding"],"acf":[],"yoast_head":"<!-- This site is optimized with the Yoast SEO plugin v27.5 - https:\/\/yoast.com\/product\/yoast-seo-wordpress\/ -->\n<title>G\u00f6y\u00e7ay sakini: \u201cH\u0259kimd\u0259n \u015fikay\u0259t etmi\u015f\u0259m dey\u0259 bizi s\u00fcr\u00fcnd\u00fcr\u00fcr\u201d - MEYDAN.TV<\/title>\n<meta name=\"robots\" content=\"index, follow, max-snippet:-1, max-image-preview:large, max-video-preview:-1\" \/>\n<link rel=\"canonical\" href=\"https:\/\/www.meydan.tv\/az\/article\/goycay-sakini-hekimden-sikayet-etmisem-deye-bizi-surundurur\/\" \/>\n<meta property=\"og:locale\" content=\"az_AZ\" \/>\n<meta property=\"og:type\" content=\"article\" \/>\n<meta property=\"og:title\" content=\"G\u00f6y\u00e7ay sakini: \u201cH\u0259kimd\u0259n \u015fikay\u0259t etmi\u015f\u0259m dey\u0259 bizi s\u00fcr\u00fcnd\u00fcr\u00fcr\u201d - MEYDAN.TV\" \/>\n<meta property=\"og:description\" content=\"X\u0259st\u0259 yax\u0131n\u0131 il\u0259 h\u0259kim aras\u0131nda b\u00fclleten \u00e7\u0259ki\u015fm\u0259si gedir \u201cB\u00fclleten a\u00e7\u0131lmas\u0131 ... Davam\u0131\" \/>\n<meta property=\"og:url\" content=\"https:\/\/www.meydan.tv\/az\/article\/goycay-sakini-hekimden-sikayet-etmisem-deye-bizi-surundurur\/\" \/>\n<meta property=\"og:site_name\" content=\"MEYDAN.TV\" \/>\n<meta property=\"article:published_time\" content=\"2022-12-29T12:24:51+00:00\" \/>\n<meta property=\"article:modified_time\" content=\"2022-12-29T12:24:53+00:00\" \/>\n<meta property=\"og:image\" content=\"https:\/\/www.meydan.tv\/wp-content\/uploads\/143540797426528205_1000x669-1.jpg\" \/>\n\t<meta property=\"og:image:width\" content=\"1200\" \/>\n\t<meta property=\"og:image:height\" content=\"900\" \/>\n\t<meta property=\"og:image:type\" content=\"image\/jpeg\" \/>\n<meta name=\"author\" content=\"elli\" \/>\n<meta name=\"twitter:card\" content=\"summary_large_image\" \/>\n<meta name=\"twitter:creator\" content=\"@elli\" \/>\n<script type=\"application\/ld+json\" class=\"yoast-schema-graph\">{\"@context\":\"https:\\\/\\\/schema.org\",\"@graph\":[{\"@type\":\"Article\",\"@id\":\"https:\\\/\\\/www.meydan.tv\\\/az\\\/article\\\/goycay-sakini-hekimden-sikayet-etmisem-deye-bizi-surundurur\\\/#article\",\"isPartOf\":{\"@id\":\"https:\\\/\\\/www.meydan.tv\\\/az\\\/article\\\/goycay-sakini-hekimden-sikayet-etmisem-deye-bizi-surundurur\\\/\"},\"author\":{\"name\":\"elli\",\"@id\":\"https:\\\/\\\/www.meydan.tv\\\/az\\\/#\\\/schema\\\/person\\\/9cdbecf90d17180ce1dfbd95b08dcf47\"},\"headline\":\"G\u00f6y\u00e7ay sakini: \u201cH\u0259kimd\u0259n \u015fikay\u0259t etmi\u015f\u0259m dey\u0259 bizi s\u00fcr\u00fcnd\u00fcr\u00fcr\u201d\",\"datePublished\":\"2022-12-29T12:24:51+00:00\",\"dateModified\":\"2022-12-29T12:24:53+00:00\",\"mainEntityOfPage\":{\"@id\":\"https:\\\/\\\/www.meydan.tv\\\/az\\\/article\\\/goycay-sakini-hekimden-sikayet-etmisem-deye-bizi-surundurur\\\/\"},\"wordCount\":818,\"publisher\":{\"@id\":\"https:\\\/\\\/www.meydan.tv\\\/az\\\/#organization\"},\"image\":{\"@id\":\"https:\\\/\\\/www.meydan.tv\\\/az\\\/article\\\/goycay-sakini-hekimden-sikayet-etmisem-deye-bizi-surundurur\\\/#primaryimage\"},\"thumbnailUrl\":\"https:\\\/\\\/www.meydan.tv\\\/wp-content\\\/uploads\\\/143540797426528205_1000x669-1.jpg\",\"articleSection\":[\"B\u00f6lg\u0259\",\"X\u0259b\u0259rl\u0259r\"],\"inLanguage\":\"az\"},{\"@type\":\"WebPage\",\"@id\":\"https:\\\/\\\/www.meydan.tv\\\/az\\\/article\\\/goycay-sakini-hekimden-sikayet-etmisem-deye-bizi-surundurur\\\/\",\"url\":\"https:\\\/\\\/www.meydan.tv\\\/az\\\/article\\\/goycay-sakini-hekimden-sikayet-etmisem-deye-bizi-surundurur\\\/\",\"name\":\"G\u00f6y\u00e7ay sakini: \u201cH\u0259kimd\u0259n \u015fikay\u0259t etmi\u015f\u0259m dey\u0259 bizi s\u00fcr\u00fcnd\u00fcr\u00fcr\u201d - MEYDAN.TV\",\"isPartOf\":{\"@id\":\"https:\\\/\\\/www.meydan.tv\\\/az\\\/#website\"},\"primaryImageOfPage\":{\"@id\":\"https:\\\/\\\/www.meydan.tv\\\/az\\\/article\\\/goycay-sakini-hekimden-sikayet-etmisem-deye-bizi-surundurur\\\/#primaryimage\"},\"image\":{\"@id\":\"https:\\\/\\\/www.meydan.tv\\\/az\\\/article\\\/goycay-sakini-hekimden-sikayet-etmisem-deye-bizi-surundurur\\\/#primaryimage\"},\"thumbnailUrl\":\"https:\\\/\\\/www.meydan.tv\\\/wp-content\\\/uploads\\\/143540797426528205_1000x669-1.jpg\",\"datePublished\":\"2022-12-29T12:24:51+00:00\",\"dateModified\":\"2022-12-29T12:24:53+00:00\",\"breadcrumb\":{\"@id\":\"https:\\\/\\\/www.meydan.tv\\\/az\\\/article\\\/goycay-sakini-hekimden-sikayet-etmisem-deye-bizi-surundurur\\\/#breadcrumb\"},\"inLanguage\":\"az\",\"potentialAction\":[{\"@type\":\"ReadAction\",\"target\":[\"https:\\\/\\\/www.meydan.tv\\\/az\\\/article\\\/goycay-sakini-hekimden-sikayet-etmisem-deye-bizi-surundurur\\\/\"]}]},{\"@type\":\"ImageObject\",\"inLanguage\":\"az\",\"@id\":\"https:\\\/\\\/www.meydan.tv\\\/az\\\/article\\\/goycay-sakini-hekimden-sikayet-etmisem-deye-bizi-surundurur\\\/#primaryimage\",\"url\":\"https:\\\/\\\/www.meydan.tv\\\/wp-content\\\/uploads\\\/143540797426528205_1000x669-1.jpg\",\"contentUrl\":\"https:\\\/\\\/www.meydan.tv\\\/wp-content\\\/uploads\\\/143540797426528205_1000x669-1.jpg\",\"width\":1200,\"height\":900,\"caption\":\"G\u00f6y\u00e7ay Rayon M\u0259rk\u0259zi X\u0259st\u0259xanas\u0131. Foto: \\\"Az\u0259rtac\\\"\"},{\"@type\":\"BreadcrumbList\",\"@id\":\"https:\\\/\\\/www.meydan.tv\\\/az\\\/article\\\/goycay-sakini-hekimden-sikayet-etmisem-deye-bizi-surundurur\\\/#breadcrumb\",\"itemListElement\":[{\"@type\":\"ListItem\",\"position\":1,\"name\":\"Ana s\u0259hif\u0259\",\"item\":\"https:\\\/\\\/www.meydan.tv\\\/az\\\/\"},{\"@type\":\"ListItem\",\"position\":2,\"name\":\"B\u00f6lg\u0259\",\"item\":\"https:\\\/\\\/www.meydan.tv\\\/az\\\/section\\\/bolge\\\/\"},{\"@type\":\"ListItem\",\"position\":3,\"name\":\"G\u00f6y\u00e7ay sakini: \u201cH\u0259kimd\u0259n \u015fikay\u0259t etmi\u015f\u0259m dey\u0259 bizi s\u00fcr\u00fcnd\u00fcr\u00fcr\u201d\"}]},{\"@type\":\"WebSite\",\"@id\":\"https:\\\/\\\/www.meydan.tv\\\/az\\\/#website\",\"url\":\"https:\\\/\\\/www.meydan.tv\\\/az\\\/\",\"name\":\"MEYDAN.TV\",\"description\":\"Meydan TV Az\u0259rbaycan\u0131n media m\u0259kan\u0131ndak\u0131 alternativ s\u0259sidir\",\"publisher\":{\"@id\":\"https:\\\/\\\/www.meydan.tv\\\/az\\\/#organization\"},\"potentialAction\":[{\"@type\":\"SearchAction\",\"target\":{\"@type\":\"EntryPoint\",\"urlTemplate\":\"https:\\\/\\\/www.meydan.tv\\\/az\\\/?s={search_term_string}\"},\"query-input\":{\"@type\":\"PropertyValueSpecification\",\"valueRequired\":true,\"valueName\":\"search_term_string\"}}],\"inLanguage\":\"az\"},{\"@type\":\"Organization\",\"@id\":\"https:\\\/\\\/www.meydan.tv\\\/az\\\/#organization\",\"name\":\"Meydan TV\",\"url\":\"https:\\\/\\\/www.meydan.tv\\\/az\\\/\",\"logo\":{\"@type\":\"ImageObject\",\"inLanguage\":\"az\",\"@id\":\"https:\\\/\\\/www.meydan.tv\\\/az\\\/#\\\/schema\\\/logo\\\/image\\\/\",\"url\":\"https:\\\/\\\/www.meydan.tv\\\/wp-content\\\/uploads\\\/2021\\\/07\\\/meydan-logo.svg\",\"contentUrl\":\"https:\\\/\\\/www.meydan.tv\\\/wp-content\\\/uploads\\\/2021\\\/07\\\/meydan-logo.svg\",\"width\":195,\"height\":46,\"caption\":\"Meydan TV\"},\"image\":{\"@id\":\"https:\\\/\\\/www.meydan.tv\\\/az\\\/#\\\/schema\\\/logo\\\/image\\\/\"}},{\"@type\":\"Person\",\"@id\":\"https:\\\/\\\/www.meydan.tv\\\/az\\\/#\\\/schema\\\/person\\\/9cdbecf90d17180ce1dfbd95b08dcf47\",\"name\":\"elli\",\"sameAs\":[\"https:\\\/\\\/x.com\\\/elli\"]}]}<\/script>\n<!-- \/ Yoast SEO plugin. -->","yoast_head_json":{"title":"G\u00f6y\u00e7ay sakini: \u201cH\u0259kimd\u0259n \u015fikay\u0259t etmi\u015f\u0259m dey\u0259 bizi s\u00fcr\u00fcnd\u00fcr\u00fcr\u201d - MEYDAN.TV","robots":{"index":"index","follow":"follow","max-snippet":"max-snippet:-1","max-image-preview":"max-image-preview:large","max-video-preview":"max-video-preview:-1"},"canonical":"https:\/\/www.meydan.tv\/az\/article\/goycay-sakini-hekimden-sikayet-etmisem-deye-bizi-surundurur\/","og_locale":"az_AZ","og_type":"article","og_title":"G\u00f6y\u00e7ay sakini: \u201cH\u0259kimd\u0259n \u015fikay\u0259t etmi\u015f\u0259m dey\u0259 bizi s\u00fcr\u00fcnd\u00fcr\u00fcr\u201d - MEYDAN.TV","og_description":"X\u0259st\u0259 yax\u0131n\u0131 il\u0259 h\u0259kim aras\u0131nda b\u00fclleten \u00e7\u0259ki\u015fm\u0259si gedir \u201cB\u00fclleten a\u00e7\u0131lmas\u0131 ... Davam\u0131","og_url":"https:\/\/www.meydan.tv\/az\/article\/goycay-sakini-hekimden-sikayet-etmisem-deye-bizi-surundurur\/","og_site_name":"MEYDAN.TV","article_published_time":"2022-12-29T12:24:51+00:00","article_modified_time":"2022-12-29T12:24:53+00:00","og_image":[{"width":1200,"height":900,"url":"https:\/\/www.meydan.tv\/wp-content\/uploads\/143540797426528205_1000x669-1.jpg","type":"image\/jpeg"}],"author":"elli","twitter_card":"summary_large_image","twitter_creator":"@elli","schema":{"@context":"https:\/\/schema.org","@graph":[{"@type":"Article","@id":"https:\/\/www.meydan.tv\/az\/article\/goycay-sakini-hekimden-sikayet-etmisem-deye-bizi-surundurur\/#article","isPartOf":{"@id":"https:\/\/www.meydan.tv\/az\/article\/goycay-sakini-hekimden-sikayet-etmisem-deye-bizi-surundurur\/"},"author":{"name":"elli","@id":"https:\/\/www.meydan.tv\/az\/#\/schema\/person\/9cdbecf90d17180ce1dfbd95b08dcf47"},"headline":"G\u00f6y\u00e7ay sakini: \u201cH\u0259kimd\u0259n \u015fikay\u0259t etmi\u015f\u0259m dey\u0259 bizi s\u00fcr\u00fcnd\u00fcr\u00fcr\u201d","datePublished":"2022-12-29T12:24:51+00:00","dateModified":"2022-12-29T12:24:53+00:00","mainEntityOfPage":{"@id":"https:\/\/www.meydan.tv\/az\/article\/goycay-sakini-hekimden-sikayet-etmisem-deye-bizi-surundurur\/"},"wordCount":818,"publisher":{"@id":"https:\/\/www.meydan.tv\/az\/#organization"},"image":{"@id":"https:\/\/www.meydan.tv\/az\/article\/goycay-sakini-hekimden-sikayet-etmisem-deye-bizi-surundurur\/#primaryimage"},"thumbnailUrl":"https:\/\/www.meydan.tv\/wp-content\/uploads\/143540797426528205_1000x669-1.jpg","articleSection":["B\u00f6lg\u0259","X\u0259b\u0259rl\u0259r"],"inLanguage":"az"},{"@type":"WebPage","@id":"https:\/\/www.meydan.tv\/az\/article\/goycay-sakini-hekimden-sikayet-etmisem-deye-bizi-surundurur\/","url":"https:\/\/www.meydan.tv\/az\/article\/goycay-sakini-hekimden-sikayet-etmisem-deye-bizi-surundurur\/","name":"G\u00f6y\u00e7ay sakini: \u201cH\u0259kimd\u0259n \u015fikay\u0259t etmi\u015f\u0259m dey\u0259 bizi s\u00fcr\u00fcnd\u00fcr\u00fcr\u201d - MEYDAN.TV","isPartOf":{"@id":"https:\/\/www.meydan.tv\/az\/#website"},"primaryImageOfPage":{"@id":"https:\/\/www.meydan.tv\/az\/article\/goycay-sakini-hekimden-sikayet-etmisem-deye-bizi-surundurur\/#primaryimage"},"image":{"@id":"https:\/\/www.meydan.tv\/az\/article\/goycay-sakini-hekimden-sikayet-etmisem-deye-bizi-surundurur\/#primaryimage"},"thumbnailUrl":"https:\/\/www.meydan.tv\/wp-content\/uploads\/143540797426528205_1000x669-1.jpg","datePublished":"2022-12-29T12:24:51+00:00","dateModified":"2022-12-29T12:24:53+00:00","breadcrumb":{"@id":"https:\/\/www.meydan.tv\/az\/article\/goycay-sakini-hekimden-sikayet-etmisem-deye-bizi-surundurur\/#breadcrumb"},"inLanguage":"az","potentialAction":[{"@type":"ReadAction","target":["https:\/\/www.meydan.tv\/az\/article\/goycay-sakini-hekimden-sikayet-etmisem-deye-bizi-surundurur\/"]}]},{"@type":"ImageObject","inLanguage":"az","@id":"https:\/\/www.meydan.tv\/az\/article\/goycay-sakini-hekimden-sikayet-etmisem-deye-bizi-surundurur\/#primaryimage","url":"https:\/\/www.meydan.tv\/wp-content\/uploads\/143540797426528205_1000x669-1.jpg","contentUrl":"https:\/\/www.meydan.tv\/wp-content\/uploads\/143540797426528205_1000x669-1.jpg","width":1200,"height":900,"caption":"G\u00f6y\u00e7ay Rayon M\u0259rk\u0259zi X\u0259st\u0259xanas\u0131. Foto: \"Az\u0259rtac\""},{"@type":"BreadcrumbList","@id":"https:\/\/www.meydan.tv\/az\/article\/goycay-sakini-hekimden-sikayet-etmisem-deye-bizi-surundurur\/#breadcrumb","itemListElement":[{"@type":"ListItem","position":1,"name":"Ana s\u0259hif\u0259","item":"https:\/\/www.meydan.tv\/az\/"},{"@type":"ListItem","position":2,"name":"B\u00f6lg\u0259","item":"https:\/\/www.meydan.tv\/az\/section\/bolge\/"},{"@type":"ListItem","position":3,"name":"G\u00f6y\u00e7ay sakini: \u201cH\u0259kimd\u0259n \u015fikay\u0259t etmi\u015f\u0259m dey\u0259 bizi s\u00fcr\u00fcnd\u00fcr\u00fcr\u201d"}]},{"@type":"WebSite","@id":"https:\/\/www.meydan.tv\/az\/#website","url":"https:\/\/www.meydan.tv\/az\/","name":"MEYDAN.TV","description":"Meydan TV Az\u0259rbaycan\u0131n media m\u0259kan\u0131ndak\u0131 alternativ s\u0259sidir","publisher":{"@id":"https:\/\/www.meydan.tv\/az\/#organization"},"potentialAction":[{"@type":"SearchAction","target":{"@type":"EntryPoint","urlTemplate":"https:\/\/www.meydan.tv\/az\/?s={search_term_string}"},"query-input":{"@type":"PropertyValueSpecification","valueRequired":true,"valueName":"search_term_string"}}],"inLanguage":"az"},{"@type":"Organization","@id":"https:\/\/www.meydan.tv\/az\/#organization","name":"Meydan TV","url":"https:\/\/www.meydan.tv\/az\/","logo":{"@type":"ImageObject","inLanguage":"az","@id":"https:\/\/www.meydan.tv\/az\/#\/schema\/logo\/image\/","url":"https:\/\/www.meydan.tv\/wp-content\/uploads\/2021\/07\/meydan-logo.svg","contentUrl":"https:\/\/www.meydan.tv\/wp-content\/uploads\/2021\/07\/meydan-logo.svg","width":195,"height":46,"caption":"Meydan TV"},"image":{"@id":"https:\/\/www.meydan.tv\/az\/#\/schema\/logo\/image\/"}},{"@type":"Person","@id":"https:\/\/www.meydan.tv\/az\/#\/schema\/person\/9cdbecf90d17180ce1dfbd95b08dcf47","name":"elli","sameAs":["https:\/\/x.com\/elli"]}]}},"_links":{"self":[{"href":"https:\/\/www.meydan.tv\/az\/wp-json\/wp\/v2\/posts\/264841","targetHints":{"allow":["GET"]}}],"collection":[{"href":"https:\/\/www.meydan.tv\/az\/wp-json\/wp\/v2\/posts"}],"about":[{"href":"https:\/\/www.meydan.tv\/az\/wp-json\/wp\/v2\/types\/post"}],"author":[{"embeddable":true,"href":"https:\/\/www.meydan.tv\/az\/wp-json\/wp\/v2\/users\/8"}],"replies":[{"embeddable":true,"href":"https:\/\/www.meydan.tv\/az\/wp-json\/wp\/v2\/comments?post=264841"}],"version-history":[{"count":1,"href":"https:\/\/www.meydan.tv\/az\/wp-json\/wp\/v2\/posts\/264841\/revisions"}],"predecessor-version":[{"id":264842,"href":"https:\/\/www.meydan.tv\/az\/wp-json\/wp\/v2\/posts\/264841\/revisions\/264842"}],"wp:featuredmedia":[{"embeddable":true,"href":"https:\/\/www.meydan.tv\/az\/wp-json\/wp\/v2\/media\/242760"}],"wp:attachment":[{"href":"https:\/\/www.meydan.tv\/az\/wp-json\/wp\/v2\/media?parent=264841"}],"wp:term":[{"taxonomy":"category","embeddable":true,"href":"https:\/\/www.meydan.tv\/az\/wp-json\/wp\/v2\/categories?post=264841"},{"taxonomy":"post_tag","embeddable":true,"href":"https:\/\/www.meydan.tv\/az\/wp-json\/wp\/v2\/tags?post=264841"}],"curies":[{"name":"wp","href":"https:\/\/api.w.org\/{rel}","templated":true}]}}