{"id":264809,"date":"2022-12-29T13:31:59","date_gmt":"2022-12-29T09:31:59","guid":{"rendered":"https:\/\/www.meydan.tv\/?p=264809"},"modified":"2022-12-29T13:32:02","modified_gmt":"2022-12-29T09:32:02","slug":"lenkeran-kendlerinin-kecilmez-yollari","status":"publish","type":"post","link":"https:\/\/www.meydan.tv\/az\/article\/lenkeran-kendlerinin-kecilmez-yollari\/","title":{"rendered":"L\u0259nk\u0259ran k\u0259ndl\u0259rinin ke\u00e7ilm\u0259z yollar\u0131"},"content":{"rendered":"\n<p><\/p>\n\n\n\n<p><em>\u201cK\u0259ndin yollar\u0131 t\u0259mirsiz, k\u0259l\u0259-k\u00f6t\u00fcr oldu\u011fundan taksil\u0259r rayon m\u0259rk\u0259zin\u0259 baha qiym\u0259t\u0259 apar\u0131rlar\u201d<\/em><\/p>\n\n\n\n<p>L\u0259nk\u0259ran\u0131n m\u0259rk\u0259zi k\u00fc\u00e7\u0259l\u0259ri, \u0259ks\u0259r k\u0259ndl\u0259r\u0259 ged\u0259n, el\u0259c\u0259 d\u0259 k\u0259ndaras\u0131 yollar\u0131n t\u0259mir\u0259 ehtiyac\u0131 var. Rayonun Xarxatan k\u0259ndin\u0259 ged\u0259n yol daha ke\u00e7ilm\u0259z v\u0259ziyy\u0259td\u0259dir.<\/p>\n\n\n\n<p>L\u0259nk\u0259ran sakini Samiq H\u00fcseynov Meydan TV-y\u0259 deyir ki, rayonda sosial probleml\u0259r \u00e7oxdur, amma k\u0259ndl\u0259rd\u0259 \u0259halinin \u0259n b\u00f6y\u00fck probleml\u0259rind\u0259n biri&nbsp; yollard\u0131r.<\/p>\n\n\n\n<p>\u201cK\u0259ndin 2 mind\u0259n \u00e7ox \u0259halisi var. Xarxatan rayonda Seyidl\u0259r k\u0259ndi kimi d\u0259 tan\u0131n\u0131r. Deyil\u0259nl\u0259r\u0259 g\u00f6r\u0259, bu k\u0259ndd\u0259 d\u00f6rd\u00fcnc\u00fc imam Zeynalabidinin \u015f\u0259c\u0259r\u0259sind\u0259n olanlar ya\u015fay\u0131rlar. K\u0259ndin yollar\u0131 t\u0259mirsiz, k\u0259l\u0259-k\u00f6t\u00fcr oldu\u011fundan taksil\u0259r rayon m\u0259rk\u0259zin\u0259 baha qiym\u0259t\u0259 apar\u0131rlar\u201d,-H\u00fcseynov bildirib.<\/p>\n\n\n\n<p>Xarxatan L\u0259nk\u0259ran\u0131n m\u0259rk\u0259zind\u0259n 16 kilometr \u015fimal-q\u0259rbd\u0259, L\u0259nk\u0259ran-Boradigah \u015fose yolunun \u00fcst\u00fcnd\u0259 yerl\u0259\u015fir.<\/p>\n\n\n\n<figure class=\"wp-block-image size-full\"><img decoding=\"async\" width=\"1200\" height=\"531\" data-src=\"https:\/\/www.meydan.tv\/wp-content\/uploads\/ea6b9041-4f61-4b7e-8f4b-05c667251f6c.jpg\" alt=\"\" class=\"wp-image-264810 lazyload\" src=\"data:image\/svg+xml;base64,PHN2ZyB3aWR0aD0iMSIgaGVpZ2h0PSIxIiB4bWxucz0iaHR0cDovL3d3dy53My5vcmcvMjAwMC9zdmciPjwvc3ZnPg==\" style=\"--smush-placeholder-width: 1200px; --smush-placeholder-aspect-ratio: 1200\/531;\" \/><\/figure>\n\n\n\n<p>2 mind\u0259n art\u0131q \u0259halisi olan Cil, h\u0259m\u00e7inin T\u00fck\u0259vil\u0259, Tuado k\u0259ndl\u0259rind\u0259, \u015e\u0131x\u0259k\u0259ran Mamusta k\u0259ndl\u0259rini birl\u0259\u015fdir\u0259n yolda, \u0130stisu q\u0259s\u0259b\u0259sind\u0259, \u015f\u0259h\u0259rin 20 Yanvar, Nizami k\u00fc\u00e7\u0259l\u0259rind\u0259 d\u0259 v\u0259ziyy\u0259t eynidir. Ya\u011f\u0131\u015f ya\u011fan kimi pal\u00e7\u0131qdan, g\u00f6lm\u0259\u00e7\u0259l\u0259rd\u0259n n\u0259inki piyada, h\u0259tta avtomobill\u0259 ke\u00e7m\u0259k m\u00fcmk\u00fcn olmur.<\/p>\n\n\n\n<p>\u201cL\u0259nk\u0259randa \u00e7ox az adam hans\u0131sa problemd\u0259n naraz\u0131l\u0131q edir, \u00e7\u00fcnki \u00e7oxu \u00e7\u0259kinir. M\u0259n i\u015f\u00e7is\u0259z, \u00e7\u0259kin\u0259c\u0259k yerim yoxdur. M\u00fcraci\u0259t ed\u0259nd\u0259&nbsp; deyirl\u0259r ki, k\u0259nd yolunu hans\u0131sa m\u0259kt\u0259b, yaxud d\u00f6vl\u0259t m\u00fc\u0259ssis\u0259si tik\u0259nd\u0259, ya t\u0259mir ed\u0259nd\u0259 b\u0259rbad v\u0259ziyy\u0259t\u0259 qoyublar. Ya da kommunal xidm\u0259t g\u00f6st\u0259r\u0259n qurumlar\u0131n \u00fcz\u0259rin\u0259 at\u0131rlar. Ya\u011f\u0131\u015f ya\u011fan kimi \u0259ks\u0259r m\u0259rk\u0259zi k\u00fc\u00e7\u0259 su il\u0259 dolur, kanalizasiyan\u0131n g\u00fcc\u00fc \u00e7atm\u0131r. M\u0259rk\u0259zi k\u00fc\u00e7\u0259l\u0259rd\u0259 el\u0259 g\u00f6lm\u0259\u00e7\u0259l\u0259r yaran\u0131r ki, insanlar rezin \u00e7\u0259km\u0259 geym\u0259y\u0259 m\u0259bur olurlar\u201d,-yerli sakinl\u0259r bildiribl\u0259r.<\/p>\n\n\n\n<figure class=\"wp-block-image size-full\"><img decoding=\"async\" width=\"1200\" height=\"621\" data-src=\"https:\/\/www.meydan.tv\/wp-content\/uploads\/52f46f8e-6b32-4dde-83f2-1a5730cd741c.jpg\" alt=\"\" class=\"wp-image-264813 lazyload\" src=\"data:image\/svg+xml;base64,PHN2ZyB3aWR0aD0iMSIgaGVpZ2h0PSIxIiB4bWxucz0iaHR0cDovL3d3dy53My5vcmcvMjAwMC9zdmciPjwvc3ZnPg==\" style=\"--smush-placeholder-width: 1200px; --smush-placeholder-aspect-ratio: 1200\/621;\" \/><\/figure>\n\n\n\n<p>L\u0259nk\u0259ran Rayon \u0130cra Hakimiyy\u0259tind\u0259n d\u0259 deyibl\u0259r ki, b\u0259zi k\u0259ndl\u0259r\u0259 ged\u0259n yollar t\u0259mirsizdir:<\/p>\n\n\n\n<p>\u201c\u015e\u0259h\u0259rin k\u00fc\u00e7\u0259l\u0259rinin t\u0259miri, asfalt \u00f6rt\u00fcy\u00fcn\u00fcn \u00e7\u0259kilm\u0259si L\u0259nk\u0259ran\u0131n sosial-iqtisadi inki\u015faf\u0131na dair t\u0259l\u0259bl\u0259r plan\u0131na daxil edilib. T\u0259mirsiz yollar haz\u0131rda m\u0259rh\u0259l\u0259li \u015f\u0259kild\u0259 t\u0259mir edilir\u201d.<\/p>\n\n\n\n<p>\u0130cra Hakimiyy\u0259tind\u0259n qeyd edibl\u0259r ki, son 10 ild\u0259 8 yol layih\u0259si h\u0259yata ke\u00e7irilib. Xarxatan, eyni zamanda, Cil k\u0259ndin\u0259 ged\u0259n yollar\u0131n t\u0259miri plana sal\u0131n\u0131b. K\u0259nddaxili yollar is\u0259 b\u0259l\u0259diyy\u0259l\u0259r t\u0259r\u0259find\u0259n t\u0259mir edilir.<\/p>\n\n\n\n<figure class=\"wp-block-image size-full\"><img decoding=\"async\" width=\"1200\" height=\"595\" data-src=\"https:\/\/www.meydan.tv\/wp-content\/uploads\/214dcf90-c258-49fe-b81f-6c635e6ecd2d.jpg\" alt=\"\" class=\"wp-image-264816 lazyload\" src=\"data:image\/svg+xml;base64,PHN2ZyB3aWR0aD0iMSIgaGVpZ2h0PSIxIiB4bWxucz0iaHR0cDovL3d3dy53My5vcmcvMjAwMC9zdmciPjwvc3ZnPg==\" style=\"--smush-placeholder-width: 1200px; --smush-placeholder-aspect-ratio: 1200\/595;\" \/><\/figure>\n","protected":false},"excerpt":{"rendered":"<p>\u201cK\u0259ndin yollar\u0131 t\u0259mirsiz, k\u0259l\u0259-k\u00f6t\u00fcr oldu\u011fundan taksil\u0259r rayon m\u0259rk\u0259zin\u0259 baha qiym\u0259t\u0259 &#8230; <\/p>\n<p class=\"read-more-container\"><a title=\"L\u0259nk\u0259ran k\u0259ndl\u0259rinin ke\u00e7ilm\u0259z yollar\u0131\" class=\"read-more button\" href=\"https:\/\/www.meydan.tv\/az\/article\/lenkeran-kendlerinin-kecilmez-yollari\/#more-264809\" aria-label=\"Read more about L\u0259nk\u0259ran k\u0259ndl\u0259rinin ke\u00e7ilm\u0259z yollar\u0131\">Davam\u0131<\/a><\/p>\n","protected":false},"author":8,"featured_media":264819,"comment_status":"closed","ping_status":"closed","sticky":false,"template":"","format":"standard","meta":{"_acf_changed":false,"_sitemap_exclude":false,"_sitemap_priority":"","_sitemap_frequency":"","footnotes":""},"categories":[60,56],"tags":[],"class_list":["post-264809","post","type-post","status-publish","format-standard","has-post-thumbnail","hentry","category-bolge","category-xeberler","infinite-scroll-item","generate-columns","tablet-grid-50","mobile-grid-100","grid-parent","grid-33","no-featured-image-padding"],"acf":[],"yoast_head":"<!-- This site is optimized with the Yoast SEO plugin v27.5 - https:\/\/yoast.com\/product\/yoast-seo-wordpress\/ -->\n<title>L\u0259nk\u0259ran k\u0259ndl\u0259rinin ke\u00e7ilm\u0259z yollar\u0131 - MEYDAN.TV<\/title>\n<meta name=\"robots\" content=\"index, follow, max-snippet:-1, max-image-preview:large, max-video-preview:-1\" \/>\n<link rel=\"canonical\" href=\"https:\/\/www.meydan.tv\/az\/article\/lenkeran-kendlerinin-kecilmez-yollari\/\" \/>\n<meta property=\"og:locale\" content=\"az_AZ\" \/>\n<meta property=\"og:type\" content=\"article\" \/>\n<meta property=\"og:title\" content=\"L\u0259nk\u0259ran k\u0259ndl\u0259rinin ke\u00e7ilm\u0259z yollar\u0131 - MEYDAN.TV\" \/>\n<meta property=\"og:description\" content=\"\u201cK\u0259ndin yollar\u0131 t\u0259mirsiz, k\u0259l\u0259-k\u00f6t\u00fcr oldu\u011fundan taksil\u0259r rayon m\u0259rk\u0259zin\u0259 baha qiym\u0259t\u0259 ... Davam\u0131\" \/>\n<meta property=\"og:url\" content=\"https:\/\/www.meydan.tv\/az\/article\/lenkeran-kendlerinin-kecilmez-yollari\/\" \/>\n<meta property=\"og:site_name\" content=\"MEYDAN.TV\" \/>\n<meta property=\"article:published_time\" content=\"2022-12-29T09:31:59+00:00\" \/>\n<meta property=\"article:modified_time\" content=\"2022-12-29T09:32:02+00:00\" \/>\n<meta property=\"og:image\" content=\"https:\/\/www.meydan.tv\/wp-content\/uploads\/0d21912c-937b-4a48-b809-617db11d941b-1.jpg\" \/>\n\t<meta property=\"og:image:width\" content=\"1200\" \/>\n\t<meta property=\"og:image:height\" content=\"697\" \/>\n\t<meta property=\"og:image:type\" content=\"image\/jpeg\" \/>\n<meta name=\"author\" content=\"elli\" \/>\n<meta name=\"twitter:card\" content=\"summary_large_image\" \/>\n<meta name=\"twitter:creator\" content=\"@elli\" \/>\n<script type=\"application\/ld+json\" class=\"yoast-schema-graph\">{\"@context\":\"https:\\\/\\\/schema.org\",\"@graph\":[{\"@type\":\"Article\",\"@id\":\"https:\\\/\\\/www.meydan.tv\\\/az\\\/article\\\/lenkeran-kendlerinin-kecilmez-yollari\\\/#article\",\"isPartOf\":{\"@id\":\"https:\\\/\\\/www.meydan.tv\\\/az\\\/article\\\/lenkeran-kendlerinin-kecilmez-yollari\\\/\"},\"author\":{\"name\":\"elli\",\"@id\":\"https:\\\/\\\/www.meydan.tv\\\/az\\\/#\\\/schema\\\/person\\\/9cdbecf90d17180ce1dfbd95b08dcf47\"},\"headline\":\"L\u0259nk\u0259ran k\u0259ndl\u0259rinin ke\u00e7ilm\u0259z yollar\u0131\",\"datePublished\":\"2022-12-29T09:31:59+00:00\",\"dateModified\":\"2022-12-29T09:32:02+00:00\",\"mainEntityOfPage\":{\"@id\":\"https:\\\/\\\/www.meydan.tv\\\/az\\\/article\\\/lenkeran-kendlerinin-kecilmez-yollari\\\/\"},\"wordCount\":503,\"publisher\":{\"@id\":\"https:\\\/\\\/www.meydan.tv\\\/az\\\/#organization\"},\"image\":{\"@id\":\"https:\\\/\\\/www.meydan.tv\\\/az\\\/article\\\/lenkeran-kendlerinin-kecilmez-yollari\\\/#primaryimage\"},\"thumbnailUrl\":\"https:\\\/\\\/www.meydan.tv\\\/wp-content\\\/uploads\\\/0d21912c-937b-4a48-b809-617db11d941b-1.jpg\",\"articleSection\":[\"B\u00f6lg\u0259\",\"X\u0259b\u0259rl\u0259r\"],\"inLanguage\":\"az\"},{\"@type\":\"WebPage\",\"@id\":\"https:\\\/\\\/www.meydan.tv\\\/az\\\/article\\\/lenkeran-kendlerinin-kecilmez-yollari\\\/\",\"url\":\"https:\\\/\\\/www.meydan.tv\\\/az\\\/article\\\/lenkeran-kendlerinin-kecilmez-yollari\\\/\",\"name\":\"L\u0259nk\u0259ran k\u0259ndl\u0259rinin ke\u00e7ilm\u0259z yollar\u0131 - MEYDAN.TV\",\"isPartOf\":{\"@id\":\"https:\\\/\\\/www.meydan.tv\\\/az\\\/#website\"},\"primaryImageOfPage\":{\"@id\":\"https:\\\/\\\/www.meydan.tv\\\/az\\\/article\\\/lenkeran-kendlerinin-kecilmez-yollari\\\/#primaryimage\"},\"image\":{\"@id\":\"https:\\\/\\\/www.meydan.tv\\\/az\\\/article\\\/lenkeran-kendlerinin-kecilmez-yollari\\\/#primaryimage\"},\"thumbnailUrl\":\"https:\\\/\\\/www.meydan.tv\\\/wp-content\\\/uploads\\\/0d21912c-937b-4a48-b809-617db11d941b-1.jpg\",\"datePublished\":\"2022-12-29T09:31:59+00:00\",\"dateModified\":\"2022-12-29T09:32:02+00:00\",\"breadcrumb\":{\"@id\":\"https:\\\/\\\/www.meydan.tv\\\/az\\\/article\\\/lenkeran-kendlerinin-kecilmez-yollari\\\/#breadcrumb\"},\"inLanguage\":\"az\",\"potentialAction\":[{\"@type\":\"ReadAction\",\"target\":[\"https:\\\/\\\/www.meydan.tv\\\/az\\\/article\\\/lenkeran-kendlerinin-kecilmez-yollari\\\/\"]}]},{\"@type\":\"ImageObject\",\"inLanguage\":\"az\",\"@id\":\"https:\\\/\\\/www.meydan.tv\\\/az\\\/article\\\/lenkeran-kendlerinin-kecilmez-yollari\\\/#primaryimage\",\"url\":\"https:\\\/\\\/www.meydan.tv\\\/wp-content\\\/uploads\\\/0d21912c-937b-4a48-b809-617db11d941b-1.jpg\",\"contentUrl\":\"https:\\\/\\\/www.meydan.tv\\\/wp-content\\\/uploads\\\/0d21912c-937b-4a48-b809-617db11d941b-1.jpg\",\"width\":1200,\"height\":697,\"caption\":\"Fotolar: Meydan TV\"},{\"@type\":\"BreadcrumbList\",\"@id\":\"https:\\\/\\\/www.meydan.tv\\\/az\\\/article\\\/lenkeran-kendlerinin-kecilmez-yollari\\\/#breadcrumb\",\"itemListElement\":[{\"@type\":\"ListItem\",\"position\":1,\"name\":\"Ana s\u0259hif\u0259\",\"item\":\"https:\\\/\\\/www.meydan.tv\\\/az\\\/\"},{\"@type\":\"ListItem\",\"position\":2,\"name\":\"B\u00f6lg\u0259\",\"item\":\"https:\\\/\\\/www.meydan.tv\\\/az\\\/section\\\/bolge\\\/\"},{\"@type\":\"ListItem\",\"position\":3,\"name\":\"L\u0259nk\u0259ran k\u0259ndl\u0259rinin ke\u00e7ilm\u0259z yollar\u0131\"}]},{\"@type\":\"WebSite\",\"@id\":\"https:\\\/\\\/www.meydan.tv\\\/az\\\/#website\",\"url\":\"https:\\\/\\\/www.meydan.tv\\\/az\\\/\",\"name\":\"MEYDAN.TV\",\"description\":\"Meydan TV Az\u0259rbaycan\u0131n media m\u0259kan\u0131ndak\u0131 alternativ s\u0259sidir\",\"publisher\":{\"@id\":\"https:\\\/\\\/www.meydan.tv\\\/az\\\/#organization\"},\"potentialAction\":[{\"@type\":\"SearchAction\",\"target\":{\"@type\":\"EntryPoint\",\"urlTemplate\":\"https:\\\/\\\/www.meydan.tv\\\/az\\\/?s={search_term_string}\"},\"query-input\":{\"@type\":\"PropertyValueSpecification\",\"valueRequired\":true,\"valueName\":\"search_term_string\"}}],\"inLanguage\":\"az\"},{\"@type\":\"Organization\",\"@id\":\"https:\\\/\\\/www.meydan.tv\\\/az\\\/#organization\",\"name\":\"Meydan TV\",\"url\":\"https:\\\/\\\/www.meydan.tv\\\/az\\\/\",\"logo\":{\"@type\":\"ImageObject\",\"inLanguage\":\"az\",\"@id\":\"https:\\\/\\\/www.meydan.tv\\\/az\\\/#\\\/schema\\\/logo\\\/image\\\/\",\"url\":\"https:\\\/\\\/www.meydan.tv\\\/wp-content\\\/uploads\\\/2021\\\/07\\\/meydan-logo.svg\",\"contentUrl\":\"https:\\\/\\\/www.meydan.tv\\\/wp-content\\\/uploads\\\/2021\\\/07\\\/meydan-logo.svg\",\"width\":195,\"height\":46,\"caption\":\"Meydan TV\"},\"image\":{\"@id\":\"https:\\\/\\\/www.meydan.tv\\\/az\\\/#\\\/schema\\\/logo\\\/image\\\/\"}},{\"@type\":\"Person\",\"@id\":\"https:\\\/\\\/www.meydan.tv\\\/az\\\/#\\\/schema\\\/person\\\/9cdbecf90d17180ce1dfbd95b08dcf47\",\"name\":\"elli\",\"sameAs\":[\"https:\\\/\\\/x.com\\\/elli\"]}]}<\/script>\n<!-- \/ Yoast SEO plugin. -->","yoast_head_json":{"title":"L\u0259nk\u0259ran k\u0259ndl\u0259rinin ke\u00e7ilm\u0259z yollar\u0131 - MEYDAN.TV","robots":{"index":"index","follow":"follow","max-snippet":"max-snippet:-1","max-image-preview":"max-image-preview:large","max-video-preview":"max-video-preview:-1"},"canonical":"https:\/\/www.meydan.tv\/az\/article\/lenkeran-kendlerinin-kecilmez-yollari\/","og_locale":"az_AZ","og_type":"article","og_title":"L\u0259nk\u0259ran k\u0259ndl\u0259rinin ke\u00e7ilm\u0259z yollar\u0131 - MEYDAN.TV","og_description":"\u201cK\u0259ndin yollar\u0131 t\u0259mirsiz, k\u0259l\u0259-k\u00f6t\u00fcr oldu\u011fundan taksil\u0259r rayon m\u0259rk\u0259zin\u0259 baha qiym\u0259t\u0259 ... Davam\u0131","og_url":"https:\/\/www.meydan.tv\/az\/article\/lenkeran-kendlerinin-kecilmez-yollari\/","og_site_name":"MEYDAN.TV","article_published_time":"2022-12-29T09:31:59+00:00","article_modified_time":"2022-12-29T09:32:02+00:00","og_image":[{"width":1200,"height":697,"url":"https:\/\/www.meydan.tv\/wp-content\/uploads\/0d21912c-937b-4a48-b809-617db11d941b-1.jpg","type":"image\/jpeg"}],"author":"elli","twitter_card":"summary_large_image","twitter_creator":"@elli","schema":{"@context":"https:\/\/schema.org","@graph":[{"@type":"Article","@id":"https:\/\/www.meydan.tv\/az\/article\/lenkeran-kendlerinin-kecilmez-yollari\/#article","isPartOf":{"@id":"https:\/\/www.meydan.tv\/az\/article\/lenkeran-kendlerinin-kecilmez-yollari\/"},"author":{"name":"elli","@id":"https:\/\/www.meydan.tv\/az\/#\/schema\/person\/9cdbecf90d17180ce1dfbd95b08dcf47"},"headline":"L\u0259nk\u0259ran k\u0259ndl\u0259rinin ke\u00e7ilm\u0259z yollar\u0131","datePublished":"2022-12-29T09:31:59+00:00","dateModified":"2022-12-29T09:32:02+00:00","mainEntityOfPage":{"@id":"https:\/\/www.meydan.tv\/az\/article\/lenkeran-kendlerinin-kecilmez-yollari\/"},"wordCount":503,"publisher":{"@id":"https:\/\/www.meydan.tv\/az\/#organization"},"image":{"@id":"https:\/\/www.meydan.tv\/az\/article\/lenkeran-kendlerinin-kecilmez-yollari\/#primaryimage"},"thumbnailUrl":"https:\/\/www.meydan.tv\/wp-content\/uploads\/0d21912c-937b-4a48-b809-617db11d941b-1.jpg","articleSection":["B\u00f6lg\u0259","X\u0259b\u0259rl\u0259r"],"inLanguage":"az"},{"@type":"WebPage","@id":"https:\/\/www.meydan.tv\/az\/article\/lenkeran-kendlerinin-kecilmez-yollari\/","url":"https:\/\/www.meydan.tv\/az\/article\/lenkeran-kendlerinin-kecilmez-yollari\/","name":"L\u0259nk\u0259ran k\u0259ndl\u0259rinin ke\u00e7ilm\u0259z yollar\u0131 - MEYDAN.TV","isPartOf":{"@id":"https:\/\/www.meydan.tv\/az\/#website"},"primaryImageOfPage":{"@id":"https:\/\/www.meydan.tv\/az\/article\/lenkeran-kendlerinin-kecilmez-yollari\/#primaryimage"},"image":{"@id":"https:\/\/www.meydan.tv\/az\/article\/lenkeran-kendlerinin-kecilmez-yollari\/#primaryimage"},"thumbnailUrl":"https:\/\/www.meydan.tv\/wp-content\/uploads\/0d21912c-937b-4a48-b809-617db11d941b-1.jpg","datePublished":"2022-12-29T09:31:59+00:00","dateModified":"2022-12-29T09:32:02+00:00","breadcrumb":{"@id":"https:\/\/www.meydan.tv\/az\/article\/lenkeran-kendlerinin-kecilmez-yollari\/#breadcrumb"},"inLanguage":"az","potentialAction":[{"@type":"ReadAction","target":["https:\/\/www.meydan.tv\/az\/article\/lenkeran-kendlerinin-kecilmez-yollari\/"]}]},{"@type":"ImageObject","inLanguage":"az","@id":"https:\/\/www.meydan.tv\/az\/article\/lenkeran-kendlerinin-kecilmez-yollari\/#primaryimage","url":"https:\/\/www.meydan.tv\/wp-content\/uploads\/0d21912c-937b-4a48-b809-617db11d941b-1.jpg","contentUrl":"https:\/\/www.meydan.tv\/wp-content\/uploads\/0d21912c-937b-4a48-b809-617db11d941b-1.jpg","width":1200,"height":697,"caption":"Fotolar: Meydan TV"},{"@type":"BreadcrumbList","@id":"https:\/\/www.meydan.tv\/az\/article\/lenkeran-kendlerinin-kecilmez-yollari\/#breadcrumb","itemListElement":[{"@type":"ListItem","position":1,"name":"Ana s\u0259hif\u0259","item":"https:\/\/www.meydan.tv\/az\/"},{"@type":"ListItem","position":2,"name":"B\u00f6lg\u0259","item":"https:\/\/www.meydan.tv\/az\/section\/bolge\/"},{"@type":"ListItem","position":3,"name":"L\u0259nk\u0259ran k\u0259ndl\u0259rinin ke\u00e7ilm\u0259z yollar\u0131"}]},{"@type":"WebSite","@id":"https:\/\/www.meydan.tv\/az\/#website","url":"https:\/\/www.meydan.tv\/az\/","name":"MEYDAN.TV","description":"Meydan TV Az\u0259rbaycan\u0131n media m\u0259kan\u0131ndak\u0131 alternativ s\u0259sidir","publisher":{"@id":"https:\/\/www.meydan.tv\/az\/#organization"},"potentialAction":[{"@type":"SearchAction","target":{"@type":"EntryPoint","urlTemplate":"https:\/\/www.meydan.tv\/az\/?s={search_term_string}"},"query-input":{"@type":"PropertyValueSpecification","valueRequired":true,"valueName":"search_term_string"}}],"inLanguage":"az"},{"@type":"Organization","@id":"https:\/\/www.meydan.tv\/az\/#organization","name":"Meydan TV","url":"https:\/\/www.meydan.tv\/az\/","logo":{"@type":"ImageObject","inLanguage":"az","@id":"https:\/\/www.meydan.tv\/az\/#\/schema\/logo\/image\/","url":"https:\/\/www.meydan.tv\/wp-content\/uploads\/2021\/07\/meydan-logo.svg","contentUrl":"https:\/\/www.meydan.tv\/wp-content\/uploads\/2021\/07\/meydan-logo.svg","width":195,"height":46,"caption":"Meydan TV"},"image":{"@id":"https:\/\/www.meydan.tv\/az\/#\/schema\/logo\/image\/"}},{"@type":"Person","@id":"https:\/\/www.meydan.tv\/az\/#\/schema\/person\/9cdbecf90d17180ce1dfbd95b08dcf47","name":"elli","sameAs":["https:\/\/x.com\/elli"]}]}},"_links":{"self":[{"href":"https:\/\/www.meydan.tv\/az\/wp-json\/wp\/v2\/posts\/264809","targetHints":{"allow":["GET"]}}],"collection":[{"href":"https:\/\/www.meydan.tv\/az\/wp-json\/wp\/v2\/posts"}],"about":[{"href":"https:\/\/www.meydan.tv\/az\/wp-json\/wp\/v2\/types\/post"}],"author":[{"embeddable":true,"href":"https:\/\/www.meydan.tv\/az\/wp-json\/wp\/v2\/users\/8"}],"replies":[{"embeddable":true,"href":"https:\/\/www.meydan.tv\/az\/wp-json\/wp\/v2\/comments?post=264809"}],"version-history":[{"count":1,"href":"https:\/\/www.meydan.tv\/az\/wp-json\/wp\/v2\/posts\/264809\/revisions"}],"predecessor-version":[{"id":264822,"href":"https:\/\/www.meydan.tv\/az\/wp-json\/wp\/v2\/posts\/264809\/revisions\/264822"}],"wp:featuredmedia":[{"embeddable":true,"href":"https:\/\/www.meydan.tv\/az\/wp-json\/wp\/v2\/media\/264819"}],"wp:attachment":[{"href":"https:\/\/www.meydan.tv\/az\/wp-json\/wp\/v2\/media?parent=264809"}],"wp:term":[{"taxonomy":"category","embeddable":true,"href":"https:\/\/www.meydan.tv\/az\/wp-json\/wp\/v2\/categories?post=264809"},{"taxonomy":"post_tag","embeddable":true,"href":"https:\/\/www.meydan.tv\/az\/wp-json\/wp\/v2\/tags?post=264809"}],"curies":[{"name":"wp","href":"https:\/\/api.w.org\/{rel}","templated":true}]}}