{"id":264792,"date":"2022-12-29T12:57:07","date_gmt":"2022-12-29T08:57:07","guid":{"rendered":"https:\/\/www.meydan.tv\/?p=264792"},"modified":"2022-12-29T14:39:25","modified_gmt":"2022-12-29T10:39:25","slug":"nisye-ile-nece-alver-nece-bayram-olsun","status":"publish","type":"post","link":"https:\/\/www.meydan.tv\/az\/article\/nisye-ile-nece-alver-nece-bayram-olsun\/","title":{"rendered":"\u201cNisy\u0259 il\u0259 nec\u0259 alver, nec\u0259 bayram olsun?&#8221;"},"content":{"rendered":"\n<p><\/p>\n\n\n\n<p><em>Sakinl\u0259r deyirl\u0259r ki, G\u00f6y\u00e7ay bazar\u0131nda m\u0259hsullar &#8220;od qiym\u0259ti&#8221;n\u0259dir&#8230;<\/em><\/p>\n\n\n\n<p>Yeni il\u0259 say\u0131l\u0131 g\u00fcnl\u0259r qal\u0131b. Paytaxt Bak\u0131dan f\u0259rqli olaraq regionlarda yarmarkalar ke\u00e7irilm\u0259diyind\u0259n bazarlarda qiym\u0259tl\u0259r daha da bahala\u015f\u0131b.<\/p>\n\n\n\n<p>G\u00f6y\u00e7ay\u0131n &#8220;Yeni bazar&#8221;\u0131nda da qiym\u0259tl\u0259r \u0259vv\u0259lki aylarla m\u00fcqayis\u0259d\u0259 d\u0259f\u0259l\u0259rl\u0259 art\u0131b. He\u00e7 rayonda bayram ab-havas\u0131 da bir o q\u0259d\u0259r m\u00fc\u015fahid\u0259 olunmur.<\/p>\n\n\n<div class=\"wp-block-image\">\n<figure class=\"aligncenter size-large\"><img decoding=\"async\" width=\"1200\" height=\"540\" data-src=\"https:\/\/www.meydan.tv\/wp-content\/uploads\/img-20221226-wa0001-1200x540.jpg\" alt=\"\" class=\"wp-image-264786 lazyload\" src=\"data:image\/svg+xml;base64,PHN2ZyB3aWR0aD0iMSIgaGVpZ2h0PSIxIiB4bWxucz0iaHR0cDovL3d3dy53My5vcmcvMjAwMC9zdmciPjwvc3ZnPg==\" style=\"--smush-placeholder-width: 1200px; --smush-placeholder-aspect-ratio: 1200\/540;\" \/><\/figure>\n<\/div>\n\n\n<p>Sat\u0131c\u0131lar is\u0259 al\u0131c\u0131 q\u0131tl\u0131\u011f\u0131ndan \u015fikay\u0259tl\u0259nirl\u0259r.<\/p>\n\n\n\n<p>G\u00f6y\u00e7ay bazar\u0131nda sat\u0131c\u0131 \u018fli \u0130smay\u0131lov deyir ki, m\u0259hsullar g\u00fcnl\u0259rl\u0259 pi\u015ftaxtalarda qal\u0131r, alan yoxdur:<\/p>\n\n\n\n<p>&#8220;Alver \u00e7ox z\u0259ifdir. M\u0259hsul boldur, amma alan yoxdur. Bir ne\u00e7\u0259 g\u00fcnd\u00fcr ki, meyv\u0259l\u0259ri g\u0259tirib pi\u015ftaxtaya d\u00fczm\u00fc\u015f\u00fck. Alma, mandarin, porta\u011fal, yerk\u00f6k\u00fc, banan, kivi v\u0259 dig\u0259r \u00e7e\u015fidd\u0259 m\u0259hsullar var. M\u0259nd\u0259, dem\u0259k olar ki, ham\u0131s\u0131 bir manatad\u0131r. Ancaq g\u0259lib bax\u0131r, sonra da \u00f6t\u00fcb ke\u00e7irl\u0259r. Al\u0131c\u0131l\u0131q \u00e7ox z\u0259ifdir, insanlar\u0131 da q\u0131nam\u0131ram, \u00e7\u00fcnki pul yoxdur&#8221;.<\/p>\n\n\n<div class=\"wp-block-image\">\n<figure class=\"aligncenter size-large\"><img decoding=\"async\" width=\"1200\" height=\"540\" data-src=\"https:\/\/www.meydan.tv\/wp-content\/uploads\/img-20221226-wa0024-1200x540.jpg\" alt=\"\" class=\"wp-image-264765 lazyload\" src=\"data:image\/svg+xml;base64,PHN2ZyB3aWR0aD0iMSIgaGVpZ2h0PSIxIiB4bWxucz0iaHR0cDovL3d3dy53My5vcmcvMjAwMC9zdmciPjwvc3ZnPg==\" style=\"--smush-placeholder-width: 1200px; --smush-placeholder-aspect-ratio: 1200\/540;\" \/><\/figure>\n<\/div>\n\n\n<p>Dig\u0259r meyv\u0259 sat\u0131c\u0131s\u0131 \u0130lham V\u0259liyev deyir ki, bu il \u0259rzaq m\u0259hsullar\u0131 \u00e7ox baha oldu\u011fundan meyv\u0259y\u0259 d\u0259 t\u0259l\u0259bat azd\u0131r.<\/p>\n\n\n\n<p>Onun s\u00f6zl\u0259rin\u0259 g\u00f6r\u0259, \u00f6lk\u0259d\u0259 meyv\u0259 istehsal\u0131 da boldur, amma insanar daha \u00e7ox \u0259rzaq alma\u011fa \u00fcst\u00fcnl\u00fck verirl\u0259r.<\/p>\n\n\n\n<p>O, meyv\u0259l\u0259rin qiym\u0259tinin \u00f6t\u0259n ill\u0259 m\u00fcqayis\u0259d\u0259 bir q\u0259d\u0259r ucuz oldu\u011funu deyir:<\/p>\n\n\n<div class=\"wp-block-image\">\n<figure class=\"aligncenter size-large\"><img decoding=\"async\" width=\"1200\" height=\"540\" data-src=\"https:\/\/www.meydan.tv\/wp-content\/uploads\/img-20221226-wa0005-1200x540.jpg\" alt=\"\" class=\"wp-image-264789 lazyload\" src=\"data:image\/svg+xml;base64,PHN2ZyB3aWR0aD0iMSIgaGVpZ2h0PSIxIiB4bWxucz0iaHR0cDovL3d3dy53My5vcmcvMjAwMC9zdmciPjwvc3ZnPg==\" style=\"--smush-placeholder-width: 1200px; --smush-placeholder-aspect-ratio: 1200\/540;\" \/><\/figure>\n<\/div>\n\n\n<p>&#8220;\u00d6t\u0259n il indiki qiym\u0259tl\u0259rd\u0259n 1-2 manat baha idi. Ke\u00e7\u0259n il alman\u0131 m\u0259n 1 manat 50 q\u0259pikd\u0259n 2 manata q\u0259d\u0259r satm\u0131\u015fam. Porta\u011fal da h\u0259m\u00e7inin bayramqaba\u011f\u0131 3-4 manata sat\u0131rd\u0131m. Kivi v\u0259 banan is\u0259 h\u0259tta 5-6 manat idi. \u0130ndi is\u0259 yerli m\u0259hsullar 1 manat v\u0259 1.50 q\u0259pikdir. Xaricd\u0259n g\u0259l\u0259nl\u0259r is\u0259 2.50 q\u0259pik, 3-4 manat civar\u0131nda olur. Ancaq deyim ki, bayram g\u00fcnl\u0259rinin \u00f6z\u00fcnd\u0259 h\u0259r m\u0259hsulda 20 q\u0259pikd\u0259n tutmu\u015f bir manata q\u0259d\u0259r art\u0131m ola bil\u0259r&#8221;.<\/p>\n\n\n\n<p>Sat\u0131c\u0131 deyir ki, quru meyv\u0259l\u0259rin d\u0259 qiym\u0259tind\u0259 bahala\u015fma var. \u00c7\u00fcnki bu m\u0259hsullar az istehsal olunur v\u0259 g\u0259tirilm\u0259 x\u0259rci \u00e7oxdur. Ancaq nar, heyva kimi yerli m\u0259hsullar ucuz qiym\u0259t\u0259dir: <\/p>\n\n\n\n<p>&#8220;T\u0259mizl\u0259nmi\u015f qoz, f\u0131nd\u0131q 10-15 manatd\u0131r. Ki\u015fmi\u015fl\u0259ri is\u0259 n\u00f6v\u00fcnd\u0259n as\u0131l\u0131 olaraq 6 manatdan 12 manata q\u0259d\u0259r sat\u0131r\u0131q. Qays\u0131 14 manat, \u015fabal\u0131dlar is\u0259 5 manatdan 8 manata q\u0259d\u0259r sat\u0131l\u0131r. \u00d6t\u0259n il d\u0259 durum eyni idi. \u00c7\u00fcnki bu m\u0259hsullar h\u0259r b\u00f6lg\u0259d\u0259 istehsal olunmur v\u0259 gedib Zaqatala, Q\u0259b\u0259l\u0259, Balak\u0259nd\u0259n g\u0259tirilir. Nar, heyva is\u0259 30 q\u0259pikd\u0259n bir manata q\u0259d\u0259r sat\u0131l\u0131r&#8221;.<\/p>\n\n\n<div class=\"wp-block-image\">\n<figure class=\"aligncenter size-large\"><img decoding=\"async\" width=\"1200\" height=\"540\" data-src=\"https:\/\/www.meydan.tv\/wp-content\/uploads\/img-20221226-wa0008-1200x540.jpg\" alt=\"\" class=\"wp-image-264774 lazyload\" src=\"data:image\/svg+xml;base64,PHN2ZyB3aWR0aD0iMSIgaGVpZ2h0PSIxIiB4bWxucz0iaHR0cDovL3d3dy53My5vcmcvMjAwMC9zdmciPjwvc3ZnPg==\" style=\"--smush-placeholder-width: 1200px; --smush-placeholder-aspect-ratio: 1200\/540;\" \/><\/figure>\n<\/div>\n\n\n<p><strong>&#8220;G\u00fcn\u0259 he\u00e7 50-100 manatl\u0131q alver etm\u0259k olmur&#8221;<\/strong><\/p>\n\n\n\n<p>G\u00f6y\u00e7ay bazar\u0131nda al\u0131c\u0131lar t\u0259r\u0259v\u0259zin &#8211; kartof v\u0259 so\u011fan\u0131n qiym\u0259tl\u0259rind\u0259ki bahala\u015fmadan da \u015fikay\u0259t\u00e7idirl\u0259r. Onlar deyirl\u0259r ki, bu m\u0259hsullarda qiym\u0259t d\u0259yi\u015fikliyi az\u0131 h\u0259r g\u00fcn m\u00fc\u015fahid\u0259 olunur.<\/p>\n\n\n\n<p>Sat\u0131c\u0131 Ariz X\u0259lilov is\u0259 Meydan Tv-y\u0259 deyir ki, Rusiya-Ukrayna m\u00fcharib\u0259si yerli bazara ciddi t\u0259sir g\u00f6st\u0259rib:<\/p>\n\n\n\n<p>&#8220;Kartofun kiloqram\u0131 1.50 q\u0259pik, so\u011fan\u0131n 30 kq-l\u0131q torbas\u0131 20 manat idi. H\u0259r iki m\u0259hsulda n\u0259inki \u00f6t\u0259n ill\u0259, \u00f6t\u0259n \u00fc\u00e7 ayla&nbsp; m\u00fcqayis\u0259d\u0259 3-4 d\u0259f\u0259 art\u0131m m\u00fc\u015fahid\u0259 olunur. G\u00fcn\u0259 5-10 al\u0131c\u0131 tapmaq qeyri-m\u00fc\u015fk\u00fcld\u00fcr&#8221;.<\/p>\n\n\n<div class=\"wp-block-image\">\n<figure class=\"aligncenter size-large\"><img decoding=\"async\" width=\"1200\" height=\"540\" data-src=\"https:\/\/www.meydan.tv\/wp-content\/uploads\/img-20221226-wa0013-1200x540.jpg\" alt=\"\" class=\"wp-image-264777 lazyload\" src=\"data:image\/svg+xml;base64,PHN2ZyB3aWR0aD0iMSIgaGVpZ2h0PSIxIiB4bWxucz0iaHR0cDovL3d3dy53My5vcmcvMjAwMC9zdmciPjwvc3ZnPg==\" style=\"--smush-placeholder-width: 1200px; --smush-placeholder-aspect-ratio: 1200\/540;\" \/><\/figure>\n<\/div>\n\n\n<p>&#8220;G\u0259d\u0259b\u0259y kartofu 1.50 manatd\u0131r. Tovuzun kartofu is\u0259 bir manatd\u0131r, bir q\u0259d\u0259r irisi 30 q\u0259pik bahad\u0131r.&nbsp; Belarus kartofu 1.20 manatd\u0131r. K\u0259l\u0259m 40-50 q\u0259pik, so\u011fan\u0131n is\u0259 bir kiloqram\u0131 \u0259n a\u015fa\u011f\u0131s\u0131 80 q\u0259pik, \u0259n bahal\u0131s\u0131 bir manatd\u0131r. Qiym\u0259tl\u0259r bahala\u015f\u0131b, d\u00fczd\u00fcr, \u00e7\u00fcnki kartof-so\u011fan Rusiyadan al\u0131n\u0131rd\u0131. \u0130ndi g\u0259lmir, istehsal\u0131 da ehtiyac\u0131 tam \u00f6d\u0259mir, ona g\u00f6r\u0259 d\u0259 bahad\u0131r. H\u0259m d\u0259 so\u011fan&nbsp; A\u011fdamdan, kartof q\u0259rb zonalar\u0131ndan g\u0259lir dey\u0259 yol x\u0259rci var. O da qiym\u0259t\u0259 t\u0259sir edir. G\u00fcn\u0259 he\u00e7 50-100 manatl\u0131q alver etm\u0259k olmur&#8221;, &#8211; dey\u0259 o bildirib.<\/p>\n\n\n\n<p><strong>&#8220;500 manat\u0131n 400 manat\u0131 ancaq \u0259rzaqa ged\u0259c\u0259k&#8221;<\/strong><\/p>\n\n\n\n<p>Az sayda m\u00fc\u015fahid\u0259 olunan al\u0131c\u0131lar da daha \u00e7ox \u0259rzaq, un, \u0259t v\u0259 t\u0259r\u0259v\u0259z m\u0259hsullar\u0131nda bahala\u015fman\u0131n oldu\u011funu qeyd edirl\u0259r.<\/p>\n\n\n\n<p>Al\u0131c\u0131 \u015e\u00fckuf\u0259 K\u0259rimova deyir ki, ald\u0131qlar\u0131 m\u0259vacib qiym\u0259tl\u0259rin artd\u0131\u011f\u0131 bir vaxtda ehtiyaclar\u0131n\u0131 \u00f6d\u0259mir:<\/p>\n\n\n<div class=\"wp-block-image\">\n<figure class=\"aligncenter size-large\"><img decoding=\"async\" width=\"1200\" height=\"540\" data-src=\"https:\/\/www.meydan.tv\/wp-content\/uploads\/img-20221226-wa0009-1200x540.jpg\" alt=\"\" class=\"wp-image-264796 lazyload\" src=\"data:image\/svg+xml;base64,PHN2ZyB3aWR0aD0iMSIgaGVpZ2h0PSIxIiB4bWxucz0iaHR0cDovL3d3dy53My5vcmcvMjAwMC9zdmciPjwvc3ZnPg==\" style=\"--smush-placeholder-width: 1200px; --smush-placeholder-aspect-ratio: 1200\/540;\" \/><\/figure>\n<\/div>\n\n\n<p>&#8220;Bayrama az qal\u0131b dey\u0259 qiym\u0259tl\u0259r k\u0259ll\u0259 \u00e7arxdad\u0131r. X\u00fcsus\u0259n, qoz-f\u0131nd\u0131q l\u0259p\u0259si \u00e7ox bahad\u0131r.&nbsp; M\u0259hsullar\u0131n i\u00e7ind\u0259 yen\u0259 meyv\u0259nin qiym\u0259ti m\u00fcnasibdir. \u018fvv\u0259ll\u0259r ham\u0131s\u0131ndan 2-3 kq al\u0131rd\u0131m, yar\u0131m kilo alsam, sevin\u0259r\u0259m. \u00d6z ail\u0259m d\u0259 b\u00f6y\u00fck, qonaqlar\u0131m da g\u0259l\u0259c\u0259k dey\u0259 az\u0131 400-500 manat pul laz\u0131md\u0131r. \u00d6t\u0259n il&nbsp; ham\u0131s\u0131na 300 manat x\u0259rcim \u00e7\u0131xm\u0131\u015fd\u0131. Bu il 500 manat\u0131n 400 manat\u0131 ancaq \u0259rzaqa ged\u0259c\u0259k. D\u00fcy\u00fc, ya\u011f, q\u0259nd, \u015f\u0259k\u0259r tozu, \u00e7ay, un bunlar d\u0259h\u015f\u0259t bahala\u015f\u0131b. Qiym\u0259tl\u0259r \u0259l yand\u0131r\u0131r&#8221;.<\/p>\n\n\n\n<p><strong>&#8220;Bayraml\u0131q hal\u0131m\u0131z yox&#8221;<\/strong><\/p>\n\n\n\n<p>\u00dclvi Quluzad\u0259 adl\u0131 orta ya\u015fl\u0131 al\u0131c\u0131 da bazar\u0131 p\u0259ri\u015fan t\u0259rk ed\u0259nl\u0259rd\u0259ndir. O, pensiyas\u0131n\u0131n k\u0259sildiyini \u0259sas g\u0259tir\u0259r\u0259k deyir ki, n\u0259 maddi imkan\u0131 var, n\u0259 d\u0259 bayrama mara\u011f\u0131 qal\u0131b.<\/p>\n\n\n<div class=\"wp-block-image\">\n<figure class=\"aligncenter size-large\"><img decoding=\"async\" width=\"1200\" height=\"540\" data-src=\"https:\/\/www.meydan.tv\/wp-content\/uploads\/img-20221226-wa0032-1200x540.jpg\" alt=\"\" class=\"wp-image-264762 lazyload\" src=\"data:image\/svg+xml;base64,PHN2ZyB3aWR0aD0iMSIgaGVpZ2h0PSIxIiB4bWxucz0iaHR0cDovL3d3dy53My5vcmcvMjAwMC9zdmciPjwvc3ZnPg==\" style=\"--smush-placeholder-width: 1200px; --smush-placeholder-aspect-ratio: 1200\/540;\" \/><\/figure>\n<\/div>\n\n\n<p>\u018flind\u0259ki m\u0259hsullar\u0131 bel\u0259 nisy\u0259 ald\u0131\u011f\u0131n\u0131 deyir:<\/p>\n\n\n\n<p>&#8220;Pensiyam\u0131 k\u0259sibl\u0259r, \u015f\u0259k\u0259r x\u0259st\u0259siy\u0259m. Bax\u0131n, bu g\u00f6y d\u0259st\u0259l\u0259rini tan\u0131\u015f idi dey\u0259 nisy\u0259 ald\u0131m. T\u0259k g\u00f6y\u00fc deyil, ya\u011f\u0131, qat\u0131\u011f\u0131 da nisy\u0259 ald\u0131m. Be\u015f d\u0259st\u0259 g\u00f6y n\u0259dir ki, onu da nisy\u0259 al\u0131ram. Camaat pis v\u0259ziyy\u0259td\u0259dir. Bayraml\u0131q hal\u0131m\u0131z da yoxdur. \u015e\u0259hidl\u0259r\u0259 g\u00f6r\u0259 ne\u00e7\u0259 ildir ki, bayram \u0259hval\u0131m\u0131z yoxdur. H\u0259m g\u00fcl kimi balalar\u0131m\u0131z&nbsp; \u00f6l\u00fcb, h\u0259m d\u0259 bahal\u0131q, pulsuzluq. \u00dcr\u0259k nec\u0259 a\u00e7\u0131lar ki, bayram da ed\u0259k?&#8221;<\/p>\n\n\n\n<p><strong>&#8220;\u00c7oxluq g\u00f6z\u00fcn\u00fc pensiyaya dikib&#8221;<\/strong><\/p>\n\n\n\n<p>Rayonun &#8220;K\u00f6hn\u0259 bazar&#8221;\u0131nda is\u0259 az sayda sat\u0131c\u0131 var ki, onlar da daimi m\u00fc\u015ft\u0259ril\u0259ri itirm\u0259k ist\u0259m\u0259diyind\u0259n burada q\u0259rarla\u015f\u0131blar. Ancaq bahal\u0131q v\u0259 yoxsulluq onlar\u0131 da \u00e7\u0131x\u0131lmaz duruma sal\u0131b.<\/p>\n\n\n\n<p>Sat\u0131c\u0131 \u018fflatun Babayev Meydan TV-y\u0259 deyib ki, \u0259vv\u0259l d\u00f6rd i\u015f\u00e7isi olub, alver getm\u0259diyin\u0259 g\u00f6r\u0259 onlar\u0131 da i\u015fd\u0259n \u00e7\u0131xar\u0131b:<\/p>\n\n\n<div class=\"wp-block-image\">\n<figure class=\"aligncenter size-large\"><img decoding=\"async\" width=\"1200\" height=\"540\" data-src=\"https:\/\/www.meydan.tv\/wp-content\/uploads\/img-20221226-wa0007-1200x540.jpg\" alt=\"\" class=\"wp-image-264793 lazyload\" src=\"data:image\/svg+xml;base64,PHN2ZyB3aWR0aD0iMSIgaGVpZ2h0PSIxIiB4bWxucz0iaHR0cDovL3d3dy53My5vcmcvMjAwMC9zdmciPjwvc3ZnPg==\" style=\"--smush-placeholder-width: 1200px; --smush-placeholder-aspect-ratio: 1200\/540;\" \/><\/figure>\n<\/div>\n\n\n<p>&#8220;D\u00fcn\u0259n 75 manatl\u0131q alver etmi\u015f\u0259m. \u018fvv\u0259l alver yax\u015f\u0131 idi dey\u0259 4 i\u015f\u00e7im vard\u0131. Qazanc olmad\u0131 dey\u0259 onlar\u0131 da i\u015fd\u0259 saxlaya bilm\u0259dim. M\u0259n d\u0259 qozu, f\u0131nd\u0131\u011f\u0131, \u015fabal\u0131d\u0131, ki\u015fmi\u015fi v\u0259 dig\u0259r m\u0259hsullar\u0131 ba\u015fqa yerd\u0259n nisy\u0259 al\u0131ram. G\u0259tirib burada satandan sonra apar\u0131b pulunu verir\u0259m&#8221;.<\/p>\n\n\n\n<p>&#8220;G\u00fccl\u00fc maa\u015f yox, g\u0259lir yox. \u00c7oxluq g\u00f6z\u00fcn\u00fc pensiyaya, sosial m\u00fcavin\u0259t\u0259 dikib. Onu da kommunal x\u0259rcl\u0259r\u0259 ver\u0259nd\u0259 yerind\u0259 n\u0259 qal\u0131r ki, n\u0259 d\u0259 als\u0131n. 63 ya\u015f\u0131n i\u00e7ind\u0259y\u0259m, evd\u0259 d\u0259 7 ail\u0259 \u00fczv\u00fcm&nbsp; var, onlara bax\u0131ram. M\u0259n burada n\u0259s\u0259 satmaqla ail\u0259ni doland\u0131r\u0131ram. Builki q\u0259d\u0259r z\u0259iflik olmam\u0131\u015fd\u0131. Bax, bu g\u00fcn be\u015f al\u0131c\u0131m olub ki, onlar da pensiya\u00e7\u0131d\u0131r, nisy\u0259 al\u0131r, pensiyada verirl\u0259r&#8221;, &#8211; dey\u0259 sat\u0131c\u0131 bildirib.<\/p>\n\n\n\n<p><strong>&#8220;Nisy\u0259 il\u0259 nec\u0259 bayram olsun?&#8221;<\/strong><\/p>\n\n\n\n<p>Bazarda \u0259t v\u0259 \u0259t m\u0259hsullar\u0131n\u0131n qiym\u0259tinin baha olmas\u0131na g\u0259linc\u0259, sat\u0131c\u0131lar bunu ot v\u0259 yem m\u0259hsullar\u0131n\u0131n bahal\u0131\u011f\u0131 il\u0259 \u0259laq\u0259ndirirl\u0259r: <\/p>\n\n\n<div class=\"wp-block-image\">\n<figure class=\"aligncenter size-large\"><img decoding=\"async\" width=\"1200\" height=\"540\" data-src=\"https:\/\/www.meydan.tv\/wp-content\/uploads\/img-20221226-wa0040-1200x540.jpg\" alt=\"\" class=\"wp-image-264741 lazyload\" src=\"data:image\/svg+xml;base64,PHN2ZyB3aWR0aD0iMSIgaGVpZ2h0PSIxIiB4bWxucz0iaHR0cDovL3d3dy53My5vcmcvMjAwMC9zdmciPjwvc3ZnPg==\" style=\"--smush-placeholder-width: 1200px; --smush-placeholder-aspect-ratio: 1200\/540;\" \/><\/figure>\n<\/div>\n\n\n<p>&#8220;Dana \u0259tini 13 manata, qoyun \u0259tini 14 manata sat\u0131r\u0131q. Ancaq 12-15 kiloluq quzu \u0259tini 16-17 manata sat\u0131r\u0131q. \u00c7\u00fcnki k\u00f6rp\u0259dir dey\u0259 baha sat\u0131l\u0131r. D\u00fcz\u00fc, ilin \u0259vv\u0259li il\u0259 m\u00fcqayis\u0259d\u0259 kiloqram\u0131nda 1-2 manat f\u0259rq var. Y\u0259ni indiki halda ucuz satmaq s\u0259rf etmir. Onu b\u0259sl\u0259m\u0259k, k\u0259sib satmaq &#8211; ham\u0131s\u0131 \u0259lav\u0259 x\u0259rc t\u0259l\u0259b edir. \u018fvv\u0259l camaat g\u0259lib 30-40 manatl\u0131q \u0259t alard\u0131. \u0130ndi s\u0259h\u0259rd\u0259n oturub al\u0131c\u0131 g\u00f6zl\u0259yirik&#8221;.<\/p>\n\n\n\n<p>&#8220;G\u00fcn \u0259rzind\u0259 t\u0259xmin\u0259n 60-70 kiloqram sat\u0131\u015f\u0131m\u0131z olur. Vallah, onun da \u00e7oxu nisy\u0259 alanlard\u0131r. Nisy\u0259 il\u0259 nec\u0259 alver, nec\u0259 bayram olsun?&#8221; &#8211; dey\u0259 bildirib.<\/p>\n","protected":false},"excerpt":{"rendered":"<p>Sakinl\u0259r deyirl\u0259r ki, G\u00f6y\u00e7ay bazar\u0131nda m\u0259hsullar &#8220;od qiym\u0259ti&#8221;n\u0259dir&#8230; Yeni il\u0259 &#8230; <\/p>\n<p class=\"read-more-container\"><a title=\"\u201cNisy\u0259 il\u0259 nec\u0259 alver, nec\u0259 bayram olsun?&#8221;\" class=\"read-more button\" href=\"https:\/\/www.meydan.tv\/az\/article\/nisye-ile-nece-alver-nece-bayram-olsun\/#more-264792\" aria-label=\"Read more about \u201cNisy\u0259 il\u0259 nec\u0259 alver, nec\u0259 bayram olsun?&#8221;\">Davam\u0131<\/a><\/p>\n","protected":false},"author":8,"featured_media":264799,"comment_status":"closed","ping_status":"closed","sticky":false,"template":"","format":"standard","meta":{"_acf_changed":false,"_sitemap_exclude":false,"_sitemap_priority":"","_sitemap_frequency":"","footnotes":""},"categories":[60,79,56],"tags":[],"class_list":["post-264792","post","type-post","status-publish","format-standard","has-post-thumbnail","hentry","category-bolge","category-featured","category-xeberler","infinite-scroll-item","generate-columns","tablet-grid-50","mobile-grid-100","grid-parent","grid-33","no-featured-image-padding"],"acf":[],"yoast_head":"<!-- This site is optimized with the Yoast SEO plugin v27.5 - https:\/\/yoast.com\/product\/yoast-seo-wordpress\/ -->\n<title>\u201cNisy\u0259 il\u0259 nec\u0259 alver, nec\u0259 bayram olsun?&quot; - MEYDAN.TV<\/title>\n<meta name=\"robots\" content=\"index, follow, max-snippet:-1, max-image-preview:large, max-video-preview:-1\" \/>\n<link rel=\"canonical\" href=\"https:\/\/www.meydan.tv\/az\/article\/nisye-ile-nece-alver-nece-bayram-olsun\/\" \/>\n<meta property=\"og:locale\" content=\"az_AZ\" \/>\n<meta property=\"og:type\" content=\"article\" \/>\n<meta property=\"og:title\" content=\"\u201cNisy\u0259 il\u0259 nec\u0259 alver, nec\u0259 bayram olsun?&quot; - MEYDAN.TV\" \/>\n<meta property=\"og:description\" content=\"Sakinl\u0259r deyirl\u0259r ki, G\u00f6y\u00e7ay bazar\u0131nda m\u0259hsullar &#8220;od qiym\u0259ti&#8221;n\u0259dir&#8230; Yeni il\u0259 ... Davam\u0131\" \/>\n<meta property=\"og:url\" content=\"https:\/\/www.meydan.tv\/az\/article\/nisye-ile-nece-alver-nece-bayram-olsun\/\" \/>\n<meta property=\"og:site_name\" content=\"MEYDAN.TV\" \/>\n<meta property=\"article:published_time\" content=\"2022-12-29T08:57:07+00:00\" \/>\n<meta property=\"article:modified_time\" content=\"2022-12-29T10:39:25+00:00\" \/>\n<meta property=\"og:image\" content=\"https:\/\/www.meydan.tv\/wp-content\/uploads\/img-20221226-wa0003.jpg\" \/>\n\t<meta property=\"og:image:width\" content=\"1280\" \/>\n\t<meta property=\"og:image:height\" content=\"576\" \/>\n\t<meta property=\"og:image:type\" content=\"image\/jpeg\" \/>\n<meta name=\"author\" content=\"elli\" \/>\n<meta name=\"twitter:card\" content=\"summary_large_image\" \/>\n<meta name=\"twitter:creator\" content=\"@elli\" \/>\n<script type=\"application\/ld+json\" class=\"yoast-schema-graph\">{\"@context\":\"https:\\\/\\\/schema.org\",\"@graph\":[{\"@type\":\"Article\",\"@id\":\"https:\\\/\\\/www.meydan.tv\\\/az\\\/article\\\/nisye-ile-nece-alver-nece-bayram-olsun\\\/#article\",\"isPartOf\":{\"@id\":\"https:\\\/\\\/www.meydan.tv\\\/az\\\/article\\\/nisye-ile-nece-alver-nece-bayram-olsun\\\/\"},\"author\":{\"name\":\"elli\",\"@id\":\"https:\\\/\\\/www.meydan.tv\\\/az\\\/#\\\/schema\\\/person\\\/9cdbecf90d17180ce1dfbd95b08dcf47\"},\"headline\":\"\u201cNisy\u0259 il\u0259 nec\u0259 alver, nec\u0259 bayram olsun?&#8221;\",\"datePublished\":\"2022-12-29T08:57:07+00:00\",\"dateModified\":\"2022-12-29T10:39:25+00:00\",\"mainEntityOfPage\":{\"@id\":\"https:\\\/\\\/www.meydan.tv\\\/az\\\/article\\\/nisye-ile-nece-alver-nece-bayram-olsun\\\/\"},\"wordCount\":1475,\"publisher\":{\"@id\":\"https:\\\/\\\/www.meydan.tv\\\/az\\\/#organization\"},\"image\":{\"@id\":\"https:\\\/\\\/www.meydan.tv\\\/az\\\/article\\\/nisye-ile-nece-alver-nece-bayram-olsun\\\/#primaryimage\"},\"thumbnailUrl\":\"https:\\\/\\\/www.meydan.tv\\\/wp-content\\\/uploads\\\/img-20221226-wa0003.jpg\",\"articleSection\":[\"B\u00f6lg\u0259\",\"T\u00f6vsiy\u0259\",\"X\u0259b\u0259rl\u0259r\"],\"inLanguage\":\"az\"},{\"@type\":\"WebPage\",\"@id\":\"https:\\\/\\\/www.meydan.tv\\\/az\\\/article\\\/nisye-ile-nece-alver-nece-bayram-olsun\\\/\",\"url\":\"https:\\\/\\\/www.meydan.tv\\\/az\\\/article\\\/nisye-ile-nece-alver-nece-bayram-olsun\\\/\",\"name\":\"\u201cNisy\u0259 il\u0259 nec\u0259 alver, nec\u0259 bayram olsun?\\\" - MEYDAN.TV\",\"isPartOf\":{\"@id\":\"https:\\\/\\\/www.meydan.tv\\\/az\\\/#website\"},\"primaryImageOfPage\":{\"@id\":\"https:\\\/\\\/www.meydan.tv\\\/az\\\/article\\\/nisye-ile-nece-alver-nece-bayram-olsun\\\/#primaryimage\"},\"image\":{\"@id\":\"https:\\\/\\\/www.meydan.tv\\\/az\\\/article\\\/nisye-ile-nece-alver-nece-bayram-olsun\\\/#primaryimage\"},\"thumbnailUrl\":\"https:\\\/\\\/www.meydan.tv\\\/wp-content\\\/uploads\\\/img-20221226-wa0003.jpg\",\"datePublished\":\"2022-12-29T08:57:07+00:00\",\"dateModified\":\"2022-12-29T10:39:25+00:00\",\"breadcrumb\":{\"@id\":\"https:\\\/\\\/www.meydan.tv\\\/az\\\/article\\\/nisye-ile-nece-alver-nece-bayram-olsun\\\/#breadcrumb\"},\"inLanguage\":\"az\",\"potentialAction\":[{\"@type\":\"ReadAction\",\"target\":[\"https:\\\/\\\/www.meydan.tv\\\/az\\\/article\\\/nisye-ile-nece-alver-nece-bayram-olsun\\\/\"]}]},{\"@type\":\"ImageObject\",\"inLanguage\":\"az\",\"@id\":\"https:\\\/\\\/www.meydan.tv\\\/az\\\/article\\\/nisye-ile-nece-alver-nece-bayram-olsun\\\/#primaryimage\",\"url\":\"https:\\\/\\\/www.meydan.tv\\\/wp-content\\\/uploads\\\/img-20221226-wa0003.jpg\",\"contentUrl\":\"https:\\\/\\\/www.meydan.tv\\\/wp-content\\\/uploads\\\/img-20221226-wa0003.jpg\",\"width\":1280,\"height\":576,\"caption\":\"G\u00f6y\u00e7ay\u0131n \\\"Yeni bazar\\\"\u0131. Fotolar: Meydan TV\"},{\"@type\":\"BreadcrumbList\",\"@id\":\"https:\\\/\\\/www.meydan.tv\\\/az\\\/article\\\/nisye-ile-nece-alver-nece-bayram-olsun\\\/#breadcrumb\",\"itemListElement\":[{\"@type\":\"ListItem\",\"position\":1,\"name\":\"Ana s\u0259hif\u0259\",\"item\":\"https:\\\/\\\/www.meydan.tv\\\/az\\\/\"},{\"@type\":\"ListItem\",\"position\":2,\"name\":\"B\u00f6lg\u0259\",\"item\":\"https:\\\/\\\/www.meydan.tv\\\/az\\\/section\\\/bolge\\\/\"},{\"@type\":\"ListItem\",\"position\":3,\"name\":\"\u201cNisy\u0259 il\u0259 nec\u0259 alver, nec\u0259 bayram olsun?&#8221;\"}]},{\"@type\":\"WebSite\",\"@id\":\"https:\\\/\\\/www.meydan.tv\\\/az\\\/#website\",\"url\":\"https:\\\/\\\/www.meydan.tv\\\/az\\\/\",\"name\":\"MEYDAN.TV\",\"description\":\"Meydan TV Az\u0259rbaycan\u0131n media m\u0259kan\u0131ndak\u0131 alternativ s\u0259sidir\",\"publisher\":{\"@id\":\"https:\\\/\\\/www.meydan.tv\\\/az\\\/#organization\"},\"potentialAction\":[{\"@type\":\"SearchAction\",\"target\":{\"@type\":\"EntryPoint\",\"urlTemplate\":\"https:\\\/\\\/www.meydan.tv\\\/az\\\/?s={search_term_string}\"},\"query-input\":{\"@type\":\"PropertyValueSpecification\",\"valueRequired\":true,\"valueName\":\"search_term_string\"}}],\"inLanguage\":\"az\"},{\"@type\":\"Organization\",\"@id\":\"https:\\\/\\\/www.meydan.tv\\\/az\\\/#organization\",\"name\":\"Meydan TV\",\"url\":\"https:\\\/\\\/www.meydan.tv\\\/az\\\/\",\"logo\":{\"@type\":\"ImageObject\",\"inLanguage\":\"az\",\"@id\":\"https:\\\/\\\/www.meydan.tv\\\/az\\\/#\\\/schema\\\/logo\\\/image\\\/\",\"url\":\"https:\\\/\\\/www.meydan.tv\\\/wp-content\\\/uploads\\\/2021\\\/07\\\/meydan-logo.svg\",\"contentUrl\":\"https:\\\/\\\/www.meydan.tv\\\/wp-content\\\/uploads\\\/2021\\\/07\\\/meydan-logo.svg\",\"width\":195,\"height\":46,\"caption\":\"Meydan TV\"},\"image\":{\"@id\":\"https:\\\/\\\/www.meydan.tv\\\/az\\\/#\\\/schema\\\/logo\\\/image\\\/\"}},{\"@type\":\"Person\",\"@id\":\"https:\\\/\\\/www.meydan.tv\\\/az\\\/#\\\/schema\\\/person\\\/9cdbecf90d17180ce1dfbd95b08dcf47\",\"name\":\"elli\",\"sameAs\":[\"https:\\\/\\\/x.com\\\/elli\"]}]}<\/script>\n<!-- \/ Yoast SEO plugin. -->","yoast_head_json":{"title":"\u201cNisy\u0259 il\u0259 nec\u0259 alver, nec\u0259 bayram olsun?\" - MEYDAN.TV","robots":{"index":"index","follow":"follow","max-snippet":"max-snippet:-1","max-image-preview":"max-image-preview:large","max-video-preview":"max-video-preview:-1"},"canonical":"https:\/\/www.meydan.tv\/az\/article\/nisye-ile-nece-alver-nece-bayram-olsun\/","og_locale":"az_AZ","og_type":"article","og_title":"\u201cNisy\u0259 il\u0259 nec\u0259 alver, nec\u0259 bayram olsun?\" - MEYDAN.TV","og_description":"Sakinl\u0259r deyirl\u0259r ki, G\u00f6y\u00e7ay bazar\u0131nda m\u0259hsullar &#8220;od qiym\u0259ti&#8221;n\u0259dir&#8230; Yeni il\u0259 ... Davam\u0131","og_url":"https:\/\/www.meydan.tv\/az\/article\/nisye-ile-nece-alver-nece-bayram-olsun\/","og_site_name":"MEYDAN.TV","article_published_time":"2022-12-29T08:57:07+00:00","article_modified_time":"2022-12-29T10:39:25+00:00","og_image":[{"width":1280,"height":576,"url":"https:\/\/www.meydan.tv\/wp-content\/uploads\/img-20221226-wa0003.jpg","type":"image\/jpeg"}],"author":"elli","twitter_card":"summary_large_image","twitter_creator":"@elli","schema":{"@context":"https:\/\/schema.org","@graph":[{"@type":"Article","@id":"https:\/\/www.meydan.tv\/az\/article\/nisye-ile-nece-alver-nece-bayram-olsun\/#article","isPartOf":{"@id":"https:\/\/www.meydan.tv\/az\/article\/nisye-ile-nece-alver-nece-bayram-olsun\/"},"author":{"name":"elli","@id":"https:\/\/www.meydan.tv\/az\/#\/schema\/person\/9cdbecf90d17180ce1dfbd95b08dcf47"},"headline":"\u201cNisy\u0259 il\u0259 nec\u0259 alver, nec\u0259 bayram olsun?&#8221;","datePublished":"2022-12-29T08:57:07+00:00","dateModified":"2022-12-29T10:39:25+00:00","mainEntityOfPage":{"@id":"https:\/\/www.meydan.tv\/az\/article\/nisye-ile-nece-alver-nece-bayram-olsun\/"},"wordCount":1475,"publisher":{"@id":"https:\/\/www.meydan.tv\/az\/#organization"},"image":{"@id":"https:\/\/www.meydan.tv\/az\/article\/nisye-ile-nece-alver-nece-bayram-olsun\/#primaryimage"},"thumbnailUrl":"https:\/\/www.meydan.tv\/wp-content\/uploads\/img-20221226-wa0003.jpg","articleSection":["B\u00f6lg\u0259","T\u00f6vsiy\u0259","X\u0259b\u0259rl\u0259r"],"inLanguage":"az"},{"@type":"WebPage","@id":"https:\/\/www.meydan.tv\/az\/article\/nisye-ile-nece-alver-nece-bayram-olsun\/","url":"https:\/\/www.meydan.tv\/az\/article\/nisye-ile-nece-alver-nece-bayram-olsun\/","name":"\u201cNisy\u0259 il\u0259 nec\u0259 alver, nec\u0259 bayram olsun?\" - MEYDAN.TV","isPartOf":{"@id":"https:\/\/www.meydan.tv\/az\/#website"},"primaryImageOfPage":{"@id":"https:\/\/www.meydan.tv\/az\/article\/nisye-ile-nece-alver-nece-bayram-olsun\/#primaryimage"},"image":{"@id":"https:\/\/www.meydan.tv\/az\/article\/nisye-ile-nece-alver-nece-bayram-olsun\/#primaryimage"},"thumbnailUrl":"https:\/\/www.meydan.tv\/wp-content\/uploads\/img-20221226-wa0003.jpg","datePublished":"2022-12-29T08:57:07+00:00","dateModified":"2022-12-29T10:39:25+00:00","breadcrumb":{"@id":"https:\/\/www.meydan.tv\/az\/article\/nisye-ile-nece-alver-nece-bayram-olsun\/#breadcrumb"},"inLanguage":"az","potentialAction":[{"@type":"ReadAction","target":["https:\/\/www.meydan.tv\/az\/article\/nisye-ile-nece-alver-nece-bayram-olsun\/"]}]},{"@type":"ImageObject","inLanguage":"az","@id":"https:\/\/www.meydan.tv\/az\/article\/nisye-ile-nece-alver-nece-bayram-olsun\/#primaryimage","url":"https:\/\/www.meydan.tv\/wp-content\/uploads\/img-20221226-wa0003.jpg","contentUrl":"https:\/\/www.meydan.tv\/wp-content\/uploads\/img-20221226-wa0003.jpg","width":1280,"height":576,"caption":"G\u00f6y\u00e7ay\u0131n \"Yeni bazar\"\u0131. Fotolar: Meydan TV"},{"@type":"BreadcrumbList","@id":"https:\/\/www.meydan.tv\/az\/article\/nisye-ile-nece-alver-nece-bayram-olsun\/#breadcrumb","itemListElement":[{"@type":"ListItem","position":1,"name":"Ana s\u0259hif\u0259","item":"https:\/\/www.meydan.tv\/az\/"},{"@type":"ListItem","position":2,"name":"B\u00f6lg\u0259","item":"https:\/\/www.meydan.tv\/az\/section\/bolge\/"},{"@type":"ListItem","position":3,"name":"\u201cNisy\u0259 il\u0259 nec\u0259 alver, nec\u0259 bayram olsun?&#8221;"}]},{"@type":"WebSite","@id":"https:\/\/www.meydan.tv\/az\/#website","url":"https:\/\/www.meydan.tv\/az\/","name":"MEYDAN.TV","description":"Meydan TV Az\u0259rbaycan\u0131n media m\u0259kan\u0131ndak\u0131 alternativ s\u0259sidir","publisher":{"@id":"https:\/\/www.meydan.tv\/az\/#organization"},"potentialAction":[{"@type":"SearchAction","target":{"@type":"EntryPoint","urlTemplate":"https:\/\/www.meydan.tv\/az\/?s={search_term_string}"},"query-input":{"@type":"PropertyValueSpecification","valueRequired":true,"valueName":"search_term_string"}}],"inLanguage":"az"},{"@type":"Organization","@id":"https:\/\/www.meydan.tv\/az\/#organization","name":"Meydan TV","url":"https:\/\/www.meydan.tv\/az\/","logo":{"@type":"ImageObject","inLanguage":"az","@id":"https:\/\/www.meydan.tv\/az\/#\/schema\/logo\/image\/","url":"https:\/\/www.meydan.tv\/wp-content\/uploads\/2021\/07\/meydan-logo.svg","contentUrl":"https:\/\/www.meydan.tv\/wp-content\/uploads\/2021\/07\/meydan-logo.svg","width":195,"height":46,"caption":"Meydan TV"},"image":{"@id":"https:\/\/www.meydan.tv\/az\/#\/schema\/logo\/image\/"}},{"@type":"Person","@id":"https:\/\/www.meydan.tv\/az\/#\/schema\/person\/9cdbecf90d17180ce1dfbd95b08dcf47","name":"elli","sameAs":["https:\/\/x.com\/elli"]}]}},"_links":{"self":[{"href":"https:\/\/www.meydan.tv\/az\/wp-json\/wp\/v2\/posts\/264792","targetHints":{"allow":["GET"]}}],"collection":[{"href":"https:\/\/www.meydan.tv\/az\/wp-json\/wp\/v2\/posts"}],"about":[{"href":"https:\/\/www.meydan.tv\/az\/wp-json\/wp\/v2\/types\/post"}],"author":[{"embeddable":true,"href":"https:\/\/www.meydan.tv\/az\/wp-json\/wp\/v2\/users\/8"}],"replies":[{"embeddable":true,"href":"https:\/\/www.meydan.tv\/az\/wp-json\/wp\/v2\/comments?post=264792"}],"version-history":[{"count":1,"href":"https:\/\/www.meydan.tv\/az\/wp-json\/wp\/v2\/posts\/264792\/revisions"}],"predecessor-version":[{"id":264802,"href":"https:\/\/www.meydan.tv\/az\/wp-json\/wp\/v2\/posts\/264792\/revisions\/264802"}],"wp:featuredmedia":[{"embeddable":true,"href":"https:\/\/www.meydan.tv\/az\/wp-json\/wp\/v2\/media\/264799"}],"wp:attachment":[{"href":"https:\/\/www.meydan.tv\/az\/wp-json\/wp\/v2\/media?parent=264792"}],"wp:term":[{"taxonomy":"category","embeddable":true,"href":"https:\/\/www.meydan.tv\/az\/wp-json\/wp\/v2\/categories?post=264792"},{"taxonomy":"post_tag","embeddable":true,"href":"https:\/\/www.meydan.tv\/az\/wp-json\/wp\/v2\/tags?post=264792"}],"curies":[{"name":"wp","href":"https:\/\/api.w.org\/{rel}","templated":true}]}}