{"id":264663,"date":"2022-12-28T14:39:19","date_gmt":"2022-12-28T10:39:19","guid":{"rendered":"https:\/\/www.meydan.tv\/?p=264663"},"modified":"2022-12-28T14:39:21","modified_gmt":"2022-12-28T10:39:21","slug":"2022-ci-ilin-yekunu-teatr-ucun-ayrilan-budcenin-nece-xerclenmesi-belli-olmadi","status":"publish","type":"post","link":"https:\/\/www.meydan.tv\/az\/article\/2022-ci-ilin-yekunu-teatr-ucun-ayrilan-budcenin-nece-xerclenmesi-belli-olmadi\/","title":{"rendered":"2022-ci ilin yekunu: Teatr \u00fc\u00e7\u00fcn ayr\u0131lan b\u00fcdc\u0259nin nec\u0259 x\u0259rcl\u0259nm\u0259si b\u0259lli olmad\u0131"},"content":{"rendered":"\n<p><\/p>\n\n\n\n<p><em>Bu il naraz\u0131l\u0131qlar, festivallar, yeni tama\u015falarla yadda qald\u0131<\/em><br><\/p>\n\n\n\n<p>2022-ci il Az\u0259rbaycan teatr\u0131nda premyeralarla, festivallarla, qastrollarla, eyni zamanda da kulis s\u00f6hb\u0259tl\u0259ri, teatrda ba\u015f ver\u0259n hans\u0131sa naraz\u0131l\u0131qlar, umu-k\u00fcs\u00fcl\u0259rl\u0259 d\u0259 yadda qald\u0131.<\/p>\n\n\n\n<p>\u0130lin u\u011furlu hesab edil\u0259c\u0259k teatr hadis\u0259l\u0259ri il\u0259 yana\u015f\u0131, xo\u015fag\u0259lm\u0259z m\u0259qamlar da oldu.<\/p>\n\n\n\n<p>Sumqay\u0131t D\u00f6vl\u0259t Dram Teatr\u0131n\u0131n aktyorlar\u0131 maa\u015flar\u0131n az olmas\u0131 \u015fikay\u0259ti il\u0259 sabiq m\u0259d\u0259niyy\u0259t naziri Anar K\u0259rimova m\u00fcraci\u0259t <a href=\"https:\/\/d9mc3ts4czbpr.cloudfront.net\/az\/article\/aktyorlar-mecburiyyetden-restoranlarda-kloun-isleyirler\/\" target=\"_blank\" rel=\"noreferrer noopener\">etdil\u0259r.<\/a><br><br>\u0130lin m\u00fczakir\u0259 olunan teatr probleml\u0259ri aras\u0131nda Az\u0259rbaycan\u0131n b\u00f6lg\u0259l\u0259rind\u0259 f\u0259aliyy\u0259t g\u00f6st\u0259r\u0259n teatrlarda kadr \u00e7at\u0131\u015fmazl\u0131\u011f\u0131 m\u0259s\u0259l\u0259si d\u0259 <a href=\"https:\/\/d9mc3ts4czbpr.cloudfront.net\/az\/article\/azerbaycan-teatrlarinda-kadr-catismazligi-paytaxtla-bolgelerin-ferqi\/\" target=\"_blank\" rel=\"noreferrer noopener\">vard\u0131<\/a>.<\/p>\n\n\n\n<p>M\u0259d\u0259niyy\u0259t Nazirliyi t\u0259r\u0259find\u0259n Kukla Teatr\u0131nda yoxlamalar\u0131n apar\u0131lmas\u0131 il\u0259 ba\u011fl\u0131 x\u0259b\u0259rl\u0259r d\u0259 m\u0259tbuatda yer <a href=\"https:\/\/d9mc3ts4czbpr.cloudfront.net\/az\/article\/kukla-teatrinin-direktoru-nazirliye-cagrilaraq-xeberdarliq-edilmeyib\/\" target=\"_blank\" rel=\"noreferrer noopener\">ald\u0131<\/a>.<\/p>\n\n\n\n<p>Maliyy\u0259 naziri Samir \u015e\u0259rifov \u00e7\u0131x\u0131\u015f\u0131nda M\u0259d\u0259niyy\u0259t Nazirliyind\u0259ki korrupsiya hallar\u0131na i\u015far\u0259 vuraraq, teatra ayr\u0131lan pullara ciddi n\u0259zar\u0259t olunmas\u0131 fikri il\u0259 \u00e7\u0131x\u0131\u015f etdi.<\/p>\n\n\n\n<p>Nazir dedi ki, 2023-c\u00fc il d\u00f6vl\u0259t b\u00fcdc\u0259sind\u0259n teatra pul ayr\u0131lacaq. Lakin h\u0259min pullar\u0131n nec\u0259 v\u0259 hara x\u0259rcl\u0259nm\u0259sin\u0259 n\u0259zar\u0259ti g\u00fccl\u0259ndirm\u0259k <a href=\"https:\/\/d9mc3ts4czbpr.cloudfront.net\/az\/article\/nazir-kino-ve-teatra-ayrilan-pullara-nezaretin-guclendirileceyini-deyir\/\" target=\"_blank\" rel=\"noreferrer noopener\">lazmd\u0131r<\/a>.<\/p>\n\n\n<div class=\"wp-block-image\">\n<figure class=\"aligncenter size-full\"><img decoding=\"async\" width=\"718\" height=\"479\" data-src=\"https:\/\/www.meydan.tv\/wp-content\/uploads\/22530.jpg\" alt=\"Samir \u015e\u0259rifov\" class=\"wp-image-59275 lazyload\" src=\"data:image\/svg+xml;base64,PHN2ZyB3aWR0aD0iMSIgaGVpZ2h0PSIxIiB4bWxucz0iaHR0cDovL3d3dy53My5vcmcvMjAwMC9zdmciPjwvc3ZnPg==\" style=\"--smush-placeholder-width: 718px; --smush-placeholder-aspect-ratio: 718\/479;\" \/><figcaption class=\"wp-element-caption\">Foto: Meydan TV <\/figcaption><\/figure>\n<\/div>\n\n\n<p>\u018fvv\u0259lki ill\u0259rd\u0259 oldu\u011fu kimi, bu il d\u0259 d\u00f6vl\u0259t sifari\u015fli tama\u015falar\u0131n hans\u0131 meyarlar \u0259sas\u0131nda verilm\u0259si, \u0259s\u0259rl\u0259rin kiml\u0259r t\u0259r\u0259find\u0259n v\u0259 nec\u0259 se\u00e7ilm\u0259si bar\u0259d\u0259 m\u0259lumatlara rast g\u0259linm\u0259di. Teatr \u00fc\u00e7\u00fcn ayr\u0131lan b\u00fcdc\u0259nin nec\u0259 x\u0259rcl\u0259nm\u0259si b\u0259lli olmad\u0131. Nazirliyin teatr \u015f\u00f6b\u0259sinin bu bar\u0259d\u0259 hesabat\u0131 olmad\u0131. Bilinm\u0259di ki, d\u00f6vl\u0259t sifari\u015fli tama\u015falar teatrlar aras\u0131nda hans\u0131 prinsipl\u0259 b\u00f6l\u00fc\u015fd\u00fcr\u00fcl\u00fcb.<\/p>\n\n\n\n<p>Teatr\u015f\u00fcnaslar is\u0259 daha nikbindir. Onlar hesab edirl\u0259r ki, 2022-ci il Az\u0259rbaycan teatr\u0131 \u00fc\u00e7\u00fcn intensiv olub. \u00d6lk\u0259d\u0259 bir ne\u00e7\u0259 festivallar ke\u00e7irilib.<\/p>\n\n\n\n<p>Teatr t\u0259nqid\u00e7isi El\u00e7in C\u0259f\u0259rov bitm\u0259kd\u0259 olan il \u0259rzind\u0259 ke\u00e7iril\u0259n festivallar\u0131n milli teatra canlanma g\u0259tirdiyi q\u0259na\u0259tind\u0259dir:<\/p>\n\n\n\n<p>\u201c4.4 Q\u0131sa Tama\u015falar Festival\u0131 ke\u00e7irildi. \u0130kinci d\u0259f\u0259 ke\u00e7iril\u0259n festival bu d\u0259f\u0259 daha geni\u015f miqyasda t\u0259\u015fkil olundu. Builki festival beyn\u0259lxalq xarakter da\u015f\u0131d\u0131. Xarici \u00f6lk\u0259l\u0259rd\u0259n q\u0131rxa yax\u0131n teatr m\u00fct\u0259x\u0259ssisl\u0259ri g\u0259ldi. H\u0259tta xarici \u00f6lk\u0259l\u0259rin 4-5 m\u0259tbu orqanlar\u0131nda, kifay\u0259t q\u0259d\u0259r n\u00fcfuzlu n\u0259\u015frl\u0259rd\u0259 Az\u0259rbaycan teatr\u0131 haqq\u0131nda &#8211; u\u011furlar\u0131, probleml\u0259ri, o c\u00fcml\u0259d\u0259n, festival haqq\u0131nda yaz\u0131lar getdi. D\u00fc\u015f\u00fcn\u00fcr\u0259m ki, bu, olduqca \u0259lam\u0259tdard\u0131r\u201d.<\/p>\n\n\n<div class=\"wp-block-image\">\n<figure class=\"aligncenter size-large\"><img decoding=\"async\" width=\"1200\" height=\"754\" data-src=\"https:\/\/www.meydan.tv\/wp-content\/uploads\/423981262_0_0_2000_1258_1920x0_80_0_0_75bf436b0c702f16243e9681d20bf13d-1200x754.jpg\" alt=\"\" class=\"wp-image-264664 lazyload\" src=\"data:image\/svg+xml;base64,PHN2ZyB3aWR0aD0iMSIgaGVpZ2h0PSIxIiB4bWxucz0iaHR0cDovL3d3dy53My5vcmcvMjAwMC9zdmciPjwvc3ZnPg==\" style=\"--smush-placeholder-width: 1200px; --smush-placeholder-aspect-ratio: 1200\/754;\" \/><figcaption class=\"wp-element-caption\">El\u00e7in C\u0259f\u0259rov. Foto: &#8220;sputnik&#8221;<\/figcaption><\/figure>\n<\/div>\n\n\n<p>Teatr\u015f\u00fcnas deyir ki, Az\u0259rbaycan teatr\u0131 yaln\u0131z postsovet m\u0259kan\u0131n\u0131n v\u0259 yaxud t\u00fcrkdilli \u00f6lk\u0259l\u0259rin co\u011frafi areal\u0131nda yox, daha geni\u015f miqyasda t\u0259bli\u011f olunmal\u0131, tan\u0131nmal\u0131d\u0131r. Bunun \u00fc\u00e7\u00fcn d\u0259 festivallar\u0131n ke\u00e7irilm\u0259si vacibdir:<\/p>\n\n\n\n<p>\u201cBu bax\u0131mdan 4.4 Q\u0131sa Tama\u015falar Festival\u0131nda Almaniyadan, Pol\u015fadan, \u0130ngilt\u0259r\u0259d\u0259n, Rusiyadan teatr m\u00fct\u0259x\u0259ssisl\u0259ri g\u0259lmi\u015fdi. Hesab edir\u0259m ki, 2022-ci ilin \u0259n \u00f6n\u0259mli teatr hadis\u0259si 4.4 Q\u0131sa Tama\u015falar Festival\u0131 oldu. Ard\u0131nca da Teatr Xadiml\u0259ri \u0130ttifaq\u0131 \u201cMilli klassika\u201d adl\u0131 bir festival ke\u00e7irdi. S\u0259viyy\u0259sind\u0259n, \u0259hat\u0259 dair\u0259sind\u0259n v\u0259 yaxud da statusundan as\u0131l\u0131 olmayaraq, festivallar teatr\u0131n inki\u015faf\u0131 \u00fc\u00e7\u00fcn olduqca \u0259h\u0259miyy\u0259tlidir\u201d.<\/p>\n\n\n\n<p>El\u00e7in C\u0259f\u0259rov bu il t\u0259qdim olunan v\u0259 \u00f6z\u00fcn\u00fcn u\u011furlu hesab etdiyi tama\u015falardan da dan\u0131\u015f\u0131b.<\/p>\n\n\n\n<p>Bunlar \u201cKod ad\u0131 V.X.A\u201d (m\u00fc\u0259llif v\u0259 qurulu\u015f\u00e7u rejissor Mehriban \u018fl\u0259kb\u0259rzad\u0259, G\u0259nc Tama\u015fa\u00e7\u0131lar Teatr\u0131), \u201cCasus\u201d (m\u00fc\u0259llif Kamal Abdulla, qurulu\u015f\u00e7u rejissor Anar Babal\u0131, L\u0259nk\u0259ran D\u00f6vl\u0259t Dram Teatr\u0131), \u201cPoni\u201d (m\u00fc\u0259llif Murat Kolqanat, qurulu\u015f\u00e7u rejissor \u018fliyar \u018fliyev, Qusar D\u00f6vl\u0259t L\u0259gzi Dram Teatr), \u201cKral \u00f6l\u00fcr\u201d (m\u00fc\u0259llif Ejen \u0130onesko, qurulu\u015f\u00e7u rejissor Tural Mustafayev, G\u0259nc\u0259 D\u00f6vl\u0259t Dram Teatr\u0131) tama\u015falar\u0131d\u0131r.<\/p>\n\n\n\n<p>\u201c\u00dcmumiyy\u0259tl\u0259, n\u0259tic\u0259l\u0259rind\u0259n as\u0131l\u0131 olmayaraq, bu il Az\u0259rbaycan teatr\u0131 aktiv teatr prosesin\u0259 can at\u0131rd\u0131. H\u0259mi\u015f\u0259ki, uzun zamand\u0131r g\u00f6rm\u0259y\u0259 ad\u0259t etdiyimiz imitasiyalardan k\u0259narla\u015fma\u011fa \u00e7al\u0131\u015f\u0131rd\u0131. Yax\u015f\u0131 tama\u015falarla yana\u015f\u0131, kifay\u0259t q\u0259d\u0259r z\u0259if tama\u015falar da oldu. Lakin \u00fcmumilikd\u0259 ba\u015f ver\u0259n teatr prosesl\u0259rini u\u011furlu hesab edir\u0259m\u201d, &#8211; teatr\u015f\u00fcnas deyib.<\/p>\n\n\n\n<p>Teatr\u015f\u00fcnas Vidadi Qafarov da 2022-ci ili teatr sah\u0259sind\u0259 festivallar ili hesab edir. Deyir ki, pandemiyadan sonra \u00f6lk\u0259d\u0259 ke\u00e7iril\u0259n teatr festivallar\u0131 bu sah\u0259y\u0259 canlanma g\u0259tirib.<\/p>\n\n\n\n<p>\u201cAz\u0259rbaycan D\u00f6vl\u0259t M\u0259d\u0259niyy\u0259t v\u0259 \u0130nc\u0259s\u0259n\u0259t Universitetind\u0259 \u201cPill\u0259\u201d T\u0259l\u0259b\u0259 Tama\u015falar\u0131 Festival\u0131, Teatr Xadiml\u0259ri \u0130ttifaq\u0131nda \u201cMilli klassika\u201d Festival\u0131 v\u0259 4.4 Q\u0131sa Tama\u015falar Festival\u0131 ke\u00e7irildi. Bu festivallar milli teatr\u0131n inki\u015faf\u0131nda, \u00fcmumi teatr prosesinin canlanmas\u0131nda x\u00fcsusi rol oynad\u0131\u201d, &#8211; teatr\u015f\u00fcnas bidilrib:<\/p>\n\n\n<div class=\"wp-block-image\">\n<figure class=\"aligncenter size-large\"><img decoding=\"async\" width=\"955\" height=\"821\" data-src=\"https:\/\/www.meydan.tv\/wp-content\/uploads\/vidadi_kwquyjw-955x821.jpg\" alt=\"Vidadi Qafarov\" class=\"wp-image-210493 lazyload\" src=\"data:image\/svg+xml;base64,PHN2ZyB3aWR0aD0iMSIgaGVpZ2h0PSIxIiB4bWxucz0iaHR0cDovL3d3dy53My5vcmcvMjAwMC9zdmciPjwvc3ZnPg==\" style=\"--smush-placeholder-width: 955px; --smush-placeholder-aspect-ratio: 955\/821;\" \/><figcaption class=\"wp-element-caption\">Vidadi Qafaro. Foto: https:\/\/teatro.az\/<\/figcaption><\/figure>\n<\/div>\n\n\n<p>\u201c\u0130l \u0259rzind\u0259 u\u011furlu tama\u015falarla da yadda qald\u0131. Teatr prosesin\u0259 r\u0259ng qatan yeni bir ab-hava kimi g\u0259l\u0259n tama\u015falar da oldu. \u00dcmumi teatr prosesi \u00f6z kadr siyas\u0259ti il\u0259 d\u0259 yadda qald\u0131. Ba\u015f ver\u0259n prosesl\u0259ri d\u0259 Az\u0259rbaycan Teatr\u0131n\u0131n yenil\u0259nm\u0259si c\u0259hd\u0259l\u0259ri kimi qiym\u0259tl\u0259ndirm\u0259k olar\u201d.<\/p>\n\n\n\n<p>Xalq artisti, m\u00fcst\u0259qil \u201cM\u201d Teatr\u0131n\u0131n b\u0259dii r\u0259hb\u0259ri, aktyor Vidadi H\u0259s\u0259nov \u00fc\u00e7\u00fcn \u0259n vacib teatr hadis\u0259si \u201cTeatr bahar\u0131\u201d I M\u00fcst\u0259qil Teatrlar Festival\u0131d\u0131r:<\/p>\n\n\n\n<p>\u201cBu, Az\u0259rbaycan teatr tarixind\u0259 bir ilk idi. Festival zaman\u0131 m\u0259lum oldu ki, Bak\u0131 \u015f\u0259h\u0259rind\u0259 17-y\u0259 yax\u0131n m\u00fcst\u0259qil teatr var. D\u00fczd\u00fcr, onlar\u0131n ham\u0131s\u0131 \u015f\u0259rti m\u00fcst\u0259qildir. \u00c7\u00fcnki \u0259ks\u0259riyy\u0259tinin binas\u0131, \u00f6z\u00fcn\u00fc doland\u0131rmaq \u00fc\u00e7\u00fcn b\u00fcdc\u0259si yoxdur. \u0130st\u0259nil\u0259n \u00f6lk\u0259 iqtisadiyyat\u0131nda, d\u00f6vl\u0259tl\u0259 yana\u015f\u0131 \u00f6z\u0259l varsa, orada inki\u015faf, r\u0259qab\u0259t d\u0259 olur. Biz d\u0259 d\u00fc\u015f\u00fcn\u00fcr\u00fck ki, bu, Az\u0259rbaycan teatr m\u0259kan\u0131nda m\u00fcst\u0259qil teatrlar\u0131n olmas\u0131 \u00e7ox maraql\u0131 faktd\u0131r. Y\u0259qin ki, onlar g\u0259l\u0259c\u0259kd\u0259 daha da inki\u015faf ed\u0259c\u0259k\u201d.<\/p>\n\n\n<div class=\"wp-block-image\">\n<figure class=\"aligncenter size-full\"><img decoding=\"async\" width=\"1192\" height=\"731\" data-src=\"https:\/\/www.meydan.tv\/wp-content\/uploads\/vidadi_hesenov_2.jpg\" alt=\"\" class=\"wp-image-264667 lazyload\" src=\"data:image\/svg+xml;base64,PHN2ZyB3aWR0aD0iMSIgaGVpZ2h0PSIxIiB4bWxucz0iaHR0cDovL3d3dy53My5vcmcvMjAwMC9zdmciPjwvc3ZnPg==\" style=\"--smush-placeholder-width: 1192px; --smush-placeholder-aspect-ratio: 1192\/731;\" \/><figcaption class=\"wp-element-caption\">Vidadi H\u0259s\u0259nov. Foto: oxu.az<\/figcaption><\/figure>\n<\/div>\n\n\n<p>Vidadi H\u0259s\u0259nov deyir ki, festival \u00e7\u0259r\u00e7iv\u0259sind\u0259 ke\u00e7iril\u0259n tama\u015falar\u0131n auditoriyas\u0131 geni\u015f olub:<\/p>\n\n\n\n<p>\u201c17 teatr \u00f6z tama\u015fas\u0131n\u0131 g\u00f6st\u0259rdi. Tama\u015falar an\u015flaqla ke\u00e7di. \u0130nsanlar do\u011frudan da \u00e7ox b\u00f6y\u00fck maraq g\u00f6st\u0259rdil\u0259r. Deyirl\u0259r ki, teatra ged\u0259n yoxdur. Teatra ged\u0259n kifay\u0259t q\u0259d\u0259r insan var. R\u0259hb\u0259rlik etdiyim teatr\u0131n biletl\u0259ri dig\u0259rl\u0259ril\u0259 m\u00fcqayis\u0259d\u0259 bahad\u0131r. Biletl\u0259r 10-15-20 manatd\u0131r. \u0130nsanlar bu q\u0259d\u0259r pulu verib, tama\u015faya g\u0259lirl\u0259r v\u0259 bax\u0131rlar. Az\u0259rbaycan\u0131n m\u0259\u015fhur futbol\u00e7ular\u0131ndan tutmu\u015f, filosoflar\u0131na q\u0259d\u0259r tama\u015falara baxma\u011fa g\u0259l\u0259nl\u0259r var. B\u0259s niy\u0259 deyirik ki, teatr yoxdur? \u201cTeatr yoxdur\u201d, &#8211; dey\u0259n insanlar bir az d\u00fc\u015f\u00fcnm\u0259lidirl\u0259r\u201d.<\/p>\n\n\n<div class=\"wp-block-image\">\n<figure class=\"aligncenter size-large\"><img decoding=\"async\" width=\"1200\" height=\"675\" data-src=\"https:\/\/www.meydan.tv\/wp-content\/uploads\/1_gjlqm92-1200x675.jpg\" alt=\"ADO\" class=\"wp-image-210574 lazyload\" src=\"data:image\/svg+xml;base64,PHN2ZyB3aWR0aD0iMSIgaGVpZ2h0PSIxIiB4bWxucz0iaHR0cDovL3d3dy53My5vcmcvMjAwMC9zdmciPjwvc3ZnPg==\" style=\"--smush-placeholder-width: 1200px; --smush-placeholder-aspect-ratio: 1200\/675;\" \/><figcaption class=\"wp-element-caption\">Foto: ADO<\/figcaption><\/figure>\n<\/div>\n\n\n<p>ADO (Az\u0259rbaycan Da\u011f\u0131n\u0131q Oda Teatr\u0131) teatr\u0131n\u0131n r\u0259hb\u0259ri, aktyor Elmin B\u0259d\u0259lov is\u0259 hesab edir ki, 2022-ci ild\u0259 Az\u0259rbaycanda m\u00fch\u00fcm teatr hadis\u0259si ba\u015f verm\u0259di:<\/p>\n\n\n\n<p>\u201c2022-ci ild\u0259 m\u0259d\u0259niyy\u0259t nazirl\u0259rinin yerini d\u0259yi\u015fm\u0259kd\u0259n ba\u015fqa n\u0259 oldu? \u018fksin\u0259, bel\u0259 des\u0259k, toplananlar\u0131n yeri d\u0259yi\u015fdi. M\u0259nim \u00fc\u00e7\u00fcn festivallar teatr dem\u0259k deyil. Ya h\u00f6kum\u0259t d\u0259yi\u015fm\u0259lidir, ya da h\u00f6kum\u0259tin teatra yana\u015fmas\u0131. Yana\u015fma d\u0259yi\u015fdiyi halda, teatra azadl\u0131q g\u0259l\u0259r v\u0259 Az\u0259rbaycan teatr\u0131 yaranar. Haz\u0131rk\u0131 teatr is\u0259 sovet teatr\u0131n\u0131n qal\u0131qlar\u0131n\u0131n dekonstruksiyas\u0131d\u0131r\u201d.<\/p>\n","protected":false},"excerpt":{"rendered":"<p>Bu il naraz\u0131l\u0131qlar, festivallar, yeni tama\u015falarla yadda qald\u0131 2022-ci il &#8230; <\/p>\n<p class=\"read-more-container\"><a title=\"2022-ci ilin yekunu: Teatr \u00fc\u00e7\u00fcn ayr\u0131lan b\u00fcdc\u0259nin nec\u0259 x\u0259rcl\u0259nm\u0259si b\u0259lli olmad\u0131\" class=\"read-more button\" href=\"https:\/\/www.meydan.tv\/az\/article\/2022-ci-ilin-yekunu-teatr-ucun-ayrilan-budcenin-nece-xerclenmesi-belli-olmadi\/#more-264663\" aria-label=\"Read more about 2022-ci ilin yekunu: Teatr \u00fc\u00e7\u00fcn ayr\u0131lan b\u00fcdc\u0259nin nec\u0259 x\u0259rcl\u0259nm\u0259si b\u0259lli olmad\u0131\">Davam\u0131<\/a><\/p>\n","protected":false},"author":8,"featured_media":138303,"comment_status":"closed","ping_status":"closed","sticky":false,"template":"","format":"standard","meta":{"_acf_changed":false,"_sitemap_exclude":false,"_sitemap_priority":"","_sitemap_frequency":"","footnotes":""},"categories":[52,56],"tags":[],"class_list":["post-264663","post","type-post","status-publish","format-standard","has-post-thumbnail","hentry","category-medeniyyet","category-xeberler","infinite-scroll-item","generate-columns","tablet-grid-50","mobile-grid-100","grid-parent","grid-33","no-featured-image-padding"],"acf":[],"yoast_head":"<!-- This site is optimized with the Yoast SEO plugin v27.4 - https:\/\/yoast.com\/product\/yoast-seo-wordpress\/ -->\n<title>2022-ci ilin yekunu: Teatr \u00fc\u00e7\u00fcn ayr\u0131lan b\u00fcdc\u0259nin nec\u0259 x\u0259rcl\u0259nm\u0259si b\u0259lli olmad\u0131 - MEYDAN.TV<\/title>\n<meta name=\"robots\" content=\"index, follow, max-snippet:-1, max-image-preview:large, max-video-preview:-1\" \/>\n<link rel=\"canonical\" href=\"https:\/\/www.meydan.tv\/az\/article\/2022-ci-ilin-yekunu-teatr-ucun-ayrilan-budcenin-nece-xerclenmesi-belli-olmadi\/\" \/>\n<meta property=\"og:locale\" content=\"az_AZ\" \/>\n<meta property=\"og:type\" content=\"article\" \/>\n<meta property=\"og:title\" content=\"2022-ci ilin yekunu: Teatr \u00fc\u00e7\u00fcn ayr\u0131lan b\u00fcdc\u0259nin nec\u0259 x\u0259rcl\u0259nm\u0259si b\u0259lli olmad\u0131 - MEYDAN.TV\" \/>\n<meta property=\"og:description\" content=\"Bu il naraz\u0131l\u0131qlar, festivallar, yeni tama\u015falarla yadda qald\u0131 2022-ci il ... Davam\u0131\" \/>\n<meta property=\"og:url\" content=\"https:\/\/www.meydan.tv\/az\/article\/2022-ci-ilin-yekunu-teatr-ucun-ayrilan-budcenin-nece-xerclenmesi-belli-olmadi\/\" \/>\n<meta property=\"og:site_name\" content=\"MEYDAN.TV\" \/>\n<meta property=\"article:published_time\" content=\"2022-12-28T10:39:19+00:00\" \/>\n<meta property=\"article:modified_time\" content=\"2022-12-28T10:39:21+00:00\" \/>\n<meta property=\"og:image\" content=\"https:\/\/www.meydan.tv\/wp-content\/uploads\/azrbaycan_dovlt_akademik_milli_dram_teatri.1.jpg\" \/>\n\t<meta property=\"og:image:width\" content=\"1890\" \/>\n\t<meta property=\"og:image:height\" content=\"1257\" \/>\n\t<meta property=\"og:image:type\" content=\"image\/jpeg\" \/>\n<meta name=\"author\" content=\"elli\" \/>\n<meta name=\"twitter:card\" content=\"summary_large_image\" \/>\n<meta name=\"twitter:creator\" content=\"@elli\" \/>\n<script type=\"application\/ld+json\" class=\"yoast-schema-graph\">{\"@context\":\"https:\\\/\\\/schema.org\",\"@graph\":[{\"@type\":\"Article\",\"@id\":\"https:\\\/\\\/www.meydan.tv\\\/az\\\/article\\\/2022-ci-ilin-yekunu-teatr-ucun-ayrilan-budcenin-nece-xerclenmesi-belli-olmadi\\\/#article\",\"isPartOf\":{\"@id\":\"https:\\\/\\\/www.meydan.tv\\\/az\\\/article\\\/2022-ci-ilin-yekunu-teatr-ucun-ayrilan-budcenin-nece-xerclenmesi-belli-olmadi\\\/\"},\"author\":{\"name\":\"elli\",\"@id\":\"https:\\\/\\\/www.meydan.tv\\\/az\\\/#\\\/schema\\\/person\\\/9cdbecf90d17180ce1dfbd95b08dcf47\"},\"headline\":\"2022-ci ilin yekunu: Teatr \u00fc\u00e7\u00fcn ayr\u0131lan b\u00fcdc\u0259nin nec\u0259 x\u0259rcl\u0259nm\u0259si b\u0259lli olmad\u0131\",\"datePublished\":\"2022-12-28T10:39:19+00:00\",\"dateModified\":\"2022-12-28T10:39:21+00:00\",\"mainEntityOfPage\":{\"@id\":\"https:\\\/\\\/www.meydan.tv\\\/az\\\/article\\\/2022-ci-ilin-yekunu-teatr-ucun-ayrilan-budcenin-nece-xerclenmesi-belli-olmadi\\\/\"},\"wordCount\":1373,\"publisher\":{\"@id\":\"https:\\\/\\\/www.meydan.tv\\\/az\\\/#organization\"},\"image\":{\"@id\":\"https:\\\/\\\/www.meydan.tv\\\/az\\\/article\\\/2022-ci-ilin-yekunu-teatr-ucun-ayrilan-budcenin-nece-xerclenmesi-belli-olmadi\\\/#primaryimage\"},\"thumbnailUrl\":\"https:\\\/\\\/www.meydan.tv\\\/wp-content\\\/uploads\\\/azrbaycan_dovlt_akademik_milli_dram_teatri.1.jpg\",\"articleSection\":[\"M\u0259d\u0259niyy\u0259t\",\"X\u0259b\u0259rl\u0259r\"],\"inLanguage\":\"az\"},{\"@type\":\"WebPage\",\"@id\":\"https:\\\/\\\/www.meydan.tv\\\/az\\\/article\\\/2022-ci-ilin-yekunu-teatr-ucun-ayrilan-budcenin-nece-xerclenmesi-belli-olmadi\\\/\",\"url\":\"https:\\\/\\\/www.meydan.tv\\\/az\\\/article\\\/2022-ci-ilin-yekunu-teatr-ucun-ayrilan-budcenin-nece-xerclenmesi-belli-olmadi\\\/\",\"name\":\"2022-ci ilin yekunu: Teatr \u00fc\u00e7\u00fcn ayr\u0131lan b\u00fcdc\u0259nin nec\u0259 x\u0259rcl\u0259nm\u0259si b\u0259lli olmad\u0131 - MEYDAN.TV\",\"isPartOf\":{\"@id\":\"https:\\\/\\\/www.meydan.tv\\\/az\\\/#website\"},\"primaryImageOfPage\":{\"@id\":\"https:\\\/\\\/www.meydan.tv\\\/az\\\/article\\\/2022-ci-ilin-yekunu-teatr-ucun-ayrilan-budcenin-nece-xerclenmesi-belli-olmadi\\\/#primaryimage\"},\"image\":{\"@id\":\"https:\\\/\\\/www.meydan.tv\\\/az\\\/article\\\/2022-ci-ilin-yekunu-teatr-ucun-ayrilan-budcenin-nece-xerclenmesi-belli-olmadi\\\/#primaryimage\"},\"thumbnailUrl\":\"https:\\\/\\\/www.meydan.tv\\\/wp-content\\\/uploads\\\/azrbaycan_dovlt_akademik_milli_dram_teatri.1.jpg\",\"datePublished\":\"2022-12-28T10:39:19+00:00\",\"dateModified\":\"2022-12-28T10:39:21+00:00\",\"breadcrumb\":{\"@id\":\"https:\\\/\\\/www.meydan.tv\\\/az\\\/article\\\/2022-ci-ilin-yekunu-teatr-ucun-ayrilan-budcenin-nece-xerclenmesi-belli-olmadi\\\/#breadcrumb\"},\"inLanguage\":\"az\",\"potentialAction\":[{\"@type\":\"ReadAction\",\"target\":[\"https:\\\/\\\/www.meydan.tv\\\/az\\\/article\\\/2022-ci-ilin-yekunu-teatr-ucun-ayrilan-budcenin-nece-xerclenmesi-belli-olmadi\\\/\"]}]},{\"@type\":\"ImageObject\",\"inLanguage\":\"az\",\"@id\":\"https:\\\/\\\/www.meydan.tv\\\/az\\\/article\\\/2022-ci-ilin-yekunu-teatr-ucun-ayrilan-budcenin-nece-xerclenmesi-belli-olmadi\\\/#primaryimage\",\"url\":\"https:\\\/\\\/www.meydan.tv\\\/wp-content\\\/uploads\\\/azrbaycan_dovlt_akademik_milli_dram_teatri.1.jpg\",\"contentUrl\":\"https:\\\/\\\/www.meydan.tv\\\/wp-content\\\/uploads\\\/azrbaycan_dovlt_akademik_milli_dram_teatri.1.jpg\",\"width\":1890,\"height\":1257,\"caption\":\"Foto: Az\u0259rtac\"},{\"@type\":\"BreadcrumbList\",\"@id\":\"https:\\\/\\\/www.meydan.tv\\\/az\\\/article\\\/2022-ci-ilin-yekunu-teatr-ucun-ayrilan-budcenin-nece-xerclenmesi-belli-olmadi\\\/#breadcrumb\",\"itemListElement\":[{\"@type\":\"ListItem\",\"position\":1,\"name\":\"Ana s\u0259hif\u0259\",\"item\":\"https:\\\/\\\/www.meydan.tv\\\/az\\\/\"},{\"@type\":\"ListItem\",\"position\":2,\"name\":\"M\u0259d\u0259niyy\u0259t\",\"item\":\"https:\\\/\\\/www.meydan.tv\\\/az\\\/section\\\/medeniyyet\\\/\"},{\"@type\":\"ListItem\",\"position\":3,\"name\":\"2022-ci ilin yekunu: Teatr \u00fc\u00e7\u00fcn ayr\u0131lan b\u00fcdc\u0259nin nec\u0259 x\u0259rcl\u0259nm\u0259si b\u0259lli olmad\u0131\"}]},{\"@type\":\"WebSite\",\"@id\":\"https:\\\/\\\/www.meydan.tv\\\/az\\\/#website\",\"url\":\"https:\\\/\\\/www.meydan.tv\\\/az\\\/\",\"name\":\"MEYDAN.TV\",\"description\":\"Meydan TV Az\u0259rbaycan\u0131n media m\u0259kan\u0131ndak\u0131 alternativ s\u0259sidir\",\"publisher\":{\"@id\":\"https:\\\/\\\/www.meydan.tv\\\/az\\\/#organization\"},\"potentialAction\":[{\"@type\":\"SearchAction\",\"target\":{\"@type\":\"EntryPoint\",\"urlTemplate\":\"https:\\\/\\\/www.meydan.tv\\\/az\\\/?s={search_term_string}\"},\"query-input\":{\"@type\":\"PropertyValueSpecification\",\"valueRequired\":true,\"valueName\":\"search_term_string\"}}],\"inLanguage\":\"az\"},{\"@type\":\"Organization\",\"@id\":\"https:\\\/\\\/www.meydan.tv\\\/az\\\/#organization\",\"name\":\"Meydan TV\",\"url\":\"https:\\\/\\\/www.meydan.tv\\\/az\\\/\",\"logo\":{\"@type\":\"ImageObject\",\"inLanguage\":\"az\",\"@id\":\"https:\\\/\\\/www.meydan.tv\\\/az\\\/#\\\/schema\\\/logo\\\/image\\\/\",\"url\":\"https:\\\/\\\/www.meydan.tv\\\/wp-content\\\/uploads\\\/2021\\\/07\\\/meydan-logo.svg\",\"contentUrl\":\"https:\\\/\\\/www.meydan.tv\\\/wp-content\\\/uploads\\\/2021\\\/07\\\/meydan-logo.svg\",\"width\":195,\"height\":46,\"caption\":\"Meydan TV\"},\"image\":{\"@id\":\"https:\\\/\\\/www.meydan.tv\\\/az\\\/#\\\/schema\\\/logo\\\/image\\\/\"}},{\"@type\":\"Person\",\"@id\":\"https:\\\/\\\/www.meydan.tv\\\/az\\\/#\\\/schema\\\/person\\\/9cdbecf90d17180ce1dfbd95b08dcf47\",\"name\":\"elli\",\"sameAs\":[\"https:\\\/\\\/x.com\\\/elli\"]}]}<\/script>\n<!-- \/ Yoast SEO plugin. -->","yoast_head_json":{"title":"2022-ci ilin yekunu: Teatr \u00fc\u00e7\u00fcn ayr\u0131lan b\u00fcdc\u0259nin nec\u0259 x\u0259rcl\u0259nm\u0259si b\u0259lli olmad\u0131 - MEYDAN.TV","robots":{"index":"index","follow":"follow","max-snippet":"max-snippet:-1","max-image-preview":"max-image-preview:large","max-video-preview":"max-video-preview:-1"},"canonical":"https:\/\/www.meydan.tv\/az\/article\/2022-ci-ilin-yekunu-teatr-ucun-ayrilan-budcenin-nece-xerclenmesi-belli-olmadi\/","og_locale":"az_AZ","og_type":"article","og_title":"2022-ci ilin yekunu: Teatr \u00fc\u00e7\u00fcn ayr\u0131lan b\u00fcdc\u0259nin nec\u0259 x\u0259rcl\u0259nm\u0259si b\u0259lli olmad\u0131 - MEYDAN.TV","og_description":"Bu il naraz\u0131l\u0131qlar, festivallar, yeni tama\u015falarla yadda qald\u0131 2022-ci il ... Davam\u0131","og_url":"https:\/\/www.meydan.tv\/az\/article\/2022-ci-ilin-yekunu-teatr-ucun-ayrilan-budcenin-nece-xerclenmesi-belli-olmadi\/","og_site_name":"MEYDAN.TV","article_published_time":"2022-12-28T10:39:19+00:00","article_modified_time":"2022-12-28T10:39:21+00:00","og_image":[{"width":1890,"height":1257,"url":"https:\/\/www.meydan.tv\/wp-content\/uploads\/azrbaycan_dovlt_akademik_milli_dram_teatri.1.jpg","type":"image\/jpeg"}],"author":"elli","twitter_card":"summary_large_image","twitter_creator":"@elli","schema":{"@context":"https:\/\/schema.org","@graph":[{"@type":"Article","@id":"https:\/\/www.meydan.tv\/az\/article\/2022-ci-ilin-yekunu-teatr-ucun-ayrilan-budcenin-nece-xerclenmesi-belli-olmadi\/#article","isPartOf":{"@id":"https:\/\/www.meydan.tv\/az\/article\/2022-ci-ilin-yekunu-teatr-ucun-ayrilan-budcenin-nece-xerclenmesi-belli-olmadi\/"},"author":{"name":"elli","@id":"https:\/\/www.meydan.tv\/az\/#\/schema\/person\/9cdbecf90d17180ce1dfbd95b08dcf47"},"headline":"2022-ci ilin yekunu: Teatr \u00fc\u00e7\u00fcn ayr\u0131lan b\u00fcdc\u0259nin nec\u0259 x\u0259rcl\u0259nm\u0259si b\u0259lli olmad\u0131","datePublished":"2022-12-28T10:39:19+00:00","dateModified":"2022-12-28T10:39:21+00:00","mainEntityOfPage":{"@id":"https:\/\/www.meydan.tv\/az\/article\/2022-ci-ilin-yekunu-teatr-ucun-ayrilan-budcenin-nece-xerclenmesi-belli-olmadi\/"},"wordCount":1373,"publisher":{"@id":"https:\/\/www.meydan.tv\/az\/#organization"},"image":{"@id":"https:\/\/www.meydan.tv\/az\/article\/2022-ci-ilin-yekunu-teatr-ucun-ayrilan-budcenin-nece-xerclenmesi-belli-olmadi\/#primaryimage"},"thumbnailUrl":"https:\/\/www.meydan.tv\/wp-content\/uploads\/azrbaycan_dovlt_akademik_milli_dram_teatri.1.jpg","articleSection":["M\u0259d\u0259niyy\u0259t","X\u0259b\u0259rl\u0259r"],"inLanguage":"az"},{"@type":"WebPage","@id":"https:\/\/www.meydan.tv\/az\/article\/2022-ci-ilin-yekunu-teatr-ucun-ayrilan-budcenin-nece-xerclenmesi-belli-olmadi\/","url":"https:\/\/www.meydan.tv\/az\/article\/2022-ci-ilin-yekunu-teatr-ucun-ayrilan-budcenin-nece-xerclenmesi-belli-olmadi\/","name":"2022-ci ilin yekunu: Teatr \u00fc\u00e7\u00fcn ayr\u0131lan b\u00fcdc\u0259nin nec\u0259 x\u0259rcl\u0259nm\u0259si b\u0259lli olmad\u0131 - MEYDAN.TV","isPartOf":{"@id":"https:\/\/www.meydan.tv\/az\/#website"},"primaryImageOfPage":{"@id":"https:\/\/www.meydan.tv\/az\/article\/2022-ci-ilin-yekunu-teatr-ucun-ayrilan-budcenin-nece-xerclenmesi-belli-olmadi\/#primaryimage"},"image":{"@id":"https:\/\/www.meydan.tv\/az\/article\/2022-ci-ilin-yekunu-teatr-ucun-ayrilan-budcenin-nece-xerclenmesi-belli-olmadi\/#primaryimage"},"thumbnailUrl":"https:\/\/www.meydan.tv\/wp-content\/uploads\/azrbaycan_dovlt_akademik_milli_dram_teatri.1.jpg","datePublished":"2022-12-28T10:39:19+00:00","dateModified":"2022-12-28T10:39:21+00:00","breadcrumb":{"@id":"https:\/\/www.meydan.tv\/az\/article\/2022-ci-ilin-yekunu-teatr-ucun-ayrilan-budcenin-nece-xerclenmesi-belli-olmadi\/#breadcrumb"},"inLanguage":"az","potentialAction":[{"@type":"ReadAction","target":["https:\/\/www.meydan.tv\/az\/article\/2022-ci-ilin-yekunu-teatr-ucun-ayrilan-budcenin-nece-xerclenmesi-belli-olmadi\/"]}]},{"@type":"ImageObject","inLanguage":"az","@id":"https:\/\/www.meydan.tv\/az\/article\/2022-ci-ilin-yekunu-teatr-ucun-ayrilan-budcenin-nece-xerclenmesi-belli-olmadi\/#primaryimage","url":"https:\/\/www.meydan.tv\/wp-content\/uploads\/azrbaycan_dovlt_akademik_milli_dram_teatri.1.jpg","contentUrl":"https:\/\/www.meydan.tv\/wp-content\/uploads\/azrbaycan_dovlt_akademik_milli_dram_teatri.1.jpg","width":1890,"height":1257,"caption":"Foto: Az\u0259rtac"},{"@type":"BreadcrumbList","@id":"https:\/\/www.meydan.tv\/az\/article\/2022-ci-ilin-yekunu-teatr-ucun-ayrilan-budcenin-nece-xerclenmesi-belli-olmadi\/#breadcrumb","itemListElement":[{"@type":"ListItem","position":1,"name":"Ana s\u0259hif\u0259","item":"https:\/\/www.meydan.tv\/az\/"},{"@type":"ListItem","position":2,"name":"M\u0259d\u0259niyy\u0259t","item":"https:\/\/www.meydan.tv\/az\/section\/medeniyyet\/"},{"@type":"ListItem","position":3,"name":"2022-ci ilin yekunu: Teatr \u00fc\u00e7\u00fcn ayr\u0131lan b\u00fcdc\u0259nin nec\u0259 x\u0259rcl\u0259nm\u0259si b\u0259lli olmad\u0131"}]},{"@type":"WebSite","@id":"https:\/\/www.meydan.tv\/az\/#website","url":"https:\/\/www.meydan.tv\/az\/","name":"MEYDAN.TV","description":"Meydan TV Az\u0259rbaycan\u0131n media m\u0259kan\u0131ndak\u0131 alternativ s\u0259sidir","publisher":{"@id":"https:\/\/www.meydan.tv\/az\/#organization"},"potentialAction":[{"@type":"SearchAction","target":{"@type":"EntryPoint","urlTemplate":"https:\/\/www.meydan.tv\/az\/?s={search_term_string}"},"query-input":{"@type":"PropertyValueSpecification","valueRequired":true,"valueName":"search_term_string"}}],"inLanguage":"az"},{"@type":"Organization","@id":"https:\/\/www.meydan.tv\/az\/#organization","name":"Meydan TV","url":"https:\/\/www.meydan.tv\/az\/","logo":{"@type":"ImageObject","inLanguage":"az","@id":"https:\/\/www.meydan.tv\/az\/#\/schema\/logo\/image\/","url":"https:\/\/www.meydan.tv\/wp-content\/uploads\/2021\/07\/meydan-logo.svg","contentUrl":"https:\/\/www.meydan.tv\/wp-content\/uploads\/2021\/07\/meydan-logo.svg","width":195,"height":46,"caption":"Meydan TV"},"image":{"@id":"https:\/\/www.meydan.tv\/az\/#\/schema\/logo\/image\/"}},{"@type":"Person","@id":"https:\/\/www.meydan.tv\/az\/#\/schema\/person\/9cdbecf90d17180ce1dfbd95b08dcf47","name":"elli","sameAs":["https:\/\/x.com\/elli"]}]}},"_links":{"self":[{"href":"https:\/\/www.meydan.tv\/az\/wp-json\/wp\/v2\/posts\/264663","targetHints":{"allow":["GET"]}}],"collection":[{"href":"https:\/\/www.meydan.tv\/az\/wp-json\/wp\/v2\/posts"}],"about":[{"href":"https:\/\/www.meydan.tv\/az\/wp-json\/wp\/v2\/types\/post"}],"author":[{"embeddable":true,"href":"https:\/\/www.meydan.tv\/az\/wp-json\/wp\/v2\/users\/8"}],"replies":[{"embeddable":true,"href":"https:\/\/www.meydan.tv\/az\/wp-json\/wp\/v2\/comments?post=264663"}],"version-history":[{"count":1,"href":"https:\/\/www.meydan.tv\/az\/wp-json\/wp\/v2\/posts\/264663\/revisions"}],"predecessor-version":[{"id":264670,"href":"https:\/\/www.meydan.tv\/az\/wp-json\/wp\/v2\/posts\/264663\/revisions\/264670"}],"wp:featuredmedia":[{"embeddable":true,"href":"https:\/\/www.meydan.tv\/az\/wp-json\/wp\/v2\/media\/138303"}],"wp:attachment":[{"href":"https:\/\/www.meydan.tv\/az\/wp-json\/wp\/v2\/media?parent=264663"}],"wp:term":[{"taxonomy":"category","embeddable":true,"href":"https:\/\/www.meydan.tv\/az\/wp-json\/wp\/v2\/categories?post=264663"},{"taxonomy":"post_tag","embeddable":true,"href":"https:\/\/www.meydan.tv\/az\/wp-json\/wp\/v2\/tags?post=264663"}],"curies":[{"name":"wp","href":"https:\/\/api.w.org\/{rel}","templated":true}]}}