{"id":264654,"date":"2022-12-28T14:24:16","date_gmt":"2022-12-28T10:24:16","guid":{"rendered":"https:\/\/www.meydan.tv\/?p=264654"},"modified":"2022-12-28T14:24:18","modified_gmt":"2022-12-28T10:24:18","slug":"vasif-ve-meherrem-talibovlarin-elimizden-aldigi-emlakin-geri-qaytarilmasini-isteyirem","status":"publish","type":"post","link":"https:\/\/www.meydan.tv\/az\/article\/vasif-ve-meherrem-talibovlarin-elimizden-aldigi-emlakin-geri-qaytarilmasini-isteyirem\/","title":{"rendered":"\u201cVasif v\u0259 M\u0259h\u0259rr\u0259m Tal\u0131bovlar\u0131n \u0259limizd\u0259n ald\u0131\u011f\u0131 \u0259mlak\u0131n geri qaytar\u0131lmas\u0131n\u0131 ist\u0259yir\u0259m\u201d"},"content":{"rendered":"\n<p><\/p>\n\n\n\n<p><em>Nax\u00e7\u0131van sakini t\u0259zyiql\u0259r\u0259 m\u0259ruz qal\u0131b Bak\u0131ya k\u00f6\u00e7d\u00fckl\u0259rini deyir<\/em><br><\/p>\n\n\n\n<p>\u201cVasif Tal\u0131bov v\u0259 qarda\u015f\u0131 M\u0259h\u0259rr\u0259min zorak\u0131l\u0131qla \u0259l\u0259 ke\u00e7irdikl\u0259ri, h\u0259yat yolda\u015f\u0131m Vahid Rza o\u011flu M\u0259mm\u0259dova m\u0259xsus &#8220;T\u0259briz&#8221; (indiki &#8220;Z\u00fcmr\u00fcd&#8221;) restoran\u0131n\u0131n ail\u0259miz\u0259 geri qaytar\u0131lmas\u0131n\u0131 xahi\u015f edir\u0259m\u201d.<\/p>\n\n\n\n<p>Bu s\u00f6zl\u0259r haz\u0131rda Bak\u0131 \u015f\u0259h\u0259ri, N\u0259rimanov rayonu, A\u015f\u0131q Al\u0131 k\u00fc\u00e7\u0259si ev7\/19,m\u0259nzil 141 \u00fcnvanda ya\u015fayan G\u00fcls\u00fcm \u018fsg\u0259r q\u0131z\u0131 M\u0259mm\u0259dovaya m\u0259xsusdur.<\/p>\n\n\n\n<p>Vasif Tal\u0131bov Nax\u00e7\u0131van Muxtar Respublikas\u0131n\u0131n Ali M\u0259clisinin s\u0259dri v\u0259zif\u0259sind\u0259n istefa ver\u0259nd\u0259n sonra \u00f6lk\u0259 ba\u015f\u00e7\u0131s\u0131na, el\u0259c\u0259 d\u0259 h\u00fcquq-m\u00fchafiz\u0259 orqanlar\u0131na \u015fikay\u0259t \u0259riz\u0259si g\u00f6nd\u0259r\u0259n G\u00fcls\u00fcm M\u0259mm\u0259dova yaz\u0131r ki, son 27 il \u0259rzind\u0259 Nax\u00e7\u0131vanda Tal\u0131bov Vasif v\u0259 M\u0259h\u0259rr\u0259m qarda\u015flar\u0131n\u0131n t\u00f6r\u0259tdiyi cinay\u0259tl\u0259rin say\u0131-hesab\u0131 yoxdur:<\/p>\n\n\n<div class=\"wp-block-image\">\n<figure class=\"aligncenter size-full\"><img decoding=\"async\" data-src=\"https:\/\/www.meydan.tv\/wp-content\/uploads\/1669798125__97589207_1_vasif_talibov.jpg\" alt=\"\" class=\"wp-image-264658 lazyload\" src=\"data:image\/svg+xml;base64,PHN2ZyB3aWR0aD0iMSIgaGVpZ2h0PSIxIiB4bWxucz0iaHR0cDovL3d3dy53My5vcmcvMjAwMC9zdmciPjwvc3ZnPg==\" style=\"--smush-placeholder-width: 1200px; --smush-placeholder-aspect-ratio: 1200\/635;\" \/><figcaption class=\"wp-element-caption\">Tal\u0131bov qarda\u015flar\u0131. Foto: sosial \u015f\u0259b\u0259k\u0259<\/figcaption><\/figure>\n<\/div>\n\n\n<p>\u201cBu d\u0259st\u0259nin \u0259lind\u0259n \u0259ziyy\u0259t \u00e7\u0259k\u0259n Nax\u00e7\u0131vanda ya\u015fayan minl\u0259rl\u0259 ail\u0259l\u0259rd\u0259n biri d\u0259 bizim ail\u0259miz olub\u201d.<\/p>\n\n\n\n<p>\u015eikay\u0259t\u00e7inin s\u00f6zl\u0259rin\u0259 g\u00f6r\u0259, 1957-ci ild\u0259 Nax\u00e7\u0131van \u015f\u0259h\u0259rind\u0259 anadan olmu\u015f h\u0259yat yolda\u015f\u0131 Vahid Rza o\u011flu M\u0259mm\u0259dov 1984-c\u00fc ild\u0259 Heyd\u0259r \u018fliyev prospekti 17-d\u0259 tikilib istifad\u0259y\u0259 verilmi\u015f &#8220;T\u0259briz&#8221; hotelinin yan\u0131ndak\u0131 &#8220;T\u0259briz&#8221; restoran\u0131nda 1983-c\u00fc ild\u0259n 1989-c\u00fc il\u0259 kimi \u0259sas i\u015f\u00e7isi kimi s\u0259n\u0259dl\u0259\u015fdiril\u0259r\u0259k i\u015fl\u0259yib, daha sonra, 1990- 2003-c\u00fc ilin dekabr\u0131n 26-d\u0259k t\u0259k sahibi olub.<\/p>\n\n\n\n<p>\u015eikay\u0259t\u00e7i deyir ki, h\u0259yat yolda\u015f\u0131 &#8220;T\u0259briz&#8221; restoran\u0131n\u0131 yenid\u0259n qurub, b\u00fct\u00fcn laz\u0131m olan avadanl\u0131qlarla, mebell\u0259rl\u0259, xal\u00e7alarla tam t\u0259chiz edib. 1993-c\u00fc il\u0259d\u0259k restoran kimi f\u0259aliyy\u0259t g\u00f6st\u0259rs\u0259 d\u0259, 1994-2004-c\u00fc il\u0259d\u0259k bu restoran Nax\u00e7\u0131van \u015f\u0259h\u0259rind\u0259 \u0259n b\u00f6y\u00fck (600 yerlik ) \u015fadl\u0131q evi kimi d\u0259 f\u0259aliyy\u0259tini davam etdirib:<\/p>\n\n\n\n<p>\u201cVahidin restoran\u0131 1990-1993-c\u00fc ill\u0259r \u0259rzind\u0259 Ulu \u00f6nd\u0259rin (Heyd\u0259r \u018fliyev n\u0259z\u0259rd\u0259 tutulur \u2013 red.) \u015f\u0259xsi tap\u015f\u0131r\u0131\u011f\u0131 \u0259sas\u0131nda Nax\u00e7\u0131vana g\u0259lmi\u015f r\u0259smi qonaqlara da x\u00fcsusi xidm\u0259tl\u0259r g\u00f6st\u0259rib, t\u0259dbirl\u0259rin ke\u00e7irilm\u0259sin\u0259 \u015f\u0259rait yarad\u0131b. Bunun \u00fc\u00e7\u00fcn Vahid Almaniyadan d\u0259y\u0259ri 20000 dollara olan x\u00fcsusi \u00e7\u0131l\u00e7\u0131raqlar, \u0130randan \u0259n b\u00f6y\u00fck \u00f6l\u00e7\u00fcl\u00fc, bahal\u0131 xal\u0131lar, Rusiyadan b\u00f6y\u00fck g\u00fcc\u0259 malik generatorlar, avadanlqlar g\u0259tirib \u015fadl\u0131q evini z\u0259nginl\u0259\u015fdirdi. El\u0259 h\u0259min \u015fadl\u0131q evind\u0259 Vasif Tal\u0131bovun bac\u0131s\u0131n\u0131n, qarda\u015f\u0131n\u0131n da toy m\u0259clisl\u0259ri t\u0259\u015fkil edilib\u201d.<\/p>\n\n\n<div class=\"wp-block-image\">\n<figure class=\"aligncenter size-full\"><img decoding=\"async\" width=\"1200\" height=\"800\" data-src=\"https:\/\/www.meydan.tv\/wp-content\/uploads\/untitled-design-87.jpg\" alt=\"\" class=\"wp-image-264648 lazyload\" src=\"data:image\/svg+xml;base64,PHN2ZyB3aWR0aD0iMSIgaGVpZ2h0PSIxIiB4bWxucz0iaHR0cDovL3d3dy53My5vcmcvMjAwMC9zdmciPjwvc3ZnPg==\" style=\"--smush-placeholder-width: 1200px; --smush-placeholder-aspect-ratio: 1200\/800;\" \/><figcaption class=\"wp-element-caption\">Fotolar: Meydan TV<\/figcaption><\/figure>\n<\/div>\n\n\n<p>\u201cLakin \u00e7ox t\u0259\u0259ss\u00fcfl\u0259r olsun ki, 2003-c\u00fc ilin dekabr\u0131n 26-da n\u00f6vb\u0259ti toy m\u0259rasiminin ke\u00e7irilm\u0259sin\u0259 haz\u0131rl\u0131q g\u00f6r\u00fcld\u00fcy\u00fc zaman Vasif Tal\u0131bovun qarda\u015f\u0131 M\u0259h\u0259rr\u0259m Tal\u0131bov bir d\u0259st\u0259 qoluzorlu qo\u00e7ularla \u015fadl\u0131q evin\u0259 daxil olaraq i\u015fl\u0259ri dayand\u0131rd\u0131 v\u0259 \u015f\u0259xsi hey\u0259tin d\u0259rhal restoran\u0131 t\u0259rk etm\u0259l\u0259ri t\u0259l\u0259b olundu. Qap\u0131lar i\u00e7\u0259rid\u0259n ba\u011fland\u0131 v\u0259 M\u0259h\u0259rr\u0259min 10 n\u0259f\u0259rlik quldur d\u0259st\u0259si soy\u011fun\u00e7ulu\u011fa ba\u015flad\u0131. Y\u0259ni, seyfd\u0259 olan b\u00fct\u00fcn s\u0259n\u0259dl\u0259r, pul, \u015f\u0259xsi \u0259\u015fyalar ya\u011fmaland\u0131 v\u0259 bu g\u00fcn\u0259 q\u0259d\u0259r qaytar\u0131lmay\u0131b\u201d, &#8211; G\u00fcls\u00fcm M\u0259mm\u0259dova deyir.<\/p>\n\n\n\n<p>\u201cEl\u0259 h\u0259min g\u00fcn\u00fc quldur d\u0259st\u0259si restoran\u0131n b\u00fct\u00fcn qap\u0131lar\u0131n\u0131n kilidl\u0259rini d\u0259yi\u015fdi, m\u00fchafiz\u0259ni g\u00fccl\u0259ndirdi. T\u0259la\u015fa d\u00fc\u015f\u0259n restoran i\u015f\u00e7il\u0259rin\u0259 v\u0259 kims\u0259y\u0259 he\u00e7 bir a\u00e7\u0131qlama verm\u0259d\u0259n zorak\u0131l\u0131qla \u015fadl\u0131q evini \u0259l\u0259 ke\u00e7irdil\u0259r\u201d, &#8211; qad\u0131n\u0131n \u015fikay\u0259t \u0259riz\u0259sind\u0259 qeyd olunur.<\/p>\n\n\n\n<p>G\u00fcls\u00fcm M\u0259mm\u0259dovan\u0131n o\u011flu da \u0259riz\u0259d\u0259 yaz\u0131lanlar\u0131 Meydan TV-y\u0259 t\u0259sdiql\u0259yib.<\/p>\n\n\n\n<p>Vahid M\u0259mm\u0259dov &#8220;T\u0259briz&#8221; restoran\u0131n\u0131 i\u015fl\u0259tdiyin\u0259 g\u00f6r\u0259 Nax\u00e7\u0131vanda &#8220;T\u0259briz Vahid&#8221; l\u0259q\u0259bil\u0259 tan\u0131n\u0131b. H\u0259yat yolda\u015f\u0131 deyir ki, bel\u0259 bir zorak\u0131l\u0131q v\u0259 \u0259mlak\u0131n\u0131n Tal\u0131bovlar t\u0259r\u0259find\u0259n \u0259l\u0259 ke\u00e7irilm\u0259sind\u0259n sonra t\u0259zyiql\u0259r d\u0259 ara verm\u0259yib. Bu s\u0259b\u0259bd\u0259n 2004-c\u00fc ilin \u0259vv\u0259lind\u0259 M\u0259mm\u0259dovlar ail\u0259si evini-e\u015fini t\u0259rk ed\u0259r\u0259k Nax\u00e7\u0131vandan Bak\u0131ya k\u00f6\u00e7m\u0259k m\u0259cburiyy\u0259tind\u0259 qal\u0131b.<\/p>\n\n\n\n<figure class=\"wp-block-image size-full\"><img decoding=\"async\" width=\"1200\" height=\"800\" data-src=\"https:\/\/www.meydan.tv\/wp-content\/uploads\/untitled-design-1-50.jpg\" alt=\"\" class=\"wp-image-264645 lazyload\" src=\"data:image\/svg+xml;base64,PHN2ZyB3aWR0aD0iMSIgaGVpZ2h0PSIxIiB4bWxucz0iaHR0cDovL3d3dy53My5vcmcvMjAwMC9zdmciPjwvc3ZnPg==\" style=\"--smush-placeholder-width: 1200px; --smush-placeholder-aspect-ratio: 1200\/800;\" \/><\/figure>\n\n\n\n<p>\u201cBu d\u0259h\u015f\u0259tli hadis\u0259d\u0259n sars\u0131lan Vahid \u00fcr\u0259k \u0259m\u0259liyyat\u0131 ke\u00e7irdi, \u015f\u0259k\u0259r x\u0259st\u0259liyin\u0259 tutuldu. Vahid\u0259 t\u0259zyiq edib onun Nax\u00e7\u0131vanda yerl\u0259\u015f\u0259n, ata yurdu olan evini d\u0259 d\u0259y\u0259r-d\u0259ym\u0259zin\u0259 satd\u0131rd\u0131lar ki, bir daha geri qay\u0131tmaq fikrin\u0259 d\u00fc\u015fm\u0259sin. 2016-c\u0131 ilin \u0259vv\u0259lind\u0259 Vahid q\u0259fild\u0259n, 59 ya\u015f\u0131nda d\u00fcnyas\u0131n\u0131 d\u0259yi\u015fdi\u201d.<\/p>\n\n\n\n<p>G\u00fcls\u00fcm M\u0259mm\u0259dova indi Prezidentd\u0259n xahi\u015f edir ki, Tal\u0131bov qarda\u015flar\u0131 t\u0259r\u0259find\u0259n he\u00e7 bir s\u0259b\u0259b g\u00f6st\u0259rilm\u0259d\u0259n, zorak\u0131l\u0131qla \u0259ll\u0259rind\u0259n al\u0131nm\u0131\u015f &#8220;T\u0259briz&#8221; &#8211; indiki &#8220;Z\u00fcmr\u00fcd&#8221; restoran\u0131 yenid\u0259n ail\u0259sin\u0259 qaytar\u0131ls\u0131n:<\/p>\n\n\n\n<p>\u201cXahi\u015f edirik, \u0259mlak\u0131m\u0131z\u0131n simas\u0131z quldurlardan al\u0131naraq ail\u0259miz\u0259 qaytar\u0131lmas\u0131 \u00fc\u00e7\u00fcn DTX r\u0259isi c\u0259nab \u018fli Na\u011f\u0131yev\u0259 g\u00f6st\u0259ri\u015f ver\u0259siniz ki, m\u0259s\u0259l\u0259 yerind\u0259 ara\u015fd\u0131r\u0131ls\u0131n v\u0259 bu ill\u0259r \u0259rzind\u0259 ail\u0259miz\u0259 d\u0259ymi\u015f ziyan tam \u00f6d\u0259nilm\u0259kl\u0259, obyekt ail\u0259mizin m\u00fclkiyy\u0259tin\u0259 qaytar\u0131ls\u0131n\u201d.<\/p>\n\n\n\n<p>Meydan TV deyil\u0259nl\u0259r\u0259 Tal\u0131bovlardan m\u00fcnasib\u0259t \u00f6yr\u0259n\u0259 bilm\u0259yib.<\/p>\n\n\n\n<p>62 ya\u015fl\u0131 Vasif Tal\u0131bov 1995-ci ild\u0259n Nax\u00e7\u0131van MR Ali M\u0259clisinin s\u0259dri olub. Bir ay \u00f6nc\u0259 Nax\u00e7\u0131vanda v\u0259zif\u0259li \u015f\u0259xsl\u0259rin h\u0259bsl\u0259ri ba\u015flay\u0131b. Dekabr\u0131n 21-d\u0259 is\u0259 Vasif Tal\u0131bov v\u0259zif\u0259sind\u0259n istefa <a href=\"https:\/\/www.meydan.tv\/az\/article\/vasif-talibov-istefa-verib\/\" target=\"_blank\" rel=\"noreferrer noopener\">verib<\/a>.<br>Nax\u00e7\u0131van uzun ill\u0259r \u201cqapal\u0131 zona\u201d olub v\u0259 MR-da \u015fikay\u0259t ed\u0259nl\u0259r m\u00fcxt\u0259lif t\u0259zyiql\u0259r\u0259 m\u0259ruz qald\u0131qlar\u0131n\u0131 <a href=\"https:\/\/www.meydan.tv\/az\/article\/serur-sakini-vasif-talibova-teleqram-vurdugum-ucun-polise-cagirildim\/\" target=\"_blank\" rel=\"noreferrer noopener\">deyibl\u0259r<\/a>.<br>Vasif Tal\u0131bov b\u00fct\u00fcn bunlara g\u00f6r\u0259 c\u0259miyy\u0259td\u0259 \u201cNax\u00e7\u0131van\u0131n xan\u0131\u201d kimi <a href=\"https:\/\/www.meydan.tv\/az\/article\/naxcivan-xani-vasif-talibov-kimdir-bioqrafiya\/\" target=\"_blank\" rel=\"noreferrer noopener\">tan\u0131n\u0131b<\/a>.<\/p>\n","protected":false},"excerpt":{"rendered":"<p>Nax\u00e7\u0131van sakini t\u0259zyiql\u0259r\u0259 m\u0259ruz qal\u0131b Bak\u0131ya k\u00f6\u00e7d\u00fckl\u0259rini deyir \u201cVasif Tal\u0131bov &#8230; <\/p>\n<p class=\"read-more-container\"><a title=\"\u201cVasif v\u0259 M\u0259h\u0259rr\u0259m Tal\u0131bovlar\u0131n \u0259limizd\u0259n ald\u0131\u011f\u0131 \u0259mlak\u0131n geri qaytar\u0131lmas\u0131n\u0131 ist\u0259yir\u0259m\u201d\" class=\"read-more button\" href=\"https:\/\/www.meydan.tv\/az\/article\/vasif-ve-meherrem-talibovlarin-elimizden-aldigi-emlakin-geri-qaytarilmasini-isteyirem\/#more-264654\" aria-label=\"Read more about \u201cVasif v\u0259 M\u0259h\u0259rr\u0259m Tal\u0131bovlar\u0131n \u0259limizd\u0259n ald\u0131\u011f\u0131 \u0259mlak\u0131n geri qaytar\u0131lmas\u0131n\u0131 ist\u0259yir\u0259m\u201d\">Davam\u0131<\/a><\/p>\n","protected":false},"author":8,"featured_media":264655,"comment_status":"closed","ping_status":"closed","sticky":false,"template":"","format":"standard","meta":{"_acf_changed":false,"_sitemap_exclude":false,"_sitemap_priority":"","_sitemap_frequency":"","footnotes":""},"categories":[60,79,56],"tags":[],"class_list":["post-264654","post","type-post","status-publish","format-standard","has-post-thumbnail","hentry","category-bolge","category-featured","category-xeberler","infinite-scroll-item","generate-columns","tablet-grid-50","mobile-grid-100","grid-parent","grid-33","no-featured-image-padding"],"acf":[],"yoast_head":"<!-- This site is optimized with the Yoast SEO plugin v27.5 - https:\/\/yoast.com\/product\/yoast-seo-wordpress\/ -->\n<title>\u201cVasif v\u0259 M\u0259h\u0259rr\u0259m Tal\u0131bovlar\u0131n \u0259limizd\u0259n ald\u0131\u011f\u0131 \u0259mlak\u0131n geri qaytar\u0131lmas\u0131n\u0131 ist\u0259yir\u0259m\u201d - MEYDAN.TV<\/title>\n<meta name=\"robots\" content=\"index, follow, max-snippet:-1, max-image-preview:large, max-video-preview:-1\" \/>\n<link rel=\"canonical\" href=\"https:\/\/www.meydan.tv\/az\/article\/vasif-ve-meherrem-talibovlarin-elimizden-aldigi-emlakin-geri-qaytarilmasini-isteyirem\/\" \/>\n<meta property=\"og:locale\" content=\"az_AZ\" \/>\n<meta property=\"og:type\" content=\"article\" \/>\n<meta property=\"og:title\" content=\"\u201cVasif v\u0259 M\u0259h\u0259rr\u0259m Tal\u0131bovlar\u0131n \u0259limizd\u0259n ald\u0131\u011f\u0131 \u0259mlak\u0131n geri qaytar\u0131lmas\u0131n\u0131 ist\u0259yir\u0259m\u201d - MEYDAN.TV\" \/>\n<meta property=\"og:description\" content=\"Nax\u00e7\u0131van sakini t\u0259zyiql\u0259r\u0259 m\u0259ruz qal\u0131b Bak\u0131ya k\u00f6\u00e7d\u00fckl\u0259rini deyir \u201cVasif Tal\u0131bov ... Davam\u0131\" \/>\n<meta property=\"og:url\" content=\"https:\/\/www.meydan.tv\/az\/article\/vasif-ve-meherrem-talibovlarin-elimizden-aldigi-emlakin-geri-qaytarilmasini-isteyirem\/\" \/>\n<meta property=\"og:site_name\" content=\"MEYDAN.TV\" \/>\n<meta property=\"article:published_time\" content=\"2022-12-28T10:24:16+00:00\" \/>\n<meta property=\"article:modified_time\" content=\"2022-12-28T10:24:18+00:00\" \/>\n<meta property=\"og:image\" content=\"https:\/\/www.meydan.tv\/wp-content\/uploads\/32635755_1086267394846157_5771493532430761984_n.jpg\" \/>\n\t<meta property=\"og:image:width\" content=\"1440\" \/>\n\t<meta property=\"og:image:height\" content=\"960\" \/>\n\t<meta property=\"og:image:type\" content=\"image\/jpeg\" \/>\n<meta name=\"author\" content=\"elli\" \/>\n<meta name=\"twitter:card\" content=\"summary_large_image\" \/>\n<meta name=\"twitter:creator\" content=\"@elli\" \/>\n<script type=\"application\/ld+json\" class=\"yoast-schema-graph\">{\"@context\":\"https:\\\/\\\/schema.org\",\"@graph\":[{\"@type\":\"Article\",\"@id\":\"https:\\\/\\\/www.meydan.tv\\\/az\\\/article\\\/vasif-ve-meherrem-talibovlarin-elimizden-aldigi-emlakin-geri-qaytarilmasini-isteyirem\\\/#article\",\"isPartOf\":{\"@id\":\"https:\\\/\\\/www.meydan.tv\\\/az\\\/article\\\/vasif-ve-meherrem-talibovlarin-elimizden-aldigi-emlakin-geri-qaytarilmasini-isteyirem\\\/\"},\"author\":{\"name\":\"elli\",\"@id\":\"https:\\\/\\\/www.meydan.tv\\\/az\\\/#\\\/schema\\\/person\\\/9cdbecf90d17180ce1dfbd95b08dcf47\"},\"headline\":\"\u201cVasif v\u0259 M\u0259h\u0259rr\u0259m Tal\u0131bovlar\u0131n \u0259limizd\u0259n ald\u0131\u011f\u0131 \u0259mlak\u0131n geri qaytar\u0131lmas\u0131n\u0131 ist\u0259yir\u0259m\u201d\",\"datePublished\":\"2022-12-28T10:24:16+00:00\",\"dateModified\":\"2022-12-28T10:24:18+00:00\",\"mainEntityOfPage\":{\"@id\":\"https:\\\/\\\/www.meydan.tv\\\/az\\\/article\\\/vasif-ve-meherrem-talibovlarin-elimizden-aldigi-emlakin-geri-qaytarilmasini-isteyirem\\\/\"},\"wordCount\":1096,\"publisher\":{\"@id\":\"https:\\\/\\\/www.meydan.tv\\\/az\\\/#organization\"},\"image\":{\"@id\":\"https:\\\/\\\/www.meydan.tv\\\/az\\\/article\\\/vasif-ve-meherrem-talibovlarin-elimizden-aldigi-emlakin-geri-qaytarilmasini-isteyirem\\\/#primaryimage\"},\"thumbnailUrl\":\"https:\\\/\\\/www.meydan.tv\\\/wp-content\\\/uploads\\\/32635755_1086267394846157_5771493532430761984_n.jpg\",\"articleSection\":[\"B\u00f6lg\u0259\",\"T\u00f6vsiy\u0259\",\"X\u0259b\u0259rl\u0259r\"],\"inLanguage\":\"az\"},{\"@type\":\"WebPage\",\"@id\":\"https:\\\/\\\/www.meydan.tv\\\/az\\\/article\\\/vasif-ve-meherrem-talibovlarin-elimizden-aldigi-emlakin-geri-qaytarilmasini-isteyirem\\\/\",\"url\":\"https:\\\/\\\/www.meydan.tv\\\/az\\\/article\\\/vasif-ve-meherrem-talibovlarin-elimizden-aldigi-emlakin-geri-qaytarilmasini-isteyirem\\\/\",\"name\":\"\u201cVasif v\u0259 M\u0259h\u0259rr\u0259m Tal\u0131bovlar\u0131n \u0259limizd\u0259n ald\u0131\u011f\u0131 \u0259mlak\u0131n geri qaytar\u0131lmas\u0131n\u0131 ist\u0259yir\u0259m\u201d - MEYDAN.TV\",\"isPartOf\":{\"@id\":\"https:\\\/\\\/www.meydan.tv\\\/az\\\/#website\"},\"primaryImageOfPage\":{\"@id\":\"https:\\\/\\\/www.meydan.tv\\\/az\\\/article\\\/vasif-ve-meherrem-talibovlarin-elimizden-aldigi-emlakin-geri-qaytarilmasini-isteyirem\\\/#primaryimage\"},\"image\":{\"@id\":\"https:\\\/\\\/www.meydan.tv\\\/az\\\/article\\\/vasif-ve-meherrem-talibovlarin-elimizden-aldigi-emlakin-geri-qaytarilmasini-isteyirem\\\/#primaryimage\"},\"thumbnailUrl\":\"https:\\\/\\\/www.meydan.tv\\\/wp-content\\\/uploads\\\/32635755_1086267394846157_5771493532430761984_n.jpg\",\"datePublished\":\"2022-12-28T10:24:16+00:00\",\"dateModified\":\"2022-12-28T10:24:18+00:00\",\"breadcrumb\":{\"@id\":\"https:\\\/\\\/www.meydan.tv\\\/az\\\/article\\\/vasif-ve-meherrem-talibovlarin-elimizden-aldigi-emlakin-geri-qaytarilmasini-isteyirem\\\/#breadcrumb\"},\"inLanguage\":\"az\",\"potentialAction\":[{\"@type\":\"ReadAction\",\"target\":[\"https:\\\/\\\/www.meydan.tv\\\/az\\\/article\\\/vasif-ve-meherrem-talibovlarin-elimizden-aldigi-emlakin-geri-qaytarilmasini-isteyirem\\\/\"]}]},{\"@type\":\"ImageObject\",\"inLanguage\":\"az\",\"@id\":\"https:\\\/\\\/www.meydan.tv\\\/az\\\/article\\\/vasif-ve-meherrem-talibovlarin-elimizden-aldigi-emlakin-geri-qaytarilmasini-isteyirem\\\/#primaryimage\",\"url\":\"https:\\\/\\\/www.meydan.tv\\\/wp-content\\\/uploads\\\/32635755_1086267394846157_5771493532430761984_n.jpg\",\"contentUrl\":\"https:\\\/\\\/www.meydan.tv\\\/wp-content\\\/uploads\\\/32635755_1086267394846157_5771493532430761984_n.jpg\",\"width\":1440,\"height\":960,\"caption\":\"M\u0259nb\u0259: Nax\u00e7\u0131van Turizm \u0130nformasiya M\u0259rk\u0259zinin \\\"Facebook\\\" s\u0259hif\u0259si\"},{\"@type\":\"BreadcrumbList\",\"@id\":\"https:\\\/\\\/www.meydan.tv\\\/az\\\/article\\\/vasif-ve-meherrem-talibovlarin-elimizden-aldigi-emlakin-geri-qaytarilmasini-isteyirem\\\/#breadcrumb\",\"itemListElement\":[{\"@type\":\"ListItem\",\"position\":1,\"name\":\"Ana s\u0259hif\u0259\",\"item\":\"https:\\\/\\\/www.meydan.tv\\\/az\\\/\"},{\"@type\":\"ListItem\",\"position\":2,\"name\":\"B\u00f6lg\u0259\",\"item\":\"https:\\\/\\\/www.meydan.tv\\\/az\\\/section\\\/bolge\\\/\"},{\"@type\":\"ListItem\",\"position\":3,\"name\":\"\u201cVasif v\u0259 M\u0259h\u0259rr\u0259m Tal\u0131bovlar\u0131n \u0259limizd\u0259n ald\u0131\u011f\u0131 \u0259mlak\u0131n geri qaytar\u0131lmas\u0131n\u0131 ist\u0259yir\u0259m\u201d\"}]},{\"@type\":\"WebSite\",\"@id\":\"https:\\\/\\\/www.meydan.tv\\\/az\\\/#website\",\"url\":\"https:\\\/\\\/www.meydan.tv\\\/az\\\/\",\"name\":\"MEYDAN.TV\",\"description\":\"Meydan TV Az\u0259rbaycan\u0131n media m\u0259kan\u0131ndak\u0131 alternativ s\u0259sidir\",\"publisher\":{\"@id\":\"https:\\\/\\\/www.meydan.tv\\\/az\\\/#organization\"},\"potentialAction\":[{\"@type\":\"SearchAction\",\"target\":{\"@type\":\"EntryPoint\",\"urlTemplate\":\"https:\\\/\\\/www.meydan.tv\\\/az\\\/?s={search_term_string}\"},\"query-input\":{\"@type\":\"PropertyValueSpecification\",\"valueRequired\":true,\"valueName\":\"search_term_string\"}}],\"inLanguage\":\"az\"},{\"@type\":\"Organization\",\"@id\":\"https:\\\/\\\/www.meydan.tv\\\/az\\\/#organization\",\"name\":\"Meydan TV\",\"url\":\"https:\\\/\\\/www.meydan.tv\\\/az\\\/\",\"logo\":{\"@type\":\"ImageObject\",\"inLanguage\":\"az\",\"@id\":\"https:\\\/\\\/www.meydan.tv\\\/az\\\/#\\\/schema\\\/logo\\\/image\\\/\",\"url\":\"https:\\\/\\\/www.meydan.tv\\\/wp-content\\\/uploads\\\/2021\\\/07\\\/meydan-logo.svg\",\"contentUrl\":\"https:\\\/\\\/www.meydan.tv\\\/wp-content\\\/uploads\\\/2021\\\/07\\\/meydan-logo.svg\",\"width\":195,\"height\":46,\"caption\":\"Meydan TV\"},\"image\":{\"@id\":\"https:\\\/\\\/www.meydan.tv\\\/az\\\/#\\\/schema\\\/logo\\\/image\\\/\"}},{\"@type\":\"Person\",\"@id\":\"https:\\\/\\\/www.meydan.tv\\\/az\\\/#\\\/schema\\\/person\\\/9cdbecf90d17180ce1dfbd95b08dcf47\",\"name\":\"elli\",\"sameAs\":[\"https:\\\/\\\/x.com\\\/elli\"]}]}<\/script>\n<!-- \/ Yoast SEO plugin. -->","yoast_head_json":{"title":"\u201cVasif v\u0259 M\u0259h\u0259rr\u0259m Tal\u0131bovlar\u0131n \u0259limizd\u0259n ald\u0131\u011f\u0131 \u0259mlak\u0131n geri qaytar\u0131lmas\u0131n\u0131 ist\u0259yir\u0259m\u201d - MEYDAN.TV","robots":{"index":"index","follow":"follow","max-snippet":"max-snippet:-1","max-image-preview":"max-image-preview:large","max-video-preview":"max-video-preview:-1"},"canonical":"https:\/\/www.meydan.tv\/az\/article\/vasif-ve-meherrem-talibovlarin-elimizden-aldigi-emlakin-geri-qaytarilmasini-isteyirem\/","og_locale":"az_AZ","og_type":"article","og_title":"\u201cVasif v\u0259 M\u0259h\u0259rr\u0259m Tal\u0131bovlar\u0131n \u0259limizd\u0259n ald\u0131\u011f\u0131 \u0259mlak\u0131n geri qaytar\u0131lmas\u0131n\u0131 ist\u0259yir\u0259m\u201d - MEYDAN.TV","og_description":"Nax\u00e7\u0131van sakini t\u0259zyiql\u0259r\u0259 m\u0259ruz qal\u0131b Bak\u0131ya k\u00f6\u00e7d\u00fckl\u0259rini deyir \u201cVasif Tal\u0131bov ... Davam\u0131","og_url":"https:\/\/www.meydan.tv\/az\/article\/vasif-ve-meherrem-talibovlarin-elimizden-aldigi-emlakin-geri-qaytarilmasini-isteyirem\/","og_site_name":"MEYDAN.TV","article_published_time":"2022-12-28T10:24:16+00:00","article_modified_time":"2022-12-28T10:24:18+00:00","og_image":[{"width":1440,"height":960,"url":"https:\/\/www.meydan.tv\/wp-content\/uploads\/32635755_1086267394846157_5771493532430761984_n.jpg","type":"image\/jpeg"}],"author":"elli","twitter_card":"summary_large_image","twitter_creator":"@elli","schema":{"@context":"https:\/\/schema.org","@graph":[{"@type":"Article","@id":"https:\/\/www.meydan.tv\/az\/article\/vasif-ve-meherrem-talibovlarin-elimizden-aldigi-emlakin-geri-qaytarilmasini-isteyirem\/#article","isPartOf":{"@id":"https:\/\/www.meydan.tv\/az\/article\/vasif-ve-meherrem-talibovlarin-elimizden-aldigi-emlakin-geri-qaytarilmasini-isteyirem\/"},"author":{"name":"elli","@id":"https:\/\/www.meydan.tv\/az\/#\/schema\/person\/9cdbecf90d17180ce1dfbd95b08dcf47"},"headline":"\u201cVasif v\u0259 M\u0259h\u0259rr\u0259m Tal\u0131bovlar\u0131n \u0259limizd\u0259n ald\u0131\u011f\u0131 \u0259mlak\u0131n geri qaytar\u0131lmas\u0131n\u0131 ist\u0259yir\u0259m\u201d","datePublished":"2022-12-28T10:24:16+00:00","dateModified":"2022-12-28T10:24:18+00:00","mainEntityOfPage":{"@id":"https:\/\/www.meydan.tv\/az\/article\/vasif-ve-meherrem-talibovlarin-elimizden-aldigi-emlakin-geri-qaytarilmasini-isteyirem\/"},"wordCount":1096,"publisher":{"@id":"https:\/\/www.meydan.tv\/az\/#organization"},"image":{"@id":"https:\/\/www.meydan.tv\/az\/article\/vasif-ve-meherrem-talibovlarin-elimizden-aldigi-emlakin-geri-qaytarilmasini-isteyirem\/#primaryimage"},"thumbnailUrl":"https:\/\/www.meydan.tv\/wp-content\/uploads\/32635755_1086267394846157_5771493532430761984_n.jpg","articleSection":["B\u00f6lg\u0259","T\u00f6vsiy\u0259","X\u0259b\u0259rl\u0259r"],"inLanguage":"az"},{"@type":"WebPage","@id":"https:\/\/www.meydan.tv\/az\/article\/vasif-ve-meherrem-talibovlarin-elimizden-aldigi-emlakin-geri-qaytarilmasini-isteyirem\/","url":"https:\/\/www.meydan.tv\/az\/article\/vasif-ve-meherrem-talibovlarin-elimizden-aldigi-emlakin-geri-qaytarilmasini-isteyirem\/","name":"\u201cVasif v\u0259 M\u0259h\u0259rr\u0259m Tal\u0131bovlar\u0131n \u0259limizd\u0259n ald\u0131\u011f\u0131 \u0259mlak\u0131n geri qaytar\u0131lmas\u0131n\u0131 ist\u0259yir\u0259m\u201d - MEYDAN.TV","isPartOf":{"@id":"https:\/\/www.meydan.tv\/az\/#website"},"primaryImageOfPage":{"@id":"https:\/\/www.meydan.tv\/az\/article\/vasif-ve-meherrem-talibovlarin-elimizden-aldigi-emlakin-geri-qaytarilmasini-isteyirem\/#primaryimage"},"image":{"@id":"https:\/\/www.meydan.tv\/az\/article\/vasif-ve-meherrem-talibovlarin-elimizden-aldigi-emlakin-geri-qaytarilmasini-isteyirem\/#primaryimage"},"thumbnailUrl":"https:\/\/www.meydan.tv\/wp-content\/uploads\/32635755_1086267394846157_5771493532430761984_n.jpg","datePublished":"2022-12-28T10:24:16+00:00","dateModified":"2022-12-28T10:24:18+00:00","breadcrumb":{"@id":"https:\/\/www.meydan.tv\/az\/article\/vasif-ve-meherrem-talibovlarin-elimizden-aldigi-emlakin-geri-qaytarilmasini-isteyirem\/#breadcrumb"},"inLanguage":"az","potentialAction":[{"@type":"ReadAction","target":["https:\/\/www.meydan.tv\/az\/article\/vasif-ve-meherrem-talibovlarin-elimizden-aldigi-emlakin-geri-qaytarilmasini-isteyirem\/"]}]},{"@type":"ImageObject","inLanguage":"az","@id":"https:\/\/www.meydan.tv\/az\/article\/vasif-ve-meherrem-talibovlarin-elimizden-aldigi-emlakin-geri-qaytarilmasini-isteyirem\/#primaryimage","url":"https:\/\/www.meydan.tv\/wp-content\/uploads\/32635755_1086267394846157_5771493532430761984_n.jpg","contentUrl":"https:\/\/www.meydan.tv\/wp-content\/uploads\/32635755_1086267394846157_5771493532430761984_n.jpg","width":1440,"height":960,"caption":"M\u0259nb\u0259: Nax\u00e7\u0131van Turizm \u0130nformasiya M\u0259rk\u0259zinin \"Facebook\" s\u0259hif\u0259si"},{"@type":"BreadcrumbList","@id":"https:\/\/www.meydan.tv\/az\/article\/vasif-ve-meherrem-talibovlarin-elimizden-aldigi-emlakin-geri-qaytarilmasini-isteyirem\/#breadcrumb","itemListElement":[{"@type":"ListItem","position":1,"name":"Ana s\u0259hif\u0259","item":"https:\/\/www.meydan.tv\/az\/"},{"@type":"ListItem","position":2,"name":"B\u00f6lg\u0259","item":"https:\/\/www.meydan.tv\/az\/section\/bolge\/"},{"@type":"ListItem","position":3,"name":"\u201cVasif v\u0259 M\u0259h\u0259rr\u0259m Tal\u0131bovlar\u0131n \u0259limizd\u0259n ald\u0131\u011f\u0131 \u0259mlak\u0131n geri qaytar\u0131lmas\u0131n\u0131 ist\u0259yir\u0259m\u201d"}]},{"@type":"WebSite","@id":"https:\/\/www.meydan.tv\/az\/#website","url":"https:\/\/www.meydan.tv\/az\/","name":"MEYDAN.TV","description":"Meydan TV Az\u0259rbaycan\u0131n media m\u0259kan\u0131ndak\u0131 alternativ s\u0259sidir","publisher":{"@id":"https:\/\/www.meydan.tv\/az\/#organization"},"potentialAction":[{"@type":"SearchAction","target":{"@type":"EntryPoint","urlTemplate":"https:\/\/www.meydan.tv\/az\/?s={search_term_string}"},"query-input":{"@type":"PropertyValueSpecification","valueRequired":true,"valueName":"search_term_string"}}],"inLanguage":"az"},{"@type":"Organization","@id":"https:\/\/www.meydan.tv\/az\/#organization","name":"Meydan TV","url":"https:\/\/www.meydan.tv\/az\/","logo":{"@type":"ImageObject","inLanguage":"az","@id":"https:\/\/www.meydan.tv\/az\/#\/schema\/logo\/image\/","url":"https:\/\/www.meydan.tv\/wp-content\/uploads\/2021\/07\/meydan-logo.svg","contentUrl":"https:\/\/www.meydan.tv\/wp-content\/uploads\/2021\/07\/meydan-logo.svg","width":195,"height":46,"caption":"Meydan TV"},"image":{"@id":"https:\/\/www.meydan.tv\/az\/#\/schema\/logo\/image\/"}},{"@type":"Person","@id":"https:\/\/www.meydan.tv\/az\/#\/schema\/person\/9cdbecf90d17180ce1dfbd95b08dcf47","name":"elli","sameAs":["https:\/\/x.com\/elli"]}]}},"_links":{"self":[{"href":"https:\/\/www.meydan.tv\/az\/wp-json\/wp\/v2\/posts\/264654","targetHints":{"allow":["GET"]}}],"collection":[{"href":"https:\/\/www.meydan.tv\/az\/wp-json\/wp\/v2\/posts"}],"about":[{"href":"https:\/\/www.meydan.tv\/az\/wp-json\/wp\/v2\/types\/post"}],"author":[{"embeddable":true,"href":"https:\/\/www.meydan.tv\/az\/wp-json\/wp\/v2\/users\/8"}],"replies":[{"embeddable":true,"href":"https:\/\/www.meydan.tv\/az\/wp-json\/wp\/v2\/comments?post=264654"}],"version-history":[{"count":1,"href":"https:\/\/www.meydan.tv\/az\/wp-json\/wp\/v2\/posts\/264654\/revisions"}],"predecessor-version":[{"id":264661,"href":"https:\/\/www.meydan.tv\/az\/wp-json\/wp\/v2\/posts\/264654\/revisions\/264661"}],"wp:featuredmedia":[{"embeddable":true,"href":"https:\/\/www.meydan.tv\/az\/wp-json\/wp\/v2\/media\/264655"}],"wp:attachment":[{"href":"https:\/\/www.meydan.tv\/az\/wp-json\/wp\/v2\/media?parent=264654"}],"wp:term":[{"taxonomy":"category","embeddable":true,"href":"https:\/\/www.meydan.tv\/az\/wp-json\/wp\/v2\/categories?post=264654"},{"taxonomy":"post_tag","embeddable":true,"href":"https:\/\/www.meydan.tv\/az\/wp-json\/wp\/v2\/tags?post=264654"}],"curies":[{"name":"wp","href":"https:\/\/api.w.org\/{rel}","templated":true}]}}