{"id":264635,"date":"2022-12-28T13:28:35","date_gmt":"2022-12-28T09:28:35","guid":{"rendered":"https:\/\/www.meydan.tv\/?p=264635"},"modified":"2022-12-28T13:28:40","modified_gmt":"2022-12-28T09:28:40","slug":"tovuzda-aqronom-ixtisasli-kadrlarin-basqa-sahenin-adamlari-ile-evez-edildiyini-deyir","status":"publish","type":"post","link":"https:\/\/www.meydan.tv\/az\/article\/tovuzda-aqronom-ixtisasli-kadrlarin-basqa-sahenin-adamlari-ile-evez-edildiyini-deyir\/","title":{"rendered":"Tovuzda: Aqronom ixtisasl\u0131 kadrlar\u0131n ba\u015fqa sah\u0259nin adamlar\u0131 il\u0259 \u0259v\u0259z edildiyini deyir"},"content":{"rendered":"\n<p><\/p>\n\n\n\n<p><em>\u015e\u0259hid anas\u0131 himay\u0259sind\u0259 ya\u015fad\u0131\u011f\u0131 o\u011flunun i\u015fd\u0259n \u00e7\u0131xar\u0131lmas\u0131ndan naraz\u0131d\u0131r<\/em><br><\/p>\n\n\n\n<p>\u201cBir \u00f6vlad\u0131m \u015f\u0259hid olub, dig\u0259ri qazidir. O\u011flum Nam\u0259ddin H\u0259s\u0259novun himay\u0259sind\u0259y\u0259m, onu da \u00e7al\u0131\u015fd\u0131\u011f\u0131 v\u0259zif\u0259sind\u0259n azad edibl\u0259r, aylard\u0131r i\u015fsizdir\u201d.<\/p>\n\n\n\n<p>Bunu Meydan TV-y\u0259 Tovuz rayonu, Vahidli k\u0259nd sakini Ceyran H\u0259s\u0259nova bildirib. Onun o\u011flu \u015eahm\u0259ddin H\u0259s\u0259nov Qaraba\u011fda ged\u0259n d\u00f6y\u00fc\u015fl\u0259rd\u0259 h\u0259lak olub.<\/p>\n\n\n\n<p>Ceyran H\u0259s\u0259novan\u0131n s\u00f6zl\u0259rin\u0259 g\u00f6r\u0259, o\u011flu Nam\u0259ddin alim-aqronomdur, \u00f6z sah\u0259sini m\u00fck\u0259mm\u0259l bilir. Amma i\u015fd\u0259n \u00e7\u0131xar\u0131l\u0131b v\u0259 \u00f6z sah\u0259si \u00fczr\u0259 i\u015fl\u0259 t\u0259min edilmir.<\/p>\n\n\n<div class=\"wp-block-image\">\n<figure class=\"aligncenter size-full\"><img decoding=\"async\" width=\"1200\" height=\"800\" data-src=\"https:\/\/www.meydan.tv\/wp-content\/uploads\/untitled-design-1-49.jpg\" alt=\"\" class=\"wp-image-264626 lazyload\" src=\"data:image\/svg+xml;base64,PHN2ZyB3aWR0aD0iMSIgaGVpZ2h0PSIxIiB4bWxucz0iaHR0cDovL3d3dy53My5vcmcvMjAwMC9zdmciPjwvc3ZnPg==\" style=\"--smush-placeholder-width: 1200px; --smush-placeholder-aspect-ratio: 1200\/800;\" \/><figcaption class=\"wp-element-caption\">Ceyran H\u0259s\u0259nova. Fotolar: Meydan TV<\/figcaption><\/figure>\n<\/div>\n\n\n<p>Nam\u0259ddin H\u0259s\u0259nov is\u0259 deyib ki, k\u0259nd t\u0259s\u0259rr\u00fcfat\u0131 sah\u0259sind\u0259 ixtisasl\u0131 kadrlar i\u015fd\u0259n \u00e7\u0131xar\u0131l\u0131r, \u0259v\u0259zind\u0259 tap\u015f\u0131r\u0131qla i\u015f\u00e7i g\u00f6t\u00fcr\u00fcl\u00fcr: <\/p>\n\n\n\n<p>\u201cHam\u0131 il\u0259 m\u00fcv\u0259qq\u0259ti, 3 ayl\u0131q \u0259m\u0259k m\u00fcqavil\u0259si ba\u011flan\u0131l\u0131r. Sonra da m\u00fcqavil\u0259nin m\u00fcdd\u0259tini uzatm\u0131rlar, bel\u0259likl\u0259, i\u015fd\u0259n \u00e7\u0131xar\u0131lma \u00fc\u00e7\u00fcn \u0259ll\u0259rind\u0259 b\u0259han\u0259 olur. Halbuki, Nazirl\u0259r Kabinetinin q\u0259rar\u0131na \u0259sas\u0259n \u015f\u0259hid ail\u0259si i\u015fd\u0259n \u00e7\u0131xar\u0131lmamal\u0131d\u0131r. Anam, \u00fc\u00e7 azya\u015fl\u0131 \u00f6vlad\u0131m m\u0259nim himay\u0259md\u0259dir, ail\u0259mi doland\u0131rmaq \u00fc\u00e7\u00fcn i\u015f tapa bilmir\u0259m\u201d.<\/p>\n\n\n\n<p>\u015eikay\u0259t\u00e7i bildirib ki, ixtisasl\u0131 kadrlar\u0131 h\u00fcquq\u015f\u00fcnas, region\u015f\u00fcnas, politoloq, neft\u00e7i, yaxud m\u00fc\u0259lliml\u0259r \u0259v\u0259z edir.<\/p>\n\n\n\n<figure class=\"wp-block-image size-large\"><img decoding=\"async\" width=\"1098\" height=\"821\" data-src=\"https:\/\/www.meydan.tv\/wp-content\/uploads\/f36f444b-de67-4137-8ba9-63e3083c495c-1098x821.jpg\" alt=\"\" class=\"wp-image-264629 lazyload\" src=\"data:image\/svg+xml;base64,PHN2ZyB3aWR0aD0iMSIgaGVpZ2h0PSIxIiB4bWxucz0iaHR0cDovL3d3dy53My5vcmcvMjAwMC9zdmciPjwvc3ZnPg==\" style=\"--smush-placeholder-width: 1098px; --smush-placeholder-aspect-ratio: 1098\/821;\" \/><\/figure>\n\n\n\n<p>\u201cSon 13 ildir nazirliyin Aqrar Xidm\u0259tl\u0259r Agentliyinin Laboratoriya, Ekspertiza v\u0259 Sertifikatla\u015fma M\u0259rk\u0259zinin Tovuz rayonunda f\u0259aliyy\u0259t g\u00f6st\u0259r\u0259n qurumunda \u00e7al\u0131\u015fm\u0131\u015fam. H\u0259min quruma respublika \u00fczr\u0259 r\u0259hb\u0259rlik ed\u0259n R\u0259\u015fad Vahabzad\u0259 ixtisas\u0131 neft m\u00fch\u0259ndisidir. K\u0259nd T\u0259s\u0259rr\u00fcfat\u0131 Nazirliyinin \u0259m\u0259kda\u015flar\u0131na d\u0259rs ke\u00e7mi\u015f\u0259m. Erm\u0259nistanla s\u0259rh\u0259d k\u0259ndd\u0259 ya\u015fay\u0131ram, m\u00fcharib\u0259d\u0259 evimiz\u0259 ciddi ziyan d\u0259yib, amma d\u00f6vl\u0259td\u0259n yard\u0131m ist\u0259m\u0259mi\u015f\u0259m, &#8211; alim deyib.<\/p>\n\n\n\n<p>\u015eikay\u0259t\u00e7i \u0259lav\u0259 edib ki, nazirliy\u0259 etdiyi m\u00fcraci\u0259tl\u0259r\u0259 bax\u0131lm\u0131r. Onunla \u0259m\u0259k m\u00fcqavil\u0259sinin hans\u0131 s\u0259b\u0259bd\u0259n uzad\u0131lmad\u0131\u011f\u0131n\u0131 \u00f6yr\u0259n\u0259 bilmir:<\/p>\n\n\n\n<p>&#8220;M\u0259tbuata \u015fikay\u0259t etdiyimi bil\u0259n kimi qurumdan m\u0259n\u0259 z\u0259ng vurub t\u0259hqir etdil\u0259r. Bununla ba\u011fl\u0131 s\u0259s yaz\u0131s\u0131 da var&#8221;.<\/p>\n\n\n<div class=\"wp-block-image\">\n<figure class=\"aligncenter size-large\"><img decoding=\"async\" width=\"614\" height=\"821\" data-src=\"https:\/\/www.meydan.tv\/wp-content\/uploads\/79caee8c-30c2-4637-9431-bd18a16ac7e8-614x821.jpg\" alt=\"\" class=\"wp-image-264632 lazyload\" src=\"data:image\/svg+xml;base64,PHN2ZyB3aWR0aD0iMSIgaGVpZ2h0PSIxIiB4bWxucz0iaHR0cDovL3d3dy53My5vcmcvMjAwMC9zdmciPjwvc3ZnPg==\" style=\"--smush-placeholder-width: 614px; --smush-placeholder-aspect-ratio: 614\/821;\" \/><\/figure>\n<\/div>\n\n\n<p>Tovuz rayon Aqrar \u0130ni\u015faf M\u0259rk\u0259zind\u0259n \u015fikay\u0259tl\u0259 ba\u011fl\u0131 dan\u0131\u015fmaq ist\u0259m\u0259yibl\u0259r. K\u0259nd T\u0259s\u0259rr\u00fcfat\u0131 Nazirliyinin m\u0259tbuat xidm\u0259tind\u0259n Meydan TV-y\u0259 bildirilib ki, Nam\u0259ddin H\u0259s\u0259nov hans\u0131 s\u0259b\u0259bd\u0259n i\u015fd\u0259n \u00e7\u0131xar\u0131ld\u0131\u011f\u0131n\u0131 bilir:<\/p>\n\n\n\n<p>\u201cV\u0259t\u0259nda\u015f ixtisara d\u00fc\u015f\u00fcb. Aqrar Xidm\u0259tl\u0259r Agentliyi t\u0259r\u0259find\u0259n v\u0259t\u0259nda\u015fa Ekspertiza v\u0259 Sertifikatla\u015fd\u0131rma M\u0259rk\u0259zinin Tovuz Regional M\u0259rk\u0259zinin Toxum analizl\u0259ri \u015f\u00f6b\u0259sinin ba\u015f aqronomu v\u0259zif\u0259si t\u0259klif olunub. V\u0259t\u0259nda\u015f bu v\u0259zif\u0259ni tutmaqdan imtina edib. \u0130\u015fl\u0259 t\u0259min olunmaq t\u0259klifi yaz\u0131l\u0131 v\u0259 \u015fifahi \u015f\u0259kild\u0259 bir ne\u00e7\u0259 d\u0259f\u0259 v\u0259t\u0259nda\u015fa g\u00f6nd\u0259rilib\u201d.<\/p>\n","protected":false},"excerpt":{"rendered":"<p>\u015e\u0259hid anas\u0131 himay\u0259sind\u0259 ya\u015fad\u0131\u011f\u0131 o\u011flunun i\u015fd\u0259n \u00e7\u0131xar\u0131lmas\u0131ndan naraz\u0131d\u0131r \u201cBir \u00f6vlad\u0131m &#8230; <\/p>\n<p class=\"read-more-container\"><a title=\"Tovuzda: Aqronom ixtisasl\u0131 kadrlar\u0131n ba\u015fqa sah\u0259nin adamlar\u0131 il\u0259 \u0259v\u0259z edildiyini deyir\" class=\"read-more button\" href=\"https:\/\/www.meydan.tv\/az\/article\/tovuzda-aqronom-ixtisasli-kadrlarin-basqa-sahenin-adamlari-ile-evez-edildiyini-deyir\/#more-264635\" aria-label=\"Read more about Tovuzda: Aqronom ixtisasl\u0131 kadrlar\u0131n ba\u015fqa sah\u0259nin adamlar\u0131 il\u0259 \u0259v\u0259z edildiyini deyir\">Davam\u0131<\/a><\/p>\n","protected":false},"author":8,"featured_media":264636,"comment_status":"closed","ping_status":"closed","sticky":false,"template":"","format":"standard","meta":{"_acf_changed":false,"_sitemap_exclude":false,"_sitemap_priority":"","_sitemap_frequency":"","footnotes":""},"categories":[60,56],"tags":[],"class_list":["post-264635","post","type-post","status-publish","format-standard","has-post-thumbnail","hentry","category-bolge","category-xeberler","infinite-scroll-item","generate-columns","tablet-grid-50","mobile-grid-100","grid-parent","grid-33","no-featured-image-padding"],"acf":[],"yoast_head":"<!-- This site is optimized with the Yoast SEO plugin v27.5 - https:\/\/yoast.com\/product\/yoast-seo-wordpress\/ -->\n<title>Tovuzda: Aqronom ixtisasl\u0131 kadrlar\u0131n ba\u015fqa sah\u0259nin adamlar\u0131 il\u0259 \u0259v\u0259z edildiyini deyir - MEYDAN.TV<\/title>\n<meta name=\"robots\" content=\"index, follow, max-snippet:-1, max-image-preview:large, max-video-preview:-1\" \/>\n<link rel=\"canonical\" href=\"https:\/\/www.meydan.tv\/az\/article\/tovuzda-aqronom-ixtisasli-kadrlarin-basqa-sahenin-adamlari-ile-evez-edildiyini-deyir\/\" \/>\n<meta property=\"og:locale\" content=\"az_AZ\" \/>\n<meta property=\"og:type\" content=\"article\" \/>\n<meta property=\"og:title\" content=\"Tovuzda: Aqronom ixtisasl\u0131 kadrlar\u0131n ba\u015fqa sah\u0259nin adamlar\u0131 il\u0259 \u0259v\u0259z edildiyini deyir - MEYDAN.TV\" \/>\n<meta property=\"og:description\" content=\"\u015e\u0259hid anas\u0131 himay\u0259sind\u0259 ya\u015fad\u0131\u011f\u0131 o\u011flunun i\u015fd\u0259n \u00e7\u0131xar\u0131lmas\u0131ndan naraz\u0131d\u0131r \u201cBir \u00f6vlad\u0131m ... Davam\u0131\" \/>\n<meta property=\"og:url\" content=\"https:\/\/www.meydan.tv\/az\/article\/tovuzda-aqronom-ixtisasli-kadrlarin-basqa-sahenin-adamlari-ile-evez-edildiyini-deyir\/\" \/>\n<meta property=\"og:site_name\" content=\"MEYDAN.TV\" \/>\n<meta property=\"article:published_time\" content=\"2022-12-28T09:28:35+00:00\" \/>\n<meta property=\"article:modified_time\" content=\"2022-12-28T09:28:40+00:00\" \/>\n<meta property=\"og:image\" content=\"https:\/\/www.meydan.tv\/wp-content\/uploads\/tovuz-rayonu-e1672219695405.jpg\" \/>\n\t<meta property=\"og:image:width\" content=\"1200\" \/>\n\t<meta property=\"og:image:height\" content=\"468\" \/>\n\t<meta property=\"og:image:type\" content=\"image\/jpeg\" \/>\n<meta name=\"author\" content=\"elli\" \/>\n<meta name=\"twitter:card\" content=\"summary_large_image\" \/>\n<meta name=\"twitter:creator\" content=\"@elli\" \/>\n<script type=\"application\/ld+json\" class=\"yoast-schema-graph\">{\"@context\":\"https:\\\/\\\/schema.org\",\"@graph\":[{\"@type\":\"Article\",\"@id\":\"https:\\\/\\\/www.meydan.tv\\\/az\\\/article\\\/tovuzda-aqronom-ixtisasli-kadrlarin-basqa-sahenin-adamlari-ile-evez-edildiyini-deyir\\\/#article\",\"isPartOf\":{\"@id\":\"https:\\\/\\\/www.meydan.tv\\\/az\\\/article\\\/tovuzda-aqronom-ixtisasli-kadrlarin-basqa-sahenin-adamlari-ile-evez-edildiyini-deyir\\\/\"},\"author\":{\"name\":\"elli\",\"@id\":\"https:\\\/\\\/www.meydan.tv\\\/az\\\/#\\\/schema\\\/person\\\/9cdbecf90d17180ce1dfbd95b08dcf47\"},\"headline\":\"Tovuzda: Aqronom ixtisasl\u0131 kadrlar\u0131n ba\u015fqa sah\u0259nin adamlar\u0131 il\u0259 \u0259v\u0259z edildiyini deyir\",\"datePublished\":\"2022-12-28T09:28:35+00:00\",\"dateModified\":\"2022-12-28T09:28:40+00:00\",\"mainEntityOfPage\":{\"@id\":\"https:\\\/\\\/www.meydan.tv\\\/az\\\/article\\\/tovuzda-aqronom-ixtisasli-kadrlarin-basqa-sahenin-adamlari-ile-evez-edildiyini-deyir\\\/\"},\"wordCount\":565,\"publisher\":{\"@id\":\"https:\\\/\\\/www.meydan.tv\\\/az\\\/#organization\"},\"image\":{\"@id\":\"https:\\\/\\\/www.meydan.tv\\\/az\\\/article\\\/tovuzda-aqronom-ixtisasli-kadrlarin-basqa-sahenin-adamlari-ile-evez-edildiyini-deyir\\\/#primaryimage\"},\"thumbnailUrl\":\"https:\\\/\\\/www.meydan.tv\\\/wp-content\\\/uploads\\\/tovuz-rayonu-e1672219695405.jpg\",\"articleSection\":[\"B\u00f6lg\u0259\",\"X\u0259b\u0259rl\u0259r\"],\"inLanguage\":\"az\"},{\"@type\":\"WebPage\",\"@id\":\"https:\\\/\\\/www.meydan.tv\\\/az\\\/article\\\/tovuzda-aqronom-ixtisasli-kadrlarin-basqa-sahenin-adamlari-ile-evez-edildiyini-deyir\\\/\",\"url\":\"https:\\\/\\\/www.meydan.tv\\\/az\\\/article\\\/tovuzda-aqronom-ixtisasli-kadrlarin-basqa-sahenin-adamlari-ile-evez-edildiyini-deyir\\\/\",\"name\":\"Tovuzda: Aqronom ixtisasl\u0131 kadrlar\u0131n ba\u015fqa sah\u0259nin adamlar\u0131 il\u0259 \u0259v\u0259z edildiyini deyir - MEYDAN.TV\",\"isPartOf\":{\"@id\":\"https:\\\/\\\/www.meydan.tv\\\/az\\\/#website\"},\"primaryImageOfPage\":{\"@id\":\"https:\\\/\\\/www.meydan.tv\\\/az\\\/article\\\/tovuzda-aqronom-ixtisasli-kadrlarin-basqa-sahenin-adamlari-ile-evez-edildiyini-deyir\\\/#primaryimage\"},\"image\":{\"@id\":\"https:\\\/\\\/www.meydan.tv\\\/az\\\/article\\\/tovuzda-aqronom-ixtisasli-kadrlarin-basqa-sahenin-adamlari-ile-evez-edildiyini-deyir\\\/#primaryimage\"},\"thumbnailUrl\":\"https:\\\/\\\/www.meydan.tv\\\/wp-content\\\/uploads\\\/tovuz-rayonu-e1672219695405.jpg\",\"datePublished\":\"2022-12-28T09:28:35+00:00\",\"dateModified\":\"2022-12-28T09:28:40+00:00\",\"breadcrumb\":{\"@id\":\"https:\\\/\\\/www.meydan.tv\\\/az\\\/article\\\/tovuzda-aqronom-ixtisasli-kadrlarin-basqa-sahenin-adamlari-ile-evez-edildiyini-deyir\\\/#breadcrumb\"},\"inLanguage\":\"az\",\"potentialAction\":[{\"@type\":\"ReadAction\",\"target\":[\"https:\\\/\\\/www.meydan.tv\\\/az\\\/article\\\/tovuzda-aqronom-ixtisasli-kadrlarin-basqa-sahenin-adamlari-ile-evez-edildiyini-deyir\\\/\"]}]},{\"@type\":\"ImageObject\",\"inLanguage\":\"az\",\"@id\":\"https:\\\/\\\/www.meydan.tv\\\/az\\\/article\\\/tovuzda-aqronom-ixtisasli-kadrlarin-basqa-sahenin-adamlari-ile-evez-edildiyini-deyir\\\/#primaryimage\",\"url\":\"https:\\\/\\\/www.meydan.tv\\\/wp-content\\\/uploads\\\/tovuz-rayonu-e1672219695405.jpg\",\"contentUrl\":\"https:\\\/\\\/www.meydan.tv\\\/wp-content\\\/uploads\\\/tovuz-rayonu-e1672219695405.jpg\",\"width\":1200,\"height\":468,\"caption\":\"Tovuz rayonu. Foto: \\\"mektebgushesi.az\\\"\"},{\"@type\":\"BreadcrumbList\",\"@id\":\"https:\\\/\\\/www.meydan.tv\\\/az\\\/article\\\/tovuzda-aqronom-ixtisasli-kadrlarin-basqa-sahenin-adamlari-ile-evez-edildiyini-deyir\\\/#breadcrumb\",\"itemListElement\":[{\"@type\":\"ListItem\",\"position\":1,\"name\":\"Ana s\u0259hif\u0259\",\"item\":\"https:\\\/\\\/www.meydan.tv\\\/az\\\/\"},{\"@type\":\"ListItem\",\"position\":2,\"name\":\"B\u00f6lg\u0259\",\"item\":\"https:\\\/\\\/www.meydan.tv\\\/az\\\/section\\\/bolge\\\/\"},{\"@type\":\"ListItem\",\"position\":3,\"name\":\"Tovuzda: Aqronom ixtisasl\u0131 kadrlar\u0131n ba\u015fqa sah\u0259nin adamlar\u0131 il\u0259 \u0259v\u0259z edildiyini deyir\"}]},{\"@type\":\"WebSite\",\"@id\":\"https:\\\/\\\/www.meydan.tv\\\/az\\\/#website\",\"url\":\"https:\\\/\\\/www.meydan.tv\\\/az\\\/\",\"name\":\"MEYDAN.TV\",\"description\":\"Meydan TV Az\u0259rbaycan\u0131n media m\u0259kan\u0131ndak\u0131 alternativ s\u0259sidir\",\"publisher\":{\"@id\":\"https:\\\/\\\/www.meydan.tv\\\/az\\\/#organization\"},\"potentialAction\":[{\"@type\":\"SearchAction\",\"target\":{\"@type\":\"EntryPoint\",\"urlTemplate\":\"https:\\\/\\\/www.meydan.tv\\\/az\\\/?s={search_term_string}\"},\"query-input\":{\"@type\":\"PropertyValueSpecification\",\"valueRequired\":true,\"valueName\":\"search_term_string\"}}],\"inLanguage\":\"az\"},{\"@type\":\"Organization\",\"@id\":\"https:\\\/\\\/www.meydan.tv\\\/az\\\/#organization\",\"name\":\"Meydan TV\",\"url\":\"https:\\\/\\\/www.meydan.tv\\\/az\\\/\",\"logo\":{\"@type\":\"ImageObject\",\"inLanguage\":\"az\",\"@id\":\"https:\\\/\\\/www.meydan.tv\\\/az\\\/#\\\/schema\\\/logo\\\/image\\\/\",\"url\":\"https:\\\/\\\/www.meydan.tv\\\/wp-content\\\/uploads\\\/2021\\\/07\\\/meydan-logo.svg\",\"contentUrl\":\"https:\\\/\\\/www.meydan.tv\\\/wp-content\\\/uploads\\\/2021\\\/07\\\/meydan-logo.svg\",\"width\":195,\"height\":46,\"caption\":\"Meydan TV\"},\"image\":{\"@id\":\"https:\\\/\\\/www.meydan.tv\\\/az\\\/#\\\/schema\\\/logo\\\/image\\\/\"}},{\"@type\":\"Person\",\"@id\":\"https:\\\/\\\/www.meydan.tv\\\/az\\\/#\\\/schema\\\/person\\\/9cdbecf90d17180ce1dfbd95b08dcf47\",\"name\":\"elli\",\"sameAs\":[\"https:\\\/\\\/x.com\\\/elli\"]}]}<\/script>\n<!-- \/ Yoast SEO plugin. -->","yoast_head_json":{"title":"Tovuzda: Aqronom ixtisasl\u0131 kadrlar\u0131n ba\u015fqa sah\u0259nin adamlar\u0131 il\u0259 \u0259v\u0259z edildiyini deyir - MEYDAN.TV","robots":{"index":"index","follow":"follow","max-snippet":"max-snippet:-1","max-image-preview":"max-image-preview:large","max-video-preview":"max-video-preview:-1"},"canonical":"https:\/\/www.meydan.tv\/az\/article\/tovuzda-aqronom-ixtisasli-kadrlarin-basqa-sahenin-adamlari-ile-evez-edildiyini-deyir\/","og_locale":"az_AZ","og_type":"article","og_title":"Tovuzda: Aqronom ixtisasl\u0131 kadrlar\u0131n ba\u015fqa sah\u0259nin adamlar\u0131 il\u0259 \u0259v\u0259z edildiyini deyir - MEYDAN.TV","og_description":"\u015e\u0259hid anas\u0131 himay\u0259sind\u0259 ya\u015fad\u0131\u011f\u0131 o\u011flunun i\u015fd\u0259n \u00e7\u0131xar\u0131lmas\u0131ndan naraz\u0131d\u0131r \u201cBir \u00f6vlad\u0131m ... Davam\u0131","og_url":"https:\/\/www.meydan.tv\/az\/article\/tovuzda-aqronom-ixtisasli-kadrlarin-basqa-sahenin-adamlari-ile-evez-edildiyini-deyir\/","og_site_name":"MEYDAN.TV","article_published_time":"2022-12-28T09:28:35+00:00","article_modified_time":"2022-12-28T09:28:40+00:00","og_image":[{"width":1200,"height":468,"url":"https:\/\/www.meydan.tv\/wp-content\/uploads\/tovuz-rayonu-e1672219695405.jpg","type":"image\/jpeg"}],"author":"elli","twitter_card":"summary_large_image","twitter_creator":"@elli","schema":{"@context":"https:\/\/schema.org","@graph":[{"@type":"Article","@id":"https:\/\/www.meydan.tv\/az\/article\/tovuzda-aqronom-ixtisasli-kadrlarin-basqa-sahenin-adamlari-ile-evez-edildiyini-deyir\/#article","isPartOf":{"@id":"https:\/\/www.meydan.tv\/az\/article\/tovuzda-aqronom-ixtisasli-kadrlarin-basqa-sahenin-adamlari-ile-evez-edildiyini-deyir\/"},"author":{"name":"elli","@id":"https:\/\/www.meydan.tv\/az\/#\/schema\/person\/9cdbecf90d17180ce1dfbd95b08dcf47"},"headline":"Tovuzda: Aqronom ixtisasl\u0131 kadrlar\u0131n ba\u015fqa sah\u0259nin adamlar\u0131 il\u0259 \u0259v\u0259z edildiyini deyir","datePublished":"2022-12-28T09:28:35+00:00","dateModified":"2022-12-28T09:28:40+00:00","mainEntityOfPage":{"@id":"https:\/\/www.meydan.tv\/az\/article\/tovuzda-aqronom-ixtisasli-kadrlarin-basqa-sahenin-adamlari-ile-evez-edildiyini-deyir\/"},"wordCount":565,"publisher":{"@id":"https:\/\/www.meydan.tv\/az\/#organization"},"image":{"@id":"https:\/\/www.meydan.tv\/az\/article\/tovuzda-aqronom-ixtisasli-kadrlarin-basqa-sahenin-adamlari-ile-evez-edildiyini-deyir\/#primaryimage"},"thumbnailUrl":"https:\/\/www.meydan.tv\/wp-content\/uploads\/tovuz-rayonu-e1672219695405.jpg","articleSection":["B\u00f6lg\u0259","X\u0259b\u0259rl\u0259r"],"inLanguage":"az"},{"@type":"WebPage","@id":"https:\/\/www.meydan.tv\/az\/article\/tovuzda-aqronom-ixtisasli-kadrlarin-basqa-sahenin-adamlari-ile-evez-edildiyini-deyir\/","url":"https:\/\/www.meydan.tv\/az\/article\/tovuzda-aqronom-ixtisasli-kadrlarin-basqa-sahenin-adamlari-ile-evez-edildiyini-deyir\/","name":"Tovuzda: Aqronom ixtisasl\u0131 kadrlar\u0131n ba\u015fqa sah\u0259nin adamlar\u0131 il\u0259 \u0259v\u0259z edildiyini deyir - MEYDAN.TV","isPartOf":{"@id":"https:\/\/www.meydan.tv\/az\/#website"},"primaryImageOfPage":{"@id":"https:\/\/www.meydan.tv\/az\/article\/tovuzda-aqronom-ixtisasli-kadrlarin-basqa-sahenin-adamlari-ile-evez-edildiyini-deyir\/#primaryimage"},"image":{"@id":"https:\/\/www.meydan.tv\/az\/article\/tovuzda-aqronom-ixtisasli-kadrlarin-basqa-sahenin-adamlari-ile-evez-edildiyini-deyir\/#primaryimage"},"thumbnailUrl":"https:\/\/www.meydan.tv\/wp-content\/uploads\/tovuz-rayonu-e1672219695405.jpg","datePublished":"2022-12-28T09:28:35+00:00","dateModified":"2022-12-28T09:28:40+00:00","breadcrumb":{"@id":"https:\/\/www.meydan.tv\/az\/article\/tovuzda-aqronom-ixtisasli-kadrlarin-basqa-sahenin-adamlari-ile-evez-edildiyini-deyir\/#breadcrumb"},"inLanguage":"az","potentialAction":[{"@type":"ReadAction","target":["https:\/\/www.meydan.tv\/az\/article\/tovuzda-aqronom-ixtisasli-kadrlarin-basqa-sahenin-adamlari-ile-evez-edildiyini-deyir\/"]}]},{"@type":"ImageObject","inLanguage":"az","@id":"https:\/\/www.meydan.tv\/az\/article\/tovuzda-aqronom-ixtisasli-kadrlarin-basqa-sahenin-adamlari-ile-evez-edildiyini-deyir\/#primaryimage","url":"https:\/\/www.meydan.tv\/wp-content\/uploads\/tovuz-rayonu-e1672219695405.jpg","contentUrl":"https:\/\/www.meydan.tv\/wp-content\/uploads\/tovuz-rayonu-e1672219695405.jpg","width":1200,"height":468,"caption":"Tovuz rayonu. Foto: \"mektebgushesi.az\""},{"@type":"BreadcrumbList","@id":"https:\/\/www.meydan.tv\/az\/article\/tovuzda-aqronom-ixtisasli-kadrlarin-basqa-sahenin-adamlari-ile-evez-edildiyini-deyir\/#breadcrumb","itemListElement":[{"@type":"ListItem","position":1,"name":"Ana s\u0259hif\u0259","item":"https:\/\/www.meydan.tv\/az\/"},{"@type":"ListItem","position":2,"name":"B\u00f6lg\u0259","item":"https:\/\/www.meydan.tv\/az\/section\/bolge\/"},{"@type":"ListItem","position":3,"name":"Tovuzda: Aqronom ixtisasl\u0131 kadrlar\u0131n ba\u015fqa sah\u0259nin adamlar\u0131 il\u0259 \u0259v\u0259z edildiyini deyir"}]},{"@type":"WebSite","@id":"https:\/\/www.meydan.tv\/az\/#website","url":"https:\/\/www.meydan.tv\/az\/","name":"MEYDAN.TV","description":"Meydan TV Az\u0259rbaycan\u0131n media m\u0259kan\u0131ndak\u0131 alternativ s\u0259sidir","publisher":{"@id":"https:\/\/www.meydan.tv\/az\/#organization"},"potentialAction":[{"@type":"SearchAction","target":{"@type":"EntryPoint","urlTemplate":"https:\/\/www.meydan.tv\/az\/?s={search_term_string}"},"query-input":{"@type":"PropertyValueSpecification","valueRequired":true,"valueName":"search_term_string"}}],"inLanguage":"az"},{"@type":"Organization","@id":"https:\/\/www.meydan.tv\/az\/#organization","name":"Meydan TV","url":"https:\/\/www.meydan.tv\/az\/","logo":{"@type":"ImageObject","inLanguage":"az","@id":"https:\/\/www.meydan.tv\/az\/#\/schema\/logo\/image\/","url":"https:\/\/www.meydan.tv\/wp-content\/uploads\/2021\/07\/meydan-logo.svg","contentUrl":"https:\/\/www.meydan.tv\/wp-content\/uploads\/2021\/07\/meydan-logo.svg","width":195,"height":46,"caption":"Meydan TV"},"image":{"@id":"https:\/\/www.meydan.tv\/az\/#\/schema\/logo\/image\/"}},{"@type":"Person","@id":"https:\/\/www.meydan.tv\/az\/#\/schema\/person\/9cdbecf90d17180ce1dfbd95b08dcf47","name":"elli","sameAs":["https:\/\/x.com\/elli"]}]}},"_links":{"self":[{"href":"https:\/\/www.meydan.tv\/az\/wp-json\/wp\/v2\/posts\/264635","targetHints":{"allow":["GET"]}}],"collection":[{"href":"https:\/\/www.meydan.tv\/az\/wp-json\/wp\/v2\/posts"}],"about":[{"href":"https:\/\/www.meydan.tv\/az\/wp-json\/wp\/v2\/types\/post"}],"author":[{"embeddable":true,"href":"https:\/\/www.meydan.tv\/az\/wp-json\/wp\/v2\/users\/8"}],"replies":[{"embeddable":true,"href":"https:\/\/www.meydan.tv\/az\/wp-json\/wp\/v2\/comments?post=264635"}],"version-history":[{"count":2,"href":"https:\/\/www.meydan.tv\/az\/wp-json\/wp\/v2\/posts\/264635\/revisions"}],"predecessor-version":[{"id":264640,"href":"https:\/\/www.meydan.tv\/az\/wp-json\/wp\/v2\/posts\/264635\/revisions\/264640"}],"wp:featuredmedia":[{"embeddable":true,"href":"https:\/\/www.meydan.tv\/az\/wp-json\/wp\/v2\/media\/264636"}],"wp:attachment":[{"href":"https:\/\/www.meydan.tv\/az\/wp-json\/wp\/v2\/media?parent=264635"}],"wp:term":[{"taxonomy":"category","embeddable":true,"href":"https:\/\/www.meydan.tv\/az\/wp-json\/wp\/v2\/categories?post=264635"},{"taxonomy":"post_tag","embeddable":true,"href":"https:\/\/www.meydan.tv\/az\/wp-json\/wp\/v2\/tags?post=264635"}],"curies":[{"name":"wp","href":"https:\/\/api.w.org\/{rel}","templated":true}]}}