{"id":264611,"date":"2022-12-28T13:47:37","date_gmt":"2022-12-28T09:47:37","guid":{"rendered":"https:\/\/www.meydan.tv\/?p=264611"},"modified":"2022-12-28T13:52:54","modified_gmt":"2022-12-28T09:52:54","slug":"2022-ci-il-azerbaycan-iqtisadiyyati-ne-ile-yadda-qaldi","status":"publish","type":"post","link":"https:\/\/www.meydan.tv\/az\/article\/2022-ci-il-azerbaycan-iqtisadiyyati-ne-ile-yadda-qaldi\/","title":{"rendered":"<strong>2022-ci il Az\u0259rbaycan iqtisadiyyat\u0131: n\u0259 il\u0259 yadda qald\u0131?<\/strong>"},"content":{"rendered":"\n<p><\/p>\n\n\n\n<p><em>\u0130qtisadiyyata pandemiya, Rusiya-Ukrayna m\u00fcharib\u0259sinin t\u0259sirl\u0259ri<\/em><\/p>\n\n\n\n<p>2022-ci il d\u00fcnya iqtisadiyyat\u0131nda \u201cinflyasiya\u201d s\u00f6z\u00fc il\u0259 yadda qald\u0131. Pandemiyadan sonrak\u0131 d\u00f6vrl\u0259rd\u0259 toparlanma\u011fa do\u011fru ged\u0259n iqtisadiyyatlar, bu d\u0259f\u0259 d\u0259 m\u00fcharib\u0259 il\u0259 alt-\u00fcst oldu.<\/p>\n\n\n\n<p>Fevralda Az\u0259rbaycan\u0131n da yerl\u0259\u015fdiyi b\u00f6lg\u0259d\u0259 Rusiya-Ukrayna m\u00fcharib\u0259si ba\u015flad\u0131. Bel\u0259likl\u0259, m\u00fcharib\u0259ni d\u0259st\u0259kl\u0259m\u0259y\u0259n Q\u0259rbin Rusiyaya sanksiyalar\u0131, cavab\u0131nda Rusiyan\u0131n Avropa \u00f6lk\u0259l\u0259rin\u0259 neft v\u0259 qaz n\u0259qlini azaltmas\u0131 b\u00f6lg\u0259d\u0259 enerji qiym\u0259tl\u0259rind\u0259 k\u0259skin art\u0131ma g\u0259tirib \u00e7\u0131xard\u0131.<\/p>\n\n\n\n<p>Az\u0259rbaycan iqtisadiyyat\u0131n\u0131n da ba\u015f rolunda inflyasiya oldu. Bir t\u0259r\u0259fd\u0259n m\u00fcharib\u0259 n\u0259tic\u0259sind\u0259 yaranm\u0131\u015f tax\u0131l q\u0131tl\u0131\u011f\u0131, \u00f6lk\u0259d\u0259 un v\u0259 un m\u0259hsullar\u0131n\u0131n qiym\u0259tini art\u0131rd\u0131, dig\u0259r t\u0259r\u0259fd\u0259n iqtisadiyyat\u0131n idxaldan as\u0131l\u0131l\u0131\u011f\u0131 m\u00fcharib\u0259 s\u0259b\u0259bind\u0259n al\u0131nan mallar\u0131n qiym\u0259tl\u0259rind\u0259 k\u0259skin art\u0131m yaratd\u0131.<\/p>\n\n\n<div class=\"wp-block-image\">\n<figure class=\"aligncenter size-full\"><img decoding=\"async\" width=\"1200\" height=\"600\" data-src=\"https:\/\/www.meydan.tv\/wp-content\/uploads\/shutterstock_2118521900.jpg\" alt=\"\" class=\"wp-image-250868 lazyload\" src=\"data:image\/svg+xml;base64,PHN2ZyB3aWR0aD0iMSIgaGVpZ2h0PSIxIiB4bWxucz0iaHR0cDovL3d3dy53My5vcmcvMjAwMC9zdmciPjwvc3ZnPg==\" style=\"--smush-placeholder-width: 1200px; --smush-placeholder-aspect-ratio: 1200\/600;\" \/><figcaption class=\"wp-element-caption\">Az\u0259rbaycan qaz\u0131 v\u0259 Avropa. M\u0259nb\u0259: Aksabir\/shutterstock<\/figcaption><\/figure>\n<\/div>\n\n\n<p>\u00d6lk\u0259 iqtisadiyyat\u0131nda ba\u015f ver\u0259n m\u00fcsb\u0259t hal is\u0259 enerji qiym\u0259tl\u0259rinin art\u0131m\u0131 oldu. D\u00fcnyada enerji qiym\u0259tl\u0259rinin k\u0259skin bahala\u015fmas\u0131, neft v\u0259 qaz g\u0259lirind\u0259n as\u0131l\u0131 olan Az\u0259rbaycan iqtisadiyyat\u0131n\u0131n g\u0259lirl\u0259rini art\u0131rd\u0131.<\/p>\n\n\n\n<p>Neft v\u0259 qaz g\u0259lirl\u0259rinin qiym\u0259ti Az\u0259rbaycan h\u00f6kum\u0259tinin g\u00f6zl\u0259diyind\u0259n \u00e7ox oldu\u011fu \u00fc\u00e7\u00fcn ilin ortas\u0131nda b\u00fcdc\u0259y\u0259 yenid\u0259n bax\u0131ld\u0131. Qiym\u0259tl\u0259r d\u0259yi\u015fdirildi, b\u00fcdc\u0259nin g\u0259lirl\u0259r hiss\u0259si art\u0131r\u0131ld\u0131.<\/p>\n\n\n\n<p><strong>\u0130nflyasiya v\u0259 maa\u015f art\u0131m\u0131<\/strong><\/p>\n\n\n\n<p>D\u00f6vl\u0259tin a\u00e7\u0131qlad\u0131\u011f\u0131 22 faiz inflyasiyan\u0131n qar\u015f\u0131l\u0131\u011f\u0131nda is\u0259 \u00f6lk\u0259d\u0259ki maa\u015f v\u0259 t\u0259qa\u00fcdl\u0259r c\u0259mi 10-15 faiz art\u0131r\u0131ld\u0131. Bu da \u00f6z n\u00f6vb\u0259sind\u0259 ail\u0259 b\u00fcdc\u0259l\u0259rin\u0259 inflyasiyan\u0131n vurdu\u011fu z\u0259r\u0259rin qar\u015f\u0131s\u0131n\u0131 alma\u011fa k\u00f6m\u0259k etm\u0259di.<\/p>\n\n\n\n<p>M\u00fcst\u0259qil iqtisad\u00e7\u0131lar v\u0259 ekpertl\u0259r is\u0259 zaman-zaman a\u00e7\u0131qlamalar\u0131nda bildirdil\u0259r ki, Az\u0259rbaycanda inflyasiya 22 faizd\u0259n y\u00fcks\u0259k, h\u0259tta 50 faiz\u0259 b\u0259rab\u0259rdir. Sad\u0259c\u0259, real r\u0259q\u0259ml\u0259r c\u0259miyy\u0259td\u0259n gizl\u0259dilir.<\/p>\n\n\n<div class=\"wp-block-image\">\n<figure class=\"aligncenter size-full\"><img decoding=\"async\" width=\"1200\" height=\"681\" data-src=\"https:\/\/www.meydan.tv\/wp-content\/uploads\/shutterstock_588769904-e1639749863751.jpg\" alt=\"\" class=\"wp-image-229633 lazyload\" src=\"data:image\/svg+xml;base64,PHN2ZyB3aWR0aD0iMSIgaGVpZ2h0PSIxIiB4bWxucz0iaHR0cDovL3d3dy53My5vcmcvMjAwMC9zdmciPjwvc3ZnPg==\" style=\"--smush-placeholder-width: 1200px; --smush-placeholder-aspect-ratio: 1200\/681;\" \/><figcaption class=\"wp-element-caption\">Maa\u015f, Foto: Travel man\/Shutterstock<\/figcaption><\/figure>\n<\/div>\n\n\n<p><strong>N\u0259l\u0259r ya\u015fand\u0131, iqtisadiyyat daha \u00e7ox n\u0259 il\u0259 yadda qald\u0131?<\/strong><\/p>\n\n\n\n<p>Meydan TV iqtisad\u00e7\u0131larla m\u00fczakir\u0259 edib.<\/p>\n\n\n\n<p>\u0130qtisad\u00e7\u0131 Natiq C\u0259f\u0259rli deyir ki, 2022-ci ilin iqtisadiyyat\u0131 d\u00fcnyada da, Az\u0259rbaycanda da inflyasiya il\u0259 yadda qald\u0131. \u00c7\u00fcnki h\u0259m d\u00fcnyada, h\u0259m d\u0259 Az\u0259rbaycanda ciddi qiym\u0259t art\u0131mlar\u0131 oldu.<\/p>\n\n\n\n<p>H\u0259tta 2006-c\u0131 ilin devalvasiyalar\u0131ndan b\u0259ri Az\u0259rbaycanda \u0259n y\u00fcks\u0259k qiym\u0259t art\u0131mlar\u0131 bu il ya\u015fan\u0131b: \u201cH\u0259m \u0259rzaq, h\u0259m d\u0259 qeyri-\u0259rzaq inflyasiyalar\u0131 ya\u015fad\u0131q. \u00d6z\u00fc d\u0259 inflyasiya kifay\u0259t q\u0259d\u0259r y\u00fcks\u0259k, ikir\u0259q\u0259mli ifad\u0259l\u0259rd\u0259 oldu. Bir s\u00f6zl\u0259, inflyasiya, bahala\u015fma iqtisadiyyata da, insanlar\u0131n h\u0259yat\u0131na da m\u00f6h\u00fcr\u00fcn\u00fc vurdu\u201d.<\/p>\n\n\n<div class=\"wp-block-image\">\n<figure class=\"aligncenter size-full\"><img decoding=\"async\" width=\"1200\" height=\"750\" data-src=\"https:\/\/www.meydan.tv\/wp-content\/uploads\/shutterstock_106204382.jpg\" alt=\"\" class=\"wp-image-232185 lazyload\" src=\"data:image\/svg+xml;base64,PHN2ZyB3aWR0aD0iMSIgaGVpZ2h0PSIxIiB4bWxucz0iaHR0cDovL3d3dy53My5vcmcvMjAwMC9zdmciPjwvc3ZnPg==\" style=\"--smush-placeholder-width: 1200px; --smush-placeholder-aspect-ratio: 1200\/750;\" \/><figcaption class=\"wp-element-caption\">\u0130nflyasiya, vepar5\/shutterstock<\/figcaption><\/figure>\n<\/div>\n\n\n<p><strong>\u0130nflyasiyan\u0131n s\u0259b\u0259bl\u0259ri&#8230;<\/strong><\/p>\n\n\n\n<p>\u0130qtisad\u00e7\u0131 bildirib ki, Az\u0259rbaycanda y\u00fcks\u0259k inflyasiyan\u0131n s\u0259b\u0259bl\u0259ri aras\u0131nda d\u00fcnyada ba\u015f ver\u0259n hadis\u0259l\u0259r d\u0259 var. \u00c7\u00fcnki Az\u0259rbaycan iqtisadiyyat\u0131 idxaldan as\u0131l\u0131 oldu\u011fu \u00fc\u00e7\u00fcn d\u00fcnyada ba\u015f ver\u0259n prosesl\u0259r iqtisadiyyata m\u00fch\u00fcm t\u0259sir g\u00f6st\u0259rir:<\/p>\n\n\n\n<p>\u201cSpesifik yerli x\u00fcsusiyy\u0259tl\u0259r d\u0259 oldu. H\u0259mi\u015f\u0259 oldu\u011fu kimi Az\u0259rbaycanda inhisar\u00e7\u0131l\u0131\u011f\u0131n olmas\u0131 v\u0259 bazar\u0131n a\u00e7\u0131q olmamas\u0131, vergi v\u0259 g\u00f6mr\u00fck siyas\u0259tinin do\u011fru apar\u0131lmamas\u0131 da v\u0259ziyy\u0259t m\u0259nfi t\u0259sir etdi. \u00dcst\u0259lik, m\u00fc\u0259yy\u0259n korrupsiya faktlar\u0131n\u0131n olmas\u0131 da bazarda qiym\u0259t art\u0131m\u0131na t\u0259sir ed\u0259n amill\u0259rdir\u201d.<\/p>\n\n\n\n<p><strong>\u201c\u00dcmumi baxanda Az\u0259rbaycan iqtisadiyyat\u0131 \u00fc\u00e7\u00fcn u\u011furlu il olub\u201d<\/strong><\/p>\n\n\n\n<p>Natiq C\u0259f\u0259rlinin fikrinc\u0259, 2022-ci il \u00fcmumi baxanda Az\u0259rbaycan iqtisadiyyat\u0131 \u00fc\u00e7\u00fcn u\u011furlu il olub: <\/p>\n\n\n<div class=\"wp-block-image\">\n<figure class=\"aligncenter size-large\"><img decoding=\"async\" width=\"1200\" height=\"696\" data-src=\"https:\/\/www.meydan.tv\/wp-content\/uploads\/image_from_ios_178-scaled-e1648798569981-1200x696.jpg\" alt=\"Natiq C\u0259f\u0259rli\" class=\"wp-image-210013 lazyload\" src=\"data:image\/svg+xml;base64,PHN2ZyB3aWR0aD0iMSIgaGVpZ2h0PSIxIiB4bWxucz0iaHR0cDovL3d3dy53My5vcmcvMjAwMC9zdmciPjwvc3ZnPg==\" style=\"--smush-placeholder-width: 1200px; --smush-placeholder-aspect-ratio: 1200\/696;\" \/><figcaption class=\"wp-element-caption\">Natiq C\u0259f\u0259rli, Foto: Meydan TV<\/figcaption><\/figure>\n<\/div>\n\n\n<p>&#8220;Ona g\u00f6r\u0259 yox ki, h\u00f6kum\u0259t yax\u015f\u0131 i\u015fl\u0259yib. Ona g\u00f6r\u0259 ki il neft-qaz qiym\u0259tl\u0259rind\u0259 \u0259n y\u00fcks\u0259k h\u0259dl\u0259 ba\u015fa vurulur. M\u0259s\u0259l\u0259n, il \u0259rzind\u0259 Az\u0259rbaycan neftinin bir barelinin ortalama qiym\u0259ti 100 dollar civar\u0131 olub. Az\u0259rbaycan\u0131n qaz g\u0259lirl\u0259ri d\u0259 xeyli art\u0131b\u201d.<\/p>\n\n\n\n<p><strong>\u201cQaz g\u0259lirl\u0259ri v\u0259 ixrac\u0131 art\u0131b\u201d<\/strong><\/p>\n\n\n\n<p>\u0130qtisad\u00e7\u0131 bildirib ki, Az\u0259rbaycan\u0131n Avropaya qaz sat\u0131\u015f\u0131n\u0131n h\u0259cmind\u0259 d\u0259 art\u0131m olub.<\/p>\n\n\n\n<p>O g\u00fcman edir ki, ilin yekunlar\u0131nda 10 milyard kubmetr qaz Avropaya n\u0259ql olunmu\u015f olacaq: <\/p>\n\n\n\n<p>\u201cAvropaya sat\u0131lan qaz\u0131n qiym\u0259ti d\u0259 kifay\u0259t q\u0259d\u0259r y\u00fcks\u0259kdir \u2013 1000 dollara yax\u0131nd\u0131r. D\u00fczd\u00fcr, b\u0259zi aylar a\u015fa\u011f\u0131 da olur, amma \u00fcmumilikd\u0259, ortalama min dollard\u0131r. Bu da \u00e7ox b\u00f6y\u00fck h\u0259cmd\u0259 valyuta g\u0259lirl\u0259rinin \u00f6lk\u0259y\u0259 daxil olmas\u0131 il\u0259 yadda qald\u0131. Ticar\u0259t d\u00f6vriyy\u0259sind\u0259 m\u00fcsb\u0259t saldo yaran\u0131b. Kifay\u0259t q\u0259d\u0259r y\u00fcks\u0259kdi \u2013 15 milyard dollara yax\u0131nla\u015f\u0131r\u201d.<\/p>\n\n\n\n<p><strong>\u201cH\u00f6kum\u0259t ciddi i\u015f g\u00f6rm\u0259d\u0259n b\u00f6y\u00fck g\u0259lirl\u0259r \u0259ld\u0259 edib\u201d<\/strong><\/p>\n\n\n\n<p>Natiq C\u0259f\u0259rli deyir ki, \u00f6lk\u0259y\u0259 g\u0259l\u0259n \u0259lav\u0259 g\u0259lirl\u0259r kifay\u0259t q\u0259d\u0259r \u00e7ox olub. Bu da Az\u0259rbaycan h\u00f6kum\u0259tinin \u0259lini rahatlad\u0131b: <\/p>\n\n\n\n<p>\u201cCiddi i\u015f g\u00f6rm\u0259d\u0259n b\u00f6y\u00fck g\u0259lirl\u0259r \u0259ld\u0259 olundu. Dig\u0259r t\u0259r\u0259fd\u0259n baxsaq, bunun bir daha Az\u0259rbaycan iqtisadiyyat\u0131n\u0131n neft-qaz g\u0259lirl\u0259rind\u0259n faci\u0259vi \u015f\u0259kild\u0259 as\u0131l\u0131 oldu\u011funu g\u00f6r\u0259rik. Az\u0259rbaycan iqtisadiyyat\u0131nda 2022-ci il inflyasiya v\u0259 neft-qaz g\u0259lirl\u0259rinin art\u0131m\u0131 kimi yadda qalacaq\u201d.<\/p>\n\n\n<div class=\"wp-block-image\">\n<figure class=\"aligncenter size-full\"><img decoding=\"async\" width=\"1000\" height=\"600\" data-src=\"https:\/\/www.meydan.tv\/wp-content\/uploads\/6ee696c0f10a2c42ceaed0d74042e036.jpeg\" alt=\"Nazirl\u0259r Kabineti\" class=\"wp-image-140098 lazyload\" src=\"data:image\/svg+xml;base64,PHN2ZyB3aWR0aD0iMSIgaGVpZ2h0PSIxIiB4bWxucz0iaHR0cDovL3d3dy53My5vcmcvMjAwMC9zdmciPjwvc3ZnPg==\" style=\"--smush-placeholder-width: 1000px; --smush-placeholder-aspect-ratio: 1000\/600;\" \/><figcaption class=\"wp-element-caption\">Foto: Nazirl\u0259r Kabineti<\/figcaption><\/figure>\n<\/div>\n\n\n<p><strong>Qiym\u0259t art\u0131m\u0131 m\u00fcqabilind\u0259 sosial \u00f6d\u0259ni\u015fl\u0259rin v\u0259ziyy\u0259ti<\/strong><\/p>\n\n\n\n<p>\u0130qtisad\u00e7\u0131 t\u0259\u0259ss\u00fcfl\u0259nir ki, 2022-ci ild\u0259 d\u0259 Az\u0259rbaycan h\u00f6kum\u0259ti sosial m\u0259s\u0259l\u0259l\u0259rin h\u0259llind\u0259 ciddi ir\u0259lil\u0259yi\u015f q\u0259t etm\u0259yib: <\/p>\n\n\n\n<p>\u201cG\u0259l\u0259n ilin b\u00fcdc\u0259 g\u00f6st\u0259ricil\u0259rini il sonunda m\u00fczakir\u0259 ed\u0259rk\u0259n g\u00f6rd\u00fck ki, ciddi sosial art\u0131m olmayacaq. Ortalama maa\u015f v\u0259 t\u0259qa\u00fcdl\u0259rd\u0259 10-15 faiz art\u0131m g\u00f6zl\u0259nir ki, bu da inflyasiyan\u0131n vurdu\u011fu ziyan\u0131 \u00f6d\u0259m\u0259k iqtidar\u0131nda deyil\u201d.<\/p>\n\n\n\n<p><strong>\u201cQida inflyasiyas\u0131 y\u00fcks\u0259kdir \u2013 22 faiz\u0259 yax\u0131n\u201d<\/strong><\/p>\n\n\n\n<p>\u0130qtisad\u00e7\u0131 F\u0259rid Mehral\u0131zad\u0259 d\u0259 d\u00fc\u015f\u00fcn\u00fcr ki, 2022-ci ild\u0259 Az\u0259rbaycan iqtisadiyyat\u0131nda \u0259n vacib m\u0259s\u0259l\u0259, h\u0259tta ilin s\u00f6z\u00fc \u2013 inflyasiya olub. \u00c7\u00fcnki son ill\u0259rin \u0259n y\u00fcks\u0259k inflyasiyas\u0131 qeyd\u0259 al\u0131n\u0131b:<\/p>\n\n\n\n<p>\u201cH\u0259tta devalvasiyadan sonrak\u0131 inflyasiya da bu h\u0259dd\u0259 deyildi. X\u00fcsusil\u0259 qida inflyasiyas\u0131 y\u00fcks\u0259kdir \u2013 22 faiz\u0259 yax\u0131n. M\u0259nc\u0259, 2022-ci ill\u0259 ba\u011fl\u0131 \u0259sas yaddaqalan hadis\u0259 g\u0259l\u0259c\u0259k ill\u0259rd\u0259 d\u0259 qiym\u0259tl\u0259rin k\u0259skin artmas\u0131 il\u0259 ba\u011fl\u0131 olacaq\u201d.<\/p>\n\n\n<div class=\"wp-block-image\">\n<figure class=\"aligncenter size-large\"><img decoding=\"async\" data-src=\"https:\/\/www.meydan.tv\/wp-content\/uploads\/118784119_3295526013835916_6092828104091613031_n-e1640001508110-1059x821.jpg\" alt=\"\" class=\"wp-image-229778 lazyload\" src=\"data:image\/svg+xml;base64,PHN2ZyB3aWR0aD0iMSIgaGVpZ2h0PSIxIiB4bWxucz0iaHR0cDovL3d3dy53My5vcmcvMjAwMC9zdmciPjwvc3ZnPg==\" style=\"--smush-placeholder-width: 1059px; --smush-placeholder-aspect-ratio: 1059\/821;\" \/><figcaption class=\"wp-element-caption\">F\u0259rid Mehral\u0131zad\u0259nin \u015f\u0259xsi arxivind\u0259n<\/figcaption><\/figure>\n<\/div>\n\n\n<p><strong>\u201cNeft v\u0259 qazdan g\u0259l\u0259n g\u0259lir b\u0259rab\u0259rl\u0259\u015fdi\u201d<\/strong><\/p>\n\n\n\n<p>\u0130qtisad\u00e7\u0131 \u0259lav\u0259 edir ki, daha bir yaddaqalan hadis\u0259 neft qiym\u0259tl\u0259rinin h\u00f6kum\u0259tin g\u00f6zl\u0259ntisind\u0259n y\u00fcks\u0259k olmas\u0131d\u0131r:<\/p>\n\n\n\n<p>\u201cD\u00fcnyada enerji qiym\u0259tl\u0259ri qalxd\u0131. Bel\u0259likl\u0259, Az\u0259rbaycan\u0131n da t\u0259bii qazdan g\u0259l\u0259n g\u0259liri artd\u0131. Ad\u0259t\u0259n g\u0259lirl\u0259rin 70-80 faizi neft, 20-30 faiz\u0259 yax\u0131n\u0131 qazdan g\u0259lirdi. Bu d\u0259f\u0259 h\u0259r ikisi bir-birin\u0259 t\u0259xmin\u0259n b\u0259rab\u0259r oldu. Bu, tarixd\u0259 bir ilk idi. Y\u0259ni ilk d\u0259f\u0259 Az\u0259rbaycan\u0131n enerji g\u0259lirl\u0259rinin strukturunda qaz g\u0259lirl\u0259ri bu q\u0259d\u0259r artm\u0131\u015fd\u0131. H\u0259tta qiym\u0259t art\u0131m\u0131 ilin ortas\u0131nda b\u00fcdc\u0259y\u0259 yenid\u0259n bax\u0131lmas\u0131na s\u0259b\u0259b oldu. B\u00fcdc\u0259 g\u0259lirl\u0259rini art\u0131rd\u0131lar\u201d.<\/p>\n\n\n\n<p><strong>M\u00fcharib\u0259nin Az\u0259rbaycan iqtisadiyyat\u0131na t\u0259sirl\u0259ri<\/strong><\/p>\n\n\n\n<p>F\u0259rid Mehral\u0131zad\u0259 deyir ki, b\u00fct\u00fcn bu d\u0259yi\u015fiklikl\u0259r\u0259 h\u0259m d\u0259 Rusiya-Ukrayna m\u00fcharib\u0259si s\u0259b\u0259b olub. M\u00fcharib\u0259 d\u00fcnyada enerji qiym\u0259tl\u0259rinin k\u0259skin artmas\u0131na s\u0259b\u0259b olub. Neft v\u0259 qazdan as\u0131l\u0131 Az\u0259rbaycan iqtisadiyyat\u0131 da bundan h\u0259m m\u00fcsb\u0259t, h\u0259m d\u0259 m\u0259nfi t\u0259r\u0259fd\u0259n t\u0259sirl\u0259nib:<\/p>\n\n\n\n<p>\u201cM\u0259s\u0259l\u0259n, tax\u0131l da bahala\u015fd\u0131. Bu, Az\u0259rbaycanda un v\u0259 un m\u0259mulatlar\u0131n\u0131n qiym\u0259tin\u0259 t\u0259sir etdi. X\u00fcsus\u0259n, Ukrayna-Rusiya m\u00fcharib\u0259sind\u0259n sonra bir m\u00fcdd\u0259t bazarda siqaret \u00e7at\u0131\u015fmazl\u0131\u011f\u0131 oldu. Bu, m\u00fcharib\u0259nin g\u0259tirdiyi t\u0259sirl\u0259r idi\u201d.<\/p>\n\n\n<div class=\"wp-block-image\">\n<figure class=\"aligncenter size-full\"><img decoding=\"async\" width=\"1200\" height=\"800\" data-src=\"https:\/\/www.meydan.tv\/wp-content\/uploads\/shutterstock_2130839222.jpg\" alt=\"\" class=\"wp-image-238902 lazyload\" src=\"data:image\/svg+xml;base64,PHN2ZyB3aWR0aD0iMSIgaGVpZ2h0PSIxIiB4bWxucz0iaHR0cDovL3d3dy53My5vcmcvMjAwMC9zdmciPjwvc3ZnPg==\" style=\"--smush-placeholder-width: 1200px; --smush-placeholder-aspect-ratio: 1200\/800;\" \/><figcaption class=\"wp-element-caption\">Rusiya-Ukrayna sava\u015f\u0131. Foto: LeStudio\/shutterstock<\/figcaption><\/figure>\n<\/div>\n\n\n<p><strong>\u201cPulk\u00f6\u00e7\u00fcrm\u0259l\u0259ri v\u0259 depozitl\u0259r art\u0131b\u201d<\/strong><\/p>\n\n\n\n<p>\u0130qtisad\u00e7\u0131 qeyd edir ki, daha bir vacib, yaddaqalan amil d\u0259 pul k\u00f6\u00e7\u00fcrm\u0259l\u0259ri il\u0259 ba\u011fl\u0131 olub. M\u00fcharib\u0259d\u0259n sonra Rusiyadak\u0131 sanksiyalar\u0131n t\u0259sirind\u0259n Az\u0259rbaycana ild\u0259 k\u00f6\u00e7\u00fcr\u00fcl\u0259n m\u0259bl\u0259\u011f bu d\u0259f\u0259 bir r\u00fcb\u0259 k\u00f6\u00e7\u00fcr\u00fcl\u00fcb:<\/p>\n\n\n\n<p>\u201cBir s\u00f6zl\u0259, Az\u0259rbaycana Rusiyadan pul k\u00f6\u00e7\u00fcrm\u0259l\u0259rinin m\u0259bl\u0259\u011fi k\u0259skin art\u0131b. Eyni zamanda, M\u0259rk\u0259zi Bank hesabat\u0131nda g\u00f6st\u0259rir ki, xarici v\u0259t\u0259nda\u015flar\u0131n Az\u0259rbaycandak\u0131 depozitl\u0259rinin h\u0259cmind\u0259 d\u0259 ciddi art\u0131mlar ba\u015f verib\u201d.<\/p>\n\n\n\n<p><strong>G\u0259l\u0259c\u0259k ill\u0259rd\u0259 neft v\u0259 qazdan as\u0131l\u0131l\u0131\u011f\u0131n g\u0259tir\u0259c\u0259yi probleml\u0259r&#8230;<\/strong><\/p>\n\n\n\n<p>\u0130lin \u0259vv\u0259lind\u0259 D\u00fcnya Bank\u0131n\u0131n a\u00e7\u0131qlad\u0131\u011f\u0131 Az\u0259rbaycan \u00fczr\u0259 iqtisadi memorandum <a href=\"https:\/\/documents1.worldbank.org\/curated\/en\/099100009222236784\/pdf\/P17532606988e2056084e603c9c48ddc618.pdf\" target=\"_blank\" rel=\"noreferrer noopener\">hesabat<\/a>\u0131nda bildirilir ki, neft v\u0259 qazdan as\u0131l\u0131l\u0131q g\u0259l\u0259c\u0259kd\u0259 daha da k\u0259skinl\u0259\u015f\u0259c\u0259k.<\/p>\n\n\n\n<p>Hesabatda deyilir ki, Az\u0259rbaycanda qeyri-neft sektorunun inki\u015faf\u0131 bel\u0259 neft g\u0259lirl\u0259rin\u0259 ba\u011fl\u0131d\u0131r. Odur ki, g\u0259l\u0259c\u0259kd\u0259 qlobal enerji ke\u00e7idinin Az\u0259rbaycana t\u0259sirl\u0259ri m\u0259nfi olacaq.<\/p>\n\n\n\n<p>\u201cD\u00fcnya iqtisadiyyat\u0131 b\u0259rpa olunan enerji il\u0259 t\u0259minat \u00fcz\u0259rind\u0259 \u00e7al\u0131\u015f\u0131r. Bu da g\u0259lirinin b\u00f6y\u00fck hiss\u0259si neftd\u0259n as\u0131l\u0131 olan Az\u0259rbaycan \u00fc\u00e7\u00fcn asan olmayacaq\u201d, \u2013 dey\u0259 hesabatda vur\u011fulan\u0131b.<\/p>\n\n\n<div class=\"wp-block-image\">\n<figure class=\"aligncenter size-full\"><img decoding=\"async\" width=\"1200\" height=\"800\" data-src=\"https:\/\/www.meydan.tv\/wp-content\/uploads\/shutterstock_600750524.jpg\" alt=\"\" class=\"wp-image-257741 lazyload\" src=\"data:image\/svg+xml;base64,PHN2ZyB3aWR0aD0iMSIgaGVpZ2h0PSIxIiB4bWxucz0iaHR0cDovL3d3dy53My5vcmcvMjAwMC9zdmciPjwvc3ZnPg==\" style=\"--smush-placeholder-width: 1200px; --smush-placeholder-aspect-ratio: 1200\/800;\" \/><figcaption class=\"wp-element-caption\">D\u00fcnya Bank\u0131. M\u0259nb\u0259: Kristi Blokhin\/shutterstock<\/figcaption><\/figure>\n<\/div>\n\n\n<p>\u015e\u0259ffafl\u0131\u011fa g\u0259linc\u0259, korrupsiya hallar\u0131 v\u0259 qanunvericilik m\u00fcbahis\u0259l\u0259rin h\u0259lli il\u0259 ba\u011fl\u0131 s\u0259m\u0259r\u0259sizlik Az\u0259rbaycan \u00fc\u00e7\u00fcn ild\u0259n-il\u0259 pisl\u0259\u015f\u0259n alt g\u00f6st\u0259ricidir.<\/p>\n\n\n\n<p>\u201cLakin Az\u0259rbaycan biznesin d\u00fczg\u00fcnl\u00fcy\u00fc v\u0259 idar\u0259etm\u0259 sah\u0259l\u0259rind\u0259 ir\u0259lil\u0259yi\u015f \u0259ld\u0259 edib. Daha \u00e7ox ir\u0259lil\u0259yi\u015f \u00fc\u00e7\u00fcn bu sah\u0259d\u0259 hesabatl\u0131l\u0131\u011fa ehtiyac var\u201d, \u2013 dey\u0259 m\u00fc\u0259llifl\u0259r bel\u0259 q\u0259na\u0259t\u0259 g\u0259libl\u0259r.<\/p>\n","protected":false},"excerpt":{"rendered":"<p>\u0130qtisadiyyata pandemiya, Rusiya-Ukrayna m\u00fcharib\u0259sinin t\u0259sirl\u0259ri 2022-ci il d\u00fcnya iqtisadiyyat\u0131nda \u201cinflyasiya\u201d &#8230; <\/p>\n<p class=\"read-more-container\"><a title=\"2022-ci il Az\u0259rbaycan iqtisadiyyat\u0131: n\u0259 il\u0259 yadda qald\u0131?\" class=\"read-more button\" href=\"https:\/\/www.meydan.tv\/az\/article\/2022-ci-il-azerbaycan-iqtisadiyyati-ne-ile-yadda-qaldi\/#more-264611\" aria-label=\"Read more about 2022-ci il Az\u0259rbaycan iqtisadiyyat\u0131: n\u0259 il\u0259 yadda qald\u0131?\">Davam\u0131<\/a><\/p>\n","protected":false},"author":8,"featured_media":264614,"comment_status":"closed","ping_status":"closed","sticky":false,"template":"","format":"standard","meta":{"_acf_changed":false,"_sitemap_exclude":false,"_sitemap_priority":"","_sitemap_frequency":"","footnotes":""},"categories":[53,79,56],"tags":[],"class_list":["post-264611","post","type-post","status-publish","format-standard","has-post-thumbnail","hentry","category-iqtisadiyyat","category-featured","category-xeberler","infinite-scroll-item","generate-columns","tablet-grid-50","mobile-grid-100","grid-parent","grid-33","no-featured-image-padding"],"acf":[],"yoast_head":"<!-- This site is optimized with the Yoast SEO plugin v27.5 - https:\/\/yoast.com\/product\/yoast-seo-wordpress\/ -->\n<title>2022-ci il Az\u0259rbaycan iqtisadiyyat\u0131: n\u0259 il\u0259 yadda qald\u0131? - MEYDAN.TV<\/title>\n<meta name=\"robots\" content=\"index, follow, max-snippet:-1, max-image-preview:large, max-video-preview:-1\" \/>\n<link rel=\"canonical\" href=\"https:\/\/www.meydan.tv\/az\/article\/2022-ci-il-azerbaycan-iqtisadiyyati-ne-ile-yadda-qaldi\/\" \/>\n<meta property=\"og:locale\" content=\"az_AZ\" \/>\n<meta property=\"og:type\" content=\"article\" \/>\n<meta property=\"og:title\" content=\"2022-ci il Az\u0259rbaycan iqtisadiyyat\u0131: n\u0259 il\u0259 yadda qald\u0131? - MEYDAN.TV\" \/>\n<meta property=\"og:description\" content=\"\u0130qtisadiyyata pandemiya, Rusiya-Ukrayna m\u00fcharib\u0259sinin t\u0259sirl\u0259ri 2022-ci il d\u00fcnya iqtisadiyyat\u0131nda \u201cinflyasiya\u201d ... Davam\u0131\" \/>\n<meta property=\"og:url\" content=\"https:\/\/www.meydan.tv\/az\/article\/2022-ci-il-azerbaycan-iqtisadiyyati-ne-ile-yadda-qaldi\/\" \/>\n<meta property=\"og:site_name\" content=\"MEYDAN.TV\" \/>\n<meta property=\"article:published_time\" content=\"2022-12-28T09:47:37+00:00\" \/>\n<meta property=\"article:modified_time\" content=\"2022-12-28T09:52:54+00:00\" \/>\n<meta property=\"og:image\" content=\"https:\/\/www.meydan.tv\/wp-content\/uploads\/shutterstock_2098188727-e1672218600778.jpg\" \/>\n\t<meta property=\"og:image:width\" content=\"1200\" \/>\n\t<meta property=\"og:image:height\" content=\"648\" \/>\n\t<meta property=\"og:image:type\" content=\"image\/jpeg\" \/>\n<meta name=\"author\" content=\"elli\" \/>\n<meta name=\"twitter:card\" content=\"summary_large_image\" \/>\n<meta name=\"twitter:creator\" content=\"@elli\" \/>\n<script type=\"application\/ld+json\" class=\"yoast-schema-graph\">{\"@context\":\"https:\\\/\\\/schema.org\",\"@graph\":[{\"@type\":\"Article\",\"@id\":\"https:\\\/\\\/www.meydan.tv\\\/az\\\/article\\\/2022-ci-il-azerbaycan-iqtisadiyyati-ne-ile-yadda-qaldi\\\/#article\",\"isPartOf\":{\"@id\":\"https:\\\/\\\/www.meydan.tv\\\/az\\\/article\\\/2022-ci-il-azerbaycan-iqtisadiyyati-ne-ile-yadda-qaldi\\\/\"},\"author\":{\"name\":\"elli\",\"@id\":\"https:\\\/\\\/www.meydan.tv\\\/az\\\/#\\\/schema\\\/person\\\/9cdbecf90d17180ce1dfbd95b08dcf47\"},\"headline\":\"2022-ci il Az\u0259rbaycan iqtisadiyyat\u0131: n\u0259 il\u0259 yadda qald\u0131?\",\"datePublished\":\"2022-12-28T09:47:37+00:00\",\"dateModified\":\"2022-12-28T09:52:54+00:00\",\"mainEntityOfPage\":{\"@id\":\"https:\\\/\\\/www.meydan.tv\\\/az\\\/article\\\/2022-ci-il-azerbaycan-iqtisadiyyati-ne-ile-yadda-qaldi\\\/\"},\"wordCount\":1775,\"publisher\":{\"@id\":\"https:\\\/\\\/www.meydan.tv\\\/az\\\/#organization\"},\"image\":{\"@id\":\"https:\\\/\\\/www.meydan.tv\\\/az\\\/article\\\/2022-ci-il-azerbaycan-iqtisadiyyati-ne-ile-yadda-qaldi\\\/#primaryimage\"},\"thumbnailUrl\":\"https:\\\/\\\/www.meydan.tv\\\/wp-content\\\/uploads\\\/shutterstock_2098188727-e1672218600778.jpg\",\"articleSection\":[\"\u0130qtisadiyyat\",\"T\u00f6vsiy\u0259\",\"X\u0259b\u0259rl\u0259r\"],\"inLanguage\":\"az\"},{\"@type\":\"WebPage\",\"@id\":\"https:\\\/\\\/www.meydan.tv\\\/az\\\/article\\\/2022-ci-il-azerbaycan-iqtisadiyyati-ne-ile-yadda-qaldi\\\/\",\"url\":\"https:\\\/\\\/www.meydan.tv\\\/az\\\/article\\\/2022-ci-il-azerbaycan-iqtisadiyyati-ne-ile-yadda-qaldi\\\/\",\"name\":\"2022-ci il Az\u0259rbaycan iqtisadiyyat\u0131: n\u0259 il\u0259 yadda qald\u0131? - MEYDAN.TV\",\"isPartOf\":{\"@id\":\"https:\\\/\\\/www.meydan.tv\\\/az\\\/#website\"},\"primaryImageOfPage\":{\"@id\":\"https:\\\/\\\/www.meydan.tv\\\/az\\\/article\\\/2022-ci-il-azerbaycan-iqtisadiyyati-ne-ile-yadda-qaldi\\\/#primaryimage\"},\"image\":{\"@id\":\"https:\\\/\\\/www.meydan.tv\\\/az\\\/article\\\/2022-ci-il-azerbaycan-iqtisadiyyati-ne-ile-yadda-qaldi\\\/#primaryimage\"},\"thumbnailUrl\":\"https:\\\/\\\/www.meydan.tv\\\/wp-content\\\/uploads\\\/shutterstock_2098188727-e1672218600778.jpg\",\"datePublished\":\"2022-12-28T09:47:37+00:00\",\"dateModified\":\"2022-12-28T09:52:54+00:00\",\"breadcrumb\":{\"@id\":\"https:\\\/\\\/www.meydan.tv\\\/az\\\/article\\\/2022-ci-il-azerbaycan-iqtisadiyyati-ne-ile-yadda-qaldi\\\/#breadcrumb\"},\"inLanguage\":\"az\",\"potentialAction\":[{\"@type\":\"ReadAction\",\"target\":[\"https:\\\/\\\/www.meydan.tv\\\/az\\\/article\\\/2022-ci-il-azerbaycan-iqtisadiyyati-ne-ile-yadda-qaldi\\\/\"]}]},{\"@type\":\"ImageObject\",\"inLanguage\":\"az\",\"@id\":\"https:\\\/\\\/www.meydan.tv\\\/az\\\/article\\\/2022-ci-il-azerbaycan-iqtisadiyyati-ne-ile-yadda-qaldi\\\/#primaryimage\",\"url\":\"https:\\\/\\\/www.meydan.tv\\\/wp-content\\\/uploads\\\/shutterstock_2098188727-e1672218600778.jpg\",\"contentUrl\":\"https:\\\/\\\/www.meydan.tv\\\/wp-content\\\/uploads\\\/shutterstock_2098188727-e1672218600778.jpg\",\"width\":1200,\"height\":648,\"caption\":\"Az\u0259rbaycan b\u00fcdc\u0259si-2022. Foto: motioncenter\\\/shutterstock\"},{\"@type\":\"BreadcrumbList\",\"@id\":\"https:\\\/\\\/www.meydan.tv\\\/az\\\/article\\\/2022-ci-il-azerbaycan-iqtisadiyyati-ne-ile-yadda-qaldi\\\/#breadcrumb\",\"itemListElement\":[{\"@type\":\"ListItem\",\"position\":1,\"name\":\"Ana s\u0259hif\u0259\",\"item\":\"https:\\\/\\\/www.meydan.tv\\\/az\\\/\"},{\"@type\":\"ListItem\",\"position\":2,\"name\":\"\u0130qtisadiyyat\",\"item\":\"https:\\\/\\\/www.meydan.tv\\\/az\\\/section\\\/iqtisadiyyat\\\/\"},{\"@type\":\"ListItem\",\"position\":3,\"name\":\"2022-ci il Az\u0259rbaycan iqtisadiyyat\u0131: n\u0259 il\u0259 yadda qald\u0131?\"}]},{\"@type\":\"WebSite\",\"@id\":\"https:\\\/\\\/www.meydan.tv\\\/az\\\/#website\",\"url\":\"https:\\\/\\\/www.meydan.tv\\\/az\\\/\",\"name\":\"MEYDAN.TV\",\"description\":\"Meydan TV Az\u0259rbaycan\u0131n media m\u0259kan\u0131ndak\u0131 alternativ s\u0259sidir\",\"publisher\":{\"@id\":\"https:\\\/\\\/www.meydan.tv\\\/az\\\/#organization\"},\"potentialAction\":[{\"@type\":\"SearchAction\",\"target\":{\"@type\":\"EntryPoint\",\"urlTemplate\":\"https:\\\/\\\/www.meydan.tv\\\/az\\\/?s={search_term_string}\"},\"query-input\":{\"@type\":\"PropertyValueSpecification\",\"valueRequired\":true,\"valueName\":\"search_term_string\"}}],\"inLanguage\":\"az\"},{\"@type\":\"Organization\",\"@id\":\"https:\\\/\\\/www.meydan.tv\\\/az\\\/#organization\",\"name\":\"Meydan TV\",\"url\":\"https:\\\/\\\/www.meydan.tv\\\/az\\\/\",\"logo\":{\"@type\":\"ImageObject\",\"inLanguage\":\"az\",\"@id\":\"https:\\\/\\\/www.meydan.tv\\\/az\\\/#\\\/schema\\\/logo\\\/image\\\/\",\"url\":\"https:\\\/\\\/www.meydan.tv\\\/wp-content\\\/uploads\\\/2021\\\/07\\\/meydan-logo.svg\",\"contentUrl\":\"https:\\\/\\\/www.meydan.tv\\\/wp-content\\\/uploads\\\/2021\\\/07\\\/meydan-logo.svg\",\"width\":195,\"height\":46,\"caption\":\"Meydan TV\"},\"image\":{\"@id\":\"https:\\\/\\\/www.meydan.tv\\\/az\\\/#\\\/schema\\\/logo\\\/image\\\/\"}},{\"@type\":\"Person\",\"@id\":\"https:\\\/\\\/www.meydan.tv\\\/az\\\/#\\\/schema\\\/person\\\/9cdbecf90d17180ce1dfbd95b08dcf47\",\"name\":\"elli\",\"sameAs\":[\"https:\\\/\\\/x.com\\\/elli\"]}]}<\/script>\n<!-- \/ Yoast SEO plugin. -->","yoast_head_json":{"title":"2022-ci il Az\u0259rbaycan iqtisadiyyat\u0131: n\u0259 il\u0259 yadda qald\u0131? - MEYDAN.TV","robots":{"index":"index","follow":"follow","max-snippet":"max-snippet:-1","max-image-preview":"max-image-preview:large","max-video-preview":"max-video-preview:-1"},"canonical":"https:\/\/www.meydan.tv\/az\/article\/2022-ci-il-azerbaycan-iqtisadiyyati-ne-ile-yadda-qaldi\/","og_locale":"az_AZ","og_type":"article","og_title":"2022-ci il Az\u0259rbaycan iqtisadiyyat\u0131: n\u0259 il\u0259 yadda qald\u0131? - MEYDAN.TV","og_description":"\u0130qtisadiyyata pandemiya, Rusiya-Ukrayna m\u00fcharib\u0259sinin t\u0259sirl\u0259ri 2022-ci il d\u00fcnya iqtisadiyyat\u0131nda \u201cinflyasiya\u201d ... Davam\u0131","og_url":"https:\/\/www.meydan.tv\/az\/article\/2022-ci-il-azerbaycan-iqtisadiyyati-ne-ile-yadda-qaldi\/","og_site_name":"MEYDAN.TV","article_published_time":"2022-12-28T09:47:37+00:00","article_modified_time":"2022-12-28T09:52:54+00:00","og_image":[{"width":1200,"height":648,"url":"https:\/\/www.meydan.tv\/wp-content\/uploads\/shutterstock_2098188727-e1672218600778.jpg","type":"image\/jpeg"}],"author":"elli","twitter_card":"summary_large_image","twitter_creator":"@elli","schema":{"@context":"https:\/\/schema.org","@graph":[{"@type":"Article","@id":"https:\/\/www.meydan.tv\/az\/article\/2022-ci-il-azerbaycan-iqtisadiyyati-ne-ile-yadda-qaldi\/#article","isPartOf":{"@id":"https:\/\/www.meydan.tv\/az\/article\/2022-ci-il-azerbaycan-iqtisadiyyati-ne-ile-yadda-qaldi\/"},"author":{"name":"elli","@id":"https:\/\/www.meydan.tv\/az\/#\/schema\/person\/9cdbecf90d17180ce1dfbd95b08dcf47"},"headline":"2022-ci il Az\u0259rbaycan iqtisadiyyat\u0131: n\u0259 il\u0259 yadda qald\u0131?","datePublished":"2022-12-28T09:47:37+00:00","dateModified":"2022-12-28T09:52:54+00:00","mainEntityOfPage":{"@id":"https:\/\/www.meydan.tv\/az\/article\/2022-ci-il-azerbaycan-iqtisadiyyati-ne-ile-yadda-qaldi\/"},"wordCount":1775,"publisher":{"@id":"https:\/\/www.meydan.tv\/az\/#organization"},"image":{"@id":"https:\/\/www.meydan.tv\/az\/article\/2022-ci-il-azerbaycan-iqtisadiyyati-ne-ile-yadda-qaldi\/#primaryimage"},"thumbnailUrl":"https:\/\/www.meydan.tv\/wp-content\/uploads\/shutterstock_2098188727-e1672218600778.jpg","articleSection":["\u0130qtisadiyyat","T\u00f6vsiy\u0259","X\u0259b\u0259rl\u0259r"],"inLanguage":"az"},{"@type":"WebPage","@id":"https:\/\/www.meydan.tv\/az\/article\/2022-ci-il-azerbaycan-iqtisadiyyati-ne-ile-yadda-qaldi\/","url":"https:\/\/www.meydan.tv\/az\/article\/2022-ci-il-azerbaycan-iqtisadiyyati-ne-ile-yadda-qaldi\/","name":"2022-ci il Az\u0259rbaycan iqtisadiyyat\u0131: n\u0259 il\u0259 yadda qald\u0131? - MEYDAN.TV","isPartOf":{"@id":"https:\/\/www.meydan.tv\/az\/#website"},"primaryImageOfPage":{"@id":"https:\/\/www.meydan.tv\/az\/article\/2022-ci-il-azerbaycan-iqtisadiyyati-ne-ile-yadda-qaldi\/#primaryimage"},"image":{"@id":"https:\/\/www.meydan.tv\/az\/article\/2022-ci-il-azerbaycan-iqtisadiyyati-ne-ile-yadda-qaldi\/#primaryimage"},"thumbnailUrl":"https:\/\/www.meydan.tv\/wp-content\/uploads\/shutterstock_2098188727-e1672218600778.jpg","datePublished":"2022-12-28T09:47:37+00:00","dateModified":"2022-12-28T09:52:54+00:00","breadcrumb":{"@id":"https:\/\/www.meydan.tv\/az\/article\/2022-ci-il-azerbaycan-iqtisadiyyati-ne-ile-yadda-qaldi\/#breadcrumb"},"inLanguage":"az","potentialAction":[{"@type":"ReadAction","target":["https:\/\/www.meydan.tv\/az\/article\/2022-ci-il-azerbaycan-iqtisadiyyati-ne-ile-yadda-qaldi\/"]}]},{"@type":"ImageObject","inLanguage":"az","@id":"https:\/\/www.meydan.tv\/az\/article\/2022-ci-il-azerbaycan-iqtisadiyyati-ne-ile-yadda-qaldi\/#primaryimage","url":"https:\/\/www.meydan.tv\/wp-content\/uploads\/shutterstock_2098188727-e1672218600778.jpg","contentUrl":"https:\/\/www.meydan.tv\/wp-content\/uploads\/shutterstock_2098188727-e1672218600778.jpg","width":1200,"height":648,"caption":"Az\u0259rbaycan b\u00fcdc\u0259si-2022. Foto: motioncenter\/shutterstock"},{"@type":"BreadcrumbList","@id":"https:\/\/www.meydan.tv\/az\/article\/2022-ci-il-azerbaycan-iqtisadiyyati-ne-ile-yadda-qaldi\/#breadcrumb","itemListElement":[{"@type":"ListItem","position":1,"name":"Ana s\u0259hif\u0259","item":"https:\/\/www.meydan.tv\/az\/"},{"@type":"ListItem","position":2,"name":"\u0130qtisadiyyat","item":"https:\/\/www.meydan.tv\/az\/section\/iqtisadiyyat\/"},{"@type":"ListItem","position":3,"name":"2022-ci il Az\u0259rbaycan iqtisadiyyat\u0131: n\u0259 il\u0259 yadda qald\u0131?"}]},{"@type":"WebSite","@id":"https:\/\/www.meydan.tv\/az\/#website","url":"https:\/\/www.meydan.tv\/az\/","name":"MEYDAN.TV","description":"Meydan TV Az\u0259rbaycan\u0131n media m\u0259kan\u0131ndak\u0131 alternativ s\u0259sidir","publisher":{"@id":"https:\/\/www.meydan.tv\/az\/#organization"},"potentialAction":[{"@type":"SearchAction","target":{"@type":"EntryPoint","urlTemplate":"https:\/\/www.meydan.tv\/az\/?s={search_term_string}"},"query-input":{"@type":"PropertyValueSpecification","valueRequired":true,"valueName":"search_term_string"}}],"inLanguage":"az"},{"@type":"Organization","@id":"https:\/\/www.meydan.tv\/az\/#organization","name":"Meydan TV","url":"https:\/\/www.meydan.tv\/az\/","logo":{"@type":"ImageObject","inLanguage":"az","@id":"https:\/\/www.meydan.tv\/az\/#\/schema\/logo\/image\/","url":"https:\/\/www.meydan.tv\/wp-content\/uploads\/2021\/07\/meydan-logo.svg","contentUrl":"https:\/\/www.meydan.tv\/wp-content\/uploads\/2021\/07\/meydan-logo.svg","width":195,"height":46,"caption":"Meydan TV"},"image":{"@id":"https:\/\/www.meydan.tv\/az\/#\/schema\/logo\/image\/"}},{"@type":"Person","@id":"https:\/\/www.meydan.tv\/az\/#\/schema\/person\/9cdbecf90d17180ce1dfbd95b08dcf47","name":"elli","sameAs":["https:\/\/x.com\/elli"]}]}},"_links":{"self":[{"href":"https:\/\/www.meydan.tv\/az\/wp-json\/wp\/v2\/posts\/264611","targetHints":{"allow":["GET"]}}],"collection":[{"href":"https:\/\/www.meydan.tv\/az\/wp-json\/wp\/v2\/posts"}],"about":[{"href":"https:\/\/www.meydan.tv\/az\/wp-json\/wp\/v2\/types\/post"}],"author":[{"embeddable":true,"href":"https:\/\/www.meydan.tv\/az\/wp-json\/wp\/v2\/users\/8"}],"replies":[{"embeddable":true,"href":"https:\/\/www.meydan.tv\/az\/wp-json\/wp\/v2\/comments?post=264611"}],"version-history":[{"count":1,"href":"https:\/\/www.meydan.tv\/az\/wp-json\/wp\/v2\/posts\/264611\/revisions"}],"predecessor-version":[{"id":264617,"href":"https:\/\/www.meydan.tv\/az\/wp-json\/wp\/v2\/posts\/264611\/revisions\/264617"}],"wp:featuredmedia":[{"embeddable":true,"href":"https:\/\/www.meydan.tv\/az\/wp-json\/wp\/v2\/media\/264614"}],"wp:attachment":[{"href":"https:\/\/www.meydan.tv\/az\/wp-json\/wp\/v2\/media?parent=264611"}],"wp:term":[{"taxonomy":"category","embeddable":true,"href":"https:\/\/www.meydan.tv\/az\/wp-json\/wp\/v2\/categories?post=264611"},{"taxonomy":"post_tag","embeddable":true,"href":"https:\/\/www.meydan.tv\/az\/wp-json\/wp\/v2\/tags?post=264611"}],"curies":[{"name":"wp","href":"https:\/\/api.w.org\/{rel}","templated":true}]}}