{"id":264520,"date":"2022-12-27T12:11:31","date_gmt":"2022-12-27T08:11:31","guid":{"rendered":"https:\/\/www.meydan.tv\/?p=264520"},"modified":"2022-12-27T12:14:46","modified_gmt":"2022-12-27T08:14:46","slug":"kecmis-icra-numayendesi-pay-torpagimdaki-16-cinari-kesib","status":"publish","type":"post","link":"https:\/\/www.meydan.tv\/az\/article\/kecmis-icra-numayendesi-pay-torpagimdaki-16-cinari-kesib\/","title":{"rendered":"\u201cKe\u00e7mi\u015f icra n\u00fcmay\u0259nd\u0259si pay torpa\u011f\u0131mdak\u0131 16 \u00e7inar\u0131 k\u0259sib\u201d\u00a0"},"content":{"rendered":"\n<p><\/p>\n\n\n\n<p><em>A\u011fstafa sakini polis\u0259 v\u0259 nazirliy\u0259 \u015fikay\u0259t edib<\/em><\/p>\n\n\n\n<p>\u201c\u00d6t\u0259n il siz problemi i\u015f\u0131qland\u0131randan sonra torpa\u011f\u0131m\u0131zdan \u0259l \u00e7\u0259kdi. \u0130ndi yen\u0259 torpa\u011f\u0131m\u0131za girib, bu, azm\u0131\u015f kimi, \u00fcst\u0259lik, \u00e7oxillik \u00e7inar a\u011faclar\u0131n\u0131 da k\u0259sib, at\u0131b\u201d.<\/p>\n\n\n\n<p>Bunu Meydan TV-y\u0259 A\u011fstafan\u0131n X\u0259tai k\u0259nd sakini H\u00fcseyn H\u00fcseynov deyir.<\/p>\n\n\n\n<p>H\u00fcseyn H\u00fcseynov 2021-ci ilin mart\u0131nda da sayta m\u00fcraci\u0259t etmi\u015fdi. Bildirmi\u015fdi ki, A\u011fstafa \u015f\u0259h\u0259rinin ke\u00e7mi\u015f icra n\u00fcmay\u0259nd\u0259si (haz\u0131rda t\u0259qa\u00fcdd\u0259) N\u0259riman Hac\u0131yev ona v\u0259 ail\u0259sin\u0259 m\u0259xsus pay torpa\u011f\u0131n\u0131n bir hiss\u0259sini \u0259lind\u0259n alma\u011fa \u00e7al\u0131\u015f\u0131r. H\u0259tta buna g\u00f6r\u0259 onun torpa\u011f\u0131na ged\u0259n yolu da k\u0259s\u0259r\u0259k orada tax\u0131l \u0259kib. Bu s\u0259b\u0259bd\u0259n H\u00fcseyn H\u00fcseynov n\u0259 torpa\u011f\u0131na ged\u0259, n\u0259 d\u0259 suvara, \u0259kib-bec\u0259r\u0259, m\u0259hsul g\u00f6t\u00fcr\u0259 bilirdi. H\u00fcseyn H\u00fcseynovun dem\u0259sin\u0259 g\u00f6r\u0259, Meydan TV material\u0131 yay\u0131mlad\u0131qdan sonra ke\u00e7mi\u015f icra n\u00fcmay\u0259nd\u0259si torpaqdan bir m\u00fcdd\u0259t \u0259l \u00e7\u0259kib. Ancaq k\u0259ndli yen\u0259 \u015fikay\u0259t\u00e7idir. \u0130ddia edir ki, N\u0259riman Hac\u0131yev yen\u0259 ona m\u0259xsus torpa\u011f\u0131n bir hiss\u0259sin\u0259 g\u00f6z dikib.<\/p>\n\n\n\n<p><strong>\u201cG\u00f6z\u00fc doymur, ba\u015fqalar\u0131n\u0131n torpa\u011f\u0131na \u0259l at\u0131r\u201d<\/strong><\/p>\n\n\n\n<p>H\u00fcseyn H\u00fcseynov deyir, 1998-ci ild\u0259 d\u00f6vl\u0259t t\u0259r\u0259find\u0259n ail\u0259sin\u0259 k\u0259ndd\u0259 \u2013 Poylu yolu deyil\u0259n \u0259razid\u0259 42 sot pay torpa\u011f\u0131 verilib. H\u0259min sah\u0259d\u0259 yonca \u0259kib m\u0259hsul g\u00f6t\u00fcr\u00fcr, bununla da dolan\u0131\u015f\u0131\u011f\u0131n\u0131 qururmu\u015f. 2016-c\u0131 ild\u0259 h\u0259min vaxt A\u011fstafa \u015f\u0259h\u0259r icra n\u00fcmay\u0259nd\u0259si olmu\u015f N\u0259riman Hac\u0131yev v\u0259 o\u011flu Vidadi Hac\u0131yev pay torpa\u011f\u0131n\u0131n qon\u015fulu\u011fundak\u0131 torpaq sah\u0259sini icar\u0259y\u0259 g\u00f6t\u00fcr\u00fcb, tax\u0131l \u0259kib. Ancaq \u00f6z torpaqlar\u0131yla kifay\u0259tl\u0259nm\u0259y\u0259r\u0259k, qon\u015fu torpaqlara da \u0259l at\u0131rlar. \u0130ndi d\u0259 onun pay torpa\u011f\u0131ndak\u0131 \u00e7inar a\u011faclar\u0131n\u0131 k\u0259sibl\u0259r: <\/p>\n\n\n<div class=\"wp-block-image\">\n<figure class=\"aligncenter size-large\"><img decoding=\"async\" width=\"1200\" height=\"675\" data-src=\"https:\/\/www.meydan.tv\/wp-content\/uploads\/agstafa_agacin_yeri1-1200x675.jpg\" alt=\"\" class=\"wp-image-264514 lazyload\" src=\"data:image\/svg+xml;base64,PHN2ZyB3aWR0aD0iMSIgaGVpZ2h0PSIxIiB4bWxucz0iaHR0cDovL3d3dy53My5vcmcvMjAwMC9zdmciPjwvc3ZnPg==\" style=\"--smush-placeholder-width: 1200px; --smush-placeholder-aspect-ratio: 1200\/675;\" \/><\/figure>\n<\/div>\n\n\n<p>\u201cG\u00f6z\u00fc doymur, ba\u015fqalar\u0131n\u0131n torpaqlar\u0131na \u0259l uzad\u0131r. 3 g\u00fcn \u0259vv\u0259l x\u0259b\u0259r tutdum ki, m\u0259nim pay torpa\u011f\u0131mdak\u0131 16 \u00e7inar a\u011fac\u0131n\u0131 k\u0259sib. Sah\u0259y\u0259 ged\u0259nd\u0259 g\u00f6rd\u00fcm ki, art\u0131q a\u011faclar yerind\u0259 yoxdur. K\u0259sdiyini hara apar\u0131b, bilmir\u0259m. Ekologiya v\u0259 T\u0259bii S\u0259rv\u0259tl\u0259r Nazirliyinin rayon \u015f\u00f6b\u0259sind\u0259n g\u0259lib \u015f\u0259kill\u0259r \u00e7\u0259kib, getdil\u0259r. Adam\u0131n m\u0259qs\u0259di d\u0259 pay torpa\u011f\u0131m\u0131n h\u0259min hiss\u0259sini \u00f6z torpa\u011f\u0131na birl\u0259\u015fdirm\u0259kdir. A\u011faclar mane olurdu, k\u0259sib atd\u0131\u201d.<\/p>\n\n\n\n<p>H\u00fcseyn H\u00fcseynov Daxili \u0130\u015fl\u0259r Nazirliyinin 102 Xidm\u0259tin\u0259, Ekologiya v\u0259 T\u0259bii S\u0259rv\u0259tl\u0259r Nazirliyinin rayon \u015f\u00f6b\u0259sin\u0259, icra hakimiyy\u0259tin\u0259 m\u00fcraci\u0259t etdiyini deyir: <\/p>\n\n\n\n<p>\u201cEkologiya \u015f\u00f6b\u0259sind\u0259n dedil\u0259r ki, daha polis\u0259 m\u00fcraci\u0259t etmis\u0259ns\u0259, bizlik bir i\u015f yoxdur, onsuz da biz d\u0259 polis\u0259 m\u00fcraci\u0259t ed\u0259c\u0259kdik, \u00f6z\u00fcn etmis\u0259n\u201d.&nbsp;&nbsp;<\/p>\n\n\n\n<p>Meydan TV N\u0259riman Hac\u0131yevl\u0259 \u0259laq\u0259 saxlaya bilm\u0259yib. A\u011fstafa Rayon \u0130cra Hakimiyy\u0259tind\u0259n bildirilib ki, t\u0259r\u0259fl\u0259r m\u00fcbahis\u0259ni m\u0259hk\u0259m\u0259d\u0259 \u00e7\u00f6zm\u0259lidir, qurumun m\u0259s\u0259l\u0259y\u0259 aidiyy\u0259ti yoxdur. A\u011faclar\u0131n k\u0259silm\u0259sin\u0259 g\u0259linc\u0259, bununla ba\u011fl\u0131 v\u0259t\u0259nda\u015f Ekologiya v\u0259 T\u0259bii S\u0259rv\u0259tl\u0259r Nazirliyin\u0259 m\u00fcraci\u0259t etm\u0259lidir.<\/p>\n\n\n\n<p>2 sayl\u0131 Regional Ekologiya v\u0259 T\u0259bii S\u0259rv\u0259tl\u0259r \u0130dar\u0259sind\u0259n bildirilib ki, m\u0259s\u0259l\u0259 ara\u015fd\u0131r\u0131lacaq.<\/p>\n","protected":false},"excerpt":{"rendered":"<p>A\u011fstafa sakini polis\u0259 v\u0259 nazirliy\u0259 \u015fikay\u0259t edib \u201c\u00d6t\u0259n il siz &#8230; <\/p>\n<p class=\"read-more-container\"><a title=\"\u201cKe\u00e7mi\u015f icra n\u00fcmay\u0259nd\u0259si pay torpa\u011f\u0131mdak\u0131 16 \u00e7inar\u0131 k\u0259sib\u201d\u00a0\" class=\"read-more button\" href=\"https:\/\/www.meydan.tv\/az\/article\/kecmis-icra-numayendesi-pay-torpagimdaki-16-cinari-kesib\/#more-264520\" aria-label=\"Read more about \u201cKe\u00e7mi\u015f icra n\u00fcmay\u0259nd\u0259si pay torpa\u011f\u0131mdak\u0131 16 \u00e7inar\u0131 k\u0259sib\u201d\u00a0\">Davam\u0131<\/a><\/p>\n","protected":false},"author":8,"featured_media":264517,"comment_status":"closed","ping_status":"closed","sticky":false,"template":"","format":"standard","meta":{"_acf_changed":false,"_sitemap_exclude":false,"_sitemap_priority":"","_sitemap_frequency":"","footnotes":""},"categories":[60,79,56],"tags":[],"class_list":["post-264520","post","type-post","status-publish","format-standard","has-post-thumbnail","hentry","category-bolge","category-featured","category-xeberler","infinite-scroll-item","generate-columns","tablet-grid-50","mobile-grid-100","grid-parent","grid-33","no-featured-image-padding"],"acf":[],"yoast_head":"<!-- This site is optimized with the Yoast SEO plugin v27.5 - https:\/\/yoast.com\/product\/yoast-seo-wordpress\/ -->\n<title>\u201cKe\u00e7mi\u015f icra n\u00fcmay\u0259nd\u0259si pay torpa\u011f\u0131mdak\u0131 16 \u00e7inar\u0131 k\u0259sib\u201d\u00a0 - MEYDAN.TV<\/title>\n<meta name=\"robots\" content=\"index, follow, max-snippet:-1, max-image-preview:large, max-video-preview:-1\" \/>\n<link rel=\"canonical\" href=\"https:\/\/www.meydan.tv\/az\/article\/kecmis-icra-numayendesi-pay-torpagimdaki-16-cinari-kesib\/\" \/>\n<meta property=\"og:locale\" content=\"az_AZ\" \/>\n<meta property=\"og:type\" content=\"article\" \/>\n<meta property=\"og:title\" content=\"\u201cKe\u00e7mi\u015f icra n\u00fcmay\u0259nd\u0259si pay torpa\u011f\u0131mdak\u0131 16 \u00e7inar\u0131 k\u0259sib\u201d\u00a0 - MEYDAN.TV\" \/>\n<meta property=\"og:description\" content=\"A\u011fstafa sakini polis\u0259 v\u0259 nazirliy\u0259 \u015fikay\u0259t edib \u201c\u00d6t\u0259n il siz ... Davam\u0131\" \/>\n<meta property=\"og:url\" content=\"https:\/\/www.meydan.tv\/az\/article\/kecmis-icra-numayendesi-pay-torpagimdaki-16-cinari-kesib\/\" \/>\n<meta property=\"og:site_name\" content=\"MEYDAN.TV\" \/>\n<meta property=\"article:published_time\" content=\"2022-12-27T08:11:31+00:00\" \/>\n<meta property=\"article:modified_time\" content=\"2022-12-27T08:14:46+00:00\" \/>\n<meta property=\"og:image\" content=\"https:\/\/www.meydan.tv\/wp-content\/uploads\/agstafa_huseyn_huseynov_shikayetci.jpg\" \/>\n\t<meta property=\"og:image:width\" content=\"1280\" \/>\n\t<meta property=\"og:image:height\" content=\"720\" \/>\n\t<meta property=\"og:image:type\" content=\"image\/jpeg\" \/>\n<meta name=\"author\" content=\"elli\" \/>\n<meta name=\"twitter:card\" content=\"summary_large_image\" \/>\n<meta name=\"twitter:creator\" content=\"@elli\" \/>\n<script type=\"application\/ld+json\" class=\"yoast-schema-graph\">{\"@context\":\"https:\\\/\\\/schema.org\",\"@graph\":[{\"@type\":\"Article\",\"@id\":\"https:\\\/\\\/www.meydan.tv\\\/az\\\/article\\\/kecmis-icra-numayendesi-pay-torpagimdaki-16-cinari-kesib\\\/#article\",\"isPartOf\":{\"@id\":\"https:\\\/\\\/www.meydan.tv\\\/az\\\/article\\\/kecmis-icra-numayendesi-pay-torpagimdaki-16-cinari-kesib\\\/\"},\"author\":{\"name\":\"elli\",\"@id\":\"https:\\\/\\\/www.meydan.tv\\\/az\\\/#\\\/schema\\\/person\\\/9cdbecf90d17180ce1dfbd95b08dcf47\"},\"headline\":\"\u201cKe\u00e7mi\u015f icra n\u00fcmay\u0259nd\u0259si pay torpa\u011f\u0131mdak\u0131 16 \u00e7inar\u0131 k\u0259sib\u201d\u00a0\",\"datePublished\":\"2022-12-27T08:11:31+00:00\",\"dateModified\":\"2022-12-27T08:14:46+00:00\",\"mainEntityOfPage\":{\"@id\":\"https:\\\/\\\/www.meydan.tv\\\/az\\\/article\\\/kecmis-icra-numayendesi-pay-torpagimdaki-16-cinari-kesib\\\/\"},\"wordCount\":614,\"publisher\":{\"@id\":\"https:\\\/\\\/www.meydan.tv\\\/az\\\/#organization\"},\"image\":{\"@id\":\"https:\\\/\\\/www.meydan.tv\\\/az\\\/article\\\/kecmis-icra-numayendesi-pay-torpagimdaki-16-cinari-kesib\\\/#primaryimage\"},\"thumbnailUrl\":\"https:\\\/\\\/www.meydan.tv\\\/wp-content\\\/uploads\\\/agstafa_huseyn_huseynov_shikayetci.jpg\",\"articleSection\":[\"B\u00f6lg\u0259\",\"T\u00f6vsiy\u0259\",\"X\u0259b\u0259rl\u0259r\"],\"inLanguage\":\"az\"},{\"@type\":\"WebPage\",\"@id\":\"https:\\\/\\\/www.meydan.tv\\\/az\\\/article\\\/kecmis-icra-numayendesi-pay-torpagimdaki-16-cinari-kesib\\\/\",\"url\":\"https:\\\/\\\/www.meydan.tv\\\/az\\\/article\\\/kecmis-icra-numayendesi-pay-torpagimdaki-16-cinari-kesib\\\/\",\"name\":\"\u201cKe\u00e7mi\u015f icra n\u00fcmay\u0259nd\u0259si pay torpa\u011f\u0131mdak\u0131 16 \u00e7inar\u0131 k\u0259sib\u201d\u00a0 - MEYDAN.TV\",\"isPartOf\":{\"@id\":\"https:\\\/\\\/www.meydan.tv\\\/az\\\/#website\"},\"primaryImageOfPage\":{\"@id\":\"https:\\\/\\\/www.meydan.tv\\\/az\\\/article\\\/kecmis-icra-numayendesi-pay-torpagimdaki-16-cinari-kesib\\\/#primaryimage\"},\"image\":{\"@id\":\"https:\\\/\\\/www.meydan.tv\\\/az\\\/article\\\/kecmis-icra-numayendesi-pay-torpagimdaki-16-cinari-kesib\\\/#primaryimage\"},\"thumbnailUrl\":\"https:\\\/\\\/www.meydan.tv\\\/wp-content\\\/uploads\\\/agstafa_huseyn_huseynov_shikayetci.jpg\",\"datePublished\":\"2022-12-27T08:11:31+00:00\",\"dateModified\":\"2022-12-27T08:14:46+00:00\",\"breadcrumb\":{\"@id\":\"https:\\\/\\\/www.meydan.tv\\\/az\\\/article\\\/kecmis-icra-numayendesi-pay-torpagimdaki-16-cinari-kesib\\\/#breadcrumb\"},\"inLanguage\":\"az\",\"potentialAction\":[{\"@type\":\"ReadAction\",\"target\":[\"https:\\\/\\\/www.meydan.tv\\\/az\\\/article\\\/kecmis-icra-numayendesi-pay-torpagimdaki-16-cinari-kesib\\\/\"]}]},{\"@type\":\"ImageObject\",\"inLanguage\":\"az\",\"@id\":\"https:\\\/\\\/www.meydan.tv\\\/az\\\/article\\\/kecmis-icra-numayendesi-pay-torpagimdaki-16-cinari-kesib\\\/#primaryimage\",\"url\":\"https:\\\/\\\/www.meydan.tv\\\/wp-content\\\/uploads\\\/agstafa_huseyn_huseynov_shikayetci.jpg\",\"contentUrl\":\"https:\\\/\\\/www.meydan.tv\\\/wp-content\\\/uploads\\\/agstafa_huseyn_huseynov_shikayetci.jpg\",\"width\":1280,\"height\":720,\"caption\":\"H\u00fcseyn H\u00fcseynov. Fotolar: Meydan TV\"},{\"@type\":\"BreadcrumbList\",\"@id\":\"https:\\\/\\\/www.meydan.tv\\\/az\\\/article\\\/kecmis-icra-numayendesi-pay-torpagimdaki-16-cinari-kesib\\\/#breadcrumb\",\"itemListElement\":[{\"@type\":\"ListItem\",\"position\":1,\"name\":\"Ana s\u0259hif\u0259\",\"item\":\"https:\\\/\\\/www.meydan.tv\\\/az\\\/\"},{\"@type\":\"ListItem\",\"position\":2,\"name\":\"B\u00f6lg\u0259\",\"item\":\"https:\\\/\\\/www.meydan.tv\\\/az\\\/section\\\/bolge\\\/\"},{\"@type\":\"ListItem\",\"position\":3,\"name\":\"\u201cKe\u00e7mi\u015f icra n\u00fcmay\u0259nd\u0259si pay torpa\u011f\u0131mdak\u0131 16 \u00e7inar\u0131 k\u0259sib\u201d\u00a0\"}]},{\"@type\":\"WebSite\",\"@id\":\"https:\\\/\\\/www.meydan.tv\\\/az\\\/#website\",\"url\":\"https:\\\/\\\/www.meydan.tv\\\/az\\\/\",\"name\":\"MEYDAN.TV\",\"description\":\"Meydan TV Az\u0259rbaycan\u0131n media m\u0259kan\u0131ndak\u0131 alternativ s\u0259sidir\",\"publisher\":{\"@id\":\"https:\\\/\\\/www.meydan.tv\\\/az\\\/#organization\"},\"potentialAction\":[{\"@type\":\"SearchAction\",\"target\":{\"@type\":\"EntryPoint\",\"urlTemplate\":\"https:\\\/\\\/www.meydan.tv\\\/az\\\/?s={search_term_string}\"},\"query-input\":{\"@type\":\"PropertyValueSpecification\",\"valueRequired\":true,\"valueName\":\"search_term_string\"}}],\"inLanguage\":\"az\"},{\"@type\":\"Organization\",\"@id\":\"https:\\\/\\\/www.meydan.tv\\\/az\\\/#organization\",\"name\":\"Meydan TV\",\"url\":\"https:\\\/\\\/www.meydan.tv\\\/az\\\/\",\"logo\":{\"@type\":\"ImageObject\",\"inLanguage\":\"az\",\"@id\":\"https:\\\/\\\/www.meydan.tv\\\/az\\\/#\\\/schema\\\/logo\\\/image\\\/\",\"url\":\"https:\\\/\\\/www.meydan.tv\\\/wp-content\\\/uploads\\\/2021\\\/07\\\/meydan-logo.svg\",\"contentUrl\":\"https:\\\/\\\/www.meydan.tv\\\/wp-content\\\/uploads\\\/2021\\\/07\\\/meydan-logo.svg\",\"width\":195,\"height\":46,\"caption\":\"Meydan TV\"},\"image\":{\"@id\":\"https:\\\/\\\/www.meydan.tv\\\/az\\\/#\\\/schema\\\/logo\\\/image\\\/\"}},{\"@type\":\"Person\",\"@id\":\"https:\\\/\\\/www.meydan.tv\\\/az\\\/#\\\/schema\\\/person\\\/9cdbecf90d17180ce1dfbd95b08dcf47\",\"name\":\"elli\",\"sameAs\":[\"https:\\\/\\\/x.com\\\/elli\"]}]}<\/script>\n<!-- \/ Yoast SEO plugin. -->","yoast_head_json":{"title":"\u201cKe\u00e7mi\u015f icra n\u00fcmay\u0259nd\u0259si pay torpa\u011f\u0131mdak\u0131 16 \u00e7inar\u0131 k\u0259sib\u201d\u00a0 - MEYDAN.TV","robots":{"index":"index","follow":"follow","max-snippet":"max-snippet:-1","max-image-preview":"max-image-preview:large","max-video-preview":"max-video-preview:-1"},"canonical":"https:\/\/www.meydan.tv\/az\/article\/kecmis-icra-numayendesi-pay-torpagimdaki-16-cinari-kesib\/","og_locale":"az_AZ","og_type":"article","og_title":"\u201cKe\u00e7mi\u015f icra n\u00fcmay\u0259nd\u0259si pay torpa\u011f\u0131mdak\u0131 16 \u00e7inar\u0131 k\u0259sib\u201d\u00a0 - MEYDAN.TV","og_description":"A\u011fstafa sakini polis\u0259 v\u0259 nazirliy\u0259 \u015fikay\u0259t edib \u201c\u00d6t\u0259n il siz ... Davam\u0131","og_url":"https:\/\/www.meydan.tv\/az\/article\/kecmis-icra-numayendesi-pay-torpagimdaki-16-cinari-kesib\/","og_site_name":"MEYDAN.TV","article_published_time":"2022-12-27T08:11:31+00:00","article_modified_time":"2022-12-27T08:14:46+00:00","og_image":[{"width":1280,"height":720,"url":"https:\/\/www.meydan.tv\/wp-content\/uploads\/agstafa_huseyn_huseynov_shikayetci.jpg","type":"image\/jpeg"}],"author":"elli","twitter_card":"summary_large_image","twitter_creator":"@elli","schema":{"@context":"https:\/\/schema.org","@graph":[{"@type":"Article","@id":"https:\/\/www.meydan.tv\/az\/article\/kecmis-icra-numayendesi-pay-torpagimdaki-16-cinari-kesib\/#article","isPartOf":{"@id":"https:\/\/www.meydan.tv\/az\/article\/kecmis-icra-numayendesi-pay-torpagimdaki-16-cinari-kesib\/"},"author":{"name":"elli","@id":"https:\/\/www.meydan.tv\/az\/#\/schema\/person\/9cdbecf90d17180ce1dfbd95b08dcf47"},"headline":"\u201cKe\u00e7mi\u015f icra n\u00fcmay\u0259nd\u0259si pay torpa\u011f\u0131mdak\u0131 16 \u00e7inar\u0131 k\u0259sib\u201d\u00a0","datePublished":"2022-12-27T08:11:31+00:00","dateModified":"2022-12-27T08:14:46+00:00","mainEntityOfPage":{"@id":"https:\/\/www.meydan.tv\/az\/article\/kecmis-icra-numayendesi-pay-torpagimdaki-16-cinari-kesib\/"},"wordCount":614,"publisher":{"@id":"https:\/\/www.meydan.tv\/az\/#organization"},"image":{"@id":"https:\/\/www.meydan.tv\/az\/article\/kecmis-icra-numayendesi-pay-torpagimdaki-16-cinari-kesib\/#primaryimage"},"thumbnailUrl":"https:\/\/www.meydan.tv\/wp-content\/uploads\/agstafa_huseyn_huseynov_shikayetci.jpg","articleSection":["B\u00f6lg\u0259","T\u00f6vsiy\u0259","X\u0259b\u0259rl\u0259r"],"inLanguage":"az"},{"@type":"WebPage","@id":"https:\/\/www.meydan.tv\/az\/article\/kecmis-icra-numayendesi-pay-torpagimdaki-16-cinari-kesib\/","url":"https:\/\/www.meydan.tv\/az\/article\/kecmis-icra-numayendesi-pay-torpagimdaki-16-cinari-kesib\/","name":"\u201cKe\u00e7mi\u015f icra n\u00fcmay\u0259nd\u0259si pay torpa\u011f\u0131mdak\u0131 16 \u00e7inar\u0131 k\u0259sib\u201d\u00a0 - MEYDAN.TV","isPartOf":{"@id":"https:\/\/www.meydan.tv\/az\/#website"},"primaryImageOfPage":{"@id":"https:\/\/www.meydan.tv\/az\/article\/kecmis-icra-numayendesi-pay-torpagimdaki-16-cinari-kesib\/#primaryimage"},"image":{"@id":"https:\/\/www.meydan.tv\/az\/article\/kecmis-icra-numayendesi-pay-torpagimdaki-16-cinari-kesib\/#primaryimage"},"thumbnailUrl":"https:\/\/www.meydan.tv\/wp-content\/uploads\/agstafa_huseyn_huseynov_shikayetci.jpg","datePublished":"2022-12-27T08:11:31+00:00","dateModified":"2022-12-27T08:14:46+00:00","breadcrumb":{"@id":"https:\/\/www.meydan.tv\/az\/article\/kecmis-icra-numayendesi-pay-torpagimdaki-16-cinari-kesib\/#breadcrumb"},"inLanguage":"az","potentialAction":[{"@type":"ReadAction","target":["https:\/\/www.meydan.tv\/az\/article\/kecmis-icra-numayendesi-pay-torpagimdaki-16-cinari-kesib\/"]}]},{"@type":"ImageObject","inLanguage":"az","@id":"https:\/\/www.meydan.tv\/az\/article\/kecmis-icra-numayendesi-pay-torpagimdaki-16-cinari-kesib\/#primaryimage","url":"https:\/\/www.meydan.tv\/wp-content\/uploads\/agstafa_huseyn_huseynov_shikayetci.jpg","contentUrl":"https:\/\/www.meydan.tv\/wp-content\/uploads\/agstafa_huseyn_huseynov_shikayetci.jpg","width":1280,"height":720,"caption":"H\u00fcseyn H\u00fcseynov. Fotolar: Meydan TV"},{"@type":"BreadcrumbList","@id":"https:\/\/www.meydan.tv\/az\/article\/kecmis-icra-numayendesi-pay-torpagimdaki-16-cinari-kesib\/#breadcrumb","itemListElement":[{"@type":"ListItem","position":1,"name":"Ana s\u0259hif\u0259","item":"https:\/\/www.meydan.tv\/az\/"},{"@type":"ListItem","position":2,"name":"B\u00f6lg\u0259","item":"https:\/\/www.meydan.tv\/az\/section\/bolge\/"},{"@type":"ListItem","position":3,"name":"\u201cKe\u00e7mi\u015f icra n\u00fcmay\u0259nd\u0259si pay torpa\u011f\u0131mdak\u0131 16 \u00e7inar\u0131 k\u0259sib\u201d\u00a0"}]},{"@type":"WebSite","@id":"https:\/\/www.meydan.tv\/az\/#website","url":"https:\/\/www.meydan.tv\/az\/","name":"MEYDAN.TV","description":"Meydan TV Az\u0259rbaycan\u0131n media m\u0259kan\u0131ndak\u0131 alternativ s\u0259sidir","publisher":{"@id":"https:\/\/www.meydan.tv\/az\/#organization"},"potentialAction":[{"@type":"SearchAction","target":{"@type":"EntryPoint","urlTemplate":"https:\/\/www.meydan.tv\/az\/?s={search_term_string}"},"query-input":{"@type":"PropertyValueSpecification","valueRequired":true,"valueName":"search_term_string"}}],"inLanguage":"az"},{"@type":"Organization","@id":"https:\/\/www.meydan.tv\/az\/#organization","name":"Meydan TV","url":"https:\/\/www.meydan.tv\/az\/","logo":{"@type":"ImageObject","inLanguage":"az","@id":"https:\/\/www.meydan.tv\/az\/#\/schema\/logo\/image\/","url":"https:\/\/www.meydan.tv\/wp-content\/uploads\/2021\/07\/meydan-logo.svg","contentUrl":"https:\/\/www.meydan.tv\/wp-content\/uploads\/2021\/07\/meydan-logo.svg","width":195,"height":46,"caption":"Meydan TV"},"image":{"@id":"https:\/\/www.meydan.tv\/az\/#\/schema\/logo\/image\/"}},{"@type":"Person","@id":"https:\/\/www.meydan.tv\/az\/#\/schema\/person\/9cdbecf90d17180ce1dfbd95b08dcf47","name":"elli","sameAs":["https:\/\/x.com\/elli"]}]}},"_links":{"self":[{"href":"https:\/\/www.meydan.tv\/az\/wp-json\/wp\/v2\/posts\/264520","targetHints":{"allow":["GET"]}}],"collection":[{"href":"https:\/\/www.meydan.tv\/az\/wp-json\/wp\/v2\/posts"}],"about":[{"href":"https:\/\/www.meydan.tv\/az\/wp-json\/wp\/v2\/types\/post"}],"author":[{"embeddable":true,"href":"https:\/\/www.meydan.tv\/az\/wp-json\/wp\/v2\/users\/8"}],"replies":[{"embeddable":true,"href":"https:\/\/www.meydan.tv\/az\/wp-json\/wp\/v2\/comments?post=264520"}],"version-history":[{"count":2,"href":"https:\/\/www.meydan.tv\/az\/wp-json\/wp\/v2\/posts\/264520\/revisions"}],"predecessor-version":[{"id":264522,"href":"https:\/\/www.meydan.tv\/az\/wp-json\/wp\/v2\/posts\/264520\/revisions\/264522"}],"wp:featuredmedia":[{"embeddable":true,"href":"https:\/\/www.meydan.tv\/az\/wp-json\/wp\/v2\/media\/264517"}],"wp:attachment":[{"href":"https:\/\/www.meydan.tv\/az\/wp-json\/wp\/v2\/media?parent=264520"}],"wp:term":[{"taxonomy":"category","embeddable":true,"href":"https:\/\/www.meydan.tv\/az\/wp-json\/wp\/v2\/categories?post=264520"},{"taxonomy":"post_tag","embeddable":true,"href":"https:\/\/www.meydan.tv\/az\/wp-json\/wp\/v2\/tags?post=264520"}],"curies":[{"name":"wp","href":"https:\/\/api.w.org\/{rel}","templated":true}]}}