{"id":264493,"date":"2022-12-26T18:11:59","date_gmt":"2022-12-26T14:11:59","guid":{"rendered":"https:\/\/www.meydan.tv\/?p=264493"},"modified":"2022-12-26T18:12:02","modified_gmt":"2022-12-26T14:12:02","slug":"sefiqe-memmedovanin-sedrliyi-qeyde-alinsa-nazirliyi-mehkemeye-vereceyem","status":"publish","type":"post","link":"https:\/\/www.meydan.tv\/az\/article\/sefiqe-memmedovanin-sedrliyi-qeyde-alinsa-nazirliyi-mehkemeye-vereceyem\/","title":{"rendered":"<strong>&#8220;\u015e\u0259fiq\u0259 M\u0259mm\u0259dovan\u0131n s\u0259drliyi qeyd\u0259 al\u0131nsa, nazirliyi m\u0259hk\u0259m\u0259y\u0259 ver\u0259c\u0259y\u0259m&#8221;<\/strong>"},"content":{"rendered":"\n<p><\/p>\n\n\n\n<p><em>Xalq artisti deyir ki, d\u00f6vl\u0259t s\u0259viyy\u0259sind\u0259 qurultay ke\u00e7irilm\u0259li, s\u0259dr v\u0259 \u0130dar\u0259 Hey\u0259ti se\u00e7ilm\u0259lidir<\/em><\/p>\n\n\n\n<p>\u201c\u018fg\u0259r \u018fdliyy\u0259 Nazirliyi \u015e\u0259fiq\u0259 M\u0259mm\u0259dovan\u0131n Kinematoqraf\u00e7\u0131lar \u0130ttifaq\u0131n\u0131n \u0130dar\u0259 Hey\u0259tinin s\u0259dri se\u00e7ilm\u0259sini qeyd\u0259 alsa, qurumu m\u0259hk\u0259m\u0259y\u0259 ver\u0259c\u0259y\u0259m. D\u00f6vl\u0259t s\u0259viyy\u0259sind\u0259 qurultay ke\u00e7irilm\u0259lidir. S\u0259dr v\u0259 \u0130dar\u0259 Hey\u0259ti kino xadiml\u0259rinin i\u015ftirak\u0131 il\u0259 bir yerd\u0259 se\u00e7ilm\u0259lidir\u201d.<\/p>\n\n\n\n<p>Bunu Az\u0259rbaycan Respublikas\u0131 Kinematoqraf\u00e7\u0131lar \u0130ttifaq\u0131n\u0131n (ARK\u0130) \u00fczv\u00fc, Xalq artisti \u015eeyx \u018fbd\u00fcl Mahmudovb\u0259yov \u201c<a href=\"http:\/\/musavat.com\/\" target=\"_blank\" rel=\"noreferrer noopener\">Musavat.com<\/a>\u201da <a href=\"https:\/\/musavat.com\/news\/seyx-ebdulden-sensasion-aciqlama-oz-kefini-cekir-deyir-arxamda-filankes-dayanib_945729.html\" target=\"_blank\" rel=\"noreferrer noopener\">deyib<\/a>. <\/p>\n\n\n\n<p>O bildirib ki, 2022-ci il dekabr\u0131n 17-d\u0259 ARK\u0130-d\u0259 ke\u00e7iril\u0259n qurultay qeyri-\u015f\u0259ffaf olub.<\/p>\n\n\n\n<p>ARK\u0130-nin sayt\u0131nda yerl\u0259\u015fdiril\u0259n m\u0259lumatda deyilir ki, dekabr\u0131n 17-d\u0259 \u0130ttifaq\u0131n nizamnam\u0259sin\u0259 uy\u011fun uy\u011fun olaraq n\u00f6vb\u0259ti \u00fcmumi y\u0131\u011f\u0131ncaq <a href=\"https:\/\/www.arki.az\/az\/news\/867\/azerbaycan-respublikasi-kinematoqrafcilar-ittifaqi-uzvlerinin-umumi-yigincagi-kecirilmisdir\" target=\"_blank\" rel=\"noreferrer noopener\">ke\u00e7irilib<\/a>.<\/p>\n\n\n\n<p>\u015e\u0259fiq\u0259 M\u0259mm\u0259dova iclas i\u015ftirak\u00e7\u0131lar\u0131n\u0131n yekdil raz\u0131l\u0131\u011f\u0131na \u0259sas\u0259n, yenid\u0259n ARK\u0130-nin \u0130dar\u0259 Hey\u0259tinin s\u0259dri se\u00e7ilib.<\/p>\n\n\n\n<p>Bu x\u0259b\u0259rd\u0259n sonra ARK\u0130 \u00fczvl\u0259ri aras\u0131nda g\u0259rginlik ya\u015fand\u0131\u011f\u0131 bildirilir.<\/p>\n\n\n\n<p>\u0130ttifaq\u0131n \u00fczv\u00fc \u015eeyx \u018fbd\u00fcl Mahmudovb\u0259yov deyib ki, qurultay\u0131n ke\u00e7irilm\u0259sind\u0259n x\u0259b\u0259rsiz olub:<\/p>\n\n\n<div class=\"wp-block-image\">\n<figure class=\"aligncenter size-full\"><img decoding=\"async\" data-src=\"https:\/\/www.meydan.tv\/wp-content\/uploads\/9777789.jpg\" alt=\"\" class=\"wp-image-264497 lazyload\" src=\"data:image\/svg+xml;base64,PHN2ZyB3aWR0aD0iMSIgaGVpZ2h0PSIxIiB4bWxucz0iaHR0cDovL3d3dy53My5vcmcvMjAwMC9zdmciPjwvc3ZnPg==\" style=\"--smush-placeholder-width: 1000px; --smush-placeholder-aspect-ratio: 1000\/617;\" \/><figcaption class=\"wp-element-caption\"> \u015e\u0259fiq\u0259 M\u0259mm\u0259dova v\u0259 \u015eeyx \u018fbd\u00fcl Mahmudovb\u0259yov.\nFoto: &#8220;azerforum.az&#8221;<\/figcaption><\/figure>\n<\/div>\n\n\n<p>\u201cS\u0259sverm\u0259 5 ild\u0259n bir olur, bizd\u0259 is\u0259 8 ildir ke\u00e7irilmir. \u00c7ox t\u0259\u0259ss\u00fcf ki, r\u0259smi d\u00f6vl\u0259t adamlar\u0131n\u0131n ad\u0131 il\u0259 alver edibl\u0259r. S\u0259dr, katib qeyri-legitimdir. 3-5 n\u0259f\u0259rl\u0259 s\u0259dr se\u00e7ibl\u0259r. \u0130dar\u0259 Hey\u0259tind\u0259 olanlardan \u00fc\u00e7\u00fc v\u0259fat edib, biri is\u0259 imtina ed\u0259r\u0259k gedib. \u0130dar\u0259 Hey\u0259ti d\u0259 qeyri-legitimdir. Orada i\u015ftirak ed\u0259n 1 \u00fczv m\u0259n\u0259 dedi ki, g\u00f6rd\u00fcm biab\u0131r\u00e7\u0131l\u0131qd\u0131r, durub getdim. Bu, biab\u0131r\u00e7\u0131l\u0131q, r\u00fcsvay\u00e7\u0131l\u0131qd\u0131r. Onlar\u0131n kinoya aidiyy\u0259ti yoxdur. \u0130lin sonunda hesabat ad\u0131yla y\u0131\u011f\u0131\u015f\u0131b s\u0259dr se\u00e7ibl\u0259r. S\u0259drin d\u0259 bir ya\u015f h\u0259ddi olmal\u0131d\u0131r. \u015e\u0259fiq\u0259 M\u0259mm\u0259dovan\u0131n 78 ya\u015f\u0131 var\u201d.<\/p>\n\n\n\n<p>Rejissor deyib ki, d\u00f6vl\u0259t s\u0259viyy\u0259sind\u0259 qurultay ke\u00e7irilm\u0259lidir. S\u0259dr v\u0259 \u0130dar\u0259 Hey\u0259ti kino xadiml\u0259rinin i\u015ftirak\u0131 il\u0259 bir yerd\u0259 se\u00e7ilm\u0259lidir.<\/p>\n\n\n\n<p>Xalq artisti \u015e\u0259fiq\u0259 M\u0259mm\u0259dova m\u0259s\u0259l\u0259y\u0259 m\u00fcnasib\u0259t bildirm\u0259yib.<\/p>\n\n\n<div class=\"wp-block-image\">\n<figure class=\"aligncenter size-large\"><img decoding=\"async\" data-src=\"https:\/\/www.meydan.tv\/wp-content\/uploads\/41330-1200x800.jpg\" alt=\"Ayaz Salayev\" class=\"wp-image-104178 lazyload\" src=\"data:image\/svg+xml;base64,PHN2ZyB3aWR0aD0iMSIgaGVpZ2h0PSIxIiB4bWxucz0iaHR0cDovL3d3dy53My5vcmcvMjAwMC9zdmciPjwvc3ZnPg==\" style=\"--smush-placeholder-width: 1200px; --smush-placeholder-aspect-ratio: 1200\/800;\" \/><figcaption class=\"wp-element-caption\">Foto: sosial \u015f\u0259b\u0259k\u0259 <\/figcaption><\/figure>\n<\/div>\n\n\n<p>ARK\u0130 katibi Ayaz Salayev APA-ya a\u00e7\u0131qlamas\u0131nda deyib ki, \u0130ttifaq\u0131n dekabr\u0131n 17-d\u0259 ke\u00e7iri\u0259n t\u0259dbiri qurultay deyil, iclas <a href=\"https:\/\/apa.az\/az\/incesenet\/ayaz-salayev-arki-de-sedr-seckisinin-kecirilmediyini-etiraf-edib-739475\" target=\"_blank\" rel=\"noreferrer noopener\">olub<\/a>:<\/p>\n\n\n\n<p>\u201cM\u0259qs\u0259d, bir n\u00f6v, \u015e\u0259fiq\u0259 M\u0259mm\u0259dovan\u0131n namiz\u0259dliyini d\u0259st\u0259kl\u0259m\u0259k idi. Ola bilsin ki, ir\u0259lil\u0259y\u0259n g\u00fcnl\u0259rd\u0259 qurultay ke\u00e7irilsin. Bir daha t\u0259krar edir\u0259m, bu, se\u00e7ki deyildi, sad\u0259c\u0259 d\u0259st\u0259k m\u0259qs\u0259dli iclas idi\u201d.<\/p>\n\n\n\n<p>\u0130ttifaq\u0131n \u0130dar\u0259 hey\u0259tinin \u00fczv\u00fc, \u018fm\u0259kdar \u0130nc\u0259s\u0259n\u0259t xadimi, rejissor M\u00fc\u015ffiq H\u0259t\u0259mov Meydan TV-y\u0259 deyib ki, iclasda&nbsp; katiblik v\u0259 \u0130dar\u0259 Hey\u0259tinin \u00fczvl\u0259ri olmaqla q\u0131rx n\u0259f\u0259r i\u015ftirak edib:<\/p>\n\n\n\n<p>\u201cOrada h\u00fcquq\u015f\u00fcnas bel\u0259 bir fikir s\u00f6yl\u0259di ki, Nizamnam\u0259y\u0259 \u0259sas\u0259n, iclas \u015f\u0259klind\u0259 s\u0259dr se\u00e7il\u0259 bil\u0259r. Bundan sonra s\u0259sverm\u0259 oldu, \u015e\u0259fiq\u0259 xan\u0131m se\u00e7ildi. Sad\u0259c\u0259, m\u0259n iclasda sona q\u0259d\u0259r qala bilm\u0259dim\u201d.<\/p>\n\n\n<div class=\"wp-block-image\">\n<figure class=\"aligncenter size-large\"><img decoding=\"async\" width=\"1200\" height=\"799\" data-src=\"https:\/\/www.meydan.tv\/wp-content\/uploads\/43946-1200x799.jpg\" alt=\"M\u00fc\u015ffiq H\u0259t\u0259mov\" class=\"wp-image-110456 lazyload\" src=\"data:image\/svg+xml;base64,PHN2ZyB3aWR0aD0iMSIgaGVpZ2h0PSIxIiB4bWxucz0iaHR0cDovL3d3dy53My5vcmcvMjAwMC9zdmciPjwvc3ZnPg==\" style=\"--smush-placeholder-width: 1200px; --smush-placeholder-aspect-ratio: 1200\/799;\" \/><figcaption class=\"wp-element-caption\">Foto: APA <\/figcaption><\/figure>\n<\/div>\n\n\n<p>Az\u0259rbaycan Respublikas\u0131 Kinematoqraf\u00e7\u0131lar \u0130ttifaq\u0131 (ARK\u0130) 2012-ci ild\u0259 yarad\u0131l\u0131b.<\/p>\n\n\n\n<p>H\u0259min ild\u0259n \u0130ttifaqa Xalq artisti, aktrisa \u015e\u0259fiq\u0259 M\u0259mm\u0259dova r\u0259hb\u0259rlik edir.<\/p>\n\n\n\n<p>\u0130ttfaq\u0131n icra\u00e7\u0131 katibi \u018fm\u0259kdar inc\u0259s\u0259n\u0259t xadimi, kinorejissor C\u0259mil Quliyevdir.<\/p>\n\n\n\n<p>\u0130dar\u0259 hey\u0259tinin \u00fczvl\u0259ri \u0130dar\u0259 hey\u0259ti Xalq artist, rejissor Vaqif Mustafayev, Xalq artisti, ssenarist Ramiz F\u0259t\u0259liyev, &#8211; \u018fm\u0259kdar inc\u0259s\u0259n\u0259t xadimi, rejissor M\u00fc\u015ffiq H\u0259t\u0259mov, Milli Konservatoriyas\u0131n\u0131n rektoru, Xalq artisti S\u0259yavu\u015f K\u0259rimi, Xalq artisti, rejissor Oqtay Mirqas\u0131mov, \u018fm\u0259kdar inc\u0259s\u0259n\u0259t xadimi, kinorejissor Ayaz Salayev, \u018fm\u0259kdar M\u0259d\u0259niyy\u0259t i\u015f\u00e7isi, \u201cN\u0259rimanfilm\u201d kinostudiyas\u0131n\u0131n r\u0259hb\u0259ri N\u0259riman M\u0259mm\u0259dovdur.<\/p>\n","protected":false},"excerpt":{"rendered":"<p>Xalq artisti deyir ki, d\u00f6vl\u0259t s\u0259viyy\u0259sind\u0259 qurultay ke\u00e7irilm\u0259li, s\u0259dr v\u0259 &#8230; <\/p>\n<p class=\"read-more-container\"><a title=\"&#8220;\u015e\u0259fiq\u0259 M\u0259mm\u0259dovan\u0131n s\u0259drliyi qeyd\u0259 al\u0131nsa, nazirliyi m\u0259hk\u0259m\u0259y\u0259 ver\u0259c\u0259y\u0259m&#8221;\" class=\"read-more button\" href=\"https:\/\/www.meydan.tv\/az\/article\/sefiqe-memmedovanin-sedrliyi-qeyde-alinsa-nazirliyi-mehkemeye-vereceyem\/#more-264493\" aria-label=\"Read more about &#8220;\u015e\u0259fiq\u0259 M\u0259mm\u0259dovan\u0131n s\u0259drliyi qeyd\u0259 al\u0131nsa, nazirliyi m\u0259hk\u0259m\u0259y\u0259 ver\u0259c\u0259y\u0259m&#8221;\">Davam\u0131<\/a><\/p>\n","protected":false},"author":8,"featured_media":264494,"comment_status":"closed","ping_status":"closed","sticky":false,"template":"","format":"standard","meta":{"_acf_changed":false,"_sitemap_exclude":false,"_sitemap_priority":"","_sitemap_frequency":"","footnotes":""},"categories":[52,56],"tags":[],"class_list":["post-264493","post","type-post","status-publish","format-standard","has-post-thumbnail","hentry","category-medeniyyet","category-xeberler","infinite-scroll-item","generate-columns","tablet-grid-50","mobile-grid-100","grid-parent","grid-33","no-featured-image-padding"],"acf":[],"yoast_head":"<!-- This site is optimized with the Yoast SEO plugin v27.4 - https:\/\/yoast.com\/product\/yoast-seo-wordpress\/ -->\n<title>&quot;\u015e\u0259fiq\u0259 M\u0259mm\u0259dovan\u0131n s\u0259drliyi qeyd\u0259 al\u0131nsa, nazirliyi m\u0259hk\u0259m\u0259y\u0259 ver\u0259c\u0259y\u0259m&quot; - MEYDAN.TV<\/title>\n<meta name=\"robots\" content=\"index, follow, max-snippet:-1, max-image-preview:large, max-video-preview:-1\" \/>\n<link rel=\"canonical\" href=\"https:\/\/www.meydan.tv\/az\/article\/sefiqe-memmedovanin-sedrliyi-qeyde-alinsa-nazirliyi-mehkemeye-vereceyem\/\" \/>\n<meta property=\"og:locale\" content=\"az_AZ\" \/>\n<meta property=\"og:type\" content=\"article\" \/>\n<meta property=\"og:title\" content=\"&quot;\u015e\u0259fiq\u0259 M\u0259mm\u0259dovan\u0131n s\u0259drliyi qeyd\u0259 al\u0131nsa, nazirliyi m\u0259hk\u0259m\u0259y\u0259 ver\u0259c\u0259y\u0259m&quot; - MEYDAN.TV\" \/>\n<meta property=\"og:description\" content=\"Xalq artisti deyir ki, d\u00f6vl\u0259t s\u0259viyy\u0259sind\u0259 qurultay ke\u00e7irilm\u0259li, s\u0259dr v\u0259 ... Davam\u0131\" \/>\n<meta property=\"og:url\" content=\"https:\/\/www.meydan.tv\/az\/article\/sefiqe-memmedovanin-sedrliyi-qeyde-alinsa-nazirliyi-mehkemeye-vereceyem\/\" \/>\n<meta property=\"og:site_name\" content=\"MEYDAN.TV\" \/>\n<meta property=\"article:published_time\" content=\"2022-12-26T14:11:59+00:00\" \/>\n<meta property=\"article:modified_time\" content=\"2022-12-26T14:12:02+00:00\" \/>\n<meta property=\"og:image\" content=\"https:\/\/www.meydan.tv\/wp-content\/uploads\/kinematoqrafchilar_ittifaqi_030322_1.jpg\" \/>\n\t<meta property=\"og:image:width\" content=\"1200\" \/>\n\t<meta property=\"og:image:height\" content=\"900\" \/>\n\t<meta property=\"og:image:type\" content=\"image\/jpeg\" \/>\n<meta name=\"author\" content=\"elli\" \/>\n<meta name=\"twitter:card\" content=\"summary_large_image\" \/>\n<meta name=\"twitter:creator\" content=\"@elli\" \/>\n<script type=\"application\/ld+json\" class=\"yoast-schema-graph\">{\"@context\":\"https:\\\/\\\/schema.org\",\"@graph\":[{\"@type\":\"Article\",\"@id\":\"https:\\\/\\\/www.meydan.tv\\\/az\\\/article\\\/sefiqe-memmedovanin-sedrliyi-qeyde-alinsa-nazirliyi-mehkemeye-vereceyem\\\/#article\",\"isPartOf\":{\"@id\":\"https:\\\/\\\/www.meydan.tv\\\/az\\\/article\\\/sefiqe-memmedovanin-sedrliyi-qeyde-alinsa-nazirliyi-mehkemeye-vereceyem\\\/\"},\"author\":{\"name\":\"elli\",\"@id\":\"https:\\\/\\\/www.meydan.tv\\\/az\\\/#\\\/schema\\\/person\\\/9cdbecf90d17180ce1dfbd95b08dcf47\"},\"headline\":\"&#8220;\u015e\u0259fiq\u0259 M\u0259mm\u0259dovan\u0131n s\u0259drliyi qeyd\u0259 al\u0131nsa, nazirliyi m\u0259hk\u0259m\u0259y\u0259 ver\u0259c\u0259y\u0259m&#8221;\",\"datePublished\":\"2022-12-26T14:11:59+00:00\",\"dateModified\":\"2022-12-26T14:12:02+00:00\",\"mainEntityOfPage\":{\"@id\":\"https:\\\/\\\/www.meydan.tv\\\/az\\\/article\\\/sefiqe-memmedovanin-sedrliyi-qeyde-alinsa-nazirliyi-mehkemeye-vereceyem\\\/\"},\"wordCount\":712,\"publisher\":{\"@id\":\"https:\\\/\\\/www.meydan.tv\\\/az\\\/#organization\"},\"image\":{\"@id\":\"https:\\\/\\\/www.meydan.tv\\\/az\\\/article\\\/sefiqe-memmedovanin-sedrliyi-qeyde-alinsa-nazirliyi-mehkemeye-vereceyem\\\/#primaryimage\"},\"thumbnailUrl\":\"https:\\\/\\\/www.meydan.tv\\\/wp-content\\\/uploads\\\/kinematoqrafchilar_ittifaqi_030322_1.jpg\",\"articleSection\":[\"M\u0259d\u0259niyy\u0259t\",\"X\u0259b\u0259rl\u0259r\"],\"inLanguage\":\"az\"},{\"@type\":\"WebPage\",\"@id\":\"https:\\\/\\\/www.meydan.tv\\\/az\\\/article\\\/sefiqe-memmedovanin-sedrliyi-qeyde-alinsa-nazirliyi-mehkemeye-vereceyem\\\/\",\"url\":\"https:\\\/\\\/www.meydan.tv\\\/az\\\/article\\\/sefiqe-memmedovanin-sedrliyi-qeyde-alinsa-nazirliyi-mehkemeye-vereceyem\\\/\",\"name\":\"\\\"\u015e\u0259fiq\u0259 M\u0259mm\u0259dovan\u0131n s\u0259drliyi qeyd\u0259 al\u0131nsa, nazirliyi m\u0259hk\u0259m\u0259y\u0259 ver\u0259c\u0259y\u0259m\\\" - MEYDAN.TV\",\"isPartOf\":{\"@id\":\"https:\\\/\\\/www.meydan.tv\\\/az\\\/#website\"},\"primaryImageOfPage\":{\"@id\":\"https:\\\/\\\/www.meydan.tv\\\/az\\\/article\\\/sefiqe-memmedovanin-sedrliyi-qeyde-alinsa-nazirliyi-mehkemeye-vereceyem\\\/#primaryimage\"},\"image\":{\"@id\":\"https:\\\/\\\/www.meydan.tv\\\/az\\\/article\\\/sefiqe-memmedovanin-sedrliyi-qeyde-alinsa-nazirliyi-mehkemeye-vereceyem\\\/#primaryimage\"},\"thumbnailUrl\":\"https:\\\/\\\/www.meydan.tv\\\/wp-content\\\/uploads\\\/kinematoqrafchilar_ittifaqi_030322_1.jpg\",\"datePublished\":\"2022-12-26T14:11:59+00:00\",\"dateModified\":\"2022-12-26T14:12:02+00:00\",\"breadcrumb\":{\"@id\":\"https:\\\/\\\/www.meydan.tv\\\/az\\\/article\\\/sefiqe-memmedovanin-sedrliyi-qeyde-alinsa-nazirliyi-mehkemeye-vereceyem\\\/#breadcrumb\"},\"inLanguage\":\"az\",\"potentialAction\":[{\"@type\":\"ReadAction\",\"target\":[\"https:\\\/\\\/www.meydan.tv\\\/az\\\/article\\\/sefiqe-memmedovanin-sedrliyi-qeyde-alinsa-nazirliyi-mehkemeye-vereceyem\\\/\"]}]},{\"@type\":\"ImageObject\",\"inLanguage\":\"az\",\"@id\":\"https:\\\/\\\/www.meydan.tv\\\/az\\\/article\\\/sefiqe-memmedovanin-sedrliyi-qeyde-alinsa-nazirliyi-mehkemeye-vereceyem\\\/#primaryimage\",\"url\":\"https:\\\/\\\/www.meydan.tv\\\/wp-content\\\/uploads\\\/kinematoqrafchilar_ittifaqi_030322_1.jpg\",\"contentUrl\":\"https:\\\/\\\/www.meydan.tv\\\/wp-content\\\/uploads\\\/kinematoqrafchilar_ittifaqi_030322_1.jpg\",\"width\":1200,\"height\":900,\"caption\":\"Az\u0259rbaycan Kinematoqraf\u00e7\u0131lar \u0130ttifaq\u0131. Foto: Trend\"},{\"@type\":\"BreadcrumbList\",\"@id\":\"https:\\\/\\\/www.meydan.tv\\\/az\\\/article\\\/sefiqe-memmedovanin-sedrliyi-qeyde-alinsa-nazirliyi-mehkemeye-vereceyem\\\/#breadcrumb\",\"itemListElement\":[{\"@type\":\"ListItem\",\"position\":1,\"name\":\"Ana s\u0259hif\u0259\",\"item\":\"https:\\\/\\\/www.meydan.tv\\\/az\\\/\"},{\"@type\":\"ListItem\",\"position\":2,\"name\":\"M\u0259d\u0259niyy\u0259t\",\"item\":\"https:\\\/\\\/www.meydan.tv\\\/az\\\/section\\\/medeniyyet\\\/\"},{\"@type\":\"ListItem\",\"position\":3,\"name\":\"&#8220;\u015e\u0259fiq\u0259 M\u0259mm\u0259dovan\u0131n s\u0259drliyi qeyd\u0259 al\u0131nsa, nazirliyi m\u0259hk\u0259m\u0259y\u0259 ver\u0259c\u0259y\u0259m&#8221;\"}]},{\"@type\":\"WebSite\",\"@id\":\"https:\\\/\\\/www.meydan.tv\\\/az\\\/#website\",\"url\":\"https:\\\/\\\/www.meydan.tv\\\/az\\\/\",\"name\":\"MEYDAN.TV\",\"description\":\"Meydan TV Az\u0259rbaycan\u0131n media m\u0259kan\u0131ndak\u0131 alternativ s\u0259sidir\",\"publisher\":{\"@id\":\"https:\\\/\\\/www.meydan.tv\\\/az\\\/#organization\"},\"potentialAction\":[{\"@type\":\"SearchAction\",\"target\":{\"@type\":\"EntryPoint\",\"urlTemplate\":\"https:\\\/\\\/www.meydan.tv\\\/az\\\/?s={search_term_string}\"},\"query-input\":{\"@type\":\"PropertyValueSpecification\",\"valueRequired\":true,\"valueName\":\"search_term_string\"}}],\"inLanguage\":\"az\"},{\"@type\":\"Organization\",\"@id\":\"https:\\\/\\\/www.meydan.tv\\\/az\\\/#organization\",\"name\":\"Meydan TV\",\"url\":\"https:\\\/\\\/www.meydan.tv\\\/az\\\/\",\"logo\":{\"@type\":\"ImageObject\",\"inLanguage\":\"az\",\"@id\":\"https:\\\/\\\/www.meydan.tv\\\/az\\\/#\\\/schema\\\/logo\\\/image\\\/\",\"url\":\"https:\\\/\\\/www.meydan.tv\\\/wp-content\\\/uploads\\\/2021\\\/07\\\/meydan-logo.svg\",\"contentUrl\":\"https:\\\/\\\/www.meydan.tv\\\/wp-content\\\/uploads\\\/2021\\\/07\\\/meydan-logo.svg\",\"width\":195,\"height\":46,\"caption\":\"Meydan TV\"},\"image\":{\"@id\":\"https:\\\/\\\/www.meydan.tv\\\/az\\\/#\\\/schema\\\/logo\\\/image\\\/\"}},{\"@type\":\"Person\",\"@id\":\"https:\\\/\\\/www.meydan.tv\\\/az\\\/#\\\/schema\\\/person\\\/9cdbecf90d17180ce1dfbd95b08dcf47\",\"name\":\"elli\",\"sameAs\":[\"https:\\\/\\\/x.com\\\/elli\"]}]}<\/script>\n<!-- \/ Yoast SEO plugin. -->","yoast_head_json":{"title":"\"\u015e\u0259fiq\u0259 M\u0259mm\u0259dovan\u0131n s\u0259drliyi qeyd\u0259 al\u0131nsa, nazirliyi m\u0259hk\u0259m\u0259y\u0259 ver\u0259c\u0259y\u0259m\" - MEYDAN.TV","robots":{"index":"index","follow":"follow","max-snippet":"max-snippet:-1","max-image-preview":"max-image-preview:large","max-video-preview":"max-video-preview:-1"},"canonical":"https:\/\/www.meydan.tv\/az\/article\/sefiqe-memmedovanin-sedrliyi-qeyde-alinsa-nazirliyi-mehkemeye-vereceyem\/","og_locale":"az_AZ","og_type":"article","og_title":"\"\u015e\u0259fiq\u0259 M\u0259mm\u0259dovan\u0131n s\u0259drliyi qeyd\u0259 al\u0131nsa, nazirliyi m\u0259hk\u0259m\u0259y\u0259 ver\u0259c\u0259y\u0259m\" - MEYDAN.TV","og_description":"Xalq artisti deyir ki, d\u00f6vl\u0259t s\u0259viyy\u0259sind\u0259 qurultay ke\u00e7irilm\u0259li, s\u0259dr v\u0259 ... Davam\u0131","og_url":"https:\/\/www.meydan.tv\/az\/article\/sefiqe-memmedovanin-sedrliyi-qeyde-alinsa-nazirliyi-mehkemeye-vereceyem\/","og_site_name":"MEYDAN.TV","article_published_time":"2022-12-26T14:11:59+00:00","article_modified_time":"2022-12-26T14:12:02+00:00","og_image":[{"width":1200,"height":900,"url":"https:\/\/www.meydan.tv\/wp-content\/uploads\/kinematoqrafchilar_ittifaqi_030322_1.jpg","type":"image\/jpeg"}],"author":"elli","twitter_card":"summary_large_image","twitter_creator":"@elli","schema":{"@context":"https:\/\/schema.org","@graph":[{"@type":"Article","@id":"https:\/\/www.meydan.tv\/az\/article\/sefiqe-memmedovanin-sedrliyi-qeyde-alinsa-nazirliyi-mehkemeye-vereceyem\/#article","isPartOf":{"@id":"https:\/\/www.meydan.tv\/az\/article\/sefiqe-memmedovanin-sedrliyi-qeyde-alinsa-nazirliyi-mehkemeye-vereceyem\/"},"author":{"name":"elli","@id":"https:\/\/www.meydan.tv\/az\/#\/schema\/person\/9cdbecf90d17180ce1dfbd95b08dcf47"},"headline":"&#8220;\u015e\u0259fiq\u0259 M\u0259mm\u0259dovan\u0131n s\u0259drliyi qeyd\u0259 al\u0131nsa, nazirliyi m\u0259hk\u0259m\u0259y\u0259 ver\u0259c\u0259y\u0259m&#8221;","datePublished":"2022-12-26T14:11:59+00:00","dateModified":"2022-12-26T14:12:02+00:00","mainEntityOfPage":{"@id":"https:\/\/www.meydan.tv\/az\/article\/sefiqe-memmedovanin-sedrliyi-qeyde-alinsa-nazirliyi-mehkemeye-vereceyem\/"},"wordCount":712,"publisher":{"@id":"https:\/\/www.meydan.tv\/az\/#organization"},"image":{"@id":"https:\/\/www.meydan.tv\/az\/article\/sefiqe-memmedovanin-sedrliyi-qeyde-alinsa-nazirliyi-mehkemeye-vereceyem\/#primaryimage"},"thumbnailUrl":"https:\/\/www.meydan.tv\/wp-content\/uploads\/kinematoqrafchilar_ittifaqi_030322_1.jpg","articleSection":["M\u0259d\u0259niyy\u0259t","X\u0259b\u0259rl\u0259r"],"inLanguage":"az"},{"@type":"WebPage","@id":"https:\/\/www.meydan.tv\/az\/article\/sefiqe-memmedovanin-sedrliyi-qeyde-alinsa-nazirliyi-mehkemeye-vereceyem\/","url":"https:\/\/www.meydan.tv\/az\/article\/sefiqe-memmedovanin-sedrliyi-qeyde-alinsa-nazirliyi-mehkemeye-vereceyem\/","name":"\"\u015e\u0259fiq\u0259 M\u0259mm\u0259dovan\u0131n s\u0259drliyi qeyd\u0259 al\u0131nsa, nazirliyi m\u0259hk\u0259m\u0259y\u0259 ver\u0259c\u0259y\u0259m\" - MEYDAN.TV","isPartOf":{"@id":"https:\/\/www.meydan.tv\/az\/#website"},"primaryImageOfPage":{"@id":"https:\/\/www.meydan.tv\/az\/article\/sefiqe-memmedovanin-sedrliyi-qeyde-alinsa-nazirliyi-mehkemeye-vereceyem\/#primaryimage"},"image":{"@id":"https:\/\/www.meydan.tv\/az\/article\/sefiqe-memmedovanin-sedrliyi-qeyde-alinsa-nazirliyi-mehkemeye-vereceyem\/#primaryimage"},"thumbnailUrl":"https:\/\/www.meydan.tv\/wp-content\/uploads\/kinematoqrafchilar_ittifaqi_030322_1.jpg","datePublished":"2022-12-26T14:11:59+00:00","dateModified":"2022-12-26T14:12:02+00:00","breadcrumb":{"@id":"https:\/\/www.meydan.tv\/az\/article\/sefiqe-memmedovanin-sedrliyi-qeyde-alinsa-nazirliyi-mehkemeye-vereceyem\/#breadcrumb"},"inLanguage":"az","potentialAction":[{"@type":"ReadAction","target":["https:\/\/www.meydan.tv\/az\/article\/sefiqe-memmedovanin-sedrliyi-qeyde-alinsa-nazirliyi-mehkemeye-vereceyem\/"]}]},{"@type":"ImageObject","inLanguage":"az","@id":"https:\/\/www.meydan.tv\/az\/article\/sefiqe-memmedovanin-sedrliyi-qeyde-alinsa-nazirliyi-mehkemeye-vereceyem\/#primaryimage","url":"https:\/\/www.meydan.tv\/wp-content\/uploads\/kinematoqrafchilar_ittifaqi_030322_1.jpg","contentUrl":"https:\/\/www.meydan.tv\/wp-content\/uploads\/kinematoqrafchilar_ittifaqi_030322_1.jpg","width":1200,"height":900,"caption":"Az\u0259rbaycan Kinematoqraf\u00e7\u0131lar \u0130ttifaq\u0131. Foto: Trend"},{"@type":"BreadcrumbList","@id":"https:\/\/www.meydan.tv\/az\/article\/sefiqe-memmedovanin-sedrliyi-qeyde-alinsa-nazirliyi-mehkemeye-vereceyem\/#breadcrumb","itemListElement":[{"@type":"ListItem","position":1,"name":"Ana s\u0259hif\u0259","item":"https:\/\/www.meydan.tv\/az\/"},{"@type":"ListItem","position":2,"name":"M\u0259d\u0259niyy\u0259t","item":"https:\/\/www.meydan.tv\/az\/section\/medeniyyet\/"},{"@type":"ListItem","position":3,"name":"&#8220;\u015e\u0259fiq\u0259 M\u0259mm\u0259dovan\u0131n s\u0259drliyi qeyd\u0259 al\u0131nsa, nazirliyi m\u0259hk\u0259m\u0259y\u0259 ver\u0259c\u0259y\u0259m&#8221;"}]},{"@type":"WebSite","@id":"https:\/\/www.meydan.tv\/az\/#website","url":"https:\/\/www.meydan.tv\/az\/","name":"MEYDAN.TV","description":"Meydan TV Az\u0259rbaycan\u0131n media m\u0259kan\u0131ndak\u0131 alternativ s\u0259sidir","publisher":{"@id":"https:\/\/www.meydan.tv\/az\/#organization"},"potentialAction":[{"@type":"SearchAction","target":{"@type":"EntryPoint","urlTemplate":"https:\/\/www.meydan.tv\/az\/?s={search_term_string}"},"query-input":{"@type":"PropertyValueSpecification","valueRequired":true,"valueName":"search_term_string"}}],"inLanguage":"az"},{"@type":"Organization","@id":"https:\/\/www.meydan.tv\/az\/#organization","name":"Meydan TV","url":"https:\/\/www.meydan.tv\/az\/","logo":{"@type":"ImageObject","inLanguage":"az","@id":"https:\/\/www.meydan.tv\/az\/#\/schema\/logo\/image\/","url":"https:\/\/www.meydan.tv\/wp-content\/uploads\/2021\/07\/meydan-logo.svg","contentUrl":"https:\/\/www.meydan.tv\/wp-content\/uploads\/2021\/07\/meydan-logo.svg","width":195,"height":46,"caption":"Meydan TV"},"image":{"@id":"https:\/\/www.meydan.tv\/az\/#\/schema\/logo\/image\/"}},{"@type":"Person","@id":"https:\/\/www.meydan.tv\/az\/#\/schema\/person\/9cdbecf90d17180ce1dfbd95b08dcf47","name":"elli","sameAs":["https:\/\/x.com\/elli"]}]}},"_links":{"self":[{"href":"https:\/\/www.meydan.tv\/az\/wp-json\/wp\/v2\/posts\/264493","targetHints":{"allow":["GET"]}}],"collection":[{"href":"https:\/\/www.meydan.tv\/az\/wp-json\/wp\/v2\/posts"}],"about":[{"href":"https:\/\/www.meydan.tv\/az\/wp-json\/wp\/v2\/types\/post"}],"author":[{"embeddable":true,"href":"https:\/\/www.meydan.tv\/az\/wp-json\/wp\/v2\/users\/8"}],"replies":[{"embeddable":true,"href":"https:\/\/www.meydan.tv\/az\/wp-json\/wp\/v2\/comments?post=264493"}],"version-history":[{"count":1,"href":"https:\/\/www.meydan.tv\/az\/wp-json\/wp\/v2\/posts\/264493\/revisions"}],"predecessor-version":[{"id":264500,"href":"https:\/\/www.meydan.tv\/az\/wp-json\/wp\/v2\/posts\/264493\/revisions\/264500"}],"wp:featuredmedia":[{"embeddable":true,"href":"https:\/\/www.meydan.tv\/az\/wp-json\/wp\/v2\/media\/264494"}],"wp:attachment":[{"href":"https:\/\/www.meydan.tv\/az\/wp-json\/wp\/v2\/media?parent=264493"}],"wp:term":[{"taxonomy":"category","embeddable":true,"href":"https:\/\/www.meydan.tv\/az\/wp-json\/wp\/v2\/categories?post=264493"},{"taxonomy":"post_tag","embeddable":true,"href":"https:\/\/www.meydan.tv\/az\/wp-json\/wp\/v2\/tags?post=264493"}],"curies":[{"name":"wp","href":"https:\/\/api.w.org\/{rel}","templated":true}]}}