{"id":264473,"date":"2022-12-26T16:07:19","date_gmt":"2022-12-26T12:07:19","guid":{"rendered":"https:\/\/www.meydan.tv\/?p=264473"},"modified":"2022-12-26T16:44:35","modified_gmt":"2022-12-26T12:44:35","slug":"qezali-yataqxananin-sakini-nevem-rutubetden-xestelik-tapib-oldu","status":"publish","type":"post","link":"https:\/\/www.meydan.tv\/az\/article\/qezali-yataqxananin-sakini-nevem-rutubetden-xestelik-tapib-oldu\/","title":{"rendered":"Q\u0259zal\u0131 yataqxanan\u0131n sakini: N\u0259v\u0259m r\u00fctub\u0259td\u0259n x\u0259st\u0259lik tap\u0131b \u00f6ld\u00fc"},"content":{"rendered":"\n<p><\/p>\n\n\n\n<p><em>S\u00f6hb\u0259t G\u00f6y\u00e7aydak\u0131 Heyd\u0259r \u018fliyev prospektind\u0259 yerl\u0259\u015f\u0259n be\u015fm\u0259rt\u0259b\u0259li yataqxanadan gedir<\/em><\/p>\n\n\n\n<p>\u201cTavana sellofanlar \u00e7\u0259kmi\u015fik. \u00c7\u00fcnki binan\u0131n yuxar\u0131 m\u0259rt\u0259b\u0259l\u0259rind\u0259n t\u00f6k\u00fcl\u0259n kanalizasiya sular\u0131 ota\u011f\u0131m\u0131za ax\u0131r. Divarlar \u00e7irkab sulardan yarars\u0131z hala d\u00fc\u015f\u00fcb\u201d.<\/p>\n\n\n\n<p>Valid\u0259 R\u0259himova 23 ildir ki, G\u00f6y\u00e7aydak\u0131 Heyd\u0259r \u018fliyev prospektind\u0259 yerl\u0259\u015f\u0259n 106 sayl\u0131 Pe\u015f\u0259 Liseyinin yataqxanas\u0131nda ya\u015fay\u0131r. O,&nbsp; Meydan TV-y\u0259 ill\u0259rdir yataqxanak\u0131 su-kanalizasiya probleminin m\u00f6vcudlu\u011fundan dan\u0131\u015f\u0131r.<\/p>\n\n\n\n<p>\u201cEvimin b\u00fct\u00fcn \u0259\u015fyalar\u0131, \u00e7arpay\u0131lar\u0131m\u0131z, yor\u011fan-d\u00f6\u015f\u0259kl\u0259rimiz \u2013 ham\u0131s\u0131 r\u00fctub\u0259td\u0259n tullant\u0131ya \u00e7evrilib. Yataqxanan\u0131n otaqlar\u0131ndak\u0131 v\u0259 d\u0259hlizl\u0259rd\u0259ki \u00fcfun\u0259td\u0259n beyin \u00e7atlay\u0131r\u201d.<\/p>\n\n\n\n<figure class=\"wp-block-image size-large\"><img decoding=\"async\" width=\"1200\" height=\"540\" data-src=\"https:\/\/www.meydan.tv\/wp-content\/uploads\/yataqxana_2-1200x540.jpg\" alt=\"\" class=\"wp-image-264470 lazyload\" src=\"data:image\/svg+xml;base64,PHN2ZyB3aWR0aD0iMSIgaGVpZ2h0PSIxIiB4bWxucz0iaHR0cDovL3d3dy53My5vcmcvMjAwMC9zdmciPjwvc3ZnPg==\" style=\"--smush-placeholder-width: 1200px; --smush-placeholder-aspect-ratio: 1200\/540;\" \/><\/figure>\n\n\n\n<p><strong>\u201cTualet sular\u0131 otaqlara ax\u0131r, \u00fcfun\u0259td\u0259n beyin \u00e7atlay\u0131r\u201d<\/strong><\/p>\n\n\n\n<p>Valid\u0259 xan\u0131m deyir, m\u0259s\u0259l\u0259 t\u0259kc\u0259 tualet sular\u0131n\u0131n evl\u0259r\u0259 axmas\u0131yla bitmir. Binaya i\u00e7m\u0259li su \u00fcmumi v\u0259 say\u011facs\u0131z verilir. 1 ild\u0259n \u00e7oxdur ki, su krant\u0131 xarab olub. \u0130\u00e7m\u0259li su bo\u015f yer\u0259 ax\u0131r, bu da g\u00fcnd\u0259lik b\u00f6y\u00fck su israf\u0131na s\u0259b\u0259b olur. Yataqxanan\u0131n elektrik sistemi d\u0259 \u00e7oxdan \u00e7\u00f6k\u00fcb, \u00f6mr\u00fcn\u00fc \u00e7oxdan ba\u015fa vurmu\u015f elektrik naqill\u0259ri d\u0259hlizl\u0259r\u0259 \u00f6l\u00fcm sa\u00e7\u0131r. \u018fsas\u0259n q\u0131\u015f aylar\u0131nda ail\u0259l\u0259r istilik cihazlar\u0131ndan istifad\u0259 etdiyi \u00fc\u00e7\u00fcn naqill\u0259rd\u0259 tez-tez q\u0131saqapanmalar ba\u015f verir. Bu da insanlar\u0131n h\u0259yat\u0131na t\u0259hl\u00fck\u0259 yarad\u0131r:<\/p>\n\n\n\n<p>&nbsp;\u201cBinan\u0131n h\u0259r iki t\u0259r\u0259fi yat\u0131b, zirz\u0259mi su il\u0259 doludur. Burda 60-70 ail\u0259 \u0259ziyy\u0259t \u00e7\u0259kir. \u0130cra hakimiyy\u0259tin\u0259 gedirik, el\u0259c\u0259 deyirl\u0259r ki, q\u0259zal\u0131 binad\u0131r, bizlik deyil\u201d.&nbsp;<\/p>\n\n\n\n<p>Valid\u0259 xan\u0131m deyir, bir \u00f6vlad\u0131 \u0259lildir, 15 ya\u015fl\u0131 n\u0259v\u0259si is\u0259 r\u00fctub\u0259td\u0259n x\u0259st\u0259lik tap\u0131b, \u00f6t\u0259n il v\u0259fat edib.<\/p>\n\n\n\n<figure class=\"wp-block-image size-large\"><img decoding=\"async\" width=\"1200\" height=\"540\" data-src=\"https:\/\/www.meydan.tv\/wp-content\/uploads\/yataqxana_3-1200x540.jpg\" alt=\"\" class=\"wp-image-264474 lazyload\" src=\"data:image\/svg+xml;base64,PHN2ZyB3aWR0aD0iMSIgaGVpZ2h0PSIxIiB4bWxucz0iaHR0cDovL3d3dy53My5vcmcvMjAwMC9zdmciPjwvc3ZnPg==\" style=\"--smush-placeholder-width: 1200px; --smush-placeholder-aspect-ratio: 1200\/540;\" \/><\/figure>\n\n\n\n<p>G\u00f6y\u00e7ay Rayon \u0130cra Hakimiyy\u0259tind\u0259n Meydan TV-y\u0259 bildirilib ki, bar\u0259sind\u0259 dan\u0131\u015f\u0131lan be\u015fm\u0259rt\u0259b\u0259li yataqxana binas\u0131 T\u0259hsil Nazirliyinin balans\u0131ndad\u0131r. \u018fvv\u0259ll\u0259r yataqxanada k\u00f6\u00e7k\u00fcnl\u0259r m\u0259skunla\u015f\u0131b. Ancaq k\u00f6\u00e7k\u00fcnl\u0259r ba\u015fqa ya\u015fay\u0131\u015f yerl\u0259rin\u0259 k\u00f6\u00e7\u00fcr\u00fcld\u00fckd\u0259n sonra yataqxanada yerli sakinkl\u0259r m\u0259skunla\u015f\u0131b:<\/p>\n\n\n\n<p>\u201cHeyd\u0259r \u018fliyev prospektind\u0259 bir ne\u00e7\u0259 yataqxana var. Sizin dan\u0131\u015fd\u0131\u011f\u0131n\u0131z bina G\u00f6y\u00e7ay Pe\u015f\u0259 Liseyinin yataqxanas\u0131d\u0131r. T\u0259hsil Nazirliyinin balans\u0131ndad\u0131r. O bina F\u00f6vq\u0259lad\u0259 Hallar Nazirliyinin q\u0259zal\u0131 tikilil\u0259r siyah\u0131s\u0131ndad\u0131r. K\u00f6\u00e7k\u00fcnl\u0259r ordan k\u00f6\u00e7\u00fcr\u00fcl\u0259nd\u0259n sonra h\u0259tta evi olan yerli sakinl\u0259r d\u0259 g\u0259lib ordak\u0131 bo\u015f otaqlar\u0131 tutublar\u201d.<\/p>\n\n\n\n<p>Qurumdan bildirilib ki, bina tamamil\u0259 q\u0259zal\u0131 v\u0259ziyy\u0259td\u0259 oldu\u011funa g\u00f6r\u0259 orada h\u0259r hans\u0131 t\u0259mir i\u015fi g\u00f6rm\u0259k m\u00fcmk\u00fcn deyil. Sakinl\u0259rin k\u00f6\u00e7\u00fcr\u00fclm\u0259si v\u0259 binan\u0131n s\u00f6k\u00fclm\u0259siyl\u0259 F\u00f6vq\u0259lad\u0259 Hallar Nazirliyini m\u0259\u015f\u011ful olacaq.<\/p>\n","protected":false},"excerpt":{"rendered":"<p>S\u00f6hb\u0259t G\u00f6y\u00e7aydak\u0131 Heyd\u0259r \u018fliyev prospektind\u0259 yerl\u0259\u015f\u0259n be\u015fm\u0259rt\u0259b\u0259li yataqxanadan gedir \u201cTavana &#8230; <\/p>\n<p class=\"read-more-container\"><a title=\"Q\u0259zal\u0131 yataqxanan\u0131n sakini: N\u0259v\u0259m r\u00fctub\u0259td\u0259n x\u0259st\u0259lik tap\u0131b \u00f6ld\u00fc\" class=\"read-more button\" href=\"https:\/\/www.meydan.tv\/az\/article\/qezali-yataqxananin-sakini-nevem-rutubetden-xestelik-tapib-oldu\/#more-264473\" aria-label=\"Read more about Q\u0259zal\u0131 yataqxanan\u0131n sakini: N\u0259v\u0259m r\u00fctub\u0259td\u0259n x\u0259st\u0259lik tap\u0131b \u00f6ld\u00fc\">Davam\u0131<\/a><\/p>\n","protected":false},"author":8,"featured_media":264467,"comment_status":"closed","ping_status":"closed","sticky":false,"template":"","format":"standard","meta":{"_acf_changed":false,"_sitemap_exclude":false,"_sitemap_priority":"","_sitemap_frequency":"","footnotes":""},"categories":[60,79,56],"tags":[],"class_list":["post-264473","post","type-post","status-publish","format-standard","has-post-thumbnail","hentry","category-bolge","category-featured","category-xeberler","infinite-scroll-item","generate-columns","tablet-grid-50","mobile-grid-100","grid-parent","grid-33","no-featured-image-padding"],"acf":[],"yoast_head":"<!-- This site is optimized with the Yoast SEO plugin v27.5 - https:\/\/yoast.com\/product\/yoast-seo-wordpress\/ -->\n<title>Q\u0259zal\u0131 yataqxanan\u0131n sakini: N\u0259v\u0259m r\u00fctub\u0259td\u0259n x\u0259st\u0259lik tap\u0131b \u00f6ld\u00fc - MEYDAN.TV<\/title>\n<meta name=\"robots\" content=\"index, follow, max-snippet:-1, max-image-preview:large, max-video-preview:-1\" \/>\n<link rel=\"canonical\" href=\"https:\/\/www.meydan.tv\/az\/article\/qezali-yataqxananin-sakini-nevem-rutubetden-xestelik-tapib-oldu\/\" \/>\n<meta property=\"og:locale\" content=\"az_AZ\" \/>\n<meta property=\"og:type\" content=\"article\" \/>\n<meta property=\"og:title\" content=\"Q\u0259zal\u0131 yataqxanan\u0131n sakini: N\u0259v\u0259m r\u00fctub\u0259td\u0259n x\u0259st\u0259lik tap\u0131b \u00f6ld\u00fc - MEYDAN.TV\" \/>\n<meta property=\"og:description\" content=\"S\u00f6hb\u0259t G\u00f6y\u00e7aydak\u0131 Heyd\u0259r \u018fliyev prospektind\u0259 yerl\u0259\u015f\u0259n be\u015fm\u0259rt\u0259b\u0259li yataqxanadan gedir \u201cTavana ... Davam\u0131\" \/>\n<meta property=\"og:url\" content=\"https:\/\/www.meydan.tv\/az\/article\/qezali-yataqxananin-sakini-nevem-rutubetden-xestelik-tapib-oldu\/\" \/>\n<meta property=\"og:site_name\" content=\"MEYDAN.TV\" \/>\n<meta property=\"article:published_time\" content=\"2022-12-26T12:07:19+00:00\" \/>\n<meta property=\"article:modified_time\" content=\"2022-12-26T12:44:35+00:00\" \/>\n<meta property=\"og:image\" content=\"https:\/\/www.meydan.tv\/wp-content\/uploads\/yataqxana_1.jpg\" \/>\n\t<meta property=\"og:image:width\" content=\"1280\" \/>\n\t<meta property=\"og:image:height\" content=\"576\" \/>\n\t<meta property=\"og:image:type\" content=\"image\/jpeg\" \/>\n<meta name=\"author\" content=\"elli\" \/>\n<meta name=\"twitter:card\" content=\"summary_large_image\" \/>\n<meta name=\"twitter:creator\" content=\"@elli\" \/>\n<script type=\"application\/ld+json\" class=\"yoast-schema-graph\">{\"@context\":\"https:\\\/\\\/schema.org\",\"@graph\":[{\"@type\":\"Article\",\"@id\":\"https:\\\/\\\/www.meydan.tv\\\/az\\\/article\\\/qezali-yataqxananin-sakini-nevem-rutubetden-xestelik-tapib-oldu\\\/#article\",\"isPartOf\":{\"@id\":\"https:\\\/\\\/www.meydan.tv\\\/az\\\/article\\\/qezali-yataqxananin-sakini-nevem-rutubetden-xestelik-tapib-oldu\\\/\"},\"author\":{\"name\":\"elli\",\"@id\":\"https:\\\/\\\/www.meydan.tv\\\/az\\\/#\\\/schema\\\/person\\\/9cdbecf90d17180ce1dfbd95b08dcf47\"},\"headline\":\"Q\u0259zal\u0131 yataqxanan\u0131n sakini: N\u0259v\u0259m r\u00fctub\u0259td\u0259n x\u0259st\u0259lik tap\u0131b \u00f6ld\u00fc\",\"datePublished\":\"2022-12-26T12:07:19+00:00\",\"dateModified\":\"2022-12-26T12:44:35+00:00\",\"mainEntityOfPage\":{\"@id\":\"https:\\\/\\\/www.meydan.tv\\\/az\\\/article\\\/qezali-yataqxananin-sakini-nevem-rutubetden-xestelik-tapib-oldu\\\/\"},\"wordCount\":518,\"publisher\":{\"@id\":\"https:\\\/\\\/www.meydan.tv\\\/az\\\/#organization\"},\"image\":{\"@id\":\"https:\\\/\\\/www.meydan.tv\\\/az\\\/article\\\/qezali-yataqxananin-sakini-nevem-rutubetden-xestelik-tapib-oldu\\\/#primaryimage\"},\"thumbnailUrl\":\"https:\\\/\\\/www.meydan.tv\\\/wp-content\\\/uploads\\\/yataqxana_1.jpg\",\"articleSection\":[\"B\u00f6lg\u0259\",\"T\u00f6vsiy\u0259\",\"X\u0259b\u0259rl\u0259r\"],\"inLanguage\":\"az\"},{\"@type\":\"WebPage\",\"@id\":\"https:\\\/\\\/www.meydan.tv\\\/az\\\/article\\\/qezali-yataqxananin-sakini-nevem-rutubetden-xestelik-tapib-oldu\\\/\",\"url\":\"https:\\\/\\\/www.meydan.tv\\\/az\\\/article\\\/qezali-yataqxananin-sakini-nevem-rutubetden-xestelik-tapib-oldu\\\/\",\"name\":\"Q\u0259zal\u0131 yataqxanan\u0131n sakini: N\u0259v\u0259m r\u00fctub\u0259td\u0259n x\u0259st\u0259lik tap\u0131b \u00f6ld\u00fc - MEYDAN.TV\",\"isPartOf\":{\"@id\":\"https:\\\/\\\/www.meydan.tv\\\/az\\\/#website\"},\"primaryImageOfPage\":{\"@id\":\"https:\\\/\\\/www.meydan.tv\\\/az\\\/article\\\/qezali-yataqxananin-sakini-nevem-rutubetden-xestelik-tapib-oldu\\\/#primaryimage\"},\"image\":{\"@id\":\"https:\\\/\\\/www.meydan.tv\\\/az\\\/article\\\/qezali-yataqxananin-sakini-nevem-rutubetden-xestelik-tapib-oldu\\\/#primaryimage\"},\"thumbnailUrl\":\"https:\\\/\\\/www.meydan.tv\\\/wp-content\\\/uploads\\\/yataqxana_1.jpg\",\"datePublished\":\"2022-12-26T12:07:19+00:00\",\"dateModified\":\"2022-12-26T12:44:35+00:00\",\"breadcrumb\":{\"@id\":\"https:\\\/\\\/www.meydan.tv\\\/az\\\/article\\\/qezali-yataqxananin-sakini-nevem-rutubetden-xestelik-tapib-oldu\\\/#breadcrumb\"},\"inLanguage\":\"az\",\"potentialAction\":[{\"@type\":\"ReadAction\",\"target\":[\"https:\\\/\\\/www.meydan.tv\\\/az\\\/article\\\/qezali-yataqxananin-sakini-nevem-rutubetden-xestelik-tapib-oldu\\\/\"]}]},{\"@type\":\"ImageObject\",\"inLanguage\":\"az\",\"@id\":\"https:\\\/\\\/www.meydan.tv\\\/az\\\/article\\\/qezali-yataqxananin-sakini-nevem-rutubetden-xestelik-tapib-oldu\\\/#primaryimage\",\"url\":\"https:\\\/\\\/www.meydan.tv\\\/wp-content\\\/uploads\\\/yataqxana_1.jpg\",\"contentUrl\":\"https:\\\/\\\/www.meydan.tv\\\/wp-content\\\/uploads\\\/yataqxana_1.jpg\",\"width\":1280,\"height\":576,\"caption\":\"Fotolar: Meydan TV\"},{\"@type\":\"BreadcrumbList\",\"@id\":\"https:\\\/\\\/www.meydan.tv\\\/az\\\/article\\\/qezali-yataqxananin-sakini-nevem-rutubetden-xestelik-tapib-oldu\\\/#breadcrumb\",\"itemListElement\":[{\"@type\":\"ListItem\",\"position\":1,\"name\":\"Ana s\u0259hif\u0259\",\"item\":\"https:\\\/\\\/www.meydan.tv\\\/az\\\/\"},{\"@type\":\"ListItem\",\"position\":2,\"name\":\"B\u00f6lg\u0259\",\"item\":\"https:\\\/\\\/www.meydan.tv\\\/az\\\/section\\\/bolge\\\/\"},{\"@type\":\"ListItem\",\"position\":3,\"name\":\"Q\u0259zal\u0131 yataqxanan\u0131n sakini: N\u0259v\u0259m r\u00fctub\u0259td\u0259n x\u0259st\u0259lik tap\u0131b \u00f6ld\u00fc\"}]},{\"@type\":\"WebSite\",\"@id\":\"https:\\\/\\\/www.meydan.tv\\\/az\\\/#website\",\"url\":\"https:\\\/\\\/www.meydan.tv\\\/az\\\/\",\"name\":\"MEYDAN.TV\",\"description\":\"Meydan TV Az\u0259rbaycan\u0131n media m\u0259kan\u0131ndak\u0131 alternativ s\u0259sidir\",\"publisher\":{\"@id\":\"https:\\\/\\\/www.meydan.tv\\\/az\\\/#organization\"},\"potentialAction\":[{\"@type\":\"SearchAction\",\"target\":{\"@type\":\"EntryPoint\",\"urlTemplate\":\"https:\\\/\\\/www.meydan.tv\\\/az\\\/?s={search_term_string}\"},\"query-input\":{\"@type\":\"PropertyValueSpecification\",\"valueRequired\":true,\"valueName\":\"search_term_string\"}}],\"inLanguage\":\"az\"},{\"@type\":\"Organization\",\"@id\":\"https:\\\/\\\/www.meydan.tv\\\/az\\\/#organization\",\"name\":\"Meydan TV\",\"url\":\"https:\\\/\\\/www.meydan.tv\\\/az\\\/\",\"logo\":{\"@type\":\"ImageObject\",\"inLanguage\":\"az\",\"@id\":\"https:\\\/\\\/www.meydan.tv\\\/az\\\/#\\\/schema\\\/logo\\\/image\\\/\",\"url\":\"https:\\\/\\\/www.meydan.tv\\\/wp-content\\\/uploads\\\/2021\\\/07\\\/meydan-logo.svg\",\"contentUrl\":\"https:\\\/\\\/www.meydan.tv\\\/wp-content\\\/uploads\\\/2021\\\/07\\\/meydan-logo.svg\",\"width\":195,\"height\":46,\"caption\":\"Meydan TV\"},\"image\":{\"@id\":\"https:\\\/\\\/www.meydan.tv\\\/az\\\/#\\\/schema\\\/logo\\\/image\\\/\"}},{\"@type\":\"Person\",\"@id\":\"https:\\\/\\\/www.meydan.tv\\\/az\\\/#\\\/schema\\\/person\\\/9cdbecf90d17180ce1dfbd95b08dcf47\",\"name\":\"elli\",\"sameAs\":[\"https:\\\/\\\/x.com\\\/elli\"]}]}<\/script>\n<!-- \/ Yoast SEO plugin. -->","yoast_head_json":{"title":"Q\u0259zal\u0131 yataqxanan\u0131n sakini: N\u0259v\u0259m r\u00fctub\u0259td\u0259n x\u0259st\u0259lik tap\u0131b \u00f6ld\u00fc - MEYDAN.TV","robots":{"index":"index","follow":"follow","max-snippet":"max-snippet:-1","max-image-preview":"max-image-preview:large","max-video-preview":"max-video-preview:-1"},"canonical":"https:\/\/www.meydan.tv\/az\/article\/qezali-yataqxananin-sakini-nevem-rutubetden-xestelik-tapib-oldu\/","og_locale":"az_AZ","og_type":"article","og_title":"Q\u0259zal\u0131 yataqxanan\u0131n sakini: N\u0259v\u0259m r\u00fctub\u0259td\u0259n x\u0259st\u0259lik tap\u0131b \u00f6ld\u00fc - MEYDAN.TV","og_description":"S\u00f6hb\u0259t G\u00f6y\u00e7aydak\u0131 Heyd\u0259r \u018fliyev prospektind\u0259 yerl\u0259\u015f\u0259n be\u015fm\u0259rt\u0259b\u0259li yataqxanadan gedir \u201cTavana ... Davam\u0131","og_url":"https:\/\/www.meydan.tv\/az\/article\/qezali-yataqxananin-sakini-nevem-rutubetden-xestelik-tapib-oldu\/","og_site_name":"MEYDAN.TV","article_published_time":"2022-12-26T12:07:19+00:00","article_modified_time":"2022-12-26T12:44:35+00:00","og_image":[{"width":1280,"height":576,"url":"https:\/\/www.meydan.tv\/wp-content\/uploads\/yataqxana_1.jpg","type":"image\/jpeg"}],"author":"elli","twitter_card":"summary_large_image","twitter_creator":"@elli","schema":{"@context":"https:\/\/schema.org","@graph":[{"@type":"Article","@id":"https:\/\/www.meydan.tv\/az\/article\/qezali-yataqxananin-sakini-nevem-rutubetden-xestelik-tapib-oldu\/#article","isPartOf":{"@id":"https:\/\/www.meydan.tv\/az\/article\/qezali-yataqxananin-sakini-nevem-rutubetden-xestelik-tapib-oldu\/"},"author":{"name":"elli","@id":"https:\/\/www.meydan.tv\/az\/#\/schema\/person\/9cdbecf90d17180ce1dfbd95b08dcf47"},"headline":"Q\u0259zal\u0131 yataqxanan\u0131n sakini: N\u0259v\u0259m r\u00fctub\u0259td\u0259n x\u0259st\u0259lik tap\u0131b \u00f6ld\u00fc","datePublished":"2022-12-26T12:07:19+00:00","dateModified":"2022-12-26T12:44:35+00:00","mainEntityOfPage":{"@id":"https:\/\/www.meydan.tv\/az\/article\/qezali-yataqxananin-sakini-nevem-rutubetden-xestelik-tapib-oldu\/"},"wordCount":518,"publisher":{"@id":"https:\/\/www.meydan.tv\/az\/#organization"},"image":{"@id":"https:\/\/www.meydan.tv\/az\/article\/qezali-yataqxananin-sakini-nevem-rutubetden-xestelik-tapib-oldu\/#primaryimage"},"thumbnailUrl":"https:\/\/www.meydan.tv\/wp-content\/uploads\/yataqxana_1.jpg","articleSection":["B\u00f6lg\u0259","T\u00f6vsiy\u0259","X\u0259b\u0259rl\u0259r"],"inLanguage":"az"},{"@type":"WebPage","@id":"https:\/\/www.meydan.tv\/az\/article\/qezali-yataqxananin-sakini-nevem-rutubetden-xestelik-tapib-oldu\/","url":"https:\/\/www.meydan.tv\/az\/article\/qezali-yataqxananin-sakini-nevem-rutubetden-xestelik-tapib-oldu\/","name":"Q\u0259zal\u0131 yataqxanan\u0131n sakini: N\u0259v\u0259m r\u00fctub\u0259td\u0259n x\u0259st\u0259lik tap\u0131b \u00f6ld\u00fc - MEYDAN.TV","isPartOf":{"@id":"https:\/\/www.meydan.tv\/az\/#website"},"primaryImageOfPage":{"@id":"https:\/\/www.meydan.tv\/az\/article\/qezali-yataqxananin-sakini-nevem-rutubetden-xestelik-tapib-oldu\/#primaryimage"},"image":{"@id":"https:\/\/www.meydan.tv\/az\/article\/qezali-yataqxananin-sakini-nevem-rutubetden-xestelik-tapib-oldu\/#primaryimage"},"thumbnailUrl":"https:\/\/www.meydan.tv\/wp-content\/uploads\/yataqxana_1.jpg","datePublished":"2022-12-26T12:07:19+00:00","dateModified":"2022-12-26T12:44:35+00:00","breadcrumb":{"@id":"https:\/\/www.meydan.tv\/az\/article\/qezali-yataqxananin-sakini-nevem-rutubetden-xestelik-tapib-oldu\/#breadcrumb"},"inLanguage":"az","potentialAction":[{"@type":"ReadAction","target":["https:\/\/www.meydan.tv\/az\/article\/qezali-yataqxananin-sakini-nevem-rutubetden-xestelik-tapib-oldu\/"]}]},{"@type":"ImageObject","inLanguage":"az","@id":"https:\/\/www.meydan.tv\/az\/article\/qezali-yataqxananin-sakini-nevem-rutubetden-xestelik-tapib-oldu\/#primaryimage","url":"https:\/\/www.meydan.tv\/wp-content\/uploads\/yataqxana_1.jpg","contentUrl":"https:\/\/www.meydan.tv\/wp-content\/uploads\/yataqxana_1.jpg","width":1280,"height":576,"caption":"Fotolar: Meydan TV"},{"@type":"BreadcrumbList","@id":"https:\/\/www.meydan.tv\/az\/article\/qezali-yataqxananin-sakini-nevem-rutubetden-xestelik-tapib-oldu\/#breadcrumb","itemListElement":[{"@type":"ListItem","position":1,"name":"Ana s\u0259hif\u0259","item":"https:\/\/www.meydan.tv\/az\/"},{"@type":"ListItem","position":2,"name":"B\u00f6lg\u0259","item":"https:\/\/www.meydan.tv\/az\/section\/bolge\/"},{"@type":"ListItem","position":3,"name":"Q\u0259zal\u0131 yataqxanan\u0131n sakini: N\u0259v\u0259m r\u00fctub\u0259td\u0259n x\u0259st\u0259lik tap\u0131b \u00f6ld\u00fc"}]},{"@type":"WebSite","@id":"https:\/\/www.meydan.tv\/az\/#website","url":"https:\/\/www.meydan.tv\/az\/","name":"MEYDAN.TV","description":"Meydan TV Az\u0259rbaycan\u0131n media m\u0259kan\u0131ndak\u0131 alternativ s\u0259sidir","publisher":{"@id":"https:\/\/www.meydan.tv\/az\/#organization"},"potentialAction":[{"@type":"SearchAction","target":{"@type":"EntryPoint","urlTemplate":"https:\/\/www.meydan.tv\/az\/?s={search_term_string}"},"query-input":{"@type":"PropertyValueSpecification","valueRequired":true,"valueName":"search_term_string"}}],"inLanguage":"az"},{"@type":"Organization","@id":"https:\/\/www.meydan.tv\/az\/#organization","name":"Meydan TV","url":"https:\/\/www.meydan.tv\/az\/","logo":{"@type":"ImageObject","inLanguage":"az","@id":"https:\/\/www.meydan.tv\/az\/#\/schema\/logo\/image\/","url":"https:\/\/www.meydan.tv\/wp-content\/uploads\/2021\/07\/meydan-logo.svg","contentUrl":"https:\/\/www.meydan.tv\/wp-content\/uploads\/2021\/07\/meydan-logo.svg","width":195,"height":46,"caption":"Meydan TV"},"image":{"@id":"https:\/\/www.meydan.tv\/az\/#\/schema\/logo\/image\/"}},{"@type":"Person","@id":"https:\/\/www.meydan.tv\/az\/#\/schema\/person\/9cdbecf90d17180ce1dfbd95b08dcf47","name":"elli","sameAs":["https:\/\/x.com\/elli"]}]}},"_links":{"self":[{"href":"https:\/\/www.meydan.tv\/az\/wp-json\/wp\/v2\/posts\/264473","targetHints":{"allow":["GET"]}}],"collection":[{"href":"https:\/\/www.meydan.tv\/az\/wp-json\/wp\/v2\/posts"}],"about":[{"href":"https:\/\/www.meydan.tv\/az\/wp-json\/wp\/v2\/types\/post"}],"author":[{"embeddable":true,"href":"https:\/\/www.meydan.tv\/az\/wp-json\/wp\/v2\/users\/8"}],"replies":[{"embeddable":true,"href":"https:\/\/www.meydan.tv\/az\/wp-json\/wp\/v2\/comments?post=264473"}],"version-history":[{"count":2,"href":"https:\/\/www.meydan.tv\/az\/wp-json\/wp\/v2\/posts\/264473\/revisions"}],"predecessor-version":[{"id":264488,"href":"https:\/\/www.meydan.tv\/az\/wp-json\/wp\/v2\/posts\/264473\/revisions\/264488"}],"wp:featuredmedia":[{"embeddable":true,"href":"https:\/\/www.meydan.tv\/az\/wp-json\/wp\/v2\/media\/264467"}],"wp:attachment":[{"href":"https:\/\/www.meydan.tv\/az\/wp-json\/wp\/v2\/media?parent=264473"}],"wp:term":[{"taxonomy":"category","embeddable":true,"href":"https:\/\/www.meydan.tv\/az\/wp-json\/wp\/v2\/categories?post=264473"},{"taxonomy":"post_tag","embeddable":true,"href":"https:\/\/www.meydan.tv\/az\/wp-json\/wp\/v2\/tags?post=264473"}],"curies":[{"name":"wp","href":"https:\/\/api.w.org\/{rel}","templated":true}]}}