{"id":264453,"date":"2022-12-26T15:52:14","date_gmt":"2022-12-26T11:52:14","guid":{"rendered":"https:\/\/www.meydan.tv\/?p=264453"},"modified":"2022-12-26T15:53:30","modified_gmt":"2022-12-26T11:53:30","slug":"berdede-polisler-meni-doyub-indi-de-hebsle-hedeleyirler","status":"publish","type":"post","link":"https:\/\/www.meydan.tv\/az\/article\/berdede-polisler-meni-doyub-indi-de-hebsle-hedeleyirler\/","title":{"rendered":"&#8220;B\u0259rd\u0259d\u0259 polisl\u0259r m\u0259ni d\u00f6y\u00fcb, indi d\u0259 h\u0259bsl\u0259 h\u0259d\u0259l\u0259yirl\u0259r&#8221;"},"content":{"rendered":"\n<p><\/p>\n\n\n\n<p><em>B\u0259rd\u0259 sakini t\u0259hl\u00fck\u0259d\u0259 oldu\u011funu deyir<\/em><\/p>\n\n\n\n<p>B\u0259rd\u0259 rayonunun Bala Qacar k\u0259nd sakini Zaur H\u00fcseynov polis \u0259m\u0259kda\u015flar\u0131 t\u0259r\u0259find\u0259n zorak\u0131l\u0131\u011fa m\u0259ruz qald\u0131\u011f\u0131n\u0131 deyir. Onun s\u00f6zl\u0259rin\u0259 g\u00f6r\u0259, B\u0259rd\u0259 rayon Polis \u015e\u00f6b\u0259sinin r\u0259hb\u0259rliyi indi d\u0259 onu h\u0259bsl\u0259 h\u0259d\u0259l\u0259yir, \u015fikay\u0259tini geri g\u00f6t\u00fcrm\u0259yi t\u0259l\u0259b edir.<\/p>\n\n\n\n<p><strong>&#8220;Yumruq-t\u0259pikl\u0259 d\u00f6y\u0259-d\u00f6y\u0259 apard\u0131lar&#8221;<\/strong><\/p>\n\n\n\n<p>1983-c\u00fc il t\u0259v\u0259ll\u00fcdl\u00fc Zaur H\u00fcseynov Meydan TV-y\u0259 dan\u0131\u015f\u0131r ki, hadis\u0259 dekabr\u0131n 13-d\u0259 ax\u015fam saat 21.30 rad\u0259l\u0259rind\u0259 ba\u015f verib. H\u0259min g\u00fcn o, xalas\u0131 o\u011flu il\u0259 birlikd\u0259 B\u0259rd\u0259 \u015f\u0259h\u0259rind\u0259 avtomobild\u0259 ged\u0259rk\u0259n yol polisi onlar\u0131 saxlay\u0131b. S\u00fckan arxas\u0131nda xalas\u0131 o\u011flu olub: <\/p>\n\n\n\n<p>&#8220;\u018fvv\u0259l dedi ki, i\u00e7kilisiniz. Halbuki, i\u00e7kili deyildik. Sonra dedi ki, ma\u015f\u0131n\u0131 apar\u0131ram. Xalam o\u011flu fa\u011f\u0131r adamd\u0131. Dedim, &#8220;bu adam\u0131n m\u00fclkiyy\u0259tidir, bir izah etm\u0259lisiniz ki, niy\u0259 \u0259lind\u0259n al\u0131rs\u0131n\u0131z&#8221;. \u0130zahat ist\u0259m\u0259yim xo\u015flar\u0131na g\u0259lm\u0259di. Ratsiya il\u0259 x\u0259b\u0259r verdil\u0259r, iki Post-Patrul ma\u015f\u0131n\u0131 g\u0259ldi. Qollar\u0131m\u0131 burdular, m\u0259ni ma\u015f\u0131na basd\u0131lar. M\u0259ni t\u0259pikl\u0259, yumruqla d\u00f6y\u0259-d\u00f6y\u0259 apard\u0131lar. Ma\u015f\u0131na mindir\u0259nd\u0259 d\u00f6ym\u0259kl\u0259ri az idi, yolda g\u0259tir\u0259nd\u0259 d\u0259 d\u00f6yd\u00fcl\u0259r&#8230;&#8221;.<\/p>\n\n\n\n<p><strong>&#8220;10 g\u00fcnd\u0259n \u00e7oxdur rayona ged\u0259 bilmir\u0259m&#8221;<\/strong><\/p>\n\n\n\n<p>Zaur H\u00fcseynovun s\u00f6zl\u0259rin\u0259 g\u00f6r\u0259, B\u0259rd\u0259 Rayon Polis \u015e\u00f6b\u0259sin\u0259 g\u0259tiril\u0259nd\u0259n sonra \u015f\u00f6b\u0259nin h\u0259y\u0259tind\u0259 d\u0259 d\u00f6y\u00fcl\u00fcb. O iddia edir ki, polisl\u0259r gec\u0259 vaxt\u0131 \u015f\u00f6b\u0259nin h\u0259y\u0259tin onu yumruq-t\u0259pikl\u0259 vurublar:<\/p>\n\n\n\n<p>&#8220;Qanun qar\u015f\u0131s\u0131nda ham\u0131m\u0131z\u0131n boynumuz q\u0131ldan inc\u0259dir. N\u0259 pozuntu el\u0259mi\u015fdik ki, m\u0259ni o g\u00fcn\u0259 qoydular? Polis \u015f\u00f6b\u0259sinin h\u0259y\u0259tind\u0259 d\u0259 m\u0259ni el\u0259 d\u00f6yd\u00fcl\u0259r&#8230; Qula\u011f\u0131m\u0131n dibin\u0259, sif\u0259tim\u0259, k\u00fcr\u0259yim\u0259. Sonra verdil\u0259r saxlanma ota\u011f\u0131na. Ba\u015f\u0131ma yumruqla el\u0259 vurmu\u015fdular, ba\u015f\u0131m pis a\u011fr\u0131y\u0131rd\u0131. Gec\u0259 saat 3-\u0259 qalm\u0131\u015f ayaqyoludan \u00f6z\u00fcm\u00fc atd\u0131m a\u015fa\u011f\u0131.<\/p>\n\n\n\n<p>Qa\u00e7\u0131b g\u0259ldim evimiz\u0259. Bildim ki, \u00fcst\u00fcmd\u0259 x\u0259sar\u0259tl\u0259r oldu\u011funa g\u00f6r\u0259 m\u0259n\u0259 h\u0259bs c\u0259zas\u0131 ver\u0259c\u0259kl\u0259r. Saxlayacaqlar ki, izl\u0259r getsin&#8230;&#8221;.<\/p>\n\n\n\n<p>Zaur H\u00fcseynov deyir ki, Bak\u0131ya g\u0259lib, Daxili \u0130\u015fl\u0259r Nazirliyin\u0259 ged\u0259r\u0259k, ba\u015f\u0131na g\u0259l\u0259nl\u0259rl\u0259 \u0259laq\u0259dar \u0259riz\u0259 verib:<br>&nbsp;&#8220;10 g\u00fcnd\u0259n \u00e7oxdur ki, rayona ged\u0259 bilmir\u0259m. M\u0259n\u0259 x\u0259b\u0259r g\u00f6nd\u0259rirl\u0259r, h\u0259bsl\u0259 h\u0259d\u0259l\u0259yirl\u0259r&#8230;&#8221;<\/p>\n\n\n\n<p><strong>Daxili \u0130\u015fl\u0259r Nazirliyi n\u0259 deyir?<\/strong><\/p>\n\n\n\n<p>Daxili \u0130\u015fl\u0259r Nazirliyi is\u0259 Zaur H\u00fcseynovun polis \u0259m\u0259kda\u015flar\u0131 t\u0259r\u0259find\u0259n d\u00f6y\u00fclm\u0259si, B\u0259rd\u0259 rayon Polis \u015e\u00f6b\u0259sinin r\u0259hb\u0259rliyi t\u0259r\u0259find\u0259n h\u0259bsl\u0259 h\u0259d\u0259l\u0259nm\u0259si haqda deyil\u0259nl\u0259ri t\u0259kzib edib. Nazirliyin M\u0259tbuat Xidm\u0259tinin B\u0259rd\u0259 regional qrupunun ba\u015f inspektoru, polis kapitan\u0131 Aslan Qiyasl\u0131 Meydan TV-y\u0259 bildirib ki, dekabr\u0131n 13-d\u0259 B\u0259rd\u0259d\u0259 yol polisi \u015f\u0259h\u0259r \u0259razisind\u0259 xidm\u0259td\u0259 olark\u0259n \u201cVAZ-2107\u201d markal\u0131 avtomobili yol-h\u0259r\u0259k\u0259ti qaydas\u0131n\u0131 pozdu\u011funa g\u00f6r\u0259 saxlay\u0131b:<\/p>\n\n\n\n<p>&#8220;S\u00fcr\u00fcc\u00fcy\u0259 qayda pozuntusu bar\u0259d\u0259 m\u0259lumat ver\u0259n zaman n\u0259qliyyat vasit\u0259sind\u0259n k\u0259skin spirtli i\u00e7ki qoxusu g\u0259ldiyi m\u00fc\u0259yy\u0259n edilib. S\u00fcr\u00fcc\u00fc s\u0259rxo\u015fluq hal\u0131n\u0131n m\u00fc\u0259yy\u0259n edilm\u0259si \u00fc\u00e7\u00fcn m\u00fcvafiq m\u00fcayin\u0259y\u0259 d\u0259v\u0259t olunub. H\u0259min vaxt avtomobild\u0259 s\u0259rni\u015fin qismind\u0259 olan \u015f\u0259xsl\u0259r n\u0259qliyyat vasit\u0259sind\u0259n d\u00fc\u015f\u0259r\u0259k uca s\u0259sl\u0259 nalayiq ifad\u0259l\u0259r i\u015fl\u0259dibl\u0259r v\u0259 ictimai qaydan\u0131 pozublar. Bu s\u0259b\u0259bd\u0259n h\u0259min \u015f\u0259xsl\u0259r rayon polis \u015f\u00f6b\u0259sin\u0259 g\u0259tirilibl\u0259r. Ara\u015fd\u0131rma zaman\u0131 onlar\u0131n Zaur H\u00fcseynov v\u0259 R\u0259\u015fad Qas\u0131mov olduqlar\u0131 m\u00fc\u0259yy\u0259n edilib. Ad\u0131\u00e7\u0259kil\u0259n \u015f\u0259xsl\u0259r bar\u0259sind\u0259 \u0130nzibati X\u0259talar M\u0259c\u0259ll\u0259sinin 510-cu (x\u0131rda xuliqanl\u0131q) madd\u0259si il\u0259 protokol t\u0259rtib edil\u0259r\u0259k, m\u0259hk\u0259m\u0259y\u0259 g\u00f6nd\u0259rilib. Q\u0259rara \u0259sas\u0259n, onlar 50 manat miqdar\u0131nda c\u0259rim\u0259 edilibl\u0259r&#8221;.<\/p>\n\n\n\n<p>Zaur H\u00fcseynovun h\u0259bsl\u0259 h\u0259d\u0259l\u0259nm\u0259si, bu \u00fczd\u0259n B\u0259rd\u0259y\u0259 ged\u0259 bilm\u0259m\u0259si haqda dedikl\u0259rin\u0259 g\u0259linc\u0259, Aslan Qiyasl\u0131 bunlar\u0131 &#8220;\u015fi\u015firtm\u0259&#8221; adland\u0131r\u0131b, he\u00e7 bir \u0259sas\u0131 olmad\u0131\u011f\u0131n\u0131 vur\u011fulay\u0131b:<\/p>\n\n\n\n<p>&#8220;Onun bar\u0259sind\u0259 qanunla n\u0259z\u0259rd\u0259 tutulmu\u015f qaydada t\u0259dbir g\u00f6r\u00fcld\u00fcy\u00fcnd\u0259n polisin art\u0131q bu m\u0259s\u0259l\u0259 il\u0259 ba\u011fl\u0131 ondan h\u0259r hans\u0131 bir t\u0259l\u0259bi yoxdur&#8221;.<\/p>\n\n\n\n<p>D\u0130N r\u0259smisi \u0259lav\u0259 edib ki, Zaur H\u00fcseynovun d\u00f6y\u00fclm\u0259si il\u0259 ba\u011fl\u0131 rayon prokurorlu\u011funa m\u0259lumat daxil olub: &#8220;Haz\u0131rda m\u0259lumatla \u0259laq\u0259dar m\u00fcvafiq ara\u015fd\u0131rmalar davam etdirilir&#8221;.<\/p>\n","protected":false},"excerpt":{"rendered":"<p>B\u0259rd\u0259 sakini t\u0259hl\u00fck\u0259d\u0259 oldu\u011funu deyir B\u0259rd\u0259 rayonunun Bala Qacar k\u0259nd &#8230; <\/p>\n<p class=\"read-more-container\"><a title=\"&#8220;B\u0259rd\u0259d\u0259 polisl\u0259r m\u0259ni d\u00f6y\u00fcb, indi d\u0259 h\u0259bsl\u0259 h\u0259d\u0259l\u0259yirl\u0259r&#8221;\" class=\"read-more button\" href=\"https:\/\/www.meydan.tv\/az\/article\/berdede-polisler-meni-doyub-indi-de-hebsle-hedeleyirler\/#more-264453\" aria-label=\"Read more about &#8220;B\u0259rd\u0259d\u0259 polisl\u0259r m\u0259ni d\u00f6y\u00fcb, indi d\u0259 h\u0259bsl\u0259 h\u0259d\u0259l\u0259yirl\u0259r&#8221;\">Davam\u0131<\/a><\/p>\n","protected":false},"author":8,"featured_media":264455,"comment_status":"closed","ping_status":"closed","sticky":false,"template":"","format":"standard","meta":{"_acf_changed":false,"_sitemap_exclude":false,"_sitemap_priority":"","_sitemap_frequency":"","footnotes":""},"categories":[60,79,56],"tags":[],"class_list":["post-264453","post","type-post","status-publish","format-standard","has-post-thumbnail","hentry","category-bolge","category-featured","category-xeberler","infinite-scroll-item","generate-columns","tablet-grid-50","mobile-grid-100","grid-parent","grid-33","no-featured-image-padding"],"acf":[],"yoast_head":"<!-- This site is optimized with the Yoast SEO plugin v27.5 - https:\/\/yoast.com\/product\/yoast-seo-wordpress\/ -->\n<title>&quot;B\u0259rd\u0259d\u0259 polisl\u0259r m\u0259ni d\u00f6y\u00fcb, indi d\u0259 h\u0259bsl\u0259 h\u0259d\u0259l\u0259yirl\u0259r&quot; - MEYDAN.TV<\/title>\n<meta name=\"robots\" content=\"index, follow, max-snippet:-1, max-image-preview:large, max-video-preview:-1\" \/>\n<link rel=\"canonical\" href=\"https:\/\/www.meydan.tv\/az\/article\/berdede-polisler-meni-doyub-indi-de-hebsle-hedeleyirler\/\" \/>\n<meta property=\"og:locale\" content=\"az_AZ\" \/>\n<meta property=\"og:type\" content=\"article\" \/>\n<meta property=\"og:title\" content=\"&quot;B\u0259rd\u0259d\u0259 polisl\u0259r m\u0259ni d\u00f6y\u00fcb, indi d\u0259 h\u0259bsl\u0259 h\u0259d\u0259l\u0259yirl\u0259r&quot; - MEYDAN.TV\" \/>\n<meta property=\"og:description\" content=\"B\u0259rd\u0259 sakini t\u0259hl\u00fck\u0259d\u0259 oldu\u011funu deyir B\u0259rd\u0259 rayonunun Bala Qacar k\u0259nd ... Davam\u0131\" \/>\n<meta property=\"og:url\" content=\"https:\/\/www.meydan.tv\/az\/article\/berdede-polisler-meni-doyub-indi-de-hebsle-hedeleyirler\/\" \/>\n<meta property=\"og:site_name\" content=\"MEYDAN.TV\" \/>\n<meta property=\"article:published_time\" content=\"2022-12-26T11:52:14+00:00\" \/>\n<meta property=\"article:modified_time\" content=\"2022-12-26T11:53:30+00:00\" \/>\n<meta property=\"og:image\" content=\"https:\/\/www.meydan.tv\/wp-content\/uploads\/untitled-design-8-23.jpg\" \/>\n\t<meta property=\"og:image:width\" content=\"1200\" \/>\n\t<meta property=\"og:image:height\" content=\"800\" \/>\n\t<meta property=\"og:image:type\" content=\"image\/jpeg\" \/>\n<meta name=\"author\" content=\"elli\" \/>\n<meta name=\"twitter:card\" content=\"summary_large_image\" \/>\n<meta name=\"twitter:creator\" content=\"@elli\" \/>\n<script type=\"application\/ld+json\" class=\"yoast-schema-graph\">{\"@context\":\"https:\\\/\\\/schema.org\",\"@graph\":[{\"@type\":\"Article\",\"@id\":\"https:\\\/\\\/www.meydan.tv\\\/az\\\/article\\\/berdede-polisler-meni-doyub-indi-de-hebsle-hedeleyirler\\\/#article\",\"isPartOf\":{\"@id\":\"https:\\\/\\\/www.meydan.tv\\\/az\\\/article\\\/berdede-polisler-meni-doyub-indi-de-hebsle-hedeleyirler\\\/\"},\"author\":{\"name\":\"elli\",\"@id\":\"https:\\\/\\\/www.meydan.tv\\\/az\\\/#\\\/schema\\\/person\\\/9cdbecf90d17180ce1dfbd95b08dcf47\"},\"headline\":\"&#8220;B\u0259rd\u0259d\u0259 polisl\u0259r m\u0259ni d\u00f6y\u00fcb, indi d\u0259 h\u0259bsl\u0259 h\u0259d\u0259l\u0259yirl\u0259r&#8221;\",\"datePublished\":\"2022-12-26T11:52:14+00:00\",\"dateModified\":\"2022-12-26T11:53:30+00:00\",\"mainEntityOfPage\":{\"@id\":\"https:\\\/\\\/www.meydan.tv\\\/az\\\/article\\\/berdede-polisler-meni-doyub-indi-de-hebsle-hedeleyirler\\\/\"},\"wordCount\":862,\"publisher\":{\"@id\":\"https:\\\/\\\/www.meydan.tv\\\/az\\\/#organization\"},\"image\":{\"@id\":\"https:\\\/\\\/www.meydan.tv\\\/az\\\/article\\\/berdede-polisler-meni-doyub-indi-de-hebsle-hedeleyirler\\\/#primaryimage\"},\"thumbnailUrl\":\"https:\\\/\\\/www.meydan.tv\\\/wp-content\\\/uploads\\\/untitled-design-8-23.jpg\",\"articleSection\":[\"B\u00f6lg\u0259\",\"T\u00f6vsiy\u0259\",\"X\u0259b\u0259rl\u0259r\"],\"inLanguage\":\"az\"},{\"@type\":\"WebPage\",\"@id\":\"https:\\\/\\\/www.meydan.tv\\\/az\\\/article\\\/berdede-polisler-meni-doyub-indi-de-hebsle-hedeleyirler\\\/\",\"url\":\"https:\\\/\\\/www.meydan.tv\\\/az\\\/article\\\/berdede-polisler-meni-doyub-indi-de-hebsle-hedeleyirler\\\/\",\"name\":\"\\\"B\u0259rd\u0259d\u0259 polisl\u0259r m\u0259ni d\u00f6y\u00fcb, indi d\u0259 h\u0259bsl\u0259 h\u0259d\u0259l\u0259yirl\u0259r\\\" - MEYDAN.TV\",\"isPartOf\":{\"@id\":\"https:\\\/\\\/www.meydan.tv\\\/az\\\/#website\"},\"primaryImageOfPage\":{\"@id\":\"https:\\\/\\\/www.meydan.tv\\\/az\\\/article\\\/berdede-polisler-meni-doyub-indi-de-hebsle-hedeleyirler\\\/#primaryimage\"},\"image\":{\"@id\":\"https:\\\/\\\/www.meydan.tv\\\/az\\\/article\\\/berdede-polisler-meni-doyub-indi-de-hebsle-hedeleyirler\\\/#primaryimage\"},\"thumbnailUrl\":\"https:\\\/\\\/www.meydan.tv\\\/wp-content\\\/uploads\\\/untitled-design-8-23.jpg\",\"datePublished\":\"2022-12-26T11:52:14+00:00\",\"dateModified\":\"2022-12-26T11:53:30+00:00\",\"breadcrumb\":{\"@id\":\"https:\\\/\\\/www.meydan.tv\\\/az\\\/article\\\/berdede-polisler-meni-doyub-indi-de-hebsle-hedeleyirler\\\/#breadcrumb\"},\"inLanguage\":\"az\",\"potentialAction\":[{\"@type\":\"ReadAction\",\"target\":[\"https:\\\/\\\/www.meydan.tv\\\/az\\\/article\\\/berdede-polisler-meni-doyub-indi-de-hebsle-hedeleyirler\\\/\"]}]},{\"@type\":\"ImageObject\",\"inLanguage\":\"az\",\"@id\":\"https:\\\/\\\/www.meydan.tv\\\/az\\\/article\\\/berdede-polisler-meni-doyub-indi-de-hebsle-hedeleyirler\\\/#primaryimage\",\"url\":\"https:\\\/\\\/www.meydan.tv\\\/wp-content\\\/uploads\\\/untitled-design-8-23.jpg\",\"contentUrl\":\"https:\\\/\\\/www.meydan.tv\\\/wp-content\\\/uploads\\\/untitled-design-8-23.jpg\",\"width\":1200,\"height\":800,\"caption\":\"Zaur H\u00fcseynov. foto: Meydan TV\"},{\"@type\":\"BreadcrumbList\",\"@id\":\"https:\\\/\\\/www.meydan.tv\\\/az\\\/article\\\/berdede-polisler-meni-doyub-indi-de-hebsle-hedeleyirler\\\/#breadcrumb\",\"itemListElement\":[{\"@type\":\"ListItem\",\"position\":1,\"name\":\"Ana s\u0259hif\u0259\",\"item\":\"https:\\\/\\\/www.meydan.tv\\\/az\\\/\"},{\"@type\":\"ListItem\",\"position\":2,\"name\":\"B\u00f6lg\u0259\",\"item\":\"https:\\\/\\\/www.meydan.tv\\\/az\\\/section\\\/bolge\\\/\"},{\"@type\":\"ListItem\",\"position\":3,\"name\":\"&#8220;B\u0259rd\u0259d\u0259 polisl\u0259r m\u0259ni d\u00f6y\u00fcb, indi d\u0259 h\u0259bsl\u0259 h\u0259d\u0259l\u0259yirl\u0259r&#8221;\"}]},{\"@type\":\"WebSite\",\"@id\":\"https:\\\/\\\/www.meydan.tv\\\/az\\\/#website\",\"url\":\"https:\\\/\\\/www.meydan.tv\\\/az\\\/\",\"name\":\"MEYDAN.TV\",\"description\":\"Meydan TV Az\u0259rbaycan\u0131n media m\u0259kan\u0131ndak\u0131 alternativ s\u0259sidir\",\"publisher\":{\"@id\":\"https:\\\/\\\/www.meydan.tv\\\/az\\\/#organization\"},\"potentialAction\":[{\"@type\":\"SearchAction\",\"target\":{\"@type\":\"EntryPoint\",\"urlTemplate\":\"https:\\\/\\\/www.meydan.tv\\\/az\\\/?s={search_term_string}\"},\"query-input\":{\"@type\":\"PropertyValueSpecification\",\"valueRequired\":true,\"valueName\":\"search_term_string\"}}],\"inLanguage\":\"az\"},{\"@type\":\"Organization\",\"@id\":\"https:\\\/\\\/www.meydan.tv\\\/az\\\/#organization\",\"name\":\"Meydan TV\",\"url\":\"https:\\\/\\\/www.meydan.tv\\\/az\\\/\",\"logo\":{\"@type\":\"ImageObject\",\"inLanguage\":\"az\",\"@id\":\"https:\\\/\\\/www.meydan.tv\\\/az\\\/#\\\/schema\\\/logo\\\/image\\\/\",\"url\":\"https:\\\/\\\/www.meydan.tv\\\/wp-content\\\/uploads\\\/2021\\\/07\\\/meydan-logo.svg\",\"contentUrl\":\"https:\\\/\\\/www.meydan.tv\\\/wp-content\\\/uploads\\\/2021\\\/07\\\/meydan-logo.svg\",\"width\":195,\"height\":46,\"caption\":\"Meydan TV\"},\"image\":{\"@id\":\"https:\\\/\\\/www.meydan.tv\\\/az\\\/#\\\/schema\\\/logo\\\/image\\\/\"}},{\"@type\":\"Person\",\"@id\":\"https:\\\/\\\/www.meydan.tv\\\/az\\\/#\\\/schema\\\/person\\\/9cdbecf90d17180ce1dfbd95b08dcf47\",\"name\":\"elli\",\"sameAs\":[\"https:\\\/\\\/x.com\\\/elli\"]}]}<\/script>\n<!-- \/ Yoast SEO plugin. -->","yoast_head_json":{"title":"\"B\u0259rd\u0259d\u0259 polisl\u0259r m\u0259ni d\u00f6y\u00fcb, indi d\u0259 h\u0259bsl\u0259 h\u0259d\u0259l\u0259yirl\u0259r\" - MEYDAN.TV","robots":{"index":"index","follow":"follow","max-snippet":"max-snippet:-1","max-image-preview":"max-image-preview:large","max-video-preview":"max-video-preview:-1"},"canonical":"https:\/\/www.meydan.tv\/az\/article\/berdede-polisler-meni-doyub-indi-de-hebsle-hedeleyirler\/","og_locale":"az_AZ","og_type":"article","og_title":"\"B\u0259rd\u0259d\u0259 polisl\u0259r m\u0259ni d\u00f6y\u00fcb, indi d\u0259 h\u0259bsl\u0259 h\u0259d\u0259l\u0259yirl\u0259r\" - MEYDAN.TV","og_description":"B\u0259rd\u0259 sakini t\u0259hl\u00fck\u0259d\u0259 oldu\u011funu deyir B\u0259rd\u0259 rayonunun Bala Qacar k\u0259nd ... Davam\u0131","og_url":"https:\/\/www.meydan.tv\/az\/article\/berdede-polisler-meni-doyub-indi-de-hebsle-hedeleyirler\/","og_site_name":"MEYDAN.TV","article_published_time":"2022-12-26T11:52:14+00:00","article_modified_time":"2022-12-26T11:53:30+00:00","og_image":[{"width":1200,"height":800,"url":"https:\/\/www.meydan.tv\/wp-content\/uploads\/untitled-design-8-23.jpg","type":"image\/jpeg"}],"author":"elli","twitter_card":"summary_large_image","twitter_creator":"@elli","schema":{"@context":"https:\/\/schema.org","@graph":[{"@type":"Article","@id":"https:\/\/www.meydan.tv\/az\/article\/berdede-polisler-meni-doyub-indi-de-hebsle-hedeleyirler\/#article","isPartOf":{"@id":"https:\/\/www.meydan.tv\/az\/article\/berdede-polisler-meni-doyub-indi-de-hebsle-hedeleyirler\/"},"author":{"name":"elli","@id":"https:\/\/www.meydan.tv\/az\/#\/schema\/person\/9cdbecf90d17180ce1dfbd95b08dcf47"},"headline":"&#8220;B\u0259rd\u0259d\u0259 polisl\u0259r m\u0259ni d\u00f6y\u00fcb, indi d\u0259 h\u0259bsl\u0259 h\u0259d\u0259l\u0259yirl\u0259r&#8221;","datePublished":"2022-12-26T11:52:14+00:00","dateModified":"2022-12-26T11:53:30+00:00","mainEntityOfPage":{"@id":"https:\/\/www.meydan.tv\/az\/article\/berdede-polisler-meni-doyub-indi-de-hebsle-hedeleyirler\/"},"wordCount":862,"publisher":{"@id":"https:\/\/www.meydan.tv\/az\/#organization"},"image":{"@id":"https:\/\/www.meydan.tv\/az\/article\/berdede-polisler-meni-doyub-indi-de-hebsle-hedeleyirler\/#primaryimage"},"thumbnailUrl":"https:\/\/www.meydan.tv\/wp-content\/uploads\/untitled-design-8-23.jpg","articleSection":["B\u00f6lg\u0259","T\u00f6vsiy\u0259","X\u0259b\u0259rl\u0259r"],"inLanguage":"az"},{"@type":"WebPage","@id":"https:\/\/www.meydan.tv\/az\/article\/berdede-polisler-meni-doyub-indi-de-hebsle-hedeleyirler\/","url":"https:\/\/www.meydan.tv\/az\/article\/berdede-polisler-meni-doyub-indi-de-hebsle-hedeleyirler\/","name":"\"B\u0259rd\u0259d\u0259 polisl\u0259r m\u0259ni d\u00f6y\u00fcb, indi d\u0259 h\u0259bsl\u0259 h\u0259d\u0259l\u0259yirl\u0259r\" - MEYDAN.TV","isPartOf":{"@id":"https:\/\/www.meydan.tv\/az\/#website"},"primaryImageOfPage":{"@id":"https:\/\/www.meydan.tv\/az\/article\/berdede-polisler-meni-doyub-indi-de-hebsle-hedeleyirler\/#primaryimage"},"image":{"@id":"https:\/\/www.meydan.tv\/az\/article\/berdede-polisler-meni-doyub-indi-de-hebsle-hedeleyirler\/#primaryimage"},"thumbnailUrl":"https:\/\/www.meydan.tv\/wp-content\/uploads\/untitled-design-8-23.jpg","datePublished":"2022-12-26T11:52:14+00:00","dateModified":"2022-12-26T11:53:30+00:00","breadcrumb":{"@id":"https:\/\/www.meydan.tv\/az\/article\/berdede-polisler-meni-doyub-indi-de-hebsle-hedeleyirler\/#breadcrumb"},"inLanguage":"az","potentialAction":[{"@type":"ReadAction","target":["https:\/\/www.meydan.tv\/az\/article\/berdede-polisler-meni-doyub-indi-de-hebsle-hedeleyirler\/"]}]},{"@type":"ImageObject","inLanguage":"az","@id":"https:\/\/www.meydan.tv\/az\/article\/berdede-polisler-meni-doyub-indi-de-hebsle-hedeleyirler\/#primaryimage","url":"https:\/\/www.meydan.tv\/wp-content\/uploads\/untitled-design-8-23.jpg","contentUrl":"https:\/\/www.meydan.tv\/wp-content\/uploads\/untitled-design-8-23.jpg","width":1200,"height":800,"caption":"Zaur H\u00fcseynov. foto: Meydan TV"},{"@type":"BreadcrumbList","@id":"https:\/\/www.meydan.tv\/az\/article\/berdede-polisler-meni-doyub-indi-de-hebsle-hedeleyirler\/#breadcrumb","itemListElement":[{"@type":"ListItem","position":1,"name":"Ana s\u0259hif\u0259","item":"https:\/\/www.meydan.tv\/az\/"},{"@type":"ListItem","position":2,"name":"B\u00f6lg\u0259","item":"https:\/\/www.meydan.tv\/az\/section\/bolge\/"},{"@type":"ListItem","position":3,"name":"&#8220;B\u0259rd\u0259d\u0259 polisl\u0259r m\u0259ni d\u00f6y\u00fcb, indi d\u0259 h\u0259bsl\u0259 h\u0259d\u0259l\u0259yirl\u0259r&#8221;"}]},{"@type":"WebSite","@id":"https:\/\/www.meydan.tv\/az\/#website","url":"https:\/\/www.meydan.tv\/az\/","name":"MEYDAN.TV","description":"Meydan TV Az\u0259rbaycan\u0131n media m\u0259kan\u0131ndak\u0131 alternativ s\u0259sidir","publisher":{"@id":"https:\/\/www.meydan.tv\/az\/#organization"},"potentialAction":[{"@type":"SearchAction","target":{"@type":"EntryPoint","urlTemplate":"https:\/\/www.meydan.tv\/az\/?s={search_term_string}"},"query-input":{"@type":"PropertyValueSpecification","valueRequired":true,"valueName":"search_term_string"}}],"inLanguage":"az"},{"@type":"Organization","@id":"https:\/\/www.meydan.tv\/az\/#organization","name":"Meydan TV","url":"https:\/\/www.meydan.tv\/az\/","logo":{"@type":"ImageObject","inLanguage":"az","@id":"https:\/\/www.meydan.tv\/az\/#\/schema\/logo\/image\/","url":"https:\/\/www.meydan.tv\/wp-content\/uploads\/2021\/07\/meydan-logo.svg","contentUrl":"https:\/\/www.meydan.tv\/wp-content\/uploads\/2021\/07\/meydan-logo.svg","width":195,"height":46,"caption":"Meydan TV"},"image":{"@id":"https:\/\/www.meydan.tv\/az\/#\/schema\/logo\/image\/"}},{"@type":"Person","@id":"https:\/\/www.meydan.tv\/az\/#\/schema\/person\/9cdbecf90d17180ce1dfbd95b08dcf47","name":"elli","sameAs":["https:\/\/x.com\/elli"]}]}},"_links":{"self":[{"href":"https:\/\/www.meydan.tv\/az\/wp-json\/wp\/v2\/posts\/264453","targetHints":{"allow":["GET"]}}],"collection":[{"href":"https:\/\/www.meydan.tv\/az\/wp-json\/wp\/v2\/posts"}],"about":[{"href":"https:\/\/www.meydan.tv\/az\/wp-json\/wp\/v2\/types\/post"}],"author":[{"embeddable":true,"href":"https:\/\/www.meydan.tv\/az\/wp-json\/wp\/v2\/users\/8"}],"replies":[{"embeddable":true,"href":"https:\/\/www.meydan.tv\/az\/wp-json\/wp\/v2\/comments?post=264453"}],"version-history":[{"count":2,"href":"https:\/\/www.meydan.tv\/az\/wp-json\/wp\/v2\/posts\/264453\/revisions"}],"predecessor-version":[{"id":264459,"href":"https:\/\/www.meydan.tv\/az\/wp-json\/wp\/v2\/posts\/264453\/revisions\/264459"}],"wp:featuredmedia":[{"embeddable":true,"href":"https:\/\/www.meydan.tv\/az\/wp-json\/wp\/v2\/media\/264455"}],"wp:attachment":[{"href":"https:\/\/www.meydan.tv\/az\/wp-json\/wp\/v2\/media?parent=264453"}],"wp:term":[{"taxonomy":"category","embeddable":true,"href":"https:\/\/www.meydan.tv\/az\/wp-json\/wp\/v2\/categories?post=264453"},{"taxonomy":"post_tag","embeddable":true,"href":"https:\/\/www.meydan.tv\/az\/wp-json\/wp\/v2\/tags?post=264453"}],"curies":[{"name":"wp","href":"https:\/\/api.w.org\/{rel}","templated":true}]}}