{"id":264448,"date":"2022-12-26T15:02:41","date_gmt":"2022-12-26T11:02:41","guid":{"rendered":"https:\/\/www.meydan.tv\/?p=264448"},"modified":"2022-12-26T15:02:43","modified_gmt":"2022-12-26T11:02:43","slug":"2022-ci-ilde-azerbaycan-edebiyyati-tereqqi-yoxsa-tenezzul","status":"publish","type":"post","link":"https:\/\/www.meydan.tv\/az\/article\/2022-ci-ilde-azerbaycan-edebiyyati-tereqqi-yoxsa-tenezzul\/","title":{"rendered":"<strong>2022-ci ild\u0259 Az\u0259rbaycan \u0259d\u0259biyyat\u0131: t\u0259r\u0259qqi, yoxsa t\u0259n\u0259zz\u00fcl?..<\/strong>"},"content":{"rendered":"\n<p><\/p>\n\n\n\n<p><em>Rasim Qaraca: &#8220;\u018fd\u0259biyyat sektoru t\u0259n\u0259zz\u00fcld\u0259dir, \u00e7\u00fcnki t\u0259\u015f\u0259bb\u00fcsl\u0259r d\u0259st\u0259kl\u0259nmir&#8221;<\/em><\/p>\n\n\n\n<p>2022-ci il yekunla\u015fmaq \u00fczr\u0259dir.<\/p>\n\n\n\n<p><em>Bu il Az\u0259rbaycan \u0259d\u0259biyyat\u0131nda hans\u0131 \u0259lam\u0259tdar hadis\u0259l\u0259rl\u0259 yadda qald\u0131, n\u0259l\u0259r ya\u015fand\u0131?<\/em><\/p>\n\n\n\n<p>Bu sah\u0259d\u0259 ilin yaddaqalan hadis\u0259si kimi, \u0259sas\u0259n, 2022-ci ilin \u0259vv\u0259lind\u0259 Vergi M\u0259c\u0259ll\u0259sin\u0259 edil\u0259n d\u0259yi\u015fikliyi n\u0259z\u0259rd\u0259 tuturlar.<\/p>\n\n\n\n<p>D\u0259yi\u015fiklikd\u0259n sonra Az\u0259rbaycanda ka\u011f\u0131z v\u0259 kitab 18 faiz \u018flav\u0259 D\u0259y\u0259r Vergisind\u0259n (\u018fDV) azad olunub.<\/p>\n\n\n\n<p>D\u00fczd\u00fcr, q\u0259rar 2022-ci il yanvar\u0131n 1-d\u0259n q\u00fcvv\u0259y\u0259 minm\u0259li idi, lakin Nazirl\u0259r Kabineti qanunu 5 ay sonra <a href=\"https:\/\/d9mc3ts4czbpr.cloudfront.net\/az\/article\/kitablarin-uzerinden-edv-goturuldu\/\" target=\"_blank\" rel=\"noreferrer noopener\">t\u0259sdiql\u0259di<\/a>.<\/p>\n\n\n\n<p>2022-ci il daha \u00e7ox kitab s\u0259rgil\u0259ri il\u0259 yadda qald\u0131.<\/p>\n\n\n\n<p>M\u00fcxt\u0259lif d\u00f6vrl\u0259rd\u0259 ke\u00e7iril\u0259n Milli Kitab v\u0259 Bak\u0131 Beyn\u0259lxalq Kitab S\u0259rgil\u0259ri idi.<\/p>\n\n\n\n<p>Bu ilin qalmaqall\u0131 \u0259d\u0259bi hadis\u0259si is\u0259 Az\u0259rbaycan Yaz\u0131\u00e7\u0131lar Birliyinin (AYB) n\u00f6vb\u0259ti qurultay\u0131 oldu.<\/p>\n\n\n\n<figure class=\"wp-block-image size-large\"><img decoding=\"async\" width=\"1095\" height=\"821\" data-src=\"https:\/\/www.meydan.tv\/wp-content\/uploads\/img_3564-1095x821.jpg\" alt=\"\" class=\"wp-image-259414 lazyload\" src=\"data:image\/svg+xml;base64,PHN2ZyB3aWR0aD0iMSIgaGVpZ2h0PSIxIiB4bWxucz0iaHR0cDovL3d3dy53My5vcmcvMjAwMC9zdmciPjwvc3ZnPg==\" style=\"--smush-placeholder-width: 1095px; --smush-placeholder-aspect-ratio: 1095\/821;\" \/><figcaption class=\"wp-element-caption\">AYB-nin qurultay\u0131. Foto: Meydan TV<\/figcaption><\/figure>\n\n\n\n<p>D\u00f6vl\u0259t t\u0259r\u0259find\u0259n M\u0259d\u0259niyy\u0259t Nazirliyi vasit\u0259sil\u0259 hesab\u0131na 203,6 min manat k\u00f6\u00e7\u00fcr\u00fclm\u00fc\u015f AYB-nin qurultay\u0131ndan he\u00e7 d\u0259 ham\u0131 raz\u0131 qalmad\u0131.<\/p>\n\n\n\n<p>Namiz\u0259dlikl\u0259rini ir\u0259li s\u00fcrm\u00fc\u015f yaz\u0131\u00e7\u0131lar s\u0259sverm\u0259d\u0259n naraz\u0131 <a href=\"https:\/\/d9mc3ts4czbpr.cloudfront.net\/az\/article\/ayb-qurultayinda-dava-namizedler-etiraz-edib-zali-terk-etdi\/\" target=\"_blank\" rel=\"noreferrer noopener\">qald\u0131lar.<\/a><\/p>\n\n\n\n<p>Qurultay\u0131n daha \u00e7ox m\u00fczakir\u0259 m\u00f6vzusuna \u00e7evril\u0259n hadis\u0259l\u0259rind\u0259n biri d\u0259 Birliyin birinci m\u00fcavini, Xalq yaz\u0131\u00e7\u0131s\u0131 \u00c7ingiz Abdullayevin jurnalist\u0259 verdiyi s\u0259rt cavab<a href=\"https:\/\/d9mc3ts4czbpr.cloudfront.net\/az\/article\/jurnaliste-qarsi-tehqiramiz-ifadelerin-isledilmesi-yolverilmezdir\/\" target=\"_blank\" rel=\"noreferrer noopener\"> oldu<\/a>.<\/p>\n\n\n\n<p>Azad yazarlar is\u0259 qurultay\u0131 \u201ctama\u015fa\u201d <a href=\"https:\/\/d9mc3ts4czbpr.cloudfront.net\/az\/article\/rasim-qaraca-bu-yalanci-qurultay-kime-lazimdir\/\" target=\"_blank\" rel=\"noreferrer noopener\">adland\u0131rd\u0131lar.<\/a><\/p>\n\n\n\n<p><strong><em>\u018fd\u0259bi m\u00fchitd\u0259 ba\u015f ver\u0259n pis v\u0259 ya yax\u015f\u0131 hadis\u0259l\u0259r yazarlar\u0131n g\u00f6z\u00fcnd\u0259&#8230;<\/em><\/strong><\/p>\n\n\n\n<p>\u015eair Elnur Astanb\u0259yli hesab edir ki, son ill\u0259r, x\u00fcsusil\u0259 d\u0259 2022-c ild\u0259 \u0259d\u0259bi m\u00fchitd\u0259 dur\u011funluq, s\u00fcstl\u00fck h\u00f6km s\u00fcr\u00fcr: <\/p>\n\n\n\n<p>\u201cArxada qoydu\u011fumuz ild\u0259 anti-\u0259d\u0259biyyat\u0131n daha \u00e7ox \u00f6n plana \u00e7\u0131xd\u0131\u011f\u0131n\u0131 g\u00f6rd\u00fck. Az\u0259rbaycanda \u0259d\u0259iyyat\u0131 vahid \u0259ld\u0259 c\u0259ml\u0259\u015fdir\u0259n, bir n\u00f6v \u0259d\u0259biyyat nazirliyi funksiyas\u0131n\u0131 yerin\u0259 yetir\u0259n Yaz\u0131\u00e7\u0131lar Birliyinin tragikomik qurultay\u0131n\u0131n \u015fahidi olduq. Bu, eyni zamanda Az\u0259rbaycanda \u0259slind\u0259 \u0259d\u0259biyyat\u0131n deyil, anti-\u0259d\u0259biyyat\u0131n meydan\u0131n\u0131n geni\u015fl\u0259ndiyini g\u00f6st\u0259rirdi\u201d.<\/p>\n\n\n\n<p>Yazar deyir ki, bu il m\u00fcxt\u0259lif yazarlar\u0131n f\u0259rdi u\u011furlar\u0131n\u0131 \u00e7\u0131xmaq \u015f\u0259rtil\u0259 Az\u0259rbaycanda, h\u0259l\u0259 ki, \u0259d\u0259biyyat ad\u0131na n\u0259l\u0259rd\u0259ns\u0259 dan\u0131\u015fmaq m\u00fcmk\u00fcn deyil: <\/p>\n\n\n\n<p>\u201cGedi\u015fat da onu g\u00f6st\u0259rir ki, yax\u0131n ill\u0259rd\u0259 d\u0259 biz bunu m\u00fc\u015fahid\u0259 ed\u0259 bilm\u0259y\u0259c\u0259yik. \u018fslind\u0259, Az\u0259rbaycanda h\u0259r bir sah\u0259d\u0259ki dur\u011funlu\u011fun, b\u00f6hran\u0131n ba\u015fl\u0131ca s\u0259b\u0259bl\u0259rind\u0259n biri azadl\u0131qlar\u0131n, alternativl\u0259rin z\u0259if olmas\u0131d\u0131r. Az\u0259rbaycanda \u0259d\u0259bi m\u00fchiti canland\u0131rmaq \u00fc\u00e7\u00fcn alternativ \u0259d\u0259bi t\u0259\u015fkilatlar\u0131n, qurumlar\u0131n meydana \u00e7\u0131xmas\u0131 g\u0259r\u0259kdir\u201d.<\/p>\n\n\n\n<figure class=\"wp-block-image size-large\"><img decoding=\"async\" width=\"1200\" height=\"800\" data-src=\"https:\/\/www.meydan.tv\/wp-content\/uploads\/elnur_astanbey-1200x800.jpg\" alt=\"Elnur Astanb\u0259yli\" class=\"wp-image-125824 lazyload\" src=\"data:image\/svg+xml;base64,PHN2ZyB3aWR0aD0iMSIgaGVpZ2h0PSIxIiB4bWxucz0iaHR0cDovL3d3dy53My5vcmcvMjAwMC9zdmciPjwvc3ZnPg==\" style=\"--smush-placeholder-width: 1200px; --smush-placeholder-aspect-ratio: 1200\/800;\" \/><figcaption class=\"wp-element-caption\">Source: Meydan TV<\/figcaption><\/figure>\n\n\n\n<p>Elnur Astanb\u0259yli xat\u0131rlad\u0131r ki, Az\u0259rbaycan Yaz\u0131\u00e7\u0131lar Birliyin\u0259 (AYB) alternativ Azad Yazarlar Oca\u011f\u0131 (AYO), m\u00fcxt\u0259lif \u0259d\u0259bi d\u0259rgil\u0259r, f\u0259rqli \u0259d\u0259biyyat q\u0259zetl\u0259ri vard\u0131. M\u0259hz bunlar\u0131n sah\u0259sind\u0259 Az\u0259rbaycan \u0259d\u0259biyyat\u0131nda canlanma olurdu:<\/p>\n\n\n\n<p>\u201c\u0130ndi m\u0259hz azadl\u0131qlar\u0131n olmamas\u0131, h\u00f6kum\u0259tin dig\u0259r sah\u0259l\u0259rd\u0259 oldu\u011fu kimi \u0259d\u0259biyyatda da h\u0259r \u015feyi bir \u0259ld\u0259, y\u0259ni \u0259d\u0259biyyat nazirliyi dey\u0259 bil\u0259c\u0259yimiz Yaz\u0131\u00e7\u0131lar Birliyind\u0259 c\u0259ml\u0259\u015fdirm\u0259si, bu sah\u0259y\u0259 s\u00fckun\u0259t, dur\u011funluq, s\u0259ssizlik, passivlik g\u0259tirib. \u018fd\u0259bi proses yoxdursa, t\u0259\u0259ss\u00fcf ki, \u0259d\u0259bi hadis\u0259 d\u0259 \u00e7\u0259tin ba\u015f verir\u201d.<\/p>\n\n\n\n<p>Yazar Rasim Qaracan\u0131n fikrinc\u0259, 2022-ci ild\u0259 m\u00fch\u00fcm \u0259d\u0259bi hadis\u0259l\u0259rin say\u0131 az olub:<\/p>\n\n\n\n<p>\u201cT\u0259\u0259ss\u00fcf ki bu hadis\u0259l\u0259r efemer xarakterli olur, ictimai r\u0259y t\u0259r\u0259find\u0259n d\u0259st\u0259kl\u0259nmir, yaz\u0131\u00e7\u0131lar \u00f6z oxucular\u0131ndan aktiv geri d\u00f6n\u00fc\u015f\u0259 nail ola bilmir. \u00c7\u00fcnki yaz\u0131\u00e7\u0131n\u0131 izl\u0259y\u0259n, onu motiv\u0259 ed\u0259n s\u0259viyy\u0259li oxucu t\u0259b\u0259q\u0259si yox dey\u0259c\u0259k q\u0259d\u0259r azd\u0131r. Y\u00fck d\u00fc\u015f\u00fcr yaz\u0131\u00e7\u0131n\u0131n \u00f6z \u00e7iyinl\u0259rin\u0259, imkanlar\u0131 daxilind\u0259 \u0259s\u0259rini reklam edir, payla\u015f\u0131r, \u0259n yax\u015f\u0131 halda b\u00fct\u00fcn tiraj\u0131 sat\u0131b qurtar\u0131r v\u0259 qoydu\u011fu \u201cmayan\u0131\u201d art\u0131qlamas\u0131yla \u00e7\u0131xar\u0131r. Bununla da missiyas\u0131n\u0131n tamamlam\u0131\u015f say\u0131r. Ancaq \u0259d\u0259biyyat\u0131m\u0131z\u0131n dur\u011fun m\u0259nz\u0259r\u0259sind\u0259 bu \u201chadis\u0259\u201d he\u00e7 bir titr\u0259\u015fm\u0259 yaratm\u0131r. Bu m\u0259nada dey\u0259rdim ki, \u0259d\u0259biyyat\u0131m\u0131zda hadis\u0259 ba\u015f vermir\u201d.<\/p>\n\n\n\n<figure class=\"wp-block-image size-large\"><img decoding=\"async\" width=\"1200\" height=\"674\" data-src=\"https:\/\/www.meydan.tv\/wp-content\/uploads\/28432-1200x674.jpg\" alt=\"Rasim Qaraca\" class=\"wp-image-73668 lazyload\" src=\"data:image\/svg+xml;base64,PHN2ZyB3aWR0aD0iMSIgaGVpZ2h0PSIxIiB4bWxucz0iaHR0cDovL3d3dy53My5vcmcvMjAwMC9zdmciPjwvc3ZnPg==\" style=\"--smush-placeholder-width: 1200px; --smush-placeholder-aspect-ratio: 1200\/674;\" \/><figcaption class=\"wp-element-caption\">Foto: Rasim Qaracan\u0131n \u015f\u0259xsi arxivind\u0259n <\/figcaption><\/figure>\n\n\n\n<p>Rasim Qaraca deyir ki, Az\u0259rbaycanda \u0259d\u0259biyyat sektoru t\u0259n\u0259zz\u00fcld\u0259dir, \u00e7\u00fcnki \u0259d\u0259bi m\u00fckafatlar, jurnallar yoxdur, t\u0259\u015f\u0259bb\u00fcsl\u0259r d\u0259st\u0259kl\u0259nmir:<\/p>\n\n\n\n<p>\u201cProsesi canland\u0131ra bil\u0259c\u0259k a\u00e7arlar i\u015fl\u0259mir, b\u00fcrokratik mane\u0259l\u0259r d\u0259 burada h\u0259lledici rol oynay\u0131r. \u0130stedadl\u0131 yaz\u0131\u00e7\u0131lar var, yeti\u015fir, \u00f6zl\u0259rini b\u0259yan edir, bir m\u00fcdd\u0259t \u00f6z ya\u011f\u0131nda qovrulur, n\u0259tic\u0259d\u0259 boz ax\u0131na t\u0259slim olur v\u0259 \u0259d\u0259bi d\u0259y\u0259r yaratmaq funksiyas\u0131n\u0131 itirir. \u00c7\u0131x\u0131\u015f yolunu onda g\u00f6r\u00fcr\u0259m ki, d\u00f6vl\u0259t m\u0259d\u0259niyy\u0259t siyas\u0259tini d\u0259yi\u015fm\u0259lidir. M\u0259d\u0259niyy\u0259t m\u0259rk\u0259zd\u0259, siyas\u0259t, iqtisadiyyat onun \u0259traf\u0131nda olmal\u0131d\u0131r. Sovet d\u00f6vr\u00fcnd\u0259ki kimi, \u0259d\u0259biyyat siyasi hakimiyy\u0259tin \u201ct\u0259k\u0259rciyi v\u0259 vintciyi\u201d olmamal\u0131d\u0131r tezisi tarixin zibilliyin\u0259 g\u00f6m\u00fclm\u0259lidir. B\u00fcrokratik \u0259ng\u0259ll\u0259r aradan g\u00f6t\u00fcr\u00fclm\u0259li, yaz\u0131\u00e7\u0131 birlikl\u0259rinin qeydiyyatdan ke\u00e7m\u0259si asanla\u015fd\u0131r\u0131lmal\u0131d\u0131r\u201d.<\/p>\n\n\n\n<p>\u201cQanun\u201d N\u0259\u015frl\u0259r Evinin r\u0259hb\u0259ri, t\u0259rc\u00fcm\u0259\u00e7i-yazar \u015eahbaz Xuduo\u011flu d\u00fc\u015f\u00fcn\u00fcr ki, 2022-ci ild\u0259 \u0259d\u0259biyyatda \u0259lam\u0259tdar hadis\u0259l\u0259r ba\u015f verib:<\/p>\n\n\n\n<p>\u201cBunlar \u0259sas\u0259n, t\u0259dbirl\u0259rl\u0259 \u0259laq\u0259dar oldu. Milli Kitab S\u0259rgisi ke\u00e7irildi. \u0130ll\u0259rdir, evd\u0259n bay\u0131ra \u00e7\u0131xmayan yaz\u0131\u00e7\u0131 \u018fkr\u0259m \u018fylisli Milli Kitab s\u0259rgisinin qona\u011f\u0131 oldu. M\u0259tbuat\u0131n \u00f6n\u00fcn\u0259 g\u0259ldi, suallara cavab verdi. Bak\u0131 Beyn\u0259lxalq Kitab S\u0259rgisi ke\u00e7irildi. H\u0259r halda Yaz\u0131\u00e7\u0131lar Birliyinin qurultay\u0131n\u0131 da qeyd etm\u0259k laz\u0131md\u0131r. Bu da \u201cyaz\u0131\u00e7\u0131\u201d s\u00f6z\u00fcn\u00fc m\u0259tbuat\u0131n g\u00fcnd\u0259mind\u0259 saxlad\u0131\u201d.<\/p>\n\n\n\n<p>Na\u015fir h\u0259m\u00e7inin qeyd edir ki, 2022-ci ild\u0259 M\u0259d\u0259niyy\u0259t Nazirliyi ilk d\u0259f\u0259 olaraq n\u0259\u015friyyatlardan kitablar al\u0131b, kitabxanalara paylay\u0131b. H\u0259m\u00e7inin Elm v\u0259 T\u0259hsil Nazirliyi d\u0259 m\u0259kt\u0259bli kitabxanalar\u0131 \u00fc\u00e7\u00fcn b\u0259dii \u0259d\u0259biyyatlar al\u0131b.<\/p>\n\n\n\n<p>B\u00fct\u00fcn bunlar\u0131 \u0259d\u0259biyyat sah\u0259si \u00fc\u00e7\u00fcn m\u00fct\u0259r\u0259qqi addm hesab etm\u0259k olar: \u201c\u0130lin ba\u015fla\u011f\u0131c\u0131nda kitaba qoyulmu\u015f 18 faiz \u0259lav\u0259 d\u0259y\u0259r vergisi l\u0259\u011fv olundu. H\u0259r hans\u0131 bir kitab\u0131n yay\u0131m\u0131na qada\u011fa qoyulmad\u0131. Yax\u015f\u0131-pis, h\u0259r halda, bunlar yax\u015f\u0131la\u015fma\u011fa do\u011fru b\u00f6y\u00fck bir add\u0131m d\u0259y\u0259rl\u0259ndirir\u0259m\u201d.<\/p>\n\n\n\n<figure class=\"wp-block-image size-large\"><img decoding=\"async\" width=\"1200\" height=\"542\" data-src=\"https:\/\/www.meydan.tv\/wp-content\/uploads\/sahbaz-xuduoglu-e1671795011683-1200x542.jpg\" alt=\"\u015eahbaz Xuduo\u011flu\" class=\"wp-image-132798 lazyload\" src=\"data:image\/svg+xml;base64,PHN2ZyB3aWR0aD0iMSIgaGVpZ2h0PSIxIiB4bWxucz0iaHR0cDovL3d3dy53My5vcmcvMjAwMC9zdmciPjwvc3ZnPg==\" style=\"--smush-placeholder-width: 1200px; --smush-placeholder-aspect-ratio: 1200\/542;\" \/><figcaption class=\"wp-element-caption\">Foto: Meydan TV<\/figcaption><\/figure>\n\n\n\n<p>\u015eahbaz Xuduo\u011flu deyir ki, Rusiyan\u0131n Ukraynada ba\u015flatd\u0131\u011f\u0131 m\u00fcharib\u0259 \u0259d\u0259biyyat sektorunda da t\u0259sirsiz \u00f6t\u00fc\u015fm\u0259yib. Ka\u011f\u0131z\u0131n qiym\u0259ti s\u00fcr\u0259tl\u0259 qalx\u0131b.<\/p>\n\n\n\n<p>Kitab n\u0259\u015fri il\u0259 m\u0259\u015f\u011ful olan orqanlar\u0131n i\u015fin\u0259 m\u0259nfi t\u0259sir edir, \u00e7\u00fcnki n\u0259\u015friyyatlar ka\u011f\u0131z\u0131 xaricd\u0259n al\u0131r. Ka\u011f\u0131z \u00fcz\u0259rind\u0259n 14 faiz d\u00f6vl\u0259t r\u00fcsumu h\u0259l\u0259 d\u0259 qalmaqdad\u0131r:<\/p>\n\n\n\n<p>\u201cBu ilin \u0259vv\u0259lind\u0259 ka\u011f\u0131z\u0131n 1 tonu 1350-1380 dollara oldu\u011fu halda haz\u0131rda qiym\u0259t 2000 dollara y\u00fcks\u0259lib. Bundan ba\u015fqa, \u00c7ind\u0259n g\u0259l\u0259n ka\u011f\u0131z\u0131n qiym\u0259tl\u0259ri, transport x\u0259rcl\u0259ri ikiqat artd\u0131. O c\u00fcml\u0259d\u0259n, biz el\u0259 \u00fcmid edirdik ki, g\u0259l\u0259n ka\u011f\u0131zlar\u0131n \u00fcz\u0259rind\u0259n r\u00fcsum da g\u00f6t\u00fcr\u0259c\u0259k. \u00c7\u00fcnki ilkin dan\u0131\u015f\u0131qlarda bu var idi. Amma t\u0259\u0259ss\u00fcfl\u0259r olsun ki, kitab ka\u011f\u0131z\u0131 \u00fcz\u0259rind\u0259n 14 faiz d\u00f6vl\u0259t r\u00fcsumu h\u0259l\u0259 d\u0259 qalmaqdad\u0131r. Ka\u011f\u0131z\u0131 da el\u0259 xaricd\u0259n al\u0131r\u0131q. Bu da ist\u0259r-ist\u0259m\u0259z kitab\u0131n qiym\u0259tini baha edir. H\u0259r halda, m\u0259n bel\u0259 ba\u015fa d\u00fc\u015f\u00fcr\u0259m ki, bu il kitab sah\u0259sind\u0259 daha \u00e7ox yax\u015f\u0131 hadis\u0259l\u0259r ba\u015f verdi\u201d.<\/p>\n","protected":false},"excerpt":{"rendered":"<p>Rasim Qaraca: &#8220;\u018fd\u0259biyyat sektoru t\u0259n\u0259zz\u00fcld\u0259dir, \u00e7\u00fcnki t\u0259\u015f\u0259bb\u00fcsl\u0259r d\u0259st\u0259kl\u0259nmir&#8221; 2022-ci il &#8230; <\/p>\n<p class=\"read-more-container\"><a title=\"2022-ci ild\u0259 Az\u0259rbaycan \u0259d\u0259biyyat\u0131: t\u0259r\u0259qqi, yoxsa t\u0259n\u0259zz\u00fcl?..\" class=\"read-more button\" href=\"https:\/\/www.meydan.tv\/az\/article\/2022-ci-ilde-azerbaycan-edebiyyati-tereqqi-yoxsa-tenezzul\/#more-264448\" aria-label=\"Read more about 2022-ci ild\u0259 Az\u0259rbaycan \u0259d\u0259biyyat\u0131: t\u0259r\u0259qqi, yoxsa t\u0259n\u0259zz\u00fcl?..\">Davam\u0131<\/a><\/p>\n","protected":false},"author":8,"featured_media":264445,"comment_status":"closed","ping_status":"closed","sticky":false,"template":"","format":"standard","meta":{"_acf_changed":false,"_sitemap_exclude":false,"_sitemap_priority":"","_sitemap_frequency":"","footnotes":""},"categories":[52,56],"tags":[],"class_list":["post-264448","post","type-post","status-publish","format-standard","has-post-thumbnail","hentry","category-medeniyyet","category-xeberler","infinite-scroll-item","generate-columns","tablet-grid-50","mobile-grid-100","grid-parent","grid-33","no-featured-image-padding"],"acf":[],"yoast_head":"<!-- This site is optimized with the Yoast SEO plugin v27.4 - https:\/\/yoast.com\/product\/yoast-seo-wordpress\/ -->\n<title>2022-ci ild\u0259 Az\u0259rbaycan \u0259d\u0259biyyat\u0131: t\u0259r\u0259qqi, yoxsa t\u0259n\u0259zz\u00fcl?.. - MEYDAN.TV<\/title>\n<meta name=\"robots\" content=\"index, follow, max-snippet:-1, max-image-preview:large, max-video-preview:-1\" \/>\n<link rel=\"canonical\" href=\"https:\/\/www.meydan.tv\/az\/article\/2022-ci-ilde-azerbaycan-edebiyyati-tereqqi-yoxsa-tenezzul\/\" \/>\n<meta property=\"og:locale\" content=\"az_AZ\" \/>\n<meta property=\"og:type\" content=\"article\" \/>\n<meta property=\"og:title\" content=\"2022-ci ild\u0259 Az\u0259rbaycan \u0259d\u0259biyyat\u0131: t\u0259r\u0259qqi, yoxsa t\u0259n\u0259zz\u00fcl?.. - MEYDAN.TV\" \/>\n<meta property=\"og:description\" content=\"Rasim Qaraca: &#8220;\u018fd\u0259biyyat sektoru t\u0259n\u0259zz\u00fcld\u0259dir, \u00e7\u00fcnki t\u0259\u015f\u0259bb\u00fcsl\u0259r d\u0259st\u0259kl\u0259nmir&#8221; 2022-ci il ... Davam\u0131\" \/>\n<meta property=\"og:url\" content=\"https:\/\/www.meydan.tv\/az\/article\/2022-ci-ilde-azerbaycan-edebiyyati-tereqqi-yoxsa-tenezzul\/\" \/>\n<meta property=\"og:site_name\" content=\"MEYDAN.TV\" \/>\n<meta property=\"article:published_time\" content=\"2022-12-26T11:02:41+00:00\" \/>\n<meta property=\"article:modified_time\" content=\"2022-12-26T11:02:43+00:00\" \/>\n<meta property=\"og:image\" content=\"https:\/\/www.meydan.tv\/wp-content\/uploads\/untitled-design-4-53.jpg\" \/>\n\t<meta property=\"og:image:width\" content=\"1200\" \/>\n\t<meta property=\"og:image:height\" content=\"800\" \/>\n\t<meta property=\"og:image:type\" content=\"image\/jpeg\" \/>\n<meta name=\"author\" content=\"elli\" \/>\n<meta name=\"twitter:card\" content=\"summary_large_image\" \/>\n<meta name=\"twitter:creator\" content=\"@elli\" \/>\n<script type=\"application\/ld+json\" class=\"yoast-schema-graph\">{\"@context\":\"https:\\\/\\\/schema.org\",\"@graph\":[{\"@type\":\"Article\",\"@id\":\"https:\\\/\\\/www.meydan.tv\\\/az\\\/article\\\/2022-ci-ilde-azerbaycan-edebiyyati-tereqqi-yoxsa-tenezzul\\\/#article\",\"isPartOf\":{\"@id\":\"https:\\\/\\\/www.meydan.tv\\\/az\\\/article\\\/2022-ci-ilde-azerbaycan-edebiyyati-tereqqi-yoxsa-tenezzul\\\/\"},\"author\":{\"name\":\"elli\",\"@id\":\"https:\\\/\\\/www.meydan.tv\\\/az\\\/#\\\/schema\\\/person\\\/9cdbecf90d17180ce1dfbd95b08dcf47\"},\"headline\":\"2022-ci ild\u0259 Az\u0259rbaycan \u0259d\u0259biyyat\u0131: t\u0259r\u0259qqi, yoxsa t\u0259n\u0259zz\u00fcl?..\",\"datePublished\":\"2022-12-26T11:02:41+00:00\",\"dateModified\":\"2022-12-26T11:02:43+00:00\",\"mainEntityOfPage\":{\"@id\":\"https:\\\/\\\/www.meydan.tv\\\/az\\\/article\\\/2022-ci-ilde-azerbaycan-edebiyyati-tereqqi-yoxsa-tenezzul\\\/\"},\"wordCount\":1413,\"publisher\":{\"@id\":\"https:\\\/\\\/www.meydan.tv\\\/az\\\/#organization\"},\"image\":{\"@id\":\"https:\\\/\\\/www.meydan.tv\\\/az\\\/article\\\/2022-ci-ilde-azerbaycan-edebiyyati-tereqqi-yoxsa-tenezzul\\\/#primaryimage\"},\"thumbnailUrl\":\"https:\\\/\\\/www.meydan.tv\\\/wp-content\\\/uploads\\\/untitled-design-4-53.jpg\",\"articleSection\":[\"M\u0259d\u0259niyy\u0259t\",\"X\u0259b\u0259rl\u0259r\"],\"inLanguage\":\"az\"},{\"@type\":\"WebPage\",\"@id\":\"https:\\\/\\\/www.meydan.tv\\\/az\\\/article\\\/2022-ci-ilde-azerbaycan-edebiyyati-tereqqi-yoxsa-tenezzul\\\/\",\"url\":\"https:\\\/\\\/www.meydan.tv\\\/az\\\/article\\\/2022-ci-ilde-azerbaycan-edebiyyati-tereqqi-yoxsa-tenezzul\\\/\",\"name\":\"2022-ci ild\u0259 Az\u0259rbaycan \u0259d\u0259biyyat\u0131: t\u0259r\u0259qqi, yoxsa t\u0259n\u0259zz\u00fcl?.. - MEYDAN.TV\",\"isPartOf\":{\"@id\":\"https:\\\/\\\/www.meydan.tv\\\/az\\\/#website\"},\"primaryImageOfPage\":{\"@id\":\"https:\\\/\\\/www.meydan.tv\\\/az\\\/article\\\/2022-ci-ilde-azerbaycan-edebiyyati-tereqqi-yoxsa-tenezzul\\\/#primaryimage\"},\"image\":{\"@id\":\"https:\\\/\\\/www.meydan.tv\\\/az\\\/article\\\/2022-ci-ilde-azerbaycan-edebiyyati-tereqqi-yoxsa-tenezzul\\\/#primaryimage\"},\"thumbnailUrl\":\"https:\\\/\\\/www.meydan.tv\\\/wp-content\\\/uploads\\\/untitled-design-4-53.jpg\",\"datePublished\":\"2022-12-26T11:02:41+00:00\",\"dateModified\":\"2022-12-26T11:02:43+00:00\",\"breadcrumb\":{\"@id\":\"https:\\\/\\\/www.meydan.tv\\\/az\\\/article\\\/2022-ci-ilde-azerbaycan-edebiyyati-tereqqi-yoxsa-tenezzul\\\/#breadcrumb\"},\"inLanguage\":\"az\",\"potentialAction\":[{\"@type\":\"ReadAction\",\"target\":[\"https:\\\/\\\/www.meydan.tv\\\/az\\\/article\\\/2022-ci-ilde-azerbaycan-edebiyyati-tereqqi-yoxsa-tenezzul\\\/\"]}]},{\"@type\":\"ImageObject\",\"inLanguage\":\"az\",\"@id\":\"https:\\\/\\\/www.meydan.tv\\\/az\\\/article\\\/2022-ci-ilde-azerbaycan-edebiyyati-tereqqi-yoxsa-tenezzul\\\/#primaryimage\",\"url\":\"https:\\\/\\\/www.meydan.tv\\\/wp-content\\\/uploads\\\/untitled-design-4-53.jpg\",\"contentUrl\":\"https:\\\/\\\/www.meydan.tv\\\/wp-content\\\/uploads\\\/untitled-design-4-53.jpg\",\"width\":1200,\"height\":800,\"caption\":\"Az\u0259rbaycanda \u0259d\u0259biyyat. Foto: Aleksandar Mijatovic\\\/shutterstock\"},{\"@type\":\"BreadcrumbList\",\"@id\":\"https:\\\/\\\/www.meydan.tv\\\/az\\\/article\\\/2022-ci-ilde-azerbaycan-edebiyyati-tereqqi-yoxsa-tenezzul\\\/#breadcrumb\",\"itemListElement\":[{\"@type\":\"ListItem\",\"position\":1,\"name\":\"Ana s\u0259hif\u0259\",\"item\":\"https:\\\/\\\/www.meydan.tv\\\/az\\\/\"},{\"@type\":\"ListItem\",\"position\":2,\"name\":\"M\u0259d\u0259niyy\u0259t\",\"item\":\"https:\\\/\\\/www.meydan.tv\\\/az\\\/section\\\/medeniyyet\\\/\"},{\"@type\":\"ListItem\",\"position\":3,\"name\":\"2022-ci ild\u0259 Az\u0259rbaycan \u0259d\u0259biyyat\u0131: t\u0259r\u0259qqi, yoxsa t\u0259n\u0259zz\u00fcl?..\"}]},{\"@type\":\"WebSite\",\"@id\":\"https:\\\/\\\/www.meydan.tv\\\/az\\\/#website\",\"url\":\"https:\\\/\\\/www.meydan.tv\\\/az\\\/\",\"name\":\"MEYDAN.TV\",\"description\":\"Meydan TV Az\u0259rbaycan\u0131n media m\u0259kan\u0131ndak\u0131 alternativ s\u0259sidir\",\"publisher\":{\"@id\":\"https:\\\/\\\/www.meydan.tv\\\/az\\\/#organization\"},\"potentialAction\":[{\"@type\":\"SearchAction\",\"target\":{\"@type\":\"EntryPoint\",\"urlTemplate\":\"https:\\\/\\\/www.meydan.tv\\\/az\\\/?s={search_term_string}\"},\"query-input\":{\"@type\":\"PropertyValueSpecification\",\"valueRequired\":true,\"valueName\":\"search_term_string\"}}],\"inLanguage\":\"az\"},{\"@type\":\"Organization\",\"@id\":\"https:\\\/\\\/www.meydan.tv\\\/az\\\/#organization\",\"name\":\"Meydan TV\",\"url\":\"https:\\\/\\\/www.meydan.tv\\\/az\\\/\",\"logo\":{\"@type\":\"ImageObject\",\"inLanguage\":\"az\",\"@id\":\"https:\\\/\\\/www.meydan.tv\\\/az\\\/#\\\/schema\\\/logo\\\/image\\\/\",\"url\":\"https:\\\/\\\/www.meydan.tv\\\/wp-content\\\/uploads\\\/2021\\\/07\\\/meydan-logo.svg\",\"contentUrl\":\"https:\\\/\\\/www.meydan.tv\\\/wp-content\\\/uploads\\\/2021\\\/07\\\/meydan-logo.svg\",\"width\":195,\"height\":46,\"caption\":\"Meydan TV\"},\"image\":{\"@id\":\"https:\\\/\\\/www.meydan.tv\\\/az\\\/#\\\/schema\\\/logo\\\/image\\\/\"}},{\"@type\":\"Person\",\"@id\":\"https:\\\/\\\/www.meydan.tv\\\/az\\\/#\\\/schema\\\/person\\\/9cdbecf90d17180ce1dfbd95b08dcf47\",\"name\":\"elli\",\"sameAs\":[\"https:\\\/\\\/x.com\\\/elli\"]}]}<\/script>\n<!-- \/ Yoast SEO plugin. -->","yoast_head_json":{"title":"2022-ci ild\u0259 Az\u0259rbaycan \u0259d\u0259biyyat\u0131: t\u0259r\u0259qqi, yoxsa t\u0259n\u0259zz\u00fcl?.. - MEYDAN.TV","robots":{"index":"index","follow":"follow","max-snippet":"max-snippet:-1","max-image-preview":"max-image-preview:large","max-video-preview":"max-video-preview:-1"},"canonical":"https:\/\/www.meydan.tv\/az\/article\/2022-ci-ilde-azerbaycan-edebiyyati-tereqqi-yoxsa-tenezzul\/","og_locale":"az_AZ","og_type":"article","og_title":"2022-ci ild\u0259 Az\u0259rbaycan \u0259d\u0259biyyat\u0131: t\u0259r\u0259qqi, yoxsa t\u0259n\u0259zz\u00fcl?.. - MEYDAN.TV","og_description":"Rasim Qaraca: &#8220;\u018fd\u0259biyyat sektoru t\u0259n\u0259zz\u00fcld\u0259dir, \u00e7\u00fcnki t\u0259\u015f\u0259bb\u00fcsl\u0259r d\u0259st\u0259kl\u0259nmir&#8221; 2022-ci il ... Davam\u0131","og_url":"https:\/\/www.meydan.tv\/az\/article\/2022-ci-ilde-azerbaycan-edebiyyati-tereqqi-yoxsa-tenezzul\/","og_site_name":"MEYDAN.TV","article_published_time":"2022-12-26T11:02:41+00:00","article_modified_time":"2022-12-26T11:02:43+00:00","og_image":[{"width":1200,"height":800,"url":"https:\/\/www.meydan.tv\/wp-content\/uploads\/untitled-design-4-53.jpg","type":"image\/jpeg"}],"author":"elli","twitter_card":"summary_large_image","twitter_creator":"@elli","schema":{"@context":"https:\/\/schema.org","@graph":[{"@type":"Article","@id":"https:\/\/www.meydan.tv\/az\/article\/2022-ci-ilde-azerbaycan-edebiyyati-tereqqi-yoxsa-tenezzul\/#article","isPartOf":{"@id":"https:\/\/www.meydan.tv\/az\/article\/2022-ci-ilde-azerbaycan-edebiyyati-tereqqi-yoxsa-tenezzul\/"},"author":{"name":"elli","@id":"https:\/\/www.meydan.tv\/az\/#\/schema\/person\/9cdbecf90d17180ce1dfbd95b08dcf47"},"headline":"2022-ci ild\u0259 Az\u0259rbaycan \u0259d\u0259biyyat\u0131: t\u0259r\u0259qqi, yoxsa t\u0259n\u0259zz\u00fcl?..","datePublished":"2022-12-26T11:02:41+00:00","dateModified":"2022-12-26T11:02:43+00:00","mainEntityOfPage":{"@id":"https:\/\/www.meydan.tv\/az\/article\/2022-ci-ilde-azerbaycan-edebiyyati-tereqqi-yoxsa-tenezzul\/"},"wordCount":1413,"publisher":{"@id":"https:\/\/www.meydan.tv\/az\/#organization"},"image":{"@id":"https:\/\/www.meydan.tv\/az\/article\/2022-ci-ilde-azerbaycan-edebiyyati-tereqqi-yoxsa-tenezzul\/#primaryimage"},"thumbnailUrl":"https:\/\/www.meydan.tv\/wp-content\/uploads\/untitled-design-4-53.jpg","articleSection":["M\u0259d\u0259niyy\u0259t","X\u0259b\u0259rl\u0259r"],"inLanguage":"az"},{"@type":"WebPage","@id":"https:\/\/www.meydan.tv\/az\/article\/2022-ci-ilde-azerbaycan-edebiyyati-tereqqi-yoxsa-tenezzul\/","url":"https:\/\/www.meydan.tv\/az\/article\/2022-ci-ilde-azerbaycan-edebiyyati-tereqqi-yoxsa-tenezzul\/","name":"2022-ci ild\u0259 Az\u0259rbaycan \u0259d\u0259biyyat\u0131: t\u0259r\u0259qqi, yoxsa t\u0259n\u0259zz\u00fcl?.. - MEYDAN.TV","isPartOf":{"@id":"https:\/\/www.meydan.tv\/az\/#website"},"primaryImageOfPage":{"@id":"https:\/\/www.meydan.tv\/az\/article\/2022-ci-ilde-azerbaycan-edebiyyati-tereqqi-yoxsa-tenezzul\/#primaryimage"},"image":{"@id":"https:\/\/www.meydan.tv\/az\/article\/2022-ci-ilde-azerbaycan-edebiyyati-tereqqi-yoxsa-tenezzul\/#primaryimage"},"thumbnailUrl":"https:\/\/www.meydan.tv\/wp-content\/uploads\/untitled-design-4-53.jpg","datePublished":"2022-12-26T11:02:41+00:00","dateModified":"2022-12-26T11:02:43+00:00","breadcrumb":{"@id":"https:\/\/www.meydan.tv\/az\/article\/2022-ci-ilde-azerbaycan-edebiyyati-tereqqi-yoxsa-tenezzul\/#breadcrumb"},"inLanguage":"az","potentialAction":[{"@type":"ReadAction","target":["https:\/\/www.meydan.tv\/az\/article\/2022-ci-ilde-azerbaycan-edebiyyati-tereqqi-yoxsa-tenezzul\/"]}]},{"@type":"ImageObject","inLanguage":"az","@id":"https:\/\/www.meydan.tv\/az\/article\/2022-ci-ilde-azerbaycan-edebiyyati-tereqqi-yoxsa-tenezzul\/#primaryimage","url":"https:\/\/www.meydan.tv\/wp-content\/uploads\/untitled-design-4-53.jpg","contentUrl":"https:\/\/www.meydan.tv\/wp-content\/uploads\/untitled-design-4-53.jpg","width":1200,"height":800,"caption":"Az\u0259rbaycanda \u0259d\u0259biyyat. Foto: Aleksandar Mijatovic\/shutterstock"},{"@type":"BreadcrumbList","@id":"https:\/\/www.meydan.tv\/az\/article\/2022-ci-ilde-azerbaycan-edebiyyati-tereqqi-yoxsa-tenezzul\/#breadcrumb","itemListElement":[{"@type":"ListItem","position":1,"name":"Ana s\u0259hif\u0259","item":"https:\/\/www.meydan.tv\/az\/"},{"@type":"ListItem","position":2,"name":"M\u0259d\u0259niyy\u0259t","item":"https:\/\/www.meydan.tv\/az\/section\/medeniyyet\/"},{"@type":"ListItem","position":3,"name":"2022-ci ild\u0259 Az\u0259rbaycan \u0259d\u0259biyyat\u0131: t\u0259r\u0259qqi, yoxsa t\u0259n\u0259zz\u00fcl?.."}]},{"@type":"WebSite","@id":"https:\/\/www.meydan.tv\/az\/#website","url":"https:\/\/www.meydan.tv\/az\/","name":"MEYDAN.TV","description":"Meydan TV Az\u0259rbaycan\u0131n media m\u0259kan\u0131ndak\u0131 alternativ s\u0259sidir","publisher":{"@id":"https:\/\/www.meydan.tv\/az\/#organization"},"potentialAction":[{"@type":"SearchAction","target":{"@type":"EntryPoint","urlTemplate":"https:\/\/www.meydan.tv\/az\/?s={search_term_string}"},"query-input":{"@type":"PropertyValueSpecification","valueRequired":true,"valueName":"search_term_string"}}],"inLanguage":"az"},{"@type":"Organization","@id":"https:\/\/www.meydan.tv\/az\/#organization","name":"Meydan TV","url":"https:\/\/www.meydan.tv\/az\/","logo":{"@type":"ImageObject","inLanguage":"az","@id":"https:\/\/www.meydan.tv\/az\/#\/schema\/logo\/image\/","url":"https:\/\/www.meydan.tv\/wp-content\/uploads\/2021\/07\/meydan-logo.svg","contentUrl":"https:\/\/www.meydan.tv\/wp-content\/uploads\/2021\/07\/meydan-logo.svg","width":195,"height":46,"caption":"Meydan TV"},"image":{"@id":"https:\/\/www.meydan.tv\/az\/#\/schema\/logo\/image\/"}},{"@type":"Person","@id":"https:\/\/www.meydan.tv\/az\/#\/schema\/person\/9cdbecf90d17180ce1dfbd95b08dcf47","name":"elli","sameAs":["https:\/\/x.com\/elli"]}]}},"_links":{"self":[{"href":"https:\/\/www.meydan.tv\/az\/wp-json\/wp\/v2\/posts\/264448","targetHints":{"allow":["GET"]}}],"collection":[{"href":"https:\/\/www.meydan.tv\/az\/wp-json\/wp\/v2\/posts"}],"about":[{"href":"https:\/\/www.meydan.tv\/az\/wp-json\/wp\/v2\/types\/post"}],"author":[{"embeddable":true,"href":"https:\/\/www.meydan.tv\/az\/wp-json\/wp\/v2\/users\/8"}],"replies":[{"embeddable":true,"href":"https:\/\/www.meydan.tv\/az\/wp-json\/wp\/v2\/comments?post=264448"}],"version-history":[{"count":1,"href":"https:\/\/www.meydan.tv\/az\/wp-json\/wp\/v2\/posts\/264448\/revisions"}],"predecessor-version":[{"id":264449,"href":"https:\/\/www.meydan.tv\/az\/wp-json\/wp\/v2\/posts\/264448\/revisions\/264449"}],"wp:featuredmedia":[{"embeddable":true,"href":"https:\/\/www.meydan.tv\/az\/wp-json\/wp\/v2\/media\/264445"}],"wp:attachment":[{"href":"https:\/\/www.meydan.tv\/az\/wp-json\/wp\/v2\/media?parent=264448"}],"wp:term":[{"taxonomy":"category","embeddable":true,"href":"https:\/\/www.meydan.tv\/az\/wp-json\/wp\/v2\/categories?post=264448"},{"taxonomy":"post_tag","embeddable":true,"href":"https:\/\/www.meydan.tv\/az\/wp-json\/wp\/v2\/tags?post=264448"}],"curies":[{"name":"wp","href":"https:\/\/api.w.org\/{rel}","templated":true}]}}