{"id":264429,"date":"2022-12-26T13:59:35","date_gmt":"2022-12-26T09:59:35","guid":{"rendered":"https:\/\/www.meydan.tv\/?p=264429"},"modified":"2022-12-26T13:59:37","modified_gmt":"2022-12-26T09:59:37","slug":"ekoloq-agdasda-agaclarin-budama-adiyla-mehv-edildiyini-deyir","status":"publish","type":"post","link":"https:\/\/www.meydan.tv\/az\/article\/ekoloq-agdasda-agaclarin-budama-adiyla-mehv-edildiyini-deyir\/","title":{"rendered":"Ekoloq A\u011fda\u015fda a\u011faclar\u0131n budama ad\u0131yla m\u0259hv edildiyini deyir"},"content":{"rendered":"\n<p><\/p>\n\n\n\n<p><em>Rayon sakinl\u0259ri Eldar \u015fam\u0131 a\u011faclar\u0131n\u0131n k\u00fctl\u0259vi qurumas\u0131ndan narahatd\u0131r<\/em><\/p>\n\n\n\n<p>\u201cA\u011fda\u015f Bayraq Meydan\u0131n\u0131n yan\u0131nda a\u011faclar m\u0259hv edilib, yerind\u0259 \u00e7ayxana tikilir\u201d.<\/p>\n\n\n\n<p>Bu bar\u0259d\u0259 Meydan TV-y\u0259 \u201cEcofront\u201d t\u0259\u015fkilat\u0131n\u0131n r\u0259hb\u0259ri Cavid Qara m\u0259lumat verib. Onun s\u00f6zl\u0259rin\u0259 g\u00f6r\u0259, a\u011faclar guya budan\u0131b, amma budama bu v\u0259ziyy\u0259td\u0259 apar\u0131lm\u0131r:<\/p>\n\n\n\n<p>\u201cA\u011faclar sad\u0259c\u0259 olaraq, m\u0259hv edilib. Bu g\u00f6r\u00fcnt\u00fcl\u0259r a\u011faca veril\u0259n d\u0259y\u0259rdir, barbarl\u0131\u011f\u0131n rahat\u00e7\u0131l\u0131\u011f\u0131d\u0131r. Bunu ed\u0259n problem ya\u015famayaca\u011f\u0131na arxay\u0131nd\u0131r. \u00c7ayxana t\u0259yinatl\u0131 obyekt bu \u00f6l\u00e7\u00fcd\u0259 a\u011faclar\u0131n yerind\u0259 tikilib\u201d.<\/p>\n\n\n\n<p>Ekof\u0259al qeyd edib ki, a\u011faclar\u0131n budanmas\u0131 il\u0259 ba\u011fl\u0131 ekoloji r\u0259y verilib. \u00dcmumiyy\u0259tl\u0259, son vaxtlar a\u011faclar\u0131n m\u0259hvi il\u0259 ba\u011fl\u0131 \u015fikay\u0259t v\u0259 ara\u015fd\u0131rmalarda ekoloji r\u0259y oldu\u011fu b\u0259lli olur.<\/p>\n\n\n\n<figure class=\"wp-block-image size-full\"><img decoding=\"async\" width=\"1200\" height=\"555\" data-src=\"https:\/\/www.meydan.tv\/wp-content\/uploads\/321310463_3414858828841690_6646199355251988562_n_720.jpg\" alt=\"\" class=\"wp-image-264430 lazyload\" src=\"data:image\/svg+xml;base64,PHN2ZyB3aWR0aD0iMSIgaGVpZ2h0PSIxIiB4bWxucz0iaHR0cDovL3d3dy53My5vcmcvMjAwMC9zdmciPjwvc3ZnPg==\" style=\"--smush-placeholder-width: 1200px; --smush-placeholder-aspect-ratio: 1200\/555;\" \/><\/figure>\n\n\n\n<p>A\u011fda\u015f sakinl\u0259ri is\u0259 Meydan TV-y\u0259 bildiribl\u0259r ki, t\u0259kc\u0259 Bayraq Meydan\u0131nda deyil, A\u011fda\u015fda yol k\u0259narlar\u0131ndak\u0131 Eldar \u015fam\u0131 a\u011faclar\u0131 da k\u00fctl\u0259vi m\u0259hv olur, g\u00fcn\u00fc-g\u00fcnd\u0259n quruyur:<\/p>\n\n\n\n<p>\u201c\u018fvv\u0259ll\u0259r A\u011fda\u015f\u0131n m\u0259rk\u0259zind\u0259 ya\u015f\u0131ll\u0131q \u0259razi, o c\u00fcml\u0259d\u0259n a\u011faclar\u0131n say\u0131 \u00e7ox idi. \u0130ndi is\u0259 ya\u015f\u0131ll\u0131q \u0259razil\u0259rd\u0259 obyektl\u0259r tikilir. Eldar \u015fam\u0131 a\u011faclar\u0131 is\u0259 quruyur, baxan da yoxdur\u201d.<\/p>\n\n\n\n<p>A\u011fda\u015f Rayon \u0130cra Hakimiyy\u0259tind\u0259n Meydan TV-y\u0259 bildiribl\u0259r ki, a\u011faclar ekoloji r\u0259y \u0259sas\u0131nda, el\u0259 onlar t\u0259r\u0259find\u0259n d\u0259 ya budan\u0131r, ya da k\u00f6\u00e7\u00fcr\u00fcl\u00fcr:<\/p>\n\n\n\n<p>\u201cEkoloji r\u0259y olmadan h\u0259tta h\u0259y\u0259tl\u0259rd\u0259 bel\u0259 bir a\u011fac\u0131n k\u0259silm\u0259si yolverilm\u0259zdir. H\u0259min \u0259razid\u0259 d\u0259 a\u011faclar obyekt \u00fc\u00e7\u00fcn t\u0259hl\u00fck\u0259 yaratd\u0131\u011f\u0131ndan ekoloqlar\u0131n i\u015ftirak\u0131 il\u0259 budan\u0131b\u201d.<\/p>\n\n\n\n<figure class=\"wp-block-image size-large\"><img decoding=\"async\" width=\"1200\" height=\"563\" data-src=\"https:\/\/www.meydan.tv\/wp-content\/uploads\/321401291_897579437913107_8216341171872105731_n-1200x563.jpg\" alt=\"\" class=\"wp-image-264436 lazyload\" src=\"data:image\/svg+xml;base64,PHN2ZyB3aWR0aD0iMSIgaGVpZ2h0PSIxIiB4bWxucz0iaHR0cDovL3d3dy53My5vcmcvMjAwMC9zdmciPjwvc3ZnPg==\" style=\"--smush-placeholder-width: 1200px; --smush-placeholder-aspect-ratio: 1200\/563;\" \/><\/figure>\n","protected":false},"excerpt":{"rendered":"<p>Rayon sakinl\u0259ri Eldar \u015fam\u0131 a\u011faclar\u0131n\u0131n k\u00fctl\u0259vi qurumas\u0131ndan narahatd\u0131r \u201cA\u011fda\u015f Bayraq &#8230; <\/p>\n<p class=\"read-more-container\"><a title=\"Ekoloq A\u011fda\u015fda a\u011faclar\u0131n budama ad\u0131yla m\u0259hv edildiyini deyir\" class=\"read-more button\" href=\"https:\/\/www.meydan.tv\/az\/article\/ekoloq-agdasda-agaclarin-budama-adiyla-mehv-edildiyini-deyir\/#more-264429\" aria-label=\"Read more about Ekoloq A\u011fda\u015fda a\u011faclar\u0131n budama ad\u0131yla m\u0259hv edildiyini deyir\">Davam\u0131<\/a><\/p>\n","protected":false},"author":8,"featured_media":264433,"comment_status":"closed","ping_status":"closed","sticky":false,"template":"","format":"standard","meta":{"_acf_changed":false,"_sitemap_exclude":false,"_sitemap_priority":"","_sitemap_frequency":"","footnotes":""},"categories":[60,79,56],"tags":[],"class_list":["post-264429","post","type-post","status-publish","format-standard","has-post-thumbnail","hentry","category-bolge","category-featured","category-xeberler","infinite-scroll-item","generate-columns","tablet-grid-50","mobile-grid-100","grid-parent","grid-33","no-featured-image-padding"],"acf":[],"yoast_head":"<!-- This site is optimized with the Yoast SEO plugin v27.5 - https:\/\/yoast.com\/product\/yoast-seo-wordpress\/ -->\n<title>Ekoloq A\u011fda\u015fda a\u011faclar\u0131n budama ad\u0131yla m\u0259hv edildiyini deyir - MEYDAN.TV<\/title>\n<meta name=\"robots\" content=\"index, follow, max-snippet:-1, max-image-preview:large, max-video-preview:-1\" \/>\n<link rel=\"canonical\" href=\"https:\/\/www.meydan.tv\/az\/article\/ekoloq-agdasda-agaclarin-budama-adiyla-mehv-edildiyini-deyir\/\" \/>\n<meta property=\"og:locale\" content=\"az_AZ\" \/>\n<meta property=\"og:type\" content=\"article\" \/>\n<meta property=\"og:title\" content=\"Ekoloq A\u011fda\u015fda a\u011faclar\u0131n budama ad\u0131yla m\u0259hv edildiyini deyir - MEYDAN.TV\" \/>\n<meta property=\"og:description\" content=\"Rayon sakinl\u0259ri Eldar \u015fam\u0131 a\u011faclar\u0131n\u0131n k\u00fctl\u0259vi qurumas\u0131ndan narahatd\u0131r \u201cA\u011fda\u015f Bayraq ... Davam\u0131\" \/>\n<meta property=\"og:url\" content=\"https:\/\/www.meydan.tv\/az\/article\/ekoloq-agdasda-agaclarin-budama-adiyla-mehv-edildiyini-deyir\/\" \/>\n<meta property=\"og:site_name\" content=\"MEYDAN.TV\" \/>\n<meta property=\"article:published_time\" content=\"2022-12-26T09:59:35+00:00\" \/>\n<meta property=\"article:modified_time\" content=\"2022-12-26T09:59:37+00:00\" \/>\n<meta property=\"og:image\" content=\"https:\/\/www.meydan.tv\/wp-content\/uploads\/321348784_534497458674863_2105029646389170633_n.jpg\" \/>\n\t<meta property=\"og:image:width\" content=\"1252\" \/>\n\t<meta property=\"og:image:height\" content=\"578\" \/>\n\t<meta property=\"og:image:type\" content=\"image\/jpeg\" \/>\n<meta name=\"author\" content=\"elli\" \/>\n<meta name=\"twitter:card\" content=\"summary_large_image\" \/>\n<meta name=\"twitter:creator\" content=\"@elli\" \/>\n<script type=\"application\/ld+json\" class=\"yoast-schema-graph\">{\"@context\":\"https:\\\/\\\/schema.org\",\"@graph\":[{\"@type\":\"Article\",\"@id\":\"https:\\\/\\\/www.meydan.tv\\\/az\\\/article\\\/ekoloq-agdasda-agaclarin-budama-adiyla-mehv-edildiyini-deyir\\\/#article\",\"isPartOf\":{\"@id\":\"https:\\\/\\\/www.meydan.tv\\\/az\\\/article\\\/ekoloq-agdasda-agaclarin-budama-adiyla-mehv-edildiyini-deyir\\\/\"},\"author\":{\"name\":\"elli\",\"@id\":\"https:\\\/\\\/www.meydan.tv\\\/az\\\/#\\\/schema\\\/person\\\/9cdbecf90d17180ce1dfbd95b08dcf47\"},\"headline\":\"Ekoloq A\u011fda\u015fda a\u011faclar\u0131n budama ad\u0131yla m\u0259hv edildiyini deyir\",\"datePublished\":\"2022-12-26T09:59:35+00:00\",\"dateModified\":\"2022-12-26T09:59:37+00:00\",\"mainEntityOfPage\":{\"@id\":\"https:\\\/\\\/www.meydan.tv\\\/az\\\/article\\\/ekoloq-agdasda-agaclarin-budama-adiyla-mehv-edildiyini-deyir\\\/\"},\"wordCount\":333,\"publisher\":{\"@id\":\"https:\\\/\\\/www.meydan.tv\\\/az\\\/#organization\"},\"image\":{\"@id\":\"https:\\\/\\\/www.meydan.tv\\\/az\\\/article\\\/ekoloq-agdasda-agaclarin-budama-adiyla-mehv-edildiyini-deyir\\\/#primaryimage\"},\"thumbnailUrl\":\"https:\\\/\\\/www.meydan.tv\\\/wp-content\\\/uploads\\\/321348784_534497458674863_2105029646389170633_n.jpg\",\"articleSection\":[\"B\u00f6lg\u0259\",\"T\u00f6vsiy\u0259\",\"X\u0259b\u0259rl\u0259r\"],\"inLanguage\":\"az\"},{\"@type\":\"WebPage\",\"@id\":\"https:\\\/\\\/www.meydan.tv\\\/az\\\/article\\\/ekoloq-agdasda-agaclarin-budama-adiyla-mehv-edildiyini-deyir\\\/\",\"url\":\"https:\\\/\\\/www.meydan.tv\\\/az\\\/article\\\/ekoloq-agdasda-agaclarin-budama-adiyla-mehv-edildiyini-deyir\\\/\",\"name\":\"Ekoloq A\u011fda\u015fda a\u011faclar\u0131n budama ad\u0131yla m\u0259hv edildiyini deyir - MEYDAN.TV\",\"isPartOf\":{\"@id\":\"https:\\\/\\\/www.meydan.tv\\\/az\\\/#website\"},\"primaryImageOfPage\":{\"@id\":\"https:\\\/\\\/www.meydan.tv\\\/az\\\/article\\\/ekoloq-agdasda-agaclarin-budama-adiyla-mehv-edildiyini-deyir\\\/#primaryimage\"},\"image\":{\"@id\":\"https:\\\/\\\/www.meydan.tv\\\/az\\\/article\\\/ekoloq-agdasda-agaclarin-budama-adiyla-mehv-edildiyini-deyir\\\/#primaryimage\"},\"thumbnailUrl\":\"https:\\\/\\\/www.meydan.tv\\\/wp-content\\\/uploads\\\/321348784_534497458674863_2105029646389170633_n.jpg\",\"datePublished\":\"2022-12-26T09:59:35+00:00\",\"dateModified\":\"2022-12-26T09:59:37+00:00\",\"breadcrumb\":{\"@id\":\"https:\\\/\\\/www.meydan.tv\\\/az\\\/article\\\/ekoloq-agdasda-agaclarin-budama-adiyla-mehv-edildiyini-deyir\\\/#breadcrumb\"},\"inLanguage\":\"az\",\"potentialAction\":[{\"@type\":\"ReadAction\",\"target\":[\"https:\\\/\\\/www.meydan.tv\\\/az\\\/article\\\/ekoloq-agdasda-agaclarin-budama-adiyla-mehv-edildiyini-deyir\\\/\"]}]},{\"@type\":\"ImageObject\",\"inLanguage\":\"az\",\"@id\":\"https:\\\/\\\/www.meydan.tv\\\/az\\\/article\\\/ekoloq-agdasda-agaclarin-budama-adiyla-mehv-edildiyini-deyir\\\/#primaryimage\",\"url\":\"https:\\\/\\\/www.meydan.tv\\\/wp-content\\\/uploads\\\/321348784_534497458674863_2105029646389170633_n.jpg\",\"contentUrl\":\"https:\\\/\\\/www.meydan.tv\\\/wp-content\\\/uploads\\\/321348784_534497458674863_2105029646389170633_n.jpg\",\"width\":1252,\"height\":578,\"caption\":\"Fotolar: \\\"Ecofront\\\"\"},{\"@type\":\"BreadcrumbList\",\"@id\":\"https:\\\/\\\/www.meydan.tv\\\/az\\\/article\\\/ekoloq-agdasda-agaclarin-budama-adiyla-mehv-edildiyini-deyir\\\/#breadcrumb\",\"itemListElement\":[{\"@type\":\"ListItem\",\"position\":1,\"name\":\"Ana s\u0259hif\u0259\",\"item\":\"https:\\\/\\\/www.meydan.tv\\\/az\\\/\"},{\"@type\":\"ListItem\",\"position\":2,\"name\":\"B\u00f6lg\u0259\",\"item\":\"https:\\\/\\\/www.meydan.tv\\\/az\\\/section\\\/bolge\\\/\"},{\"@type\":\"ListItem\",\"position\":3,\"name\":\"Ekoloq A\u011fda\u015fda a\u011faclar\u0131n budama ad\u0131yla m\u0259hv edildiyini deyir\"}]},{\"@type\":\"WebSite\",\"@id\":\"https:\\\/\\\/www.meydan.tv\\\/az\\\/#website\",\"url\":\"https:\\\/\\\/www.meydan.tv\\\/az\\\/\",\"name\":\"MEYDAN.TV\",\"description\":\"Meydan TV Az\u0259rbaycan\u0131n media m\u0259kan\u0131ndak\u0131 alternativ s\u0259sidir\",\"publisher\":{\"@id\":\"https:\\\/\\\/www.meydan.tv\\\/az\\\/#organization\"},\"potentialAction\":[{\"@type\":\"SearchAction\",\"target\":{\"@type\":\"EntryPoint\",\"urlTemplate\":\"https:\\\/\\\/www.meydan.tv\\\/az\\\/?s={search_term_string}\"},\"query-input\":{\"@type\":\"PropertyValueSpecification\",\"valueRequired\":true,\"valueName\":\"search_term_string\"}}],\"inLanguage\":\"az\"},{\"@type\":\"Organization\",\"@id\":\"https:\\\/\\\/www.meydan.tv\\\/az\\\/#organization\",\"name\":\"Meydan TV\",\"url\":\"https:\\\/\\\/www.meydan.tv\\\/az\\\/\",\"logo\":{\"@type\":\"ImageObject\",\"inLanguage\":\"az\",\"@id\":\"https:\\\/\\\/www.meydan.tv\\\/az\\\/#\\\/schema\\\/logo\\\/image\\\/\",\"url\":\"https:\\\/\\\/www.meydan.tv\\\/wp-content\\\/uploads\\\/2021\\\/07\\\/meydan-logo.svg\",\"contentUrl\":\"https:\\\/\\\/www.meydan.tv\\\/wp-content\\\/uploads\\\/2021\\\/07\\\/meydan-logo.svg\",\"width\":195,\"height\":46,\"caption\":\"Meydan TV\"},\"image\":{\"@id\":\"https:\\\/\\\/www.meydan.tv\\\/az\\\/#\\\/schema\\\/logo\\\/image\\\/\"}},{\"@type\":\"Person\",\"@id\":\"https:\\\/\\\/www.meydan.tv\\\/az\\\/#\\\/schema\\\/person\\\/9cdbecf90d17180ce1dfbd95b08dcf47\",\"name\":\"elli\",\"sameAs\":[\"https:\\\/\\\/x.com\\\/elli\"]}]}<\/script>\n<!-- \/ Yoast SEO plugin. -->","yoast_head_json":{"title":"Ekoloq A\u011fda\u015fda a\u011faclar\u0131n budama ad\u0131yla m\u0259hv edildiyini deyir - MEYDAN.TV","robots":{"index":"index","follow":"follow","max-snippet":"max-snippet:-1","max-image-preview":"max-image-preview:large","max-video-preview":"max-video-preview:-1"},"canonical":"https:\/\/www.meydan.tv\/az\/article\/ekoloq-agdasda-agaclarin-budama-adiyla-mehv-edildiyini-deyir\/","og_locale":"az_AZ","og_type":"article","og_title":"Ekoloq A\u011fda\u015fda a\u011faclar\u0131n budama ad\u0131yla m\u0259hv edildiyini deyir - MEYDAN.TV","og_description":"Rayon sakinl\u0259ri Eldar \u015fam\u0131 a\u011faclar\u0131n\u0131n k\u00fctl\u0259vi qurumas\u0131ndan narahatd\u0131r \u201cA\u011fda\u015f Bayraq ... Davam\u0131","og_url":"https:\/\/www.meydan.tv\/az\/article\/ekoloq-agdasda-agaclarin-budama-adiyla-mehv-edildiyini-deyir\/","og_site_name":"MEYDAN.TV","article_published_time":"2022-12-26T09:59:35+00:00","article_modified_time":"2022-12-26T09:59:37+00:00","og_image":[{"width":1252,"height":578,"url":"https:\/\/www.meydan.tv\/wp-content\/uploads\/321348784_534497458674863_2105029646389170633_n.jpg","type":"image\/jpeg"}],"author":"elli","twitter_card":"summary_large_image","twitter_creator":"@elli","schema":{"@context":"https:\/\/schema.org","@graph":[{"@type":"Article","@id":"https:\/\/www.meydan.tv\/az\/article\/ekoloq-agdasda-agaclarin-budama-adiyla-mehv-edildiyini-deyir\/#article","isPartOf":{"@id":"https:\/\/www.meydan.tv\/az\/article\/ekoloq-agdasda-agaclarin-budama-adiyla-mehv-edildiyini-deyir\/"},"author":{"name":"elli","@id":"https:\/\/www.meydan.tv\/az\/#\/schema\/person\/9cdbecf90d17180ce1dfbd95b08dcf47"},"headline":"Ekoloq A\u011fda\u015fda a\u011faclar\u0131n budama ad\u0131yla m\u0259hv edildiyini deyir","datePublished":"2022-12-26T09:59:35+00:00","dateModified":"2022-12-26T09:59:37+00:00","mainEntityOfPage":{"@id":"https:\/\/www.meydan.tv\/az\/article\/ekoloq-agdasda-agaclarin-budama-adiyla-mehv-edildiyini-deyir\/"},"wordCount":333,"publisher":{"@id":"https:\/\/www.meydan.tv\/az\/#organization"},"image":{"@id":"https:\/\/www.meydan.tv\/az\/article\/ekoloq-agdasda-agaclarin-budama-adiyla-mehv-edildiyini-deyir\/#primaryimage"},"thumbnailUrl":"https:\/\/www.meydan.tv\/wp-content\/uploads\/321348784_534497458674863_2105029646389170633_n.jpg","articleSection":["B\u00f6lg\u0259","T\u00f6vsiy\u0259","X\u0259b\u0259rl\u0259r"],"inLanguage":"az"},{"@type":"WebPage","@id":"https:\/\/www.meydan.tv\/az\/article\/ekoloq-agdasda-agaclarin-budama-adiyla-mehv-edildiyini-deyir\/","url":"https:\/\/www.meydan.tv\/az\/article\/ekoloq-agdasda-agaclarin-budama-adiyla-mehv-edildiyini-deyir\/","name":"Ekoloq A\u011fda\u015fda a\u011faclar\u0131n budama ad\u0131yla m\u0259hv edildiyini deyir - MEYDAN.TV","isPartOf":{"@id":"https:\/\/www.meydan.tv\/az\/#website"},"primaryImageOfPage":{"@id":"https:\/\/www.meydan.tv\/az\/article\/ekoloq-agdasda-agaclarin-budama-adiyla-mehv-edildiyini-deyir\/#primaryimage"},"image":{"@id":"https:\/\/www.meydan.tv\/az\/article\/ekoloq-agdasda-agaclarin-budama-adiyla-mehv-edildiyini-deyir\/#primaryimage"},"thumbnailUrl":"https:\/\/www.meydan.tv\/wp-content\/uploads\/321348784_534497458674863_2105029646389170633_n.jpg","datePublished":"2022-12-26T09:59:35+00:00","dateModified":"2022-12-26T09:59:37+00:00","breadcrumb":{"@id":"https:\/\/www.meydan.tv\/az\/article\/ekoloq-agdasda-agaclarin-budama-adiyla-mehv-edildiyini-deyir\/#breadcrumb"},"inLanguage":"az","potentialAction":[{"@type":"ReadAction","target":["https:\/\/www.meydan.tv\/az\/article\/ekoloq-agdasda-agaclarin-budama-adiyla-mehv-edildiyini-deyir\/"]}]},{"@type":"ImageObject","inLanguage":"az","@id":"https:\/\/www.meydan.tv\/az\/article\/ekoloq-agdasda-agaclarin-budama-adiyla-mehv-edildiyini-deyir\/#primaryimage","url":"https:\/\/www.meydan.tv\/wp-content\/uploads\/321348784_534497458674863_2105029646389170633_n.jpg","contentUrl":"https:\/\/www.meydan.tv\/wp-content\/uploads\/321348784_534497458674863_2105029646389170633_n.jpg","width":1252,"height":578,"caption":"Fotolar: \"Ecofront\""},{"@type":"BreadcrumbList","@id":"https:\/\/www.meydan.tv\/az\/article\/ekoloq-agdasda-agaclarin-budama-adiyla-mehv-edildiyini-deyir\/#breadcrumb","itemListElement":[{"@type":"ListItem","position":1,"name":"Ana s\u0259hif\u0259","item":"https:\/\/www.meydan.tv\/az\/"},{"@type":"ListItem","position":2,"name":"B\u00f6lg\u0259","item":"https:\/\/www.meydan.tv\/az\/section\/bolge\/"},{"@type":"ListItem","position":3,"name":"Ekoloq A\u011fda\u015fda a\u011faclar\u0131n budama ad\u0131yla m\u0259hv edildiyini deyir"}]},{"@type":"WebSite","@id":"https:\/\/www.meydan.tv\/az\/#website","url":"https:\/\/www.meydan.tv\/az\/","name":"MEYDAN.TV","description":"Meydan TV Az\u0259rbaycan\u0131n media m\u0259kan\u0131ndak\u0131 alternativ s\u0259sidir","publisher":{"@id":"https:\/\/www.meydan.tv\/az\/#organization"},"potentialAction":[{"@type":"SearchAction","target":{"@type":"EntryPoint","urlTemplate":"https:\/\/www.meydan.tv\/az\/?s={search_term_string}"},"query-input":{"@type":"PropertyValueSpecification","valueRequired":true,"valueName":"search_term_string"}}],"inLanguage":"az"},{"@type":"Organization","@id":"https:\/\/www.meydan.tv\/az\/#organization","name":"Meydan TV","url":"https:\/\/www.meydan.tv\/az\/","logo":{"@type":"ImageObject","inLanguage":"az","@id":"https:\/\/www.meydan.tv\/az\/#\/schema\/logo\/image\/","url":"https:\/\/www.meydan.tv\/wp-content\/uploads\/2021\/07\/meydan-logo.svg","contentUrl":"https:\/\/www.meydan.tv\/wp-content\/uploads\/2021\/07\/meydan-logo.svg","width":195,"height":46,"caption":"Meydan TV"},"image":{"@id":"https:\/\/www.meydan.tv\/az\/#\/schema\/logo\/image\/"}},{"@type":"Person","@id":"https:\/\/www.meydan.tv\/az\/#\/schema\/person\/9cdbecf90d17180ce1dfbd95b08dcf47","name":"elli","sameAs":["https:\/\/x.com\/elli"]}]}},"_links":{"self":[{"href":"https:\/\/www.meydan.tv\/az\/wp-json\/wp\/v2\/posts\/264429","targetHints":{"allow":["GET"]}}],"collection":[{"href":"https:\/\/www.meydan.tv\/az\/wp-json\/wp\/v2\/posts"}],"about":[{"href":"https:\/\/www.meydan.tv\/az\/wp-json\/wp\/v2\/types\/post"}],"author":[{"embeddable":true,"href":"https:\/\/www.meydan.tv\/az\/wp-json\/wp\/v2\/users\/8"}],"replies":[{"embeddable":true,"href":"https:\/\/www.meydan.tv\/az\/wp-json\/wp\/v2\/comments?post=264429"}],"version-history":[{"count":1,"href":"https:\/\/www.meydan.tv\/az\/wp-json\/wp\/v2\/posts\/264429\/revisions"}],"predecessor-version":[{"id":264439,"href":"https:\/\/www.meydan.tv\/az\/wp-json\/wp\/v2\/posts\/264429\/revisions\/264439"}],"wp:featuredmedia":[{"embeddable":true,"href":"https:\/\/www.meydan.tv\/az\/wp-json\/wp\/v2\/media\/264433"}],"wp:attachment":[{"href":"https:\/\/www.meydan.tv\/az\/wp-json\/wp\/v2\/media?parent=264429"}],"wp:term":[{"taxonomy":"category","embeddable":true,"href":"https:\/\/www.meydan.tv\/az\/wp-json\/wp\/v2\/categories?post=264429"},{"taxonomy":"post_tag","embeddable":true,"href":"https:\/\/www.meydan.tv\/az\/wp-json\/wp\/v2\/tags?post=264429"}],"curies":[{"name":"wp","href":"https:\/\/api.w.org\/{rel}","templated":true}]}}