{"id":264308,"date":"2022-12-23T15:08:32","date_gmt":"2022-12-23T11:08:32","guid":{"rendered":"https:\/\/www.meydan.tv\/?p=264308"},"modified":"2022-12-26T12:36:21","modified_gmt":"2022-12-26T08:36:21","slug":"nasir-azerpoctu-inhisarciliqda-gunahlandirib","status":"publish","type":"post","link":"https:\/\/www.meydan.tv\/az\/article\/nasir-azerpoctu-inhisarciliqda-gunahlandirib\/","title":{"rendered":"<strong>Na\u015fir &#8220;Az\u0259rpo\u00e7t&#8221;u inhisar\u00e7\u0131l\u0131qda g\u00fcnahland\u0131r\u0131b<\/strong>"},"content":{"rendered":"\n<p><\/p>\n\n\n\n<p><em>O deyir ki, daxili da\u015f\u0131ma qiym\u0259tl\u0259ri s\u00fcni qald\u0131r\u0131l\u0131r<\/em><\/p>\n\n\n\n<p>\u201cQanun\u201d N\u0259\u015frl\u0259r Evinin r\u0259hb\u0259ri, t\u0259rc\u00fcm\u0259\u00e7i-yazar \u015eahbaz Xuduo\u011flu &#8220;Az\u0259rpo\u00e7t&#8221;dan naraz\u0131l\u0131q edib.<\/p>\n\n\n\n<p>O bildirib ki, po\u00e7t \u015f\u0259b\u0259k\u0259si bu sah\u0259d\u0259 inhisar\u00e7\u0131l\u0131\u011fa yol <a href=\"https:\/\/www.facebook.com\/shahbaz.xuduoglu\/posts\/10225176488312816\" target=\"_blank\" rel=\"noreferrer noopener\">verir.<\/a><\/p>\n\n\n\n<p>Na\u015fir deyib ki, \u201cAz\u0259rpo\u00e7t\u201d daxili da\u015f\u0131ma xidm\u0259tind\u0259 qiym\u0259tl\u0259ri s\u00fcni qald\u0131r\u0131r: <\/p>\n\n\n\n<p>\u201cKitablar\u0131n qiym\u0259tini endirdik ki, oxucular\u0131n say\u0131 arts\u0131n. \u201cAz\u0259rpo\u00e7t\u201d \u0259ksin\u0259 edir, qiym\u0259ti bir az da qald\u0131r\u0131r. 1 manatl\u0131q kitab\u0131 yax\u0131n-uzaq bilm\u0259d\u0259n, rayonlara banderol ad\u0131 il\u0259 3.60 manata apar\u0131r\u201d.<\/p>\n\n\n\n<p>O deyir ki, bu sah\u0259d\u0259 sa\u011flam r\u0259qab\u0259t art\u0131r\u0131lmal\u0131d\u0131r:<\/p>\n\n\n\n<p>\u201cN\u0259 q\u0259d\u0259r ki, sa\u011flam r\u0259qab\u0259t m\u00fchiti yaranmay\u0131b, \u201cAz\u0259rpo\u00e7t\u201d inhisar\u00e7\u0131 t\u0259\u015fkilat kimi qiym\u0259tl\u0259ri ist\u0259diyi kimi idar\u0259 ed\u0259c\u0259k. Daxili po\u00e7t xidm\u0259tl\u0259rini inki\u015faf etdirm\u0259k \u00fc\u00e7\u00fcn \u00f6z\u0259l sektor c\u0259lb edilm\u0259lidir, sa\u011flam r\u0259qab\u0259t \u015f\u0259raiti yarad\u0131lmal\u0131d\u0131r. Bu sah\u0259d\u0259 ciddi bo\u015fluqlar var\u201d.<\/p>\n\n\n<div class=\"wp-block-image\">\n<figure class=\"alignleft size-full is-resized\"><img decoding=\"async\" data-src=\"https:\/\/www.meydan.tv\/wp-content\/uploads\/1659767346_1659767300088.png\" alt=\"\" class=\"wp-image-264310 lazyload\" width=\"451\" height=\"301\" src=\"data:image\/svg+xml;base64,PHN2ZyB3aWR0aD0iMSIgaGVpZ2h0PSIxIiB4bWxucz0iaHR0cDovL3d3dy53My5vcmcvMjAwMC9zdmciPjwvc3ZnPg==\" style=\"--smush-placeholder-width: 451px; --smush-placeholder-aspect-ratio: 451\/301;\" \/><figcaption class=\"wp-element-caption\">Foto: Az\u0259rpo\u00e7t<\/figcaption><\/figure>\n<\/div>\n\n\n<p>\u201cAz\u0259rpo\u00e7t\u201dun m\u0259tbuat xidm\u0259tind\u0259n m\u0259s\u0259l\u0259y\u0259 m\u00fcnasib\u0259t \u00f6yr\u0259nm\u0259k m\u00fcmk\u00fcn olmay\u0131b.<\/p>\n\n\n\n<p>2021-ci il dekabr\u0131n 3-d\u0259 Vergi M\u0259c\u0259ll\u0259sin\u0259 edil\u0259n d\u0259yi\u015fikliy\u0259 \u0259sas\u0259n, Az\u0259rbaycanda ka\u011f\u0131z v\u0259 kitab 18 faiz \u018fDV-d\u0259n azad olunub.<\/p>\n\n\n\n<p>Vergi M\u0259c\u0259ll\u0259sin\u0259 edil\u0259n d\u0259yi\u015fikliy\u0259 \u0259sas\u0259n, siyah\u0131s\u0131 m\u00fcvafiq icra hakimiyy\u0259ti orqan\u0131n\u0131n m\u00fc\u0259yy\u0259n etdiyi orqan (qurum) t\u0259r\u0259find\u0259n t\u0259sdiql\u0259n\u0259n k\u00fctl\u0259vi informasiya vasit\u0259l\u0259ri m\u0259hsullar\u0131n\u0131n v\u0259 kitablar\u0131n, habel\u0259 d\u0259rslik komplektl\u0259rinin idxal\u0131 v\u0259 sat\u0131\u015f\u0131, h\u0259min mallar\u0131n istehsal\u0131 il\u0259 ba\u011fl\u0131 rulon v\u0259 ya v\u0259r\u0259q\u0259 \u015f\u0259klind\u0259 ka\u011f\u0131z\u0131n idxal\u0131 v\u0259 sat\u0131\u015f\u0131, m\u0259tbu k\u00fctl\u0259vi informasiya vasit\u0259l\u0259ri m\u0259hsullar\u0131n\u0131n v\u0259 kitablar\u0131n, o c\u00fcml\u0259d\u0259n elektron kitablar\u0131n, habel\u0259 d\u0259rslik komplektl\u0259rinin istehsal\u0131 il\u0259 ba\u011fl\u0131 redaksiya, n\u0259\u015friyyat v\u0259 poliqrafiya f\u0259aliyy\u0259tind\u0259n (reklam xidm\u0259tl\u0259ri istisna olmaqla) \u018fDV tutulmur.<\/p>\n\n\n\n<p>Q\u0259rar 2022-ci il yanvar\u0131n 1-d\u0259n q\u00fcvv\u0259y\u0259 mins\u0259 d\u0259, Nazirl\u0259r Kabineti qanunu 5 ay sonra t\u0259sdiql\u0259yib.<\/p>\n","protected":false},"excerpt":{"rendered":"<p>O deyir ki, daxili da\u015f\u0131ma qiym\u0259tl\u0259ri s\u00fcni qald\u0131r\u0131l\u0131r \u201cQanun\u201d N\u0259\u015frl\u0259r &#8230; <\/p>\n<p class=\"read-more-container\"><a title=\"Na\u015fir &#8220;Az\u0259rpo\u00e7t&#8221;u inhisar\u00e7\u0131l\u0131qda g\u00fcnahland\u0131r\u0131b\" class=\"read-more button\" href=\"https:\/\/www.meydan.tv\/az\/article\/nasir-azerpoctu-inhisarciliqda-gunahlandirib\/#more-264308\" aria-label=\"Read more about Na\u015fir &#8220;Az\u0259rpo\u00e7t&#8221;u inhisar\u00e7\u0131l\u0131qda g\u00fcnahland\u0131r\u0131b\">Davam\u0131<\/a><\/p>\n","protected":false},"author":8,"featured_media":132798,"comment_status":"closed","ping_status":"closed","sticky":false,"template":"","format":"standard","meta":{"_acf_changed":false,"_sitemap_exclude":false,"_sitemap_priority":"","_sitemap_frequency":"","footnotes":""},"categories":[52,56],"tags":[],"class_list":["post-264308","post","type-post","status-publish","format-standard","has-post-thumbnail","hentry","category-medeniyyet","category-xeberler","infinite-scroll-item","generate-columns","tablet-grid-50","mobile-grid-100","grid-parent","grid-33","no-featured-image-padding"],"acf":[],"yoast_head":"<!-- This site is optimized with the Yoast SEO plugin v27.4 - https:\/\/yoast.com\/product\/yoast-seo-wordpress\/ -->\n<title>Na\u015fir &quot;Az\u0259rpo\u00e7t&quot;u inhisar\u00e7\u0131l\u0131qda g\u00fcnahland\u0131r\u0131b - MEYDAN.TV<\/title>\n<meta name=\"robots\" content=\"index, follow, max-snippet:-1, max-image-preview:large, max-video-preview:-1\" \/>\n<link rel=\"canonical\" href=\"https:\/\/www.meydan.tv\/az\/article\/nasir-azerpoctu-inhisarciliqda-gunahlandirib\/\" \/>\n<meta property=\"og:locale\" content=\"az_AZ\" \/>\n<meta property=\"og:type\" content=\"article\" \/>\n<meta property=\"og:title\" content=\"Na\u015fir &quot;Az\u0259rpo\u00e7t&quot;u inhisar\u00e7\u0131l\u0131qda g\u00fcnahland\u0131r\u0131b - MEYDAN.TV\" \/>\n<meta property=\"og:description\" content=\"O deyir ki, daxili da\u015f\u0131ma qiym\u0259tl\u0259ri s\u00fcni qald\u0131r\u0131l\u0131r \u201cQanun\u201d N\u0259\u015frl\u0259r ... Davam\u0131\" \/>\n<meta property=\"og:url\" content=\"https:\/\/www.meydan.tv\/az\/article\/nasir-azerpoctu-inhisarciliqda-gunahlandirib\/\" \/>\n<meta property=\"og:site_name\" content=\"MEYDAN.TV\" \/>\n<meta property=\"article:published_time\" content=\"2022-12-23T11:08:32+00:00\" \/>\n<meta property=\"article:modified_time\" content=\"2022-12-26T08:36:21+00:00\" \/>\n<meta property=\"og:image\" content=\"https:\/\/www.meydan.tv\/wp-content\/uploads\/sahbaz-xuduoglu-e1671795011683.jpg\" \/>\n\t<meta property=\"og:image:width\" content=\"1500\" \/>\n\t<meta property=\"og:image:height\" content=\"678\" \/>\n\t<meta property=\"og:image:type\" content=\"image\/jpeg\" \/>\n<meta name=\"author\" content=\"elli\" \/>\n<meta name=\"twitter:card\" content=\"summary_large_image\" \/>\n<meta name=\"twitter:creator\" content=\"@elli\" \/>\n<script type=\"application\/ld+json\" class=\"yoast-schema-graph\">{\"@context\":\"https:\\\/\\\/schema.org\",\"@graph\":[{\"@type\":\"Article\",\"@id\":\"https:\\\/\\\/www.meydan.tv\\\/az\\\/article\\\/nasir-azerpoctu-inhisarciliqda-gunahlandirib\\\/#article\",\"isPartOf\":{\"@id\":\"https:\\\/\\\/www.meydan.tv\\\/az\\\/article\\\/nasir-azerpoctu-inhisarciliqda-gunahlandirib\\\/\"},\"author\":{\"name\":\"elli\",\"@id\":\"https:\\\/\\\/www.meydan.tv\\\/az\\\/#\\\/schema\\\/person\\\/9cdbecf90d17180ce1dfbd95b08dcf47\"},\"headline\":\"Na\u015fir &#8220;Az\u0259rpo\u00e7t&#8221;u inhisar\u00e7\u0131l\u0131qda g\u00fcnahland\u0131r\u0131b\",\"datePublished\":\"2022-12-23T11:08:32+00:00\",\"dateModified\":\"2022-12-26T08:36:21+00:00\",\"mainEntityOfPage\":{\"@id\":\"https:\\\/\\\/www.meydan.tv\\\/az\\\/article\\\/nasir-azerpoctu-inhisarciliqda-gunahlandirib\\\/\"},\"wordCount\":415,\"publisher\":{\"@id\":\"https:\\\/\\\/www.meydan.tv\\\/az\\\/#organization\"},\"image\":{\"@id\":\"https:\\\/\\\/www.meydan.tv\\\/az\\\/article\\\/nasir-azerpoctu-inhisarciliqda-gunahlandirib\\\/#primaryimage\"},\"thumbnailUrl\":\"https:\\\/\\\/www.meydan.tv\\\/wp-content\\\/uploads\\\/sahbaz-xuduoglu-e1671795011683.jpg\",\"articleSection\":[\"M\u0259d\u0259niyy\u0259t\",\"X\u0259b\u0259rl\u0259r\"],\"inLanguage\":\"az\"},{\"@type\":\"WebPage\",\"@id\":\"https:\\\/\\\/www.meydan.tv\\\/az\\\/article\\\/nasir-azerpoctu-inhisarciliqda-gunahlandirib\\\/\",\"url\":\"https:\\\/\\\/www.meydan.tv\\\/az\\\/article\\\/nasir-azerpoctu-inhisarciliqda-gunahlandirib\\\/\",\"name\":\"Na\u015fir \\\"Az\u0259rpo\u00e7t\\\"u inhisar\u00e7\u0131l\u0131qda g\u00fcnahland\u0131r\u0131b - MEYDAN.TV\",\"isPartOf\":{\"@id\":\"https:\\\/\\\/www.meydan.tv\\\/az\\\/#website\"},\"primaryImageOfPage\":{\"@id\":\"https:\\\/\\\/www.meydan.tv\\\/az\\\/article\\\/nasir-azerpoctu-inhisarciliqda-gunahlandirib\\\/#primaryimage\"},\"image\":{\"@id\":\"https:\\\/\\\/www.meydan.tv\\\/az\\\/article\\\/nasir-azerpoctu-inhisarciliqda-gunahlandirib\\\/#primaryimage\"},\"thumbnailUrl\":\"https:\\\/\\\/www.meydan.tv\\\/wp-content\\\/uploads\\\/sahbaz-xuduoglu-e1671795011683.jpg\",\"datePublished\":\"2022-12-23T11:08:32+00:00\",\"dateModified\":\"2022-12-26T08:36:21+00:00\",\"breadcrumb\":{\"@id\":\"https:\\\/\\\/www.meydan.tv\\\/az\\\/article\\\/nasir-azerpoctu-inhisarciliqda-gunahlandirib\\\/#breadcrumb\"},\"inLanguage\":\"az\",\"potentialAction\":[{\"@type\":\"ReadAction\",\"target\":[\"https:\\\/\\\/www.meydan.tv\\\/az\\\/article\\\/nasir-azerpoctu-inhisarciliqda-gunahlandirib\\\/\"]}]},{\"@type\":\"ImageObject\",\"inLanguage\":\"az\",\"@id\":\"https:\\\/\\\/www.meydan.tv\\\/az\\\/article\\\/nasir-azerpoctu-inhisarciliqda-gunahlandirib\\\/#primaryimage\",\"url\":\"https:\\\/\\\/www.meydan.tv\\\/wp-content\\\/uploads\\\/sahbaz-xuduoglu-e1671795011683.jpg\",\"contentUrl\":\"https:\\\/\\\/www.meydan.tv\\\/wp-content\\\/uploads\\\/sahbaz-xuduoglu-e1671795011683.jpg\",\"width\":1500,\"height\":678,\"caption\":\"Foto: Meydan TV\"},{\"@type\":\"BreadcrumbList\",\"@id\":\"https:\\\/\\\/www.meydan.tv\\\/az\\\/article\\\/nasir-azerpoctu-inhisarciliqda-gunahlandirib\\\/#breadcrumb\",\"itemListElement\":[{\"@type\":\"ListItem\",\"position\":1,\"name\":\"Ana s\u0259hif\u0259\",\"item\":\"https:\\\/\\\/www.meydan.tv\\\/az\\\/\"},{\"@type\":\"ListItem\",\"position\":2,\"name\":\"M\u0259d\u0259niyy\u0259t\",\"item\":\"https:\\\/\\\/www.meydan.tv\\\/az\\\/section\\\/medeniyyet\\\/\"},{\"@type\":\"ListItem\",\"position\":3,\"name\":\"Na\u015fir &#8220;Az\u0259rpo\u00e7t&#8221;u inhisar\u00e7\u0131l\u0131qda g\u00fcnahland\u0131r\u0131b\"}]},{\"@type\":\"WebSite\",\"@id\":\"https:\\\/\\\/www.meydan.tv\\\/az\\\/#website\",\"url\":\"https:\\\/\\\/www.meydan.tv\\\/az\\\/\",\"name\":\"MEYDAN.TV\",\"description\":\"Meydan TV Az\u0259rbaycan\u0131n media m\u0259kan\u0131ndak\u0131 alternativ s\u0259sidir\",\"publisher\":{\"@id\":\"https:\\\/\\\/www.meydan.tv\\\/az\\\/#organization\"},\"potentialAction\":[{\"@type\":\"SearchAction\",\"target\":{\"@type\":\"EntryPoint\",\"urlTemplate\":\"https:\\\/\\\/www.meydan.tv\\\/az\\\/?s={search_term_string}\"},\"query-input\":{\"@type\":\"PropertyValueSpecification\",\"valueRequired\":true,\"valueName\":\"search_term_string\"}}],\"inLanguage\":\"az\"},{\"@type\":\"Organization\",\"@id\":\"https:\\\/\\\/www.meydan.tv\\\/az\\\/#organization\",\"name\":\"Meydan TV\",\"url\":\"https:\\\/\\\/www.meydan.tv\\\/az\\\/\",\"logo\":{\"@type\":\"ImageObject\",\"inLanguage\":\"az\",\"@id\":\"https:\\\/\\\/www.meydan.tv\\\/az\\\/#\\\/schema\\\/logo\\\/image\\\/\",\"url\":\"https:\\\/\\\/www.meydan.tv\\\/wp-content\\\/uploads\\\/2021\\\/07\\\/meydan-logo.svg\",\"contentUrl\":\"https:\\\/\\\/www.meydan.tv\\\/wp-content\\\/uploads\\\/2021\\\/07\\\/meydan-logo.svg\",\"width\":195,\"height\":46,\"caption\":\"Meydan TV\"},\"image\":{\"@id\":\"https:\\\/\\\/www.meydan.tv\\\/az\\\/#\\\/schema\\\/logo\\\/image\\\/\"}},{\"@type\":\"Person\",\"@id\":\"https:\\\/\\\/www.meydan.tv\\\/az\\\/#\\\/schema\\\/person\\\/9cdbecf90d17180ce1dfbd95b08dcf47\",\"name\":\"elli\",\"sameAs\":[\"https:\\\/\\\/x.com\\\/elli\"]}]}<\/script>\n<!-- \/ Yoast SEO plugin. -->","yoast_head_json":{"title":"Na\u015fir \"Az\u0259rpo\u00e7t\"u inhisar\u00e7\u0131l\u0131qda g\u00fcnahland\u0131r\u0131b - MEYDAN.TV","robots":{"index":"index","follow":"follow","max-snippet":"max-snippet:-1","max-image-preview":"max-image-preview:large","max-video-preview":"max-video-preview:-1"},"canonical":"https:\/\/www.meydan.tv\/az\/article\/nasir-azerpoctu-inhisarciliqda-gunahlandirib\/","og_locale":"az_AZ","og_type":"article","og_title":"Na\u015fir \"Az\u0259rpo\u00e7t\"u inhisar\u00e7\u0131l\u0131qda g\u00fcnahland\u0131r\u0131b - MEYDAN.TV","og_description":"O deyir ki, daxili da\u015f\u0131ma qiym\u0259tl\u0259ri s\u00fcni qald\u0131r\u0131l\u0131r \u201cQanun\u201d N\u0259\u015frl\u0259r ... Davam\u0131","og_url":"https:\/\/www.meydan.tv\/az\/article\/nasir-azerpoctu-inhisarciliqda-gunahlandirib\/","og_site_name":"MEYDAN.TV","article_published_time":"2022-12-23T11:08:32+00:00","article_modified_time":"2022-12-26T08:36:21+00:00","og_image":[{"width":1500,"height":678,"url":"https:\/\/www.meydan.tv\/wp-content\/uploads\/sahbaz-xuduoglu-e1671795011683.jpg","type":"image\/jpeg"}],"author":"elli","twitter_card":"summary_large_image","twitter_creator":"@elli","schema":{"@context":"https:\/\/schema.org","@graph":[{"@type":"Article","@id":"https:\/\/www.meydan.tv\/az\/article\/nasir-azerpoctu-inhisarciliqda-gunahlandirib\/#article","isPartOf":{"@id":"https:\/\/www.meydan.tv\/az\/article\/nasir-azerpoctu-inhisarciliqda-gunahlandirib\/"},"author":{"name":"elli","@id":"https:\/\/www.meydan.tv\/az\/#\/schema\/person\/9cdbecf90d17180ce1dfbd95b08dcf47"},"headline":"Na\u015fir &#8220;Az\u0259rpo\u00e7t&#8221;u inhisar\u00e7\u0131l\u0131qda g\u00fcnahland\u0131r\u0131b","datePublished":"2022-12-23T11:08:32+00:00","dateModified":"2022-12-26T08:36:21+00:00","mainEntityOfPage":{"@id":"https:\/\/www.meydan.tv\/az\/article\/nasir-azerpoctu-inhisarciliqda-gunahlandirib\/"},"wordCount":415,"publisher":{"@id":"https:\/\/www.meydan.tv\/az\/#organization"},"image":{"@id":"https:\/\/www.meydan.tv\/az\/article\/nasir-azerpoctu-inhisarciliqda-gunahlandirib\/#primaryimage"},"thumbnailUrl":"https:\/\/www.meydan.tv\/wp-content\/uploads\/sahbaz-xuduoglu-e1671795011683.jpg","articleSection":["M\u0259d\u0259niyy\u0259t","X\u0259b\u0259rl\u0259r"],"inLanguage":"az"},{"@type":"WebPage","@id":"https:\/\/www.meydan.tv\/az\/article\/nasir-azerpoctu-inhisarciliqda-gunahlandirib\/","url":"https:\/\/www.meydan.tv\/az\/article\/nasir-azerpoctu-inhisarciliqda-gunahlandirib\/","name":"Na\u015fir \"Az\u0259rpo\u00e7t\"u inhisar\u00e7\u0131l\u0131qda g\u00fcnahland\u0131r\u0131b - MEYDAN.TV","isPartOf":{"@id":"https:\/\/www.meydan.tv\/az\/#website"},"primaryImageOfPage":{"@id":"https:\/\/www.meydan.tv\/az\/article\/nasir-azerpoctu-inhisarciliqda-gunahlandirib\/#primaryimage"},"image":{"@id":"https:\/\/www.meydan.tv\/az\/article\/nasir-azerpoctu-inhisarciliqda-gunahlandirib\/#primaryimage"},"thumbnailUrl":"https:\/\/www.meydan.tv\/wp-content\/uploads\/sahbaz-xuduoglu-e1671795011683.jpg","datePublished":"2022-12-23T11:08:32+00:00","dateModified":"2022-12-26T08:36:21+00:00","breadcrumb":{"@id":"https:\/\/www.meydan.tv\/az\/article\/nasir-azerpoctu-inhisarciliqda-gunahlandirib\/#breadcrumb"},"inLanguage":"az","potentialAction":[{"@type":"ReadAction","target":["https:\/\/www.meydan.tv\/az\/article\/nasir-azerpoctu-inhisarciliqda-gunahlandirib\/"]}]},{"@type":"ImageObject","inLanguage":"az","@id":"https:\/\/www.meydan.tv\/az\/article\/nasir-azerpoctu-inhisarciliqda-gunahlandirib\/#primaryimage","url":"https:\/\/www.meydan.tv\/wp-content\/uploads\/sahbaz-xuduoglu-e1671795011683.jpg","contentUrl":"https:\/\/www.meydan.tv\/wp-content\/uploads\/sahbaz-xuduoglu-e1671795011683.jpg","width":1500,"height":678,"caption":"Foto: Meydan TV"},{"@type":"BreadcrumbList","@id":"https:\/\/www.meydan.tv\/az\/article\/nasir-azerpoctu-inhisarciliqda-gunahlandirib\/#breadcrumb","itemListElement":[{"@type":"ListItem","position":1,"name":"Ana s\u0259hif\u0259","item":"https:\/\/www.meydan.tv\/az\/"},{"@type":"ListItem","position":2,"name":"M\u0259d\u0259niyy\u0259t","item":"https:\/\/www.meydan.tv\/az\/section\/medeniyyet\/"},{"@type":"ListItem","position":3,"name":"Na\u015fir &#8220;Az\u0259rpo\u00e7t&#8221;u inhisar\u00e7\u0131l\u0131qda g\u00fcnahland\u0131r\u0131b"}]},{"@type":"WebSite","@id":"https:\/\/www.meydan.tv\/az\/#website","url":"https:\/\/www.meydan.tv\/az\/","name":"MEYDAN.TV","description":"Meydan TV Az\u0259rbaycan\u0131n media m\u0259kan\u0131ndak\u0131 alternativ s\u0259sidir","publisher":{"@id":"https:\/\/www.meydan.tv\/az\/#organization"},"potentialAction":[{"@type":"SearchAction","target":{"@type":"EntryPoint","urlTemplate":"https:\/\/www.meydan.tv\/az\/?s={search_term_string}"},"query-input":{"@type":"PropertyValueSpecification","valueRequired":true,"valueName":"search_term_string"}}],"inLanguage":"az"},{"@type":"Organization","@id":"https:\/\/www.meydan.tv\/az\/#organization","name":"Meydan TV","url":"https:\/\/www.meydan.tv\/az\/","logo":{"@type":"ImageObject","inLanguage":"az","@id":"https:\/\/www.meydan.tv\/az\/#\/schema\/logo\/image\/","url":"https:\/\/www.meydan.tv\/wp-content\/uploads\/2021\/07\/meydan-logo.svg","contentUrl":"https:\/\/www.meydan.tv\/wp-content\/uploads\/2021\/07\/meydan-logo.svg","width":195,"height":46,"caption":"Meydan TV"},"image":{"@id":"https:\/\/www.meydan.tv\/az\/#\/schema\/logo\/image\/"}},{"@type":"Person","@id":"https:\/\/www.meydan.tv\/az\/#\/schema\/person\/9cdbecf90d17180ce1dfbd95b08dcf47","name":"elli","sameAs":["https:\/\/x.com\/elli"]}]}},"_links":{"self":[{"href":"https:\/\/www.meydan.tv\/az\/wp-json\/wp\/v2\/posts\/264308","targetHints":{"allow":["GET"]}}],"collection":[{"href":"https:\/\/www.meydan.tv\/az\/wp-json\/wp\/v2\/posts"}],"about":[{"href":"https:\/\/www.meydan.tv\/az\/wp-json\/wp\/v2\/types\/post"}],"author":[{"embeddable":true,"href":"https:\/\/www.meydan.tv\/az\/wp-json\/wp\/v2\/users\/8"}],"replies":[{"embeddable":true,"href":"https:\/\/www.meydan.tv\/az\/wp-json\/wp\/v2\/comments?post=264308"}],"version-history":[{"count":2,"href":"https:\/\/www.meydan.tv\/az\/wp-json\/wp\/v2\/posts\/264308\/revisions"}],"predecessor-version":[{"id":264316,"href":"https:\/\/www.meydan.tv\/az\/wp-json\/wp\/v2\/posts\/264308\/revisions\/264316"}],"wp:featuredmedia":[{"embeddable":true,"href":"https:\/\/www.meydan.tv\/az\/wp-json\/wp\/v2\/media\/132798"}],"wp:attachment":[{"href":"https:\/\/www.meydan.tv\/az\/wp-json\/wp\/v2\/media?parent=264308"}],"wp:term":[{"taxonomy":"category","embeddable":true,"href":"https:\/\/www.meydan.tv\/az\/wp-json\/wp\/v2\/categories?post=264308"},{"taxonomy":"post_tag","embeddable":true,"href":"https:\/\/www.meydan.tv\/az\/wp-json\/wp\/v2\/tags?post=264308"}],"curies":[{"name":"wp","href":"https:\/\/api.w.org\/{rel}","templated":true}]}}