{"id":264285,"date":"2022-12-23T12:51:25","date_gmt":"2022-12-23T08:51:25","guid":{"rendered":"https:\/\/www.meydan.tv\/?p=264285"},"modified":"2022-12-23T12:51:27","modified_gmt":"2022-12-23T08:51:27","slug":"bilesuvar-sakini-140-manat-maasa-isleyirdim-bunu-da-mene-cox-gorduler","status":"publish","type":"post","link":"https:\/\/www.meydan.tv\/az\/article\/bilesuvar-sakini-140-manat-maasa-isleyirdim-bunu-da-mene-cox-gorduler\/","title":{"rendered":"Bil\u0259suvar sakini: \u201c140 manat maa\u015fa i\u015fl\u0259yirdim, bunu da m\u0259n\u0259 \u00e7ox g\u00f6rd\u00fcl\u0259r\u201d"},"content":{"rendered":"\n<p><\/p>\n\n\n\n<p><em>F\u00fczuli M\u0259mm\u0259dov i\u015fd\u0259n \u00e7\u0131xar\u0131ld\u0131\u011f\u0131n\u0131 sonradan \u00f6yr\u0259ndiyini deyir<\/em><\/p>\n\n\n\n<p>\u201c20 ildir m\u0259tbuat yay\u0131m\u0131 \u015f\u00f6b\u0259sind\u0259 \u00e7al\u0131\u015f\u0131ram. Bu yax\u0131nlarda x\u0259b\u0259rim olmadan i\u015fd\u0259n \u00e7\u0131xar\u0131lm\u0131\u015fam. Pensiya ya\u015f\u0131na \u00e7atmam\u0131\u015fam, amma i\u015f tapa bilmir\u0259m\u201d.<\/p>\n\n\n\n<p>Bunu Meydan TV-y\u0259 Bil\u0259suvar rayon sakini, 58 ya\u015fl\u0131 F\u00fczuli M\u0259mm\u0259dov deyib. Onun s\u00f6zl\u0259rin\u0259 g\u00f6r\u0259, \u201cAz\u0259rm\u0259tbuatyay\u0131m\u0131\u201d ASC-nin tabeliyind\u0259ki rayon \u015f\u00f6b\u0259sind\u0259 \u00e7al\u0131\u015f\u0131b. \u018fm\u0259k m\u00fcqavil\u0259sin\u0259 xitam verirk\u0259n qar\u015f\u0131l\u0131ql\u0131 raz\u0131la\u015fma oldu\u011fu yaz\u0131l\u0131b. Halbuki i\u015fd\u0259n \u00e7\u0131xar\u0131ld\u0131\u011f\u0131n\u0131 sonradan \u00f6yr\u0259nib.<\/p>\n\n\n\n<p>\u201cD\u00f6vl\u0259t \u018fm\u0259k M\u00fcf\u0259tti\u015fliyin\u0259 m\u00fcraci\u0259t etdim, qayda pozuntusuna g\u00f6r\u0259 m\u00fc\u0259ssis\u0259ni 1700 manat c\u0259rim\u0259l\u0259di. Dedil\u0259r ki, i\u015fd\u0259n \u00e7\u0131xar\u0131lma qanunsuzdur. \u018fn az\u0131ndan \u0259vv\u0259lc\u0259d\u0259n x\u0259b\u0259rdarl\u0131q edilm\u0259li idi. Amma n\u0259 i\u015f\u0259 b\u0259rpa etdil\u0259r, n\u0259 d\u0259 t\u0259zminat \u00f6d\u0259nildi\u201d,-\u015fikay\u0259t\u00e7i deyib.<\/p>\n\n\n<div class=\"wp-block-image\">\n<figure class=\"alignleft size-large is-resized\"><img decoding=\"async\" data-src=\"https:\/\/www.meydan.tv\/wp-content\/uploads\/19e95d14-f672-4a86-b1b3-914192fc111a-678x821.jpg\" alt=\"\" class=\"wp-image-264278 lazyload\" width=\"352\" height=\"426\" src=\"data:image\/svg+xml;base64,PHN2ZyB3aWR0aD0iMSIgaGVpZ2h0PSIxIiB4bWxucz0iaHR0cDovL3d3dy53My5vcmcvMjAwMC9zdmciPjwvc3ZnPg==\" style=\"--smush-placeholder-width: 352px; --smush-placeholder-aspect-ratio: 352\/426;\" \/><\/figure>\n<\/div>\n\n\n<p>F\u00fczuli M\u0259mm\u0259dov bildirib ki, dolan\u0131\u015f\u0131\u011f\u0131 \u00e7\u0259tindir, \u0259lav\u0259 g\u0259lir yeri yoxdur. Ona i\u015f\u0259b\u0259rpa olunmas\u0131 \u00fc\u00e7\u00fcn \u201cAz\u0259rm\u0259tbuatyay\u0131m\u0131\u201dna qar\u015f\u0131 m\u0259hk\u0259m\u0259 iddias\u0131 qald\u0131rd\u0131rma\u011f\u0131 m\u0259sl\u0259h\u0259t g\u00f6r\u00fcbl\u0259r:<\/p>\n\n\n\n<p>\u201cG\u0259r\u0259k r\u00fcsum \u00f6d\u0259nilsin, v\u0259kil tutulsun. M\u0259nim is\u0259 buna maddi imkan\u0131m \u00e7atm\u0131r. H\u0259tta bunu nec\u0259 ed\u0259c\u0259yimi d\u0259 bilmir\u0259m. Onu m\u0259n\u0259 ba\u015fa salan yoxdur, \u00e7ox \u00e7ar\u0259siz v\u0259ziyy\u0259td\u0259y\u0259m. \u00d6vlad\u0131m\u0131n ail\u0259si var, m\u0259ni doland\u0131ra bilmir. T\u0259s\u0259vv\u00fcr edin ki, 140 manat maa\u015fa i\u015fl\u0259yirdim, bunu da m\u0259n\u0259 \u00e7ox g\u00f6rd\u00fcl\u0259r, ondan da m\u0259hrum etdil\u0259r\u201d.<\/p>\n\n\n\n<p>Bil\u0259suvar Rayon M\u0259tbuat yay\u0131m\u0131 \u015e\u00f6b\u0259sinin r\u0259isi Mirz\u0259 \u018fzizov Meydan TV-y\u0259 deyib ki, F\u00fczuli M\u0259mm\u0259dov po\u00e7talyon kimi \u00e7al\u0131\u015f\u0131b, m\u00fc\u0259ssis\u0259nin maliyy\u0259 imkan\u0131 m\u0259hdud oldu\u011fu \u00fc\u00e7\u00fcn ixtisara sal\u0131n\u0131b.<\/p>\n","protected":false},"excerpt":{"rendered":"<p>F\u00fczuli M\u0259mm\u0259dov i\u015fd\u0259n \u00e7\u0131xar\u0131ld\u0131\u011f\u0131n\u0131 sonradan \u00f6yr\u0259ndiyini deyir \u201c20 ildir m\u0259tbuat &#8230; <\/p>\n<p class=\"read-more-container\"><a title=\"Bil\u0259suvar sakini: \u201c140 manat maa\u015fa i\u015fl\u0259yirdim, bunu da m\u0259n\u0259 \u00e7ox g\u00f6rd\u00fcl\u0259r\u201d\" class=\"read-more button\" href=\"https:\/\/www.meydan.tv\/az\/article\/bilesuvar-sakini-140-manat-maasa-isleyirdim-bunu-da-mene-cox-gorduler\/#more-264285\" aria-label=\"Read more about Bil\u0259suvar sakini: \u201c140 manat maa\u015fa i\u015fl\u0259yirdim, bunu da m\u0259n\u0259 \u00e7ox g\u00f6rd\u00fcl\u0259r\u201d\">Davam\u0131<\/a><\/p>\n","protected":false},"author":8,"featured_media":264282,"comment_status":"closed","ping_status":"closed","sticky":false,"template":"","format":"standard","meta":{"_acf_changed":false,"_sitemap_exclude":false,"_sitemap_priority":"","_sitemap_frequency":"","footnotes":""},"categories":[60,56],"tags":[],"class_list":["post-264285","post","type-post","status-publish","format-standard","has-post-thumbnail","hentry","category-bolge","category-xeberler","infinite-scroll-item","generate-columns","tablet-grid-50","mobile-grid-100","grid-parent","grid-33","no-featured-image-padding"],"acf":[],"yoast_head":"<!-- This site is optimized with the Yoast SEO plugin v27.5 - https:\/\/yoast.com\/product\/yoast-seo-wordpress\/ -->\n<title>Bil\u0259suvar sakini: \u201c140 manat maa\u015fa i\u015fl\u0259yirdim, bunu da m\u0259n\u0259 \u00e7ox g\u00f6rd\u00fcl\u0259r\u201d - MEYDAN.TV<\/title>\n<meta name=\"robots\" content=\"index, follow, max-snippet:-1, max-image-preview:large, max-video-preview:-1\" \/>\n<link rel=\"canonical\" href=\"https:\/\/www.meydan.tv\/az\/article\/bilesuvar-sakini-140-manat-maasa-isleyirdim-bunu-da-mene-cox-gorduler\/\" \/>\n<meta property=\"og:locale\" content=\"az_AZ\" \/>\n<meta property=\"og:type\" content=\"article\" \/>\n<meta property=\"og:title\" content=\"Bil\u0259suvar sakini: \u201c140 manat maa\u015fa i\u015fl\u0259yirdim, bunu da m\u0259n\u0259 \u00e7ox g\u00f6rd\u00fcl\u0259r\u201d - MEYDAN.TV\" \/>\n<meta property=\"og:description\" content=\"F\u00fczuli M\u0259mm\u0259dov i\u015fd\u0259n \u00e7\u0131xar\u0131ld\u0131\u011f\u0131n\u0131 sonradan \u00f6yr\u0259ndiyini deyir \u201c20 ildir m\u0259tbuat ... Davam\u0131\" \/>\n<meta property=\"og:url\" content=\"https:\/\/www.meydan.tv\/az\/article\/bilesuvar-sakini-140-manat-maasa-isleyirdim-bunu-da-mene-cox-gorduler\/\" \/>\n<meta property=\"og:site_name\" content=\"MEYDAN.TV\" \/>\n<meta property=\"article:published_time\" content=\"2022-12-23T08:51:25+00:00\" \/>\n<meta property=\"article:modified_time\" content=\"2022-12-23T08:51:27+00:00\" \/>\n<meta property=\"og:image\" content=\"https:\/\/www.meydan.tv\/wp-content\/uploads\/untitled-design-85.jpg\" \/>\n\t<meta property=\"og:image:width\" content=\"1200\" \/>\n\t<meta property=\"og:image:height\" content=\"800\" \/>\n\t<meta property=\"og:image:type\" content=\"image\/jpeg\" \/>\n<meta name=\"author\" content=\"elli\" \/>\n<meta name=\"twitter:card\" content=\"summary_large_image\" \/>\n<meta name=\"twitter:creator\" content=\"@elli\" \/>\n<script type=\"application\/ld+json\" class=\"yoast-schema-graph\">{\"@context\":\"https:\\\/\\\/schema.org\",\"@graph\":[{\"@type\":\"Article\",\"@id\":\"https:\\\/\\\/www.meydan.tv\\\/az\\\/article\\\/bilesuvar-sakini-140-manat-maasa-isleyirdim-bunu-da-mene-cox-gorduler\\\/#article\",\"isPartOf\":{\"@id\":\"https:\\\/\\\/www.meydan.tv\\\/az\\\/article\\\/bilesuvar-sakini-140-manat-maasa-isleyirdim-bunu-da-mene-cox-gorduler\\\/\"},\"author\":{\"name\":\"elli\",\"@id\":\"https:\\\/\\\/www.meydan.tv\\\/az\\\/#\\\/schema\\\/person\\\/9cdbecf90d17180ce1dfbd95b08dcf47\"},\"headline\":\"Bil\u0259suvar sakini: \u201c140 manat maa\u015fa i\u015fl\u0259yirdim, bunu da m\u0259n\u0259 \u00e7ox g\u00f6rd\u00fcl\u0259r\u201d\",\"datePublished\":\"2022-12-23T08:51:25+00:00\",\"dateModified\":\"2022-12-23T08:51:27+00:00\",\"mainEntityOfPage\":{\"@id\":\"https:\\\/\\\/www.meydan.tv\\\/az\\\/article\\\/bilesuvar-sakini-140-manat-maasa-isleyirdim-bunu-da-mene-cox-gorduler\\\/\"},\"wordCount\":357,\"publisher\":{\"@id\":\"https:\\\/\\\/www.meydan.tv\\\/az\\\/#organization\"},\"image\":{\"@id\":\"https:\\\/\\\/www.meydan.tv\\\/az\\\/article\\\/bilesuvar-sakini-140-manat-maasa-isleyirdim-bunu-da-mene-cox-gorduler\\\/#primaryimage\"},\"thumbnailUrl\":\"https:\\\/\\\/www.meydan.tv\\\/wp-content\\\/uploads\\\/untitled-design-85.jpg\",\"articleSection\":[\"B\u00f6lg\u0259\",\"X\u0259b\u0259rl\u0259r\"],\"inLanguage\":\"az\"},{\"@type\":\"WebPage\",\"@id\":\"https:\\\/\\\/www.meydan.tv\\\/az\\\/article\\\/bilesuvar-sakini-140-manat-maasa-isleyirdim-bunu-da-mene-cox-gorduler\\\/\",\"url\":\"https:\\\/\\\/www.meydan.tv\\\/az\\\/article\\\/bilesuvar-sakini-140-manat-maasa-isleyirdim-bunu-da-mene-cox-gorduler\\\/\",\"name\":\"Bil\u0259suvar sakini: \u201c140 manat maa\u015fa i\u015fl\u0259yirdim, bunu da m\u0259n\u0259 \u00e7ox g\u00f6rd\u00fcl\u0259r\u201d - MEYDAN.TV\",\"isPartOf\":{\"@id\":\"https:\\\/\\\/www.meydan.tv\\\/az\\\/#website\"},\"primaryImageOfPage\":{\"@id\":\"https:\\\/\\\/www.meydan.tv\\\/az\\\/article\\\/bilesuvar-sakini-140-manat-maasa-isleyirdim-bunu-da-mene-cox-gorduler\\\/#primaryimage\"},\"image\":{\"@id\":\"https:\\\/\\\/www.meydan.tv\\\/az\\\/article\\\/bilesuvar-sakini-140-manat-maasa-isleyirdim-bunu-da-mene-cox-gorduler\\\/#primaryimage\"},\"thumbnailUrl\":\"https:\\\/\\\/www.meydan.tv\\\/wp-content\\\/uploads\\\/untitled-design-85.jpg\",\"datePublished\":\"2022-12-23T08:51:25+00:00\",\"dateModified\":\"2022-12-23T08:51:27+00:00\",\"breadcrumb\":{\"@id\":\"https:\\\/\\\/www.meydan.tv\\\/az\\\/article\\\/bilesuvar-sakini-140-manat-maasa-isleyirdim-bunu-da-mene-cox-gorduler\\\/#breadcrumb\"},\"inLanguage\":\"az\",\"potentialAction\":[{\"@type\":\"ReadAction\",\"target\":[\"https:\\\/\\\/www.meydan.tv\\\/az\\\/article\\\/bilesuvar-sakini-140-manat-maasa-isleyirdim-bunu-da-mene-cox-gorduler\\\/\"]}]},{\"@type\":\"ImageObject\",\"inLanguage\":\"az\",\"@id\":\"https:\\\/\\\/www.meydan.tv\\\/az\\\/article\\\/bilesuvar-sakini-140-manat-maasa-isleyirdim-bunu-da-mene-cox-gorduler\\\/#primaryimage\",\"url\":\"https:\\\/\\\/www.meydan.tv\\\/wp-content\\\/uploads\\\/untitled-design-85.jpg\",\"contentUrl\":\"https:\\\/\\\/www.meydan.tv\\\/wp-content\\\/uploads\\\/untitled-design-85.jpg\",\"width\":1200,\"height\":800,\"caption\":\"F\u00fczuli M\u0259mm\u0259dov. Fotolar: Meydan TV\"},{\"@type\":\"BreadcrumbList\",\"@id\":\"https:\\\/\\\/www.meydan.tv\\\/az\\\/article\\\/bilesuvar-sakini-140-manat-maasa-isleyirdim-bunu-da-mene-cox-gorduler\\\/#breadcrumb\",\"itemListElement\":[{\"@type\":\"ListItem\",\"position\":1,\"name\":\"Ana s\u0259hif\u0259\",\"item\":\"https:\\\/\\\/www.meydan.tv\\\/az\\\/\"},{\"@type\":\"ListItem\",\"position\":2,\"name\":\"B\u00f6lg\u0259\",\"item\":\"https:\\\/\\\/www.meydan.tv\\\/az\\\/section\\\/bolge\\\/\"},{\"@type\":\"ListItem\",\"position\":3,\"name\":\"Bil\u0259suvar sakini: \u201c140 manat maa\u015fa i\u015fl\u0259yirdim, bunu da m\u0259n\u0259 \u00e7ox g\u00f6rd\u00fcl\u0259r\u201d\"}]},{\"@type\":\"WebSite\",\"@id\":\"https:\\\/\\\/www.meydan.tv\\\/az\\\/#website\",\"url\":\"https:\\\/\\\/www.meydan.tv\\\/az\\\/\",\"name\":\"MEYDAN.TV\",\"description\":\"Meydan TV Az\u0259rbaycan\u0131n media m\u0259kan\u0131ndak\u0131 alternativ s\u0259sidir\",\"publisher\":{\"@id\":\"https:\\\/\\\/www.meydan.tv\\\/az\\\/#organization\"},\"potentialAction\":[{\"@type\":\"SearchAction\",\"target\":{\"@type\":\"EntryPoint\",\"urlTemplate\":\"https:\\\/\\\/www.meydan.tv\\\/az\\\/?s={search_term_string}\"},\"query-input\":{\"@type\":\"PropertyValueSpecification\",\"valueRequired\":true,\"valueName\":\"search_term_string\"}}],\"inLanguage\":\"az\"},{\"@type\":\"Organization\",\"@id\":\"https:\\\/\\\/www.meydan.tv\\\/az\\\/#organization\",\"name\":\"Meydan TV\",\"url\":\"https:\\\/\\\/www.meydan.tv\\\/az\\\/\",\"logo\":{\"@type\":\"ImageObject\",\"inLanguage\":\"az\",\"@id\":\"https:\\\/\\\/www.meydan.tv\\\/az\\\/#\\\/schema\\\/logo\\\/image\\\/\",\"url\":\"https:\\\/\\\/www.meydan.tv\\\/wp-content\\\/uploads\\\/2021\\\/07\\\/meydan-logo.svg\",\"contentUrl\":\"https:\\\/\\\/www.meydan.tv\\\/wp-content\\\/uploads\\\/2021\\\/07\\\/meydan-logo.svg\",\"width\":195,\"height\":46,\"caption\":\"Meydan TV\"},\"image\":{\"@id\":\"https:\\\/\\\/www.meydan.tv\\\/az\\\/#\\\/schema\\\/logo\\\/image\\\/\"}},{\"@type\":\"Person\",\"@id\":\"https:\\\/\\\/www.meydan.tv\\\/az\\\/#\\\/schema\\\/person\\\/9cdbecf90d17180ce1dfbd95b08dcf47\",\"name\":\"elli\",\"sameAs\":[\"https:\\\/\\\/x.com\\\/elli\"]}]}<\/script>\n<!-- \/ Yoast SEO plugin. -->","yoast_head_json":{"title":"Bil\u0259suvar sakini: \u201c140 manat maa\u015fa i\u015fl\u0259yirdim, bunu da m\u0259n\u0259 \u00e7ox g\u00f6rd\u00fcl\u0259r\u201d - MEYDAN.TV","robots":{"index":"index","follow":"follow","max-snippet":"max-snippet:-1","max-image-preview":"max-image-preview:large","max-video-preview":"max-video-preview:-1"},"canonical":"https:\/\/www.meydan.tv\/az\/article\/bilesuvar-sakini-140-manat-maasa-isleyirdim-bunu-da-mene-cox-gorduler\/","og_locale":"az_AZ","og_type":"article","og_title":"Bil\u0259suvar sakini: \u201c140 manat maa\u015fa i\u015fl\u0259yirdim, bunu da m\u0259n\u0259 \u00e7ox g\u00f6rd\u00fcl\u0259r\u201d - MEYDAN.TV","og_description":"F\u00fczuli M\u0259mm\u0259dov i\u015fd\u0259n \u00e7\u0131xar\u0131ld\u0131\u011f\u0131n\u0131 sonradan \u00f6yr\u0259ndiyini deyir \u201c20 ildir m\u0259tbuat ... Davam\u0131","og_url":"https:\/\/www.meydan.tv\/az\/article\/bilesuvar-sakini-140-manat-maasa-isleyirdim-bunu-da-mene-cox-gorduler\/","og_site_name":"MEYDAN.TV","article_published_time":"2022-12-23T08:51:25+00:00","article_modified_time":"2022-12-23T08:51:27+00:00","og_image":[{"width":1200,"height":800,"url":"https:\/\/www.meydan.tv\/wp-content\/uploads\/untitled-design-85.jpg","type":"image\/jpeg"}],"author":"elli","twitter_card":"summary_large_image","twitter_creator":"@elli","schema":{"@context":"https:\/\/schema.org","@graph":[{"@type":"Article","@id":"https:\/\/www.meydan.tv\/az\/article\/bilesuvar-sakini-140-manat-maasa-isleyirdim-bunu-da-mene-cox-gorduler\/#article","isPartOf":{"@id":"https:\/\/www.meydan.tv\/az\/article\/bilesuvar-sakini-140-manat-maasa-isleyirdim-bunu-da-mene-cox-gorduler\/"},"author":{"name":"elli","@id":"https:\/\/www.meydan.tv\/az\/#\/schema\/person\/9cdbecf90d17180ce1dfbd95b08dcf47"},"headline":"Bil\u0259suvar sakini: \u201c140 manat maa\u015fa i\u015fl\u0259yirdim, bunu da m\u0259n\u0259 \u00e7ox g\u00f6rd\u00fcl\u0259r\u201d","datePublished":"2022-12-23T08:51:25+00:00","dateModified":"2022-12-23T08:51:27+00:00","mainEntityOfPage":{"@id":"https:\/\/www.meydan.tv\/az\/article\/bilesuvar-sakini-140-manat-maasa-isleyirdim-bunu-da-mene-cox-gorduler\/"},"wordCount":357,"publisher":{"@id":"https:\/\/www.meydan.tv\/az\/#organization"},"image":{"@id":"https:\/\/www.meydan.tv\/az\/article\/bilesuvar-sakini-140-manat-maasa-isleyirdim-bunu-da-mene-cox-gorduler\/#primaryimage"},"thumbnailUrl":"https:\/\/www.meydan.tv\/wp-content\/uploads\/untitled-design-85.jpg","articleSection":["B\u00f6lg\u0259","X\u0259b\u0259rl\u0259r"],"inLanguage":"az"},{"@type":"WebPage","@id":"https:\/\/www.meydan.tv\/az\/article\/bilesuvar-sakini-140-manat-maasa-isleyirdim-bunu-da-mene-cox-gorduler\/","url":"https:\/\/www.meydan.tv\/az\/article\/bilesuvar-sakini-140-manat-maasa-isleyirdim-bunu-da-mene-cox-gorduler\/","name":"Bil\u0259suvar sakini: \u201c140 manat maa\u015fa i\u015fl\u0259yirdim, bunu da m\u0259n\u0259 \u00e7ox g\u00f6rd\u00fcl\u0259r\u201d - MEYDAN.TV","isPartOf":{"@id":"https:\/\/www.meydan.tv\/az\/#website"},"primaryImageOfPage":{"@id":"https:\/\/www.meydan.tv\/az\/article\/bilesuvar-sakini-140-manat-maasa-isleyirdim-bunu-da-mene-cox-gorduler\/#primaryimage"},"image":{"@id":"https:\/\/www.meydan.tv\/az\/article\/bilesuvar-sakini-140-manat-maasa-isleyirdim-bunu-da-mene-cox-gorduler\/#primaryimage"},"thumbnailUrl":"https:\/\/www.meydan.tv\/wp-content\/uploads\/untitled-design-85.jpg","datePublished":"2022-12-23T08:51:25+00:00","dateModified":"2022-12-23T08:51:27+00:00","breadcrumb":{"@id":"https:\/\/www.meydan.tv\/az\/article\/bilesuvar-sakini-140-manat-maasa-isleyirdim-bunu-da-mene-cox-gorduler\/#breadcrumb"},"inLanguage":"az","potentialAction":[{"@type":"ReadAction","target":["https:\/\/www.meydan.tv\/az\/article\/bilesuvar-sakini-140-manat-maasa-isleyirdim-bunu-da-mene-cox-gorduler\/"]}]},{"@type":"ImageObject","inLanguage":"az","@id":"https:\/\/www.meydan.tv\/az\/article\/bilesuvar-sakini-140-manat-maasa-isleyirdim-bunu-da-mene-cox-gorduler\/#primaryimage","url":"https:\/\/www.meydan.tv\/wp-content\/uploads\/untitled-design-85.jpg","contentUrl":"https:\/\/www.meydan.tv\/wp-content\/uploads\/untitled-design-85.jpg","width":1200,"height":800,"caption":"F\u00fczuli M\u0259mm\u0259dov. Fotolar: Meydan TV"},{"@type":"BreadcrumbList","@id":"https:\/\/www.meydan.tv\/az\/article\/bilesuvar-sakini-140-manat-maasa-isleyirdim-bunu-da-mene-cox-gorduler\/#breadcrumb","itemListElement":[{"@type":"ListItem","position":1,"name":"Ana s\u0259hif\u0259","item":"https:\/\/www.meydan.tv\/az\/"},{"@type":"ListItem","position":2,"name":"B\u00f6lg\u0259","item":"https:\/\/www.meydan.tv\/az\/section\/bolge\/"},{"@type":"ListItem","position":3,"name":"Bil\u0259suvar sakini: \u201c140 manat maa\u015fa i\u015fl\u0259yirdim, bunu da m\u0259n\u0259 \u00e7ox g\u00f6rd\u00fcl\u0259r\u201d"}]},{"@type":"WebSite","@id":"https:\/\/www.meydan.tv\/az\/#website","url":"https:\/\/www.meydan.tv\/az\/","name":"MEYDAN.TV","description":"Meydan TV Az\u0259rbaycan\u0131n media m\u0259kan\u0131ndak\u0131 alternativ s\u0259sidir","publisher":{"@id":"https:\/\/www.meydan.tv\/az\/#organization"},"potentialAction":[{"@type":"SearchAction","target":{"@type":"EntryPoint","urlTemplate":"https:\/\/www.meydan.tv\/az\/?s={search_term_string}"},"query-input":{"@type":"PropertyValueSpecification","valueRequired":true,"valueName":"search_term_string"}}],"inLanguage":"az"},{"@type":"Organization","@id":"https:\/\/www.meydan.tv\/az\/#organization","name":"Meydan TV","url":"https:\/\/www.meydan.tv\/az\/","logo":{"@type":"ImageObject","inLanguage":"az","@id":"https:\/\/www.meydan.tv\/az\/#\/schema\/logo\/image\/","url":"https:\/\/www.meydan.tv\/wp-content\/uploads\/2021\/07\/meydan-logo.svg","contentUrl":"https:\/\/www.meydan.tv\/wp-content\/uploads\/2021\/07\/meydan-logo.svg","width":195,"height":46,"caption":"Meydan TV"},"image":{"@id":"https:\/\/www.meydan.tv\/az\/#\/schema\/logo\/image\/"}},{"@type":"Person","@id":"https:\/\/www.meydan.tv\/az\/#\/schema\/person\/9cdbecf90d17180ce1dfbd95b08dcf47","name":"elli","sameAs":["https:\/\/x.com\/elli"]}]}},"_links":{"self":[{"href":"https:\/\/www.meydan.tv\/az\/wp-json\/wp\/v2\/posts\/264285","targetHints":{"allow":["GET"]}}],"collection":[{"href":"https:\/\/www.meydan.tv\/az\/wp-json\/wp\/v2\/posts"}],"about":[{"href":"https:\/\/www.meydan.tv\/az\/wp-json\/wp\/v2\/types\/post"}],"author":[{"embeddable":true,"href":"https:\/\/www.meydan.tv\/az\/wp-json\/wp\/v2\/users\/8"}],"replies":[{"embeddable":true,"href":"https:\/\/www.meydan.tv\/az\/wp-json\/wp\/v2\/comments?post=264285"}],"version-history":[{"count":1,"href":"https:\/\/www.meydan.tv\/az\/wp-json\/wp\/v2\/posts\/264285\/revisions"}],"predecessor-version":[{"id":264287,"href":"https:\/\/www.meydan.tv\/az\/wp-json\/wp\/v2\/posts\/264285\/revisions\/264287"}],"wp:featuredmedia":[{"embeddable":true,"href":"https:\/\/www.meydan.tv\/az\/wp-json\/wp\/v2\/media\/264282"}],"wp:attachment":[{"href":"https:\/\/www.meydan.tv\/az\/wp-json\/wp\/v2\/media?parent=264285"}],"wp:term":[{"taxonomy":"category","embeddable":true,"href":"https:\/\/www.meydan.tv\/az\/wp-json\/wp\/v2\/categories?post=264285"},{"taxonomy":"post_tag","embeddable":true,"href":"https:\/\/www.meydan.tv\/az\/wp-json\/wp\/v2\/tags?post=264285"}],"curies":[{"name":"wp","href":"https:\/\/api.w.org\/{rel}","templated":true}]}}