{"id":264216,"date":"2022-12-22T17:28:23","date_gmt":"2022-12-22T13:28:23","guid":{"rendered":"https:\/\/www.meydan.tv\/?p=264216"},"modified":"2022-12-22T17:28:27","modified_gmt":"2022-12-22T13:28:27","slug":"erdogan-ajda-pekkani-mukafatlandirdi","status":"publish","type":"post","link":"https:\/\/www.meydan.tv\/az\/article\/erdogan-ajda-pekkani-mukafatlandirdi\/","title":{"rendered":"<strong>\u018frdo\u011fan Ajda Pekkan\u0131 m\u00fckafatland\u0131rd\u0131<\/strong>"},"content":{"rendered":"\n<p><\/p>\n\n\n\n<p><em>M\u00fc\u011f\u0259nniy\u0259 Prezident M\u00fckafat\u0131 verilib<\/em><\/p>\n\n\n\n<p>T\u00fcrkiy\u0259li m\u00fc\u011f\u0259nni Ajda Pekkan M\u0259d\u0259niyy\u0259t v\u0259 \u0130nc\u0259s\u0259n\u0259t \u00fczr\u0259 Prezident M\u00fckafat\u0131na layiq <a href=\"https:\/\/www.haber7.com\/hayat\/haber\/3287888-ajda-pekkana-erdogandan-odul-milli-degerlerim-daima-oncelikli\" target=\"_blank\" rel=\"noreferrer noopener\">g\u00f6r\u00fcl\u00fcb<\/a>.<\/p>\n\n\n\n<p>M\u00fckafat\u0131 76 ya\u015fl\u0131 m\u00fc\u011f\u0259nniy\u0259 T\u00fcrkiy\u0259 Prezidenti R\u0259c\u0259b Tayyib \u018frdo\u011fan t\u0259qdim edib.<\/p>\n\n\n\n<p>\u018frdo\u011fan \u00e7\u0131x\u0131\u015f\u0131 zaman\u0131 deyib ki, Ajda Pekkan \u201cKimler geldi kimler ge\u00e7ti\u201d, \u201cPetrol\u201d&#8217;, \u201cHer ya\u015f\u0131n bir g\u00fczelli\u011fi var\u201d kimi mahn\u0131larla T\u00fcrkiy\u0259 s\u0259n\u0259t tarixin\u0259 ad\u0131n\u0131 q\u0131z\u0131l h\u0259rfl\u0259rl\u0259 yaz\u0131b.<\/p>\n\n\n\n<figure class=\"wp-block-image size-large\"><img decoding=\"async\" width=\"1166\" height=\"821\" data-src=\"https:\/\/www.meydan.tv\/wp-content\/uploads\/ajda1-1166x821.jpg\" alt=\"\" class=\"wp-image-264205 lazyload\" src=\"data:image\/svg+xml;base64,PHN2ZyB3aWR0aD0iMSIgaGVpZ2h0PSIxIiB4bWxucz0iaHR0cDovL3d3dy53My5vcmcvMjAwMC9zdmciPjwvc3ZnPg==\" style=\"--smush-placeholder-width: 1166px; --smush-placeholder-aspect-ratio: 1166\/821;\" \/><\/figure>\n\n\n\n<p>T\u00fcrk musiqisinin son yar\u0131m \u0259srin\u0259 dam\u011fas\u0131n\u0131 vurmas\u0131 il\u0259 yana\u015f\u0131, yeni s\u0259n\u0259t\u00e7il\u0259rin d\u0259 yeti\u015fm\u0259sinin ilham qayna\u011f\u0131 olub.<\/p>\n\n\n\n<p>Ajda Pekkan T\u00fcrkiy\u0259d\u0259 t\u00fcrk pop musiqisinin \u201cSuperstar\u201d\u0131 olaraq tan\u0131n\u0131r.<\/p>\n","protected":false},"excerpt":{"rendered":"<p>M\u00fc\u011f\u0259nniy\u0259 Prezident M\u00fckafat\u0131 verilib T\u00fcrkiy\u0259li m\u00fc\u011f\u0259nni Ajda Pekkan M\u0259d\u0259niyy\u0259t v\u0259 &#8230; <\/p>\n<p class=\"read-more-container\"><a title=\"\u018frdo\u011fan Ajda Pekkan\u0131 m\u00fckafatland\u0131rd\u0131\" class=\"read-more button\" href=\"https:\/\/www.meydan.tv\/az\/article\/erdogan-ajda-pekkani-mukafatlandirdi\/#more-264216\" aria-label=\"Read more about \u018frdo\u011fan Ajda Pekkan\u0131 m\u00fckafatland\u0131rd\u0131\">Davam\u0131<\/a><\/p>\n","protected":false},"author":8,"featured_media":264208,"comment_status":"closed","ping_status":"closed","sticky":false,"template":"","format":"standard","meta":{"_acf_changed":false,"_sitemap_exclude":false,"_sitemap_priority":"","_sitemap_frequency":"","footnotes":""},"categories":[52,56],"tags":[],"class_list":["post-264216","post","type-post","status-publish","format-standard","has-post-thumbnail","hentry","category-medeniyyet","category-xeberler","infinite-scroll-item","generate-columns","tablet-grid-50","mobile-grid-100","grid-parent","grid-33","no-featured-image-padding"],"acf":[],"yoast_head":"<!-- This site is optimized with the Yoast SEO plugin v27.4 - https:\/\/yoast.com\/product\/yoast-seo-wordpress\/ -->\n<title>\u018frdo\u011fan Ajda Pekkan\u0131 m\u00fckafatland\u0131rd\u0131 - MEYDAN.TV<\/title>\n<meta name=\"robots\" content=\"index, follow, max-snippet:-1, max-image-preview:large, max-video-preview:-1\" \/>\n<link rel=\"canonical\" href=\"https:\/\/www.meydan.tv\/az\/article\/erdogan-ajda-pekkani-mukafatlandirdi\/\" \/>\n<meta property=\"og:locale\" content=\"az_AZ\" \/>\n<meta property=\"og:type\" content=\"article\" \/>\n<meta property=\"og:title\" content=\"\u018frdo\u011fan Ajda Pekkan\u0131 m\u00fckafatland\u0131rd\u0131 - MEYDAN.TV\" \/>\n<meta property=\"og:description\" content=\"M\u00fc\u011f\u0259nniy\u0259 Prezident M\u00fckafat\u0131 verilib T\u00fcrkiy\u0259li m\u00fc\u011f\u0259nni Ajda Pekkan M\u0259d\u0259niyy\u0259t v\u0259 ... Davam\u0131\" \/>\n<meta property=\"og:url\" content=\"https:\/\/www.meydan.tv\/az\/article\/erdogan-ajda-pekkani-mukafatlandirdi\/\" \/>\n<meta property=\"og:site_name\" content=\"MEYDAN.TV\" \/>\n<meta property=\"article:published_time\" content=\"2022-12-22T13:28:23+00:00\" \/>\n<meta property=\"article:modified_time\" content=\"2022-12-22T13:28:27+00:00\" \/>\n<meta property=\"og:image\" content=\"https:\/\/www.meydan.tv\/wp-content\/uploads\/ajda2.jpg\" \/>\n\t<meta property=\"og:image:width\" content=\"1200\" \/>\n\t<meta property=\"og:image:height\" content=\"798\" \/>\n\t<meta property=\"og:image:type\" content=\"image\/jpeg\" \/>\n<meta name=\"author\" content=\"elli\" \/>\n<meta name=\"twitter:card\" content=\"summary_large_image\" \/>\n<meta name=\"twitter:creator\" content=\"@elli\" \/>\n<script type=\"application\/ld+json\" class=\"yoast-schema-graph\">{\"@context\":\"https:\\\/\\\/schema.org\",\"@graph\":[{\"@type\":\"Article\",\"@id\":\"https:\\\/\\\/www.meydan.tv\\\/az\\\/article\\\/erdogan-ajda-pekkani-mukafatlandirdi\\\/#article\",\"isPartOf\":{\"@id\":\"https:\\\/\\\/www.meydan.tv\\\/az\\\/article\\\/erdogan-ajda-pekkani-mukafatlandirdi\\\/\"},\"author\":{\"name\":\"elli\",\"@id\":\"https:\\\/\\\/www.meydan.tv\\\/az\\\/#\\\/schema\\\/person\\\/9cdbecf90d17180ce1dfbd95b08dcf47\"},\"headline\":\"\u018frdo\u011fan Ajda Pekkan\u0131 m\u00fckafatland\u0131rd\u0131\",\"datePublished\":\"2022-12-22T13:28:23+00:00\",\"dateModified\":\"2022-12-22T13:28:27+00:00\",\"mainEntityOfPage\":{\"@id\":\"https:\\\/\\\/www.meydan.tv\\\/az\\\/article\\\/erdogan-ajda-pekkani-mukafatlandirdi\\\/\"},\"wordCount\":138,\"publisher\":{\"@id\":\"https:\\\/\\\/www.meydan.tv\\\/az\\\/#organization\"},\"image\":{\"@id\":\"https:\\\/\\\/www.meydan.tv\\\/az\\\/article\\\/erdogan-ajda-pekkani-mukafatlandirdi\\\/#primaryimage\"},\"thumbnailUrl\":\"https:\\\/\\\/www.meydan.tv\\\/wp-content\\\/uploads\\\/ajda2.jpg\",\"articleSection\":[\"M\u0259d\u0259niyy\u0259t\",\"X\u0259b\u0259rl\u0259r\"],\"inLanguage\":\"az\"},{\"@type\":\"WebPage\",\"@id\":\"https:\\\/\\\/www.meydan.tv\\\/az\\\/article\\\/erdogan-ajda-pekkani-mukafatlandirdi\\\/\",\"url\":\"https:\\\/\\\/www.meydan.tv\\\/az\\\/article\\\/erdogan-ajda-pekkani-mukafatlandirdi\\\/\",\"name\":\"\u018frdo\u011fan Ajda Pekkan\u0131 m\u00fckafatland\u0131rd\u0131 - MEYDAN.TV\",\"isPartOf\":{\"@id\":\"https:\\\/\\\/www.meydan.tv\\\/az\\\/#website\"},\"primaryImageOfPage\":{\"@id\":\"https:\\\/\\\/www.meydan.tv\\\/az\\\/article\\\/erdogan-ajda-pekkani-mukafatlandirdi\\\/#primaryimage\"},\"image\":{\"@id\":\"https:\\\/\\\/www.meydan.tv\\\/az\\\/article\\\/erdogan-ajda-pekkani-mukafatlandirdi\\\/#primaryimage\"},\"thumbnailUrl\":\"https:\\\/\\\/www.meydan.tv\\\/wp-content\\\/uploads\\\/ajda2.jpg\",\"datePublished\":\"2022-12-22T13:28:23+00:00\",\"dateModified\":\"2022-12-22T13:28:27+00:00\",\"breadcrumb\":{\"@id\":\"https:\\\/\\\/www.meydan.tv\\\/az\\\/article\\\/erdogan-ajda-pekkani-mukafatlandirdi\\\/#breadcrumb\"},\"inLanguage\":\"az\",\"potentialAction\":[{\"@type\":\"ReadAction\",\"target\":[\"https:\\\/\\\/www.meydan.tv\\\/az\\\/article\\\/erdogan-ajda-pekkani-mukafatlandirdi\\\/\"]}]},{\"@type\":\"ImageObject\",\"inLanguage\":\"az\",\"@id\":\"https:\\\/\\\/www.meydan.tv\\\/az\\\/article\\\/erdogan-ajda-pekkani-mukafatlandirdi\\\/#primaryimage\",\"url\":\"https:\\\/\\\/www.meydan.tv\\\/wp-content\\\/uploads\\\/ajda2.jpg\",\"contentUrl\":\"https:\\\/\\\/www.meydan.tv\\\/wp-content\\\/uploads\\\/ajda2.jpg\",\"width\":1200,\"height\":798,\"caption\":\"Fotolar: \\\"Yenisafak.com\\\"\"},{\"@type\":\"BreadcrumbList\",\"@id\":\"https:\\\/\\\/www.meydan.tv\\\/az\\\/article\\\/erdogan-ajda-pekkani-mukafatlandirdi\\\/#breadcrumb\",\"itemListElement\":[{\"@type\":\"ListItem\",\"position\":1,\"name\":\"Ana s\u0259hif\u0259\",\"item\":\"https:\\\/\\\/www.meydan.tv\\\/az\\\/\"},{\"@type\":\"ListItem\",\"position\":2,\"name\":\"M\u0259d\u0259niyy\u0259t\",\"item\":\"https:\\\/\\\/www.meydan.tv\\\/az\\\/section\\\/medeniyyet\\\/\"},{\"@type\":\"ListItem\",\"position\":3,\"name\":\"\u018frdo\u011fan Ajda Pekkan\u0131 m\u00fckafatland\u0131rd\u0131\"}]},{\"@type\":\"WebSite\",\"@id\":\"https:\\\/\\\/www.meydan.tv\\\/az\\\/#website\",\"url\":\"https:\\\/\\\/www.meydan.tv\\\/az\\\/\",\"name\":\"MEYDAN.TV\",\"description\":\"Meydan TV Az\u0259rbaycan\u0131n media m\u0259kan\u0131ndak\u0131 alternativ s\u0259sidir\",\"publisher\":{\"@id\":\"https:\\\/\\\/www.meydan.tv\\\/az\\\/#organization\"},\"potentialAction\":[{\"@type\":\"SearchAction\",\"target\":{\"@type\":\"EntryPoint\",\"urlTemplate\":\"https:\\\/\\\/www.meydan.tv\\\/az\\\/?s={search_term_string}\"},\"query-input\":{\"@type\":\"PropertyValueSpecification\",\"valueRequired\":true,\"valueName\":\"search_term_string\"}}],\"inLanguage\":\"az\"},{\"@type\":\"Organization\",\"@id\":\"https:\\\/\\\/www.meydan.tv\\\/az\\\/#organization\",\"name\":\"Meydan TV\",\"url\":\"https:\\\/\\\/www.meydan.tv\\\/az\\\/\",\"logo\":{\"@type\":\"ImageObject\",\"inLanguage\":\"az\",\"@id\":\"https:\\\/\\\/www.meydan.tv\\\/az\\\/#\\\/schema\\\/logo\\\/image\\\/\",\"url\":\"https:\\\/\\\/www.meydan.tv\\\/wp-content\\\/uploads\\\/2021\\\/07\\\/meydan-logo.svg\",\"contentUrl\":\"https:\\\/\\\/www.meydan.tv\\\/wp-content\\\/uploads\\\/2021\\\/07\\\/meydan-logo.svg\",\"width\":195,\"height\":46,\"caption\":\"Meydan TV\"},\"image\":{\"@id\":\"https:\\\/\\\/www.meydan.tv\\\/az\\\/#\\\/schema\\\/logo\\\/image\\\/\"}},{\"@type\":\"Person\",\"@id\":\"https:\\\/\\\/www.meydan.tv\\\/az\\\/#\\\/schema\\\/person\\\/9cdbecf90d17180ce1dfbd95b08dcf47\",\"name\":\"elli\",\"sameAs\":[\"https:\\\/\\\/x.com\\\/elli\"]}]}<\/script>\n<!-- \/ Yoast SEO plugin. -->","yoast_head_json":{"title":"\u018frdo\u011fan Ajda Pekkan\u0131 m\u00fckafatland\u0131rd\u0131 - MEYDAN.TV","robots":{"index":"index","follow":"follow","max-snippet":"max-snippet:-1","max-image-preview":"max-image-preview:large","max-video-preview":"max-video-preview:-1"},"canonical":"https:\/\/www.meydan.tv\/az\/article\/erdogan-ajda-pekkani-mukafatlandirdi\/","og_locale":"az_AZ","og_type":"article","og_title":"\u018frdo\u011fan Ajda Pekkan\u0131 m\u00fckafatland\u0131rd\u0131 - MEYDAN.TV","og_description":"M\u00fc\u011f\u0259nniy\u0259 Prezident M\u00fckafat\u0131 verilib T\u00fcrkiy\u0259li m\u00fc\u011f\u0259nni Ajda Pekkan M\u0259d\u0259niyy\u0259t v\u0259 ... Davam\u0131","og_url":"https:\/\/www.meydan.tv\/az\/article\/erdogan-ajda-pekkani-mukafatlandirdi\/","og_site_name":"MEYDAN.TV","article_published_time":"2022-12-22T13:28:23+00:00","article_modified_time":"2022-12-22T13:28:27+00:00","og_image":[{"width":1200,"height":798,"url":"https:\/\/www.meydan.tv\/wp-content\/uploads\/ajda2.jpg","type":"image\/jpeg"}],"author":"elli","twitter_card":"summary_large_image","twitter_creator":"@elli","schema":{"@context":"https:\/\/schema.org","@graph":[{"@type":"Article","@id":"https:\/\/www.meydan.tv\/az\/article\/erdogan-ajda-pekkani-mukafatlandirdi\/#article","isPartOf":{"@id":"https:\/\/www.meydan.tv\/az\/article\/erdogan-ajda-pekkani-mukafatlandirdi\/"},"author":{"name":"elli","@id":"https:\/\/www.meydan.tv\/az\/#\/schema\/person\/9cdbecf90d17180ce1dfbd95b08dcf47"},"headline":"\u018frdo\u011fan Ajda Pekkan\u0131 m\u00fckafatland\u0131rd\u0131","datePublished":"2022-12-22T13:28:23+00:00","dateModified":"2022-12-22T13:28:27+00:00","mainEntityOfPage":{"@id":"https:\/\/www.meydan.tv\/az\/article\/erdogan-ajda-pekkani-mukafatlandirdi\/"},"wordCount":138,"publisher":{"@id":"https:\/\/www.meydan.tv\/az\/#organization"},"image":{"@id":"https:\/\/www.meydan.tv\/az\/article\/erdogan-ajda-pekkani-mukafatlandirdi\/#primaryimage"},"thumbnailUrl":"https:\/\/www.meydan.tv\/wp-content\/uploads\/ajda2.jpg","articleSection":["M\u0259d\u0259niyy\u0259t","X\u0259b\u0259rl\u0259r"],"inLanguage":"az"},{"@type":"WebPage","@id":"https:\/\/www.meydan.tv\/az\/article\/erdogan-ajda-pekkani-mukafatlandirdi\/","url":"https:\/\/www.meydan.tv\/az\/article\/erdogan-ajda-pekkani-mukafatlandirdi\/","name":"\u018frdo\u011fan Ajda Pekkan\u0131 m\u00fckafatland\u0131rd\u0131 - MEYDAN.TV","isPartOf":{"@id":"https:\/\/www.meydan.tv\/az\/#website"},"primaryImageOfPage":{"@id":"https:\/\/www.meydan.tv\/az\/article\/erdogan-ajda-pekkani-mukafatlandirdi\/#primaryimage"},"image":{"@id":"https:\/\/www.meydan.tv\/az\/article\/erdogan-ajda-pekkani-mukafatlandirdi\/#primaryimage"},"thumbnailUrl":"https:\/\/www.meydan.tv\/wp-content\/uploads\/ajda2.jpg","datePublished":"2022-12-22T13:28:23+00:00","dateModified":"2022-12-22T13:28:27+00:00","breadcrumb":{"@id":"https:\/\/www.meydan.tv\/az\/article\/erdogan-ajda-pekkani-mukafatlandirdi\/#breadcrumb"},"inLanguage":"az","potentialAction":[{"@type":"ReadAction","target":["https:\/\/www.meydan.tv\/az\/article\/erdogan-ajda-pekkani-mukafatlandirdi\/"]}]},{"@type":"ImageObject","inLanguage":"az","@id":"https:\/\/www.meydan.tv\/az\/article\/erdogan-ajda-pekkani-mukafatlandirdi\/#primaryimage","url":"https:\/\/www.meydan.tv\/wp-content\/uploads\/ajda2.jpg","contentUrl":"https:\/\/www.meydan.tv\/wp-content\/uploads\/ajda2.jpg","width":1200,"height":798,"caption":"Fotolar: \"Yenisafak.com\""},{"@type":"BreadcrumbList","@id":"https:\/\/www.meydan.tv\/az\/article\/erdogan-ajda-pekkani-mukafatlandirdi\/#breadcrumb","itemListElement":[{"@type":"ListItem","position":1,"name":"Ana s\u0259hif\u0259","item":"https:\/\/www.meydan.tv\/az\/"},{"@type":"ListItem","position":2,"name":"M\u0259d\u0259niyy\u0259t","item":"https:\/\/www.meydan.tv\/az\/section\/medeniyyet\/"},{"@type":"ListItem","position":3,"name":"\u018frdo\u011fan Ajda Pekkan\u0131 m\u00fckafatland\u0131rd\u0131"}]},{"@type":"WebSite","@id":"https:\/\/www.meydan.tv\/az\/#website","url":"https:\/\/www.meydan.tv\/az\/","name":"MEYDAN.TV","description":"Meydan TV Az\u0259rbaycan\u0131n media m\u0259kan\u0131ndak\u0131 alternativ s\u0259sidir","publisher":{"@id":"https:\/\/www.meydan.tv\/az\/#organization"},"potentialAction":[{"@type":"SearchAction","target":{"@type":"EntryPoint","urlTemplate":"https:\/\/www.meydan.tv\/az\/?s={search_term_string}"},"query-input":{"@type":"PropertyValueSpecification","valueRequired":true,"valueName":"search_term_string"}}],"inLanguage":"az"},{"@type":"Organization","@id":"https:\/\/www.meydan.tv\/az\/#organization","name":"Meydan TV","url":"https:\/\/www.meydan.tv\/az\/","logo":{"@type":"ImageObject","inLanguage":"az","@id":"https:\/\/www.meydan.tv\/az\/#\/schema\/logo\/image\/","url":"https:\/\/www.meydan.tv\/wp-content\/uploads\/2021\/07\/meydan-logo.svg","contentUrl":"https:\/\/www.meydan.tv\/wp-content\/uploads\/2021\/07\/meydan-logo.svg","width":195,"height":46,"caption":"Meydan TV"},"image":{"@id":"https:\/\/www.meydan.tv\/az\/#\/schema\/logo\/image\/"}},{"@type":"Person","@id":"https:\/\/www.meydan.tv\/az\/#\/schema\/person\/9cdbecf90d17180ce1dfbd95b08dcf47","name":"elli","sameAs":["https:\/\/x.com\/elli"]}]}},"_links":{"self":[{"href":"https:\/\/www.meydan.tv\/az\/wp-json\/wp\/v2\/posts\/264216","targetHints":{"allow":["GET"]}}],"collection":[{"href":"https:\/\/www.meydan.tv\/az\/wp-json\/wp\/v2\/posts"}],"about":[{"href":"https:\/\/www.meydan.tv\/az\/wp-json\/wp\/v2\/types\/post"}],"author":[{"embeddable":true,"href":"https:\/\/www.meydan.tv\/az\/wp-json\/wp\/v2\/users\/8"}],"replies":[{"embeddable":true,"href":"https:\/\/www.meydan.tv\/az\/wp-json\/wp\/v2\/comments?post=264216"}],"version-history":[{"count":1,"href":"https:\/\/www.meydan.tv\/az\/wp-json\/wp\/v2\/posts\/264216\/revisions"}],"predecessor-version":[{"id":264218,"href":"https:\/\/www.meydan.tv\/az\/wp-json\/wp\/v2\/posts\/264216\/revisions\/264218"}],"wp:featuredmedia":[{"embeddable":true,"href":"https:\/\/www.meydan.tv\/az\/wp-json\/wp\/v2\/media\/264208"}],"wp:attachment":[{"href":"https:\/\/www.meydan.tv\/az\/wp-json\/wp\/v2\/media?parent=264216"}],"wp:term":[{"taxonomy":"category","embeddable":true,"href":"https:\/\/www.meydan.tv\/az\/wp-json\/wp\/v2\/categories?post=264216"},{"taxonomy":"post_tag","embeddable":true,"href":"https:\/\/www.meydan.tv\/az\/wp-json\/wp\/v2\/tags?post=264216"}],"curies":[{"name":"wp","href":"https:\/\/api.w.org\/{rel}","templated":true}]}}