{"id":264165,"date":"2022-12-22T15:32:59","date_gmt":"2022-12-22T11:32:59","guid":{"rendered":"https:\/\/www.meydan.tv\/?p=264165"},"modified":"2022-12-22T15:34:25","modified_gmt":"2022-12-22T11:34:25","slug":"ne-gorur-ne-esidir-hekimi-de-deyir-ki-omrune-az-qalib-neynirsen-onun-elilliyini","status":"publish","type":"post","link":"https:\/\/www.meydan.tv\/az\/article\/ne-gorur-ne-esidir-hekimi-de-deyir-ki-omrune-az-qalib-neynirsen-onun-elilliyini\/","title":{"rendered":"&#8220;N\u0259 g\u00f6r\u00fcr, n\u0259 e\u015fidir, h\u0259kimi d\u0259 deyir ki, \u00f6mr\u00fcn\u0259 az qal\u0131b, neynirs\u0259n onun \u0259lilliyini?&#8221;"},"content":{"rendered":"\n<p><\/p>\n\n\n\n<p><em>Yataq x\u0259st\u0259si olan G\u00f6y\u00e7ay sakini \u0259lillik ala bilmir<\/em><\/p>\n\n\n\n<p>G\u00f6y\u00e7ay\u0131n L\u0259k\u00e7\u0131plaq k\u0259nd sakini, 1935-ci il t\u0259v\u0259ll\u00fcdl\u00fc G\u00fclnaz K\u0259rimova a\u011f\u0131r x\u0259st\u0259 olsa da, ill\u0259rdir ki, \u0259llilik d\u0259r\u0259c\u0259si ala bilmir.<\/p>\n\n\n\n<p>Haz\u0131rda yataq x\u0259st\u0259si olan ya\u015fl\u0131 qad\u0131n h\u0259m g\u00f6rm\u0259, h\u0259m d\u0259 e\u015fitm\u0259 \u0259ng\u0259llidir.<\/p>\n\n\n\n<p>G\u0259lini G\u00fclnar K\u0259rimova Meydan TV-y\u0259 deyir ki, qaynanas\u0131 e\u015fitm\u0259 qabiliyy\u0259tini 60 ya\u015flar\u0131nda itirib, g\u00f6rm\u0259 m\u0259hdudiyy\u0259ti is\u0259 on be\u015f ildir ki, var:<\/p>\n\n\n\n<p>&#8220;Sol g\u00f6z\u00fc tamamil\u0259 g\u00f6rm\u00fcr. Sa\u011f g\u00f6z\u00fcnd\u0259 20-30% g\u00f6rm\u0259 olsa da, ill\u0259r \u00f6nc\u0259 Bak\u0131da ke\u00e7iril\u0259n \u0259m\u0259liyyatdan sonra o da tamamil\u0259 itib. Daha sonra rayon x\u0259st\u0259xanas\u0131nda da ard\u0131c\u0131l m\u00fcalic\u0259, yoxlan\u0131\u015fdan ke\u00e7s\u0259 d\u0259, \u0259llilik d\u0259r\u0259c\u0259si almaq m\u00fcmk\u00fcn deyil&#8221;.<br><\/p>\n\n\n\n<p><strong>&#8220;T\u0259k \u00fcmidi \u00fcr\u0259k, ciy\u0259r v\u0259 g\u00f6z d\u0259rmanlar\u0131nad\u0131r&#8221;<\/strong><br><\/p>\n\n\n\n<p>G\u00fclnar K\u0259rimovan\u0131n s\u00f6zl\u0259rin\u0259 g\u00f6r\u0259, g\u00fcn\u00fc yataqda ke\u00e7\u0259n G\u00fclnaz K\u0259rimovan\u0131n t\u0259k \u00fcmidi \u00fcr\u0259k, ciy\u0259r v\u0259 g\u00f6z d\u0259rmanlar\u0131nad\u0131r:<\/p>\n\n\n\n<p>&#8220;Bak\u0131da \u0259m\u0259liyyatda dedil\u0259r ki, g\u00f6z x\u0259r\u00e7\u0259ngidir, hara aparsan\u0131z, xeyri yoxdur. Y\u0259ni g\u00f6zl\u0259rinin g\u00f6rm\u0259si p\u0259rpa olunmayacaq. Ondan sonra rayona g\u0259tirdik. 5 il d\u0259 davaml\u0131 olaraq, rayon x\u0259st\u0259xanas\u0131na apard\u0131q. Orada da dedil\u0259r ki, m\u00fcalic\u0259 effekt vermir. Sad\u0259c\u0259, d\u0259rman yaz\u0131rlar ki, \u00f6mr\u00fcn\u00fcn ax\u0131r\u0131na q\u0259d\u0259r bu d\u0259rman\u0131 istifad\u0259 el\u0259sin&#8221;.<\/p>\n\n\n<div class=\"wp-block-image\">\n<figure class=\"aligncenter size-large\"><img decoding=\"async\" width=\"1200\" height=\"540\" data-src=\"https:\/\/www.meydan.tv\/wp-content\/uploads\/img-20221218-wa0024-1200x540.jpg\" alt=\"\" class=\"wp-image-264162 lazyload\" src=\"data:image\/svg+xml;base64,PHN2ZyB3aWR0aD0iMSIgaGVpZ2h0PSIxIiB4bWxucz0iaHR0cDovL3d3dy53My5vcmcvMjAwMC9zdmciPjwvc3ZnPg==\" style=\"--smush-placeholder-width: 1200px; --smush-placeholder-aspect-ratio: 1200\/540;\" \/><\/figure>\n<\/div>\n\n\n<p>&#8220;Bayaq dediyim kimi, qaynanam\u0131n e\u015fitm\u0259 \u0259ng\u0259lliyi d\u0259 var. N\u0259 q\u0259d\u0259r m\u00f6hk\u0259m s\u0259sl\u0259 \u00e7a\u011f\u0131rsan da, he\u00e7 n\u0259 e\u015fitmir, k\u00f6m\u0259ksiz v\u0259 \u00e7\u0131x\u0131lmaz durumdad\u0131r. Tamamil\u0259 e\u015fitm\u0259y\u0259n, g\u00f6rm\u0259y\u0259n, yata\u011fa m\u0259hkum insan nec\u0259 olar? O vaxt\u0131 \u0259m\u0259liyyat\u0131n v\u0259 b\u00fct\u00fcn m\u00fcalic\u0259l\u0259rin d\u0259 pulunu \u00f6z\u00fcm\u00fcz \u00f6d\u0259mi\u015fik. H\u0259tta Bak\u0131da \u0259m\u0259liyyat etdir\u0259nd\u0259 h\u0259kim dedi ki, g\u00f6z x\u0259r\u00e7\u0259ngidir, y\u0259ni qara su. Ancaq vaxt\u0131nda s\u0259hv edib oradan ka\u011f\u0131z almam\u0131\u015f\u0131q. Ona g\u00f6r\u0259 d\u0259 indi m\u00fcxt\u0259lif b\u0259han\u0259l\u0259r g\u0259tirib \u0259lillik vermirl\u0259r&#8221;, &#8211; dey\u0259 o bildirib.<br><\/p>\n\n\n\n<p><strong>&#8220;\u00d6z h\u0259kimi d\u0259 dedi ki, qocad\u0131r, neynirs\u0259n onun \u0259lilliyini?&#8221;<br><\/strong><\/p>\n\n\n\n<p>Qad\u0131n\u0131n qullu\u011funda ail\u0259 \u00fczvl\u0259ri, x\u00fcsus\u0259n d\u0259 g\u0259lini dayan\u0131r, onun g\u00fcnl\u00fck ehtiyac v\u0259 ist\u0259kl\u0259rini d\u0259 ail\u0259si qar\u015f\u0131lay\u0131r. Ail\u0259 t\u0259s\u0259rr\u00fcfatda i\u015fl\u0259yir dey\u0259 k\u00f6m\u0259k olmayanda qad\u0131n \u00f6z\u00fc divarlardan tutaraq h\u0259r\u0259k\u0259t edir. Bu da onun bir ne\u00e7\u0259 d\u0259f\u0259 y\u0131x\u0131lmas\u0131na, k\u00f6m\u0259ksiz qalmas\u0131na s\u0259b\u0259b olur. Aidiyy\u0259ti qurumlara edil\u0259n m\u00fcraci\u0259tl\u0259r is\u0259 cavabs\u0131z qal\u0131r.<\/p>\n\n\n\n<p>Ail\u0259nin dediyin\u0259 g\u00f6r\u0259, yerli qurumlar &#8220;\u0259llilik d\u00fc\u015fm\u00fcr&#8221; dey\u0259r\u0259k m\u00fcraci\u0259tl\u0259ri yola verirl\u0259r:<\/p>\n\n\n\n<p>&#8220;G\u00f6y\u00e7ay DSMF-y\u0259 m\u00fcraci\u0259t etdim. Dedil\u0259r ki, \u00e7oxlu ka\u011f\u0131zlar y\u0131\u011fmal\u0131s\u0131z. S\u0259n\u0259dl\u0259ri taplad\u0131q, onda da dedil\u0259r ki, yox, \u0259lillik d\u00fc\u015fm\u00fcr. H\u0259tta 70-ya\u015fdan yuxar\u0131 ya\u015fl\u0131 v\u0259 x\u0259st\u0259 \u015f\u0259xsl\u0259r\u0259 bax\u0131c\u0131 \u00fc\u00e7\u00fcn \u00f6d\u0259ni\u015f edilm\u0259lidir. Onu da verm\u0259dil\u0259r. \u0130ll\u0259rdir ki, ona m\u0259n bax\u0131ram, o\u011flu da x\u0259st\u0259dir. \u018fvv\u0259l \u00f6z\u00fcn\u00fc qism\u0259n idar\u0259 edirdi, ciy\u0259ri d\u0259 x\u0259st\u0259l\u0259n\u0259nd\u0259n sonra tamamil\u0259 g\u00fccd\u0259n d\u00fc\u015f\u00fcb&#8221;.<\/p>\n\n\n\n<p>G\u00fclnar K\u0259rimova deyir ki, h\u0259yat yolda\u015f\u0131 da x\u0259st\u0259 oldu\u011fu \u00fc\u00e7\u00fcn \u00f6z\u00fc v\u0259 m\u0259kt\u0259bli o\u011flu i\u015fl\u0259m\u0259k m\u0259cburiyy\u0259tind\u0259dir:<\/p>\n\n\n\n<p>&#8220;O\u011flum m\u0259kt\u0259blidir, \u00e7\u00f6r\u0259k puluna g\u00f6r\u0259 s\u0259h\u0259r tezd\u0259n i\u015fl\u0259m\u0259y\u0259 gedir. Vallah h\u0259r g\u00fcn a\u011flamaqdan, fikirl\u0259\u015fm\u0259d\u0259n bilmir\u0259m neyl\u0259yim? D\u00f6ym\u0259diyim qap\u0131 qalmay\u0131b. \u00d6z h\u0259kimi d\u0259 deyir ki, qocad\u0131r, \u00f6mr\u00fcn\u0259 az qal\u0131b, neynirs\u0259n onun \u0259lilliyini? Deyir\u0259m ay h\u0259kim, ax\u0131 \u0259lillik d\u0259r\u0259c\u0259si onun haqq\u0131d\u0131r&#8221;.<\/p>\n\n\n\n<p>&#8220;E\u015fitm\u0259sin\u0259 g\u00f6r\u0259 qulaqc\u0131q dedil\u0259r. 700 manatdan yuxar\u0131 idi, imkan olmad\u0131. Dedil\u0259r ki, ucuzunu da al\u0131b taxmay\u0131n, \u00e7\u00fcnki beyin pozuntusu var, ciddi z\u0259r\u0259r g\u00f6r\u0259r, a\u011f\u0131r beyin travmas\u0131 alar. Yax\u015f\u0131 b\u0259s 700 manatl\u0131q qulaqc\u0131\u011f\u0131 nec\u0259 alaq? Ona bax\u0131m pulu ay\u0131rmal\u0131d\u0131rlar ki, he\u00e7 yerd\u0259 i\u015fl\u0259m\u0259k m\u00fcmk\u00fcn olmursa, o pulla ayl\u0131q d\u0259rmanlar\u0131n\u0131, m\u00fcalic\u0259sini, yem\u0259yini almaqda k\u00f6m\u0259k olsun&#8221;, &#8211; bel\u0259 deyir G\u00f6y\u00e7ay sakini\u2026<br><\/p>\n\n\n\n<p><strong>&#8220;\u0130st\u0259yirik ki, ona \u0259lillik alaq, m\u0259ni d\u0259 bax\u0131c\u0131 kimi qeydiyyata als\u0131nlar&#8221;<br><\/strong><\/p>\n\n\n\n<p>\u015eikay\u0259t\u00e7i deyir ki, 4 n\u0259f\u0259rlik ail\u0259nin yegan\u0259 g\u0259liri ya\u015fl\u0131 qad\u0131n\u0131n ya\u015fa g\u00f6r\u0259 ald\u0131\u011f\u0131 pensiyad\u0131r. G\u00fclnar K\u0259rimova \u00f6z\u00fc is\u0259 \u0259kin, t\u0259s\u0259rr\u00fcfat i\u015fl\u0259ri il\u0259 m\u0259\u015f\u011fuldur ki, o da borc-x\u0259rci, d\u0259rman pulunu \u00f6d\u0259mir. \u00dcst\u0259lik, bir \u00f6vlad\u0131 ail\u0259 qurub, iki \u00f6vlad\u0131 t\u0259hsil al\u0131r.<\/p>\n\n\n\n<p>G\u00fclnar K\u0259rimova deyir ki, \u00f6z\u00fc d\u0259 2010-cu ild\u0259n onkoloji x\u0259st\u0259dir. H\u0259m \u00f6z\u00fc, h\u0259m d\u0259 h\u0259yat yolda\u015f\u0131 x\u0259st\u0259 kimi r\u0259smi qeydiyyatdad\u0131rlar. \u00d6t\u0259n il\u0259 q\u0259d\u0259r usta kimi \u00e7al\u0131\u015fan h\u0259yat yolda\u015f\u0131 art\u0131q i\u015f qabiliyy\u0259tini itirib. M\u0259kt\u0259bli o\u011ful is\u0259 ehtiyac \u00fcz\u00fcnd\u0259n f\u0259hl\u0259lik edir.<\/p>\n\n\n\n<figure class=\"wp-block-image size-large\"><img decoding=\"async\" width=\"1200\" height=\"540\" data-src=\"https:\/\/www.meydan.tv\/wp-content\/uploads\/img-20221218-wa0021-1200x540.jpg\" alt=\"\" class=\"wp-image-264156 lazyload\" src=\"data:image\/svg+xml;base64,PHN2ZyB3aWR0aD0iMSIgaGVpZ2h0PSIxIiB4bWxucz0iaHR0cDovL3d3dy53My5vcmcvMjAwMC9zdmciPjwvc3ZnPg==\" style=\"--smush-placeholder-width: 1200px; --smush-placeholder-aspect-ratio: 1200\/540;\" \/><\/figure>\n\n\n\n<p>Dediyin\u0259 g\u00f6r\u0259, ya\u015fad\u0131qlar\u0131 ev t\u0259mirsiz v\u0259 \u015f\u0259raitsiz durumdad\u0131r. Ail\u0259nin yegan\u0259 ist\u0259yi ya\u015fl\u0131 qad\u0131na haqq\u0131 \u00e7atan 1-ci qrup \u0259lillik d\u0259r\u0259c\u0259sinin verilm\u0259si v\u0259 ona g\u00fcnl\u00fck baxan sosial t\u0259minat i\u015f\u00e7isi kimi g\u0259lininin qeydiyyata al\u0131nmas\u0131d\u0131r:<\/p>\n\n\n\n<p>&#8220;Evimiz soyuqdur. \u0130mkans\u0131zl\u0131qdan odun ala bilm\u0259dik. Qaz da ancaq bir otaqda yan\u0131r, he\u00e7 o qad\u0131n\u0131 isitmir d\u0259. H\u0259y\u0259td\u0259 a\u011fac qalmay\u0131b \u00e7\u0131xard\u0131b yand\u0131r\u0131ram. \u00dcr\u0259yim a\u011fr\u0131y\u0131r, Allah\u0131n normal yem\u0259yini, \u0259t ist\u0259yir, amma ala bilmirik. Lap Bak\u0131ya aparsaq da, biz\u0259 do\u011fru yol g\u00f6st\u0259rilsin ki, haqq\u0131 \u00e7atan \u0259lilliyi alaq. Uzun yola da \u00e7\u0131xa bilmir, \u00e7\u00fcnki \u00e7ox narahatd\u0131r, ya\u015fl\u0131d\u0131r, ciy\u0259ri a\u011fray\u0131r. Daim yataq v\u0259ziyy\u0259tind\u0259dir. H\u0259r ay 15-20 manat g\u00f6z\u00fcn\u0259, \u00fcr\u0259yin\u0259 g\u00f6r\u0259 y\u00fcng\u00fcl d\u0259rman al\u0131r\u0131q&#8221;.<\/p>\n\n\n\n<p>G\u00f6y\u00e7ay M\u0259rk\u0259zi X\u0259st\u0259xanas\u0131n\u0131n ba\u015f h\u0259kiminin m\u00fcavini L\u0259man Hac\u0131yeva Meydan TV-y\u0259 deyib ki, x\u0259st\u0259 yenid\u0259n m\u00fcayin\u0259d\u0259n ke\u00e7m\u0259li v\u0259 1-ci qrup \u0259llilik d\u0259r\u0259c\u0259sin\u0259 uy\u011fun g\u00f6st\u0259ricil\u0259r t\u0259sdiqini tapmal\u0131d\u0131r. Bel\u0259 oldu\u011fu t\u0259qdird\u0259 x\u0259st\u0259xana t\u0259r\u0259fd\u0259n g\u00f6nd\u0259ri\u015fl\u0259 t\u0259min olunar.<br><\/p>\n\n\n\n<p><strong>B\u0259s r\u0259smi qurumlar n\u0259 deyir?<br><\/strong><\/p>\n\n\n\n<p>\u018fm\u0259k v\u0259 \u018fhalinin Sosial M\u00fcdafi\u0259 Nazirliyininin m\u0259tbuat katibi Fazil Tal\u0131bl\u0131 is\u0259 Meydan TV-y\u0259 bildirib ki, v\u0259t\u0259nda\u015f\u0131n \u0259lilliyinin qiym\u0259tl\u0259ndirilm\u0259si m\u0259qs\u0259dil\u0259 ilk n\u00f6vb\u0259d\u0259 qeydiyyatda oldu\u011fu tibb m\u00fc\u0259ssis\u0259si t\u0259r\u0259find\u0259n \u201c\u018flillik\u201d altsistemin\u0259 g\u00f6nd\u0259ri\u015f daxil edilm\u0259lidir.<\/p>\n\n\n\n<p>Onun s\u00f6zl\u0259rin\u0259 g\u00f6r\u0259, K\u0259rimova G\u00fclnaz \u0130brahim q\u0131z\u0131n\u0131n \u0259lilliyinin qiym\u0259tl\u0259ndirilm\u0259si \u00fc\u00e7\u00fcn qeyd olunan altsistem\u0259 g\u00f6nd\u0259ri\u015f daxil edilm\u0259yib.<\/p>\n\n\n\n<p>Tal\u0131bova deyir ki, bununla ba\u011fl\u0131 v\u0259t\u0259nda\u015f qeydiyyatda oldu\u011fu \u0259razi \u00fczr\u0259 tibb m\u00fc\u0259ssis\u0259sin\u0259 m\u00fcraci\u0259t etm\u0259lidir: <\/p>\n\n\n\n<p>&#8220;Burada \u015f\u0259xsin diaqnozu, ixtisasla\u015fm\u0131\u015f h\u0259kim r\u0259yi, apar\u0131lan instrumental, laborator m\u00fcayin\u0259l\u0259rin n\u0259tic\u0259si, indiy\u0259d\u0259k ald\u0131\u011f\u0131 stasionar v\u0259 ambulator m\u00fcalic\u0259l\u0259r\u0259 dair epikrizl\u0259r \u0259sas\u0131nda Forma 88 t\u0259rtib edilib r\u0259smil\u0259\u015fdiril\u0259r\u0259k &#8220;\u018flillik&#8221; altsistemin\u0259 g\u00f6nd\u0259rilm\u0259lidir. G\u00f6nd\u0259ri\u015f daxil edildiyi halda qanunvericiliy\u0259 uy\u011fun onun \u0259lilliyinin qiym\u0259tl\u0259ndirilm\u0259si apar\u0131la bil\u0259r&#8221;.<\/p>\n\n\n\n<figure class=\"wp-block-image size-large\"><img decoding=\"async\" width=\"1200\" height=\"540\" data-src=\"https:\/\/www.meydan.tv\/wp-content\/uploads\/img-20221218-wa0041-1200x540.jpg\" alt=\"\" class=\"wp-image-264159 lazyload\" src=\"data:image\/svg+xml;base64,PHN2ZyB3aWR0aD0iMSIgaGVpZ2h0PSIxIiB4bWxucz0iaHR0cDovL3d3dy53My5vcmcvMjAwMC9zdmciPjwvc3ZnPg==\" style=\"--smush-placeholder-width: 1200px; --smush-placeholder-aspect-ratio: 1200\/540;\" \/><\/figure>\n\n\n\n<p>D\u00f6vl\u0259t Sosial M\u00fcdafi\u0259 Fondunun G\u00f6y\u00e7ay Rayon \u015e\u00f6b\u0259si d\u0259 Meydan TV-nin sor\u011fusunu cavabland\u0131r\u0131b.<\/p>\n\n\n\n<p>Qurum bildirib ki, x\u00fcsusi qay\u011f\u0131ya ehtiyac\u0131 olan \u015f\u0259xsl\u0259r\u0259 baxan sosial t\u0259minat i\u015f\u00e7isin\u0259 \u00f6d\u0259nil\u0259n 80 manat m\u0259bl\u0259\u011find\u0259ki sosial m\u00fcavin\u0259t h\u0259min \u015f\u0259xsin 1-ci qrup \u0259llilik statusu almas\u0131ndan sonra realla\u015f\u0131r.<\/p>\n\n\n\n<p>\u018fks halda dig\u0259r qrup \u0259llil\u0259r \u00fc\u00e7\u00fcn yaxud v\u0259t\u0259nda\u015f\u0131n sa\u011flaml\u0131\u011f\u0131n\u0131n z\u0259if, sosial t\u0259minat\u0131n\u0131n is\u0259 a\u015fa\u011f\u0131 olmas\u0131 \u00fc\u00e7\u00fcn n\u0259z\u0259rd\u0259 tutulmur.<\/p>\n\n\n\n<p>Qurum qeyd edir ki, v\u0259t\u0259nda\u015f 1-ci qrup \u0259llilik alarsa, indiki \u0259m\u0259k pensiyas\u0131n\u0131n \u00fcz\u0259rin\u0259 ayl\u0131q 130 manat \u00f6d\u0259ni\u015f art\u0131m olacaq.<br><\/p>\n\n\n\n<p><strong>H\u00fcquq\u015f\u00fcnas: &#8220;18 ya\u015fdan yuxar\u0131 ist\u0259nil\u0259n \u015f\u0259xs m\u00fcaviq g\u00f6st\u0259ricil\u0259r\u0259 uy\u011fun \u0259lillik ala bil\u0259r&#8221;<br><\/strong><\/p>\n\n\n\n<p>H\u00fcquq\u015f\u00fcnas Az\u0259r Quliyev deyir ki, 18 ya\u015fdan yuxar\u0131 ist\u0259nil\u0259n \u015f\u0259xs m\u00fcaviq g\u00f6st\u0259ricil\u0259r\u0259 uy\u011fun \u0259lillik ala bil\u0259r. Onun fikrinc\u0259, v\u0259t\u0259nda\u015f qanunla bir pensiyan\u0131 se\u00e7m\u0259lidir: ya \u0259lillik, ya da \u0259m\u0259k pensiyas\u0131.<\/p>\n\n\n\n<p>O, \u0259lliliyin t\u0259yin edilm\u0259si prosesind\u0259 \u0259razi \u00fczr\u0259 tibb m\u00fc\u0259ssis\u0259sinin v\u0259 Tibbi-Sosial Ekspertiza v\u0259 Reabilitasiya Agentliyinin rolunun da \u0259sas oldu\u011funu qeyd edir.<\/p>\n\n\n\n<p>&#8220;\u015e\u0259xs \u0259liliyi alandan sonra \u0259m\u0259k pensiyas\u0131ndan imtina edilm\u0259lidir. X\u0259st\u0259xana bax\u0131b g\u00f6nd\u0259ri\u015f verm\u0259lidir. G\u00f6nd\u0259ri\u015f \u0259sas\u0131nda gedib \u0259razid\u0259ki TSEK-\u0259. &#8220;Asan&#8221; Xidm\u0259t\u0259 d\u0259 m\u00fcraci\u0259t ed\u0259 bil\u0259r. X\u0259st\u0259xana imtina vers\u0259, ail\u0259 r\u0259smi sur\u0259td\u0259 \u0259liliyi t\u0259yin ed\u0259n orqana r\u0259smi \u0259riz\u0259 yazmal\u0131d\u0131r. \u018flilliyi d\u0259 bizd\u0259 Tibbi-Sosial Ekspertiza Komissiyas\u0131 t\u0259yin edir. \u018fg\u0259r imtina ets\u0259l\u0259r, bir ay m\u00fcdd\u0259tind\u0259 h\u0259min q\u0259rardan \u015eirvan \u0130nzibati M\u0259hk\u0259m\u0259sin\u0259 m\u00fcraci\u0259t ed\u0259 bil\u0259rl\u0259r&#8221;.<br><\/p>\n\n\n\n<p>&#8220;Bax\u0131c\u0131l\u0131q m\u0259s\u0259l\u0259sini d\u0259 TSEK m\u00fc\u0259yy\u0259n edir. S\u0259hv etmir\u0259ms\u0259, ayl\u0131q \u00f6d\u0259ni\u015f 80 manatd\u0131r. Bir d\u0259 x\u0259st\u0259 a\u011f\u0131r durumdad\u0131rsa, h\u0259min \u015f\u0259xs\u0259 sosial t\u0259minat i\u015f\u00e7isinin \u0259m\u0259khaqq\u0131n\u0131n 50%-i verilm\u0259lidir. B\u00fct\u00fcn bunlar is\u0259 \u00f6zba\u015f\u0131na olmur. TSEK \u0259lilliyi ver\u0259nd\u0259 m\u00fctl\u0259q o ka\u011f\u0131za: &#8220;Ba\u015fqas\u0131n\u0131n k\u00f6m\u0259yin\u0259 ehtiyac var&#8221;, &#8211; dey\u0259 qeyd yazmal\u0131d\u0131r. M\u0259hz bundan sonra x\u0259st\u0259y\u0259 bax\u0131c\u0131 t\u0259yin oluna bil\u0259r&#8221;, &#8211; h\u00fcquq\u015f\u00fcnas bel\u0259 deyir.<\/p>\n","protected":false},"excerpt":{"rendered":"<p>Yataq x\u0259st\u0259si olan G\u00f6y\u00e7ay sakini \u0259lillik ala bilmir G\u00f6y\u00e7ay\u0131n L\u0259k\u00e7\u0131plaq &#8230; <\/p>\n<p class=\"read-more-container\"><a title=\"&#8220;N\u0259 g\u00f6r\u00fcr, n\u0259 e\u015fidir, h\u0259kimi d\u0259 deyir ki, \u00f6mr\u00fcn\u0259 az qal\u0131b, neynirs\u0259n onun \u0259lilliyini?&#8221;\" class=\"read-more button\" href=\"https:\/\/www.meydan.tv\/az\/article\/ne-gorur-ne-esidir-hekimi-de-deyir-ki-omrune-az-qalib-neynirsen-onun-elilliyini\/#more-264165\" aria-label=\"Read more about &#8220;N\u0259 g\u00f6r\u00fcr, n\u0259 e\u015fidir, h\u0259kimi d\u0259 deyir ki, \u00f6mr\u00fcn\u0259 az qal\u0131b, neynirs\u0259n onun \u0259lilliyini?&#8221;\">Davam\u0131<\/a><\/p>\n","protected":false},"author":8,"featured_media":264153,"comment_status":"closed","ping_status":"closed","sticky":false,"template":"","format":"standard","meta":{"_acf_changed":false,"_sitemap_exclude":false,"_sitemap_priority":"","_sitemap_frequency":"","footnotes":""},"categories":[60,56],"tags":[],"class_list":["post-264165","post","type-post","status-publish","format-standard","has-post-thumbnail","hentry","category-bolge","category-xeberler","infinite-scroll-item","generate-columns","tablet-grid-50","mobile-grid-100","grid-parent","grid-33","no-featured-image-padding"],"acf":[],"yoast_head":"<!-- This site is optimized with the Yoast SEO plugin v27.5 - https:\/\/yoast.com\/product\/yoast-seo-wordpress\/ -->\n<title>&quot;N\u0259 g\u00f6r\u00fcr, n\u0259 e\u015fidir, h\u0259kimi d\u0259 deyir ki, \u00f6mr\u00fcn\u0259 az qal\u0131b, neynirs\u0259n onun \u0259lilliyini?&quot; - MEYDAN.TV<\/title>\n<meta name=\"robots\" content=\"index, follow, max-snippet:-1, max-image-preview:large, max-video-preview:-1\" \/>\n<link rel=\"canonical\" href=\"https:\/\/www.meydan.tv\/az\/article\/ne-gorur-ne-esidir-hekimi-de-deyir-ki-omrune-az-qalib-neynirsen-onun-elilliyini\/\" \/>\n<meta property=\"og:locale\" content=\"az_AZ\" \/>\n<meta property=\"og:type\" content=\"article\" \/>\n<meta property=\"og:title\" content=\"&quot;N\u0259 g\u00f6r\u00fcr, n\u0259 e\u015fidir, h\u0259kimi d\u0259 deyir ki, \u00f6mr\u00fcn\u0259 az qal\u0131b, neynirs\u0259n onun \u0259lilliyini?&quot; - MEYDAN.TV\" \/>\n<meta property=\"og:description\" content=\"Yataq x\u0259st\u0259si olan G\u00f6y\u00e7ay sakini \u0259lillik ala bilmir G\u00f6y\u00e7ay\u0131n L\u0259k\u00e7\u0131plaq ... Davam\u0131\" \/>\n<meta property=\"og:url\" content=\"https:\/\/www.meydan.tv\/az\/article\/ne-gorur-ne-esidir-hekimi-de-deyir-ki-omrune-az-qalib-neynirsen-onun-elilliyini\/\" \/>\n<meta property=\"og:site_name\" content=\"MEYDAN.TV\" \/>\n<meta property=\"article:published_time\" content=\"2022-12-22T11:32:59+00:00\" \/>\n<meta property=\"article:modified_time\" content=\"2022-12-22T11:34:25+00:00\" \/>\n<meta property=\"og:image\" content=\"https:\/\/www.meydan.tv\/wp-content\/uploads\/img-20221218-wa0020-e1671708719471.jpg\" \/>\n\t<meta property=\"og:image:width\" content=\"1280\" \/>\n\t<meta property=\"og:image:height\" content=\"380\" \/>\n\t<meta property=\"og:image:type\" content=\"image\/jpeg\" \/>\n<meta name=\"author\" content=\"elli\" \/>\n<meta name=\"twitter:card\" content=\"summary_large_image\" \/>\n<meta name=\"twitter:creator\" content=\"@elli\" \/>\n<script type=\"application\/ld+json\" class=\"yoast-schema-graph\">{\"@context\":\"https:\\\/\\\/schema.org\",\"@graph\":[{\"@type\":\"Article\",\"@id\":\"https:\\\/\\\/www.meydan.tv\\\/az\\\/article\\\/ne-gorur-ne-esidir-hekimi-de-deyir-ki-omrune-az-qalib-neynirsen-onun-elilliyini\\\/#article\",\"isPartOf\":{\"@id\":\"https:\\\/\\\/www.meydan.tv\\\/az\\\/article\\\/ne-gorur-ne-esidir-hekimi-de-deyir-ki-omrune-az-qalib-neynirsen-onun-elilliyini\\\/\"},\"author\":{\"name\":\"elli\",\"@id\":\"https:\\\/\\\/www.meydan.tv\\\/az\\\/#\\\/schema\\\/person\\\/9cdbecf90d17180ce1dfbd95b08dcf47\"},\"headline\":\"&#8220;N\u0259 g\u00f6r\u00fcr, n\u0259 e\u015fidir, h\u0259kimi d\u0259 deyir ki, \u00f6mr\u00fcn\u0259 az qal\u0131b, neynirs\u0259n onun \u0259lilliyini?&#8221;\",\"datePublished\":\"2022-12-22T11:32:59+00:00\",\"dateModified\":\"2022-12-22T11:34:25+00:00\",\"mainEntityOfPage\":{\"@id\":\"https:\\\/\\\/www.meydan.tv\\\/az\\\/article\\\/ne-gorur-ne-esidir-hekimi-de-deyir-ki-omrune-az-qalib-neynirsen-onun-elilliyini\\\/\"},\"wordCount\":1817,\"publisher\":{\"@id\":\"https:\\\/\\\/www.meydan.tv\\\/az\\\/#organization\"},\"image\":{\"@id\":\"https:\\\/\\\/www.meydan.tv\\\/az\\\/article\\\/ne-gorur-ne-esidir-hekimi-de-deyir-ki-omrune-az-qalib-neynirsen-onun-elilliyini\\\/#primaryimage\"},\"thumbnailUrl\":\"https:\\\/\\\/www.meydan.tv\\\/wp-content\\\/uploads\\\/img-20221218-wa0020-e1671708719471.jpg\",\"articleSection\":[\"B\u00f6lg\u0259\",\"X\u0259b\u0259rl\u0259r\"],\"inLanguage\":\"az\"},{\"@type\":\"WebPage\",\"@id\":\"https:\\\/\\\/www.meydan.tv\\\/az\\\/article\\\/ne-gorur-ne-esidir-hekimi-de-deyir-ki-omrune-az-qalib-neynirsen-onun-elilliyini\\\/\",\"url\":\"https:\\\/\\\/www.meydan.tv\\\/az\\\/article\\\/ne-gorur-ne-esidir-hekimi-de-deyir-ki-omrune-az-qalib-neynirsen-onun-elilliyini\\\/\",\"name\":\"\\\"N\u0259 g\u00f6r\u00fcr, n\u0259 e\u015fidir, h\u0259kimi d\u0259 deyir ki, \u00f6mr\u00fcn\u0259 az qal\u0131b, neynirs\u0259n onun \u0259lilliyini?\\\" - MEYDAN.TV\",\"isPartOf\":{\"@id\":\"https:\\\/\\\/www.meydan.tv\\\/az\\\/#website\"},\"primaryImageOfPage\":{\"@id\":\"https:\\\/\\\/www.meydan.tv\\\/az\\\/article\\\/ne-gorur-ne-esidir-hekimi-de-deyir-ki-omrune-az-qalib-neynirsen-onun-elilliyini\\\/#primaryimage\"},\"image\":{\"@id\":\"https:\\\/\\\/www.meydan.tv\\\/az\\\/article\\\/ne-gorur-ne-esidir-hekimi-de-deyir-ki-omrune-az-qalib-neynirsen-onun-elilliyini\\\/#primaryimage\"},\"thumbnailUrl\":\"https:\\\/\\\/www.meydan.tv\\\/wp-content\\\/uploads\\\/img-20221218-wa0020-e1671708719471.jpg\",\"datePublished\":\"2022-12-22T11:32:59+00:00\",\"dateModified\":\"2022-12-22T11:34:25+00:00\",\"breadcrumb\":{\"@id\":\"https:\\\/\\\/www.meydan.tv\\\/az\\\/article\\\/ne-gorur-ne-esidir-hekimi-de-deyir-ki-omrune-az-qalib-neynirsen-onun-elilliyini\\\/#breadcrumb\"},\"inLanguage\":\"az\",\"potentialAction\":[{\"@type\":\"ReadAction\",\"target\":[\"https:\\\/\\\/www.meydan.tv\\\/az\\\/article\\\/ne-gorur-ne-esidir-hekimi-de-deyir-ki-omrune-az-qalib-neynirsen-onun-elilliyini\\\/\"]}]},{\"@type\":\"ImageObject\",\"inLanguage\":\"az\",\"@id\":\"https:\\\/\\\/www.meydan.tv\\\/az\\\/article\\\/ne-gorur-ne-esidir-hekimi-de-deyir-ki-omrune-az-qalib-neynirsen-onun-elilliyini\\\/#primaryimage\",\"url\":\"https:\\\/\\\/www.meydan.tv\\\/wp-content\\\/uploads\\\/img-20221218-wa0020-e1671708719471.jpg\",\"contentUrl\":\"https:\\\/\\\/www.meydan.tv\\\/wp-content\\\/uploads\\\/img-20221218-wa0020-e1671708719471.jpg\",\"width\":1280,\"height\":380,\"caption\":\"N\u0259n\u0259 G\u00fclnaz K\u0259rimova, g\u0259lini G\u00fclnar K\u0259rimova. Fotolar: Meydan TV\"},{\"@type\":\"BreadcrumbList\",\"@id\":\"https:\\\/\\\/www.meydan.tv\\\/az\\\/article\\\/ne-gorur-ne-esidir-hekimi-de-deyir-ki-omrune-az-qalib-neynirsen-onun-elilliyini\\\/#breadcrumb\",\"itemListElement\":[{\"@type\":\"ListItem\",\"position\":1,\"name\":\"Ana s\u0259hif\u0259\",\"item\":\"https:\\\/\\\/www.meydan.tv\\\/az\\\/\"},{\"@type\":\"ListItem\",\"position\":2,\"name\":\"B\u00f6lg\u0259\",\"item\":\"https:\\\/\\\/www.meydan.tv\\\/az\\\/section\\\/bolge\\\/\"},{\"@type\":\"ListItem\",\"position\":3,\"name\":\"&#8220;N\u0259 g\u00f6r\u00fcr, n\u0259 e\u015fidir, h\u0259kimi d\u0259 deyir ki, \u00f6mr\u00fcn\u0259 az qal\u0131b, neynirs\u0259n onun \u0259lilliyini?&#8221;\"}]},{\"@type\":\"WebSite\",\"@id\":\"https:\\\/\\\/www.meydan.tv\\\/az\\\/#website\",\"url\":\"https:\\\/\\\/www.meydan.tv\\\/az\\\/\",\"name\":\"MEYDAN.TV\",\"description\":\"Meydan TV Az\u0259rbaycan\u0131n media m\u0259kan\u0131ndak\u0131 alternativ s\u0259sidir\",\"publisher\":{\"@id\":\"https:\\\/\\\/www.meydan.tv\\\/az\\\/#organization\"},\"potentialAction\":[{\"@type\":\"SearchAction\",\"target\":{\"@type\":\"EntryPoint\",\"urlTemplate\":\"https:\\\/\\\/www.meydan.tv\\\/az\\\/?s={search_term_string}\"},\"query-input\":{\"@type\":\"PropertyValueSpecification\",\"valueRequired\":true,\"valueName\":\"search_term_string\"}}],\"inLanguage\":\"az\"},{\"@type\":\"Organization\",\"@id\":\"https:\\\/\\\/www.meydan.tv\\\/az\\\/#organization\",\"name\":\"Meydan TV\",\"url\":\"https:\\\/\\\/www.meydan.tv\\\/az\\\/\",\"logo\":{\"@type\":\"ImageObject\",\"inLanguage\":\"az\",\"@id\":\"https:\\\/\\\/www.meydan.tv\\\/az\\\/#\\\/schema\\\/logo\\\/image\\\/\",\"url\":\"https:\\\/\\\/www.meydan.tv\\\/wp-content\\\/uploads\\\/2021\\\/07\\\/meydan-logo.svg\",\"contentUrl\":\"https:\\\/\\\/www.meydan.tv\\\/wp-content\\\/uploads\\\/2021\\\/07\\\/meydan-logo.svg\",\"width\":195,\"height\":46,\"caption\":\"Meydan TV\"},\"image\":{\"@id\":\"https:\\\/\\\/www.meydan.tv\\\/az\\\/#\\\/schema\\\/logo\\\/image\\\/\"}},{\"@type\":\"Person\",\"@id\":\"https:\\\/\\\/www.meydan.tv\\\/az\\\/#\\\/schema\\\/person\\\/9cdbecf90d17180ce1dfbd95b08dcf47\",\"name\":\"elli\",\"sameAs\":[\"https:\\\/\\\/x.com\\\/elli\"]}]}<\/script>\n<!-- \/ Yoast SEO plugin. -->","yoast_head_json":{"title":"\"N\u0259 g\u00f6r\u00fcr, n\u0259 e\u015fidir, h\u0259kimi d\u0259 deyir ki, \u00f6mr\u00fcn\u0259 az qal\u0131b, neynirs\u0259n onun \u0259lilliyini?\" - MEYDAN.TV","robots":{"index":"index","follow":"follow","max-snippet":"max-snippet:-1","max-image-preview":"max-image-preview:large","max-video-preview":"max-video-preview:-1"},"canonical":"https:\/\/www.meydan.tv\/az\/article\/ne-gorur-ne-esidir-hekimi-de-deyir-ki-omrune-az-qalib-neynirsen-onun-elilliyini\/","og_locale":"az_AZ","og_type":"article","og_title":"\"N\u0259 g\u00f6r\u00fcr, n\u0259 e\u015fidir, h\u0259kimi d\u0259 deyir ki, \u00f6mr\u00fcn\u0259 az qal\u0131b, neynirs\u0259n onun \u0259lilliyini?\" - MEYDAN.TV","og_description":"Yataq x\u0259st\u0259si olan G\u00f6y\u00e7ay sakini \u0259lillik ala bilmir G\u00f6y\u00e7ay\u0131n L\u0259k\u00e7\u0131plaq ... Davam\u0131","og_url":"https:\/\/www.meydan.tv\/az\/article\/ne-gorur-ne-esidir-hekimi-de-deyir-ki-omrune-az-qalib-neynirsen-onun-elilliyini\/","og_site_name":"MEYDAN.TV","article_published_time":"2022-12-22T11:32:59+00:00","article_modified_time":"2022-12-22T11:34:25+00:00","og_image":[{"width":1280,"height":380,"url":"https:\/\/www.meydan.tv\/wp-content\/uploads\/img-20221218-wa0020-e1671708719471.jpg","type":"image\/jpeg"}],"author":"elli","twitter_card":"summary_large_image","twitter_creator":"@elli","schema":{"@context":"https:\/\/schema.org","@graph":[{"@type":"Article","@id":"https:\/\/www.meydan.tv\/az\/article\/ne-gorur-ne-esidir-hekimi-de-deyir-ki-omrune-az-qalib-neynirsen-onun-elilliyini\/#article","isPartOf":{"@id":"https:\/\/www.meydan.tv\/az\/article\/ne-gorur-ne-esidir-hekimi-de-deyir-ki-omrune-az-qalib-neynirsen-onun-elilliyini\/"},"author":{"name":"elli","@id":"https:\/\/www.meydan.tv\/az\/#\/schema\/person\/9cdbecf90d17180ce1dfbd95b08dcf47"},"headline":"&#8220;N\u0259 g\u00f6r\u00fcr, n\u0259 e\u015fidir, h\u0259kimi d\u0259 deyir ki, \u00f6mr\u00fcn\u0259 az qal\u0131b, neynirs\u0259n onun \u0259lilliyini?&#8221;","datePublished":"2022-12-22T11:32:59+00:00","dateModified":"2022-12-22T11:34:25+00:00","mainEntityOfPage":{"@id":"https:\/\/www.meydan.tv\/az\/article\/ne-gorur-ne-esidir-hekimi-de-deyir-ki-omrune-az-qalib-neynirsen-onun-elilliyini\/"},"wordCount":1817,"publisher":{"@id":"https:\/\/www.meydan.tv\/az\/#organization"},"image":{"@id":"https:\/\/www.meydan.tv\/az\/article\/ne-gorur-ne-esidir-hekimi-de-deyir-ki-omrune-az-qalib-neynirsen-onun-elilliyini\/#primaryimage"},"thumbnailUrl":"https:\/\/www.meydan.tv\/wp-content\/uploads\/img-20221218-wa0020-e1671708719471.jpg","articleSection":["B\u00f6lg\u0259","X\u0259b\u0259rl\u0259r"],"inLanguage":"az"},{"@type":"WebPage","@id":"https:\/\/www.meydan.tv\/az\/article\/ne-gorur-ne-esidir-hekimi-de-deyir-ki-omrune-az-qalib-neynirsen-onun-elilliyini\/","url":"https:\/\/www.meydan.tv\/az\/article\/ne-gorur-ne-esidir-hekimi-de-deyir-ki-omrune-az-qalib-neynirsen-onun-elilliyini\/","name":"\"N\u0259 g\u00f6r\u00fcr, n\u0259 e\u015fidir, h\u0259kimi d\u0259 deyir ki, \u00f6mr\u00fcn\u0259 az qal\u0131b, neynirs\u0259n onun \u0259lilliyini?\" - MEYDAN.TV","isPartOf":{"@id":"https:\/\/www.meydan.tv\/az\/#website"},"primaryImageOfPage":{"@id":"https:\/\/www.meydan.tv\/az\/article\/ne-gorur-ne-esidir-hekimi-de-deyir-ki-omrune-az-qalib-neynirsen-onun-elilliyini\/#primaryimage"},"image":{"@id":"https:\/\/www.meydan.tv\/az\/article\/ne-gorur-ne-esidir-hekimi-de-deyir-ki-omrune-az-qalib-neynirsen-onun-elilliyini\/#primaryimage"},"thumbnailUrl":"https:\/\/www.meydan.tv\/wp-content\/uploads\/img-20221218-wa0020-e1671708719471.jpg","datePublished":"2022-12-22T11:32:59+00:00","dateModified":"2022-12-22T11:34:25+00:00","breadcrumb":{"@id":"https:\/\/www.meydan.tv\/az\/article\/ne-gorur-ne-esidir-hekimi-de-deyir-ki-omrune-az-qalib-neynirsen-onun-elilliyini\/#breadcrumb"},"inLanguage":"az","potentialAction":[{"@type":"ReadAction","target":["https:\/\/www.meydan.tv\/az\/article\/ne-gorur-ne-esidir-hekimi-de-deyir-ki-omrune-az-qalib-neynirsen-onun-elilliyini\/"]}]},{"@type":"ImageObject","inLanguage":"az","@id":"https:\/\/www.meydan.tv\/az\/article\/ne-gorur-ne-esidir-hekimi-de-deyir-ki-omrune-az-qalib-neynirsen-onun-elilliyini\/#primaryimage","url":"https:\/\/www.meydan.tv\/wp-content\/uploads\/img-20221218-wa0020-e1671708719471.jpg","contentUrl":"https:\/\/www.meydan.tv\/wp-content\/uploads\/img-20221218-wa0020-e1671708719471.jpg","width":1280,"height":380,"caption":"N\u0259n\u0259 G\u00fclnaz K\u0259rimova, g\u0259lini G\u00fclnar K\u0259rimova. Fotolar: Meydan TV"},{"@type":"BreadcrumbList","@id":"https:\/\/www.meydan.tv\/az\/article\/ne-gorur-ne-esidir-hekimi-de-deyir-ki-omrune-az-qalib-neynirsen-onun-elilliyini\/#breadcrumb","itemListElement":[{"@type":"ListItem","position":1,"name":"Ana s\u0259hif\u0259","item":"https:\/\/www.meydan.tv\/az\/"},{"@type":"ListItem","position":2,"name":"B\u00f6lg\u0259","item":"https:\/\/www.meydan.tv\/az\/section\/bolge\/"},{"@type":"ListItem","position":3,"name":"&#8220;N\u0259 g\u00f6r\u00fcr, n\u0259 e\u015fidir, h\u0259kimi d\u0259 deyir ki, \u00f6mr\u00fcn\u0259 az qal\u0131b, neynirs\u0259n onun \u0259lilliyini?&#8221;"}]},{"@type":"WebSite","@id":"https:\/\/www.meydan.tv\/az\/#website","url":"https:\/\/www.meydan.tv\/az\/","name":"MEYDAN.TV","description":"Meydan TV Az\u0259rbaycan\u0131n media m\u0259kan\u0131ndak\u0131 alternativ s\u0259sidir","publisher":{"@id":"https:\/\/www.meydan.tv\/az\/#organization"},"potentialAction":[{"@type":"SearchAction","target":{"@type":"EntryPoint","urlTemplate":"https:\/\/www.meydan.tv\/az\/?s={search_term_string}"},"query-input":{"@type":"PropertyValueSpecification","valueRequired":true,"valueName":"search_term_string"}}],"inLanguage":"az"},{"@type":"Organization","@id":"https:\/\/www.meydan.tv\/az\/#organization","name":"Meydan TV","url":"https:\/\/www.meydan.tv\/az\/","logo":{"@type":"ImageObject","inLanguage":"az","@id":"https:\/\/www.meydan.tv\/az\/#\/schema\/logo\/image\/","url":"https:\/\/www.meydan.tv\/wp-content\/uploads\/2021\/07\/meydan-logo.svg","contentUrl":"https:\/\/www.meydan.tv\/wp-content\/uploads\/2021\/07\/meydan-logo.svg","width":195,"height":46,"caption":"Meydan TV"},"image":{"@id":"https:\/\/www.meydan.tv\/az\/#\/schema\/logo\/image\/"}},{"@type":"Person","@id":"https:\/\/www.meydan.tv\/az\/#\/schema\/person\/9cdbecf90d17180ce1dfbd95b08dcf47","name":"elli","sameAs":["https:\/\/x.com\/elli"]}]}},"_links":{"self":[{"href":"https:\/\/www.meydan.tv\/az\/wp-json\/wp\/v2\/posts\/264165","targetHints":{"allow":["GET"]}}],"collection":[{"href":"https:\/\/www.meydan.tv\/az\/wp-json\/wp\/v2\/posts"}],"about":[{"href":"https:\/\/www.meydan.tv\/az\/wp-json\/wp\/v2\/types\/post"}],"author":[{"embeddable":true,"href":"https:\/\/www.meydan.tv\/az\/wp-json\/wp\/v2\/users\/8"}],"replies":[{"embeddable":true,"href":"https:\/\/www.meydan.tv\/az\/wp-json\/wp\/v2\/comments?post=264165"}],"version-history":[{"count":1,"href":"https:\/\/www.meydan.tv\/az\/wp-json\/wp\/v2\/posts\/264165\/revisions"}],"predecessor-version":[{"id":264167,"href":"https:\/\/www.meydan.tv\/az\/wp-json\/wp\/v2\/posts\/264165\/revisions\/264167"}],"wp:featuredmedia":[{"embeddable":true,"href":"https:\/\/www.meydan.tv\/az\/wp-json\/wp\/v2\/media\/264153"}],"wp:attachment":[{"href":"https:\/\/www.meydan.tv\/az\/wp-json\/wp\/v2\/media?parent=264165"}],"wp:term":[{"taxonomy":"category","embeddable":true,"href":"https:\/\/www.meydan.tv\/az\/wp-json\/wp\/v2\/categories?post=264165"},{"taxonomy":"post_tag","embeddable":true,"href":"https:\/\/www.meydan.tv\/az\/wp-json\/wp\/v2\/tags?post=264165"}],"curies":[{"name":"wp","href":"https:\/\/api.w.org\/{rel}","templated":true}]}}