{"id":264122,"date":"2022-12-22T13:52:39","date_gmt":"2022-12-22T09:52:39","guid":{"rendered":"https:\/\/www.meydan.tv\/?p=264122"},"modified":"2022-12-22T13:52:45","modified_gmt":"2022-12-22T09:52:45","slug":"ilham-eliyev-kerimovu-vezifesinden-cixartdi-kerimlini-getirdi","status":"publish","type":"post","link":"https:\/\/www.meydan.tv\/az\/article\/ilham-eliyev-kerimovu-vezifesinden-cixartdi-kerimlini-getirdi\/","title":{"rendered":"<strong>\u0130lham \u018fliyev K\u0259rimovu v\u0259zif\u0259sind\u0259n \u00e7\u0131xartd\u0131, K\u0259rimlini g\u0259tirdi<\/strong>"},"content":{"rendered":"\n<p><\/p>\n\n\n\n<p><em>Anar K\u0259rimovun s\u0259lahiyy\u0259tl\u0259rini Adil K\u0259rimli icra ed\u0259c\u0259k<\/em><\/p>\n\n\n\n<p>\u0130lham \u018fliyev m\u0259d\u0259niyy\u0259t naziri Anar K\u0259rimovu v\u0259zif\u0259sind\u0259n azad edib.<\/p>\n\n\n\n<p>Prezident bununla ba\u011fl\u0131 s\u0259r\u0259ncam <a href=\"https:\/\/president.az\/az\/articles\/view\/58261\" target=\"_blank\" rel=\"noreferrer noopener\">imzalay\u0131b.<\/a><\/p>\n\n\n\n<p>Prezident \u0130lham \u018fliyev 2020-ci ild\u0259 M\u0259d\u0259niyy\u0259t Nazirliyinin strukturunda d\u0259yi\u015fiklik ed\u0259r\u0259k birinci m\u00fcavinl\u0259rin say\u0131n\u0131 ikiy\u0259 \u00e7atd\u0131rm\u0131\u015fd\u0131.<\/p>\n\n\n\n<p>\u0130lham \u018fliyev Az\u0259rbaycan\u0131n YUNESKO yan\u0131nda daimi n\u00fcmay\u0259nd\u0259si Anar K\u0259rimovu v\u0259zif\u0259sind\u0259n geri \u00e7a\u011f\u0131raraq, m\u0259d\u0259niyyat nazirinin birinci m\u00fcavini v\u0259zif\u0259sin\u0259 qoymu\u015fdu. Daha sonra Prezident onu m\u0259d\u0259niyy\u0259t nazirinin v\u0259zif\u0259l\u0259rini m\u00fcv\u0259qq\u0259ti icra ed\u0259n \u015f\u0259xs kimi t\u0259yin etmi\u015fdi.<\/p>\n\n\n\n<p>2021-ci ilin yanvar\u0131n 5-d\u0259 is\u0259 \u0130lham \u018fliyevin s\u0259r\u0259ncam\u0131 il\u0259 Anar K\u0259rimov m\u0259d\u0259niyy\u0259t naziri <a href=\"https:\/\/president.az\/az\/articles\/view\/49906\" target=\"_blank\" rel=\"noreferrer noopener\">olmu\u015fdu<\/a>.<\/p>\n\n\n\n<p>Anar K\u0259rimov 2014-c\u00fc ild\u0259n Az\u0259rbaycan Respublikas\u0131n\u0131n YUNESKO yan\u0131nda daimi n\u00fcmay\u0259nd\u0259si v\u0259zif\u0259sind\u0259 i\u015fl\u0259yib.<\/p>\n\n\n\n<p>\u0130lham \u018fliyevin dig\u0259r s\u0259r\u0259ncam\u0131 il\u0259 m\u0259d\u0259niyy\u0259t naziri v\u0259zif\u0259sinin m\u00fcv\u0259qq\u0259ti icras\u0131 Adil K\u0259rimliy\u0259 h\u0259val\u0259 <a href=\"https:\/\/president.az\/az\/articles\/view\/58259\" target=\"_blank\" rel=\"noreferrer noopener\">edilib<\/a>.<\/p>\n\n\n\n<p>O, m\u0259d\u0259niyy\u0259t nazirinin birinci m\u00fcavini t\u0259yin olunub. Adil K\u0259rimli Heyd\u0259r \u018fliyev M\u0259rk\u0259zinin direktorunun birinci m\u00fcavini v\u0259zif\u0259sind\u0259 i\u015fl\u0259yirdi.<\/p>\n\n\n\n<p>S\u0259r\u0259ncamla o, tutdu\u011fu v\u0259zif\u0259d\u0259n bu g\u00fcn azad <a href=\"https:\/\/president.az\/az\/articles\/view\/58260\" target=\"_blank\" rel=\"noreferrer noopener\">edilib<\/a>.<\/p>\n\n\n\n<p>Anar K\u0259rimovun v\u0259zif\u0259sind\u0259n azad edilm\u0259sin\u0259 s\u0259b\u0259b kimi M\u0259d\u0259niyy\u0259t Nazirliyind\u0259 ba\u015f ver\u0259n korrupsiya hallar\u0131 oldu\u011fu deyilir.<\/p>\n\n\n\n<figure class=\"wp-block-image size-full\"><img decoding=\"async\" width=\"1200\" height=\"800\" data-src=\"https:\/\/www.meydan.tv\/wp-content\/uploads\/untitled-design-84.jpg\" alt=\"\" class=\"wp-image-264129 lazyload\" src=\"data:image\/svg+xml;base64,PHN2ZyB3aWR0aD0iMSIgaGVpZ2h0PSIxIiB4bWxucz0iaHR0cDovL3d3dy53My5vcmcvMjAwMC9zdmciPjwvc3ZnPg==\" style=\"--smush-placeholder-width: 1200px; --smush-placeholder-aspect-ratio: 1200\/800;\" \/><figcaption class=\"wp-element-caption\">Adil K\u0259rimli v\u0259 Anar K\u0259rimov <\/figcaption><\/figure>\n\n\n\n<p>2022-ci il oktyabr\u0131n 26-da Hesablama Palatas\u0131 d\u00f6vl\u0259t sifari\u015fi il\u0259 filml\u0259rin \u00e7\u0259kilm\u0259si zaman\u0131 ciddi maliyy\u0259 pozuntular\u0131n\u0131n a\u015fkarlanmas\u0131na dair hesabat <a href=\"https:\/\/d9mc3ts4czbpr.cloudfront.net\/az\/article\/dovlet-sifarisi-ile-film-cekenler-pullari-nece-xercleyib\/\" target=\"_blank\" rel=\"noreferrer noopener\">yay\u0131mlay\u0131b<\/a>.<\/p>\n\n\n\n<p>Palata t\u00f6vsiy\u0259 edirdi ki, n\u00f6qsana yol ver\u0259n m\u0259sul \u015f\u0259xsl\u0259r m\u0259suliyy\u0259t\u0259 c\u0259lb olunsunlar.<\/p>\n\n\n\n<p>Bundan bir ne\u00e7\u0259 g\u00fcn sonra noyabr\u0131n 1-d\u0259 D\u00f6vl\u0259t T\u0259hl\u00fck\u0259sizliyi Xidm\u0259ti (DTX) M\u0259d\u0259niyy\u0259t Nazirliyind\u0259 x\u00fcsusi \u0259m\u0259liyyat ke\u00e7irib.<\/p>\n\n\n\n<p>\u018fm\u0259liyyat zaman\u0131 m\u0259d\u0259niyy\u0259t nazirinin sabiq birinci m\u00fcavini, Elnur \u018fliyev, nazirliyinin T\u0259chizat v\u0259 \u018fmlak \u015e\u00f6b\u0259sinin m\u00fcdiri \u0130lkin N\u0259sibov saxlan\u0131l\u0131b.<\/p>\n\n\n\n<p>Elnur \u018fliyev\u0259 qar\u015f\u0131 Cinay\u0259t M\u0259c\u0259ll\u0259sinin 179.4 (x\u00fcsusil\u0259 k\u00fclli miqdarda m\u0259nims\u0259m\u0259), 308-ci (v\u0259zif\u0259 s\u0259lahiyy\u0259tl\u0259rind\u0259n sui istifad\u0259) madd\u0259l\u0259ril\u0259 ittiham ir\u0259li s\u00fcr\u00fcl\u00fcb. Lakin istintaq d\u00f6vr\u00fc \u00fc\u00e7\u00fcn onun bar\u0259sind\u0259 h\u0259bs yox, alternativ n\u00f6vd\u0259 q\u0259timkan t\u0259dbiri se\u00e7ilib. Onun bar\u0259sind\u0259 ba\u015fqa yer\u0259 getm\u0259m\u0259y\u0259 dair iltizam q\u0259timkan t\u0259dbiri se\u00e7ilib.<\/p>\n\n\n\n<p>\u0130lkin N\u0259sibov haqq\u0131nda is\u0259 noyabr\u0131n 2-d\u0259 S\u0259bail Rayon M\u0259hk\u0259m\u0259sind\u0259 4 ayl\u0131q h\u0259bs q\u0259timkan t\u0259dbiri se\u00e7ilib.<\/p>\n\n\n\n<p>O da Cinay\u0259t M\u0259c\u0259ll\u0259sinin 179.4 (x\u00fcsusil\u0259 k\u00fclli miqdarda m\u0259nims\u0259m\u0259), 308-ci (v\u0259zif\u0259 s\u0259lahiyy\u0259tl\u0259rind\u0259n sui istifad\u0259) madd\u0259l\u0259ril\u0259 ittiham olunur.<\/p>\n","protected":false},"excerpt":{"rendered":"<p>Anar K\u0259rimovun s\u0259lahiyy\u0259tl\u0259rini Adil K\u0259rimli icra ed\u0259c\u0259k \u0130lham \u018fliyev m\u0259d\u0259niyy\u0259t &#8230; <\/p>\n<p class=\"read-more-container\"><a title=\"\u0130lham \u018fliyev K\u0259rimovu v\u0259zif\u0259sind\u0259n \u00e7\u0131xartd\u0131, K\u0259rimlini g\u0259tirdi\" class=\"read-more button\" href=\"https:\/\/www.meydan.tv\/az\/article\/ilham-eliyev-kerimovu-vezifesinden-cixartdi-kerimlini-getirdi\/#more-264122\" aria-label=\"Read more about \u0130lham \u018fliyev K\u0259rimovu v\u0259zif\u0259sind\u0259n \u00e7\u0131xartd\u0131, K\u0259rimlini g\u0259tirdi\">Davam\u0131<\/a><\/p>\n","protected":false},"author":8,"featured_media":155115,"comment_status":"closed","ping_status":"closed","sticky":false,"template":"","format":"standard","meta":{"_acf_changed":false,"_sitemap_exclude":false,"_sitemap_priority":"","_sitemap_frequency":"","footnotes":""},"categories":[52,56],"tags":[],"class_list":["post-264122","post","type-post","status-publish","format-standard","has-post-thumbnail","hentry","category-medeniyyet","category-xeberler","infinite-scroll-item","generate-columns","tablet-grid-50","mobile-grid-100","grid-parent","grid-33","no-featured-image-padding"],"acf":[],"yoast_head":"<!-- This site is optimized with the Yoast SEO plugin v27.4 - https:\/\/yoast.com\/product\/yoast-seo-wordpress\/ -->\n<title>\u0130lham \u018fliyev K\u0259rimovu v\u0259zif\u0259sind\u0259n \u00e7\u0131xartd\u0131, K\u0259rimlini g\u0259tirdi - MEYDAN.TV<\/title>\n<meta name=\"robots\" content=\"index, follow, max-snippet:-1, max-image-preview:large, max-video-preview:-1\" \/>\n<link rel=\"canonical\" href=\"https:\/\/www.meydan.tv\/az\/article\/ilham-eliyev-kerimovu-vezifesinden-cixartdi-kerimlini-getirdi\/\" \/>\n<meta property=\"og:locale\" content=\"az_AZ\" \/>\n<meta property=\"og:type\" content=\"article\" \/>\n<meta property=\"og:title\" content=\"\u0130lham \u018fliyev K\u0259rimovu v\u0259zif\u0259sind\u0259n \u00e7\u0131xartd\u0131, K\u0259rimlini g\u0259tirdi - MEYDAN.TV\" \/>\n<meta property=\"og:description\" content=\"Anar K\u0259rimovun s\u0259lahiyy\u0259tl\u0259rini Adil K\u0259rimli icra ed\u0259c\u0259k \u0130lham \u018fliyev m\u0259d\u0259niyy\u0259t ... Davam\u0131\" \/>\n<meta property=\"og:url\" content=\"https:\/\/www.meydan.tv\/az\/article\/ilham-eliyev-kerimovu-vezifesinden-cixartdi-kerimlini-getirdi\/\" \/>\n<meta property=\"og:site_name\" content=\"MEYDAN.TV\" \/>\n<meta property=\"article:published_time\" content=\"2022-12-22T09:52:39+00:00\" \/>\n<meta property=\"article:modified_time\" content=\"2022-12-22T09:52:45+00:00\" \/>\n<meta property=\"og:image\" content=\"https:\/\/www.meydan.tv\/wp-content\/uploads\/unnamed_lqc8dvu.png\" \/>\n\t<meta property=\"og:image:width\" content=\"813\" \/>\n\t<meta property=\"og:image:height\" content=\"480\" \/>\n\t<meta property=\"og:image:type\" content=\"image\/png\" \/>\n<meta name=\"author\" content=\"elli\" \/>\n<meta name=\"twitter:card\" content=\"summary_large_image\" \/>\n<meta name=\"twitter:creator\" content=\"@elli\" \/>\n<script type=\"application\/ld+json\" class=\"yoast-schema-graph\">{\"@context\":\"https:\\\/\\\/schema.org\",\"@graph\":[{\"@type\":\"Article\",\"@id\":\"https:\\\/\\\/www.meydan.tv\\\/az\\\/article\\\/ilham-eliyev-kerimovu-vezifesinden-cixartdi-kerimlini-getirdi\\\/#article\",\"isPartOf\":{\"@id\":\"https:\\\/\\\/www.meydan.tv\\\/az\\\/article\\\/ilham-eliyev-kerimovu-vezifesinden-cixartdi-kerimlini-getirdi\\\/\"},\"author\":{\"name\":\"elli\",\"@id\":\"https:\\\/\\\/www.meydan.tv\\\/az\\\/#\\\/schema\\\/person\\\/9cdbecf90d17180ce1dfbd95b08dcf47\"},\"headline\":\"\u0130lham \u018fliyev K\u0259rimovu v\u0259zif\u0259sind\u0259n \u00e7\u0131xartd\u0131, K\u0259rimlini g\u0259tirdi\",\"datePublished\":\"2022-12-22T09:52:39+00:00\",\"dateModified\":\"2022-12-22T09:52:45+00:00\",\"mainEntityOfPage\":{\"@id\":\"https:\\\/\\\/www.meydan.tv\\\/az\\\/article\\\/ilham-eliyev-kerimovu-vezifesinden-cixartdi-kerimlini-getirdi\\\/\"},\"wordCount\":535,\"publisher\":{\"@id\":\"https:\\\/\\\/www.meydan.tv\\\/az\\\/#organization\"},\"image\":{\"@id\":\"https:\\\/\\\/www.meydan.tv\\\/az\\\/article\\\/ilham-eliyev-kerimovu-vezifesinden-cixartdi-kerimlini-getirdi\\\/#primaryimage\"},\"thumbnailUrl\":\"https:\\\/\\\/www.meydan.tv\\\/wp-content\\\/uploads\\\/unnamed_lqc8dvu.png\",\"articleSection\":[\"M\u0259d\u0259niyy\u0259t\",\"X\u0259b\u0259rl\u0259r\"],\"inLanguage\":\"az\"},{\"@type\":\"WebPage\",\"@id\":\"https:\\\/\\\/www.meydan.tv\\\/az\\\/article\\\/ilham-eliyev-kerimovu-vezifesinden-cixartdi-kerimlini-getirdi\\\/\",\"url\":\"https:\\\/\\\/www.meydan.tv\\\/az\\\/article\\\/ilham-eliyev-kerimovu-vezifesinden-cixartdi-kerimlini-getirdi\\\/\",\"name\":\"\u0130lham \u018fliyev K\u0259rimovu v\u0259zif\u0259sind\u0259n \u00e7\u0131xartd\u0131, K\u0259rimlini g\u0259tirdi - MEYDAN.TV\",\"isPartOf\":{\"@id\":\"https:\\\/\\\/www.meydan.tv\\\/az\\\/#website\"},\"primaryImageOfPage\":{\"@id\":\"https:\\\/\\\/www.meydan.tv\\\/az\\\/article\\\/ilham-eliyev-kerimovu-vezifesinden-cixartdi-kerimlini-getirdi\\\/#primaryimage\"},\"image\":{\"@id\":\"https:\\\/\\\/www.meydan.tv\\\/az\\\/article\\\/ilham-eliyev-kerimovu-vezifesinden-cixartdi-kerimlini-getirdi\\\/#primaryimage\"},\"thumbnailUrl\":\"https:\\\/\\\/www.meydan.tv\\\/wp-content\\\/uploads\\\/unnamed_lqc8dvu.png\",\"datePublished\":\"2022-12-22T09:52:39+00:00\",\"dateModified\":\"2022-12-22T09:52:45+00:00\",\"breadcrumb\":{\"@id\":\"https:\\\/\\\/www.meydan.tv\\\/az\\\/article\\\/ilham-eliyev-kerimovu-vezifesinden-cixartdi-kerimlini-getirdi\\\/#breadcrumb\"},\"inLanguage\":\"az\",\"potentialAction\":[{\"@type\":\"ReadAction\",\"target\":[\"https:\\\/\\\/www.meydan.tv\\\/az\\\/article\\\/ilham-eliyev-kerimovu-vezifesinden-cixartdi-kerimlini-getirdi\\\/\"]}]},{\"@type\":\"ImageObject\",\"inLanguage\":\"az\",\"@id\":\"https:\\\/\\\/www.meydan.tv\\\/az\\\/article\\\/ilham-eliyev-kerimovu-vezifesinden-cixartdi-kerimlini-getirdi\\\/#primaryimage\",\"url\":\"https:\\\/\\\/www.meydan.tv\\\/wp-content\\\/uploads\\\/unnamed_lqc8dvu.png\",\"contentUrl\":\"https:\\\/\\\/www.meydan.tv\\\/wp-content\\\/uploads\\\/unnamed_lqc8dvu.png\",\"width\":813,\"height\":480,\"caption\":\"Foto: M\u0259d\u0259niyy\u0259t Nazirliyi\"},{\"@type\":\"BreadcrumbList\",\"@id\":\"https:\\\/\\\/www.meydan.tv\\\/az\\\/article\\\/ilham-eliyev-kerimovu-vezifesinden-cixartdi-kerimlini-getirdi\\\/#breadcrumb\",\"itemListElement\":[{\"@type\":\"ListItem\",\"position\":1,\"name\":\"Ana s\u0259hif\u0259\",\"item\":\"https:\\\/\\\/www.meydan.tv\\\/az\\\/\"},{\"@type\":\"ListItem\",\"position\":2,\"name\":\"M\u0259d\u0259niyy\u0259t\",\"item\":\"https:\\\/\\\/www.meydan.tv\\\/az\\\/section\\\/medeniyyet\\\/\"},{\"@type\":\"ListItem\",\"position\":3,\"name\":\"\u0130lham \u018fliyev K\u0259rimovu v\u0259zif\u0259sind\u0259n \u00e7\u0131xartd\u0131, K\u0259rimlini g\u0259tirdi\"}]},{\"@type\":\"WebSite\",\"@id\":\"https:\\\/\\\/www.meydan.tv\\\/az\\\/#website\",\"url\":\"https:\\\/\\\/www.meydan.tv\\\/az\\\/\",\"name\":\"MEYDAN.TV\",\"description\":\"Meydan TV Az\u0259rbaycan\u0131n media m\u0259kan\u0131ndak\u0131 alternativ s\u0259sidir\",\"publisher\":{\"@id\":\"https:\\\/\\\/www.meydan.tv\\\/az\\\/#organization\"},\"potentialAction\":[{\"@type\":\"SearchAction\",\"target\":{\"@type\":\"EntryPoint\",\"urlTemplate\":\"https:\\\/\\\/www.meydan.tv\\\/az\\\/?s={search_term_string}\"},\"query-input\":{\"@type\":\"PropertyValueSpecification\",\"valueRequired\":true,\"valueName\":\"search_term_string\"}}],\"inLanguage\":\"az\"},{\"@type\":\"Organization\",\"@id\":\"https:\\\/\\\/www.meydan.tv\\\/az\\\/#organization\",\"name\":\"Meydan TV\",\"url\":\"https:\\\/\\\/www.meydan.tv\\\/az\\\/\",\"logo\":{\"@type\":\"ImageObject\",\"inLanguage\":\"az\",\"@id\":\"https:\\\/\\\/www.meydan.tv\\\/az\\\/#\\\/schema\\\/logo\\\/image\\\/\",\"url\":\"https:\\\/\\\/www.meydan.tv\\\/wp-content\\\/uploads\\\/2021\\\/07\\\/meydan-logo.svg\",\"contentUrl\":\"https:\\\/\\\/www.meydan.tv\\\/wp-content\\\/uploads\\\/2021\\\/07\\\/meydan-logo.svg\",\"width\":195,\"height\":46,\"caption\":\"Meydan TV\"},\"image\":{\"@id\":\"https:\\\/\\\/www.meydan.tv\\\/az\\\/#\\\/schema\\\/logo\\\/image\\\/\"}},{\"@type\":\"Person\",\"@id\":\"https:\\\/\\\/www.meydan.tv\\\/az\\\/#\\\/schema\\\/person\\\/9cdbecf90d17180ce1dfbd95b08dcf47\",\"name\":\"elli\",\"sameAs\":[\"https:\\\/\\\/x.com\\\/elli\"]}]}<\/script>\n<!-- \/ Yoast SEO plugin. -->","yoast_head_json":{"title":"\u0130lham \u018fliyev K\u0259rimovu v\u0259zif\u0259sind\u0259n \u00e7\u0131xartd\u0131, K\u0259rimlini g\u0259tirdi - MEYDAN.TV","robots":{"index":"index","follow":"follow","max-snippet":"max-snippet:-1","max-image-preview":"max-image-preview:large","max-video-preview":"max-video-preview:-1"},"canonical":"https:\/\/www.meydan.tv\/az\/article\/ilham-eliyev-kerimovu-vezifesinden-cixartdi-kerimlini-getirdi\/","og_locale":"az_AZ","og_type":"article","og_title":"\u0130lham \u018fliyev K\u0259rimovu v\u0259zif\u0259sind\u0259n \u00e7\u0131xartd\u0131, K\u0259rimlini g\u0259tirdi - MEYDAN.TV","og_description":"Anar K\u0259rimovun s\u0259lahiyy\u0259tl\u0259rini Adil K\u0259rimli icra ed\u0259c\u0259k \u0130lham \u018fliyev m\u0259d\u0259niyy\u0259t ... Davam\u0131","og_url":"https:\/\/www.meydan.tv\/az\/article\/ilham-eliyev-kerimovu-vezifesinden-cixartdi-kerimlini-getirdi\/","og_site_name":"MEYDAN.TV","article_published_time":"2022-12-22T09:52:39+00:00","article_modified_time":"2022-12-22T09:52:45+00:00","og_image":[{"width":813,"height":480,"url":"https:\/\/www.meydan.tv\/wp-content\/uploads\/unnamed_lqc8dvu.png","type":"image\/png"}],"author":"elli","twitter_card":"summary_large_image","twitter_creator":"@elli","schema":{"@context":"https:\/\/schema.org","@graph":[{"@type":"Article","@id":"https:\/\/www.meydan.tv\/az\/article\/ilham-eliyev-kerimovu-vezifesinden-cixartdi-kerimlini-getirdi\/#article","isPartOf":{"@id":"https:\/\/www.meydan.tv\/az\/article\/ilham-eliyev-kerimovu-vezifesinden-cixartdi-kerimlini-getirdi\/"},"author":{"name":"elli","@id":"https:\/\/www.meydan.tv\/az\/#\/schema\/person\/9cdbecf90d17180ce1dfbd95b08dcf47"},"headline":"\u0130lham \u018fliyev K\u0259rimovu v\u0259zif\u0259sind\u0259n \u00e7\u0131xartd\u0131, K\u0259rimlini g\u0259tirdi","datePublished":"2022-12-22T09:52:39+00:00","dateModified":"2022-12-22T09:52:45+00:00","mainEntityOfPage":{"@id":"https:\/\/www.meydan.tv\/az\/article\/ilham-eliyev-kerimovu-vezifesinden-cixartdi-kerimlini-getirdi\/"},"wordCount":535,"publisher":{"@id":"https:\/\/www.meydan.tv\/az\/#organization"},"image":{"@id":"https:\/\/www.meydan.tv\/az\/article\/ilham-eliyev-kerimovu-vezifesinden-cixartdi-kerimlini-getirdi\/#primaryimage"},"thumbnailUrl":"https:\/\/www.meydan.tv\/wp-content\/uploads\/unnamed_lqc8dvu.png","articleSection":["M\u0259d\u0259niyy\u0259t","X\u0259b\u0259rl\u0259r"],"inLanguage":"az"},{"@type":"WebPage","@id":"https:\/\/www.meydan.tv\/az\/article\/ilham-eliyev-kerimovu-vezifesinden-cixartdi-kerimlini-getirdi\/","url":"https:\/\/www.meydan.tv\/az\/article\/ilham-eliyev-kerimovu-vezifesinden-cixartdi-kerimlini-getirdi\/","name":"\u0130lham \u018fliyev K\u0259rimovu v\u0259zif\u0259sind\u0259n \u00e7\u0131xartd\u0131, K\u0259rimlini g\u0259tirdi - MEYDAN.TV","isPartOf":{"@id":"https:\/\/www.meydan.tv\/az\/#website"},"primaryImageOfPage":{"@id":"https:\/\/www.meydan.tv\/az\/article\/ilham-eliyev-kerimovu-vezifesinden-cixartdi-kerimlini-getirdi\/#primaryimage"},"image":{"@id":"https:\/\/www.meydan.tv\/az\/article\/ilham-eliyev-kerimovu-vezifesinden-cixartdi-kerimlini-getirdi\/#primaryimage"},"thumbnailUrl":"https:\/\/www.meydan.tv\/wp-content\/uploads\/unnamed_lqc8dvu.png","datePublished":"2022-12-22T09:52:39+00:00","dateModified":"2022-12-22T09:52:45+00:00","breadcrumb":{"@id":"https:\/\/www.meydan.tv\/az\/article\/ilham-eliyev-kerimovu-vezifesinden-cixartdi-kerimlini-getirdi\/#breadcrumb"},"inLanguage":"az","potentialAction":[{"@type":"ReadAction","target":["https:\/\/www.meydan.tv\/az\/article\/ilham-eliyev-kerimovu-vezifesinden-cixartdi-kerimlini-getirdi\/"]}]},{"@type":"ImageObject","inLanguage":"az","@id":"https:\/\/www.meydan.tv\/az\/article\/ilham-eliyev-kerimovu-vezifesinden-cixartdi-kerimlini-getirdi\/#primaryimage","url":"https:\/\/www.meydan.tv\/wp-content\/uploads\/unnamed_lqc8dvu.png","contentUrl":"https:\/\/www.meydan.tv\/wp-content\/uploads\/unnamed_lqc8dvu.png","width":813,"height":480,"caption":"Foto: M\u0259d\u0259niyy\u0259t Nazirliyi"},{"@type":"BreadcrumbList","@id":"https:\/\/www.meydan.tv\/az\/article\/ilham-eliyev-kerimovu-vezifesinden-cixartdi-kerimlini-getirdi\/#breadcrumb","itemListElement":[{"@type":"ListItem","position":1,"name":"Ana s\u0259hif\u0259","item":"https:\/\/www.meydan.tv\/az\/"},{"@type":"ListItem","position":2,"name":"M\u0259d\u0259niyy\u0259t","item":"https:\/\/www.meydan.tv\/az\/section\/medeniyyet\/"},{"@type":"ListItem","position":3,"name":"\u0130lham \u018fliyev K\u0259rimovu v\u0259zif\u0259sind\u0259n \u00e7\u0131xartd\u0131, K\u0259rimlini g\u0259tirdi"}]},{"@type":"WebSite","@id":"https:\/\/www.meydan.tv\/az\/#website","url":"https:\/\/www.meydan.tv\/az\/","name":"MEYDAN.TV","description":"Meydan TV Az\u0259rbaycan\u0131n media m\u0259kan\u0131ndak\u0131 alternativ s\u0259sidir","publisher":{"@id":"https:\/\/www.meydan.tv\/az\/#organization"},"potentialAction":[{"@type":"SearchAction","target":{"@type":"EntryPoint","urlTemplate":"https:\/\/www.meydan.tv\/az\/?s={search_term_string}"},"query-input":{"@type":"PropertyValueSpecification","valueRequired":true,"valueName":"search_term_string"}}],"inLanguage":"az"},{"@type":"Organization","@id":"https:\/\/www.meydan.tv\/az\/#organization","name":"Meydan TV","url":"https:\/\/www.meydan.tv\/az\/","logo":{"@type":"ImageObject","inLanguage":"az","@id":"https:\/\/www.meydan.tv\/az\/#\/schema\/logo\/image\/","url":"https:\/\/www.meydan.tv\/wp-content\/uploads\/2021\/07\/meydan-logo.svg","contentUrl":"https:\/\/www.meydan.tv\/wp-content\/uploads\/2021\/07\/meydan-logo.svg","width":195,"height":46,"caption":"Meydan TV"},"image":{"@id":"https:\/\/www.meydan.tv\/az\/#\/schema\/logo\/image\/"}},{"@type":"Person","@id":"https:\/\/www.meydan.tv\/az\/#\/schema\/person\/9cdbecf90d17180ce1dfbd95b08dcf47","name":"elli","sameAs":["https:\/\/x.com\/elli"]}]}},"_links":{"self":[{"href":"https:\/\/www.meydan.tv\/az\/wp-json\/wp\/v2\/posts\/264122","targetHints":{"allow":["GET"]}}],"collection":[{"href":"https:\/\/www.meydan.tv\/az\/wp-json\/wp\/v2\/posts"}],"about":[{"href":"https:\/\/www.meydan.tv\/az\/wp-json\/wp\/v2\/types\/post"}],"author":[{"embeddable":true,"href":"https:\/\/www.meydan.tv\/az\/wp-json\/wp\/v2\/users\/8"}],"replies":[{"embeddable":true,"href":"https:\/\/www.meydan.tv\/az\/wp-json\/wp\/v2\/comments?post=264122"}],"version-history":[{"count":2,"href":"https:\/\/www.meydan.tv\/az\/wp-json\/wp\/v2\/posts\/264122\/revisions"}],"predecessor-version":[{"id":264134,"href":"https:\/\/www.meydan.tv\/az\/wp-json\/wp\/v2\/posts\/264122\/revisions\/264134"}],"wp:featuredmedia":[{"embeddable":true,"href":"https:\/\/www.meydan.tv\/az\/wp-json\/wp\/v2\/media\/155115"}],"wp:attachment":[{"href":"https:\/\/www.meydan.tv\/az\/wp-json\/wp\/v2\/media?parent=264122"}],"wp:term":[{"taxonomy":"category","embeddable":true,"href":"https:\/\/www.meydan.tv\/az\/wp-json\/wp\/v2\/categories?post=264122"},{"taxonomy":"post_tag","embeddable":true,"href":"https:\/\/www.meydan.tv\/az\/wp-json\/wp\/v2\/tags?post=264122"}],"curies":[{"name":"wp","href":"https:\/\/api.w.org\/{rel}","templated":true}]}}