{"id":264105,"date":"2022-12-22T12:58:59","date_gmt":"2022-12-22T08:58:59","guid":{"rendered":"https:\/\/www.meydan.tv\/?p=264105"},"modified":"2022-12-22T12:59:02","modified_gmt":"2022-12-22T08:59:02","slug":"ekspert-fermerlerin-ekseriyyeti-pambiq-ekmekden-imtina-edir","status":"publish","type":"post","link":"https:\/\/www.meydan.tv\/az\/article\/ekspert-fermerlerin-ekseriyyeti-pambiq-ekmekden-imtina-edir\/","title":{"rendered":"Ekspert: \u201cFermerl\u0259rin \u0259ks\u0259riyy\u0259ti pamb\u0131q \u0259km\u0259kd\u0259n imtina edir\u201d"},"content":{"rendered":"\n<p><\/p>\n\n\n\n<p><em>Fermerl\u0259r subsidiyan\u0131n gecikdirildiyini, m\u0259hsulu ist\u0259dikl\u0259ri \u015firk\u0259t\u0259 sata bilm\u0259dikl\u0259rini deyirl\u0259r<\/em><br><\/p>\n\n\n\n<p>\u201cSon bir ne\u00e7\u0259 ildir suvarma d\u0259rdind\u0259n pamb\u0131\u011f\u0131n m\u0259hsuldarl\u0131\u011f\u0131 y\u00fcks\u0259k olmur. N\u0259tic\u0259d\u0259 qoyulan x\u0259rci \u00e7\u0131xara bilmirik, ziyanla \u00fczl\u0259\u015firik. Amma problem bununla bitmir. T\u0259dar\u00fck \u015firk\u0259tl\u0259ri pamb\u0131qda n\u0259mi\u015fliyi, zibilliyi \u00e7ox tutur. Fermer d\u0259 m\u0259hsulunu ist\u0259diyi \u015firk\u0259t\u0259 sata bilmir\u201d.<\/p>\n\n\n\n<p>Bunu Meydan TV-y\u0259 Saatl\u0131dan olan fermer Ayd\u0131n M\u0259mm\u0259dov bildirib. Fermer deyib ki, \u0259vv\u0259lki ill\u0259rd\u0259n f\u0259rqli olaraq bu ild\u0259n yaln\u0131z m\u0259hsula g\u00f6r\u0259 subsidiya \u00f6d\u0259nilir.<\/p>\n\n\n\n<p>\u201cBir t\u0259r\u0259fd\u0259n d\u0259 subsidiyan\u0131n verilm\u0259si gecikdirilir. Ona g\u00f6r\u0259 d\u0259 \u00e7oxu pamb\u0131q \u0259v\u0259zin\u0259 yonca, tax\u0131l \u0259km\u0259k ist\u0259yir ki, he\u00e7 olmasa dolan\u0131\u015f\u0131\u011f\u0131 olsun\u201d, &#8211; M\u0259mm\u0259dov s\u00f6yl\u0259yib.<\/p>\n\n\n\n<p>K\u0259nd t\u0259s\u0259rr\u00fcfat\u0131 \u00fczr\u0259 ekspert Vahid M\u0259h\u0259rr\u0259mli Meydan TV-y\u0259 bildirib ki, pamb\u0131q\u00e7\u0131l\u0131q sah\u0259si \u00fczr\u0259 probleml\u0259r m\u00f6vcuddur, \u0259kin sah\u0259si 100 min hektara q\u0259d\u0259r azald\u0131l\u0131b. Bu il 500 min ton pamb\u0131q istehsal edil\u0259c\u0259yi il\u0259 ba\u011fl\u0131 \u00f6hd\u0259lik g\u00f6t\u00fcr\u00fcl\u00fcb, amma istehsal 300 min tona \u00e7atmayacaq.<\/p>\n\n\n\n<p>\u201cFermerl\u0259r deyirl\u0259r ki, onlara \u0259kin sah\u0259l\u0259rinin az g\u00f6st\u0259rilm\u0259si tap\u015f\u0131r\u0131l\u0131b. M\u0259qs\u0259d m\u0259hsuldarl\u0131\u011f\u0131 s\u00fcni art\u0131rmaqd\u0131r. Y\u0259ni daha \u00e7ox sah\u0259d\u0259 \u0259kin h\u0259yata ke\u00e7irirl\u0259r, sah\u0259ni az g\u00f6st\u0259rirl\u0259r, n\u0259tic\u0259d\u0259 y\u00fcks\u0259k m\u0259hsuldarl\u0131q kimi qeyd\u0259 al\u0131n\u0131r. M\u0259hsuldarl\u0131q ona g\u00f6r\u0259 vacibdir ki, m\u0259hsuldarl\u0131\u011f\u0131 art\u0131rmadan r\u0259qab\u0259tqabiliyy\u0259tli m\u0259hsul istehsal ed\u0259 bilm\u0259rik\u201d,- ekspert qeyd edib.<\/p>\n\n\n\n<p>M\u0259h\u0259rr\u0259mlinin s\u00f6zl\u0259rin\u0259 g\u00f6r\u0259, bu il pamb\u0131q\u00e7\u0131l\u0131qla m\u0259\u015f\u011ful olan fermerl\u0259rin istehsal x\u0259rcl\u0259ri t\u0259xmin\u0259n 20 faizd\u0259n \u00e7ox art\u0131b. Fermerl\u0259r g\u00fcbr\u0259ni 2 d\u0259f\u0259 baha al\u0131blar, el\u0259c\u0259 d\u0259 dig\u0259r x\u0259rcl\u0259r \u00e7oxal\u0131b. Pamb\u0131\u011f\u0131n al\u0131\u015f qiym\u0259ti is\u0259 c\u0259mi 50 manat art\u0131r\u0131l\u0131b:<\/p>\n\n\n\n<p>\u201cM\u0259hsuldarl\u0131q azal\u0131b, x\u0259rc art\u0131b, subsidiya x\u0259rci qar\u015f\u0131lam\u0131r. Pamb\u0131qdan \u0259ld\u0259 olunan g\u0259lir y\u0131\u011f\u0131m \u00fc\u00e7\u00fcn x\u0259rcl\u0259n\u0259n v\u0259saiti \u00f6d\u0259mir. Ona g\u00f6r\u0259 d\u0259 \u0259ks\u0259riyy\u0259t pamb\u0131qdan imtina edir. Bu g\u00fcnl\u0259rd\u0259 b\u00f6lg\u0259l\u0259rd\u0259 oldum, \u0259ks\u0259r fermer pamb\u0131\u011f\u0131 h\u0259l\u0259 y\u0131\u011fmay\u0131b. B\u0259zi \u0259razil\u0259rd\u0259 pamb\u0131\u011f\u0131n boyu \u00e7ox al\u00e7aqd\u0131r, h\u0259tta kombayn bu sah\u0259l\u0259r\u0259 gir\u0259 bilm\u0259z, \u0259ll\u0259 y\u0131\u011f\u0131m da \u00e7\u0259tindir\u201d.<\/p>\n\n\n\n<figure class=\"wp-block-image size-full\"><img decoding=\"async\" data-src=\"https:\/\/www.meydan.tv\/wp-content\/uploads\/45447.jpg\" alt=\"Vahid M\u0259h\u0259rr\u0259mli\" class=\"wp-image-114069 lazyload\" src=\"data:image\/svg+xml;base64,PHN2ZyB3aWR0aD0iMSIgaGVpZ2h0PSIxIiB4bWxucz0iaHR0cDovL3d3dy53My5vcmcvMjAwMC9zdmciPjwvc3ZnPg==\" style=\"--smush-placeholder-width: 960px; --smush-placeholder-aspect-ratio: 960\/720;\" \/><figcaption class=\"wp-element-caption\">Vahid M\u0259h\u0259rr\u0259mli. Foto: Meydan TV<\/figcaption><\/figure>\n\n\n\n<p>Ekspert bildirib ki, pamb\u0131q sah\u0259l\u0259rinin suvar\u0131lma problemi ill\u0259rdir m\u00f6vcuddur, fermerl\u0259r sah\u0259l\u0259ri vaxtl\u0131-vaxt\u0131nda suvara bilmirl\u0259r. N\u0259tic\u0259d\u0259 bir \u00e7ox sah\u0259d\u0259 pamb\u0131\u011f\u0131n boyu artmay\u0131b, m\u0259hsuldarl\u0131q, keyfiyy\u0259t a\u015fa\u011f\u0131 d\u00fc\u015f\u00fcb:<\/p>\n\n\n\n<p> \u201cFermerl\u0259r pamb\u0131\u011f\u0131 emal m\u00fc\u0259ssis\u0259l\u0259rin\u0259 verirl\u0259r. Bu m\u00fc\u0259ssis\u0259l\u0259r h\u0259m n\u0259mliyi, h\u0259m d\u0259 zibilliyi y\u00fcks\u0259k g\u00f6st\u0259rirl\u0259r. Bu da fermerl\u0259ri h\u0259v\u0259sd\u0259n sal\u0131r. Alternativ \u015firk\u0259tl\u0259r d\u0259 olmal\u0131d\u0131r, fermer daha yax\u015f\u0131 \u015f\u0259rtl\u0259rl\u0259 pamb\u0131q alanlarla i\u015fl\u0259y\u0259 bilm\u0259lidirl\u0259r. Eyni zamanda, m\u00fcst\u0259qil laboratoriyalar olmal\u0131d\u0131r. Fermerl\u0259r laboratoriyalarda m\u0259hsulun n\u0259mliyini yoxlatd\u0131ra bilm\u0259lidirl\u0259r. Ancaq bu sah\u0259 d\u0259 monopoliyaya al\u0131n\u0131b\u201d.<\/p>\n\n\n\n<p>M\u0259h\u0259rr\u0259mli hesab edir ki, pamb\u0131q\u00e7\u0131l\u0131\u011f\u0131 inki\u015faf etdirm\u0259k \u00fc\u00e7\u00fcn m\u0259hsulun emal\u0131 v\u0259 sat\u0131\u015f\u0131 il\u0259 fermerl\u0259rin \u00f6zl\u0259ri m\u0259\u015f\u011ful olmal\u0131d\u0131rlar:<\/p>\n\n\n\n<p>\u201c\u0130mkan yaratmaq laz\u0131md\u0131r ki, k\u0259ndli-fermerl\u0259r biznesl\u0259rini geni\u015fl\u0259ndir\u0259, daha \u00e7ox g\u0259lir \u0259ld\u0259 ed\u0259 bilsinl\u0259r\u201d.<br>K\u0259nd T\u0259s\u0259rr\u00fcfat\u0131 Nazirliyinin noyabr\u0131n sonuna olan m\u0259lumat\u0131na g\u00f6r\u0259, fermerl\u0259r t\u0259r\u0259find\u0259n kondisiya \u00e7\u0259kid\u0259 295645 ton pamb\u0131q y\u0131\u011f\u0131laraq t\u0259dar\u00fck m\u0259nt\u0259q\u0259l\u0259rin\u0259 t\u0259hvil verilib. Haz\u0131rda respublika \u00fczr\u0259 pamb\u0131\u011f\u0131n orta m\u0259hsuldarl\u0131\u011f\u0131 28.35 sent\/ha t\u0259\u015fkil edib.<\/p>\n\n\n\n<p>R\u0259smi m\u0259lumatda deyilir ki, pamb\u0131q \u0259kini apar\u0131lm\u0131\u015f 16 rayondan 7-d\u0259 &#8211; A\u011fcab\u0259di, Beyl\u0259qan, B\u0259rd\u0259, Saatl\u0131, T\u0259rt\u0259r, Yevlax v\u0259 Z\u0259rdabda orta m\u0259hsuldarl\u0131q g\u00f6st\u0259ricisi \u00fcmumrespublika g\u00f6st\u0259ricisind\u0259n y\u00fcks\u0259kdir. Bu il Az\u0259rbaycan\u0131n 16 rayonunda \u00fcmumilikd\u0259, 100 min hektardan art\u0131q sah\u0259d\u0259 pamb\u0131q \u0259kini apar\u0131l\u0131b. \u018fn \u00e7ox pamb\u0131q Saatl\u0131, A\u011fcab\u0259di, Sabirabad v\u0259 B\u0259rd\u0259 rayonunlar\u0131n\u0131n \u0259razisind\u0259 \u0259kilib. Bu rayonlar\u0131n \u0259razisind\u0259 pamb\u0131q \u0259kinl\u0259rinin sah\u0259si 11 min hektardan \u00e7oxdur. \u00dcmumilikd\u0259, respublika \u00fczr\u0259 pamb\u0131q \u0259kini sah\u0259l\u0259rinin 45 faizd\u0259n \u00e7oxu bu 4 rayonun pay\u0131na d\u00fc\u015f\u00fcr.<\/p>\n\n\n\n<p>Aqrar Subsidiya \u015euras\u0131n\u0131n q\u0259rar\u0131na \u0259sas\u0259n, bu ild\u0259n t\u0259dar\u00fck m\u0259nt\u0259q\u0259l\u0259rin\u0259 t\u0259hvil veril\u0259n pamb\u0131\u011fa g\u00f6r\u0259 yaln\u0131z m\u0259hsul subsidiyas\u0131 verilir. Eyni q\u0259rarla m\u0259hsul subsidiyas\u0131n\u0131n m\u0259bl\u0259\u011fi h\u0259r tona g\u00f6r\u0259 100 manatdan 170 manata qald\u0131r\u0131l\u0131b.<br><\/p>\n\n\n\n<p>\u201cK\u0259nd T\u0259s\u0259rr\u00fcfat\u0131 Nazirliyinin pamb\u0131q t\u0259dar\u00fck\u00fc v\u0259 emal\u0131 m\u00fc\u0259ssis\u0259l\u0259ri il\u0259 apard\u0131\u011f\u0131 m\u00fczakir\u0259l\u0259r n\u0259tic\u0259sind\u0259 2022-ci ild\u0259 \u015firk\u0259tl\u0259r t\u0259r\u0259fid\u0259n xam pamb\u0131\u011f\u0131n al\u0131\u015f qiym\u0259ti yanvar v\u0259 avqust aylar\u0131nda h\u0259r d\u0259f\u0259 50 manat olmaqla iki d\u0259f\u0259 art\u0131r\u0131l\u0131b. \u00d6t\u0259n il 1-ci sort pamb\u0131\u011f\u0131n 1 tonu fermerl\u0259rd\u0259n 700 manata al\u0131rd\u0131sa, bu il t\u0259hvil veril\u0259n eyni sort pamb\u0131\u011f\u0131n 1 tonuna g\u00f6r\u0259 fermerl\u0259r\u0259 800 manat \u00f6d\u0259nilir\u201d, &#8211; nazirliyin m\u0259lumat\u0131nda deyilir.<\/p>\n","protected":false},"excerpt":{"rendered":"<p>Fermerl\u0259r subsidiyan\u0131n gecikdirildiyini, m\u0259hsulu ist\u0259dikl\u0259ri \u015firk\u0259t\u0259 sata bilm\u0259dikl\u0259rini deyirl\u0259r \u201cSon &#8230; <\/p>\n<p class=\"read-more-container\"><a title=\"Ekspert: \u201cFermerl\u0259rin \u0259ks\u0259riyy\u0259ti pamb\u0131q \u0259km\u0259kd\u0259n imtina edir\u201d\" class=\"read-more button\" href=\"https:\/\/www.meydan.tv\/az\/article\/ekspert-fermerlerin-ekseriyyeti-pambiq-ekmekden-imtina-edir\/#more-264105\" aria-label=\"Read more about Ekspert: \u201cFermerl\u0259rin \u0259ks\u0259riyy\u0259ti pamb\u0131q \u0259km\u0259kd\u0259n imtina edir\u201d\">Davam\u0131<\/a><\/p>\n","protected":false},"author":8,"featured_media":229853,"comment_status":"closed","ping_status":"closed","sticky":false,"template":"","format":"standard","meta":{"_acf_changed":false,"_sitemap_exclude":false,"_sitemap_priority":"","_sitemap_frequency":"","footnotes":""},"categories":[60,56],"tags":[],"class_list":["post-264105","post","type-post","status-publish","format-standard","has-post-thumbnail","hentry","category-bolge","category-xeberler","infinite-scroll-item","generate-columns","tablet-grid-50","mobile-grid-100","grid-parent","grid-33","no-featured-image-padding"],"acf":[],"yoast_head":"<!-- This site is optimized with the Yoast SEO plugin v27.5 - https:\/\/yoast.com\/product\/yoast-seo-wordpress\/ -->\n<title>Ekspert: \u201cFermerl\u0259rin \u0259ks\u0259riyy\u0259ti pamb\u0131q \u0259km\u0259kd\u0259n imtina edir\u201d - MEYDAN.TV<\/title>\n<meta name=\"robots\" content=\"index, follow, max-snippet:-1, max-image-preview:large, max-video-preview:-1\" \/>\n<link rel=\"canonical\" href=\"https:\/\/www.meydan.tv\/az\/article\/ekspert-fermerlerin-ekseriyyeti-pambiq-ekmekden-imtina-edir\/\" \/>\n<meta property=\"og:locale\" content=\"az_AZ\" \/>\n<meta property=\"og:type\" content=\"article\" \/>\n<meta property=\"og:title\" content=\"Ekspert: \u201cFermerl\u0259rin \u0259ks\u0259riyy\u0259ti pamb\u0131q \u0259km\u0259kd\u0259n imtina edir\u201d - MEYDAN.TV\" \/>\n<meta property=\"og:description\" content=\"Fermerl\u0259r subsidiyan\u0131n gecikdirildiyini, m\u0259hsulu ist\u0259dikl\u0259ri \u015firk\u0259t\u0259 sata bilm\u0259dikl\u0259rini deyirl\u0259r \u201cSon ... Davam\u0131\" \/>\n<meta property=\"og:url\" content=\"https:\/\/www.meydan.tv\/az\/article\/ekspert-fermerlerin-ekseriyyeti-pambiq-ekmekden-imtina-edir\/\" \/>\n<meta property=\"og:site_name\" content=\"MEYDAN.TV\" \/>\n<meta property=\"article:published_time\" content=\"2022-12-22T08:58:59+00:00\" \/>\n<meta property=\"article:modified_time\" content=\"2022-12-22T08:59:02+00:00\" \/>\n<meta property=\"og:image\" content=\"https:\/\/www.meydan.tv\/wp-content\/uploads\/shutterstock_761764177.jpg\" \/>\n\t<meta property=\"og:image:width\" content=\"1200\" \/>\n\t<meta property=\"og:image:height\" content=\"800\" \/>\n\t<meta property=\"og:image:type\" content=\"image\/jpeg\" \/>\n<meta name=\"author\" content=\"elli\" \/>\n<meta name=\"twitter:card\" content=\"summary_large_image\" \/>\n<meta name=\"twitter:creator\" content=\"@elli\" \/>\n<script type=\"application\/ld+json\" class=\"yoast-schema-graph\">{\"@context\":\"https:\\\/\\\/schema.org\",\"@graph\":[{\"@type\":\"Article\",\"@id\":\"https:\\\/\\\/www.meydan.tv\\\/az\\\/article\\\/ekspert-fermerlerin-ekseriyyeti-pambiq-ekmekden-imtina-edir\\\/#article\",\"isPartOf\":{\"@id\":\"https:\\\/\\\/www.meydan.tv\\\/az\\\/article\\\/ekspert-fermerlerin-ekseriyyeti-pambiq-ekmekden-imtina-edir\\\/\"},\"author\":{\"name\":\"elli\",\"@id\":\"https:\\\/\\\/www.meydan.tv\\\/az\\\/#\\\/schema\\\/person\\\/9cdbecf90d17180ce1dfbd95b08dcf47\"},\"headline\":\"Ekspert: \u201cFermerl\u0259rin \u0259ks\u0259riyy\u0259ti pamb\u0131q \u0259km\u0259kd\u0259n imtina edir\u201d\",\"datePublished\":\"2022-12-22T08:58:59+00:00\",\"dateModified\":\"2022-12-22T08:59:02+00:00\",\"mainEntityOfPage\":{\"@id\":\"https:\\\/\\\/www.meydan.tv\\\/az\\\/article\\\/ekspert-fermerlerin-ekseriyyeti-pambiq-ekmekden-imtina-edir\\\/\"},\"wordCount\":984,\"publisher\":{\"@id\":\"https:\\\/\\\/www.meydan.tv\\\/az\\\/#organization\"},\"image\":{\"@id\":\"https:\\\/\\\/www.meydan.tv\\\/az\\\/article\\\/ekspert-fermerlerin-ekseriyyeti-pambiq-ekmekden-imtina-edir\\\/#primaryimage\"},\"thumbnailUrl\":\"https:\\\/\\\/www.meydan.tv\\\/wp-content\\\/uploads\\\/shutterstock_761764177.jpg\",\"articleSection\":[\"B\u00f6lg\u0259\",\"X\u0259b\u0259rl\u0259r\"],\"inLanguage\":\"az\"},{\"@type\":\"WebPage\",\"@id\":\"https:\\\/\\\/www.meydan.tv\\\/az\\\/article\\\/ekspert-fermerlerin-ekseriyyeti-pambiq-ekmekden-imtina-edir\\\/\",\"url\":\"https:\\\/\\\/www.meydan.tv\\\/az\\\/article\\\/ekspert-fermerlerin-ekseriyyeti-pambiq-ekmekden-imtina-edir\\\/\",\"name\":\"Ekspert: \u201cFermerl\u0259rin \u0259ks\u0259riyy\u0259ti pamb\u0131q \u0259km\u0259kd\u0259n imtina edir\u201d - MEYDAN.TV\",\"isPartOf\":{\"@id\":\"https:\\\/\\\/www.meydan.tv\\\/az\\\/#website\"},\"primaryImageOfPage\":{\"@id\":\"https:\\\/\\\/www.meydan.tv\\\/az\\\/article\\\/ekspert-fermerlerin-ekseriyyeti-pambiq-ekmekden-imtina-edir\\\/#primaryimage\"},\"image\":{\"@id\":\"https:\\\/\\\/www.meydan.tv\\\/az\\\/article\\\/ekspert-fermerlerin-ekseriyyeti-pambiq-ekmekden-imtina-edir\\\/#primaryimage\"},\"thumbnailUrl\":\"https:\\\/\\\/www.meydan.tv\\\/wp-content\\\/uploads\\\/shutterstock_761764177.jpg\",\"datePublished\":\"2022-12-22T08:58:59+00:00\",\"dateModified\":\"2022-12-22T08:59:02+00:00\",\"breadcrumb\":{\"@id\":\"https:\\\/\\\/www.meydan.tv\\\/az\\\/article\\\/ekspert-fermerlerin-ekseriyyeti-pambiq-ekmekden-imtina-edir\\\/#breadcrumb\"},\"inLanguage\":\"az\",\"potentialAction\":[{\"@type\":\"ReadAction\",\"target\":[\"https:\\\/\\\/www.meydan.tv\\\/az\\\/article\\\/ekspert-fermerlerin-ekseriyyeti-pambiq-ekmekden-imtina-edir\\\/\"]}]},{\"@type\":\"ImageObject\",\"inLanguage\":\"az\",\"@id\":\"https:\\\/\\\/www.meydan.tv\\\/az\\\/article\\\/ekspert-fermerlerin-ekseriyyeti-pambiq-ekmekden-imtina-edir\\\/#primaryimage\",\"url\":\"https:\\\/\\\/www.meydan.tv\\\/wp-content\\\/uploads\\\/shutterstock_761764177.jpg\",\"contentUrl\":\"https:\\\/\\\/www.meydan.tv\\\/wp-content\\\/uploads\\\/shutterstock_761764177.jpg\",\"width\":1200,\"height\":800,\"caption\":\"Pamb\u0131q\u00e7\u0131, Ruad\\\/Shutterstock\"},{\"@type\":\"BreadcrumbList\",\"@id\":\"https:\\\/\\\/www.meydan.tv\\\/az\\\/article\\\/ekspert-fermerlerin-ekseriyyeti-pambiq-ekmekden-imtina-edir\\\/#breadcrumb\",\"itemListElement\":[{\"@type\":\"ListItem\",\"position\":1,\"name\":\"Ana s\u0259hif\u0259\",\"item\":\"https:\\\/\\\/www.meydan.tv\\\/az\\\/\"},{\"@type\":\"ListItem\",\"position\":2,\"name\":\"B\u00f6lg\u0259\",\"item\":\"https:\\\/\\\/www.meydan.tv\\\/az\\\/section\\\/bolge\\\/\"},{\"@type\":\"ListItem\",\"position\":3,\"name\":\"Ekspert: \u201cFermerl\u0259rin \u0259ks\u0259riyy\u0259ti pamb\u0131q \u0259km\u0259kd\u0259n imtina edir\u201d\"}]},{\"@type\":\"WebSite\",\"@id\":\"https:\\\/\\\/www.meydan.tv\\\/az\\\/#website\",\"url\":\"https:\\\/\\\/www.meydan.tv\\\/az\\\/\",\"name\":\"MEYDAN.TV\",\"description\":\"Meydan TV Az\u0259rbaycan\u0131n media m\u0259kan\u0131ndak\u0131 alternativ s\u0259sidir\",\"publisher\":{\"@id\":\"https:\\\/\\\/www.meydan.tv\\\/az\\\/#organization\"},\"potentialAction\":[{\"@type\":\"SearchAction\",\"target\":{\"@type\":\"EntryPoint\",\"urlTemplate\":\"https:\\\/\\\/www.meydan.tv\\\/az\\\/?s={search_term_string}\"},\"query-input\":{\"@type\":\"PropertyValueSpecification\",\"valueRequired\":true,\"valueName\":\"search_term_string\"}}],\"inLanguage\":\"az\"},{\"@type\":\"Organization\",\"@id\":\"https:\\\/\\\/www.meydan.tv\\\/az\\\/#organization\",\"name\":\"Meydan TV\",\"url\":\"https:\\\/\\\/www.meydan.tv\\\/az\\\/\",\"logo\":{\"@type\":\"ImageObject\",\"inLanguage\":\"az\",\"@id\":\"https:\\\/\\\/www.meydan.tv\\\/az\\\/#\\\/schema\\\/logo\\\/image\\\/\",\"url\":\"https:\\\/\\\/www.meydan.tv\\\/wp-content\\\/uploads\\\/2021\\\/07\\\/meydan-logo.svg\",\"contentUrl\":\"https:\\\/\\\/www.meydan.tv\\\/wp-content\\\/uploads\\\/2021\\\/07\\\/meydan-logo.svg\",\"width\":195,\"height\":46,\"caption\":\"Meydan TV\"},\"image\":{\"@id\":\"https:\\\/\\\/www.meydan.tv\\\/az\\\/#\\\/schema\\\/logo\\\/image\\\/\"}},{\"@type\":\"Person\",\"@id\":\"https:\\\/\\\/www.meydan.tv\\\/az\\\/#\\\/schema\\\/person\\\/9cdbecf90d17180ce1dfbd95b08dcf47\",\"name\":\"elli\",\"sameAs\":[\"https:\\\/\\\/x.com\\\/elli\"]}]}<\/script>\n<!-- \/ Yoast SEO plugin. -->","yoast_head_json":{"title":"Ekspert: \u201cFermerl\u0259rin \u0259ks\u0259riyy\u0259ti pamb\u0131q \u0259km\u0259kd\u0259n imtina edir\u201d - MEYDAN.TV","robots":{"index":"index","follow":"follow","max-snippet":"max-snippet:-1","max-image-preview":"max-image-preview:large","max-video-preview":"max-video-preview:-1"},"canonical":"https:\/\/www.meydan.tv\/az\/article\/ekspert-fermerlerin-ekseriyyeti-pambiq-ekmekden-imtina-edir\/","og_locale":"az_AZ","og_type":"article","og_title":"Ekspert: \u201cFermerl\u0259rin \u0259ks\u0259riyy\u0259ti pamb\u0131q \u0259km\u0259kd\u0259n imtina edir\u201d - MEYDAN.TV","og_description":"Fermerl\u0259r subsidiyan\u0131n gecikdirildiyini, m\u0259hsulu ist\u0259dikl\u0259ri \u015firk\u0259t\u0259 sata bilm\u0259dikl\u0259rini deyirl\u0259r \u201cSon ... Davam\u0131","og_url":"https:\/\/www.meydan.tv\/az\/article\/ekspert-fermerlerin-ekseriyyeti-pambiq-ekmekden-imtina-edir\/","og_site_name":"MEYDAN.TV","article_published_time":"2022-12-22T08:58:59+00:00","article_modified_time":"2022-12-22T08:59:02+00:00","og_image":[{"width":1200,"height":800,"url":"https:\/\/www.meydan.tv\/wp-content\/uploads\/shutterstock_761764177.jpg","type":"image\/jpeg"}],"author":"elli","twitter_card":"summary_large_image","twitter_creator":"@elli","schema":{"@context":"https:\/\/schema.org","@graph":[{"@type":"Article","@id":"https:\/\/www.meydan.tv\/az\/article\/ekspert-fermerlerin-ekseriyyeti-pambiq-ekmekden-imtina-edir\/#article","isPartOf":{"@id":"https:\/\/www.meydan.tv\/az\/article\/ekspert-fermerlerin-ekseriyyeti-pambiq-ekmekden-imtina-edir\/"},"author":{"name":"elli","@id":"https:\/\/www.meydan.tv\/az\/#\/schema\/person\/9cdbecf90d17180ce1dfbd95b08dcf47"},"headline":"Ekspert: \u201cFermerl\u0259rin \u0259ks\u0259riyy\u0259ti pamb\u0131q \u0259km\u0259kd\u0259n imtina edir\u201d","datePublished":"2022-12-22T08:58:59+00:00","dateModified":"2022-12-22T08:59:02+00:00","mainEntityOfPage":{"@id":"https:\/\/www.meydan.tv\/az\/article\/ekspert-fermerlerin-ekseriyyeti-pambiq-ekmekden-imtina-edir\/"},"wordCount":984,"publisher":{"@id":"https:\/\/www.meydan.tv\/az\/#organization"},"image":{"@id":"https:\/\/www.meydan.tv\/az\/article\/ekspert-fermerlerin-ekseriyyeti-pambiq-ekmekden-imtina-edir\/#primaryimage"},"thumbnailUrl":"https:\/\/www.meydan.tv\/wp-content\/uploads\/shutterstock_761764177.jpg","articleSection":["B\u00f6lg\u0259","X\u0259b\u0259rl\u0259r"],"inLanguage":"az"},{"@type":"WebPage","@id":"https:\/\/www.meydan.tv\/az\/article\/ekspert-fermerlerin-ekseriyyeti-pambiq-ekmekden-imtina-edir\/","url":"https:\/\/www.meydan.tv\/az\/article\/ekspert-fermerlerin-ekseriyyeti-pambiq-ekmekden-imtina-edir\/","name":"Ekspert: \u201cFermerl\u0259rin \u0259ks\u0259riyy\u0259ti pamb\u0131q \u0259km\u0259kd\u0259n imtina edir\u201d - MEYDAN.TV","isPartOf":{"@id":"https:\/\/www.meydan.tv\/az\/#website"},"primaryImageOfPage":{"@id":"https:\/\/www.meydan.tv\/az\/article\/ekspert-fermerlerin-ekseriyyeti-pambiq-ekmekden-imtina-edir\/#primaryimage"},"image":{"@id":"https:\/\/www.meydan.tv\/az\/article\/ekspert-fermerlerin-ekseriyyeti-pambiq-ekmekden-imtina-edir\/#primaryimage"},"thumbnailUrl":"https:\/\/www.meydan.tv\/wp-content\/uploads\/shutterstock_761764177.jpg","datePublished":"2022-12-22T08:58:59+00:00","dateModified":"2022-12-22T08:59:02+00:00","breadcrumb":{"@id":"https:\/\/www.meydan.tv\/az\/article\/ekspert-fermerlerin-ekseriyyeti-pambiq-ekmekden-imtina-edir\/#breadcrumb"},"inLanguage":"az","potentialAction":[{"@type":"ReadAction","target":["https:\/\/www.meydan.tv\/az\/article\/ekspert-fermerlerin-ekseriyyeti-pambiq-ekmekden-imtina-edir\/"]}]},{"@type":"ImageObject","inLanguage":"az","@id":"https:\/\/www.meydan.tv\/az\/article\/ekspert-fermerlerin-ekseriyyeti-pambiq-ekmekden-imtina-edir\/#primaryimage","url":"https:\/\/www.meydan.tv\/wp-content\/uploads\/shutterstock_761764177.jpg","contentUrl":"https:\/\/www.meydan.tv\/wp-content\/uploads\/shutterstock_761764177.jpg","width":1200,"height":800,"caption":"Pamb\u0131q\u00e7\u0131, Ruad\/Shutterstock"},{"@type":"BreadcrumbList","@id":"https:\/\/www.meydan.tv\/az\/article\/ekspert-fermerlerin-ekseriyyeti-pambiq-ekmekden-imtina-edir\/#breadcrumb","itemListElement":[{"@type":"ListItem","position":1,"name":"Ana s\u0259hif\u0259","item":"https:\/\/www.meydan.tv\/az\/"},{"@type":"ListItem","position":2,"name":"B\u00f6lg\u0259","item":"https:\/\/www.meydan.tv\/az\/section\/bolge\/"},{"@type":"ListItem","position":3,"name":"Ekspert: \u201cFermerl\u0259rin \u0259ks\u0259riyy\u0259ti pamb\u0131q \u0259km\u0259kd\u0259n imtina edir\u201d"}]},{"@type":"WebSite","@id":"https:\/\/www.meydan.tv\/az\/#website","url":"https:\/\/www.meydan.tv\/az\/","name":"MEYDAN.TV","description":"Meydan TV Az\u0259rbaycan\u0131n media m\u0259kan\u0131ndak\u0131 alternativ s\u0259sidir","publisher":{"@id":"https:\/\/www.meydan.tv\/az\/#organization"},"potentialAction":[{"@type":"SearchAction","target":{"@type":"EntryPoint","urlTemplate":"https:\/\/www.meydan.tv\/az\/?s={search_term_string}"},"query-input":{"@type":"PropertyValueSpecification","valueRequired":true,"valueName":"search_term_string"}}],"inLanguage":"az"},{"@type":"Organization","@id":"https:\/\/www.meydan.tv\/az\/#organization","name":"Meydan TV","url":"https:\/\/www.meydan.tv\/az\/","logo":{"@type":"ImageObject","inLanguage":"az","@id":"https:\/\/www.meydan.tv\/az\/#\/schema\/logo\/image\/","url":"https:\/\/www.meydan.tv\/wp-content\/uploads\/2021\/07\/meydan-logo.svg","contentUrl":"https:\/\/www.meydan.tv\/wp-content\/uploads\/2021\/07\/meydan-logo.svg","width":195,"height":46,"caption":"Meydan TV"},"image":{"@id":"https:\/\/www.meydan.tv\/az\/#\/schema\/logo\/image\/"}},{"@type":"Person","@id":"https:\/\/www.meydan.tv\/az\/#\/schema\/person\/9cdbecf90d17180ce1dfbd95b08dcf47","name":"elli","sameAs":["https:\/\/x.com\/elli"]}]}},"_links":{"self":[{"href":"https:\/\/www.meydan.tv\/az\/wp-json\/wp\/v2\/posts\/264105","targetHints":{"allow":["GET"]}}],"collection":[{"href":"https:\/\/www.meydan.tv\/az\/wp-json\/wp\/v2\/posts"}],"about":[{"href":"https:\/\/www.meydan.tv\/az\/wp-json\/wp\/v2\/types\/post"}],"author":[{"embeddable":true,"href":"https:\/\/www.meydan.tv\/az\/wp-json\/wp\/v2\/users\/8"}],"replies":[{"embeddable":true,"href":"https:\/\/www.meydan.tv\/az\/wp-json\/wp\/v2\/comments?post=264105"}],"version-history":[{"count":1,"href":"https:\/\/www.meydan.tv\/az\/wp-json\/wp\/v2\/posts\/264105\/revisions"}],"predecessor-version":[{"id":264106,"href":"https:\/\/www.meydan.tv\/az\/wp-json\/wp\/v2\/posts\/264105\/revisions\/264106"}],"wp:featuredmedia":[{"embeddable":true,"href":"https:\/\/www.meydan.tv\/az\/wp-json\/wp\/v2\/media\/229853"}],"wp:attachment":[{"href":"https:\/\/www.meydan.tv\/az\/wp-json\/wp\/v2\/media?parent=264105"}],"wp:term":[{"taxonomy":"category","embeddable":true,"href":"https:\/\/www.meydan.tv\/az\/wp-json\/wp\/v2\/categories?post=264105"},{"taxonomy":"post_tag","embeddable":true,"href":"https:\/\/www.meydan.tv\/az\/wp-json\/wp\/v2\/tags?post=264105"}],"curies":[{"name":"wp","href":"https:\/\/api.w.org\/{rel}","templated":true}]}}