{"id":264052,"date":"2022-12-21T15:27:07","date_gmt":"2022-12-21T11:27:07","guid":{"rendered":"https:\/\/www.meydan.tv\/?p=264052"},"modified":"2022-12-21T15:32:48","modified_gmt":"2022-12-21T11:32:48","slug":"samaxi-sakinleri-dost-is-merkezi-bir-gunde-100-den-cox-adami-issiz-qoydu","status":"publish","type":"post","link":"https:\/\/www.meydan.tv\/az\/article\/samaxi-sakinleri-dost-is-merkezi-bir-gunde-100-den-cox-adami-issiz-qoydu\/","title":{"rendered":"\u015eamax\u0131 sakinl\u0259ri: \u201cDOST\u201d \u0130\u015f M\u0259rk\u0259zi bir g\u00fcnd\u0259 100-d\u0259n \u00e7ox adam\u0131 i\u015fsiz qoydu"},"content":{"rendered":"\n<p><\/p>\n\n\n\n<p><em>Bir ail\u0259d\u0259n iki n\u0259f\u0259r i\u015fsiz qal\u0131b<\/em><br><\/p>\n\n\n\n<p>\u201cHe\u00e7 bir monitorinq ke\u00e7irilm\u0259yib. N\u00fcmay\u0259nd\u0259l\u0259r g\u0259lib idar\u0259d\u0259 oturublar, sonra da gedib saxta aktlar t\u0259rtib edibl\u0259r. Bu yolla da 100-d\u0259n \u00e7ox ail\u0259ni \u00e7\u00f6r\u0259ksiz qoyublar\u201d.<\/p>\n\n\n\n<p>\u201cDOST\u201d \u0130\u015f M\u0259rk\u0259zinin \u00f6t\u0259n ay i\u015fd\u0259n \u00e7\u0131xard\u0131\u011f\u0131 bir ne\u00e7\u0259 \u015eamax\u0131 sakini Meydan TV-y\u0259 dan\u0131\u015f\u0131b. Onlar iddia edirl\u0259r ki, i\u015fd\u0259 olsalar da, monitorinq qrupu s\u0259n\u0259dl\u0259r\u0259 i\u015fd\u0259 olmamalar\u0131 bar\u0259d\u0259 yalan m\u0259lumatlar daxil edib.<\/p>\n\n\n\n<p>\u018flibaba Musayev v\u0259 h\u0259yat yolda\u015f\u0131&nbsp; Aynur\u0259 Musayeva eyni g\u00fcnd\u0259 i\u015fsiz qal\u0131b. \u018flibaba Musayev deyir, 4 il imi\u015f ki, DOST \u0130\u015f M\u0259rk\u0259zi il\u0259 \u0259m\u0259k m\u00fcqavil\u0259si ba\u011flay\u0131b v\u0259 A\u011fsu yolunda k\u00fc\u00e7\u0259 t\u0259mizlik\u00e7isi i\u015fl\u0259yirmi\u015f:  <\/p>\n\n\n\n<p>\u201cM\u0259n\u0259 t\u0259sir ed\u0259n odur ki, m\u0259n v\u0259 h\u0259yat yolda\u015f\u0131m orda \u0259n intizaml\u0131 i\u015f\u00e7il\u0259r olmu\u015fuq, birc\u0259 g\u00fcn d\u0259 i\u015fd\u0259n qalmam\u0131\u015f\u0131q. Hans\u0131 oyunun qurban\u0131 etdil\u0259r bizi, bilm\u0259dik. Ba\u015f\u0131m\u0131z\u0131 a\u015fa\u011f\u0131 sal\u0131b, g\u00fcnd\u0259 8 saat \u0259razimiz\u0259 d\u00fc\u015f\u0259n sah\u0259nin t\u0259mizliyi il\u0259 m\u0259\u015f\u011ful olub, ev\u0259 qay\u0131d\u0131rd\u0131q. Ayda 283 manat maa\u015f al\u0131rd\u0131q. Bizim briqada 8 n\u0259f\u0259rd\u0259n ibar\u0259t idi, iki n\u0259f\u0259ri \u00e7\u0131xar\u0131blar. H\u0259yat yolda\u015f\u0131m ba\u015fqa briqadan\u0131n t\u0259rkibind\u0259 idi\u201d.<\/p>\n\n\n\n<p>\u018flibala Musayev deyir, monitorinqin ke\u00e7irildiyi iddia olunan g\u00fcnd\u0259 d\u0259 i\u015fd\u0259 olub:<\/p>\n\n\n\n<p>\u201cGuya monitorinq ke\u00e7iribl\u0259r. Halbuki deyil\u0259n tarixd\u0259 d\u0259 i\u015fd\u0259 olmu\u015fam, A\u011fsu yolunda t\u0259mizlik i\u015fl\u0259riyl\u0259 &#8211; y\u0259ni \u00f6z i\u015fiml\u0259 m\u0259\u015f\u011ful olmu\u015fam. Ancaq h\u0259r hans\u0131 monitorinqin \u015fahidi olmam\u0131\u015fam. DOST \u0130\u015f M\u0259rk\u0259zinin h\u0259r hans\u0131 n\u00fcmay\u0259nd\u0259sini g\u00f6rm\u0259mi\u015f\u0259m. \u00d6t\u0259n ay el\u0259 q\u0259fild\u0259n bir siyah\u0131 g\u00f6nd\u0259ribl\u0259r ki, bu i\u015f\u00e7il\u0259r i\u015f\u0259 burax\u0131lmas\u0131n\u201d.<\/p>\n\n\n\n<p>\u018flibala Musayev v\u0259 h\u0259yat yolda\u015f\u0131 haz\u0131rda i\u015fsizdir. Ail\u0259 \u00fcnvanl\u0131 sosial yard\u0131mdan da yararlana bilmir:<\/p>\n\n\n\n<p>\u201cH\u0259yat yolda\u015f\u0131m\u0131n ad\u0131na Qu\u015f\u00e7u k\u0259ndind\u0259 43 sot torpaq sah\u0259si var, \u0259km\u0259k \u00fc\u00e7\u00fcn he\u00e7 bir \u015f\u0259rait olmad\u0131\u011f\u0131na g\u00f6r\u0259 o torpaqdan birc\u0259 d\u0259f\u0259 d\u0259 yararlana bilm\u0259mi\u015fik. Ba\u015fqa g\u0259lir yerimiz yoxdur, be\u015f n\u0259f\u0259rlik ail\u0259 \u00e7\u00f6r\u0259ksiz qal\u0131b\u201d.<\/p>\n\n\n\n<p>\u0130\u015fsiz qalanlardan biri d\u0259 Mahir Zahidovdur. Deyir, DOST \u0130\u015f M\u0259rk\u0259zinin x\u0259ttiyl\u0259 usta kimi i\u015f\u0259 g\u00f6t\u00fcr\u00fcl\u00fcb, f\u0259hl\u0259likl\u0259 m\u0259\u015f\u011ful olub:<\/p>\n\n\n\n<p>\u201cHans\u0131 \u0259raziy\u0259 g\u00f6nd\u0259rirdil\u0259rs\u0259, orada da&nbsp; i\u015fl\u0259yirdim. A\u011fac dibi bell\u0259yirdim, yer s\u00fcp\u00fcr\u00fcrd\u00fcm, h\u00f6rg\u00fc i\u015fi g\u00f6r\u00fcrd\u00fcm&#8230; Hans\u0131 i\u015f\u0259 g\u00f6nd\u0259rs\u0259l\u0259r, gedirdim. Deyirl\u0259r, monitorinq ke\u00e7irilib, guya m\u0259n d\u0259 i\u015fd\u0259 olmam\u0131\u015fam. O monitorinq n\u0259 vaxt ke\u00e7irilib, kim g\u0259lib yoxlay\u0131b, g\u00f6rm\u0259mi\u015f\u0259m. He\u00e7 i\u015f yolda\u015flar\u0131m da g\u00f6rm\u0259yib. Birc\u0259 onu bilir\u0259m ki, rayona i\u015fd\u0259n \u00e7\u0131xar\u0131lanlar\u0131n siyah\u0131s\u0131 g\u00f6nd\u0259rilib, orda m\u0259nim d\u0259 ad\u0131m olub, deyibl\u0259r ki, sabahdan i\u015f\u0259 g\u0259lm\u0259\u201d.<\/p>\n\n\n\n<p>Mahir Zahidov hesab edir ki, DOST \u0130\u015f M\u0259rk\u0259zi \u00f6lk\u0259 ba\u015f\u00e7\u0131s\u0131n\u0131n i\u015fsizlikl\u0259 ba\u011fl\u0131 imza atd\u0131\u011f\u0131 sosial layih\u0259l\u0259r\u0259 k\u00f6lg\u0259 sal\u0131r:<\/p>\n\n\n\n<p>\u201c2019-cu ild\u0259 Prezident \u0130lham \u018fliyev z\u0259lz\u0259l\u0259yl\u0259 ba\u011fl\u0131 \u015eamax\u0131ya g\u0259l\u0259nd\u0259 onunla g\u00f6r\u00fc\u015f\u0259n v\u0259t\u0259nda\u015flardan biri d\u0259 m\u0259n olmu\u015fam. H\u0259min vaxt ona rayonda i\u015f yerl\u0259rinin a\u00e7\u0131lmas\u0131na g\u00f6r\u0259 t\u0259\u015f\u0259kk\u00fcr d\u0259 etmi\u015f\u0259m. \u018flimi s\u0131x\u0131b dedi ki, biz DOST \u0130\u015f M\u0259rk\u0259zini yaratd\u0131q ki, siz i\u015fsiz qalmayas\u0131z. H\u0259r \u015feyi sizin sosial rifah\u0131n\u0131z\u0131n yax\u015f\u0131la\u015fmas\u0131 \u00fc\u00e7\u00fcn d\u00fc\u015f\u00fcnd\u00fck. Ancaq DOST \u0130\u015f M\u0259rk\u0259zinin n\u00fcmay\u0259nd\u0259l\u0259ri g\u0259lib, saxta aktlar yaz\u0131b getm\u0259kl\u0259, q\u0131\u015f\u0131n soyu\u011funda, i\u015f\u0131\u011f\u0131n, qaz\u0131n limitl\u0259 oldu\u011fu bir vaxtda bir qar\u0131n \u00e7\u00f6r\u0259yi zorla tapan 100-d\u0259n \u00e7ox ail\u0259ni ac qoyub\u201d.<\/p>\n\n\n\n<p>A\u011fayar G\u00fclbabayevin h\u0259m \u00f6z\u00fcn\u00fcn, h\u0259m d\u0259 iki q\u0131z\u0131n\u0131n DOST \u0130\u015f M\u0259rk\u0259ziyl\u0259 i\u015f\u00e7i m\u00fcqavil\u0259si var. Deyir, bir m\u00fcdd\u0259t \u0259vv\u0259l maa\u015flar\u0131n\u0131n yar\u0131s\u0131n\u0131 vonlara verm\u0259dikl\u0259ri \u00fc\u00e7\u00fcn h\u0259r iki q\u0131z\u0131n\u0131 i\u015fd\u0259n \u00e7\u0131xar\u0131blar. Onun \u00e7oxsayl\u0131 m\u00fcraci\u0259tl\u0259rind\u0259n sonra i\u015fl\u0259rin\u0259 b\u0259rpa olunublar. \u00d6t\u0259n ay q\u0131z\u0131 Zeyn\u0259b Z\u0259k\u0259riyy\u0259yeva maa\u015f kart\u0131n\u0131 yoxlayanda i\u015fd\u0259n \u00e7\u0131xar\u0131lmas\u0131ndan x\u0259b\u0259r tutub:<\/p>\n\n\n<div class=\"wp-block-image\">\n<figure class=\"alignleft size-large is-resized\"><img decoding=\"async\" data-src=\"https:\/\/www.meydan.tv\/wp-content\/uploads\/photo-2022-12-21-15-08-23-462x821.jpg\" alt=\"\" class=\"wp-image-264053 lazyload\" width=\"308\" height=\"547\" src=\"data:image\/svg+xml;base64,PHN2ZyB3aWR0aD0iMSIgaGVpZ2h0PSIxIiB4bWxucz0iaHR0cDovL3d3dy53My5vcmcvMjAwMC9zdmciPjwvc3ZnPg==\" style=\"--smush-placeholder-width: 308px; --smush-placeholder-aspect-ratio: 308\/547;\" \/><figcaption class=\"wp-element-caption\">A\u011fayar G\u00fclbalayev. Foto: Meydan TV<\/figcaption><\/figure>\n<\/div>\n\n\n<p>\u201cO vaxt Prezident\u0259, vitse-prezident\u0259, nazirlikl\u0259r\u0259 26 d\u0259f\u0259 m\u00fcraci\u0259t etdim. Ara\u015fd\u0131r\u0131ld\u0131, 4 aydan sonra h\u0259r ikisini i\u015f\u0259 b\u0259rpa etdil\u0259r. Niy\u0259 r\u00fc\u015fv\u0259t verm\u0259liydim? D\u00f6vl\u0259tin a\u00e7d\u0131\u011f\u0131 i\u015f yeridir, i\u015fimizi i\u015fl\u0259yib, \u0259n minimum maa\u015fa qane oluruq, d\u00f6vl\u0259td\u0259n ondan art\u0131\u011f\u0131n\u0131 t\u0259l\u0259b etmirik ki&#8230; Niy\u0259 o minimum \u0259m\u0259k haqq\u0131n\u0131 da apar\u0131b m\u0259murlarla b\u00f6l\u00fc\u015fm\u0259liyik? \u0130ndi q\u0131z\u0131m\u0131 ikinci d\u0259f\u0259dir i\u015fd\u0259n \u00e7\u0131xar\u0131rlar. Guya monitorinq qrupu g\u0259lib, i\u015fd\u0259 olmu\u015fuq, ancaq o monitorinq qrupunun \u00fczvl\u0259rini g\u00f6rm\u0259mi\u015fik. G\u0259libl\u0259r, \u015eamax\u0131da idar\u0259d\u0259n k\u0259nara \u00e7\u0131xmay\u0131blar. He\u00e7 bir real monitorinq apar\u0131lmay\u0131b. Gedib Bak\u0131da akt t\u0259rtib edibl\u0259r, bu q\u0259d\u0259r adam\u0131 i\u015fsiz qoyublar.&nbsp; \u00d6t\u0259n ay maa\u015f kart\u0131n\u0131 yoxlayanda bax\u0131b ki, maa\u015f\u0131n \u00fcst\u00fcnd\u0259 son haqq-hesab\u0131 da karta k\u00f6\u00e7\u00fcr\u00fcbl\u0259r, m\u00fcqavil\u0259y\u0259 xitam veribl\u0259r. Onda bilib ki, oktyabr\u0131n 5-d\u0259 guya ke\u00e7irilmi\u015f monitorinqin n\u0259tic\u0259si olaraq noyabr\u0131n 5-d\u0259 m\u00fcqavil\u0259 dayand\u0131r\u0131l\u0131b\u201d.<\/p>\n\n\n\n<p>DOST \u0130\u015f M\u0259rk\u0259zinin ictimaiyy\u0259tl\u0259 \u0259laq\u0259l\u0259r \u015f\u00f6b\u0259sinin m\u00fcdiri R\u00fcf\u0259t Seyidov Meydan TV-y\u0259 bildirib ki, oktyabrda \u015eamax\u0131da monitorinq qrupunun ke\u00e7irdiyi reyd n\u0259tic\u0259sind\u0259 84 i\u015f\u00e7inin i\u015f yerind\u0259 olmad\u0131\u011f\u0131 m\u00fc\u0259yy\u0259n edilib v\u0259 aktlar t\u0259rtib olunub:<\/p>\n\n\n\n<p>\u201cAdlar\u0131n\u0131 \u00e7\u0259kdiyiniz v\u0259t\u0259nda\u015flar da sosial i\u015f\u00e7i kimi i\u015fl\u0259yibl\u0259r. \u00dcmumiyy\u0259tl\u0259, o prosesl\u0259r bel\u0259dir: Reyd\u0259 \u00e7\u0131xan \u0259m\u0259kda\u015flar\u0131m\u0131z m\u00fcqavil\u0259li sosial i\u015f\u00e7il\u0259rin i\u015fl\u0259dikl\u0259ri \u0259razil\u0259r\u0259 gedirl\u0259r, i\u015f\u00e7ini \u0259razid\u0259 tapmayanda icra hakimiyy\u0259tin\u0259 v\u0259 M\u0130S-\u0259 m\u0259lumat verirl\u0259r. \u00c7\u00fcnki ola bilsin ki, h\u0259min i\u015f\u00e7i monitorinq ke\u00e7iril\u0259n vaxt tabe oldu\u011fu h\u0259min idar\u0259l\u0259r\u0259 \u00e7a\u011f\u0131r\u0131lm\u0131\u015f olsun. Monitorinq qrupunun \u00fczv\u00fc h\u0259min qurumlardan da n\u00fcmay\u0259nd\u0259 g\u00f6t\u00fcr\u00fcr v\u0259 birlikd\u0259 monitorinq edirl\u0259r. Bak\u0131dan ged\u0259n monitorinq \u00fczv\u00fc h\u0259min qurumlar\u0131n qar\u015f\u0131s\u0131nda sual qoyur ki, bu i\u015f\u00e7i niy\u0259 i\u015f vaxt\u0131 i\u015f yerind\u0259 yoxdur? \u018fg\u0259r \u00fczrl\u00fc s\u0259b\u0259b g\u00f6st\u0259rilirs\u0259, n\u0259z\u0259r\u0259 al\u0131n\u0131r, \u0259g\u0259r qurumdan da x\u0259b\u0259rsiz olduqlar\u0131n\u0131 bildirirl\u0259rs\u0259, h\u0259min i\u015f\u00e7inin ad\u0131 akta qeyd olunur. Bir h\u0259ft\u0259 sonra yen\u0259&nbsp; monitorinq qrupu gedir, t\u0259krar monitorinq ke\u00e7irilir, h\u0259min i\u015f\u00e7i yen\u0259 d\u0259 i\u015f yerind\u0259 yoxdursa, icra\u00e7\u0131 qurumda da i\u015f\u00e7inin harda olmas\u0131 bar\u0259d\u0259 m\u0259lumat olmursa, artq ikinci akt yaz\u0131l\u0131r. Yaln\u0131z bundan sonra h\u0259min i\u015f\u00e7iyl\u0259 m\u00fcqavil\u0259y\u0259 xitam verilir\u201d.<\/p>\n\n\n\n<p>R\u00fcf\u0259t Seyidov deyir, \u0259ks\u0259r hallarda sosial i\u015f\u00e7il\u0259r aktdan da, m\u00fcqavil\u0259y\u0259 xitam verilm\u0259sind\u0259n d\u0259 naraz\u0131 qal\u0131rlar v\u0259 g\u00fcnah\u0131 monitorinq qrupunun \u00fcz\u0259rin\u0259 at\u0131rlar:<\/p>\n\n\n\n<p>\u201cYen\u0259 d\u0259 \u0259g\u0259r naraz\u0131l\u0131qlar\u0131 varsa, qrup \u015f\u0259klind\u0259 m\u0259rk\u0259zimiz\u0259 m\u00fcraci\u0259t ets\u0259l\u0259r, aidiyy\u0259ti \u015f\u00f6b\u0259 ara\u015fd\u0131rar\u201d.<\/p>\n","protected":false},"excerpt":{"rendered":"<p>Bir ail\u0259d\u0259n iki n\u0259f\u0259r i\u015fsiz qal\u0131b \u201cHe\u00e7 bir monitorinq ke\u00e7irilm\u0259yib. &#8230; <\/p>\n<p class=\"read-more-container\"><a title=\"\u015eamax\u0131 sakinl\u0259ri: \u201cDOST\u201d \u0130\u015f M\u0259rk\u0259zi bir g\u00fcnd\u0259 100-d\u0259n \u00e7ox adam\u0131 i\u015fsiz qoydu\" class=\"read-more button\" href=\"https:\/\/www.meydan.tv\/az\/article\/samaxi-sakinleri-dost-is-merkezi-bir-gunde-100-den-cox-adami-issiz-qoydu\/#more-264052\" aria-label=\"Read more about \u015eamax\u0131 sakinl\u0259ri: \u201cDOST\u201d \u0130\u015f M\u0259rk\u0259zi bir g\u00fcnd\u0259 100-d\u0259n \u00e7ox adam\u0131 i\u015fsiz qoydu\">Davam\u0131<\/a><\/p>\n","protected":false},"author":8,"featured_media":226780,"comment_status":"closed","ping_status":"closed","sticky":false,"template":"","format":"standard","meta":{"_acf_changed":false,"_sitemap_exclude":false,"_sitemap_priority":"","_sitemap_frequency":"","footnotes":""},"categories":[60,56],"tags":[],"class_list":["post-264052","post","type-post","status-publish","format-standard","has-post-thumbnail","hentry","category-bolge","category-xeberler","infinite-scroll-item","generate-columns","tablet-grid-50","mobile-grid-100","grid-parent","grid-33","no-featured-image-padding"],"acf":[],"yoast_head":"<!-- This site is optimized with the Yoast SEO plugin v27.5 - https:\/\/yoast.com\/product\/yoast-seo-wordpress\/ -->\n<title>\u015eamax\u0131 sakinl\u0259ri: \u201cDOST\u201d \u0130\u015f M\u0259rk\u0259zi bir g\u00fcnd\u0259 100-d\u0259n \u00e7ox adam\u0131 i\u015fsiz qoydu - MEYDAN.TV<\/title>\n<meta name=\"robots\" content=\"index, follow, max-snippet:-1, max-image-preview:large, max-video-preview:-1\" \/>\n<link rel=\"canonical\" href=\"https:\/\/www.meydan.tv\/az\/article\/samaxi-sakinleri-dost-is-merkezi-bir-gunde-100-den-cox-adami-issiz-qoydu\/\" \/>\n<meta property=\"og:locale\" content=\"az_AZ\" \/>\n<meta property=\"og:type\" content=\"article\" \/>\n<meta property=\"og:title\" content=\"\u015eamax\u0131 sakinl\u0259ri: \u201cDOST\u201d \u0130\u015f M\u0259rk\u0259zi bir g\u00fcnd\u0259 100-d\u0259n \u00e7ox adam\u0131 i\u015fsiz qoydu - MEYDAN.TV\" \/>\n<meta property=\"og:description\" content=\"Bir ail\u0259d\u0259n iki n\u0259f\u0259r i\u015fsiz qal\u0131b \u201cHe\u00e7 bir monitorinq ke\u00e7irilm\u0259yib. ... Davam\u0131\" \/>\n<meta property=\"og:url\" content=\"https:\/\/www.meydan.tv\/az\/article\/samaxi-sakinleri-dost-is-merkezi-bir-gunde-100-den-cox-adami-issiz-qoydu\/\" \/>\n<meta property=\"og:site_name\" content=\"MEYDAN.TV\" \/>\n<meta property=\"article:published_time\" content=\"2022-12-21T11:27:07+00:00\" \/>\n<meta property=\"article:modified_time\" content=\"2022-12-21T11:32:48+00:00\" \/>\n<meta property=\"og:image\" content=\"https:\/\/www.meydan.tv\/wp-content\/uploads\/unnamed-2.jpg\" \/>\n\t<meta property=\"og:image:width\" content=\"1422\" \/>\n\t<meta property=\"og:image:height\" content=\"800\" \/>\n\t<meta property=\"og:image:type\" content=\"image\/jpeg\" \/>\n<meta name=\"author\" content=\"elli\" \/>\n<meta name=\"twitter:card\" content=\"summary_large_image\" \/>\n<meta name=\"twitter:creator\" content=\"@elli\" \/>\n<script type=\"application\/ld+json\" class=\"yoast-schema-graph\">{\"@context\":\"https:\\\/\\\/schema.org\",\"@graph\":[{\"@type\":\"Article\",\"@id\":\"https:\\\/\\\/www.meydan.tv\\\/az\\\/article\\\/samaxi-sakinleri-dost-is-merkezi-bir-gunde-100-den-cox-adami-issiz-qoydu\\\/#article\",\"isPartOf\":{\"@id\":\"https:\\\/\\\/www.meydan.tv\\\/az\\\/article\\\/samaxi-sakinleri-dost-is-merkezi-bir-gunde-100-den-cox-adami-issiz-qoydu\\\/\"},\"author\":{\"name\":\"elli\",\"@id\":\"https:\\\/\\\/www.meydan.tv\\\/az\\\/#\\\/schema\\\/person\\\/9cdbecf90d17180ce1dfbd95b08dcf47\"},\"headline\":\"\u015eamax\u0131 sakinl\u0259ri: \u201cDOST\u201d \u0130\u015f M\u0259rk\u0259zi bir g\u00fcnd\u0259 100-d\u0259n \u00e7ox adam\u0131 i\u015fsiz qoydu\",\"datePublished\":\"2022-12-21T11:27:07+00:00\",\"dateModified\":\"2022-12-21T11:32:48+00:00\",\"mainEntityOfPage\":{\"@id\":\"https:\\\/\\\/www.meydan.tv\\\/az\\\/article\\\/samaxi-sakinleri-dost-is-merkezi-bir-gunde-100-den-cox-adami-issiz-qoydu\\\/\"},\"wordCount\":1325,\"publisher\":{\"@id\":\"https:\\\/\\\/www.meydan.tv\\\/az\\\/#organization\"},\"image\":{\"@id\":\"https:\\\/\\\/www.meydan.tv\\\/az\\\/article\\\/samaxi-sakinleri-dost-is-merkezi-bir-gunde-100-den-cox-adami-issiz-qoydu\\\/#primaryimage\"},\"thumbnailUrl\":\"https:\\\/\\\/www.meydan.tv\\\/wp-content\\\/uploads\\\/unnamed-2.jpg\",\"articleSection\":[\"B\u00f6lg\u0259\",\"X\u0259b\u0259rl\u0259r\"],\"inLanguage\":\"az\"},{\"@type\":\"WebPage\",\"@id\":\"https:\\\/\\\/www.meydan.tv\\\/az\\\/article\\\/samaxi-sakinleri-dost-is-merkezi-bir-gunde-100-den-cox-adami-issiz-qoydu\\\/\",\"url\":\"https:\\\/\\\/www.meydan.tv\\\/az\\\/article\\\/samaxi-sakinleri-dost-is-merkezi-bir-gunde-100-den-cox-adami-issiz-qoydu\\\/\",\"name\":\"\u015eamax\u0131 sakinl\u0259ri: \u201cDOST\u201d \u0130\u015f M\u0259rk\u0259zi bir g\u00fcnd\u0259 100-d\u0259n \u00e7ox adam\u0131 i\u015fsiz qoydu - MEYDAN.TV\",\"isPartOf\":{\"@id\":\"https:\\\/\\\/www.meydan.tv\\\/az\\\/#website\"},\"primaryImageOfPage\":{\"@id\":\"https:\\\/\\\/www.meydan.tv\\\/az\\\/article\\\/samaxi-sakinleri-dost-is-merkezi-bir-gunde-100-den-cox-adami-issiz-qoydu\\\/#primaryimage\"},\"image\":{\"@id\":\"https:\\\/\\\/www.meydan.tv\\\/az\\\/article\\\/samaxi-sakinleri-dost-is-merkezi-bir-gunde-100-den-cox-adami-issiz-qoydu\\\/#primaryimage\"},\"thumbnailUrl\":\"https:\\\/\\\/www.meydan.tv\\\/wp-content\\\/uploads\\\/unnamed-2.jpg\",\"datePublished\":\"2022-12-21T11:27:07+00:00\",\"dateModified\":\"2022-12-21T11:32:48+00:00\",\"breadcrumb\":{\"@id\":\"https:\\\/\\\/www.meydan.tv\\\/az\\\/article\\\/samaxi-sakinleri-dost-is-merkezi-bir-gunde-100-den-cox-adami-issiz-qoydu\\\/#breadcrumb\"},\"inLanguage\":\"az\",\"potentialAction\":[{\"@type\":\"ReadAction\",\"target\":[\"https:\\\/\\\/www.meydan.tv\\\/az\\\/article\\\/samaxi-sakinleri-dost-is-merkezi-bir-gunde-100-den-cox-adami-issiz-qoydu\\\/\"]}]},{\"@type\":\"ImageObject\",\"inLanguage\":\"az\",\"@id\":\"https:\\\/\\\/www.meydan.tv\\\/az\\\/article\\\/samaxi-sakinleri-dost-is-merkezi-bir-gunde-100-den-cox-adami-issiz-qoydu\\\/#primaryimage\",\"url\":\"https:\\\/\\\/www.meydan.tv\\\/wp-content\\\/uploads\\\/unnamed-2.jpg\",\"contentUrl\":\"https:\\\/\\\/www.meydan.tv\\\/wp-content\\\/uploads\\\/unnamed-2.jpg\",\"width\":1422,\"height\":800,\"caption\":\"DOST Agentliyi, Foto: dost.gov.az\"},{\"@type\":\"BreadcrumbList\",\"@id\":\"https:\\\/\\\/www.meydan.tv\\\/az\\\/article\\\/samaxi-sakinleri-dost-is-merkezi-bir-gunde-100-den-cox-adami-issiz-qoydu\\\/#breadcrumb\",\"itemListElement\":[{\"@type\":\"ListItem\",\"position\":1,\"name\":\"Ana s\u0259hif\u0259\",\"item\":\"https:\\\/\\\/www.meydan.tv\\\/az\\\/\"},{\"@type\":\"ListItem\",\"position\":2,\"name\":\"B\u00f6lg\u0259\",\"item\":\"https:\\\/\\\/www.meydan.tv\\\/az\\\/section\\\/bolge\\\/\"},{\"@type\":\"ListItem\",\"position\":3,\"name\":\"\u015eamax\u0131 sakinl\u0259ri: \u201cDOST\u201d \u0130\u015f M\u0259rk\u0259zi bir g\u00fcnd\u0259 100-d\u0259n \u00e7ox adam\u0131 i\u015fsiz qoydu\"}]},{\"@type\":\"WebSite\",\"@id\":\"https:\\\/\\\/www.meydan.tv\\\/az\\\/#website\",\"url\":\"https:\\\/\\\/www.meydan.tv\\\/az\\\/\",\"name\":\"MEYDAN.TV\",\"description\":\"Meydan TV Az\u0259rbaycan\u0131n media m\u0259kan\u0131ndak\u0131 alternativ s\u0259sidir\",\"publisher\":{\"@id\":\"https:\\\/\\\/www.meydan.tv\\\/az\\\/#organization\"},\"potentialAction\":[{\"@type\":\"SearchAction\",\"target\":{\"@type\":\"EntryPoint\",\"urlTemplate\":\"https:\\\/\\\/www.meydan.tv\\\/az\\\/?s={search_term_string}\"},\"query-input\":{\"@type\":\"PropertyValueSpecification\",\"valueRequired\":true,\"valueName\":\"search_term_string\"}}],\"inLanguage\":\"az\"},{\"@type\":\"Organization\",\"@id\":\"https:\\\/\\\/www.meydan.tv\\\/az\\\/#organization\",\"name\":\"Meydan TV\",\"url\":\"https:\\\/\\\/www.meydan.tv\\\/az\\\/\",\"logo\":{\"@type\":\"ImageObject\",\"inLanguage\":\"az\",\"@id\":\"https:\\\/\\\/www.meydan.tv\\\/az\\\/#\\\/schema\\\/logo\\\/image\\\/\",\"url\":\"https:\\\/\\\/www.meydan.tv\\\/wp-content\\\/uploads\\\/2021\\\/07\\\/meydan-logo.svg\",\"contentUrl\":\"https:\\\/\\\/www.meydan.tv\\\/wp-content\\\/uploads\\\/2021\\\/07\\\/meydan-logo.svg\",\"width\":195,\"height\":46,\"caption\":\"Meydan TV\"},\"image\":{\"@id\":\"https:\\\/\\\/www.meydan.tv\\\/az\\\/#\\\/schema\\\/logo\\\/image\\\/\"}},{\"@type\":\"Person\",\"@id\":\"https:\\\/\\\/www.meydan.tv\\\/az\\\/#\\\/schema\\\/person\\\/9cdbecf90d17180ce1dfbd95b08dcf47\",\"name\":\"elli\",\"sameAs\":[\"https:\\\/\\\/x.com\\\/elli\"]}]}<\/script>\n<!-- \/ Yoast SEO plugin. -->","yoast_head_json":{"title":"\u015eamax\u0131 sakinl\u0259ri: \u201cDOST\u201d \u0130\u015f M\u0259rk\u0259zi bir g\u00fcnd\u0259 100-d\u0259n \u00e7ox adam\u0131 i\u015fsiz qoydu - MEYDAN.TV","robots":{"index":"index","follow":"follow","max-snippet":"max-snippet:-1","max-image-preview":"max-image-preview:large","max-video-preview":"max-video-preview:-1"},"canonical":"https:\/\/www.meydan.tv\/az\/article\/samaxi-sakinleri-dost-is-merkezi-bir-gunde-100-den-cox-adami-issiz-qoydu\/","og_locale":"az_AZ","og_type":"article","og_title":"\u015eamax\u0131 sakinl\u0259ri: \u201cDOST\u201d \u0130\u015f M\u0259rk\u0259zi bir g\u00fcnd\u0259 100-d\u0259n \u00e7ox adam\u0131 i\u015fsiz qoydu - MEYDAN.TV","og_description":"Bir ail\u0259d\u0259n iki n\u0259f\u0259r i\u015fsiz qal\u0131b \u201cHe\u00e7 bir monitorinq ke\u00e7irilm\u0259yib. ... Davam\u0131","og_url":"https:\/\/www.meydan.tv\/az\/article\/samaxi-sakinleri-dost-is-merkezi-bir-gunde-100-den-cox-adami-issiz-qoydu\/","og_site_name":"MEYDAN.TV","article_published_time":"2022-12-21T11:27:07+00:00","article_modified_time":"2022-12-21T11:32:48+00:00","og_image":[{"width":1422,"height":800,"url":"https:\/\/www.meydan.tv\/wp-content\/uploads\/unnamed-2.jpg","type":"image\/jpeg"}],"author":"elli","twitter_card":"summary_large_image","twitter_creator":"@elli","schema":{"@context":"https:\/\/schema.org","@graph":[{"@type":"Article","@id":"https:\/\/www.meydan.tv\/az\/article\/samaxi-sakinleri-dost-is-merkezi-bir-gunde-100-den-cox-adami-issiz-qoydu\/#article","isPartOf":{"@id":"https:\/\/www.meydan.tv\/az\/article\/samaxi-sakinleri-dost-is-merkezi-bir-gunde-100-den-cox-adami-issiz-qoydu\/"},"author":{"name":"elli","@id":"https:\/\/www.meydan.tv\/az\/#\/schema\/person\/9cdbecf90d17180ce1dfbd95b08dcf47"},"headline":"\u015eamax\u0131 sakinl\u0259ri: \u201cDOST\u201d \u0130\u015f M\u0259rk\u0259zi bir g\u00fcnd\u0259 100-d\u0259n \u00e7ox adam\u0131 i\u015fsiz qoydu","datePublished":"2022-12-21T11:27:07+00:00","dateModified":"2022-12-21T11:32:48+00:00","mainEntityOfPage":{"@id":"https:\/\/www.meydan.tv\/az\/article\/samaxi-sakinleri-dost-is-merkezi-bir-gunde-100-den-cox-adami-issiz-qoydu\/"},"wordCount":1325,"publisher":{"@id":"https:\/\/www.meydan.tv\/az\/#organization"},"image":{"@id":"https:\/\/www.meydan.tv\/az\/article\/samaxi-sakinleri-dost-is-merkezi-bir-gunde-100-den-cox-adami-issiz-qoydu\/#primaryimage"},"thumbnailUrl":"https:\/\/www.meydan.tv\/wp-content\/uploads\/unnamed-2.jpg","articleSection":["B\u00f6lg\u0259","X\u0259b\u0259rl\u0259r"],"inLanguage":"az"},{"@type":"WebPage","@id":"https:\/\/www.meydan.tv\/az\/article\/samaxi-sakinleri-dost-is-merkezi-bir-gunde-100-den-cox-adami-issiz-qoydu\/","url":"https:\/\/www.meydan.tv\/az\/article\/samaxi-sakinleri-dost-is-merkezi-bir-gunde-100-den-cox-adami-issiz-qoydu\/","name":"\u015eamax\u0131 sakinl\u0259ri: \u201cDOST\u201d \u0130\u015f M\u0259rk\u0259zi bir g\u00fcnd\u0259 100-d\u0259n \u00e7ox adam\u0131 i\u015fsiz qoydu - MEYDAN.TV","isPartOf":{"@id":"https:\/\/www.meydan.tv\/az\/#website"},"primaryImageOfPage":{"@id":"https:\/\/www.meydan.tv\/az\/article\/samaxi-sakinleri-dost-is-merkezi-bir-gunde-100-den-cox-adami-issiz-qoydu\/#primaryimage"},"image":{"@id":"https:\/\/www.meydan.tv\/az\/article\/samaxi-sakinleri-dost-is-merkezi-bir-gunde-100-den-cox-adami-issiz-qoydu\/#primaryimage"},"thumbnailUrl":"https:\/\/www.meydan.tv\/wp-content\/uploads\/unnamed-2.jpg","datePublished":"2022-12-21T11:27:07+00:00","dateModified":"2022-12-21T11:32:48+00:00","breadcrumb":{"@id":"https:\/\/www.meydan.tv\/az\/article\/samaxi-sakinleri-dost-is-merkezi-bir-gunde-100-den-cox-adami-issiz-qoydu\/#breadcrumb"},"inLanguage":"az","potentialAction":[{"@type":"ReadAction","target":["https:\/\/www.meydan.tv\/az\/article\/samaxi-sakinleri-dost-is-merkezi-bir-gunde-100-den-cox-adami-issiz-qoydu\/"]}]},{"@type":"ImageObject","inLanguage":"az","@id":"https:\/\/www.meydan.tv\/az\/article\/samaxi-sakinleri-dost-is-merkezi-bir-gunde-100-den-cox-adami-issiz-qoydu\/#primaryimage","url":"https:\/\/www.meydan.tv\/wp-content\/uploads\/unnamed-2.jpg","contentUrl":"https:\/\/www.meydan.tv\/wp-content\/uploads\/unnamed-2.jpg","width":1422,"height":800,"caption":"DOST Agentliyi, Foto: dost.gov.az"},{"@type":"BreadcrumbList","@id":"https:\/\/www.meydan.tv\/az\/article\/samaxi-sakinleri-dost-is-merkezi-bir-gunde-100-den-cox-adami-issiz-qoydu\/#breadcrumb","itemListElement":[{"@type":"ListItem","position":1,"name":"Ana s\u0259hif\u0259","item":"https:\/\/www.meydan.tv\/az\/"},{"@type":"ListItem","position":2,"name":"B\u00f6lg\u0259","item":"https:\/\/www.meydan.tv\/az\/section\/bolge\/"},{"@type":"ListItem","position":3,"name":"\u015eamax\u0131 sakinl\u0259ri: \u201cDOST\u201d \u0130\u015f M\u0259rk\u0259zi bir g\u00fcnd\u0259 100-d\u0259n \u00e7ox adam\u0131 i\u015fsiz qoydu"}]},{"@type":"WebSite","@id":"https:\/\/www.meydan.tv\/az\/#website","url":"https:\/\/www.meydan.tv\/az\/","name":"MEYDAN.TV","description":"Meydan TV Az\u0259rbaycan\u0131n media m\u0259kan\u0131ndak\u0131 alternativ s\u0259sidir","publisher":{"@id":"https:\/\/www.meydan.tv\/az\/#organization"},"potentialAction":[{"@type":"SearchAction","target":{"@type":"EntryPoint","urlTemplate":"https:\/\/www.meydan.tv\/az\/?s={search_term_string}"},"query-input":{"@type":"PropertyValueSpecification","valueRequired":true,"valueName":"search_term_string"}}],"inLanguage":"az"},{"@type":"Organization","@id":"https:\/\/www.meydan.tv\/az\/#organization","name":"Meydan TV","url":"https:\/\/www.meydan.tv\/az\/","logo":{"@type":"ImageObject","inLanguage":"az","@id":"https:\/\/www.meydan.tv\/az\/#\/schema\/logo\/image\/","url":"https:\/\/www.meydan.tv\/wp-content\/uploads\/2021\/07\/meydan-logo.svg","contentUrl":"https:\/\/www.meydan.tv\/wp-content\/uploads\/2021\/07\/meydan-logo.svg","width":195,"height":46,"caption":"Meydan TV"},"image":{"@id":"https:\/\/www.meydan.tv\/az\/#\/schema\/logo\/image\/"}},{"@type":"Person","@id":"https:\/\/www.meydan.tv\/az\/#\/schema\/person\/9cdbecf90d17180ce1dfbd95b08dcf47","name":"elli","sameAs":["https:\/\/x.com\/elli"]}]}},"_links":{"self":[{"href":"https:\/\/www.meydan.tv\/az\/wp-json\/wp\/v2\/posts\/264052","targetHints":{"allow":["GET"]}}],"collection":[{"href":"https:\/\/www.meydan.tv\/az\/wp-json\/wp\/v2\/posts"}],"about":[{"href":"https:\/\/www.meydan.tv\/az\/wp-json\/wp\/v2\/types\/post"}],"author":[{"embeddable":true,"href":"https:\/\/www.meydan.tv\/az\/wp-json\/wp\/v2\/users\/8"}],"replies":[{"embeddable":true,"href":"https:\/\/www.meydan.tv\/az\/wp-json\/wp\/v2\/comments?post=264052"}],"version-history":[{"count":2,"href":"https:\/\/www.meydan.tv\/az\/wp-json\/wp\/v2\/posts\/264052\/revisions"}],"predecessor-version":[{"id":264057,"href":"https:\/\/www.meydan.tv\/az\/wp-json\/wp\/v2\/posts\/264052\/revisions\/264057"}],"wp:featuredmedia":[{"embeddable":true,"href":"https:\/\/www.meydan.tv\/az\/wp-json\/wp\/v2\/media\/226780"}],"wp:attachment":[{"href":"https:\/\/www.meydan.tv\/az\/wp-json\/wp\/v2\/media?parent=264052"}],"wp:term":[{"taxonomy":"category","embeddable":true,"href":"https:\/\/www.meydan.tv\/az\/wp-json\/wp\/v2\/categories?post=264052"},{"taxonomy":"post_tag","embeddable":true,"href":"https:\/\/www.meydan.tv\/az\/wp-json\/wp\/v2\/tags?post=264052"}],"curies":[{"name":"wp","href":"https:\/\/api.w.org\/{rel}","templated":true}]}}