{"id":264005,"date":"2022-12-21T13:56:57","date_gmt":"2022-12-21T09:56:57","guid":{"rendered":"https:\/\/www.meydan.tv\/?p=264005"},"modified":"2022-12-21T13:59:28","modified_gmt":"2022-12-21T09:59:28","slug":"agsuda-belediyye-sedri-icra-bascisini-rayon-prokurorunu-ve-dtx-reisini-mehkemeye-verib","status":"publish","type":"post","link":"https:\/\/www.meydan.tv\/az\/article\/agsuda-belediyye-sedri-icra-bascisini-rayon-prokurorunu-ve-dtx-reisini-mehkemeye-verib\/","title":{"rendered":"A\u011fsuda b\u0259l\u0259diyy\u0259 s\u0259dri icra ba\u015f\u00e7\u0131s\u0131n\u0131, rayon prokurorunu v\u0259 DTX r\u0259isini m\u0259hk\u0259m\u0259y\u0259 verib"},"content":{"rendered":"\n<p><\/p>\n\n\n\n<p><em>Fariz X\u0259lilli: \u201cBiz d\u0259 ba\u015fqalar\u0131 kimi bir qurumuq, niy\u0259 icra ba\u015f\u00e7\u0131s\u0131ndan as\u0131l\u0131 olmal\u0131y\u0131q?\u201d<\/em><\/p>\n\n\n\n<p>A\u011fsunun G\u0259g\u0259li b\u0259l\u0259diyy\u0259sinin s\u0259dri Fariz X\u0259lilli A\u011fsu Rayon \u0130cra Hakimiyy\u0259tinin ba\u015f\u00e7\u0131s\u0131 R\u00f6v\u015f\u0259n Ba\u011f\u0131rovu, DTX-n\u0131n rayon \u015f\u00f6b\u0259sinin r\u0259isi Fuad T\u0259hm\u0259zovu v\u0259 rayon prokuroru Elnur C\u0259f\u0259rovu m\u0259hk\u0259m\u0259y\u0259 verib.<\/p>\n\n\n\n<p>B\u0259l\u0259diyy\u0259 s\u0259dri Meydan TV-y\u0259 dan\u0131\u015f\u0131r ki, bu il oktyabr\u0131n 26-da G\u0259d\u0259liy\u0259 g\u0259l\u0259n icra ba\u015f\u00e7\u0131s\u0131 v\u0259t\u0259nda\u015flarla s\u0259yyar g\u00f6r\u00fc\u015f ke\u00e7irib. O da G\u0259g\u0259li B\u0259l\u0259diyy\u0259sinin s\u0259dri kimi icra hakimiyy\u0259tinin d\u0259v\u0259ti il\u0259 g\u00f6r\u00fc\u015fd\u0259 i\u015ftirak edib.<\/p>\n\n\n\n<p>B\u0259l\u0259diyy\u0259 il\u0259 ba\u011fl\u0131 suallara cavab ver\u0259rk\u0259n icra hakimiyy\u0259tinin ba\u015f\u00e7\u0131s\u0131 R\u00f6v\u015f\u0259n Ba\u011f\u0131rov, D\u00f6vl\u0259t T\u0259hl\u00fck\u0259sizlik Xidm\u0259tinin A\u011fsu rayon \u015f\u00f6b\u0259sinin r\u0259isi Fuad T\u0259hm\u0259zov, A\u011fsu rayon prokuroru Elnur C\u0259f\u0259rov sakinl\u0259ri b\u0259l\u0259diyy\u0259 s\u0259dri il\u0259 \u00fcz-\u00fcz\u0259 qoyub, se\u00e7icil\u0259rinin qar\u015f\u0131s\u0131nda onunla a\u015fa\u011f\u0131lay\u0131c\u0131 t\u0259rzd\u0259 davran\u0131blar.<\/p>\n\n\n\n<p>B\u0259l\u0259diyy\u0259 s\u0259dri Meydan TV-y\u0259 h\u0259min s\u0259yyar g\u00f6r\u00fc\u015fd\u0259 ba\u015f ver\u0259nl\u0259rd\u0259n dan\u0131\u015f\u0131b. Onun s\u00f6zl\u0259rin\u0259 g\u00f6r\u0259, rayon m\u0259murlar\u0131n\u0131n a\u015fa\u011f\u0131la\u011f\u0131c\u0131 davran\u0131\u015flar\u0131 \u00fcz\u00fcnd\u0259n g\u00f6r\u00fc\u015f\u00fc yar\u0131m\u00e7\u0131q t\u0259rk etm\u0259li olub:<\/p>\n\n\n\n<p>\u201cSakinl\u0259r\u0259 deyirl\u0259r ki, guya m\u0259n B\u0259l\u0259diyy\u0259l\u0259rin Avtomatla\u015fd\u0131r\u0131lm\u0131\u015f M\u0259lumat Sistemini icad etmi\u015f\u0259m, v\u0259t\u0259nda\u015flar\u0131 aldad\u0131ram. Bildirmi\u015f\u0259m ki, bu m\u0259lumat sistemi b\u00fct\u00fcn b\u0259l\u0259diyy\u0259l\u0259r \u00fc\u00e7\u00fcn t\u0259tbiq edilir. M\u0259nim bel\u0259 bir sistemi icad etm\u0259k imkan\u0131m yoxdur. Guya h\u0259r gecik\u0259n g\u00fcn \u00fc\u00e7\u00fcn faizl\u0259r qanunsuzdur v\u0259 yaln\u0131z G\u0259g\u0259li B\u0259l\u0259diyy\u0259sind\u0259 t\u0259tbiq edilir. Bildirmi\u015f\u0259m ki, bu, Vergi M\u0259c\u0259ll\u0259si il\u0259 t\u0259nziml\u0259nir v\u0259 BAMS t\u0259r\u0259find\u0259n hesablan\u0131r.&nbsp; Bildiri\u015fl\u0259ri k\u0259sib vergi \u00f6d\u0259yicil\u0259rin\u0259 veririk. Guya borclular\u0131n \u0130cra v\u0259 Probasiya \u015e\u00f6b\u0259sin\u0259 y\u00f6n\u0259ldilm\u0259si \u00f6lk\u0259d\u0259 yaln\u0131z G\u0259g\u0259li B\u0259l\u0259diyy\u0259sind\u0259 t\u0259tbiq olunur v\u0259 bu, m\u0259nim insafs\u0131zl\u0131\u011f\u0131md\u0131r. Bildirmi\u015f\u0259m ki, bu, qanunvericilikl\u0259 t\u0259nziml\u0259nir. B\u0259l\u0259diyy\u0259nin b\u00fcdc\u0259si v\u0259 hesabatl\u0131l\u0131\u011f\u0131n\u0131 is\u0259 la\u011fla\u011f\u0131ya \u00e7evirdil\u0259r. H\u0259tta m\u0259nim elmi ara\u015fd\u0131rma \u00fc\u00e7\u00fcn Avropaya b\u0259l\u0259diyy\u0259nin b\u00fcdc\u0259si hesab\u0131na s\u0259f\u0259r etdiyimi d\u0259 dedil\u0259r. Halbuki, m\u0259n d\u00f6vl\u0259t b\u00fcdc\u0259si hesab\u0131na getmi\u015fdim, b\u0259l\u0259diyy\u0259 b\u00fcdc\u0259sinin yox&#8230; Bir s\u00f6zl\u0259, m\u0259ni se\u00e7icil\u0259riml\u0259 \u00fcz-\u00fcz\u0259 qoymaq \u00fc\u00e7\u00fcn h\u0259r yola, h\u0259r s\u00f6z\u0259 \u0259l atd\u0131lar\u201d.<\/p>\n\n\n\n<p>Fariz X\u0259lillinin s\u00f6zl\u0259rin\u0259 g\u00f6r\u0259, \u0259vv\u0259lki b\u0259l\u0259diyy\u0259 s\u0259dri \u00f6z\u00fcn\u0259 v\u0259 yax\u0131n qohumlar\u0131na y\u00fcz hektarlarla \u00f6r\u00fc\u015f torpa\u011f\u0131 ay\u0131r\u0131b. Sonradan Torpaq Komit\u0259sind\u0259 i\u015fl\u0259y\u0259nd\u0259 h\u0259min torpaq sah\u0259l\u0259rinin t\u0259yinat\u0131n\u0131 d\u0259yi\u015fdirm\u0259y\u0259 v\u0259 satma\u011fa nail olub. Haz\u0131rda is\u0259 D\u00f6vl\u0259t Aqrar \u0130nki\u015faf M\u0259rk\u0259zinin r\u0259hb\u0259ri kimi qeyri-qanuni subsidiyala\u015fd\u0131r\u0131lma i\u015fl\u0259riyl\u0259 m\u0259\u015f\u011fuldur. B\u0259l\u0259diyy\u0259 s\u0259dri h\u0259l\u0259 d\u0259 rayon m\u0259murlar\u0131yla ona qar\u015f\u0131 birl\u0259\u015fib:<\/p>\n\n\n\n<p>\u201cRayonun m\u0259murlar\u0131 h\u0259min ke\u00e7mi\u015f b\u0259l\u0259diyy\u0259 s\u0259driyl\u0259 daha rahat dolan\u0131rd\u0131lar. Ancaq \u0259vv\u0259lki b\u0259l\u0259diyy\u0259 s\u0259drind\u0259n f\u0259rqli olaraq m\u0259n yenilikl\u0259r, d\u0259yi\u015fiklikl\u0259r etm\u0259y\u0259 can at\u0131ram, b\u0259l\u0259diyy\u0259nin i\u015fin\u0259 qar\u0131\u015fmamas\u0131 \u00fc\u00e7\u00fcn m\u0259murlara m\u00fcqavim\u0259t g\u00f6st\u0259rir\u0259m, bu, onlar\u0131n xo\u015funa g\u0259lmir. B\u0259l\u0259diyy\u0259 s\u0259drini idar\u0259 etm\u0259y\u0259, qar\u015f\u0131lar\u0131na qoyub u\u015faq kimi danlama\u011fa \u00f6yr\u0259\u015fibl\u0259r. M\u0259n b\u0259l\u0259diyy\u0259nin b\u00fcdc\u0259sini formala\u015fd\u0131rm\u0131\u015fam, haz\u0131rda \u00f6z\u00fcm\u00fcz\u0259 g\u00f6r\u0259 b\u00fcdc\u0259miz var, biz d\u0259 ba\u015fqalar\u0131 kimi bir qurumuq, niy\u0259 icra ba\u015f\u00e7\u0131s\u0131ndan as\u0131l\u0131 olmal\u0131y\u0131q? Niy\u0259 ba\u015f\u0131m\u0131z\u0131n \u00fcst\u00fcnd\u0259 dayanmal\u0131d\u0131rlar?\u201d.<\/p>\n\n\n\n<p>A\u011fsu Rayon \u0130cra Hakimiyy\u0259tind\u0259n Meydan TV-y\u0259 bildirilib ki, icra hakimiyy\u0259ti b\u0259l\u0259diyy\u0259l\u0259rin i\u015fin\u0259 qar\u0131\u015fm\u0131r, G\u0259g\u0259li K\u0259nd B\u0259l\u0259diyy\u0259si s\u0259drinin dan\u0131\u015fd\u0131qlar\u0131n\u0131n he\u00e7 bir \u0259sas\u0131 yoxdur:<\/p>\n\n\n\n<p>\u201cHaz\u0131rda da m\u0259hk\u0259m\u0259y\u0259 m\u00fcraci\u0259t edib, son q\u0259rar\u0131 m\u0259hk\u0259m\u0259 ver\u0259c\u0259k\u201d.<\/p>\n\n\n\n<p>B\u0259l\u0259diyy\u0259 s\u0259dri deyir, b\u0259li, bu ilin noyabr\u0131nda t\u0259nb\u0259llik etm\u0259yib, h\u0259r \u00fc\u00e7\u00fcn\u0259 qar\u015f\u0131 A\u011fsu Rayon M\u0259hk\u0259m\u0259sind\u0259 iddia qald\u0131r\u0131b. Fariz X\u0259lilinin m\u0259hk\u0259m\u0259 iddias\u0131 h\u0259r \u00fc\u00e7 v\u0259zif\u0259linin Cinay\u0259t M\u0259c\u0259ll\u0259sinin 148-ci madd\u0259sin\u0259 v\u0259 308-ci madd\u0259sin\u0259 \u0259sas\u0259n c\u0259zaland\u0131r\u0131lmas\u0131, m\u0259n\u0259vi z\u0259r\u0259rin \u00f6d\u0259nilm\u0259sidir. O, z\u0259r\u0259r kimi icra ba\u015f\u00e7\u0131s\u0131ndan 30 min manat, prokuroru v\u0259 DTX ray\u00f6n \u015f\u00f6b\u0259sinin r\u0259isinin h\u0259r birind\u0259n 15 min manat kompensasiya t\u0259l\u0259b edir.<\/p>\n\n\n\n<p>M\u0259hk\u0259m\u0259nin ke\u00e7irilmi\u015f haz\u0131rl\u0131q iclas\u0131nda hakim cavabdehl\u0259rin \u00fcnvanlar\u0131n\u0131n g\u00f6st\u0259rilm\u0259diyini \u0259sas g\u0259tir\u0259r\u0259k iddia \u0259riz\u0259sini iddia\u00e7\u0131ya qaytar\u0131b. Fariz X\u0259lilli q\u0259rardan \u015eirvan Apelyasiya M\u0259hk\u0259m\u0259sin\u0259 \u015fikay\u0259t edib.<br>B\u0259l\u0259diyy\u0259 s\u0259dri t\u0259kc\u0259 m\u0259hk\u0259m\u0259y\u0259 yox, Prezident \u0130lham \u018fliyev\u0259 d\u0259 m\u00fcraci\u0259t edib:<\/p>\n\n\n\n<p>\u201c&#8230; K\u0259ndd\u0259 indiy\u0259 q\u0259d\u0259r b\u00fcdc\u0259miz qanunvericiliy\u0259 uy\u011fun olaraq 100 faiz na\u011fds\u0131z \u0259m\u0259liyyatlarla formala\u015f\u0131b v\u0259 x\u0259rcl\u0259nib. B\u00fct\u00fcn i\u015fl\u0259r hesabatl\u0131, \u015f\u0259ffaf olub v\u0259 m\u00fcmk\u00fcn h\u0259r yerd\u0259 elan edilib. \u018fdliyy\u0259 Nazirliyind\u0259n v\u0259 geni\u015f ictimaiyy\u0259td\u0259n G\u0259g\u0259li B\u0259l\u0259diyy\u0259si haqq\u0131nda m\u0259lumat ala bil\u0259rsiniz. T\u0259\u0259ss\u00fcf ki, indiy\u0259 q\u0259d\u0259r i\u015fimiz\u0259 mane olan bu qrupla\u015fma haqq\u0131nda b\u00fct\u00fcn aidiyy\u0259ti qurumlara m\u0259lumat vers\u0259k d\u0259,&nbsp; cavabs\u0131z qal\u0131b\u201d, &#8211; b\u0259l\u0259diyy\u0259 s\u0259dri Prezident\u0259 m\u00fcraci\u0259tind\u0259 bildirib.<\/p>\n","protected":false},"excerpt":{"rendered":"<p>Fariz X\u0259lilli: \u201cBiz d\u0259 ba\u015fqalar\u0131 kimi bir qurumuq, niy\u0259 icra &#8230; <\/p>\n<p class=\"read-more-container\"><a title=\"A\u011fsuda b\u0259l\u0259diyy\u0259 s\u0259dri icra ba\u015f\u00e7\u0131s\u0131n\u0131, rayon prokurorunu v\u0259 DTX r\u0259isini m\u0259hk\u0259m\u0259y\u0259 verib\" class=\"read-more button\" href=\"https:\/\/www.meydan.tv\/az\/article\/agsuda-belediyye-sedri-icra-bascisini-rayon-prokurorunu-ve-dtx-reisini-mehkemeye-verib\/#more-264005\" aria-label=\"Read more about A\u011fsuda b\u0259l\u0259diyy\u0259 s\u0259dri icra ba\u015f\u00e7\u0131s\u0131n\u0131, rayon prokurorunu v\u0259 DTX r\u0259isini m\u0259hk\u0259m\u0259y\u0259 verib\">Davam\u0131<\/a><\/p>\n","protected":false},"author":8,"featured_media":264002,"comment_status":"closed","ping_status":"closed","sticky":false,"template":"","format":"standard","meta":{"_acf_changed":false,"_sitemap_exclude":false,"_sitemap_priority":"","_sitemap_frequency":"","footnotes":""},"categories":[60,88,56],"tags":[],"class_list":["post-264005","post","type-post","status-publish","format-standard","has-post-thumbnail","hentry","category-bolge","category-redaktor-secimi","category-xeberler","infinite-scroll-item","generate-columns","tablet-grid-50","mobile-grid-100","grid-parent","grid-33","no-featured-image-padding"],"acf":[],"yoast_head":"<!-- This site is optimized with the Yoast SEO plugin v27.5 - https:\/\/yoast.com\/product\/yoast-seo-wordpress\/ -->\n<title>A\u011fsuda b\u0259l\u0259diyy\u0259 s\u0259dri icra ba\u015f\u00e7\u0131s\u0131n\u0131, rayon prokurorunu v\u0259 DTX r\u0259isini m\u0259hk\u0259m\u0259y\u0259 verib - MEYDAN.TV<\/title>\n<meta name=\"robots\" content=\"index, follow, max-snippet:-1, max-image-preview:large, max-video-preview:-1\" \/>\n<link rel=\"canonical\" href=\"https:\/\/www.meydan.tv\/az\/article\/agsuda-belediyye-sedri-icra-bascisini-rayon-prokurorunu-ve-dtx-reisini-mehkemeye-verib\/\" \/>\n<meta property=\"og:locale\" content=\"az_AZ\" \/>\n<meta property=\"og:type\" content=\"article\" \/>\n<meta property=\"og:title\" content=\"A\u011fsuda b\u0259l\u0259diyy\u0259 s\u0259dri icra ba\u015f\u00e7\u0131s\u0131n\u0131, rayon prokurorunu v\u0259 DTX r\u0259isini m\u0259hk\u0259m\u0259y\u0259 verib - MEYDAN.TV\" \/>\n<meta property=\"og:description\" content=\"Fariz X\u0259lilli: \u201cBiz d\u0259 ba\u015fqalar\u0131 kimi bir qurumuq, niy\u0259 icra ... Davam\u0131\" \/>\n<meta property=\"og:url\" content=\"https:\/\/www.meydan.tv\/az\/article\/agsuda-belediyye-sedri-icra-bascisini-rayon-prokurorunu-ve-dtx-reisini-mehkemeye-verib\/\" \/>\n<meta property=\"og:site_name\" content=\"MEYDAN.TV\" \/>\n<meta property=\"article:published_time\" content=\"2022-12-21T09:56:57+00:00\" \/>\n<meta property=\"article:modified_time\" content=\"2022-12-21T09:59:28+00:00\" \/>\n<meta property=\"og:image\" content=\"https:\/\/www.meydan.tv\/wp-content\/uploads\/fariz_xalili.jpg\" \/>\n\t<meta property=\"og:image:width\" content=\"1200\" \/>\n\t<meta property=\"og:image:height\" content=\"800\" \/>\n\t<meta property=\"og:image:type\" content=\"image\/jpeg\" \/>\n<meta name=\"author\" content=\"elli\" \/>\n<meta name=\"twitter:card\" content=\"summary_large_image\" \/>\n<meta name=\"twitter:creator\" content=\"@elli\" \/>\n<script type=\"application\/ld+json\" class=\"yoast-schema-graph\">{\"@context\":\"https:\\\/\\\/schema.org\",\"@graph\":[{\"@type\":\"Article\",\"@id\":\"https:\\\/\\\/www.meydan.tv\\\/az\\\/article\\\/agsuda-belediyye-sedri-icra-bascisini-rayon-prokurorunu-ve-dtx-reisini-mehkemeye-verib\\\/#article\",\"isPartOf\":{\"@id\":\"https:\\\/\\\/www.meydan.tv\\\/az\\\/article\\\/agsuda-belediyye-sedri-icra-bascisini-rayon-prokurorunu-ve-dtx-reisini-mehkemeye-verib\\\/\"},\"author\":{\"name\":\"elli\",\"@id\":\"https:\\\/\\\/www.meydan.tv\\\/az\\\/#\\\/schema\\\/person\\\/9cdbecf90d17180ce1dfbd95b08dcf47\"},\"headline\":\"A\u011fsuda b\u0259l\u0259diyy\u0259 s\u0259dri icra ba\u015f\u00e7\u0131s\u0131n\u0131, rayon prokurorunu v\u0259 DTX r\u0259isini m\u0259hk\u0259m\u0259y\u0259 verib\",\"datePublished\":\"2022-12-21T09:56:57+00:00\",\"dateModified\":\"2022-12-21T09:59:28+00:00\",\"mainEntityOfPage\":{\"@id\":\"https:\\\/\\\/www.meydan.tv\\\/az\\\/article\\\/agsuda-belediyye-sedri-icra-bascisini-rayon-prokurorunu-ve-dtx-reisini-mehkemeye-verib\\\/\"},\"wordCount\":1098,\"publisher\":{\"@id\":\"https:\\\/\\\/www.meydan.tv\\\/az\\\/#organization\"},\"image\":{\"@id\":\"https:\\\/\\\/www.meydan.tv\\\/az\\\/article\\\/agsuda-belediyye-sedri-icra-bascisini-rayon-prokurorunu-ve-dtx-reisini-mehkemeye-verib\\\/#primaryimage\"},\"thumbnailUrl\":\"https:\\\/\\\/www.meydan.tv\\\/wp-content\\\/uploads\\\/fariz_xalili.jpg\",\"articleSection\":[\"B\u00f6lg\u0259\",\"Redaktor se\u00e7imi\",\"X\u0259b\u0259rl\u0259r\"],\"inLanguage\":\"az\"},{\"@type\":\"WebPage\",\"@id\":\"https:\\\/\\\/www.meydan.tv\\\/az\\\/article\\\/agsuda-belediyye-sedri-icra-bascisini-rayon-prokurorunu-ve-dtx-reisini-mehkemeye-verib\\\/\",\"url\":\"https:\\\/\\\/www.meydan.tv\\\/az\\\/article\\\/agsuda-belediyye-sedri-icra-bascisini-rayon-prokurorunu-ve-dtx-reisini-mehkemeye-verib\\\/\",\"name\":\"A\u011fsuda b\u0259l\u0259diyy\u0259 s\u0259dri icra ba\u015f\u00e7\u0131s\u0131n\u0131, rayon prokurorunu v\u0259 DTX r\u0259isini m\u0259hk\u0259m\u0259y\u0259 verib - MEYDAN.TV\",\"isPartOf\":{\"@id\":\"https:\\\/\\\/www.meydan.tv\\\/az\\\/#website\"},\"primaryImageOfPage\":{\"@id\":\"https:\\\/\\\/www.meydan.tv\\\/az\\\/article\\\/agsuda-belediyye-sedri-icra-bascisini-rayon-prokurorunu-ve-dtx-reisini-mehkemeye-verib\\\/#primaryimage\"},\"image\":{\"@id\":\"https:\\\/\\\/www.meydan.tv\\\/az\\\/article\\\/agsuda-belediyye-sedri-icra-bascisini-rayon-prokurorunu-ve-dtx-reisini-mehkemeye-verib\\\/#primaryimage\"},\"thumbnailUrl\":\"https:\\\/\\\/www.meydan.tv\\\/wp-content\\\/uploads\\\/fariz_xalili.jpg\",\"datePublished\":\"2022-12-21T09:56:57+00:00\",\"dateModified\":\"2022-12-21T09:59:28+00:00\",\"breadcrumb\":{\"@id\":\"https:\\\/\\\/www.meydan.tv\\\/az\\\/article\\\/agsuda-belediyye-sedri-icra-bascisini-rayon-prokurorunu-ve-dtx-reisini-mehkemeye-verib\\\/#breadcrumb\"},\"inLanguage\":\"az\",\"potentialAction\":[{\"@type\":\"ReadAction\",\"target\":[\"https:\\\/\\\/www.meydan.tv\\\/az\\\/article\\\/agsuda-belediyye-sedri-icra-bascisini-rayon-prokurorunu-ve-dtx-reisini-mehkemeye-verib\\\/\"]}]},{\"@type\":\"ImageObject\",\"inLanguage\":\"az\",\"@id\":\"https:\\\/\\\/www.meydan.tv\\\/az\\\/article\\\/agsuda-belediyye-sedri-icra-bascisini-rayon-prokurorunu-ve-dtx-reisini-mehkemeye-verib\\\/#primaryimage\",\"url\":\"https:\\\/\\\/www.meydan.tv\\\/wp-content\\\/uploads\\\/fariz_xalili.jpg\",\"contentUrl\":\"https:\\\/\\\/www.meydan.tv\\\/wp-content\\\/uploads\\\/fariz_xalili.jpg\",\"width\":1200,\"height\":800,\"caption\":\"Fariz X\u0259lilli. Foto: Meydan TV\"},{\"@type\":\"BreadcrumbList\",\"@id\":\"https:\\\/\\\/www.meydan.tv\\\/az\\\/article\\\/agsuda-belediyye-sedri-icra-bascisini-rayon-prokurorunu-ve-dtx-reisini-mehkemeye-verib\\\/#breadcrumb\",\"itemListElement\":[{\"@type\":\"ListItem\",\"position\":1,\"name\":\"Ana s\u0259hif\u0259\",\"item\":\"https:\\\/\\\/www.meydan.tv\\\/az\\\/\"},{\"@type\":\"ListItem\",\"position\":2,\"name\":\"B\u00f6lg\u0259\",\"item\":\"https:\\\/\\\/www.meydan.tv\\\/az\\\/section\\\/bolge\\\/\"},{\"@type\":\"ListItem\",\"position\":3,\"name\":\"A\u011fsuda b\u0259l\u0259diyy\u0259 s\u0259dri icra ba\u015f\u00e7\u0131s\u0131n\u0131, rayon prokurorunu v\u0259 DTX r\u0259isini m\u0259hk\u0259m\u0259y\u0259 verib\"}]},{\"@type\":\"WebSite\",\"@id\":\"https:\\\/\\\/www.meydan.tv\\\/az\\\/#website\",\"url\":\"https:\\\/\\\/www.meydan.tv\\\/az\\\/\",\"name\":\"MEYDAN.TV\",\"description\":\"Meydan TV Az\u0259rbaycan\u0131n media m\u0259kan\u0131ndak\u0131 alternativ s\u0259sidir\",\"publisher\":{\"@id\":\"https:\\\/\\\/www.meydan.tv\\\/az\\\/#organization\"},\"potentialAction\":[{\"@type\":\"SearchAction\",\"target\":{\"@type\":\"EntryPoint\",\"urlTemplate\":\"https:\\\/\\\/www.meydan.tv\\\/az\\\/?s={search_term_string}\"},\"query-input\":{\"@type\":\"PropertyValueSpecification\",\"valueRequired\":true,\"valueName\":\"search_term_string\"}}],\"inLanguage\":\"az\"},{\"@type\":\"Organization\",\"@id\":\"https:\\\/\\\/www.meydan.tv\\\/az\\\/#organization\",\"name\":\"Meydan TV\",\"url\":\"https:\\\/\\\/www.meydan.tv\\\/az\\\/\",\"logo\":{\"@type\":\"ImageObject\",\"inLanguage\":\"az\",\"@id\":\"https:\\\/\\\/www.meydan.tv\\\/az\\\/#\\\/schema\\\/logo\\\/image\\\/\",\"url\":\"https:\\\/\\\/www.meydan.tv\\\/wp-content\\\/uploads\\\/2021\\\/07\\\/meydan-logo.svg\",\"contentUrl\":\"https:\\\/\\\/www.meydan.tv\\\/wp-content\\\/uploads\\\/2021\\\/07\\\/meydan-logo.svg\",\"width\":195,\"height\":46,\"caption\":\"Meydan TV\"},\"image\":{\"@id\":\"https:\\\/\\\/www.meydan.tv\\\/az\\\/#\\\/schema\\\/logo\\\/image\\\/\"}},{\"@type\":\"Person\",\"@id\":\"https:\\\/\\\/www.meydan.tv\\\/az\\\/#\\\/schema\\\/person\\\/9cdbecf90d17180ce1dfbd95b08dcf47\",\"name\":\"elli\",\"sameAs\":[\"https:\\\/\\\/x.com\\\/elli\"]}]}<\/script>\n<!-- \/ Yoast SEO plugin. -->","yoast_head_json":{"title":"A\u011fsuda b\u0259l\u0259diyy\u0259 s\u0259dri icra ba\u015f\u00e7\u0131s\u0131n\u0131, rayon prokurorunu v\u0259 DTX r\u0259isini m\u0259hk\u0259m\u0259y\u0259 verib - MEYDAN.TV","robots":{"index":"index","follow":"follow","max-snippet":"max-snippet:-1","max-image-preview":"max-image-preview:large","max-video-preview":"max-video-preview:-1"},"canonical":"https:\/\/www.meydan.tv\/az\/article\/agsuda-belediyye-sedri-icra-bascisini-rayon-prokurorunu-ve-dtx-reisini-mehkemeye-verib\/","og_locale":"az_AZ","og_type":"article","og_title":"A\u011fsuda b\u0259l\u0259diyy\u0259 s\u0259dri icra ba\u015f\u00e7\u0131s\u0131n\u0131, rayon prokurorunu v\u0259 DTX r\u0259isini m\u0259hk\u0259m\u0259y\u0259 verib - MEYDAN.TV","og_description":"Fariz X\u0259lilli: \u201cBiz d\u0259 ba\u015fqalar\u0131 kimi bir qurumuq, niy\u0259 icra ... Davam\u0131","og_url":"https:\/\/www.meydan.tv\/az\/article\/agsuda-belediyye-sedri-icra-bascisini-rayon-prokurorunu-ve-dtx-reisini-mehkemeye-verib\/","og_site_name":"MEYDAN.TV","article_published_time":"2022-12-21T09:56:57+00:00","article_modified_time":"2022-12-21T09:59:28+00:00","og_image":[{"width":1200,"height":800,"url":"https:\/\/www.meydan.tv\/wp-content\/uploads\/fariz_xalili.jpg","type":"image\/jpeg"}],"author":"elli","twitter_card":"summary_large_image","twitter_creator":"@elli","schema":{"@context":"https:\/\/schema.org","@graph":[{"@type":"Article","@id":"https:\/\/www.meydan.tv\/az\/article\/agsuda-belediyye-sedri-icra-bascisini-rayon-prokurorunu-ve-dtx-reisini-mehkemeye-verib\/#article","isPartOf":{"@id":"https:\/\/www.meydan.tv\/az\/article\/agsuda-belediyye-sedri-icra-bascisini-rayon-prokurorunu-ve-dtx-reisini-mehkemeye-verib\/"},"author":{"name":"elli","@id":"https:\/\/www.meydan.tv\/az\/#\/schema\/person\/9cdbecf90d17180ce1dfbd95b08dcf47"},"headline":"A\u011fsuda b\u0259l\u0259diyy\u0259 s\u0259dri icra ba\u015f\u00e7\u0131s\u0131n\u0131, rayon prokurorunu v\u0259 DTX r\u0259isini m\u0259hk\u0259m\u0259y\u0259 verib","datePublished":"2022-12-21T09:56:57+00:00","dateModified":"2022-12-21T09:59:28+00:00","mainEntityOfPage":{"@id":"https:\/\/www.meydan.tv\/az\/article\/agsuda-belediyye-sedri-icra-bascisini-rayon-prokurorunu-ve-dtx-reisini-mehkemeye-verib\/"},"wordCount":1098,"publisher":{"@id":"https:\/\/www.meydan.tv\/az\/#organization"},"image":{"@id":"https:\/\/www.meydan.tv\/az\/article\/agsuda-belediyye-sedri-icra-bascisini-rayon-prokurorunu-ve-dtx-reisini-mehkemeye-verib\/#primaryimage"},"thumbnailUrl":"https:\/\/www.meydan.tv\/wp-content\/uploads\/fariz_xalili.jpg","articleSection":["B\u00f6lg\u0259","Redaktor se\u00e7imi","X\u0259b\u0259rl\u0259r"],"inLanguage":"az"},{"@type":"WebPage","@id":"https:\/\/www.meydan.tv\/az\/article\/agsuda-belediyye-sedri-icra-bascisini-rayon-prokurorunu-ve-dtx-reisini-mehkemeye-verib\/","url":"https:\/\/www.meydan.tv\/az\/article\/agsuda-belediyye-sedri-icra-bascisini-rayon-prokurorunu-ve-dtx-reisini-mehkemeye-verib\/","name":"A\u011fsuda b\u0259l\u0259diyy\u0259 s\u0259dri icra ba\u015f\u00e7\u0131s\u0131n\u0131, rayon prokurorunu v\u0259 DTX r\u0259isini m\u0259hk\u0259m\u0259y\u0259 verib - MEYDAN.TV","isPartOf":{"@id":"https:\/\/www.meydan.tv\/az\/#website"},"primaryImageOfPage":{"@id":"https:\/\/www.meydan.tv\/az\/article\/agsuda-belediyye-sedri-icra-bascisini-rayon-prokurorunu-ve-dtx-reisini-mehkemeye-verib\/#primaryimage"},"image":{"@id":"https:\/\/www.meydan.tv\/az\/article\/agsuda-belediyye-sedri-icra-bascisini-rayon-prokurorunu-ve-dtx-reisini-mehkemeye-verib\/#primaryimage"},"thumbnailUrl":"https:\/\/www.meydan.tv\/wp-content\/uploads\/fariz_xalili.jpg","datePublished":"2022-12-21T09:56:57+00:00","dateModified":"2022-12-21T09:59:28+00:00","breadcrumb":{"@id":"https:\/\/www.meydan.tv\/az\/article\/agsuda-belediyye-sedri-icra-bascisini-rayon-prokurorunu-ve-dtx-reisini-mehkemeye-verib\/#breadcrumb"},"inLanguage":"az","potentialAction":[{"@type":"ReadAction","target":["https:\/\/www.meydan.tv\/az\/article\/agsuda-belediyye-sedri-icra-bascisini-rayon-prokurorunu-ve-dtx-reisini-mehkemeye-verib\/"]}]},{"@type":"ImageObject","inLanguage":"az","@id":"https:\/\/www.meydan.tv\/az\/article\/agsuda-belediyye-sedri-icra-bascisini-rayon-prokurorunu-ve-dtx-reisini-mehkemeye-verib\/#primaryimage","url":"https:\/\/www.meydan.tv\/wp-content\/uploads\/fariz_xalili.jpg","contentUrl":"https:\/\/www.meydan.tv\/wp-content\/uploads\/fariz_xalili.jpg","width":1200,"height":800,"caption":"Fariz X\u0259lilli. Foto: Meydan TV"},{"@type":"BreadcrumbList","@id":"https:\/\/www.meydan.tv\/az\/article\/agsuda-belediyye-sedri-icra-bascisini-rayon-prokurorunu-ve-dtx-reisini-mehkemeye-verib\/#breadcrumb","itemListElement":[{"@type":"ListItem","position":1,"name":"Ana s\u0259hif\u0259","item":"https:\/\/www.meydan.tv\/az\/"},{"@type":"ListItem","position":2,"name":"B\u00f6lg\u0259","item":"https:\/\/www.meydan.tv\/az\/section\/bolge\/"},{"@type":"ListItem","position":3,"name":"A\u011fsuda b\u0259l\u0259diyy\u0259 s\u0259dri icra ba\u015f\u00e7\u0131s\u0131n\u0131, rayon prokurorunu v\u0259 DTX r\u0259isini m\u0259hk\u0259m\u0259y\u0259 verib"}]},{"@type":"WebSite","@id":"https:\/\/www.meydan.tv\/az\/#website","url":"https:\/\/www.meydan.tv\/az\/","name":"MEYDAN.TV","description":"Meydan TV Az\u0259rbaycan\u0131n media m\u0259kan\u0131ndak\u0131 alternativ s\u0259sidir","publisher":{"@id":"https:\/\/www.meydan.tv\/az\/#organization"},"potentialAction":[{"@type":"SearchAction","target":{"@type":"EntryPoint","urlTemplate":"https:\/\/www.meydan.tv\/az\/?s={search_term_string}"},"query-input":{"@type":"PropertyValueSpecification","valueRequired":true,"valueName":"search_term_string"}}],"inLanguage":"az"},{"@type":"Organization","@id":"https:\/\/www.meydan.tv\/az\/#organization","name":"Meydan TV","url":"https:\/\/www.meydan.tv\/az\/","logo":{"@type":"ImageObject","inLanguage":"az","@id":"https:\/\/www.meydan.tv\/az\/#\/schema\/logo\/image\/","url":"https:\/\/www.meydan.tv\/wp-content\/uploads\/2021\/07\/meydan-logo.svg","contentUrl":"https:\/\/www.meydan.tv\/wp-content\/uploads\/2021\/07\/meydan-logo.svg","width":195,"height":46,"caption":"Meydan TV"},"image":{"@id":"https:\/\/www.meydan.tv\/az\/#\/schema\/logo\/image\/"}},{"@type":"Person","@id":"https:\/\/www.meydan.tv\/az\/#\/schema\/person\/9cdbecf90d17180ce1dfbd95b08dcf47","name":"elli","sameAs":["https:\/\/x.com\/elli"]}]}},"_links":{"self":[{"href":"https:\/\/www.meydan.tv\/az\/wp-json\/wp\/v2\/posts\/264005","targetHints":{"allow":["GET"]}}],"collection":[{"href":"https:\/\/www.meydan.tv\/az\/wp-json\/wp\/v2\/posts"}],"about":[{"href":"https:\/\/www.meydan.tv\/az\/wp-json\/wp\/v2\/types\/post"}],"author":[{"embeddable":true,"href":"https:\/\/www.meydan.tv\/az\/wp-json\/wp\/v2\/users\/8"}],"replies":[{"embeddable":true,"href":"https:\/\/www.meydan.tv\/az\/wp-json\/wp\/v2\/comments?post=264005"}],"version-history":[{"count":2,"href":"https:\/\/www.meydan.tv\/az\/wp-json\/wp\/v2\/posts\/264005\/revisions"}],"predecessor-version":[{"id":264009,"href":"https:\/\/www.meydan.tv\/az\/wp-json\/wp\/v2\/posts\/264005\/revisions\/264009"}],"wp:featuredmedia":[{"embeddable":true,"href":"https:\/\/www.meydan.tv\/az\/wp-json\/wp\/v2\/media\/264002"}],"wp:attachment":[{"href":"https:\/\/www.meydan.tv\/az\/wp-json\/wp\/v2\/media?parent=264005"}],"wp:term":[{"taxonomy":"category","embeddable":true,"href":"https:\/\/www.meydan.tv\/az\/wp-json\/wp\/v2\/categories?post=264005"},{"taxonomy":"post_tag","embeddable":true,"href":"https:\/\/www.meydan.tv\/az\/wp-json\/wp\/v2\/tags?post=264005"}],"curies":[{"name":"wp","href":"https:\/\/api.w.org\/{rel}","templated":true}]}}