{"id":263970,"date":"2022-12-20T22:25:59","date_gmt":"2022-12-20T18:25:59","guid":{"rendered":"https:\/\/www.meydan.tv\/?p=263970"},"modified":"2022-12-20T22:26:01","modified_gmt":"2022-12-20T18:26:01","slug":"vekil-agsu-rayon-polis-sobesinde-zorakiliga-meruz-qaldigini-deyir","status":"publish","type":"post","link":"https:\/\/www.meydan.tv\/az\/article\/vekil-agsu-rayon-polis-sobesinde-zorakiliga-meruz-qaldigini-deyir\/","title":{"rendered":"V\u0259kil A\u011fsu Rayon Polis \u015e\u00f6b\u0259sind\u0259 zorak\u0131l\u0131\u011fa m\u0259ruz qald\u0131\u011f\u0131n\u0131 deyir"},"content":{"rendered":"\n<p><\/p>\n\n\n\n<p>\u00a0<em>\u201cYa\u015far adl\u0131 m\u00fcst\u0259ntiq m\u0259cburi \u015f\u0259kild\u0259 telefonumu \u0259limd\u0259n ald\u0131\u201d<\/em><\/p>\n\n\n\n<p>V\u0259kil Elvin Yusifov A\u011fsu Rayon Polis \u015e\u00f6b\u0259sind\u0259 t\u0259zyiq\u0259 m\u0259ruz qald\u0131\u011f\u0131n\u0131 deyir. Onun s\u00f6zl\u0259rin\u0259 g\u00f6r\u0259, h\u00fcquqlar\u0131n\u0131 m\u00fcdafi\u0259 etdiyi v\u0259t\u0259nda\u015f\u0131n \u015f\u00fcbh\u0259li \u015f\u0259xs qismind\u0259 saxlanma s\u0259b\u0259bini \u015f\u00f6b\u0259d\u0259 olan polis \u0259m\u0259kda\u015flar\u0131ndan soru\u015fub. Bu zaman h\u0259min polisl\u0259r qolundan tutub it\u0259l\u0259yib, m\u00fcst\u0259ntiq is\u0259 telefonunu \u0259lind\u0259n al\u0131b:<\/p>\n\n\n\n<p>\u201cH\u00fcquqlar\u0131n\u0131 m\u00fcdafi\u0259 etdiyim \u015f\u0259xsin tutulmas\u0131n\u0131n s\u0259b\u0259bini soru\u015fdu\u011fuma v\u0259 telefonla dan\u0131\u015fd\u0131\u011f\u0131ma g\u00f6r\u0259 polis \u0259m\u0259kda\u015flar\u0131 qolumdan dartd\u0131lar. Ya\u015far adl\u0131 m\u00fcst\u0259ntiq m\u0259cburi \u015f\u0259kild\u0259 telefonumu \u0259limd\u0259n ald\u0131. R\u0259him adl\u0131 m\u00fcst\u0259ntiq \u00fcst\u00fcm\u0259 q\u0131\u015fq\u0131rd\u0131. Polis \u015f\u00f6b\u0259sinin h\u0259y\u0259tind\u0259n \u00e7\u00f6l\u0259 \u00e7\u0131xard\u0131lar&#8230;\u201d<\/p>\n\n\n\n<p>Elvin Yusifov deyir ki, v\u0259kil kimi, cinay\u0259t i\u015fi \u00fczr\u0259 saxlan\u0131lan \u015f\u0259xsin h\u00fcquqlar\u0131n\u0131 m\u00fcdafi\u0259 etm\u0259y\u0259 getdiyi halda, \u00f6z\u00fc zorak\u0131l\u0131\u011fa m\u0259ruz qal\u0131b. N\u0259tic\u0259d\u0259 m\u00fcv\u0259kkilinin m\u00fcdafi\u0259sini h\u0259yata ke\u00e7ir\u0259 bilm\u0259yib. O, \u00f6z\u00fcn\u00fcn d\u0259 h\u0259yat\u0131na t\u0259hl\u00fck\u0259 oldu\u011funu d\u00fc\u015f\u00fcn\u00fcr. V\u0259kil m\u0259s\u0259l\u0259 il\u0259 \u0259laq\u0259dar sosial media hesab\u0131ndan Daxili \u0130\u015fl\u0259r Nazirliyin\u0259 d\u0259 m\u00fcraci\u0259t edib.<\/p>\n\n\n\n<p>Daxili \u0130\u015fl\u0259r Nazirliyinin M\u0259tbuat xidm\u0259tinin \u015f\u00f6b\u0259 r\u0259isi El\u015fad Hac\u0131yev m\u0259s\u0259l\u0259 il\u0259 \u0259laq\u0259dar Meydan TV-nin sor\u011fusuna cavab olaraq bildirib ki, polis orqanlar\u0131n\u0131n inzibati binas\u0131na smartfon telefonlar daxil olmaqla, he\u00e7 bir foto-video \u00e7\u0259kili\u015f cihazlar\u0131n\u0131n ke\u00e7irilm\u0259sin\u0259 icaz\u0259 verilmir: <\/p>\n\n\n\n<p>\u201cBu qada\u011fa, polis orqan\u0131nda \u00e7al\u0131\u015fan \u0259m\u0259kda\u015flarla yana\u015f\u0131, m\u00fcraci\u0259t \u00fc\u00e7\u00fcn g\u0259l\u0259n, d\u0259v\u0259t edil\u0259n, g\u0259tiril\u0259n, yaxud dig\u0259r \u015f\u0259xsl\u0259rin t\u0259hl\u00fck\u0259sizliyind\u0259n ir\u0259li g\u0259lir. N\u0259z\u0259r\u0259 al\u0131nmal\u0131d\u0131r ki, fasil\u0259siz xidm\u0259t g\u00f6st\u0259r\u0259n polis cinay\u0259t v\u0259 ya dig\u0259r h\u00fcquqpozmalar t\u00f6r\u0259d\u0259n \u015f\u0259xsin tutulmas\u0131 v\u0259 polis\u0259 g\u0259tirilm\u0259si \u00fc\u00e7\u00fcn t\u0259dbirl\u0259r g\u00f6r\u00fcr\u201d.<\/p>\n\n\n\n<p>D\u0130N r\u0259smisi v\u0259kil\u0259 t\u0259zyiq g\u00f6st\u0259rilm\u0259si haqda iddialar\u0131 t\u0259kzib edib.<\/p>\n\n\n\n<p><\/p>\n","protected":false},"excerpt":{"rendered":"<p>\u00a0\u201cYa\u015far adl\u0131 m\u00fcst\u0259ntiq m\u0259cburi \u015f\u0259kild\u0259 telefonumu \u0259limd\u0259n ald\u0131\u201d V\u0259kil Elvin &#8230; <\/p>\n<p class=\"read-more-container\"><a title=\"V\u0259kil A\u011fsu Rayon Polis \u015e\u00f6b\u0259sind\u0259 zorak\u0131l\u0131\u011fa m\u0259ruz qald\u0131\u011f\u0131n\u0131 deyir\" class=\"read-more button\" href=\"https:\/\/www.meydan.tv\/az\/article\/vekil-agsu-rayon-polis-sobesinde-zorakiliga-meruz-qaldigini-deyir\/#more-263970\" aria-label=\"Read more about V\u0259kil A\u011fsu Rayon Polis \u015e\u00f6b\u0259sind\u0259 zorak\u0131l\u0131\u011fa m\u0259ruz qald\u0131\u011f\u0131n\u0131 deyir\">Davam\u0131<\/a><\/p>\n","protected":false},"author":8,"featured_media":263967,"comment_status":"closed","ping_status":"closed","sticky":false,"template":"","format":"standard","meta":{"_acf_changed":false,"_sitemap_exclude":false,"_sitemap_priority":"","_sitemap_frequency":"","footnotes":""},"categories":[60,56],"tags":[],"class_list":["post-263970","post","type-post","status-publish","format-standard","has-post-thumbnail","hentry","category-bolge","category-xeberler","infinite-scroll-item","generate-columns","tablet-grid-50","mobile-grid-100","grid-parent","grid-33","no-featured-image-padding"],"acf":[],"yoast_head":"<!-- This site is optimized with the Yoast SEO plugin v27.5 - https:\/\/yoast.com\/product\/yoast-seo-wordpress\/ -->\n<title>V\u0259kil A\u011fsu Rayon Polis \u015e\u00f6b\u0259sind\u0259 zorak\u0131l\u0131\u011fa m\u0259ruz qald\u0131\u011f\u0131n\u0131 deyir - MEYDAN.TV<\/title>\n<meta name=\"robots\" content=\"index, follow, max-snippet:-1, max-image-preview:large, max-video-preview:-1\" \/>\n<link rel=\"canonical\" href=\"https:\/\/www.meydan.tv\/az\/article\/vekil-agsu-rayon-polis-sobesinde-zorakiliga-meruz-qaldigini-deyir\/\" \/>\n<meta property=\"og:locale\" content=\"az_AZ\" \/>\n<meta property=\"og:type\" content=\"article\" \/>\n<meta property=\"og:title\" content=\"V\u0259kil A\u011fsu Rayon Polis \u015e\u00f6b\u0259sind\u0259 zorak\u0131l\u0131\u011fa m\u0259ruz qald\u0131\u011f\u0131n\u0131 deyir - MEYDAN.TV\" \/>\n<meta property=\"og:description\" content=\"\u00a0\u201cYa\u015far adl\u0131 m\u00fcst\u0259ntiq m\u0259cburi \u015f\u0259kild\u0259 telefonumu \u0259limd\u0259n ald\u0131\u201d V\u0259kil Elvin ... Davam\u0131\" \/>\n<meta property=\"og:url\" content=\"https:\/\/www.meydan.tv\/az\/article\/vekil-agsu-rayon-polis-sobesinde-zorakiliga-meruz-qaldigini-deyir\/\" \/>\n<meta property=\"og:site_name\" content=\"MEYDAN.TV\" \/>\n<meta property=\"article:published_time\" content=\"2022-12-20T18:25:59+00:00\" \/>\n<meta property=\"article:modified_time\" content=\"2022-12-20T18:26:01+00:00\" \/>\n<meta property=\"og:image\" content=\"https:\/\/www.meydan.tv\/wp-content\/uploads\/photo-2022-12-20-21-29-30-e1671560751682.jpg\" \/>\n\t<meta property=\"og:image:width\" content=\"1200\" \/>\n\t<meta property=\"og:image:height\" content=\"651\" \/>\n\t<meta property=\"og:image:type\" content=\"image\/jpeg\" \/>\n<meta name=\"author\" content=\"elli\" \/>\n<meta name=\"twitter:card\" content=\"summary_large_image\" \/>\n<meta name=\"twitter:creator\" content=\"@elli\" \/>\n<script type=\"application\/ld+json\" class=\"yoast-schema-graph\">{\"@context\":\"https:\\\/\\\/schema.org\",\"@graph\":[{\"@type\":\"Article\",\"@id\":\"https:\\\/\\\/www.meydan.tv\\\/az\\\/article\\\/vekil-agsu-rayon-polis-sobesinde-zorakiliga-meruz-qaldigini-deyir\\\/#article\",\"isPartOf\":{\"@id\":\"https:\\\/\\\/www.meydan.tv\\\/az\\\/article\\\/vekil-agsu-rayon-polis-sobesinde-zorakiliga-meruz-qaldigini-deyir\\\/\"},\"author\":{\"name\":\"elli\",\"@id\":\"https:\\\/\\\/www.meydan.tv\\\/az\\\/#\\\/schema\\\/person\\\/9cdbecf90d17180ce1dfbd95b08dcf47\"},\"headline\":\"V\u0259kil A\u011fsu Rayon Polis \u015e\u00f6b\u0259sind\u0259 zorak\u0131l\u0131\u011fa m\u0259ruz qald\u0131\u011f\u0131n\u0131 deyir\",\"datePublished\":\"2022-12-20T18:25:59+00:00\",\"dateModified\":\"2022-12-20T18:26:01+00:00\",\"mainEntityOfPage\":{\"@id\":\"https:\\\/\\\/www.meydan.tv\\\/az\\\/article\\\/vekil-agsu-rayon-polis-sobesinde-zorakiliga-meruz-qaldigini-deyir\\\/\"},\"wordCount\":401,\"publisher\":{\"@id\":\"https:\\\/\\\/www.meydan.tv\\\/az\\\/#organization\"},\"image\":{\"@id\":\"https:\\\/\\\/www.meydan.tv\\\/az\\\/article\\\/vekil-agsu-rayon-polis-sobesinde-zorakiliga-meruz-qaldigini-deyir\\\/#primaryimage\"},\"thumbnailUrl\":\"https:\\\/\\\/www.meydan.tv\\\/wp-content\\\/uploads\\\/photo-2022-12-20-21-29-30-e1671560751682.jpg\",\"articleSection\":[\"B\u00f6lg\u0259\",\"X\u0259b\u0259rl\u0259r\"],\"inLanguage\":\"az\"},{\"@type\":\"WebPage\",\"@id\":\"https:\\\/\\\/www.meydan.tv\\\/az\\\/article\\\/vekil-agsu-rayon-polis-sobesinde-zorakiliga-meruz-qaldigini-deyir\\\/\",\"url\":\"https:\\\/\\\/www.meydan.tv\\\/az\\\/article\\\/vekil-agsu-rayon-polis-sobesinde-zorakiliga-meruz-qaldigini-deyir\\\/\",\"name\":\"V\u0259kil A\u011fsu Rayon Polis \u015e\u00f6b\u0259sind\u0259 zorak\u0131l\u0131\u011fa m\u0259ruz qald\u0131\u011f\u0131n\u0131 deyir - MEYDAN.TV\",\"isPartOf\":{\"@id\":\"https:\\\/\\\/www.meydan.tv\\\/az\\\/#website\"},\"primaryImageOfPage\":{\"@id\":\"https:\\\/\\\/www.meydan.tv\\\/az\\\/article\\\/vekil-agsu-rayon-polis-sobesinde-zorakiliga-meruz-qaldigini-deyir\\\/#primaryimage\"},\"image\":{\"@id\":\"https:\\\/\\\/www.meydan.tv\\\/az\\\/article\\\/vekil-agsu-rayon-polis-sobesinde-zorakiliga-meruz-qaldigini-deyir\\\/#primaryimage\"},\"thumbnailUrl\":\"https:\\\/\\\/www.meydan.tv\\\/wp-content\\\/uploads\\\/photo-2022-12-20-21-29-30-e1671560751682.jpg\",\"datePublished\":\"2022-12-20T18:25:59+00:00\",\"dateModified\":\"2022-12-20T18:26:01+00:00\",\"breadcrumb\":{\"@id\":\"https:\\\/\\\/www.meydan.tv\\\/az\\\/article\\\/vekil-agsu-rayon-polis-sobesinde-zorakiliga-meruz-qaldigini-deyir\\\/#breadcrumb\"},\"inLanguage\":\"az\",\"potentialAction\":[{\"@type\":\"ReadAction\",\"target\":[\"https:\\\/\\\/www.meydan.tv\\\/az\\\/article\\\/vekil-agsu-rayon-polis-sobesinde-zorakiliga-meruz-qaldigini-deyir\\\/\"]}]},{\"@type\":\"ImageObject\",\"inLanguage\":\"az\",\"@id\":\"https:\\\/\\\/www.meydan.tv\\\/az\\\/article\\\/vekil-agsu-rayon-polis-sobesinde-zorakiliga-meruz-qaldigini-deyir\\\/#primaryimage\",\"url\":\"https:\\\/\\\/www.meydan.tv\\\/wp-content\\\/uploads\\\/photo-2022-12-20-21-29-30-e1671560751682.jpg\",\"contentUrl\":\"https:\\\/\\\/www.meydan.tv\\\/wp-content\\\/uploads\\\/photo-2022-12-20-21-29-30-e1671560751682.jpg\",\"width\":1200,\"height\":651,\"caption\":\"Foto: Elvin Yusifovun \u015f\u0259xsi arxivind\u0259n\"},{\"@type\":\"BreadcrumbList\",\"@id\":\"https:\\\/\\\/www.meydan.tv\\\/az\\\/article\\\/vekil-agsu-rayon-polis-sobesinde-zorakiliga-meruz-qaldigini-deyir\\\/#breadcrumb\",\"itemListElement\":[{\"@type\":\"ListItem\",\"position\":1,\"name\":\"Ana s\u0259hif\u0259\",\"item\":\"https:\\\/\\\/www.meydan.tv\\\/az\\\/\"},{\"@type\":\"ListItem\",\"position\":2,\"name\":\"B\u00f6lg\u0259\",\"item\":\"https:\\\/\\\/www.meydan.tv\\\/az\\\/section\\\/bolge\\\/\"},{\"@type\":\"ListItem\",\"position\":3,\"name\":\"V\u0259kil A\u011fsu Rayon Polis \u015e\u00f6b\u0259sind\u0259 zorak\u0131l\u0131\u011fa m\u0259ruz qald\u0131\u011f\u0131n\u0131 deyir\"}]},{\"@type\":\"WebSite\",\"@id\":\"https:\\\/\\\/www.meydan.tv\\\/az\\\/#website\",\"url\":\"https:\\\/\\\/www.meydan.tv\\\/az\\\/\",\"name\":\"MEYDAN.TV\",\"description\":\"Meydan TV Az\u0259rbaycan\u0131n media m\u0259kan\u0131ndak\u0131 alternativ s\u0259sidir\",\"publisher\":{\"@id\":\"https:\\\/\\\/www.meydan.tv\\\/az\\\/#organization\"},\"potentialAction\":[{\"@type\":\"SearchAction\",\"target\":{\"@type\":\"EntryPoint\",\"urlTemplate\":\"https:\\\/\\\/www.meydan.tv\\\/az\\\/?s={search_term_string}\"},\"query-input\":{\"@type\":\"PropertyValueSpecification\",\"valueRequired\":true,\"valueName\":\"search_term_string\"}}],\"inLanguage\":\"az\"},{\"@type\":\"Organization\",\"@id\":\"https:\\\/\\\/www.meydan.tv\\\/az\\\/#organization\",\"name\":\"Meydan TV\",\"url\":\"https:\\\/\\\/www.meydan.tv\\\/az\\\/\",\"logo\":{\"@type\":\"ImageObject\",\"inLanguage\":\"az\",\"@id\":\"https:\\\/\\\/www.meydan.tv\\\/az\\\/#\\\/schema\\\/logo\\\/image\\\/\",\"url\":\"https:\\\/\\\/www.meydan.tv\\\/wp-content\\\/uploads\\\/2021\\\/07\\\/meydan-logo.svg\",\"contentUrl\":\"https:\\\/\\\/www.meydan.tv\\\/wp-content\\\/uploads\\\/2021\\\/07\\\/meydan-logo.svg\",\"width\":195,\"height\":46,\"caption\":\"Meydan TV\"},\"image\":{\"@id\":\"https:\\\/\\\/www.meydan.tv\\\/az\\\/#\\\/schema\\\/logo\\\/image\\\/\"}},{\"@type\":\"Person\",\"@id\":\"https:\\\/\\\/www.meydan.tv\\\/az\\\/#\\\/schema\\\/person\\\/9cdbecf90d17180ce1dfbd95b08dcf47\",\"name\":\"elli\",\"sameAs\":[\"https:\\\/\\\/x.com\\\/elli\"]}]}<\/script>\n<!-- \/ Yoast SEO plugin. -->","yoast_head_json":{"title":"V\u0259kil A\u011fsu Rayon Polis \u015e\u00f6b\u0259sind\u0259 zorak\u0131l\u0131\u011fa m\u0259ruz qald\u0131\u011f\u0131n\u0131 deyir - MEYDAN.TV","robots":{"index":"index","follow":"follow","max-snippet":"max-snippet:-1","max-image-preview":"max-image-preview:large","max-video-preview":"max-video-preview:-1"},"canonical":"https:\/\/www.meydan.tv\/az\/article\/vekil-agsu-rayon-polis-sobesinde-zorakiliga-meruz-qaldigini-deyir\/","og_locale":"az_AZ","og_type":"article","og_title":"V\u0259kil A\u011fsu Rayon Polis \u015e\u00f6b\u0259sind\u0259 zorak\u0131l\u0131\u011fa m\u0259ruz qald\u0131\u011f\u0131n\u0131 deyir - MEYDAN.TV","og_description":"\u00a0\u201cYa\u015far adl\u0131 m\u00fcst\u0259ntiq m\u0259cburi \u015f\u0259kild\u0259 telefonumu \u0259limd\u0259n ald\u0131\u201d V\u0259kil Elvin ... Davam\u0131","og_url":"https:\/\/www.meydan.tv\/az\/article\/vekil-agsu-rayon-polis-sobesinde-zorakiliga-meruz-qaldigini-deyir\/","og_site_name":"MEYDAN.TV","article_published_time":"2022-12-20T18:25:59+00:00","article_modified_time":"2022-12-20T18:26:01+00:00","og_image":[{"width":1200,"height":651,"url":"https:\/\/www.meydan.tv\/wp-content\/uploads\/photo-2022-12-20-21-29-30-e1671560751682.jpg","type":"image\/jpeg"}],"author":"elli","twitter_card":"summary_large_image","twitter_creator":"@elli","schema":{"@context":"https:\/\/schema.org","@graph":[{"@type":"Article","@id":"https:\/\/www.meydan.tv\/az\/article\/vekil-agsu-rayon-polis-sobesinde-zorakiliga-meruz-qaldigini-deyir\/#article","isPartOf":{"@id":"https:\/\/www.meydan.tv\/az\/article\/vekil-agsu-rayon-polis-sobesinde-zorakiliga-meruz-qaldigini-deyir\/"},"author":{"name":"elli","@id":"https:\/\/www.meydan.tv\/az\/#\/schema\/person\/9cdbecf90d17180ce1dfbd95b08dcf47"},"headline":"V\u0259kil A\u011fsu Rayon Polis \u015e\u00f6b\u0259sind\u0259 zorak\u0131l\u0131\u011fa m\u0259ruz qald\u0131\u011f\u0131n\u0131 deyir","datePublished":"2022-12-20T18:25:59+00:00","dateModified":"2022-12-20T18:26:01+00:00","mainEntityOfPage":{"@id":"https:\/\/www.meydan.tv\/az\/article\/vekil-agsu-rayon-polis-sobesinde-zorakiliga-meruz-qaldigini-deyir\/"},"wordCount":401,"publisher":{"@id":"https:\/\/www.meydan.tv\/az\/#organization"},"image":{"@id":"https:\/\/www.meydan.tv\/az\/article\/vekil-agsu-rayon-polis-sobesinde-zorakiliga-meruz-qaldigini-deyir\/#primaryimage"},"thumbnailUrl":"https:\/\/www.meydan.tv\/wp-content\/uploads\/photo-2022-12-20-21-29-30-e1671560751682.jpg","articleSection":["B\u00f6lg\u0259","X\u0259b\u0259rl\u0259r"],"inLanguage":"az"},{"@type":"WebPage","@id":"https:\/\/www.meydan.tv\/az\/article\/vekil-agsu-rayon-polis-sobesinde-zorakiliga-meruz-qaldigini-deyir\/","url":"https:\/\/www.meydan.tv\/az\/article\/vekil-agsu-rayon-polis-sobesinde-zorakiliga-meruz-qaldigini-deyir\/","name":"V\u0259kil A\u011fsu Rayon Polis \u015e\u00f6b\u0259sind\u0259 zorak\u0131l\u0131\u011fa m\u0259ruz qald\u0131\u011f\u0131n\u0131 deyir - MEYDAN.TV","isPartOf":{"@id":"https:\/\/www.meydan.tv\/az\/#website"},"primaryImageOfPage":{"@id":"https:\/\/www.meydan.tv\/az\/article\/vekil-agsu-rayon-polis-sobesinde-zorakiliga-meruz-qaldigini-deyir\/#primaryimage"},"image":{"@id":"https:\/\/www.meydan.tv\/az\/article\/vekil-agsu-rayon-polis-sobesinde-zorakiliga-meruz-qaldigini-deyir\/#primaryimage"},"thumbnailUrl":"https:\/\/www.meydan.tv\/wp-content\/uploads\/photo-2022-12-20-21-29-30-e1671560751682.jpg","datePublished":"2022-12-20T18:25:59+00:00","dateModified":"2022-12-20T18:26:01+00:00","breadcrumb":{"@id":"https:\/\/www.meydan.tv\/az\/article\/vekil-agsu-rayon-polis-sobesinde-zorakiliga-meruz-qaldigini-deyir\/#breadcrumb"},"inLanguage":"az","potentialAction":[{"@type":"ReadAction","target":["https:\/\/www.meydan.tv\/az\/article\/vekil-agsu-rayon-polis-sobesinde-zorakiliga-meruz-qaldigini-deyir\/"]}]},{"@type":"ImageObject","inLanguage":"az","@id":"https:\/\/www.meydan.tv\/az\/article\/vekil-agsu-rayon-polis-sobesinde-zorakiliga-meruz-qaldigini-deyir\/#primaryimage","url":"https:\/\/www.meydan.tv\/wp-content\/uploads\/photo-2022-12-20-21-29-30-e1671560751682.jpg","contentUrl":"https:\/\/www.meydan.tv\/wp-content\/uploads\/photo-2022-12-20-21-29-30-e1671560751682.jpg","width":1200,"height":651,"caption":"Foto: Elvin Yusifovun \u015f\u0259xsi arxivind\u0259n"},{"@type":"BreadcrumbList","@id":"https:\/\/www.meydan.tv\/az\/article\/vekil-agsu-rayon-polis-sobesinde-zorakiliga-meruz-qaldigini-deyir\/#breadcrumb","itemListElement":[{"@type":"ListItem","position":1,"name":"Ana s\u0259hif\u0259","item":"https:\/\/www.meydan.tv\/az\/"},{"@type":"ListItem","position":2,"name":"B\u00f6lg\u0259","item":"https:\/\/www.meydan.tv\/az\/section\/bolge\/"},{"@type":"ListItem","position":3,"name":"V\u0259kil A\u011fsu Rayon Polis \u015e\u00f6b\u0259sind\u0259 zorak\u0131l\u0131\u011fa m\u0259ruz qald\u0131\u011f\u0131n\u0131 deyir"}]},{"@type":"WebSite","@id":"https:\/\/www.meydan.tv\/az\/#website","url":"https:\/\/www.meydan.tv\/az\/","name":"MEYDAN.TV","description":"Meydan TV Az\u0259rbaycan\u0131n media m\u0259kan\u0131ndak\u0131 alternativ s\u0259sidir","publisher":{"@id":"https:\/\/www.meydan.tv\/az\/#organization"},"potentialAction":[{"@type":"SearchAction","target":{"@type":"EntryPoint","urlTemplate":"https:\/\/www.meydan.tv\/az\/?s={search_term_string}"},"query-input":{"@type":"PropertyValueSpecification","valueRequired":true,"valueName":"search_term_string"}}],"inLanguage":"az"},{"@type":"Organization","@id":"https:\/\/www.meydan.tv\/az\/#organization","name":"Meydan TV","url":"https:\/\/www.meydan.tv\/az\/","logo":{"@type":"ImageObject","inLanguage":"az","@id":"https:\/\/www.meydan.tv\/az\/#\/schema\/logo\/image\/","url":"https:\/\/www.meydan.tv\/wp-content\/uploads\/2021\/07\/meydan-logo.svg","contentUrl":"https:\/\/www.meydan.tv\/wp-content\/uploads\/2021\/07\/meydan-logo.svg","width":195,"height":46,"caption":"Meydan TV"},"image":{"@id":"https:\/\/www.meydan.tv\/az\/#\/schema\/logo\/image\/"}},{"@type":"Person","@id":"https:\/\/www.meydan.tv\/az\/#\/schema\/person\/9cdbecf90d17180ce1dfbd95b08dcf47","name":"elli","sameAs":["https:\/\/x.com\/elli"]}]}},"_links":{"self":[{"href":"https:\/\/www.meydan.tv\/az\/wp-json\/wp\/v2\/posts\/263970","targetHints":{"allow":["GET"]}}],"collection":[{"href":"https:\/\/www.meydan.tv\/az\/wp-json\/wp\/v2\/posts"}],"about":[{"href":"https:\/\/www.meydan.tv\/az\/wp-json\/wp\/v2\/types\/post"}],"author":[{"embeddable":true,"href":"https:\/\/www.meydan.tv\/az\/wp-json\/wp\/v2\/users\/8"}],"replies":[{"embeddable":true,"href":"https:\/\/www.meydan.tv\/az\/wp-json\/wp\/v2\/comments?post=263970"}],"version-history":[{"count":1,"href":"https:\/\/www.meydan.tv\/az\/wp-json\/wp\/v2\/posts\/263970\/revisions"}],"predecessor-version":[{"id":263971,"href":"https:\/\/www.meydan.tv\/az\/wp-json\/wp\/v2\/posts\/263970\/revisions\/263971"}],"wp:featuredmedia":[{"embeddable":true,"href":"https:\/\/www.meydan.tv\/az\/wp-json\/wp\/v2\/media\/263967"}],"wp:attachment":[{"href":"https:\/\/www.meydan.tv\/az\/wp-json\/wp\/v2\/media?parent=263970"}],"wp:term":[{"taxonomy":"category","embeddable":true,"href":"https:\/\/www.meydan.tv\/az\/wp-json\/wp\/v2\/categories?post=263970"},{"taxonomy":"post_tag","embeddable":true,"href":"https:\/\/www.meydan.tv\/az\/wp-json\/wp\/v2\/tags?post=263970"}],"curies":[{"name":"wp","href":"https:\/\/api.w.org\/{rel}","templated":true}]}}