{"id":263958,"date":"2022-12-20T17:54:54","date_gmt":"2022-12-20T13:54:54","guid":{"rendered":"https:\/\/www.meydan.tv\/?p=263958"},"modified":"2022-12-21T01:25:51","modified_gmt":"2022-12-20T21:25:51","slug":"azerbaycan-kinosu-2022-gozlentiler-ve-yasananlar","status":"publish","type":"post","link":"https:\/\/www.meydan.tv\/az\/article\/azerbaycan-kinosu-2022-gozlentiler-ve-yasananlar\/","title":{"rendered":"<strong>Az\u0259rbaycan kinosu-2022: G\u00f6zl\u0259ntil\u0259r v\u0259 ya\u015fananlar&#8230;<\/strong>"},"content":{"rendered":"\n<p><\/p>\n\n\n\n<p><em>&#8220;\u0130lk d\u0259f\u0259 tammetrajl\u0131 b\u0259dii film istehsal\u0131na pul ayr\u0131l\u0131r, amma film istehsal olunmur&#8221;<\/em><\/p>\n\n\n\n<p>2022-ci il yekunla\u015fmaq \u00fczr\u0259dir.<\/p>\n\n\n\n<p>Bu il m\u0259d\u0259niyy\u0259tin m\u00fcxt\u0259lif sah\u0259l\u0259rind\u0259 hans\u0131 hadis\u0259l\u0259rl\u0259 v\u0259 yenilikl\u0259rl\u0259 yadda qald\u0131?<\/p>\n\n\n\n<p>\u0130lk olaraq kinodan ba\u015flay\u0131r\u0131q, \u00e7\u00fcnki m\u0259d\u0259niyy\u0259tin dig\u0259r sah\u0259l\u0259rind\u0259n f\u0259rqli olaraq kino daim ictimaiyy\u0259tin, median\u0131n, kino t\u0259nqid\u00e7il\u0259rinin, bir s\u00f6zl\u0259, ham\u0131n\u0131n diqq\u0259t m\u0259rk\u0259zind\u0259dir.<\/p>\n\n\n\n<p>Kino\u015f\u00fcnaslar ilin yekunu il\u0259 \u0259laq\u0259dar fikir v\u0259 \u015f\u0259rhl\u0259rini Meydan TV il\u0259 b\u00f6l\u00fc\u015f\u00fcbl\u0259r.<\/p>\n\n\n\n<p><strong>Az\u0259rbaycan\u0131n kino tarixind\u0259 ilk, amma&#8230;<\/strong><\/p>\n\n\n\n<p>Kino t\u0259nqid\u00e7isi Sevda Sultanova deyir ki, bu il kino sah\u0259sind\u0259 \u0259sas hadis\u0259 Prezidentin &#8220;Kino Agentliyinin yarad\u0131lmas\u0131 v\u0259 Agentliyin f\u0259aliyy\u0259tinin t\u0259min edilm\u0259si haqq\u0131nda&#8221; imzalad\u0131\u011f\u0131 f\u0259rmanlard\u0131r.<\/p>\n\n\n\n<p>Onun s\u00f6zl\u0259rin\u0259 g\u00f6r\u0259, \u00f6t\u0259n il m\u0259d\u0259niyy\u0259t naziri Anar K\u0259rimov 2022-ci ild\u0259 Qaraba\u011fla ba\u011fl\u0131 b\u0259dii filmin \u00e7\u0259kil\u0259c\u0259yini demi\u015fdi. Amma bu il n\u0259inki Qaraba\u011fla ba\u011fl\u0131, \u00fcmumiyy\u0259tl\u0259, bir tammetrajl\u0131 b\u0259dii film istehsal olunmay\u0131b.<\/p>\n\n\n\n<p>Az\u0259rbaycan\u0131n kino tarixind\u0259 ilk d\u0259f\u0259dir ki, tammetrajl\u0131 b\u0259dii film istehsal\u0131na pul ayr\u0131l\u0131r, amma h\u0259min pula film istehsal olunmur. Bundan ba\u015fqa, \u00f6t\u0259n il \u00e7\u0259kilmi\u015f \u00fc\u00e7 filmin (\u201cH\u0259yat, dey\u0259s\u0259n g\u00f6z\u0259ldir\u201d, \u201cM\u0259ry\u0259m\u201d, \u201cM\u0259rm\u0259r soyu\u011fu\u201d) h\u0259l\u0259 d\u0259 yerli premyeras\u0131 olmay\u0131b.<\/p>\n\n\n\n<figure class=\"wp-block-image size-large\"><img decoding=\"async\" width=\"1186\" height=\"821\" data-src=\"https:\/\/www.meydan.tv\/wp-content\/uploads\/anar_karimov-e1671021011169-1186x821.jpeg\" alt=\"\" class=\"wp-image-249332 lazyload\" src=\"data:image\/svg+xml;base64,PHN2ZyB3aWR0aD0iMSIgaGVpZ2h0PSIxIiB4bWxucz0iaHR0cDovL3d3dy53My5vcmcvMjAwMC9zdmciPjwvc3ZnPg==\" style=\"--smush-placeholder-width: 1186px; --smush-placeholder-aspect-ratio: 1186\/821;\" \/><figcaption class=\"wp-element-caption\">M\u0259d\u0259niyy\u0259t naziri Anar K\u0259rimov<\/figcaption><\/figure>\n\n\n\n<p><strong>&#8220;Tammetrajl\u0131 b\u0259dii film layih\u0259l\u0259rin\u0259 d\u0259st\u0259k\u201d m\u00fcsabiq\u0259sinin 7 qalibin\u0259 \u00e7atacaq pullar \u00f6d\u0259nilm\u0259yib&#8221;<\/strong><\/p>\n\n\n\n<p>Sevda Sultanova qeyd edib ki, nazirliyin \u00f6t\u0259n il t\u0259\u015fkil etdiyi, 300 min manat d\u0259st\u0259k fondu olan \u201cTammetrajl\u0131 b\u0259dii film layih\u0259l\u0259rin\u0259 d\u0259st\u0259k\u201d m\u00fcsabiq\u0259sinin 7 qalibin\u0259 \u00e7atacaq pullar bu g\u00fcn\u0259d\u0259k \u00f6d\u0259nilm\u0259yib.<\/p>\n\n\n\n<p><strong>&#8220;\u201cQar\u0131nqulu\u201ddan x\u0259b\u0259r-\u0259t\u0259r yoxdur&#8221;<\/strong><\/p>\n\n\n\n<p>&#8220;Bir ne\u00e7\u0259 ildir istehsal olunan, b\u00fcdc\u0259si 300 min manata yax\u0131n olan \u201cQar\u0131nqulu\u201d animasiya layih\u0259sind\u0259n x\u0259b\u0259r-\u0259t\u0259r yoxdur&#8221;, &#8211; dey\u0259 o bildirib.<\/p>\n\n\n\n<p>Onun fikrinc\u0259, hadis\u0259l\u0259rd\u0259n biri yax\u0131nlarda nazir Anar K\u0259rimovun kino ictimaiyy\u0259ti il\u0259 g\u00f6r\u00fc\u015f\u00fc olub.<\/p>\n\n\n\n<p><strong>Nazirin ictimaiyy\u0259t\u0259 a\u00e7\u0131qlanmayan g\u00f6r\u00fc\u015f\u00fc&#8230;<\/strong><\/p>\n\n\n\n<p>G\u00f6r\u00fc\u015f\u0259 m\u0259tbuat burax\u0131lmad\u0131\u011f\u0131ndan detallar\u0131 ictimaiyy\u0259t\u0259 ayd\u0131n deyil: &#8220;Amma bir ne\u00e7\u0259 i\u015ftirak\u00e7\u0131dan ald\u0131\u011f\u0131m m\u0259lumata g\u00f6r\u0259, g\u00f6r\u00fc\u015f g\u00f6zl\u0259nildiyi kimi produktiv ke\u00e7m\u0259yib&#8221;.<\/p>\n\n\n\n<p>T\u00fcrkiy\u0259 il\u0259 bu il n\u00fcmayi\u015fi n\u0259z\u0259rd\u0259 tutulmu\u015f \u0130kinci Qaraba\u011f haqda birg\u0259 serial\u0131n istehsal\u0131 hans\u0131sa s\u0259b\u0259bl\u0259rd\u0259n g\u0259l\u0259n il\u0259 qal\u0131b.<\/p>\n\n\n\n<p><strong>Tendersiz ba\u015f tutan layih\u0259&#8230;<\/strong><\/p>\n\n\n\n<p>&#8220;\u0130l \u0259rzind\u0259 m\u00fcxt\u0259lif kino t\u0259dbirl\u0259ri ba\u015f tutsa da, onlar\u0131n milli kinomuza faydas\u0131ndan dan\u0131\u015fmaq \u00e7\u0259tindir. Misal \u00fc\u00e7\u00fcn, nazirliyin d\u0259st\u0259k verdiyi, n\u0259z\u0259ri bir layih\u0259 olan \u201cInteract Film Lab\u201d layih\u0259sin\u0259 x\u0259rcl\u0259nmi\u015f 385, 270 manat h\u0259dd\u0259n art\u0131q b\u00f6y\u00fck v\u0259 faydas\u0131z yer\u0259 s\u0259rf edilmi\u015f m\u0259bl\u0259\u011fdir. \u00dcst\u0259lik, layih\u0259 tendersiz ba\u015f tutub, hesabat \u015f\u0259ffafl\u0131\u011f\u0131 yoxdur. Bu m\u0259bl\u0259\u011fin rejissorlar\u0131m\u0131za film \u00e7\u0259km\u0259l\u0259ri \u00fc\u00e7\u00fcn verilm\u0259si m\u0259qs\u0259d\u0259uy\u011fun idi&#8221;, &#8211; dey\u0259 kinot\u0259nqid\u00e7i qeyd edib.<\/p>\n\n\n\n<figure class=\"wp-block-image size-large\"><img decoding=\"async\" width=\"1152\" height=\"821\" data-src=\"https:\/\/www.meydan.tv\/wp-content\/uploads\/seva-1152x821.jpg\" alt=\"\" class=\"wp-image-226742 lazyload\" src=\"data:image\/svg+xml;base64,PHN2ZyB3aWR0aD0iMSIgaGVpZ2h0PSIxIiB4bWxucz0iaHR0cDovL3d3dy53My5vcmcvMjAwMC9zdmciPjwvc3ZnPg==\" style=\"--smush-placeholder-width: 1152px; --smush-placeholder-aspect-ratio: 1152\/821;\" \/><figcaption class=\"wp-element-caption\">Sevda Sultanova, Foto: Kulis.az<\/figcaption><\/figure>\n\n\n\n<p>&#8220;G\u00f6r\u00fcnd\u00fcy\u00fc kimi, bu il m\u00fcsb\u0259t m\u0259nada yaddaqalan hadis\u0259 Kino Agentliyinin yaranmas\u0131d\u0131r. Bir d\u0259 Az\u0259rbaycanda yegan\u0259 akademik kinojurnal\u0131 olan \u201cFokus\u201dun n\u00f6vb\u0259ti say\u0131n\u0131n yay\u0131mlanmas\u0131n\u0131 qeyd etm\u0259k olar&#8221;, &#8211; deyir Sevda Sultanova.<\/p>\n\n\n\n<p><strong>&#8220;Az\u0259rbaycan kinosu \u00fc\u00e7\u00fcn q\u0259na\u0259tb\u0259x\u015f il olmad\u0131&#8221;<\/strong><\/p>\n\n\n\n<p>Kino\u015f\u00fcnas Hac\u0131 S\u0259f\u0259rov da illik hesabatlarla ba\u011fl\u0131 \u015f\u0259rhini Meydan TV il\u0259 b\u00f6l\u00fc\u015f\u00fcb.<\/p>\n\n\n\n<p>O da d\u00fc\u015f\u00fcn\u00fcr ki, bu il Az\u0259rbaycan kinosu \u00fc\u00e7\u00fcn kifay\u0259t q\u0259d\u0259r produktiv olmay\u0131b: <\/p>\n\n\n\n<p>&#8220;B\u00fcdc\u0259d\u0259n h\u0259r il kinoya t\u0259xmin\u0259n 6,5 milyon manat v\u0259sait ayr\u0131lsa da, bir d\u0259n\u0259 d\u0259 olsun b\u0259dii film istehsalata burax\u0131lmad\u0131. \u201cTammetrajl\u0131 b\u0259dii film layih\u0259l\u0259rin\u0259 d\u0259st\u0259k\u201d m\u00fcsabiq\u0259sinin 7 qalibl\u0259rinin pullar\u0131 \u00f6d\u0259nilm\u0259yib v\u0259 bu m\u0259s\u0259l\u0259 Az\u0259rbaycan kinosunun \u0259sas problemi olaraq qal\u0131r.<br>Hesablama Palatas\u0131n\u0131n kino il\u0259 ba\u011fl\u0131 yayd\u0131\u011f\u0131 m\u0259lumatda qanuna uy\u011funsuzluqlar\u0131n a\u015fkarland\u0131\u011f\u0131 bildirilirdi. Bu bax\u0131mdan g\u00f6r\u00fcr\u00fck ki, he\u00e7 d\u0259 Az\u0259rbaycan kinosu \u00fc\u00e7\u00fcn q\u0259na\u0259tb\u0259x\u015f il olmay\u0131b&#8221;.<\/p>\n\n\n\n<p><strong>&#8220;Hans\u0131sa filmin festivalda i\u015ftirak\u0131 kino s\u0259nayesinin inki\u015faf\u0131na t\u00f6hf\u0259 vermir&#8221;<\/strong><\/p>\n\n\n\n<p>&#8220;B\u0259zi m\u00fcst\u0259qil v\u0259 d\u00f6vl\u0259t sifari\u015fi il\u0259 \u00e7\u0259kil\u0259n filml\u0259r beyn\u0259lxalq festivallarda m\u00fckafatlar qazand\u0131. Lakin bu, kifay\u0259t deyil. T\u0259cr\u00fcb\u0259miz\u0259 \u0259saslanaraq dey\u0259 bil\u0259rik ki, hans\u0131sa filmin festivalda i\u015ftirak\u0131 Az\u0259rbaycanda kino s\u0259nayesinin inki\u015faf\u0131na t\u00f6hf\u0259 vermir. H\u0259r \u015fey oldu\u011fu kimi qal\u0131r. Rejissorlar g\u00f6zl\u0259yirl\u0259r ki, d\u00f6vl\u0259t n\u0259 vaxtsa, r\u0259hmi g\u0259l\u0259c\u0259k v\u0259 onlara yenid\u0259n film \u00e7\u0259km\u0259k \u00fc\u00e7\u00fcn \u015fans yaradacaq&#8221;, &#8211; dey\u0259 o qeyd edib.<\/p>\n\n\n\n<p><strong>&#8220;Kino Agentliyi yarad\u0131lsa da, Az\u0259rbaycan kinosu bu il d\u0259 yerind\u0259 say\u0131b&#8221;<\/strong><\/p>\n\n\n\n<p>Kino\u015f\u00fcnas deyir ki, Kino Agentliyi yarad\u0131lsa da, Az\u0259rbaycan kinosu bu il d\u0259 yerind\u0259 say\u0131b: <\/p>\n\n\n\n<p>&#8220;Az\u0259rbaycan kinosunda son bir ild\u0259 ba\u015f ver\u0259n \u0259n yax\u015f\u0131 hadis\u0259l\u0259rd\u0259n, \u0259n az\u0131ndan ka\u011f\u0131z \u00fcz\u0259rind\u0259 olsa da, Az\u0259rbaycan Respublikas\u0131 Kino Agentliyinin yarad\u0131lmas\u0131 oldu. Agentliyin kinonun inki\u015faf\u0131ndak\u0131 roluna g\u0259linc\u0259, burada da yen\u0259 v\u0259ziyy\u0259t idar\u0259\u00e7ilikd\u0259n as\u0131l\u0131 olacaq. \u018fsas sual do\u011furan m\u0259qam budur. Bunu is\u0259 zaman g\u00f6st\u0259r\u0259c\u0259k. \u00dcmumilikd\u0259, Az\u0259rbaycan kinosu yerind\u0259 sayd\u0131, qaba\u011fa ged\u0259 bilm\u0259di&#8221;.<\/p>\n\n\n\n<figure class=\"wp-block-image size-large\"><img decoding=\"async\" width=\"1200\" height=\"677\" data-src=\"https:\/\/www.meydan.tv\/wp-content\/uploads\/screenshot-2022-10-19-at-13.38.35-1200x677.png\" alt=\"\" class=\"wp-image-258708 lazyload\" src=\"data:image\/svg+xml;base64,PHN2ZyB3aWR0aD0iMSIgaGVpZ2h0PSIxIiB4bWxucz0iaHR0cDovL3d3dy53My5vcmcvMjAwMC9zdmciPjwvc3ZnPg==\" style=\"--smush-placeholder-width: 1200px; --smush-placeholder-aspect-ratio: 1200\/677;\" \/><figcaption class=\"wp-element-caption\">Hac\u0131 S\u0259f\u0259rov<\/figcaption><\/figure>\n\n\n\n<p><strong>&#8220;&#8230;\u0259vv\u0259lki ill\u0259rl\u0259 m\u00fcqayis\u0259d\u0259 aktivlik daha \u00e7oxdur&#8221;<\/strong><\/p>\n\n\n\n<p>&#8220;Amma \u00f6lk\u0259d\u0259 ke\u00e7iril\u0259n festivallarda \u2013 \u201cAnimafilm\u201d Beyn\u0259lxalq Animasiya Festival\u0131, Bak\u0131 Beyn\u0259lxalq Q\u0131sa Filml\u0259r Festival\u0131, \u201cDokuBaku\u201d Beyn\u0259lxalq S\u0259n\u0259dli Film Festival\u0131, \u201cSevil\u201dBeyn\u0259lxalq Qad\u0131n S\u0259n\u0259dli Film Festival\u0131nda g\u00f6rd\u00fck ki, \u0259vv\u0259lki ill\u0259rl\u0259 m\u00fcqayis\u0259d\u0259 aktivlik daha \u00e7oxdur. S\u0259b\u0259bi d\u0259 odur ki, bu festivallar davaml\u0131 olaraq ke\u00e7irilir. M\u00fc\u0259yy\u0259n bir festival \u0259n\u0259n\u0259si yaran\u0131r, izl\u0259yicil\u0259ri formala\u015f\u0131r. Bu c\u00fcr t\u0259dbirl\u0259rin ke\u00e7irilm\u0259si Az\u0259rbaycan\u0131n kino \u00f6lk\u0259si kimi tan\u0131nmas\u0131 \u00fc\u00e7\u00fcn \u00e7ox vacibdir. Ona g\u00f6r\u0259 d\u0259 bu istiqam\u0259td\u0259 i\u015fl\u0259r g\u00f6r\u00fclm\u0259lidir&#8221;, &#8211; Hac\u0131 S\u0259f\u0259rov bel\u0259 deyib.<\/p>\n\n\n\n<p>M\u0259d\u0259niyy\u0259t naziri Anar K\u0259rimov 2021-ci ilin yekunlar\u0131 il\u0259 \u0259laq\u0259dar ke\u00e7iril\u0259n t\u0259dbird\u0259 n\u00f6vb\u0259ti ilin strategiyas\u0131 haqq\u0131nda <a href=\"https:\/\/d9mc3ts4czbpr.cloudfront.net\/az\/article\/anar-kerimov-azerbaycanda-teatr-agentliyinin-yaradila-biler\/\" target=\"_blank\" rel=\"noreferrer noopener\">dan\u0131\u015fm\u0131\u015fd\u0131<\/a>.<\/p>\n\n\n\n<p>Bildirmi\u015fdi ki, 2022-ci ild\u0259 Kino Agentliyi yarad\u0131lacaq, \u0130kinci Qaraba\u011f m\u00fcharib\u0259si haqq\u0131nda film \u00e7\u0259kil\u0259c\u0259k v\u0259 \u201cNetflix\u201d kino platformas\u0131nda n\u00fcmayi\u015f olunacaq.<\/p>\n\n\n\n<p>Bunlardan yaln\u0131z Az\u0259rbaycan Respublikas\u0131 Kino Agentliyinin f\u0259aliyy\u0259ti il\u0259 ba\u011fl\u0131 s\u0259n\u0259d imzalan\u0131b.<\/p>\n\n\n\n<p>Kino Agentliyinin yarad\u0131lmas\u0131 il\u0259 ba\u011fl\u0131 s\u0259r\u0259ncam Prezident \u0130lham \u018fliyev 2022-ci il aprelin 20-d\u0259 <a href=\"https:\/\/president.az\/az\/articles\/view\/55851\" target=\"_blank\" rel=\"noreferrer noopener\">imzalay\u0131b.<\/a><\/p>\n\n\n\n<p>Kino Agentliyinin ilkin nizamnam\u0259 fondu 100 000 (y\u00fcz min) manat t\u0259\u015fkil edir v\u0259 d\u00f6vl\u0259t b\u00fcdc\u0259sinin v\u0259saiti hesab\u0131na <a href=\"https:\/\/d9mc3ts4czbpr.cloudfront.net\/az\/article\/budceden-kino-agentliyinin-fealiyyetine-100-min-manat-ayrildi\/\" target=\"_blank\" rel=\"noreferrer noopener\">formala\u015f\u0131r.<\/a><\/p>\n\n\n\n<p>\u0130kinci Qaraba\u011f m\u00fcharib\u0259si haqq\u0131nda \u00e7\u0259kilm\u0259si n\u0259z\u0259rd\u0259 tutulan s\u0259kkiz seriyal\u0131 b\u0259dii filmin istehsal prosesi 2022-ci il\u0259 planla\u015fd\u0131r\u0131lsa da, 2023-c\u00fc il\u0259 qal\u0131b.<\/p>\n\n\n\n<p>Filmi T\u00fcrkiy\u0259nin \u201cBozda\u011f Film\u201d Yap\u0131m Prod\u00fcksiyon Reklam \u0130n\u015faat Turizm Sanayi Ticaret Anonim \u015eirk\u0259ti \u00e7\u0259k\u0259c\u0259k.<\/p>\n\n\n\n<p>Filmin \u00fcmumi b\u00fcdc\u0259si 1 milyon 700 min dollar t\u0259\u015fkil edir.<\/p>\n\n\n\n<p>Serial \u00e7\u0259kili\u015fi \u00fc\u00e7\u00fcn film b\u00fcdc\u0259sinin yar\u0131s\u0131n\u0131n x\u0259rcl\u0259nm\u0259si kinematorqaf\u00e7\u0131lar, film t\u0259nqid\u00e7il\u0259rinin naraz\u0131l\u0131\u011f\u0131na s\u0259b\u0259b <a href=\"https:\/\/d9mc3ts4czbpr.cloudfront.net\/az\/article\/kinoya-ayrilan-pulun-televiziyaya-xerclenmesi-absurddur\/\" target=\"_blank\" rel=\"noreferrer noopener\">olmu\u015fdu<\/a>.<\/p>\n","protected":false},"excerpt":{"rendered":"<p>&#8220;\u0130lk d\u0259f\u0259 tammetrajl\u0131 b\u0259dii film istehsal\u0131na pul ayr\u0131l\u0131r, amma film &#8230; <\/p>\n<p class=\"read-more-container\"><a title=\"Az\u0259rbaycan kinosu-2022: G\u00f6zl\u0259ntil\u0259r v\u0259 ya\u015fananlar&#8230;\" class=\"read-more button\" href=\"https:\/\/www.meydan.tv\/az\/article\/azerbaycan-kinosu-2022-gozlentiler-ve-yasananlar\/#more-263958\" aria-label=\"Read more about Az\u0259rbaycan kinosu-2022: G\u00f6zl\u0259ntil\u0259r v\u0259 ya\u015fananlar&#8230;\">Davam\u0131<\/a><\/p>\n","protected":false},"author":8,"featured_media":242701,"comment_status":"closed","ping_status":"closed","sticky":false,"template":"","format":"standard","meta":{"_acf_changed":false,"_sitemap_exclude":false,"_sitemap_priority":"","_sitemap_frequency":"","footnotes":""},"categories":[52,56],"tags":[],"class_list":["post-263958","post","type-post","status-publish","format-standard","has-post-thumbnail","hentry","category-medeniyyet","category-xeberler","infinite-scroll-item","generate-columns","tablet-grid-50","mobile-grid-100","grid-parent","grid-33","no-featured-image-padding"],"acf":[],"yoast_head":"<!-- This site is optimized with the Yoast SEO plugin v27.4 - https:\/\/yoast.com\/product\/yoast-seo-wordpress\/ -->\n<title>Az\u0259rbaycan kinosu-2022: G\u00f6zl\u0259ntil\u0259r v\u0259 ya\u015fananlar... - MEYDAN.TV<\/title>\n<meta name=\"robots\" content=\"index, follow, max-snippet:-1, max-image-preview:large, max-video-preview:-1\" \/>\n<link rel=\"canonical\" href=\"https:\/\/www.meydan.tv\/az\/article\/azerbaycan-kinosu-2022-gozlentiler-ve-yasananlar\/\" \/>\n<meta property=\"og:locale\" content=\"az_AZ\" \/>\n<meta property=\"og:type\" content=\"article\" \/>\n<meta property=\"og:title\" content=\"Az\u0259rbaycan kinosu-2022: G\u00f6zl\u0259ntil\u0259r v\u0259 ya\u015fananlar... - MEYDAN.TV\" \/>\n<meta property=\"og:description\" content=\"&#8220;\u0130lk d\u0259f\u0259 tammetrajl\u0131 b\u0259dii film istehsal\u0131na pul ayr\u0131l\u0131r, amma film ... Davam\u0131\" \/>\n<meta property=\"og:url\" content=\"https:\/\/www.meydan.tv\/az\/article\/azerbaycan-kinosu-2022-gozlentiler-ve-yasananlar\/\" \/>\n<meta property=\"og:site_name\" content=\"MEYDAN.TV\" \/>\n<meta property=\"article:published_time\" content=\"2022-12-20T13:54:54+00:00\" \/>\n<meta property=\"article:modified_time\" content=\"2022-12-20T21:25:51+00:00\" \/>\n<meta property=\"og:image\" content=\"https:\/\/www.meydan.tv\/wp-content\/uploads\/shutterstock_1914661585.jpg\" \/>\n\t<meta property=\"og:image:width\" content=\"1200\" \/>\n\t<meta property=\"og:image:height\" content=\"794\" \/>\n\t<meta property=\"og:image:type\" content=\"image\/jpeg\" \/>\n<meta name=\"author\" content=\"elli\" \/>\n<meta name=\"twitter:card\" content=\"summary_large_image\" \/>\n<meta name=\"twitter:creator\" content=\"@elli\" \/>\n<script type=\"application\/ld+json\" class=\"yoast-schema-graph\">{\"@context\":\"https:\\\/\\\/schema.org\",\"@graph\":[{\"@type\":\"Article\",\"@id\":\"https:\\\/\\\/www.meydan.tv\\\/az\\\/article\\\/azerbaycan-kinosu-2022-gozlentiler-ve-yasananlar\\\/#article\",\"isPartOf\":{\"@id\":\"https:\\\/\\\/www.meydan.tv\\\/az\\\/article\\\/azerbaycan-kinosu-2022-gozlentiler-ve-yasananlar\\\/\"},\"author\":{\"name\":\"elli\",\"@id\":\"https:\\\/\\\/www.meydan.tv\\\/az\\\/#\\\/schema\\\/person\\\/9cdbecf90d17180ce1dfbd95b08dcf47\"},\"headline\":\"Az\u0259rbaycan kinosu-2022: G\u00f6zl\u0259ntil\u0259r v\u0259 ya\u015fananlar&#8230;\",\"datePublished\":\"2022-12-20T13:54:54+00:00\",\"dateModified\":\"2022-12-20T21:25:51+00:00\",\"mainEntityOfPage\":{\"@id\":\"https:\\\/\\\/www.meydan.tv\\\/az\\\/article\\\/azerbaycan-kinosu-2022-gozlentiler-ve-yasananlar\\\/\"},\"wordCount\":1338,\"publisher\":{\"@id\":\"https:\\\/\\\/www.meydan.tv\\\/az\\\/#organization\"},\"image\":{\"@id\":\"https:\\\/\\\/www.meydan.tv\\\/az\\\/article\\\/azerbaycan-kinosu-2022-gozlentiler-ve-yasananlar\\\/#primaryimage\"},\"thumbnailUrl\":\"https:\\\/\\\/www.meydan.tv\\\/wp-content\\\/uploads\\\/shutterstock_1914661585.jpg\",\"articleSection\":[\"M\u0259d\u0259niyy\u0259t\",\"X\u0259b\u0259rl\u0259r\"],\"inLanguage\":\"az\"},{\"@type\":\"WebPage\",\"@id\":\"https:\\\/\\\/www.meydan.tv\\\/az\\\/article\\\/azerbaycan-kinosu-2022-gozlentiler-ve-yasananlar\\\/\",\"url\":\"https:\\\/\\\/www.meydan.tv\\\/az\\\/article\\\/azerbaycan-kinosu-2022-gozlentiler-ve-yasananlar\\\/\",\"name\":\"Az\u0259rbaycan kinosu-2022: G\u00f6zl\u0259ntil\u0259r v\u0259 ya\u015fananlar... - MEYDAN.TV\",\"isPartOf\":{\"@id\":\"https:\\\/\\\/www.meydan.tv\\\/az\\\/#website\"},\"primaryImageOfPage\":{\"@id\":\"https:\\\/\\\/www.meydan.tv\\\/az\\\/article\\\/azerbaycan-kinosu-2022-gozlentiler-ve-yasananlar\\\/#primaryimage\"},\"image\":{\"@id\":\"https:\\\/\\\/www.meydan.tv\\\/az\\\/article\\\/azerbaycan-kinosu-2022-gozlentiler-ve-yasananlar\\\/#primaryimage\"},\"thumbnailUrl\":\"https:\\\/\\\/www.meydan.tv\\\/wp-content\\\/uploads\\\/shutterstock_1914661585.jpg\",\"datePublished\":\"2022-12-20T13:54:54+00:00\",\"dateModified\":\"2022-12-20T21:25:51+00:00\",\"breadcrumb\":{\"@id\":\"https:\\\/\\\/www.meydan.tv\\\/az\\\/article\\\/azerbaycan-kinosu-2022-gozlentiler-ve-yasananlar\\\/#breadcrumb\"},\"inLanguage\":\"az\",\"potentialAction\":[{\"@type\":\"ReadAction\",\"target\":[\"https:\\\/\\\/www.meydan.tv\\\/az\\\/article\\\/azerbaycan-kinosu-2022-gozlentiler-ve-yasananlar\\\/\"]}]},{\"@type\":\"ImageObject\",\"inLanguage\":\"az\",\"@id\":\"https:\\\/\\\/www.meydan.tv\\\/az\\\/article\\\/azerbaycan-kinosu-2022-gozlentiler-ve-yasananlar\\\/#primaryimage\",\"url\":\"https:\\\/\\\/www.meydan.tv\\\/wp-content\\\/uploads\\\/shutterstock_1914661585.jpg\",\"contentUrl\":\"https:\\\/\\\/www.meydan.tv\\\/wp-content\\\/uploads\\\/shutterstock_1914661585.jpg\",\"width\":1200,\"height\":794,\"caption\":\"Az\u0259rbaycan kinosu. Foto: natatravel\\\/shutterstock\"},{\"@type\":\"BreadcrumbList\",\"@id\":\"https:\\\/\\\/www.meydan.tv\\\/az\\\/article\\\/azerbaycan-kinosu-2022-gozlentiler-ve-yasananlar\\\/#breadcrumb\",\"itemListElement\":[{\"@type\":\"ListItem\",\"position\":1,\"name\":\"Ana s\u0259hif\u0259\",\"item\":\"https:\\\/\\\/www.meydan.tv\\\/az\\\/\"},{\"@type\":\"ListItem\",\"position\":2,\"name\":\"M\u0259d\u0259niyy\u0259t\",\"item\":\"https:\\\/\\\/www.meydan.tv\\\/az\\\/section\\\/medeniyyet\\\/\"},{\"@type\":\"ListItem\",\"position\":3,\"name\":\"Az\u0259rbaycan kinosu-2022: G\u00f6zl\u0259ntil\u0259r v\u0259 ya\u015fananlar&#8230;\"}]},{\"@type\":\"WebSite\",\"@id\":\"https:\\\/\\\/www.meydan.tv\\\/az\\\/#website\",\"url\":\"https:\\\/\\\/www.meydan.tv\\\/az\\\/\",\"name\":\"MEYDAN.TV\",\"description\":\"Meydan TV Az\u0259rbaycan\u0131n media m\u0259kan\u0131ndak\u0131 alternativ s\u0259sidir\",\"publisher\":{\"@id\":\"https:\\\/\\\/www.meydan.tv\\\/az\\\/#organization\"},\"potentialAction\":[{\"@type\":\"SearchAction\",\"target\":{\"@type\":\"EntryPoint\",\"urlTemplate\":\"https:\\\/\\\/www.meydan.tv\\\/az\\\/?s={search_term_string}\"},\"query-input\":{\"@type\":\"PropertyValueSpecification\",\"valueRequired\":true,\"valueName\":\"search_term_string\"}}],\"inLanguage\":\"az\"},{\"@type\":\"Organization\",\"@id\":\"https:\\\/\\\/www.meydan.tv\\\/az\\\/#organization\",\"name\":\"Meydan TV\",\"url\":\"https:\\\/\\\/www.meydan.tv\\\/az\\\/\",\"logo\":{\"@type\":\"ImageObject\",\"inLanguage\":\"az\",\"@id\":\"https:\\\/\\\/www.meydan.tv\\\/az\\\/#\\\/schema\\\/logo\\\/image\\\/\",\"url\":\"https:\\\/\\\/www.meydan.tv\\\/wp-content\\\/uploads\\\/2021\\\/07\\\/meydan-logo.svg\",\"contentUrl\":\"https:\\\/\\\/www.meydan.tv\\\/wp-content\\\/uploads\\\/2021\\\/07\\\/meydan-logo.svg\",\"width\":195,\"height\":46,\"caption\":\"Meydan TV\"},\"image\":{\"@id\":\"https:\\\/\\\/www.meydan.tv\\\/az\\\/#\\\/schema\\\/logo\\\/image\\\/\"}},{\"@type\":\"Person\",\"@id\":\"https:\\\/\\\/www.meydan.tv\\\/az\\\/#\\\/schema\\\/person\\\/9cdbecf90d17180ce1dfbd95b08dcf47\",\"name\":\"elli\",\"sameAs\":[\"https:\\\/\\\/x.com\\\/elli\"]}]}<\/script>\n<!-- \/ Yoast SEO plugin. -->","yoast_head_json":{"title":"Az\u0259rbaycan kinosu-2022: G\u00f6zl\u0259ntil\u0259r v\u0259 ya\u015fananlar... - MEYDAN.TV","robots":{"index":"index","follow":"follow","max-snippet":"max-snippet:-1","max-image-preview":"max-image-preview:large","max-video-preview":"max-video-preview:-1"},"canonical":"https:\/\/www.meydan.tv\/az\/article\/azerbaycan-kinosu-2022-gozlentiler-ve-yasananlar\/","og_locale":"az_AZ","og_type":"article","og_title":"Az\u0259rbaycan kinosu-2022: G\u00f6zl\u0259ntil\u0259r v\u0259 ya\u015fananlar... - MEYDAN.TV","og_description":"&#8220;\u0130lk d\u0259f\u0259 tammetrajl\u0131 b\u0259dii film istehsal\u0131na pul ayr\u0131l\u0131r, amma film ... Davam\u0131","og_url":"https:\/\/www.meydan.tv\/az\/article\/azerbaycan-kinosu-2022-gozlentiler-ve-yasananlar\/","og_site_name":"MEYDAN.TV","article_published_time":"2022-12-20T13:54:54+00:00","article_modified_time":"2022-12-20T21:25:51+00:00","og_image":[{"width":1200,"height":794,"url":"https:\/\/www.meydan.tv\/wp-content\/uploads\/shutterstock_1914661585.jpg","type":"image\/jpeg"}],"author":"elli","twitter_card":"summary_large_image","twitter_creator":"@elli","schema":{"@context":"https:\/\/schema.org","@graph":[{"@type":"Article","@id":"https:\/\/www.meydan.tv\/az\/article\/azerbaycan-kinosu-2022-gozlentiler-ve-yasananlar\/#article","isPartOf":{"@id":"https:\/\/www.meydan.tv\/az\/article\/azerbaycan-kinosu-2022-gozlentiler-ve-yasananlar\/"},"author":{"name":"elli","@id":"https:\/\/www.meydan.tv\/az\/#\/schema\/person\/9cdbecf90d17180ce1dfbd95b08dcf47"},"headline":"Az\u0259rbaycan kinosu-2022: G\u00f6zl\u0259ntil\u0259r v\u0259 ya\u015fananlar&#8230;","datePublished":"2022-12-20T13:54:54+00:00","dateModified":"2022-12-20T21:25:51+00:00","mainEntityOfPage":{"@id":"https:\/\/www.meydan.tv\/az\/article\/azerbaycan-kinosu-2022-gozlentiler-ve-yasananlar\/"},"wordCount":1338,"publisher":{"@id":"https:\/\/www.meydan.tv\/az\/#organization"},"image":{"@id":"https:\/\/www.meydan.tv\/az\/article\/azerbaycan-kinosu-2022-gozlentiler-ve-yasananlar\/#primaryimage"},"thumbnailUrl":"https:\/\/www.meydan.tv\/wp-content\/uploads\/shutterstock_1914661585.jpg","articleSection":["M\u0259d\u0259niyy\u0259t","X\u0259b\u0259rl\u0259r"],"inLanguage":"az"},{"@type":"WebPage","@id":"https:\/\/www.meydan.tv\/az\/article\/azerbaycan-kinosu-2022-gozlentiler-ve-yasananlar\/","url":"https:\/\/www.meydan.tv\/az\/article\/azerbaycan-kinosu-2022-gozlentiler-ve-yasananlar\/","name":"Az\u0259rbaycan kinosu-2022: G\u00f6zl\u0259ntil\u0259r v\u0259 ya\u015fananlar... - MEYDAN.TV","isPartOf":{"@id":"https:\/\/www.meydan.tv\/az\/#website"},"primaryImageOfPage":{"@id":"https:\/\/www.meydan.tv\/az\/article\/azerbaycan-kinosu-2022-gozlentiler-ve-yasananlar\/#primaryimage"},"image":{"@id":"https:\/\/www.meydan.tv\/az\/article\/azerbaycan-kinosu-2022-gozlentiler-ve-yasananlar\/#primaryimage"},"thumbnailUrl":"https:\/\/www.meydan.tv\/wp-content\/uploads\/shutterstock_1914661585.jpg","datePublished":"2022-12-20T13:54:54+00:00","dateModified":"2022-12-20T21:25:51+00:00","breadcrumb":{"@id":"https:\/\/www.meydan.tv\/az\/article\/azerbaycan-kinosu-2022-gozlentiler-ve-yasananlar\/#breadcrumb"},"inLanguage":"az","potentialAction":[{"@type":"ReadAction","target":["https:\/\/www.meydan.tv\/az\/article\/azerbaycan-kinosu-2022-gozlentiler-ve-yasananlar\/"]}]},{"@type":"ImageObject","inLanguage":"az","@id":"https:\/\/www.meydan.tv\/az\/article\/azerbaycan-kinosu-2022-gozlentiler-ve-yasananlar\/#primaryimage","url":"https:\/\/www.meydan.tv\/wp-content\/uploads\/shutterstock_1914661585.jpg","contentUrl":"https:\/\/www.meydan.tv\/wp-content\/uploads\/shutterstock_1914661585.jpg","width":1200,"height":794,"caption":"Az\u0259rbaycan kinosu. Foto: natatravel\/shutterstock"},{"@type":"BreadcrumbList","@id":"https:\/\/www.meydan.tv\/az\/article\/azerbaycan-kinosu-2022-gozlentiler-ve-yasananlar\/#breadcrumb","itemListElement":[{"@type":"ListItem","position":1,"name":"Ana s\u0259hif\u0259","item":"https:\/\/www.meydan.tv\/az\/"},{"@type":"ListItem","position":2,"name":"M\u0259d\u0259niyy\u0259t","item":"https:\/\/www.meydan.tv\/az\/section\/medeniyyet\/"},{"@type":"ListItem","position":3,"name":"Az\u0259rbaycan kinosu-2022: G\u00f6zl\u0259ntil\u0259r v\u0259 ya\u015fananlar&#8230;"}]},{"@type":"WebSite","@id":"https:\/\/www.meydan.tv\/az\/#website","url":"https:\/\/www.meydan.tv\/az\/","name":"MEYDAN.TV","description":"Meydan TV Az\u0259rbaycan\u0131n media m\u0259kan\u0131ndak\u0131 alternativ s\u0259sidir","publisher":{"@id":"https:\/\/www.meydan.tv\/az\/#organization"},"potentialAction":[{"@type":"SearchAction","target":{"@type":"EntryPoint","urlTemplate":"https:\/\/www.meydan.tv\/az\/?s={search_term_string}"},"query-input":{"@type":"PropertyValueSpecification","valueRequired":true,"valueName":"search_term_string"}}],"inLanguage":"az"},{"@type":"Organization","@id":"https:\/\/www.meydan.tv\/az\/#organization","name":"Meydan TV","url":"https:\/\/www.meydan.tv\/az\/","logo":{"@type":"ImageObject","inLanguage":"az","@id":"https:\/\/www.meydan.tv\/az\/#\/schema\/logo\/image\/","url":"https:\/\/www.meydan.tv\/wp-content\/uploads\/2021\/07\/meydan-logo.svg","contentUrl":"https:\/\/www.meydan.tv\/wp-content\/uploads\/2021\/07\/meydan-logo.svg","width":195,"height":46,"caption":"Meydan TV"},"image":{"@id":"https:\/\/www.meydan.tv\/az\/#\/schema\/logo\/image\/"}},{"@type":"Person","@id":"https:\/\/www.meydan.tv\/az\/#\/schema\/person\/9cdbecf90d17180ce1dfbd95b08dcf47","name":"elli","sameAs":["https:\/\/x.com\/elli"]}]}},"_links":{"self":[{"href":"https:\/\/www.meydan.tv\/az\/wp-json\/wp\/v2\/posts\/263958","targetHints":{"allow":["GET"]}}],"collection":[{"href":"https:\/\/www.meydan.tv\/az\/wp-json\/wp\/v2\/posts"}],"about":[{"href":"https:\/\/www.meydan.tv\/az\/wp-json\/wp\/v2\/types\/post"}],"author":[{"embeddable":true,"href":"https:\/\/www.meydan.tv\/az\/wp-json\/wp\/v2\/users\/8"}],"replies":[{"embeddable":true,"href":"https:\/\/www.meydan.tv\/az\/wp-json\/wp\/v2\/comments?post=263958"}],"version-history":[{"count":3,"href":"https:\/\/www.meydan.tv\/az\/wp-json\/wp\/v2\/posts\/263958\/revisions"}],"predecessor-version":[{"id":263973,"href":"https:\/\/www.meydan.tv\/az\/wp-json\/wp\/v2\/posts\/263958\/revisions\/263973"}],"wp:featuredmedia":[{"embeddable":true,"href":"https:\/\/www.meydan.tv\/az\/wp-json\/wp\/v2\/media\/242701"}],"wp:attachment":[{"href":"https:\/\/www.meydan.tv\/az\/wp-json\/wp\/v2\/media?parent=263958"}],"wp:term":[{"taxonomy":"category","embeddable":true,"href":"https:\/\/www.meydan.tv\/az\/wp-json\/wp\/v2\/categories?post=263958"},{"taxonomy":"post_tag","embeddable":true,"href":"https:\/\/www.meydan.tv\/az\/wp-json\/wp\/v2\/tags?post=263958"}],"curies":[{"name":"wp","href":"https:\/\/api.w.org\/{rel}","templated":true}]}}