{"id":263891,"date":"2022-12-20T10:57:49","date_gmt":"2022-12-20T06:57:49","guid":{"rendered":"https:\/\/www.meydan.tv\/?p=263891"},"modified":"2022-12-20T13:00:41","modified_gmt":"2022-12-20T09:00:41","slug":"oc-media-dagliq-qarabag-muhasire-altindadir","status":"publish","type":"post","link":"https:\/\/www.meydan.tv\/az\/article\/oc-media-dagliq-qarabag-muhasire-altindadir\/","title":{"rendered":"OC Media: Da\u011fl\u0131q Qaraba\u011f m\u00fchasir\u0259 alt\u0131ndad\u0131r"},"content":{"rendered":"\n<p><\/p>\n\n\n\n<p><em><strong>Dekabr\u0131n 12-d\u0259n etibar\u0259n bir qrup az\u0259rbaycanl\u0131 La\u00e7\u0131n-Xank\u0259ndi yolunda \u00e7ad\u0131r quraraq aksiya ke\u00e7irir. OC Media Xank\u0259ndid\u0259n (erm\u0259ni t\u0259r\u0259f Stepanakert adland\u0131r\u0131r) <a href=\"https:\/\/oc-media.org\/features\/nagorno-karabakh-under-siege\/?fbclid=IwAR3dboHwOCLNEcto-aSQmO2_HArR2S0z_R5D3LvvtJUEsAygWZHCrFZ0JVE\" target=\"_blank\" rel=\"noreferrer noopener\">reportaj<\/a>&nbsp;haz\u0131rlayaraq, \u015f\u0259h\u0259r \u0259halisinin v\u0259ziyy\u0259tini g\u00f6st\u0259rm\u0259y\u0259 \u00e7al\u0131\u015f\u0131b. Meydan TV h\u0259min reportaj\u0131 t\u0259rc\u00fcm\u0259 ed\u0259r\u0259k \u00f6z oxucular\u0131na t\u0259qdim edir.&nbsp;<\/strong><\/em><\/p>\n\n\n\n<p>Dekabr\u0131n 12-d\u0259 \u00f6zl\u0259rini \u201ceko aktivist kimi\u201d t\u0259qdim ed\u0259n bir qrup az\u0259rbaycanl\u0131 m\u00fclki \u015f\u0259xs La\u00e7\u0131n d\u0259hlizin\u0259 daxil olaraq Da\u011fl\u0131q Qaraba\u011f\u0131 faktiki olaraq m\u00fchasir\u0259y\u0259 al\u0131blar. OC Media yaz\u0131r ki, Da\u011fl\u0131q Qaraba\u011f\u0131n Erm\u0259nistan v\u0259 d\u00fcnya il\u0259 h\u0259yati \u00f6n\u0259m\u0259 sahib \u0259laq\u0259si k\u0259sildiyi \u00fc\u00e7\u00fcn insanlar humanitar b\u00f6hran ya\u015fanmas\u0131ndan qorxurlar.\u00a0<\/p>\n\n\n\n<p>\u201cArevik\u201d Tibb M\u0259rk\u0259zinin direktoru Karen Melkumyan deyir:<\/p>\n\n\n\n<p>&#8220;\u018fg\u0259r bu m\u0259s\u0259l\u0259 bel\u0259 davam ets\u0259, uzun m\u00fcdd\u0259t ayaqda qala bilm\u0259y\u0259c\u0259yik. Pay\u0131z-q\u0131\u015f f\u0259sli k\u0259skin \u015f\u0259kild\u0259 yay\u0131lan x\u0259st\u0259likl\u0259r m\u00f6vs\u00fcmidir v\u0259 x\u0259st\u0259xana dolub da\u015f\u0131r\u201d.<\/p>\n\n\n\n<figure class=\"wp-block-image size-full\"><img decoding=\"async\" width=\"1200\" height=\"800\" data-src=\"https:\/\/www.meydan.tv\/wp-content\/uploads\/school-in-stepanakert-nagorno-karabakh-blockade-17-12-22.jpg\" alt=\"\" class=\"wp-image-263873 lazyload\" src=\"data:image\/svg+xml;base64,PHN2ZyB3aWR0aD0iMSIgaGVpZ2h0PSIxIiB4bWxucz0iaHR0cDovL3d3dy53My5vcmcvMjAwMC9zdmciPjwvc3ZnPg==\" style=\"--smush-placeholder-width: 1200px; --smush-placeholder-aspect-ratio: 1200\/800;\" \/><figcaption class=\"wp-element-caption\"> <em>\u0130stilik olmad\u0131\u011f\u0131 \u00fc\u00e7\u00fcn Stepanakertd\u0259 (Xank\u0259ndi) bir m\u0259kt\u0259b bo\u015f qal\u0131b. M\u00fc\u0259llif: Marut Vanyan\/OC Media.<\/em><\/figcaption><\/figure>\n\n\n\n<p>\u201cArevik\u201d Tibb M\u0259rk\u0259zi Da\u011fl\u0131q Qaraba\u011f\u0131n yegan\u0259 u\u015faq x\u0259st\u0259xanas\u0131d\u0131r. OC Media \u0259m\u0259kda\u015flar\u0131 dekabr\u0131n 16-da Melkumyanla dan\u0131\u015fanda Da\u011fl\u0131q Qaraba\u011fa veril\u0259n qaz art\u0131q 3 g\u00fcn idi ki, k\u0259silmi\u015fdi. Erm\u0259nistandan Da\u011fl\u0131q Qaraba\u011f b\u00f6lg\u0259sin\u0259 qaz da\u015f\u0131yan boru k\u0259m\u0259rl\u0259ri haz\u0131rda Az\u0259rbaycan h\u00f6kum\u0259tinin n\u0259zar\u0259tind\u0259 olan \u0259razid\u0259n ke\u00e7ir. Bu \u0259razid\u0259n ke\u00e7mi\u015fd\u0259 d\u0259 b\u00f6lg\u0259y\u0259 t\u0259zyiq g\u00f6st\u0259rm\u0259k m\u0259qs\u0259dil\u0259 istifad\u0259 edilib.<\/p>\n\n\n\n<p>\u201cU\u015faqlar \u00fc\u015f\u00fcm\u0259sin dey\u0259 palatalar\u0131 elektrikli isidici il\u0259 q\u0131zd\u0131r\u0131r\u0131q. G\u00f6r\u00fcrs\u00fcn\u00fcz ki, x\u0259st\u0259xana binas\u0131n\u0131n d\u0259hlizl\u0259ri soyuqdur v\u0259 biz ikiqat paltar geyinib oturmu\u015fuq\u201d \u2013 dey\u0259 Melkumyan \u0259lav\u0259 edib.<\/p>\n\n\n\n<p><strong>El\u0259 h\u0259min g\u00fcn d\u0259 b\u00f6lg\u0259y\u0259 qaz verilib<\/strong><\/p>\n\n\n\n<p>\u201cBizd\u0259 olan d\u0259rmanlar\u0131 az-az istifad\u0259 edirik ki, \u0259g\u0259r h\u0259r hans\u0131 bir u\u015faq q\u0259fl\u0259t\u0259n a\u011f\u0131r x\u0259st\u0259l\u0259n\u0259rs\u0259, ilk n\u00f6vb\u0259d\u0259 ona k\u00f6m\u0259k ed\u0259 bil\u0259k\u201d &#8211; Melkumyan bildirir.<\/p>\n\n\n\n<p>\u201cArevik\u201d Tibb M\u0259rk\u0259zinin c\u0259mi bir t\u0259cili yard\u0131m ma\u015f\u0131n\u0131 var. H\u0259min t\u0259cili yard\u0131m ma\u015f\u0131n\u0131 da yollar ba\u011flanmam\u0131\u015f x\u0259st\u0259ni Yerevana apard\u0131qdan sonra haz\u0131rda m\u00fchasir\u0259y\u0259 al\u0131nm\u0131\u015f \u0259razinin dig\u0259r t\u0259r\u0259find\u0259 qal\u0131b.<\/p>\n\n\n\n<p>Ancaq t\u0259cili yard\u0131m ma\u015f\u0131n\u0131 olsa bel\u0259, bunun i\u015f\u0259 yaray\u0131b-yaramayaca\u011f\u0131 b\u0259lli deyil. \u00c7\u00fcnki m\u00fchasir\u0259 \u015f\u0259raiti k\u0259skin yanacaq \u00e7at\u0131\u015fmazl\u0131\u011f\u0131na s\u0259b\u0259b olub.<\/p>\n\n\n\n<figure class=\"wp-block-image size-full\"><img decoding=\"async\" width=\"1200\" height=\"800\" data-src=\"https:\/\/www.meydan.tv\/wp-content\/uploads\/nagorno-karabakh-atm-blockade-17-12-22.jpg\" alt=\"\" class=\"wp-image-263870 lazyload\" src=\"data:image\/svg+xml;base64,PHN2ZyB3aWR0aD0iMSIgaGVpZ2h0PSIxIiB4bWxucz0iaHR0cDovL3d3dy53My5vcmcvMjAwMC9zdmciPjwvc3ZnPg==\" style=\"--smush-placeholder-width: 1200px; --smush-placeholder-aspect-ratio: 1200\/800;\" \/><figcaption class=\"wp-element-caption\"><em>Bankomatlardan m\u0259hdud miqdarda pul \u00e7\u0131xar\u0131la bilir v\u0259 ya he\u00e7 bir \u015f\u0259kild\u0259 pul \u00e7\u0131xarmaq olmur. M\u00fc\u0259llif: Marut Vanyan\/OC Media<\/em><\/figcaption><\/figure>\n\n\n\n<p>Stepanakertin (Xank\u0259ndi) k\u00fc\u00e7\u0259l\u0259ri sakit v\u0259 bo\u015fdur, dem\u0259k olar ki, he\u00e7 ma\u015f\u0131n g\u00f6z\u0259 d\u0259ymir. La\u00e7\u0131n d\u0259hlizinin ba\u015flad\u0131\u011f\u0131 \u015f\u0259h\u0259rd\u0259n Erm\u0259nistana ged\u0259n yolun&nbsp; k\u0259nar\u0131nda is\u0259 insanlar yolun a\u00e7\u0131lmas\u0131n\u0131 g\u00f6zl\u0259yirl\u0259r.<\/p>\n\n\n\n<p>\u201cArt\u0131q bizd\u0259n t\u00fcst\u00fc iyi g\u0259lir, \u00fc\u00e7 g\u00fcnd\u00fcr gec\u0259-g\u00fcnd\u00fcz bu oca\u011f\u0131n yan\u0131nda oturmu\u015fuq. \u00c7im\u0259 bilmirik\u201d,- deyir.<\/p>\n\n\n\n<p>\u201cStepanakert hava liman\u0131n\u0131 istifad\u0259y\u0259 verm\u0259k ist\u0259dikl\u0259rini deyirl\u0259r. Onda m\u0259n Qaraba\u011fda heyvan satmaq \u00fc\u00e7\u00fcn Boinq il\u0259 u\u00e7mal\u0131yam?\u201d dey\u0259 h\u0259min \u015f\u0259xs soru\u015fur.<\/p>\n\n\n\n<p><strong>\u201cBu, a\u00e7\u0131q \u015f\u0259kild\u0259 humanitar f\u0259lak\u0259t yaratma\u011f\u0131 h\u0259d\u0259fl\u0259m\u0259kdir\u201d<\/strong><\/p>\n\n\n\n<p>Az\u0259rbaycan h\u00f6kum\u0259ti h\u0259m yolun ba\u011flanmas\u0131, h\u0259m d\u0259 qaz\u0131n k\u0259silm\u0259sin\u0259 g\u00f6r\u0259 m\u0259suliyy\u0259ti boynundan at\u0131r, birinci m\u0259s\u0259l\u0259ni Rusiyan\u0131n s\u00fclhm\u0259raml\u0131lar\u0131na, ikinci m\u0259s\u0259l\u0259ni is\u0259 Erm\u0259nistan hakimiyy\u0259tin\u0259 ba\u011flay\u0131r.<\/p>\n\n\n\n<p>Prezident Arayik Harutyunyan is\u0259 16 dekabrda yay\u0131mlad\u0131\u011f\u0131 postda bel\u0259 a\u00e7\u0131qlama verib: \u201cAz\u0259rbaycan be\u015f g\u00fcnd\u00fcr ki, \u201cemosional\u201d v\u0259 saxta ekoloji b\u0259han\u0259l\u0259rl\u0259, diqq\u0259t c\u0259lb ed\u0259n g\u00fcnd\u0259m yaradaraq Artsax\u0131n [Da\u011fl\u0131q Qaraba\u011f\u0131n] 120.000 sakininin tam m\u00fchasir\u0259y\u0259 al\u0131b v\u0259 bununla da Artsax erm\u0259nil\u0259rini humanitar f\u0259lak\u0259tl\u0259 \u00fcz \u00fcz\u0259 qoyub.\u201d<\/p>\n\n\n\n<p>\u201cAmma g\u00f6r\u00fcld\u00fcy\u00fc kimi, Artsax xalq\u0131 diz \u00e7\u00f6km\u00fcr v\u0259 21-ci \u0259sr\u0259 uy\u011fun g\u0259lm\u0259y\u0259n v\u0259 m\u00fclki \u0259hali \u00fc\u00e7\u00fcn dem\u0259k olar ki, t\u0259s\u0259vv\u00fcr edil\u0259 bilm\u0259y\u0259n haz\u0131rk\u0131 prosesl\u0259rin \u00f6hd\u0259sind\u0259n q\u00fcrurla g\u0259lir\u201d.<\/p>\n\n\n\n<figure class=\"wp-block-image size-full\"><img decoding=\"async\" width=\"1200\" height=\"800\" data-src=\"https:\/\/www.meydan.tv\/wp-content\/uploads\/drivers-from-armenia-nagorno-karabakh-blockade-17-12-22.jpg\" alt=\"\" class=\"wp-image-263876 lazyload\" src=\"data:image\/svg+xml;base64,PHN2ZyB3aWR0aD0iMSIgaGVpZ2h0PSIxIiB4bWxucz0iaHR0cDovL3d3dy53My5vcmcvMjAwMC9zdmciPjwvc3ZnPg==\" style=\"--smush-placeholder-width: 1200px; --smush-placeholder-aspect-ratio: 1200\/800;\" \/><figcaption class=\"wp-element-caption\"><em>Stepanakertin (Xank\u0259ndi) \u0259traf\u0131nda polis postunun yax\u0131nl\u0131\u011f\u0131nda bir qrup ki\u015fi qalad\u0131qlar\u0131 oca\u011f\u0131n \u0259traf\u0131nda y\u0131\u011f\u0131\u015f\u0131b. M\u00fc\u0259llif: Marut Vanyan\/OC Media. <\/em><\/figcaption><\/figure>\n\n\n\n<p>\u0130nsan H\u00fcquqlar\u0131 M\u00fcdafi\u0259\u00e7isi ofisinin s\u00f6z\u00e7\u00fcs\u00fc Marina Simonyan yolun a\u00e7\u0131lmamas\u0131 hal\u0131nda g\u00f6zl\u0259nil\u0259n humanitar f\u0259lak\u0259t bar\u0259d\u0259 x\u0259b\u0259rdarl\u0131q edib.<\/p>\n\n\n\n<p>Onun s\u00f6zl\u0259rin\u0259 g\u00f6r\u0259, region \u0259halisi, o c\u00fcml\u0259d\u0259n 30 min u\u015faq, 20 min qoca v\u0259 9 min \u0259lil sad\u0259 humanitar yard\u0131ma \u00e7\u0131x\u0131\u015f imkan\u0131ndan m\u0259hrum olub.<\/p>\n\n\n\n<p>&#8220;Az\u0259rbaycan\u0131n La\u00e7\u0131n d\u0259hlizini m\u00fchasir\u0259y\u0259 almas\u0131 ciddi \u015f\u0259kild\u0259 beyn\u0259lxalq humanitar h\u00fcquq normalar\u0131n\u0131 pozur v\u0259 a\u00e7\u0131q \u015f\u0259kild\u0259 Qaraba\u011fda humanitar f\u0259lak\u0259t yaratma\u011fa y\u00f6n\u0259lib&#8221;, &#8211; Simonyan OC Media-ya bildirib.<\/p>\n\n\n\n<figure class=\"wp-block-image size-full\"><img decoding=\"async\" width=\"1200\" height=\"800\" data-src=\"https:\/\/www.meydan.tv\/wp-content\/uploads\/arkadia-melkumyan-nagorno-karabakh-blockade-17-12-22.jpg\" alt=\"\" class=\"wp-image-263879 lazyload\" src=\"data:image\/svg+xml;base64,PHN2ZyB3aWR0aD0iMSIgaGVpZ2h0PSIxIiB4bWxucz0iaHR0cDovL3d3dy53My5vcmcvMjAwMC9zdmciPjwvc3ZnPg==\" style=\"--smush-placeholder-width: 1200px; --smush-placeholder-aspect-ratio: 1200\/800;\" \/><figcaption class=\"wp-element-caption\"><em>\u201cEvi odun sobas\u0131 il\u0259 q\u0131zd\u0131r\u0131ram. Qaz\u0131m\u0131z olsa bel\u0259, ya\u011f\u0131\u015fl\u0131 g\u00fcn \u00fc\u00e7\u00fcn odun toplay\u0131ram\u201d, \u2013 Arkadia Melkumyan deyir. Melkumyan F\u00fczuli rayonundand\u0131r, ancaq haz\u0131rda Stepanakertd\u0259 (Xank\u0259ndi) kiray\u0259d\u0259 qal\u0131r. M\u00fc\u0259llif: Marut Vanyan\/OC Media.<\/em><\/figcaption><\/figure>\n\n\n\n<p>Simonyan \u0259lav\u0259 edib ki, 270-i u\u015faq olmaqla, 1100-\u0259 yax\u0131n insan haz\u0131rda yolda qal\u0131b v\u0259 evl\u0259rin\u0259 geri d\u00f6n\u0259 bilmirl\u0259r.<\/p>\n\n\n\n<p>\u201cH\u0259r g\u00fcn Erm\u0259nistan Respublikas\u0131ndan Qaraba\u011fa tax\u0131l, un, t\u0259r\u0259v\u0259z, meyv\u0259 v\u0259 m\u0259i\u015f\u0259t mallar\u0131 da daxil olmaqla 400 ton mal idxal olunur\u201d &#8211; dey\u0259 o, qeyd edib. \u201cHaz\u0131rda bu mallar\u0131n Qaraba\u011fa \u00e7atd\u0131r\u0131lmas\u0131 tamamil\u0259 dayand\u0131r\u0131l\u0131b\u201d.<\/p>\n\n\n\n<p>Dekabr ay\u0131n\u0131n 18-n\u0259 q\u0259d\u0259r art\u0131q z\u0259ruri l\u0259vazimatlar\u0131n v\u0259 d\u0259rmanlar\u0131n \u00e7at\u0131\u015fmazl\u0131\u011f\u0131 bar\u0259d\u0259 m\u0259lumatlar yay\u0131lm\u0131\u015fd\u0131.<\/p>\n\n\n\n<figure class=\"wp-block-image size-full\"><img decoding=\"async\" width=\"1200\" height=\"800\" data-src=\"https:\/\/www.meydan.tv\/wp-content\/uploads\/ella-ghambaryan-nagorno-karabakh-blockade-17-12-22.jpg\" alt=\"\" class=\"wp-image-263882 lazyload\" src=\"data:image\/svg+xml;base64,PHN2ZyB3aWR0aD0iMSIgaGVpZ2h0PSIxIiB4bWxucz0iaHR0cDovL3d3dy53My5vcmcvMjAwMC9zdmciPjwvc3ZnPg==\" style=\"--smush-placeholder-width: 1200px; --smush-placeholder-aspect-ratio: 1200\/800;\" \/><figcaption class=\"wp-element-caption\"><em>Az\u0259rbaycan\u0131n h\u0259rbi q\u00fcvv\u0259l\u0259ri 1990-c\u0131 ill\u0259rd\u0259 k\u0259ndi n\u0259zar\u0259t\u0259 g\u00f6t\u00fcr\u0259nd\u0259 Ella Q\u0259mb\u0259ryan ke\u00e7mi\u015f Da\u011fl\u0131q Qaraba\u011f Muxtar Vilay\u0259tinin \u015fimal-\u015f\u0259rq k\u0259nar\u0131nda yerl\u0259\u015f\u0259n \u00c7ayl\u0131 k\u0259ndind\u0259n qa\u00e7\u0131b. M\u00fc\u0259llif: Marut Vanyan\/OC Media.<\/em><\/figcaption><\/figure>\n\n\n\n<p>Simonyan \u0259lav\u0259 olaraq x\u0259b\u0259rdarl\u0131q edir ki, m\u00fchasir\u0259 art\u0131q \u201cciddi tibbi b\u00f6hrana\u201d g\u0259tirib \u00e7\u0131xar\u0131b.<\/p>\n\n\n\n<p>\u201cT\u0259cili m\u00fcalic\u0259y\u0259 ehtiyac\u0131 olan v\u0259 x\u0259st\u0259xanaya yerl\u0259\u015fdirilm\u0259li olan a\u011f\u0131r x\u0259st\u0259l\u0259rin k\u00f6\u00e7\u00fcr\u00fclm\u0259si m\u00fcmk\u00fcns\u00fcz hala g\u0259lib v\u0259 bu insanlar\u0131n h\u0259yatlar\u0131 t\u0259hl\u00fck\u0259 alt\u0131ndad\u0131r\u201d.<\/p>\n\n\n\n<p><strong>\u201cQoyun i\u015f\u0131\u011f\u0131m\u0131z\u0131 da k\u0259ssinl\u0259r\u201d<\/strong><\/p>\n\n\n\n<p>M\u00fchasir\u0259 \u015f\u0259raitinin \u00e7\u0259tin olmas\u0131na baxmayaraq, insanlarda ita\u0259t etm\u0259m\u0259k ruhu var.<\/p>\n\n\n\n<p>\u201cQoyun bir ne\u00e7\u0259 g\u00fcnl\u00fck qaz\u0131m\u0131z\u0131, i\u015f\u0131\u011f\u0131m\u0131z\u0131 k\u0259ssinl\u0259r. Eybi yox, evd\u0259 isinm\u0259k \u00fc\u00e7\u00fcn odunla qalayar\u0131q\u201d, \u2013 Ella Q\u0259mb\u0259ryan qeyd edir.<\/p>\n\n\n\n<p>\u201cOnlar bir yerd\u0259 s\u00fclh i\u00e7ind\u0259 ya\u015faya bil\u0259c\u0259yimizi deyirl\u0259r, amma az\u0259rbaycanl\u0131 qad\u0131n\u0131n bo\u011faraq \u00f6ld\u00fcrd\u00fcy\u00fc g\u00f6y\u0259r\u00e7in kimi bizi bo\u011fmaq ist\u0259yirl\u0259r. Bu, \u00e7oxunun anlamad\u0131\u011f\u0131 bir i\u015far\u0259 idi. Biz\u0259 d\u0259 eyni \u015feyi etm\u0259k ist\u0259yirl\u0259r\u201d.<\/p>\n\n\n\n<figure class=\"wp-block-image size-full\"><img decoding=\"async\" width=\"1200\" height=\"800\" data-src=\"https:\/\/www.meydan.tv\/wp-content\/uploads\/zoya-kapyan-bread-nagorno-karabakh-blockade-17-12-22.jpg\" alt=\"\" class=\"wp-image-263885 lazyload\" src=\"data:image\/svg+xml;base64,PHN2ZyB3aWR0aD0iMSIgaGVpZ2h0PSIxIiB4bWxucz0iaHR0cDovL3d3dy53My5vcmcvMjAwMC9zdmciPjwvc3ZnPg==\" style=\"--smush-placeholder-width: 1200px; --smush-placeholder-aspect-ratio: 1200\/800;\" \/><figcaption class=\"wp-element-caption\"><em>\u00c7\u00f6r\u0259k sexl\u0259ri ham\u0131 \u00fc\u00e7\u00fcn kifay\u0259t q\u0259d\u0259r \u00e7\u00f6r\u0259k, h\u0259r ail\u0259y\u0259 iki \u00e7\u00f6r\u0259k paylama\u011fa ba\u015flay\u0131b. M\u00fc\u0259llif: Marut Vanyan\/OC Media.<\/em><\/figcaption><\/figure>\n\n\n\n<p>Birinci Da\u011fl\u0131q Qaraba\u011f m\u00fcharib\u0259si zaman\u0131 o\u011flu h\u0259yati x\u0259sar\u0259tl\u0259r alan Q\u0259mb\u0259ryan bel\u0259 deyir: \u201cM\u0259n buran\u0131 t\u0259rk etm\u0259y\u0259c\u0259y\u0259m, ged\u0259c\u0259k ba\u015fqa yerim yoxdur\u201d.<\/p>\n\n\n\n<p>\u201cBel\u0259 \u00e7\u0259tin zamanlarda ail\u0259miz \u00fc\u00e7\u00fcn bel\u0259 bu torpa\u011f\u0131 t\u0259rk etm\u0259mi\u015fik\u201d &#8211; o deyir. \u201c\u00dcst\u0259lik m\u0259n do\u011fma k\u0259ndim \u00c7ayl\u0131ya qay\u0131tmaq ist\u0259yir\u0259m\u201d, \u2013 Q\u0259mb\u0259ryan \u0259lav\u0259 edir.<\/p>\n\n\n\n<p>Stepanakertd\u0259 (Xank\u0259ndi) ticar\u0259tl\u0259 m\u0259\u015f\u011ful olan Almira Xa\u00e7atryan da eynil\u0259 bel\u0259 d\u00fc\u015f\u00fcn\u00fcr.<\/p>\n\n\n\n<p>\u201cOnlar yolu ba\u011flad\u0131lar, qaz\u0131 da k\u0259sdil\u0259r, qoyun i\u015f\u0131\u011f\u0131 da k\u0259ssinl\u0259r eybi yoxdur, m\u0259n ya\u015fayacam\u201d, \u2013 o deyir. &#8220;M\u0259n buran\u0131 t\u0259rk etm\u0259y\u0259c\u0259m. \u015eam i\u015f\u0131\u011f\u0131nda ya\u015fayaca\u011f\u0131q, isinm\u0259k \u00fc\u00e7\u00fcn yata\u011fa gir\u0259rik. Biz s\u0259br edirik, yarad\u0131c\u0131 xalq\u0131q&#8221;.<\/p>\n\n\n\n<figure class=\"wp-block-image size-large\"><img decoding=\"async\" width=\"1095\" height=\"821\" data-src=\"https:\/\/www.meydan.tv\/wp-content\/uploads\/lachin-karabakh-dead-dove-17-12-22-1095x821.jpg\" alt=\"\" class=\"wp-image-263888 lazyload\" src=\"data:image\/svg+xml;base64,PHN2ZyB3aWR0aD0iMSIgaGVpZ2h0PSIxIiB4bWxucz0iaHR0cDovL3d3dy53My5vcmcvMjAwMC9zdmciPjwvc3ZnPg==\" style=\"--smush-placeholder-width: 1095px; --smush-placeholder-aspect-ratio: 1095\/821;\" \/><figcaption class=\"wp-element-caption\"><em>M\u00fchasir\u0259ni qoruyan az\u0259rbaycanl\u0131 qad\u0131nlardan birinin ehtiyats\u0131zl\u0131qdan \u00f6l\u00fc g\u00f6y\u0259r\u00e7ini \u0259lind\u0259 yell\u0259diyini \u0259ks etdir\u0259n kadrlar internetd\u0259 geni\u015f yay\u0131l\u0131b.<\/em><\/figcaption><\/figure>\n\n\n\n<p>Ancaq m\u00fcharib\u0259 qarabasmas\u0131 h\u0259l\u0259 d\u0259 bu yerl\u0259r\u0259 uzun k\u00f6lg\u0259l\u0259r sal\u0131r.<\/p>\n\n\n\n<p>\u201c1990-c\u0131 ill\u0259rd\u0259 biz ill\u0259rl\u0259 t\u0259crid olunmu\u015f \u015f\u0259raitd\u0259 ya\u015fad\u0131q; O vaxt nec\u0259 d\u00f6zd\u00fcks\u0259, indi d\u0259 d\u00f6z\u0259cik\u201d &#8211; Xa\u00e7atryan davam edir. &#8220;M\u0259n sad\u0259c\u0259 yenid\u0259n bir bel\u0259 g\u0259ncin \u00f6lm\u0259sini ist\u0259mir\u0259m\u201d.<\/p>\n","protected":false},"excerpt":{"rendered":"<p>Dekabr\u0131n 12-d\u0259n etibar\u0259n bir qrup az\u0259rbaycanl\u0131 La\u00e7\u0131n-Xank\u0259ndi yolunda \u00e7ad\u0131r quraraq &#8230; <\/p>\n<p class=\"read-more-container\"><a title=\"OC Media: Da\u011fl\u0131q Qaraba\u011f m\u00fchasir\u0259 alt\u0131ndad\u0131r\" class=\"read-more button\" href=\"https:\/\/www.meydan.tv\/az\/article\/oc-media-dagliq-qarabag-muhasire-altindadir\/#more-263891\" aria-label=\"Read more about OC Media: Da\u011fl\u0131q Qaraba\u011f m\u00fchasir\u0259 alt\u0131ndad\u0131r\">Davam\u0131<\/a><\/p>\n","protected":false},"author":8,"featured_media":263892,"comment_status":"closed","ping_status":"closed","sticky":false,"template":"","format":"standard","meta":{"_acf_changed":false,"_sitemap_exclude":false,"_sitemap_priority":"","_sitemap_frequency":"","footnotes":""},"categories":[60,79,56],"tags":[],"class_list":["post-263891","post","type-post","status-publish","format-standard","has-post-thumbnail","hentry","category-bolge","category-featured","category-xeberler","infinite-scroll-item","generate-columns","tablet-grid-50","mobile-grid-100","grid-parent","grid-33","no-featured-image-padding"],"acf":[],"yoast_head":"<!-- This site is optimized with the Yoast SEO plugin v27.5 - https:\/\/yoast.com\/product\/yoast-seo-wordpress\/ -->\n<title>OC Media: Da\u011fl\u0131q Qaraba\u011f m\u00fchasir\u0259 alt\u0131ndad\u0131r - MEYDAN.TV<\/title>\n<meta name=\"robots\" content=\"index, follow, max-snippet:-1, max-image-preview:large, max-video-preview:-1\" \/>\n<link rel=\"canonical\" href=\"https:\/\/www.meydan.tv\/az\/article\/oc-media-dagliq-qarabag-muhasire-altindadir\/\" \/>\n<meta property=\"og:locale\" content=\"az_AZ\" \/>\n<meta property=\"og:type\" content=\"article\" \/>\n<meta property=\"og:title\" content=\"OC Media: Da\u011fl\u0131q Qaraba\u011f m\u00fchasir\u0259 alt\u0131ndad\u0131r - MEYDAN.TV\" \/>\n<meta property=\"og:description\" content=\"Dekabr\u0131n 12-d\u0259n etibar\u0259n bir qrup az\u0259rbaycanl\u0131 La\u00e7\u0131n-Xank\u0259ndi yolunda \u00e7ad\u0131r quraraq ... Davam\u0131\" \/>\n<meta property=\"og:url\" content=\"https:\/\/www.meydan.tv\/az\/article\/oc-media-dagliq-qarabag-muhasire-altindadir\/\" \/>\n<meta property=\"og:site_name\" content=\"MEYDAN.TV\" \/>\n<meta property=\"article:published_time\" content=\"2022-12-20T06:57:49+00:00\" \/>\n<meta property=\"article:modified_time\" content=\"2022-12-20T09:00:41+00:00\" \/>\n<meta property=\"og:image\" content=\"https:\/\/www.meydan.tv\/wp-content\/uploads\/stepanakert-blokade-parliament-17-12-22-1024x683-1.jpg\" \/>\n\t<meta property=\"og:image:width\" content=\"1200\" \/>\n\t<meta property=\"og:image:height\" content=\"800\" \/>\n\t<meta property=\"og:image:type\" content=\"image\/jpeg\" \/>\n<meta name=\"author\" content=\"elli\" \/>\n<meta name=\"twitter:card\" content=\"summary_large_image\" \/>\n<meta name=\"twitter:creator\" content=\"@elli\" \/>\n<script type=\"application\/ld+json\" class=\"yoast-schema-graph\">{\"@context\":\"https:\\\/\\\/schema.org\",\"@graph\":[{\"@type\":\"Article\",\"@id\":\"https:\\\/\\\/www.meydan.tv\\\/az\\\/article\\\/oc-media-dagliq-qarabag-muhasire-altindadir\\\/#article\",\"isPartOf\":{\"@id\":\"https:\\\/\\\/www.meydan.tv\\\/az\\\/article\\\/oc-media-dagliq-qarabag-muhasire-altindadir\\\/\"},\"author\":{\"name\":\"elli\",\"@id\":\"https:\\\/\\\/www.meydan.tv\\\/az\\\/#\\\/schema\\\/person\\\/9cdbecf90d17180ce1dfbd95b08dcf47\"},\"headline\":\"OC Media: Da\u011fl\u0131q Qaraba\u011f m\u00fchasir\u0259 alt\u0131ndad\u0131r\",\"datePublished\":\"2022-12-20T06:57:49+00:00\",\"dateModified\":\"2022-12-20T09:00:41+00:00\",\"mainEntityOfPage\":{\"@id\":\"https:\\\/\\\/www.meydan.tv\\\/az\\\/article\\\/oc-media-dagliq-qarabag-muhasire-altindadir\\\/\"},\"wordCount\":1570,\"publisher\":{\"@id\":\"https:\\\/\\\/www.meydan.tv\\\/az\\\/#organization\"},\"image\":{\"@id\":\"https:\\\/\\\/www.meydan.tv\\\/az\\\/article\\\/oc-media-dagliq-qarabag-muhasire-altindadir\\\/#primaryimage\"},\"thumbnailUrl\":\"https:\\\/\\\/www.meydan.tv\\\/wp-content\\\/uploads\\\/stepanakert-blokade-parliament-17-12-22-1024x683-1.jpg\",\"articleSection\":[\"B\u00f6lg\u0259\",\"T\u00f6vsiy\u0259\",\"X\u0259b\u0259rl\u0259r\"],\"inLanguage\":\"az\"},{\"@type\":\"WebPage\",\"@id\":\"https:\\\/\\\/www.meydan.tv\\\/az\\\/article\\\/oc-media-dagliq-qarabag-muhasire-altindadir\\\/\",\"url\":\"https:\\\/\\\/www.meydan.tv\\\/az\\\/article\\\/oc-media-dagliq-qarabag-muhasire-altindadir\\\/\",\"name\":\"OC Media: Da\u011fl\u0131q Qaraba\u011f m\u00fchasir\u0259 alt\u0131ndad\u0131r - MEYDAN.TV\",\"isPartOf\":{\"@id\":\"https:\\\/\\\/www.meydan.tv\\\/az\\\/#website\"},\"primaryImageOfPage\":{\"@id\":\"https:\\\/\\\/www.meydan.tv\\\/az\\\/article\\\/oc-media-dagliq-qarabag-muhasire-altindadir\\\/#primaryimage\"},\"image\":{\"@id\":\"https:\\\/\\\/www.meydan.tv\\\/az\\\/article\\\/oc-media-dagliq-qarabag-muhasire-altindadir\\\/#primaryimage\"},\"thumbnailUrl\":\"https:\\\/\\\/www.meydan.tv\\\/wp-content\\\/uploads\\\/stepanakert-blokade-parliament-17-12-22-1024x683-1.jpg\",\"datePublished\":\"2022-12-20T06:57:49+00:00\",\"dateModified\":\"2022-12-20T09:00:41+00:00\",\"breadcrumb\":{\"@id\":\"https:\\\/\\\/www.meydan.tv\\\/az\\\/article\\\/oc-media-dagliq-qarabag-muhasire-altindadir\\\/#breadcrumb\"},\"inLanguage\":\"az\",\"potentialAction\":[{\"@type\":\"ReadAction\",\"target\":[\"https:\\\/\\\/www.meydan.tv\\\/az\\\/article\\\/oc-media-dagliq-qarabag-muhasire-altindadir\\\/\"]}]},{\"@type\":\"ImageObject\",\"inLanguage\":\"az\",\"@id\":\"https:\\\/\\\/www.meydan.tv\\\/az\\\/article\\\/oc-media-dagliq-qarabag-muhasire-altindadir\\\/#primaryimage\",\"url\":\"https:\\\/\\\/www.meydan.tv\\\/wp-content\\\/uploads\\\/stepanakert-blokade-parliament-17-12-22-1024x683-1.jpg\",\"contentUrl\":\"https:\\\/\\\/www.meydan.tv\\\/wp-content\\\/uploads\\\/stepanakert-blokade-parliament-17-12-22-1024x683-1.jpg\",\"width\":1200,\"height\":800,\"caption\":\"Stepanakertd\u0259ki (Xank\u0259ndi) \u0130ntibah Meydan\u0131. Foto: Marut Vanyan\\\/OC Media.\"},{\"@type\":\"BreadcrumbList\",\"@id\":\"https:\\\/\\\/www.meydan.tv\\\/az\\\/article\\\/oc-media-dagliq-qarabag-muhasire-altindadir\\\/#breadcrumb\",\"itemListElement\":[{\"@type\":\"ListItem\",\"position\":1,\"name\":\"Ana s\u0259hif\u0259\",\"item\":\"https:\\\/\\\/www.meydan.tv\\\/az\\\/\"},{\"@type\":\"ListItem\",\"position\":2,\"name\":\"B\u00f6lg\u0259\",\"item\":\"https:\\\/\\\/www.meydan.tv\\\/az\\\/section\\\/bolge\\\/\"},{\"@type\":\"ListItem\",\"position\":3,\"name\":\"OC Media: Da\u011fl\u0131q Qaraba\u011f m\u00fchasir\u0259 alt\u0131ndad\u0131r\"}]},{\"@type\":\"WebSite\",\"@id\":\"https:\\\/\\\/www.meydan.tv\\\/az\\\/#website\",\"url\":\"https:\\\/\\\/www.meydan.tv\\\/az\\\/\",\"name\":\"MEYDAN.TV\",\"description\":\"Meydan TV Az\u0259rbaycan\u0131n media m\u0259kan\u0131ndak\u0131 alternativ s\u0259sidir\",\"publisher\":{\"@id\":\"https:\\\/\\\/www.meydan.tv\\\/az\\\/#organization\"},\"potentialAction\":[{\"@type\":\"SearchAction\",\"target\":{\"@type\":\"EntryPoint\",\"urlTemplate\":\"https:\\\/\\\/www.meydan.tv\\\/az\\\/?s={search_term_string}\"},\"query-input\":{\"@type\":\"PropertyValueSpecification\",\"valueRequired\":true,\"valueName\":\"search_term_string\"}}],\"inLanguage\":\"az\"},{\"@type\":\"Organization\",\"@id\":\"https:\\\/\\\/www.meydan.tv\\\/az\\\/#organization\",\"name\":\"Meydan TV\",\"url\":\"https:\\\/\\\/www.meydan.tv\\\/az\\\/\",\"logo\":{\"@type\":\"ImageObject\",\"inLanguage\":\"az\",\"@id\":\"https:\\\/\\\/www.meydan.tv\\\/az\\\/#\\\/schema\\\/logo\\\/image\\\/\",\"url\":\"https:\\\/\\\/www.meydan.tv\\\/wp-content\\\/uploads\\\/2021\\\/07\\\/meydan-logo.svg\",\"contentUrl\":\"https:\\\/\\\/www.meydan.tv\\\/wp-content\\\/uploads\\\/2021\\\/07\\\/meydan-logo.svg\",\"width\":195,\"height\":46,\"caption\":\"Meydan TV\"},\"image\":{\"@id\":\"https:\\\/\\\/www.meydan.tv\\\/az\\\/#\\\/schema\\\/logo\\\/image\\\/\"}},{\"@type\":\"Person\",\"@id\":\"https:\\\/\\\/www.meydan.tv\\\/az\\\/#\\\/schema\\\/person\\\/9cdbecf90d17180ce1dfbd95b08dcf47\",\"name\":\"elli\",\"sameAs\":[\"https:\\\/\\\/x.com\\\/elli\"]}]}<\/script>\n<!-- \/ Yoast SEO plugin. -->","yoast_head_json":{"title":"OC Media: Da\u011fl\u0131q Qaraba\u011f m\u00fchasir\u0259 alt\u0131ndad\u0131r - MEYDAN.TV","robots":{"index":"index","follow":"follow","max-snippet":"max-snippet:-1","max-image-preview":"max-image-preview:large","max-video-preview":"max-video-preview:-1"},"canonical":"https:\/\/www.meydan.tv\/az\/article\/oc-media-dagliq-qarabag-muhasire-altindadir\/","og_locale":"az_AZ","og_type":"article","og_title":"OC Media: Da\u011fl\u0131q Qaraba\u011f m\u00fchasir\u0259 alt\u0131ndad\u0131r - MEYDAN.TV","og_description":"Dekabr\u0131n 12-d\u0259n etibar\u0259n bir qrup az\u0259rbaycanl\u0131 La\u00e7\u0131n-Xank\u0259ndi yolunda \u00e7ad\u0131r quraraq ... Davam\u0131","og_url":"https:\/\/www.meydan.tv\/az\/article\/oc-media-dagliq-qarabag-muhasire-altindadir\/","og_site_name":"MEYDAN.TV","article_published_time":"2022-12-20T06:57:49+00:00","article_modified_time":"2022-12-20T09:00:41+00:00","og_image":[{"width":1200,"height":800,"url":"https:\/\/www.meydan.tv\/wp-content\/uploads\/stepanakert-blokade-parliament-17-12-22-1024x683-1.jpg","type":"image\/jpeg"}],"author":"elli","twitter_card":"summary_large_image","twitter_creator":"@elli","schema":{"@context":"https:\/\/schema.org","@graph":[{"@type":"Article","@id":"https:\/\/www.meydan.tv\/az\/article\/oc-media-dagliq-qarabag-muhasire-altindadir\/#article","isPartOf":{"@id":"https:\/\/www.meydan.tv\/az\/article\/oc-media-dagliq-qarabag-muhasire-altindadir\/"},"author":{"name":"elli","@id":"https:\/\/www.meydan.tv\/az\/#\/schema\/person\/9cdbecf90d17180ce1dfbd95b08dcf47"},"headline":"OC Media: Da\u011fl\u0131q Qaraba\u011f m\u00fchasir\u0259 alt\u0131ndad\u0131r","datePublished":"2022-12-20T06:57:49+00:00","dateModified":"2022-12-20T09:00:41+00:00","mainEntityOfPage":{"@id":"https:\/\/www.meydan.tv\/az\/article\/oc-media-dagliq-qarabag-muhasire-altindadir\/"},"wordCount":1570,"publisher":{"@id":"https:\/\/www.meydan.tv\/az\/#organization"},"image":{"@id":"https:\/\/www.meydan.tv\/az\/article\/oc-media-dagliq-qarabag-muhasire-altindadir\/#primaryimage"},"thumbnailUrl":"https:\/\/www.meydan.tv\/wp-content\/uploads\/stepanakert-blokade-parliament-17-12-22-1024x683-1.jpg","articleSection":["B\u00f6lg\u0259","T\u00f6vsiy\u0259","X\u0259b\u0259rl\u0259r"],"inLanguage":"az"},{"@type":"WebPage","@id":"https:\/\/www.meydan.tv\/az\/article\/oc-media-dagliq-qarabag-muhasire-altindadir\/","url":"https:\/\/www.meydan.tv\/az\/article\/oc-media-dagliq-qarabag-muhasire-altindadir\/","name":"OC Media: Da\u011fl\u0131q Qaraba\u011f m\u00fchasir\u0259 alt\u0131ndad\u0131r - MEYDAN.TV","isPartOf":{"@id":"https:\/\/www.meydan.tv\/az\/#website"},"primaryImageOfPage":{"@id":"https:\/\/www.meydan.tv\/az\/article\/oc-media-dagliq-qarabag-muhasire-altindadir\/#primaryimage"},"image":{"@id":"https:\/\/www.meydan.tv\/az\/article\/oc-media-dagliq-qarabag-muhasire-altindadir\/#primaryimage"},"thumbnailUrl":"https:\/\/www.meydan.tv\/wp-content\/uploads\/stepanakert-blokade-parliament-17-12-22-1024x683-1.jpg","datePublished":"2022-12-20T06:57:49+00:00","dateModified":"2022-12-20T09:00:41+00:00","breadcrumb":{"@id":"https:\/\/www.meydan.tv\/az\/article\/oc-media-dagliq-qarabag-muhasire-altindadir\/#breadcrumb"},"inLanguage":"az","potentialAction":[{"@type":"ReadAction","target":["https:\/\/www.meydan.tv\/az\/article\/oc-media-dagliq-qarabag-muhasire-altindadir\/"]}]},{"@type":"ImageObject","inLanguage":"az","@id":"https:\/\/www.meydan.tv\/az\/article\/oc-media-dagliq-qarabag-muhasire-altindadir\/#primaryimage","url":"https:\/\/www.meydan.tv\/wp-content\/uploads\/stepanakert-blokade-parliament-17-12-22-1024x683-1.jpg","contentUrl":"https:\/\/www.meydan.tv\/wp-content\/uploads\/stepanakert-blokade-parliament-17-12-22-1024x683-1.jpg","width":1200,"height":800,"caption":"Stepanakertd\u0259ki (Xank\u0259ndi) \u0130ntibah Meydan\u0131. Foto: Marut Vanyan\/OC Media."},{"@type":"BreadcrumbList","@id":"https:\/\/www.meydan.tv\/az\/article\/oc-media-dagliq-qarabag-muhasire-altindadir\/#breadcrumb","itemListElement":[{"@type":"ListItem","position":1,"name":"Ana s\u0259hif\u0259","item":"https:\/\/www.meydan.tv\/az\/"},{"@type":"ListItem","position":2,"name":"B\u00f6lg\u0259","item":"https:\/\/www.meydan.tv\/az\/section\/bolge\/"},{"@type":"ListItem","position":3,"name":"OC Media: Da\u011fl\u0131q Qaraba\u011f m\u00fchasir\u0259 alt\u0131ndad\u0131r"}]},{"@type":"WebSite","@id":"https:\/\/www.meydan.tv\/az\/#website","url":"https:\/\/www.meydan.tv\/az\/","name":"MEYDAN.TV","description":"Meydan TV Az\u0259rbaycan\u0131n media m\u0259kan\u0131ndak\u0131 alternativ s\u0259sidir","publisher":{"@id":"https:\/\/www.meydan.tv\/az\/#organization"},"potentialAction":[{"@type":"SearchAction","target":{"@type":"EntryPoint","urlTemplate":"https:\/\/www.meydan.tv\/az\/?s={search_term_string}"},"query-input":{"@type":"PropertyValueSpecification","valueRequired":true,"valueName":"search_term_string"}}],"inLanguage":"az"},{"@type":"Organization","@id":"https:\/\/www.meydan.tv\/az\/#organization","name":"Meydan TV","url":"https:\/\/www.meydan.tv\/az\/","logo":{"@type":"ImageObject","inLanguage":"az","@id":"https:\/\/www.meydan.tv\/az\/#\/schema\/logo\/image\/","url":"https:\/\/www.meydan.tv\/wp-content\/uploads\/2021\/07\/meydan-logo.svg","contentUrl":"https:\/\/www.meydan.tv\/wp-content\/uploads\/2021\/07\/meydan-logo.svg","width":195,"height":46,"caption":"Meydan TV"},"image":{"@id":"https:\/\/www.meydan.tv\/az\/#\/schema\/logo\/image\/"}},{"@type":"Person","@id":"https:\/\/www.meydan.tv\/az\/#\/schema\/person\/9cdbecf90d17180ce1dfbd95b08dcf47","name":"elli","sameAs":["https:\/\/x.com\/elli"]}]}},"_links":{"self":[{"href":"https:\/\/www.meydan.tv\/az\/wp-json\/wp\/v2\/posts\/263891","targetHints":{"allow":["GET"]}}],"collection":[{"href":"https:\/\/www.meydan.tv\/az\/wp-json\/wp\/v2\/posts"}],"about":[{"href":"https:\/\/www.meydan.tv\/az\/wp-json\/wp\/v2\/types\/post"}],"author":[{"embeddable":true,"href":"https:\/\/www.meydan.tv\/az\/wp-json\/wp\/v2\/users\/8"}],"replies":[{"embeddable":true,"href":"https:\/\/www.meydan.tv\/az\/wp-json\/wp\/v2\/comments?post=263891"}],"version-history":[{"count":4,"href":"https:\/\/www.meydan.tv\/az\/wp-json\/wp\/v2\/posts\/263891\/revisions"}],"predecessor-version":[{"id":263898,"href":"https:\/\/www.meydan.tv\/az\/wp-json\/wp\/v2\/posts\/263891\/revisions\/263898"}],"wp:featuredmedia":[{"embeddable":true,"href":"https:\/\/www.meydan.tv\/az\/wp-json\/wp\/v2\/media\/263892"}],"wp:attachment":[{"href":"https:\/\/www.meydan.tv\/az\/wp-json\/wp\/v2\/media?parent=263891"}],"wp:term":[{"taxonomy":"category","embeddable":true,"href":"https:\/\/www.meydan.tv\/az\/wp-json\/wp\/v2\/categories?post=263891"},{"taxonomy":"post_tag","embeddable":true,"href":"https:\/\/www.meydan.tv\/az\/wp-json\/wp\/v2\/tags?post=263891"}],"curies":[{"name":"wp","href":"https:\/\/api.w.org\/{rel}","templated":true}]}}