{"id":263833,"date":"2022-12-19T18:03:24","date_gmt":"2022-12-19T14:03:24","guid":{"rendered":"https:\/\/www.meydan.tv\/?p=263833"},"modified":"2022-12-19T18:03:27","modified_gmt":"2022-12-19T14:03:27","slug":"xalq-artisti-prezident-teqaudu-ucun-ilham-eliyeve-muracet-edib","status":"publish","type":"post","link":"https:\/\/www.meydan.tv\/az\/article\/xalq-artisti-prezident-teqaudu-ucun-ilham-eliyeve-muracet-edib\/","title":{"rendered":"Xalq artisti Prezident t\u0259qa\u00fcd\u00fc \u00fc\u00e7\u00fcn \u0130lham \u018fliyev\u0259 m\u00fcrac\u0259t edib"},"content":{"rendered":"\n<p><\/p>\n\n\n\n<p><em>\u018fnv\u0259r H\u0259s\u0259nov hesab edir ki, t\u0259qa\u00fcd\u00fc almaq \u0259n \u00e7ox onun haqq\u0131d\u0131r<\/em><\/p>\n\n\n\n<p>\u201cYeddi o\u011ful ist\u0259r\u0259m\u201dd\u0259 C\u0259lal, \u201cD\u0259rvi\u015f Parisi partlad\u0131r\u201dda \u015eahbaz, \u201cBab\u0259k\u201dd\u0259 T\u0259rxan, \u201cAtlar\u0131 y\u0259h\u0259rl\u0259yin\u201dd\u0259 Sirac, \u201cU\u015faql\u0131\u011f\u0131n son gec\u0259si\u201d filmind\u0259 Murad obraz\u0131n\u0131 yaratm\u0131\u015f Xalq artisti, kinoaktyor \u018fnv\u0259r H\u0259s\u0259nov maddi probleml\u0259rl\u0259 \u00fczl\u0259\u015fdiyini deyir.<\/p>\n\n\n\n<p>Bu haqda Meydan TV-y\u0259 72 ya\u015fl\u0131 aktyor \u00f6z\u00fc dan\u0131\u015f\u0131b.<\/p>\n\n\n\n<p>O bildirib ki, son aylarda s\u0259hh\u0259tind\u0259 yaranan probleml\u0259rl\u0259 \u0259laq\u0259dar davaml\u0131 olarq x\u0259st\u0259xanada m\u00fcalic\u0259 olunub.<\/p>\n\n\n\n<p>Haz\u0131rda m\u00fcalic\u0259sini ev \u015f\u0259raitind\u0259 davam etdir\u0259n \u018fnv\u0259r H\u0259s\u0259nov d\u00f6vl\u0259td\u0259n ald\u0131\u011f\u0131 550 manat t\u0259qa\u00fcdl\u0259 dolanma\u011f\u0131n \u00e7\u0259tin oldu\u011funu deyir.<\/p>\n\n\n\n<p>\u201c2013-c\u00fc ild\u0259 m\u0259n\u0259 273 manat pensiya t\u0259yin etdil\u0259r. Bu 9 il \u0259rzind\u0259 pensiyam artaraq 550 manat olub. Bu pul m\u0259nim kommunal x\u0259rcl\u0259rim\u0259 \u00e7atm\u0131r. H\u0259tta d\u0259rmanlar\u0131ma da kifay\u0259t etmir\u201d, &#8211; aktyor bildirir.<\/p>\n\n\n\n<p>O, \u0259sas\u0259n, dostlar\u0131n\u0131n v\u0259 qohumlar\u0131n\u0131n hesab\u0131na ya\u015fad\u0131\u011f\u0131n\u0131 deyir:<\/p>\n\n\n\n<p>\u201c2008-ci ild\u0259 avtomobil q\u0259zas\u0131 ke\u00e7irmi\u015fdim. O vaxtdan ba\u015f\u0131mda g\u00fccl\u00fc a\u011fr\u0131lar olurdu, qula\u011f\u0131mda da daim k\u00fcy vard\u0131. \u00dc\u00e7 ay \u00f6nc\u0259 evd\u0259 h\u0259r\u0259k\u0259t ed\u0259rk\u0259n, ba\u015f\u0131m gic\u0259ll\u0259ndi, y\u0131x\u0131ld\u0131m. H\u0259kim\u0259 apard\u0131lar, yoxlad\u0131lar, g\u00f6rd\u00fcl\u0259r ki, ba\u015f\u0131mda v\u0259 \u00fcr\u0259yimd\u0259 h\u0259r\u0259sind\u0259 iki tromb b\u00f6yr\u0259yimd\u0259 d\u0259 d\u00f6rd \u015fi\u015f var. \u018fld\u0259-ovucda olan pullar x\u0259st\u0259xanalarda x\u0259rcl\u0259ndi. Haz\u0131rda borcun i\u00e7ind\u0259y\u0259m. Allah dostlar\u0131m\u0131n, qohum-\u0259qraban\u0131n can\u0131n\u0131 sa\u011f el\u0259sin. Onlar yard\u0131m edirl\u0259r\u201d.<\/p>\n\n\n\n<p>Aktyor deyir ki, \u00e7\u0131x\u0131\u015f yolunu Prezident t\u0259qa\u00fcd\u00fc almaqda g\u00f6r\u00fcr.<\/p>\n\n\n\n<p>Bununla ba\u011fl\u0131 q\u0131z\u0131 Ayt\u0259n H\u0259s\u0259nova t\u0259xmin\u0259n \u00fc\u00e7-d\u00f6rd ay \u00f6nc\u0259 onun ad\u0131ndan Prezident \u0130lham \u018fliyev\u0259 v\u0259 M\u0259d\u0259niyy\u0259t Nazirliyin\u0259 m\u0259ktub yaz\u0131b, lakin m\u00fcraci\u0259tl\u0259rin\u0259 cavab g\u0259lm\u0259yib:<\/p>\n\n\n\n<p>\u201cM\u0259n Prezident \u0130lham \u018fliyevl\u0259 d\u0259, Mehriban \u018fliyeva il\u0259 d\u0259 \u015f\u0259xs\u0259n tan\u0131\u015fam. Allah Heyd\u0259r \u018fliyev\u0259 r\u0259hm\u0259t etsin, onun da q\u0259bulunda olmu\u015fam. M\u0259nd\u0259 bir xasiyy\u0259t var, dostlar\u0131ma g\u00f6r\u0259 kimd\u0259ns\u0259 xahi\u015f etmi\u015f\u0259m, lakin \u00f6z\u00fcm\u0259 g\u00f6r\u0259 kim\u0259s\u0259 a\u011f\u0131z a\u00e7mam\u0131\u015fam. \u00c7ox t\u0259\u0259ss\u00fcfl\u0259r olsun ki, m\u0259tnl\u0259r gedir, Prezident Adminstrasiyas\u0131nda qal\u0131r. Prezident\u0259, Birinci vitse-prezident\u0259 \u00e7atm\u0131r\u201d.<\/p>\n\n\n\n<p>Aktyor hesab edir ki, Prezident t\u0259qa\u00fcd\u00fc almaq \u0259n \u00e7ox onun haqq\u0131d\u0131r:<\/p>\n\n\n\n<p>\u201cM\u0259nim 72 ya\u015f\u0131m var, zarafat deyil. Yerind\u0259n duran Prezident t\u0259qa\u00fcd\u00fc al\u0131r, Xalq artistidir. M\u0259n \u00fc\u00e7 il \u00f6nc\u0259 Xalq artisti ad\u0131n\u0131 alm\u0131\u015fam. \u201cU\u015faql\u0131\u011f\u0131n son gec\u0259si\u201d filmini 72-y\u0259 yax\u0131n \u00f6lk\u0259 al\u0131b. \u201cYeddi o\u011ful ist\u0259r\u0259m\u201d filimini is\u0259 128 \u00f6lk\u0259 al\u0131b. Bunun m\u00fcqabilind\u0259 d\u0259 m\u0259n bu v\u0259ziyy\u0259td\u0259y\u0259m\u201d.<\/p>\n\n\n\n<p>M\u0259d\u0259niyy\u0259t Nazirliyi Meydan TV-nin m\u0259s\u0259l\u0259 il\u0259 ba\u011fl\u0131 sor\u011funu cavabland\u0131rmay\u0131b.<\/p>\n\n\n\n<p>M\u0259d\u0259niyy\u0259t naziri Anar K\u0259rimov 2021-ci ilin yekunlar\u0131nda demi\u015fdi ki, unudulmu\u015f, maddi qay\u011f\u0131 v\u0259 diqq\u0259td\u0259n k\u0259nar qalan s\u0259n\u0259t adamlar\u0131na d\u0259st\u0259k m\u0259qs\u0259dil\u0259 sosial fond <a href=\"https:\/\/d9mc3ts4czbpr.cloudfront.net\/az\/article\/anar-kerimov-azerbaycanda-teatr-agentliyinin-yaradila-biler\/\" target=\"_blank\" rel=\"noreferrer noopener\">yarad\u0131lacaq<\/a>.<\/p>\n\n\n\n<p>O bildirmi\u015fdi ki, fondun f\u0259aliyy\u0259ti il\u0259 ba\u011fl\u0131 mexanizm d\u00f6vl\u0259t qurumlar\u0131 il\u0259 birg\u0259 haz\u0131rlananacaq.<\/p>\n\n\n\n<p>\u0130l yekunla\u015fsa da, fond yarad\u0131lmay\u0131b.<\/p>\n","protected":false},"excerpt":{"rendered":"<p>\u018fnv\u0259r H\u0259s\u0259nov hesab edir ki, t\u0259qa\u00fcd\u00fc almaq \u0259n \u00e7ox onun &#8230; <\/p>\n<p class=\"read-more-container\"><a title=\"Xalq artisti Prezident t\u0259qa\u00fcd\u00fc \u00fc\u00e7\u00fcn \u0130lham \u018fliyev\u0259 m\u00fcrac\u0259t edib\" class=\"read-more button\" href=\"https:\/\/www.meydan.tv\/az\/article\/xalq-artisti-prezident-teqaudu-ucun-ilham-eliyeve-muracet-edib\/#more-263833\" aria-label=\"Read more about Xalq artisti Prezident t\u0259qa\u00fcd\u00fc \u00fc\u00e7\u00fcn \u0130lham \u018fliyev\u0259 m\u00fcrac\u0259t edib\">Davam\u0131<\/a><\/p>\n","protected":false},"author":8,"featured_media":254539,"comment_status":"closed","ping_status":"closed","sticky":false,"template":"","format":"standard","meta":{"_acf_changed":false,"_sitemap_exclude":false,"_sitemap_priority":"","_sitemap_frequency":"","footnotes":""},"categories":[52,56],"tags":[],"class_list":["post-263833","post","type-post","status-publish","format-standard","has-post-thumbnail","hentry","category-medeniyyet","category-xeberler","infinite-scroll-item","generate-columns","tablet-grid-50","mobile-grid-100","grid-parent","grid-33","no-featured-image-padding"],"acf":[],"yoast_head":"<!-- This site is optimized with the Yoast SEO plugin v27.4 - https:\/\/yoast.com\/product\/yoast-seo-wordpress\/ -->\n<title>Xalq artisti Prezident t\u0259qa\u00fcd\u00fc \u00fc\u00e7\u00fcn \u0130lham \u018fliyev\u0259 m\u00fcrac\u0259t edib - MEYDAN.TV<\/title>\n<meta name=\"robots\" content=\"index, follow, max-snippet:-1, max-image-preview:large, max-video-preview:-1\" \/>\n<link rel=\"canonical\" href=\"https:\/\/www.meydan.tv\/az\/article\/xalq-artisti-prezident-teqaudu-ucun-ilham-eliyeve-muracet-edib\/\" \/>\n<meta property=\"og:locale\" content=\"az_AZ\" \/>\n<meta property=\"og:type\" content=\"article\" \/>\n<meta property=\"og:title\" content=\"Xalq artisti Prezident t\u0259qa\u00fcd\u00fc \u00fc\u00e7\u00fcn \u0130lham \u018fliyev\u0259 m\u00fcrac\u0259t edib - MEYDAN.TV\" \/>\n<meta property=\"og:description\" content=\"\u018fnv\u0259r H\u0259s\u0259nov hesab edir ki, t\u0259qa\u00fcd\u00fc almaq \u0259n \u00e7ox onun ... Davam\u0131\" \/>\n<meta property=\"og:url\" content=\"https:\/\/www.meydan.tv\/az\/article\/xalq-artisti-prezident-teqaudu-ucun-ilham-eliyeve-muracet-edib\/\" \/>\n<meta property=\"og:site_name\" content=\"MEYDAN.TV\" \/>\n<meta property=\"article:published_time\" content=\"2022-12-19T14:03:24+00:00\" \/>\n<meta property=\"article:modified_time\" content=\"2022-12-19T14:03:27+00:00\" \/>\n<meta property=\"og:image\" content=\"https:\/\/www.meydan.tv\/wp-content\/uploads\/599652_01-e1661936966656.jpg\" \/>\n\t<meta property=\"og:image:width\" content=\"1200\" \/>\n\t<meta property=\"og:image:height\" content=\"615\" \/>\n\t<meta property=\"og:image:type\" content=\"image\/jpeg\" \/>\n<meta name=\"author\" content=\"elli\" \/>\n<meta name=\"twitter:card\" content=\"summary_large_image\" \/>\n<meta name=\"twitter:creator\" content=\"@elli\" \/>\n<script type=\"application\/ld+json\" class=\"yoast-schema-graph\">{\"@context\":\"https:\\\/\\\/schema.org\",\"@graph\":[{\"@type\":\"Article\",\"@id\":\"https:\\\/\\\/www.meydan.tv\\\/az\\\/article\\\/xalq-artisti-prezident-teqaudu-ucun-ilham-eliyeve-muracet-edib\\\/#article\",\"isPartOf\":{\"@id\":\"https:\\\/\\\/www.meydan.tv\\\/az\\\/article\\\/xalq-artisti-prezident-teqaudu-ucun-ilham-eliyeve-muracet-edib\\\/\"},\"author\":{\"name\":\"elli\",\"@id\":\"https:\\\/\\\/www.meydan.tv\\\/az\\\/#\\\/schema\\\/person\\\/9cdbecf90d17180ce1dfbd95b08dcf47\"},\"headline\":\"Xalq artisti Prezident t\u0259qa\u00fcd\u00fc \u00fc\u00e7\u00fcn \u0130lham \u018fliyev\u0259 m\u00fcrac\u0259t edib\",\"datePublished\":\"2022-12-19T14:03:24+00:00\",\"dateModified\":\"2022-12-19T14:03:27+00:00\",\"mainEntityOfPage\":{\"@id\":\"https:\\\/\\\/www.meydan.tv\\\/az\\\/article\\\/xalq-artisti-prezident-teqaudu-ucun-ilham-eliyeve-muracet-edib\\\/\"},\"wordCount\":603,\"publisher\":{\"@id\":\"https:\\\/\\\/www.meydan.tv\\\/az\\\/#organization\"},\"image\":{\"@id\":\"https:\\\/\\\/www.meydan.tv\\\/az\\\/article\\\/xalq-artisti-prezident-teqaudu-ucun-ilham-eliyeve-muracet-edib\\\/#primaryimage\"},\"thumbnailUrl\":\"https:\\\/\\\/www.meydan.tv\\\/wp-content\\\/uploads\\\/599652_01-e1661936966656.jpg\",\"articleSection\":[\"M\u0259d\u0259niyy\u0259t\",\"X\u0259b\u0259rl\u0259r\"],\"inLanguage\":\"az\"},{\"@type\":\"WebPage\",\"@id\":\"https:\\\/\\\/www.meydan.tv\\\/az\\\/article\\\/xalq-artisti-prezident-teqaudu-ucun-ilham-eliyeve-muracet-edib\\\/\",\"url\":\"https:\\\/\\\/www.meydan.tv\\\/az\\\/article\\\/xalq-artisti-prezident-teqaudu-ucun-ilham-eliyeve-muracet-edib\\\/\",\"name\":\"Xalq artisti Prezident t\u0259qa\u00fcd\u00fc \u00fc\u00e7\u00fcn \u0130lham \u018fliyev\u0259 m\u00fcrac\u0259t edib - MEYDAN.TV\",\"isPartOf\":{\"@id\":\"https:\\\/\\\/www.meydan.tv\\\/az\\\/#website\"},\"primaryImageOfPage\":{\"@id\":\"https:\\\/\\\/www.meydan.tv\\\/az\\\/article\\\/xalq-artisti-prezident-teqaudu-ucun-ilham-eliyeve-muracet-edib\\\/#primaryimage\"},\"image\":{\"@id\":\"https:\\\/\\\/www.meydan.tv\\\/az\\\/article\\\/xalq-artisti-prezident-teqaudu-ucun-ilham-eliyeve-muracet-edib\\\/#primaryimage\"},\"thumbnailUrl\":\"https:\\\/\\\/www.meydan.tv\\\/wp-content\\\/uploads\\\/599652_01-e1661936966656.jpg\",\"datePublished\":\"2022-12-19T14:03:24+00:00\",\"dateModified\":\"2022-12-19T14:03:27+00:00\",\"breadcrumb\":{\"@id\":\"https:\\\/\\\/www.meydan.tv\\\/az\\\/article\\\/xalq-artisti-prezident-teqaudu-ucun-ilham-eliyeve-muracet-edib\\\/#breadcrumb\"},\"inLanguage\":\"az\",\"potentialAction\":[{\"@type\":\"ReadAction\",\"target\":[\"https:\\\/\\\/www.meydan.tv\\\/az\\\/article\\\/xalq-artisti-prezident-teqaudu-ucun-ilham-eliyeve-muracet-edib\\\/\"]}]},{\"@type\":\"ImageObject\",\"inLanguage\":\"az\",\"@id\":\"https:\\\/\\\/www.meydan.tv\\\/az\\\/article\\\/xalq-artisti-prezident-teqaudu-ucun-ilham-eliyeve-muracet-edib\\\/#primaryimage\",\"url\":\"https:\\\/\\\/www.meydan.tv\\\/wp-content\\\/uploads\\\/599652_01-e1661936966656.jpg\",\"contentUrl\":\"https:\\\/\\\/www.meydan.tv\\\/wp-content\\\/uploads\\\/599652_01-e1661936966656.jpg\",\"width\":1200,\"height\":615,\"caption\":\"\u018fnv\u0259r H\u0259s\u0259nov. Foto: \\\"News.milli.az\\\"\"},{\"@type\":\"BreadcrumbList\",\"@id\":\"https:\\\/\\\/www.meydan.tv\\\/az\\\/article\\\/xalq-artisti-prezident-teqaudu-ucun-ilham-eliyeve-muracet-edib\\\/#breadcrumb\",\"itemListElement\":[{\"@type\":\"ListItem\",\"position\":1,\"name\":\"Ana s\u0259hif\u0259\",\"item\":\"https:\\\/\\\/www.meydan.tv\\\/az\\\/\"},{\"@type\":\"ListItem\",\"position\":2,\"name\":\"M\u0259d\u0259niyy\u0259t\",\"item\":\"https:\\\/\\\/www.meydan.tv\\\/az\\\/section\\\/medeniyyet\\\/\"},{\"@type\":\"ListItem\",\"position\":3,\"name\":\"Xalq artisti Prezident t\u0259qa\u00fcd\u00fc \u00fc\u00e7\u00fcn \u0130lham \u018fliyev\u0259 m\u00fcrac\u0259t edib\"}]},{\"@type\":\"WebSite\",\"@id\":\"https:\\\/\\\/www.meydan.tv\\\/az\\\/#website\",\"url\":\"https:\\\/\\\/www.meydan.tv\\\/az\\\/\",\"name\":\"MEYDAN.TV\",\"description\":\"Meydan TV Az\u0259rbaycan\u0131n media m\u0259kan\u0131ndak\u0131 alternativ s\u0259sidir\",\"publisher\":{\"@id\":\"https:\\\/\\\/www.meydan.tv\\\/az\\\/#organization\"},\"potentialAction\":[{\"@type\":\"SearchAction\",\"target\":{\"@type\":\"EntryPoint\",\"urlTemplate\":\"https:\\\/\\\/www.meydan.tv\\\/az\\\/?s={search_term_string}\"},\"query-input\":{\"@type\":\"PropertyValueSpecification\",\"valueRequired\":true,\"valueName\":\"search_term_string\"}}],\"inLanguage\":\"az\"},{\"@type\":\"Organization\",\"@id\":\"https:\\\/\\\/www.meydan.tv\\\/az\\\/#organization\",\"name\":\"Meydan TV\",\"url\":\"https:\\\/\\\/www.meydan.tv\\\/az\\\/\",\"logo\":{\"@type\":\"ImageObject\",\"inLanguage\":\"az\",\"@id\":\"https:\\\/\\\/www.meydan.tv\\\/az\\\/#\\\/schema\\\/logo\\\/image\\\/\",\"url\":\"https:\\\/\\\/www.meydan.tv\\\/wp-content\\\/uploads\\\/2021\\\/07\\\/meydan-logo.svg\",\"contentUrl\":\"https:\\\/\\\/www.meydan.tv\\\/wp-content\\\/uploads\\\/2021\\\/07\\\/meydan-logo.svg\",\"width\":195,\"height\":46,\"caption\":\"Meydan TV\"},\"image\":{\"@id\":\"https:\\\/\\\/www.meydan.tv\\\/az\\\/#\\\/schema\\\/logo\\\/image\\\/\"}},{\"@type\":\"Person\",\"@id\":\"https:\\\/\\\/www.meydan.tv\\\/az\\\/#\\\/schema\\\/person\\\/9cdbecf90d17180ce1dfbd95b08dcf47\",\"name\":\"elli\",\"sameAs\":[\"https:\\\/\\\/x.com\\\/elli\"]}]}<\/script>\n<!-- \/ Yoast SEO plugin. -->","yoast_head_json":{"title":"Xalq artisti Prezident t\u0259qa\u00fcd\u00fc \u00fc\u00e7\u00fcn \u0130lham \u018fliyev\u0259 m\u00fcrac\u0259t edib - MEYDAN.TV","robots":{"index":"index","follow":"follow","max-snippet":"max-snippet:-1","max-image-preview":"max-image-preview:large","max-video-preview":"max-video-preview:-1"},"canonical":"https:\/\/www.meydan.tv\/az\/article\/xalq-artisti-prezident-teqaudu-ucun-ilham-eliyeve-muracet-edib\/","og_locale":"az_AZ","og_type":"article","og_title":"Xalq artisti Prezident t\u0259qa\u00fcd\u00fc \u00fc\u00e7\u00fcn \u0130lham \u018fliyev\u0259 m\u00fcrac\u0259t edib - MEYDAN.TV","og_description":"\u018fnv\u0259r H\u0259s\u0259nov hesab edir ki, t\u0259qa\u00fcd\u00fc almaq \u0259n \u00e7ox onun ... Davam\u0131","og_url":"https:\/\/www.meydan.tv\/az\/article\/xalq-artisti-prezident-teqaudu-ucun-ilham-eliyeve-muracet-edib\/","og_site_name":"MEYDAN.TV","article_published_time":"2022-12-19T14:03:24+00:00","article_modified_time":"2022-12-19T14:03:27+00:00","og_image":[{"width":1200,"height":615,"url":"https:\/\/www.meydan.tv\/wp-content\/uploads\/599652_01-e1661936966656.jpg","type":"image\/jpeg"}],"author":"elli","twitter_card":"summary_large_image","twitter_creator":"@elli","schema":{"@context":"https:\/\/schema.org","@graph":[{"@type":"Article","@id":"https:\/\/www.meydan.tv\/az\/article\/xalq-artisti-prezident-teqaudu-ucun-ilham-eliyeve-muracet-edib\/#article","isPartOf":{"@id":"https:\/\/www.meydan.tv\/az\/article\/xalq-artisti-prezident-teqaudu-ucun-ilham-eliyeve-muracet-edib\/"},"author":{"name":"elli","@id":"https:\/\/www.meydan.tv\/az\/#\/schema\/person\/9cdbecf90d17180ce1dfbd95b08dcf47"},"headline":"Xalq artisti Prezident t\u0259qa\u00fcd\u00fc \u00fc\u00e7\u00fcn \u0130lham \u018fliyev\u0259 m\u00fcrac\u0259t edib","datePublished":"2022-12-19T14:03:24+00:00","dateModified":"2022-12-19T14:03:27+00:00","mainEntityOfPage":{"@id":"https:\/\/www.meydan.tv\/az\/article\/xalq-artisti-prezident-teqaudu-ucun-ilham-eliyeve-muracet-edib\/"},"wordCount":603,"publisher":{"@id":"https:\/\/www.meydan.tv\/az\/#organization"},"image":{"@id":"https:\/\/www.meydan.tv\/az\/article\/xalq-artisti-prezident-teqaudu-ucun-ilham-eliyeve-muracet-edib\/#primaryimage"},"thumbnailUrl":"https:\/\/www.meydan.tv\/wp-content\/uploads\/599652_01-e1661936966656.jpg","articleSection":["M\u0259d\u0259niyy\u0259t","X\u0259b\u0259rl\u0259r"],"inLanguage":"az"},{"@type":"WebPage","@id":"https:\/\/www.meydan.tv\/az\/article\/xalq-artisti-prezident-teqaudu-ucun-ilham-eliyeve-muracet-edib\/","url":"https:\/\/www.meydan.tv\/az\/article\/xalq-artisti-prezident-teqaudu-ucun-ilham-eliyeve-muracet-edib\/","name":"Xalq artisti Prezident t\u0259qa\u00fcd\u00fc \u00fc\u00e7\u00fcn \u0130lham \u018fliyev\u0259 m\u00fcrac\u0259t edib - MEYDAN.TV","isPartOf":{"@id":"https:\/\/www.meydan.tv\/az\/#website"},"primaryImageOfPage":{"@id":"https:\/\/www.meydan.tv\/az\/article\/xalq-artisti-prezident-teqaudu-ucun-ilham-eliyeve-muracet-edib\/#primaryimage"},"image":{"@id":"https:\/\/www.meydan.tv\/az\/article\/xalq-artisti-prezident-teqaudu-ucun-ilham-eliyeve-muracet-edib\/#primaryimage"},"thumbnailUrl":"https:\/\/www.meydan.tv\/wp-content\/uploads\/599652_01-e1661936966656.jpg","datePublished":"2022-12-19T14:03:24+00:00","dateModified":"2022-12-19T14:03:27+00:00","breadcrumb":{"@id":"https:\/\/www.meydan.tv\/az\/article\/xalq-artisti-prezident-teqaudu-ucun-ilham-eliyeve-muracet-edib\/#breadcrumb"},"inLanguage":"az","potentialAction":[{"@type":"ReadAction","target":["https:\/\/www.meydan.tv\/az\/article\/xalq-artisti-prezident-teqaudu-ucun-ilham-eliyeve-muracet-edib\/"]}]},{"@type":"ImageObject","inLanguage":"az","@id":"https:\/\/www.meydan.tv\/az\/article\/xalq-artisti-prezident-teqaudu-ucun-ilham-eliyeve-muracet-edib\/#primaryimage","url":"https:\/\/www.meydan.tv\/wp-content\/uploads\/599652_01-e1661936966656.jpg","contentUrl":"https:\/\/www.meydan.tv\/wp-content\/uploads\/599652_01-e1661936966656.jpg","width":1200,"height":615,"caption":"\u018fnv\u0259r H\u0259s\u0259nov. Foto: \"News.milli.az\""},{"@type":"BreadcrumbList","@id":"https:\/\/www.meydan.tv\/az\/article\/xalq-artisti-prezident-teqaudu-ucun-ilham-eliyeve-muracet-edib\/#breadcrumb","itemListElement":[{"@type":"ListItem","position":1,"name":"Ana s\u0259hif\u0259","item":"https:\/\/www.meydan.tv\/az\/"},{"@type":"ListItem","position":2,"name":"M\u0259d\u0259niyy\u0259t","item":"https:\/\/www.meydan.tv\/az\/section\/medeniyyet\/"},{"@type":"ListItem","position":3,"name":"Xalq artisti Prezident t\u0259qa\u00fcd\u00fc \u00fc\u00e7\u00fcn \u0130lham \u018fliyev\u0259 m\u00fcrac\u0259t edib"}]},{"@type":"WebSite","@id":"https:\/\/www.meydan.tv\/az\/#website","url":"https:\/\/www.meydan.tv\/az\/","name":"MEYDAN.TV","description":"Meydan TV Az\u0259rbaycan\u0131n media m\u0259kan\u0131ndak\u0131 alternativ s\u0259sidir","publisher":{"@id":"https:\/\/www.meydan.tv\/az\/#organization"},"potentialAction":[{"@type":"SearchAction","target":{"@type":"EntryPoint","urlTemplate":"https:\/\/www.meydan.tv\/az\/?s={search_term_string}"},"query-input":{"@type":"PropertyValueSpecification","valueRequired":true,"valueName":"search_term_string"}}],"inLanguage":"az"},{"@type":"Organization","@id":"https:\/\/www.meydan.tv\/az\/#organization","name":"Meydan TV","url":"https:\/\/www.meydan.tv\/az\/","logo":{"@type":"ImageObject","inLanguage":"az","@id":"https:\/\/www.meydan.tv\/az\/#\/schema\/logo\/image\/","url":"https:\/\/www.meydan.tv\/wp-content\/uploads\/2021\/07\/meydan-logo.svg","contentUrl":"https:\/\/www.meydan.tv\/wp-content\/uploads\/2021\/07\/meydan-logo.svg","width":195,"height":46,"caption":"Meydan TV"},"image":{"@id":"https:\/\/www.meydan.tv\/az\/#\/schema\/logo\/image\/"}},{"@type":"Person","@id":"https:\/\/www.meydan.tv\/az\/#\/schema\/person\/9cdbecf90d17180ce1dfbd95b08dcf47","name":"elli","sameAs":["https:\/\/x.com\/elli"]}]}},"_links":{"self":[{"href":"https:\/\/www.meydan.tv\/az\/wp-json\/wp\/v2\/posts\/263833","targetHints":{"allow":["GET"]}}],"collection":[{"href":"https:\/\/www.meydan.tv\/az\/wp-json\/wp\/v2\/posts"}],"about":[{"href":"https:\/\/www.meydan.tv\/az\/wp-json\/wp\/v2\/types\/post"}],"author":[{"embeddable":true,"href":"https:\/\/www.meydan.tv\/az\/wp-json\/wp\/v2\/users\/8"}],"replies":[{"embeddable":true,"href":"https:\/\/www.meydan.tv\/az\/wp-json\/wp\/v2\/comments?post=263833"}],"version-history":[{"count":1,"href":"https:\/\/www.meydan.tv\/az\/wp-json\/wp\/v2\/posts\/263833\/revisions"}],"predecessor-version":[{"id":263834,"href":"https:\/\/www.meydan.tv\/az\/wp-json\/wp\/v2\/posts\/263833\/revisions\/263834"}],"wp:featuredmedia":[{"embeddable":true,"href":"https:\/\/www.meydan.tv\/az\/wp-json\/wp\/v2\/media\/254539"}],"wp:attachment":[{"href":"https:\/\/www.meydan.tv\/az\/wp-json\/wp\/v2\/media?parent=263833"}],"wp:term":[{"taxonomy":"category","embeddable":true,"href":"https:\/\/www.meydan.tv\/az\/wp-json\/wp\/v2\/categories?post=263833"},{"taxonomy":"post_tag","embeddable":true,"href":"https:\/\/www.meydan.tv\/az\/wp-json\/wp\/v2\/tags?post=263833"}],"curies":[{"name":"wp","href":"https:\/\/api.w.org\/{rel}","templated":true}]}}