{"id":263803,"date":"2022-12-19T16:11:09","date_gmt":"2022-12-19T12:11:09","guid":{"rendered":"https:\/\/www.meydan.tv\/?p=263803"},"modified":"2022-12-19T17:21:34","modified_gmt":"2022-12-19T13:21:34","slug":"ekofeal-milli-parklarin-erazilerinin-satisa-cixarildigini-deyir","status":"publish","type":"post","link":"https:\/\/www.meydan.tv\/az\/article\/ekofeal-milli-parklarin-erazilerinin-satisa-cixarildigini-deyir\/","title":{"rendered":"Ekof\u0259al milli parklar\u0131n \u0259razil\u0259rinin sat\u0131\u015fa \u00e7\u0131xar\u0131ld\u0131\u011f\u0131n\u0131 deyir"},"content":{"rendered":"\n<p><em>\u201cSalyan\u0131n icra ba\u015f\u00e7\u0131s\u0131 \u0259razini 99 illiy\u0259 Ceyhun H\u0259s\u0259novun pomidor yeti\u015fdir\u0259n m\u00fc\u0259ssis\u0259sin\u0259 icar\u0259y\u0259 verib\u201d<\/em><\/p>\n\n\n\n<p>\u201cEkologiya v\u0259 T\u0259bii S\u0259rv\u0259tl\u0259r Nazirliyi torpaq alveri edir. Bu d\u0259f\u0259 art\u0131q milli parklar- x\u00fcsusi m\u00fchafiz\u0259 olunan t\u0259bi\u0259t \u0259razil\u0259ridir. 7 min hektara yax\u0131n \u0259razini oliqarx sahibkarlarla raz\u0131la\u015fd\u0131r\u0131b, Ekologiya v\u0259 T\u0259bii S\u0259rv\u0259tl\u0259r Nazirliyinin balans\u0131ndan \u00e7\u0131xar\u0131b K\u0259nd T\u0259s\u0259rr\u00fcfat\u0131 Nazirliyin\u0259, icra hakimiyy\u0259tl\u0259rin\u0259 t\u0259hvil verm\u0259y\u0259 haz\u0131rla\u015f\u0131rlar. Bunun \u00fc\u00e7\u00fcn Nazirl\u0259r Kabinetin\u0259 m\u00fcraci\u0259t edibl\u0259r\u201d.<\/p>\n\n\n\n<p>Bunu Meydan TV-y\u0259 \u201cEcofront\u201d t\u0259\u015fkilat\u0131n\u0131n r\u0259hb\u0259ri Cavid Qara deyib.<\/p>\n\n\n\n<p>Ekof\u0259al\u0131n s\u00f6zl\u0259rin\u0259 g\u00f6r\u0259, \u015eirvan Milli Park\u0131ndan 2 min hektar, Q\u0131z\u0131la\u011fac Milli Park\u0131ndan 4 min hektar, Qarayaz\u0131 D\u00f6vl\u0259t T\u0259bi\u0259t Qoru\u011fundan is\u0259 min hektara yax\u0131n \u0259razini \u201csat\u0131\u015fa\u201d \u00e7\u0131xar\u0131blar.<\/p>\n\n\n\n<p>\u201cBu yax\u0131nlarda eyni \u00fcsulla \u015eirvan Milli Park\u0131ndan 518 hektar torpaq sah\u0259sini \u018fdliyy\u0259 Nazirliyinin Penitensiar Xidm\u0259tinin r\u0259isi Ceyhun H\u0259s\u0259nova veribl\u0259r. Salyan\u0131n icra ba\u015f\u00e7\u0131s\u0131 Sevindik H\u0259t\u0259mov h\u0259min \u0259razini hektar\u0131 2 manatdan 99 illiy\u0259 Ceyhun H\u0259s\u0259novun pomidor yeti\u015fdir\u0259n m\u00fc\u0259ssis\u0259sin\u0259 icar\u0259y\u0259 verib. Nazirliy\u0259 ba\u015fqa yerd\u0259n tam yarars\u0131z \u015foran torpaq verilib. Nazirlikd\u0259 olan etibarl\u0131 m\u0259nb\u0259miz d\u0259 bunu t\u0259sdiql\u0259yib\u201d, &#8211; Cavid Qara deyib.<\/p>\n\n\n\n<figure class=\"wp-block-image size-full\"><img decoding=\"async\" width=\"1024\" height=\"718\" data-src=\"https:\/\/www.meydan.tv\/wp-content\/uploads\/f27ab520-dc3e-4f36-aa69-0f8fe1a34d47.width-1024.jpg\" alt=\"Cavid Qara\" class=\"wp-image-143729 lazyload\" src=\"data:image\/svg+xml;base64,PHN2ZyB3aWR0aD0iMSIgaGVpZ2h0PSIxIiB4bWxucz0iaHR0cDovL3d3dy53My5vcmcvMjAwMC9zdmciPjwvc3ZnPg==\" style=\"--smush-placeholder-width: 1024px; --smush-placeholder-aspect-ratio: 1024\/718;\" \/><figcaption class=\"wp-element-caption\">Foto: Facebook<\/figcaption><\/figure>\n\n\n\n<p>Ekof\u0259al qeyd edib ki, bu prosesin arxas\u0131nda b\u00f6y\u00fck m\u0259mur \u00f6zba\u015f\u0131nal\u0131qlar\u0131 v\u0259 korrupsiya dayan\u0131r. Bu torpaqlar\u0131n quraq \u0259razil\u0259rd\u0259 suvar\u0131lmas\u0131 ciddu su resursu t\u0259l\u0259b edir:<\/p>\n\n\n\n<p>\u201cYen\u0259 \u0259traf k\u0259ndl\u0259r susuz qalacaq, yen\u0259 K\u00fcr quruyacaq\u201d.<\/p>\n\n\n\n<p>T\u0259\u015fkilat\u0131n f\u0259allar\u0131 Ba\u015f Prokurorluqdan m\u0259s\u0259l\u0259ni ara\u015fd\u0131r\u0131lmas\u0131n\u0131 xahi\u015f edibl\u0259r.<\/p>\n\n\n\n<p>Ekologiya v\u0259 T\u0259bii S\u0259rv\u0259tl\u0259r Nazirliyi Meydan TV-nin suallar\u0131na cavab verm\u0259yib. Nazirliyin ad\u0131n\u0131n \u00e7\u0259kilm\u0259sini ist\u0259m\u0259y\u0259n \u0259m\u0259kda\u015f\u0131 is\u0259 deyil\u0259nl\u0259ri t\u0259sdiql\u0259yib:<\/p>\n\n\n\n<p>\u201cCavid Qara vaxt\u0131 il\u0259 nazirliyin \u0259m\u0259kda\u015f\u0131 olub v\u0259 m\u0259lumatlar ona g\u00fcman ki, el\u0259 nazirliyin hans\u0131sa \u0259m\u0259kda\u015flar\u0131 t\u0259r\u0259find\u0259n \u00f6t\u00fcr\u00fcl\u00fcr. \u00c7\u00fcnki deyil\u0259nl\u0259r do\u011frudur\u201d.<\/p>\n\n\n\n<p>Salyan Rayon \u0130cra Hakimiyy\u0259tind\u0259n is\u0259 sual\u0131 cavabland\u0131rmaqdan qa\u00e7\u0131blar. Bel\u0259 ki, sual\u0131 e\u015fid\u0259n kimi \u015f\u00f6b\u0259l\u0259r Meydan TV-nin \u0259m\u0259kda\u015f\u0131n\u0131 bir-birin\u0259 y\u00f6nl\u0259ndirib. Yaln\u0131z \u00fcmumi \u015f\u00f6b\u0259d\u0259n bildirilib ki, bu bar\u0259d\u0259 m\u0259lumats\u0131zd\u0131rlar, \u0259g\u0259r laz\u0131m g\u0259ls\u0259 m\u0259tbuata a\u00e7\u0131qlama veril\u0259c\u0259k.<\/p>\n\n\n\n<p>Meydan TV Ceyhun H\u0259s\u0259novla \u0259laq\u0259 saxlaya bilm\u0259yib.<\/p>\n","protected":false},"excerpt":{"rendered":"<p>\u201cSalyan\u0131n icra ba\u015f\u00e7\u0131s\u0131 \u0259razini 99 illiy\u0259 Ceyhun H\u0259s\u0259novun pomidor yeti\u015fdir\u0259n &#8230; <\/p>\n<p class=\"read-more-container\"><a title=\"Ekof\u0259al milli parklar\u0131n \u0259razil\u0259rinin sat\u0131\u015fa \u00e7\u0131xar\u0131ld\u0131\u011f\u0131n\u0131 deyir\" class=\"read-more button\" href=\"https:\/\/www.meydan.tv\/az\/article\/ekofeal-milli-parklarin-erazilerinin-satisa-cixarildigini-deyir\/#more-263803\" aria-label=\"Read more about Ekof\u0259al milli parklar\u0131n \u0259razil\u0259rinin sat\u0131\u015fa \u00e7\u0131xar\u0131ld\u0131\u011f\u0131n\u0131 deyir\">Davam\u0131<\/a><\/p>\n","protected":false},"author":18,"featured_media":263804,"comment_status":"closed","ping_status":"closed","sticky":false,"template":"","format":"standard","meta":{"_acf_changed":false,"_sitemap_exclude":false,"_sitemap_priority":"","_sitemap_frequency":"","footnotes":""},"categories":[60,79,56],"tags":[],"class_list":["post-263803","post","type-post","status-publish","format-standard","has-post-thumbnail","hentry","category-bolge","category-featured","category-xeberler","infinite-scroll-item","generate-columns","tablet-grid-50","mobile-grid-100","grid-parent","grid-33","no-featured-image-padding"],"acf":[],"yoast_head":"<!-- This site is optimized with the Yoast SEO plugin v27.5 - https:\/\/yoast.com\/product\/yoast-seo-wordpress\/ -->\n<title>Ekof\u0259al milli parklar\u0131n \u0259razil\u0259rinin sat\u0131\u015fa \u00e7\u0131xar\u0131ld\u0131\u011f\u0131n\u0131 deyir - MEYDAN.TV<\/title>\n<meta name=\"robots\" content=\"index, follow, max-snippet:-1, max-image-preview:large, max-video-preview:-1\" \/>\n<link rel=\"canonical\" href=\"https:\/\/www.meydan.tv\/az\/article\/ekofeal-milli-parklarin-erazilerinin-satisa-cixarildigini-deyir\/\" \/>\n<meta property=\"og:locale\" content=\"az_AZ\" \/>\n<meta property=\"og:type\" content=\"article\" \/>\n<meta property=\"og:title\" content=\"Ekof\u0259al milli parklar\u0131n \u0259razil\u0259rinin sat\u0131\u015fa \u00e7\u0131xar\u0131ld\u0131\u011f\u0131n\u0131 deyir - MEYDAN.TV\" \/>\n<meta property=\"og:description\" content=\"\u201cSalyan\u0131n icra ba\u015f\u00e7\u0131s\u0131 \u0259razini 99 illiy\u0259 Ceyhun H\u0259s\u0259novun pomidor yeti\u015fdir\u0259n ... Davam\u0131\" \/>\n<meta property=\"og:url\" content=\"https:\/\/www.meydan.tv\/az\/article\/ekofeal-milli-parklarin-erazilerinin-satisa-cixarildigini-deyir\/\" \/>\n<meta property=\"og:site_name\" content=\"MEYDAN.TV\" \/>\n<meta property=\"article:published_time\" content=\"2022-12-19T12:11:09+00:00\" \/>\n<meta property=\"article:modified_time\" content=\"2022-12-19T13:21:34+00:00\" \/>\n<meta property=\"og:image\" content=\"https:\/\/www.meydan.tv\/wp-content\/uploads\/630088f7601d5630088f7601d61660979447630088f7601d3630088f7601d4.jpg\" \/>\n\t<meta property=\"og:image:width\" content=\"1200\" \/>\n\t<meta property=\"og:image:height\" content=\"800\" \/>\n\t<meta property=\"og:image:type\" content=\"image\/jpeg\" \/>\n<meta name=\"author\" content=\"miron\" \/>\n<meta name=\"twitter:card\" content=\"summary_large_image\" \/>\n<script type=\"application\/ld+json\" class=\"yoast-schema-graph\">{\"@context\":\"https:\\\/\\\/schema.org\",\"@graph\":[{\"@type\":\"Article\",\"@id\":\"https:\\\/\\\/www.meydan.tv\\\/az\\\/article\\\/ekofeal-milli-parklarin-erazilerinin-satisa-cixarildigini-deyir\\\/#article\",\"isPartOf\":{\"@id\":\"https:\\\/\\\/www.meydan.tv\\\/az\\\/article\\\/ekofeal-milli-parklarin-erazilerinin-satisa-cixarildigini-deyir\\\/\"},\"author\":{\"name\":\"miron\",\"@id\":\"https:\\\/\\\/www.meydan.tv\\\/az\\\/#\\\/schema\\\/person\\\/981b0b284aeaa9ad0cbf814cd4a9d67c\"},\"headline\":\"Ekof\u0259al milli parklar\u0131n \u0259razil\u0259rinin sat\u0131\u015fa \u00e7\u0131xar\u0131ld\u0131\u011f\u0131n\u0131 deyir\",\"datePublished\":\"2022-12-19T12:11:09+00:00\",\"dateModified\":\"2022-12-19T13:21:34+00:00\",\"mainEntityOfPage\":{\"@id\":\"https:\\\/\\\/www.meydan.tv\\\/az\\\/article\\\/ekofeal-milli-parklarin-erazilerinin-satisa-cixarildigini-deyir\\\/\"},\"wordCount\":461,\"publisher\":{\"@id\":\"https:\\\/\\\/www.meydan.tv\\\/az\\\/#organization\"},\"image\":{\"@id\":\"https:\\\/\\\/www.meydan.tv\\\/az\\\/article\\\/ekofeal-milli-parklarin-erazilerinin-satisa-cixarildigini-deyir\\\/#primaryimage\"},\"thumbnailUrl\":\"https:\\\/\\\/www.meydan.tv\\\/wp-content\\\/uploads\\\/630088f7601d5630088f7601d61660979447630088f7601d3630088f7601d4.jpg\",\"articleSection\":[\"B\u00f6lg\u0259\",\"T\u00f6vsiy\u0259\",\"X\u0259b\u0259rl\u0259r\"],\"inLanguage\":\"az\"},{\"@type\":\"WebPage\",\"@id\":\"https:\\\/\\\/www.meydan.tv\\\/az\\\/article\\\/ekofeal-milli-parklarin-erazilerinin-satisa-cixarildigini-deyir\\\/\",\"url\":\"https:\\\/\\\/www.meydan.tv\\\/az\\\/article\\\/ekofeal-milli-parklarin-erazilerinin-satisa-cixarildigini-deyir\\\/\",\"name\":\"Ekof\u0259al milli parklar\u0131n \u0259razil\u0259rinin sat\u0131\u015fa \u00e7\u0131xar\u0131ld\u0131\u011f\u0131n\u0131 deyir - MEYDAN.TV\",\"isPartOf\":{\"@id\":\"https:\\\/\\\/www.meydan.tv\\\/az\\\/#website\"},\"primaryImageOfPage\":{\"@id\":\"https:\\\/\\\/www.meydan.tv\\\/az\\\/article\\\/ekofeal-milli-parklarin-erazilerinin-satisa-cixarildigini-deyir\\\/#primaryimage\"},\"image\":{\"@id\":\"https:\\\/\\\/www.meydan.tv\\\/az\\\/article\\\/ekofeal-milli-parklarin-erazilerinin-satisa-cixarildigini-deyir\\\/#primaryimage\"},\"thumbnailUrl\":\"https:\\\/\\\/www.meydan.tv\\\/wp-content\\\/uploads\\\/630088f7601d5630088f7601d61660979447630088f7601d3630088f7601d4.jpg\",\"datePublished\":\"2022-12-19T12:11:09+00:00\",\"dateModified\":\"2022-12-19T13:21:34+00:00\",\"breadcrumb\":{\"@id\":\"https:\\\/\\\/www.meydan.tv\\\/az\\\/article\\\/ekofeal-milli-parklarin-erazilerinin-satisa-cixarildigini-deyir\\\/#breadcrumb\"},\"inLanguage\":\"az\",\"potentialAction\":[{\"@type\":\"ReadAction\",\"target\":[\"https:\\\/\\\/www.meydan.tv\\\/az\\\/article\\\/ekofeal-milli-parklarin-erazilerinin-satisa-cixarildigini-deyir\\\/\"]}]},{\"@type\":\"ImageObject\",\"inLanguage\":\"az\",\"@id\":\"https:\\\/\\\/www.meydan.tv\\\/az\\\/article\\\/ekofeal-milli-parklarin-erazilerinin-satisa-cixarildigini-deyir\\\/#primaryimage\",\"url\":\"https:\\\/\\\/www.meydan.tv\\\/wp-content\\\/uploads\\\/630088f7601d5630088f7601d61660979447630088f7601d3630088f7601d4.jpg\",\"contentUrl\":\"https:\\\/\\\/www.meydan.tv\\\/wp-content\\\/uploads\\\/630088f7601d5630088f7601d61660979447630088f7601d3630088f7601d4.jpg\",\"width\":1200,\"height\":800},{\"@type\":\"BreadcrumbList\",\"@id\":\"https:\\\/\\\/www.meydan.tv\\\/az\\\/article\\\/ekofeal-milli-parklarin-erazilerinin-satisa-cixarildigini-deyir\\\/#breadcrumb\",\"itemListElement\":[{\"@type\":\"ListItem\",\"position\":1,\"name\":\"Ana s\u0259hif\u0259\",\"item\":\"https:\\\/\\\/www.meydan.tv\\\/az\\\/\"},{\"@type\":\"ListItem\",\"position\":2,\"name\":\"B\u00f6lg\u0259\",\"item\":\"https:\\\/\\\/www.meydan.tv\\\/az\\\/section\\\/bolge\\\/\"},{\"@type\":\"ListItem\",\"position\":3,\"name\":\"Ekof\u0259al milli parklar\u0131n \u0259razil\u0259rinin sat\u0131\u015fa \u00e7\u0131xar\u0131ld\u0131\u011f\u0131n\u0131 deyir\"}]},{\"@type\":\"WebSite\",\"@id\":\"https:\\\/\\\/www.meydan.tv\\\/az\\\/#website\",\"url\":\"https:\\\/\\\/www.meydan.tv\\\/az\\\/\",\"name\":\"MEYDAN.TV\",\"description\":\"Meydan TV Az\u0259rbaycan\u0131n media m\u0259kan\u0131ndak\u0131 alternativ s\u0259sidir\",\"publisher\":{\"@id\":\"https:\\\/\\\/www.meydan.tv\\\/az\\\/#organization\"},\"potentialAction\":[{\"@type\":\"SearchAction\",\"target\":{\"@type\":\"EntryPoint\",\"urlTemplate\":\"https:\\\/\\\/www.meydan.tv\\\/az\\\/?s={search_term_string}\"},\"query-input\":{\"@type\":\"PropertyValueSpecification\",\"valueRequired\":true,\"valueName\":\"search_term_string\"}}],\"inLanguage\":\"az\"},{\"@type\":\"Organization\",\"@id\":\"https:\\\/\\\/www.meydan.tv\\\/az\\\/#organization\",\"name\":\"Meydan TV\",\"url\":\"https:\\\/\\\/www.meydan.tv\\\/az\\\/\",\"logo\":{\"@type\":\"ImageObject\",\"inLanguage\":\"az\",\"@id\":\"https:\\\/\\\/www.meydan.tv\\\/az\\\/#\\\/schema\\\/logo\\\/image\\\/\",\"url\":\"https:\\\/\\\/www.meydan.tv\\\/wp-content\\\/uploads\\\/2021\\\/07\\\/meydan-logo.svg\",\"contentUrl\":\"https:\\\/\\\/www.meydan.tv\\\/wp-content\\\/uploads\\\/2021\\\/07\\\/meydan-logo.svg\",\"width\":195,\"height\":46,\"caption\":\"Meydan TV\"},\"image\":{\"@id\":\"https:\\\/\\\/www.meydan.tv\\\/az\\\/#\\\/schema\\\/logo\\\/image\\\/\"}},{\"@type\":\"Person\",\"@id\":\"https:\\\/\\\/www.meydan.tv\\\/az\\\/#\\\/schema\\\/person\\\/981b0b284aeaa9ad0cbf814cd4a9d67c\",\"name\":\"miron\"}]}<\/script>\n<!-- \/ Yoast SEO plugin. -->","yoast_head_json":{"title":"Ekof\u0259al milli parklar\u0131n \u0259razil\u0259rinin sat\u0131\u015fa \u00e7\u0131xar\u0131ld\u0131\u011f\u0131n\u0131 deyir - MEYDAN.TV","robots":{"index":"index","follow":"follow","max-snippet":"max-snippet:-1","max-image-preview":"max-image-preview:large","max-video-preview":"max-video-preview:-1"},"canonical":"https:\/\/www.meydan.tv\/az\/article\/ekofeal-milli-parklarin-erazilerinin-satisa-cixarildigini-deyir\/","og_locale":"az_AZ","og_type":"article","og_title":"Ekof\u0259al milli parklar\u0131n \u0259razil\u0259rinin sat\u0131\u015fa \u00e7\u0131xar\u0131ld\u0131\u011f\u0131n\u0131 deyir - MEYDAN.TV","og_description":"\u201cSalyan\u0131n icra ba\u015f\u00e7\u0131s\u0131 \u0259razini 99 illiy\u0259 Ceyhun H\u0259s\u0259novun pomidor yeti\u015fdir\u0259n ... Davam\u0131","og_url":"https:\/\/www.meydan.tv\/az\/article\/ekofeal-milli-parklarin-erazilerinin-satisa-cixarildigini-deyir\/","og_site_name":"MEYDAN.TV","article_published_time":"2022-12-19T12:11:09+00:00","article_modified_time":"2022-12-19T13:21:34+00:00","og_image":[{"width":1200,"height":800,"url":"https:\/\/www.meydan.tv\/wp-content\/uploads\/630088f7601d5630088f7601d61660979447630088f7601d3630088f7601d4.jpg","type":"image\/jpeg"}],"author":"miron","twitter_card":"summary_large_image","schema":{"@context":"https:\/\/schema.org","@graph":[{"@type":"Article","@id":"https:\/\/www.meydan.tv\/az\/article\/ekofeal-milli-parklarin-erazilerinin-satisa-cixarildigini-deyir\/#article","isPartOf":{"@id":"https:\/\/www.meydan.tv\/az\/article\/ekofeal-milli-parklarin-erazilerinin-satisa-cixarildigini-deyir\/"},"author":{"name":"miron","@id":"https:\/\/www.meydan.tv\/az\/#\/schema\/person\/981b0b284aeaa9ad0cbf814cd4a9d67c"},"headline":"Ekof\u0259al milli parklar\u0131n \u0259razil\u0259rinin sat\u0131\u015fa \u00e7\u0131xar\u0131ld\u0131\u011f\u0131n\u0131 deyir","datePublished":"2022-12-19T12:11:09+00:00","dateModified":"2022-12-19T13:21:34+00:00","mainEntityOfPage":{"@id":"https:\/\/www.meydan.tv\/az\/article\/ekofeal-milli-parklarin-erazilerinin-satisa-cixarildigini-deyir\/"},"wordCount":461,"publisher":{"@id":"https:\/\/www.meydan.tv\/az\/#organization"},"image":{"@id":"https:\/\/www.meydan.tv\/az\/article\/ekofeal-milli-parklarin-erazilerinin-satisa-cixarildigini-deyir\/#primaryimage"},"thumbnailUrl":"https:\/\/www.meydan.tv\/wp-content\/uploads\/630088f7601d5630088f7601d61660979447630088f7601d3630088f7601d4.jpg","articleSection":["B\u00f6lg\u0259","T\u00f6vsiy\u0259","X\u0259b\u0259rl\u0259r"],"inLanguage":"az"},{"@type":"WebPage","@id":"https:\/\/www.meydan.tv\/az\/article\/ekofeal-milli-parklarin-erazilerinin-satisa-cixarildigini-deyir\/","url":"https:\/\/www.meydan.tv\/az\/article\/ekofeal-milli-parklarin-erazilerinin-satisa-cixarildigini-deyir\/","name":"Ekof\u0259al milli parklar\u0131n \u0259razil\u0259rinin sat\u0131\u015fa \u00e7\u0131xar\u0131ld\u0131\u011f\u0131n\u0131 deyir - MEYDAN.TV","isPartOf":{"@id":"https:\/\/www.meydan.tv\/az\/#website"},"primaryImageOfPage":{"@id":"https:\/\/www.meydan.tv\/az\/article\/ekofeal-milli-parklarin-erazilerinin-satisa-cixarildigini-deyir\/#primaryimage"},"image":{"@id":"https:\/\/www.meydan.tv\/az\/article\/ekofeal-milli-parklarin-erazilerinin-satisa-cixarildigini-deyir\/#primaryimage"},"thumbnailUrl":"https:\/\/www.meydan.tv\/wp-content\/uploads\/630088f7601d5630088f7601d61660979447630088f7601d3630088f7601d4.jpg","datePublished":"2022-12-19T12:11:09+00:00","dateModified":"2022-12-19T13:21:34+00:00","breadcrumb":{"@id":"https:\/\/www.meydan.tv\/az\/article\/ekofeal-milli-parklarin-erazilerinin-satisa-cixarildigini-deyir\/#breadcrumb"},"inLanguage":"az","potentialAction":[{"@type":"ReadAction","target":["https:\/\/www.meydan.tv\/az\/article\/ekofeal-milli-parklarin-erazilerinin-satisa-cixarildigini-deyir\/"]}]},{"@type":"ImageObject","inLanguage":"az","@id":"https:\/\/www.meydan.tv\/az\/article\/ekofeal-milli-parklarin-erazilerinin-satisa-cixarildigini-deyir\/#primaryimage","url":"https:\/\/www.meydan.tv\/wp-content\/uploads\/630088f7601d5630088f7601d61660979447630088f7601d3630088f7601d4.jpg","contentUrl":"https:\/\/www.meydan.tv\/wp-content\/uploads\/630088f7601d5630088f7601d61660979447630088f7601d3630088f7601d4.jpg","width":1200,"height":800},{"@type":"BreadcrumbList","@id":"https:\/\/www.meydan.tv\/az\/article\/ekofeal-milli-parklarin-erazilerinin-satisa-cixarildigini-deyir\/#breadcrumb","itemListElement":[{"@type":"ListItem","position":1,"name":"Ana s\u0259hif\u0259","item":"https:\/\/www.meydan.tv\/az\/"},{"@type":"ListItem","position":2,"name":"B\u00f6lg\u0259","item":"https:\/\/www.meydan.tv\/az\/section\/bolge\/"},{"@type":"ListItem","position":3,"name":"Ekof\u0259al milli parklar\u0131n \u0259razil\u0259rinin sat\u0131\u015fa \u00e7\u0131xar\u0131ld\u0131\u011f\u0131n\u0131 deyir"}]},{"@type":"WebSite","@id":"https:\/\/www.meydan.tv\/az\/#website","url":"https:\/\/www.meydan.tv\/az\/","name":"MEYDAN.TV","description":"Meydan TV Az\u0259rbaycan\u0131n media m\u0259kan\u0131ndak\u0131 alternativ s\u0259sidir","publisher":{"@id":"https:\/\/www.meydan.tv\/az\/#organization"},"potentialAction":[{"@type":"SearchAction","target":{"@type":"EntryPoint","urlTemplate":"https:\/\/www.meydan.tv\/az\/?s={search_term_string}"},"query-input":{"@type":"PropertyValueSpecification","valueRequired":true,"valueName":"search_term_string"}}],"inLanguage":"az"},{"@type":"Organization","@id":"https:\/\/www.meydan.tv\/az\/#organization","name":"Meydan TV","url":"https:\/\/www.meydan.tv\/az\/","logo":{"@type":"ImageObject","inLanguage":"az","@id":"https:\/\/www.meydan.tv\/az\/#\/schema\/logo\/image\/","url":"https:\/\/www.meydan.tv\/wp-content\/uploads\/2021\/07\/meydan-logo.svg","contentUrl":"https:\/\/www.meydan.tv\/wp-content\/uploads\/2021\/07\/meydan-logo.svg","width":195,"height":46,"caption":"Meydan TV"},"image":{"@id":"https:\/\/www.meydan.tv\/az\/#\/schema\/logo\/image\/"}},{"@type":"Person","@id":"https:\/\/www.meydan.tv\/az\/#\/schema\/person\/981b0b284aeaa9ad0cbf814cd4a9d67c","name":"miron"}]}},"_links":{"self":[{"href":"https:\/\/www.meydan.tv\/az\/wp-json\/wp\/v2\/posts\/263803","targetHints":{"allow":["GET"]}}],"collection":[{"href":"https:\/\/www.meydan.tv\/az\/wp-json\/wp\/v2\/posts"}],"about":[{"href":"https:\/\/www.meydan.tv\/az\/wp-json\/wp\/v2\/types\/post"}],"author":[{"embeddable":true,"href":"https:\/\/www.meydan.tv\/az\/wp-json\/wp\/v2\/users\/18"}],"replies":[{"embeddable":true,"href":"https:\/\/www.meydan.tv\/az\/wp-json\/wp\/v2\/comments?post=263803"}],"version-history":[{"count":2,"href":"https:\/\/www.meydan.tv\/az\/wp-json\/wp\/v2\/posts\/263803\/revisions"}],"predecessor-version":[{"id":263832,"href":"https:\/\/www.meydan.tv\/az\/wp-json\/wp\/v2\/posts\/263803\/revisions\/263832"}],"wp:featuredmedia":[{"embeddable":true,"href":"https:\/\/www.meydan.tv\/az\/wp-json\/wp\/v2\/media\/263804"}],"wp:attachment":[{"href":"https:\/\/www.meydan.tv\/az\/wp-json\/wp\/v2\/media?parent=263803"}],"wp:term":[{"taxonomy":"category","embeddable":true,"href":"https:\/\/www.meydan.tv\/az\/wp-json\/wp\/v2\/categories?post=263803"},{"taxonomy":"post_tag","embeddable":true,"href":"https:\/\/www.meydan.tv\/az\/wp-json\/wp\/v2\/tags?post=263803"}],"curies":[{"name":"wp","href":"https:\/\/api.w.org\/{rel}","templated":true}]}}