{"id":263744,"date":"2022-12-19T14:50:38","date_gmt":"2022-12-19T10:50:38","guid":{"rendered":"https:\/\/www.meydan.tv\/?p=263744"},"modified":"2022-12-19T14:53:39","modified_gmt":"2022-12-19T10:53:39","slug":"goycayda-internet-problemi-sakinler-surundurmecilikden-sikayetlenirler","status":"publish","type":"post","link":"https:\/\/www.meydan.tv\/az\/article\/goycayda-internet-problemi-sakinler-surundurmecilikden-sikayetlenirler\/","title":{"rendered":"G\u00f6y\u00e7ayda internet problemi: sakinl\u0259r s\u00fcr\u00fcnd\u00fcrm\u0259\u00e7ilikd\u0259n \u015fikay\u0259tl\u0259nirl\u0259r"},"content":{"rendered":"\n<p><\/p>\n\n\n\n<p><em>&#8220;K\u0259ndl\u0259rd\u0259 \u00e7ox adam imkans\u0131zl\u0131qdan internet \u00e7\u0259kdir\u0259 bilmir&#8221;<\/em><br><\/p>\n\n\n\n<p>G\u00f6y\u00e7ayda \u0259hali internetin s\u00fcr\u0259tind\u0259n v\u0259 tez-tez k\u0259silm\u0259sind\u0259 naraz\u0131d\u0131r. Onlar deyirl\u0259r ki, son bir ayda durum daha da pisl\u0259\u015fib.<\/p>\n\n\n\n<p>Sakinl\u0259rin s\u00f6zl\u0259rin\u0259 g\u00f6r\u0259, bu v\u0259ziyy\u0259t rayon m\u0259rk\u0259zind\u0259n daha \u00e7ox uzaqda &#8211; k\u0259ndl\u0259rd\u0259 m\u00fc\u015fahid\u0259 olunur.<\/p>\n\n\n\n<p>G\u00f6y\u00e7ay\u0131n 55 k\u0259ndi var, \u00e7oxu da ki\u00e7ik k\u0259ndl\u0259rdir.<\/p>\n\n\n\n<p>Amma nisbt\u0259n b\u00f6y\u00fck k\u0259ndl\u0259rd\u0259 d\u0259 bu probleml\u0259rin m\u00fc\u015fahid\u0259 olundu\u011fu deyilir.<\/p>\n\n\n\n<p>M\u0259s\u0259l\u0259n, rayonun \u00c7ax\u0131rl\u0131 k\u0259ndind\u0259 600-d\u0259n \u00e7ox t\u0259s\u0259rr\u00fcfat var ki, onlardan t\u0259xmin\u0259n 200-d\u0259 internet x\u0259tti var.<\/p>\n\n\n\n<figure class=\"wp-block-image size-large\"><img decoding=\"async\" width=\"1200\" height=\"540\" data-src=\"https:\/\/www.meydan.tv\/wp-content\/uploads\/img-20221210-wa0012-1200x540.jpg\" alt=\"\" class=\"wp-image-263784 lazyload\" src=\"data:image\/svg+xml;base64,PHN2ZyB3aWR0aD0iMSIgaGVpZ2h0PSIxIiB4bWxucz0iaHR0cDovL3d3dy53My5vcmcvMjAwMC9zdmciPjwvc3ZnPg==\" style=\"--smush-placeholder-width: 1200px; --smush-placeholder-aspect-ratio: 1200\/540;\" \/><\/figure>\n\n\n\n<p>Sakinl\u0259r deyirl\u0259r ki, internetin \u00e7\u0259kili\u015fi telefon x\u0259tti v\u0259 n\u00f6mr\u0259sin\u0259 ba\u011fl\u0131 olur v\u0259 bu da \u0259lav\u0259 x\u0259rc t\u0259l\u0259b edir. \u00dcst\u0259lik, x\u0259rc \u00e7\u0259kib d\u0259 \u00e7\u0259kdir\u0259nl\u0259r internetd\u0259n normal istifad\u0259 ed\u0259 bilmirl\u0259r.<br><\/p>\n\n\n\n<p><strong>&#8220;X\u0259tl\u0259r yamaq oldu\u011fundan h\u00f6r\u00fcm\u00e7\u0259k toruna b\u0259nz\u0259yir&#8221;<br><\/strong><\/p>\n\n\n\n<p>K\u0259nd sakini Oruc\u0259li Q\u0259ribov Meydan TV-y\u0259 bildirib ki, k\u0259ndd\u0259 x\u0259tl\u0259r v\u0259 dir\u0259kl\u0259r yaras\u0131z haldad\u0131r:<\/p>\n\n\n\n<p>&#8220;X\u0259tl\u0259r yamaq oldu\u011fundan h\u00f6r\u00fcm\u00e7\u0259k toruna b\u0259nz\u0259yir, dir\u0259kl\u0259r is\u0259 a\u011facdan oldu\u011fundan \u00e7\u00fcr\u00fcy\u00fcb. M\u00fct\u0259x\u0259ssis is\u0259 \u00e7at\u0131\u015fm\u0131r. Yeni fiber obtik internet x\u0259tl\u0259rin \u00e7\u0259kili\u015fi gecikir&#8221;.<\/p>\n\n\n\n<p>&#8220;Aztelekom&#8221;un \u00e7\u0259kdiyi x\u0259tl\u0259r d\u0259 k\u00f6hn\u0259dir. \u015eikay\u0259tl\u0259r h\u0259r g\u00fcn art\u0131r. Bir ya\u015fl\u0131 montyor var, o da yaram\u0131r, he\u00e7 \u00e7atd\u0131r\u0131b baxa da bilmir. Bir savadl\u0131 kadr tapm\u0131r\u0131q ki, bu k\u0259ndd\u0259ki internet probleminin s\u0259b\u0259bini dey\u0259 bilsin. M\u0259s\u0259l\u0259n, ev\u0259 \u00e7\u0259kdirdiyim modem k\u00f6hn\u0259 burax\u0131l\u0131\u015f idi, i\u015fl\u0259m\u0259di. Dedil\u0259r ki, yenisini al. Gedib 50 manat t\u0259z\u0259sini ald\u0131m, o da i\u015fl\u0259m\u0259di. Y\u0259ni o modem al\u0131nandan sonra komputerim internet\u0259 qo\u015fulmur, \u00e7\u00fcnki problem internet x\u0259ttind\u0259dir&#8221;, &#8211; dey\u0259 \u00c7ax\u0131rl\u0131 sakini bildirib.<\/p>\n\n\n\n<figure class=\"wp-block-image size-large\"><img decoding=\"async\" width=\"1200\" height=\"540\" data-src=\"https:\/\/www.meydan.tv\/wp-content\/uploads\/whatsapp-sekil-2022-12-10-saat-16.36.20-1200x540.jpg\" alt=\"\" class=\"wp-image-263780 lazyload\" src=\"data:image\/svg+xml;base64,PHN2ZyB3aWR0aD0iMSIgaGVpZ2h0PSIxIiB4bWxucz0iaHR0cDovL3d3dy53My5vcmcvMjAwMC9zdmciPjwvc3ZnPg==\" style=\"--smush-placeholder-width: 1200px; --smush-placeholder-aspect-ratio: 1200\/540;\" \/><\/figure>\n\n\n\n<p>Oruc\u0259li Q\u0259ribov deyir ki, normal internetin verilm\u0259m\u0259sin\u0259 baxmayaraq, ayl\u0131q abun\u0259haqq\u0131 bir g\u00fcn geciks\u0259, internet k\u0259silir: <\/p>\n\n\n\n<p>&#8220;H\u0259r ay 15 manat \u00f6d\u0259yirik. Bir g\u00fcn geciks\u0259, interneti k\u0259sirl\u0259r. Amma bir ay biz\u0259 el\u0259 internet verirl\u0259r ki, ona internet dem\u0259k olmaz, ancaq ad\u0131 var. \u015eikay\u0259t d\u0259 edirs\u0259n, baxan yoxdur. X\u0259tti d\u0259yi\u015fm\u0259y\u0259 d\u0259 imkan\u0131m\u0131z yoxdur, v\u0259t\u0259nda\u015f n\u0259 il\u0259 300-400 metr naqili als\u0131n?. \u0130kincisi d\u0259, problem t\u0259kc\u0259 x\u0259tl\u0259 ba\u011fl\u0131 deyil ax\u0131, s\u00fcr\u0259ti d\u0259 a\u015fa\u011f\u0131 sal\u0131blar&#8221;.<\/p>\n\n\n\n<figure class=\"wp-block-image size-large\"><img decoding=\"async\" width=\"1200\" height=\"540\" data-src=\"https:\/\/www.meydan.tv\/wp-content\/uploads\/img-20221210-wa0013-1200x540.jpg\" alt=\"\" class=\"wp-image-263791 lazyload\" src=\"data:image\/svg+xml;base64,PHN2ZyB3aWR0aD0iMSIgaGVpZ2h0PSIxIiB4bWxucz0iaHR0cDovL3d3dy53My5vcmcvMjAwMC9zdmciPjwvc3ZnPg==\" style=\"--smush-placeholder-width: 1200px; --smush-placeholder-aspect-ratio: 1200\/540;\" \/><\/figure>\n\n\n\n<p><strong>&#8220;Bir b\u0259han\u0259l\u0259ri var ki, x\u0259tt k\u00f6hn\u0259dir&#8221;<br><\/strong><\/p>\n\n\n\n<p>K\u0259nd sakinl\u0259ri deyir ki, x\u0259tl\u0259r v\u0259 dir\u0259kl\u0259r k\u00f6hn\u0259 oldu\u011fu \u00fc\u00e7\u00fcn adi bir k\u00fcl\u0259k \u0259s\u0259nd\u0259 q\u0131r\u0131l\u0131b t\u00f6k\u00fcl\u00fcr, onlar da g\u00fcnl\u0259rl\u0259 internet\u0259 h\u0259sr\u0259t qal\u0131rlar.<\/p>\n\n\n\n<p>\u00c7ax\u0131rl\u0131 k\u0259nd sakini B\u0259kir Qas\u0131mov on ildir ki, internet \u00e7\u0259kdirib. Dediyin\u0259 g\u00f6r\u0259, x\u0259rci 300 manatdan \u00e7ox olub. \u0130ki d\u0259f\u0259 naqili d\u0259yi\u015fs\u0259 d\u0259, problem aradan qalxmay\u0131b. Son bir ayda c\u0259mi iki g\u00fcn internetd\u0259n normal yararlana bilib.<\/p>\n\n\n\n<figure class=\"wp-block-image size-large\"><img decoding=\"async\" width=\"1200\" height=\"540\" data-src=\"https:\/\/www.meydan.tv\/wp-content\/uploads\/img-20221210-wa0033-1200x540.jpg\" alt=\"\" class=\"wp-image-263777 lazyload\" src=\"data:image\/svg+xml;base64,PHN2ZyB3aWR0aD0iMSIgaGVpZ2h0PSIxIiB4bWxucz0iaHR0cDovL3d3dy53My5vcmcvMjAwMC9zdmciPjwvc3ZnPg==\" style=\"--smush-placeholder-width: 1200px; --smush-placeholder-aspect-ratio: 1200\/540;\" \/><\/figure>\n\n\n\n<p>&#8220;M\u0259h\u0259ll\u0259d\u0259 20 ail\u0259 ya\u015fay\u0131r. B\u00fct\u00fcn qon\u015fular \u015fikay\u0259t\u00e7idir, s\u00fcr\u0259t \u00f6l\u00fcb, tez-tez d\u0259 k\u0259sinti olur. G\u00f6y\u00e7ay Telekommunikasiya Qov\u015fa\u011f\u0131na m\u00fcracitl\u0259r d\u0259 n\u0259tic\u0259 vermir. &#8220;Aztelekom&#8221;a getdik, dedil\u0259r ki, problem x\u0259tl\u0259 ba\u011fl\u0131d\u0131r, modemlikdir filan. Bir b\u0259han\u0259l\u0259ri var ki, x\u0259tt k\u00f6hn\u0259dir. Yax\u015f\u0131, tutaq ki, m\u0259nim modemim k\u00f6hn\u0259dir, ax\u0131 qon\u015fu t\u0259z\u0259 \u00e7\u0259kdirib. Onun da evind\u0259 eyni problem ya\u015fan\u0131r. M\u0259n d\u0259 iki d\u0259f\u0259 x\u0259tti d\u0259yi\u015fmi\u015f\u0259m. B\u0259s niy\u0259 n\u0259tic\u0259 yoxdur. \u018fvv\u0259l 10 manatl\u0131q, \u00fcst\u0259g\u0259l, 3 manatl\u0131q da telefon pulu \u00f6d\u0259ni\u015f olurdu. Sonradan interneti 15 manata qald\u0131rd\u0131q. Lap 20 manatl\u0131q da istifad\u0259 ets\u0259k, yen\u0259 d\u00fcz\u0259lm\u0259y\u0259c\u0259k&#8221;, &#8211; B\u0259kir Qas\u0131mov bel\u0259 deyir.<br><\/p>\n\n\n\n<p><strong>&#8220;\u0130mkan\u0131m yoxdur, ona g\u00f6r\u0259 internet \u00e7\u0259kdir\u0259 bilm\u0259dim&#8221;<\/strong><br><\/p>\n\n\n\n<p>B\u0259kir Qas\u0131mov deyir ki, internetin \u00e7\u0259kili\u015fi d\u0259 \u00e7ox x\u0259rc t\u0259l\u0259b edir. Buna da h\u0259r k\u0259sin imkan\u0131 olmur. Odur ki, ucqar v\u0259 ki\u00e7ik k\u0259ndl\u0259rin \u00e7oxunda internet yoxdur. Bu is\u0259 v\u0259t\u0259nda\u015flar\u0131 \u00fcnsiyy\u0259t qurmaqda, informasiya almaqda geri sal\u0131r:<\/p>\n\n\n\n<figure class=\"wp-block-image size-large\"><img decoding=\"async\" width=\"1200\" height=\"540\" data-src=\"https:\/\/www.meydan.tv\/wp-content\/uploads\/img-20221210-wa0032-1200x540.jpg\" alt=\"\" class=\"wp-image-263773 lazyload\" src=\"data:image\/svg+xml;base64,PHN2ZyB3aWR0aD0iMSIgaGVpZ2h0PSIxIiB4bWxucz0iaHR0cDovL3d3dy53My5vcmcvMjAwMC9zdmciPjwvc3ZnPg==\" style=\"--smush-placeholder-width: 1200px; --smush-placeholder-aspect-ratio: 1200\/540;\" \/><\/figure>\n\n\n\n<p>&#8220;M\u0259h\u0259l\u0259nin giri\u015fin\u0259 q\u0259d\u0259r \u00e7\u0259kirl\u0259r. Oradan evl\u0259r\u0259 mis kabel x\u0259tti \u00e7\u0259kdirm\u0259k art\u0131q v\u0259t\u0259nda\u015f\u0131n \u00f6hd\u0259liyin\u0259 d\u00fc\u015f\u00fcr. H\u0259r ail\u0259y\u0259 100 manat. El\u0259 adam var ki, 2 km uzaqa ya\u015fay\u0131r. O nec\u0259 \u00e7\u0259kdirsin? Ham\u0131n\u0131n da g\u00fcc\u00fc \u00e7atm\u0131r ax\u0131. Metr\u0259si 50 q\u0259pikdir. \u018fvv\u0259l 30 q\u0259pik idi. \u018fvv\u0259lki x\u0259tl\u0259r\u0259 d\u0259 200-300, h\u0259tta 500-600 manat x\u0259rc \u00e7\u0131x\u0131r. \u0130mkan\u0131m yoxdur dey\u0259 \u00e7\u0259kdir\u0259 bilm\u0259mi\u015f\u0259m. Ancaq u\u015faqlar\u0131n t\u0259hsil \u00fc\u00e7\u00fcn vacindir. K\u0259ndl\u0259rd\u0259 \u00e7ox adam imkans\u0131zl\u0131qdan internet \u00e7\u0259kdir\u0259 bilmir&#8221;, &#8211; L\u0259k\u00e7\u0131plaq k\u0259nd sakini V\u00fcsal\u0259 \u018fhm\u0259dova is\u0259 bel\u0259 deyir.<br><\/p>\n\n\n\n<p><strong>&#8220;Bu, h\u0259m v\u0259sait, h\u0259m d\u0259 vaxt aparan i\u015fdir&#8221;<br><\/strong><\/p>\n\n\n\n<p>&#8220;Rayonun b\u00f6y\u00fck ya\u015fay\u0131\u015f m\u0259nt\u0259q\u0259l\u0259rind\u0259n olan Alpoud k\u0259ndind\u0259 d\u0259 durum lap b\u0259rbadd\u0131r&#8221;.<\/p>\n\n\n\n<p>Bunu is\u0259 k\u0259nd sakini \u018fliheyd\u0259r Rzayev deyir.<\/p>\n\n\n\n<figure class=\"wp-block-image size-large\"><img decoding=\"async\" width=\"1200\" height=\"540\" data-src=\"https:\/\/www.meydan.tv\/wp-content\/uploads\/img-20221210-wa0029-1200x540.jpg\" alt=\"\" class=\"wp-image-263767 lazyload\" src=\"data:image\/svg+xml;base64,PHN2ZyB3aWR0aD0iMSIgaGVpZ2h0PSIxIiB4bWxucz0iaHR0cDovL3d3dy53My5vcmcvMjAwMC9zdmciPjwvc3ZnPg==\" style=\"--smush-placeholder-width: 1200px; --smush-placeholder-aspect-ratio: 1200\/540;\" \/><\/figure>\n\n\n\n<p>Onun s\u00f6zl\u0259rin\u0259 g\u00f6r\u0259, k\u0259ndd\u0259 500-d\u0259n \u00e7ox ail\u0259d\u0259n yaln\u0131z 20-si internet \u00e7\u0259k\u0259 bilib: &#8220;\u00c7oxlu sayda r\u0259smi m\u00fcraci\u0259t olsa da, k\u0259ndd\u0259 rabit\u0259 x\u0259tti olmad\u0131\u011f\u0131ndan v\u0259t\u0259nda\u015flar ill\u0259rdir ki, internetin \u00e7\u0259kil\u0259c\u0259yini g\u00f6zl\u0259yirl\u0259r. Bu \u00fczd\u0259n insanlar mobil internet paketl\u0259rind\u0259n yararlan\u0131rlar. Bu da \u0259lav\u0259 x\u0259rc\u0259 s\u0259b\u0259b olur&#8221;.<\/p>\n\n\n\n<p>\u018fliheyd\u0259r Rzayev deyir ki, k\u0259nd\u0259 avtomat qov\u015faq stansiya aparat\u0131 olsa da, indiy\u0259 q\u0259d\u0259r qura\u015fd\u0131r\u0131lmay\u0131b.<\/p>\n\n\n\n<p>O bildirib ki, k\u0259ndd\u0259n 80-d\u0259n \u00e7ox ail\u0259 internetin \u00e7\u0259kilm\u0259si il\u0259 ba\u011fl\u0131 m\u00fcraci\u0259t ets\u0259 d\u0259, onlara da m\u00fcsb\u0259t cavab verilm\u0259yib: <\/p>\n\n\n\n<p>&#8220;Sakinl\u0259r\u0259 deyibl\u0259r ki, yuxar\u0131 instansiyalara yaz\u0131n. Onlar texniki x\u0259rcl\u0259r \u00fc\u00e7\u00fcn v\u0259sait ay\u0131rsalar, interneti \u00e7\u0259k\u0259rik. Biz d\u0259f\u0259l\u0259rl\u0259 demi\u015fik ki, pandemiya d\u00f6vr\u00fcnd\u0259 onlayn d\u0259rsl\u0259r zaman\u0131 u\u015faqlar\u0131m\u0131z z\u00fclm \u00e7\u0259kdil\u0259r. Dem\u0259k olar ki, d\u0259rs ke\u00e7ilm\u0259di, u\u015faqlar\u0131n iki ili bo\u015fa getdi. B\u0259zi adamlar mobil internetd\u0259n istifad\u0259 edirdil\u0259r, o da \u00e7ox x\u0259rc apar\u0131rd\u0131&#8221;.<br><\/p>\n\n\n\n<figure class=\"wp-block-image size-large\"><img decoding=\"async\" width=\"1200\" height=\"540\" data-src=\"https:\/\/www.meydan.tv\/wp-content\/uploads\/whatsapp-sekil-2022-12-10-saat-16.36.36-1200x540.jpg\" alt=\"\" class=\"wp-image-263764 lazyload\" src=\"data:image\/svg+xml;base64,PHN2ZyB3aWR0aD0iMSIgaGVpZ2h0PSIxIiB4bWxucz0iaHR0cDovL3d3dy53My5vcmcvMjAwMC9zdmciPjwvc3ZnPg==\" style=\"--smush-placeholder-width: 1200px; --smush-placeholder-aspect-ratio: 1200\/540;\" \/><\/figure>\n\n\n\n<p><strong>&#8220;M\u0259kt\u0259bl\u0259rd\u0259 n\u0259 d\u00fczg\u00fcn komp\u00fcter d\u0259rsl\u0259ri ke\u00e7irilir, n\u0259 internet var&#8221;<br><\/strong><\/p>\n\n\n\n<p>Sakinl\u0259rd\u0259n Tural \u018fliyev rayonun M\u0131rt\u0131, Al\u0131k\u0259nd, \u015e\u0131xb\u0259y, \u015e\u0131x\u0259mir K\u00fcrd\u0259mi\u015f, M\u00fcsk\u00fcrl\u00fc, B\u0131\u011f\u0131r kimi k\u0259ndl\u0259rind\u0259 d\u0259 eyni durumun oldu\u011funu deyir: <\/p>\n\n\n\n<p>&#8220;Orta m\u0259kt\u0259bl\u0259rd\u0259 d\u0259 n\u0259 m\u00fc\u0259lliml\u0259r, n\u0259 \u015fagirdl\u0259r internetd\u0259n yararlana bilir, n\u0259 d\u0259 d\u00fczg\u00fcn komp\u00fcter d\u0259rsl\u0259ri ke\u00e7\u0259 bilirl\u0259r&#8221;.<\/p>\n\n\n\n<p>2017-ci ild\u0259n etibar\u0259n rayonun bir \u00e7ox k\u0259ndl\u0259rind\u0259 fiber-optik internet x\u0259tl\u0259rinin \u00e7\u0259kilm\u0259sin\u0259 ba\u015flan\u0131l\u0131b.<\/p>\n\n\n\n<p><strong>B\u0259l\u0259diyy\u0259 s\u0259dri d\u0259 probleml\u0259rin oldu\u011funu deyir\u2026<br><\/strong><\/p>\n\n\n\n<p>G\u00f6y\u00e7ay sakini S\u0259rk\u0259r S\u00fcleymanov Meydan TV-y\u0259 deyib ki, s\u0259dri oldu\u011fu \u015e\u0131xb\u0259y, \u015e\u0131x\u0259mir v\u0259 M\u0259likk\u0259nd b\u0259l\u0259diyy\u0259sind\u0259 ancaq \u015e\u0131xb\u0259y\u0259 yeni internet x\u0259tti \u00e7\u0259kilir v\u0259 art\u0131q i\u015fl\u0259r yekunla\u015fmaq \u00fczr\u0259dir.<\/p>\n\n\n\n<figure class=\"wp-block-image size-large\"><img decoding=\"async\" width=\"1200\" height=\"540\" data-src=\"https:\/\/www.meydan.tv\/wp-content\/uploads\/img-20221210-wa0034-1200x540.jpg\" alt=\"\" class=\"wp-image-263761 lazyload\" src=\"data:image\/svg+xml;base64,PHN2ZyB3aWR0aD0iMSIgaGVpZ2h0PSIxIiB4bWxucz0iaHR0cDovL3d3dy53My5vcmcvMjAwMC9zdmciPjwvc3ZnPg==\" style=\"--smush-placeholder-width: 1200px; --smush-placeholder-aspect-ratio: 1200\/540;\" \/><\/figure>\n\n\n\n<p>O, M\u0259likk\u0259ndl\u0259 \u00c7ax\u0131rl\u0131n\u0131n n\u00f6vb\u0259d\u0259 oldu\u011funu qeyd edib. Sakinl\u0259rin \u015fikay\u0259tl\u0259rin\u0259 g\u0259linc\u0259, b\u0259l\u0259diyy\u0259 s\u0259dri probleml\u0259rin oldu\u011funu da deyir.<br><\/p>\n\n\n\n<p><strong>G\u00f6y\u00e7ay Telekommunikasiya Qov\u015fa\u011f\u0131 iddialar\u0131 b\u00f6l\u00fc\u015fm\u00fcr<br><\/strong><\/p>\n\n\n\n<p>G\u00f6y\u00e7ay telekommunikasiya qov\u015fa\u011f\u0131n\u0131n r\u0259hb\u0259ri Eynulla M\u0259mm\u0259dov Meydan TV-y\u0259 bildirib ki, rayonda davaml\u0131 internet var.<\/p>\n\n\n\n<figure class=\"wp-block-image size-large\"><img decoding=\"async\" width=\"1200\" height=\"540\" data-src=\"https:\/\/www.meydan.tv\/wp-content\/uploads\/img-20221210-wa0009-1200x540.jpg\" alt=\"\" class=\"wp-image-263787 lazyload\" src=\"data:image\/svg+xml;base64,PHN2ZyB3aWR0aD0iMSIgaGVpZ2h0PSIxIiB4bWxucz0iaHR0cDovL3d3dy53My5vcmcvMjAwMC9zdmciPjwvc3ZnPg==\" style=\"--smush-placeholder-width: 1200px; --smush-placeholder-aspect-ratio: 1200\/540;\" \/><\/figure>\n\n\n\n<p>O, sakinl\u0259rin \u015fikay\u0259tl\u0259r\u0259 bax\u0131lmamas\u0131 il\u0259 ba\u011fl\u0131 iddias\u0131n\u0131 b\u00f6l\u00fc\u015fm\u00fcr. Qeyd edir ki, b\u00fct\u00fcn \u015fikay\u0259tl\u0259r\u0259 ara\u015fd\u0131r\u0131l\u0131r, m\u00fcvafiq t\u0259dbirl\u0259r g\u00f6r\u00fcl\u00fcr:  <\/p>\n\n\n\n<p>&#8220;\u0130nternetl\u0259 ba\u011fl\u0131 \u015fikay\u0259tl\u0259r g\u0259r\u0259k f\u0259rdi qaydada edilsin. B\u0259z\u0259n biz\u0259 m\u00fcraci\u0259t daxil olanda gedib g\u00f6r\u00fcr\u00fck ki, problem v\u0259t\u0259nda\u015f\u0131n evinin i\u00e7ind\u0259dir. K\u0259sintil\u0259r \u0259sas\u0259n x\u0259tt v\u0259 dir\u0259kl\u0259rl\u0259 ba\u011fl\u0131 deyil, modeml\u0259rl\u0259 ba\u011fl\u0131 olur. M\u0259n rayonda internetl ba\u011fl\u0131 davaml\u0131 probleml\u0259rin oldu\u011funu m\u00fc\u015fahid\u0259 etm\u0259mi\u015f\u0259m. Haz\u0131rda rabit\u0259 sah\u0259sind\u0259 d\u0259 ciddi n\u00f6qsan g\u00f6rm\u00fcr\u0259m&#8221;.<\/p>\n\n\n\n<p>Eynulla M\u0259mm\u0259dov bir \u00e7ox k\u0259ndl\u0259rd\u0259 internetin olmamas\u0131n\u0131 da v\u0259t\u0259nda\u015flar\u0131n m\u00fcraci\u0259t etm\u0259m\u0259si il\u0259 \u0259laq\u0259l\u0259ndirib: <\/p>\n\n\n\n<figure class=\"wp-block-image size-large\"><img decoding=\"async\" width=\"1200\" height=\"540\" data-src=\"https:\/\/www.meydan.tv\/wp-content\/uploads\/whatsapp-sekil-2022-12-10-saat-16.36.00-1200x540.jpg\" alt=\"\" class=\"wp-image-263758 lazyload\" src=\"data:image\/svg+xml;base64,PHN2ZyB3aWR0aD0iMSIgaGVpZ2h0PSIxIiB4bWxucz0iaHR0cDovL3d3dy53My5vcmcvMjAwMC9zdmciPjwvc3ZnPg==\" style=\"--smush-placeholder-width: 1200px; --smush-placeholder-aspect-ratio: 1200\/540;\" \/><\/figure>\n\n\n\n<p>&#8220;\u0130nternet \u00e7\u0259kili\u015find\u0259 x\u0259rcin \u00e7oxu v\u0259t\u0259nda\u015fa aiddir. G\u0259r\u0259k v\u0259t\u0259nda\u015flar\u0131n ist\u0259yi olsun ki, internet \u00e7\u0259kilsin&#8221;.<\/p>\n\n\n\n<p>M\u0259kt\u0259bl\u0259rd\u0259 ya\u015fanan probleml\u0259r\u0259 g\u0259linc\u0259, qov\u015faq r\u0259hb\u0259ri bildirib ki, rayonda m\u00f6vcud \u015f\u0259h\u0259r m\u0259kt\u0259bl\u0259rinin ham\u0131s\u0131, k\u0259nd m\u0259kt\u0259bl\u0259rind\u0259n is\u0259 10-u fiber-optik internetl\u0259 t\u0259min olunub:<\/p>\n\n\n\n<p>&#8220;Dig\u0259r k\u0259nd m\u0259kt\u0259bl\u0259ri is\u0259 g\u00f6zl\u0259m\u0259 n\u00f6vb\u0259sind\u0259dir. D\u00f6rd k\u0259ndd\u0259 fiber-optik internetin \u00e7\u0259kili\u015fi bitib, be\u015find\u0259 is\u0259 \u00e7\u0259kili\u015f davam edir. Layih\u0259nin is\u0259 n\u0259 vaxt bit\u0259c\u0259yi bilinmir. D\u00fczd\u00fcr, \u00e7ox ucqar k\u0259ndl\u0259rimiz\u0259 h\u0259l\u0259 internet \u00e7\u0259kilm\u0259yib. Alpoud, \u015e\u0131x\u0259mir kimi dig\u0259r k\u0259ndl\u0259r d\u0259 var ki, m\u0259h\u0259ll\u0259l\u0259rin \u00e7oxunda \u0259vv\u0259ld\u0259n kabell\u0259\u015fm\u0259 getm\u0259yib dey\u0259 internet \u00e7\u0259kilm\u0259yib. Bel\u0259 texniki imkan olmayan yerl\u0259rimiz var. Amma rayonun B\u0259yd\u00f6v\u00fcl, X\u0259litli, Yeniarx, M\u00fcsk\u00fcrl\u00fc k\u0259ndl\u0259rin\u0259 fiber-optik internet \u00e7\u0259kilib v\u0259 istifad\u0259y\u0259 verilib. \u00c7ayarx\u0131, Yalman, Qaraman, M\u0259likk\u0259nd, y\u0259ni \u015e\u0131xb\u0259y istiqam\u0259tind\u0259 i\u015fl\u0259r h\u0259yata ke\u00e7irilir&#8221;.<\/p>\n\n\n\n<figure class=\"wp-block-image size-large\"><img decoding=\"async\" width=\"1200\" height=\"540\" data-src=\"https:\/\/www.meydan.tv\/wp-content\/uploads\/whatsapp-sekil-2022-12-10-saat-16.36.32-1200x540.jpg\" alt=\"\" class=\"wp-image-263752 lazyload\" src=\"data:image\/svg+xml;base64,PHN2ZyB3aWR0aD0iMSIgaGVpZ2h0PSIxIiB4bWxucz0iaHR0cDovL3d3dy53My5vcmcvMjAwMC9zdmciPjwvc3ZnPg==\" style=\"--smush-placeholder-width: 1200px; --smush-placeholder-aspect-ratio: 1200\/540;\" \/><\/figure>\n\n\n\n<p>Elm v\u0259 t\u0259hsil naziri Emin \u018fmrullayev is\u0259 ke\u00e7irdiyi brifinqd\u0259 jurnalistl\u0259r\u0259 bildirib ki, \u00f6lk\u0259 \u00fczr\u0259 4 331 m\u0259kt\u0259b art\u0131q Az\u0259rbaycan T\u0259hsil \u015e\u0259b\u0259k\u0259sin\u0259 qo\u015fulub.<\/p>\n\n\n\n<p>Nazir deyib ki, onlar\u0131n h\u0259m internetl\u0259, h\u0259m d\u0259 komputerl\u0259 t\u0259minat m\u0259s\u0259l\u0259si g\u00fcnd\u0259md\u0259dir:<\/p>\n\n\n\n<p>\u201cM\u0259kt\u0259bl\u0259rimizin 1 235-i fiber-optik internetl\u0259 t\u0259chiz olunub. Yaln\u0131z bu il 403 t\u0259hsil m\u00fc\u0259ssis\u0259si lokal \u015f\u0259b\u0259k\u0259l\u0259rd\u0259 m\u00fcvafiq olaraq y\u00fcks\u0259k s\u00fcr\u0259tli internetl\u0259 t\u0259min edilib. Bundan \u0259lav\u0259, bu il \u0259rzind\u0259 maksimal rekord sayda \u2013 30 min\u0259 yax\u0131n m\u0259kt\u0259b\u0259 komp\u00fcterl\u0259r verilib&#8221;.<\/p>\n\n\n\n<figure class=\"wp-block-image size-large\"><img decoding=\"async\" width=\"1200\" height=\"540\" data-src=\"https:\/\/www.meydan.tv\/wp-content\/uploads\/whatsapp-sekil-2022-12-10-saat-16.36.16-1200x540.jpg\" alt=\"\" class=\"wp-image-263749 lazyload\" src=\"data:image\/svg+xml;base64,PHN2ZyB3aWR0aD0iMSIgaGVpZ2h0PSIxIiB4bWxucz0iaHR0cDovL3d3dy53My5vcmcvMjAwMC9zdmciPjwvc3ZnPg==\" style=\"--smush-placeholder-width: 1200px; --smush-placeholder-aspect-ratio: 1200\/540;\" \/><\/figure>\n\n\n\n<p>&#8220;N\u00f6vb\u0259ti ild\u0259 bu rekord yenil\u0259n\u0259c\u0259k. Biz 45 min\u0259 yax\u0131n komp\u00fcterin verilm\u0259sini planla\u015fd\u0131r\u0131r\u0131q. 2026-c\u0131 il\u0259 q\u0259d\u0259r \u015fagird-komp\u00fcter nisb\u0259tini 6\/1-\u0259 \u00e7atd\u0131rma\u011f\u0131 planla\u015fd\u0131r\u0131r\u0131q. M\u0259lumat \u00fc\u00e7\u00fcn deyim ki, haz\u0131rda t\u0259xmin\u0259n bu nisb\u0259t 18-20\/1 civar\u0131ndad\u0131r\u201d, &#8211; dey\u0259 \u018fmrullayev qeyd edib.<\/p>\n\n\n\n<p>R\u0259smi m\u0259lumata g\u00f6r\u0259, \u00f6lk\u0259 \u00fczr\u0259 indiy\u0259d\u0259k 650 min\u0259 yax\u0131n ev t\u0259s\u0259rr\u00fcfat\u0131 fiber-optik internetl\u0259 t\u0259min olunub.<\/p>\n","protected":false},"excerpt":{"rendered":"<p>&#8220;K\u0259ndl\u0259rd\u0259 \u00e7ox adam imkans\u0131zl\u0131qdan internet \u00e7\u0259kdir\u0259 bilmir&#8221; G\u00f6y\u00e7ayda \u0259hali internetin &#8230; <\/p>\n<p class=\"read-more-container\"><a title=\"G\u00f6y\u00e7ayda internet problemi: sakinl\u0259r s\u00fcr\u00fcnd\u00fcrm\u0259\u00e7ilikd\u0259n \u015fikay\u0259tl\u0259nirl\u0259r\" class=\"read-more button\" href=\"https:\/\/www.meydan.tv\/az\/article\/goycayda-internet-problemi-sakinler-surundurmecilikden-sikayetlenirler\/#more-263744\" aria-label=\"Read more about G\u00f6y\u00e7ayda internet problemi: sakinl\u0259r s\u00fcr\u00fcnd\u00fcrm\u0259\u00e7ilikd\u0259n \u015fikay\u0259tl\u0259nirl\u0259r\">Davam\u0131<\/a><\/p>\n","protected":false},"author":8,"featured_media":263745,"comment_status":"closed","ping_status":"closed","sticky":false,"template":"","format":"standard","meta":{"_acf_changed":false,"_sitemap_exclude":false,"_sitemap_priority":"","_sitemap_frequency":"","footnotes":""},"categories":[60,56],"tags":[],"class_list":["post-263744","post","type-post","status-publish","format-standard","has-post-thumbnail","hentry","category-bolge","category-xeberler","infinite-scroll-item","generate-columns","tablet-grid-50","mobile-grid-100","grid-parent","grid-33","no-featured-image-padding"],"acf":[],"yoast_head":"<!-- This site is optimized with the Yoast SEO plugin v27.5 - https:\/\/yoast.com\/product\/yoast-seo-wordpress\/ -->\n<title>G\u00f6y\u00e7ayda internet problemi: sakinl\u0259r s\u00fcr\u00fcnd\u00fcrm\u0259\u00e7ilikd\u0259n \u015fikay\u0259tl\u0259nirl\u0259r - MEYDAN.TV<\/title>\n<meta name=\"robots\" content=\"index, follow, max-snippet:-1, max-image-preview:large, max-video-preview:-1\" \/>\n<link rel=\"canonical\" href=\"https:\/\/www.meydan.tv\/az\/article\/goycayda-internet-problemi-sakinler-surundurmecilikden-sikayetlenirler\/\" \/>\n<meta property=\"og:locale\" content=\"az_AZ\" \/>\n<meta property=\"og:type\" content=\"article\" \/>\n<meta property=\"og:title\" content=\"G\u00f6y\u00e7ayda internet problemi: sakinl\u0259r s\u00fcr\u00fcnd\u00fcrm\u0259\u00e7ilikd\u0259n \u015fikay\u0259tl\u0259nirl\u0259r - MEYDAN.TV\" \/>\n<meta property=\"og:description\" content=\"&#8220;K\u0259ndl\u0259rd\u0259 \u00e7ox adam imkans\u0131zl\u0131qdan internet \u00e7\u0259kdir\u0259 bilmir&#8221; G\u00f6y\u00e7ayda \u0259hali internetin ... Davam\u0131\" \/>\n<meta property=\"og:url\" content=\"https:\/\/www.meydan.tv\/az\/article\/goycayda-internet-problemi-sakinler-surundurmecilikden-sikayetlenirler\/\" \/>\n<meta property=\"og:site_name\" content=\"MEYDAN.TV\" \/>\n<meta property=\"article:published_time\" content=\"2022-12-19T10:50:38+00:00\" \/>\n<meta property=\"article:modified_time\" content=\"2022-12-19T10:53:39+00:00\" \/>\n<meta property=\"og:image\" content=\"https:\/\/www.meydan.tv\/wp-content\/uploads\/whatsapp-sekil-2022-12-10-saat-16.36.31.jpg\" \/>\n\t<meta property=\"og:image:width\" content=\"1280\" \/>\n\t<meta property=\"og:image:height\" content=\"576\" \/>\n\t<meta property=\"og:image:type\" content=\"image\/jpeg\" \/>\n<meta name=\"author\" content=\"elli\" \/>\n<meta name=\"twitter:card\" content=\"summary_large_image\" \/>\n<meta name=\"twitter:creator\" content=\"@elli\" \/>\n<script type=\"application\/ld+json\" class=\"yoast-schema-graph\">{\"@context\":\"https:\\\/\\\/schema.org\",\"@graph\":[{\"@type\":\"Article\",\"@id\":\"https:\\\/\\\/www.meydan.tv\\\/az\\\/article\\\/goycayda-internet-problemi-sakinler-surundurmecilikden-sikayetlenirler\\\/#article\",\"isPartOf\":{\"@id\":\"https:\\\/\\\/www.meydan.tv\\\/az\\\/article\\\/goycayda-internet-problemi-sakinler-surundurmecilikden-sikayetlenirler\\\/\"},\"author\":{\"name\":\"elli\",\"@id\":\"https:\\\/\\\/www.meydan.tv\\\/az\\\/#\\\/schema\\\/person\\\/9cdbecf90d17180ce1dfbd95b08dcf47\"},\"headline\":\"G\u00f6y\u00e7ayda internet problemi: sakinl\u0259r s\u00fcr\u00fcnd\u00fcrm\u0259\u00e7ilikd\u0259n \u015fikay\u0259tl\u0259nirl\u0259r\",\"datePublished\":\"2022-12-19T10:50:38+00:00\",\"dateModified\":\"2022-12-19T10:53:39+00:00\",\"mainEntityOfPage\":{\"@id\":\"https:\\\/\\\/www.meydan.tv\\\/az\\\/article\\\/goycayda-internet-problemi-sakinler-surundurmecilikden-sikayetlenirler\\\/\"},\"wordCount\":1931,\"publisher\":{\"@id\":\"https:\\\/\\\/www.meydan.tv\\\/az\\\/#organization\"},\"image\":{\"@id\":\"https:\\\/\\\/www.meydan.tv\\\/az\\\/article\\\/goycayda-internet-problemi-sakinler-surundurmecilikden-sikayetlenirler\\\/#primaryimage\"},\"thumbnailUrl\":\"https:\\\/\\\/www.meydan.tv\\\/wp-content\\\/uploads\\\/whatsapp-sekil-2022-12-10-saat-16.36.31.jpg\",\"articleSection\":[\"B\u00f6lg\u0259\",\"X\u0259b\u0259rl\u0259r\"],\"inLanguage\":\"az\"},{\"@type\":\"WebPage\",\"@id\":\"https:\\\/\\\/www.meydan.tv\\\/az\\\/article\\\/goycayda-internet-problemi-sakinler-surundurmecilikden-sikayetlenirler\\\/\",\"url\":\"https:\\\/\\\/www.meydan.tv\\\/az\\\/article\\\/goycayda-internet-problemi-sakinler-surundurmecilikden-sikayetlenirler\\\/\",\"name\":\"G\u00f6y\u00e7ayda internet problemi: sakinl\u0259r s\u00fcr\u00fcnd\u00fcrm\u0259\u00e7ilikd\u0259n \u015fikay\u0259tl\u0259nirl\u0259r - MEYDAN.TV\",\"isPartOf\":{\"@id\":\"https:\\\/\\\/www.meydan.tv\\\/az\\\/#website\"},\"primaryImageOfPage\":{\"@id\":\"https:\\\/\\\/www.meydan.tv\\\/az\\\/article\\\/goycayda-internet-problemi-sakinler-surundurmecilikden-sikayetlenirler\\\/#primaryimage\"},\"image\":{\"@id\":\"https:\\\/\\\/www.meydan.tv\\\/az\\\/article\\\/goycayda-internet-problemi-sakinler-surundurmecilikden-sikayetlenirler\\\/#primaryimage\"},\"thumbnailUrl\":\"https:\\\/\\\/www.meydan.tv\\\/wp-content\\\/uploads\\\/whatsapp-sekil-2022-12-10-saat-16.36.31.jpg\",\"datePublished\":\"2022-12-19T10:50:38+00:00\",\"dateModified\":\"2022-12-19T10:53:39+00:00\",\"breadcrumb\":{\"@id\":\"https:\\\/\\\/www.meydan.tv\\\/az\\\/article\\\/goycayda-internet-problemi-sakinler-surundurmecilikden-sikayetlenirler\\\/#breadcrumb\"},\"inLanguage\":\"az\",\"potentialAction\":[{\"@type\":\"ReadAction\",\"target\":[\"https:\\\/\\\/www.meydan.tv\\\/az\\\/article\\\/goycayda-internet-problemi-sakinler-surundurmecilikden-sikayetlenirler\\\/\"]}]},{\"@type\":\"ImageObject\",\"inLanguage\":\"az\",\"@id\":\"https:\\\/\\\/www.meydan.tv\\\/az\\\/article\\\/goycayda-internet-problemi-sakinler-surundurmecilikden-sikayetlenirler\\\/#primaryimage\",\"url\":\"https:\\\/\\\/www.meydan.tv\\\/wp-content\\\/uploads\\\/whatsapp-sekil-2022-12-10-saat-16.36.31.jpg\",\"contentUrl\":\"https:\\\/\\\/www.meydan.tv\\\/wp-content\\\/uploads\\\/whatsapp-sekil-2022-12-10-saat-16.36.31.jpg\",\"width\":1280,\"height\":576,\"caption\":\"Fotolar: Meydan TV\"},{\"@type\":\"BreadcrumbList\",\"@id\":\"https:\\\/\\\/www.meydan.tv\\\/az\\\/article\\\/goycayda-internet-problemi-sakinler-surundurmecilikden-sikayetlenirler\\\/#breadcrumb\",\"itemListElement\":[{\"@type\":\"ListItem\",\"position\":1,\"name\":\"Ana s\u0259hif\u0259\",\"item\":\"https:\\\/\\\/www.meydan.tv\\\/az\\\/\"},{\"@type\":\"ListItem\",\"position\":2,\"name\":\"B\u00f6lg\u0259\",\"item\":\"https:\\\/\\\/www.meydan.tv\\\/az\\\/section\\\/bolge\\\/\"},{\"@type\":\"ListItem\",\"position\":3,\"name\":\"G\u00f6y\u00e7ayda internet problemi: sakinl\u0259r s\u00fcr\u00fcnd\u00fcrm\u0259\u00e7ilikd\u0259n \u015fikay\u0259tl\u0259nirl\u0259r\"}]},{\"@type\":\"WebSite\",\"@id\":\"https:\\\/\\\/www.meydan.tv\\\/az\\\/#website\",\"url\":\"https:\\\/\\\/www.meydan.tv\\\/az\\\/\",\"name\":\"MEYDAN.TV\",\"description\":\"Meydan TV Az\u0259rbaycan\u0131n media m\u0259kan\u0131ndak\u0131 alternativ s\u0259sidir\",\"publisher\":{\"@id\":\"https:\\\/\\\/www.meydan.tv\\\/az\\\/#organization\"},\"potentialAction\":[{\"@type\":\"SearchAction\",\"target\":{\"@type\":\"EntryPoint\",\"urlTemplate\":\"https:\\\/\\\/www.meydan.tv\\\/az\\\/?s={search_term_string}\"},\"query-input\":{\"@type\":\"PropertyValueSpecification\",\"valueRequired\":true,\"valueName\":\"search_term_string\"}}],\"inLanguage\":\"az\"},{\"@type\":\"Organization\",\"@id\":\"https:\\\/\\\/www.meydan.tv\\\/az\\\/#organization\",\"name\":\"Meydan TV\",\"url\":\"https:\\\/\\\/www.meydan.tv\\\/az\\\/\",\"logo\":{\"@type\":\"ImageObject\",\"inLanguage\":\"az\",\"@id\":\"https:\\\/\\\/www.meydan.tv\\\/az\\\/#\\\/schema\\\/logo\\\/image\\\/\",\"url\":\"https:\\\/\\\/www.meydan.tv\\\/wp-content\\\/uploads\\\/2021\\\/07\\\/meydan-logo.svg\",\"contentUrl\":\"https:\\\/\\\/www.meydan.tv\\\/wp-content\\\/uploads\\\/2021\\\/07\\\/meydan-logo.svg\",\"width\":195,\"height\":46,\"caption\":\"Meydan TV\"},\"image\":{\"@id\":\"https:\\\/\\\/www.meydan.tv\\\/az\\\/#\\\/schema\\\/logo\\\/image\\\/\"}},{\"@type\":\"Person\",\"@id\":\"https:\\\/\\\/www.meydan.tv\\\/az\\\/#\\\/schema\\\/person\\\/9cdbecf90d17180ce1dfbd95b08dcf47\",\"name\":\"elli\",\"sameAs\":[\"https:\\\/\\\/x.com\\\/elli\"]}]}<\/script>\n<!-- \/ Yoast SEO plugin. -->","yoast_head_json":{"title":"G\u00f6y\u00e7ayda internet problemi: sakinl\u0259r s\u00fcr\u00fcnd\u00fcrm\u0259\u00e7ilikd\u0259n \u015fikay\u0259tl\u0259nirl\u0259r - MEYDAN.TV","robots":{"index":"index","follow":"follow","max-snippet":"max-snippet:-1","max-image-preview":"max-image-preview:large","max-video-preview":"max-video-preview:-1"},"canonical":"https:\/\/www.meydan.tv\/az\/article\/goycayda-internet-problemi-sakinler-surundurmecilikden-sikayetlenirler\/","og_locale":"az_AZ","og_type":"article","og_title":"G\u00f6y\u00e7ayda internet problemi: sakinl\u0259r s\u00fcr\u00fcnd\u00fcrm\u0259\u00e7ilikd\u0259n \u015fikay\u0259tl\u0259nirl\u0259r - MEYDAN.TV","og_description":"&#8220;K\u0259ndl\u0259rd\u0259 \u00e7ox adam imkans\u0131zl\u0131qdan internet \u00e7\u0259kdir\u0259 bilmir&#8221; G\u00f6y\u00e7ayda \u0259hali internetin ... Davam\u0131","og_url":"https:\/\/www.meydan.tv\/az\/article\/goycayda-internet-problemi-sakinler-surundurmecilikden-sikayetlenirler\/","og_site_name":"MEYDAN.TV","article_published_time":"2022-12-19T10:50:38+00:00","article_modified_time":"2022-12-19T10:53:39+00:00","og_image":[{"width":1280,"height":576,"url":"https:\/\/www.meydan.tv\/wp-content\/uploads\/whatsapp-sekil-2022-12-10-saat-16.36.31.jpg","type":"image\/jpeg"}],"author":"elli","twitter_card":"summary_large_image","twitter_creator":"@elli","schema":{"@context":"https:\/\/schema.org","@graph":[{"@type":"Article","@id":"https:\/\/www.meydan.tv\/az\/article\/goycayda-internet-problemi-sakinler-surundurmecilikden-sikayetlenirler\/#article","isPartOf":{"@id":"https:\/\/www.meydan.tv\/az\/article\/goycayda-internet-problemi-sakinler-surundurmecilikden-sikayetlenirler\/"},"author":{"name":"elli","@id":"https:\/\/www.meydan.tv\/az\/#\/schema\/person\/9cdbecf90d17180ce1dfbd95b08dcf47"},"headline":"G\u00f6y\u00e7ayda internet problemi: sakinl\u0259r s\u00fcr\u00fcnd\u00fcrm\u0259\u00e7ilikd\u0259n \u015fikay\u0259tl\u0259nirl\u0259r","datePublished":"2022-12-19T10:50:38+00:00","dateModified":"2022-12-19T10:53:39+00:00","mainEntityOfPage":{"@id":"https:\/\/www.meydan.tv\/az\/article\/goycayda-internet-problemi-sakinler-surundurmecilikden-sikayetlenirler\/"},"wordCount":1931,"publisher":{"@id":"https:\/\/www.meydan.tv\/az\/#organization"},"image":{"@id":"https:\/\/www.meydan.tv\/az\/article\/goycayda-internet-problemi-sakinler-surundurmecilikden-sikayetlenirler\/#primaryimage"},"thumbnailUrl":"https:\/\/www.meydan.tv\/wp-content\/uploads\/whatsapp-sekil-2022-12-10-saat-16.36.31.jpg","articleSection":["B\u00f6lg\u0259","X\u0259b\u0259rl\u0259r"],"inLanguage":"az"},{"@type":"WebPage","@id":"https:\/\/www.meydan.tv\/az\/article\/goycayda-internet-problemi-sakinler-surundurmecilikden-sikayetlenirler\/","url":"https:\/\/www.meydan.tv\/az\/article\/goycayda-internet-problemi-sakinler-surundurmecilikden-sikayetlenirler\/","name":"G\u00f6y\u00e7ayda internet problemi: sakinl\u0259r s\u00fcr\u00fcnd\u00fcrm\u0259\u00e7ilikd\u0259n \u015fikay\u0259tl\u0259nirl\u0259r - MEYDAN.TV","isPartOf":{"@id":"https:\/\/www.meydan.tv\/az\/#website"},"primaryImageOfPage":{"@id":"https:\/\/www.meydan.tv\/az\/article\/goycayda-internet-problemi-sakinler-surundurmecilikden-sikayetlenirler\/#primaryimage"},"image":{"@id":"https:\/\/www.meydan.tv\/az\/article\/goycayda-internet-problemi-sakinler-surundurmecilikden-sikayetlenirler\/#primaryimage"},"thumbnailUrl":"https:\/\/www.meydan.tv\/wp-content\/uploads\/whatsapp-sekil-2022-12-10-saat-16.36.31.jpg","datePublished":"2022-12-19T10:50:38+00:00","dateModified":"2022-12-19T10:53:39+00:00","breadcrumb":{"@id":"https:\/\/www.meydan.tv\/az\/article\/goycayda-internet-problemi-sakinler-surundurmecilikden-sikayetlenirler\/#breadcrumb"},"inLanguage":"az","potentialAction":[{"@type":"ReadAction","target":["https:\/\/www.meydan.tv\/az\/article\/goycayda-internet-problemi-sakinler-surundurmecilikden-sikayetlenirler\/"]}]},{"@type":"ImageObject","inLanguage":"az","@id":"https:\/\/www.meydan.tv\/az\/article\/goycayda-internet-problemi-sakinler-surundurmecilikden-sikayetlenirler\/#primaryimage","url":"https:\/\/www.meydan.tv\/wp-content\/uploads\/whatsapp-sekil-2022-12-10-saat-16.36.31.jpg","contentUrl":"https:\/\/www.meydan.tv\/wp-content\/uploads\/whatsapp-sekil-2022-12-10-saat-16.36.31.jpg","width":1280,"height":576,"caption":"Fotolar: Meydan TV"},{"@type":"BreadcrumbList","@id":"https:\/\/www.meydan.tv\/az\/article\/goycayda-internet-problemi-sakinler-surundurmecilikden-sikayetlenirler\/#breadcrumb","itemListElement":[{"@type":"ListItem","position":1,"name":"Ana s\u0259hif\u0259","item":"https:\/\/www.meydan.tv\/az\/"},{"@type":"ListItem","position":2,"name":"B\u00f6lg\u0259","item":"https:\/\/www.meydan.tv\/az\/section\/bolge\/"},{"@type":"ListItem","position":3,"name":"G\u00f6y\u00e7ayda internet problemi: sakinl\u0259r s\u00fcr\u00fcnd\u00fcrm\u0259\u00e7ilikd\u0259n \u015fikay\u0259tl\u0259nirl\u0259r"}]},{"@type":"WebSite","@id":"https:\/\/www.meydan.tv\/az\/#website","url":"https:\/\/www.meydan.tv\/az\/","name":"MEYDAN.TV","description":"Meydan TV Az\u0259rbaycan\u0131n media m\u0259kan\u0131ndak\u0131 alternativ s\u0259sidir","publisher":{"@id":"https:\/\/www.meydan.tv\/az\/#organization"},"potentialAction":[{"@type":"SearchAction","target":{"@type":"EntryPoint","urlTemplate":"https:\/\/www.meydan.tv\/az\/?s={search_term_string}"},"query-input":{"@type":"PropertyValueSpecification","valueRequired":true,"valueName":"search_term_string"}}],"inLanguage":"az"},{"@type":"Organization","@id":"https:\/\/www.meydan.tv\/az\/#organization","name":"Meydan TV","url":"https:\/\/www.meydan.tv\/az\/","logo":{"@type":"ImageObject","inLanguage":"az","@id":"https:\/\/www.meydan.tv\/az\/#\/schema\/logo\/image\/","url":"https:\/\/www.meydan.tv\/wp-content\/uploads\/2021\/07\/meydan-logo.svg","contentUrl":"https:\/\/www.meydan.tv\/wp-content\/uploads\/2021\/07\/meydan-logo.svg","width":195,"height":46,"caption":"Meydan TV"},"image":{"@id":"https:\/\/www.meydan.tv\/az\/#\/schema\/logo\/image\/"}},{"@type":"Person","@id":"https:\/\/www.meydan.tv\/az\/#\/schema\/person\/9cdbecf90d17180ce1dfbd95b08dcf47","name":"elli","sameAs":["https:\/\/x.com\/elli"]}]}},"_links":{"self":[{"href":"https:\/\/www.meydan.tv\/az\/wp-json\/wp\/v2\/posts\/263744","targetHints":{"allow":["GET"]}}],"collection":[{"href":"https:\/\/www.meydan.tv\/az\/wp-json\/wp\/v2\/posts"}],"about":[{"href":"https:\/\/www.meydan.tv\/az\/wp-json\/wp\/v2\/types\/post"}],"author":[{"embeddable":true,"href":"https:\/\/www.meydan.tv\/az\/wp-json\/wp\/v2\/users\/8"}],"replies":[{"embeddable":true,"href":"https:\/\/www.meydan.tv\/az\/wp-json\/wp\/v2\/comments?post=263744"}],"version-history":[{"count":3,"href":"https:\/\/www.meydan.tv\/az\/wp-json\/wp\/v2\/posts\/263744\/revisions"}],"predecessor-version":[{"id":263795,"href":"https:\/\/www.meydan.tv\/az\/wp-json\/wp\/v2\/posts\/263744\/revisions\/263795"}],"wp:featuredmedia":[{"embeddable":true,"href":"https:\/\/www.meydan.tv\/az\/wp-json\/wp\/v2\/media\/263745"}],"wp:attachment":[{"href":"https:\/\/www.meydan.tv\/az\/wp-json\/wp\/v2\/media?parent=263744"}],"wp:term":[{"taxonomy":"category","embeddable":true,"href":"https:\/\/www.meydan.tv\/az\/wp-json\/wp\/v2\/categories?post=263744"},{"taxonomy":"post_tag","embeddable":true,"href":"https:\/\/www.meydan.tv\/az\/wp-json\/wp\/v2\/tags?post=263744"}],"curies":[{"name":"wp","href":"https:\/\/api.w.org\/{rel}","templated":true}]}}