{"id":263739,"date":"2022-12-19T14:47:28","date_gmt":"2022-12-19T10:47:28","guid":{"rendered":"https:\/\/www.meydan.tv\/?p=263739"},"modified":"2022-12-19T14:47:32","modified_gmt":"2022-12-19T10:47:32","slug":"ancelina-coli-bmt-deki-vezifesini-terk-edib","status":"publish","type":"post","link":"https:\/\/www.meydan.tv\/az\/article\/ancelina-coli-bmt-deki-vezifesini-terk-edib\/","title":{"rendered":"<strong>Ancelina Coli BMT-d\u0259ki v\u0259zif\u0259sini t\u0259rk edib<\/strong>"},"content":{"rendered":"\n<p><\/p>\n\n\n\n<p><em>Aktrisa bundan sonra qa\u00e7q\u0131nlarla birba\u015fa i\u015fl\u0259y\u0259c\u0259yini deyir<\/em><\/p>\n\n\n\n<p>Amerikal\u0131 aktrisa Ancelina Coli Birl\u0259\u015fmi\u015f Mill\u0259tl\u0259r T\u0259\u015fkilat\u0131n\u0131n (BMT) Qa\u00e7q\u0131nlar \u00fczr\u0259 Ali Komissarl\u0131\u011f\u0131n\u0131n (QAK) x\u00fcsusi n\u00fcmay\u0259nd\u0259si v\u0259zif\u0259sini t\u0259rk edib.<\/p>\n\n\n\n<p>Aktrisa bu haqda \u201c\u0130nstagram\u201d hesab\u0131nda <a href=\"https:\/\/www.instagram.com\/p\/CmPuu9XPpT_\/\" target=\"_blank\" rel=\"noreferrer noopener\">yaz\u0131b.<\/a><\/p>\n\n\n\n<p>\u201cN\u00f6vb\u0259ti ill\u0259rd\u0259 d\u0259 m\u0259n qa\u00e7q\u0131nlara v\u0259 dig\u0259r m\u0259cburi k\u00f6\u00e7k\u00fcnl\u0259r\u0259 d\u0259st\u0259k olma\u011fa davam ed\u0259c\u0259y\u0259m. Lakin indi hiss edir\u0259m ki, m\u0259nim \u00fc\u00e7\u00fcn f\u0259rqli i\u015fl\u0259m\u0259yin, qa\u00e7q\u0131nlarla v\u0259 yerli t\u0259\u015fkilatlarla birba\u015fa \u0259laq\u0259 qurma\u011f\u0131n vaxt\u0131 \u00e7at\u0131b\u201d,&nbsp; &#8211; Coli bildirib.<\/p>\n\n\n\n<p>QAK-\u0131n sayt\u0131nda yerl\u0259\u015fdiril\u0259n m\u0259lumatda is\u0259 qeyd olunub ki, Coli bundan sonra daha geni\u015f humanitar v\u0259 insan h\u00fcquqlar\u0131 m\u0259s\u0259l\u0259l\u0259ri il\u0259 m\u0259\u015f\u011ful <a href=\"https:\/\/www.unhcr.org\/news\/press\/2022\/12\/639c6bd34\/joint-statement-unhcr-angelina-jolie.html\" target=\"_blank\" rel=\"noreferrer noopener\">olacaq.<\/a><\/p>\n\n\n\n<p>\u201cAncelina Coli \u00e7ox uzun m\u00fcdd\u0259tdir ki, QAK-\u0131n m\u00fch\u00fcm humanitar t\u0259r\u0259fda\u015f\u0131d\u0131r. Biz onun onillikl\u0259r boyu xidm\u0259tin\u0259, \u00f6hd\u0259liyin\u0259 v\u0259 qa\u00e7q\u0131nlar v\u0259 qa\u00e7ma\u011fa m\u0259cbur olan insanlar \u00fc\u00e7\u00fcn yaratd\u0131\u011f\u0131 f\u0259rq\u0259 g\u00f6r\u0259 minn\u0259tdar\u0131q. Biziml\u0259 uzun v\u0259 u\u011furlu \u0259m\u0259kda\u015fl\u0131qdan sonra onun i\u015fini d\u0259yi\u015fm\u0259k q\u0259rar\u0131n\u0131 y\u00fcks\u0259k qiym\u0259tl\u0259ndirir\u0259m. Bilir\u0259m ki, qa\u00e7q\u0131n m\u0259s\u0259l\u0259si onun \u00fcr\u0259yind\u0259 qalacaq v\u0259 \u0259min\u0259m ki, o, eyni ehtiras v\u0259 diqq\u0259ti daha geni\u015f humanitar portfel\u0259 g\u0259tir\u0259c\u0259k\u201d, &#8211; BMT-nin Qa\u00e7q\u0131nlar \u00fczr\u0259 Ali Komissar\u0131 Filippo Qrandi bildirib.<\/p>\n\n\n\n<p>Ancelina Coli 2001-ci ild\u0259n QAK-da i\u015fl\u0259yir v\u0259 2012-ci ild\u0259n t\u0259\u015fkilat\u0131n x\u00fcsusi n\u00fcmay\u0259nd\u0259si t\u0259yin edilib.<\/p>\n\n\n\n<p>Coli xeyriyy\u0259\u00e7ilik missiyas\u0131na \u201cLara Kroft &#8211; Tomb Raider\u201d filminin \u00e7\u0259kili\u015find\u0259n sonra ba\u015flay\u0131b.<\/p>\n\n\n\n<p>Aktrisa \u00e7\u0259kili\u015fl\u0259rin apar\u0131ld\u0131\u011f\u0131 Kambocada g\u00f6rd\u00fckl\u0259rind\u0259n o q\u0259d\u0259r t\u0259sirl\u0259nib ki, k\u00f6m\u0259k \u00fc\u00e7\u00fcn BMT-y\u0259 m\u00fcraci\u0259t edib.<\/p>\n\n\n\n<p>Bu ill\u0259r \u0259rzind\u0259 o, d\u00fcnya ictimaiyy\u0259tinin diqq\u0259tini k\u00fctl\u0259vi m\u0259cburi miqrasiya il\u0259 n\u0259tic\u0259l\u0259n\u0259n b\u00f6y\u00fck b\u00f6hranlara c\u0259lb edib.<\/p>\n","protected":false},"excerpt":{"rendered":"<p>Aktrisa bundan sonra qa\u00e7q\u0131nlarla birba\u015fa i\u015fl\u0259y\u0259c\u0259yini deyir Amerikal\u0131 aktrisa Ancelina &#8230; <\/p>\n<p class=\"read-more-container\"><a title=\"Ancelina Coli BMT-d\u0259ki v\u0259zif\u0259sini t\u0259rk edib\" class=\"read-more button\" href=\"https:\/\/www.meydan.tv\/az\/article\/ancelina-coli-bmt-deki-vezifesini-terk-edib\/#more-263739\" aria-label=\"Read more about Ancelina Coli BMT-d\u0259ki v\u0259zif\u0259sini t\u0259rk edib\">Davam\u0131<\/a><\/p>\n","protected":false},"author":8,"featured_media":263740,"comment_status":"closed","ping_status":"closed","sticky":false,"template":"","format":"standard","meta":{"_acf_changed":false,"_sitemap_exclude":false,"_sitemap_priority":"","_sitemap_frequency":"","footnotes":""},"categories":[52,56],"tags":[],"class_list":["post-263739","post","type-post","status-publish","format-standard","has-post-thumbnail","hentry","category-medeniyyet","category-xeberler","infinite-scroll-item","generate-columns","tablet-grid-50","mobile-grid-100","grid-parent","grid-33","no-featured-image-padding"],"acf":[],"yoast_head":"<!-- This site is optimized with the Yoast SEO plugin v27.4 - https:\/\/yoast.com\/product\/yoast-seo-wordpress\/ -->\n<title>Ancelina Coli BMT-d\u0259ki v\u0259zif\u0259sini t\u0259rk edib - MEYDAN.TV<\/title>\n<meta name=\"robots\" content=\"index, follow, max-snippet:-1, max-image-preview:large, max-video-preview:-1\" \/>\n<link rel=\"canonical\" href=\"https:\/\/www.meydan.tv\/az\/article\/ancelina-coli-bmt-deki-vezifesini-terk-edib\/\" \/>\n<meta property=\"og:locale\" content=\"az_AZ\" \/>\n<meta property=\"og:type\" content=\"article\" \/>\n<meta property=\"og:title\" content=\"Ancelina Coli BMT-d\u0259ki v\u0259zif\u0259sini t\u0259rk edib - MEYDAN.TV\" \/>\n<meta property=\"og:description\" content=\"Aktrisa bundan sonra qa\u00e7q\u0131nlarla birba\u015fa i\u015fl\u0259y\u0259c\u0259yini deyir Amerikal\u0131 aktrisa Ancelina ... Davam\u0131\" \/>\n<meta property=\"og:url\" content=\"https:\/\/www.meydan.tv\/az\/article\/ancelina-coli-bmt-deki-vezifesini-terk-edib\/\" \/>\n<meta property=\"og:site_name\" content=\"MEYDAN.TV\" \/>\n<meta property=\"article:published_time\" content=\"2022-12-19T10:47:28+00:00\" \/>\n<meta property=\"article:modified_time\" content=\"2022-12-19T10:47:32+00:00\" \/>\n<meta property=\"og:image\" content=\"https:\/\/www.meydan.tv\/wp-content\/uploads\/ancelina-e1671445875569.jpg\" \/>\n\t<meta property=\"og:image:width\" content=\"1200\" \/>\n\t<meta property=\"og:image:height\" content=\"567\" \/>\n\t<meta property=\"og:image:type\" content=\"image\/jpeg\" \/>\n<meta name=\"author\" content=\"elli\" \/>\n<meta name=\"twitter:card\" content=\"summary_large_image\" \/>\n<meta name=\"twitter:creator\" content=\"@elli\" \/>\n<script type=\"application\/ld+json\" class=\"yoast-schema-graph\">{\"@context\":\"https:\\\/\\\/schema.org\",\"@graph\":[{\"@type\":\"Article\",\"@id\":\"https:\\\/\\\/www.meydan.tv\\\/az\\\/article\\\/ancelina-coli-bmt-deki-vezifesini-terk-edib\\\/#article\",\"isPartOf\":{\"@id\":\"https:\\\/\\\/www.meydan.tv\\\/az\\\/article\\\/ancelina-coli-bmt-deki-vezifesini-terk-edib\\\/\"},\"author\":{\"name\":\"elli\",\"@id\":\"https:\\\/\\\/www.meydan.tv\\\/az\\\/#\\\/schema\\\/person\\\/9cdbecf90d17180ce1dfbd95b08dcf47\"},\"headline\":\"Ancelina Coli BMT-d\u0259ki v\u0259zif\u0259sini t\u0259rk edib\",\"datePublished\":\"2022-12-19T10:47:28+00:00\",\"dateModified\":\"2022-12-19T10:47:32+00:00\",\"mainEntityOfPage\":{\"@id\":\"https:\\\/\\\/www.meydan.tv\\\/az\\\/article\\\/ancelina-coli-bmt-deki-vezifesini-terk-edib\\\/\"},\"wordCount\":385,\"publisher\":{\"@id\":\"https:\\\/\\\/www.meydan.tv\\\/az\\\/#organization\"},\"image\":{\"@id\":\"https:\\\/\\\/www.meydan.tv\\\/az\\\/article\\\/ancelina-coli-bmt-deki-vezifesini-terk-edib\\\/#primaryimage\"},\"thumbnailUrl\":\"https:\\\/\\\/www.meydan.tv\\\/wp-content\\\/uploads\\\/ancelina-e1671445875569.jpg\",\"articleSection\":[\"M\u0259d\u0259niyy\u0259t\",\"X\u0259b\u0259rl\u0259r\"],\"inLanguage\":\"az\"},{\"@type\":\"WebPage\",\"@id\":\"https:\\\/\\\/www.meydan.tv\\\/az\\\/article\\\/ancelina-coli-bmt-deki-vezifesini-terk-edib\\\/\",\"url\":\"https:\\\/\\\/www.meydan.tv\\\/az\\\/article\\\/ancelina-coli-bmt-deki-vezifesini-terk-edib\\\/\",\"name\":\"Ancelina Coli BMT-d\u0259ki v\u0259zif\u0259sini t\u0259rk edib - MEYDAN.TV\",\"isPartOf\":{\"@id\":\"https:\\\/\\\/www.meydan.tv\\\/az\\\/#website\"},\"primaryImageOfPage\":{\"@id\":\"https:\\\/\\\/www.meydan.tv\\\/az\\\/article\\\/ancelina-coli-bmt-deki-vezifesini-terk-edib\\\/#primaryimage\"},\"image\":{\"@id\":\"https:\\\/\\\/www.meydan.tv\\\/az\\\/article\\\/ancelina-coli-bmt-deki-vezifesini-terk-edib\\\/#primaryimage\"},\"thumbnailUrl\":\"https:\\\/\\\/www.meydan.tv\\\/wp-content\\\/uploads\\\/ancelina-e1671445875569.jpg\",\"datePublished\":\"2022-12-19T10:47:28+00:00\",\"dateModified\":\"2022-12-19T10:47:32+00:00\",\"breadcrumb\":{\"@id\":\"https:\\\/\\\/www.meydan.tv\\\/az\\\/article\\\/ancelina-coli-bmt-deki-vezifesini-terk-edib\\\/#breadcrumb\"},\"inLanguage\":\"az\",\"potentialAction\":[{\"@type\":\"ReadAction\",\"target\":[\"https:\\\/\\\/www.meydan.tv\\\/az\\\/article\\\/ancelina-coli-bmt-deki-vezifesini-terk-edib\\\/\"]}]},{\"@type\":\"ImageObject\",\"inLanguage\":\"az\",\"@id\":\"https:\\\/\\\/www.meydan.tv\\\/az\\\/article\\\/ancelina-coli-bmt-deki-vezifesini-terk-edib\\\/#primaryimage\",\"url\":\"https:\\\/\\\/www.meydan.tv\\\/wp-content\\\/uploads\\\/ancelina-e1671445875569.jpg\",\"contentUrl\":\"https:\\\/\\\/www.meydan.tv\\\/wp-content\\\/uploads\\\/ancelina-e1671445875569.jpg\",\"width\":1200,\"height\":567,\"caption\":\"Ancelina Coli. Foo: Reuters\"},{\"@type\":\"BreadcrumbList\",\"@id\":\"https:\\\/\\\/www.meydan.tv\\\/az\\\/article\\\/ancelina-coli-bmt-deki-vezifesini-terk-edib\\\/#breadcrumb\",\"itemListElement\":[{\"@type\":\"ListItem\",\"position\":1,\"name\":\"Ana s\u0259hif\u0259\",\"item\":\"https:\\\/\\\/www.meydan.tv\\\/az\\\/\"},{\"@type\":\"ListItem\",\"position\":2,\"name\":\"M\u0259d\u0259niyy\u0259t\",\"item\":\"https:\\\/\\\/www.meydan.tv\\\/az\\\/section\\\/medeniyyet\\\/\"},{\"@type\":\"ListItem\",\"position\":3,\"name\":\"Ancelina Coli BMT-d\u0259ki v\u0259zif\u0259sini t\u0259rk edib\"}]},{\"@type\":\"WebSite\",\"@id\":\"https:\\\/\\\/www.meydan.tv\\\/az\\\/#website\",\"url\":\"https:\\\/\\\/www.meydan.tv\\\/az\\\/\",\"name\":\"MEYDAN.TV\",\"description\":\"Meydan TV Az\u0259rbaycan\u0131n media m\u0259kan\u0131ndak\u0131 alternativ s\u0259sidir\",\"publisher\":{\"@id\":\"https:\\\/\\\/www.meydan.tv\\\/az\\\/#organization\"},\"potentialAction\":[{\"@type\":\"SearchAction\",\"target\":{\"@type\":\"EntryPoint\",\"urlTemplate\":\"https:\\\/\\\/www.meydan.tv\\\/az\\\/?s={search_term_string}\"},\"query-input\":{\"@type\":\"PropertyValueSpecification\",\"valueRequired\":true,\"valueName\":\"search_term_string\"}}],\"inLanguage\":\"az\"},{\"@type\":\"Organization\",\"@id\":\"https:\\\/\\\/www.meydan.tv\\\/az\\\/#organization\",\"name\":\"Meydan TV\",\"url\":\"https:\\\/\\\/www.meydan.tv\\\/az\\\/\",\"logo\":{\"@type\":\"ImageObject\",\"inLanguage\":\"az\",\"@id\":\"https:\\\/\\\/www.meydan.tv\\\/az\\\/#\\\/schema\\\/logo\\\/image\\\/\",\"url\":\"https:\\\/\\\/www.meydan.tv\\\/wp-content\\\/uploads\\\/2021\\\/07\\\/meydan-logo.svg\",\"contentUrl\":\"https:\\\/\\\/www.meydan.tv\\\/wp-content\\\/uploads\\\/2021\\\/07\\\/meydan-logo.svg\",\"width\":195,\"height\":46,\"caption\":\"Meydan TV\"},\"image\":{\"@id\":\"https:\\\/\\\/www.meydan.tv\\\/az\\\/#\\\/schema\\\/logo\\\/image\\\/\"}},{\"@type\":\"Person\",\"@id\":\"https:\\\/\\\/www.meydan.tv\\\/az\\\/#\\\/schema\\\/person\\\/9cdbecf90d17180ce1dfbd95b08dcf47\",\"name\":\"elli\",\"sameAs\":[\"https:\\\/\\\/x.com\\\/elli\"]}]}<\/script>\n<!-- \/ Yoast SEO plugin. -->","yoast_head_json":{"title":"Ancelina Coli BMT-d\u0259ki v\u0259zif\u0259sini t\u0259rk edib - MEYDAN.TV","robots":{"index":"index","follow":"follow","max-snippet":"max-snippet:-1","max-image-preview":"max-image-preview:large","max-video-preview":"max-video-preview:-1"},"canonical":"https:\/\/www.meydan.tv\/az\/article\/ancelina-coli-bmt-deki-vezifesini-terk-edib\/","og_locale":"az_AZ","og_type":"article","og_title":"Ancelina Coli BMT-d\u0259ki v\u0259zif\u0259sini t\u0259rk edib - MEYDAN.TV","og_description":"Aktrisa bundan sonra qa\u00e7q\u0131nlarla birba\u015fa i\u015fl\u0259y\u0259c\u0259yini deyir Amerikal\u0131 aktrisa Ancelina ... Davam\u0131","og_url":"https:\/\/www.meydan.tv\/az\/article\/ancelina-coli-bmt-deki-vezifesini-terk-edib\/","og_site_name":"MEYDAN.TV","article_published_time":"2022-12-19T10:47:28+00:00","article_modified_time":"2022-12-19T10:47:32+00:00","og_image":[{"width":1200,"height":567,"url":"https:\/\/www.meydan.tv\/wp-content\/uploads\/ancelina-e1671445875569.jpg","type":"image\/jpeg"}],"author":"elli","twitter_card":"summary_large_image","twitter_creator":"@elli","schema":{"@context":"https:\/\/schema.org","@graph":[{"@type":"Article","@id":"https:\/\/www.meydan.tv\/az\/article\/ancelina-coli-bmt-deki-vezifesini-terk-edib\/#article","isPartOf":{"@id":"https:\/\/www.meydan.tv\/az\/article\/ancelina-coli-bmt-deki-vezifesini-terk-edib\/"},"author":{"name":"elli","@id":"https:\/\/www.meydan.tv\/az\/#\/schema\/person\/9cdbecf90d17180ce1dfbd95b08dcf47"},"headline":"Ancelina Coli BMT-d\u0259ki v\u0259zif\u0259sini t\u0259rk edib","datePublished":"2022-12-19T10:47:28+00:00","dateModified":"2022-12-19T10:47:32+00:00","mainEntityOfPage":{"@id":"https:\/\/www.meydan.tv\/az\/article\/ancelina-coli-bmt-deki-vezifesini-terk-edib\/"},"wordCount":385,"publisher":{"@id":"https:\/\/www.meydan.tv\/az\/#organization"},"image":{"@id":"https:\/\/www.meydan.tv\/az\/article\/ancelina-coli-bmt-deki-vezifesini-terk-edib\/#primaryimage"},"thumbnailUrl":"https:\/\/www.meydan.tv\/wp-content\/uploads\/ancelina-e1671445875569.jpg","articleSection":["M\u0259d\u0259niyy\u0259t","X\u0259b\u0259rl\u0259r"],"inLanguage":"az"},{"@type":"WebPage","@id":"https:\/\/www.meydan.tv\/az\/article\/ancelina-coli-bmt-deki-vezifesini-terk-edib\/","url":"https:\/\/www.meydan.tv\/az\/article\/ancelina-coli-bmt-deki-vezifesini-terk-edib\/","name":"Ancelina Coli BMT-d\u0259ki v\u0259zif\u0259sini t\u0259rk edib - MEYDAN.TV","isPartOf":{"@id":"https:\/\/www.meydan.tv\/az\/#website"},"primaryImageOfPage":{"@id":"https:\/\/www.meydan.tv\/az\/article\/ancelina-coli-bmt-deki-vezifesini-terk-edib\/#primaryimage"},"image":{"@id":"https:\/\/www.meydan.tv\/az\/article\/ancelina-coli-bmt-deki-vezifesini-terk-edib\/#primaryimage"},"thumbnailUrl":"https:\/\/www.meydan.tv\/wp-content\/uploads\/ancelina-e1671445875569.jpg","datePublished":"2022-12-19T10:47:28+00:00","dateModified":"2022-12-19T10:47:32+00:00","breadcrumb":{"@id":"https:\/\/www.meydan.tv\/az\/article\/ancelina-coli-bmt-deki-vezifesini-terk-edib\/#breadcrumb"},"inLanguage":"az","potentialAction":[{"@type":"ReadAction","target":["https:\/\/www.meydan.tv\/az\/article\/ancelina-coli-bmt-deki-vezifesini-terk-edib\/"]}]},{"@type":"ImageObject","inLanguage":"az","@id":"https:\/\/www.meydan.tv\/az\/article\/ancelina-coli-bmt-deki-vezifesini-terk-edib\/#primaryimage","url":"https:\/\/www.meydan.tv\/wp-content\/uploads\/ancelina-e1671445875569.jpg","contentUrl":"https:\/\/www.meydan.tv\/wp-content\/uploads\/ancelina-e1671445875569.jpg","width":1200,"height":567,"caption":"Ancelina Coli. Foo: Reuters"},{"@type":"BreadcrumbList","@id":"https:\/\/www.meydan.tv\/az\/article\/ancelina-coli-bmt-deki-vezifesini-terk-edib\/#breadcrumb","itemListElement":[{"@type":"ListItem","position":1,"name":"Ana s\u0259hif\u0259","item":"https:\/\/www.meydan.tv\/az\/"},{"@type":"ListItem","position":2,"name":"M\u0259d\u0259niyy\u0259t","item":"https:\/\/www.meydan.tv\/az\/section\/medeniyyet\/"},{"@type":"ListItem","position":3,"name":"Ancelina Coli BMT-d\u0259ki v\u0259zif\u0259sini t\u0259rk edib"}]},{"@type":"WebSite","@id":"https:\/\/www.meydan.tv\/az\/#website","url":"https:\/\/www.meydan.tv\/az\/","name":"MEYDAN.TV","description":"Meydan TV Az\u0259rbaycan\u0131n media m\u0259kan\u0131ndak\u0131 alternativ s\u0259sidir","publisher":{"@id":"https:\/\/www.meydan.tv\/az\/#organization"},"potentialAction":[{"@type":"SearchAction","target":{"@type":"EntryPoint","urlTemplate":"https:\/\/www.meydan.tv\/az\/?s={search_term_string}"},"query-input":{"@type":"PropertyValueSpecification","valueRequired":true,"valueName":"search_term_string"}}],"inLanguage":"az"},{"@type":"Organization","@id":"https:\/\/www.meydan.tv\/az\/#organization","name":"Meydan TV","url":"https:\/\/www.meydan.tv\/az\/","logo":{"@type":"ImageObject","inLanguage":"az","@id":"https:\/\/www.meydan.tv\/az\/#\/schema\/logo\/image\/","url":"https:\/\/www.meydan.tv\/wp-content\/uploads\/2021\/07\/meydan-logo.svg","contentUrl":"https:\/\/www.meydan.tv\/wp-content\/uploads\/2021\/07\/meydan-logo.svg","width":195,"height":46,"caption":"Meydan TV"},"image":{"@id":"https:\/\/www.meydan.tv\/az\/#\/schema\/logo\/image\/"}},{"@type":"Person","@id":"https:\/\/www.meydan.tv\/az\/#\/schema\/person\/9cdbecf90d17180ce1dfbd95b08dcf47","name":"elli","sameAs":["https:\/\/x.com\/elli"]}]}},"_links":{"self":[{"href":"https:\/\/www.meydan.tv\/az\/wp-json\/wp\/v2\/posts\/263739","targetHints":{"allow":["GET"]}}],"collection":[{"href":"https:\/\/www.meydan.tv\/az\/wp-json\/wp\/v2\/posts"}],"about":[{"href":"https:\/\/www.meydan.tv\/az\/wp-json\/wp\/v2\/types\/post"}],"author":[{"embeddable":true,"href":"https:\/\/www.meydan.tv\/az\/wp-json\/wp\/v2\/users\/8"}],"replies":[{"embeddable":true,"href":"https:\/\/www.meydan.tv\/az\/wp-json\/wp\/v2\/comments?post=263739"}],"version-history":[{"count":2,"href":"https:\/\/www.meydan.tv\/az\/wp-json\/wp\/v2\/posts\/263739\/revisions"}],"predecessor-version":[{"id":263783,"href":"https:\/\/www.meydan.tv\/az\/wp-json\/wp\/v2\/posts\/263739\/revisions\/263783"}],"wp:featuredmedia":[{"embeddable":true,"href":"https:\/\/www.meydan.tv\/az\/wp-json\/wp\/v2\/media\/263740"}],"wp:attachment":[{"href":"https:\/\/www.meydan.tv\/az\/wp-json\/wp\/v2\/media?parent=263739"}],"wp:term":[{"taxonomy":"category","embeddable":true,"href":"https:\/\/www.meydan.tv\/az\/wp-json\/wp\/v2\/categories?post=263739"},{"taxonomy":"post_tag","embeddable":true,"href":"https:\/\/www.meydan.tv\/az\/wp-json\/wp\/v2\/tags?post=263739"}],"curies":[{"name":"wp","href":"https:\/\/api.w.org\/{rel}","templated":true}]}}