{"id":263729,"date":"2022-12-19T14:24:21","date_gmt":"2022-12-19T10:24:21","guid":{"rendered":"https:\/\/www.meydan.tv\/?p=263729"},"modified":"2022-12-19T14:24:25","modified_gmt":"2022-12-19T10:24:25","slug":"seki-sakini-mesgulluq-idaresinde-yasima-baxmayaraq-meni-tehqir-etdiler","status":"publish","type":"post","link":"https:\/\/www.meydan.tv\/az\/article\/seki-sakini-mesgulluq-idaresinde-yasima-baxmayaraq-meni-tehqir-etdiler\/","title":{"rendered":"\u015e\u0259ki sakini: \u201cM\u0259\u015f\u011fulluq \u0130dar\u0259sind\u0259 ya\u015f\u0131ma baxmayaraq m\u0259ni t\u0259hqir etdil\u0259r\u201d"},"content":{"rendered":"\n<p><\/p>\n\n\n\n<p><em>Qazi atas\u0131 tez-tez m\u00fcraci\u0259t etdiyi \u00fc\u00e7\u00fcn t\u0259hqir olundu\u011funu deyir<\/em><br><\/p>\n\n\n\n<p>\u201cO\u011flum Qaraba\u011f M\u00fcharib\u0259sind\u0259 yaralan\u0131b, aylard\u0131r m\u00fcalic\u0259 olunur. Ail\u0259sind\u0259 4 n\u0259f\u0259r var. Onun ail\u0259si v\u0259 dig\u0259r \u00f6vladlar\u0131mla birg\u0259 10 n\u0259f\u0259r m\u0259nim himay\u0259md\u0259dir. Dolana bilmirik, 2 ba\u015f mal-qara ist\u0259yirik ki, he\u00e7 olmasa, s\u00fcd\u00fcn\u00fc, qay\u0131\u011f\u0131n\u0131 sat\u0131b birt\u0259h\u0259r ya\u015fayaq\u201d.<br><\/p>\n\n\n\n<p>\u015e\u0259ki rayonun Ba\u015f G\u00f6yn\u00fck k\u0259nd sakini Zahid Salahov bel\u0259 deyir. Onun s\u00f6zl\u0259rin\u0259 g\u00f6r\u0259, \u018fm\u0259k v\u0259 \u018fhalinin Sosial M\u00fcdafi\u0259 Nazirliyinin \u015e\u0259ki Rayon M\u0259\u015f\u011fulluq \u0130dar\u0259sin\u0259 etdiyi m\u00fcraci\u0259t\u0259 kobud cavab verilib, onu t\u0259hqir edibl\u0259r.<br><\/p>\n\n\n\n<figure class=\"wp-block-image size-large\"><img decoding=\"async\" width=\"1184\" height=\"821\" data-src=\"https:\/\/www.meydan.tv\/wp-content\/uploads\/380f1440-bb9d-477a-95fc-61cf7c89c641-1184x821.jpg\" alt=\"\" class=\"wp-image-263723 lazyload\" src=\"data:image\/svg+xml;base64,PHN2ZyB3aWR0aD0iMSIgaGVpZ2h0PSIxIiB4bWxucz0iaHR0cDovL3d3dy53My5vcmcvMjAwMC9zdmciPjwvc3ZnPg==\" style=\"--smush-placeholder-width: 1184px; --smush-placeholder-aspect-ratio: 1184\/821;\" \/><\/figure>\n\n\n\n<p>\u201c3 \u00f6vlad atas\u0131yam. O\u011flum 1989-cu il t\u0259v\u0259ll\u00fcdl\u00fc mayor Ma\u015fallah Salahov h\u0259m Aprel d\u00f6y\u00fc\u015fl\u0259rind\u0259, h\u0259m d\u0259 \u0130kinci Qaraba\u011f M\u00fcharib\u0259sind\u0259 i\u015ftirak edib. M\u00fcharib\u0259d\u0259 yax\u0131nl\u0131\u011f\u0131nda m\u0259rmi partlay\u0131\u015f\u0131 n\u0259tic\u0259sind\u0259 barotravma al\u0131b. Sa\u011flaml\u0131\u011f\u0131n\u0131 itirib, haz\u0131rda m\u00fcalic\u0259si davam etdirilir. Bu yax\u0131nlarda \u0259m\u0259liyyat olunub, bir valideyn kimi onun ail\u0259sin\u0259 k\u00f6m\u0259klik ed\u0259 bilmir\u0259m\u201d, &#8211; \u015fikay\u0259t\u00e7i deyib.<br><\/p>\n\n\n\n<p>Z.Salahov qeyd edib ki, ya\u015fad\u0131\u011f\u0131 \u00fcnvandan 18 kilometr aral\u0131da pay torpaqlar\u0131nda \u0259kin-bi\u00e7inl\u0259 m\u0259\u015f\u011ful olur. Amma bu dolanma\u011f\u0131na yetmir:<br><\/p>\n\n\n\n<figure class=\"wp-block-image size-large\"><img decoding=\"async\" width=\"462\" height=\"821\" data-src=\"https:\/\/www.meydan.tv\/wp-content\/uploads\/813e8a55-f127-4623-9de1-7fd8398d791c-462x821.jpg\" alt=\"\" class=\"wp-image-263733 lazyload\" src=\"data:image\/svg+xml;base64,PHN2ZyB3aWR0aD0iMSIgaGVpZ2h0PSIxIiB4bWxucz0iaHR0cDovL3d3dy53My5vcmcvMjAwMC9zdmciPjwvc3ZnPg==\" style=\"--smush-placeholder-width: 462px; --smush-placeholder-aspect-ratio: 462\/821;\" \/><\/figure>\n\n\n\n<p>\u201c2021-ci ilin fevral\u0131n 19-da \u015e\u0259ki M\u0259\u015f\u011fulluq \u0130dar\u0259sind\u0259 i\u015fsiz kimi qeydiyyata d\u00fc\u015f\u00fcb \u00f6z\u00fcn\u0259m\u0259\u015f\u011fulluq proqram\u0131na c\u0259lb edildim. Bu ilin oktyabr\u0131n \u0259vv\u0259lind\u0259 yen\u0259 d\u0259 \u015e\u0259ki M\u0259\u015f\u011fulluq \u0130dar\u0259sin\u0259 gedib n\u00f6vb\u0259min \u00e7at\u0131b-\u00e7atmad\u0131\u011f\u0131n\u0131 soru\u015fdum. \u0130dar\u0259nin r\u0259smil\u0259rind\u0259n biri kobud \u015f\u0259kild\u0259 \u00fcst\u00fcm\u0259 q\u0131\u015fq\u0131rd\u0131, dedi ki, tez-tez m\u00fcraci\u0259t edib z\u0259hl\u0259l\u0259rini t\u00f6k\u00fcr\u0259m. Ham\u0131n\u0131n i\u00e7\u0259risind\u0259 m\u0259n\u0259 \u201cr\u0259dd ol burdan, m\u0259n \u00f6z\u00fcmd\u0259n s\u0259n\u0259 mal al\u0131b verm\u0259y\u0259c\u0259m, heyvan\u0131m\u0131z yoxdur\u201d,- dedi. Sonra sistemd\u0259n sil\u0259c\u0259kl\u0259rini bildirdi\u201d.<br><\/p>\n\n\n\n<p>\u015eikay\u0259t\u00e7i deyir ki, evind\u0259ki d\u0259y\u0259rli \u0259\u015fyalar\u0131n\u0131 sat\u0131b o\u011flunun m\u00fcalic\u0259sin\u0259 x\u0259rcl\u0259yib. K\u0259nd yerind\u0259 \u00e7\u0259tinlikl\u0259, yar\u0131ac, yar\u0131tox ya\u015fay\u0131rlar:<br><\/p>\n\n\n\n<figure class=\"wp-block-image size-large\"><img decoding=\"async\" width=\"462\" height=\"821\" data-src=\"https:\/\/www.meydan.tv\/wp-content\/uploads\/6960e8df-3d18-42fa-b422-881ca0c9bd8f-462x821.jpg\" alt=\"\" class=\"wp-image-263730 lazyload\" src=\"data:image\/svg+xml;base64,PHN2ZyB3aWR0aD0iMSIgaGVpZ2h0PSIxIiB4bWxucz0iaHR0cDovL3d3dy53My5vcmcvMjAwMC9zdmciPjwvc3ZnPg==\" style=\"--smush-placeholder-width: 462px; --smush-placeholder-aspect-ratio: 462\/821;\" \/><\/figure>\n\n\n\n<p>\u201cHam\u0131n\u0131n i\u00e7\u0259risind\u0259 ya\u015f\u0131ma baxmayaraq m\u0259ni t\u0259hqir etdil\u0259r, \u00f6vlad\u0131m d\u00f6y\u00fc\u015fd\u0259 yaralan\u0131b, amma kims\u0259 ail\u0259nin nec\u0259 doland\u0131\u011f\u0131n\u0131 bilmir\u201d.<br><\/p>\n\n\n\n<p>\u018fm\u0259k v\u0259 \u018fhalinin Sosial M\u00fcdafi\u0259si Nazirliyinin D\u00f6vl\u0259t M\u0259\u015f\u011fulluq Agentliyind\u0259n Meydan TV-y\u0259 \u015fikay\u0259tin ara\u015fd\u0131r\u0131laca\u011f\u0131n\u0131 deyibl\u0259r.<\/p>\n\n\n\n<figure class=\"wp-block-image size-full\"><img decoding=\"async\" width=\"1200\" height=\"526\" data-src=\"https:\/\/www.meydan.tv\/wp-content\/uploads\/16242679391610612763_1000x669.jpg\" alt=\"\" class=\"wp-image-263720 lazyload\" src=\"data:image\/svg+xml;base64,PHN2ZyB3aWR0aD0iMSIgaGVpZ2h0PSIxIiB4bWxucz0iaHR0cDovL3d3dy53My5vcmcvMjAwMC9zdmciPjwvc3ZnPg==\" style=\"--smush-placeholder-width: 1200px; --smush-placeholder-aspect-ratio: 1200\/526;\" \/><\/figure>\n","protected":false},"excerpt":{"rendered":"<p>Qazi atas\u0131 tez-tez m\u00fcraci\u0259t etdiyi \u00fc\u00e7\u00fcn t\u0259hqir olundu\u011funu deyir \u201cO\u011flum &#8230; <\/p>\n<p class=\"read-more-container\"><a title=\"\u015e\u0259ki sakini: \u201cM\u0259\u015f\u011fulluq \u0130dar\u0259sind\u0259 ya\u015f\u0131ma baxmayaraq m\u0259ni t\u0259hqir etdil\u0259r\u201d\" class=\"read-more button\" href=\"https:\/\/www.meydan.tv\/az\/article\/seki-sakini-mesgulluq-idaresinde-yasima-baxmayaraq-meni-tehqir-etdiler\/#more-263729\" aria-label=\"Read more about \u015e\u0259ki sakini: \u201cM\u0259\u015f\u011fulluq \u0130dar\u0259sind\u0259 ya\u015f\u0131ma baxmayaraq m\u0259ni t\u0259hqir etdil\u0259r\u201d\">Davam\u0131<\/a><\/p>\n","protected":false},"author":8,"featured_media":263726,"comment_status":"closed","ping_status":"closed","sticky":false,"template":"","format":"standard","meta":{"_acf_changed":false,"_sitemap_exclude":false,"_sitemap_priority":"","_sitemap_frequency":"","footnotes":""},"categories":[60,56],"tags":[],"class_list":["post-263729","post","type-post","status-publish","format-standard","has-post-thumbnail","hentry","category-bolge","category-xeberler","infinite-scroll-item","generate-columns","tablet-grid-50","mobile-grid-100","grid-parent","grid-33","no-featured-image-padding"],"acf":[],"yoast_head":"<!-- This site is optimized with the Yoast SEO plugin v27.5 - https:\/\/yoast.com\/product\/yoast-seo-wordpress\/ -->\n<title>\u015e\u0259ki sakini: \u201cM\u0259\u015f\u011fulluq \u0130dar\u0259sind\u0259 ya\u015f\u0131ma baxmayaraq m\u0259ni t\u0259hqir etdil\u0259r\u201d - MEYDAN.TV<\/title>\n<meta name=\"robots\" content=\"index, follow, max-snippet:-1, max-image-preview:large, max-video-preview:-1\" \/>\n<link rel=\"canonical\" href=\"https:\/\/www.meydan.tv\/az\/article\/seki-sakini-mesgulluq-idaresinde-yasima-baxmayaraq-meni-tehqir-etdiler\/\" \/>\n<meta property=\"og:locale\" content=\"az_AZ\" \/>\n<meta property=\"og:type\" content=\"article\" \/>\n<meta property=\"og:title\" content=\"\u015e\u0259ki sakini: \u201cM\u0259\u015f\u011fulluq \u0130dar\u0259sind\u0259 ya\u015f\u0131ma baxmayaraq m\u0259ni t\u0259hqir etdil\u0259r\u201d - MEYDAN.TV\" \/>\n<meta property=\"og:description\" content=\"Qazi atas\u0131 tez-tez m\u00fcraci\u0259t etdiyi \u00fc\u00e7\u00fcn t\u0259hqir olundu\u011funu deyir \u201cO\u011flum ... Davam\u0131\" \/>\n<meta property=\"og:url\" content=\"https:\/\/www.meydan.tv\/az\/article\/seki-sakini-mesgulluq-idaresinde-yasima-baxmayaraq-meni-tehqir-etdiler\/\" \/>\n<meta property=\"og:site_name\" content=\"MEYDAN.TV\" \/>\n<meta property=\"article:published_time\" content=\"2022-12-19T10:24:21+00:00\" \/>\n<meta property=\"article:modified_time\" content=\"2022-12-19T10:24:25+00:00\" \/>\n<meta property=\"og:image\" content=\"https:\/\/www.meydan.tv\/wp-content\/uploads\/0b8a3eae-d855-4df3-8e17-ce9552ed4cc4-e1671445455951.jpg\" \/>\n\t<meta property=\"og:image:width\" content=\"1279\" \/>\n\t<meta property=\"og:image:height\" content=\"783\" \/>\n\t<meta property=\"og:image:type\" content=\"image\/jpeg\" \/>\n<meta name=\"author\" content=\"elli\" \/>\n<meta name=\"twitter:card\" content=\"summary_large_image\" \/>\n<meta name=\"twitter:creator\" content=\"@elli\" \/>\n<script type=\"application\/ld+json\" class=\"yoast-schema-graph\">{\"@context\":\"https:\\\/\\\/schema.org\",\"@graph\":[{\"@type\":\"Article\",\"@id\":\"https:\\\/\\\/www.meydan.tv\\\/az\\\/article\\\/seki-sakini-mesgulluq-idaresinde-yasima-baxmayaraq-meni-tehqir-etdiler\\\/#article\",\"isPartOf\":{\"@id\":\"https:\\\/\\\/www.meydan.tv\\\/az\\\/article\\\/seki-sakini-mesgulluq-idaresinde-yasima-baxmayaraq-meni-tehqir-etdiler\\\/\"},\"author\":{\"name\":\"elli\",\"@id\":\"https:\\\/\\\/www.meydan.tv\\\/az\\\/#\\\/schema\\\/person\\\/9cdbecf90d17180ce1dfbd95b08dcf47\"},\"headline\":\"\u015e\u0259ki sakini: \u201cM\u0259\u015f\u011fulluq \u0130dar\u0259sind\u0259 ya\u015f\u0131ma baxmayaraq m\u0259ni t\u0259hqir etdil\u0259r\u201d\",\"datePublished\":\"2022-12-19T10:24:21+00:00\",\"dateModified\":\"2022-12-19T10:24:25+00:00\",\"mainEntityOfPage\":{\"@id\":\"https:\\\/\\\/www.meydan.tv\\\/az\\\/article\\\/seki-sakini-mesgulluq-idaresinde-yasima-baxmayaraq-meni-tehqir-etdiler\\\/\"},\"wordCount\":441,\"publisher\":{\"@id\":\"https:\\\/\\\/www.meydan.tv\\\/az\\\/#organization\"},\"image\":{\"@id\":\"https:\\\/\\\/www.meydan.tv\\\/az\\\/article\\\/seki-sakini-mesgulluq-idaresinde-yasima-baxmayaraq-meni-tehqir-etdiler\\\/#primaryimage\"},\"thumbnailUrl\":\"https:\\\/\\\/www.meydan.tv\\\/wp-content\\\/uploads\\\/0b8a3eae-d855-4df3-8e17-ce9552ed4cc4-e1671445455951.jpg\",\"articleSection\":[\"B\u00f6lg\u0259\",\"X\u0259b\u0259rl\u0259r\"],\"inLanguage\":\"az\"},{\"@type\":\"WebPage\",\"@id\":\"https:\\\/\\\/www.meydan.tv\\\/az\\\/article\\\/seki-sakini-mesgulluq-idaresinde-yasima-baxmayaraq-meni-tehqir-etdiler\\\/\",\"url\":\"https:\\\/\\\/www.meydan.tv\\\/az\\\/article\\\/seki-sakini-mesgulluq-idaresinde-yasima-baxmayaraq-meni-tehqir-etdiler\\\/\",\"name\":\"\u015e\u0259ki sakini: \u201cM\u0259\u015f\u011fulluq \u0130dar\u0259sind\u0259 ya\u015f\u0131ma baxmayaraq m\u0259ni t\u0259hqir etdil\u0259r\u201d - MEYDAN.TV\",\"isPartOf\":{\"@id\":\"https:\\\/\\\/www.meydan.tv\\\/az\\\/#website\"},\"primaryImageOfPage\":{\"@id\":\"https:\\\/\\\/www.meydan.tv\\\/az\\\/article\\\/seki-sakini-mesgulluq-idaresinde-yasima-baxmayaraq-meni-tehqir-etdiler\\\/#primaryimage\"},\"image\":{\"@id\":\"https:\\\/\\\/www.meydan.tv\\\/az\\\/article\\\/seki-sakini-mesgulluq-idaresinde-yasima-baxmayaraq-meni-tehqir-etdiler\\\/#primaryimage\"},\"thumbnailUrl\":\"https:\\\/\\\/www.meydan.tv\\\/wp-content\\\/uploads\\\/0b8a3eae-d855-4df3-8e17-ce9552ed4cc4-e1671445455951.jpg\",\"datePublished\":\"2022-12-19T10:24:21+00:00\",\"dateModified\":\"2022-12-19T10:24:25+00:00\",\"breadcrumb\":{\"@id\":\"https:\\\/\\\/www.meydan.tv\\\/az\\\/article\\\/seki-sakini-mesgulluq-idaresinde-yasima-baxmayaraq-meni-tehqir-etdiler\\\/#breadcrumb\"},\"inLanguage\":\"az\",\"potentialAction\":[{\"@type\":\"ReadAction\",\"target\":[\"https:\\\/\\\/www.meydan.tv\\\/az\\\/article\\\/seki-sakini-mesgulluq-idaresinde-yasima-baxmayaraq-meni-tehqir-etdiler\\\/\"]}]},{\"@type\":\"ImageObject\",\"inLanguage\":\"az\",\"@id\":\"https:\\\/\\\/www.meydan.tv\\\/az\\\/article\\\/seki-sakini-mesgulluq-idaresinde-yasima-baxmayaraq-meni-tehqir-etdiler\\\/#primaryimage\",\"url\":\"https:\\\/\\\/www.meydan.tv\\\/wp-content\\\/uploads\\\/0b8a3eae-d855-4df3-8e17-ce9552ed4cc4-e1671445455951.jpg\",\"contentUrl\":\"https:\\\/\\\/www.meydan.tv\\\/wp-content\\\/uploads\\\/0b8a3eae-d855-4df3-8e17-ce9552ed4cc4-e1671445455951.jpg\",\"width\":1279,\"height\":783,\"caption\":\"Zahid Salahov. Fotolar: Meydan TV\"},{\"@type\":\"BreadcrumbList\",\"@id\":\"https:\\\/\\\/www.meydan.tv\\\/az\\\/article\\\/seki-sakini-mesgulluq-idaresinde-yasima-baxmayaraq-meni-tehqir-etdiler\\\/#breadcrumb\",\"itemListElement\":[{\"@type\":\"ListItem\",\"position\":1,\"name\":\"Ana s\u0259hif\u0259\",\"item\":\"https:\\\/\\\/www.meydan.tv\\\/az\\\/\"},{\"@type\":\"ListItem\",\"position\":2,\"name\":\"B\u00f6lg\u0259\",\"item\":\"https:\\\/\\\/www.meydan.tv\\\/az\\\/section\\\/bolge\\\/\"},{\"@type\":\"ListItem\",\"position\":3,\"name\":\"\u015e\u0259ki sakini: \u201cM\u0259\u015f\u011fulluq \u0130dar\u0259sind\u0259 ya\u015f\u0131ma baxmayaraq m\u0259ni t\u0259hqir etdil\u0259r\u201d\"}]},{\"@type\":\"WebSite\",\"@id\":\"https:\\\/\\\/www.meydan.tv\\\/az\\\/#website\",\"url\":\"https:\\\/\\\/www.meydan.tv\\\/az\\\/\",\"name\":\"MEYDAN.TV\",\"description\":\"Meydan TV Az\u0259rbaycan\u0131n media m\u0259kan\u0131ndak\u0131 alternativ s\u0259sidir\",\"publisher\":{\"@id\":\"https:\\\/\\\/www.meydan.tv\\\/az\\\/#organization\"},\"potentialAction\":[{\"@type\":\"SearchAction\",\"target\":{\"@type\":\"EntryPoint\",\"urlTemplate\":\"https:\\\/\\\/www.meydan.tv\\\/az\\\/?s={search_term_string}\"},\"query-input\":{\"@type\":\"PropertyValueSpecification\",\"valueRequired\":true,\"valueName\":\"search_term_string\"}}],\"inLanguage\":\"az\"},{\"@type\":\"Organization\",\"@id\":\"https:\\\/\\\/www.meydan.tv\\\/az\\\/#organization\",\"name\":\"Meydan TV\",\"url\":\"https:\\\/\\\/www.meydan.tv\\\/az\\\/\",\"logo\":{\"@type\":\"ImageObject\",\"inLanguage\":\"az\",\"@id\":\"https:\\\/\\\/www.meydan.tv\\\/az\\\/#\\\/schema\\\/logo\\\/image\\\/\",\"url\":\"https:\\\/\\\/www.meydan.tv\\\/wp-content\\\/uploads\\\/2021\\\/07\\\/meydan-logo.svg\",\"contentUrl\":\"https:\\\/\\\/www.meydan.tv\\\/wp-content\\\/uploads\\\/2021\\\/07\\\/meydan-logo.svg\",\"width\":195,\"height\":46,\"caption\":\"Meydan TV\"},\"image\":{\"@id\":\"https:\\\/\\\/www.meydan.tv\\\/az\\\/#\\\/schema\\\/logo\\\/image\\\/\"}},{\"@type\":\"Person\",\"@id\":\"https:\\\/\\\/www.meydan.tv\\\/az\\\/#\\\/schema\\\/person\\\/9cdbecf90d17180ce1dfbd95b08dcf47\",\"name\":\"elli\",\"sameAs\":[\"https:\\\/\\\/x.com\\\/elli\"]}]}<\/script>\n<!-- \/ Yoast SEO plugin. -->","yoast_head_json":{"title":"\u015e\u0259ki sakini: \u201cM\u0259\u015f\u011fulluq \u0130dar\u0259sind\u0259 ya\u015f\u0131ma baxmayaraq m\u0259ni t\u0259hqir etdil\u0259r\u201d - MEYDAN.TV","robots":{"index":"index","follow":"follow","max-snippet":"max-snippet:-1","max-image-preview":"max-image-preview:large","max-video-preview":"max-video-preview:-1"},"canonical":"https:\/\/www.meydan.tv\/az\/article\/seki-sakini-mesgulluq-idaresinde-yasima-baxmayaraq-meni-tehqir-etdiler\/","og_locale":"az_AZ","og_type":"article","og_title":"\u015e\u0259ki sakini: \u201cM\u0259\u015f\u011fulluq \u0130dar\u0259sind\u0259 ya\u015f\u0131ma baxmayaraq m\u0259ni t\u0259hqir etdil\u0259r\u201d - MEYDAN.TV","og_description":"Qazi atas\u0131 tez-tez m\u00fcraci\u0259t etdiyi \u00fc\u00e7\u00fcn t\u0259hqir olundu\u011funu deyir \u201cO\u011flum ... Davam\u0131","og_url":"https:\/\/www.meydan.tv\/az\/article\/seki-sakini-mesgulluq-idaresinde-yasima-baxmayaraq-meni-tehqir-etdiler\/","og_site_name":"MEYDAN.TV","article_published_time":"2022-12-19T10:24:21+00:00","article_modified_time":"2022-12-19T10:24:25+00:00","og_image":[{"width":1279,"height":783,"url":"https:\/\/www.meydan.tv\/wp-content\/uploads\/0b8a3eae-d855-4df3-8e17-ce9552ed4cc4-e1671445455951.jpg","type":"image\/jpeg"}],"author":"elli","twitter_card":"summary_large_image","twitter_creator":"@elli","schema":{"@context":"https:\/\/schema.org","@graph":[{"@type":"Article","@id":"https:\/\/www.meydan.tv\/az\/article\/seki-sakini-mesgulluq-idaresinde-yasima-baxmayaraq-meni-tehqir-etdiler\/#article","isPartOf":{"@id":"https:\/\/www.meydan.tv\/az\/article\/seki-sakini-mesgulluq-idaresinde-yasima-baxmayaraq-meni-tehqir-etdiler\/"},"author":{"name":"elli","@id":"https:\/\/www.meydan.tv\/az\/#\/schema\/person\/9cdbecf90d17180ce1dfbd95b08dcf47"},"headline":"\u015e\u0259ki sakini: \u201cM\u0259\u015f\u011fulluq \u0130dar\u0259sind\u0259 ya\u015f\u0131ma baxmayaraq m\u0259ni t\u0259hqir etdil\u0259r\u201d","datePublished":"2022-12-19T10:24:21+00:00","dateModified":"2022-12-19T10:24:25+00:00","mainEntityOfPage":{"@id":"https:\/\/www.meydan.tv\/az\/article\/seki-sakini-mesgulluq-idaresinde-yasima-baxmayaraq-meni-tehqir-etdiler\/"},"wordCount":441,"publisher":{"@id":"https:\/\/www.meydan.tv\/az\/#organization"},"image":{"@id":"https:\/\/www.meydan.tv\/az\/article\/seki-sakini-mesgulluq-idaresinde-yasima-baxmayaraq-meni-tehqir-etdiler\/#primaryimage"},"thumbnailUrl":"https:\/\/www.meydan.tv\/wp-content\/uploads\/0b8a3eae-d855-4df3-8e17-ce9552ed4cc4-e1671445455951.jpg","articleSection":["B\u00f6lg\u0259","X\u0259b\u0259rl\u0259r"],"inLanguage":"az"},{"@type":"WebPage","@id":"https:\/\/www.meydan.tv\/az\/article\/seki-sakini-mesgulluq-idaresinde-yasima-baxmayaraq-meni-tehqir-etdiler\/","url":"https:\/\/www.meydan.tv\/az\/article\/seki-sakini-mesgulluq-idaresinde-yasima-baxmayaraq-meni-tehqir-etdiler\/","name":"\u015e\u0259ki sakini: \u201cM\u0259\u015f\u011fulluq \u0130dar\u0259sind\u0259 ya\u015f\u0131ma baxmayaraq m\u0259ni t\u0259hqir etdil\u0259r\u201d - MEYDAN.TV","isPartOf":{"@id":"https:\/\/www.meydan.tv\/az\/#website"},"primaryImageOfPage":{"@id":"https:\/\/www.meydan.tv\/az\/article\/seki-sakini-mesgulluq-idaresinde-yasima-baxmayaraq-meni-tehqir-etdiler\/#primaryimage"},"image":{"@id":"https:\/\/www.meydan.tv\/az\/article\/seki-sakini-mesgulluq-idaresinde-yasima-baxmayaraq-meni-tehqir-etdiler\/#primaryimage"},"thumbnailUrl":"https:\/\/www.meydan.tv\/wp-content\/uploads\/0b8a3eae-d855-4df3-8e17-ce9552ed4cc4-e1671445455951.jpg","datePublished":"2022-12-19T10:24:21+00:00","dateModified":"2022-12-19T10:24:25+00:00","breadcrumb":{"@id":"https:\/\/www.meydan.tv\/az\/article\/seki-sakini-mesgulluq-idaresinde-yasima-baxmayaraq-meni-tehqir-etdiler\/#breadcrumb"},"inLanguage":"az","potentialAction":[{"@type":"ReadAction","target":["https:\/\/www.meydan.tv\/az\/article\/seki-sakini-mesgulluq-idaresinde-yasima-baxmayaraq-meni-tehqir-etdiler\/"]}]},{"@type":"ImageObject","inLanguage":"az","@id":"https:\/\/www.meydan.tv\/az\/article\/seki-sakini-mesgulluq-idaresinde-yasima-baxmayaraq-meni-tehqir-etdiler\/#primaryimage","url":"https:\/\/www.meydan.tv\/wp-content\/uploads\/0b8a3eae-d855-4df3-8e17-ce9552ed4cc4-e1671445455951.jpg","contentUrl":"https:\/\/www.meydan.tv\/wp-content\/uploads\/0b8a3eae-d855-4df3-8e17-ce9552ed4cc4-e1671445455951.jpg","width":1279,"height":783,"caption":"Zahid Salahov. Fotolar: Meydan TV"},{"@type":"BreadcrumbList","@id":"https:\/\/www.meydan.tv\/az\/article\/seki-sakini-mesgulluq-idaresinde-yasima-baxmayaraq-meni-tehqir-etdiler\/#breadcrumb","itemListElement":[{"@type":"ListItem","position":1,"name":"Ana s\u0259hif\u0259","item":"https:\/\/www.meydan.tv\/az\/"},{"@type":"ListItem","position":2,"name":"B\u00f6lg\u0259","item":"https:\/\/www.meydan.tv\/az\/section\/bolge\/"},{"@type":"ListItem","position":3,"name":"\u015e\u0259ki sakini: \u201cM\u0259\u015f\u011fulluq \u0130dar\u0259sind\u0259 ya\u015f\u0131ma baxmayaraq m\u0259ni t\u0259hqir etdil\u0259r\u201d"}]},{"@type":"WebSite","@id":"https:\/\/www.meydan.tv\/az\/#website","url":"https:\/\/www.meydan.tv\/az\/","name":"MEYDAN.TV","description":"Meydan TV Az\u0259rbaycan\u0131n media m\u0259kan\u0131ndak\u0131 alternativ s\u0259sidir","publisher":{"@id":"https:\/\/www.meydan.tv\/az\/#organization"},"potentialAction":[{"@type":"SearchAction","target":{"@type":"EntryPoint","urlTemplate":"https:\/\/www.meydan.tv\/az\/?s={search_term_string}"},"query-input":{"@type":"PropertyValueSpecification","valueRequired":true,"valueName":"search_term_string"}}],"inLanguage":"az"},{"@type":"Organization","@id":"https:\/\/www.meydan.tv\/az\/#organization","name":"Meydan TV","url":"https:\/\/www.meydan.tv\/az\/","logo":{"@type":"ImageObject","inLanguage":"az","@id":"https:\/\/www.meydan.tv\/az\/#\/schema\/logo\/image\/","url":"https:\/\/www.meydan.tv\/wp-content\/uploads\/2021\/07\/meydan-logo.svg","contentUrl":"https:\/\/www.meydan.tv\/wp-content\/uploads\/2021\/07\/meydan-logo.svg","width":195,"height":46,"caption":"Meydan TV"},"image":{"@id":"https:\/\/www.meydan.tv\/az\/#\/schema\/logo\/image\/"}},{"@type":"Person","@id":"https:\/\/www.meydan.tv\/az\/#\/schema\/person\/9cdbecf90d17180ce1dfbd95b08dcf47","name":"elli","sameAs":["https:\/\/x.com\/elli"]}]}},"_links":{"self":[{"href":"https:\/\/www.meydan.tv\/az\/wp-json\/wp\/v2\/posts\/263729","targetHints":{"allow":["GET"]}}],"collection":[{"href":"https:\/\/www.meydan.tv\/az\/wp-json\/wp\/v2\/posts"}],"about":[{"href":"https:\/\/www.meydan.tv\/az\/wp-json\/wp\/v2\/types\/post"}],"author":[{"embeddable":true,"href":"https:\/\/www.meydan.tv\/az\/wp-json\/wp\/v2\/users\/8"}],"replies":[{"embeddable":true,"href":"https:\/\/www.meydan.tv\/az\/wp-json\/wp\/v2\/comments?post=263729"}],"version-history":[{"count":1,"href":"https:\/\/www.meydan.tv\/az\/wp-json\/wp\/v2\/posts\/263729\/revisions"}],"predecessor-version":[{"id":263736,"href":"https:\/\/www.meydan.tv\/az\/wp-json\/wp\/v2\/posts\/263729\/revisions\/263736"}],"wp:featuredmedia":[{"embeddable":true,"href":"https:\/\/www.meydan.tv\/az\/wp-json\/wp\/v2\/media\/263726"}],"wp:attachment":[{"href":"https:\/\/www.meydan.tv\/az\/wp-json\/wp\/v2\/media?parent=263729"}],"wp:term":[{"taxonomy":"category","embeddable":true,"href":"https:\/\/www.meydan.tv\/az\/wp-json\/wp\/v2\/categories?post=263729"},{"taxonomy":"post_tag","embeddable":true,"href":"https:\/\/www.meydan.tv\/az\/wp-json\/wp\/v2\/tags?post=263729"}],"curies":[{"name":"wp","href":"https:\/\/api.w.org\/{rel}","templated":true}]}}