{"id":263694,"date":"2022-12-19T13:12:19","date_gmt":"2022-12-19T09:12:19","guid":{"rendered":"https:\/\/www.meydan.tv\/?p=263694"},"modified":"2022-12-19T13:13:19","modified_gmt":"2022-12-19T09:13:19","slug":"fermer-taxili-sigorta-etdirdiyini-lakin-odenisi-ala-bilmediyini-deyir","status":"publish","type":"post","link":"https:\/\/www.meydan.tv\/az\/article\/fermer-taxili-sigorta-etdirdiyini-lakin-odenisi-ala-bilmediyini-deyir\/","title":{"rendered":"Fermer tax\u0131l\u0131 s\u0131\u011forta etdirdiyini, lakin \u00f6d\u0259ni\u015fi ala bilm\u0259diyini deyir"},"content":{"rendered":"\n<p><\/p>\n\n\n\n<p><em>\u201cProkurorlu\u011fa \u015fikay\u0259t ed\u0259nl\u0259rin s\u0131\u011fortas\u0131 d\u0259rhal \u00f6d\u0259nildi, m\u0259n\u0259 is\u0259 m\u0259hk\u0259m\u0259y\u0259 m\u00fcraci\u0259t etm\u0259yimi m\u0259sl\u0259h\u0259t g\u00f6r\u00fcrl\u0259r\u201d<\/em><\/p>\n\n\n\n<p>\u201cBuilki m\u00f6vs\u00fcmd\u0259 15 hektarda tax\u0131l \u0259kmi\u015fdik. K\u0259nd T\u0259s\u0259rr\u00fcfat\u0131 Nazirliyi yan\u0131nda Aqrar S\u0131\u011forta Fondunun \u0259m\u0259kda\u015flar\u0131 dedil\u0259r ki, tax\u0131l\u0131 s\u0131\u011forta etm\u0259y\u0259n fermerl\u0259r subsidiya almayacaqlar. Biz d\u0259 m\u0259cbur qal\u0131b m\u0259hsulu s\u0131\u011forta etdirdik. Q\u0259bz olsa da, s\u0131\u011forta m\u00fcqavil\u0259si t\u0259qdim edilm\u0259di. F\u0131rt\u0131na oldu, m\u0259hsul y\u0131\u011fa bilm\u0259dik, indi d\u0259 s\u0131\u011forta \u00f6d\u0259ni\u015fd\u0259n imtina edir\u201d.<\/p>\n\n\n\n<p>Bunu Meydan TV-y\u0259 Qobustan rayonu, \u018fr\u0259b\u015fahverdi k\u0259ndind\u0259 ya\u015fayan fermer Becan L\u0259tifov deyib. Fermerin s\u00f6zl\u0259rin\u0259 g\u00f6r\u0259, h\u0259r il tax\u0131l \u0259kini il\u0259 dolan\u0131blar, d\u00f6vl\u0259t t\u0259r\u0259find\u0259n subsidiya \u00f6d\u0259nilib. Bu ild\u0259n yeni qayda yarad\u0131l\u0131b.<\/p>\n\n\n\n<p>\u201cMart\u0131n ax\u0131r\u0131, aprelin \u0259vv\u0259lind\u0259 g\u00fccl\u00fc f\u0131rt\u0131nalar oldu. N\u0259tic\u0259d\u0259 f\u0131rt\u0131na toxum qar\u0131\u015f\u0131q m\u0259hsulu apard\u0131, sah\u0259 pis g\u00fcn\u0259 d\u00fc\u015fd\u00fc. T\u0259k m\u0259nim sah\u0259m deyil, \u0259razid\u0259ki dig\u0259r sah\u0259l\u0259rd\u0259 d\u0259 m\u0259hsul zay oldu. Aqrar S\u0131\u011forta Fondunun komissiyas\u0131 aprelin \u0259vv\u0259lind\u0259 sah\u0259l\u0259r\u0259 bax\u0131\u015f ke\u00e7irdi v\u0259 m\u0259hsulun f\u0131rt\u0131nadan m\u0259hv oldu\u011funu aktla\u015fd\u0131rd\u0131\u201d, &#8211; fermer deyib.<\/p>\n\n\n\n<p>Becan L\u0259tifovun s\u00f6zl\u0259rin\u0259 g\u00f6r\u0259, ikici d\u0259f\u0259 mayda komissiya g\u0259lib, sah\u0259l\u0259r\u0259 bax\u0131\u015f ke\u00e7irilib v\u0259 yenid\u0259n akt t\u0259rtib olunub. \u0130kinci komissiya hesab edib ki, 15 hektar sah\u0259nin yaln\u0131z 2 hektar\u0131 f\u0131rt\u0131nadan z\u0259r\u0259r g\u00f6r\u00fcb, 13 hektar quraql\u0131qdan m\u0259hsul verm\u0259yib: <\/p>\n\n\n\n<p>\u201cHalbuki bu m\u00fcmk\u00fcn deyil ki, a\u00e7\u0131q \u0259razid\u0259 f\u0131rt\u0131na sah\u0259nin yaln\u0131z bir t\u0259r\u0259fini tutsun. Biz 2 hektar \u00fc\u00e7\u00fcn \u00f6d\u0259nil\u0259c\u0259k s\u0131\u011fortadan imtina etdik. Qon\u015fu sah\u0259l\u0259rin sahibl\u0259ri d\u0259 \u015fahiddirl\u0259r, sah\u0259y\u0259 bi\u00e7ilm\u0259si \u00fc\u00e7\u00fcn kombayn salmad\u0131q. \u00c7\u00fcnki \u0259h\u0259miyy\u0259tsiz idi, m\u0259hsul tamamil\u0259 m\u0259hv olmu\u015fdu. Bunu komissiya da g\u00f6rd\u00fc. Prokurorlu\u011fa \u015fikay\u0259t ed\u0259nl\u0259rin s\u0131\u011fortas\u0131 d\u0259rhal \u00f6d\u0259nildi, m\u0259n\u0259 is\u0259 m\u0259hk\u0259m\u0259y\u0259 m\u00fcraci\u0259t etm\u0259yimi m\u0259sl\u0259h\u0259t g\u00f6r\u00fcrl\u0259r. Bu fermerl\u0259r aras\u0131nda ayr\u0131-sek\u00e7ilikdir\u201d.<\/p>\n\n\n<div class=\"wp-block-image\">\n<figure class=\"alignright size-large is-resized\"><img decoding=\"async\" data-src=\"https:\/\/www.meydan.tv\/wp-content\/uploads\/becan_mektub_1_720-462x821.jpg\" alt=\"\" class=\"wp-image-263688 lazyload\" width=\"327\" height=\"581\" src=\"data:image\/svg+xml;base64,PHN2ZyB3aWR0aD0iMSIgaGVpZ2h0PSIxIiB4bWxucz0iaHR0cDovL3d3dy53My5vcmcvMjAwMC9zdmciPjwvc3ZnPg==\" style=\"--smush-placeholder-width: 327px; --smush-placeholder-aspect-ratio: 327\/581;\" \/><figcaption class=\"wp-element-caption\">Foto: Meydan TV<\/figcaption><\/figure>\n<\/div>\n\n\n<p>Fermer deyir ki, birinci akt\u0131n d\u0259yi\u015fdirilm\u0259si saxtakarl\u0131q olub. Buna g\u00f6r\u0259 d\u0259 m\u0259s\u0259l\u0259nin ara\u015fd\u0131r\u0131lmas\u0131 \u00fc\u00e7\u00fcn k\u0259nd t\u0259s\u0259rr\u00fcfat\u0131 naziri \u0130nam K\u0259rimova m\u00fcraci\u0259t edib. Lakin h\u0259l\u0259 m\u00fcraci\u0259tin\u0259 cavab verilm\u0259yib.<br>K\u0259nd T\u0259s\u0259rr\u00fcfat\u0131 Nazirliyind\u0259n Meydan TV-y\u0259 bildiribl\u0259r ki, fermer Aqrar S\u0131\u011forta Fondunun 1651 \u00c7ar\u011f\u0131 M\u0259rk\u0259zin\u0259 z\u0259ng vurub m\u0259lumat ala bil\u0259r.<\/p>\n\n\n\n<p>\u201cQuraql\u0131\u011fa g\u00f6r\u0259 s\u0131\u011forta \u00f6d\u0259ni\u015fi edilmir, m\u00fcqavil\u0259d\u0259 s\u0131\u011forta hadis\u0259l\u0259rinin siyah\u0131s\u0131 d\u0259qiq verilib\u201d, &#8211; nazirlikd\u0259n \u0259lav\u0259 edibl\u0259r.<\/p>\n\n\n\n<p>Aqrar S\u0131\u011forta Fondunun a\u00e7\u0131qlamas\u0131nda is\u0259 deyilir ki, Qobustan rayonunda 6400 hektar \u0259kin sah\u0259si s\u0131\u011forta edilib, bunun bir hiss\u0259si qas\u0131r\u011fadan z\u0259r\u0259r \u00e7\u0259kib. \u00dcmumilikd\u0259 400 hektar \u0259kin sah\u0259si qas\u0131r\u011fadan z\u0259r\u0259r \u00e7\u0259kib. \u0130lkin qiym\u0259tl\u0259ndirm\u0259l\u0259r\u0259 g\u00f6r\u0259, hadis\u0259 n\u0259tic\u0259sind\u0259 fermerl\u0259r\u0259 d\u0259y\u0259n z\u0259r\u0259rin m\u0259bl\u0259\u011fi 400 min manat \u0259traf\u0131ndad\u0131r.<\/p>\n","protected":false},"excerpt":{"rendered":"<p>\u201cProkurorlu\u011fa \u015fikay\u0259t ed\u0259nl\u0259rin s\u0131\u011fortas\u0131 d\u0259rhal \u00f6d\u0259nildi, m\u0259n\u0259 is\u0259 m\u0259hk\u0259m\u0259y\u0259 m\u00fcraci\u0259t &#8230; <\/p>\n<p class=\"read-more-container\"><a title=\"Fermer tax\u0131l\u0131 s\u0131\u011forta etdirdiyini, lakin \u00f6d\u0259ni\u015fi ala bilm\u0259diyini deyir\" class=\"read-more button\" href=\"https:\/\/www.meydan.tv\/az\/article\/fermer-taxili-sigorta-etdirdiyini-lakin-odenisi-ala-bilmediyini-deyir\/#more-263694\" aria-label=\"Read more about Fermer tax\u0131l\u0131 s\u0131\u011forta etdirdiyini, lakin \u00f6d\u0259ni\u015fi ala bilm\u0259diyini deyir\">Davam\u0131<\/a><\/p>\n","protected":false},"author":8,"featured_media":263691,"comment_status":"closed","ping_status":"closed","sticky":false,"template":"","format":"standard","meta":{"_acf_changed":false,"_sitemap_exclude":false,"_sitemap_priority":"","_sitemap_frequency":"","footnotes":""},"categories":[60,56],"tags":[],"class_list":["post-263694","post","type-post","status-publish","format-standard","has-post-thumbnail","hentry","category-bolge","category-xeberler","infinite-scroll-item","generate-columns","tablet-grid-50","mobile-grid-100","grid-parent","grid-33","no-featured-image-padding"],"acf":[],"yoast_head":"<!-- This site is optimized with the Yoast SEO plugin v27.5 - https:\/\/yoast.com\/product\/yoast-seo-wordpress\/ -->\n<title>Fermer tax\u0131l\u0131 s\u0131\u011forta etdirdiyini, lakin \u00f6d\u0259ni\u015fi ala bilm\u0259diyini deyir - MEYDAN.TV<\/title>\n<meta name=\"robots\" content=\"index, follow, max-snippet:-1, max-image-preview:large, max-video-preview:-1\" \/>\n<link rel=\"canonical\" href=\"https:\/\/www.meydan.tv\/az\/article\/fermer-taxili-sigorta-etdirdiyini-lakin-odenisi-ala-bilmediyini-deyir\/\" \/>\n<meta property=\"og:locale\" content=\"az_AZ\" \/>\n<meta property=\"og:type\" content=\"article\" \/>\n<meta property=\"og:title\" content=\"Fermer tax\u0131l\u0131 s\u0131\u011forta etdirdiyini, lakin \u00f6d\u0259ni\u015fi ala bilm\u0259diyini deyir - MEYDAN.TV\" \/>\n<meta property=\"og:description\" content=\"\u201cProkurorlu\u011fa \u015fikay\u0259t ed\u0259nl\u0259rin s\u0131\u011fortas\u0131 d\u0259rhal \u00f6d\u0259nildi, m\u0259n\u0259 is\u0259 m\u0259hk\u0259m\u0259y\u0259 m\u00fcraci\u0259t ... Davam\u0131\" \/>\n<meta property=\"og:url\" content=\"https:\/\/www.meydan.tv\/az\/article\/fermer-taxili-sigorta-etdirdiyini-lakin-odenisi-ala-bilmediyini-deyir\/\" \/>\n<meta property=\"og:site_name\" content=\"MEYDAN.TV\" \/>\n<meta property=\"article:published_time\" content=\"2022-12-19T09:12:19+00:00\" \/>\n<meta property=\"article:modified_time\" content=\"2022-12-19T09:13:19+00:00\" \/>\n<meta property=\"og:image\" content=\"https:\/\/www.meydan.tv\/wp-content\/uploads\/14990898231560421910_1000x669.jpg\" \/>\n\t<meta property=\"og:image:width\" content=\"1200\" \/>\n\t<meta property=\"og:image:height\" content=\"600\" \/>\n\t<meta property=\"og:image:type\" content=\"image\/jpeg\" \/>\n<meta name=\"author\" content=\"elli\" \/>\n<meta name=\"twitter:card\" content=\"summary_large_image\" \/>\n<meta name=\"twitter:creator\" content=\"@elli\" \/>\n<script type=\"application\/ld+json\" class=\"yoast-schema-graph\">{\"@context\":\"https:\\\/\\\/schema.org\",\"@graph\":[{\"@type\":\"Article\",\"@id\":\"https:\\\/\\\/www.meydan.tv\\\/az\\\/article\\\/fermer-taxili-sigorta-etdirdiyini-lakin-odenisi-ala-bilmediyini-deyir\\\/#article\",\"isPartOf\":{\"@id\":\"https:\\\/\\\/www.meydan.tv\\\/az\\\/article\\\/fermer-taxili-sigorta-etdirdiyini-lakin-odenisi-ala-bilmediyini-deyir\\\/\"},\"author\":{\"name\":\"elli\",\"@id\":\"https:\\\/\\\/www.meydan.tv\\\/az\\\/#\\\/schema\\\/person\\\/9cdbecf90d17180ce1dfbd95b08dcf47\"},\"headline\":\"Fermer tax\u0131l\u0131 s\u0131\u011forta etdirdiyini, lakin \u00f6d\u0259ni\u015fi ala bilm\u0259diyini deyir\",\"datePublished\":\"2022-12-19T09:12:19+00:00\",\"dateModified\":\"2022-12-19T09:13:19+00:00\",\"mainEntityOfPage\":{\"@id\":\"https:\\\/\\\/www.meydan.tv\\\/az\\\/article\\\/fermer-taxili-sigorta-etdirdiyini-lakin-odenisi-ala-bilmediyini-deyir\\\/\"},\"wordCount\":606,\"publisher\":{\"@id\":\"https:\\\/\\\/www.meydan.tv\\\/az\\\/#organization\"},\"image\":{\"@id\":\"https:\\\/\\\/www.meydan.tv\\\/az\\\/article\\\/fermer-taxili-sigorta-etdirdiyini-lakin-odenisi-ala-bilmediyini-deyir\\\/#primaryimage\"},\"thumbnailUrl\":\"https:\\\/\\\/www.meydan.tv\\\/wp-content\\\/uploads\\\/14990898231560421910_1000x669.jpg\",\"articleSection\":[\"B\u00f6lg\u0259\",\"X\u0259b\u0259rl\u0259r\"],\"inLanguage\":\"az\"},{\"@type\":\"WebPage\",\"@id\":\"https:\\\/\\\/www.meydan.tv\\\/az\\\/article\\\/fermer-taxili-sigorta-etdirdiyini-lakin-odenisi-ala-bilmediyini-deyir\\\/\",\"url\":\"https:\\\/\\\/www.meydan.tv\\\/az\\\/article\\\/fermer-taxili-sigorta-etdirdiyini-lakin-odenisi-ala-bilmediyini-deyir\\\/\",\"name\":\"Fermer tax\u0131l\u0131 s\u0131\u011forta etdirdiyini, lakin \u00f6d\u0259ni\u015fi ala bilm\u0259diyini deyir - MEYDAN.TV\",\"isPartOf\":{\"@id\":\"https:\\\/\\\/www.meydan.tv\\\/az\\\/#website\"},\"primaryImageOfPage\":{\"@id\":\"https:\\\/\\\/www.meydan.tv\\\/az\\\/article\\\/fermer-taxili-sigorta-etdirdiyini-lakin-odenisi-ala-bilmediyini-deyir\\\/#primaryimage\"},\"image\":{\"@id\":\"https:\\\/\\\/www.meydan.tv\\\/az\\\/article\\\/fermer-taxili-sigorta-etdirdiyini-lakin-odenisi-ala-bilmediyini-deyir\\\/#primaryimage\"},\"thumbnailUrl\":\"https:\\\/\\\/www.meydan.tv\\\/wp-content\\\/uploads\\\/14990898231560421910_1000x669.jpg\",\"datePublished\":\"2022-12-19T09:12:19+00:00\",\"dateModified\":\"2022-12-19T09:13:19+00:00\",\"breadcrumb\":{\"@id\":\"https:\\\/\\\/www.meydan.tv\\\/az\\\/article\\\/fermer-taxili-sigorta-etdirdiyini-lakin-odenisi-ala-bilmediyini-deyir\\\/#breadcrumb\"},\"inLanguage\":\"az\",\"potentialAction\":[{\"@type\":\"ReadAction\",\"target\":[\"https:\\\/\\\/www.meydan.tv\\\/az\\\/article\\\/fermer-taxili-sigorta-etdirdiyini-lakin-odenisi-ala-bilmediyini-deyir\\\/\"]}]},{\"@type\":\"ImageObject\",\"inLanguage\":\"az\",\"@id\":\"https:\\\/\\\/www.meydan.tv\\\/az\\\/article\\\/fermer-taxili-sigorta-etdirdiyini-lakin-odenisi-ala-bilmediyini-deyir\\\/#primaryimage\",\"url\":\"https:\\\/\\\/www.meydan.tv\\\/wp-content\\\/uploads\\\/14990898231560421910_1000x669.jpg\",\"contentUrl\":\"https:\\\/\\\/www.meydan.tv\\\/wp-content\\\/uploads\\\/14990898231560421910_1000x669.jpg\",\"width\":1200,\"height\":600,\"caption\":\"Tax\u0131l z\u0259misi. Foto: \\\"Az\u0259rtac\\\"\"},{\"@type\":\"BreadcrumbList\",\"@id\":\"https:\\\/\\\/www.meydan.tv\\\/az\\\/article\\\/fermer-taxili-sigorta-etdirdiyini-lakin-odenisi-ala-bilmediyini-deyir\\\/#breadcrumb\",\"itemListElement\":[{\"@type\":\"ListItem\",\"position\":1,\"name\":\"Ana s\u0259hif\u0259\",\"item\":\"https:\\\/\\\/www.meydan.tv\\\/az\\\/\"},{\"@type\":\"ListItem\",\"position\":2,\"name\":\"B\u00f6lg\u0259\",\"item\":\"https:\\\/\\\/www.meydan.tv\\\/az\\\/section\\\/bolge\\\/\"},{\"@type\":\"ListItem\",\"position\":3,\"name\":\"Fermer tax\u0131l\u0131 s\u0131\u011forta etdirdiyini, lakin \u00f6d\u0259ni\u015fi ala bilm\u0259diyini deyir\"}]},{\"@type\":\"WebSite\",\"@id\":\"https:\\\/\\\/www.meydan.tv\\\/az\\\/#website\",\"url\":\"https:\\\/\\\/www.meydan.tv\\\/az\\\/\",\"name\":\"MEYDAN.TV\",\"description\":\"Meydan TV Az\u0259rbaycan\u0131n media m\u0259kan\u0131ndak\u0131 alternativ s\u0259sidir\",\"publisher\":{\"@id\":\"https:\\\/\\\/www.meydan.tv\\\/az\\\/#organization\"},\"potentialAction\":[{\"@type\":\"SearchAction\",\"target\":{\"@type\":\"EntryPoint\",\"urlTemplate\":\"https:\\\/\\\/www.meydan.tv\\\/az\\\/?s={search_term_string}\"},\"query-input\":{\"@type\":\"PropertyValueSpecification\",\"valueRequired\":true,\"valueName\":\"search_term_string\"}}],\"inLanguage\":\"az\"},{\"@type\":\"Organization\",\"@id\":\"https:\\\/\\\/www.meydan.tv\\\/az\\\/#organization\",\"name\":\"Meydan TV\",\"url\":\"https:\\\/\\\/www.meydan.tv\\\/az\\\/\",\"logo\":{\"@type\":\"ImageObject\",\"inLanguage\":\"az\",\"@id\":\"https:\\\/\\\/www.meydan.tv\\\/az\\\/#\\\/schema\\\/logo\\\/image\\\/\",\"url\":\"https:\\\/\\\/www.meydan.tv\\\/wp-content\\\/uploads\\\/2021\\\/07\\\/meydan-logo.svg\",\"contentUrl\":\"https:\\\/\\\/www.meydan.tv\\\/wp-content\\\/uploads\\\/2021\\\/07\\\/meydan-logo.svg\",\"width\":195,\"height\":46,\"caption\":\"Meydan TV\"},\"image\":{\"@id\":\"https:\\\/\\\/www.meydan.tv\\\/az\\\/#\\\/schema\\\/logo\\\/image\\\/\"}},{\"@type\":\"Person\",\"@id\":\"https:\\\/\\\/www.meydan.tv\\\/az\\\/#\\\/schema\\\/person\\\/9cdbecf90d17180ce1dfbd95b08dcf47\",\"name\":\"elli\",\"sameAs\":[\"https:\\\/\\\/x.com\\\/elli\"]}]}<\/script>\n<!-- \/ Yoast SEO plugin. -->","yoast_head_json":{"title":"Fermer tax\u0131l\u0131 s\u0131\u011forta etdirdiyini, lakin \u00f6d\u0259ni\u015fi ala bilm\u0259diyini deyir - MEYDAN.TV","robots":{"index":"index","follow":"follow","max-snippet":"max-snippet:-1","max-image-preview":"max-image-preview:large","max-video-preview":"max-video-preview:-1"},"canonical":"https:\/\/www.meydan.tv\/az\/article\/fermer-taxili-sigorta-etdirdiyini-lakin-odenisi-ala-bilmediyini-deyir\/","og_locale":"az_AZ","og_type":"article","og_title":"Fermer tax\u0131l\u0131 s\u0131\u011forta etdirdiyini, lakin \u00f6d\u0259ni\u015fi ala bilm\u0259diyini deyir - MEYDAN.TV","og_description":"\u201cProkurorlu\u011fa \u015fikay\u0259t ed\u0259nl\u0259rin s\u0131\u011fortas\u0131 d\u0259rhal \u00f6d\u0259nildi, m\u0259n\u0259 is\u0259 m\u0259hk\u0259m\u0259y\u0259 m\u00fcraci\u0259t ... Davam\u0131","og_url":"https:\/\/www.meydan.tv\/az\/article\/fermer-taxili-sigorta-etdirdiyini-lakin-odenisi-ala-bilmediyini-deyir\/","og_site_name":"MEYDAN.TV","article_published_time":"2022-12-19T09:12:19+00:00","article_modified_time":"2022-12-19T09:13:19+00:00","og_image":[{"width":1200,"height":600,"url":"https:\/\/www.meydan.tv\/wp-content\/uploads\/14990898231560421910_1000x669.jpg","type":"image\/jpeg"}],"author":"elli","twitter_card":"summary_large_image","twitter_creator":"@elli","schema":{"@context":"https:\/\/schema.org","@graph":[{"@type":"Article","@id":"https:\/\/www.meydan.tv\/az\/article\/fermer-taxili-sigorta-etdirdiyini-lakin-odenisi-ala-bilmediyini-deyir\/#article","isPartOf":{"@id":"https:\/\/www.meydan.tv\/az\/article\/fermer-taxili-sigorta-etdirdiyini-lakin-odenisi-ala-bilmediyini-deyir\/"},"author":{"name":"elli","@id":"https:\/\/www.meydan.tv\/az\/#\/schema\/person\/9cdbecf90d17180ce1dfbd95b08dcf47"},"headline":"Fermer tax\u0131l\u0131 s\u0131\u011forta etdirdiyini, lakin \u00f6d\u0259ni\u015fi ala bilm\u0259diyini deyir","datePublished":"2022-12-19T09:12:19+00:00","dateModified":"2022-12-19T09:13:19+00:00","mainEntityOfPage":{"@id":"https:\/\/www.meydan.tv\/az\/article\/fermer-taxili-sigorta-etdirdiyini-lakin-odenisi-ala-bilmediyini-deyir\/"},"wordCount":606,"publisher":{"@id":"https:\/\/www.meydan.tv\/az\/#organization"},"image":{"@id":"https:\/\/www.meydan.tv\/az\/article\/fermer-taxili-sigorta-etdirdiyini-lakin-odenisi-ala-bilmediyini-deyir\/#primaryimage"},"thumbnailUrl":"https:\/\/www.meydan.tv\/wp-content\/uploads\/14990898231560421910_1000x669.jpg","articleSection":["B\u00f6lg\u0259","X\u0259b\u0259rl\u0259r"],"inLanguage":"az"},{"@type":"WebPage","@id":"https:\/\/www.meydan.tv\/az\/article\/fermer-taxili-sigorta-etdirdiyini-lakin-odenisi-ala-bilmediyini-deyir\/","url":"https:\/\/www.meydan.tv\/az\/article\/fermer-taxili-sigorta-etdirdiyini-lakin-odenisi-ala-bilmediyini-deyir\/","name":"Fermer tax\u0131l\u0131 s\u0131\u011forta etdirdiyini, lakin \u00f6d\u0259ni\u015fi ala bilm\u0259diyini deyir - MEYDAN.TV","isPartOf":{"@id":"https:\/\/www.meydan.tv\/az\/#website"},"primaryImageOfPage":{"@id":"https:\/\/www.meydan.tv\/az\/article\/fermer-taxili-sigorta-etdirdiyini-lakin-odenisi-ala-bilmediyini-deyir\/#primaryimage"},"image":{"@id":"https:\/\/www.meydan.tv\/az\/article\/fermer-taxili-sigorta-etdirdiyini-lakin-odenisi-ala-bilmediyini-deyir\/#primaryimage"},"thumbnailUrl":"https:\/\/www.meydan.tv\/wp-content\/uploads\/14990898231560421910_1000x669.jpg","datePublished":"2022-12-19T09:12:19+00:00","dateModified":"2022-12-19T09:13:19+00:00","breadcrumb":{"@id":"https:\/\/www.meydan.tv\/az\/article\/fermer-taxili-sigorta-etdirdiyini-lakin-odenisi-ala-bilmediyini-deyir\/#breadcrumb"},"inLanguage":"az","potentialAction":[{"@type":"ReadAction","target":["https:\/\/www.meydan.tv\/az\/article\/fermer-taxili-sigorta-etdirdiyini-lakin-odenisi-ala-bilmediyini-deyir\/"]}]},{"@type":"ImageObject","inLanguage":"az","@id":"https:\/\/www.meydan.tv\/az\/article\/fermer-taxili-sigorta-etdirdiyini-lakin-odenisi-ala-bilmediyini-deyir\/#primaryimage","url":"https:\/\/www.meydan.tv\/wp-content\/uploads\/14990898231560421910_1000x669.jpg","contentUrl":"https:\/\/www.meydan.tv\/wp-content\/uploads\/14990898231560421910_1000x669.jpg","width":1200,"height":600,"caption":"Tax\u0131l z\u0259misi. Foto: \"Az\u0259rtac\""},{"@type":"BreadcrumbList","@id":"https:\/\/www.meydan.tv\/az\/article\/fermer-taxili-sigorta-etdirdiyini-lakin-odenisi-ala-bilmediyini-deyir\/#breadcrumb","itemListElement":[{"@type":"ListItem","position":1,"name":"Ana s\u0259hif\u0259","item":"https:\/\/www.meydan.tv\/az\/"},{"@type":"ListItem","position":2,"name":"B\u00f6lg\u0259","item":"https:\/\/www.meydan.tv\/az\/section\/bolge\/"},{"@type":"ListItem","position":3,"name":"Fermer tax\u0131l\u0131 s\u0131\u011forta etdirdiyini, lakin \u00f6d\u0259ni\u015fi ala bilm\u0259diyini deyir"}]},{"@type":"WebSite","@id":"https:\/\/www.meydan.tv\/az\/#website","url":"https:\/\/www.meydan.tv\/az\/","name":"MEYDAN.TV","description":"Meydan TV Az\u0259rbaycan\u0131n media m\u0259kan\u0131ndak\u0131 alternativ s\u0259sidir","publisher":{"@id":"https:\/\/www.meydan.tv\/az\/#organization"},"potentialAction":[{"@type":"SearchAction","target":{"@type":"EntryPoint","urlTemplate":"https:\/\/www.meydan.tv\/az\/?s={search_term_string}"},"query-input":{"@type":"PropertyValueSpecification","valueRequired":true,"valueName":"search_term_string"}}],"inLanguage":"az"},{"@type":"Organization","@id":"https:\/\/www.meydan.tv\/az\/#organization","name":"Meydan TV","url":"https:\/\/www.meydan.tv\/az\/","logo":{"@type":"ImageObject","inLanguage":"az","@id":"https:\/\/www.meydan.tv\/az\/#\/schema\/logo\/image\/","url":"https:\/\/www.meydan.tv\/wp-content\/uploads\/2021\/07\/meydan-logo.svg","contentUrl":"https:\/\/www.meydan.tv\/wp-content\/uploads\/2021\/07\/meydan-logo.svg","width":195,"height":46,"caption":"Meydan TV"},"image":{"@id":"https:\/\/www.meydan.tv\/az\/#\/schema\/logo\/image\/"}},{"@type":"Person","@id":"https:\/\/www.meydan.tv\/az\/#\/schema\/person\/9cdbecf90d17180ce1dfbd95b08dcf47","name":"elli","sameAs":["https:\/\/x.com\/elli"]}]}},"_links":{"self":[{"href":"https:\/\/www.meydan.tv\/az\/wp-json\/wp\/v2\/posts\/263694","targetHints":{"allow":["GET"]}}],"collection":[{"href":"https:\/\/www.meydan.tv\/az\/wp-json\/wp\/v2\/posts"}],"about":[{"href":"https:\/\/www.meydan.tv\/az\/wp-json\/wp\/v2\/types\/post"}],"author":[{"embeddable":true,"href":"https:\/\/www.meydan.tv\/az\/wp-json\/wp\/v2\/users\/8"}],"replies":[{"embeddable":true,"href":"https:\/\/www.meydan.tv\/az\/wp-json\/wp\/v2\/comments?post=263694"}],"version-history":[{"count":2,"href":"https:\/\/www.meydan.tv\/az\/wp-json\/wp\/v2\/posts\/263694\/revisions"}],"predecessor-version":[{"id":263696,"href":"https:\/\/www.meydan.tv\/az\/wp-json\/wp\/v2\/posts\/263694\/revisions\/263696"}],"wp:featuredmedia":[{"embeddable":true,"href":"https:\/\/www.meydan.tv\/az\/wp-json\/wp\/v2\/media\/263691"}],"wp:attachment":[{"href":"https:\/\/www.meydan.tv\/az\/wp-json\/wp\/v2\/media?parent=263694"}],"wp:term":[{"taxonomy":"category","embeddable":true,"href":"https:\/\/www.meydan.tv\/az\/wp-json\/wp\/v2\/categories?post=263694"},{"taxonomy":"post_tag","embeddable":true,"href":"https:\/\/www.meydan.tv\/az\/wp-json\/wp\/v2\/tags?post=263694"}],"curies":[{"name":"wp","href":"https:\/\/api.w.org\/{rel}","templated":true}]}}