{"id":263649,"date":"2022-12-17T17:20:41","date_gmt":"2022-12-17T13:20:41","guid":{"rendered":"https:\/\/www.meydan.tv\/?p=263649"},"modified":"2022-12-17T17:20:44","modified_gmt":"2022-12-17T13:20:44","slug":"qazax-sakini-belediyye-sedri-hem-pulumu-menimseyib-hem-de-ozumu-mehkemeye-verib","status":"publish","type":"post","link":"https:\/\/www.meydan.tv\/az\/article\/qazax-sakini-belediyye-sedri-hem-pulumu-menimseyib-hem-de-ozumu-mehkemeye-verib\/","title":{"rendered":"Qazax sakini: \u201cB\u0259l\u0259diyy\u0259 s\u0259dri h\u0259m pulumu m\u0259nims\u0259yib, h\u0259m d\u0259 \u00f6z\u00fcm\u00fc m\u0259hk\u0259m\u0259y\u0259 verib\u201d"},"content":{"rendered":"\n<p><\/p>\n\n\n\n<p><em>B\u0259l\u0259diyy\u0259 s\u0259dri v\u0259t\u0259nda\u015fdan borc ald\u0131\u011f\u0131n\u0131 deyir<\/em><\/p>\n\n\n\n<p>\u201cB\u0259l\u0259diyy\u0259 s\u0259dri m\u0259ni aldad\u0131b. 3700 manat\u0131m\u0131 al\u0131b, m\u0259n\u0259 torpaq sah\u0259si sat\u0131b. Sonradan da \u0259lav\u0259 pul al\u0131b m\u0259nd\u0259n&#8230; Onun \u00fcz\u00fcnd\u0259n ba\u015fqa maddi z\u0259r\u0259rl\u0259r d\u0259 \u00e7\u0259kmi\u015f\u0259m. Aldad\u0131ld\u0131\u011f\u0131m\u0131 ba\u015fa d\u00fc\u015f\u0259nd\u0259n sonra prokurorlu\u011fa m\u00fcraci\u0259t etmi\u015f\u0259m. \u0130ndi i\u015fi \u00f6z\u00fcm\u0259 qar\u015f\u0131 \u00e7eviribl\u0259r. M\u0259ni m\u0259hk\u0259m\u0259y\u0259 verib, guya \u015f\u0259r\u0259f v\u0259 l\u0259yaq\u0259tini t\u0259hqir etmi\u015f\u0259m. Bir s\u00f6zl\u0259, yanan da m\u0259n, yaman da m\u0259n olmu\u015fam\u201d.<\/p>\n\n\n\n<p>Qazax rayonunun A\u011fk\u00f6yn\u0259k k\u0259nd sakini Murad Mustafayev Meydan TV-y\u0259 dan\u0131\u015f\u0131r ki, 2022-ci ild\u0259 torpaq sah\u0259si almaq \u00fc\u00e7\u00fcn A\u011fk\u00f6yn\u0259k-Qarapapaq k\u0259ndinin b\u0259l\u0259diyy\u0259 s\u0259dri N\u0259zak\u0259t M\u0259nsurovaya m\u00fcraci\u0259t edib. K\u0259nd \u0259razisind\u0259n 1,5 sot torpaq sah\u0259si ayr\u0131lmas\u0131 \u00fc\u00e7\u00fcn b\u0259l\u0259diyy\u0259 s\u0259drin\u0259 3700 manat verib. Ancaq sonradan b\u0259l\u0259diyy\u0259 s\u0259dri bildirib ki, h\u0259min torpaq sah\u0259sini ona satmaq m\u00fcmk\u00fcn deyil. Torpaq sah\u0259sind\u0259n t\u0259xmin\u0259n yar\u0131m kilometr aral\u0131da 6 sot torpaq sah\u0259si verib. \u018flav\u0259 pul da al\u0131b:<\/p>\n\n\n\n<p>\u201cDedi, o torpaq d\u00fcz\u0259lmir, g\u0259l, onun \u0259v\u0259zin\u0259 s\u0259n\u0259 ba\u015fqa yerd\u0259n 6 sot torpaq verim.\u00a0 Ancaq 900 manat da \u0259lav\u0259 pul verm\u0259lis\u0259n. Soru\u015fdum ki, bu 900 manat n\u0259y\u0259 g\u00f6r\u0259dir? Dedi, 6 sot torpa\u011f\u0131n h\u0259r sotunu 150 manatdan verir\u0259m s\u0259n\u0259. Dedim, ax\u0131 m\u0259n s\u0259n\u0259 art\u0131q 3700 manat vermi\u015f\u0259m. Bildirdi ki, o pul yoxdur, x\u0259rcl\u0259nib. M\u0259cbur olub ist\u0259diyi pulu verdim. Ancaq g\u00f6rd\u00fcm ki, bu torpa\u011f\u0131 da s\u0259n\u0259dl\u0259\u015fdir\u0259 bilmir. Ara\u015fd\u0131randa m\u0259lum oldu ki, indi d\u0259 m\u0259n\u0259 g\u00f6st\u0259rdiyi 6 sot torpaq sah\u0259si ba\u015fqas\u0131n\u0131n istifad\u0259sind\u0259 olan 1 hektar sah\u0259nin \u0259razisin\u0259 d\u00fc\u015f\u00fcr\u201d.<\/p>\n\n\n\n<p>Murad Mustafayev deyir, ikinci d\u0259f\u0259 d\u0259 aldad\u0131ld\u0131qdan sonra b\u0259l\u0259diyy\u0259 s\u0259drind\u0259n rayonun h\u00fcquq-m\u00fchafiz\u0259 orqanlar\u0131na \u015fikay\u0259t edib. Ancaq q\u0131sa m\u00fcdd\u0259td\u0259n sonra i\u015f\u0259 xitam verilib. \u018fv\u0259zind\u0259 b\u0259l\u0259diyy\u0259 s\u0259drinin v\u0259t\u0259nda\u015fla ba\u011fl\u0131 m\u0259hk\u0259m\u0259y\u0259 etdiyi \u015fikay\u0259t icraata g\u00f6t\u00fcr\u00fcl\u00fcb:<\/p>\n\n\n\n<p>\u201cYax\u0131n qohumu sosial \u015f\u0259b\u0259k\u0259d\u0259 b\u0259l\u0259diyy\u0259 s\u0259drinin i\u015fini t\u0259rifl\u0259mi\u015fdi. M\u0259n d\u0259 alt\u0131na r\u0259y yazm\u0131\u015fd\u0131m ki, g\u0259tirsin, pulumu qaytars\u0131n. Buna g\u00f6r\u0259 b\u0259l\u0259diyy\u0259 s\u0259dri m\u0259ni m\u0259hk\u0259m\u0259y\u0259 verib. Guya \u015f\u0259r\u0259f v\u0259 l\u0259yaq\u0259tini al\u00e7altm\u0131\u015fam\u201d.<\/p>\n\n\n<div class=\"wp-block-image\">\n<figure class=\"alignleft size-full is-resized\"><img decoding=\"async\" data-src=\"https:\/\/www.meydan.tv\/wp-content\/uploads\/photo-2022-12-16-15-44-54_720.jpg\" alt=\"\" class=\"wp-image-263646 lazyload\" width=\"324\" height=\"432\" src=\"data:image\/svg+xml;base64,PHN2ZyB3aWR0aD0iMSIgaGVpZ2h0PSIxIiB4bWxucz0iaHR0cDovL3d3dy53My5vcmcvMjAwMC9zdmciPjwvc3ZnPg==\" style=\"--smush-placeholder-width: 324px; --smush-placeholder-aspect-ratio: 324\/432;\" \/><figcaption class=\"wp-element-caption\">Murad Mustafayev. Foto: Meydan TV<\/figcaption><\/figure>\n<\/div>\n\n\n<p>D\u0130N G\u0259nc\u0259 Regional Qrupundan Meydan TV-y\u0259 bildirilib ki, bu i\u015f \u00fczr\u0259 polis t\u0259r\u0259find\u0259n ara\u015fd\u0131rmalar apar\u0131l\u0131b. B\u0259l\u0259diyy\u0259 s\u0259dri N\u0259zak\u0259t\u00a0 Mansurova polis\u0259 yazd\u0131\u011f\u0131 izahat\u0131nda bildirib ki, 2021-i ilin sentyabr ay\u0131nda \u00f6vlad\u0131n\u0131n m\u00fcalic\u0259 v\u0259 \u0259m\u0259liyyat\u0131 \u00fc\u00e7\u00fcn h\u0259mk\u0259ndlisind\u0259n 3700 manat borc al\u0131b. Borcu qaytara bilm\u0259diyi \u00fc\u00e7\u00fcn A\u011fk\u00f6yn\u0259k k\u0259nd b\u0259l\u0259diyy\u0259sin\u0259 m\u0259xsus 0.6 ha torpaq sah\u0259sini h\u0259min borcun \u0259v\u0259zind\u0259 Murad Mustafayev\u0259 verm\u0259k ist\u0259yib. Borc m\u00fcbahis\u0259si oldu\u011funa g\u00f6r\u0259 polis cinay\u0259t i\u015finin ba\u015flanmas\u0131 r\u0259dd edib. \u015eikay\u0259t\u00e7iy\u0259 m\u00fclki qaydada m\u0259hk\u0259m\u0259y\u0259 m\u00fcraci\u0259t etm\u0259k t\u00f6vsiy\u0259 olunub.<\/p>\n\n\n\n<p>Murad Mustafayev N\u0259zak\u0259t M\u0259nsurovaya pul ver\u0259rk\u0259n lent\u0259 ald\u0131\u011f\u0131n\u0131 dediyi s\u0259s yaz\u0131lar\u0131n\u0131 da Meydan TV-y\u0259 g\u00f6nd\u0259rib.<\/p>\n\n\n\n<p>N\u0259zak\u0259t M\u0259nsurova is\u0259 Meydan TV-y\u0259 bildirib ki, Murad Mustafayevd\u0259n borc al\u0131b v\u0259 h\u0259min pulu onun bank hesab\u0131na g\u00f6nd\u0259rib.<\/p>\n\n\n\n<p>Murad Mustafayevs\u0259 deyir, N\u0259zak\u0259t Mansurova onun bank hesab\u0131na 3700 manat g\u00f6nd\u0259rib. Ancaq o, m\u0259bl\u0259\u011fi q\u0259bul etmir:<\/p>\n\n\n\n<p>\u201c\u018fvv\u0259la, rayonun h\u00fcquq-m\u00fchafiz\u0259 orqanlar\u0131 bir b\u0259l\u0259diyy\u0259 s\u0259drinin d\u0259l\u0259duzlu\u011funu borc ad\u0131 alt\u0131nda \u00f6rt-basd\u0131r etm\u0259k ist\u0259yir. \u0130kincisi, m\u0259n\u0259 d\u0259ymi\u015f z\u0259r\u0259r 3700 manat yox, 6900 manatd\u0131r. 3700 manat b\u0259l\u0259diyy\u0259 s\u0259drinin m\u0259nd\u0259n birinci torpaq sah\u0259sin\u0259 g\u00f6r\u0259 ald\u0131\u011f\u0131 m\u0259bl\u0259\u011f idi. Ondan sonra ikinci d\u0259f\u0259 900 manat al\u0131b v\u0259 qaytarmay\u0131b. \u018flav\u0259 olaraq da ona pul verm\u0259k \u00fc\u00e7\u00fcn ma\u015f\u0131n\u0131m\u0131 lizinq\u0259 qoyub maddi z\u0259r\u0259r\u0259 d\u00fc\u015fm\u00fc\u015f\u0259m. Toplam olaraq m\u0259n\u0259 6900 manat \u00f6d\u0259m\u0259lidir\u201d.<\/p>\n","protected":false},"excerpt":{"rendered":"<p>B\u0259l\u0259diyy\u0259 s\u0259dri v\u0259t\u0259nda\u015fdan borc ald\u0131\u011f\u0131n\u0131 deyir \u201cB\u0259l\u0259diyy\u0259 s\u0259dri m\u0259ni aldad\u0131b. &#8230; <\/p>\n<p class=\"read-more-container\"><a title=\"Qazax sakini: \u201cB\u0259l\u0259diyy\u0259 s\u0259dri h\u0259m pulumu m\u0259nims\u0259yib, h\u0259m d\u0259 \u00f6z\u00fcm\u00fc m\u0259hk\u0259m\u0259y\u0259 verib\u201d\" class=\"read-more button\" href=\"https:\/\/www.meydan.tv\/az\/article\/qazax-sakini-belediyye-sedri-hem-pulumu-menimseyib-hem-de-ozumu-mehkemeye-verib\/#more-263649\" aria-label=\"Read more about Qazax sakini: \u201cB\u0259l\u0259diyy\u0259 s\u0259dri h\u0259m pulumu m\u0259nims\u0259yib, h\u0259m d\u0259 \u00f6z\u00fcm\u00fc m\u0259hk\u0259m\u0259y\u0259 verib\u201d\">Davam\u0131<\/a><\/p>\n","protected":false},"author":8,"featured_media":101934,"comment_status":"closed","ping_status":"closed","sticky":false,"template":"","format":"standard","meta":{"_acf_changed":false,"_sitemap_exclude":false,"_sitemap_priority":"","_sitemap_frequency":"","footnotes":""},"categories":[60,79,56],"tags":[],"class_list":["post-263649","post","type-post","status-publish","format-standard","has-post-thumbnail","hentry","category-bolge","category-featured","category-xeberler","infinite-scroll-item","generate-columns","tablet-grid-50","mobile-grid-100","grid-parent","grid-33","no-featured-image-padding"],"acf":[],"yoast_head":"<!-- This site is optimized with the Yoast SEO plugin v27.5 - https:\/\/yoast.com\/product\/yoast-seo-wordpress\/ -->\n<title>Qazax sakini: \u201cB\u0259l\u0259diyy\u0259 s\u0259dri h\u0259m pulumu m\u0259nims\u0259yib, h\u0259m d\u0259 \u00f6z\u00fcm\u00fc m\u0259hk\u0259m\u0259y\u0259 verib\u201d - MEYDAN.TV<\/title>\n<meta name=\"robots\" content=\"index, follow, max-snippet:-1, max-image-preview:large, max-video-preview:-1\" \/>\n<link rel=\"canonical\" href=\"https:\/\/www.meydan.tv\/az\/article\/qazax-sakini-belediyye-sedri-hem-pulumu-menimseyib-hem-de-ozumu-mehkemeye-verib\/\" \/>\n<meta property=\"og:locale\" content=\"az_AZ\" \/>\n<meta property=\"og:type\" content=\"article\" \/>\n<meta property=\"og:title\" content=\"Qazax sakini: \u201cB\u0259l\u0259diyy\u0259 s\u0259dri h\u0259m pulumu m\u0259nims\u0259yib, h\u0259m d\u0259 \u00f6z\u00fcm\u00fc m\u0259hk\u0259m\u0259y\u0259 verib\u201d - MEYDAN.TV\" \/>\n<meta property=\"og:description\" content=\"B\u0259l\u0259diyy\u0259 s\u0259dri v\u0259t\u0259nda\u015fdan borc ald\u0131\u011f\u0131n\u0131 deyir \u201cB\u0259l\u0259diyy\u0259 s\u0259dri m\u0259ni aldad\u0131b. ... Davam\u0131\" \/>\n<meta property=\"og:url\" content=\"https:\/\/www.meydan.tv\/az\/article\/qazax-sakini-belediyye-sedri-hem-pulumu-menimseyib-hem-de-ozumu-mehkemeye-verib\/\" \/>\n<meta property=\"og:site_name\" content=\"MEYDAN.TV\" \/>\n<meta property=\"article:published_time\" content=\"2022-12-17T13:20:41+00:00\" \/>\n<meta property=\"article:modified_time\" content=\"2022-12-17T13:20:44+00:00\" \/>\n<meta property=\"og:image\" content=\"https:\/\/www.meydan.tv\/wp-content\/uploads\/40386.jpg\" \/>\n\t<meta property=\"og:image:width\" content=\"1000\" \/>\n\t<meta property=\"og:image:height\" content=\"541\" \/>\n\t<meta property=\"og:image:type\" content=\"image\/jpeg\" \/>\n<meta name=\"author\" content=\"elli\" \/>\n<meta name=\"twitter:card\" content=\"summary_large_image\" \/>\n<meta name=\"twitter:creator\" content=\"@elli\" \/>\n<script type=\"application\/ld+json\" class=\"yoast-schema-graph\">{\"@context\":\"https:\\\/\\\/schema.org\",\"@graph\":[{\"@type\":\"Article\",\"@id\":\"https:\\\/\\\/www.meydan.tv\\\/az\\\/article\\\/qazax-sakini-belediyye-sedri-hem-pulumu-menimseyib-hem-de-ozumu-mehkemeye-verib\\\/#article\",\"isPartOf\":{\"@id\":\"https:\\\/\\\/www.meydan.tv\\\/az\\\/article\\\/qazax-sakini-belediyye-sedri-hem-pulumu-menimseyib-hem-de-ozumu-mehkemeye-verib\\\/\"},\"author\":{\"name\":\"elli\",\"@id\":\"https:\\\/\\\/www.meydan.tv\\\/az\\\/#\\\/schema\\\/person\\\/9cdbecf90d17180ce1dfbd95b08dcf47\"},\"headline\":\"Qazax sakini: \u201cB\u0259l\u0259diyy\u0259 s\u0259dri h\u0259m pulumu m\u0259nims\u0259yib, h\u0259m d\u0259 \u00f6z\u00fcm\u00fc m\u0259hk\u0259m\u0259y\u0259 verib\u201d\",\"datePublished\":\"2022-12-17T13:20:41+00:00\",\"dateModified\":\"2022-12-17T13:20:44+00:00\",\"mainEntityOfPage\":{\"@id\":\"https:\\\/\\\/www.meydan.tv\\\/az\\\/article\\\/qazax-sakini-belediyye-sedri-hem-pulumu-menimseyib-hem-de-ozumu-mehkemeye-verib\\\/\"},\"wordCount\":786,\"publisher\":{\"@id\":\"https:\\\/\\\/www.meydan.tv\\\/az\\\/#organization\"},\"image\":{\"@id\":\"https:\\\/\\\/www.meydan.tv\\\/az\\\/article\\\/qazax-sakini-belediyye-sedri-hem-pulumu-menimseyib-hem-de-ozumu-mehkemeye-verib\\\/#primaryimage\"},\"thumbnailUrl\":\"https:\\\/\\\/www.meydan.tv\\\/wp-content\\\/uploads\\\/40386.jpg\",\"articleSection\":[\"B\u00f6lg\u0259\",\"T\u00f6vsiy\u0259\",\"X\u0259b\u0259rl\u0259r\"],\"inLanguage\":\"az\"},{\"@type\":\"WebPage\",\"@id\":\"https:\\\/\\\/www.meydan.tv\\\/az\\\/article\\\/qazax-sakini-belediyye-sedri-hem-pulumu-menimseyib-hem-de-ozumu-mehkemeye-verib\\\/\",\"url\":\"https:\\\/\\\/www.meydan.tv\\\/az\\\/article\\\/qazax-sakini-belediyye-sedri-hem-pulumu-menimseyib-hem-de-ozumu-mehkemeye-verib\\\/\",\"name\":\"Qazax sakini: \u201cB\u0259l\u0259diyy\u0259 s\u0259dri h\u0259m pulumu m\u0259nims\u0259yib, h\u0259m d\u0259 \u00f6z\u00fcm\u00fc m\u0259hk\u0259m\u0259y\u0259 verib\u201d - MEYDAN.TV\",\"isPartOf\":{\"@id\":\"https:\\\/\\\/www.meydan.tv\\\/az\\\/#website\"},\"primaryImageOfPage\":{\"@id\":\"https:\\\/\\\/www.meydan.tv\\\/az\\\/article\\\/qazax-sakini-belediyye-sedri-hem-pulumu-menimseyib-hem-de-ozumu-mehkemeye-verib\\\/#primaryimage\"},\"image\":{\"@id\":\"https:\\\/\\\/www.meydan.tv\\\/az\\\/article\\\/qazax-sakini-belediyye-sedri-hem-pulumu-menimseyib-hem-de-ozumu-mehkemeye-verib\\\/#primaryimage\"},\"thumbnailUrl\":\"https:\\\/\\\/www.meydan.tv\\\/wp-content\\\/uploads\\\/40386.jpg\",\"datePublished\":\"2022-12-17T13:20:41+00:00\",\"dateModified\":\"2022-12-17T13:20:44+00:00\",\"breadcrumb\":{\"@id\":\"https:\\\/\\\/www.meydan.tv\\\/az\\\/article\\\/qazax-sakini-belediyye-sedri-hem-pulumu-menimseyib-hem-de-ozumu-mehkemeye-verib\\\/#breadcrumb\"},\"inLanguage\":\"az\",\"potentialAction\":[{\"@type\":\"ReadAction\",\"target\":[\"https:\\\/\\\/www.meydan.tv\\\/az\\\/article\\\/qazax-sakini-belediyye-sedri-hem-pulumu-menimseyib-hem-de-ozumu-mehkemeye-verib\\\/\"]}]},{\"@type\":\"ImageObject\",\"inLanguage\":\"az\",\"@id\":\"https:\\\/\\\/www.meydan.tv\\\/az\\\/article\\\/qazax-sakini-belediyye-sedri-hem-pulumu-menimseyib-hem-de-ozumu-mehkemeye-verib\\\/#primaryimage\",\"url\":\"https:\\\/\\\/www.meydan.tv\\\/wp-content\\\/uploads\\\/40386.jpg\",\"contentUrl\":\"https:\\\/\\\/www.meydan.tv\\\/wp-content\\\/uploads\\\/40386.jpg\",\"width\":1000,\"height\":541,\"caption\":\"Foto: Qazax Rayon \u0130cra Hakimiyy\u0259ti\"},{\"@type\":\"BreadcrumbList\",\"@id\":\"https:\\\/\\\/www.meydan.tv\\\/az\\\/article\\\/qazax-sakini-belediyye-sedri-hem-pulumu-menimseyib-hem-de-ozumu-mehkemeye-verib\\\/#breadcrumb\",\"itemListElement\":[{\"@type\":\"ListItem\",\"position\":1,\"name\":\"Ana s\u0259hif\u0259\",\"item\":\"https:\\\/\\\/www.meydan.tv\\\/az\\\/\"},{\"@type\":\"ListItem\",\"position\":2,\"name\":\"B\u00f6lg\u0259\",\"item\":\"https:\\\/\\\/www.meydan.tv\\\/az\\\/section\\\/bolge\\\/\"},{\"@type\":\"ListItem\",\"position\":3,\"name\":\"Qazax sakini: \u201cB\u0259l\u0259diyy\u0259 s\u0259dri h\u0259m pulumu m\u0259nims\u0259yib, h\u0259m d\u0259 \u00f6z\u00fcm\u00fc m\u0259hk\u0259m\u0259y\u0259 verib\u201d\"}]},{\"@type\":\"WebSite\",\"@id\":\"https:\\\/\\\/www.meydan.tv\\\/az\\\/#website\",\"url\":\"https:\\\/\\\/www.meydan.tv\\\/az\\\/\",\"name\":\"MEYDAN.TV\",\"description\":\"Meydan TV Az\u0259rbaycan\u0131n media m\u0259kan\u0131ndak\u0131 alternativ s\u0259sidir\",\"publisher\":{\"@id\":\"https:\\\/\\\/www.meydan.tv\\\/az\\\/#organization\"},\"potentialAction\":[{\"@type\":\"SearchAction\",\"target\":{\"@type\":\"EntryPoint\",\"urlTemplate\":\"https:\\\/\\\/www.meydan.tv\\\/az\\\/?s={search_term_string}\"},\"query-input\":{\"@type\":\"PropertyValueSpecification\",\"valueRequired\":true,\"valueName\":\"search_term_string\"}}],\"inLanguage\":\"az\"},{\"@type\":\"Organization\",\"@id\":\"https:\\\/\\\/www.meydan.tv\\\/az\\\/#organization\",\"name\":\"Meydan TV\",\"url\":\"https:\\\/\\\/www.meydan.tv\\\/az\\\/\",\"logo\":{\"@type\":\"ImageObject\",\"inLanguage\":\"az\",\"@id\":\"https:\\\/\\\/www.meydan.tv\\\/az\\\/#\\\/schema\\\/logo\\\/image\\\/\",\"url\":\"https:\\\/\\\/www.meydan.tv\\\/wp-content\\\/uploads\\\/2021\\\/07\\\/meydan-logo.svg\",\"contentUrl\":\"https:\\\/\\\/www.meydan.tv\\\/wp-content\\\/uploads\\\/2021\\\/07\\\/meydan-logo.svg\",\"width\":195,\"height\":46,\"caption\":\"Meydan TV\"},\"image\":{\"@id\":\"https:\\\/\\\/www.meydan.tv\\\/az\\\/#\\\/schema\\\/logo\\\/image\\\/\"}},{\"@type\":\"Person\",\"@id\":\"https:\\\/\\\/www.meydan.tv\\\/az\\\/#\\\/schema\\\/person\\\/9cdbecf90d17180ce1dfbd95b08dcf47\",\"name\":\"elli\",\"sameAs\":[\"https:\\\/\\\/x.com\\\/elli\"]}]}<\/script>\n<!-- \/ Yoast SEO plugin. -->","yoast_head_json":{"title":"Qazax sakini: \u201cB\u0259l\u0259diyy\u0259 s\u0259dri h\u0259m pulumu m\u0259nims\u0259yib, h\u0259m d\u0259 \u00f6z\u00fcm\u00fc m\u0259hk\u0259m\u0259y\u0259 verib\u201d - MEYDAN.TV","robots":{"index":"index","follow":"follow","max-snippet":"max-snippet:-1","max-image-preview":"max-image-preview:large","max-video-preview":"max-video-preview:-1"},"canonical":"https:\/\/www.meydan.tv\/az\/article\/qazax-sakini-belediyye-sedri-hem-pulumu-menimseyib-hem-de-ozumu-mehkemeye-verib\/","og_locale":"az_AZ","og_type":"article","og_title":"Qazax sakini: \u201cB\u0259l\u0259diyy\u0259 s\u0259dri h\u0259m pulumu m\u0259nims\u0259yib, h\u0259m d\u0259 \u00f6z\u00fcm\u00fc m\u0259hk\u0259m\u0259y\u0259 verib\u201d - MEYDAN.TV","og_description":"B\u0259l\u0259diyy\u0259 s\u0259dri v\u0259t\u0259nda\u015fdan borc ald\u0131\u011f\u0131n\u0131 deyir \u201cB\u0259l\u0259diyy\u0259 s\u0259dri m\u0259ni aldad\u0131b. ... Davam\u0131","og_url":"https:\/\/www.meydan.tv\/az\/article\/qazax-sakini-belediyye-sedri-hem-pulumu-menimseyib-hem-de-ozumu-mehkemeye-verib\/","og_site_name":"MEYDAN.TV","article_published_time":"2022-12-17T13:20:41+00:00","article_modified_time":"2022-12-17T13:20:44+00:00","og_image":[{"width":1000,"height":541,"url":"https:\/\/www.meydan.tv\/wp-content\/uploads\/40386.jpg","type":"image\/jpeg"}],"author":"elli","twitter_card":"summary_large_image","twitter_creator":"@elli","schema":{"@context":"https:\/\/schema.org","@graph":[{"@type":"Article","@id":"https:\/\/www.meydan.tv\/az\/article\/qazax-sakini-belediyye-sedri-hem-pulumu-menimseyib-hem-de-ozumu-mehkemeye-verib\/#article","isPartOf":{"@id":"https:\/\/www.meydan.tv\/az\/article\/qazax-sakini-belediyye-sedri-hem-pulumu-menimseyib-hem-de-ozumu-mehkemeye-verib\/"},"author":{"name":"elli","@id":"https:\/\/www.meydan.tv\/az\/#\/schema\/person\/9cdbecf90d17180ce1dfbd95b08dcf47"},"headline":"Qazax sakini: \u201cB\u0259l\u0259diyy\u0259 s\u0259dri h\u0259m pulumu m\u0259nims\u0259yib, h\u0259m d\u0259 \u00f6z\u00fcm\u00fc m\u0259hk\u0259m\u0259y\u0259 verib\u201d","datePublished":"2022-12-17T13:20:41+00:00","dateModified":"2022-12-17T13:20:44+00:00","mainEntityOfPage":{"@id":"https:\/\/www.meydan.tv\/az\/article\/qazax-sakini-belediyye-sedri-hem-pulumu-menimseyib-hem-de-ozumu-mehkemeye-verib\/"},"wordCount":786,"publisher":{"@id":"https:\/\/www.meydan.tv\/az\/#organization"},"image":{"@id":"https:\/\/www.meydan.tv\/az\/article\/qazax-sakini-belediyye-sedri-hem-pulumu-menimseyib-hem-de-ozumu-mehkemeye-verib\/#primaryimage"},"thumbnailUrl":"https:\/\/www.meydan.tv\/wp-content\/uploads\/40386.jpg","articleSection":["B\u00f6lg\u0259","T\u00f6vsiy\u0259","X\u0259b\u0259rl\u0259r"],"inLanguage":"az"},{"@type":"WebPage","@id":"https:\/\/www.meydan.tv\/az\/article\/qazax-sakini-belediyye-sedri-hem-pulumu-menimseyib-hem-de-ozumu-mehkemeye-verib\/","url":"https:\/\/www.meydan.tv\/az\/article\/qazax-sakini-belediyye-sedri-hem-pulumu-menimseyib-hem-de-ozumu-mehkemeye-verib\/","name":"Qazax sakini: \u201cB\u0259l\u0259diyy\u0259 s\u0259dri h\u0259m pulumu m\u0259nims\u0259yib, h\u0259m d\u0259 \u00f6z\u00fcm\u00fc m\u0259hk\u0259m\u0259y\u0259 verib\u201d - MEYDAN.TV","isPartOf":{"@id":"https:\/\/www.meydan.tv\/az\/#website"},"primaryImageOfPage":{"@id":"https:\/\/www.meydan.tv\/az\/article\/qazax-sakini-belediyye-sedri-hem-pulumu-menimseyib-hem-de-ozumu-mehkemeye-verib\/#primaryimage"},"image":{"@id":"https:\/\/www.meydan.tv\/az\/article\/qazax-sakini-belediyye-sedri-hem-pulumu-menimseyib-hem-de-ozumu-mehkemeye-verib\/#primaryimage"},"thumbnailUrl":"https:\/\/www.meydan.tv\/wp-content\/uploads\/40386.jpg","datePublished":"2022-12-17T13:20:41+00:00","dateModified":"2022-12-17T13:20:44+00:00","breadcrumb":{"@id":"https:\/\/www.meydan.tv\/az\/article\/qazax-sakini-belediyye-sedri-hem-pulumu-menimseyib-hem-de-ozumu-mehkemeye-verib\/#breadcrumb"},"inLanguage":"az","potentialAction":[{"@type":"ReadAction","target":["https:\/\/www.meydan.tv\/az\/article\/qazax-sakini-belediyye-sedri-hem-pulumu-menimseyib-hem-de-ozumu-mehkemeye-verib\/"]}]},{"@type":"ImageObject","inLanguage":"az","@id":"https:\/\/www.meydan.tv\/az\/article\/qazax-sakini-belediyye-sedri-hem-pulumu-menimseyib-hem-de-ozumu-mehkemeye-verib\/#primaryimage","url":"https:\/\/www.meydan.tv\/wp-content\/uploads\/40386.jpg","contentUrl":"https:\/\/www.meydan.tv\/wp-content\/uploads\/40386.jpg","width":1000,"height":541,"caption":"Foto: Qazax Rayon \u0130cra Hakimiyy\u0259ti"},{"@type":"BreadcrumbList","@id":"https:\/\/www.meydan.tv\/az\/article\/qazax-sakini-belediyye-sedri-hem-pulumu-menimseyib-hem-de-ozumu-mehkemeye-verib\/#breadcrumb","itemListElement":[{"@type":"ListItem","position":1,"name":"Ana s\u0259hif\u0259","item":"https:\/\/www.meydan.tv\/az\/"},{"@type":"ListItem","position":2,"name":"B\u00f6lg\u0259","item":"https:\/\/www.meydan.tv\/az\/section\/bolge\/"},{"@type":"ListItem","position":3,"name":"Qazax sakini: \u201cB\u0259l\u0259diyy\u0259 s\u0259dri h\u0259m pulumu m\u0259nims\u0259yib, h\u0259m d\u0259 \u00f6z\u00fcm\u00fc m\u0259hk\u0259m\u0259y\u0259 verib\u201d"}]},{"@type":"WebSite","@id":"https:\/\/www.meydan.tv\/az\/#website","url":"https:\/\/www.meydan.tv\/az\/","name":"MEYDAN.TV","description":"Meydan TV Az\u0259rbaycan\u0131n media m\u0259kan\u0131ndak\u0131 alternativ s\u0259sidir","publisher":{"@id":"https:\/\/www.meydan.tv\/az\/#organization"},"potentialAction":[{"@type":"SearchAction","target":{"@type":"EntryPoint","urlTemplate":"https:\/\/www.meydan.tv\/az\/?s={search_term_string}"},"query-input":{"@type":"PropertyValueSpecification","valueRequired":true,"valueName":"search_term_string"}}],"inLanguage":"az"},{"@type":"Organization","@id":"https:\/\/www.meydan.tv\/az\/#organization","name":"Meydan TV","url":"https:\/\/www.meydan.tv\/az\/","logo":{"@type":"ImageObject","inLanguage":"az","@id":"https:\/\/www.meydan.tv\/az\/#\/schema\/logo\/image\/","url":"https:\/\/www.meydan.tv\/wp-content\/uploads\/2021\/07\/meydan-logo.svg","contentUrl":"https:\/\/www.meydan.tv\/wp-content\/uploads\/2021\/07\/meydan-logo.svg","width":195,"height":46,"caption":"Meydan TV"},"image":{"@id":"https:\/\/www.meydan.tv\/az\/#\/schema\/logo\/image\/"}},{"@type":"Person","@id":"https:\/\/www.meydan.tv\/az\/#\/schema\/person\/9cdbecf90d17180ce1dfbd95b08dcf47","name":"elli","sameAs":["https:\/\/x.com\/elli"]}]}},"_links":{"self":[{"href":"https:\/\/www.meydan.tv\/az\/wp-json\/wp\/v2\/posts\/263649","targetHints":{"allow":["GET"]}}],"collection":[{"href":"https:\/\/www.meydan.tv\/az\/wp-json\/wp\/v2\/posts"}],"about":[{"href":"https:\/\/www.meydan.tv\/az\/wp-json\/wp\/v2\/types\/post"}],"author":[{"embeddable":true,"href":"https:\/\/www.meydan.tv\/az\/wp-json\/wp\/v2\/users\/8"}],"replies":[{"embeddable":true,"href":"https:\/\/www.meydan.tv\/az\/wp-json\/wp\/v2\/comments?post=263649"}],"version-history":[{"count":1,"href":"https:\/\/www.meydan.tv\/az\/wp-json\/wp\/v2\/posts\/263649\/revisions"}],"predecessor-version":[{"id":263650,"href":"https:\/\/www.meydan.tv\/az\/wp-json\/wp\/v2\/posts\/263649\/revisions\/263650"}],"wp:featuredmedia":[{"embeddable":true,"href":"https:\/\/www.meydan.tv\/az\/wp-json\/wp\/v2\/media\/101934"}],"wp:attachment":[{"href":"https:\/\/www.meydan.tv\/az\/wp-json\/wp\/v2\/media?parent=263649"}],"wp:term":[{"taxonomy":"category","embeddable":true,"href":"https:\/\/www.meydan.tv\/az\/wp-json\/wp\/v2\/categories?post=263649"},{"taxonomy":"post_tag","embeddable":true,"href":"https:\/\/www.meydan.tv\/az\/wp-json\/wp\/v2\/tags?post=263649"}],"curies":[{"name":"wp","href":"https:\/\/api.w.org\/{rel}","templated":true}]}}