{"id":263574,"date":"2022-12-16T14:45:02","date_gmt":"2022-12-16T10:45:02","guid":{"rendered":"https:\/\/www.meydan.tv\/?p=263574"},"modified":"2022-12-16T14:45:08","modified_gmt":"2022-12-16T10:45:08","slug":"bestekarla-vida-merasimi-kecirilmeyecek","status":"publish","type":"post","link":"https:\/\/www.meydan.tv\/az\/article\/bestekarla-vida-merasimi-kecirilmeyecek\/","title":{"rendered":"<strong>B\u0259st\u0259karla vida m\u0259rasimi ke\u00e7irilm\u0259y\u0259c\u0259k<\/strong>"},"content":{"rendered":"\n<p><\/p>\n\n\n\n<p><em>Oqtay R\u0259c\u0259bovun COVID-19-dan v\u0259fat etdiyi bildirilir<\/em><\/p>\n\n\n\n<p>\u018fm\u0259kdar inc\u0259s\u0259n\u0259t xadimi, b\u0259st\u0259kar Oqtay R\u0259c\u0259bov \u201cQurd qap\u0131s\u0131\u201d q\u0259biristanl\u0131\u011f\u0131nda d\u0259fn olunacaq.<\/p>\n\n\n\n<p>Meydan TV-y\u0259 bu bar\u0259d\u0259 M\u0259d\u0259niyy\u0259t Nazirliyind\u0259n m\u0259lumat verilib.<\/p>\n\n\n\n<p>Bildirilib ki, m\u0259rhumun \u00f6l\u00fcm\u00fcn\u0259 COVID-19 s\u0259b\u0259b olub.<\/p>\n\n\n\n<p>H\u0259m\u00e7inin qeyd olunub ki, b\u0259st\u0259kar\u0131n ail\u0259si d\u0259 x\u0259st\u0259liy\u0259 yoluxdu\u011fu \u00fc\u00e7\u00fcn vida m\u0259rasimi ke\u00e7irilm\u0259y\u0259c\u0259k.<\/p>\n\n\n\n<p>Oqtay R\u0259s\u0259bov dekabr\u0131n 15-d\u0259 81 ya\u015f\u0131nda v\u0259fat edib.<\/p>\n\n\n\n<p>\u201cQafqazinfo\u201dnun sor\u011fusuna cavab olaraq T\u018fB\u0130B-d\u0259n bildirilib ki, Oqtay R\u0259c\u0259bovun ail\u0259si t\u0259r\u0259find\u0259n dekabr\u0131n 15-d\u0259 T\u0259cili v\u0259 T\u0259xir\u0259sal\u0131nmaz Tibbi yard\u0131m stansiyas\u0131na 14:02 saat\u0131nda m\u00fcraci\u0259t daxil olub:<\/p>\n\n\n\n<p>&#8220;M\u00fcraci\u0259t an\u0131ndaca tibbi briqada \u00fcnvana gedib v\u0259 onlar \u00fcnvana \u00e7atd\u0131qda h\u0259kim\u0259q\u0259d\u0259r \u00f6l\u00fcm fakt\u0131 qeyd\u0259 <a href=\"https:\/\/qafqazinfo.az\/news\/detail\/oqtay-recebov-koronavirusdan-olub-385533\" target=\"_blank\" rel=\"noreferrer noopener\">al\u0131n\u0131b<\/a>\u201d.<\/p>\n\n\n\n<p>Oqtay R\u0259c\u0259bov 1941-ci il aprelin 5-d\u0259 Bak\u0131da do\u011fulub.<\/p>\n\n\n\n<p>Ali t\u0259hsilini Az\u0259rbaycan D\u00f6vl\u0259t Pedaqoji \u0130nstitutunun fizika v\u0259 istehsalat\u0131n \u0259saslar\u0131 fak\u00fclt\u0259sind\u0259 al\u0131b.<\/p>\n\n\n\n<p>\u00dczeyir Hac\u0131b\u0259yli ad\u0131na Musiqi Akademiyas\u0131n\u0131n \u201cAz\u0259rbaycan xalq musiqisi\u201d kafedras\u0131n\u0131n professoru olub.<\/p>\n\n\n\n<p>O, 4 operan\u0131n, 3 musiqili komediyan\u0131n, 3 simfoniyan\u0131n, 2 oratoriyan\u0131n, 1 kantatan\u0131n, 500 mahn\u0131n\u0131n m\u00fc\u0259llifidir.<\/p>\n\n\n\n<p>Pedaqogika v\u0259 musiqi il\u0259 ba\u011fl\u0131 10 monoqrafiyan\u0131n, 70 d\u0259rslik, d\u0259rs v\u0259saiti v\u0259 proqram\u0131n, 100-d\u0259n art\u0131q m\u0259qal\u0259nin m\u00fc\u0259llifidir.<\/p>\n\n\n\n<p>Oqtay R\u0259c\u0259bovun u\u015faq mahn\u0131lar\u0131 6 m\u0259cmu\u0259d\u0259 \u00e7ap olunub.<\/p>\n","protected":false},"excerpt":{"rendered":"<p>Oqtay R\u0259c\u0259bovun COVID-19-dan v\u0259fat etdiyi bildirilir \u018fm\u0259kdar inc\u0259s\u0259n\u0259t xadimi, b\u0259st\u0259kar &#8230; <\/p>\n<p class=\"read-more-container\"><a title=\"B\u0259st\u0259karla vida m\u0259rasimi ke\u00e7irilm\u0259y\u0259c\u0259k\" class=\"read-more button\" href=\"https:\/\/www.meydan.tv\/az\/article\/bestekarla-vida-merasimi-kecirilmeyecek\/#more-263574\" aria-label=\"Read more about B\u0259st\u0259karla vida m\u0259rasimi ke\u00e7irilm\u0259y\u0259c\u0259k\">Davam\u0131<\/a><\/p>\n","protected":false},"author":8,"featured_media":263575,"comment_status":"closed","ping_status":"closed","sticky":false,"template":"","format":"standard","meta":{"_acf_changed":false,"_sitemap_exclude":false,"_sitemap_priority":"","_sitemap_frequency":"","footnotes":""},"categories":[52,56],"tags":[],"class_list":["post-263574","post","type-post","status-publish","format-standard","has-post-thumbnail","hentry","category-medeniyyet","category-xeberler","infinite-scroll-item","generate-columns","tablet-grid-50","mobile-grid-100","grid-parent","grid-33","no-featured-image-padding"],"acf":[],"yoast_head":"<!-- This site is optimized with the Yoast SEO plugin v27.4 - https:\/\/yoast.com\/product\/yoast-seo-wordpress\/ -->\n<title>B\u0259st\u0259karla vida m\u0259rasimi ke\u00e7irilm\u0259y\u0259c\u0259k - MEYDAN.TV<\/title>\n<meta name=\"robots\" content=\"index, follow, max-snippet:-1, max-image-preview:large, max-video-preview:-1\" \/>\n<link rel=\"canonical\" href=\"https:\/\/www.meydan.tv\/az\/article\/bestekarla-vida-merasimi-kecirilmeyecek\/\" \/>\n<meta property=\"og:locale\" content=\"az_AZ\" \/>\n<meta property=\"og:type\" content=\"article\" \/>\n<meta property=\"og:title\" content=\"B\u0259st\u0259karla vida m\u0259rasimi ke\u00e7irilm\u0259y\u0259c\u0259k - MEYDAN.TV\" \/>\n<meta property=\"og:description\" content=\"Oqtay R\u0259c\u0259bovun COVID-19-dan v\u0259fat etdiyi bildirilir \u018fm\u0259kdar inc\u0259s\u0259n\u0259t xadimi, b\u0259st\u0259kar ... Davam\u0131\" \/>\n<meta property=\"og:url\" content=\"https:\/\/www.meydan.tv\/az\/article\/bestekarla-vida-merasimi-kecirilmeyecek\/\" \/>\n<meta property=\"og:site_name\" content=\"MEYDAN.TV\" \/>\n<meta property=\"article:published_time\" content=\"2022-12-16T10:45:02+00:00\" \/>\n<meta property=\"article:modified_time\" content=\"2022-12-16T10:45:08+00:00\" \/>\n<meta property=\"og:image\" content=\"https:\/\/www.meydan.tv\/wp-content\/uploads\/1671108706159364468_1000x669-e1671187480375.jpg\" \/>\n\t<meta property=\"og:image:width\" content=\"1000\" \/>\n\t<meta property=\"og:image:height\" content=\"475\" \/>\n\t<meta property=\"og:image:type\" content=\"image\/jpeg\" \/>\n<meta name=\"author\" content=\"elli\" \/>\n<meta name=\"twitter:card\" content=\"summary_large_image\" \/>\n<meta name=\"twitter:creator\" content=\"@elli\" \/>\n<script type=\"application\/ld+json\" class=\"yoast-schema-graph\">{\"@context\":\"https:\\\/\\\/schema.org\",\"@graph\":[{\"@type\":\"Article\",\"@id\":\"https:\\\/\\\/www.meydan.tv\\\/az\\\/article\\\/bestekarla-vida-merasimi-kecirilmeyecek\\\/#article\",\"isPartOf\":{\"@id\":\"https:\\\/\\\/www.meydan.tv\\\/az\\\/article\\\/bestekarla-vida-merasimi-kecirilmeyecek\\\/\"},\"author\":{\"name\":\"elli\",\"@id\":\"https:\\\/\\\/www.meydan.tv\\\/az\\\/#\\\/schema\\\/person\\\/9cdbecf90d17180ce1dfbd95b08dcf47\"},\"headline\":\"B\u0259st\u0259karla vida m\u0259rasimi ke\u00e7irilm\u0259y\u0259c\u0259k\",\"datePublished\":\"2022-12-16T10:45:02+00:00\",\"dateModified\":\"2022-12-16T10:45:08+00:00\",\"mainEntityOfPage\":{\"@id\":\"https:\\\/\\\/www.meydan.tv\\\/az\\\/article\\\/bestekarla-vida-merasimi-kecirilmeyecek\\\/\"},\"wordCount\":286,\"publisher\":{\"@id\":\"https:\\\/\\\/www.meydan.tv\\\/az\\\/#organization\"},\"image\":{\"@id\":\"https:\\\/\\\/www.meydan.tv\\\/az\\\/article\\\/bestekarla-vida-merasimi-kecirilmeyecek\\\/#primaryimage\"},\"thumbnailUrl\":\"https:\\\/\\\/www.meydan.tv\\\/wp-content\\\/uploads\\\/1671108706159364468_1000x669-e1671187480375.jpg\",\"articleSection\":[\"M\u0259d\u0259niyy\u0259t\",\"X\u0259b\u0259rl\u0259r\"],\"inLanguage\":\"az\"},{\"@type\":\"WebPage\",\"@id\":\"https:\\\/\\\/www.meydan.tv\\\/az\\\/article\\\/bestekarla-vida-merasimi-kecirilmeyecek\\\/\",\"url\":\"https:\\\/\\\/www.meydan.tv\\\/az\\\/article\\\/bestekarla-vida-merasimi-kecirilmeyecek\\\/\",\"name\":\"B\u0259st\u0259karla vida m\u0259rasimi ke\u00e7irilm\u0259y\u0259c\u0259k - MEYDAN.TV\",\"isPartOf\":{\"@id\":\"https:\\\/\\\/www.meydan.tv\\\/az\\\/#website\"},\"primaryImageOfPage\":{\"@id\":\"https:\\\/\\\/www.meydan.tv\\\/az\\\/article\\\/bestekarla-vida-merasimi-kecirilmeyecek\\\/#primaryimage\"},\"image\":{\"@id\":\"https:\\\/\\\/www.meydan.tv\\\/az\\\/article\\\/bestekarla-vida-merasimi-kecirilmeyecek\\\/#primaryimage\"},\"thumbnailUrl\":\"https:\\\/\\\/www.meydan.tv\\\/wp-content\\\/uploads\\\/1671108706159364468_1000x669-e1671187480375.jpg\",\"datePublished\":\"2022-12-16T10:45:02+00:00\",\"dateModified\":\"2022-12-16T10:45:08+00:00\",\"breadcrumb\":{\"@id\":\"https:\\\/\\\/www.meydan.tv\\\/az\\\/article\\\/bestekarla-vida-merasimi-kecirilmeyecek\\\/#breadcrumb\"},\"inLanguage\":\"az\",\"potentialAction\":[{\"@type\":\"ReadAction\",\"target\":[\"https:\\\/\\\/www.meydan.tv\\\/az\\\/article\\\/bestekarla-vida-merasimi-kecirilmeyecek\\\/\"]}]},{\"@type\":\"ImageObject\",\"inLanguage\":\"az\",\"@id\":\"https:\\\/\\\/www.meydan.tv\\\/az\\\/article\\\/bestekarla-vida-merasimi-kecirilmeyecek\\\/#primaryimage\",\"url\":\"https:\\\/\\\/www.meydan.tv\\\/wp-content\\\/uploads\\\/1671108706159364468_1000x669-e1671187480375.jpg\",\"contentUrl\":\"https:\\\/\\\/www.meydan.tv\\\/wp-content\\\/uploads\\\/1671108706159364468_1000x669-e1671187480375.jpg\",\"width\":1000,\"height\":475,\"caption\":\"Oqtay R\u0259c\u0259bov. M\u0259nb\u0259: Az\u0259rtac\"},{\"@type\":\"BreadcrumbList\",\"@id\":\"https:\\\/\\\/www.meydan.tv\\\/az\\\/article\\\/bestekarla-vida-merasimi-kecirilmeyecek\\\/#breadcrumb\",\"itemListElement\":[{\"@type\":\"ListItem\",\"position\":1,\"name\":\"Ana s\u0259hif\u0259\",\"item\":\"https:\\\/\\\/www.meydan.tv\\\/az\\\/\"},{\"@type\":\"ListItem\",\"position\":2,\"name\":\"M\u0259d\u0259niyy\u0259t\",\"item\":\"https:\\\/\\\/www.meydan.tv\\\/az\\\/section\\\/medeniyyet\\\/\"},{\"@type\":\"ListItem\",\"position\":3,\"name\":\"B\u0259st\u0259karla vida m\u0259rasimi ke\u00e7irilm\u0259y\u0259c\u0259k\"}]},{\"@type\":\"WebSite\",\"@id\":\"https:\\\/\\\/www.meydan.tv\\\/az\\\/#website\",\"url\":\"https:\\\/\\\/www.meydan.tv\\\/az\\\/\",\"name\":\"MEYDAN.TV\",\"description\":\"Meydan TV Az\u0259rbaycan\u0131n media m\u0259kan\u0131ndak\u0131 alternativ s\u0259sidir\",\"publisher\":{\"@id\":\"https:\\\/\\\/www.meydan.tv\\\/az\\\/#organization\"},\"potentialAction\":[{\"@type\":\"SearchAction\",\"target\":{\"@type\":\"EntryPoint\",\"urlTemplate\":\"https:\\\/\\\/www.meydan.tv\\\/az\\\/?s={search_term_string}\"},\"query-input\":{\"@type\":\"PropertyValueSpecification\",\"valueRequired\":true,\"valueName\":\"search_term_string\"}}],\"inLanguage\":\"az\"},{\"@type\":\"Organization\",\"@id\":\"https:\\\/\\\/www.meydan.tv\\\/az\\\/#organization\",\"name\":\"Meydan TV\",\"url\":\"https:\\\/\\\/www.meydan.tv\\\/az\\\/\",\"logo\":{\"@type\":\"ImageObject\",\"inLanguage\":\"az\",\"@id\":\"https:\\\/\\\/www.meydan.tv\\\/az\\\/#\\\/schema\\\/logo\\\/image\\\/\",\"url\":\"https:\\\/\\\/www.meydan.tv\\\/wp-content\\\/uploads\\\/2021\\\/07\\\/meydan-logo.svg\",\"contentUrl\":\"https:\\\/\\\/www.meydan.tv\\\/wp-content\\\/uploads\\\/2021\\\/07\\\/meydan-logo.svg\",\"width\":195,\"height\":46,\"caption\":\"Meydan TV\"},\"image\":{\"@id\":\"https:\\\/\\\/www.meydan.tv\\\/az\\\/#\\\/schema\\\/logo\\\/image\\\/\"}},{\"@type\":\"Person\",\"@id\":\"https:\\\/\\\/www.meydan.tv\\\/az\\\/#\\\/schema\\\/person\\\/9cdbecf90d17180ce1dfbd95b08dcf47\",\"name\":\"elli\",\"sameAs\":[\"https:\\\/\\\/x.com\\\/elli\"]}]}<\/script>\n<!-- \/ Yoast SEO plugin. -->","yoast_head_json":{"title":"B\u0259st\u0259karla vida m\u0259rasimi ke\u00e7irilm\u0259y\u0259c\u0259k - MEYDAN.TV","robots":{"index":"index","follow":"follow","max-snippet":"max-snippet:-1","max-image-preview":"max-image-preview:large","max-video-preview":"max-video-preview:-1"},"canonical":"https:\/\/www.meydan.tv\/az\/article\/bestekarla-vida-merasimi-kecirilmeyecek\/","og_locale":"az_AZ","og_type":"article","og_title":"B\u0259st\u0259karla vida m\u0259rasimi ke\u00e7irilm\u0259y\u0259c\u0259k - MEYDAN.TV","og_description":"Oqtay R\u0259c\u0259bovun COVID-19-dan v\u0259fat etdiyi bildirilir \u018fm\u0259kdar inc\u0259s\u0259n\u0259t xadimi, b\u0259st\u0259kar ... Davam\u0131","og_url":"https:\/\/www.meydan.tv\/az\/article\/bestekarla-vida-merasimi-kecirilmeyecek\/","og_site_name":"MEYDAN.TV","article_published_time":"2022-12-16T10:45:02+00:00","article_modified_time":"2022-12-16T10:45:08+00:00","og_image":[{"width":1000,"height":475,"url":"https:\/\/www.meydan.tv\/wp-content\/uploads\/1671108706159364468_1000x669-e1671187480375.jpg","type":"image\/jpeg"}],"author":"elli","twitter_card":"summary_large_image","twitter_creator":"@elli","schema":{"@context":"https:\/\/schema.org","@graph":[{"@type":"Article","@id":"https:\/\/www.meydan.tv\/az\/article\/bestekarla-vida-merasimi-kecirilmeyecek\/#article","isPartOf":{"@id":"https:\/\/www.meydan.tv\/az\/article\/bestekarla-vida-merasimi-kecirilmeyecek\/"},"author":{"name":"elli","@id":"https:\/\/www.meydan.tv\/az\/#\/schema\/person\/9cdbecf90d17180ce1dfbd95b08dcf47"},"headline":"B\u0259st\u0259karla vida m\u0259rasimi ke\u00e7irilm\u0259y\u0259c\u0259k","datePublished":"2022-12-16T10:45:02+00:00","dateModified":"2022-12-16T10:45:08+00:00","mainEntityOfPage":{"@id":"https:\/\/www.meydan.tv\/az\/article\/bestekarla-vida-merasimi-kecirilmeyecek\/"},"wordCount":286,"publisher":{"@id":"https:\/\/www.meydan.tv\/az\/#organization"},"image":{"@id":"https:\/\/www.meydan.tv\/az\/article\/bestekarla-vida-merasimi-kecirilmeyecek\/#primaryimage"},"thumbnailUrl":"https:\/\/www.meydan.tv\/wp-content\/uploads\/1671108706159364468_1000x669-e1671187480375.jpg","articleSection":["M\u0259d\u0259niyy\u0259t","X\u0259b\u0259rl\u0259r"],"inLanguage":"az"},{"@type":"WebPage","@id":"https:\/\/www.meydan.tv\/az\/article\/bestekarla-vida-merasimi-kecirilmeyecek\/","url":"https:\/\/www.meydan.tv\/az\/article\/bestekarla-vida-merasimi-kecirilmeyecek\/","name":"B\u0259st\u0259karla vida m\u0259rasimi ke\u00e7irilm\u0259y\u0259c\u0259k - MEYDAN.TV","isPartOf":{"@id":"https:\/\/www.meydan.tv\/az\/#website"},"primaryImageOfPage":{"@id":"https:\/\/www.meydan.tv\/az\/article\/bestekarla-vida-merasimi-kecirilmeyecek\/#primaryimage"},"image":{"@id":"https:\/\/www.meydan.tv\/az\/article\/bestekarla-vida-merasimi-kecirilmeyecek\/#primaryimage"},"thumbnailUrl":"https:\/\/www.meydan.tv\/wp-content\/uploads\/1671108706159364468_1000x669-e1671187480375.jpg","datePublished":"2022-12-16T10:45:02+00:00","dateModified":"2022-12-16T10:45:08+00:00","breadcrumb":{"@id":"https:\/\/www.meydan.tv\/az\/article\/bestekarla-vida-merasimi-kecirilmeyecek\/#breadcrumb"},"inLanguage":"az","potentialAction":[{"@type":"ReadAction","target":["https:\/\/www.meydan.tv\/az\/article\/bestekarla-vida-merasimi-kecirilmeyecek\/"]}]},{"@type":"ImageObject","inLanguage":"az","@id":"https:\/\/www.meydan.tv\/az\/article\/bestekarla-vida-merasimi-kecirilmeyecek\/#primaryimage","url":"https:\/\/www.meydan.tv\/wp-content\/uploads\/1671108706159364468_1000x669-e1671187480375.jpg","contentUrl":"https:\/\/www.meydan.tv\/wp-content\/uploads\/1671108706159364468_1000x669-e1671187480375.jpg","width":1000,"height":475,"caption":"Oqtay R\u0259c\u0259bov. M\u0259nb\u0259: Az\u0259rtac"},{"@type":"BreadcrumbList","@id":"https:\/\/www.meydan.tv\/az\/article\/bestekarla-vida-merasimi-kecirilmeyecek\/#breadcrumb","itemListElement":[{"@type":"ListItem","position":1,"name":"Ana s\u0259hif\u0259","item":"https:\/\/www.meydan.tv\/az\/"},{"@type":"ListItem","position":2,"name":"M\u0259d\u0259niyy\u0259t","item":"https:\/\/www.meydan.tv\/az\/section\/medeniyyet\/"},{"@type":"ListItem","position":3,"name":"B\u0259st\u0259karla vida m\u0259rasimi ke\u00e7irilm\u0259y\u0259c\u0259k"}]},{"@type":"WebSite","@id":"https:\/\/www.meydan.tv\/az\/#website","url":"https:\/\/www.meydan.tv\/az\/","name":"MEYDAN.TV","description":"Meydan TV Az\u0259rbaycan\u0131n media m\u0259kan\u0131ndak\u0131 alternativ s\u0259sidir","publisher":{"@id":"https:\/\/www.meydan.tv\/az\/#organization"},"potentialAction":[{"@type":"SearchAction","target":{"@type":"EntryPoint","urlTemplate":"https:\/\/www.meydan.tv\/az\/?s={search_term_string}"},"query-input":{"@type":"PropertyValueSpecification","valueRequired":true,"valueName":"search_term_string"}}],"inLanguage":"az"},{"@type":"Organization","@id":"https:\/\/www.meydan.tv\/az\/#organization","name":"Meydan TV","url":"https:\/\/www.meydan.tv\/az\/","logo":{"@type":"ImageObject","inLanguage":"az","@id":"https:\/\/www.meydan.tv\/az\/#\/schema\/logo\/image\/","url":"https:\/\/www.meydan.tv\/wp-content\/uploads\/2021\/07\/meydan-logo.svg","contentUrl":"https:\/\/www.meydan.tv\/wp-content\/uploads\/2021\/07\/meydan-logo.svg","width":195,"height":46,"caption":"Meydan TV"},"image":{"@id":"https:\/\/www.meydan.tv\/az\/#\/schema\/logo\/image\/"}},{"@type":"Person","@id":"https:\/\/www.meydan.tv\/az\/#\/schema\/person\/9cdbecf90d17180ce1dfbd95b08dcf47","name":"elli","sameAs":["https:\/\/x.com\/elli"]}]}},"_links":{"self":[{"href":"https:\/\/www.meydan.tv\/az\/wp-json\/wp\/v2\/posts\/263574","targetHints":{"allow":["GET"]}}],"collection":[{"href":"https:\/\/www.meydan.tv\/az\/wp-json\/wp\/v2\/posts"}],"about":[{"href":"https:\/\/www.meydan.tv\/az\/wp-json\/wp\/v2\/types\/post"}],"author":[{"embeddable":true,"href":"https:\/\/www.meydan.tv\/az\/wp-json\/wp\/v2\/users\/8"}],"replies":[{"embeddable":true,"href":"https:\/\/www.meydan.tv\/az\/wp-json\/wp\/v2\/comments?post=263574"}],"version-history":[{"count":1,"href":"https:\/\/www.meydan.tv\/az\/wp-json\/wp\/v2\/posts\/263574\/revisions"}],"predecessor-version":[{"id":263578,"href":"https:\/\/www.meydan.tv\/az\/wp-json\/wp\/v2\/posts\/263574\/revisions\/263578"}],"wp:featuredmedia":[{"embeddable":true,"href":"https:\/\/www.meydan.tv\/az\/wp-json\/wp\/v2\/media\/263575"}],"wp:attachment":[{"href":"https:\/\/www.meydan.tv\/az\/wp-json\/wp\/v2\/media?parent=263574"}],"wp:term":[{"taxonomy":"category","embeddable":true,"href":"https:\/\/www.meydan.tv\/az\/wp-json\/wp\/v2\/categories?post=263574"},{"taxonomy":"post_tag","embeddable":true,"href":"https:\/\/www.meydan.tv\/az\/wp-json\/wp\/v2\/tags?post=263574"}],"curies":[{"name":"wp","href":"https:\/\/api.w.org\/{rel}","templated":true}]}}