{"id":263445,"date":"2022-12-14T19:16:22","date_gmt":"2022-12-14T15:16:22","guid":{"rendered":"https:\/\/www.meydan.tv\/?p=263445"},"modified":"2022-12-14T21:05:25","modified_gmt":"2022-12-14T17:05:25","slug":"kelbecerde-4-neferin-minaya-dusduyu-bildirilir","status":"publish","type":"post","link":"https:\/\/www.meydan.tv\/az\/article\/kelbecerde-4-neferin-minaya-dusduyu-bildirilir\/","title":{"rendered":"K\u0259lb\u0259c\u0259rd\u0259 8 n\u0259f\u0259r minaya d\u00fc\u015fd\u00fc, biri h\u0259lak oldu"},"content":{"rendered":"\n<p>Dekabr\u0131n 14-d\u0259 ax\u015fam saat 18.00 rad\u0259l\u0259rind\u0259 K\u0259lb\u0259c\u0259r rayonunda 4 n\u0259f\u0259r minaya d\u00fc\u015f\u00fcb. Hadis\u0259 rayonun \u00c7\u0131raql\u0131 k\u0259ndi \u0259razisind\u0259 ba\u015f verib. M\u0259lumata g\u00f6r\u0259, minaya d\u00fc\u015f\u0259n 4 n\u0259f\u0259r infrastruktur layih\u0259l\u0259rind\u0259 \u00e7al\u0131\u015fan \u015f\u0259xsl\u0259r olub.<\/p>\n\n\n\n<p>T\u0259xliyy\u0259 il\u0259 \u0259laq\u0259dar hadis\u0259 yerin\u0259 yollanan 4 n\u0259f\u0259r h\u0259rb\u00e7i d\u0259 minaya d\u00fc\u015f\u00fcb. Onlardan 3-\u00fc m\u00fcxt\u0259lif d\u0259r\u0259c\u0259li b\u0259d\u0259n x\u0259sar\u0259tl\u0259ri al\u0131b, 1-i is\u0259 h\u0259lak olub.<\/p>\n\n\n\n<p>Faktla ba\u011fl\u0131 K\u0259lb\u0259c\u0259r h\u0259rbi prokurorlu\u011funda ara\u015fd\u0131rma apar\u0131l\u0131r.<\/p>\n\n\n\n<p>2020-ci il noyabr\u0131n 10-da \u2013 44 g\u00fcnl\u00fck m\u00fcharib\u0259nin ba\u015fa \u00e7atmas\u0131yla ba\u011fl\u0131 \u00dc\u00e7t\u0259r\u0259fli b\u0259yanat\u0131n imzalanmas\u0131ndan bu yana Az\u0259rbaycanda 270 n\u0259f\u0259rd\u0259n \u00e7ox adam minaya d\u00fc\u015f\u00fcb.<\/p>\n","protected":false},"excerpt":{"rendered":"<p>Dekabr\u0131n 14-d\u0259 ax\u015fam saat 18.00 rad\u0259l\u0259rind\u0259 K\u0259lb\u0259c\u0259r rayonunda 4 n\u0259f\u0259r &#8230; <\/p>\n<p class=\"read-more-container\"><a title=\"K\u0259lb\u0259c\u0259rd\u0259 8 n\u0259f\u0259r minaya d\u00fc\u015fd\u00fc, biri h\u0259lak oldu\" class=\"read-more button\" href=\"https:\/\/www.meydan.tv\/az\/article\/kelbecerde-4-neferin-minaya-dusduyu-bildirilir\/#more-263445\" aria-label=\"Read more about K\u0259lb\u0259c\u0259rd\u0259 8 n\u0259f\u0259r minaya d\u00fc\u015fd\u00fc, biri h\u0259lak oldu\">Davam\u0131<\/a><\/p>\n","protected":false},"author":18,"featured_media":263446,"comment_status":"closed","ping_status":"closed","sticky":false,"template":"","format":"standard","meta":{"_acf_changed":false,"_sitemap_exclude":false,"_sitemap_priority":"","_sitemap_frequency":"","footnotes":""},"categories":[60,79,56],"tags":[],"class_list":["post-263445","post","type-post","status-publish","format-standard","has-post-thumbnail","hentry","category-bolge","category-featured","category-xeberler","infinite-scroll-item","generate-columns","tablet-grid-50","mobile-grid-100","grid-parent","grid-33","no-featured-image-padding"],"acf":[],"yoast_head":"<!-- This site is optimized with the Yoast SEO plugin v27.5 - https:\/\/yoast.com\/product\/yoast-seo-wordpress\/ -->\n<title>K\u0259lb\u0259c\u0259rd\u0259 8 n\u0259f\u0259r minaya d\u00fc\u015fd\u00fc, biri h\u0259lak oldu - MEYDAN.TV<\/title>\n<meta name=\"robots\" content=\"index, follow, max-snippet:-1, max-image-preview:large, max-video-preview:-1\" \/>\n<link rel=\"canonical\" href=\"https:\/\/www.meydan.tv\/az\/article\/kelbecerde-4-neferin-minaya-dusduyu-bildirilir\/\" \/>\n<meta property=\"og:locale\" content=\"az_AZ\" \/>\n<meta property=\"og:type\" content=\"article\" \/>\n<meta property=\"og:title\" content=\"K\u0259lb\u0259c\u0259rd\u0259 8 n\u0259f\u0259r minaya d\u00fc\u015fd\u00fc, biri h\u0259lak oldu - MEYDAN.TV\" \/>\n<meta property=\"og:description\" content=\"Dekabr\u0131n 14-d\u0259 ax\u015fam saat 18.00 rad\u0259l\u0259rind\u0259 K\u0259lb\u0259c\u0259r rayonunda 4 n\u0259f\u0259r ... Davam\u0131\" \/>\n<meta property=\"og:url\" content=\"https:\/\/www.meydan.tv\/az\/article\/kelbecerde-4-neferin-minaya-dusduyu-bildirilir\/\" \/>\n<meta property=\"og:site_name\" content=\"MEYDAN.TV\" \/>\n<meta property=\"article:published_time\" content=\"2022-12-14T15:16:22+00:00\" \/>\n<meta property=\"article:modified_time\" content=\"2022-12-14T17:05:25+00:00\" \/>\n<meta property=\"og:image\" content=\"https:\/\/www.meydan.tv\/wp-content\/uploads\/426348248_0_199_2757_1750_1920x0_80_0_0_19ee3c6366bd85d7b9248227f9bd6438.jpg\" \/>\n\t<meta property=\"og:image:width\" content=\"1920\" \/>\n\t<meta property=\"og:image:height\" content=\"1080\" \/>\n\t<meta property=\"og:image:type\" content=\"image\/jpeg\" \/>\n<meta name=\"author\" content=\"miron\" \/>\n<meta name=\"twitter:card\" content=\"summary_large_image\" \/>\n<script type=\"application\/ld+json\" class=\"yoast-schema-graph\">{\"@context\":\"https:\\\/\\\/schema.org\",\"@graph\":[{\"@type\":\"Article\",\"@id\":\"https:\\\/\\\/www.meydan.tv\\\/az\\\/article\\\/kelbecerde-4-neferin-minaya-dusduyu-bildirilir\\\/#article\",\"isPartOf\":{\"@id\":\"https:\\\/\\\/www.meydan.tv\\\/az\\\/article\\\/kelbecerde-4-neferin-minaya-dusduyu-bildirilir\\\/\"},\"author\":{\"name\":\"miron\",\"@id\":\"https:\\\/\\\/www.meydan.tv\\\/az\\\/#\\\/schema\\\/person\\\/981b0b284aeaa9ad0cbf814cd4a9d67c\"},\"headline\":\"K\u0259lb\u0259c\u0259rd\u0259 8 n\u0259f\u0259r minaya d\u00fc\u015fd\u00fc, biri h\u0259lak oldu\",\"datePublished\":\"2022-12-14T15:16:22+00:00\",\"dateModified\":\"2022-12-14T17:05:25+00:00\",\"mainEntityOfPage\":{\"@id\":\"https:\\\/\\\/www.meydan.tv\\\/az\\\/article\\\/kelbecerde-4-neferin-minaya-dusduyu-bildirilir\\\/\"},\"wordCount\":157,\"publisher\":{\"@id\":\"https:\\\/\\\/www.meydan.tv\\\/az\\\/#organization\"},\"image\":{\"@id\":\"https:\\\/\\\/www.meydan.tv\\\/az\\\/article\\\/kelbecerde-4-neferin-minaya-dusduyu-bildirilir\\\/#primaryimage\"},\"thumbnailUrl\":\"https:\\\/\\\/www.meydan.tv\\\/wp-content\\\/uploads\\\/426348248_0_199_2757_1750_1920x0_80_0_0_19ee3c6366bd85d7b9248227f9bd6438.jpg\",\"articleSection\":[\"B\u00f6lg\u0259\",\"T\u00f6vsiy\u0259\",\"X\u0259b\u0259rl\u0259r\"],\"inLanguage\":\"az\"},{\"@type\":\"WebPage\",\"@id\":\"https:\\\/\\\/www.meydan.tv\\\/az\\\/article\\\/kelbecerde-4-neferin-minaya-dusduyu-bildirilir\\\/\",\"url\":\"https:\\\/\\\/www.meydan.tv\\\/az\\\/article\\\/kelbecerde-4-neferin-minaya-dusduyu-bildirilir\\\/\",\"name\":\"K\u0259lb\u0259c\u0259rd\u0259 8 n\u0259f\u0259r minaya d\u00fc\u015fd\u00fc, biri h\u0259lak oldu - MEYDAN.TV\",\"isPartOf\":{\"@id\":\"https:\\\/\\\/www.meydan.tv\\\/az\\\/#website\"},\"primaryImageOfPage\":{\"@id\":\"https:\\\/\\\/www.meydan.tv\\\/az\\\/article\\\/kelbecerde-4-neferin-minaya-dusduyu-bildirilir\\\/#primaryimage\"},\"image\":{\"@id\":\"https:\\\/\\\/www.meydan.tv\\\/az\\\/article\\\/kelbecerde-4-neferin-minaya-dusduyu-bildirilir\\\/#primaryimage\"},\"thumbnailUrl\":\"https:\\\/\\\/www.meydan.tv\\\/wp-content\\\/uploads\\\/426348248_0_199_2757_1750_1920x0_80_0_0_19ee3c6366bd85d7b9248227f9bd6438.jpg\",\"datePublished\":\"2022-12-14T15:16:22+00:00\",\"dateModified\":\"2022-12-14T17:05:25+00:00\",\"breadcrumb\":{\"@id\":\"https:\\\/\\\/www.meydan.tv\\\/az\\\/article\\\/kelbecerde-4-neferin-minaya-dusduyu-bildirilir\\\/#breadcrumb\"},\"inLanguage\":\"az\",\"potentialAction\":[{\"@type\":\"ReadAction\",\"target\":[\"https:\\\/\\\/www.meydan.tv\\\/az\\\/article\\\/kelbecerde-4-neferin-minaya-dusduyu-bildirilir\\\/\"]}]},{\"@type\":\"ImageObject\",\"inLanguage\":\"az\",\"@id\":\"https:\\\/\\\/www.meydan.tv\\\/az\\\/article\\\/kelbecerde-4-neferin-minaya-dusduyu-bildirilir\\\/#primaryimage\",\"url\":\"https:\\\/\\\/www.meydan.tv\\\/wp-content\\\/uploads\\\/426348248_0_199_2757_1750_1920x0_80_0_0_19ee3c6366bd85d7b9248227f9bd6438.jpg\",\"contentUrl\":\"https:\\\/\\\/www.meydan.tv\\\/wp-content\\\/uploads\\\/426348248_0_199_2757_1750_1920x0_80_0_0_19ee3c6366bd85d7b9248227f9bd6438.jpg\",\"width\":1920,\"height\":1080},{\"@type\":\"BreadcrumbList\",\"@id\":\"https:\\\/\\\/www.meydan.tv\\\/az\\\/article\\\/kelbecerde-4-neferin-minaya-dusduyu-bildirilir\\\/#breadcrumb\",\"itemListElement\":[{\"@type\":\"ListItem\",\"position\":1,\"name\":\"Ana s\u0259hif\u0259\",\"item\":\"https:\\\/\\\/www.meydan.tv\\\/az\\\/\"},{\"@type\":\"ListItem\",\"position\":2,\"name\":\"B\u00f6lg\u0259\",\"item\":\"https:\\\/\\\/www.meydan.tv\\\/az\\\/section\\\/bolge\\\/\"},{\"@type\":\"ListItem\",\"position\":3,\"name\":\"K\u0259lb\u0259c\u0259rd\u0259 8 n\u0259f\u0259r minaya d\u00fc\u015fd\u00fc, biri h\u0259lak oldu\"}]},{\"@type\":\"WebSite\",\"@id\":\"https:\\\/\\\/www.meydan.tv\\\/az\\\/#website\",\"url\":\"https:\\\/\\\/www.meydan.tv\\\/az\\\/\",\"name\":\"MEYDAN.TV\",\"description\":\"Meydan TV Az\u0259rbaycan\u0131n media m\u0259kan\u0131ndak\u0131 alternativ s\u0259sidir\",\"publisher\":{\"@id\":\"https:\\\/\\\/www.meydan.tv\\\/az\\\/#organization\"},\"potentialAction\":[{\"@type\":\"SearchAction\",\"target\":{\"@type\":\"EntryPoint\",\"urlTemplate\":\"https:\\\/\\\/www.meydan.tv\\\/az\\\/?s={search_term_string}\"},\"query-input\":{\"@type\":\"PropertyValueSpecification\",\"valueRequired\":true,\"valueName\":\"search_term_string\"}}],\"inLanguage\":\"az\"},{\"@type\":\"Organization\",\"@id\":\"https:\\\/\\\/www.meydan.tv\\\/az\\\/#organization\",\"name\":\"Meydan TV\",\"url\":\"https:\\\/\\\/www.meydan.tv\\\/az\\\/\",\"logo\":{\"@type\":\"ImageObject\",\"inLanguage\":\"az\",\"@id\":\"https:\\\/\\\/www.meydan.tv\\\/az\\\/#\\\/schema\\\/logo\\\/image\\\/\",\"url\":\"https:\\\/\\\/www.meydan.tv\\\/wp-content\\\/uploads\\\/2021\\\/07\\\/meydan-logo.svg\",\"contentUrl\":\"https:\\\/\\\/www.meydan.tv\\\/wp-content\\\/uploads\\\/2021\\\/07\\\/meydan-logo.svg\",\"width\":195,\"height\":46,\"caption\":\"Meydan TV\"},\"image\":{\"@id\":\"https:\\\/\\\/www.meydan.tv\\\/az\\\/#\\\/schema\\\/logo\\\/image\\\/\"}},{\"@type\":\"Person\",\"@id\":\"https:\\\/\\\/www.meydan.tv\\\/az\\\/#\\\/schema\\\/person\\\/981b0b284aeaa9ad0cbf814cd4a9d67c\",\"name\":\"miron\"}]}<\/script>\n<!-- \/ Yoast SEO plugin. -->","yoast_head_json":{"title":"K\u0259lb\u0259c\u0259rd\u0259 8 n\u0259f\u0259r minaya d\u00fc\u015fd\u00fc, biri h\u0259lak oldu - MEYDAN.TV","robots":{"index":"index","follow":"follow","max-snippet":"max-snippet:-1","max-image-preview":"max-image-preview:large","max-video-preview":"max-video-preview:-1"},"canonical":"https:\/\/www.meydan.tv\/az\/article\/kelbecerde-4-neferin-minaya-dusduyu-bildirilir\/","og_locale":"az_AZ","og_type":"article","og_title":"K\u0259lb\u0259c\u0259rd\u0259 8 n\u0259f\u0259r minaya d\u00fc\u015fd\u00fc, biri h\u0259lak oldu - MEYDAN.TV","og_description":"Dekabr\u0131n 14-d\u0259 ax\u015fam saat 18.00 rad\u0259l\u0259rind\u0259 K\u0259lb\u0259c\u0259r rayonunda 4 n\u0259f\u0259r ... Davam\u0131","og_url":"https:\/\/www.meydan.tv\/az\/article\/kelbecerde-4-neferin-minaya-dusduyu-bildirilir\/","og_site_name":"MEYDAN.TV","article_published_time":"2022-12-14T15:16:22+00:00","article_modified_time":"2022-12-14T17:05:25+00:00","og_image":[{"width":1920,"height":1080,"url":"https:\/\/www.meydan.tv\/wp-content\/uploads\/426348248_0_199_2757_1750_1920x0_80_0_0_19ee3c6366bd85d7b9248227f9bd6438.jpg","type":"image\/jpeg"}],"author":"miron","twitter_card":"summary_large_image","schema":{"@context":"https:\/\/schema.org","@graph":[{"@type":"Article","@id":"https:\/\/www.meydan.tv\/az\/article\/kelbecerde-4-neferin-minaya-dusduyu-bildirilir\/#article","isPartOf":{"@id":"https:\/\/www.meydan.tv\/az\/article\/kelbecerde-4-neferin-minaya-dusduyu-bildirilir\/"},"author":{"name":"miron","@id":"https:\/\/www.meydan.tv\/az\/#\/schema\/person\/981b0b284aeaa9ad0cbf814cd4a9d67c"},"headline":"K\u0259lb\u0259c\u0259rd\u0259 8 n\u0259f\u0259r minaya d\u00fc\u015fd\u00fc, biri h\u0259lak oldu","datePublished":"2022-12-14T15:16:22+00:00","dateModified":"2022-12-14T17:05:25+00:00","mainEntityOfPage":{"@id":"https:\/\/www.meydan.tv\/az\/article\/kelbecerde-4-neferin-minaya-dusduyu-bildirilir\/"},"wordCount":157,"publisher":{"@id":"https:\/\/www.meydan.tv\/az\/#organization"},"image":{"@id":"https:\/\/www.meydan.tv\/az\/article\/kelbecerde-4-neferin-minaya-dusduyu-bildirilir\/#primaryimage"},"thumbnailUrl":"https:\/\/www.meydan.tv\/wp-content\/uploads\/426348248_0_199_2757_1750_1920x0_80_0_0_19ee3c6366bd85d7b9248227f9bd6438.jpg","articleSection":["B\u00f6lg\u0259","T\u00f6vsiy\u0259","X\u0259b\u0259rl\u0259r"],"inLanguage":"az"},{"@type":"WebPage","@id":"https:\/\/www.meydan.tv\/az\/article\/kelbecerde-4-neferin-minaya-dusduyu-bildirilir\/","url":"https:\/\/www.meydan.tv\/az\/article\/kelbecerde-4-neferin-minaya-dusduyu-bildirilir\/","name":"K\u0259lb\u0259c\u0259rd\u0259 8 n\u0259f\u0259r minaya d\u00fc\u015fd\u00fc, biri h\u0259lak oldu - MEYDAN.TV","isPartOf":{"@id":"https:\/\/www.meydan.tv\/az\/#website"},"primaryImageOfPage":{"@id":"https:\/\/www.meydan.tv\/az\/article\/kelbecerde-4-neferin-minaya-dusduyu-bildirilir\/#primaryimage"},"image":{"@id":"https:\/\/www.meydan.tv\/az\/article\/kelbecerde-4-neferin-minaya-dusduyu-bildirilir\/#primaryimage"},"thumbnailUrl":"https:\/\/www.meydan.tv\/wp-content\/uploads\/426348248_0_199_2757_1750_1920x0_80_0_0_19ee3c6366bd85d7b9248227f9bd6438.jpg","datePublished":"2022-12-14T15:16:22+00:00","dateModified":"2022-12-14T17:05:25+00:00","breadcrumb":{"@id":"https:\/\/www.meydan.tv\/az\/article\/kelbecerde-4-neferin-minaya-dusduyu-bildirilir\/#breadcrumb"},"inLanguage":"az","potentialAction":[{"@type":"ReadAction","target":["https:\/\/www.meydan.tv\/az\/article\/kelbecerde-4-neferin-minaya-dusduyu-bildirilir\/"]}]},{"@type":"ImageObject","inLanguage":"az","@id":"https:\/\/www.meydan.tv\/az\/article\/kelbecerde-4-neferin-minaya-dusduyu-bildirilir\/#primaryimage","url":"https:\/\/www.meydan.tv\/wp-content\/uploads\/426348248_0_199_2757_1750_1920x0_80_0_0_19ee3c6366bd85d7b9248227f9bd6438.jpg","contentUrl":"https:\/\/www.meydan.tv\/wp-content\/uploads\/426348248_0_199_2757_1750_1920x0_80_0_0_19ee3c6366bd85d7b9248227f9bd6438.jpg","width":1920,"height":1080},{"@type":"BreadcrumbList","@id":"https:\/\/www.meydan.tv\/az\/article\/kelbecerde-4-neferin-minaya-dusduyu-bildirilir\/#breadcrumb","itemListElement":[{"@type":"ListItem","position":1,"name":"Ana s\u0259hif\u0259","item":"https:\/\/www.meydan.tv\/az\/"},{"@type":"ListItem","position":2,"name":"B\u00f6lg\u0259","item":"https:\/\/www.meydan.tv\/az\/section\/bolge\/"},{"@type":"ListItem","position":3,"name":"K\u0259lb\u0259c\u0259rd\u0259 8 n\u0259f\u0259r minaya d\u00fc\u015fd\u00fc, biri h\u0259lak oldu"}]},{"@type":"WebSite","@id":"https:\/\/www.meydan.tv\/az\/#website","url":"https:\/\/www.meydan.tv\/az\/","name":"MEYDAN.TV","description":"Meydan TV Az\u0259rbaycan\u0131n media m\u0259kan\u0131ndak\u0131 alternativ s\u0259sidir","publisher":{"@id":"https:\/\/www.meydan.tv\/az\/#organization"},"potentialAction":[{"@type":"SearchAction","target":{"@type":"EntryPoint","urlTemplate":"https:\/\/www.meydan.tv\/az\/?s={search_term_string}"},"query-input":{"@type":"PropertyValueSpecification","valueRequired":true,"valueName":"search_term_string"}}],"inLanguage":"az"},{"@type":"Organization","@id":"https:\/\/www.meydan.tv\/az\/#organization","name":"Meydan TV","url":"https:\/\/www.meydan.tv\/az\/","logo":{"@type":"ImageObject","inLanguage":"az","@id":"https:\/\/www.meydan.tv\/az\/#\/schema\/logo\/image\/","url":"https:\/\/www.meydan.tv\/wp-content\/uploads\/2021\/07\/meydan-logo.svg","contentUrl":"https:\/\/www.meydan.tv\/wp-content\/uploads\/2021\/07\/meydan-logo.svg","width":195,"height":46,"caption":"Meydan TV"},"image":{"@id":"https:\/\/www.meydan.tv\/az\/#\/schema\/logo\/image\/"}},{"@type":"Person","@id":"https:\/\/www.meydan.tv\/az\/#\/schema\/person\/981b0b284aeaa9ad0cbf814cd4a9d67c","name":"miron"}]}},"_links":{"self":[{"href":"https:\/\/www.meydan.tv\/az\/wp-json\/wp\/v2\/posts\/263445","targetHints":{"allow":["GET"]}}],"collection":[{"href":"https:\/\/www.meydan.tv\/az\/wp-json\/wp\/v2\/posts"}],"about":[{"href":"https:\/\/www.meydan.tv\/az\/wp-json\/wp\/v2\/types\/post"}],"author":[{"embeddable":true,"href":"https:\/\/www.meydan.tv\/az\/wp-json\/wp\/v2\/users\/18"}],"replies":[{"embeddable":true,"href":"https:\/\/www.meydan.tv\/az\/wp-json\/wp\/v2\/comments?post=263445"}],"version-history":[{"count":2,"href":"https:\/\/www.meydan.tv\/az\/wp-json\/wp\/v2\/posts\/263445\/revisions"}],"predecessor-version":[{"id":263455,"href":"https:\/\/www.meydan.tv\/az\/wp-json\/wp\/v2\/posts\/263445\/revisions\/263455"}],"wp:featuredmedia":[{"embeddable":true,"href":"https:\/\/www.meydan.tv\/az\/wp-json\/wp\/v2\/media\/263446"}],"wp:attachment":[{"href":"https:\/\/www.meydan.tv\/az\/wp-json\/wp\/v2\/media?parent=263445"}],"wp:term":[{"taxonomy":"category","embeddable":true,"href":"https:\/\/www.meydan.tv\/az\/wp-json\/wp\/v2\/categories?post=263445"},{"taxonomy":"post_tag","embeddable":true,"href":"https:\/\/www.meydan.tv\/az\/wp-json\/wp\/v2\/tags?post=263445"}],"curies":[{"name":"wp","href":"https:\/\/api.w.org\/{rel}","templated":true}]}}