{"id":263412,"date":"2022-12-14T16:35:42","date_gmt":"2022-12-14T12:35:42","guid":{"rendered":"https:\/\/www.meydan.tv\/?p=263412"},"modified":"2022-12-14T17:29:18","modified_gmt":"2022-12-14T13:29:18","slug":"nazirin-kino-ictimaiyyeti-ile-qapali-gorusu-naraziliq-yaradib","status":"publish","type":"post","link":"https:\/\/www.meydan.tv\/az\/article\/nazirin-kino-ictimaiyyeti-ile-qapali-gorusu-naraziliq-yaradib\/","title":{"rendered":"<strong>Nazirin kino ictimaiyy\u0259ti il\u0259 qapal\u0131 g\u00f6r\u00fc\u015f\u00fc naraz\u0131l\u0131q yarad\u0131b<\/strong>"},"content":{"rendered":"\n<p><\/p>\n\n\n\n<p><em>Sevda Sultanova: &#8220;X\u0131rda bir g\u00f6r\u00fc\u015f olsayd\u0131, mediaya qapal\u0131 olmas\u0131 anla\u015f\u0131lard\u0131&#8221;<\/em><\/p>\n\n\n\n<p>M\u0259d\u0259niyy\u0259t naziri Anar K\u0259rimov kino ictimaiyy\u0259ti il\u0259 g\u00f6r\u00fc\u015f <a href=\"https:\/\/culture.gov.az\/az\/umumi-xeberler\/14948\" target=\"_blank\" rel=\"noreferrer noopener\">ke\u00e7irib<\/a>.<\/p>\n\n\n\n<p>Dekabr\u0131n 13-d\u0259 t\u0259\u015fkil edil\u0259n t\u0259dbir mediaya ba\u011fl\u0131 olub.<\/p>\n\n\n\n<p>G\u00f6r\u00fc\u015f Kino Agentliyinin yarad\u0131lmas\u0131 il\u0259 ba\u011fl\u0131 kino adamlar\u0131n\u0131n t\u0259klif v\u0259 t\u00f6vsiy\u0259l\u0259rini \u00f6yr\u0259nm\u0259k m\u0259qs\u0259di <a href=\"https:\/\/president.az\/az\/articles\/view\/55851\" target=\"_blank\" rel=\"noreferrer noopener\">da\u015f\u0131y\u0131b<\/a>.<\/p>\n\n\n\n<p>T\u0259dbirin mediaya ba\u011fl\u0131 olmas\u0131, h\u0259m\u00e7inin b\u0259zi kino adamlar\u0131n\u0131n&nbsp; oraya burax\u0131lmamas\u0131 m\u00fczakir\u0259l\u0259r\u0259 s\u0259b\u0259b olub.<\/p>\n\n\n\n<p>Bir \u00e7oxu t\u0259dbirin qapal\u0131 ke\u00e7irilm\u0259sin\u0259 etiraz edib, b\u0259zil\u0259ri d\u0259 d\u0259v\u0259t olunanlar aras\u0131nda ad\u0131n\u0131n olmad\u0131\u011f\u0131na naraz\u0131l\u0131\u011f\u0131n\u0131 bildirib.<\/p>\n\n\n\n<p>\u201cT\u0259dbir Kino Agentliyinin f\u0259aliyy\u0259ti il\u0259 \u0259laq\u0259dard\u0131rsa, niy\u0259 mediyaya qapal\u0131 ke\u00e7irilib?\u201d, \u201cKino d\u00f6vl\u0259t b\u00fcdc\u0259sind\u0259n maliyy\u0259l\u0259\u015firs\u0259, istehak\u00e7\u0131s\u0131 da tama\u015fa\u00e7\u0131d\u0131rsa, bel\u0259 olan halda, t\u0259dbirin qapal\u0131 ke\u00e7irilm\u0259si obyektiv hesab oluna bil\u0259rmi?\u201d \u2013 kimi fikirl\u0259r s\u0259sl\u0259ndirilib.<\/p>\n\n\n\n<p>Kino\u015f\u00fcnas Sevda Sultanova Meydan TV-y\u0259 deyib ki, bu, x\u0131rda bir g\u00f6r\u00fc\u015f olsayd\u0131, ora 4-5 n\u0259f\u0259r d\u0259v\u0259t edils\u0259ydi, mediaya qapal\u0131 olmas\u0131 anla\u015f\u0131lard\u0131:<\/p>\n\n\n\n<p>\u201cNazirin kinematoqraf\u00e7\u0131larla g\u00f6r\u00fc\u015f\u00fcn\u00fcn mediaya niy\u0259 qapal\u0131 qalmas\u0131 m\u0259nim \u00fc\u00e7\u00fcn qaranl\u0131qd\u0131r. Bu, m\u0259xfi xarakterli siyasi-h\u0259rbi g\u00f6r\u00fc\u015f deyil. Burada kinonun probleml\u0259ri, t\u0259klifl\u0259r m\u00fczakir\u0259 edilirs\u0259, 60-dan \u00e7ox adam d\u0259v\u0259t olunursa, mediaya qapal\u0131 qalmas\u0131nda m\u0259ntiq tapa bilmir\u0259m. T\u0259dbir\u0259 d\u0259v\u0259t olunanlar\u0131n tam t\u0259rkibi haqda m\u0259lumats\u0131zam. Amma d\u0259v\u0259t edilm\u0259diyi \u00fc\u00e7\u00fcn haql\u0131 naraz\u0131lar vard\u0131. Yaln\u0131z etirazdan sonra d\u0259v\u0259t edil\u0259nl\u0259rin olmas\u0131, i\u015fin d\u00fczg\u00fcn qurulmamas\u0131n\u0131n n\u0259tic\u0259sidir. \u018flb\u0259tt\u0259 ki, m\u0259mur i\u015find\u0259 pe\u015f\u0259kar v\u0259 d\u00fcr\u00fcst olanda, il \u0259rzind\u0259 m\u0259hsuldar f\u0259aliyy\u0259t g\u00f6st\u0259r\u0259nd\u0259, mediadan qa\u00e7ma\u011fa s\u0259b\u0259bi d\u0259 olmayacaq\u201d.<\/p>\n\n\n\n<figure class=\"wp-block-image size-large\"><img decoding=\"async\" width=\"1152\" height=\"821\" data-src=\"https:\/\/www.meydan.tv\/wp-content\/uploads\/seva-1152x821.jpg\" alt=\"\" class=\"wp-image-226742 lazyload\" src=\"data:image\/svg+xml;base64,PHN2ZyB3aWR0aD0iMSIgaGVpZ2h0PSIxIiB4bWxucz0iaHR0cDovL3d3dy53My5vcmcvMjAwMC9zdmciPjwvc3ZnPg==\" style=\"--smush-placeholder-width: 1152px; --smush-placeholder-aspect-ratio: 1152\/821;\" \/><figcaption class=\"wp-element-caption\">Sevda Sultanova, Foto: Kulis.az<\/figcaption><\/figure>\n\n\n\n<p>NME \u015firk\u0259tinin direktoru, \u201cBalta\u201d animasiyas\u0131n\u0131n layih\u0259 r\u0259hb\u0259ri v\u0259 prod\u00fcseri Nicat Manafov t\u0259dbird\u0259 i\u015ftirak \u00fc\u00e7\u00fcn m\u0259d\u0259niyy\u0259t naziri Anar K\u0259rimova r\u0259smi m\u00fcraci\u0259t ets\u0259 d\u0259, m\u00fcsb\u0259t cavab almay\u0131b.<\/p>\n\n\n\n<p>Bunu Meydan TV-y\u0259 Nicat Manafov deyib.<\/p>\n\n\n\n<p>\u201cM\u0259n\u0259 cavab yazd\u0131lar ki, sizin kino f\u0259aliyy\u0259tind\u0259 xidm\u0259tiniz olmad\u0131\u011f\u0131 \u00fc\u00e7\u00fcn ora d\u0259v\u0259t olunmursunuz\u201d, &#8211; dey\u0259 o bildirib.<\/p>\n\n\n\n<p>O hesab <a href=\"https:\/\/d9mc3ts4czbpr.cloudfront.net\/az\/article\/dovlet-sifarisi-ile-cekilen-39-film-cemi-1905-manat-gelir-getirib\/\" target=\"_blank\" rel=\"noreferrer noopener\">edir<\/a> ki, kino sah\u0259sind\u0259 \u00e7al\u0131\u015fan \u015f\u0259xsl\u0259r t\u0259sbir\u0259 m\u0259qs\u0259dli d\u0259v\u0259t edilm\u0259yib:  <\/p>\n\n\n\n<p>\u201cM\u0259g\u0259r kino xadimi olmaq \u00fc\u00e7\u00fcn x\u00fcsusi lisenziya laz\u0131md\u0131r? Halbuki M\u0259d\u0259niyy\u0259t Nazirliyi kino istehsal\u0131ndan 1905 manat g\u0259lir \u0259ld\u0259 edib. Bizim \u015firk\u0259timiz is\u0259 onun on qat\u0131ndan \u00e7ox qazan\u0131b. Kino sah\u0259sind\u0259 d\u0259 kifay\u0259t q\u0259d\u0259r ciddi i\u015fl\u0259rimiz var. T\u0259dbir\u0259 getdim, lakin m\u0259ni i\u00e7\u0259ri buraxmad\u0131lar. D\u00fc\u015f\u00fcn\u00fcr\u0259m ki, kino \u015f\u00f6b\u0259si orada ba\u015f ver\u0259n pozuntu v\u0259 naraz\u0131l\u0131qlar\u0131 \u00fcz\u0259 \u00e7\u0131xaran insanlar\u0131n t\u0259dbir\u0259 d\u0259v\u0259t olunmas\u0131n\u0131 ist\u0259m\u0259yib\u201d.<\/p>\n\n\n\n<p>M\u0259d\u0259niyy\u0259t Nazirliyinin m\u0259tbuat xidm\u0259tind\u0259n Nurid\u0259 Allahyarova iddialar\u0131 q\u0259bul etm\u0259yib.<\/p>\n\n\n\n<p>O, Meydan TV-y\u0259 bildirib ki, g\u00f6r\u00fc\u015f bar\u0259d\u0259 ictimaiyy\u0259t\u0259 m\u0259lumat veril\u0259c\u0259k: \u201cKino ictimaiyy\u0259ti il\u0259 s\u0259mimi formatda medias\u0131z, m\u00fc\u0259yy\u0259n probleml\u0259rin d\u0259 s\u0259sl\u0259ndirildiyi g\u00f6r\u00fc\u015f olub. T\u0259dbirl\u0259 ba\u011fl\u0131 \u0259trafl\u0131 m\u0259lumat nazirliyin sayt\u0131nda yerl\u0259\u015fdiril\u0259c\u0259k\u201d, &#8211; dey\u0259 o bildirib.<\/p>\n","protected":false},"excerpt":{"rendered":"<p>Sevda Sultanova: &#8220;X\u0131rda bir g\u00f6r\u00fc\u015f olsayd\u0131, mediaya qapal\u0131 olmas\u0131 anla\u015f\u0131lard\u0131&#8221; &#8230; <\/p>\n<p class=\"read-more-container\"><a title=\"Nazirin kino ictimaiyy\u0259ti il\u0259 qapal\u0131 g\u00f6r\u00fc\u015f\u00fc naraz\u0131l\u0131q yarad\u0131b\" class=\"read-more button\" href=\"https:\/\/www.meydan.tv\/az\/article\/nazirin-kino-ictimaiyyeti-ile-qapali-gorusu-naraziliq-yaradib\/#more-263412\" aria-label=\"Read more about Nazirin kino ictimaiyy\u0259ti il\u0259 qapal\u0131 g\u00f6r\u00fc\u015f\u00fc naraz\u0131l\u0131q yarad\u0131b\">Davam\u0131<\/a><\/p>\n","protected":false},"author":8,"featured_media":249332,"comment_status":"closed","ping_status":"closed","sticky":false,"template":"","format":"standard","meta":{"_acf_changed":false,"_sitemap_exclude":false,"_sitemap_priority":"","_sitemap_frequency":"","footnotes":""},"categories":[52,56],"tags":[],"class_list":["post-263412","post","type-post","status-publish","format-standard","has-post-thumbnail","hentry","category-medeniyyet","category-xeberler","infinite-scroll-item","generate-columns","tablet-grid-50","mobile-grid-100","grid-parent","grid-33","no-featured-image-padding"],"acf":[],"yoast_head":"<!-- This site is optimized with the Yoast SEO plugin v27.4 - https:\/\/yoast.com\/product\/yoast-seo-wordpress\/ -->\n<title>Nazirin kino ictimaiyy\u0259ti il\u0259 qapal\u0131 g\u00f6r\u00fc\u015f\u00fc naraz\u0131l\u0131q yarad\u0131b - MEYDAN.TV<\/title>\n<meta name=\"robots\" content=\"index, follow, max-snippet:-1, max-image-preview:large, max-video-preview:-1\" \/>\n<link rel=\"canonical\" href=\"https:\/\/www.meydan.tv\/az\/article\/nazirin-kino-ictimaiyyeti-ile-qapali-gorusu-naraziliq-yaradib\/\" \/>\n<meta property=\"og:locale\" content=\"az_AZ\" \/>\n<meta property=\"og:type\" content=\"article\" \/>\n<meta property=\"og:title\" content=\"Nazirin kino ictimaiyy\u0259ti il\u0259 qapal\u0131 g\u00f6r\u00fc\u015f\u00fc naraz\u0131l\u0131q yarad\u0131b - MEYDAN.TV\" \/>\n<meta property=\"og:description\" content=\"Sevda Sultanova: &#8220;X\u0131rda bir g\u00f6r\u00fc\u015f olsayd\u0131, mediaya qapal\u0131 olmas\u0131 anla\u015f\u0131lard\u0131&#8221; ... Davam\u0131\" \/>\n<meta property=\"og:url\" content=\"https:\/\/www.meydan.tv\/az\/article\/nazirin-kino-ictimaiyyeti-ile-qapali-gorusu-naraziliq-yaradib\/\" \/>\n<meta property=\"og:site_name\" content=\"MEYDAN.TV\" \/>\n<meta property=\"article:published_time\" content=\"2022-12-14T12:35:42+00:00\" \/>\n<meta property=\"article:modified_time\" content=\"2022-12-14T13:29:18+00:00\" \/>\n<meta property=\"og:image\" content=\"https:\/\/www.meydan.tv\/wp-content\/uploads\/anar_karimov-e1671021011169.jpeg\" \/>\n\t<meta property=\"og:image:width\" content=\"1500\" \/>\n\t<meta property=\"og:image:height\" content=\"1038\" \/>\n\t<meta property=\"og:image:type\" content=\"image\/jpeg\" \/>\n<meta name=\"author\" content=\"elli\" \/>\n<meta name=\"twitter:card\" content=\"summary_large_image\" \/>\n<meta name=\"twitter:creator\" content=\"@elli\" \/>\n<script type=\"application\/ld+json\" class=\"yoast-schema-graph\">{\"@context\":\"https:\\\/\\\/schema.org\",\"@graph\":[{\"@type\":\"Article\",\"@id\":\"https:\\\/\\\/www.meydan.tv\\\/az\\\/article\\\/nazirin-kino-ictimaiyyeti-ile-qapali-gorusu-naraziliq-yaradib\\\/#article\",\"isPartOf\":{\"@id\":\"https:\\\/\\\/www.meydan.tv\\\/az\\\/article\\\/nazirin-kino-ictimaiyyeti-ile-qapali-gorusu-naraziliq-yaradib\\\/\"},\"author\":{\"name\":\"elli\",\"@id\":\"https:\\\/\\\/www.meydan.tv\\\/az\\\/#\\\/schema\\\/person\\\/9cdbecf90d17180ce1dfbd95b08dcf47\"},\"headline\":\"Nazirin kino ictimaiyy\u0259ti il\u0259 qapal\u0131 g\u00f6r\u00fc\u015f\u00fc naraz\u0131l\u0131q yarad\u0131b\",\"datePublished\":\"2022-12-14T12:35:42+00:00\",\"dateModified\":\"2022-12-14T13:29:18+00:00\",\"mainEntityOfPage\":{\"@id\":\"https:\\\/\\\/www.meydan.tv\\\/az\\\/article\\\/nazirin-kino-ictimaiyyeti-ile-qapali-gorusu-naraziliq-yaradib\\\/\"},\"wordCount\":621,\"publisher\":{\"@id\":\"https:\\\/\\\/www.meydan.tv\\\/az\\\/#organization\"},\"image\":{\"@id\":\"https:\\\/\\\/www.meydan.tv\\\/az\\\/article\\\/nazirin-kino-ictimaiyyeti-ile-qapali-gorusu-naraziliq-yaradib\\\/#primaryimage\"},\"thumbnailUrl\":\"https:\\\/\\\/www.meydan.tv\\\/wp-content\\\/uploads\\\/anar_karimov-e1671021011169.jpeg\",\"articleSection\":[\"M\u0259d\u0259niyy\u0259t\",\"X\u0259b\u0259rl\u0259r\"],\"inLanguage\":\"az\"},{\"@type\":\"WebPage\",\"@id\":\"https:\\\/\\\/www.meydan.tv\\\/az\\\/article\\\/nazirin-kino-ictimaiyyeti-ile-qapali-gorusu-naraziliq-yaradib\\\/\",\"url\":\"https:\\\/\\\/www.meydan.tv\\\/az\\\/article\\\/nazirin-kino-ictimaiyyeti-ile-qapali-gorusu-naraziliq-yaradib\\\/\",\"name\":\"Nazirin kino ictimaiyy\u0259ti il\u0259 qapal\u0131 g\u00f6r\u00fc\u015f\u00fc naraz\u0131l\u0131q yarad\u0131b - MEYDAN.TV\",\"isPartOf\":{\"@id\":\"https:\\\/\\\/www.meydan.tv\\\/az\\\/#website\"},\"primaryImageOfPage\":{\"@id\":\"https:\\\/\\\/www.meydan.tv\\\/az\\\/article\\\/nazirin-kino-ictimaiyyeti-ile-qapali-gorusu-naraziliq-yaradib\\\/#primaryimage\"},\"image\":{\"@id\":\"https:\\\/\\\/www.meydan.tv\\\/az\\\/article\\\/nazirin-kino-ictimaiyyeti-ile-qapali-gorusu-naraziliq-yaradib\\\/#primaryimage\"},\"thumbnailUrl\":\"https:\\\/\\\/www.meydan.tv\\\/wp-content\\\/uploads\\\/anar_karimov-e1671021011169.jpeg\",\"datePublished\":\"2022-12-14T12:35:42+00:00\",\"dateModified\":\"2022-12-14T13:29:18+00:00\",\"breadcrumb\":{\"@id\":\"https:\\\/\\\/www.meydan.tv\\\/az\\\/article\\\/nazirin-kino-ictimaiyyeti-ile-qapali-gorusu-naraziliq-yaradib\\\/#breadcrumb\"},\"inLanguage\":\"az\",\"potentialAction\":[{\"@type\":\"ReadAction\",\"target\":[\"https:\\\/\\\/www.meydan.tv\\\/az\\\/article\\\/nazirin-kino-ictimaiyyeti-ile-qapali-gorusu-naraziliq-yaradib\\\/\"]}]},{\"@type\":\"ImageObject\",\"inLanguage\":\"az\",\"@id\":\"https:\\\/\\\/www.meydan.tv\\\/az\\\/article\\\/nazirin-kino-ictimaiyyeti-ile-qapali-gorusu-naraziliq-yaradib\\\/#primaryimage\",\"url\":\"https:\\\/\\\/www.meydan.tv\\\/wp-content\\\/uploads\\\/anar_karimov-e1671021011169.jpeg\",\"contentUrl\":\"https:\\\/\\\/www.meydan.tv\\\/wp-content\\\/uploads\\\/anar_karimov-e1671021011169.jpeg\",\"width\":1500,\"height\":1038,\"caption\":\"M\u0259d\u0259niyy\u0259t naziri Anar K\u0259rimov\"},{\"@type\":\"BreadcrumbList\",\"@id\":\"https:\\\/\\\/www.meydan.tv\\\/az\\\/article\\\/nazirin-kino-ictimaiyyeti-ile-qapali-gorusu-naraziliq-yaradib\\\/#breadcrumb\",\"itemListElement\":[{\"@type\":\"ListItem\",\"position\":1,\"name\":\"Ana s\u0259hif\u0259\",\"item\":\"https:\\\/\\\/www.meydan.tv\\\/az\\\/\"},{\"@type\":\"ListItem\",\"position\":2,\"name\":\"M\u0259d\u0259niyy\u0259t\",\"item\":\"https:\\\/\\\/www.meydan.tv\\\/az\\\/section\\\/medeniyyet\\\/\"},{\"@type\":\"ListItem\",\"position\":3,\"name\":\"Nazirin kino ictimaiyy\u0259ti il\u0259 qapal\u0131 g\u00f6r\u00fc\u015f\u00fc naraz\u0131l\u0131q yarad\u0131b\"}]},{\"@type\":\"WebSite\",\"@id\":\"https:\\\/\\\/www.meydan.tv\\\/az\\\/#website\",\"url\":\"https:\\\/\\\/www.meydan.tv\\\/az\\\/\",\"name\":\"MEYDAN.TV\",\"description\":\"Meydan TV Az\u0259rbaycan\u0131n media m\u0259kan\u0131ndak\u0131 alternativ s\u0259sidir\",\"publisher\":{\"@id\":\"https:\\\/\\\/www.meydan.tv\\\/az\\\/#organization\"},\"potentialAction\":[{\"@type\":\"SearchAction\",\"target\":{\"@type\":\"EntryPoint\",\"urlTemplate\":\"https:\\\/\\\/www.meydan.tv\\\/az\\\/?s={search_term_string}\"},\"query-input\":{\"@type\":\"PropertyValueSpecification\",\"valueRequired\":true,\"valueName\":\"search_term_string\"}}],\"inLanguage\":\"az\"},{\"@type\":\"Organization\",\"@id\":\"https:\\\/\\\/www.meydan.tv\\\/az\\\/#organization\",\"name\":\"Meydan TV\",\"url\":\"https:\\\/\\\/www.meydan.tv\\\/az\\\/\",\"logo\":{\"@type\":\"ImageObject\",\"inLanguage\":\"az\",\"@id\":\"https:\\\/\\\/www.meydan.tv\\\/az\\\/#\\\/schema\\\/logo\\\/image\\\/\",\"url\":\"https:\\\/\\\/www.meydan.tv\\\/wp-content\\\/uploads\\\/2021\\\/07\\\/meydan-logo.svg\",\"contentUrl\":\"https:\\\/\\\/www.meydan.tv\\\/wp-content\\\/uploads\\\/2021\\\/07\\\/meydan-logo.svg\",\"width\":195,\"height\":46,\"caption\":\"Meydan TV\"},\"image\":{\"@id\":\"https:\\\/\\\/www.meydan.tv\\\/az\\\/#\\\/schema\\\/logo\\\/image\\\/\"}},{\"@type\":\"Person\",\"@id\":\"https:\\\/\\\/www.meydan.tv\\\/az\\\/#\\\/schema\\\/person\\\/9cdbecf90d17180ce1dfbd95b08dcf47\",\"name\":\"elli\",\"sameAs\":[\"https:\\\/\\\/x.com\\\/elli\"]}]}<\/script>\n<!-- \/ Yoast SEO plugin. -->","yoast_head_json":{"title":"Nazirin kino ictimaiyy\u0259ti il\u0259 qapal\u0131 g\u00f6r\u00fc\u015f\u00fc naraz\u0131l\u0131q yarad\u0131b - MEYDAN.TV","robots":{"index":"index","follow":"follow","max-snippet":"max-snippet:-1","max-image-preview":"max-image-preview:large","max-video-preview":"max-video-preview:-1"},"canonical":"https:\/\/www.meydan.tv\/az\/article\/nazirin-kino-ictimaiyyeti-ile-qapali-gorusu-naraziliq-yaradib\/","og_locale":"az_AZ","og_type":"article","og_title":"Nazirin kino ictimaiyy\u0259ti il\u0259 qapal\u0131 g\u00f6r\u00fc\u015f\u00fc naraz\u0131l\u0131q yarad\u0131b - MEYDAN.TV","og_description":"Sevda Sultanova: &#8220;X\u0131rda bir g\u00f6r\u00fc\u015f olsayd\u0131, mediaya qapal\u0131 olmas\u0131 anla\u015f\u0131lard\u0131&#8221; ... Davam\u0131","og_url":"https:\/\/www.meydan.tv\/az\/article\/nazirin-kino-ictimaiyyeti-ile-qapali-gorusu-naraziliq-yaradib\/","og_site_name":"MEYDAN.TV","article_published_time":"2022-12-14T12:35:42+00:00","article_modified_time":"2022-12-14T13:29:18+00:00","og_image":[{"width":1500,"height":1038,"url":"https:\/\/www.meydan.tv\/wp-content\/uploads\/anar_karimov-e1671021011169.jpeg","type":"image\/jpeg"}],"author":"elli","twitter_card":"summary_large_image","twitter_creator":"@elli","schema":{"@context":"https:\/\/schema.org","@graph":[{"@type":"Article","@id":"https:\/\/www.meydan.tv\/az\/article\/nazirin-kino-ictimaiyyeti-ile-qapali-gorusu-naraziliq-yaradib\/#article","isPartOf":{"@id":"https:\/\/www.meydan.tv\/az\/article\/nazirin-kino-ictimaiyyeti-ile-qapali-gorusu-naraziliq-yaradib\/"},"author":{"name":"elli","@id":"https:\/\/www.meydan.tv\/az\/#\/schema\/person\/9cdbecf90d17180ce1dfbd95b08dcf47"},"headline":"Nazirin kino ictimaiyy\u0259ti il\u0259 qapal\u0131 g\u00f6r\u00fc\u015f\u00fc naraz\u0131l\u0131q yarad\u0131b","datePublished":"2022-12-14T12:35:42+00:00","dateModified":"2022-12-14T13:29:18+00:00","mainEntityOfPage":{"@id":"https:\/\/www.meydan.tv\/az\/article\/nazirin-kino-ictimaiyyeti-ile-qapali-gorusu-naraziliq-yaradib\/"},"wordCount":621,"publisher":{"@id":"https:\/\/www.meydan.tv\/az\/#organization"},"image":{"@id":"https:\/\/www.meydan.tv\/az\/article\/nazirin-kino-ictimaiyyeti-ile-qapali-gorusu-naraziliq-yaradib\/#primaryimage"},"thumbnailUrl":"https:\/\/www.meydan.tv\/wp-content\/uploads\/anar_karimov-e1671021011169.jpeg","articleSection":["M\u0259d\u0259niyy\u0259t","X\u0259b\u0259rl\u0259r"],"inLanguage":"az"},{"@type":"WebPage","@id":"https:\/\/www.meydan.tv\/az\/article\/nazirin-kino-ictimaiyyeti-ile-qapali-gorusu-naraziliq-yaradib\/","url":"https:\/\/www.meydan.tv\/az\/article\/nazirin-kino-ictimaiyyeti-ile-qapali-gorusu-naraziliq-yaradib\/","name":"Nazirin kino ictimaiyy\u0259ti il\u0259 qapal\u0131 g\u00f6r\u00fc\u015f\u00fc naraz\u0131l\u0131q yarad\u0131b - MEYDAN.TV","isPartOf":{"@id":"https:\/\/www.meydan.tv\/az\/#website"},"primaryImageOfPage":{"@id":"https:\/\/www.meydan.tv\/az\/article\/nazirin-kino-ictimaiyyeti-ile-qapali-gorusu-naraziliq-yaradib\/#primaryimage"},"image":{"@id":"https:\/\/www.meydan.tv\/az\/article\/nazirin-kino-ictimaiyyeti-ile-qapali-gorusu-naraziliq-yaradib\/#primaryimage"},"thumbnailUrl":"https:\/\/www.meydan.tv\/wp-content\/uploads\/anar_karimov-e1671021011169.jpeg","datePublished":"2022-12-14T12:35:42+00:00","dateModified":"2022-12-14T13:29:18+00:00","breadcrumb":{"@id":"https:\/\/www.meydan.tv\/az\/article\/nazirin-kino-ictimaiyyeti-ile-qapali-gorusu-naraziliq-yaradib\/#breadcrumb"},"inLanguage":"az","potentialAction":[{"@type":"ReadAction","target":["https:\/\/www.meydan.tv\/az\/article\/nazirin-kino-ictimaiyyeti-ile-qapali-gorusu-naraziliq-yaradib\/"]}]},{"@type":"ImageObject","inLanguage":"az","@id":"https:\/\/www.meydan.tv\/az\/article\/nazirin-kino-ictimaiyyeti-ile-qapali-gorusu-naraziliq-yaradib\/#primaryimage","url":"https:\/\/www.meydan.tv\/wp-content\/uploads\/anar_karimov-e1671021011169.jpeg","contentUrl":"https:\/\/www.meydan.tv\/wp-content\/uploads\/anar_karimov-e1671021011169.jpeg","width":1500,"height":1038,"caption":"M\u0259d\u0259niyy\u0259t naziri Anar K\u0259rimov"},{"@type":"BreadcrumbList","@id":"https:\/\/www.meydan.tv\/az\/article\/nazirin-kino-ictimaiyyeti-ile-qapali-gorusu-naraziliq-yaradib\/#breadcrumb","itemListElement":[{"@type":"ListItem","position":1,"name":"Ana s\u0259hif\u0259","item":"https:\/\/www.meydan.tv\/az\/"},{"@type":"ListItem","position":2,"name":"M\u0259d\u0259niyy\u0259t","item":"https:\/\/www.meydan.tv\/az\/section\/medeniyyet\/"},{"@type":"ListItem","position":3,"name":"Nazirin kino ictimaiyy\u0259ti il\u0259 qapal\u0131 g\u00f6r\u00fc\u015f\u00fc naraz\u0131l\u0131q yarad\u0131b"}]},{"@type":"WebSite","@id":"https:\/\/www.meydan.tv\/az\/#website","url":"https:\/\/www.meydan.tv\/az\/","name":"MEYDAN.TV","description":"Meydan TV Az\u0259rbaycan\u0131n media m\u0259kan\u0131ndak\u0131 alternativ s\u0259sidir","publisher":{"@id":"https:\/\/www.meydan.tv\/az\/#organization"},"potentialAction":[{"@type":"SearchAction","target":{"@type":"EntryPoint","urlTemplate":"https:\/\/www.meydan.tv\/az\/?s={search_term_string}"},"query-input":{"@type":"PropertyValueSpecification","valueRequired":true,"valueName":"search_term_string"}}],"inLanguage":"az"},{"@type":"Organization","@id":"https:\/\/www.meydan.tv\/az\/#organization","name":"Meydan TV","url":"https:\/\/www.meydan.tv\/az\/","logo":{"@type":"ImageObject","inLanguage":"az","@id":"https:\/\/www.meydan.tv\/az\/#\/schema\/logo\/image\/","url":"https:\/\/www.meydan.tv\/wp-content\/uploads\/2021\/07\/meydan-logo.svg","contentUrl":"https:\/\/www.meydan.tv\/wp-content\/uploads\/2021\/07\/meydan-logo.svg","width":195,"height":46,"caption":"Meydan TV"},"image":{"@id":"https:\/\/www.meydan.tv\/az\/#\/schema\/logo\/image\/"}},{"@type":"Person","@id":"https:\/\/www.meydan.tv\/az\/#\/schema\/person\/9cdbecf90d17180ce1dfbd95b08dcf47","name":"elli","sameAs":["https:\/\/x.com\/elli"]}]}},"_links":{"self":[{"href":"https:\/\/www.meydan.tv\/az\/wp-json\/wp\/v2\/posts\/263412","targetHints":{"allow":["GET"]}}],"collection":[{"href":"https:\/\/www.meydan.tv\/az\/wp-json\/wp\/v2\/posts"}],"about":[{"href":"https:\/\/www.meydan.tv\/az\/wp-json\/wp\/v2\/types\/post"}],"author":[{"embeddable":true,"href":"https:\/\/www.meydan.tv\/az\/wp-json\/wp\/v2\/users\/8"}],"replies":[{"embeddable":true,"href":"https:\/\/www.meydan.tv\/az\/wp-json\/wp\/v2\/comments?post=263412"}],"version-history":[{"count":3,"href":"https:\/\/www.meydan.tv\/az\/wp-json\/wp\/v2\/posts\/263412\/revisions"}],"predecessor-version":[{"id":263425,"href":"https:\/\/www.meydan.tv\/az\/wp-json\/wp\/v2\/posts\/263412\/revisions\/263425"}],"wp:featuredmedia":[{"embeddable":true,"href":"https:\/\/www.meydan.tv\/az\/wp-json\/wp\/v2\/media\/249332"}],"wp:attachment":[{"href":"https:\/\/www.meydan.tv\/az\/wp-json\/wp\/v2\/media?parent=263412"}],"wp:term":[{"taxonomy":"category","embeddable":true,"href":"https:\/\/www.meydan.tv\/az\/wp-json\/wp\/v2\/categories?post=263412"},{"taxonomy":"post_tag","embeddable":true,"href":"https:\/\/www.meydan.tv\/az\/wp-json\/wp\/v2\/tags?post=263412"}],"curies":[{"name":"wp","href":"https:\/\/api.w.org\/{rel}","templated":true}]}}