{"id":263401,"date":"2022-12-14T16:10:15","date_gmt":"2022-12-14T12:10:15","guid":{"rendered":"https:\/\/www.meydan.tv\/?p=263401"},"modified":"2022-12-14T16:10:17","modified_gmt":"2022-12-14T12:10:17","slug":"berdede-olumle-neticelenen-hadise-polis-piyadani-masinla-vurub","status":"publish","type":"post","link":"https:\/\/www.meydan.tv\/az\/article\/berdede-olumle-neticelenen-hadise-polis-piyadani-masinla-vurub\/","title":{"rendered":"B\u0259rd\u0259d\u0259 \u00f6l\u00fcml\u0259 n\u0259tic\u0259l\u0259n\u0259n hadis\u0259: polis piyadan\u0131 ma\u015f\u0131nla vurub"},"content":{"rendered":"\n<p><\/p>\n\n\n\n<p><em>Q\u0259zada \u00f6l\u0259n \u015f\u0259xsin II qrup \u0259lil oldu\u011fu deyilir<\/em><\/p>\n\n\n\n<p>B\u0259rd\u0259d\u0259 \u00f6l\u00fcml\u0259 n\u0259tic\u0259l\u0259n\u0259n yol-n\u0259qliyyat hadis\u0259sinin ba\u015f verdiyi bildirilir.<\/p>\n\n\n\n<p>Daxili \u0130\u015fl\u0259r Nazirliyinin k\u00fctl\u0259vi informasiya vasit\u0259l\u0259ri v\u0259 ictimaiy\u0259tl\u0259 \u0259laq\u0259l\u0259r \u015f\u00f6b\u0259sinin r\u0259isi El\u015fad Hac\u0131yev Meydan TV-y\u0259 m\u0259lumat\u0131 t\u0259sdiql\u0259yib.<\/p>\n\n\n\n<p>O bildirib ki hadis\u0259 bu g\u00fcn s\u0259h\u0259r 11 rad\u0259l\u0259rind\u0259 ba\u015f verib.<\/p>\n\n\n\n<p>B\u0259rd\u0259 Rayon Polis \u015e\u00f6b\u0259sinin \u0259m\u0259kda\u015f\u0131 R.Had\u0131yev idar\u0259 etdiyi \u00f6z\u00fcn\u0259m\u0259xsus K\u0130A markal\u0131 avtomobill\u0259 \u015f\u0259h\u0259r \u0259razisind\u0259 h\u0259r\u0259k\u0259td\u0259 olark\u0259n q\u0259fl\u0259t\u0259n yola \u00e7\u0131xan piyada, ikinci qrup \u0259lil, 1961-ci il t\u0259v\u0259ll\u00fcdl\u00fc Surxay \u015eahbazovu vurub.<\/p>\n\n\n\n<p>S\u00fcr\u00fcc\u00fc d\u0259rhal x\u0259sar\u0259t alm\u0131\u015f piyadan\u0131 x\u0259st\u0259xanaya \u00e7atd\u0131r\u0131b.<\/p>\n\n\n\n<p>H\u0259kiml\u0259rin c\u0259hdl\u0259rin\u0259 baxmayaraq, Surxay \u015eahbazovun h\u0259yat\u0131n\u0131 xilas etm\u0259k m\u00fcmk\u00fcn olmay\u0131b.<\/p>\n\n\n\n<p>\u201cYol n\u0259qliyyat hadis\u0259si \u00fczr\u0259 m\u00fcvafiq ekspertiza t\u0259yin olunub. Faktla ba\u011fl\u0131 b\u00fct\u00fcn z\u0259ruru t\u0259dbirl\u0259r icra olunur. Qanuna m\u00fcvafiq qaydada \u0259m\u0259l\u0259 h\u00fcquqi qiym\u0259t veril\u0259c\u0259k\u201d, &#8211; dey\u0259 El\u015fad Hac\u0131yev bildirib.<\/p>\n","protected":false},"excerpt":{"rendered":"<p>Q\u0259zada \u00f6l\u0259n \u015f\u0259xsin II qrup \u0259lil oldu\u011fu deyilir B\u0259rd\u0259d\u0259 \u00f6l\u00fcml\u0259 &#8230; <\/p>\n<p class=\"read-more-container\"><a title=\"B\u0259rd\u0259d\u0259 \u00f6l\u00fcml\u0259 n\u0259tic\u0259l\u0259n\u0259n hadis\u0259: polis piyadan\u0131 ma\u015f\u0131nla vurub\" class=\"read-more button\" href=\"https:\/\/www.meydan.tv\/az\/article\/berdede-olumle-neticelenen-hadise-polis-piyadani-masinla-vurub\/#more-263401\" aria-label=\"Read more about B\u0259rd\u0259d\u0259 \u00f6l\u00fcml\u0259 n\u0259tic\u0259l\u0259n\u0259n hadis\u0259: polis piyadan\u0131 ma\u015f\u0131nla vurub\">Davam\u0131<\/a><\/p>\n","protected":false},"author":8,"featured_media":247152,"comment_status":"closed","ping_status":"closed","sticky":false,"template":"","format":"standard","meta":{"_acf_changed":false,"_sitemap_exclude":false,"_sitemap_priority":"","_sitemap_frequency":"","footnotes":""},"categories":[60,56],"tags":[],"class_list":["post-263401","post","type-post","status-publish","format-standard","has-post-thumbnail","hentry","category-bolge","category-xeberler","infinite-scroll-item","generate-columns","tablet-grid-50","mobile-grid-100","grid-parent","grid-33","no-featured-image-padding"],"acf":[],"yoast_head":"<!-- This site is optimized with the Yoast SEO plugin v27.5 - https:\/\/yoast.com\/product\/yoast-seo-wordpress\/ -->\n<title>B\u0259rd\u0259d\u0259 \u00f6l\u00fcml\u0259 n\u0259tic\u0259l\u0259n\u0259n hadis\u0259: polis piyadan\u0131 ma\u015f\u0131nla vurub - MEYDAN.TV<\/title>\n<meta name=\"robots\" content=\"index, follow, max-snippet:-1, max-image-preview:large, max-video-preview:-1\" \/>\n<link rel=\"canonical\" href=\"https:\/\/www.meydan.tv\/az\/article\/berdede-olumle-neticelenen-hadise-polis-piyadani-masinla-vurub\/\" \/>\n<meta property=\"og:locale\" content=\"az_AZ\" \/>\n<meta property=\"og:type\" content=\"article\" \/>\n<meta property=\"og:title\" content=\"B\u0259rd\u0259d\u0259 \u00f6l\u00fcml\u0259 n\u0259tic\u0259l\u0259n\u0259n hadis\u0259: polis piyadan\u0131 ma\u015f\u0131nla vurub - MEYDAN.TV\" \/>\n<meta property=\"og:description\" content=\"Q\u0259zada \u00f6l\u0259n \u015f\u0259xsin II qrup \u0259lil oldu\u011fu deyilir B\u0259rd\u0259d\u0259 \u00f6l\u00fcml\u0259 ... Davam\u0131\" \/>\n<meta property=\"og:url\" content=\"https:\/\/www.meydan.tv\/az\/article\/berdede-olumle-neticelenen-hadise-polis-piyadani-masinla-vurub\/\" \/>\n<meta property=\"og:site_name\" content=\"MEYDAN.TV\" \/>\n<meta property=\"article:published_time\" content=\"2022-12-14T12:10:15+00:00\" \/>\n<meta property=\"article:modified_time\" content=\"2022-12-14T12:10:17+00:00\" \/>\n<meta property=\"og:image\" content=\"https:\/\/www.meydan.tv\/wp-content\/uploads\/polis-3.jpg\" \/>\n\t<meta property=\"og:image:width\" content=\"1350\" \/>\n\t<meta property=\"og:image:height\" content=\"900\" \/>\n\t<meta property=\"og:image:type\" content=\"image\/jpeg\" \/>\n<meta name=\"author\" content=\"elli\" \/>\n<meta name=\"twitter:card\" content=\"summary_large_image\" \/>\n<meta name=\"twitter:creator\" content=\"@elli\" \/>\n<script type=\"application\/ld+json\" class=\"yoast-schema-graph\">{\"@context\":\"https:\\\/\\\/schema.org\",\"@graph\":[{\"@type\":\"Article\",\"@id\":\"https:\\\/\\\/www.meydan.tv\\\/az\\\/article\\\/berdede-olumle-neticelenen-hadise-polis-piyadani-masinla-vurub\\\/#article\",\"isPartOf\":{\"@id\":\"https:\\\/\\\/www.meydan.tv\\\/az\\\/article\\\/berdede-olumle-neticelenen-hadise-polis-piyadani-masinla-vurub\\\/\"},\"author\":{\"name\":\"elli\",\"@id\":\"https:\\\/\\\/www.meydan.tv\\\/az\\\/#\\\/schema\\\/person\\\/9cdbecf90d17180ce1dfbd95b08dcf47\"},\"headline\":\"B\u0259rd\u0259d\u0259 \u00f6l\u00fcml\u0259 n\u0259tic\u0259l\u0259n\u0259n hadis\u0259: polis piyadan\u0131 ma\u015f\u0131nla vurub\",\"datePublished\":\"2022-12-14T12:10:15+00:00\",\"dateModified\":\"2022-12-14T12:10:17+00:00\",\"mainEntityOfPage\":{\"@id\":\"https:\\\/\\\/www.meydan.tv\\\/az\\\/article\\\/berdede-olumle-neticelenen-hadise-polis-piyadani-masinla-vurub\\\/\"},\"wordCount\":221,\"publisher\":{\"@id\":\"https:\\\/\\\/www.meydan.tv\\\/az\\\/#organization\"},\"image\":{\"@id\":\"https:\\\/\\\/www.meydan.tv\\\/az\\\/article\\\/berdede-olumle-neticelenen-hadise-polis-piyadani-masinla-vurub\\\/#primaryimage\"},\"thumbnailUrl\":\"https:\\\/\\\/www.meydan.tv\\\/wp-content\\\/uploads\\\/polis-3.jpg\",\"articleSection\":[\"B\u00f6lg\u0259\",\"X\u0259b\u0259rl\u0259r\"],\"inLanguage\":\"az\"},{\"@type\":\"WebPage\",\"@id\":\"https:\\\/\\\/www.meydan.tv\\\/az\\\/article\\\/berdede-olumle-neticelenen-hadise-polis-piyadani-masinla-vurub\\\/\",\"url\":\"https:\\\/\\\/www.meydan.tv\\\/az\\\/article\\\/berdede-olumle-neticelenen-hadise-polis-piyadani-masinla-vurub\\\/\",\"name\":\"B\u0259rd\u0259d\u0259 \u00f6l\u00fcml\u0259 n\u0259tic\u0259l\u0259n\u0259n hadis\u0259: polis piyadan\u0131 ma\u015f\u0131nla vurub - MEYDAN.TV\",\"isPartOf\":{\"@id\":\"https:\\\/\\\/www.meydan.tv\\\/az\\\/#website\"},\"primaryImageOfPage\":{\"@id\":\"https:\\\/\\\/www.meydan.tv\\\/az\\\/article\\\/berdede-olumle-neticelenen-hadise-polis-piyadani-masinla-vurub\\\/#primaryimage\"},\"image\":{\"@id\":\"https:\\\/\\\/www.meydan.tv\\\/az\\\/article\\\/berdede-olumle-neticelenen-hadise-polis-piyadani-masinla-vurub\\\/#primaryimage\"},\"thumbnailUrl\":\"https:\\\/\\\/www.meydan.tv\\\/wp-content\\\/uploads\\\/polis-3.jpg\",\"datePublished\":\"2022-12-14T12:10:15+00:00\",\"dateModified\":\"2022-12-14T12:10:17+00:00\",\"breadcrumb\":{\"@id\":\"https:\\\/\\\/www.meydan.tv\\\/az\\\/article\\\/berdede-olumle-neticelenen-hadise-polis-piyadani-masinla-vurub\\\/#breadcrumb\"},\"inLanguage\":\"az\",\"potentialAction\":[{\"@type\":\"ReadAction\",\"target\":[\"https:\\\/\\\/www.meydan.tv\\\/az\\\/article\\\/berdede-olumle-neticelenen-hadise-polis-piyadani-masinla-vurub\\\/\"]}]},{\"@type\":\"ImageObject\",\"inLanguage\":\"az\",\"@id\":\"https:\\\/\\\/www.meydan.tv\\\/az\\\/article\\\/berdede-olumle-neticelenen-hadise-polis-piyadani-masinla-vurub\\\/#primaryimage\",\"url\":\"https:\\\/\\\/www.meydan.tv\\\/wp-content\\\/uploads\\\/polis-3.jpg\",\"contentUrl\":\"https:\\\/\\\/www.meydan.tv\\\/wp-content\\\/uploads\\\/polis-3.jpg\",\"width\":1350,\"height\":900,\"caption\":\"Foto: D\u0130N\"},{\"@type\":\"BreadcrumbList\",\"@id\":\"https:\\\/\\\/www.meydan.tv\\\/az\\\/article\\\/berdede-olumle-neticelenen-hadise-polis-piyadani-masinla-vurub\\\/#breadcrumb\",\"itemListElement\":[{\"@type\":\"ListItem\",\"position\":1,\"name\":\"Ana s\u0259hif\u0259\",\"item\":\"https:\\\/\\\/www.meydan.tv\\\/az\\\/\"},{\"@type\":\"ListItem\",\"position\":2,\"name\":\"B\u00f6lg\u0259\",\"item\":\"https:\\\/\\\/www.meydan.tv\\\/az\\\/section\\\/bolge\\\/\"},{\"@type\":\"ListItem\",\"position\":3,\"name\":\"B\u0259rd\u0259d\u0259 \u00f6l\u00fcml\u0259 n\u0259tic\u0259l\u0259n\u0259n hadis\u0259: polis piyadan\u0131 ma\u015f\u0131nla vurub\"}]},{\"@type\":\"WebSite\",\"@id\":\"https:\\\/\\\/www.meydan.tv\\\/az\\\/#website\",\"url\":\"https:\\\/\\\/www.meydan.tv\\\/az\\\/\",\"name\":\"MEYDAN.TV\",\"description\":\"Meydan TV Az\u0259rbaycan\u0131n media m\u0259kan\u0131ndak\u0131 alternativ s\u0259sidir\",\"publisher\":{\"@id\":\"https:\\\/\\\/www.meydan.tv\\\/az\\\/#organization\"},\"potentialAction\":[{\"@type\":\"SearchAction\",\"target\":{\"@type\":\"EntryPoint\",\"urlTemplate\":\"https:\\\/\\\/www.meydan.tv\\\/az\\\/?s={search_term_string}\"},\"query-input\":{\"@type\":\"PropertyValueSpecification\",\"valueRequired\":true,\"valueName\":\"search_term_string\"}}],\"inLanguage\":\"az\"},{\"@type\":\"Organization\",\"@id\":\"https:\\\/\\\/www.meydan.tv\\\/az\\\/#organization\",\"name\":\"Meydan TV\",\"url\":\"https:\\\/\\\/www.meydan.tv\\\/az\\\/\",\"logo\":{\"@type\":\"ImageObject\",\"inLanguage\":\"az\",\"@id\":\"https:\\\/\\\/www.meydan.tv\\\/az\\\/#\\\/schema\\\/logo\\\/image\\\/\",\"url\":\"https:\\\/\\\/www.meydan.tv\\\/wp-content\\\/uploads\\\/2021\\\/07\\\/meydan-logo.svg\",\"contentUrl\":\"https:\\\/\\\/www.meydan.tv\\\/wp-content\\\/uploads\\\/2021\\\/07\\\/meydan-logo.svg\",\"width\":195,\"height\":46,\"caption\":\"Meydan TV\"},\"image\":{\"@id\":\"https:\\\/\\\/www.meydan.tv\\\/az\\\/#\\\/schema\\\/logo\\\/image\\\/\"}},{\"@type\":\"Person\",\"@id\":\"https:\\\/\\\/www.meydan.tv\\\/az\\\/#\\\/schema\\\/person\\\/9cdbecf90d17180ce1dfbd95b08dcf47\",\"name\":\"elli\",\"sameAs\":[\"https:\\\/\\\/x.com\\\/elli\"]}]}<\/script>\n<!-- \/ Yoast SEO plugin. -->","yoast_head_json":{"title":"B\u0259rd\u0259d\u0259 \u00f6l\u00fcml\u0259 n\u0259tic\u0259l\u0259n\u0259n hadis\u0259: polis piyadan\u0131 ma\u015f\u0131nla vurub - MEYDAN.TV","robots":{"index":"index","follow":"follow","max-snippet":"max-snippet:-1","max-image-preview":"max-image-preview:large","max-video-preview":"max-video-preview:-1"},"canonical":"https:\/\/www.meydan.tv\/az\/article\/berdede-olumle-neticelenen-hadise-polis-piyadani-masinla-vurub\/","og_locale":"az_AZ","og_type":"article","og_title":"B\u0259rd\u0259d\u0259 \u00f6l\u00fcml\u0259 n\u0259tic\u0259l\u0259n\u0259n hadis\u0259: polis piyadan\u0131 ma\u015f\u0131nla vurub - MEYDAN.TV","og_description":"Q\u0259zada \u00f6l\u0259n \u015f\u0259xsin II qrup \u0259lil oldu\u011fu deyilir B\u0259rd\u0259d\u0259 \u00f6l\u00fcml\u0259 ... Davam\u0131","og_url":"https:\/\/www.meydan.tv\/az\/article\/berdede-olumle-neticelenen-hadise-polis-piyadani-masinla-vurub\/","og_site_name":"MEYDAN.TV","article_published_time":"2022-12-14T12:10:15+00:00","article_modified_time":"2022-12-14T12:10:17+00:00","og_image":[{"width":1350,"height":900,"url":"https:\/\/www.meydan.tv\/wp-content\/uploads\/polis-3.jpg","type":"image\/jpeg"}],"author":"elli","twitter_card":"summary_large_image","twitter_creator":"@elli","schema":{"@context":"https:\/\/schema.org","@graph":[{"@type":"Article","@id":"https:\/\/www.meydan.tv\/az\/article\/berdede-olumle-neticelenen-hadise-polis-piyadani-masinla-vurub\/#article","isPartOf":{"@id":"https:\/\/www.meydan.tv\/az\/article\/berdede-olumle-neticelenen-hadise-polis-piyadani-masinla-vurub\/"},"author":{"name":"elli","@id":"https:\/\/www.meydan.tv\/az\/#\/schema\/person\/9cdbecf90d17180ce1dfbd95b08dcf47"},"headline":"B\u0259rd\u0259d\u0259 \u00f6l\u00fcml\u0259 n\u0259tic\u0259l\u0259n\u0259n hadis\u0259: polis piyadan\u0131 ma\u015f\u0131nla vurub","datePublished":"2022-12-14T12:10:15+00:00","dateModified":"2022-12-14T12:10:17+00:00","mainEntityOfPage":{"@id":"https:\/\/www.meydan.tv\/az\/article\/berdede-olumle-neticelenen-hadise-polis-piyadani-masinla-vurub\/"},"wordCount":221,"publisher":{"@id":"https:\/\/www.meydan.tv\/az\/#organization"},"image":{"@id":"https:\/\/www.meydan.tv\/az\/article\/berdede-olumle-neticelenen-hadise-polis-piyadani-masinla-vurub\/#primaryimage"},"thumbnailUrl":"https:\/\/www.meydan.tv\/wp-content\/uploads\/polis-3.jpg","articleSection":["B\u00f6lg\u0259","X\u0259b\u0259rl\u0259r"],"inLanguage":"az"},{"@type":"WebPage","@id":"https:\/\/www.meydan.tv\/az\/article\/berdede-olumle-neticelenen-hadise-polis-piyadani-masinla-vurub\/","url":"https:\/\/www.meydan.tv\/az\/article\/berdede-olumle-neticelenen-hadise-polis-piyadani-masinla-vurub\/","name":"B\u0259rd\u0259d\u0259 \u00f6l\u00fcml\u0259 n\u0259tic\u0259l\u0259n\u0259n hadis\u0259: polis piyadan\u0131 ma\u015f\u0131nla vurub - MEYDAN.TV","isPartOf":{"@id":"https:\/\/www.meydan.tv\/az\/#website"},"primaryImageOfPage":{"@id":"https:\/\/www.meydan.tv\/az\/article\/berdede-olumle-neticelenen-hadise-polis-piyadani-masinla-vurub\/#primaryimage"},"image":{"@id":"https:\/\/www.meydan.tv\/az\/article\/berdede-olumle-neticelenen-hadise-polis-piyadani-masinla-vurub\/#primaryimage"},"thumbnailUrl":"https:\/\/www.meydan.tv\/wp-content\/uploads\/polis-3.jpg","datePublished":"2022-12-14T12:10:15+00:00","dateModified":"2022-12-14T12:10:17+00:00","breadcrumb":{"@id":"https:\/\/www.meydan.tv\/az\/article\/berdede-olumle-neticelenen-hadise-polis-piyadani-masinla-vurub\/#breadcrumb"},"inLanguage":"az","potentialAction":[{"@type":"ReadAction","target":["https:\/\/www.meydan.tv\/az\/article\/berdede-olumle-neticelenen-hadise-polis-piyadani-masinla-vurub\/"]}]},{"@type":"ImageObject","inLanguage":"az","@id":"https:\/\/www.meydan.tv\/az\/article\/berdede-olumle-neticelenen-hadise-polis-piyadani-masinla-vurub\/#primaryimage","url":"https:\/\/www.meydan.tv\/wp-content\/uploads\/polis-3.jpg","contentUrl":"https:\/\/www.meydan.tv\/wp-content\/uploads\/polis-3.jpg","width":1350,"height":900,"caption":"Foto: D\u0130N"},{"@type":"BreadcrumbList","@id":"https:\/\/www.meydan.tv\/az\/article\/berdede-olumle-neticelenen-hadise-polis-piyadani-masinla-vurub\/#breadcrumb","itemListElement":[{"@type":"ListItem","position":1,"name":"Ana s\u0259hif\u0259","item":"https:\/\/www.meydan.tv\/az\/"},{"@type":"ListItem","position":2,"name":"B\u00f6lg\u0259","item":"https:\/\/www.meydan.tv\/az\/section\/bolge\/"},{"@type":"ListItem","position":3,"name":"B\u0259rd\u0259d\u0259 \u00f6l\u00fcml\u0259 n\u0259tic\u0259l\u0259n\u0259n hadis\u0259: polis piyadan\u0131 ma\u015f\u0131nla vurub"}]},{"@type":"WebSite","@id":"https:\/\/www.meydan.tv\/az\/#website","url":"https:\/\/www.meydan.tv\/az\/","name":"MEYDAN.TV","description":"Meydan TV Az\u0259rbaycan\u0131n media m\u0259kan\u0131ndak\u0131 alternativ s\u0259sidir","publisher":{"@id":"https:\/\/www.meydan.tv\/az\/#organization"},"potentialAction":[{"@type":"SearchAction","target":{"@type":"EntryPoint","urlTemplate":"https:\/\/www.meydan.tv\/az\/?s={search_term_string}"},"query-input":{"@type":"PropertyValueSpecification","valueRequired":true,"valueName":"search_term_string"}}],"inLanguage":"az"},{"@type":"Organization","@id":"https:\/\/www.meydan.tv\/az\/#organization","name":"Meydan TV","url":"https:\/\/www.meydan.tv\/az\/","logo":{"@type":"ImageObject","inLanguage":"az","@id":"https:\/\/www.meydan.tv\/az\/#\/schema\/logo\/image\/","url":"https:\/\/www.meydan.tv\/wp-content\/uploads\/2021\/07\/meydan-logo.svg","contentUrl":"https:\/\/www.meydan.tv\/wp-content\/uploads\/2021\/07\/meydan-logo.svg","width":195,"height":46,"caption":"Meydan TV"},"image":{"@id":"https:\/\/www.meydan.tv\/az\/#\/schema\/logo\/image\/"}},{"@type":"Person","@id":"https:\/\/www.meydan.tv\/az\/#\/schema\/person\/9cdbecf90d17180ce1dfbd95b08dcf47","name":"elli","sameAs":["https:\/\/x.com\/elli"]}]}},"_links":{"self":[{"href":"https:\/\/www.meydan.tv\/az\/wp-json\/wp\/v2\/posts\/263401","targetHints":{"allow":["GET"]}}],"collection":[{"href":"https:\/\/www.meydan.tv\/az\/wp-json\/wp\/v2\/posts"}],"about":[{"href":"https:\/\/www.meydan.tv\/az\/wp-json\/wp\/v2\/types\/post"}],"author":[{"embeddable":true,"href":"https:\/\/www.meydan.tv\/az\/wp-json\/wp\/v2\/users\/8"}],"replies":[{"embeddable":true,"href":"https:\/\/www.meydan.tv\/az\/wp-json\/wp\/v2\/comments?post=263401"}],"version-history":[{"count":1,"href":"https:\/\/www.meydan.tv\/az\/wp-json\/wp\/v2\/posts\/263401\/revisions"}],"predecessor-version":[{"id":263402,"href":"https:\/\/www.meydan.tv\/az\/wp-json\/wp\/v2\/posts\/263401\/revisions\/263402"}],"wp:featuredmedia":[{"embeddable":true,"href":"https:\/\/www.meydan.tv\/az\/wp-json\/wp\/v2\/media\/247152"}],"wp:attachment":[{"href":"https:\/\/www.meydan.tv\/az\/wp-json\/wp\/v2\/media?parent=263401"}],"wp:term":[{"taxonomy":"category","embeddable":true,"href":"https:\/\/www.meydan.tv\/az\/wp-json\/wp\/v2\/categories?post=263401"},{"taxonomy":"post_tag","embeddable":true,"href":"https:\/\/www.meydan.tv\/az\/wp-json\/wp\/v2\/tags?post=263401"}],"curies":[{"name":"wp","href":"https:\/\/api.w.org\/{rel}","templated":true}]}}