{"id":263391,"date":"2022-12-14T14:58:28","date_gmt":"2022-12-14T10:58:28","guid":{"rendered":"https:\/\/www.meydan.tv\/?p=263391"},"modified":"2022-12-14T14:58:31","modified_gmt":"2022-12-14T10:58:31","slug":"neftcala-sakini-kimse-nezir-deyir-basqa-birisi-fitre-cixarib-verir-artiq-bele-dolana-bilmirem","status":"publish","type":"post","link":"https:\/\/www.meydan.tv\/az\/article\/neftcala-sakini-kimse-nezir-deyir-basqa-birisi-fitre-cixarib-verir-artiq-bele-dolana-bilmirem\/","title":{"rendered":"Neft\u00e7ala sakini: \u201cKims\u0259 n\u0259zir deyir, ba\u015fqa birisi fitr\u0259 \u00e7\u0131xar\u0131b verir, art\u0131q bel\u0259 dolana bilmir\u0259m\u201d"},"content":{"rendered":"\n<p><\/p>\n\n\n\n<p><em>G\u00fcl\u00fcstan \u018fliyeva pensiyas\u0131 k\u0259sildiyind\u0259n banka kreditl\u0259rini \u00f6d\u0259y\u0259 bilm\u0259diyini deyir<\/em><br><\/p>\n\n\n\n<p>\u201cBir il 4 ayd\u0131r pensiyam k\u0259silib, t\u0259nha v\u0259 kims\u0259siz qad\u0131nam. Evim d\u0259 yoxdur, ba\u015fqas\u0131n\u0131n evind\u0259 m\u00fcv\u0259qq\u0259ti m\u0259skunla\u015fm\u0131\u015fam.. Kims\u0259 n\u0259zir deyir, ba\u015fqa birisi fitr\u0259 \u00e7\u0131xar\u0131b verir, art\u0131q bel\u0259 dolana bilmir\u0259m\u201d.<\/p>\n\n\n\n<p>Bunu Meydan TV-y\u0259 Neft\u00e7ala rayon, 1-ci Mayak k\u0259nd sakini, 1963-c\u00fc il t\u0259v\u0259ll\u00fcdl\u00fc G\u00fcl\u00fcstan \u018fliyeva bildirib. <\/p>\n\n\n\n<p>\u015eikay\u0259t\u00e7inin s\u00f6zl\u0259rin\u0259 g\u00f6r\u0259, pensiya ald\u0131\u011f\u0131 d\u00f6vrd\u0259 m\u00fcalic\u0259si \u00fc\u00e7\u00fcn 1500 manat kredit g\u00f6t\u00fcr\u00fcb, pensiya k\u0259sildiyind\u0259n krediti \u00f6d\u0259y\u0259 bilmir, banka borcu yaran\u0131b:<\/p>\n\n\n\n<p>\u201cKredit g\u00f6t\u00fcr\u0259nd\u0259n bir ay sonra pensiyan\u0131 k\u0259sdil\u0259r. \u0130ll\u0259rdir \u0259lilliy\u0259 g\u00f6r\u0259 pensiya al\u0131rd\u0131m, indi deyirl\u0259r ki, s\u0259n\u0259 pensiya d\u00fc\u015fm\u00fcr. 60 ya\u015f\u0131m bir ay sonra olacaq, qocal\u0131\u011fa g\u00f6r\u0259 d\u0259 pensiya ala bilmir\u0259m\u201d.<\/p>\n\n\n\n<figure class=\"wp-block-image size-full\"><img decoding=\"async\" width=\"1200\" height=\"800\" data-src=\"https:\/\/www.meydan.tv\/wp-content\/uploads\/untitled-design-1-46.jpg\" alt=\"\" class=\"wp-image-263388 lazyload\" src=\"data:image\/svg+xml;base64,PHN2ZyB3aWR0aD0iMSIgaGVpZ2h0PSIxIiB4bWxucz0iaHR0cDovL3d3dy53My5vcmcvMjAwMC9zdmciPjwvc3ZnPg==\" style=\"--smush-placeholder-width: 1200px; --smush-placeholder-aspect-ratio: 1200\/800;\" \/><\/figure>\n\n\n\n<p>\u015eikay\u0259t\u00e7i deyir ki, icra hakimiyy\u0259tind\u0259n bir ne\u00e7\u0259 d\u0259f\u0259 yard\u0131m al\u0131b, amma ona sosial yard\u0131m da verilmir.<\/p>\n\n\n\n<p>\u201cDindar u\u015faqlar yard\u0131m verirl\u0259r, \u0259g\u0259r yem\u0259k ver\u0259n olmasa, ac qalaram. Yeriy\u0259 bilmir\u0259m, bir t\u0259r\u0259fd\u0259n d\u0259 y\u00fcks\u0259k t\u0259zyiqd\u0259n \u0259ziyy\u0259t \u00e7\u0259kir\u0259m. N\u0259 yax\u0131m qohumum, n\u0259 d\u0259 ail\u0259m var. 10 ild\u0259n \u00e7ox idi pensiya al\u0131rd\u0131m, indi deyirl\u0259r pensiya ala bilmirs\u0259n. \u0130cra hakimiyy\u0259tin\u0259 deyir\u0259m \u201cacam\u201d, yard\u0131m edirl\u0259r, amma n\u0259 vaxtad\u0259k bel\u0259 ya\u015fayacam? Bayramda \u0259rzaq yard\u0131m\u0131 edilir. Qon\u015fu yem\u0259k bi\u015firir, bir qab da m\u0259n\u0259 verir\u201d, &#8211; G\u00fcl\u00fcstan \u018fliyeva deyib.<\/p>\n\n\n\n<figure class=\"wp-block-image size-full\"><img decoding=\"async\" width=\"1200\" height=\"800\" data-src=\"https:\/\/www.meydan.tv\/wp-content\/uploads\/untitled-design-2-67.jpg\" alt=\"\" class=\"wp-image-263385 lazyload\" src=\"data:image\/svg+xml;base64,PHN2ZyB3aWR0aD0iMSIgaGVpZ2h0PSIxIiB4bWxucz0iaHR0cDovL3d3dy53My5vcmcvMjAwMC9zdmciPjwvc3ZnPg==\" style=\"--smush-placeholder-width: 1200px; --smush-placeholder-aspect-ratio: 1200\/800;\" \/><\/figure>\n\n\n\n<p>G\u00fcl\u00fcstan \u018fliyevan\u0131n m\u0259skula\u015fd\u0131\u011f\u0131 evin yax\u0131nl\u0131\u011f\u0131nda ya\u015fayan qon\u015fulardan biri d\u0259 onun yar\u0131ac-yar\u0131tox ya\u015fad\u0131\u011f\u0131n\u0131, m\u00fcalic\u0259sin\u0259 pul tapmad\u0131\u011f\u0131n\u0131, bir ne\u00e7\u0259 x\u0259st\u0259likd\u0259n \u0259ziyy\u0259t \u00e7\u0259kdiyini deyib:<\/p>\n\n\n\n<p>\u201cYard\u0131mla ya\u015famaq m\u00fcmk\u00fcn deyil. M\u00fctl\u0259q d\u00f6vl\u0259tin d\u0259st\u0259yi laz\u0131md\u0131r\u201d<br>\u018fm\u0259k v\u0259 \u018fhalinin Sosial M\u00fcdafi\u0259si Nazirliyind\u0259n Meydan TV-y\u0259 m\u00fcraci\u0259tin ara\u015fd\u0131r\u0131laca\u011f\u0131 bildirilib.<\/p>\n","protected":false},"excerpt":{"rendered":"<p>G\u00fcl\u00fcstan \u018fliyeva pensiyas\u0131 k\u0259sildiyind\u0259n banka kreditl\u0259rini \u00f6d\u0259y\u0259 bilm\u0259diyini deyir \u201cBir &#8230; <\/p>\n<p class=\"read-more-container\"><a title=\"Neft\u00e7ala sakini: \u201cKims\u0259 n\u0259zir deyir, ba\u015fqa birisi fitr\u0259 \u00e7\u0131xar\u0131b verir, art\u0131q bel\u0259 dolana bilmir\u0259m\u201d\" class=\"read-more button\" href=\"https:\/\/www.meydan.tv\/az\/article\/neftcala-sakini-kimse-nezir-deyir-basqa-birisi-fitre-cixarib-verir-artiq-bele-dolana-bilmirem\/#more-263391\" aria-label=\"Read more about Neft\u00e7ala sakini: \u201cKims\u0259 n\u0259zir deyir, ba\u015fqa birisi fitr\u0259 \u00e7\u0131xar\u0131b verir, art\u0131q bel\u0259 dolana bilmir\u0259m\u201d\">Davam\u0131<\/a><\/p>\n","protected":false},"author":8,"featured_media":263382,"comment_status":"closed","ping_status":"closed","sticky":false,"template":"","format":"standard","meta":{"_acf_changed":false,"_sitemap_exclude":false,"_sitemap_priority":"","_sitemap_frequency":"","footnotes":""},"categories":[60,56],"tags":[],"class_list":["post-263391","post","type-post","status-publish","format-standard","has-post-thumbnail","hentry","category-bolge","category-xeberler","infinite-scroll-item","generate-columns","tablet-grid-50","mobile-grid-100","grid-parent","grid-33","no-featured-image-padding"],"acf":[],"yoast_head":"<!-- This site is optimized with the Yoast SEO plugin v27.5 - https:\/\/yoast.com\/product\/yoast-seo-wordpress\/ -->\n<title>Neft\u00e7ala sakini: \u201cKims\u0259 n\u0259zir deyir, ba\u015fqa birisi fitr\u0259 \u00e7\u0131xar\u0131b verir, art\u0131q bel\u0259 dolana bilmir\u0259m\u201d - MEYDAN.TV<\/title>\n<meta name=\"robots\" content=\"index, follow, max-snippet:-1, max-image-preview:large, max-video-preview:-1\" \/>\n<link rel=\"canonical\" href=\"https:\/\/www.meydan.tv\/az\/article\/neftcala-sakini-kimse-nezir-deyir-basqa-birisi-fitre-cixarib-verir-artiq-bele-dolana-bilmirem\/\" \/>\n<meta property=\"og:locale\" content=\"az_AZ\" \/>\n<meta property=\"og:type\" content=\"article\" \/>\n<meta property=\"og:title\" content=\"Neft\u00e7ala sakini: \u201cKims\u0259 n\u0259zir deyir, ba\u015fqa birisi fitr\u0259 \u00e7\u0131xar\u0131b verir, art\u0131q bel\u0259 dolana bilmir\u0259m\u201d - MEYDAN.TV\" \/>\n<meta property=\"og:description\" content=\"G\u00fcl\u00fcstan \u018fliyeva pensiyas\u0131 k\u0259sildiyind\u0259n banka kreditl\u0259rini \u00f6d\u0259y\u0259 bilm\u0259diyini deyir \u201cBir ... Davam\u0131\" \/>\n<meta property=\"og:url\" content=\"https:\/\/www.meydan.tv\/az\/article\/neftcala-sakini-kimse-nezir-deyir-basqa-birisi-fitre-cixarib-verir-artiq-bele-dolana-bilmirem\/\" \/>\n<meta property=\"og:site_name\" content=\"MEYDAN.TV\" \/>\n<meta property=\"article:published_time\" content=\"2022-12-14T10:58:28+00:00\" \/>\n<meta property=\"article:modified_time\" content=\"2022-12-14T10:58:31+00:00\" \/>\n<meta property=\"og:image\" content=\"https:\/\/www.meydan.tv\/wp-content\/uploads\/untitled-design-3-54-e1671015502257.jpg\" \/>\n\t<meta property=\"og:image:width\" content=\"1200\" \/>\n\t<meta property=\"og:image:height\" content=\"735\" \/>\n\t<meta property=\"og:image:type\" content=\"image\/jpeg\" \/>\n<meta name=\"author\" content=\"elli\" \/>\n<meta name=\"twitter:card\" content=\"summary_large_image\" \/>\n<meta name=\"twitter:creator\" content=\"@elli\" \/>\n<script type=\"application\/ld+json\" class=\"yoast-schema-graph\">{\"@context\":\"https:\\\/\\\/schema.org\",\"@graph\":[{\"@type\":\"Article\",\"@id\":\"https:\\\/\\\/www.meydan.tv\\\/az\\\/article\\\/neftcala-sakini-kimse-nezir-deyir-basqa-birisi-fitre-cixarib-verir-artiq-bele-dolana-bilmirem\\\/#article\",\"isPartOf\":{\"@id\":\"https:\\\/\\\/www.meydan.tv\\\/az\\\/article\\\/neftcala-sakini-kimse-nezir-deyir-basqa-birisi-fitre-cixarib-verir-artiq-bele-dolana-bilmirem\\\/\"},\"author\":{\"name\":\"elli\",\"@id\":\"https:\\\/\\\/www.meydan.tv\\\/az\\\/#\\\/schema\\\/person\\\/9cdbecf90d17180ce1dfbd95b08dcf47\"},\"headline\":\"Neft\u00e7ala sakini: \u201cKims\u0259 n\u0259zir deyir, ba\u015fqa birisi fitr\u0259 \u00e7\u0131xar\u0131b verir, art\u0131q bel\u0259 dolana bilmir\u0259m\u201d\",\"datePublished\":\"2022-12-14T10:58:28+00:00\",\"dateModified\":\"2022-12-14T10:58:31+00:00\",\"mainEntityOfPage\":{\"@id\":\"https:\\\/\\\/www.meydan.tv\\\/az\\\/article\\\/neftcala-sakini-kimse-nezir-deyir-basqa-birisi-fitre-cixarib-verir-artiq-bele-dolana-bilmirem\\\/\"},\"wordCount\":390,\"publisher\":{\"@id\":\"https:\\\/\\\/www.meydan.tv\\\/az\\\/#organization\"},\"image\":{\"@id\":\"https:\\\/\\\/www.meydan.tv\\\/az\\\/article\\\/neftcala-sakini-kimse-nezir-deyir-basqa-birisi-fitre-cixarib-verir-artiq-bele-dolana-bilmirem\\\/#primaryimage\"},\"thumbnailUrl\":\"https:\\\/\\\/www.meydan.tv\\\/wp-content\\\/uploads\\\/untitled-design-3-54-e1671015502257.jpg\",\"articleSection\":[\"B\u00f6lg\u0259\",\"X\u0259b\u0259rl\u0259r\"],\"inLanguage\":\"az\"},{\"@type\":\"WebPage\",\"@id\":\"https:\\\/\\\/www.meydan.tv\\\/az\\\/article\\\/neftcala-sakini-kimse-nezir-deyir-basqa-birisi-fitre-cixarib-verir-artiq-bele-dolana-bilmirem\\\/\",\"url\":\"https:\\\/\\\/www.meydan.tv\\\/az\\\/article\\\/neftcala-sakini-kimse-nezir-deyir-basqa-birisi-fitre-cixarib-verir-artiq-bele-dolana-bilmirem\\\/\",\"name\":\"Neft\u00e7ala sakini: \u201cKims\u0259 n\u0259zir deyir, ba\u015fqa birisi fitr\u0259 \u00e7\u0131xar\u0131b verir, art\u0131q bel\u0259 dolana bilmir\u0259m\u201d - MEYDAN.TV\",\"isPartOf\":{\"@id\":\"https:\\\/\\\/www.meydan.tv\\\/az\\\/#website\"},\"primaryImageOfPage\":{\"@id\":\"https:\\\/\\\/www.meydan.tv\\\/az\\\/article\\\/neftcala-sakini-kimse-nezir-deyir-basqa-birisi-fitre-cixarib-verir-artiq-bele-dolana-bilmirem\\\/#primaryimage\"},\"image\":{\"@id\":\"https:\\\/\\\/www.meydan.tv\\\/az\\\/article\\\/neftcala-sakini-kimse-nezir-deyir-basqa-birisi-fitre-cixarib-verir-artiq-bele-dolana-bilmirem\\\/#primaryimage\"},\"thumbnailUrl\":\"https:\\\/\\\/www.meydan.tv\\\/wp-content\\\/uploads\\\/untitled-design-3-54-e1671015502257.jpg\",\"datePublished\":\"2022-12-14T10:58:28+00:00\",\"dateModified\":\"2022-12-14T10:58:31+00:00\",\"breadcrumb\":{\"@id\":\"https:\\\/\\\/www.meydan.tv\\\/az\\\/article\\\/neftcala-sakini-kimse-nezir-deyir-basqa-birisi-fitre-cixarib-verir-artiq-bele-dolana-bilmirem\\\/#breadcrumb\"},\"inLanguage\":\"az\",\"potentialAction\":[{\"@type\":\"ReadAction\",\"target\":[\"https:\\\/\\\/www.meydan.tv\\\/az\\\/article\\\/neftcala-sakini-kimse-nezir-deyir-basqa-birisi-fitre-cixarib-verir-artiq-bele-dolana-bilmirem\\\/\"]}]},{\"@type\":\"ImageObject\",\"inLanguage\":\"az\",\"@id\":\"https:\\\/\\\/www.meydan.tv\\\/az\\\/article\\\/neftcala-sakini-kimse-nezir-deyir-basqa-birisi-fitre-cixarib-verir-artiq-bele-dolana-bilmirem\\\/#primaryimage\",\"url\":\"https:\\\/\\\/www.meydan.tv\\\/wp-content\\\/uploads\\\/untitled-design-3-54-e1671015502257.jpg\",\"contentUrl\":\"https:\\\/\\\/www.meydan.tv\\\/wp-content\\\/uploads\\\/untitled-design-3-54-e1671015502257.jpg\",\"width\":1200,\"height\":735,\"caption\":\"G\u00fcl\u00fcstan \u018fliyeva. Fotolar: Meydan TV\"},{\"@type\":\"BreadcrumbList\",\"@id\":\"https:\\\/\\\/www.meydan.tv\\\/az\\\/article\\\/neftcala-sakini-kimse-nezir-deyir-basqa-birisi-fitre-cixarib-verir-artiq-bele-dolana-bilmirem\\\/#breadcrumb\",\"itemListElement\":[{\"@type\":\"ListItem\",\"position\":1,\"name\":\"Ana s\u0259hif\u0259\",\"item\":\"https:\\\/\\\/www.meydan.tv\\\/az\\\/\"},{\"@type\":\"ListItem\",\"position\":2,\"name\":\"B\u00f6lg\u0259\",\"item\":\"https:\\\/\\\/www.meydan.tv\\\/az\\\/section\\\/bolge\\\/\"},{\"@type\":\"ListItem\",\"position\":3,\"name\":\"Neft\u00e7ala sakini: \u201cKims\u0259 n\u0259zir deyir, ba\u015fqa birisi fitr\u0259 \u00e7\u0131xar\u0131b verir, art\u0131q bel\u0259 dolana bilmir\u0259m\u201d\"}]},{\"@type\":\"WebSite\",\"@id\":\"https:\\\/\\\/www.meydan.tv\\\/az\\\/#website\",\"url\":\"https:\\\/\\\/www.meydan.tv\\\/az\\\/\",\"name\":\"MEYDAN.TV\",\"description\":\"Meydan TV Az\u0259rbaycan\u0131n media m\u0259kan\u0131ndak\u0131 alternativ s\u0259sidir\",\"publisher\":{\"@id\":\"https:\\\/\\\/www.meydan.tv\\\/az\\\/#organization\"},\"potentialAction\":[{\"@type\":\"SearchAction\",\"target\":{\"@type\":\"EntryPoint\",\"urlTemplate\":\"https:\\\/\\\/www.meydan.tv\\\/az\\\/?s={search_term_string}\"},\"query-input\":{\"@type\":\"PropertyValueSpecification\",\"valueRequired\":true,\"valueName\":\"search_term_string\"}}],\"inLanguage\":\"az\"},{\"@type\":\"Organization\",\"@id\":\"https:\\\/\\\/www.meydan.tv\\\/az\\\/#organization\",\"name\":\"Meydan TV\",\"url\":\"https:\\\/\\\/www.meydan.tv\\\/az\\\/\",\"logo\":{\"@type\":\"ImageObject\",\"inLanguage\":\"az\",\"@id\":\"https:\\\/\\\/www.meydan.tv\\\/az\\\/#\\\/schema\\\/logo\\\/image\\\/\",\"url\":\"https:\\\/\\\/www.meydan.tv\\\/wp-content\\\/uploads\\\/2021\\\/07\\\/meydan-logo.svg\",\"contentUrl\":\"https:\\\/\\\/www.meydan.tv\\\/wp-content\\\/uploads\\\/2021\\\/07\\\/meydan-logo.svg\",\"width\":195,\"height\":46,\"caption\":\"Meydan TV\"},\"image\":{\"@id\":\"https:\\\/\\\/www.meydan.tv\\\/az\\\/#\\\/schema\\\/logo\\\/image\\\/\"}},{\"@type\":\"Person\",\"@id\":\"https:\\\/\\\/www.meydan.tv\\\/az\\\/#\\\/schema\\\/person\\\/9cdbecf90d17180ce1dfbd95b08dcf47\",\"name\":\"elli\",\"sameAs\":[\"https:\\\/\\\/x.com\\\/elli\"]}]}<\/script>\n<!-- \/ Yoast SEO plugin. -->","yoast_head_json":{"title":"Neft\u00e7ala sakini: \u201cKims\u0259 n\u0259zir deyir, ba\u015fqa birisi fitr\u0259 \u00e7\u0131xar\u0131b verir, art\u0131q bel\u0259 dolana bilmir\u0259m\u201d - MEYDAN.TV","robots":{"index":"index","follow":"follow","max-snippet":"max-snippet:-1","max-image-preview":"max-image-preview:large","max-video-preview":"max-video-preview:-1"},"canonical":"https:\/\/www.meydan.tv\/az\/article\/neftcala-sakini-kimse-nezir-deyir-basqa-birisi-fitre-cixarib-verir-artiq-bele-dolana-bilmirem\/","og_locale":"az_AZ","og_type":"article","og_title":"Neft\u00e7ala sakini: \u201cKims\u0259 n\u0259zir deyir, ba\u015fqa birisi fitr\u0259 \u00e7\u0131xar\u0131b verir, art\u0131q bel\u0259 dolana bilmir\u0259m\u201d - MEYDAN.TV","og_description":"G\u00fcl\u00fcstan \u018fliyeva pensiyas\u0131 k\u0259sildiyind\u0259n banka kreditl\u0259rini \u00f6d\u0259y\u0259 bilm\u0259diyini deyir \u201cBir ... Davam\u0131","og_url":"https:\/\/www.meydan.tv\/az\/article\/neftcala-sakini-kimse-nezir-deyir-basqa-birisi-fitre-cixarib-verir-artiq-bele-dolana-bilmirem\/","og_site_name":"MEYDAN.TV","article_published_time":"2022-12-14T10:58:28+00:00","article_modified_time":"2022-12-14T10:58:31+00:00","og_image":[{"width":1200,"height":735,"url":"https:\/\/www.meydan.tv\/wp-content\/uploads\/untitled-design-3-54-e1671015502257.jpg","type":"image\/jpeg"}],"author":"elli","twitter_card":"summary_large_image","twitter_creator":"@elli","schema":{"@context":"https:\/\/schema.org","@graph":[{"@type":"Article","@id":"https:\/\/www.meydan.tv\/az\/article\/neftcala-sakini-kimse-nezir-deyir-basqa-birisi-fitre-cixarib-verir-artiq-bele-dolana-bilmirem\/#article","isPartOf":{"@id":"https:\/\/www.meydan.tv\/az\/article\/neftcala-sakini-kimse-nezir-deyir-basqa-birisi-fitre-cixarib-verir-artiq-bele-dolana-bilmirem\/"},"author":{"name":"elli","@id":"https:\/\/www.meydan.tv\/az\/#\/schema\/person\/9cdbecf90d17180ce1dfbd95b08dcf47"},"headline":"Neft\u00e7ala sakini: \u201cKims\u0259 n\u0259zir deyir, ba\u015fqa birisi fitr\u0259 \u00e7\u0131xar\u0131b verir, art\u0131q bel\u0259 dolana bilmir\u0259m\u201d","datePublished":"2022-12-14T10:58:28+00:00","dateModified":"2022-12-14T10:58:31+00:00","mainEntityOfPage":{"@id":"https:\/\/www.meydan.tv\/az\/article\/neftcala-sakini-kimse-nezir-deyir-basqa-birisi-fitre-cixarib-verir-artiq-bele-dolana-bilmirem\/"},"wordCount":390,"publisher":{"@id":"https:\/\/www.meydan.tv\/az\/#organization"},"image":{"@id":"https:\/\/www.meydan.tv\/az\/article\/neftcala-sakini-kimse-nezir-deyir-basqa-birisi-fitre-cixarib-verir-artiq-bele-dolana-bilmirem\/#primaryimage"},"thumbnailUrl":"https:\/\/www.meydan.tv\/wp-content\/uploads\/untitled-design-3-54-e1671015502257.jpg","articleSection":["B\u00f6lg\u0259","X\u0259b\u0259rl\u0259r"],"inLanguage":"az"},{"@type":"WebPage","@id":"https:\/\/www.meydan.tv\/az\/article\/neftcala-sakini-kimse-nezir-deyir-basqa-birisi-fitre-cixarib-verir-artiq-bele-dolana-bilmirem\/","url":"https:\/\/www.meydan.tv\/az\/article\/neftcala-sakini-kimse-nezir-deyir-basqa-birisi-fitre-cixarib-verir-artiq-bele-dolana-bilmirem\/","name":"Neft\u00e7ala sakini: \u201cKims\u0259 n\u0259zir deyir, ba\u015fqa birisi fitr\u0259 \u00e7\u0131xar\u0131b verir, art\u0131q bel\u0259 dolana bilmir\u0259m\u201d - MEYDAN.TV","isPartOf":{"@id":"https:\/\/www.meydan.tv\/az\/#website"},"primaryImageOfPage":{"@id":"https:\/\/www.meydan.tv\/az\/article\/neftcala-sakini-kimse-nezir-deyir-basqa-birisi-fitre-cixarib-verir-artiq-bele-dolana-bilmirem\/#primaryimage"},"image":{"@id":"https:\/\/www.meydan.tv\/az\/article\/neftcala-sakini-kimse-nezir-deyir-basqa-birisi-fitre-cixarib-verir-artiq-bele-dolana-bilmirem\/#primaryimage"},"thumbnailUrl":"https:\/\/www.meydan.tv\/wp-content\/uploads\/untitled-design-3-54-e1671015502257.jpg","datePublished":"2022-12-14T10:58:28+00:00","dateModified":"2022-12-14T10:58:31+00:00","breadcrumb":{"@id":"https:\/\/www.meydan.tv\/az\/article\/neftcala-sakini-kimse-nezir-deyir-basqa-birisi-fitre-cixarib-verir-artiq-bele-dolana-bilmirem\/#breadcrumb"},"inLanguage":"az","potentialAction":[{"@type":"ReadAction","target":["https:\/\/www.meydan.tv\/az\/article\/neftcala-sakini-kimse-nezir-deyir-basqa-birisi-fitre-cixarib-verir-artiq-bele-dolana-bilmirem\/"]}]},{"@type":"ImageObject","inLanguage":"az","@id":"https:\/\/www.meydan.tv\/az\/article\/neftcala-sakini-kimse-nezir-deyir-basqa-birisi-fitre-cixarib-verir-artiq-bele-dolana-bilmirem\/#primaryimage","url":"https:\/\/www.meydan.tv\/wp-content\/uploads\/untitled-design-3-54-e1671015502257.jpg","contentUrl":"https:\/\/www.meydan.tv\/wp-content\/uploads\/untitled-design-3-54-e1671015502257.jpg","width":1200,"height":735,"caption":"G\u00fcl\u00fcstan \u018fliyeva. Fotolar: Meydan TV"},{"@type":"BreadcrumbList","@id":"https:\/\/www.meydan.tv\/az\/article\/neftcala-sakini-kimse-nezir-deyir-basqa-birisi-fitre-cixarib-verir-artiq-bele-dolana-bilmirem\/#breadcrumb","itemListElement":[{"@type":"ListItem","position":1,"name":"Ana s\u0259hif\u0259","item":"https:\/\/www.meydan.tv\/az\/"},{"@type":"ListItem","position":2,"name":"B\u00f6lg\u0259","item":"https:\/\/www.meydan.tv\/az\/section\/bolge\/"},{"@type":"ListItem","position":3,"name":"Neft\u00e7ala sakini: \u201cKims\u0259 n\u0259zir deyir, ba\u015fqa birisi fitr\u0259 \u00e7\u0131xar\u0131b verir, art\u0131q bel\u0259 dolana bilmir\u0259m\u201d"}]},{"@type":"WebSite","@id":"https:\/\/www.meydan.tv\/az\/#website","url":"https:\/\/www.meydan.tv\/az\/","name":"MEYDAN.TV","description":"Meydan TV Az\u0259rbaycan\u0131n media m\u0259kan\u0131ndak\u0131 alternativ s\u0259sidir","publisher":{"@id":"https:\/\/www.meydan.tv\/az\/#organization"},"potentialAction":[{"@type":"SearchAction","target":{"@type":"EntryPoint","urlTemplate":"https:\/\/www.meydan.tv\/az\/?s={search_term_string}"},"query-input":{"@type":"PropertyValueSpecification","valueRequired":true,"valueName":"search_term_string"}}],"inLanguage":"az"},{"@type":"Organization","@id":"https:\/\/www.meydan.tv\/az\/#organization","name":"Meydan TV","url":"https:\/\/www.meydan.tv\/az\/","logo":{"@type":"ImageObject","inLanguage":"az","@id":"https:\/\/www.meydan.tv\/az\/#\/schema\/logo\/image\/","url":"https:\/\/www.meydan.tv\/wp-content\/uploads\/2021\/07\/meydan-logo.svg","contentUrl":"https:\/\/www.meydan.tv\/wp-content\/uploads\/2021\/07\/meydan-logo.svg","width":195,"height":46,"caption":"Meydan TV"},"image":{"@id":"https:\/\/www.meydan.tv\/az\/#\/schema\/logo\/image\/"}},{"@type":"Person","@id":"https:\/\/www.meydan.tv\/az\/#\/schema\/person\/9cdbecf90d17180ce1dfbd95b08dcf47","name":"elli","sameAs":["https:\/\/x.com\/elli"]}]}},"_links":{"self":[{"href":"https:\/\/www.meydan.tv\/az\/wp-json\/wp\/v2\/posts\/263391","targetHints":{"allow":["GET"]}}],"collection":[{"href":"https:\/\/www.meydan.tv\/az\/wp-json\/wp\/v2\/posts"}],"about":[{"href":"https:\/\/www.meydan.tv\/az\/wp-json\/wp\/v2\/types\/post"}],"author":[{"embeddable":true,"href":"https:\/\/www.meydan.tv\/az\/wp-json\/wp\/v2\/users\/8"}],"replies":[{"embeddable":true,"href":"https:\/\/www.meydan.tv\/az\/wp-json\/wp\/v2\/comments?post=263391"}],"version-history":[{"count":1,"href":"https:\/\/www.meydan.tv\/az\/wp-json\/wp\/v2\/posts\/263391\/revisions"}],"predecessor-version":[{"id":263397,"href":"https:\/\/www.meydan.tv\/az\/wp-json\/wp\/v2\/posts\/263391\/revisions\/263397"}],"wp:featuredmedia":[{"embeddable":true,"href":"https:\/\/www.meydan.tv\/az\/wp-json\/wp\/v2\/media\/263382"}],"wp:attachment":[{"href":"https:\/\/www.meydan.tv\/az\/wp-json\/wp\/v2\/media?parent=263391"}],"wp:term":[{"taxonomy":"category","embeddable":true,"href":"https:\/\/www.meydan.tv\/az\/wp-json\/wp\/v2\/categories?post=263391"},{"taxonomy":"post_tag","embeddable":true,"href":"https:\/\/www.meydan.tv\/az\/wp-json\/wp\/v2\/tags?post=263391"}],"curies":[{"name":"wp","href":"https:\/\/api.w.org\/{rel}","templated":true}]}}